{"id":116316,"date":"2022-08-29T06:35:47","date_gmt":"2022-08-29T09:35:47","guid":{"rendered":"https:\/\/www.missoeshumanitarias.org\/mission-roraima\/"},"modified":"2024-01-29T15:02:21","modified_gmt":"2024-01-29T18:02:21","slug":"roraima-mission","status":"publish","type":"post","link":"https:\/\/www.missoeshumanitarias.org\/en\/roraima-mission\/","title":{"rendered":"RORAIMA MISSION"},"content":{"rendered":"\t\t<div data-elementor-type=\"wp-post\" data-elementor-id=\"116316\" class=\"elementor elementor-116316 elementor-99340\" data-elementor-settings=\"{&quot;element_pack_global_tooltip_width&quot;:{&quot;unit&quot;:&quot;px&quot;,&quot;size&quot;:&quot;&quot;,&quot;sizes&quot;:[]},&quot;element_pack_global_tooltip_width_tablet&quot;:{&quot;unit&quot;:&quot;px&quot;,&quot;size&quot;:&quot;&quot;,&quot;sizes&quot;:[]},&quot;element_pack_global_tooltip_width_mobile&quot;:{&quot;unit&quot;:&quot;px&quot;,&quot;size&quot;:&quot;&quot;,&quot;sizes&quot;:[]},&quot;element_pack_global_tooltip_padding&quot;:{&quot;unit&quot;:&quot;px&quot;,&quot;top&quot;:&quot;&quot;,&quot;right&quot;:&quot;&quot;,&quot;bottom&quot;:&quot;&quot;,&quot;left&quot;:&quot;&quot;,&quot;isLinked&quot;:true},&quot;element_pack_global_tooltip_padding_tablet&quot;:{&quot;unit&quot;:&quot;px&quot;,&quot;top&quot;:&quot;&quot;,&quot;right&quot;:&quot;&quot;,&quot;bottom&quot;:&quot;&quot;,&quot;left&quot;:&quot;&quot;,&quot;isLinked&quot;:true},&quot;element_pack_global_tooltip_padding_mobile&quot;:{&quot;unit&quot;:&quot;px&quot;,&quot;top&quot;:&quot;&quot;,&quot;right&quot;:&quot;&quot;,&quot;bottom&quot;:&quot;&quot;,&quot;left&quot;:&quot;&quot;,&quot;isLinked&quot;:true},&quot;element_pack_global_tooltip_border_radius&quot;:{&quot;unit&quot;:&quot;px&quot;,&quot;top&quot;:&quot;&quot;,&quot;right&quot;:&quot;&quot;,&quot;bottom&quot;:&quot;&quot;,&quot;left&quot;:&quot;&quot;,&quot;isLinked&quot;:true},&quot;element_pack_global_tooltip_border_radius_tablet&quot;:{&quot;unit&quot;:&quot;px&quot;,&quot;top&quot;:&quot;&quot;,&quot;right&quot;:&quot;&quot;,&quot;bottom&quot;:&quot;&quot;,&quot;left&quot;:&quot;&quot;,&quot;isLinked&quot;:true},&quot;element_pack_global_tooltip_border_radius_mobile&quot;:{&quot;unit&quot;:&quot;px&quot;,&quot;top&quot;:&quot;&quot;,&quot;right&quot;:&quot;&quot;,&quot;bottom&quot;:&quot;&quot;,&quot;left&quot;:&quot;&quot;,&quot;isLinked&quot;:true}}\" data-elementor-post-type=\"post\">\n\t\t\t\t\t\t<section class=\"elementor-section elementor-top-section elementor-element elementor-element-5f15a2e elementor-reverse-tablet elementor-reverse-mobile elementor-section-boxed elementor-section-height-default elementor-section-height-default\" data-id=\"5f15a2e\" data-element_type=\"section\">\n\t\t\t\t\t\t<div class=\"elementor-container elementor-column-gap-default\">\n\t\t\t\t\t<div class=\"elementor-column elementor-col-50 elementor-top-column elementor-element elementor-element-7146e7f\" data-id=\"7146e7f\" data-element_type=\"column\">\n\t\t\t<div class=\"elementor-widget-wrap elementor-element-populated\">\n\t\t\t\t\t\t<div class=\"elementor-element elementor-element-4f53fec elementor-widget elementor-widget-image\" data-id=\"4f53fec\" data-element_type=\"widget\" data-widget_type=\"image.default\">\n\t\t\t\t<div class=\"elementor-widget-container\">\n\t\t\t\t\t\t\t\t\t\t\t\t\t<img fetchpriority=\"high\" decoding=\"async\" width=\"800\" height=\"960\" src=\"https:\/\/www.missoeshumanitarias.org\/wp-content\/uploads\/2016\/11\/capa-missao-roraima-PT-853x1024.jpg\" class=\"attachment-large size-large wp-image-141030\" alt=\"Miss\u00e3o Roraima\" srcset=\"https:\/\/www.missoeshumanitarias.org\/wp-content\/uploads\/2016\/11\/capa-missao-roraima-PT-853x1024.jpg 853w, https:\/\/www.missoeshumanitarias.org\/wp-content\/uploads\/2016\/11\/capa-missao-roraima-PT-250x300.jpg 250w, https:\/\/www.missoeshumanitarias.org\/wp-content\/uploads\/2016\/11\/capa-missao-roraima-PT-768x922.jpg 768w, https:\/\/www.missoeshumanitarias.org\/wp-content\/uploads\/2016\/11\/capa-missao-roraima-PT.jpg 1000w\" sizes=\"(max-width: 800px) 100vw, 800px\" \/>\t\t\t\t\t\t\t\t\t\t\t\t\t<\/div>\n\t\t\t\t<\/div>\n\t\t\t\t<div class=\"elementor-element elementor-element-761a149 elementor-align-justify elementor-widget elementor-widget-button\" data-id=\"761a149\" data-element_type=\"widget\" data-widget_type=\"button.default\">\n\t\t\t\t<div class=\"elementor-widget-container\">\n\t\t\t\t\t\t\t<div class=\"elementor-button-wrapper\">\n\t\t\t\t\t<a class=\"elementor-button elementor-button-link elementor-size-sm\" href=\"https:\/\/www.missoeshumanitarias.org\/en\/our-missions\/\">\n\t\t\t\t\t\t<span class=\"elementor-button-content-wrapper\">\n\t\t\t\t\t\t\t\t\t<span class=\"elementor-button-text\">KNOW THE MISSIONS<\/span>\n\t\t\t\t\t<\/span>\n\t\t\t\t\t<\/a>\n\t\t\t\t<\/div>\n\t\t\t\t\t\t<\/div>\n\t\t\t\t<\/div>\n\t\t\t\t<div class=\"elementor-element elementor-element-41b9b0f elementor-align-justify elementor-widget elementor-widget-button\" data-id=\"41b9b0f\" data-element_type=\"widget\" data-widget_type=\"button.default\">\n\t\t\t\t<div class=\"elementor-widget-container\">\n\t\t\t\t\t\t\t<div class=\"elementor-button-wrapper\">\n\t\t\t\t\t<a class=\"elementor-button elementor-button-link elementor-size-sm\" href=\"https:\/\/www.missoeshumanitarias.org\/en\/collaborate\/\">\n\t\t\t\t\t\t<span class=\"elementor-button-content-wrapper\">\n\t\t\t\t\t\t\t\t\t<span class=\"elementor-button-text\">COLLABORATE<\/span>\n\t\t\t\t\t<\/span>\n\t\t\t\t\t<\/a>\n\t\t\t\t<\/div>\n\t\t\t\t\t\t<\/div>\n\t\t\t\t<\/div>\n\t\t\t\t\t<\/div>\n\t\t<\/div>\n\t\t\t\t<div class=\"elementor-column elementor-col-50 elementor-top-column elementor-element elementor-element-b4bbf50\" data-id=\"b4bbf50\" data-element_type=\"column\">\n\t\t\t<div class=\"elementor-widget-wrap elementor-element-populated\">\n\t\t\t\t\t\t<div class=\"elementor-element elementor-element-2ac65bb elementor-widget elementor-widget-heading\" data-id=\"2ac65bb\" data-element_type=\"widget\" data-widget_type=\"heading.default\">\n\t\t\t\t<div class=\"elementor-widget-container\">\n\t\t\t<h2 class=\"elementor-heading-title elementor-size-default\">Roraima Humanitarian Mission<\/h2>\t\t<\/div>\n\t\t\t\t<\/div>\n\t\t\t\t<div class=\"elementor-element elementor-element-7d5367c elementor-widget-divider--view-line elementor-widget elementor-widget-divider\" data-id=\"7d5367c\" data-element_type=\"widget\" data-widget_type=\"divider.default\">\n\t\t\t\t<div class=\"elementor-widget-container\">\n\t\t\t\t\t<div class=\"elementor-divider\">\n\t\t\t<span class=\"elementor-divider-separator\">\n\t\t\t\t\t\t<\/span>\n\t\t<\/div>\n\t\t\t\t<\/div>\n\t\t\t\t<\/div>\n\t\t\t\t<div class=\"elementor-element elementor-element-2b4a32f elementor-widget elementor-widget-text-editor\" data-id=\"2b4a32f\" data-element_type=\"widget\" data-widget_type=\"text-editor.default\">\n\t\t\t\t<div class=\"elementor-widget-container\">\n\t\t\t\t\t\t\t<p><strong><img decoding=\"async\" class=\"size-full wp-image-103699 alignleft\" src=\"https:\/\/www.fraterinternacional.org\/wp-content\/uploads\/2019\/06\/bd-brasil.jpg\" alt=\"Bandeira Brasil\" width=\"80\" height=\"46\">Date:<\/strong> <span style=\"font-weight: 400;\">since November 2016<\/span><br><strong>Location:<\/strong> <span style=\"font-weight: 400;\">Boa Vista and<\/span>Pacaraima, Roraima<\/p><p><span style=\"font-weight: 400;\">The Roraima Humanitarian Mission is a response to the crisis that has led thousands of Venezuelans to cross the border into Brazil. It became a permanent initiative when the real extent of the refugee situation was identified. <\/span><\/p><p><span style=\"font-weight: 400;\">Volunteer missionaries provide humanitarian aid to Venezuelan migrants and refugees, including indigenous peoples, especially the Warao and E&#8217;\u00f1epa ethnic groups.<\/span><\/p><p><span style=\"font-weight: 400;\">The <a href=\"https:\/\/www.fraterinternacional.org\/\">Fraternity \u2013 Humanitarian (FFHI)<\/a>, in partnership with the <a href=\"https:\/\/www.acnur.org\/portugues\/\">UN Agency for Refugees (UNHCR)<\/a>, and several international organizations and agencies, act in this humanitarian response by serving more than 2,000 people daily in the shelters under its management.<\/span><\/p><p><span style=\"font-weight: 400;\">The basic principle of the refugee support structure for the Fraternity \u2013 Humanitarian (FFHI) is the relief of pain and the rescue of human dignity.<\/span><\/p>\t\t\t\t\t\t<\/div>\n\t\t\t\t<\/div>\n\t\t\t\t\t<\/div>\n\t\t<\/div>\n\t\t\t\t\t<\/div>\n\t\t<\/section>\n\t\t\t\t<section class=\"elementor-section elementor-top-section elementor-element elementor-element-0855e37 elementor-hidden-desktop elementor-hidden-tablet elementor-hidden-mobile elementor-section-boxed elementor-section-height-default elementor-section-height-default\" data-id=\"0855e37\" data-element_type=\"section\">\n\t\t\t\t\t\t<div class=\"elementor-container elementor-column-gap-default\">\n\t\t\t\t\t<div class=\"elementor-column elementor-col-100 elementor-top-column elementor-element elementor-element-d3e2aa2\" data-id=\"d3e2aa2\" data-element_type=\"column\">\n\t\t\t<div class=\"elementor-widget-wrap elementor-element-populated\">\n\t\t\t\t\t\t<div class=\"elementor-element elementor-element-06a163b elementor-widget__width-initial elementor-widget elementor-widget-heading\" data-id=\"06a163b\" data-element_type=\"widget\" data-widget_type=\"heading.default\">\n\t\t\t\t<div class=\"elementor-widget-container\">\n\t\t\t<h2 class=\"elementor-heading-title elementor-size-default\">Activities<\/h2>\t\t<\/div>\n\t\t\t\t<\/div>\n\t\t\t\t<div class=\"elementor-element elementor-element-060267a elementor-widget-divider--view-line elementor-widget elementor-widget-divider\" data-id=\"060267a\" data-element_type=\"widget\" data-widget_type=\"divider.default\">\n\t\t\t\t<div class=\"elementor-widget-container\">\n\t\t\t\t\t<div class=\"elementor-divider\">\n\t\t\t<span class=\"elementor-divider-separator\">\n\t\t\t\t\t\t<\/span>\n\t\t<\/div>\n\t\t\t\t<\/div>\n\t\t\t\t<\/div>\n\t\t\t\t\t<\/div>\n\t\t<\/div>\n\t\t\t\t\t<\/div>\n\t\t<\/section>\n\t\t\t\t<section class=\"elementor-section elementor-top-section elementor-element elementor-element-794df0c elementor-hidden-desktop elementor-hidden-tablet elementor-hidden-mobile elementor-section-boxed elementor-section-height-default elementor-section-height-default\" data-id=\"794df0c\" data-element_type=\"section\">\n\t\t\t\t\t\t<div class=\"elementor-container elementor-column-gap-default\">\n\t\t\t\t\t<div class=\"elementor-column elementor-col-50 elementor-top-column elementor-element elementor-element-9c253c7\" data-id=\"9c253c7\" data-element_type=\"column\">\n\t\t\t<div class=\"elementor-widget-wrap elementor-element-populated\">\n\t\t\t\t\t\t<div class=\"elementor-element elementor-element-deb7707 elementor-widget elementor-widget-text-editor\" data-id=\"deb7707\" data-element_type=\"widget\" data-widget_type=\"text-editor.default\">\n\t\t\t\t<div class=\"elementor-widget-container\">\n\t\t\t\t\t\t\t<ul><li>Management of 1 shelter in Pacaraima, 4 shelters in the city of Boa Vista and the <a href=\"https:\/\/www.missoeshumanitarias.org\/en\/transit-lodging-in-manaus\/\">Transit Accommodation of Manaus (ATM).<\/a><\/li><li><span style=\"font-weight: 400;\">The focus is the action with the indigenous refugees, which is the most vulnerable population in this situation of humanitarian crisis.<\/span><\/li><li><span style=\"font-weight: 400;\">Support in the provision of food services, basic health, shelter, education, conflict management and protection.<\/span><\/li><li><span style=\"font-weight: 400;\">Development of art-education activities in emergency situations for children and adolescents, which, through recreational activities, aims at reducing the trauma caused by forced displacement, as well as the provision of a safe space for the detection and prevention of protective cases. About 50% of the shelter population is made up of children. <\/span><\/li><li><span style=\"font-weight: 400;\">Development and management of livelihood projects, valuing and preserving the indigenous culture.<\/span><\/li><\/ul>\t\t\t\t\t\t<\/div>\n\t\t\t\t<\/div>\n\t\t\t\t\t<\/div>\n\t\t<\/div>\n\t\t\t\t<div class=\"elementor-column elementor-col-50 elementor-top-column elementor-element elementor-element-f66fc56\" data-id=\"f66fc56\" data-element_type=\"column\">\n\t\t\t<div class=\"elementor-widget-wrap elementor-element-populated\">\n\t\t\t\t\t\t<div class=\"elementor-element elementor-element-0a8e2c4 bdt-navigation-type-both bdt-ep-custom-carousel-style-carousel elementor-widget elementor-widget-bdt-custom-carousel\" data-id=\"0a8e2c4\" data-element_type=\"widget\" data-widget_type=\"bdt-custom-carousel.default\">\n\t\t\t\t<div class=\"elementor-widget-container\">\n\t\t\t\t\t<div id=\"bdt-ep-custom-carousel-0a8e2c4\" class=\"bdt-ep-custom-carousel elementor-swiper bdt-skin-default bdt-arrows-dots-align-bottom-center\" data-bdt-lightbox=\"toggle: .bdt-ep-custom-carousel-lightbox-item; animation: slide;\" data-settings=\"{&quot;autoplay&quot;:{&quot;delay&quot;:5000,&quot;disableOnInteraction&quot;:false},&quot;loop&quot;:true,&quot;speed&quot;:500,&quot;slidesPerView&quot;:1,&quot;spaceBetween&quot;:10,&quot;effect&quot;:&quot;carousel&quot;,&quot;slidesPerGroup&quot;:1,&quot;breakpoints&quot;:{&quot;767&quot;:{&quot;slidesPerView&quot;:2,&quot;spaceBetween&quot;:10,&quot;slidesPerGroup&quot;:1},&quot;1023&quot;:{&quot;slidesPerView&quot;:1,&quot;spaceBetween&quot;:10,&quot;slidesPerGroup&quot;:1}},&quot;navigation&quot;:{&quot;nextEl&quot;:&quot;#bdt-ep-custom-carousel-0a8e2c4 .bdt-navigation-next&quot;,&quot;prevEl&quot;:&quot;#bdt-ep-custom-carousel-0a8e2c4 .bdt-navigation-prev&quot;},&quot;pagination&quot;:{&quot;el&quot;:&quot;#bdt-ep-custom-carousel-0a8e2c4 .swiper-pagination&quot;,&quot;type&quot;:&quot;bullets&quot;,&quot;clickable&quot;:&quot;true&quot;,&quot;dynamicBullets&quot;:false},&quot;scrollbar&quot;:{&quot;el&quot;:&quot;#bdt-ep-custom-carousel-0a8e2c4 .swiper-scrollbar&quot;,&quot;hide&quot;:&quot;true&quot;},&quot;coverflowEffect&quot;:{&quot;rotate&quot;:50,&quot;stretch&quot;:0,&quot;depth&quot;:100,&quot;modifier&quot;:1,&quot;slideShadows&quot;:true}}\">\n\t\t\t<div class=\"swiper-carousel swiper\">\n\t\t\t\t<div class=\"swiper-wrapper\">\n\t\t\t\t\t\t\t\t<div class=\"swiper-slide bdt-ep-custom-carousel-item bdt-transition-toggle\">\n\t\t\t\t<a href=\"https:\/\/www.missoeshumanitarias.org\/wp-content\/uploads\/2016\/11\/mapas-abrigos-roraima02.jpg\" class=\"bdt-ep-custom-carousel-lightbox-item\" data-elementor-open-lightbox=\"no\" data-caption=\"\">\t\t<div class=\"bdt-ep-custom-carousel-thumbnail\" style=\"background-image: url(https:\/\/www.missoeshumanitarias.org\/wp-content\/uploads\/2016\/11\/mapas-abrigos-roraima02-768x432.jpg)\"><\/div>\n\n\t\t\t\t\t<div class=\"bdt-overlay bdt-overlay-default bdt-position-cover bdt-position-small bdt-flex bdt-flex-center bdt-flex-middle bdt-transition-slide-left-small\">\n\t\t\t\t\t\t\t\t\t\t\t\t\t\t\t\t<\/div>\n\t\t\n\t\t<\/a>\t\t\t<\/div>\n\t\t\t\t\t\t<div class=\"swiper-slide bdt-ep-custom-carousel-item bdt-transition-toggle\">\n\t\t\t\t<a href=\"https:\/\/www.missoeshumanitarias.org\/wp-content\/uploads\/2016\/11\/m-roraima-indigena.jpg\" class=\"bdt-ep-custom-carousel-lightbox-item\" data-elementor-open-lightbox=\"no\" data-caption=\"Atua\u00e7\u00e3o com refugiados ind\u00edgenas\">\t\t<div class=\"bdt-ep-custom-carousel-thumbnail\" style=\"background-image: url(https:\/\/www.missoeshumanitarias.org\/wp-content\/uploads\/2016\/11\/m-roraima-indigena-768x512.jpg)\"><\/div>\n\n\t\t\t\t\t<div class=\"bdt-overlay bdt-overlay-default bdt-position-cover bdt-position-small bdt-flex bdt-flex-center bdt-flex-middle bdt-transition-slide-left-small\">\n\t\t\t\t\t\t\t\t\tAtua\u00e7\u00e3o com refugiados ind\u00edgenas\t\t\t\t\t\t\t<\/div>\n\t\t\n\t\t<\/a>\t\t\t<\/div>\n\t\t\t\t\t\t<div class=\"swiper-slide bdt-ep-custom-carousel-item bdt-transition-toggle\">\n\t\t\t\t<a href=\"https:\/\/www.missoeshumanitarias.org\/wp-content\/uploads\/2016\/11\/m-roraima-crianca.jpg\" class=\"bdt-ep-custom-carousel-lightbox-item\" data-elementor-open-lightbox=\"no\" data-caption=\"Cerca de metade da popula\u00e7\u00e3o dos abrigos \u00e9 composta por crian\u00e7as.\">\t\t<div class=\"bdt-ep-custom-carousel-thumbnail\" style=\"background-image: url(https:\/\/www.missoeshumanitarias.org\/wp-content\/uploads\/2016\/11\/m-roraima-crianca-768x512.jpg)\"><\/div>\n\n\t\t\t\t\t<div class=\"bdt-overlay bdt-overlay-default bdt-position-cover bdt-position-small bdt-flex bdt-flex-center bdt-flex-middle bdt-transition-slide-left-small\">\n\t\t\t\t\t\t\t\t\tCerca de metade da popula\u00e7\u00e3o dos abrigos \u00e9 composta por crian\u00e7as.\t\t\t\t\t\t\t<\/div>\n\t\t\n\t\t<\/a>\t\t\t<\/div>\n\t\t\t\t\t\t<div class=\"swiper-slide bdt-ep-custom-carousel-item bdt-transition-toggle\">\n\t\t\t\t<a href=\"https:\/\/www.missoeshumanitarias.org\/wp-content\/uploads\/2016\/11\/m-roraima-abrigamento.jpg\" class=\"bdt-ep-custom-carousel-lightbox-item\" data-elementor-open-lightbox=\"no\" data-caption=\"Promover o abrigamento e condi\u00e7\u00f5es b\u00e1sicas de alimenta\u00e7\u00e3o, sa\u00fade e prote\u00e7\u00e3o da cidadania.\">\t\t<div class=\"bdt-ep-custom-carousel-thumbnail\" style=\"background-image: url(https:\/\/www.missoeshumanitarias.org\/wp-content\/uploads\/2016\/11\/m-roraima-abrigamento-768x512.jpg)\"><\/div>\n\n\t\t\t\t\t<div class=\"bdt-overlay bdt-overlay-default bdt-position-cover bdt-position-small bdt-flex bdt-flex-center bdt-flex-middle bdt-transition-slide-left-small\">\n\t\t\t\t\t\t\t\t\tPromover o abrigamento e condi\u00e7\u00f5es b\u00e1sicas de alimenta\u00e7\u00e3o, sa\u00fade e prote\u00e7\u00e3o da cidadania.\t\t\t\t\t\t\t<\/div>\n\t\t\n\t\t<\/a>\t\t\t<\/div>\n\t\t\t\t\t\t<div class=\"swiper-slide bdt-ep-custom-carousel-item bdt-transition-toggle\">\n\t\t\t\t<a href=\"https:\/\/www.missoeshumanitarias.org\/wp-content\/uploads\/2016\/11\/corte-cabelo-indigenas.jpg\" class=\"bdt-ep-custom-carousel-lightbox-item\" data-elementor-open-lightbox=\"no\" data-caption=\"Curso de Corte de Cabelo com certifica\u00e7\u00e3o para os ind\u00edgenas\">\t\t<div class=\"bdt-ep-custom-carousel-thumbnail\" style=\"background-image: url(https:\/\/www.missoeshumanitarias.org\/wp-content\/uploads\/2016\/11\/corte-cabelo-indigenas-768x512.jpg)\"><\/div>\n\n\t\t\t\t\t<div class=\"bdt-overlay bdt-overlay-default bdt-position-cover bdt-position-small bdt-flex bdt-flex-center bdt-flex-middle bdt-transition-slide-left-small\">\n\t\t\t\t\t\t\t\t\tCurso de Corte de Cabelo com certifica\u00e7\u00e3o para os ind\u00edgenas\t\t\t\t\t\t\t<\/div>\n\t\t\n\t\t<\/a>\t\t\t<\/div>\n\t\t\t\t\t\t<div class=\"swiper-slide bdt-ep-custom-carousel-item bdt-transition-toggle\">\n\t\t\t\t<a href=\"https:\/\/www.missoeshumanitarias.org\/wp-content\/uploads\/2016\/11\/artesanato-indigena.jpg\" class=\"bdt-ep-custom-carousel-lightbox-item\" data-elementor-open-lightbox=\"no\" data-caption=\"Incentivo \u00e0 produ\u00e7\u00e3o do artesanato ind\u00edgena como meio de subsist\u00eancia\">\t\t<div class=\"bdt-ep-custom-carousel-thumbnail\" style=\"background-image: url(https:\/\/www.missoeshumanitarias.org\/wp-content\/uploads\/2016\/11\/artesanato-indigena-768x512.jpg)\"><\/div>\n\n\t\t\t\t\t<div class=\"bdt-overlay bdt-overlay-default bdt-position-cover bdt-position-small bdt-flex bdt-flex-center bdt-flex-middle bdt-transition-slide-left-small\">\n\t\t\t\t\t\t\t\t\tIncentivo \u00e0 produ\u00e7\u00e3o do artesanato ind\u00edgena como meio de subsist\u00eancia\t\t\t\t\t\t\t<\/div>\n\t\t\n\t\t<\/a>\t\t\t<\/div>\n\t\t\t\t\t\t\t<\/div>\n\n\t\t\t\t\n\t\t\t<\/div>\n\n\t\t\t\n\t\t\t\t\t\t\t\t\t\t\t<div class=\"bdt-position-z-index bdt-position-bottom-center\">\n\t\t\t<div class=\"bdt-arrows-dots-container bdt-slidenav-container \">\n\n\t\t\t\t<div class=\"bdt-flex bdt-flex-middle\">\n\t\t\t\t\t<div class=\"bdt-visible@m\">\n\t\t\t\t\t\t<div class=\"bdt-navigation-prev bdt-slidenav-previous bdt-icon bdt-slidenav\">\n\t\t\t\t\t\t\t<i class=\"ep-icon-arrow-left-11\" aria-hidden=\"true\"><\/i>\n\t\t\t\t\t\t<\/div>\n\t\t\t\t\t<\/div>\n\n\t\t\t\t\t\t\t\t\t\t\t<div class=\"swiper-pagination\"><\/div>\n\t\t\t\t\t\n\t\t\t\t\t<div class=\"bdt-visible@m\">\n\t\t\t\t\t\t<div class=\"bdt-navigation-next bdt-slidenav-next bdt-icon bdt-slidenav\">\n\t\t\t\t\t\t\t<i class=\"ep-icon-arrow-right-11\" aria-hidden=\"true\"><\/i>\n\t\t\t\t\t\t<\/div>\n\t\t\t\t\t<\/div>\n\n\t\t\t\t<\/div>\n\t\t\t<\/div>\n\t\t<\/div>\n\t\t\t\t\t\t\t\t\t\t\n\t\t\t\n\t\t<\/div>\n\t\t\t\t<\/div>\n\t\t\t\t<\/div>\n\t\t\t\t\t<\/div>\n\t\t<\/div>\n\t\t\t\t\t<\/div>\n\t\t<\/section>\n\t\t\t\t<section class=\"elementor-section elementor-top-section elementor-element elementor-element-57ac7f5 elementor-section-stretched elementor-hidden-desktop elementor-hidden-tablet elementor-hidden-mobile elementor-section-boxed elementor-section-height-default elementor-section-height-default\" data-id=\"57ac7f5\" data-element_type=\"section\" data-settings=\"{&quot;background_background&quot;:&quot;classic&quot;,&quot;stretch_section&quot;:&quot;section-stretched&quot;}\">\n\t\t\t\t\t\t\t<div class=\"elementor-background-overlay\"><\/div>\n\t\t\t\t\t\t\t<div class=\"elementor-container elementor-column-gap-default\">\n\t\t\t\t\t<div class=\"elementor-column elementor-col-100 elementor-top-column elementor-element elementor-element-2d932f7\" data-id=\"2d932f7\" data-element_type=\"column\">\n\t\t\t<div class=\"elementor-widget-wrap elementor-element-populated\">\n\t\t\t\t\t\t<div class=\"elementor-element elementor-element-786a1c8 elementor-widget__width-initial elementor-widget elementor-widget-heading\" data-id=\"786a1c8\" data-element_type=\"widget\" data-widget_type=\"heading.default\">\n\t\t\t\t<div class=\"elementor-widget-container\">\n\t\t\t<h2 class=\"elementor-heading-title elementor-size-default\">SHELTERS IN RORAIMA<\/h2>\t\t<\/div>\n\t\t\t\t<\/div>\n\t\t\t\t<div class=\"elementor-element elementor-element-00a5256 elementor-widget-divider--view-line elementor-widget elementor-widget-divider\" data-id=\"00a5256\" data-element_type=\"widget\" data-widget_type=\"divider.default\">\n\t\t\t\t<div class=\"elementor-widget-container\">\n\t\t\t\t\t<div class=\"elementor-divider\">\n\t\t\t<span class=\"elementor-divider-separator\">\n\t\t\t\t\t\t<\/span>\n\t\t<\/div>\n\t\t\t\t<\/div>\n\t\t\t\t<\/div>\n\t\t\t\t<section class=\"elementor-section elementor-inner-section elementor-element elementor-element-7ac209d elementor-section-boxed elementor-section-height-default elementor-section-height-default\" data-id=\"7ac209d\" data-element_type=\"section\">\n\t\t\t\t\t\t<div class=\"elementor-container elementor-column-gap-default\">\n\t\t\t\t\t<div class=\"elementor-column elementor-col-33 elementor-inner-column elementor-element elementor-element-509a131\" data-id=\"509a131\" data-element_type=\"column\" data-settings=\"{&quot;background_background&quot;:&quot;classic&quot;}\">\n\t\t\t<div class=\"elementor-widget-wrap elementor-element-populated\">\n\t\t\t\t\t\t<div class=\"elementor-element elementor-element-7285a8a elementor-widget elementor-widget-image\" data-id=\"7285a8a\" data-element_type=\"widget\" data-widget_type=\"image.default\">\n\t\t\t\t<div class=\"elementor-widget-container\">\n\t\t\t\t\t\t\t\t\t\t\t\t\t\t<a href=\"https:\/\/www.missoeshumanitarias.org\/wp-content\/uploads\/2016\/11\/foto-abrigo-pintolandia.jpg\" data-elementor-open-lightbox=\"yes\" data-elementor-lightbox-title=\"Abrigo Pintol\u00e2ndia\" data-e-action-hash=\"#elementor-action%3Aaction%3Dlightbox%26settings%3DeyJpZCI6MTEyMjcyLCJ1cmwiOiJodHRwczpcL1wvd3d3Lm1pc3NvZXNodW1hbml0YXJpYXMub3JnXC93cC1jb250ZW50XC91cGxvYWRzXC8yMDE2XC8xMVwvZm90by1hYnJpZ28tcGludG9sYW5kaWEuanBnIn0%3D\">\n\t\t\t\t\t\t\t<img decoding=\"async\" width=\"350\" height=\"190\" src=\"https:\/\/www.missoeshumanitarias.org\/wp-content\/uploads\/2016\/11\/foto-abrigo-pintolandia.jpg\" class=\"attachment-large size-large wp-image-112272\" alt=\"Abrigo Pintol\u00e2ndia\" srcset=\"https:\/\/www.missoeshumanitarias.org\/wp-content\/uploads\/2016\/11\/foto-abrigo-pintolandia.jpg 350w, https:\/\/www.missoeshumanitarias.org\/wp-content\/uploads\/2016\/11\/foto-abrigo-pintolandia-300x163.jpg 300w\" sizes=\"(max-width: 350px) 100vw, 350px\" \/>\t\t\t\t\t\t\t\t<\/a>\n\t\t\t\t\t\t\t\t\t\t\t\t\t<\/div>\n\t\t\t\t<\/div>\n\t\t\t\t<div class=\"elementor-element elementor-element-645adc8 elementor-widget elementor-widget-heading\" data-id=\"645adc8\" data-element_type=\"widget\" data-widget_type=\"heading.default\">\n\t\t\t\t<div class=\"elementor-widget-container\">\n\t\t\t<h4 class=\"elementor-heading-title elementor-size-default\">Pintol\u00e2ndia<\/h4>\t\t<\/div>\n\t\t\t\t<\/div>\n\t\t\t\t<div class=\"elementor-element elementor-element-2c43428 elementor-widget elementor-widget-text-editor\" data-id=\"2c43428\" data-element_type=\"widget\" data-widget_type=\"text-editor.default\">\n\t\t\t\t<div class=\"elementor-widget-container\">\n\t\t\t\t\t\t\t<p>Reception and protection of indigenous refugees from the Warao ethnic group. It accommodates about 590 people, of whom an average of 310 are children. <br><strong>Boa Vista, RR.<\/strong><\/p>\t\t\t\t\t\t<\/div>\n\t\t\t\t<\/div>\n\t\t\t\t\t<\/div>\n\t\t<\/div>\n\t\t\t\t<div class=\"elementor-column elementor-col-33 elementor-inner-column elementor-element elementor-element-08a0dce\" data-id=\"08a0dce\" data-element_type=\"column\" data-settings=\"{&quot;background_background&quot;:&quot;classic&quot;}\">\n\t\t\t<div class=\"elementor-widget-wrap elementor-element-populated\">\n\t\t\t\t\t\t<div class=\"elementor-element elementor-element-ba59db7 elementor-widget elementor-widget-image\" data-id=\"ba59db7\" data-element_type=\"widget\" data-widget_type=\"image.default\">\n\t\t\t\t<div class=\"elementor-widget-container\">\n\t\t\t\t\t\t\t\t\t\t\t\t\t\t<a href=\"https:\/\/www.missoeshumanitarias.org\/wp-content\/uploads\/2016\/11\/foto-abrigo-jardim-floresta.jpg\" data-elementor-open-lightbox=\"yes\" data-elementor-lightbox-title=\"Abrigo Jardim Floresta\" data-e-action-hash=\"#elementor-action%3Aaction%3Dlightbox%26settings%3DeyJpZCI6MTEyMjc1LCJ1cmwiOiJodHRwczpcL1wvd3d3Lm1pc3NvZXNodW1hbml0YXJpYXMub3JnXC93cC1jb250ZW50XC91cGxvYWRzXC8yMDE2XC8xMVwvZm90by1hYnJpZ28tamFyZGltLWZsb3Jlc3RhLmpwZyJ9\">\n\t\t\t\t\t\t\t<img loading=\"lazy\" decoding=\"async\" width=\"350\" height=\"190\" src=\"https:\/\/www.missoeshumanitarias.org\/wp-content\/uploads\/2016\/11\/foto-abrigo-jardim-floresta.jpg\" class=\"attachment-large size-large wp-image-112275\" alt=\"Abrigo Jardim Floresta\" srcset=\"https:\/\/www.missoeshumanitarias.org\/wp-content\/uploads\/2016\/11\/foto-abrigo-jardim-floresta.jpg 350w, https:\/\/www.missoeshumanitarias.org\/wp-content\/uploads\/2016\/11\/foto-abrigo-jardim-floresta-300x163.jpg 300w\" sizes=\"(max-width: 350px) 100vw, 350px\" \/>\t\t\t\t\t\t\t\t<\/a>\n\t\t\t\t\t\t\t\t\t\t\t\t\t<\/div>\n\t\t\t\t<\/div>\n\t\t\t\t<div class=\"elementor-element elementor-element-cd02c96 elementor-widget elementor-widget-heading\" data-id=\"cd02c96\" data-element_type=\"widget\" data-widget_type=\"heading.default\">\n\t\t\t\t<div class=\"elementor-widget-container\">\n\t\t\t<h4 class=\"elementor-heading-title elementor-size-default\">Jardim Floresta<\/h4>\t\t<\/div>\n\t\t\t\t<\/div>\n\t\t\t\t<div class=\"elementor-element elementor-element-4a52ba7 elementor-widget elementor-widget-text-editor\" data-id=\"4a52ba7\" data-element_type=\"widget\" data-widget_type=\"text-editor.default\">\n\t\t\t\t<div class=\"elementor-widget-container\">\n\t\t\t\t\t\t\t<p>Reception and protection of indigenous refugees from the Warao and E&#8217;\u00f1epa ethnic groups. It has been in operation since December 2020. It accommodates around 450 people, of whom 220 are children.   <strong>Boa Vista, RR.<\/strong><\/p>\t\t\t\t\t\t<\/div>\n\t\t\t\t<\/div>\n\t\t\t\t\t<\/div>\n\t\t<\/div>\n\t\t\t\t<div class=\"elementor-column elementor-col-33 elementor-inner-column elementor-element elementor-element-d6b42f2\" data-id=\"d6b42f2\" data-element_type=\"column\" data-settings=\"{&quot;background_background&quot;:&quot;classic&quot;}\">\n\t\t\t<div class=\"elementor-widget-wrap elementor-element-populated\">\n\t\t\t\t\t\t<div class=\"elementor-element elementor-element-e950f07 elementor-widget elementor-widget-image\" data-id=\"e950f07\" data-element_type=\"widget\" data-widget_type=\"image.default\">\n\t\t\t\t<div class=\"elementor-widget-container\">\n\t\t\t\t\t\t\t\t\t\t\t\t\t\t<a href=\"https:\/\/www.missoeshumanitarias.org\/wp-content\/uploads\/2016\/11\/foto-abrigo-janokoida.jpg\" data-elementor-open-lightbox=\"yes\" data-elementor-lightbox-title=\"Abrigo Janokoida\" data-e-action-hash=\"#elementor-action%3Aaction%3Dlightbox%26settings%3DeyJpZCI6MTEyMzE5LCJ1cmwiOiJodHRwczpcL1wvd3d3Lm1pc3NvZXNodW1hbml0YXJpYXMub3JnXC93cC1jb250ZW50XC91cGxvYWRzXC8yMDE2XC8xMVwvZm90by1hYnJpZ28tamFub2tvaWRhLmpwZyJ9\">\n\t\t\t\t\t\t\t<img loading=\"lazy\" decoding=\"async\" width=\"350\" height=\"190\" src=\"https:\/\/www.missoeshumanitarias.org\/wp-content\/uploads\/2016\/11\/foto-abrigo-janokoida.jpg\" class=\"attachment-large size-large wp-image-112319\" alt=\"Abrigo Janokoida\" srcset=\"https:\/\/www.missoeshumanitarias.org\/wp-content\/uploads\/2016\/11\/foto-abrigo-janokoida.jpg 350w, https:\/\/www.missoeshumanitarias.org\/wp-content\/uploads\/2016\/11\/foto-abrigo-janokoida-300x163.jpg 300w\" sizes=\"(max-width: 350px) 100vw, 350px\" \/>\t\t\t\t\t\t\t\t<\/a>\n\t\t\t\t\t\t\t\t\t\t\t\t\t<\/div>\n\t\t\t\t<\/div>\n\t\t\t\t<div class=\"elementor-element elementor-element-2408c4a elementor-widget elementor-widget-heading\" data-id=\"2408c4a\" data-element_type=\"widget\" data-widget_type=\"heading.default\">\n\t\t\t\t<div class=\"elementor-widget-container\">\n\t\t\t<h4 class=\"elementor-heading-title elementor-size-default\">Janokoida<\/h4>\t\t<\/div>\n\t\t\t\t<\/div>\n\t\t\t\t<div class=\"elementor-element elementor-element-2f603bc elementor-widget elementor-widget-text-editor\" data-id=\"2f603bc\" data-element_type=\"widget\" data-widget_type=\"text-editor.default\">\n\t\t\t\t<div class=\"elementor-widget-container\">\n\t\t\t\t\t\t\t<p>Reception and protection of Indigenous Venezuelans of the Warao ethnic group. It accommodates about 390 people, of whom around 200 are children.  <strong>Pacaraima, RR.<\/strong><\/p>\t\t\t\t\t\t<\/div>\n\t\t\t\t<\/div>\n\t\t\t\t\t<\/div>\n\t\t<\/div>\n\t\t\t\t\t<\/div>\n\t\t<\/section>\n\t\t\t\t<section class=\"elementor-section elementor-inner-section elementor-element elementor-element-e4809d6 elementor-section-boxed elementor-section-height-default elementor-section-height-default\" data-id=\"e4809d6\" data-element_type=\"section\">\n\t\t\t\t\t\t<div class=\"elementor-container elementor-column-gap-default\">\n\t\t\t\t\t<div class=\"elementor-column elementor-col-25 elementor-inner-column elementor-element elementor-element-8b79e11\" data-id=\"8b79e11\" data-element_type=\"column\" data-settings=\"{&quot;background_background&quot;:&quot;classic&quot;}\">\n\t\t\t<div class=\"elementor-widget-wrap\">\n\t\t\t\t\t\t\t<\/div>\n\t\t<\/div>\n\t\t\t\t<div class=\"elementor-column elementor-col-25 elementor-inner-column elementor-element elementor-element-b33532a\" data-id=\"b33532a\" data-element_type=\"column\" data-settings=\"{&quot;background_background&quot;:&quot;classic&quot;}\">\n\t\t\t<div class=\"elementor-widget-wrap elementor-element-populated\">\n\t\t\t\t\t\t<div class=\"elementor-element elementor-element-489ed81 elementor-widget elementor-widget-image\" data-id=\"489ed81\" data-element_type=\"widget\" data-widget_type=\"image.default\">\n\t\t\t\t<div class=\"elementor-widget-container\">\n\t\t\t\t\t\t\t\t\t\t\t\t\t\t<a href=\"https:\/\/www.missoeshumanitarias.org\/wp-content\/uploads\/2016\/11\/abrigo-nova-canaa.jpg\" data-elementor-open-lightbox=\"yes\" data-elementor-lightbox-title=\"Abrigo Nova Cana\u00e3\" data-e-action-hash=\"#elementor-action%3Aaction%3Dlightbox%26settings%3DeyJpZCI6MTE0NTAwLCJ1cmwiOiJodHRwczpcL1wvd3d3Lm1pc3NvZXNodW1hbml0YXJpYXMub3JnXC93cC1jb250ZW50XC91cGxvYWRzXC8yMDE2XC8xMVwvYWJyaWdvLW5vdmEtY2FuYWEuanBnIn0%3D\">\n\t\t\t\t\t\t\t<img loading=\"lazy\" decoding=\"async\" width=\"800\" height=\"434\" src=\"https:\/\/www.missoeshumanitarias.org\/wp-content\/uploads\/2016\/11\/abrigo-nova-canaa.jpg\" class=\"attachment-large size-large wp-image-114500\" alt=\"Abrigo Nova Cana\u00e3\" srcset=\"https:\/\/www.missoeshumanitarias.org\/wp-content\/uploads\/2016\/11\/abrigo-nova-canaa.jpg 1000w, https:\/\/www.missoeshumanitarias.org\/wp-content\/uploads\/2016\/11\/abrigo-nova-canaa-300x163.jpg 300w, https:\/\/www.missoeshumanitarias.org\/wp-content\/uploads\/2016\/11\/abrigo-nova-canaa-768x417.jpg 768w\" sizes=\"(max-width: 800px) 100vw, 800px\" \/>\t\t\t\t\t\t\t\t<\/a>\n\t\t\t\t\t\t\t\t\t\t\t\t\t<\/div>\n\t\t\t\t<\/div>\n\t\t\t\t<div class=\"elementor-element elementor-element-7d2c270 elementor-widget elementor-widget-heading\" data-id=\"7d2c270\" data-element_type=\"widget\" data-widget_type=\"heading.default\">\n\t\t\t\t<div class=\"elementor-widget-container\">\n\t\t\t<h4 class=\"elementor-heading-title elementor-size-default\">Nova Cana\u00e3<\/h4>\t\t<\/div>\n\t\t\t\t<\/div>\n\t\t\t\t<div class=\"elementor-element elementor-element-4dc580f elementor-widget elementor-widget-text-editor\" data-id=\"4dc580f\" data-element_type=\"widget\" data-widget_type=\"text-editor.default\">\n\t\t\t\t<div class=\"elementor-widget-container\">\n\t\t\t\t\t\t\t<p><strong><span style=\"font-weight: 400;\">Foi reativado para atender especificamente ind\u00edgenas venezuelanos refugiados. Acolhe em torno de 300 pessoas, das quais, cerca de 45% s\u00e3o menores de 18 anos.  <\/span>Boa Vista, RR.<\/strong><\/p>\t\t\t\t\t\t<\/div>\n\t\t\t\t<\/div>\n\t\t\t\t\t<\/div>\n\t\t<\/div>\n\t\t\t\t<div class=\"elementor-column elementor-col-25 elementor-inner-column elementor-element elementor-element-173b7c4\" data-id=\"173b7c4\" data-element_type=\"column\" data-settings=\"{&quot;background_background&quot;:&quot;classic&quot;}\">\n\t\t\t<div class=\"elementor-widget-wrap elementor-element-populated\">\n\t\t\t\t\t\t<div class=\"elementor-element elementor-element-bc4829c elementor-widget elementor-widget-image\" data-id=\"bc4829c\" data-element_type=\"widget\" data-widget_type=\"image.default\">\n\t\t\t\t<div class=\"elementor-widget-container\">\n\t\t\t\t\t\t\t\t\t\t\t\t\t\t<a href=\"https:\/\/www.missoeshumanitarias.org\/wp-content\/uploads\/2016\/11\/foto-abrigo-tancredo-neves.jpg\" data-elementor-open-lightbox=\"yes\" data-elementor-lightbox-title=\"Abrigo Tancredo Neves\" data-e-action-hash=\"#elementor-action%3Aaction%3Dlightbox%26settings%3DeyJpZCI6MTEyMjY4LCJ1cmwiOiJodHRwczpcL1wvd3d3Lm1pc3NvZXNodW1hbml0YXJpYXMub3JnXC93cC1jb250ZW50XC91cGxvYWRzXC8yMDE2XC8xMVwvZm90by1hYnJpZ28tdGFuY3JlZG8tbmV2ZXMuanBnIn0%3D\">\n\t\t\t\t\t\t\t<img loading=\"lazy\" decoding=\"async\" width=\"350\" height=\"190\" src=\"https:\/\/www.missoeshumanitarias.org\/wp-content\/uploads\/2016\/11\/foto-abrigo-tancredo-neves.jpg\" class=\"attachment-large size-large wp-image-112268\" alt=\"Abrigo Tancredo Neves\" srcset=\"https:\/\/www.missoeshumanitarias.org\/wp-content\/uploads\/2016\/11\/foto-abrigo-tancredo-neves.jpg 350w, https:\/\/www.missoeshumanitarias.org\/wp-content\/uploads\/2016\/11\/foto-abrigo-tancredo-neves-300x163.jpg 300w\" sizes=\"(max-width: 350px) 100vw, 350px\" \/>\t\t\t\t\t\t\t\t<\/a>\n\t\t\t\t\t\t\t\t\t\t\t\t\t<\/div>\n\t\t\t\t<\/div>\n\t\t\t\t<div class=\"elementor-element elementor-element-58733be elementor-widget elementor-widget-heading\" data-id=\"58733be\" data-element_type=\"widget\" data-widget_type=\"heading.default\">\n\t\t\t\t<div class=\"elementor-widget-container\">\n\t\t\t<h4 class=\"elementor-heading-title elementor-size-default\">Tancredo Neves<\/h4>\t\t<\/div>\n\t\t\t\t<\/div>\n\t\t\t\t<div class=\"elementor-element elementor-element-af7d8c9 elementor-widget elementor-widget-text-editor\" data-id=\"af7d8c9\" data-element_type=\"widget\" data-widget_type=\"text-editor.default\">\n\t\t\t\t<div class=\"elementor-widget-container\">\n\t\t\t\t\t\t\t<p><strong>Boa Vista, RR.<\/strong><\/p>\t\t\t\t\t\t<\/div>\n\t\t\t\t<\/div>\n\t\t\t\t\t<\/div>\n\t\t<\/div>\n\t\t\t\t<div class=\"elementor-column elementor-col-25 elementor-inner-column elementor-element elementor-element-74e35d0\" data-id=\"74e35d0\" data-element_type=\"column\" data-settings=\"{&quot;background_background&quot;:&quot;classic&quot;}\">\n\t\t\t<div class=\"elementor-widget-wrap elementor-element-populated\">\n\t\t\t\t\t\t\t<\/div>\n\t\t<\/div>\n\t\t\t\t\t<\/div>\n\t\t<\/section>\n\t\t\t\t\t<\/div>\n\t\t<\/div>\n\t\t\t\t\t<\/div>\n\t\t<\/section>\n\t\t\t\t<section class=\"elementor-section elementor-top-section elementor-element elementor-element-8c52725 elementor-section-full_width elementor-section-stretched elementor-hidden-desktop elementor-hidden-tablet elementor-hidden-mobile elementor-section-height-default elementor-section-height-default\" data-id=\"8c52725\" data-element_type=\"section\" data-settings=\"{&quot;background_background&quot;:&quot;classic&quot;,&quot;shape_divider_bottom&quot;:&quot;arrow&quot;,&quot;shape_divider_bottom_negative&quot;:&quot;yes&quot;,&quot;stretch_section&quot;:&quot;section-stretched&quot;}\">\n\t\t\t\t\t<div class=\"elementor-shape elementor-shape-bottom\" data-negative=\"true\">\n\t\t\t<svg xmlns=\"http:\/\/www.w3.org\/2000\/svg\" viewBox=\"0 0 700 10\" preserveAspectRatio=\"none\">\n\t<path class=\"elementor-shape-fill\" d=\"M360 0L350 9.9 340 0 0 0 0 10 700 10 700 0\"\/>\n<\/svg>\t\t<\/div>\n\t\t\t\t\t<div class=\"elementor-container elementor-column-gap-default\">\n\t\t\t\t\t<div class=\"elementor-column elementor-col-100 elementor-top-column elementor-element elementor-element-4b00b8d\" data-id=\"4b00b8d\" data-element_type=\"column\">\n\t\t\t<div class=\"elementor-widget-wrap elementor-element-populated\">\n\t\t\t\t\t\t<div class=\"elementor-element elementor-element-c03dab3 elementor-widget__width-initial elementor-widget elementor-widget-heading\" data-id=\"c03dab3\" data-element_type=\"widget\" data-widget_type=\"heading.default\">\n\t\t\t\t<div class=\"elementor-widget-container\">\n\t\t\t<h2 class=\"elementor-heading-title elementor-size-default\">Follow the Mission<\/h2>\t\t<\/div>\n\t\t\t\t<\/div>\n\t\t\t\t\t<\/div>\n\t\t<\/div>\n\t\t\t\t\t<\/div>\n\t\t<\/section>\n\t\t\t\t<section class=\"elementor-section elementor-top-section elementor-element elementor-element-a5bea8b elementor-section-boxed elementor-section-height-default elementor-section-height-default\" data-id=\"a5bea8b\" data-element_type=\"section\">\n\t\t\t\t\t\t<div class=\"elementor-container elementor-column-gap-default\">\n\t\t\t\t\t<div class=\"elementor-column elementor-col-100 elementor-top-column elementor-element elementor-element-cd155ed\" data-id=\"cd155ed\" data-element_type=\"column\">\n\t\t\t<div class=\"elementor-widget-wrap elementor-element-populated\">\n\t\t\t\t\t\t<div class=\"elementor-element elementor-element-18d5caa bdt-skin-fedara-style-center elementor-widget elementor-widget-bdt-custom-gallery\" data-id=\"18d5caa\" data-element_type=\"widget\" data-settings=\"{&quot;columns&quot;:&quot;3&quot;,&quot;columns_tablet&quot;:&quot;2&quot;,&quot;columns_mobile&quot;:&quot;1&quot;}\" data-widget_type=\"bdt-custom-gallery.default\">\n\t\t\t\t<div class=\"elementor-widget-container\">\n\t\t\t\t\t<div id=\"bdt-custom-gallery-18d5caa\" class=\"bdt-custom-gallery bdt-skin-default bdt-grid bdt-grid-small\" data-bdt-lightbox=\"toggle: .bdt-gallery-lightbox-item; animation:slide;\" data-settings=\"{&quot;id&quot;:&quot;#bdt-custom-gallery-18d5caa&quot;,&quot;tiltShow&quot;:false}\">\n\t\t\t\t\t\t<div class=\"bdt-gallery-item bdt-transition-toggle bdt-width-1-1 bdt-width-1-2@s bdt-width-1-3@m\">\n\t\t\t\t<div class=\"bdt-custom-gallery-inner\">\n\n\t\t\t\t\t\n\t\t\t\t\t\n\t\t\t\t\t\t\n\t\t<div class=\"bdt-gallery-thumbnail\">\n\n\t\t\t<img loading=\"lazy\" decoding=\"async\" width=\"768\" height=\"576\" src=\"https:\/\/www.missoeshumanitarias.org\/wp-content\/uploads\/2021\/02\/m-roraima-fotos3-768x576.jpg\" class=\"attachment-medium_large size-medium_large\" alt=\"\" srcset=\"https:\/\/www.missoeshumanitarias.org\/wp-content\/uploads\/2021\/02\/m-roraima-fotos3-768x576.jpg 768w, https:\/\/www.missoeshumanitarias.org\/wp-content\/uploads\/2021\/02\/m-roraima-fotos3-300x225.jpg 300w, https:\/\/www.missoeshumanitarias.org\/wp-content\/uploads\/2021\/02\/m-roraima-fotos3-1024x768.jpg 1024w, https:\/\/www.missoeshumanitarias.org\/wp-content\/uploads\/2021\/02\/m-roraima-fotos3.jpg 1200w\" sizes=\"(max-width: 768px) 100vw, 768px\" \/>\n\t\t<\/div>\n\t\t\t\t<div class=\"bdt-overlay bdt-overlay-default bdt-position-cover bdt-transition-fade\">\n\t\t\t<div class=\"bdt-custom-gallery-content\">\n\t\t\t\t<div class=\"bdt-custom-gallery-content-inner\">\n\n\n\n\t\t\t\t\t\t\t\t\t\t\t<div class=\"bdt-flex-inline bdt-gallery-item-link-wrapper\">\n\t\t\t\t\t\t\t<a data-elementor-open-lightbox=\"no\" href=\"https:\/\/www.missoeshumanitarias.org\/wp-content\/uploads\/2021\/02\/m-roraima-fotos3.jpg\" class=\"bdt-gallery-item-link bdt-gallery-lightbox-item\" data-caption=\"\">\n\t\t\t\t\t\t\t\t\t\t\t\t\t\t\t\t\t<i class=\"ep-icon-search\" aria-hidden=\"true\"><\/i>\n\t\t\t\t\t\t\t\t\t\t\t\t\t\t\t<\/a>\n\t\t\t\t\t\t<\/div>\n\t\t\t\t\t\n\t\t\t\t\t\t\t<div class=\"bdt-gallery-item-text bdt-transition-slide-bottom-small\">\n\t\t\t\t\t<\/div>\n\t\t\n\t\t\t\t<\/div>\n\t\t\t<\/div>\n\t\t<\/div>\n\t\t\n\t\t\t\t\t\t\t\t\t\t<\/div>\n\t\t\t<\/div>\n\n\t\t\t\t\t<div class=\"bdt-gallery-item bdt-transition-toggle bdt-width-1-1 bdt-width-1-2@s bdt-width-1-3@m\">\n\t\t\t\t<div class=\"bdt-custom-gallery-inner\">\n\n\t\t\t\t\t\n\t\t\t\t\t\n\t\t\t\t\t\t\n\t\t<div class=\"bdt-gallery-thumbnail\">\n\n\t\t\t<img loading=\"lazy\" decoding=\"async\" width=\"768\" height=\"455\" src=\"https:\/\/www.missoeshumanitarias.org\/wp-content\/uploads\/2021\/02\/m-roraima-fotos6-768x455.jpg\" class=\"attachment-medium_large size-medium_large\" alt=\"\" srcset=\"https:\/\/www.missoeshumanitarias.org\/wp-content\/uploads\/2021\/02\/m-roraima-fotos6-768x455.jpg 768w, https:\/\/www.missoeshumanitarias.org\/wp-content\/uploads\/2021\/02\/m-roraima-fotos6-300x178.jpg 300w, https:\/\/www.missoeshumanitarias.org\/wp-content\/uploads\/2021\/02\/m-roraima-fotos6-1024x607.jpg 1024w, https:\/\/www.missoeshumanitarias.org\/wp-content\/uploads\/2021\/02\/m-roraima-fotos6.jpg 1200w\" sizes=\"(max-width: 768px) 100vw, 768px\" \/>\n\t\t<\/div>\n\t\t\t\t<div class=\"bdt-overlay bdt-overlay-default bdt-position-cover bdt-transition-fade\">\n\t\t\t<div class=\"bdt-custom-gallery-content\">\n\t\t\t\t<div class=\"bdt-custom-gallery-content-inner\">\n\n\n\n\t\t\t\t\t\t\t\t\t\t\t<div class=\"bdt-flex-inline bdt-gallery-item-link-wrapper\">\n\t\t\t\t\t\t\t<a data-elementor-open-lightbox=\"no\" href=\"https:\/\/www.missoeshumanitarias.org\/wp-content\/uploads\/2021\/02\/m-roraima-fotos6.jpg\" class=\"bdt-gallery-item-link bdt-gallery-lightbox-item\" data-caption=\"\">\n\t\t\t\t\t\t\t\t\t\t\t\t\t\t\t\t\t<i class=\"ep-icon-search\" aria-hidden=\"true\"><\/i>\n\t\t\t\t\t\t\t\t\t\t\t\t\t\t\t<\/a>\n\t\t\t\t\t\t<\/div>\n\t\t\t\t\t\n\t\t\t\t\t\t\t<div class=\"bdt-gallery-item-text bdt-transition-slide-bottom-small\">\n\t\t\t\t\t<\/div>\n\t\t\n\t\t\t\t<\/div>\n\t\t\t<\/div>\n\t\t<\/div>\n\t\t\n\t\t\t\t\t\t\t\t\t\t<\/div>\n\t\t\t<\/div>\n\n\t\t\t\t\t<div class=\"bdt-gallery-item bdt-transition-toggle bdt-width-1-1 bdt-width-1-2@s bdt-width-1-3@m\">\n\t\t\t\t<div class=\"bdt-custom-gallery-inner\">\n\n\t\t\t\t\t\n\t\t\t\t\t\n\t\t\t\t\t\t\n\t\t<div class=\"bdt-gallery-thumbnail\">\n\n\t\t\t<img loading=\"lazy\" decoding=\"async\" width=\"768\" height=\"576\" src=\"https:\/\/www.missoeshumanitarias.org\/wp-content\/uploads\/2021\/02\/m-roraima-fotos5-768x576.jpg\" class=\"attachment-medium_large size-medium_large\" alt=\"\" srcset=\"https:\/\/www.missoeshumanitarias.org\/wp-content\/uploads\/2021\/02\/m-roraima-fotos5-768x576.jpg 768w, https:\/\/www.missoeshumanitarias.org\/wp-content\/uploads\/2021\/02\/m-roraima-fotos5-300x225.jpg 300w, https:\/\/www.missoeshumanitarias.org\/wp-content\/uploads\/2021\/02\/m-roraima-fotos5-1024x768.jpg 1024w, https:\/\/www.missoeshumanitarias.org\/wp-content\/uploads\/2021\/02\/m-roraima-fotos5.jpg 1200w\" sizes=\"(max-width: 768px) 100vw, 768px\" \/>\n\t\t<\/div>\n\t\t\t\t<div class=\"bdt-overlay bdt-overlay-default bdt-position-cover bdt-transition-fade\">\n\t\t\t<div class=\"bdt-custom-gallery-content\">\n\t\t\t\t<div class=\"bdt-custom-gallery-content-inner\">\n\n\n\n\t\t\t\t\t\t\t\t\t\t\t<div class=\"bdt-flex-inline bdt-gallery-item-link-wrapper\">\n\t\t\t\t\t\t\t<a data-elementor-open-lightbox=\"no\" href=\"https:\/\/www.missoeshumanitarias.org\/wp-content\/uploads\/2021\/02\/m-roraima-fotos5.jpg\" class=\"bdt-gallery-item-link bdt-gallery-lightbox-item\" data-caption=\"\">\n\t\t\t\t\t\t\t\t\t\t\t\t\t\t\t\t\t<i class=\"ep-icon-search\" aria-hidden=\"true\"><\/i>\n\t\t\t\t\t\t\t\t\t\t\t\t\t\t\t<\/a>\n\t\t\t\t\t\t<\/div>\n\t\t\t\t\t\n\t\t\t\t\t\t\t<div class=\"bdt-gallery-item-text bdt-transition-slide-bottom-small\">\n\t\t\t\t\t<\/div>\n\t\t\n\t\t\t\t<\/div>\n\t\t\t<\/div>\n\t\t<\/div>\n\t\t\n\t\t\t\t\t\t\t\t\t\t<\/div>\n\t\t\t<\/div>\n\n\t\t\t\t\t<div class=\"bdt-gallery-item bdt-transition-toggle bdt-width-1-1 bdt-width-1-2@s bdt-width-1-3@m\">\n\t\t\t\t<div class=\"bdt-custom-gallery-inner\">\n\n\t\t\t\t\t\n\t\t\t\t\t\n\t\t\t\t\t\t\n\t\t<div class=\"bdt-gallery-thumbnail\">\n\n\t\t\t<img loading=\"lazy\" decoding=\"async\" width=\"768\" height=\"576\" src=\"https:\/\/www.missoeshumanitarias.org\/wp-content\/uploads\/2021\/02\/m-roraima-fotos4-768x576.jpg\" class=\"attachment-medium_large size-medium_large\" alt=\"\" srcset=\"https:\/\/www.missoeshumanitarias.org\/wp-content\/uploads\/2021\/02\/m-roraima-fotos4-768x576.jpg 768w, https:\/\/www.missoeshumanitarias.org\/wp-content\/uploads\/2021\/02\/m-roraima-fotos4-300x225.jpg 300w, https:\/\/www.missoeshumanitarias.org\/wp-content\/uploads\/2021\/02\/m-roraima-fotos4-1024x768.jpg 1024w, https:\/\/www.missoeshumanitarias.org\/wp-content\/uploads\/2021\/02\/m-roraima-fotos4.jpg 1200w\" sizes=\"(max-width: 768px) 100vw, 768px\" \/>\n\t\t<\/div>\n\t\t\t\t<div class=\"bdt-overlay bdt-overlay-default bdt-position-cover bdt-transition-fade\">\n\t\t\t<div class=\"bdt-custom-gallery-content\">\n\t\t\t\t<div class=\"bdt-custom-gallery-content-inner\">\n\n\n\n\t\t\t\t\t\t\t\t\t\t\t<div class=\"bdt-flex-inline bdt-gallery-item-link-wrapper\">\n\t\t\t\t\t\t\t<a data-elementor-open-lightbox=\"no\" href=\"https:\/\/www.missoeshumanitarias.org\/wp-content\/uploads\/2021\/02\/m-roraima-fotos4.jpg\" class=\"bdt-gallery-item-link bdt-gallery-lightbox-item\" data-caption=\"\">\n\t\t\t\t\t\t\t\t\t\t\t\t\t\t\t\t\t<i class=\"ep-icon-search\" aria-hidden=\"true\"><\/i>\n\t\t\t\t\t\t\t\t\t\t\t\t\t\t\t<\/a>\n\t\t\t\t\t\t<\/div>\n\t\t\t\t\t\n\t\t\t\t\t\t\t<div class=\"bdt-gallery-item-text bdt-transition-slide-bottom-small\">\n\t\t\t\t\t<\/div>\n\t\t\n\t\t\t\t<\/div>\n\t\t\t<\/div>\n\t\t<\/div>\n\t\t\n\t\t\t\t\t\t\t\t\t\t<\/div>\n\t\t\t<\/div>\n\n\t\t\t\t\t<div class=\"bdt-gallery-item bdt-transition-toggle bdt-width-1-1 bdt-width-1-2@s bdt-width-1-3@m\">\n\t\t\t\t<div class=\"bdt-custom-gallery-inner\">\n\n\t\t\t\t\t\n\t\t\t\t\t\n\t\t\t\t\t\t\n\t\t<div class=\"bdt-gallery-thumbnail\">\n\n\t\t\t<img loading=\"lazy\" decoding=\"async\" width=\"768\" height=\"512\" src=\"https:\/\/www.missoeshumanitarias.org\/wp-content\/uploads\/2021\/02\/m-roraima-fotos2-768x512.jpg\" class=\"attachment-medium_large size-medium_large\" alt=\"\" srcset=\"https:\/\/www.missoeshumanitarias.org\/wp-content\/uploads\/2021\/02\/m-roraima-fotos2-768x512.jpg 768w, https:\/\/www.missoeshumanitarias.org\/wp-content\/uploads\/2021\/02\/m-roraima-fotos2-300x200.jpg 300w, https:\/\/www.missoeshumanitarias.org\/wp-content\/uploads\/2021\/02\/m-roraima-fotos2-1024x683.jpg 1024w, https:\/\/www.missoeshumanitarias.org\/wp-content\/uploads\/2021\/02\/m-roraima-fotos2.jpg 1200w\" sizes=\"(max-width: 768px) 100vw, 768px\" \/>\n\t\t<\/div>\n\t\t\t\t<div class=\"bdt-overlay bdt-overlay-default bdt-position-cover bdt-transition-fade\">\n\t\t\t<div class=\"bdt-custom-gallery-content\">\n\t\t\t\t<div class=\"bdt-custom-gallery-content-inner\">\n\n\n\n\t\t\t\t\t\t\t\t\t\t\t<div class=\"bdt-flex-inline bdt-gallery-item-link-wrapper\">\n\t\t\t\t\t\t\t<a data-elementor-open-lightbox=\"no\" href=\"https:\/\/www.missoeshumanitarias.org\/wp-content\/uploads\/2021\/02\/m-roraima-fotos2.jpg\" class=\"bdt-gallery-item-link bdt-gallery-lightbox-item\" data-caption=\"\">\n\t\t\t\t\t\t\t\t\t\t\t\t\t\t\t\t\t<i class=\"ep-icon-search\" aria-hidden=\"true\"><\/i>\n\t\t\t\t\t\t\t\t\t\t\t\t\t\t\t<\/a>\n\t\t\t\t\t\t<\/div>\n\t\t\t\t\t\n\t\t\t\t\t\t\t<div class=\"bdt-gallery-item-text bdt-transition-slide-bottom-small\">\n\t\t\t\t\t<\/div>\n\t\t\n\t\t\t\t<\/div>\n\t\t\t<\/div>\n\t\t<\/div>\n\t\t\n\t\t\t\t\t\t\t\t\t\t<\/div>\n\t\t\t<\/div>\n\n\t\t\t\t\t<div class=\"bdt-gallery-item bdt-transition-toggle bdt-width-1-1 bdt-width-1-2@s bdt-width-1-3@m\">\n\t\t\t\t<div class=\"bdt-custom-gallery-inner\">\n\n\t\t\t\t\t\n\t\t\t\t\t\n\t\t\t\t\t\t\n\t\t<div class=\"bdt-gallery-thumbnail\">\n\n\t\t\t<img loading=\"lazy\" decoding=\"async\" width=\"768\" height=\"512\" src=\"https:\/\/www.missoeshumanitarias.org\/wp-content\/uploads\/2021\/02\/m-roraima-fotos8-768x512.jpg\" class=\"attachment-medium_large size-medium_large\" alt=\"\" srcset=\"https:\/\/www.missoeshumanitarias.org\/wp-content\/uploads\/2021\/02\/m-roraima-fotos8-768x512.jpg 768w, https:\/\/www.missoeshumanitarias.org\/wp-content\/uploads\/2021\/02\/m-roraima-fotos8-300x200.jpg 300w, https:\/\/www.missoeshumanitarias.org\/wp-content\/uploads\/2021\/02\/m-roraima-fotos8-1024x683.jpg 1024w, https:\/\/www.missoeshumanitarias.org\/wp-content\/uploads\/2021\/02\/m-roraima-fotos8.jpg 1200w\" sizes=\"(max-width: 768px) 100vw, 768px\" \/>\n\t\t<\/div>\n\t\t\t\t<div class=\"bdt-overlay bdt-overlay-default bdt-position-cover bdt-transition-fade\">\n\t\t\t<div class=\"bdt-custom-gallery-content\">\n\t\t\t\t<div class=\"bdt-custom-gallery-content-inner\">\n\n\n\n\t\t\t\t\t\t\t\t\t\t\t<div class=\"bdt-flex-inline bdt-gallery-item-link-wrapper\">\n\t\t\t\t\t\t\t<a data-elementor-open-lightbox=\"no\" href=\"https:\/\/www.missoeshumanitarias.org\/wp-content\/uploads\/2021\/02\/m-roraima-fotos8.jpg\" class=\"bdt-gallery-item-link bdt-gallery-lightbox-item\" data-caption=\"\">\n\t\t\t\t\t\t\t\t\t\t\t\t\t\t\t\t\t<i class=\"ep-icon-search\" aria-hidden=\"true\"><\/i>\n\t\t\t\t\t\t\t\t\t\t\t\t\t\t\t<\/a>\n\t\t\t\t\t\t<\/div>\n\t\t\t\t\t\n\t\t\t\t\t\t\t<div class=\"bdt-gallery-item-text bdt-transition-slide-bottom-small\">\n\t\t\t\t\t<\/div>\n\t\t\n\t\t\t\t<\/div>\n\t\t\t<\/div>\n\t\t<\/div>\n\t\t\n\t\t\t\t\t\t\t\t\t\t<\/div>\n\t\t\t<\/div>\n\n\t\t\n\t\t\t\t<\/div>\n\t\t\t\t<\/div>\n\t\t\t\t<\/div>\n\t\t\t\t\t<\/div>\n\t\t<\/div>\n\t\t\t\t\t<\/div>\n\t\t<\/section>\n\t\t\t\t<section class=\"elementor-section elementor-top-section elementor-element elementor-element-f34b51a elementor-section-boxed elementor-section-height-default elementor-section-height-default\" data-id=\"f34b51a\" data-element_type=\"section\">\n\t\t\t\t\t\t<div class=\"elementor-container elementor-column-gap-default\">\n\t\t\t\t\t<div class=\"elementor-column elementor-col-100 elementor-top-column elementor-element elementor-element-c8e8ad5\" data-id=\"c8e8ad5\" data-element_type=\"column\">\n\t\t\t<div class=\"elementor-widget-wrap elementor-element-populated\">\n\t\t\t\t\t\t<div class=\"elementor-element elementor-element-3f50dc0 elementor-widget__width-initial elementor-widget elementor-widget-heading\" data-id=\"3f50dc0\" data-element_type=\"widget\" data-widget_type=\"heading.default\">\n\t\t\t\t<div class=\"elementor-widget-container\">\n\t\t\t<h2 class=\"elementor-heading-title elementor-size-default\">Timeline<\/h2>\t\t<\/div>\n\t\t\t\t<\/div>\n\t\t\t\t<div class=\"elementor-element elementor-element-364c258 elementor-widget-divider--view-line elementor-widget elementor-widget-divider\" data-id=\"364c258\" data-element_type=\"widget\" data-widget_type=\"divider.default\">\n\t\t\t\t<div class=\"elementor-widget-container\">\n\t\t\t\t\t<div class=\"elementor-divider\">\n\t\t\t<span class=\"elementor-divider-separator\">\n\t\t\t\t\t\t<\/span>\n\t\t<\/div>\n\t\t\t\t<\/div>\n\t\t\t\t<\/div>\n\t\t\t\t<div class=\"elementor-element elementor-element-7bcfd27 elementor-widget elementor-widget-text-editor\" data-id=\"7bcfd27\" data-element_type=\"widget\" data-widget_type=\"text-editor.default\">\n\t\t\t\t<div class=\"elementor-widget-container\">\n\t\t\t\t\t\t\t<p>Learn about some milestones of the performance in The Roraima Mission<\/p>\t\t\t\t\t\t<\/div>\n\t\t\t\t<\/div>\n\t\t\t\t\t<\/div>\n\t\t<\/div>\n\t\t\t\t\t<\/div>\n\t\t<\/section>\n\t\t\t\t<section class=\"elementor-section elementor-top-section elementor-element elementor-element-2ebe363 elementor-section-boxed elementor-section-height-default elementor-section-height-default\" data-id=\"2ebe363\" data-element_type=\"section\">\n\t\t\t\t\t\t<div class=\"elementor-container elementor-column-gap-default\">\n\t\t\t\t\t<div class=\"elementor-column elementor-col-100 elementor-top-column elementor-element elementor-element-c1e44b4\" data-id=\"c1e44b4\" data-element_type=\"column\">\n\t\t\t<div class=\"elementor-widget-wrap elementor-element-populated\">\n\t\t\t\t\t\t<div class=\"elementor-element elementor-element-f4ec243 elementor-widget elementor-widget-bdt-timeline\" data-id=\"f4ec243\" data-element_type=\"widget\" data-widget_type=\"bdt-timeline.bdt-olivier\">\n\t\t\t\t<div class=\"elementor-widget-container\">\n\t\t\t\t\t<div class=\"bdt-timeline bdt-timeline-skin-olivier\" data-visible_items=\"3\">\n\t\t\t<div class=\"bdt-timeline-wrapper\">\n\t\t\t\t<div class=\"bdt-timeline-items\">\t\t\t\t\t\n\t\t\t\t\t\n\t\t\t\t\t\t\t\t\t\t\t\t\n\t\t\t\t\t\t\n\t\t\t\t\t\t<div class=\"bdt-timeline-item\">\n\t\t\t\t\t\t\t<div class=\"bdt-timeline-content\">\n\t\t\t\t\t\t\t\t\t\t<div class=\"bdt-timeline-item-main elementor-repeater-item-4fd9384\" >\n\t\t\t<span class=\"bdt-timeline-arrow\"><\/span>\n\n\t\t\t\n\t\t\t<div class=\"bdt-timeline-desc bdt-padding\">\n\t\t\t\t\t\t<h4\t\t\tclass=\"bdt-timeline-title\">\n\t\t\t\t\t\t\t<span>\n\t\t\t\t\t2021\t\t\t\t<\/span>\n\t\t\t\t\t<\/h4>\n\t\t\t\t\t\t\t\t\t\t\t\t\t<div class=\"bdt-timeline-excerpt\">\n\t\t\t\t<p>Atua na gest\u00e3o dos 5 abrigos ind\u00edgenas em Roraima, Brasil e no Alojamento de Tr\u00e2nsito de Manaus, Amazonas, Brasil.<\/p><p>Dezembro de 2021 \u2013 Encerramento das atividades em parceria com o ACNUR.<\/p>\t\t\t<\/div>\n\t\t\t\t\t\t\t\t\t\t<\/div>\n\t\t<\/div>\n\t\t\t\t\t\t\t\t\t<\/div>\n\t\t\t\t\t\t<\/div>\n\n\t\t\t\t\t\t\t\t\t\t\t\t\n\t\t\t\t\t\t\n\t\t\t\t\t\t<div class=\"bdt-timeline-item\">\n\t\t\t\t\t\t\t<div class=\"bdt-timeline-content\">\n\t\t\t\t\t\t\t\t\t\t<div class=\"bdt-timeline-item-main elementor-repeater-item-aa1cf17\" >\n\t\t\t<span class=\"bdt-timeline-arrow\"><\/span>\n\n\t\t\t\n\t\t\t<div class=\"bdt-timeline-desc bdt-padding\">\n\t\t\t\t\t\t<h4\t\t\tclass=\"bdt-timeline-title\">\n\t\t\t\t\t\t\t<span>\n\t\t\t\t\t2020\t\t\t\t<\/span>\n\t\t\t\t\t<\/h4>\n\t\t\t\t\t\t\t\t\t\t\t\t\t<div class=\"bdt-timeline-excerpt\">\n\t\t\t\t<p>Foi convidada pela Opera\u00e7\u00e3o Acolhida e pelo ACNUR, para assumir a resposta humanit\u00e1ria em todos os abrigos ind\u00edgenas no estado de Roraima, Brasil.<\/p>\t\t\t<\/div>\n\t\t\t\t\t\t\t\t\t\t<\/div>\n\t\t<\/div>\n\t\t\t\t\t\t\t\t\t<\/div>\n\t\t\t\t\t\t<\/div>\n\n\t\t\t\t\t\t\t\t\t\t\t\t\n\t\t\t\t\t\t\n\t\t\t\t\t\t<div class=\"bdt-timeline-item\">\n\t\t\t\t\t\t\t<div class=\"bdt-timeline-content\">\n\t\t\t\t\t\t\t\t\t\t<div class=\"bdt-timeline-item-main elementor-repeater-item-869c35e\" >\n\t\t\t<span class=\"bdt-timeline-arrow\"><\/span>\n\n\t\t\t\n\t\t\t<div class=\"bdt-timeline-desc bdt-padding\">\n\t\t\t\t\t\t<h4\t\t\tclass=\"bdt-timeline-title\">\n\t\t\t\t\t\t\t<span>\n\t\t\t\t\t2019\t\t\t\t<\/span>\n\t\t\t\t\t<\/h4>\n\t\t\t\t\t\t\t\t\t\t\t\t\t<div class=\"bdt-timeline-excerpt\">\n\t\t\t\t<p>Assume a gest\u00e3o do Alojamento de Tr\u00e2nsito em Manaus (ATM) como parte do Programa de Interioriza\u00e7\u00e3o, desenvolvido pela Opera\u00e7\u00e3o Acolhida. Inicia projeto de WASH <span style=\"font-weight: 400;\">(abastecimento de \u00e1gua, saneamento b\u00e1sico e promo\u00e7\u00e3o de higiene) <\/span>em parceria com o UNICEF.<\/p>\t\t\t<\/div>\n\t\t\t\t\t\t\t\t\t\t<\/div>\n\t\t<\/div>\n\t\t\t\t\t\t\t\t\t<\/div>\n\t\t\t\t\t\t<\/div>\n\n\t\t\t\t\t\t\t\t\t\t\t\t\n\t\t\t\t\t\t\n\t\t\t\t\t\t<div class=\"bdt-timeline-item\">\n\t\t\t\t\t\t\t<div class=\"bdt-timeline-content\">\n\t\t\t\t\t\t\t\t\t\t<div class=\"bdt-timeline-item-main elementor-repeater-item-964e22d\" >\n\t\t\t<span class=\"bdt-timeline-arrow\"><\/span>\n\n\t\t\t\n\t\t\t<div class=\"bdt-timeline-desc bdt-padding\">\n\t\t\t\t\t\t<h4\t\t\tclass=\"bdt-timeline-title\">\n\t\t\t\t\t\t\t<span>\n\t\t\t\t\t2018\t\t\t\t<\/span>\n\t\t\t\t\t<\/h4>\n\t\t\t\t\t\t\t\t\t\t\t\t\t<div class=\"bdt-timeline-excerpt\">\n\t\t\t\t<p>Inicia parceria com o UNICEF para a \u00a0implementa\u00e7\u00e3o do projeto de Educa\u00e7\u00e3o \u201cO Bem Comum\u201d. Integra-se \u00e0 resposta do governo federal a Opera\u00e7\u00e3o Acolhida.<\/p>\t\t\t<\/div>\n\t\t\t\t\t\t\t\t\t\t<\/div>\n\t\t<\/div>\n\t\t\t\t\t\t\t\t\t<\/div>\n\t\t\t\t\t\t<\/div>\n\n\t\t\t\t\t\t\t\t\t\t\t\t\n\t\t\t\t\t\t\n\t\t\t\t\t\t<div class=\"bdt-timeline-item\">\n\t\t\t\t\t\t\t<div class=\"bdt-timeline-content\">\n\t\t\t\t\t\t\t\t\t\t<div class=\"bdt-timeline-item-main elementor-repeater-item-e7dc541\" >\n\t\t\t<span class=\"bdt-timeline-arrow\"><\/span>\n\n\t\t\t\n\t\t\t<div class=\"bdt-timeline-desc bdt-padding\">\n\t\t\t\t\t\t<h4\t\t\tclass=\"bdt-timeline-title\">\n\t\t\t\t\t\t\t<span>\n\t\t\t\t\t2017\t\t\t\t<\/span>\n\t\t\t\t\t<\/h4>\n\t\t\t\t\t\t\t\t\t\t\t\t\t<div class=\"bdt-timeline-excerpt\">\n\t\t\t\t<p>Inicia a parceria com o ACNUR e assume, como parceiro implementador, a gest\u00e3o dos abrigos n\u00e3o ind\u00edgenas: Tancredo Neves e Nova Cana\u00e3, al\u00e9m dos abrigos ind\u00edgenas Pintol\u00e2ndia e Janokoida.<\/p>\t\t\t<\/div>\n\t\t\t\t\t\t\t\t\t\t<\/div>\n\t\t<\/div>\n\t\t\t\t\t\t\t\t\t<\/div>\n\t\t\t\t\t\t<\/div>\n\n\t\t\t\t\t\t\t\t\t\t\t\t\n\t\t\t\t\t\t\n\t\t\t\t\t\t<div class=\"bdt-timeline-item\">\n\t\t\t\t\t\t\t<div class=\"bdt-timeline-content\">\n\t\t\t\t\t\t\t\t\t\t<div class=\"bdt-timeline-item-main elementor-repeater-item-3b279af\" >\n\t\t\t<span class=\"bdt-timeline-arrow\"><\/span>\n\n\t\t\t\n\t\t\t<div class=\"bdt-timeline-desc bdt-padding\">\n\t\t\t\t\t\t<h4\t\t\tclass=\"bdt-timeline-title\">\n\t\t\t\t\t\t\t<span>\n\t\t\t\t\t2016-2017\t\t\t\t<\/span>\n\t\t\t\t\t<\/h4>\n\t\t\t\t\t\t\t\t\t\t\t\t\t<div class=\"bdt-timeline-excerpt\">\n\t\t\t\t<p>Inicia a gest\u00e3o do abrigo Pintol\u00e2ndia para ind\u00edgenas e n\u00e3o ind\u00edgenas em Boa Vista, em parceria com a SETRABES e a Defesa Civil.<\/p>\t\t\t<\/div>\n\t\t\t\t\t\t\t\t\t\t<\/div>\n\t\t<\/div>\n\t\t\t\t\t\t\t\t\t<\/div>\n\t\t\t\t\t\t<\/div>\n\n\t\t\t\t\t\t\t\t\t\t\t\t\n\t\t\t\t\t\t\n\t\t\t\t\t\t<div class=\"bdt-timeline-item\">\n\t\t\t\t\t\t\t<div class=\"bdt-timeline-content\">\n\t\t\t\t\t\t\t\t\t\t<div class=\"bdt-timeline-item-main elementor-repeater-item-9f07f35\" >\n\t\t\t<span class=\"bdt-timeline-arrow\"><\/span>\n\n\t\t\t\n\t\t\t<div class=\"bdt-timeline-desc bdt-padding\">\n\t\t\t\t\t\t<h4\t\t\tclass=\"bdt-timeline-title\">\n\t\t\t\t\t\t\t<span>\n\t\t\t\t\t2016\t\t\t\t<\/span>\n\t\t\t\t\t<\/h4>\n\t\t\t\t\t\t\t\t\t\t\t\t\t<div class=\"bdt-timeline-excerpt\">\n\t\t\t\t<p>Primeira institui\u00e7\u00e3o a chegar a Boa Vista para oferecer assist\u00eancia aos migrantes venezuelanos.<\/p>\t\t\t<\/div>\n\t\t\t\t\t\t\t\t\t\t<\/div>\n\t\t<\/div>\n\t\t\t\t\t\t\t\t\t<\/div>\n\t\t\t\t\t\t<\/div>\n\n\t\t\t\t\t\n\t\t\t\t<\/div>\n\t\t\t<\/div>\n\t\t<\/div>\n \t\t\t\t<\/div>\n\t\t\t\t<\/div>\n\t\t\t\t\t<\/div>\n\t\t<\/div>\n\t\t\t\t\t<\/div>\n\t\t<\/section>\n\t\t\t\t<\/div>\n\t\t","protected":false},"excerpt":{"rendered":"<p>since November 2016<\/p>\n","protected":false},"author":1,"featured_media":141060,"comment_status":"closed","ping_status":"closed","sticky":false,"template":"elementor_header_footer","format":"standard","meta":{"footnotes":""},"categories":[144,60],"tags":[91],"class_list":["post-116316","post","type-post","status-publish","format-standard","has-post-thumbnail","hentry","category-missions","category-permanent","tag-nacionais-en"],"featured_image_src":"https:\/\/www.missoeshumanitarias.org\/wp-content\/uploads\/2016\/11\/capa-mission-roraima-EN.jpg","author_info":{"display_name":"maducato_admin","author_link":"https:\/\/www.missoeshumanitarias.org\/en\/author\/maducato_admin\/"},"yoast_head":"<!-- This site is optimized with the Yoast SEO Premium plugin v22.5 (Yoast SEO v22.5) - https:\/\/yoast.com\/wordpress\/plugins\/seo\/ -->\n<title>Roraima Humanitarian Mission<\/title>\n<meta name=\"description\" content=\"Atualmente atuando na gest\u00e3o de 5 abrigos (4 em Boa Vista e 1 em Pacaraima) e administrando, al\u00e9m do projeto em parceria com o Acnur\" \/>\n<meta name=\"robots\" content=\"index, follow, max-snippet:-1, max-image-preview:large, max-video-preview:-1\" \/>\n<link rel=\"canonical\" href=\"https:\/\/www.missoeshumanitarias.org\/en\/roraima-mission\/\" \/>\n<meta property=\"og:locale\" content=\"en_US\" \/>\n<meta property=\"og:type\" content=\"article\" \/>\n<meta property=\"og:title\" content=\"RORAIMA MISSION\" \/>\n<meta property=\"og:description\" content=\"Atualmente atuando na gest\u00e3o de 5 abrigos (4 em Boa Vista e 1 em Pacaraima) e administrando, al\u00e9m do projeto em parceria com o Acnur\" \/>\n<meta property=\"og:url\" content=\"https:\/\/www.missoeshumanitarias.org\/en\/roraima-mission\/\" \/>\n<meta property=\"og:site_name\" content=\"Fraternidade Miss\u00f5es Humanit\u00e1rias Internacionais\" \/>\n<meta property=\"article:published_time\" content=\"2022-08-29T09:35:47+00:00\" \/>\n<meta property=\"article:modified_time\" content=\"2024-01-29T18:02:21+00:00\" \/>\n<meta property=\"og:image\" content=\"https:\/\/www.missoeshumanitarias.org\/wp-content\/uploads\/2016\/11\/capa-mission-roraima-EN.jpg\" \/>\n\t<meta property=\"og:image:width\" content=\"1000\" \/>\n\t<meta property=\"og:image:height\" content=\"1200\" \/>\n\t<meta property=\"og:image:type\" content=\"image\/jpeg\" \/>\n<meta name=\"author\" content=\"maducato_admin\" \/>\n<meta name=\"twitter:card\" content=\"summary_large_image\" \/>\n<meta name=\"twitter:label1\" content=\"Written by\" \/>\n\t<meta name=\"twitter:data1\" content=\"maducato_admin\" \/>\n\t<meta name=\"twitter:label2\" content=\"Est. reading time\" \/>\n\t<meta name=\"twitter:data2\" content=\"7 minutes\" \/>\n<script type=\"application\/ld+json\" class=\"yoast-schema-graph\">{\"@context\":\"https:\/\/schema.org\",\"@graph\":[{\"@type\":\"Article\",\"@id\":\"https:\/\/www.missoeshumanitarias.org\/en\/roraima-mission\/#article\",\"isPartOf\":{\"@id\":\"https:\/\/www.missoeshumanitarias.org\/en\/roraima-mission\/\"},\"author\":{\"name\":\"maducato_admin\",\"@id\":\"https:\/\/www.missoeshumanitarias.org\/es\/#\/schema\/person\/e0f8527323154d1eba9f9d9eb6b401f7\"},\"headline\":\"RORAIMA MISSION\",\"datePublished\":\"2022-08-29T09:35:47+00:00\",\"dateModified\":\"2024-01-29T18:02:21+00:00\",\"mainEntityOfPage\":{\"@id\":\"https:\/\/www.missoeshumanitarias.org\/en\/roraima-mission\/\"},\"wordCount\":656,\"publisher\":{\"@id\":\"https:\/\/www.missoeshumanitarias.org\/es\/#organization\"},\"image\":{\"@id\":\"https:\/\/www.missoeshumanitarias.org\/en\/roraima-mission\/#primaryimage\"},\"thumbnailUrl\":\"https:\/\/www.missoeshumanitarias.org\/wp-content\/uploads\/2016\/11\/capa-mission-roraima-EN.jpg\",\"keywords\":[\"In Brazil\"],\"articleSection\":[\"Missions\",\"Permanent\"],\"inLanguage\":\"en-US\"},{\"@type\":\"WebPage\",\"@id\":\"https:\/\/www.missoeshumanitarias.org\/en\/roraima-mission\/\",\"url\":\"https:\/\/www.missoeshumanitarias.org\/en\/roraima-mission\/\",\"name\":\"Roraima Humanitarian Mission\",\"isPartOf\":{\"@id\":\"https:\/\/www.missoeshumanitarias.org\/es\/#website\"},\"primaryImageOfPage\":{\"@id\":\"https:\/\/www.missoeshumanitarias.org\/en\/roraima-mission\/#primaryimage\"},\"image\":{\"@id\":\"https:\/\/www.missoeshumanitarias.org\/en\/roraima-mission\/#primaryimage\"},\"thumbnailUrl\":\"https:\/\/www.missoeshumanitarias.org\/wp-content\/uploads\/2016\/11\/capa-mission-roraima-EN.jpg\",\"datePublished\":\"2022-08-29T09:35:47+00:00\",\"dateModified\":\"2024-01-29T18:02:21+00:00\",\"description\":\"Atualmente atuando na gest\u00e3o de 5 abrigos (4 em Boa Vista e 1 em Pacaraima) e administrando, al\u00e9m do projeto em parceria com o Acnur\",\"breadcrumb\":{\"@id\":\"https:\/\/www.missoeshumanitarias.org\/en\/roraima-mission\/#breadcrumb\"},\"inLanguage\":\"en-US\",\"potentialAction\":[{\"@type\":\"ReadAction\",\"target\":[\"https:\/\/www.missoeshumanitarias.org\/en\/roraima-mission\/\"]}]},{\"@type\":\"ImageObject\",\"inLanguage\":\"en-US\",\"@id\":\"https:\/\/www.missoeshumanitarias.org\/en\/roraima-mission\/#primaryimage\",\"url\":\"https:\/\/www.missoeshumanitarias.org\/wp-content\/uploads\/2016\/11\/capa-mission-roraima-EN.jpg\",\"contentUrl\":\"https:\/\/www.missoeshumanitarias.org\/wp-content\/uploads\/2016\/11\/capa-mission-roraima-EN.jpg\",\"width\":1000,\"height\":1200,\"caption\":\"Roraima Mission\"},{\"@type\":\"BreadcrumbList\",\"@id\":\"https:\/\/www.missoeshumanitarias.org\/en\/roraima-mission\/#breadcrumb\",\"itemListElement\":[{\"@type\":\"ListItem\",\"position\":1,\"name\":\"Home\",\"item\":\"https:\/\/www.missoeshumanitarias.org\/en\/\"},{\"@type\":\"ListItem\",\"position\":2,\"name\":\"RORAIMA MISSION\"}]},{\"@type\":\"WebSite\",\"@id\":\"https:\/\/www.missoeshumanitarias.org\/es\/#website\",\"url\":\"https:\/\/www.missoeshumanitarias.org\/es\/\",\"name\":\"Fraternidade Miss\u00f5es Humanit\u00e1rias Internacionais\",\"description\":\"Respostas Humanit\u00e1rias e Emerg\u00eancias\",\"publisher\":{\"@id\":\"https:\/\/www.missoeshumanitarias.org\/es\/#organization\"},\"potentialAction\":[{\"@type\":\"SearchAction\",\"target\":{\"@type\":\"EntryPoint\",\"urlTemplate\":\"https:\/\/www.missoeshumanitarias.org\/es\/?s={search_term_string}\"},\"query-input\":\"required name=search_term_string\"}],\"inLanguage\":\"en-US\"},{\"@type\":\"Organization\",\"@id\":\"https:\/\/www.missoeshumanitarias.org\/es\/#organization\",\"name\":\"Fraternidade - Miss\u00f5es Humanit\u00e1rias Internacionais\",\"url\":\"https:\/\/www.missoeshumanitarias.org\/es\/\",\"logo\":{\"@type\":\"ImageObject\",\"inLanguage\":\"en-US\",\"@id\":\"https:\/\/www.missoeshumanitarias.org\/es\/#\/schema\/logo\/image\/\",\"url\":\"https:\/\/www.missoeshumanitarias.org\/wp-content\/uploads\/2020\/05\/logo-FMHI-mg.png\",\"contentUrl\":\"https:\/\/www.missoeshumanitarias.org\/wp-content\/uploads\/2020\/05\/logo-FMHI-mg.png\",\"width\":520,\"height\":134,\"caption\":\"Fraternidade - Miss\u00f5es Humanit\u00e1rias Internacionais\"},\"image\":{\"@id\":\"https:\/\/www.missoeshumanitarias.org\/es\/#\/schema\/logo\/image\/\"}},{\"@type\":\"Person\",\"@id\":\"https:\/\/www.missoeshumanitarias.org\/es\/#\/schema\/person\/e0f8527323154d1eba9f9d9eb6b401f7\",\"name\":\"maducato_admin\",\"image\":{\"@type\":\"ImageObject\",\"inLanguage\":\"en-US\",\"@id\":\"https:\/\/www.missoeshumanitarias.org\/es\/#\/schema\/person\/image\/\",\"url\":\"https:\/\/secure.gravatar.com\/avatar\/6c3b45186a8f5a459d8e14c7fca370bceae92402bc06171d75e4e559b6c24393?s=96&d=mm&r=g\",\"contentUrl\":\"https:\/\/secure.gravatar.com\/avatar\/6c3b45186a8f5a459d8e14c7fca370bceae92402bc06171d75e4e559b6c24393?s=96&d=mm&r=g\",\"caption\":\"maducato_admin\"}}]}<\/script>\n<!-- \/ Yoast SEO Premium plugin. -->","yoast_head_json":{"title":"Roraima Humanitarian Mission","description":"Atualmente atuando na gest\u00e3o de 5 abrigos (4 em Boa Vista e 1 em Pacaraima) e administrando, al\u00e9m do projeto em parceria com o Acnur","robots":{"index":"index","follow":"follow","max-snippet":"max-snippet:-1","max-image-preview":"max-image-preview:large","max-video-preview":"max-video-preview:-1"},"canonical":"https:\/\/www.missoeshumanitarias.org\/en\/roraima-mission\/","og_locale":"en_US","og_type":"article","og_title":"RORAIMA MISSION","og_description":"Atualmente atuando na gest\u00e3o de 5 abrigos (4 em Boa Vista e 1 em Pacaraima) e administrando, al\u00e9m do projeto em parceria com o Acnur","og_url":"https:\/\/www.missoeshumanitarias.org\/en\/roraima-mission\/","og_site_name":"Fraternidade Miss\u00f5es Humanit\u00e1rias Internacionais","article_published_time":"2022-08-29T09:35:47+00:00","article_modified_time":"2024-01-29T18:02:21+00:00","og_image":[{"width":1000,"height":1200,"url":"https:\/\/www.missoeshumanitarias.org\/wp-content\/uploads\/2016\/11\/capa-mission-roraima-EN.jpg","type":"image\/jpeg"}],"author":"maducato_admin","twitter_card":"summary_large_image","twitter_misc":{"Written by":"maducato_admin","Est. reading time":"7 minutes"},"schema":{"@context":"https:\/\/schema.org","@graph":[{"@type":"Article","@id":"https:\/\/www.missoeshumanitarias.org\/en\/roraima-mission\/#article","isPartOf":{"@id":"https:\/\/www.missoeshumanitarias.org\/en\/roraima-mission\/"},"author":{"name":"maducato_admin","@id":"https:\/\/www.missoeshumanitarias.org\/es\/#\/schema\/person\/e0f8527323154d1eba9f9d9eb6b401f7"},"headline":"RORAIMA MISSION","datePublished":"2022-08-29T09:35:47+00:00","dateModified":"2024-01-29T18:02:21+00:00","mainEntityOfPage":{"@id":"https:\/\/www.missoeshumanitarias.org\/en\/roraima-mission\/"},"wordCount":656,"publisher":{"@id":"https:\/\/www.missoeshumanitarias.org\/es\/#organization"},"image":{"@id":"https:\/\/www.missoeshumanitarias.org\/en\/roraima-mission\/#primaryimage"},"thumbnailUrl":"https:\/\/www.missoeshumanitarias.org\/wp-content\/uploads\/2016\/11\/capa-mission-roraima-EN.jpg","keywords":["In Brazil"],"articleSection":["Missions","Permanent"],"inLanguage":"en-US"},{"@type":"WebPage","@id":"https:\/\/www.missoeshumanitarias.org\/en\/roraima-mission\/","url":"https:\/\/www.missoeshumanitarias.org\/en\/roraima-mission\/","name":"Roraima Humanitarian Mission","isPartOf":{"@id":"https:\/\/www.missoeshumanitarias.org\/es\/#website"},"primaryImageOfPage":{"@id":"https:\/\/www.missoeshumanitarias.org\/en\/roraima-mission\/#primaryimage"},"image":{"@id":"https:\/\/www.missoeshumanitarias.org\/en\/roraima-mission\/#primaryimage"},"thumbnailUrl":"https:\/\/www.missoeshumanitarias.org\/wp-content\/uploads\/2016\/11\/capa-mission-roraima-EN.jpg","datePublished":"2022-08-29T09:35:47+00:00","dateModified":"2024-01-29T18:02:21+00:00","description":"Atualmente atuando na gest\u00e3o de 5 abrigos (4 em Boa Vista e 1 em Pacaraima) e administrando, al\u00e9m do projeto em parceria com o Acnur","breadcrumb":{"@id":"https:\/\/www.missoeshumanitarias.org\/en\/roraima-mission\/#breadcrumb"},"inLanguage":"en-US","potentialAction":[{"@type":"ReadAction","target":["https:\/\/www.missoeshumanitarias.org\/en\/roraima-mission\/"]}]},{"@type":"ImageObject","inLanguage":"en-US","@id":"https:\/\/www.missoeshumanitarias.org\/en\/roraima-mission\/#primaryimage","url":"https:\/\/www.missoeshumanitarias.org\/wp-content\/uploads\/2016\/11\/capa-mission-roraima-EN.jpg","contentUrl":"https:\/\/www.missoeshumanitarias.org\/wp-content\/uploads\/2016\/11\/capa-mission-roraima-EN.jpg","width":1000,"height":1200,"caption":"Roraima Mission"},{"@type":"BreadcrumbList","@id":"https:\/\/www.missoeshumanitarias.org\/en\/roraima-mission\/#breadcrumb","itemListElement":[{"@type":"ListItem","position":1,"name":"Home","item":"https:\/\/www.missoeshumanitarias.org\/en\/"},{"@type":"ListItem","position":2,"name":"RORAIMA MISSION"}]},{"@type":"WebSite","@id":"https:\/\/www.missoeshumanitarias.org\/es\/#website","url":"https:\/\/www.missoeshumanitarias.org\/es\/","name":"Fraternidade Miss\u00f5es Humanit\u00e1rias Internacionais","description":"Respostas Humanit\u00e1rias e Emerg\u00eancias","publisher":{"@id":"https:\/\/www.missoeshumanitarias.org\/es\/#organization"},"potentialAction":[{"@type":"SearchAction","target":{"@type":"EntryPoint","urlTemplate":"https:\/\/www.missoeshumanitarias.org\/es\/?s={search_term_string}"},"query-input":"required name=search_term_string"}],"inLanguage":"en-US"},{"@type":"Organization","@id":"https:\/\/www.missoeshumanitarias.org\/es\/#organization","name":"Fraternidade - Miss\u00f5es Humanit\u00e1rias Internacionais","url":"https:\/\/www.missoeshumanitarias.org\/es\/","logo":{"@type":"ImageObject","inLanguage":"en-US","@id":"https:\/\/www.missoeshumanitarias.org\/es\/#\/schema\/logo\/image\/","url":"https:\/\/www.missoeshumanitarias.org\/wp-content\/uploads\/2020\/05\/logo-FMHI-mg.png","contentUrl":"https:\/\/www.missoeshumanitarias.org\/wp-content\/uploads\/2020\/05\/logo-FMHI-mg.png","width":520,"height":134,"caption":"Fraternidade - Miss\u00f5es Humanit\u00e1rias Internacionais"},"image":{"@id":"https:\/\/www.missoeshumanitarias.org\/es\/#\/schema\/logo\/image\/"}},{"@type":"Person","@id":"https:\/\/www.missoeshumanitarias.org\/es\/#\/schema\/person\/e0f8527323154d1eba9f9d9eb6b401f7","name":"maducato_admin","image":{"@type":"ImageObject","inLanguage":"en-US","@id":"https:\/\/www.missoeshumanitarias.org\/es\/#\/schema\/person\/image\/","url":"https:\/\/secure.gravatar.com\/avatar\/6c3b45186a8f5a459d8e14c7fca370bceae92402bc06171d75e4e559b6c24393?s=96&d=mm&r=g","contentUrl":"https:\/\/secure.gravatar.com\/avatar\/6c3b45186a8f5a459d8e14c7fca370bceae92402bc06171d75e4e559b6c24393?s=96&d=mm&r=g","caption":"maducato_admin"}}]}},"_links":{"self":[{"href":"https:\/\/www.missoeshumanitarias.org\/en\/wp-json\/wp\/v2\/posts\/116316","targetHints":{"allow":["GET"]}}],"collection":[{"href":"https:\/\/www.missoeshumanitarias.org\/en\/wp-json\/wp\/v2\/posts"}],"about":[{"href":"https:\/\/www.missoeshumanitarias.org\/en\/wp-json\/wp\/v2\/types\/post"}],"author":[{"embeddable":true,"href":"https:\/\/www.missoeshumanitarias.org\/en\/wp-json\/wp\/v2\/users\/1"}],"replies":[{"embeddable":true,"href":"https:\/\/www.missoeshumanitarias.org\/en\/wp-json\/wp\/v2\/comments?post=116316"}],"version-history":[{"count":1,"href":"https:\/\/www.missoeshumanitarias.org\/en\/wp-json\/wp\/v2\/posts\/116316\/revisions"}],"predecessor-version":[{"id":152644,"href":"https:\/\/www.missoeshumanitarias.org\/en\/wp-json\/wp\/v2\/posts\/116316\/revisions\/152644"}],"wp:featuredmedia":[{"embeddable":true,"href":"https:\/\/www.missoeshumanitarias.org\/en\/wp-json\/wp\/v2\/media\/141060"}],"wp:attachment":[{"href":"https:\/\/www.missoeshumanitarias.org\/en\/wp-json\/wp\/v2\/media?parent=116316"}],"wp:term":[{"taxonomy":"category","embeddable":true,"href":"https:\/\/www.missoeshumanitarias.org\/en\/wp-json\/wp\/v2\/categories?post=116316"},{"taxonomy":"post_tag","embeddable":true,"href":"https:\/\/www.missoeshumanitarias.org\/en\/wp-json\/wp\/v2\/tags?post=116316"}],"curies":[{"name":"wp","href":"https:\/\/api.w.org\/{rel}","templated":true}]}}