{"id":117003,"date":"2021-02-04T16:01:00","date_gmt":"2021-02-04T19:01:00","guid":{"rendered":"https:\/\/www.missoeshumanitarias.org\/?p=117003"},"modified":"2021-08-04T12:04:46","modified_gmt":"2021-08-04T15:04:46","slug":"the-general-manager-and-representatives-of-the-humanitarian-fraternity-ffhi-meet-with-the-governor-of-rio-grande-do-sul","status":"publish","type":"post","link":"https:\/\/www.missoeshumanitarias.org\/en\/the-general-manager-and-representatives-of-the-humanitarian-fraternity-ffhi-meet-with-the-governor-of-rio-grande-do-sul\/","title":{"rendered":"The general manager and representatives of the Humanitarian Fraternity (FFHI) meet with the governor of Rio Grande do Sul"},"content":{"rendered":"\n<figure class=\"wp-block-image\"><a href=\"https:\/\/www.fraterinternacional.org\/wp-content\/uploads\/2021\/02\/gestor-geral-reunia-RGS2.jpg\"><img decoding=\"async\" src=\"https:\/\/www.fraterinternacional.org\/wp-content\/uploads\/2021\/02\/gestor-geral-reunia-RGS2.jpg\" alt=\"Gestor geral da Fraternidade \u2013 Humanit\u00e1ria (FFHI) se re\u00fanem com governador do Rio Grande do Sul.\" class=\"wp-image-119907\"\/><\/a><\/figure>\n\n\n\n<p>The general manager, Friar Luciano, and other representatives of the&nbsp;<a href=\"https:\/\/www.fraterinternacional.org\/en\/\">Fraternity \u2013 International Humanitarian Federation (FFHI)<\/a>, together with representatives of the Porto Alegre Light-Network, participated in a meeting with the governor of Rio Grande do Sul, Eduardo Leite, and the Secretary of Labor and Social Assistance, Regina Becker, to present the Sphere Handbook, its guidelines, and offer training for government sectors in the State of Rio Grande do Sul, with the purpose of having them know the protocols presented in the Sphere Handbook for application in situations of humanitarian responses and emergencies.<\/p>\n\n\n\n<p>According to the general manager of the&nbsp;<a href=\"https:\/\/www.fraterinternacional.org\/en\/\">Humanitarian Fraternity (FFHI)<\/a>, the governor found this training important, including the guide,&nbsp;<em>Using the Sphere Standards in Urban Settings.<\/em>&nbsp;\u201cWe left a first proposal for a schedule, and then the&nbsp;<a href=\"https:\/\/www.fraterinternacional.org\/en\/training-and-development-sector-td\/\">Training and Development Sector (T&amp;D)<\/a>&nbsp;will have a meeting with Regina Becker to line up more details,\u201d he said.<\/p>\n\n\n\n<p>The State Secretary for Labor and Social Assistance will do the communicating with the Humanitarian Fraternity (FFHI), and must identify the institutions, municipalities, government agencies and collaborators who will participate in the training, in addition to dealing with other aspects relevant to accomplishing the course.<\/p>\n\n\n\n<p>F\u00e1dia Gonzalez, representative of the&nbsp;<a href=\"https:\/\/www.fraterinternacional.org\/en\/the-mbya-guarani-community-receives-donations-from-the-porto-alegre-light-network\/\">Porto Alegre Light-Network<\/a>, which is one of the affiliates of the Humanitarian Fraternity (FFHI), was one of the translators of the Sphere Handbook into the Portuguese language. She points out the relevance of this tool in a humanitarian response: \u201cthe Sphere Handbook was approved worldwide by organizations active in the humanitarian sector, the standards of which, having already been certified by years of experience, can guide actions here in Brazil and around the world.\u201d<\/p>\n\n\n\n<p>Also addressed in the meeting were questions related to the humanitarian missions carried out by the&nbsp;<a href=\"https:\/\/www.fraterinternacional.org\/en\/\">Humanitarian Fraternity (FFHI)<\/a>, its actions as a focal point of the Sphere (Geneva), and since January of 2021, also as the focal point of the partner&nbsp;<a href=\"https:\/\/spherestandards.org\/\">Sphere Association<\/a>, the&nbsp;Interagency Network for Education in Emergencies (INEE), and also issues related to the training of volunteers for facing future and possible crises.<\/p>\n\n\n\n<h3 class=\"wp-block-heading\" id=\"h-on-the-sphere-handbook-and-the-guide-using-the-sphere-standards-in-urban-settings\"><strong>On the Sphere Handbook and the Guide \u201cUsing the Sphere Standards in Urban Settings\u201d<\/strong><\/h3>\n\n\n\n<div class=\"wp-block-image\"><figure class=\"aligncenter\"><a href=\"https:\/\/www.fraterinternacional.org\/wp-content\/uploads\/2021\/02\/gestor-geral-reunia-RGS.jpg\"><img decoding=\"async\" src=\"https:\/\/www.fraterinternacional.org\/wp-content\/uploads\/2021\/02\/gestor-geral-reunia-RGS.jpg\" alt=\"Gestor geral da Fraternidade \u2013 Humanit\u00e1ria (FFHI) se re\u00fanem com governador do Rio Grande do Sul.\" class=\"wp-image-119904\"\/><\/a><\/figure><\/div>\n\n\n\n<p>Both having been translated into Brazilian Portuguese and also adapted to the Portuguese of Portugal through the dedicated work of the Brazilian and Portuguese teams of&nbsp;<a href=\"https:\/\/www.irdin.org.br\/\">Irdin Editora<\/a>, an affiliate of the&nbsp;<a href=\"https:\/\/www.fraterinternacional.org\/en\/\">Humanitarian Fraternity (FFHI)<\/a>,&nbsp;the Sphere Handbook has been available since October of 2020&nbsp;<a href=\"https:\/\/www.irdin.org.br\/site\/produtos\/o-manual-esfera\/\">for purchase in physical or digital format on the website of the publisher<\/a>.<\/p>\n\n\n\n<p>Originally published in English, this guide to the guidelines for acting in humanitarian emergencies has editions in different languages and had been waited for mainly in Portuguese-speaking African countries.<\/p>\n\n\n\n<p>It is an important tool in the humanitarian response, one of the most accessed references to parameterize humanitarian actions according to good practices that guarantee effectiveness and quality in the rebuilding of lives affected by environmental, social and economic catastrophes, or by conflicts, armed or not, in any place on the planet.<\/p>\n","protected":false},"excerpt":{"rendered":"<p>The general manager, Friar Luciano, and other representatives of the&nbsp;Fraternity \u2013 International Humanitarian Federation (FFHI), together with representatives of the Porto Alegre Light-Network, participated in a meeting with the governor of Rio Grande do Sul, Eduardo Leite, and the Secretary of Labor and Social Assistance, Regina Becker, to present the Sphere Handbook, its guidelines, and [&hellip;]<\/p>\n","protected":false},"author":1,"featured_media":113583,"comment_status":"open","ping_status":"open","sticky":false,"template":"","format":"standard","meta":{"footnotes":""},"categories":[9,132],"tags":[],"class_list":["post-117003","post","type-post","status-publish","format-standard","has-post-thumbnail","hentry","category-news","category-news-about-the-missions"],"featured_image_src":"https:\/\/www.missoeshumanitarias.org\/wp-content\/uploads\/2021\/02\/gestor-geral-reunia-RGS.jpg","author_info":{"display_name":"maducato_admin","author_link":"https:\/\/www.missoeshumanitarias.org\/en\/author\/maducato_admin\/"},"yoast_head":"<!-- This site is optimized with the Yoast SEO Premium plugin v22.5 (Yoast SEO v22.5) - https:\/\/yoast.com\/wordpress\/plugins\/seo\/ -->\n<title>The general manager and representatives of the Humanitarian Fraternity (FFHI) meet with the governor of Rio Grande do Sul - Fraternidade Miss\u00f5es Humanit\u00e1rias Internacionais<\/title>\n<meta name=\"description\" content=\"The general manager, Friar Luciano, and other representatives of the Fraternity \u2013 International Humanitarian Federation (FFHI), together with representatives of the Porto Alegre Light-Network, participated in a meeting with the governor of Rio Grande do Sul, Eduardo Leite, and the Secretary of Labor and Social Assistance, Regina Becker, to present the Sphere Handbook\" \/>\n<meta name=\"robots\" content=\"index, follow, max-snippet:-1, max-image-preview:large, max-video-preview:-1\" \/>\n<link rel=\"canonical\" href=\"https:\/\/www.missoeshumanitarias.org\/en\/the-general-manager-and-representatives-of-the-humanitarian-fraternity-ffhi-meet-with-the-governor-of-rio-grande-do-sul\/\" \/>\n<meta property=\"og:locale\" content=\"en_US\" \/>\n<meta property=\"og:type\" content=\"article\" \/>\n<meta property=\"og:title\" content=\"The general manager and representatives of the Humanitarian Fraternity (FFHI) meet with the governor of Rio Grande do Sul\" \/>\n<meta property=\"og:description\" content=\"The general manager, Friar Luciano, and other representatives of the Fraternity \u2013 International Humanitarian Federation (FFHI), together with representatives of the Porto Alegre Light-Network, participated in a meeting with the governor of Rio Grande do Sul, Eduardo Leite, and the Secretary of Labor and Social Assistance, Regina Becker, to present the Sphere Handbook\" \/>\n<meta property=\"og:url\" content=\"https:\/\/www.missoeshumanitarias.org\/en\/the-general-manager-and-representatives-of-the-humanitarian-fraternity-ffhi-meet-with-the-governor-of-rio-grande-do-sul\/\" \/>\n<meta property=\"og:site_name\" content=\"Fraternidade Miss\u00f5es Humanit\u00e1rias Internacionais\" \/>\n<meta property=\"article:published_time\" content=\"2021-02-04T19:01:00+00:00\" \/>\n<meta property=\"article:modified_time\" content=\"2021-08-04T15:04:46+00:00\" \/>\n<meta property=\"og:image\" content=\"https:\/\/www.missoeshumanitarias.org\/wp-content\/uploads\/2021\/02\/gestor-geral-reunia-RGS.jpg\" \/>\n\t<meta property=\"og:image:width\" content=\"1280\" \/>\n\t<meta property=\"og:image:height\" content=\"853\" \/>\n\t<meta property=\"og:image:type\" content=\"image\/jpeg\" \/>\n<meta name=\"author\" content=\"maducato_admin\" \/>\n<meta name=\"twitter:card\" content=\"summary_large_image\" \/>\n<meta name=\"twitter:label1\" content=\"Written by\" \/>\n\t<meta name=\"twitter:data1\" content=\"maducato_admin\" \/>\n\t<meta name=\"twitter:label2\" content=\"Est. reading time\" \/>\n\t<meta name=\"twitter:data2\" content=\"3 minutes\" \/>\n<script type=\"application\/ld+json\" class=\"yoast-schema-graph\">{\"@context\":\"https:\/\/schema.org\",\"@graph\":[{\"@type\":\"Article\",\"@id\":\"https:\/\/www.missoeshumanitarias.org\/en\/the-general-manager-and-representatives-of-the-humanitarian-fraternity-ffhi-meet-with-the-governor-of-rio-grande-do-sul\/#article\",\"isPartOf\":{\"@id\":\"https:\/\/www.missoeshumanitarias.org\/en\/the-general-manager-and-representatives-of-the-humanitarian-fraternity-ffhi-meet-with-the-governor-of-rio-grande-do-sul\/\"},\"author\":{\"name\":\"maducato_admin\",\"@id\":\"https:\/\/www.missoeshumanitarias.org\/es\/#\/schema\/person\/e0f8527323154d1eba9f9d9eb6b401f7\"},\"headline\":\"The general manager and representatives of the Humanitarian Fraternity (FFHI) meet with the governor of Rio Grande do Sul\",\"datePublished\":\"2021-02-04T19:01:00+00:00\",\"dateModified\":\"2021-08-04T15:04:46+00:00\",\"mainEntityOfPage\":{\"@id\":\"https:\/\/www.missoeshumanitarias.org\/en\/the-general-manager-and-representatives-of-the-humanitarian-fraternity-ffhi-meet-with-the-governor-of-rio-grande-do-sul\/\"},\"wordCount\":525,\"commentCount\":0,\"publisher\":{\"@id\":\"https:\/\/www.missoeshumanitarias.org\/es\/#organization\"},\"image\":{\"@id\":\"https:\/\/www.missoeshumanitarias.org\/en\/the-general-manager-and-representatives-of-the-humanitarian-fraternity-ffhi-meet-with-the-governor-of-rio-grande-do-sul\/#primaryimage\"},\"thumbnailUrl\":\"https:\/\/www.missoeshumanitarias.org\/wp-content\/uploads\/2021\/02\/gestor-geral-reunia-RGS.jpg\",\"articleSection\":[\"News\",\"News about the Missions\"],\"inLanguage\":\"en-US\",\"potentialAction\":[{\"@type\":\"CommentAction\",\"name\":\"Comment\",\"target\":[\"https:\/\/www.missoeshumanitarias.org\/en\/the-general-manager-and-representatives-of-the-humanitarian-fraternity-ffhi-meet-with-the-governor-of-rio-grande-do-sul\/#respond\"]}]},{\"@type\":\"WebPage\",\"@id\":\"https:\/\/www.missoeshumanitarias.org\/en\/the-general-manager-and-representatives-of-the-humanitarian-fraternity-ffhi-meet-with-the-governor-of-rio-grande-do-sul\/\",\"url\":\"https:\/\/www.missoeshumanitarias.org\/en\/the-general-manager-and-representatives-of-the-humanitarian-fraternity-ffhi-meet-with-the-governor-of-rio-grande-do-sul\/\",\"name\":\"The general manager and representatives of the Humanitarian Fraternity (FFHI) meet with the governor of Rio Grande do Sul - Fraternidade Miss\u00f5es Humanit\u00e1rias Internacionais\",\"isPartOf\":{\"@id\":\"https:\/\/www.missoeshumanitarias.org\/es\/#website\"},\"primaryImageOfPage\":{\"@id\":\"https:\/\/www.missoeshumanitarias.org\/en\/the-general-manager-and-representatives-of-the-humanitarian-fraternity-ffhi-meet-with-the-governor-of-rio-grande-do-sul\/#primaryimage\"},\"image\":{\"@id\":\"https:\/\/www.missoeshumanitarias.org\/en\/the-general-manager-and-representatives-of-the-humanitarian-fraternity-ffhi-meet-with-the-governor-of-rio-grande-do-sul\/#primaryimage\"},\"thumbnailUrl\":\"https:\/\/www.missoeshumanitarias.org\/wp-content\/uploads\/2021\/02\/gestor-geral-reunia-RGS.jpg\",\"datePublished\":\"2021-02-04T19:01:00+00:00\",\"dateModified\":\"2021-08-04T15:04:46+00:00\",\"description\":\"The general manager, Friar Luciano, and other representatives of the Fraternity \u2013 International Humanitarian Federation (FFHI), together with representatives of the Porto Alegre Light-Network, participated in a meeting with the governor of Rio Grande do Sul, Eduardo Leite, and the Secretary of Labor and Social Assistance, Regina Becker, to present the Sphere Handbook\",\"breadcrumb\":{\"@id\":\"https:\/\/www.missoeshumanitarias.org\/en\/the-general-manager-and-representatives-of-the-humanitarian-fraternity-ffhi-meet-with-the-governor-of-rio-grande-do-sul\/#breadcrumb\"},\"inLanguage\":\"en-US\",\"potentialAction\":[{\"@type\":\"ReadAction\",\"target\":[\"https:\/\/www.missoeshumanitarias.org\/en\/the-general-manager-and-representatives-of-the-humanitarian-fraternity-ffhi-meet-with-the-governor-of-rio-grande-do-sul\/\"]}]},{\"@type\":\"ImageObject\",\"inLanguage\":\"en-US\",\"@id\":\"https:\/\/www.missoeshumanitarias.org\/en\/the-general-manager-and-representatives-of-the-humanitarian-fraternity-ffhi-meet-with-the-governor-of-rio-grande-do-sul\/#primaryimage\",\"url\":\"https:\/\/www.missoeshumanitarias.org\/wp-content\/uploads\/2021\/02\/gestor-geral-reunia-RGS.jpg\",\"contentUrl\":\"https:\/\/www.missoeshumanitarias.org\/wp-content\/uploads\/2021\/02\/gestor-geral-reunia-RGS.jpg\",\"width\":1280,\"height\":853},{\"@type\":\"BreadcrumbList\",\"@id\":\"https:\/\/www.missoeshumanitarias.org\/en\/the-general-manager-and-representatives-of-the-humanitarian-fraternity-ffhi-meet-with-the-governor-of-rio-grande-do-sul\/#breadcrumb\",\"itemListElement\":[{\"@type\":\"ListItem\",\"position\":1,\"name\":\"Home\",\"item\":\"https:\/\/www.missoeshumanitarias.org\/en\/\"},{\"@type\":\"ListItem\",\"position\":2,\"name\":\"The general manager and representatives of the Humanitarian Fraternity (FFHI) meet with the governor of Rio Grande do Sul\"}]},{\"@type\":\"WebSite\",\"@id\":\"https:\/\/www.missoeshumanitarias.org\/es\/#website\",\"url\":\"https:\/\/www.missoeshumanitarias.org\/es\/\",\"name\":\"Fraternidade Miss\u00f5es Humanit\u00e1rias Internacionais\",\"description\":\"Respostas Humanit\u00e1rias e Emerg\u00eancias\",\"publisher\":{\"@id\":\"https:\/\/www.missoeshumanitarias.org\/es\/#organization\"},\"potentialAction\":[{\"@type\":\"SearchAction\",\"target\":{\"@type\":\"EntryPoint\",\"urlTemplate\":\"https:\/\/www.missoeshumanitarias.org\/es\/?s={search_term_string}\"},\"query-input\":\"required name=search_term_string\"}],\"inLanguage\":\"en-US\"},{\"@type\":\"Organization\",\"@id\":\"https:\/\/www.missoeshumanitarias.org\/es\/#organization\",\"name\":\"Fraternidade - Miss\u00f5es Humanit\u00e1rias Internacionais\",\"url\":\"https:\/\/www.missoeshumanitarias.org\/es\/\",\"logo\":{\"@type\":\"ImageObject\",\"inLanguage\":\"en-US\",\"@id\":\"https:\/\/www.missoeshumanitarias.org\/es\/#\/schema\/logo\/image\/\",\"url\":\"https:\/\/www.missoeshumanitarias.org\/wp-content\/uploads\/2020\/05\/logo-FMHI-mg.png\",\"contentUrl\":\"https:\/\/www.missoeshumanitarias.org\/wp-content\/uploads\/2020\/05\/logo-FMHI-mg.png\",\"width\":520,\"height\":134,\"caption\":\"Fraternidade - Miss\u00f5es Humanit\u00e1rias Internacionais\"},\"image\":{\"@id\":\"https:\/\/www.missoeshumanitarias.org\/es\/#\/schema\/logo\/image\/\"}},{\"@type\":\"Person\",\"@id\":\"https:\/\/www.missoeshumanitarias.org\/es\/#\/schema\/person\/e0f8527323154d1eba9f9d9eb6b401f7\",\"name\":\"maducato_admin\",\"image\":{\"@type\":\"ImageObject\",\"inLanguage\":\"en-US\",\"@id\":\"https:\/\/www.missoeshumanitarias.org\/es\/#\/schema\/person\/image\/\",\"url\":\"https:\/\/secure.gravatar.com\/avatar\/6c3b45186a8f5a459d8e14c7fca370bceae92402bc06171d75e4e559b6c24393?s=96&d=mm&r=g\",\"contentUrl\":\"https:\/\/secure.gravatar.com\/avatar\/6c3b45186a8f5a459d8e14c7fca370bceae92402bc06171d75e4e559b6c24393?s=96&d=mm&r=g\",\"caption\":\"maducato_admin\"}}]}<\/script>\n<!-- \/ Yoast SEO Premium plugin. -->","yoast_head_json":{"title":"The general manager and representatives of the Humanitarian Fraternity (FFHI) meet with the governor of Rio Grande do Sul - Fraternidade Miss\u00f5es Humanit\u00e1rias Internacionais","description":"The general manager, Friar Luciano, and other representatives of the Fraternity \u2013 International Humanitarian Federation (FFHI), together with representatives of the Porto Alegre Light-Network, participated in a meeting with the governor of Rio Grande do Sul, Eduardo Leite, and the Secretary of Labor and Social Assistance, Regina Becker, to present the Sphere Handbook","robots":{"index":"index","follow":"follow","max-snippet":"max-snippet:-1","max-image-preview":"max-image-preview:large","max-video-preview":"max-video-preview:-1"},"canonical":"https:\/\/www.missoeshumanitarias.org\/en\/the-general-manager-and-representatives-of-the-humanitarian-fraternity-ffhi-meet-with-the-governor-of-rio-grande-do-sul\/","og_locale":"en_US","og_type":"article","og_title":"The general manager and representatives of the Humanitarian Fraternity (FFHI) meet with the governor of Rio Grande do Sul","og_description":"The general manager, Friar Luciano, and other representatives of the Fraternity \u2013 International Humanitarian Federation (FFHI), together with representatives of the Porto Alegre Light-Network, participated in a meeting with the governor of Rio Grande do Sul, Eduardo Leite, and the Secretary of Labor and Social Assistance, Regina Becker, to present the Sphere Handbook","og_url":"https:\/\/www.missoeshumanitarias.org\/en\/the-general-manager-and-representatives-of-the-humanitarian-fraternity-ffhi-meet-with-the-governor-of-rio-grande-do-sul\/","og_site_name":"Fraternidade Miss\u00f5es Humanit\u00e1rias Internacionais","article_published_time":"2021-02-04T19:01:00+00:00","article_modified_time":"2021-08-04T15:04:46+00:00","og_image":[{"width":1280,"height":853,"url":"https:\/\/www.missoeshumanitarias.org\/wp-content\/uploads\/2021\/02\/gestor-geral-reunia-RGS.jpg","type":"image\/jpeg"}],"author":"maducato_admin","twitter_card":"summary_large_image","twitter_misc":{"Written by":"maducato_admin","Est. reading time":"3 minutes"},"schema":{"@context":"https:\/\/schema.org","@graph":[{"@type":"Article","@id":"https:\/\/www.missoeshumanitarias.org\/en\/the-general-manager-and-representatives-of-the-humanitarian-fraternity-ffhi-meet-with-the-governor-of-rio-grande-do-sul\/#article","isPartOf":{"@id":"https:\/\/www.missoeshumanitarias.org\/en\/the-general-manager-and-representatives-of-the-humanitarian-fraternity-ffhi-meet-with-the-governor-of-rio-grande-do-sul\/"},"author":{"name":"maducato_admin","@id":"https:\/\/www.missoeshumanitarias.org\/es\/#\/schema\/person\/e0f8527323154d1eba9f9d9eb6b401f7"},"headline":"The general manager and representatives of the Humanitarian Fraternity (FFHI) meet with the governor of Rio Grande do Sul","datePublished":"2021-02-04T19:01:00+00:00","dateModified":"2021-08-04T15:04:46+00:00","mainEntityOfPage":{"@id":"https:\/\/www.missoeshumanitarias.org\/en\/the-general-manager-and-representatives-of-the-humanitarian-fraternity-ffhi-meet-with-the-governor-of-rio-grande-do-sul\/"},"wordCount":525,"commentCount":0,"publisher":{"@id":"https:\/\/www.missoeshumanitarias.org\/es\/#organization"},"image":{"@id":"https:\/\/www.missoeshumanitarias.org\/en\/the-general-manager-and-representatives-of-the-humanitarian-fraternity-ffhi-meet-with-the-governor-of-rio-grande-do-sul\/#primaryimage"},"thumbnailUrl":"https:\/\/www.missoeshumanitarias.org\/wp-content\/uploads\/2021\/02\/gestor-geral-reunia-RGS.jpg","articleSection":["News","News about the Missions"],"inLanguage":"en-US","potentialAction":[{"@type":"CommentAction","name":"Comment","target":["https:\/\/www.missoeshumanitarias.org\/en\/the-general-manager-and-representatives-of-the-humanitarian-fraternity-ffhi-meet-with-the-governor-of-rio-grande-do-sul\/#respond"]}]},{"@type":"WebPage","@id":"https:\/\/www.missoeshumanitarias.org\/en\/the-general-manager-and-representatives-of-the-humanitarian-fraternity-ffhi-meet-with-the-governor-of-rio-grande-do-sul\/","url":"https:\/\/www.missoeshumanitarias.org\/en\/the-general-manager-and-representatives-of-the-humanitarian-fraternity-ffhi-meet-with-the-governor-of-rio-grande-do-sul\/","name":"The general manager and representatives of the Humanitarian Fraternity (FFHI) meet with the governor of Rio Grande do Sul - Fraternidade Miss\u00f5es Humanit\u00e1rias Internacionais","isPartOf":{"@id":"https:\/\/www.missoeshumanitarias.org\/es\/#website"},"primaryImageOfPage":{"@id":"https:\/\/www.missoeshumanitarias.org\/en\/the-general-manager-and-representatives-of-the-humanitarian-fraternity-ffhi-meet-with-the-governor-of-rio-grande-do-sul\/#primaryimage"},"image":{"@id":"https:\/\/www.missoeshumanitarias.org\/en\/the-general-manager-and-representatives-of-the-humanitarian-fraternity-ffhi-meet-with-the-governor-of-rio-grande-do-sul\/#primaryimage"},"thumbnailUrl":"https:\/\/www.missoeshumanitarias.org\/wp-content\/uploads\/2021\/02\/gestor-geral-reunia-RGS.jpg","datePublished":"2021-02-04T19:01:00+00:00","dateModified":"2021-08-04T15:04:46+00:00","description":"The general manager, Friar Luciano, and other representatives of the Fraternity \u2013 International Humanitarian Federation (FFHI), together with representatives of the Porto Alegre Light-Network, participated in a meeting with the governor of Rio Grande do Sul, Eduardo Leite, and the Secretary of Labor and Social Assistance, Regina Becker, to present the Sphere Handbook","breadcrumb":{"@id":"https:\/\/www.missoeshumanitarias.org\/en\/the-general-manager-and-representatives-of-the-humanitarian-fraternity-ffhi-meet-with-the-governor-of-rio-grande-do-sul\/#breadcrumb"},"inLanguage":"en-US","potentialAction":[{"@type":"ReadAction","target":["https:\/\/www.missoeshumanitarias.org\/en\/the-general-manager-and-representatives-of-the-humanitarian-fraternity-ffhi-meet-with-the-governor-of-rio-grande-do-sul\/"]}]},{"@type":"ImageObject","inLanguage":"en-US","@id":"https:\/\/www.missoeshumanitarias.org\/en\/the-general-manager-and-representatives-of-the-humanitarian-fraternity-ffhi-meet-with-the-governor-of-rio-grande-do-sul\/#primaryimage","url":"https:\/\/www.missoeshumanitarias.org\/wp-content\/uploads\/2021\/02\/gestor-geral-reunia-RGS.jpg","contentUrl":"https:\/\/www.missoeshumanitarias.org\/wp-content\/uploads\/2021\/02\/gestor-geral-reunia-RGS.jpg","width":1280,"height":853},{"@type":"BreadcrumbList","@id":"https:\/\/www.missoeshumanitarias.org\/en\/the-general-manager-and-representatives-of-the-humanitarian-fraternity-ffhi-meet-with-the-governor-of-rio-grande-do-sul\/#breadcrumb","itemListElement":[{"@type":"ListItem","position":1,"name":"Home","item":"https:\/\/www.missoeshumanitarias.org\/en\/"},{"@type":"ListItem","position":2,"name":"The general manager and representatives of the Humanitarian Fraternity (FFHI) meet with the governor of Rio Grande do Sul"}]},{"@type":"WebSite","@id":"https:\/\/www.missoeshumanitarias.org\/es\/#website","url":"https:\/\/www.missoeshumanitarias.org\/es\/","name":"Fraternidade Miss\u00f5es Humanit\u00e1rias Internacionais","description":"Respostas Humanit\u00e1rias e Emerg\u00eancias","publisher":{"@id":"https:\/\/www.missoeshumanitarias.org\/es\/#organization"},"potentialAction":[{"@type":"SearchAction","target":{"@type":"EntryPoint","urlTemplate":"https:\/\/www.missoeshumanitarias.org\/es\/?s={search_term_string}"},"query-input":"required name=search_term_string"}],"inLanguage":"en-US"},{"@type":"Organization","@id":"https:\/\/www.missoeshumanitarias.org\/es\/#organization","name":"Fraternidade - Miss\u00f5es Humanit\u00e1rias Internacionais","url":"https:\/\/www.missoeshumanitarias.org\/es\/","logo":{"@type":"ImageObject","inLanguage":"en-US","@id":"https:\/\/www.missoeshumanitarias.org\/es\/#\/schema\/logo\/image\/","url":"https:\/\/www.missoeshumanitarias.org\/wp-content\/uploads\/2020\/05\/logo-FMHI-mg.png","contentUrl":"https:\/\/www.missoeshumanitarias.org\/wp-content\/uploads\/2020\/05\/logo-FMHI-mg.png","width":520,"height":134,"caption":"Fraternidade - Miss\u00f5es Humanit\u00e1rias Internacionais"},"image":{"@id":"https:\/\/www.missoeshumanitarias.org\/es\/#\/schema\/logo\/image\/"}},{"@type":"Person","@id":"https:\/\/www.missoeshumanitarias.org\/es\/#\/schema\/person\/e0f8527323154d1eba9f9d9eb6b401f7","name":"maducato_admin","image":{"@type":"ImageObject","inLanguage":"en-US","@id":"https:\/\/www.missoeshumanitarias.org\/es\/#\/schema\/person\/image\/","url":"https:\/\/secure.gravatar.com\/avatar\/6c3b45186a8f5a459d8e14c7fca370bceae92402bc06171d75e4e559b6c24393?s=96&d=mm&r=g","contentUrl":"https:\/\/secure.gravatar.com\/avatar\/6c3b45186a8f5a459d8e14c7fca370bceae92402bc06171d75e4e559b6c24393?s=96&d=mm&r=g","caption":"maducato_admin"}}]}},"_links":{"self":[{"href":"https:\/\/www.missoeshumanitarias.org\/en\/wp-json\/wp\/v2\/posts\/117003","targetHints":{"allow":["GET"]}}],"collection":[{"href":"https:\/\/www.missoeshumanitarias.org\/en\/wp-json\/wp\/v2\/posts"}],"about":[{"href":"https:\/\/www.missoeshumanitarias.org\/en\/wp-json\/wp\/v2\/types\/post"}],"author":[{"embeddable":true,"href":"https:\/\/www.missoeshumanitarias.org\/en\/wp-json\/wp\/v2\/users\/1"}],"replies":[{"embeddable":true,"href":"https:\/\/www.missoeshumanitarias.org\/en\/wp-json\/wp\/v2\/comments?post=117003"}],"version-history":[{"count":0,"href":"https:\/\/www.missoeshumanitarias.org\/en\/wp-json\/wp\/v2\/posts\/117003\/revisions"}],"wp:featuredmedia":[{"embeddable":true,"href":"https:\/\/www.missoeshumanitarias.org\/en\/wp-json\/wp\/v2\/media\/113583"}],"wp:attachment":[{"href":"https:\/\/www.missoeshumanitarias.org\/en\/wp-json\/wp\/v2\/media?parent=117003"}],"wp:term":[{"taxonomy":"category","embeddable":true,"href":"https:\/\/www.missoeshumanitarias.org\/en\/wp-json\/wp\/v2\/categories?post=117003"},{"taxonomy":"post_tag","embeddable":true,"href":"https:\/\/www.missoeshumanitarias.org\/en\/wp-json\/wp\/v2\/tags?post=117003"}],"curies":[{"name":"wp","href":"https:\/\/api.w.org\/{rel}","templated":true}]}}