{"id":130768,"date":"2015-12-02T14:21:04","date_gmt":"2015-12-02T16:21:04","guid":{"rendered":"https:\/\/www.missoeshumanitarias.org\/the-preparatives-for-the-middle-east-mission-start\/"},"modified":"2015-12-02T14:21:04","modified_gmt":"2015-12-02T16:21:04","slug":"the-preparatives-for-the-middle-east-mission-start","status":"publish","type":"post","link":"https:\/\/www.missoeshumanitarias.org\/en\/the-preparatives-for-the-middle-east-mission-start\/","title":{"rendered":"The preparatives for the Middle East Mission start"},"content":{"rendered":"<p style=\"text-align: justify;\"><a href=\"http:\/\/www.fraterinternacional.org\/wp-content\/uploads\/2015\/12\/campo_refugiados1.jpg\"><img fetchpriority=\"high\" decoding=\"async\" class=\"size-medium wp-image-6889 alignleft\" src=\"https:\/\/www.missoeshumanitarias.org\/wp-content\/uploads\/2021\/08\/campo_refugiados1-300x169-1.jpg\" alt=\"Nic6254947\" width=\"300\" height=\"169\" \/><\/a>The <a href=\"\/?page_id=6366\">Missionaries<\/a> of Peace of the <strong>Fraternidade \u2013 International Humanitarian Federation<\/strong> already have the departure period for the Middle East Mission, which will be on the second half of January 2016. The group will work in the refugee camps of Turkey.<\/p>\n<p style=\"text-align: justify;\">Fourteen Missionaries of Peace of different nationalities will compose the group. All of them have experience in international Missions of Peace in places such as Brazil, Asia or Africa. The return is expected at the end of February.<\/p>\n<p style=\"text-align: justify;\"><a href=\"http:\/\/www.fraterinternacional.org\/wp-content\/uploads\/2015\/12\/barco_refugiados1.jpg\"><img decoding=\"async\" class=\"size-medium wp-image-6892 alignright\" src=\"https:\/\/www.missoeshumanitarias.org\/wp-content\/uploads\/2021\/08\/barco_refugiados1-300x169-1.jpg\" alt=\"barco_refugiados1\" width=\"300\" height=\"169\" \/><\/a>The drama of the refugees started in 2011 in Syria, because of a civil war that forced thousands of people, more than half the population of the country, to flee the country. Many face dangerous trips in precarious ships, crossing the Mediterranean Sea towards Europe. According to the UN Refugee Agency (<strong>UNHCR<\/strong>), more than three million Syrians are refugees, making this the biggest humanitarian emergency of our age. Nowadays about one million refugees need help and many of them are facing a rigorous winter now.<\/p>\n","protected":false},"excerpt":{"rendered":"<p>The Missionaries of Peace of the Fraternidade \u2013 International Humanitarian Federation already have the departure period for the Middle East Mission, which will be on the second half of January 2016. The group will work in the refugee camps of Turkey. Fourteen Missionaries of Peace of different nationalities will compose the group. All of them [&hellip;]<\/p>\n","protected":false},"author":1,"featured_media":119559,"comment_status":"open","ping_status":"open","sticky":false,"template":"","format":"standard","meta":{"footnotes":""},"categories":[9,132],"tags":[],"class_list":["post-130768","post","type-post","status-publish","format-standard","has-post-thumbnail","hentry","category-news","category-news-about-the-missions"],"featured_image_src":"https:\/\/www.missoeshumanitarias.org\/wp-content\/uploads\/2021\/08\/migracao_refugiados1.jpg","author_info":{"display_name":"maducato_admin","author_link":"https:\/\/www.missoeshumanitarias.org\/en\/author\/maducato_admin\/"},"yoast_head":"<!-- This site is optimized with the Yoast SEO Premium plugin v22.5 (Yoast SEO v22.5) - https:\/\/yoast.com\/wordpress\/plugins\/seo\/ -->\n<title>The preparatives for the Middle East Mission start - Fraternidade Miss\u00f5es Humanit\u00e1rias Internacionais<\/title>\n<meta name=\"robots\" content=\"index, follow, max-snippet:-1, max-image-preview:large, max-video-preview:-1\" \/>\n<link rel=\"canonical\" href=\"https:\/\/www.missoeshumanitarias.org\/en\/the-preparatives-for-the-middle-east-mission-start\/\" \/>\n<meta property=\"og:locale\" content=\"en_US\" \/>\n<meta property=\"og:type\" content=\"article\" \/>\n<meta property=\"og:title\" content=\"The preparatives for the Middle East Mission start\" \/>\n<meta property=\"og:description\" content=\"The Missionaries of Peace of the Fraternidade \u2013 International Humanitarian Federation already have the departure period for the Middle East Mission, which will be on the second half of January 2016. The group will work in the refugee camps of Turkey. Fourteen Missionaries of Peace of different nationalities will compose the group. All of them [&hellip;]\" \/>\n<meta property=\"og:url\" content=\"https:\/\/www.missoeshumanitarias.org\/en\/the-preparatives-for-the-middle-east-mission-start\/\" \/>\n<meta property=\"og:site_name\" content=\"Fraternidade Miss\u00f5es Humanit\u00e1rias Internacionais\" \/>\n<meta property=\"article:published_time\" content=\"2015-12-02T16:21:04+00:00\" \/>\n<meta property=\"og:image\" content=\"https:\/\/www.missoeshumanitarias.org\/wp-content\/uploads\/2021\/08\/migracao_refugiados1.jpg\" \/>\n\t<meta property=\"og:image:width\" content=\"700\" \/>\n\t<meta property=\"og:image:height\" content=\"394\" \/>\n\t<meta property=\"og:image:type\" content=\"image\/jpeg\" \/>\n<meta name=\"author\" content=\"maducato_admin\" \/>\n<meta name=\"twitter:card\" content=\"summary_large_image\" \/>\n<meta name=\"twitter:label1\" content=\"Written by\" \/>\n\t<meta name=\"twitter:data1\" content=\"maducato_admin\" \/>\n\t<meta name=\"twitter:label2\" content=\"Est. reading time\" \/>\n\t<meta name=\"twitter:data2\" content=\"1 minute\" \/>\n<script type=\"application\/ld+json\" class=\"yoast-schema-graph\">{\"@context\":\"https:\/\/schema.org\",\"@graph\":[{\"@type\":\"Article\",\"@id\":\"https:\/\/www.missoeshumanitarias.org\/en\/the-preparatives-for-the-middle-east-mission-start\/#article\",\"isPartOf\":{\"@id\":\"https:\/\/www.missoeshumanitarias.org\/en\/the-preparatives-for-the-middle-east-mission-start\/\"},\"author\":{\"name\":\"maducato_admin\",\"@id\":\"https:\/\/www.missoeshumanitarias.org\/es\/#\/schema\/person\/e0f8527323154d1eba9f9d9eb6b401f7\"},\"headline\":\"The preparatives for the Middle East Mission start\",\"datePublished\":\"2015-12-02T16:21:04+00:00\",\"dateModified\":\"2015-12-02T16:21:04+00:00\",\"mainEntityOfPage\":{\"@id\":\"https:\/\/www.missoeshumanitarias.org\/en\/the-preparatives-for-the-middle-east-mission-start\/\"},\"wordCount\":169,\"commentCount\":0,\"publisher\":{\"@id\":\"https:\/\/www.missoeshumanitarias.org\/es\/#organization\"},\"image\":{\"@id\":\"https:\/\/www.missoeshumanitarias.org\/en\/the-preparatives-for-the-middle-east-mission-start\/#primaryimage\"},\"thumbnailUrl\":\"https:\/\/www.missoeshumanitarias.org\/wp-content\/uploads\/2021\/08\/migracao_refugiados1.jpg\",\"articleSection\":[\"News\",\"News about the Missions\"],\"inLanguage\":\"en-US\",\"potentialAction\":[{\"@type\":\"CommentAction\",\"name\":\"Comment\",\"target\":[\"https:\/\/www.missoeshumanitarias.org\/en\/the-preparatives-for-the-middle-east-mission-start\/#respond\"]}]},{\"@type\":\"WebPage\",\"@id\":\"https:\/\/www.missoeshumanitarias.org\/en\/the-preparatives-for-the-middle-east-mission-start\/\",\"url\":\"https:\/\/www.missoeshumanitarias.org\/en\/the-preparatives-for-the-middle-east-mission-start\/\",\"name\":\"The preparatives for the Middle East Mission start - Fraternidade Miss\u00f5es Humanit\u00e1rias Internacionais\",\"isPartOf\":{\"@id\":\"https:\/\/www.missoeshumanitarias.org\/es\/#website\"},\"primaryImageOfPage\":{\"@id\":\"https:\/\/www.missoeshumanitarias.org\/en\/the-preparatives-for-the-middle-east-mission-start\/#primaryimage\"},\"image\":{\"@id\":\"https:\/\/www.missoeshumanitarias.org\/en\/the-preparatives-for-the-middle-east-mission-start\/#primaryimage\"},\"thumbnailUrl\":\"https:\/\/www.missoeshumanitarias.org\/wp-content\/uploads\/2021\/08\/migracao_refugiados1.jpg\",\"datePublished\":\"2015-12-02T16:21:04+00:00\",\"dateModified\":\"2015-12-02T16:21:04+00:00\",\"breadcrumb\":{\"@id\":\"https:\/\/www.missoeshumanitarias.org\/en\/the-preparatives-for-the-middle-east-mission-start\/#breadcrumb\"},\"inLanguage\":\"en-US\",\"potentialAction\":[{\"@type\":\"ReadAction\",\"target\":[\"https:\/\/www.missoeshumanitarias.org\/en\/the-preparatives-for-the-middle-east-mission-start\/\"]}]},{\"@type\":\"ImageObject\",\"inLanguage\":\"en-US\",\"@id\":\"https:\/\/www.missoeshumanitarias.org\/en\/the-preparatives-for-the-middle-east-mission-start\/#primaryimage\",\"url\":\"https:\/\/www.missoeshumanitarias.org\/wp-content\/uploads\/2021\/08\/migracao_refugiados1.jpg\",\"contentUrl\":\"https:\/\/www.missoeshumanitarias.org\/wp-content\/uploads\/2021\/08\/migracao_refugiados1.jpg\",\"width\":700,\"height\":394},{\"@type\":\"BreadcrumbList\",\"@id\":\"https:\/\/www.missoeshumanitarias.org\/en\/the-preparatives-for-the-middle-east-mission-start\/#breadcrumb\",\"itemListElement\":[{\"@type\":\"ListItem\",\"position\":1,\"name\":\"Home\",\"item\":\"https:\/\/www.missoeshumanitarias.org\/en\/\"},{\"@type\":\"ListItem\",\"position\":2,\"name\":\"The preparatives for the Middle East Mission start\"}]},{\"@type\":\"WebSite\",\"@id\":\"https:\/\/www.missoeshumanitarias.org\/es\/#website\",\"url\":\"https:\/\/www.missoeshumanitarias.org\/es\/\",\"name\":\"Fraternidade Miss\u00f5es Humanit\u00e1rias Internacionais\",\"description\":\"Respostas Humanit\u00e1rias e Emerg\u00eancias\",\"publisher\":{\"@id\":\"https:\/\/www.missoeshumanitarias.org\/es\/#organization\"},\"potentialAction\":[{\"@type\":\"SearchAction\",\"target\":{\"@type\":\"EntryPoint\",\"urlTemplate\":\"https:\/\/www.missoeshumanitarias.org\/es\/?s={search_term_string}\"},\"query-input\":\"required name=search_term_string\"}],\"inLanguage\":\"en-US\"},{\"@type\":\"Organization\",\"@id\":\"https:\/\/www.missoeshumanitarias.org\/es\/#organization\",\"name\":\"Fraternidade - Miss\u00f5es Humanit\u00e1rias Internacionais\",\"url\":\"https:\/\/www.missoeshumanitarias.org\/es\/\",\"logo\":{\"@type\":\"ImageObject\",\"inLanguage\":\"en-US\",\"@id\":\"https:\/\/www.missoeshumanitarias.org\/es\/#\/schema\/logo\/image\/\",\"url\":\"https:\/\/www.missoeshumanitarias.org\/wp-content\/uploads\/2020\/05\/logo-FMHI-mg.png\",\"contentUrl\":\"https:\/\/www.missoeshumanitarias.org\/wp-content\/uploads\/2020\/05\/logo-FMHI-mg.png\",\"width\":520,\"height\":134,\"caption\":\"Fraternidade - Miss\u00f5es Humanit\u00e1rias Internacionais\"},\"image\":{\"@id\":\"https:\/\/www.missoeshumanitarias.org\/es\/#\/schema\/logo\/image\/\"}},{\"@type\":\"Person\",\"@id\":\"https:\/\/www.missoeshumanitarias.org\/es\/#\/schema\/person\/e0f8527323154d1eba9f9d9eb6b401f7\",\"name\":\"maducato_admin\",\"image\":{\"@type\":\"ImageObject\",\"inLanguage\":\"en-US\",\"@id\":\"https:\/\/www.missoeshumanitarias.org\/es\/#\/schema\/person\/image\/\",\"url\":\"https:\/\/secure.gravatar.com\/avatar\/6c3b45186a8f5a459d8e14c7fca370bceae92402bc06171d75e4e559b6c24393?s=96&d=mm&r=g\",\"contentUrl\":\"https:\/\/secure.gravatar.com\/avatar\/6c3b45186a8f5a459d8e14c7fca370bceae92402bc06171d75e4e559b6c24393?s=96&d=mm&r=g\",\"caption\":\"maducato_admin\"}}]}<\/script>\n<!-- \/ Yoast SEO Premium plugin. -->","yoast_head_json":{"title":"The preparatives for the Middle East Mission start - Fraternidade Miss\u00f5es Humanit\u00e1rias Internacionais","robots":{"index":"index","follow":"follow","max-snippet":"max-snippet:-1","max-image-preview":"max-image-preview:large","max-video-preview":"max-video-preview:-1"},"canonical":"https:\/\/www.missoeshumanitarias.org\/en\/the-preparatives-for-the-middle-east-mission-start\/","og_locale":"en_US","og_type":"article","og_title":"The preparatives for the Middle East Mission start","og_description":"The Missionaries of Peace of the Fraternidade \u2013 International Humanitarian Federation already have the departure period for the Middle East Mission, which will be on the second half of January 2016. The group will work in the refugee camps of Turkey. Fourteen Missionaries of Peace of different nationalities will compose the group. All of them [&hellip;]","og_url":"https:\/\/www.missoeshumanitarias.org\/en\/the-preparatives-for-the-middle-east-mission-start\/","og_site_name":"Fraternidade Miss\u00f5es Humanit\u00e1rias Internacionais","article_published_time":"2015-12-02T16:21:04+00:00","og_image":[{"width":700,"height":394,"url":"https:\/\/www.missoeshumanitarias.org\/wp-content\/uploads\/2021\/08\/migracao_refugiados1.jpg","type":"image\/jpeg"}],"author":"maducato_admin","twitter_card":"summary_large_image","twitter_misc":{"Written by":"maducato_admin","Est. reading time":"1 minute"},"schema":{"@context":"https:\/\/schema.org","@graph":[{"@type":"Article","@id":"https:\/\/www.missoeshumanitarias.org\/en\/the-preparatives-for-the-middle-east-mission-start\/#article","isPartOf":{"@id":"https:\/\/www.missoeshumanitarias.org\/en\/the-preparatives-for-the-middle-east-mission-start\/"},"author":{"name":"maducato_admin","@id":"https:\/\/www.missoeshumanitarias.org\/es\/#\/schema\/person\/e0f8527323154d1eba9f9d9eb6b401f7"},"headline":"The preparatives for the Middle East Mission start","datePublished":"2015-12-02T16:21:04+00:00","dateModified":"2015-12-02T16:21:04+00:00","mainEntityOfPage":{"@id":"https:\/\/www.missoeshumanitarias.org\/en\/the-preparatives-for-the-middle-east-mission-start\/"},"wordCount":169,"commentCount":0,"publisher":{"@id":"https:\/\/www.missoeshumanitarias.org\/es\/#organization"},"image":{"@id":"https:\/\/www.missoeshumanitarias.org\/en\/the-preparatives-for-the-middle-east-mission-start\/#primaryimage"},"thumbnailUrl":"https:\/\/www.missoeshumanitarias.org\/wp-content\/uploads\/2021\/08\/migracao_refugiados1.jpg","articleSection":["News","News about the Missions"],"inLanguage":"en-US","potentialAction":[{"@type":"CommentAction","name":"Comment","target":["https:\/\/www.missoeshumanitarias.org\/en\/the-preparatives-for-the-middle-east-mission-start\/#respond"]}]},{"@type":"WebPage","@id":"https:\/\/www.missoeshumanitarias.org\/en\/the-preparatives-for-the-middle-east-mission-start\/","url":"https:\/\/www.missoeshumanitarias.org\/en\/the-preparatives-for-the-middle-east-mission-start\/","name":"The preparatives for the Middle East Mission start - Fraternidade Miss\u00f5es Humanit\u00e1rias Internacionais","isPartOf":{"@id":"https:\/\/www.missoeshumanitarias.org\/es\/#website"},"primaryImageOfPage":{"@id":"https:\/\/www.missoeshumanitarias.org\/en\/the-preparatives-for-the-middle-east-mission-start\/#primaryimage"},"image":{"@id":"https:\/\/www.missoeshumanitarias.org\/en\/the-preparatives-for-the-middle-east-mission-start\/#primaryimage"},"thumbnailUrl":"https:\/\/www.missoeshumanitarias.org\/wp-content\/uploads\/2021\/08\/migracao_refugiados1.jpg","datePublished":"2015-12-02T16:21:04+00:00","dateModified":"2015-12-02T16:21:04+00:00","breadcrumb":{"@id":"https:\/\/www.missoeshumanitarias.org\/en\/the-preparatives-for-the-middle-east-mission-start\/#breadcrumb"},"inLanguage":"en-US","potentialAction":[{"@type":"ReadAction","target":["https:\/\/www.missoeshumanitarias.org\/en\/the-preparatives-for-the-middle-east-mission-start\/"]}]},{"@type":"ImageObject","inLanguage":"en-US","@id":"https:\/\/www.missoeshumanitarias.org\/en\/the-preparatives-for-the-middle-east-mission-start\/#primaryimage","url":"https:\/\/www.missoeshumanitarias.org\/wp-content\/uploads\/2021\/08\/migracao_refugiados1.jpg","contentUrl":"https:\/\/www.missoeshumanitarias.org\/wp-content\/uploads\/2021\/08\/migracao_refugiados1.jpg","width":700,"height":394},{"@type":"BreadcrumbList","@id":"https:\/\/www.missoeshumanitarias.org\/en\/the-preparatives-for-the-middle-east-mission-start\/#breadcrumb","itemListElement":[{"@type":"ListItem","position":1,"name":"Home","item":"https:\/\/www.missoeshumanitarias.org\/en\/"},{"@type":"ListItem","position":2,"name":"The preparatives for the Middle East Mission start"}]},{"@type":"WebSite","@id":"https:\/\/www.missoeshumanitarias.org\/es\/#website","url":"https:\/\/www.missoeshumanitarias.org\/es\/","name":"Fraternidade Miss\u00f5es Humanit\u00e1rias Internacionais","description":"Respostas Humanit\u00e1rias e Emerg\u00eancias","publisher":{"@id":"https:\/\/www.missoeshumanitarias.org\/es\/#organization"},"potentialAction":[{"@type":"SearchAction","target":{"@type":"EntryPoint","urlTemplate":"https:\/\/www.missoeshumanitarias.org\/es\/?s={search_term_string}"},"query-input":"required name=search_term_string"}],"inLanguage":"en-US"},{"@type":"Organization","@id":"https:\/\/www.missoeshumanitarias.org\/es\/#organization","name":"Fraternidade - Miss\u00f5es Humanit\u00e1rias Internacionais","url":"https:\/\/www.missoeshumanitarias.org\/es\/","logo":{"@type":"ImageObject","inLanguage":"en-US","@id":"https:\/\/www.missoeshumanitarias.org\/es\/#\/schema\/logo\/image\/","url":"https:\/\/www.missoeshumanitarias.org\/wp-content\/uploads\/2020\/05\/logo-FMHI-mg.png","contentUrl":"https:\/\/www.missoeshumanitarias.org\/wp-content\/uploads\/2020\/05\/logo-FMHI-mg.png","width":520,"height":134,"caption":"Fraternidade - Miss\u00f5es Humanit\u00e1rias Internacionais"},"image":{"@id":"https:\/\/www.missoeshumanitarias.org\/es\/#\/schema\/logo\/image\/"}},{"@type":"Person","@id":"https:\/\/www.missoeshumanitarias.org\/es\/#\/schema\/person\/e0f8527323154d1eba9f9d9eb6b401f7","name":"maducato_admin","image":{"@type":"ImageObject","inLanguage":"en-US","@id":"https:\/\/www.missoeshumanitarias.org\/es\/#\/schema\/person\/image\/","url":"https:\/\/secure.gravatar.com\/avatar\/6c3b45186a8f5a459d8e14c7fca370bceae92402bc06171d75e4e559b6c24393?s=96&d=mm&r=g","contentUrl":"https:\/\/secure.gravatar.com\/avatar\/6c3b45186a8f5a459d8e14c7fca370bceae92402bc06171d75e4e559b6c24393?s=96&d=mm&r=g","caption":"maducato_admin"}}]}},"_links":{"self":[{"href":"https:\/\/www.missoeshumanitarias.org\/en\/wp-json\/wp\/v2\/posts\/130768","targetHints":{"allow":["GET"]}}],"collection":[{"href":"https:\/\/www.missoeshumanitarias.org\/en\/wp-json\/wp\/v2\/posts"}],"about":[{"href":"https:\/\/www.missoeshumanitarias.org\/en\/wp-json\/wp\/v2\/types\/post"}],"author":[{"embeddable":true,"href":"https:\/\/www.missoeshumanitarias.org\/en\/wp-json\/wp\/v2\/users\/1"}],"replies":[{"embeddable":true,"href":"https:\/\/www.missoeshumanitarias.org\/en\/wp-json\/wp\/v2\/comments?post=130768"}],"version-history":[{"count":0,"href":"https:\/\/www.missoeshumanitarias.org\/en\/wp-json\/wp\/v2\/posts\/130768\/revisions"}],"wp:featuredmedia":[{"embeddable":true,"href":"https:\/\/www.missoeshumanitarias.org\/en\/wp-json\/wp\/v2\/media\/119559"}],"wp:attachment":[{"href":"https:\/\/www.missoeshumanitarias.org\/en\/wp-json\/wp\/v2\/media?parent=130768"}],"wp:term":[{"taxonomy":"category","embeddable":true,"href":"https:\/\/www.missoeshumanitarias.org\/en\/wp-json\/wp\/v2\/categories?post=130768"},{"taxonomy":"post_tag","embeddable":true,"href":"https:\/\/www.missoeshumanitarias.org\/en\/wp-json\/wp\/v2\/tags?post=130768"}],"curies":[{"name":"wp","href":"https:\/\/api.w.org\/{rel}","templated":true}]}}