{"id":130770,"date":"2015-11-29T13:52:09","date_gmt":"2015-11-29T15:52:09","guid":{"rendered":"https:\/\/www.missoeshumanitarias.org\/team-concludes-first-mission-in-mariana-minas-gerais\/"},"modified":"2015-11-29T13:52:09","modified_gmt":"2015-11-29T15:52:09","slug":"team-concludes-first-mission-in-mariana-minas-gerais","status":"publish","type":"post","link":"https:\/\/www.missoeshumanitarias.org\/en\/team-concludes-first-mission-in-mariana-minas-gerais\/","title":{"rendered":"Team concludes first mission in Mariana, Minas Gerais"},"content":{"rendered":"<p style=\"text-align: justify;\">The team of\u00a0 <a href=\"\/?page_id=6366\">Missionaries <\/a>of\u00a0 Peace, <a href=\"\/?page_id=6404\">Solar Group<\/a> and specialists in animal care of the <a href=\"\/?page_id=6438\">House Light on the Hill<\/a>, all belonging to the Fraternity \u2013 International Humanitarian Federation, returned last Saturday, November 28, from the first mission to the city of Mariana, Minas Gerais, Brazil.there a tragedy had taken place, with the breaking of dams of a mining company, seriously affecting the region<\/p>\n<p style=\"text-align: justify;\"><a href=\"http:\/\/www.fraterinternacional.org\/wp-content\/uploads\/2015\/11\/animal_atolado_Mariana_2.jpg\"><img fetchpriority=\"high\" decoding=\"async\" class=\"size-medium wp-image-6779 alignleft\" src=\"https:\/\/www.missoeshumanitarias.org\/wp-content\/uploads\/2021\/08\/animal_atolado_Mariana_2-300x225-1.jpg\" alt=\"animal_atolado_Mariana_2\" width=\"300\" height=\"225\" \/><\/a>It was three days of rescue work of animals stuck in the mud. In total, five animals were rescued. To pull out four big-sized animals, ten hours of continuous work were necessary. \u201cWe took up to one hour to pull out one leg of the animal\u201d, explains Ricardo Baumgartner, coordinator of the group.the great quantity of mud made the work much harder: \u201cIt is a kind of mud with metals and iron ore. It dries on the surface, but it is soft underneath. It is a trap for people and animals\u201d, he emphasizes. According to Ricardo, in certain spots there are great pockets of air, under the mud, increasing even more the danger.<\/p>\n<p style=\"text-align: justify;\"><a href=\"http:\/\/www.fraterinternacional.org\/wp-content\/uploads\/2015\/11\/animal_atolado_Mariana_4_a.jpg\"><img decoding=\"async\" class=\"size-medium wp-image-6782 alignright\" src=\"https:\/\/www.missoeshumanitarias.org\/wp-content\/uploads\/2021\/08\/animal_atolado_Mariana_4_a-300x169-1.jpg\" alt=\"animal_atolado_Mariana_4_a\" width=\"300\" height=\"169\" \/><\/a><\/p>\n<p style=\"text-align: justify;\">The group found stuck animals, stressed, with lack of water and food, and wounded.the rescued animals in the region are taken to a shed where they are treated. Right now there are four hundred animals in the place.the group helped the organization of this shed a lot, tidying great quantities of medicines, animal feed and cleaning material. \u201cAfter organizing the shed, the next day we realized that the whole place was more harmonized, reflecting in the animals and the people who were calmer\u201d, explains Ricardo.<\/p>\n<p style=\"text-align: justify;\">The team already plans to return to the city within approximately fifteen days, where they intend to continue the help to the animals of the region.<\/p>\n","protected":false},"excerpt":{"rendered":"<p>The team of\u00a0 Missionaries of\u00a0 Peace, Solar Group and specialists in animal care of the House Light on the Hill, all belonging to the Fraternity \u2013 International Humanitarian Federation, returned last Saturday, November 28, from the first mission to the city of Mariana, Minas Gerais, Brazil.there a tragedy had taken place, with the breaking of [&hellip;]<\/p>\n","protected":false},"author":1,"featured_media":119542,"comment_status":"open","ping_status":"open","sticky":false,"template":"","format":"standard","meta":{"footnotes":""},"categories":[9,132],"tags":[],"class_list":["post-130770","post","type-post","status-publish","format-standard","has-post-thumbnail","hentry","category-news","category-news-about-the-missions"],"featured_image_src":"https:\/\/www.missoeshumanitarias.org\/wp-content\/uploads\/2021\/08\/animal_atolado_Mariana.jpg","author_info":{"display_name":"maducato_admin","author_link":"https:\/\/www.missoeshumanitarias.org\/en\/author\/maducato_admin\/"},"yoast_head":"<!-- This site is optimized with the Yoast SEO Premium plugin v22.5 (Yoast SEO v22.5) - https:\/\/yoast.com\/wordpress\/plugins\/seo\/ -->\n<title>Team concludes first mission in Mariana, Minas Gerais - Fraternidade Miss\u00f5es Humanit\u00e1rias Internacionais<\/title>\n<meta name=\"robots\" content=\"index, follow, max-snippet:-1, max-image-preview:large, max-video-preview:-1\" \/>\n<link rel=\"canonical\" href=\"https:\/\/www.missoeshumanitarias.org\/en\/team-concludes-first-mission-in-mariana-minas-gerais\/\" \/>\n<meta property=\"og:locale\" content=\"en_US\" \/>\n<meta property=\"og:type\" content=\"article\" \/>\n<meta property=\"og:title\" content=\"Team concludes first mission in Mariana, Minas Gerais\" \/>\n<meta property=\"og:description\" content=\"The team of\u00a0 Missionaries of\u00a0 Peace, Solar Group and specialists in animal care of the House Light on the Hill, all belonging to the Fraternity \u2013 International Humanitarian Federation, returned last Saturday, November 28, from the first mission to the city of Mariana, Minas Gerais, Brazil.there a tragedy had taken place, with the breaking of [&hellip;]\" \/>\n<meta property=\"og:url\" content=\"https:\/\/www.missoeshumanitarias.org\/en\/team-concludes-first-mission-in-mariana-minas-gerais\/\" \/>\n<meta property=\"og:site_name\" content=\"Fraternidade Miss\u00f5es Humanit\u00e1rias Internacionais\" \/>\n<meta property=\"article:published_time\" content=\"2015-11-29T15:52:09+00:00\" \/>\n<meta property=\"og:image\" content=\"https:\/\/www.missoeshumanitarias.org\/wp-content\/uploads\/2021\/08\/animal_atolado_Mariana.jpg\" \/>\n\t<meta property=\"og:image:width\" content=\"700\" \/>\n\t<meta property=\"og:image:height\" content=\"394\" \/>\n\t<meta property=\"og:image:type\" content=\"image\/jpeg\" \/>\n<meta name=\"author\" content=\"maducato_admin\" \/>\n<meta name=\"twitter:card\" content=\"summary_large_image\" \/>\n<meta name=\"twitter:label1\" content=\"Written by\" \/>\n\t<meta name=\"twitter:data1\" content=\"maducato_admin\" \/>\n\t<meta name=\"twitter:label2\" content=\"Est. reading time\" \/>\n\t<meta name=\"twitter:data2\" content=\"1 minute\" \/>\n<script type=\"application\/ld+json\" class=\"yoast-schema-graph\">{\"@context\":\"https:\/\/schema.org\",\"@graph\":[{\"@type\":\"Article\",\"@id\":\"https:\/\/www.missoeshumanitarias.org\/en\/team-concludes-first-mission-in-mariana-minas-gerais\/#article\",\"isPartOf\":{\"@id\":\"https:\/\/www.missoeshumanitarias.org\/en\/team-concludes-first-mission-in-mariana-minas-gerais\/\"},\"author\":{\"name\":\"maducato_admin\",\"@id\":\"https:\/\/www.missoeshumanitarias.org\/es\/#\/schema\/person\/e0f8527323154d1eba9f9d9eb6b401f7\"},\"headline\":\"Team concludes first mission in Mariana, Minas Gerais\",\"datePublished\":\"2015-11-29T15:52:09+00:00\",\"dateModified\":\"2015-11-29T15:52:09+00:00\",\"mainEntityOfPage\":{\"@id\":\"https:\/\/www.missoeshumanitarias.org\/en\/team-concludes-first-mission-in-mariana-minas-gerais\/\"},\"wordCount\":298,\"commentCount\":0,\"publisher\":{\"@id\":\"https:\/\/www.missoeshumanitarias.org\/es\/#organization\"},\"image\":{\"@id\":\"https:\/\/www.missoeshumanitarias.org\/en\/team-concludes-first-mission-in-mariana-minas-gerais\/#primaryimage\"},\"thumbnailUrl\":\"https:\/\/www.missoeshumanitarias.org\/wp-content\/uploads\/2021\/08\/animal_atolado_Mariana.jpg\",\"articleSection\":[\"News\",\"News about the Missions\"],\"inLanguage\":\"en-US\",\"potentialAction\":[{\"@type\":\"CommentAction\",\"name\":\"Comment\",\"target\":[\"https:\/\/www.missoeshumanitarias.org\/en\/team-concludes-first-mission-in-mariana-minas-gerais\/#respond\"]}]},{\"@type\":\"WebPage\",\"@id\":\"https:\/\/www.missoeshumanitarias.org\/en\/team-concludes-first-mission-in-mariana-minas-gerais\/\",\"url\":\"https:\/\/www.missoeshumanitarias.org\/en\/team-concludes-first-mission-in-mariana-minas-gerais\/\",\"name\":\"Team concludes first mission in Mariana, Minas Gerais - Fraternidade Miss\u00f5es Humanit\u00e1rias Internacionais\",\"isPartOf\":{\"@id\":\"https:\/\/www.missoeshumanitarias.org\/es\/#website\"},\"primaryImageOfPage\":{\"@id\":\"https:\/\/www.missoeshumanitarias.org\/en\/team-concludes-first-mission-in-mariana-minas-gerais\/#primaryimage\"},\"image\":{\"@id\":\"https:\/\/www.missoeshumanitarias.org\/en\/team-concludes-first-mission-in-mariana-minas-gerais\/#primaryimage\"},\"thumbnailUrl\":\"https:\/\/www.missoeshumanitarias.org\/wp-content\/uploads\/2021\/08\/animal_atolado_Mariana.jpg\",\"datePublished\":\"2015-11-29T15:52:09+00:00\",\"dateModified\":\"2015-11-29T15:52:09+00:00\",\"breadcrumb\":{\"@id\":\"https:\/\/www.missoeshumanitarias.org\/en\/team-concludes-first-mission-in-mariana-minas-gerais\/#breadcrumb\"},\"inLanguage\":\"en-US\",\"potentialAction\":[{\"@type\":\"ReadAction\",\"target\":[\"https:\/\/www.missoeshumanitarias.org\/en\/team-concludes-first-mission-in-mariana-minas-gerais\/\"]}]},{\"@type\":\"ImageObject\",\"inLanguage\":\"en-US\",\"@id\":\"https:\/\/www.missoeshumanitarias.org\/en\/team-concludes-first-mission-in-mariana-minas-gerais\/#primaryimage\",\"url\":\"https:\/\/www.missoeshumanitarias.org\/wp-content\/uploads\/2021\/08\/animal_atolado_Mariana.jpg\",\"contentUrl\":\"https:\/\/www.missoeshumanitarias.org\/wp-content\/uploads\/2021\/08\/animal_atolado_Mariana.jpg\",\"width\":700,\"height\":394},{\"@type\":\"BreadcrumbList\",\"@id\":\"https:\/\/www.missoeshumanitarias.org\/en\/team-concludes-first-mission-in-mariana-minas-gerais\/#breadcrumb\",\"itemListElement\":[{\"@type\":\"ListItem\",\"position\":1,\"name\":\"Home\",\"item\":\"https:\/\/www.missoeshumanitarias.org\/en\/\"},{\"@type\":\"ListItem\",\"position\":2,\"name\":\"Team concludes first mission in Mariana, Minas Gerais\"}]},{\"@type\":\"WebSite\",\"@id\":\"https:\/\/www.missoeshumanitarias.org\/es\/#website\",\"url\":\"https:\/\/www.missoeshumanitarias.org\/es\/\",\"name\":\"Fraternidade Miss\u00f5es Humanit\u00e1rias Internacionais\",\"description\":\"Respostas Humanit\u00e1rias e Emerg\u00eancias\",\"publisher\":{\"@id\":\"https:\/\/www.missoeshumanitarias.org\/es\/#organization\"},\"potentialAction\":[{\"@type\":\"SearchAction\",\"target\":{\"@type\":\"EntryPoint\",\"urlTemplate\":\"https:\/\/www.missoeshumanitarias.org\/es\/?s={search_term_string}\"},\"query-input\":\"required name=search_term_string\"}],\"inLanguage\":\"en-US\"},{\"@type\":\"Organization\",\"@id\":\"https:\/\/www.missoeshumanitarias.org\/es\/#organization\",\"name\":\"Fraternidade - Miss\u00f5es Humanit\u00e1rias Internacionais\",\"url\":\"https:\/\/www.missoeshumanitarias.org\/es\/\",\"logo\":{\"@type\":\"ImageObject\",\"inLanguage\":\"en-US\",\"@id\":\"https:\/\/www.missoeshumanitarias.org\/es\/#\/schema\/logo\/image\/\",\"url\":\"https:\/\/www.missoeshumanitarias.org\/wp-content\/uploads\/2020\/05\/logo-FMHI-mg.png\",\"contentUrl\":\"https:\/\/www.missoeshumanitarias.org\/wp-content\/uploads\/2020\/05\/logo-FMHI-mg.png\",\"width\":520,\"height\":134,\"caption\":\"Fraternidade - Miss\u00f5es Humanit\u00e1rias Internacionais\"},\"image\":{\"@id\":\"https:\/\/www.missoeshumanitarias.org\/es\/#\/schema\/logo\/image\/\"}},{\"@type\":\"Person\",\"@id\":\"https:\/\/www.missoeshumanitarias.org\/es\/#\/schema\/person\/e0f8527323154d1eba9f9d9eb6b401f7\",\"name\":\"maducato_admin\",\"image\":{\"@type\":\"ImageObject\",\"inLanguage\":\"en-US\",\"@id\":\"https:\/\/www.missoeshumanitarias.org\/es\/#\/schema\/person\/image\/\",\"url\":\"https:\/\/secure.gravatar.com\/avatar\/6c3b45186a8f5a459d8e14c7fca370bceae92402bc06171d75e4e559b6c24393?s=96&d=mm&r=g\",\"contentUrl\":\"https:\/\/secure.gravatar.com\/avatar\/6c3b45186a8f5a459d8e14c7fca370bceae92402bc06171d75e4e559b6c24393?s=96&d=mm&r=g\",\"caption\":\"maducato_admin\"}}]}<\/script>\n<!-- \/ Yoast SEO Premium plugin. -->","yoast_head_json":{"title":"Team concludes first mission in Mariana, Minas Gerais - Fraternidade Miss\u00f5es Humanit\u00e1rias Internacionais","robots":{"index":"index","follow":"follow","max-snippet":"max-snippet:-1","max-image-preview":"max-image-preview:large","max-video-preview":"max-video-preview:-1"},"canonical":"https:\/\/www.missoeshumanitarias.org\/en\/team-concludes-first-mission-in-mariana-minas-gerais\/","og_locale":"en_US","og_type":"article","og_title":"Team concludes first mission in Mariana, Minas Gerais","og_description":"The team of\u00a0 Missionaries of\u00a0 Peace, Solar Group and specialists in animal care of the House Light on the Hill, all belonging to the Fraternity \u2013 International Humanitarian Federation, returned last Saturday, November 28, from the first mission to the city of Mariana, Minas Gerais, Brazil.there a tragedy had taken place, with the breaking of [&hellip;]","og_url":"https:\/\/www.missoeshumanitarias.org\/en\/team-concludes-first-mission-in-mariana-minas-gerais\/","og_site_name":"Fraternidade Miss\u00f5es Humanit\u00e1rias Internacionais","article_published_time":"2015-11-29T15:52:09+00:00","og_image":[{"width":700,"height":394,"url":"https:\/\/www.missoeshumanitarias.org\/wp-content\/uploads\/2021\/08\/animal_atolado_Mariana.jpg","type":"image\/jpeg"}],"author":"maducato_admin","twitter_card":"summary_large_image","twitter_misc":{"Written by":"maducato_admin","Est. reading time":"1 minute"},"schema":{"@context":"https:\/\/schema.org","@graph":[{"@type":"Article","@id":"https:\/\/www.missoeshumanitarias.org\/en\/team-concludes-first-mission-in-mariana-minas-gerais\/#article","isPartOf":{"@id":"https:\/\/www.missoeshumanitarias.org\/en\/team-concludes-first-mission-in-mariana-minas-gerais\/"},"author":{"name":"maducato_admin","@id":"https:\/\/www.missoeshumanitarias.org\/es\/#\/schema\/person\/e0f8527323154d1eba9f9d9eb6b401f7"},"headline":"Team concludes first mission in Mariana, Minas Gerais","datePublished":"2015-11-29T15:52:09+00:00","dateModified":"2015-11-29T15:52:09+00:00","mainEntityOfPage":{"@id":"https:\/\/www.missoeshumanitarias.org\/en\/team-concludes-first-mission-in-mariana-minas-gerais\/"},"wordCount":298,"commentCount":0,"publisher":{"@id":"https:\/\/www.missoeshumanitarias.org\/es\/#organization"},"image":{"@id":"https:\/\/www.missoeshumanitarias.org\/en\/team-concludes-first-mission-in-mariana-minas-gerais\/#primaryimage"},"thumbnailUrl":"https:\/\/www.missoeshumanitarias.org\/wp-content\/uploads\/2021\/08\/animal_atolado_Mariana.jpg","articleSection":["News","News about the Missions"],"inLanguage":"en-US","potentialAction":[{"@type":"CommentAction","name":"Comment","target":["https:\/\/www.missoeshumanitarias.org\/en\/team-concludes-first-mission-in-mariana-minas-gerais\/#respond"]}]},{"@type":"WebPage","@id":"https:\/\/www.missoeshumanitarias.org\/en\/team-concludes-first-mission-in-mariana-minas-gerais\/","url":"https:\/\/www.missoeshumanitarias.org\/en\/team-concludes-first-mission-in-mariana-minas-gerais\/","name":"Team concludes first mission in Mariana, Minas Gerais - Fraternidade Miss\u00f5es Humanit\u00e1rias Internacionais","isPartOf":{"@id":"https:\/\/www.missoeshumanitarias.org\/es\/#website"},"primaryImageOfPage":{"@id":"https:\/\/www.missoeshumanitarias.org\/en\/team-concludes-first-mission-in-mariana-minas-gerais\/#primaryimage"},"image":{"@id":"https:\/\/www.missoeshumanitarias.org\/en\/team-concludes-first-mission-in-mariana-minas-gerais\/#primaryimage"},"thumbnailUrl":"https:\/\/www.missoeshumanitarias.org\/wp-content\/uploads\/2021\/08\/animal_atolado_Mariana.jpg","datePublished":"2015-11-29T15:52:09+00:00","dateModified":"2015-11-29T15:52:09+00:00","breadcrumb":{"@id":"https:\/\/www.missoeshumanitarias.org\/en\/team-concludes-first-mission-in-mariana-minas-gerais\/#breadcrumb"},"inLanguage":"en-US","potentialAction":[{"@type":"ReadAction","target":["https:\/\/www.missoeshumanitarias.org\/en\/team-concludes-first-mission-in-mariana-minas-gerais\/"]}]},{"@type":"ImageObject","inLanguage":"en-US","@id":"https:\/\/www.missoeshumanitarias.org\/en\/team-concludes-first-mission-in-mariana-minas-gerais\/#primaryimage","url":"https:\/\/www.missoeshumanitarias.org\/wp-content\/uploads\/2021\/08\/animal_atolado_Mariana.jpg","contentUrl":"https:\/\/www.missoeshumanitarias.org\/wp-content\/uploads\/2021\/08\/animal_atolado_Mariana.jpg","width":700,"height":394},{"@type":"BreadcrumbList","@id":"https:\/\/www.missoeshumanitarias.org\/en\/team-concludes-first-mission-in-mariana-minas-gerais\/#breadcrumb","itemListElement":[{"@type":"ListItem","position":1,"name":"Home","item":"https:\/\/www.missoeshumanitarias.org\/en\/"},{"@type":"ListItem","position":2,"name":"Team concludes first mission in Mariana, Minas Gerais"}]},{"@type":"WebSite","@id":"https:\/\/www.missoeshumanitarias.org\/es\/#website","url":"https:\/\/www.missoeshumanitarias.org\/es\/","name":"Fraternidade Miss\u00f5es Humanit\u00e1rias Internacionais","description":"Respostas Humanit\u00e1rias e Emerg\u00eancias","publisher":{"@id":"https:\/\/www.missoeshumanitarias.org\/es\/#organization"},"potentialAction":[{"@type":"SearchAction","target":{"@type":"EntryPoint","urlTemplate":"https:\/\/www.missoeshumanitarias.org\/es\/?s={search_term_string}"},"query-input":"required name=search_term_string"}],"inLanguage":"en-US"},{"@type":"Organization","@id":"https:\/\/www.missoeshumanitarias.org\/es\/#organization","name":"Fraternidade - Miss\u00f5es Humanit\u00e1rias Internacionais","url":"https:\/\/www.missoeshumanitarias.org\/es\/","logo":{"@type":"ImageObject","inLanguage":"en-US","@id":"https:\/\/www.missoeshumanitarias.org\/es\/#\/schema\/logo\/image\/","url":"https:\/\/www.missoeshumanitarias.org\/wp-content\/uploads\/2020\/05\/logo-FMHI-mg.png","contentUrl":"https:\/\/www.missoeshumanitarias.org\/wp-content\/uploads\/2020\/05\/logo-FMHI-mg.png","width":520,"height":134,"caption":"Fraternidade - Miss\u00f5es Humanit\u00e1rias Internacionais"},"image":{"@id":"https:\/\/www.missoeshumanitarias.org\/es\/#\/schema\/logo\/image\/"}},{"@type":"Person","@id":"https:\/\/www.missoeshumanitarias.org\/es\/#\/schema\/person\/e0f8527323154d1eba9f9d9eb6b401f7","name":"maducato_admin","image":{"@type":"ImageObject","inLanguage":"en-US","@id":"https:\/\/www.missoeshumanitarias.org\/es\/#\/schema\/person\/image\/","url":"https:\/\/secure.gravatar.com\/avatar\/6c3b45186a8f5a459d8e14c7fca370bceae92402bc06171d75e4e559b6c24393?s=96&d=mm&r=g","contentUrl":"https:\/\/secure.gravatar.com\/avatar\/6c3b45186a8f5a459d8e14c7fca370bceae92402bc06171d75e4e559b6c24393?s=96&d=mm&r=g","caption":"maducato_admin"}}]}},"_links":{"self":[{"href":"https:\/\/www.missoeshumanitarias.org\/en\/wp-json\/wp\/v2\/posts\/130770","targetHints":{"allow":["GET"]}}],"collection":[{"href":"https:\/\/www.missoeshumanitarias.org\/en\/wp-json\/wp\/v2\/posts"}],"about":[{"href":"https:\/\/www.missoeshumanitarias.org\/en\/wp-json\/wp\/v2\/types\/post"}],"author":[{"embeddable":true,"href":"https:\/\/www.missoeshumanitarias.org\/en\/wp-json\/wp\/v2\/users\/1"}],"replies":[{"embeddable":true,"href":"https:\/\/www.missoeshumanitarias.org\/en\/wp-json\/wp\/v2\/comments?post=130770"}],"version-history":[{"count":0,"href":"https:\/\/www.missoeshumanitarias.org\/en\/wp-json\/wp\/v2\/posts\/130770\/revisions"}],"wp:featuredmedia":[{"embeddable":true,"href":"https:\/\/www.missoeshumanitarias.org\/en\/wp-json\/wp\/v2\/media\/119542"}],"wp:attachment":[{"href":"https:\/\/www.missoeshumanitarias.org\/en\/wp-json\/wp\/v2\/media?parent=130770"}],"wp:term":[{"taxonomy":"category","embeddable":true,"href":"https:\/\/www.missoeshumanitarias.org\/en\/wp-json\/wp\/v2\/categories?post=130770"},{"taxonomy":"post_tag","embeddable":true,"href":"https:\/\/www.missoeshumanitarias.org\/en\/wp-json\/wp\/v2\/tags?post=130770"}],"curies":[{"name":"wp","href":"https:\/\/api.w.org\/{rel}","templated":true}]}}