{"id":130835,"date":"2016-02-07T11:34:28","date_gmt":"2016-02-07T13:34:28","guid":{"rendered":"https:\/\/www.missoeshumanitarias.org\/diary-of-the-chaco-mission-feb-5\/"},"modified":"2016-02-07T11:34:28","modified_gmt":"2016-02-07T13:34:28","slug":"diary-of-the-chaco-mission-feb-5","status":"publish","type":"post","link":"https:\/\/www.missoeshumanitarias.org\/en\/diary-of-the-chaco-mission-feb-5\/","title":{"rendered":"Diary of the Chaco Mission Feb 5"},"content":{"rendered":"<p style=\"text-align: justify;\">Feb 05<\/p>\n<p>In the morning, the group conducted new activities in the neighborhood of Mapic, in the city of Resistencia. The work with the children became more intense due to the precarious situation in which they were found, with parasites and in poor conditions of hygiene. They had their hair and bodies washed, and lice and other parasites removed. Due to problems of basic sanitation, many of them also had evidence of skin diseases. The group also provided emergency food for the children, because there was no food.<\/p>\n<p style=\"text-align: justify;\"><a href=\"http:\/\/www.fraterinternacional.org\/wp-content\/uploads\/2016\/02\/Mapic_lavagem_cabelos_criancas1.jpg\" rel=\"attachment wp-att-12299\"><img fetchpriority=\"high\" decoding=\"async\" class=\"alignnone size-medium wp-image-12299\" src=\"https:\/\/www.missoeshumanitarias.org\/wp-content\/uploads\/2021\/08\/Mapic_lavagem_cabelos_criancas1-300x169-1.jpg\" alt=\"Mapic_lavagem_cabelos_criancas1\" width=\"300\" height=\"169\" \/><\/a><a href=\"http:\/\/www.fraterinternacional.org\/wp-content\/uploads\/2016\/02\/Mapic_cabelo_corte.jpg\" rel=\"attachment wp-att-12318\"><img decoding=\"async\" class=\"alignnone size-medium wp-image-12318\" src=\"https:\/\/www.missoeshumanitarias.org\/wp-content\/uploads\/2021\/08\/Mapic_cabelo_corte-300x169-1.jpg\" alt=\"Mapic_cabelo_corte\" width=\"300\" height=\"169\" \/><\/a><a href=\"http:\/\/www.fraterinternacional.org\/wp-content\/uploads\/2016\/02\/Mapic_tratamento_crianca1.jpg\" rel=\"attachment wp-att-12302\"><img decoding=\"async\" class=\"alignnone size-medium wp-image-12302\" src=\"https:\/\/www.missoeshumanitarias.org\/wp-content\/uploads\/2021\/08\/Mapic_tratamento_crianca1-300x168-1.jpg\" alt=\"Mapic_tratamento_crianca1\" width=\"300\" height=\"168\" \/><\/a><a href=\"http:\/\/www.fraterinternacional.org\/wp-content\/uploads\/2016\/02\/Mapic_atendimento_odonto3.jpg\" rel=\"attachment wp-att-12414\"><img loading=\"lazy\" decoding=\"async\" class=\"alignnone size-medium wp-image-12414\" src=\"https:\/\/www.missoeshumanitarias.org\/wp-content\/uploads\/2021\/08\/Mapic_atendimento_odonto3-300x169-1.jpg\" alt=\"Mapic_atendimento_odonto3\" width=\"300\" height=\"169\" \/><\/a><\/p>\n<p style=\"text-align: justify;\">The Missionaries of Peace go to the streets to take care of sick and mangy dogs.<\/p>\n<p style=\"text-align: justify;\"><a href=\"http:\/\/www.fraterinternacional.org\/wp-content\/uploads\/2016\/02\/Mapic_tartamento_caes.jpg\" rel=\"attachment wp-att-12305\"><img loading=\"lazy\" decoding=\"async\" class=\"alignnone size-medium wp-image-12305\" src=\"https:\/\/www.missoeshumanitarias.org\/wp-content\/uploads\/2021\/08\/Mapic_tartamento_caes-300x169-1.jpg\" alt=\"Mapic_tartamento_caes\" width=\"300\" height=\"169\" \/><\/a><a href=\"http:\/\/www.fraterinternacional.org\/wp-content\/uploads\/2016\/02\/Mapic_caes_tratamento.jpg\" rel=\"attachment wp-att-12405\"><img loading=\"lazy\" decoding=\"async\" class=\"alignnone size-medium wp-image-12405\" src=\"https:\/\/www.missoeshumanitarias.org\/wp-content\/uploads\/2021\/08\/Mapic_caes_tratamento-300x169-1.jpg\" alt=\"Mapic_caes_tratamento\" width=\"300\" height=\"169\" \/><\/a><\/p>\n<p style=\"text-align: justify;\">The group perceives the importance of continuing this work, because the necessity of the community is so great.<\/p>\n<p style=\"text-align: justify;\"><a href=\"http:\/\/www.fraterinternacional.org\/wp-content\/uploads\/2016\/02\/Mapic_orando1.jpg\" rel=\"attachment wp-att-12332\"><img loading=\"lazy\" decoding=\"async\" class=\"alignnone size-medium wp-image-12332\" src=\"https:\/\/www.missoeshumanitarias.org\/wp-content\/uploads\/2021\/08\/Mapic_orando1-300x168-1.jpg\" alt=\"Mapic_orando1\" width=\"300\" height=\"168\" \/><\/a><a href=\"http:\/\/www.fraterinternacional.org\/wp-content\/uploads\/2016\/02\/Mapic_grupo_final.jpg\" rel=\"attachment wp-att-12335\"><img loading=\"lazy\" decoding=\"async\" class=\"alignnone size-medium wp-image-12335\" src=\"https:\/\/www.missoeshumanitarias.org\/wp-content\/uploads\/2021\/08\/Mapic_grupo_final-300x169-1.jpg\" alt=\"Mapic_grupo_final\" width=\"300\" height=\"169\" \/><\/a><\/p>\n<p style=\"text-align: justify;\">Members of the indigenous Community thank the work of the group by means of chants.<\/p>\n<p style=\"text-align: justify;\"><a href=\"http:\/\/www.fraterinternacional.org\/wp-content\/uploads\/2016\/02\/Mapic_cantores-1.jpg\" rel=\"attachment wp-att-12327\"><img loading=\"lazy\" decoding=\"async\" class=\"alignnone size-medium wp-image-12327\" src=\"https:\/\/www.missoeshumanitarias.org\/wp-content\/uploads\/2021\/08\/Mapic_cantores-1-300x169-1.jpg\" alt=\"Mapic_cantores\" width=\"300\" height=\"169\" \/><\/a><a href=\"http:\/\/www.fraterinternacional.org\/wp-content\/uploads\/2016\/02\/Mapic_canto-1.jpg\" rel=\"attachment wp-att-12324\"><img loading=\"lazy\" decoding=\"async\" class=\"alignnone size-medium wp-image-12324\" src=\"https:\/\/www.missoeshumanitarias.org\/wp-content\/uploads\/2021\/08\/Mapic_canto-1-300x169-1.jpg\" alt=\"Mapic_canto\" width=\"300\" height=\"169\" \/><\/a><\/p>\n<p style=\"text-align: justify;\">At the end of the activities in Mapic, the group paid a visit to the Community of Costa In\u00e9 for the farewell. The Chief thanks the Tree of Life, drawn on the wall of the Communitarian Center during the Mission, and says it symbolizes the Living Christ in the Community.<\/p>\n<p style=\"text-align: justify;\"><a href=\"http:\/\/www.fraterinternacional.org\/wp-content\/uploads\/2016\/02\/Costa_Ine_despedida.jpg\" rel=\"attachment wp-att-12312\"><img loading=\"lazy\" decoding=\"async\" class=\"alignnone size-medium wp-image-12312\" src=\"https:\/\/www.missoeshumanitarias.org\/wp-content\/uploads\/2021\/08\/Costa_Ine_despedida-300x169-1.jpg\" alt=\"Costa_Ine_despedida\" width=\"300\" height=\"169\" \/><\/a><a href=\"http:\/\/www.fraterinternacional.org\/wp-content\/uploads\/2016\/02\/costa_ine_orando2.jpg\" rel=\"attachment wp-att-12339\"><img loading=\"lazy\" decoding=\"async\" class=\"alignnone size-medium wp-image-12339\" src=\"https:\/\/www.missoeshumanitarias.org\/wp-content\/uploads\/2021\/08\/costa_ine_orando2-300x168-1.jpg\" alt=\"costa_ine_orando2\" width=\"300\" height=\"168\" \/><\/a><a href=\"http:\/\/www.fraterinternacional.org\/wp-content\/uploads\/2016\/02\/Costa_ine_final.jpg\" rel=\"attachment wp-att-12347\"><img loading=\"lazy\" decoding=\"async\" class=\"alignnone size-medium wp-image-12347\" src=\"https:\/\/www.missoeshumanitarias.org\/wp-content\/uploads\/2021\/08\/Costa_ine_final-300x169-1.jpg\" alt=\"Costa_ine_final\" width=\"300\" height=\"169\" \/><\/a><a href=\"http:\/\/www.fraterinternacional.org\/wp-content\/uploads\/2016\/02\/Mapic_crianca.jpg\" rel=\"attachment wp-att-12417\"><img loading=\"lazy\" decoding=\"async\" class=\"alignnone size-medium wp-image-12417\" src=\"https:\/\/www.missoeshumanitarias.org\/wp-content\/uploads\/2021\/08\/Mapic_crianca-300x169-1.jpg\" alt=\"Mapic_crianca\" width=\"300\" height=\"169\" \/><\/a><\/p>\n","protected":false},"excerpt":{"rendered":"<p>Feb 05 In the morning, the group conducted new activities in the neighborhood of Mapic, in the city of Resistencia. The work with the children became more intense due to the precarious situation in which they were found, with parasites and in poor conditions of hygiene. They had their hair and bodies washed, and lice [&hellip;]<\/p>\n","protected":false},"author":1,"featured_media":119946,"comment_status":"open","ping_status":"open","sticky":false,"template":"","format":"standard","meta":{"footnotes":""},"categories":[9,132],"tags":[],"class_list":["post-130835","post","type-post","status-publish","format-standard","has-post-thumbnail","hentry","category-news","category-news-about-the-missions"],"featured_image_src":"https:\/\/www.missoeshumanitarias.org\/wp-content\/uploads\/2021\/08\/Mapic_grupo_final.jpg","author_info":{"display_name":"maducato_admin","author_link":"https:\/\/www.missoeshumanitarias.org\/en\/author\/maducato_admin\/"},"yoast_head":"<!-- This site is optimized with the Yoast SEO Premium plugin v22.5 (Yoast SEO v22.5) - https:\/\/yoast.com\/wordpress\/plugins\/seo\/ -->\n<title>Diary of the Chaco Mission Feb 5 - Fraternidade Miss\u00f5es Humanit\u00e1rias Internacionais<\/title>\n<meta name=\"robots\" content=\"index, follow, max-snippet:-1, max-image-preview:large, max-video-preview:-1\" \/>\n<link rel=\"canonical\" href=\"https:\/\/www.missoeshumanitarias.org\/en\/diary-of-the-chaco-mission-feb-5\/\" \/>\n<meta property=\"og:locale\" content=\"en_US\" \/>\n<meta property=\"og:type\" content=\"article\" \/>\n<meta property=\"og:title\" content=\"Diary of the Chaco Mission Feb 5\" \/>\n<meta property=\"og:description\" content=\"Feb 05 In the morning, the group conducted new activities in the neighborhood of Mapic, in the city of Resistencia. The work with the children became more intense due to the precarious situation in which they were found, with parasites and in poor conditions of hygiene. They had their hair and bodies washed, and lice [&hellip;]\" \/>\n<meta property=\"og:url\" content=\"https:\/\/www.missoeshumanitarias.org\/en\/diary-of-the-chaco-mission-feb-5\/\" \/>\n<meta property=\"og:site_name\" content=\"Fraternidade Miss\u00f5es Humanit\u00e1rias Internacionais\" \/>\n<meta property=\"article:published_time\" content=\"2016-02-07T13:34:28+00:00\" \/>\n<meta property=\"og:image\" content=\"https:\/\/www.missoeshumanitarias.org\/wp-content\/uploads\/2021\/08\/Mapic_grupo_final.jpg\" \/>\n\t<meta property=\"og:image:width\" content=\"700\" \/>\n\t<meta property=\"og:image:height\" content=\"394\" \/>\n\t<meta property=\"og:image:type\" content=\"image\/jpeg\" \/>\n<meta name=\"author\" content=\"maducato_admin\" \/>\n<meta name=\"twitter:card\" content=\"summary_large_image\" \/>\n<meta name=\"twitter:label1\" content=\"Written by\" \/>\n\t<meta name=\"twitter:data1\" content=\"maducato_admin\" \/>\n\t<meta name=\"twitter:label2\" content=\"Est. reading time\" \/>\n\t<meta name=\"twitter:data2\" content=\"1 minute\" \/>\n<script type=\"application\/ld+json\" class=\"yoast-schema-graph\">{\"@context\":\"https:\/\/schema.org\",\"@graph\":[{\"@type\":\"Article\",\"@id\":\"https:\/\/www.missoeshumanitarias.org\/en\/diary-of-the-chaco-mission-feb-5\/#article\",\"isPartOf\":{\"@id\":\"https:\/\/www.missoeshumanitarias.org\/en\/diary-of-the-chaco-mission-feb-5\/\"},\"author\":{\"name\":\"maducato_admin\",\"@id\":\"https:\/\/www.missoeshumanitarias.org\/es\/#\/schema\/person\/e0f8527323154d1eba9f9d9eb6b401f7\"},\"headline\":\"Diary of the Chaco Mission Feb 5\",\"datePublished\":\"2016-02-07T13:34:28+00:00\",\"dateModified\":\"2016-02-07T13:34:28+00:00\",\"mainEntityOfPage\":{\"@id\":\"https:\/\/www.missoeshumanitarias.org\/en\/diary-of-the-chaco-mission-feb-5\/\"},\"wordCount\":192,\"commentCount\":0,\"publisher\":{\"@id\":\"https:\/\/www.missoeshumanitarias.org\/es\/#organization\"},\"image\":{\"@id\":\"https:\/\/www.missoeshumanitarias.org\/en\/diary-of-the-chaco-mission-feb-5\/#primaryimage\"},\"thumbnailUrl\":\"https:\/\/www.missoeshumanitarias.org\/wp-content\/uploads\/2021\/08\/Mapic_grupo_final.jpg\",\"articleSection\":[\"News\",\"News about the Missions\"],\"inLanguage\":\"en-US\",\"potentialAction\":[{\"@type\":\"CommentAction\",\"name\":\"Comment\",\"target\":[\"https:\/\/www.missoeshumanitarias.org\/en\/diary-of-the-chaco-mission-feb-5\/#respond\"]}]},{\"@type\":\"WebPage\",\"@id\":\"https:\/\/www.missoeshumanitarias.org\/en\/diary-of-the-chaco-mission-feb-5\/\",\"url\":\"https:\/\/www.missoeshumanitarias.org\/en\/diary-of-the-chaco-mission-feb-5\/\",\"name\":\"Diary of the Chaco Mission Feb 5 - Fraternidade Miss\u00f5es Humanit\u00e1rias Internacionais\",\"isPartOf\":{\"@id\":\"https:\/\/www.missoeshumanitarias.org\/es\/#website\"},\"primaryImageOfPage\":{\"@id\":\"https:\/\/www.missoeshumanitarias.org\/en\/diary-of-the-chaco-mission-feb-5\/#primaryimage\"},\"image\":{\"@id\":\"https:\/\/www.missoeshumanitarias.org\/en\/diary-of-the-chaco-mission-feb-5\/#primaryimage\"},\"thumbnailUrl\":\"https:\/\/www.missoeshumanitarias.org\/wp-content\/uploads\/2021\/08\/Mapic_grupo_final.jpg\",\"datePublished\":\"2016-02-07T13:34:28+00:00\",\"dateModified\":\"2016-02-07T13:34:28+00:00\",\"breadcrumb\":{\"@id\":\"https:\/\/www.missoeshumanitarias.org\/en\/diary-of-the-chaco-mission-feb-5\/#breadcrumb\"},\"inLanguage\":\"en-US\",\"potentialAction\":[{\"@type\":\"ReadAction\",\"target\":[\"https:\/\/www.missoeshumanitarias.org\/en\/diary-of-the-chaco-mission-feb-5\/\"]}]},{\"@type\":\"ImageObject\",\"inLanguage\":\"en-US\",\"@id\":\"https:\/\/www.missoeshumanitarias.org\/en\/diary-of-the-chaco-mission-feb-5\/#primaryimage\",\"url\":\"https:\/\/www.missoeshumanitarias.org\/wp-content\/uploads\/2021\/08\/Mapic_grupo_final.jpg\",\"contentUrl\":\"https:\/\/www.missoeshumanitarias.org\/wp-content\/uploads\/2021\/08\/Mapic_grupo_final.jpg\",\"width\":700,\"height\":394},{\"@type\":\"BreadcrumbList\",\"@id\":\"https:\/\/www.missoeshumanitarias.org\/en\/diary-of-the-chaco-mission-feb-5\/#breadcrumb\",\"itemListElement\":[{\"@type\":\"ListItem\",\"position\":1,\"name\":\"Home\",\"item\":\"https:\/\/www.missoeshumanitarias.org\/en\/\"},{\"@type\":\"ListItem\",\"position\":2,\"name\":\"Diary of the Chaco Mission Feb 5\"}]},{\"@type\":\"WebSite\",\"@id\":\"https:\/\/www.missoeshumanitarias.org\/es\/#website\",\"url\":\"https:\/\/www.missoeshumanitarias.org\/es\/\",\"name\":\"Fraternidade Miss\u00f5es Humanit\u00e1rias Internacionais\",\"description\":\"Respostas Humanit\u00e1rias e Emerg\u00eancias\",\"publisher\":{\"@id\":\"https:\/\/www.missoeshumanitarias.org\/es\/#organization\"},\"potentialAction\":[{\"@type\":\"SearchAction\",\"target\":{\"@type\":\"EntryPoint\",\"urlTemplate\":\"https:\/\/www.missoeshumanitarias.org\/es\/?s={search_term_string}\"},\"query-input\":\"required name=search_term_string\"}],\"inLanguage\":\"en-US\"},{\"@type\":\"Organization\",\"@id\":\"https:\/\/www.missoeshumanitarias.org\/es\/#organization\",\"name\":\"Fraternidade - Miss\u00f5es Humanit\u00e1rias Internacionais\",\"url\":\"https:\/\/www.missoeshumanitarias.org\/es\/\",\"logo\":{\"@type\":\"ImageObject\",\"inLanguage\":\"en-US\",\"@id\":\"https:\/\/www.missoeshumanitarias.org\/es\/#\/schema\/logo\/image\/\",\"url\":\"https:\/\/www.missoeshumanitarias.org\/wp-content\/uploads\/2020\/05\/logo-FMHI-mg.png\",\"contentUrl\":\"https:\/\/www.missoeshumanitarias.org\/wp-content\/uploads\/2020\/05\/logo-FMHI-mg.png\",\"width\":520,\"height\":134,\"caption\":\"Fraternidade - Miss\u00f5es Humanit\u00e1rias Internacionais\"},\"image\":{\"@id\":\"https:\/\/www.missoeshumanitarias.org\/es\/#\/schema\/logo\/image\/\"}},{\"@type\":\"Person\",\"@id\":\"https:\/\/www.missoeshumanitarias.org\/es\/#\/schema\/person\/e0f8527323154d1eba9f9d9eb6b401f7\",\"name\":\"maducato_admin\",\"image\":{\"@type\":\"ImageObject\",\"inLanguage\":\"en-US\",\"@id\":\"https:\/\/www.missoeshumanitarias.org\/es\/#\/schema\/person\/image\/\",\"url\":\"https:\/\/secure.gravatar.com\/avatar\/6c3b45186a8f5a459d8e14c7fca370bceae92402bc06171d75e4e559b6c24393?s=96&d=mm&r=g\",\"contentUrl\":\"https:\/\/secure.gravatar.com\/avatar\/6c3b45186a8f5a459d8e14c7fca370bceae92402bc06171d75e4e559b6c24393?s=96&d=mm&r=g\",\"caption\":\"maducato_admin\"}}]}<\/script>\n<!-- \/ Yoast SEO Premium plugin. -->","yoast_head_json":{"title":"Diary of the Chaco Mission Feb 5 - Fraternidade Miss\u00f5es Humanit\u00e1rias Internacionais","robots":{"index":"index","follow":"follow","max-snippet":"max-snippet:-1","max-image-preview":"max-image-preview:large","max-video-preview":"max-video-preview:-1"},"canonical":"https:\/\/www.missoeshumanitarias.org\/en\/diary-of-the-chaco-mission-feb-5\/","og_locale":"en_US","og_type":"article","og_title":"Diary of the Chaco Mission Feb 5","og_description":"Feb 05 In the morning, the group conducted new activities in the neighborhood of Mapic, in the city of Resistencia. The work with the children became more intense due to the precarious situation in which they were found, with parasites and in poor conditions of hygiene. They had their hair and bodies washed, and lice [&hellip;]","og_url":"https:\/\/www.missoeshumanitarias.org\/en\/diary-of-the-chaco-mission-feb-5\/","og_site_name":"Fraternidade Miss\u00f5es Humanit\u00e1rias Internacionais","article_published_time":"2016-02-07T13:34:28+00:00","og_image":[{"width":700,"height":394,"url":"https:\/\/www.missoeshumanitarias.org\/wp-content\/uploads\/2021\/08\/Mapic_grupo_final.jpg","type":"image\/jpeg"}],"author":"maducato_admin","twitter_card":"summary_large_image","twitter_misc":{"Written by":"maducato_admin","Est. reading time":"1 minute"},"schema":{"@context":"https:\/\/schema.org","@graph":[{"@type":"Article","@id":"https:\/\/www.missoeshumanitarias.org\/en\/diary-of-the-chaco-mission-feb-5\/#article","isPartOf":{"@id":"https:\/\/www.missoeshumanitarias.org\/en\/diary-of-the-chaco-mission-feb-5\/"},"author":{"name":"maducato_admin","@id":"https:\/\/www.missoeshumanitarias.org\/es\/#\/schema\/person\/e0f8527323154d1eba9f9d9eb6b401f7"},"headline":"Diary of the Chaco Mission Feb 5","datePublished":"2016-02-07T13:34:28+00:00","dateModified":"2016-02-07T13:34:28+00:00","mainEntityOfPage":{"@id":"https:\/\/www.missoeshumanitarias.org\/en\/diary-of-the-chaco-mission-feb-5\/"},"wordCount":192,"commentCount":0,"publisher":{"@id":"https:\/\/www.missoeshumanitarias.org\/es\/#organization"},"image":{"@id":"https:\/\/www.missoeshumanitarias.org\/en\/diary-of-the-chaco-mission-feb-5\/#primaryimage"},"thumbnailUrl":"https:\/\/www.missoeshumanitarias.org\/wp-content\/uploads\/2021\/08\/Mapic_grupo_final.jpg","articleSection":["News","News about the Missions"],"inLanguage":"en-US","potentialAction":[{"@type":"CommentAction","name":"Comment","target":["https:\/\/www.missoeshumanitarias.org\/en\/diary-of-the-chaco-mission-feb-5\/#respond"]}]},{"@type":"WebPage","@id":"https:\/\/www.missoeshumanitarias.org\/en\/diary-of-the-chaco-mission-feb-5\/","url":"https:\/\/www.missoeshumanitarias.org\/en\/diary-of-the-chaco-mission-feb-5\/","name":"Diary of the Chaco Mission Feb 5 - Fraternidade Miss\u00f5es Humanit\u00e1rias Internacionais","isPartOf":{"@id":"https:\/\/www.missoeshumanitarias.org\/es\/#website"},"primaryImageOfPage":{"@id":"https:\/\/www.missoeshumanitarias.org\/en\/diary-of-the-chaco-mission-feb-5\/#primaryimage"},"image":{"@id":"https:\/\/www.missoeshumanitarias.org\/en\/diary-of-the-chaco-mission-feb-5\/#primaryimage"},"thumbnailUrl":"https:\/\/www.missoeshumanitarias.org\/wp-content\/uploads\/2021\/08\/Mapic_grupo_final.jpg","datePublished":"2016-02-07T13:34:28+00:00","dateModified":"2016-02-07T13:34:28+00:00","breadcrumb":{"@id":"https:\/\/www.missoeshumanitarias.org\/en\/diary-of-the-chaco-mission-feb-5\/#breadcrumb"},"inLanguage":"en-US","potentialAction":[{"@type":"ReadAction","target":["https:\/\/www.missoeshumanitarias.org\/en\/diary-of-the-chaco-mission-feb-5\/"]}]},{"@type":"ImageObject","inLanguage":"en-US","@id":"https:\/\/www.missoeshumanitarias.org\/en\/diary-of-the-chaco-mission-feb-5\/#primaryimage","url":"https:\/\/www.missoeshumanitarias.org\/wp-content\/uploads\/2021\/08\/Mapic_grupo_final.jpg","contentUrl":"https:\/\/www.missoeshumanitarias.org\/wp-content\/uploads\/2021\/08\/Mapic_grupo_final.jpg","width":700,"height":394},{"@type":"BreadcrumbList","@id":"https:\/\/www.missoeshumanitarias.org\/en\/diary-of-the-chaco-mission-feb-5\/#breadcrumb","itemListElement":[{"@type":"ListItem","position":1,"name":"Home","item":"https:\/\/www.missoeshumanitarias.org\/en\/"},{"@type":"ListItem","position":2,"name":"Diary of the Chaco Mission Feb 5"}]},{"@type":"WebSite","@id":"https:\/\/www.missoeshumanitarias.org\/es\/#website","url":"https:\/\/www.missoeshumanitarias.org\/es\/","name":"Fraternidade Miss\u00f5es Humanit\u00e1rias Internacionais","description":"Respostas Humanit\u00e1rias e Emerg\u00eancias","publisher":{"@id":"https:\/\/www.missoeshumanitarias.org\/es\/#organization"},"potentialAction":[{"@type":"SearchAction","target":{"@type":"EntryPoint","urlTemplate":"https:\/\/www.missoeshumanitarias.org\/es\/?s={search_term_string}"},"query-input":"required name=search_term_string"}],"inLanguage":"en-US"},{"@type":"Organization","@id":"https:\/\/www.missoeshumanitarias.org\/es\/#organization","name":"Fraternidade - Miss\u00f5es Humanit\u00e1rias Internacionais","url":"https:\/\/www.missoeshumanitarias.org\/es\/","logo":{"@type":"ImageObject","inLanguage":"en-US","@id":"https:\/\/www.missoeshumanitarias.org\/es\/#\/schema\/logo\/image\/","url":"https:\/\/www.missoeshumanitarias.org\/wp-content\/uploads\/2020\/05\/logo-FMHI-mg.png","contentUrl":"https:\/\/www.missoeshumanitarias.org\/wp-content\/uploads\/2020\/05\/logo-FMHI-mg.png","width":520,"height":134,"caption":"Fraternidade - Miss\u00f5es Humanit\u00e1rias Internacionais"},"image":{"@id":"https:\/\/www.missoeshumanitarias.org\/es\/#\/schema\/logo\/image\/"}},{"@type":"Person","@id":"https:\/\/www.missoeshumanitarias.org\/es\/#\/schema\/person\/e0f8527323154d1eba9f9d9eb6b401f7","name":"maducato_admin","image":{"@type":"ImageObject","inLanguage":"en-US","@id":"https:\/\/www.missoeshumanitarias.org\/es\/#\/schema\/person\/image\/","url":"https:\/\/secure.gravatar.com\/avatar\/6c3b45186a8f5a459d8e14c7fca370bceae92402bc06171d75e4e559b6c24393?s=96&d=mm&r=g","contentUrl":"https:\/\/secure.gravatar.com\/avatar\/6c3b45186a8f5a459d8e14c7fca370bceae92402bc06171d75e4e559b6c24393?s=96&d=mm&r=g","caption":"maducato_admin"}}]}},"_links":{"self":[{"href":"https:\/\/www.missoeshumanitarias.org\/en\/wp-json\/wp\/v2\/posts\/130835","targetHints":{"allow":["GET"]}}],"collection":[{"href":"https:\/\/www.missoeshumanitarias.org\/en\/wp-json\/wp\/v2\/posts"}],"about":[{"href":"https:\/\/www.missoeshumanitarias.org\/en\/wp-json\/wp\/v2\/types\/post"}],"author":[{"embeddable":true,"href":"https:\/\/www.missoeshumanitarias.org\/en\/wp-json\/wp\/v2\/users\/1"}],"replies":[{"embeddable":true,"href":"https:\/\/www.missoeshumanitarias.org\/en\/wp-json\/wp\/v2\/comments?post=130835"}],"version-history":[{"count":0,"href":"https:\/\/www.missoeshumanitarias.org\/en\/wp-json\/wp\/v2\/posts\/130835\/revisions"}],"wp:featuredmedia":[{"embeddable":true,"href":"https:\/\/www.missoeshumanitarias.org\/en\/wp-json\/wp\/v2\/media\/119946"}],"wp:attachment":[{"href":"https:\/\/www.missoeshumanitarias.org\/en\/wp-json\/wp\/v2\/media?parent=130835"}],"wp:term":[{"taxonomy":"category","embeddable":true,"href":"https:\/\/www.missoeshumanitarias.org\/en\/wp-json\/wp\/v2\/categories?post=130835"},{"taxonomy":"post_tag","embeddable":true,"href":"https:\/\/www.missoeshumanitarias.org\/en\/wp-json\/wp\/v2\/tags?post=130835"}],"curies":[{"name":"wp","href":"https:\/\/api.w.org\/{rel}","templated":true}]}}