{"id":130872,"date":"2016-06-24T14:36:21","date_gmt":"2016-06-24T17:36:21","guid":{"rendered":"https:\/\/www.missoeshumanitarias.org\/diary-of-the-paraguay-mission-june-23\/"},"modified":"2021-11-14T15:22:00","modified_gmt":"2021-11-14T18:22:00","slug":"diary-of-the-paraguay-mission-june-23","status":"publish","type":"post","link":"https:\/\/www.missoeshumanitarias.org\/en\/diary-of-the-paraguay-mission-june-23\/","title":{"rendered":"Diary of the Paraguay Mission &#8211; June 23"},"content":{"rendered":"\n<div class=\"wp-block-image\"><figure class=\"alignright\"><a href=\"http:\/\/www.fraterinternacional.org\/wp-content\/uploads\/2016\/06\/missao_paraguai_bebe_dia23.jpg\"><img decoding=\"async\" src=\"https:\/\/www.missoeshumanitarias.org\/wp-content\/uploads\/2021\/08\/missao_paraguai_bebe_dia23-169x300-1.jpg\" alt=\"missao_paraguai_bebe_dia23\" class=\"wp-image-22974\"\/><\/a><\/figure><\/div>\n\n\n\n<p class=\"p1\"><span class=\"s1\"><b>Diary of the Paraguay Mission &#8211; June 23<br>\n<\/b><\/span><\/p>\n\n\n\n<p class=\"p1\"><span class=\"s1\">Third day in the Indigenous Community &#8216;Yvu Por\u00e1 Renda&#8217;, of Ciudad del Este. Students of Odontology of a local university joined the group of missionaries from <strong>Fraternidade &#8211; International Humanitarian Federation<\/strong> in the assistance to the indigenous population.<\/span><\/p>\n\n\n\n<p class=\"p1\"><span class=\"s1\">The responsible for Indigenous Health of the Ministry of Health in Alto Paran\u00e1 brought medicines. The medical consultations continue.<\/span><\/p>\n\n\n\n<p class=\"p1\"><span class=\"s1\">Making use of recycled material, the missionaries begin the building of lids for the wells used in the settlement.<\/span><\/p>\n\n\n\n<p class=\"p1\"><span class=\"s1\">A group starts the cleaning of the place, helped by indigenous students.<\/span><\/p>\n\n\n\n<p class=\"p1\"><span class=\"s1\">The washing of hair, haircut and trimming of nails continue.<\/span><\/p>\n\n\n\n<figure class=\"wp-block-gallery columns-3 is-cropped wp-block-gallery-1 is-layout-flex wp-block-gallery-is-layout-flex\"><ul class=\"blocks-gallery-grid\"><li class=\"blocks-gallery-item\"><figure><img fetchpriority=\"high\" decoding=\"async\" width=\"690\" height=\"388\" src=\"https:\/\/www.missoeshumanitarias.org\/wp-content\/uploads\/2021\/11\/missao_paraguai_atendimento_dia23.jpg\" alt=\"\" data-id=\"133885\" data-full-url=\"https:\/\/www.missoeshumanitarias.org\/wp-content\/uploads\/2021\/11\/missao_paraguai_atendimento_dia23.jpg\" data-link=\"https:\/\/www.missoeshumanitarias.org\/es\/diario-da-missao-paraguai-dia-23-06\/missao_paraguai_atendimento_dia23\/\" class=\"wp-image-133885\" srcset=\"https:\/\/www.missoeshumanitarias.org\/wp-content\/uploads\/2021\/11\/missao_paraguai_atendimento_dia23.jpg 690w, https:\/\/www.missoeshumanitarias.org\/wp-content\/uploads\/2021\/11\/missao_paraguai_atendimento_dia23-300x169.jpg 300w\" sizes=\"(max-width: 690px) 100vw, 690px\" \/><\/figure><\/li><li class=\"blocks-gallery-item\"><figure><img decoding=\"async\" width=\"690\" height=\"388\" src=\"https:\/\/www.missoeshumanitarias.org\/wp-content\/uploads\/2021\/11\/missao_paraguai_limpeza_dia23.jpg\" alt=\"\" data-id=\"133888\" data-full-url=\"https:\/\/www.missoeshumanitarias.org\/wp-content\/uploads\/2021\/11\/missao_paraguai_limpeza_dia23.jpg\" data-link=\"https:\/\/www.missoeshumanitarias.org\/es\/diario-da-missao-paraguai-dia-23-06\/missao_paraguai_limpeza_dia23\/\" class=\"wp-image-133888\" srcset=\"https:\/\/www.missoeshumanitarias.org\/wp-content\/uploads\/2021\/11\/missao_paraguai_limpeza_dia23.jpg 690w, https:\/\/www.missoeshumanitarias.org\/wp-content\/uploads\/2021\/11\/missao_paraguai_limpeza_dia23-300x169.jpg 300w\" sizes=\"(max-width: 690px) 100vw, 690px\" \/><\/figure><\/li><li class=\"blocks-gallery-item\"><figure><img decoding=\"async\" width=\"690\" height=\"388\" src=\"https:\/\/www.missoeshumanitarias.org\/wp-content\/uploads\/2021\/11\/missao_paraguai_poco_dia23.jpg\" alt=\"\" data-id=\"133891\" data-full-url=\"https:\/\/www.missoeshumanitarias.org\/wp-content\/uploads\/2021\/11\/missao_paraguai_poco_dia23.jpg\" data-link=\"https:\/\/www.missoeshumanitarias.org\/es\/diario-da-missao-paraguai-dia-23-06\/missao_paraguai_poco_dia23\/\" class=\"wp-image-133891\" srcset=\"https:\/\/www.missoeshumanitarias.org\/wp-content\/uploads\/2021\/11\/missao_paraguai_poco_dia23.jpg 690w, https:\/\/www.missoeshumanitarias.org\/wp-content\/uploads\/2021\/11\/missao_paraguai_poco_dia23-300x169.jpg 300w\" sizes=\"(max-width: 690px) 100vw, 690px\" \/><\/figure><\/li><\/ul><\/figure>\n","protected":false},"excerpt":{"rendered":"<p>Diary of the Paraguay Mission &#8211; June 23 Third day in the Indigenous Community &#8216;Yvu Por\u00e1 Renda&#8217;, of Ciudad del Este. Students of Odontology of a local university joined the group of missionaries from Fraternidade &#8211; International Humanitarian Federation in the assistance to the indigenous population. The responsible for Indigenous Health of the Ministry of [&hellip;]<\/p>\n","protected":false},"author":1,"featured_media":120371,"comment_status":"open","ping_status":"open","sticky":false,"template":"","format":"standard","meta":{"footnotes":""},"categories":[9,132],"tags":[],"class_list":["post-130872","post","type-post","status-publish","format-standard","has-post-thumbnail","hentry","category-news","category-news-about-the-missions"],"featured_image_src":"https:\/\/www.missoeshumanitarias.org\/wp-content\/uploads\/2021\/08\/missao_paraguai_bebe3_dia23.jpg","author_info":{"display_name":"maducato_admin","author_link":"https:\/\/www.missoeshumanitarias.org\/en\/author\/maducato_admin\/"},"yoast_head":"<!-- This site is optimized with the Yoast SEO Premium plugin v22.5 (Yoast SEO v22.5) - https:\/\/yoast.com\/wordpress\/plugins\/seo\/ -->\n<title>Diary of the Paraguay Mission - June 23 - Fraternidade Miss\u00f5es Humanit\u00e1rias Internacionais<\/title>\n<meta name=\"robots\" content=\"index, follow, max-snippet:-1, max-image-preview:large, max-video-preview:-1\" \/>\n<link rel=\"canonical\" href=\"https:\/\/www.missoeshumanitarias.org\/en\/diary-of-the-paraguay-mission-june-23\/\" \/>\n<meta property=\"og:locale\" content=\"en_US\" \/>\n<meta property=\"og:type\" content=\"article\" \/>\n<meta property=\"og:title\" content=\"Diary of the Paraguay Mission - June 23\" \/>\n<meta property=\"og:description\" content=\"Diary of the Paraguay Mission &#8211; June 23 Third day in the Indigenous Community &#8216;Yvu Por\u00e1 Renda&#8217;, of Ciudad del Este. Students of Odontology of a local university joined the group of missionaries from Fraternidade &#8211; International Humanitarian Federation in the assistance to the indigenous population. The responsible for Indigenous Health of the Ministry of [&hellip;]\" \/>\n<meta property=\"og:url\" content=\"https:\/\/www.missoeshumanitarias.org\/en\/diary-of-the-paraguay-mission-june-23\/\" \/>\n<meta property=\"og:site_name\" content=\"Fraternidade Miss\u00f5es Humanit\u00e1rias Internacionais\" \/>\n<meta property=\"article:published_time\" content=\"2016-06-24T17:36:21+00:00\" \/>\n<meta property=\"article:modified_time\" content=\"2021-11-14T18:22:00+00:00\" \/>\n<meta property=\"og:image\" content=\"https:\/\/www.missoeshumanitarias.org\/wp-content\/uploads\/2021\/08\/missao_paraguai_bebe3_dia23.jpg\" \/>\n\t<meta property=\"og:image:width\" content=\"690\" \/>\n\t<meta property=\"og:image:height\" content=\"388\" \/>\n\t<meta property=\"og:image:type\" content=\"image\/jpeg\" \/>\n<meta name=\"author\" content=\"maducato_admin\" \/>\n<meta name=\"twitter:card\" content=\"summary_large_image\" \/>\n<meta name=\"twitter:label1\" content=\"Written by\" \/>\n\t<meta name=\"twitter:data1\" content=\"maducato_admin\" \/>\n\t<meta name=\"twitter:label2\" content=\"Est. reading time\" \/>\n\t<meta name=\"twitter:data2\" content=\"2 minutes\" \/>\n<script type=\"application\/ld+json\" class=\"yoast-schema-graph\">{\"@context\":\"https:\/\/schema.org\",\"@graph\":[{\"@type\":\"Article\",\"@id\":\"https:\/\/www.missoeshumanitarias.org\/en\/diary-of-the-paraguay-mission-june-23\/#article\",\"isPartOf\":{\"@id\":\"https:\/\/www.missoeshumanitarias.org\/en\/diary-of-the-paraguay-mission-june-23\/\"},\"author\":{\"name\":\"maducato_admin\",\"@id\":\"https:\/\/www.missoeshumanitarias.org\/es\/#\/schema\/person\/e0f8527323154d1eba9f9d9eb6b401f7\"},\"headline\":\"Diary of the Paraguay Mission &#8211; June 23\",\"datePublished\":\"2016-06-24T17:36:21+00:00\",\"dateModified\":\"2021-11-14T18:22:00+00:00\",\"mainEntityOfPage\":{\"@id\":\"https:\/\/www.missoeshumanitarias.org\/en\/diary-of-the-paraguay-mission-june-23\/\"},\"wordCount\":112,\"commentCount\":0,\"publisher\":{\"@id\":\"https:\/\/www.missoeshumanitarias.org\/es\/#organization\"},\"image\":{\"@id\":\"https:\/\/www.missoeshumanitarias.org\/en\/diary-of-the-paraguay-mission-june-23\/#primaryimage\"},\"thumbnailUrl\":\"https:\/\/www.missoeshumanitarias.org\/wp-content\/uploads\/2021\/08\/missao_paraguai_bebe3_dia23.jpg\",\"articleSection\":[\"News\",\"News about the Missions\"],\"inLanguage\":\"en-US\",\"potentialAction\":[{\"@type\":\"CommentAction\",\"name\":\"Comment\",\"target\":[\"https:\/\/www.missoeshumanitarias.org\/en\/diary-of-the-paraguay-mission-june-23\/#respond\"]}]},{\"@type\":\"WebPage\",\"@id\":\"https:\/\/www.missoeshumanitarias.org\/en\/diary-of-the-paraguay-mission-june-23\/\",\"url\":\"https:\/\/www.missoeshumanitarias.org\/en\/diary-of-the-paraguay-mission-june-23\/\",\"name\":\"Diary of the Paraguay Mission - June 23 - Fraternidade Miss\u00f5es Humanit\u00e1rias Internacionais\",\"isPartOf\":{\"@id\":\"https:\/\/www.missoeshumanitarias.org\/es\/#website\"},\"primaryImageOfPage\":{\"@id\":\"https:\/\/www.missoeshumanitarias.org\/en\/diary-of-the-paraguay-mission-june-23\/#primaryimage\"},\"image\":{\"@id\":\"https:\/\/www.missoeshumanitarias.org\/en\/diary-of-the-paraguay-mission-june-23\/#primaryimage\"},\"thumbnailUrl\":\"https:\/\/www.missoeshumanitarias.org\/wp-content\/uploads\/2021\/08\/missao_paraguai_bebe3_dia23.jpg\",\"datePublished\":\"2016-06-24T17:36:21+00:00\",\"dateModified\":\"2021-11-14T18:22:00+00:00\",\"breadcrumb\":{\"@id\":\"https:\/\/www.missoeshumanitarias.org\/en\/diary-of-the-paraguay-mission-june-23\/#breadcrumb\"},\"inLanguage\":\"en-US\",\"potentialAction\":[{\"@type\":\"ReadAction\",\"target\":[\"https:\/\/www.missoeshumanitarias.org\/en\/diary-of-the-paraguay-mission-june-23\/\"]}]},{\"@type\":\"ImageObject\",\"inLanguage\":\"en-US\",\"@id\":\"https:\/\/www.missoeshumanitarias.org\/en\/diary-of-the-paraguay-mission-june-23\/#primaryimage\",\"url\":\"https:\/\/www.missoeshumanitarias.org\/wp-content\/uploads\/2021\/08\/missao_paraguai_bebe3_dia23.jpg\",\"contentUrl\":\"https:\/\/www.missoeshumanitarias.org\/wp-content\/uploads\/2021\/08\/missao_paraguai_bebe3_dia23.jpg\",\"width\":690,\"height\":388},{\"@type\":\"BreadcrumbList\",\"@id\":\"https:\/\/www.missoeshumanitarias.org\/en\/diary-of-the-paraguay-mission-june-23\/#breadcrumb\",\"itemListElement\":[{\"@type\":\"ListItem\",\"position\":1,\"name\":\"Home\",\"item\":\"https:\/\/www.missoeshumanitarias.org\/en\/\"},{\"@type\":\"ListItem\",\"position\":2,\"name\":\"Diary of the Paraguay Mission &#8211; June 23\"}]},{\"@type\":\"WebSite\",\"@id\":\"https:\/\/www.missoeshumanitarias.org\/es\/#website\",\"url\":\"https:\/\/www.missoeshumanitarias.org\/es\/\",\"name\":\"Fraternidade Miss\u00f5es Humanit\u00e1rias Internacionais\",\"description\":\"Respostas Humanit\u00e1rias e Emerg\u00eancias\",\"publisher\":{\"@id\":\"https:\/\/www.missoeshumanitarias.org\/es\/#organization\"},\"potentialAction\":[{\"@type\":\"SearchAction\",\"target\":{\"@type\":\"EntryPoint\",\"urlTemplate\":\"https:\/\/www.missoeshumanitarias.org\/es\/?s={search_term_string}\"},\"query-input\":\"required name=search_term_string\"}],\"inLanguage\":\"en-US\"},{\"@type\":\"Organization\",\"@id\":\"https:\/\/www.missoeshumanitarias.org\/es\/#organization\",\"name\":\"Fraternidade - Miss\u00f5es Humanit\u00e1rias Internacionais\",\"url\":\"https:\/\/www.missoeshumanitarias.org\/es\/\",\"logo\":{\"@type\":\"ImageObject\",\"inLanguage\":\"en-US\",\"@id\":\"https:\/\/www.missoeshumanitarias.org\/es\/#\/schema\/logo\/image\/\",\"url\":\"https:\/\/www.missoeshumanitarias.org\/wp-content\/uploads\/2020\/05\/logo-FMHI-mg.png\",\"contentUrl\":\"https:\/\/www.missoeshumanitarias.org\/wp-content\/uploads\/2020\/05\/logo-FMHI-mg.png\",\"width\":520,\"height\":134,\"caption\":\"Fraternidade - Miss\u00f5es Humanit\u00e1rias Internacionais\"},\"image\":{\"@id\":\"https:\/\/www.missoeshumanitarias.org\/es\/#\/schema\/logo\/image\/\"}},{\"@type\":\"Person\",\"@id\":\"https:\/\/www.missoeshumanitarias.org\/es\/#\/schema\/person\/e0f8527323154d1eba9f9d9eb6b401f7\",\"name\":\"maducato_admin\",\"image\":{\"@type\":\"ImageObject\",\"inLanguage\":\"en-US\",\"@id\":\"https:\/\/www.missoeshumanitarias.org\/es\/#\/schema\/person\/image\/\",\"url\":\"https:\/\/secure.gravatar.com\/avatar\/6c3b45186a8f5a459d8e14c7fca370bceae92402bc06171d75e4e559b6c24393?s=96&d=mm&r=g\",\"contentUrl\":\"https:\/\/secure.gravatar.com\/avatar\/6c3b45186a8f5a459d8e14c7fca370bceae92402bc06171d75e4e559b6c24393?s=96&d=mm&r=g\",\"caption\":\"maducato_admin\"}}]}<\/script>\n<!-- \/ Yoast SEO Premium plugin. -->","yoast_head_json":{"title":"Diary of the Paraguay Mission - June 23 - Fraternidade Miss\u00f5es Humanit\u00e1rias Internacionais","robots":{"index":"index","follow":"follow","max-snippet":"max-snippet:-1","max-image-preview":"max-image-preview:large","max-video-preview":"max-video-preview:-1"},"canonical":"https:\/\/www.missoeshumanitarias.org\/en\/diary-of-the-paraguay-mission-june-23\/","og_locale":"en_US","og_type":"article","og_title":"Diary of the Paraguay Mission - June 23","og_description":"Diary of the Paraguay Mission &#8211; June 23 Third day in the Indigenous Community &#8216;Yvu Por\u00e1 Renda&#8217;, of Ciudad del Este. Students of Odontology of a local university joined the group of missionaries from Fraternidade &#8211; International Humanitarian Federation in the assistance to the indigenous population. The responsible for Indigenous Health of the Ministry of [&hellip;]","og_url":"https:\/\/www.missoeshumanitarias.org\/en\/diary-of-the-paraguay-mission-june-23\/","og_site_name":"Fraternidade Miss\u00f5es Humanit\u00e1rias Internacionais","article_published_time":"2016-06-24T17:36:21+00:00","article_modified_time":"2021-11-14T18:22:00+00:00","og_image":[{"width":690,"height":388,"url":"https:\/\/www.missoeshumanitarias.org\/wp-content\/uploads\/2021\/08\/missao_paraguai_bebe3_dia23.jpg","type":"image\/jpeg"}],"author":"maducato_admin","twitter_card":"summary_large_image","twitter_misc":{"Written by":"maducato_admin","Est. reading time":"2 minutes"},"schema":{"@context":"https:\/\/schema.org","@graph":[{"@type":"Article","@id":"https:\/\/www.missoeshumanitarias.org\/en\/diary-of-the-paraguay-mission-june-23\/#article","isPartOf":{"@id":"https:\/\/www.missoeshumanitarias.org\/en\/diary-of-the-paraguay-mission-june-23\/"},"author":{"name":"maducato_admin","@id":"https:\/\/www.missoeshumanitarias.org\/es\/#\/schema\/person\/e0f8527323154d1eba9f9d9eb6b401f7"},"headline":"Diary of the Paraguay Mission &#8211; June 23","datePublished":"2016-06-24T17:36:21+00:00","dateModified":"2021-11-14T18:22:00+00:00","mainEntityOfPage":{"@id":"https:\/\/www.missoeshumanitarias.org\/en\/diary-of-the-paraguay-mission-june-23\/"},"wordCount":112,"commentCount":0,"publisher":{"@id":"https:\/\/www.missoeshumanitarias.org\/es\/#organization"},"image":{"@id":"https:\/\/www.missoeshumanitarias.org\/en\/diary-of-the-paraguay-mission-june-23\/#primaryimage"},"thumbnailUrl":"https:\/\/www.missoeshumanitarias.org\/wp-content\/uploads\/2021\/08\/missao_paraguai_bebe3_dia23.jpg","articleSection":["News","News about the Missions"],"inLanguage":"en-US","potentialAction":[{"@type":"CommentAction","name":"Comment","target":["https:\/\/www.missoeshumanitarias.org\/en\/diary-of-the-paraguay-mission-june-23\/#respond"]}]},{"@type":"WebPage","@id":"https:\/\/www.missoeshumanitarias.org\/en\/diary-of-the-paraguay-mission-june-23\/","url":"https:\/\/www.missoeshumanitarias.org\/en\/diary-of-the-paraguay-mission-june-23\/","name":"Diary of the Paraguay Mission - June 23 - Fraternidade Miss\u00f5es Humanit\u00e1rias Internacionais","isPartOf":{"@id":"https:\/\/www.missoeshumanitarias.org\/es\/#website"},"primaryImageOfPage":{"@id":"https:\/\/www.missoeshumanitarias.org\/en\/diary-of-the-paraguay-mission-june-23\/#primaryimage"},"image":{"@id":"https:\/\/www.missoeshumanitarias.org\/en\/diary-of-the-paraguay-mission-june-23\/#primaryimage"},"thumbnailUrl":"https:\/\/www.missoeshumanitarias.org\/wp-content\/uploads\/2021\/08\/missao_paraguai_bebe3_dia23.jpg","datePublished":"2016-06-24T17:36:21+00:00","dateModified":"2021-11-14T18:22:00+00:00","breadcrumb":{"@id":"https:\/\/www.missoeshumanitarias.org\/en\/diary-of-the-paraguay-mission-june-23\/#breadcrumb"},"inLanguage":"en-US","potentialAction":[{"@type":"ReadAction","target":["https:\/\/www.missoeshumanitarias.org\/en\/diary-of-the-paraguay-mission-june-23\/"]}]},{"@type":"ImageObject","inLanguage":"en-US","@id":"https:\/\/www.missoeshumanitarias.org\/en\/diary-of-the-paraguay-mission-june-23\/#primaryimage","url":"https:\/\/www.missoeshumanitarias.org\/wp-content\/uploads\/2021\/08\/missao_paraguai_bebe3_dia23.jpg","contentUrl":"https:\/\/www.missoeshumanitarias.org\/wp-content\/uploads\/2021\/08\/missao_paraguai_bebe3_dia23.jpg","width":690,"height":388},{"@type":"BreadcrumbList","@id":"https:\/\/www.missoeshumanitarias.org\/en\/diary-of-the-paraguay-mission-june-23\/#breadcrumb","itemListElement":[{"@type":"ListItem","position":1,"name":"Home","item":"https:\/\/www.missoeshumanitarias.org\/en\/"},{"@type":"ListItem","position":2,"name":"Diary of the Paraguay Mission &#8211; June 23"}]},{"@type":"WebSite","@id":"https:\/\/www.missoeshumanitarias.org\/es\/#website","url":"https:\/\/www.missoeshumanitarias.org\/es\/","name":"Fraternidade Miss\u00f5es Humanit\u00e1rias Internacionais","description":"Respostas Humanit\u00e1rias e Emerg\u00eancias","publisher":{"@id":"https:\/\/www.missoeshumanitarias.org\/es\/#organization"},"potentialAction":[{"@type":"SearchAction","target":{"@type":"EntryPoint","urlTemplate":"https:\/\/www.missoeshumanitarias.org\/es\/?s={search_term_string}"},"query-input":"required name=search_term_string"}],"inLanguage":"en-US"},{"@type":"Organization","@id":"https:\/\/www.missoeshumanitarias.org\/es\/#organization","name":"Fraternidade - Miss\u00f5es Humanit\u00e1rias Internacionais","url":"https:\/\/www.missoeshumanitarias.org\/es\/","logo":{"@type":"ImageObject","inLanguage":"en-US","@id":"https:\/\/www.missoeshumanitarias.org\/es\/#\/schema\/logo\/image\/","url":"https:\/\/www.missoeshumanitarias.org\/wp-content\/uploads\/2020\/05\/logo-FMHI-mg.png","contentUrl":"https:\/\/www.missoeshumanitarias.org\/wp-content\/uploads\/2020\/05\/logo-FMHI-mg.png","width":520,"height":134,"caption":"Fraternidade - Miss\u00f5es Humanit\u00e1rias Internacionais"},"image":{"@id":"https:\/\/www.missoeshumanitarias.org\/es\/#\/schema\/logo\/image\/"}},{"@type":"Person","@id":"https:\/\/www.missoeshumanitarias.org\/es\/#\/schema\/person\/e0f8527323154d1eba9f9d9eb6b401f7","name":"maducato_admin","image":{"@type":"ImageObject","inLanguage":"en-US","@id":"https:\/\/www.missoeshumanitarias.org\/es\/#\/schema\/person\/image\/","url":"https:\/\/secure.gravatar.com\/avatar\/6c3b45186a8f5a459d8e14c7fca370bceae92402bc06171d75e4e559b6c24393?s=96&d=mm&r=g","contentUrl":"https:\/\/secure.gravatar.com\/avatar\/6c3b45186a8f5a459d8e14c7fca370bceae92402bc06171d75e4e559b6c24393?s=96&d=mm&r=g","caption":"maducato_admin"}}]}},"_links":{"self":[{"href":"https:\/\/www.missoeshumanitarias.org\/en\/wp-json\/wp\/v2\/posts\/130872","targetHints":{"allow":["GET"]}}],"collection":[{"href":"https:\/\/www.missoeshumanitarias.org\/en\/wp-json\/wp\/v2\/posts"}],"about":[{"href":"https:\/\/www.missoeshumanitarias.org\/en\/wp-json\/wp\/v2\/types\/post"}],"author":[{"embeddable":true,"href":"https:\/\/www.missoeshumanitarias.org\/en\/wp-json\/wp\/v2\/users\/1"}],"replies":[{"embeddable":true,"href":"https:\/\/www.missoeshumanitarias.org\/en\/wp-json\/wp\/v2\/comments?post=130872"}],"version-history":[{"count":0,"href":"https:\/\/www.missoeshumanitarias.org\/en\/wp-json\/wp\/v2\/posts\/130872\/revisions"}],"wp:featuredmedia":[{"embeddable":true,"href":"https:\/\/www.missoeshumanitarias.org\/en\/wp-json\/wp\/v2\/media\/120371"}],"wp:attachment":[{"href":"https:\/\/www.missoeshumanitarias.org\/en\/wp-json\/wp\/v2\/media?parent=130872"}],"wp:term":[{"taxonomy":"category","embeddable":true,"href":"https:\/\/www.missoeshumanitarias.org\/en\/wp-json\/wp\/v2\/categories?post=130872"},{"taxonomy":"post_tag","embeddable":true,"href":"https:\/\/www.missoeshumanitarias.org\/en\/wp-json\/wp\/v2\/tags?post=130872"}],"curies":[{"name":"wp","href":"https:\/\/api.w.org\/{rel}","templated":true}]}}