{"id":130881,"date":"2016-07-03T22:07:02","date_gmt":"2016-07-04T01:07:02","guid":{"rendered":"https:\/\/www.missoeshumanitarias.org\/diary-of-the-paraguay-mission-june-2\/"},"modified":"2016-07-03T22:07:02","modified_gmt":"2016-07-04T01:07:02","slug":"diary-of-the-paraguay-mission-june-2","status":"publish","type":"post","link":"https:\/\/www.missoeshumanitarias.org\/en\/diary-of-the-paraguay-mission-june-2\/","title":{"rendered":"Diary of the Paraguay Mission &#8211; June 2"},"content":{"rendered":"<p><strong>Diary of the Paraguay Mission &#8211; June 2<\/strong><\/p>\n<p class=\"p1\" style=\"text-align: justify;\"><span class=\"s1\"><a href=\"http:\/\/www.fraterinternacional.org\/wp-content\/uploads\/2016\/07\/indigenas_missao_paraguai_aterro_privado2_dia02_07.jpg\"><img fetchpriority=\"high\" decoding=\"async\" class=\"alignright wp-image-23715\" src=\"https:\/\/www.missoeshumanitarias.org\/wp-content\/uploads\/2021\/08\/indigenas_missao_paraguai_aterro_privado2_dia02_07-189x300-1.jpg\" alt=\"indigenas_missao_paraguai_aterro_privado2_dia02_07\" width=\"199\" height=\"316\" \/><\/a><\/span><\/p>\n<p style=\"text-align: justify;\">In contrast to other communities contacted previously, today the group on mission in Paraguay had the opportunity of serving a nucleus of Ava Guarany Indigenous people that not only has to make a living on the trash, but also has to live amidst the trash.<\/p>\n<p style=\"text-align: justify;\">They are 36 families that come from different points of the country and that survive in huts in a terrain located beside a private garbage dump, 12 kilometers from the center of Ciudad del Este.<\/p>\n<p style=\"text-align: justify;\">In this nucleus of indigenous people, the missionaries conducted medical, dental and recreational services, besides haircut. The services were conducted inside a chapel.<\/p>\n<p style=\"text-align: justify;\">The native people have to pay for rent and are submitted to certain conditions to have access to the recycling of garbage, a task that they share with the non-indigenous people (having identity card, comply with certain hours and days of the week, as well as a maximum number of families each day).<\/p>\n<p class=\"p1\" style=\"text-align: justify;\"><span class=\"s1\">\u00a0<\/span><\/p>\n<p>[fusion_builder_container hundred_percent=&#8221;yes&#8221; overflow=&#8221;visible&#8221;][fusion_builder_row][fusion_builder_column type=&#8221;1_1&#8243; background_position=&#8221;left top&#8221; background_color=&#8221;&#8221; border_size=&#8221;&#8221; border_color=&#8221;&#8221; border_style=&#8221;solid&#8221; spacing=&#8221;yes&#8221; background_image=&#8221;&#8221; background_repeat=&#8221;no-repeat&#8221; padding=&#8221;&#8221; margin_top=&#8221;0px&#8221; margin_bottom=&#8221;0px&#8221; class=&#8221;&#8221; id=&#8221;&#8221; animation_type=&#8221;&#8221; animation_speed=&#8221;0.3&#8243; animation_direction=&#8221;left&#8221; hide_on_mobile=&#8221;no&#8221; center_content=&#8221;no&#8221; min_height=&#8221;none&#8221;]<div id='gallery-1' class='gallery galleryid-130881 gallery-columns-2 gallery-size-medium'><figure class='gallery-item'>\n\t\t\t<div class='gallery-icon landscape'>\n\t\t\t\t<a href='https:\/\/www.missoeshumanitarias.org\/wp-content\/uploads\/2021\/08\/indigenas_missao_paraguai_agua_poco_dia02_07.jpg'><img decoding=\"async\" width=\"300\" height=\"169\" src=\"https:\/\/www.missoeshumanitarias.org\/wp-content\/uploads\/2021\/08\/indigenas_missao_paraguai_agua_poco_dia02_07-300x169.jpg\" class=\"attachment-medium size-medium\" alt=\"\" srcset=\"https:\/\/www.missoeshumanitarias.org\/wp-content\/uploads\/2021\/08\/indigenas_missao_paraguai_agua_poco_dia02_07-300x169.jpg 300w, https:\/\/www.missoeshumanitarias.org\/wp-content\/uploads\/2021\/08\/indigenas_missao_paraguai_agua_poco_dia02_07.jpg 690w\" sizes=\"(max-width: 300px) 100vw, 300px\" \/><\/a>\n\t\t\t<\/div><\/figure><figure class='gallery-item'>\n\t\t\t<div class='gallery-icon landscape'>\n\t\t\t\t<a href='https:\/\/www.missoeshumanitarias.org\/wp-content\/uploads\/2021\/08\/indigenas_missao_paraguai_aterro_privado_dia02_07.jpg'><img decoding=\"async\" width=\"300\" height=\"169\" src=\"https:\/\/www.missoeshumanitarias.org\/wp-content\/uploads\/2021\/08\/indigenas_missao_paraguai_aterro_privado_dia02_07-300x169.jpg\" class=\"attachment-medium size-medium\" alt=\"\" srcset=\"https:\/\/www.missoeshumanitarias.org\/wp-content\/uploads\/2021\/08\/indigenas_missao_paraguai_aterro_privado_dia02_07-300x169.jpg 300w, https:\/\/www.missoeshumanitarias.org\/wp-content\/uploads\/2021\/08\/indigenas_missao_paraguai_aterro_privado_dia02_07.jpg 690w\" sizes=\"(max-width: 300px) 100vw, 300px\" \/><\/a>\n\t\t\t<\/div><\/figure><figure class='gallery-item'>\n\t\t\t<div class='gallery-icon landscape'>\n\t\t\t\t<a href='https:\/\/www.missoeshumanitarias.org\/wp-content\/uploads\/2021\/08\/indigenas_missao_paraguai_animais_esgoto_dia02_07.jpg'><img loading=\"lazy\" decoding=\"async\" width=\"300\" height=\"169\" src=\"https:\/\/www.missoeshumanitarias.org\/wp-content\/uploads\/2021\/08\/indigenas_missao_paraguai_animais_esgoto_dia02_07-300x169.jpg\" class=\"attachment-medium size-medium\" alt=\"\" srcset=\"https:\/\/www.missoeshumanitarias.org\/wp-content\/uploads\/2021\/08\/indigenas_missao_paraguai_animais_esgoto_dia02_07-300x169.jpg 300w, https:\/\/www.missoeshumanitarias.org\/wp-content\/uploads\/2021\/08\/indigenas_missao_paraguai_animais_esgoto_dia02_07.jpg 690w\" sizes=\"(max-width: 300px) 100vw, 300px\" \/><\/a>\n\t\t\t<\/div><\/figure><figure class='gallery-item'>\n\t\t\t<div class='gallery-icon landscape'>\n\t\t\t\t<a href='https:\/\/www.missoeshumanitarias.org\/wp-content\/uploads\/2021\/08\/indigenas_missao_paraguai_capela_lixo_dia02_07.jpg'><img loading=\"lazy\" decoding=\"async\" width=\"300\" height=\"169\" src=\"https:\/\/www.missoeshumanitarias.org\/wp-content\/uploads\/2021\/08\/indigenas_missao_paraguai_capela_lixo_dia02_07-300x169.jpg\" class=\"attachment-medium size-medium\" alt=\"\" srcset=\"https:\/\/www.missoeshumanitarias.org\/wp-content\/uploads\/2021\/08\/indigenas_missao_paraguai_capela_lixo_dia02_07-300x169.jpg 300w, https:\/\/www.missoeshumanitarias.org\/wp-content\/uploads\/2021\/08\/indigenas_missao_paraguai_capela_lixo_dia02_07.jpg 690w\" sizes=\"(max-width: 300px) 100vw, 300px\" \/><\/a>\n\t\t\t<\/div><\/figure><figure class='gallery-item'>\n\t\t\t<div class='gallery-icon landscape'>\n\t\t\t\t<a href='https:\/\/www.missoeshumanitarias.org\/wp-content\/uploads\/2021\/08\/indigenas_missao_paraguai_capela_dia02_07.jpg'><img loading=\"lazy\" decoding=\"async\" width=\"300\" height=\"169\" src=\"https:\/\/www.missoeshumanitarias.org\/wp-content\/uploads\/2021\/08\/indigenas_missao_paraguai_capela_dia02_07-300x169.jpg\" class=\"attachment-medium size-medium\" alt=\"\" srcset=\"https:\/\/www.missoeshumanitarias.org\/wp-content\/uploads\/2021\/08\/indigenas_missao_paraguai_capela_dia02_07-300x169.jpg 300w, https:\/\/www.missoeshumanitarias.org\/wp-content\/uploads\/2021\/08\/indigenas_missao_paraguai_capela_dia02_07.jpg 690w\" sizes=\"(max-width: 300px) 100vw, 300px\" \/><\/a>\n\t\t\t<\/div><\/figure><figure class='gallery-item'>\n\t\t\t<div class='gallery-icon landscape'>\n\t\t\t\t<a href='https:\/\/www.missoeshumanitarias.org\/wp-content\/uploads\/2021\/08\/indigenas_missao_paraguai_atendimento_capela_dia02_07.jpg'><img loading=\"lazy\" decoding=\"async\" width=\"300\" height=\"169\" src=\"https:\/\/www.missoeshumanitarias.org\/wp-content\/uploads\/2021\/08\/indigenas_missao_paraguai_atendimento_capela_dia02_07-300x169.jpg\" class=\"attachment-medium size-medium\" alt=\"\" srcset=\"https:\/\/www.missoeshumanitarias.org\/wp-content\/uploads\/2021\/08\/indigenas_missao_paraguai_atendimento_capela_dia02_07-300x169.jpg 300w, https:\/\/www.missoeshumanitarias.org\/wp-content\/uploads\/2021\/08\/indigenas_missao_paraguai_atendimento_capela_dia02_07.jpg 690w\" sizes=\"(max-width: 300px) 100vw, 300px\" \/><\/a>\n\t\t\t<\/div><\/figure>\n\t\t<\/div>\n[\/fusion_builder_column][\/fusion_builder_row][\/fusion_builder_container]<\/p>\n","protected":false},"excerpt":{"rendered":"<p>Diary of the Paraguay Mission &#8211; June 2 In contrast to other communities contacted previously, today the group on mission in Paraguay had the opportunity of serving a nucleus of Ava Guarany Indigenous people that not only has to make a living on the trash, but also has to live amidst the trash. They are [&hellip;]<\/p>\n","protected":false},"author":1,"featured_media":120536,"comment_status":"open","ping_status":"open","sticky":false,"template":"","format":"standard","meta":{"footnotes":""},"categories":[9,132],"tags":[],"class_list":["post-130881","post","type-post","status-publish","format-standard","has-post-thumbnail","hentry","category-news","category-news-about-the-missions"],"featured_image_src":"https:\/\/www.missoeshumanitarias.org\/wp-content\/uploads\/2021\/08\/indigenas_missao_paraguai_casas_lixo_dia02_07.jpg","author_info":{"display_name":"maducato_admin","author_link":"https:\/\/www.missoeshumanitarias.org\/en\/author\/maducato_admin\/"},"yoast_head":"<!-- This site is optimized with the Yoast SEO Premium plugin v22.5 (Yoast SEO v22.5) - https:\/\/yoast.com\/wordpress\/plugins\/seo\/ -->\n<title>Diary of the Paraguay Mission - June 2 - Fraternidade Miss\u00f5es Humanit\u00e1rias Internacionais<\/title>\n<meta name=\"robots\" content=\"index, follow, max-snippet:-1, max-image-preview:large, max-video-preview:-1\" \/>\n<link rel=\"canonical\" href=\"https:\/\/www.missoeshumanitarias.org\/en\/diary-of-the-paraguay-mission-june-2\/\" \/>\n<meta property=\"og:locale\" content=\"en_US\" \/>\n<meta property=\"og:type\" content=\"article\" \/>\n<meta property=\"og:title\" content=\"Diary of the Paraguay Mission - June 2\" \/>\n<meta property=\"og:description\" content=\"Diary of the Paraguay Mission &#8211; June 2 In contrast to other communities contacted previously, today the group on mission in Paraguay had the opportunity of serving a nucleus of Ava Guarany Indigenous people that not only has to make a living on the trash, but also has to live amidst the trash. They are [&hellip;]\" \/>\n<meta property=\"og:url\" content=\"https:\/\/www.missoeshumanitarias.org\/en\/diary-of-the-paraguay-mission-june-2\/\" \/>\n<meta property=\"og:site_name\" content=\"Fraternidade Miss\u00f5es Humanit\u00e1rias Internacionais\" \/>\n<meta property=\"article:published_time\" content=\"2016-07-04T01:07:02+00:00\" \/>\n<meta property=\"og:image\" content=\"https:\/\/www.missoeshumanitarias.org\/wp-content\/uploads\/2021\/08\/indigenas_missao_paraguai_casas_lixo_dia02_07.jpg\" \/>\n\t<meta property=\"og:image:width\" content=\"690\" \/>\n\t<meta property=\"og:image:height\" content=\"388\" \/>\n\t<meta property=\"og:image:type\" content=\"image\/jpeg\" \/>\n<meta name=\"author\" content=\"maducato_admin\" \/>\n<meta name=\"twitter:card\" content=\"summary_large_image\" \/>\n<meta name=\"twitter:label1\" content=\"Written by\" \/>\n\t<meta name=\"twitter:data1\" content=\"maducato_admin\" \/>\n\t<meta name=\"twitter:label2\" content=\"Est. reading time\" \/>\n\t<meta name=\"twitter:data2\" content=\"1 minute\" \/>\n<script type=\"application\/ld+json\" class=\"yoast-schema-graph\">{\"@context\":\"https:\/\/schema.org\",\"@graph\":[{\"@type\":\"Article\",\"@id\":\"https:\/\/www.missoeshumanitarias.org\/en\/diary-of-the-paraguay-mission-june-2\/#article\",\"isPartOf\":{\"@id\":\"https:\/\/www.missoeshumanitarias.org\/en\/diary-of-the-paraguay-mission-june-2\/\"},\"author\":{\"name\":\"maducato_admin\",\"@id\":\"https:\/\/www.missoeshumanitarias.org\/es\/#\/schema\/person\/e0f8527323154d1eba9f9d9eb6b401f7\"},\"headline\":\"Diary of the Paraguay Mission &#8211; June 2\",\"datePublished\":\"2016-07-04T01:07:02+00:00\",\"dateModified\":\"2016-07-04T01:07:02+00:00\",\"mainEntityOfPage\":{\"@id\":\"https:\/\/www.missoeshumanitarias.org\/en\/diary-of-the-paraguay-mission-june-2\/\"},\"wordCount\":245,\"commentCount\":0,\"publisher\":{\"@id\":\"https:\/\/www.missoeshumanitarias.org\/es\/#organization\"},\"image\":{\"@id\":\"https:\/\/www.missoeshumanitarias.org\/en\/diary-of-the-paraguay-mission-june-2\/#primaryimage\"},\"thumbnailUrl\":\"https:\/\/www.missoeshumanitarias.org\/wp-content\/uploads\/2021\/08\/indigenas_missao_paraguai_casas_lixo_dia02_07.jpg\",\"articleSection\":[\"News\",\"News about the Missions\"],\"inLanguage\":\"en-US\",\"potentialAction\":[{\"@type\":\"CommentAction\",\"name\":\"Comment\",\"target\":[\"https:\/\/www.missoeshumanitarias.org\/en\/diary-of-the-paraguay-mission-june-2\/#respond\"]}]},{\"@type\":\"WebPage\",\"@id\":\"https:\/\/www.missoeshumanitarias.org\/en\/diary-of-the-paraguay-mission-june-2\/\",\"url\":\"https:\/\/www.missoeshumanitarias.org\/en\/diary-of-the-paraguay-mission-june-2\/\",\"name\":\"Diary of the Paraguay Mission - June 2 - Fraternidade Miss\u00f5es Humanit\u00e1rias Internacionais\",\"isPartOf\":{\"@id\":\"https:\/\/www.missoeshumanitarias.org\/es\/#website\"},\"primaryImageOfPage\":{\"@id\":\"https:\/\/www.missoeshumanitarias.org\/en\/diary-of-the-paraguay-mission-june-2\/#primaryimage\"},\"image\":{\"@id\":\"https:\/\/www.missoeshumanitarias.org\/en\/diary-of-the-paraguay-mission-june-2\/#primaryimage\"},\"thumbnailUrl\":\"https:\/\/www.missoeshumanitarias.org\/wp-content\/uploads\/2021\/08\/indigenas_missao_paraguai_casas_lixo_dia02_07.jpg\",\"datePublished\":\"2016-07-04T01:07:02+00:00\",\"dateModified\":\"2016-07-04T01:07:02+00:00\",\"breadcrumb\":{\"@id\":\"https:\/\/www.missoeshumanitarias.org\/en\/diary-of-the-paraguay-mission-june-2\/#breadcrumb\"},\"inLanguage\":\"en-US\",\"potentialAction\":[{\"@type\":\"ReadAction\",\"target\":[\"https:\/\/www.missoeshumanitarias.org\/en\/diary-of-the-paraguay-mission-june-2\/\"]}]},{\"@type\":\"ImageObject\",\"inLanguage\":\"en-US\",\"@id\":\"https:\/\/www.missoeshumanitarias.org\/en\/diary-of-the-paraguay-mission-june-2\/#primaryimage\",\"url\":\"https:\/\/www.missoeshumanitarias.org\/wp-content\/uploads\/2021\/08\/indigenas_missao_paraguai_casas_lixo_dia02_07.jpg\",\"contentUrl\":\"https:\/\/www.missoeshumanitarias.org\/wp-content\/uploads\/2021\/08\/indigenas_missao_paraguai_casas_lixo_dia02_07.jpg\",\"width\":690,\"height\":388},{\"@type\":\"BreadcrumbList\",\"@id\":\"https:\/\/www.missoeshumanitarias.org\/en\/diary-of-the-paraguay-mission-june-2\/#breadcrumb\",\"itemListElement\":[{\"@type\":\"ListItem\",\"position\":1,\"name\":\"Home\",\"item\":\"https:\/\/www.missoeshumanitarias.org\/en\/\"},{\"@type\":\"ListItem\",\"position\":2,\"name\":\"Diary of the Paraguay Mission &#8211; June 2\"}]},{\"@type\":\"WebSite\",\"@id\":\"https:\/\/www.missoeshumanitarias.org\/es\/#website\",\"url\":\"https:\/\/www.missoeshumanitarias.org\/es\/\",\"name\":\"Fraternidade Miss\u00f5es Humanit\u00e1rias Internacionais\",\"description\":\"Respostas Humanit\u00e1rias e Emerg\u00eancias\",\"publisher\":{\"@id\":\"https:\/\/www.missoeshumanitarias.org\/es\/#organization\"},\"potentialAction\":[{\"@type\":\"SearchAction\",\"target\":{\"@type\":\"EntryPoint\",\"urlTemplate\":\"https:\/\/www.missoeshumanitarias.org\/es\/?s={search_term_string}\"},\"query-input\":\"required name=search_term_string\"}],\"inLanguage\":\"en-US\"},{\"@type\":\"Organization\",\"@id\":\"https:\/\/www.missoeshumanitarias.org\/es\/#organization\",\"name\":\"Fraternidade - Miss\u00f5es Humanit\u00e1rias Internacionais\",\"url\":\"https:\/\/www.missoeshumanitarias.org\/es\/\",\"logo\":{\"@type\":\"ImageObject\",\"inLanguage\":\"en-US\",\"@id\":\"https:\/\/www.missoeshumanitarias.org\/es\/#\/schema\/logo\/image\/\",\"url\":\"https:\/\/www.missoeshumanitarias.org\/wp-content\/uploads\/2020\/05\/logo-FMHI-mg.png\",\"contentUrl\":\"https:\/\/www.missoeshumanitarias.org\/wp-content\/uploads\/2020\/05\/logo-FMHI-mg.png\",\"width\":520,\"height\":134,\"caption\":\"Fraternidade - Miss\u00f5es Humanit\u00e1rias Internacionais\"},\"image\":{\"@id\":\"https:\/\/www.missoeshumanitarias.org\/es\/#\/schema\/logo\/image\/\"}},{\"@type\":\"Person\",\"@id\":\"https:\/\/www.missoeshumanitarias.org\/es\/#\/schema\/person\/e0f8527323154d1eba9f9d9eb6b401f7\",\"name\":\"maducato_admin\",\"image\":{\"@type\":\"ImageObject\",\"inLanguage\":\"en-US\",\"@id\":\"https:\/\/www.missoeshumanitarias.org\/es\/#\/schema\/person\/image\/\",\"url\":\"https:\/\/secure.gravatar.com\/avatar\/6c3b45186a8f5a459d8e14c7fca370bceae92402bc06171d75e4e559b6c24393?s=96&d=mm&r=g\",\"contentUrl\":\"https:\/\/secure.gravatar.com\/avatar\/6c3b45186a8f5a459d8e14c7fca370bceae92402bc06171d75e4e559b6c24393?s=96&d=mm&r=g\",\"caption\":\"maducato_admin\"}}]}<\/script>\n<!-- \/ Yoast SEO Premium plugin. -->","yoast_head_json":{"title":"Diary of the Paraguay Mission - June 2 - Fraternidade Miss\u00f5es Humanit\u00e1rias Internacionais","robots":{"index":"index","follow":"follow","max-snippet":"max-snippet:-1","max-image-preview":"max-image-preview:large","max-video-preview":"max-video-preview:-1"},"canonical":"https:\/\/www.missoeshumanitarias.org\/en\/diary-of-the-paraguay-mission-june-2\/","og_locale":"en_US","og_type":"article","og_title":"Diary of the Paraguay Mission - June 2","og_description":"Diary of the Paraguay Mission &#8211; June 2 In contrast to other communities contacted previously, today the group on mission in Paraguay had the opportunity of serving a nucleus of Ava Guarany Indigenous people that not only has to make a living on the trash, but also has to live amidst the trash. They are [&hellip;]","og_url":"https:\/\/www.missoeshumanitarias.org\/en\/diary-of-the-paraguay-mission-june-2\/","og_site_name":"Fraternidade Miss\u00f5es Humanit\u00e1rias Internacionais","article_published_time":"2016-07-04T01:07:02+00:00","og_image":[{"width":690,"height":388,"url":"https:\/\/www.missoeshumanitarias.org\/wp-content\/uploads\/2021\/08\/indigenas_missao_paraguai_casas_lixo_dia02_07.jpg","type":"image\/jpeg"}],"author":"maducato_admin","twitter_card":"summary_large_image","twitter_misc":{"Written by":"maducato_admin","Est. reading time":"1 minute"},"schema":{"@context":"https:\/\/schema.org","@graph":[{"@type":"Article","@id":"https:\/\/www.missoeshumanitarias.org\/en\/diary-of-the-paraguay-mission-june-2\/#article","isPartOf":{"@id":"https:\/\/www.missoeshumanitarias.org\/en\/diary-of-the-paraguay-mission-june-2\/"},"author":{"name":"maducato_admin","@id":"https:\/\/www.missoeshumanitarias.org\/es\/#\/schema\/person\/e0f8527323154d1eba9f9d9eb6b401f7"},"headline":"Diary of the Paraguay Mission &#8211; June 2","datePublished":"2016-07-04T01:07:02+00:00","dateModified":"2016-07-04T01:07:02+00:00","mainEntityOfPage":{"@id":"https:\/\/www.missoeshumanitarias.org\/en\/diary-of-the-paraguay-mission-june-2\/"},"wordCount":245,"commentCount":0,"publisher":{"@id":"https:\/\/www.missoeshumanitarias.org\/es\/#organization"},"image":{"@id":"https:\/\/www.missoeshumanitarias.org\/en\/diary-of-the-paraguay-mission-june-2\/#primaryimage"},"thumbnailUrl":"https:\/\/www.missoeshumanitarias.org\/wp-content\/uploads\/2021\/08\/indigenas_missao_paraguai_casas_lixo_dia02_07.jpg","articleSection":["News","News about the Missions"],"inLanguage":"en-US","potentialAction":[{"@type":"CommentAction","name":"Comment","target":["https:\/\/www.missoeshumanitarias.org\/en\/diary-of-the-paraguay-mission-june-2\/#respond"]}]},{"@type":"WebPage","@id":"https:\/\/www.missoeshumanitarias.org\/en\/diary-of-the-paraguay-mission-june-2\/","url":"https:\/\/www.missoeshumanitarias.org\/en\/diary-of-the-paraguay-mission-june-2\/","name":"Diary of the Paraguay Mission - June 2 - Fraternidade Miss\u00f5es Humanit\u00e1rias Internacionais","isPartOf":{"@id":"https:\/\/www.missoeshumanitarias.org\/es\/#website"},"primaryImageOfPage":{"@id":"https:\/\/www.missoeshumanitarias.org\/en\/diary-of-the-paraguay-mission-june-2\/#primaryimage"},"image":{"@id":"https:\/\/www.missoeshumanitarias.org\/en\/diary-of-the-paraguay-mission-june-2\/#primaryimage"},"thumbnailUrl":"https:\/\/www.missoeshumanitarias.org\/wp-content\/uploads\/2021\/08\/indigenas_missao_paraguai_casas_lixo_dia02_07.jpg","datePublished":"2016-07-04T01:07:02+00:00","dateModified":"2016-07-04T01:07:02+00:00","breadcrumb":{"@id":"https:\/\/www.missoeshumanitarias.org\/en\/diary-of-the-paraguay-mission-june-2\/#breadcrumb"},"inLanguage":"en-US","potentialAction":[{"@type":"ReadAction","target":["https:\/\/www.missoeshumanitarias.org\/en\/diary-of-the-paraguay-mission-june-2\/"]}]},{"@type":"ImageObject","inLanguage":"en-US","@id":"https:\/\/www.missoeshumanitarias.org\/en\/diary-of-the-paraguay-mission-june-2\/#primaryimage","url":"https:\/\/www.missoeshumanitarias.org\/wp-content\/uploads\/2021\/08\/indigenas_missao_paraguai_casas_lixo_dia02_07.jpg","contentUrl":"https:\/\/www.missoeshumanitarias.org\/wp-content\/uploads\/2021\/08\/indigenas_missao_paraguai_casas_lixo_dia02_07.jpg","width":690,"height":388},{"@type":"BreadcrumbList","@id":"https:\/\/www.missoeshumanitarias.org\/en\/diary-of-the-paraguay-mission-june-2\/#breadcrumb","itemListElement":[{"@type":"ListItem","position":1,"name":"Home","item":"https:\/\/www.missoeshumanitarias.org\/en\/"},{"@type":"ListItem","position":2,"name":"Diary of the Paraguay Mission &#8211; June 2"}]},{"@type":"WebSite","@id":"https:\/\/www.missoeshumanitarias.org\/es\/#website","url":"https:\/\/www.missoeshumanitarias.org\/es\/","name":"Fraternidade Miss\u00f5es Humanit\u00e1rias Internacionais","description":"Respostas Humanit\u00e1rias e Emerg\u00eancias","publisher":{"@id":"https:\/\/www.missoeshumanitarias.org\/es\/#organization"},"potentialAction":[{"@type":"SearchAction","target":{"@type":"EntryPoint","urlTemplate":"https:\/\/www.missoeshumanitarias.org\/es\/?s={search_term_string}"},"query-input":"required name=search_term_string"}],"inLanguage":"en-US"},{"@type":"Organization","@id":"https:\/\/www.missoeshumanitarias.org\/es\/#organization","name":"Fraternidade - Miss\u00f5es Humanit\u00e1rias Internacionais","url":"https:\/\/www.missoeshumanitarias.org\/es\/","logo":{"@type":"ImageObject","inLanguage":"en-US","@id":"https:\/\/www.missoeshumanitarias.org\/es\/#\/schema\/logo\/image\/","url":"https:\/\/www.missoeshumanitarias.org\/wp-content\/uploads\/2020\/05\/logo-FMHI-mg.png","contentUrl":"https:\/\/www.missoeshumanitarias.org\/wp-content\/uploads\/2020\/05\/logo-FMHI-mg.png","width":520,"height":134,"caption":"Fraternidade - Miss\u00f5es Humanit\u00e1rias Internacionais"},"image":{"@id":"https:\/\/www.missoeshumanitarias.org\/es\/#\/schema\/logo\/image\/"}},{"@type":"Person","@id":"https:\/\/www.missoeshumanitarias.org\/es\/#\/schema\/person\/e0f8527323154d1eba9f9d9eb6b401f7","name":"maducato_admin","image":{"@type":"ImageObject","inLanguage":"en-US","@id":"https:\/\/www.missoeshumanitarias.org\/es\/#\/schema\/person\/image\/","url":"https:\/\/secure.gravatar.com\/avatar\/6c3b45186a8f5a459d8e14c7fca370bceae92402bc06171d75e4e559b6c24393?s=96&d=mm&r=g","contentUrl":"https:\/\/secure.gravatar.com\/avatar\/6c3b45186a8f5a459d8e14c7fca370bceae92402bc06171d75e4e559b6c24393?s=96&d=mm&r=g","caption":"maducato_admin"}}]}},"_links":{"self":[{"href":"https:\/\/www.missoeshumanitarias.org\/en\/wp-json\/wp\/v2\/posts\/130881","targetHints":{"allow":["GET"]}}],"collection":[{"href":"https:\/\/www.missoeshumanitarias.org\/en\/wp-json\/wp\/v2\/posts"}],"about":[{"href":"https:\/\/www.missoeshumanitarias.org\/en\/wp-json\/wp\/v2\/types\/post"}],"author":[{"embeddable":true,"href":"https:\/\/www.missoeshumanitarias.org\/en\/wp-json\/wp\/v2\/users\/1"}],"replies":[{"embeddable":true,"href":"https:\/\/www.missoeshumanitarias.org\/en\/wp-json\/wp\/v2\/comments?post=130881"}],"version-history":[{"count":0,"href":"https:\/\/www.missoeshumanitarias.org\/en\/wp-json\/wp\/v2\/posts\/130881\/revisions"}],"wp:featuredmedia":[{"embeddable":true,"href":"https:\/\/www.missoeshumanitarias.org\/en\/wp-json\/wp\/v2\/media\/120536"}],"wp:attachment":[{"href":"https:\/\/www.missoeshumanitarias.org\/en\/wp-json\/wp\/v2\/media?parent=130881"}],"wp:term":[{"taxonomy":"category","embeddable":true,"href":"https:\/\/www.missoeshumanitarias.org\/en\/wp-json\/wp\/v2\/categories?post=130881"},{"taxonomy":"post_tag","embeddable":true,"href":"https:\/\/www.missoeshumanitarias.org\/en\/wp-json\/wp\/v2\/tags?post=130881"}],"curies":[{"name":"wp","href":"https:\/\/api.w.org\/{rel}","templated":true}]}}