{"id":130891,"date":"2016-11-07T17:52:46","date_gmt":"2016-11-07T19:52:46","guid":{"rendered":"https:\/\/www.missoeshumanitarias.org\/diary-of-the-humanitarian-roraima-mission-november-6\/"},"modified":"2016-11-07T17:52:46","modified_gmt":"2016-11-07T19:52:46","slug":"diary-of-the-humanitarian-roraima-mission-november-6","status":"publish","type":"post","link":"https:\/\/www.missoeshumanitarias.org\/en\/diary-of-the-humanitarian-roraima-mission-november-6\/","title":{"rendered":"Diary of the  Humanitarian Roraima Mission &#8211; November 6"},"content":{"rendered":"<p style=\"text-align: justify;\"><strong>Sunday, November 6<\/strong><\/p>\n<figure id=\"attachment_35188\" aria-describedby=\"caption-attachment-35188\" style=\"width: 327px\" class=\"wp-caption alignleft\"><a href=\"http:\/\/www.fraterinternacional.org\/wp-content\/uploads\/2016\/11\/refugiados_venezuela_missao_roraima_missa_catedral_dia_06_11.jpg\"><img fetchpriority=\"high\" decoding=\"async\" class=\" wp-image-35188\" src=\"https:\/\/www.missoeshumanitarias.org\/wp-content\/uploads\/2021\/08\/refugiados_venezuela_missao_roraima_missa_catedral_dia_06_11-300x169-1.jpg\" alt=\"Em frente a Catedral\" width=\"327\" height=\"184\" \/><\/a><figcaption id=\"caption-attachment-35188\" class=\"wp-caption-text\">Em frente a Catedral<\/figcaption><\/figure>\n<p style=\"text-align: justify;\">In the morning, the group attends Mass in the Cathedral of Boa Vista City.<\/p>\n<p style=\"text-align: justify;\">In the afternoon, they make food and do distribution for the refugees from Venezuela in the Fair of the \u201cPassar\u00e3o\u201d, where a great part of the immigrants, both white and indigenous, spend the night.<\/p>\n<p style=\"text-align: justify;\">Health assistance procedures were also conducted, especially concerning skin diseases.<\/p>\n<p style=\"text-align: justify;\">The Missionaries try to establish contact with the different ethnic groups and to deepen the verification of the needs of each group. It has been detected that many do not want to let their situation of refugees become official, because they intend to stay for a few days, acquire food and money and then return to Venezuela.<\/p>\n<p style=\"text-align: justify;\">This unstable situation makes it difficult to establish a definitive connection or a more prolonged sanitary and social conscious work with these groups.<\/p>\n<p>\u27e2<\/p>\n<div id='gallery-1' class='gallery galleryid-130891 gallery-columns-3 gallery-size-medium'><figure class='gallery-item'>\n\t\t\t<div class='gallery-icon portrait'>\n\t\t\t\t<a href='https:\/\/www.missoeshumanitarias.org\/wp-content\/uploads\/2021\/08\/refugiados_venezuela_missao_roraima_missa_catedral2_dia_06_11.jpg'><img decoding=\"async\" width=\"225\" height=\"300\" src=\"https:\/\/www.missoeshumanitarias.org\/wp-content\/uploads\/2021\/08\/refugiados_venezuela_missao_roraima_missa_catedral2_dia_06_11-225x300.jpg\" class=\"attachment-medium size-medium\" alt=\"\" srcset=\"https:\/\/www.missoeshumanitarias.org\/wp-content\/uploads\/2021\/08\/refugiados_venezuela_missao_roraima_missa_catedral2_dia_06_11-225x300.jpg 225w, https:\/\/www.missoeshumanitarias.org\/wp-content\/uploads\/2021\/08\/refugiados_venezuela_missao_roraima_missa_catedral2_dia_06_11.jpg 400w\" sizes=\"(max-width: 225px) 100vw, 225px\" \/><\/a>\n\t\t\t<\/div><\/figure><figure class='gallery-item'>\n\t\t\t<div class='gallery-icon portrait'>\n\t\t\t\t<a href='https:\/\/www.missoeshumanitarias.org\/wp-content\/uploads\/2021\/08\/refugiados_venezuela_missao_roraima_atendimento_saude_06_11.jpg'><img decoding=\"async\" width=\"225\" height=\"300\" src=\"https:\/\/www.missoeshumanitarias.org\/wp-content\/uploads\/2021\/08\/refugiados_venezuela_missao_roraima_atendimento_saude_06_11-225x300.jpg\" class=\"attachment-medium size-medium\" alt=\"\" srcset=\"https:\/\/www.missoeshumanitarias.org\/wp-content\/uploads\/2021\/08\/refugiados_venezuela_missao_roraima_atendimento_saude_06_11-225x300.jpg 225w, https:\/\/www.missoeshumanitarias.org\/wp-content\/uploads\/2021\/08\/refugiados_venezuela_missao_roraima_atendimento_saude_06_11.jpg 400w\" sizes=\"(max-width: 225px) 100vw, 225px\" \/><\/a>\n\t\t\t<\/div><\/figure><figure class='gallery-item'>\n\t\t\t<div class='gallery-icon portrait'>\n\t\t\t\t<a href='https:\/\/www.missoeshumanitarias.org\/wp-content\/uploads\/2021\/08\/refugiados_venezuela_missao_roraima_bandeira_estado_dia_06_11.jpg'><img loading=\"lazy\" decoding=\"async\" width=\"225\" height=\"300\" src=\"https:\/\/www.missoeshumanitarias.org\/wp-content\/uploads\/2021\/08\/refugiados_venezuela_missao_roraima_bandeira_estado_dia_06_11-225x300.jpg\" class=\"attachment-medium size-medium\" alt=\"\" srcset=\"https:\/\/www.missoeshumanitarias.org\/wp-content\/uploads\/2021\/08\/refugiados_venezuela_missao_roraima_bandeira_estado_dia_06_11-225x300.jpg 225w, https:\/\/www.missoeshumanitarias.org\/wp-content\/uploads\/2021\/08\/refugiados_venezuela_missao_roraima_bandeira_estado_dia_06_11.jpg 400w\" sizes=\"(max-width: 225px) 100vw, 225px\" \/><\/a>\n\t\t\t<\/div><\/figure>\n\t\t<\/div>\n\n<div id='gallery-2' class='gallery galleryid-130891 gallery-columns-3 gallery-size-medium'><figure class='gallery-item'>\n\t\t\t<div class='gallery-icon landscape'>\n\t\t\t\t<a href='https:\/\/www.missoeshumanitarias.org\/wp-content\/uploads\/2021\/08\/refugiados_venezuela_missao_roraima_preparando_alimentos3_06_11.jpg'><img loading=\"lazy\" decoding=\"async\" width=\"300\" height=\"169\" src=\"https:\/\/www.missoeshumanitarias.org\/wp-content\/uploads\/2021\/08\/refugiados_venezuela_missao_roraima_preparando_alimentos3_06_11-300x169.jpg\" class=\"attachment-medium size-medium\" alt=\"\" srcset=\"https:\/\/www.missoeshumanitarias.org\/wp-content\/uploads\/2021\/08\/refugiados_venezuela_missao_roraima_preparando_alimentos3_06_11-300x169.jpg 300w, https:\/\/www.missoeshumanitarias.org\/wp-content\/uploads\/2021\/08\/refugiados_venezuela_missao_roraima_preparando_alimentos3_06_11.jpg 690w\" sizes=\"(max-width: 300px) 100vw, 300px\" \/><\/a>\n\t\t\t<\/div><\/figure><figure class='gallery-item'>\n\t\t\t<div class='gallery-icon landscape'>\n\t\t\t\t<a href='https:\/\/www.missoeshumanitarias.org\/wp-content\/uploads\/2021\/08\/refugiados_venezuela_missao_roraima_distribuicao_alimentos3_06_11.jpg'><img loading=\"lazy\" decoding=\"async\" width=\"300\" height=\"169\" src=\"https:\/\/www.missoeshumanitarias.org\/wp-content\/uploads\/2021\/08\/refugiados_venezuela_missao_roraima_distribuicao_alimentos3_06_11-300x169.jpg\" class=\"attachment-medium size-medium\" alt=\"\" srcset=\"https:\/\/www.missoeshumanitarias.org\/wp-content\/uploads\/2021\/08\/refugiados_venezuela_missao_roraima_distribuicao_alimentos3_06_11-300x169.jpg 300w, https:\/\/www.missoeshumanitarias.org\/wp-content\/uploads\/2021\/08\/refugiados_venezuela_missao_roraima_distribuicao_alimentos3_06_11.jpg 690w\" sizes=\"(max-width: 300px) 100vw, 300px\" \/><\/a>\n\t\t\t<\/div><\/figure><figure class='gallery-item'>\n\t\t\t<div class='gallery-icon landscape'>\n\t\t\t\t<a href='https:\/\/www.missoeshumanitarias.org\/wp-content\/uploads\/2021\/08\/refugiados_venezuela_missao_roraima_bebe_06_11.jpg'><img loading=\"lazy\" decoding=\"async\" width=\"300\" height=\"169\" src=\"https:\/\/www.missoeshumanitarias.org\/wp-content\/uploads\/2021\/08\/refugiados_venezuela_missao_roraima_bebe_06_11-300x169.jpg\" class=\"attachment-medium size-medium\" alt=\"\" srcset=\"https:\/\/www.missoeshumanitarias.org\/wp-content\/uploads\/2021\/08\/refugiados_venezuela_missao_roraima_bebe_06_11-300x169.jpg 300w, https:\/\/www.missoeshumanitarias.org\/wp-content\/uploads\/2021\/08\/refugiados_venezuela_missao_roraima_bebe_06_11.jpg 690w\" sizes=\"(max-width: 300px) 100vw, 300px\" \/><\/a>\n\t\t\t<\/div><\/figure>\n\t\t<\/div>\n\n","protected":false},"excerpt":{"rendered":"<p>Sunday, November 6 In the morning, the group attends Mass in the Cathedral of Boa Vista City. In the afternoon, they make food and do distribution for the refugees from Venezuela in the Fair of the \u201cPassar\u00e3o\u201d, where a great part of the immigrants, both white and indigenous, spend the night. Health assistance procedures were [&hellip;]<\/p>\n","protected":false},"author":1,"featured_media":120735,"comment_status":"open","ping_status":"open","sticky":false,"template":"","format":"standard","meta":{"footnotes":""},"categories":[138,9,132],"tags":[],"class_list":["post-130891","post","type-post","status-publish","format-standard","has-post-thumbnail","hentry","category-network-of-light","category-news","category-news-about-the-missions"],"featured_image_src":"https:\/\/www.missoeshumanitarias.org\/wp-content\/uploads\/2021\/08\/refugiados_venezuela_missao_roraima_bebe_06_11.jpg","author_info":{"display_name":"maducato_admin","author_link":"https:\/\/www.missoeshumanitarias.org\/en\/author\/maducato_admin\/"},"yoast_head":"<!-- This site is optimized with the Yoast SEO Premium plugin v22.5 (Yoast SEO v22.5) - https:\/\/yoast.com\/wordpress\/plugins\/seo\/ -->\n<title>Diary of the Humanitarian Roraima Mission - November 6 - Fraternidade Miss\u00f5es Humanit\u00e1rias Internacionais<\/title>\n<meta name=\"robots\" content=\"index, follow, max-snippet:-1, max-image-preview:large, max-video-preview:-1\" \/>\n<link rel=\"canonical\" href=\"https:\/\/www.missoeshumanitarias.org\/en\/diary-of-the-humanitarian-roraima-mission-november-6\/\" \/>\n<meta property=\"og:locale\" content=\"en_US\" \/>\n<meta property=\"og:type\" content=\"article\" \/>\n<meta property=\"og:title\" content=\"Diary of the Humanitarian Roraima Mission - November 6\" \/>\n<meta property=\"og:description\" content=\"Sunday, November 6 In the morning, the group attends Mass in the Cathedral of Boa Vista City. In the afternoon, they make food and do distribution for the refugees from Venezuela in the Fair of the \u201cPassar\u00e3o\u201d, where a great part of the immigrants, both white and indigenous, spend the night. Health assistance procedures were [&hellip;]\" \/>\n<meta property=\"og:url\" content=\"https:\/\/www.missoeshumanitarias.org\/en\/diary-of-the-humanitarian-roraima-mission-november-6\/\" \/>\n<meta property=\"og:site_name\" content=\"Fraternidade Miss\u00f5es Humanit\u00e1rias Internacionais\" \/>\n<meta property=\"article:published_time\" content=\"2016-11-07T19:52:46+00:00\" \/>\n<meta property=\"og:image\" content=\"https:\/\/www.missoeshumanitarias.org\/wp-content\/uploads\/2021\/08\/refugiados_venezuela_missao_roraima_bebe_06_11.jpg\" \/>\n\t<meta property=\"og:image:width\" content=\"690\" \/>\n\t<meta property=\"og:image:height\" content=\"388\" \/>\n\t<meta property=\"og:image:type\" content=\"image\/jpeg\" \/>\n<meta name=\"author\" content=\"maducato_admin\" \/>\n<meta name=\"twitter:card\" content=\"summary_large_image\" \/>\n<meta name=\"twitter:label1\" content=\"Written by\" \/>\n\t<meta name=\"twitter:data1\" content=\"maducato_admin\" \/>\n\t<meta name=\"twitter:label2\" content=\"Est. reading time\" \/>\n\t<meta name=\"twitter:data2\" content=\"1 minute\" \/>\n<script type=\"application\/ld+json\" class=\"yoast-schema-graph\">{\"@context\":\"https:\/\/schema.org\",\"@graph\":[{\"@type\":\"Article\",\"@id\":\"https:\/\/www.missoeshumanitarias.org\/en\/diary-of-the-humanitarian-roraima-mission-november-6\/#article\",\"isPartOf\":{\"@id\":\"https:\/\/www.missoeshumanitarias.org\/en\/diary-of-the-humanitarian-roraima-mission-november-6\/\"},\"author\":{\"name\":\"maducato_admin\",\"@id\":\"https:\/\/www.missoeshumanitarias.org\/es\/#\/schema\/person\/e0f8527323154d1eba9f9d9eb6b401f7\"},\"headline\":\"Diary of the Humanitarian Roraima Mission &#8211; November 6\",\"datePublished\":\"2016-11-07T19:52:46+00:00\",\"dateModified\":\"2016-11-07T19:52:46+00:00\",\"mainEntityOfPage\":{\"@id\":\"https:\/\/www.missoeshumanitarias.org\/en\/diary-of-the-humanitarian-roraima-mission-november-6\/\"},\"wordCount\":172,\"commentCount\":0,\"publisher\":{\"@id\":\"https:\/\/www.missoeshumanitarias.org\/es\/#organization\"},\"image\":{\"@id\":\"https:\/\/www.missoeshumanitarias.org\/en\/diary-of-the-humanitarian-roraima-mission-november-6\/#primaryimage\"},\"thumbnailUrl\":\"https:\/\/www.missoeshumanitarias.org\/wp-content\/uploads\/2021\/08\/refugiados_venezuela_missao_roraima_bebe_06_11.jpg\",\"articleSection\":[\"Network-of-Light\",\"News\",\"News about the Missions\"],\"inLanguage\":\"en-US\",\"potentialAction\":[{\"@type\":\"CommentAction\",\"name\":\"Comment\",\"target\":[\"https:\/\/www.missoeshumanitarias.org\/en\/diary-of-the-humanitarian-roraima-mission-november-6\/#respond\"]}]},{\"@type\":\"WebPage\",\"@id\":\"https:\/\/www.missoeshumanitarias.org\/en\/diary-of-the-humanitarian-roraima-mission-november-6\/\",\"url\":\"https:\/\/www.missoeshumanitarias.org\/en\/diary-of-the-humanitarian-roraima-mission-november-6\/\",\"name\":\"Diary of the Humanitarian Roraima Mission - November 6 - Fraternidade Miss\u00f5es Humanit\u00e1rias Internacionais\",\"isPartOf\":{\"@id\":\"https:\/\/www.missoeshumanitarias.org\/es\/#website\"},\"primaryImageOfPage\":{\"@id\":\"https:\/\/www.missoeshumanitarias.org\/en\/diary-of-the-humanitarian-roraima-mission-november-6\/#primaryimage\"},\"image\":{\"@id\":\"https:\/\/www.missoeshumanitarias.org\/en\/diary-of-the-humanitarian-roraima-mission-november-6\/#primaryimage\"},\"thumbnailUrl\":\"https:\/\/www.missoeshumanitarias.org\/wp-content\/uploads\/2021\/08\/refugiados_venezuela_missao_roraima_bebe_06_11.jpg\",\"datePublished\":\"2016-11-07T19:52:46+00:00\",\"dateModified\":\"2016-11-07T19:52:46+00:00\",\"breadcrumb\":{\"@id\":\"https:\/\/www.missoeshumanitarias.org\/en\/diary-of-the-humanitarian-roraima-mission-november-6\/#breadcrumb\"},\"inLanguage\":\"en-US\",\"potentialAction\":[{\"@type\":\"ReadAction\",\"target\":[\"https:\/\/www.missoeshumanitarias.org\/en\/diary-of-the-humanitarian-roraima-mission-november-6\/\"]}]},{\"@type\":\"ImageObject\",\"inLanguage\":\"en-US\",\"@id\":\"https:\/\/www.missoeshumanitarias.org\/en\/diary-of-the-humanitarian-roraima-mission-november-6\/#primaryimage\",\"url\":\"https:\/\/www.missoeshumanitarias.org\/wp-content\/uploads\/2021\/08\/refugiados_venezuela_missao_roraima_bebe_06_11.jpg\",\"contentUrl\":\"https:\/\/www.missoeshumanitarias.org\/wp-content\/uploads\/2021\/08\/refugiados_venezuela_missao_roraima_bebe_06_11.jpg\",\"width\":690,\"height\":388},{\"@type\":\"BreadcrumbList\",\"@id\":\"https:\/\/www.missoeshumanitarias.org\/en\/diary-of-the-humanitarian-roraima-mission-november-6\/#breadcrumb\",\"itemListElement\":[{\"@type\":\"ListItem\",\"position\":1,\"name\":\"Home\",\"item\":\"https:\/\/www.missoeshumanitarias.org\/en\/\"},{\"@type\":\"ListItem\",\"position\":2,\"name\":\"Diary of the Humanitarian Roraima Mission &#8211; November 6\"}]},{\"@type\":\"WebSite\",\"@id\":\"https:\/\/www.missoeshumanitarias.org\/es\/#website\",\"url\":\"https:\/\/www.missoeshumanitarias.org\/es\/\",\"name\":\"Fraternidade Miss\u00f5es Humanit\u00e1rias Internacionais\",\"description\":\"Respostas Humanit\u00e1rias e Emerg\u00eancias\",\"publisher\":{\"@id\":\"https:\/\/www.missoeshumanitarias.org\/es\/#organization\"},\"potentialAction\":[{\"@type\":\"SearchAction\",\"target\":{\"@type\":\"EntryPoint\",\"urlTemplate\":\"https:\/\/www.missoeshumanitarias.org\/es\/?s={search_term_string}\"},\"query-input\":\"required name=search_term_string\"}],\"inLanguage\":\"en-US\"},{\"@type\":\"Organization\",\"@id\":\"https:\/\/www.missoeshumanitarias.org\/es\/#organization\",\"name\":\"Fraternidade - Miss\u00f5es Humanit\u00e1rias Internacionais\",\"url\":\"https:\/\/www.missoeshumanitarias.org\/es\/\",\"logo\":{\"@type\":\"ImageObject\",\"inLanguage\":\"en-US\",\"@id\":\"https:\/\/www.missoeshumanitarias.org\/es\/#\/schema\/logo\/image\/\",\"url\":\"https:\/\/www.missoeshumanitarias.org\/wp-content\/uploads\/2020\/05\/logo-FMHI-mg.png\",\"contentUrl\":\"https:\/\/www.missoeshumanitarias.org\/wp-content\/uploads\/2020\/05\/logo-FMHI-mg.png\",\"width\":520,\"height\":134,\"caption\":\"Fraternidade - Miss\u00f5es Humanit\u00e1rias Internacionais\"},\"image\":{\"@id\":\"https:\/\/www.missoeshumanitarias.org\/es\/#\/schema\/logo\/image\/\"}},{\"@type\":\"Person\",\"@id\":\"https:\/\/www.missoeshumanitarias.org\/es\/#\/schema\/person\/e0f8527323154d1eba9f9d9eb6b401f7\",\"name\":\"maducato_admin\",\"image\":{\"@type\":\"ImageObject\",\"inLanguage\":\"en-US\",\"@id\":\"https:\/\/www.missoeshumanitarias.org\/es\/#\/schema\/person\/image\/\",\"url\":\"https:\/\/secure.gravatar.com\/avatar\/6c3b45186a8f5a459d8e14c7fca370bceae92402bc06171d75e4e559b6c24393?s=96&d=mm&r=g\",\"contentUrl\":\"https:\/\/secure.gravatar.com\/avatar\/6c3b45186a8f5a459d8e14c7fca370bceae92402bc06171d75e4e559b6c24393?s=96&d=mm&r=g\",\"caption\":\"maducato_admin\"}}]}<\/script>\n<!-- \/ Yoast SEO Premium plugin. -->","yoast_head_json":{"title":"Diary of the Humanitarian Roraima Mission - November 6 - Fraternidade Miss\u00f5es Humanit\u00e1rias Internacionais","robots":{"index":"index","follow":"follow","max-snippet":"max-snippet:-1","max-image-preview":"max-image-preview:large","max-video-preview":"max-video-preview:-1"},"canonical":"https:\/\/www.missoeshumanitarias.org\/en\/diary-of-the-humanitarian-roraima-mission-november-6\/","og_locale":"en_US","og_type":"article","og_title":"Diary of the Humanitarian Roraima Mission - November 6","og_description":"Sunday, November 6 In the morning, the group attends Mass in the Cathedral of Boa Vista City. In the afternoon, they make food and do distribution for the refugees from Venezuela in the Fair of the \u201cPassar\u00e3o\u201d, where a great part of the immigrants, both white and indigenous, spend the night. Health assistance procedures were [&hellip;]","og_url":"https:\/\/www.missoeshumanitarias.org\/en\/diary-of-the-humanitarian-roraima-mission-november-6\/","og_site_name":"Fraternidade Miss\u00f5es Humanit\u00e1rias Internacionais","article_published_time":"2016-11-07T19:52:46+00:00","og_image":[{"width":690,"height":388,"url":"https:\/\/www.missoeshumanitarias.org\/wp-content\/uploads\/2021\/08\/refugiados_venezuela_missao_roraima_bebe_06_11.jpg","type":"image\/jpeg"}],"author":"maducato_admin","twitter_card":"summary_large_image","twitter_misc":{"Written by":"maducato_admin","Est. reading time":"1 minute"},"schema":{"@context":"https:\/\/schema.org","@graph":[{"@type":"Article","@id":"https:\/\/www.missoeshumanitarias.org\/en\/diary-of-the-humanitarian-roraima-mission-november-6\/#article","isPartOf":{"@id":"https:\/\/www.missoeshumanitarias.org\/en\/diary-of-the-humanitarian-roraima-mission-november-6\/"},"author":{"name":"maducato_admin","@id":"https:\/\/www.missoeshumanitarias.org\/es\/#\/schema\/person\/e0f8527323154d1eba9f9d9eb6b401f7"},"headline":"Diary of the Humanitarian Roraima Mission &#8211; November 6","datePublished":"2016-11-07T19:52:46+00:00","dateModified":"2016-11-07T19:52:46+00:00","mainEntityOfPage":{"@id":"https:\/\/www.missoeshumanitarias.org\/en\/diary-of-the-humanitarian-roraima-mission-november-6\/"},"wordCount":172,"commentCount":0,"publisher":{"@id":"https:\/\/www.missoeshumanitarias.org\/es\/#organization"},"image":{"@id":"https:\/\/www.missoeshumanitarias.org\/en\/diary-of-the-humanitarian-roraima-mission-november-6\/#primaryimage"},"thumbnailUrl":"https:\/\/www.missoeshumanitarias.org\/wp-content\/uploads\/2021\/08\/refugiados_venezuela_missao_roraima_bebe_06_11.jpg","articleSection":["Network-of-Light","News","News about the Missions"],"inLanguage":"en-US","potentialAction":[{"@type":"CommentAction","name":"Comment","target":["https:\/\/www.missoeshumanitarias.org\/en\/diary-of-the-humanitarian-roraima-mission-november-6\/#respond"]}]},{"@type":"WebPage","@id":"https:\/\/www.missoeshumanitarias.org\/en\/diary-of-the-humanitarian-roraima-mission-november-6\/","url":"https:\/\/www.missoeshumanitarias.org\/en\/diary-of-the-humanitarian-roraima-mission-november-6\/","name":"Diary of the Humanitarian Roraima Mission - November 6 - Fraternidade Miss\u00f5es Humanit\u00e1rias Internacionais","isPartOf":{"@id":"https:\/\/www.missoeshumanitarias.org\/es\/#website"},"primaryImageOfPage":{"@id":"https:\/\/www.missoeshumanitarias.org\/en\/diary-of-the-humanitarian-roraima-mission-november-6\/#primaryimage"},"image":{"@id":"https:\/\/www.missoeshumanitarias.org\/en\/diary-of-the-humanitarian-roraima-mission-november-6\/#primaryimage"},"thumbnailUrl":"https:\/\/www.missoeshumanitarias.org\/wp-content\/uploads\/2021\/08\/refugiados_venezuela_missao_roraima_bebe_06_11.jpg","datePublished":"2016-11-07T19:52:46+00:00","dateModified":"2016-11-07T19:52:46+00:00","breadcrumb":{"@id":"https:\/\/www.missoeshumanitarias.org\/en\/diary-of-the-humanitarian-roraima-mission-november-6\/#breadcrumb"},"inLanguage":"en-US","potentialAction":[{"@type":"ReadAction","target":["https:\/\/www.missoeshumanitarias.org\/en\/diary-of-the-humanitarian-roraima-mission-november-6\/"]}]},{"@type":"ImageObject","inLanguage":"en-US","@id":"https:\/\/www.missoeshumanitarias.org\/en\/diary-of-the-humanitarian-roraima-mission-november-6\/#primaryimage","url":"https:\/\/www.missoeshumanitarias.org\/wp-content\/uploads\/2021\/08\/refugiados_venezuela_missao_roraima_bebe_06_11.jpg","contentUrl":"https:\/\/www.missoeshumanitarias.org\/wp-content\/uploads\/2021\/08\/refugiados_venezuela_missao_roraima_bebe_06_11.jpg","width":690,"height":388},{"@type":"BreadcrumbList","@id":"https:\/\/www.missoeshumanitarias.org\/en\/diary-of-the-humanitarian-roraima-mission-november-6\/#breadcrumb","itemListElement":[{"@type":"ListItem","position":1,"name":"Home","item":"https:\/\/www.missoeshumanitarias.org\/en\/"},{"@type":"ListItem","position":2,"name":"Diary of the Humanitarian Roraima Mission &#8211; November 6"}]},{"@type":"WebSite","@id":"https:\/\/www.missoeshumanitarias.org\/es\/#website","url":"https:\/\/www.missoeshumanitarias.org\/es\/","name":"Fraternidade Miss\u00f5es Humanit\u00e1rias Internacionais","description":"Respostas Humanit\u00e1rias e Emerg\u00eancias","publisher":{"@id":"https:\/\/www.missoeshumanitarias.org\/es\/#organization"},"potentialAction":[{"@type":"SearchAction","target":{"@type":"EntryPoint","urlTemplate":"https:\/\/www.missoeshumanitarias.org\/es\/?s={search_term_string}"},"query-input":"required name=search_term_string"}],"inLanguage":"en-US"},{"@type":"Organization","@id":"https:\/\/www.missoeshumanitarias.org\/es\/#organization","name":"Fraternidade - Miss\u00f5es Humanit\u00e1rias Internacionais","url":"https:\/\/www.missoeshumanitarias.org\/es\/","logo":{"@type":"ImageObject","inLanguage":"en-US","@id":"https:\/\/www.missoeshumanitarias.org\/es\/#\/schema\/logo\/image\/","url":"https:\/\/www.missoeshumanitarias.org\/wp-content\/uploads\/2020\/05\/logo-FMHI-mg.png","contentUrl":"https:\/\/www.missoeshumanitarias.org\/wp-content\/uploads\/2020\/05\/logo-FMHI-mg.png","width":520,"height":134,"caption":"Fraternidade - Miss\u00f5es Humanit\u00e1rias Internacionais"},"image":{"@id":"https:\/\/www.missoeshumanitarias.org\/es\/#\/schema\/logo\/image\/"}},{"@type":"Person","@id":"https:\/\/www.missoeshumanitarias.org\/es\/#\/schema\/person\/e0f8527323154d1eba9f9d9eb6b401f7","name":"maducato_admin","image":{"@type":"ImageObject","inLanguage":"en-US","@id":"https:\/\/www.missoeshumanitarias.org\/es\/#\/schema\/person\/image\/","url":"https:\/\/secure.gravatar.com\/avatar\/6c3b45186a8f5a459d8e14c7fca370bceae92402bc06171d75e4e559b6c24393?s=96&d=mm&r=g","contentUrl":"https:\/\/secure.gravatar.com\/avatar\/6c3b45186a8f5a459d8e14c7fca370bceae92402bc06171d75e4e559b6c24393?s=96&d=mm&r=g","caption":"maducato_admin"}}]}},"_links":{"self":[{"href":"https:\/\/www.missoeshumanitarias.org\/en\/wp-json\/wp\/v2\/posts\/130891","targetHints":{"allow":["GET"]}}],"collection":[{"href":"https:\/\/www.missoeshumanitarias.org\/en\/wp-json\/wp\/v2\/posts"}],"about":[{"href":"https:\/\/www.missoeshumanitarias.org\/en\/wp-json\/wp\/v2\/types\/post"}],"author":[{"embeddable":true,"href":"https:\/\/www.missoeshumanitarias.org\/en\/wp-json\/wp\/v2\/users\/1"}],"replies":[{"embeddable":true,"href":"https:\/\/www.missoeshumanitarias.org\/en\/wp-json\/wp\/v2\/comments?post=130891"}],"version-history":[{"count":0,"href":"https:\/\/www.missoeshumanitarias.org\/en\/wp-json\/wp\/v2\/posts\/130891\/revisions"}],"wp:featuredmedia":[{"embeddable":true,"href":"https:\/\/www.missoeshumanitarias.org\/en\/wp-json\/wp\/v2\/media\/120735"}],"wp:attachment":[{"href":"https:\/\/www.missoeshumanitarias.org\/en\/wp-json\/wp\/v2\/media?parent=130891"}],"wp:term":[{"taxonomy":"category","embeddable":true,"href":"https:\/\/www.missoeshumanitarias.org\/en\/wp-json\/wp\/v2\/categories?post=130891"},{"taxonomy":"post_tag","embeddable":true,"href":"https:\/\/www.missoeshumanitarias.org\/en\/wp-json\/wp\/v2\/tags?post=130891"}],"curies":[{"name":"wp","href":"https:\/\/api.w.org\/{rel}","templated":true}]}}