{"id":130943,"date":"2016-12-06T16:40:51","date_gmt":"2016-12-06T18:40:51","guid":{"rendered":"https:\/\/www.missoeshumanitarias.org\/diary-of-humanitarian-roraima-mission-dec-5\/"},"modified":"2016-12-06T16:40:51","modified_gmt":"2016-12-06T18:40:51","slug":"diary-of-humanitarian-roraima-mission-dec-5","status":"publish","type":"post","link":"https:\/\/www.missoeshumanitarias.org\/en\/diary-of-humanitarian-roraima-mission-dec-5\/","title":{"rendered":"Diary of Humanitarian Roraima Mission &#8211; Dec 5"},"content":{"rendered":"<p class=\"p1\" style=\"text-align: justify;\"><b>Monday, December 5<\/b><\/p>\n<p class=\"p2\" style=\"text-align: justify;\">The health attendance continues in the CRI \u2013 Center of Reference to the Immigrant, in the city of Boa Vista. The number of immigrants who seek attendance in the Center increases, including from Cuba and Haiti.<\/p>\n<p class=\"p2\" style=\"text-align: justify;\">In the CRI, joint actions with governmental organizations, including SESC \u2013 Commerce Social Service, which distributed kits for oral prevention and hygiene.<\/p>\n<p class=\"p2\" style=\"text-align: justify;\">Luiz Mart\u00ednez is one of the Venezuelan volunteers who help in the CRI. He left his family in Venezuela and lives as a refugee. He walks for one and a half hour to arrive at the CRI. \u201cI came to Brazil to have a better life and I have found this opportunity of helping other immigrants. I feel better, being able to help people from Venezuela\u201d, said Luiz.<\/p>\n<p class=\"p2\" style=\"text-align: justify;\">Raising of donations and distribution in the \u201cVenezuela SOS Refuge\u201d, where non-indigenous Venezuelan refugees live.<\/p>\n<p class=\"p2\" style=\"text-align: justify;\">In the afternoon, in the CRI, showers for the refugee children, lice removal, washing and haircut. The children also received new clothes.<\/p>\n<p class=\"p2\" style=\"text-align: justify;\">TV team conducted a report with the Missionaries of the <b>Fraternidade \u2013 International Humanitarian Federation<\/b>, about the use of the truck of the Municipal Health Secretary of Boa Vista.<\/p>\n<p class=\"p3\" style=\"text-align: justify;\">\n<div id='gallery-1' class='gallery galleryid-130943 gallery-columns-2 gallery-size-medium'><figure class='gallery-item'>\n\t\t\t<div class='gallery-icon landscape'>\n\t\t\t\t<a href='https:\/\/www.missoeshumanitarias.org\/wp-content\/uploads\/2021\/08\/refugiados_missao_roraima_criancas_rosto_pintura0.jpg'><img fetchpriority=\"high\" decoding=\"async\" width=\"300\" height=\"169\" src=\"https:\/\/www.missoeshumanitarias.org\/wp-content\/uploads\/2021\/08\/refugiados_missao_roraima_criancas_rosto_pintura0-300x169.jpg\" class=\"attachment-medium size-medium\" alt=\"\" srcset=\"https:\/\/www.missoeshumanitarias.org\/wp-content\/uploads\/2021\/08\/refugiados_missao_roraima_criancas_rosto_pintura0-300x169.jpg 300w, https:\/\/www.missoeshumanitarias.org\/wp-content\/uploads\/2021\/08\/refugiados_missao_roraima_criancas_rosto_pintura0.jpg 690w\" sizes=\"(max-width: 300px) 100vw, 300px\" \/><\/a>\n\t\t\t<\/div><\/figure><figure class='gallery-item'>\n\t\t\t<div class='gallery-icon landscape'>\n\t\t\t\t<a href='https:\/\/www.missoeshumanitarias.org\/wp-content\/uploads\/2021\/08\/refugiados_missao_roraima_criancas_rosto_pintura1.jpg'><img decoding=\"async\" width=\"300\" height=\"169\" src=\"https:\/\/www.missoeshumanitarias.org\/wp-content\/uploads\/2021\/08\/refugiados_missao_roraima_criancas_rosto_pintura1-300x169.jpg\" class=\"attachment-medium size-medium\" alt=\"\" srcset=\"https:\/\/www.missoeshumanitarias.org\/wp-content\/uploads\/2021\/08\/refugiados_missao_roraima_criancas_rosto_pintura1-300x169.jpg 300w, https:\/\/www.missoeshumanitarias.org\/wp-content\/uploads\/2021\/08\/refugiados_missao_roraima_criancas_rosto_pintura1.jpg 690w\" sizes=\"(max-width: 300px) 100vw, 300px\" \/><\/a>\n\t\t\t<\/div><\/figure><figure class='gallery-item'>\n\t\t\t<div class='gallery-icon landscape'>\n\t\t\t\t<a href='https:\/\/www.missoeshumanitarias.org\/wp-content\/uploads\/2021\/08\/refugiados_missao_roraima_criancas_rosto_pintura2.jpg'><img decoding=\"async\" width=\"300\" height=\"169\" src=\"https:\/\/www.missoeshumanitarias.org\/wp-content\/uploads\/2021\/08\/refugiados_missao_roraima_criancas_rosto_pintura2-300x169.jpg\" class=\"attachment-medium size-medium\" alt=\"\" srcset=\"https:\/\/www.missoeshumanitarias.org\/wp-content\/uploads\/2021\/08\/refugiados_missao_roraima_criancas_rosto_pintura2-300x169.jpg 300w, https:\/\/www.missoeshumanitarias.org\/wp-content\/uploads\/2021\/08\/refugiados_missao_roraima_criancas_rosto_pintura2.jpg 690w\" sizes=\"(max-width: 300px) 100vw, 300px\" \/><\/a>\n\t\t\t<\/div><\/figure><figure class='gallery-item'>\n\t\t\t<div class='gallery-icon landscape'>\n\t\t\t\t<a href='https:\/\/www.missoeshumanitarias.org\/wp-content\/uploads\/2021\/08\/refugiados_missao_roraima_doacoes_refugio1.jpg'><img loading=\"lazy\" decoding=\"async\" width=\"300\" height=\"169\" src=\"https:\/\/www.missoeshumanitarias.org\/wp-content\/uploads\/2021\/08\/refugiados_missao_roraima_doacoes_refugio1-300x169.jpg\" class=\"attachment-medium size-medium\" alt=\"\" srcset=\"https:\/\/www.missoeshumanitarias.org\/wp-content\/uploads\/2021\/08\/refugiados_missao_roraima_doacoes_refugio1-300x169.jpg 300w, https:\/\/www.missoeshumanitarias.org\/wp-content\/uploads\/2021\/08\/refugiados_missao_roraima_doacoes_refugio1.jpg 690w\" sizes=\"(max-width: 300px) 100vw, 300px\" \/><\/a>\n\t\t\t<\/div><\/figure><figure class='gallery-item'>\n\t\t\t<div class='gallery-icon landscape'>\n\t\t\t\t<a href='https:\/\/www.missoeshumanitarias.org\/wp-content\/uploads\/2021\/08\/refugiados_missao_roraima_banho_criancas.jpg'><img loading=\"lazy\" decoding=\"async\" width=\"300\" height=\"169\" src=\"https:\/\/www.missoeshumanitarias.org\/wp-content\/uploads\/2021\/08\/refugiados_missao_roraima_banho_criancas-300x169.jpg\" class=\"attachment-medium size-medium\" alt=\"\" srcset=\"https:\/\/www.missoeshumanitarias.org\/wp-content\/uploads\/2021\/08\/refugiados_missao_roraima_banho_criancas-300x169.jpg 300w, https:\/\/www.missoeshumanitarias.org\/wp-content\/uploads\/2021\/08\/refugiados_missao_roraima_banho_criancas.jpg 690w\" sizes=\"(max-width: 300px) 100vw, 300px\" \/><\/a>\n\t\t\t<\/div><\/figure><figure class='gallery-item'>\n\t\t\t<div class='gallery-icon portrait'>\n\t\t\t\t<a href='https:\/\/www.missoeshumanitarias.org\/wp-content\/uploads\/2021\/08\/refugiados_missao_roraima_corte_cabelo_criancas-1.jpg'><img loading=\"lazy\" decoding=\"async\" width=\"184\" height=\"300\" src=\"https:\/\/www.missoeshumanitarias.org\/wp-content\/uploads\/2021\/08\/refugiados_missao_roraima_corte_cabelo_criancas-1-184x300.jpg\" class=\"attachment-medium size-medium\" alt=\"\" srcset=\"https:\/\/www.missoeshumanitarias.org\/wp-content\/uploads\/2021\/08\/refugiados_missao_roraima_corte_cabelo_criancas-1-184x300.jpg 184w, https:\/\/www.missoeshumanitarias.org\/wp-content\/uploads\/2021\/08\/refugiados_missao_roraima_corte_cabelo_criancas-1.jpg 400w\" sizes=\"(max-width: 184px) 100vw, 184px\" \/><\/a>\n\t\t\t<\/div><\/figure>\n\t\t<\/div>\n\n","protected":false},"excerpt":{"rendered":"<p>Monday, December 5 The health attendance continues in the CRI \u2013 Center of Reference to the Immigrant, in the city of Boa Vista. The number of immigrants who seek attendance in the Center increases, including from Cuba and Haiti. In the CRI, joint actions with governmental organizations, including SESC \u2013 Commerce Social Service, which distributed [&hellip;]<\/p>\n","protected":false},"author":1,"featured_media":121411,"comment_status":"open","ping_status":"open","sticky":false,"template":"","format":"standard","meta":{"footnotes":""},"categories":[138,9,132],"tags":[],"class_list":["post-130943","post","type-post","status-publish","format-standard","has-post-thumbnail","hentry","category-network-of-light","category-news","category-news-about-the-missions"],"featured_image_src":"https:\/\/www.missoeshumanitarias.org\/wp-content\/uploads\/2021\/08\/refugiados_missao_roraima_criancas_rosto_pintura2.jpg","author_info":{"display_name":"maducato_admin","author_link":"https:\/\/www.missoeshumanitarias.org\/en\/author\/maducato_admin\/"},"yoast_head":"<!-- This site is optimized with the Yoast SEO Premium plugin v22.5 (Yoast SEO v22.5) - https:\/\/yoast.com\/wordpress\/plugins\/seo\/ -->\n<title>Diary of Humanitarian Roraima Mission - Dec 5 - Fraternidade Miss\u00f5es Humanit\u00e1rias Internacionais<\/title>\n<meta name=\"robots\" content=\"index, follow, max-snippet:-1, max-image-preview:large, max-video-preview:-1\" \/>\n<link rel=\"canonical\" href=\"https:\/\/www.missoeshumanitarias.org\/en\/diary-of-humanitarian-roraima-mission-dec-5\/\" \/>\n<meta property=\"og:locale\" content=\"en_US\" \/>\n<meta property=\"og:type\" content=\"article\" \/>\n<meta property=\"og:title\" content=\"Diary of Humanitarian Roraima Mission - Dec 5\" \/>\n<meta property=\"og:description\" content=\"Monday, December 5 The health attendance continues in the CRI \u2013 Center of Reference to the Immigrant, in the city of Boa Vista. The number of immigrants who seek attendance in the Center increases, including from Cuba and Haiti. In the CRI, joint actions with governmental organizations, including SESC \u2013 Commerce Social Service, which distributed [&hellip;]\" \/>\n<meta property=\"og:url\" content=\"https:\/\/www.missoeshumanitarias.org\/en\/diary-of-humanitarian-roraima-mission-dec-5\/\" \/>\n<meta property=\"og:site_name\" content=\"Fraternidade Miss\u00f5es Humanit\u00e1rias Internacionais\" \/>\n<meta property=\"article:published_time\" content=\"2016-12-06T18:40:51+00:00\" \/>\n<meta property=\"og:image\" content=\"https:\/\/www.missoeshumanitarias.org\/wp-content\/uploads\/2021\/08\/refugiados_missao_roraima_criancas_rosto_pintura2.jpg\" \/>\n\t<meta property=\"og:image:width\" content=\"690\" \/>\n\t<meta property=\"og:image:height\" content=\"388\" \/>\n\t<meta property=\"og:image:type\" content=\"image\/jpeg\" \/>\n<meta name=\"author\" content=\"maducato_admin\" \/>\n<meta name=\"twitter:card\" content=\"summary_large_image\" \/>\n<meta name=\"twitter:label1\" content=\"Written by\" \/>\n\t<meta name=\"twitter:data1\" content=\"maducato_admin\" \/>\n\t<meta name=\"twitter:label2\" content=\"Est. reading time\" \/>\n\t<meta name=\"twitter:data2\" content=\"1 minute\" \/>\n<script type=\"application\/ld+json\" class=\"yoast-schema-graph\">{\"@context\":\"https:\/\/schema.org\",\"@graph\":[{\"@type\":\"Article\",\"@id\":\"https:\/\/www.missoeshumanitarias.org\/en\/diary-of-humanitarian-roraima-mission-dec-5\/#article\",\"isPartOf\":{\"@id\":\"https:\/\/www.missoeshumanitarias.org\/en\/diary-of-humanitarian-roraima-mission-dec-5\/\"},\"author\":{\"name\":\"maducato_admin\",\"@id\":\"https:\/\/www.missoeshumanitarias.org\/es\/#\/schema\/person\/e0f8527323154d1eba9f9d9eb6b401f7\"},\"headline\":\"Diary of Humanitarian Roraima Mission &#8211; Dec 5\",\"datePublished\":\"2016-12-06T18:40:51+00:00\",\"dateModified\":\"2016-12-06T18:40:51+00:00\",\"mainEntityOfPage\":{\"@id\":\"https:\/\/www.missoeshumanitarias.org\/en\/diary-of-humanitarian-roraima-mission-dec-5\/\"},\"wordCount\":206,\"commentCount\":0,\"publisher\":{\"@id\":\"https:\/\/www.missoeshumanitarias.org\/es\/#organization\"},\"image\":{\"@id\":\"https:\/\/www.missoeshumanitarias.org\/en\/diary-of-humanitarian-roraima-mission-dec-5\/#primaryimage\"},\"thumbnailUrl\":\"https:\/\/www.missoeshumanitarias.org\/wp-content\/uploads\/2021\/08\/refugiados_missao_roraima_criancas_rosto_pintura2.jpg\",\"articleSection\":[\"Network-of-Light\",\"News\",\"News about the Missions\"],\"inLanguage\":\"en-US\",\"potentialAction\":[{\"@type\":\"CommentAction\",\"name\":\"Comment\",\"target\":[\"https:\/\/www.missoeshumanitarias.org\/en\/diary-of-humanitarian-roraima-mission-dec-5\/#respond\"]}]},{\"@type\":\"WebPage\",\"@id\":\"https:\/\/www.missoeshumanitarias.org\/en\/diary-of-humanitarian-roraima-mission-dec-5\/\",\"url\":\"https:\/\/www.missoeshumanitarias.org\/en\/diary-of-humanitarian-roraima-mission-dec-5\/\",\"name\":\"Diary of Humanitarian Roraima Mission - Dec 5 - Fraternidade Miss\u00f5es Humanit\u00e1rias Internacionais\",\"isPartOf\":{\"@id\":\"https:\/\/www.missoeshumanitarias.org\/es\/#website\"},\"primaryImageOfPage\":{\"@id\":\"https:\/\/www.missoeshumanitarias.org\/en\/diary-of-humanitarian-roraima-mission-dec-5\/#primaryimage\"},\"image\":{\"@id\":\"https:\/\/www.missoeshumanitarias.org\/en\/diary-of-humanitarian-roraima-mission-dec-5\/#primaryimage\"},\"thumbnailUrl\":\"https:\/\/www.missoeshumanitarias.org\/wp-content\/uploads\/2021\/08\/refugiados_missao_roraima_criancas_rosto_pintura2.jpg\",\"datePublished\":\"2016-12-06T18:40:51+00:00\",\"dateModified\":\"2016-12-06T18:40:51+00:00\",\"breadcrumb\":{\"@id\":\"https:\/\/www.missoeshumanitarias.org\/en\/diary-of-humanitarian-roraima-mission-dec-5\/#breadcrumb\"},\"inLanguage\":\"en-US\",\"potentialAction\":[{\"@type\":\"ReadAction\",\"target\":[\"https:\/\/www.missoeshumanitarias.org\/en\/diary-of-humanitarian-roraima-mission-dec-5\/\"]}]},{\"@type\":\"ImageObject\",\"inLanguage\":\"en-US\",\"@id\":\"https:\/\/www.missoeshumanitarias.org\/en\/diary-of-humanitarian-roraima-mission-dec-5\/#primaryimage\",\"url\":\"https:\/\/www.missoeshumanitarias.org\/wp-content\/uploads\/2021\/08\/refugiados_missao_roraima_criancas_rosto_pintura2.jpg\",\"contentUrl\":\"https:\/\/www.missoeshumanitarias.org\/wp-content\/uploads\/2021\/08\/refugiados_missao_roraima_criancas_rosto_pintura2.jpg\",\"width\":690,\"height\":388},{\"@type\":\"BreadcrumbList\",\"@id\":\"https:\/\/www.missoeshumanitarias.org\/en\/diary-of-humanitarian-roraima-mission-dec-5\/#breadcrumb\",\"itemListElement\":[{\"@type\":\"ListItem\",\"position\":1,\"name\":\"Home\",\"item\":\"https:\/\/www.missoeshumanitarias.org\/en\/\"},{\"@type\":\"ListItem\",\"position\":2,\"name\":\"Diary of Humanitarian Roraima Mission &#8211; Dec 5\"}]},{\"@type\":\"WebSite\",\"@id\":\"https:\/\/www.missoeshumanitarias.org\/es\/#website\",\"url\":\"https:\/\/www.missoeshumanitarias.org\/es\/\",\"name\":\"Fraternidade Miss\u00f5es Humanit\u00e1rias Internacionais\",\"description\":\"Respostas Humanit\u00e1rias e Emerg\u00eancias\",\"publisher\":{\"@id\":\"https:\/\/www.missoeshumanitarias.org\/es\/#organization\"},\"potentialAction\":[{\"@type\":\"SearchAction\",\"target\":{\"@type\":\"EntryPoint\",\"urlTemplate\":\"https:\/\/www.missoeshumanitarias.org\/es\/?s={search_term_string}\"},\"query-input\":\"required name=search_term_string\"}],\"inLanguage\":\"en-US\"},{\"@type\":\"Organization\",\"@id\":\"https:\/\/www.missoeshumanitarias.org\/es\/#organization\",\"name\":\"Fraternidade - Miss\u00f5es Humanit\u00e1rias Internacionais\",\"url\":\"https:\/\/www.missoeshumanitarias.org\/es\/\",\"logo\":{\"@type\":\"ImageObject\",\"inLanguage\":\"en-US\",\"@id\":\"https:\/\/www.missoeshumanitarias.org\/es\/#\/schema\/logo\/image\/\",\"url\":\"https:\/\/www.missoeshumanitarias.org\/wp-content\/uploads\/2020\/05\/logo-FMHI-mg.png\",\"contentUrl\":\"https:\/\/www.missoeshumanitarias.org\/wp-content\/uploads\/2020\/05\/logo-FMHI-mg.png\",\"width\":520,\"height\":134,\"caption\":\"Fraternidade - Miss\u00f5es Humanit\u00e1rias Internacionais\"},\"image\":{\"@id\":\"https:\/\/www.missoeshumanitarias.org\/es\/#\/schema\/logo\/image\/\"}},{\"@type\":\"Person\",\"@id\":\"https:\/\/www.missoeshumanitarias.org\/es\/#\/schema\/person\/e0f8527323154d1eba9f9d9eb6b401f7\",\"name\":\"maducato_admin\",\"image\":{\"@type\":\"ImageObject\",\"inLanguage\":\"en-US\",\"@id\":\"https:\/\/www.missoeshumanitarias.org\/es\/#\/schema\/person\/image\/\",\"url\":\"https:\/\/secure.gravatar.com\/avatar\/6c3b45186a8f5a459d8e14c7fca370bceae92402bc06171d75e4e559b6c24393?s=96&d=mm&r=g\",\"contentUrl\":\"https:\/\/secure.gravatar.com\/avatar\/6c3b45186a8f5a459d8e14c7fca370bceae92402bc06171d75e4e559b6c24393?s=96&d=mm&r=g\",\"caption\":\"maducato_admin\"}}]}<\/script>\n<!-- \/ Yoast SEO Premium plugin. -->","yoast_head_json":{"title":"Diary of Humanitarian Roraima Mission - Dec 5 - Fraternidade Miss\u00f5es Humanit\u00e1rias Internacionais","robots":{"index":"index","follow":"follow","max-snippet":"max-snippet:-1","max-image-preview":"max-image-preview:large","max-video-preview":"max-video-preview:-1"},"canonical":"https:\/\/www.missoeshumanitarias.org\/en\/diary-of-humanitarian-roraima-mission-dec-5\/","og_locale":"en_US","og_type":"article","og_title":"Diary of Humanitarian Roraima Mission - Dec 5","og_description":"Monday, December 5 The health attendance continues in the CRI \u2013 Center of Reference to the Immigrant, in the city of Boa Vista. The number of immigrants who seek attendance in the Center increases, including from Cuba and Haiti. In the CRI, joint actions with governmental organizations, including SESC \u2013 Commerce Social Service, which distributed [&hellip;]","og_url":"https:\/\/www.missoeshumanitarias.org\/en\/diary-of-humanitarian-roraima-mission-dec-5\/","og_site_name":"Fraternidade Miss\u00f5es Humanit\u00e1rias Internacionais","article_published_time":"2016-12-06T18:40:51+00:00","og_image":[{"width":690,"height":388,"url":"https:\/\/www.missoeshumanitarias.org\/wp-content\/uploads\/2021\/08\/refugiados_missao_roraima_criancas_rosto_pintura2.jpg","type":"image\/jpeg"}],"author":"maducato_admin","twitter_card":"summary_large_image","twitter_misc":{"Written by":"maducato_admin","Est. reading time":"1 minute"},"schema":{"@context":"https:\/\/schema.org","@graph":[{"@type":"Article","@id":"https:\/\/www.missoeshumanitarias.org\/en\/diary-of-humanitarian-roraima-mission-dec-5\/#article","isPartOf":{"@id":"https:\/\/www.missoeshumanitarias.org\/en\/diary-of-humanitarian-roraima-mission-dec-5\/"},"author":{"name":"maducato_admin","@id":"https:\/\/www.missoeshumanitarias.org\/es\/#\/schema\/person\/e0f8527323154d1eba9f9d9eb6b401f7"},"headline":"Diary of Humanitarian Roraima Mission &#8211; Dec 5","datePublished":"2016-12-06T18:40:51+00:00","dateModified":"2016-12-06T18:40:51+00:00","mainEntityOfPage":{"@id":"https:\/\/www.missoeshumanitarias.org\/en\/diary-of-humanitarian-roraima-mission-dec-5\/"},"wordCount":206,"commentCount":0,"publisher":{"@id":"https:\/\/www.missoeshumanitarias.org\/es\/#organization"},"image":{"@id":"https:\/\/www.missoeshumanitarias.org\/en\/diary-of-humanitarian-roraima-mission-dec-5\/#primaryimage"},"thumbnailUrl":"https:\/\/www.missoeshumanitarias.org\/wp-content\/uploads\/2021\/08\/refugiados_missao_roraima_criancas_rosto_pintura2.jpg","articleSection":["Network-of-Light","News","News about the Missions"],"inLanguage":"en-US","potentialAction":[{"@type":"CommentAction","name":"Comment","target":["https:\/\/www.missoeshumanitarias.org\/en\/diary-of-humanitarian-roraima-mission-dec-5\/#respond"]}]},{"@type":"WebPage","@id":"https:\/\/www.missoeshumanitarias.org\/en\/diary-of-humanitarian-roraima-mission-dec-5\/","url":"https:\/\/www.missoeshumanitarias.org\/en\/diary-of-humanitarian-roraima-mission-dec-5\/","name":"Diary of Humanitarian Roraima Mission - Dec 5 - Fraternidade Miss\u00f5es Humanit\u00e1rias Internacionais","isPartOf":{"@id":"https:\/\/www.missoeshumanitarias.org\/es\/#website"},"primaryImageOfPage":{"@id":"https:\/\/www.missoeshumanitarias.org\/en\/diary-of-humanitarian-roraima-mission-dec-5\/#primaryimage"},"image":{"@id":"https:\/\/www.missoeshumanitarias.org\/en\/diary-of-humanitarian-roraima-mission-dec-5\/#primaryimage"},"thumbnailUrl":"https:\/\/www.missoeshumanitarias.org\/wp-content\/uploads\/2021\/08\/refugiados_missao_roraima_criancas_rosto_pintura2.jpg","datePublished":"2016-12-06T18:40:51+00:00","dateModified":"2016-12-06T18:40:51+00:00","breadcrumb":{"@id":"https:\/\/www.missoeshumanitarias.org\/en\/diary-of-humanitarian-roraima-mission-dec-5\/#breadcrumb"},"inLanguage":"en-US","potentialAction":[{"@type":"ReadAction","target":["https:\/\/www.missoeshumanitarias.org\/en\/diary-of-humanitarian-roraima-mission-dec-5\/"]}]},{"@type":"ImageObject","inLanguage":"en-US","@id":"https:\/\/www.missoeshumanitarias.org\/en\/diary-of-humanitarian-roraima-mission-dec-5\/#primaryimage","url":"https:\/\/www.missoeshumanitarias.org\/wp-content\/uploads\/2021\/08\/refugiados_missao_roraima_criancas_rosto_pintura2.jpg","contentUrl":"https:\/\/www.missoeshumanitarias.org\/wp-content\/uploads\/2021\/08\/refugiados_missao_roraima_criancas_rosto_pintura2.jpg","width":690,"height":388},{"@type":"BreadcrumbList","@id":"https:\/\/www.missoeshumanitarias.org\/en\/diary-of-humanitarian-roraima-mission-dec-5\/#breadcrumb","itemListElement":[{"@type":"ListItem","position":1,"name":"Home","item":"https:\/\/www.missoeshumanitarias.org\/en\/"},{"@type":"ListItem","position":2,"name":"Diary of Humanitarian Roraima Mission &#8211; Dec 5"}]},{"@type":"WebSite","@id":"https:\/\/www.missoeshumanitarias.org\/es\/#website","url":"https:\/\/www.missoeshumanitarias.org\/es\/","name":"Fraternidade Miss\u00f5es Humanit\u00e1rias Internacionais","description":"Respostas Humanit\u00e1rias e Emerg\u00eancias","publisher":{"@id":"https:\/\/www.missoeshumanitarias.org\/es\/#organization"},"potentialAction":[{"@type":"SearchAction","target":{"@type":"EntryPoint","urlTemplate":"https:\/\/www.missoeshumanitarias.org\/es\/?s={search_term_string}"},"query-input":"required name=search_term_string"}],"inLanguage":"en-US"},{"@type":"Organization","@id":"https:\/\/www.missoeshumanitarias.org\/es\/#organization","name":"Fraternidade - Miss\u00f5es Humanit\u00e1rias Internacionais","url":"https:\/\/www.missoeshumanitarias.org\/es\/","logo":{"@type":"ImageObject","inLanguage":"en-US","@id":"https:\/\/www.missoeshumanitarias.org\/es\/#\/schema\/logo\/image\/","url":"https:\/\/www.missoeshumanitarias.org\/wp-content\/uploads\/2020\/05\/logo-FMHI-mg.png","contentUrl":"https:\/\/www.missoeshumanitarias.org\/wp-content\/uploads\/2020\/05\/logo-FMHI-mg.png","width":520,"height":134,"caption":"Fraternidade - Miss\u00f5es Humanit\u00e1rias Internacionais"},"image":{"@id":"https:\/\/www.missoeshumanitarias.org\/es\/#\/schema\/logo\/image\/"}},{"@type":"Person","@id":"https:\/\/www.missoeshumanitarias.org\/es\/#\/schema\/person\/e0f8527323154d1eba9f9d9eb6b401f7","name":"maducato_admin","image":{"@type":"ImageObject","inLanguage":"en-US","@id":"https:\/\/www.missoeshumanitarias.org\/es\/#\/schema\/person\/image\/","url":"https:\/\/secure.gravatar.com\/avatar\/6c3b45186a8f5a459d8e14c7fca370bceae92402bc06171d75e4e559b6c24393?s=96&d=mm&r=g","contentUrl":"https:\/\/secure.gravatar.com\/avatar\/6c3b45186a8f5a459d8e14c7fca370bceae92402bc06171d75e4e559b6c24393?s=96&d=mm&r=g","caption":"maducato_admin"}}]}},"_links":{"self":[{"href":"https:\/\/www.missoeshumanitarias.org\/en\/wp-json\/wp\/v2\/posts\/130943","targetHints":{"allow":["GET"]}}],"collection":[{"href":"https:\/\/www.missoeshumanitarias.org\/en\/wp-json\/wp\/v2\/posts"}],"about":[{"href":"https:\/\/www.missoeshumanitarias.org\/en\/wp-json\/wp\/v2\/types\/post"}],"author":[{"embeddable":true,"href":"https:\/\/www.missoeshumanitarias.org\/en\/wp-json\/wp\/v2\/users\/1"}],"replies":[{"embeddable":true,"href":"https:\/\/www.missoeshumanitarias.org\/en\/wp-json\/wp\/v2\/comments?post=130943"}],"version-history":[{"count":0,"href":"https:\/\/www.missoeshumanitarias.org\/en\/wp-json\/wp\/v2\/posts\/130943\/revisions"}],"wp:featuredmedia":[{"embeddable":true,"href":"https:\/\/www.missoeshumanitarias.org\/en\/wp-json\/wp\/v2\/media\/121411"}],"wp:attachment":[{"href":"https:\/\/www.missoeshumanitarias.org\/en\/wp-json\/wp\/v2\/media?parent=130943"}],"wp:term":[{"taxonomy":"category","embeddable":true,"href":"https:\/\/www.missoeshumanitarias.org\/en\/wp-json\/wp\/v2\/categories?post=130943"},{"taxonomy":"post_tag","embeddable":true,"href":"https:\/\/www.missoeshumanitarias.org\/en\/wp-json\/wp\/v2\/tags?post=130943"}],"curies":[{"name":"wp","href":"https:\/\/api.w.org\/{rel}","templated":true}]}}