{"id":130964,"date":"2016-12-17T16:47:17","date_gmt":"2016-12-17T18:47:17","guid":{"rendered":"https:\/\/www.missoeshumanitarias.org\/missionary-experience-of-the-fraternidade-ignites-love-for-the-neediest\/"},"modified":"2023-02-16T19:07:47","modified_gmt":"2023-02-16T22:07:47","slug":"missionary-experience-of-the-fraternidade-ignites-love-for-the-neediest","status":"publish","type":"post","link":"https:\/\/www.missoeshumanitarias.org\/en\/missionary-experience-of-the-fraternidade-ignites-love-for-the-neediest\/","title":{"rendered":"Missionary Experience of the Fraternidade ignites love for the neediest"},"content":{"rendered":"<p style=\"text-align: justify;\"><a href=\"http:\/\/www.fraterinternacional.org\/wp-content\/uploads\/2016\/12\/vivencia-missionaria-noviembre-2016_02.jpg\"><img fetchpriority=\"high\" decoding=\"async\" class=\"alignright size-medium wp-image-40093\" src=\"https:\/\/www.missoeshumanitarias.org\/wp-content\/uploads\/2021\/08\/vivencia-missionaria-noviembre-2016_02-300x169-1.jpg\" alt=\"\" width=\"300\" height=\"169\" \/><\/a><\/p>\n<p style=\"text-align: justify;\">Thirteen volunteers altogether, coming from several cities of Brazil and abroad, joined the <a href=\"http:\/\/www.fraterinternacional.org\/en\/humanitarian-missions\/\">missionaries<\/a> of the <strong>Fraternidade \u2013 International Humanitarian Federation<\/strong>, in a new <a href=\"http:\/\/www.fraterinternacional.org\/en\/upcoming-missionary-experiences\/\">Missionary Experience<\/a>\u00a0organized by this entity, in the city of Carmo da Cachoeira, Minas Gerais, Brazil. The event took place between the 21<sup>st<\/sup> and the 27<sup>th<\/sup> of November, 2016.<\/p>\n<p style=\"text-align: justify;\">To Carlos Roberto Siqueira, a collaborator of the <a href=\"http:\/\/www.fraterinternacional.org\/en\/nuclei-of-light\/\">Nucleus-of-Light of Figueira in S\u00e3o Carlos<\/a>, State of S\u00e3o Paulo, the Missionary Experience\u00a0was \u201ca great experience of love, an opportunity of discovering how the world is and how people are, beyond ourselves\u201d.<\/p>\n<figure id=\"attachment_40111\" aria-describedby=\"caption-attachment-40111\" style=\"width: 300px\" class=\"wp-caption alignleft\"><a href=\"http:\/\/www.fraterinternacional.org\/wp-content\/uploads\/2016\/12\/vivencia-missionaria-noviembre-2016_07.jpg\"><img decoding=\"async\" class=\"wp-image-40111 size-medium\" src=\"https:\/\/www.missoeshumanitarias.org\/wp-content\/uploads\/2021\/08\/vivencia-missionaria-noviembre-2016_07-300x169-1.jpg\" width=\"300\" height=\"169\" \/><\/a><figcaption id=\"caption-attachment-40111\" class=\"wp-caption-text\">In the feminine house of the Missionaries<\/figcaption><\/figure>\n<p style=\"text-align: justify;\">The Angolan M\u00e1rio Pereira, arriving from Portugal, considered it a quite valid experience, which awakens \u201cmuch sensitivity and the awareness that we are a part of a whole, of Creation, and that we have therefore the obligation to interact with all parts, in a loving, caring and fraternal way\u201d.<\/p>\n<p style=\"text-align: justify;\"><strong>Portal of Transformation<br \/>\n<\/strong>To Ana Flavia, from Santa Catarina, Rio Grande do Sul, it was a great opportunity of service and of quest for her own path, for the mission that corresponds to her to fulfill in these moments. She is a psychologist and is proposing to herself the possibility of consecrating her life to the missionary task.<\/p>\n<figure id=\"attachment_40098\" aria-describedby=\"caption-attachment-40098\" style=\"width: 300px\" class=\"wp-caption alignleft\"><a href=\"http:\/\/www.fraterinternacional.org\/wp-content\/uploads\/2016\/12\/vivencia-missionaria-noviembre-2016_05.jpg\"><img decoding=\"async\" class=\"wp-image-40098 size-medium\" src=\"https:\/\/www.missoeshumanitarias.org\/wp-content\/uploads\/2021\/08\/vivencia-missionaria-noviembre-2016_05-300x169-1.jpg\" width=\"300\" height=\"169\" \/><\/a><figcaption id=\"caption-attachment-40098\" class=\"wp-caption-text\">In the Francis of Assisi Park, in Lavras<\/figcaption><\/figure>\n<p style=\"text-align: justify;\">Maria de F\u00e1tima Menezes, from Salvador, Bahia, said that the Missionary Experience\u00a0was \u201ca Portal of\u00a0 personal transformation and a means to learn group co-existence\u201d. She added that what impacted\u00a0her the most was the work with the animals in the <a href=\"http:\/\/www.parquefranciscodeassis.com.br\/site\/paginas\/the-action-of-a-group-of-love\/\" target=\"_blank\" rel=\"noopener\">Francis of Assisi Park<\/a>, where more than 450 dogs are sheltered. \u201cWhen you are not used to this, it seems difficult to clean the dirt that so many dogs generate together, but as you enter the task you forget everything and at the end you are transformed and deeply thankful for the opportunity of serving these animals in such need of love\u201d, confessed the volunteer.<\/p>\n<p style=\"text-align: justify;\">\u201cThe Missionary Experience\u00a0is a monthly activity of the Fraternidade, which lasts for a week and is open to all those interested in learning about the missionary life and in serving those most in need, with joy, with love \u2013 and in a thoroughly disinterested manner\u201d, explained Imer, a missionary and coordinator of the experience\u00a0of November 2016.<\/p>\n<figure id=\"attachment_40086\" aria-describedby=\"caption-attachment-40086\" style=\"width: 300px\" class=\"wp-caption alignright\"><a href=\"http:\/\/www.fraterinternacional.org\/wp-content\/uploads\/2016\/12\/vivencia-missionaria-noviembre-2016_01.jpg\"><img loading=\"lazy\" decoding=\"async\" class=\"wp-image-40086 size-medium\" src=\"https:\/\/www.missoeshumanitarias.org\/wp-content\/uploads\/2021\/08\/vivencia-missionaria-noviembre-2016_01-300x169-1.jpg\" width=\"300\" height=\"169\" \/><\/a><figcaption id=\"caption-attachment-40086\" class=\"wp-caption-text\">In the Home of the Elderly Women<\/figcaption><\/figure>\n<p style=\"text-align: justify;\"><strong>Schedule<br \/>\n<\/strong>This time, the Schedule included the organization and the distribution of donations in the Hut of Saint Joseph to people of low income of the region of Carmo da Cachoeira, as well as services of support in two houses for elderly people (Saint Vicent de Paul, in Carmo da Cachoeira and Home of the Elderly Women, in the city of Nepomuceno, Minas Gerais).<\/p>\n<p style=\"text-align: justify;\">In the feminine house of the Missionaries of the Fraternidade, a recreational journey with needy children of Carmo da Cachoeira. There were also activities of integration with those sheltered in the House of Reception of Saint Joseph, a place of service of the missionaries in Carmo da Cachoeira, where the volunteers shared tasks in the vegetable garden, greenhouse, varnishing of wood and harmonization of the house. The beneficiaries are alcohol- and drug-addicts, most of them homeless.<\/p>\n<p style=\"text-align: justify;\">The week was completed with a service to the Animal Kingdom in the kennel of the Francis of Assisi Park, in Lavras, Minas Gerais, where the volunteers harmonized the are of shelter of the dogs and other dependencies of the place.<\/p>\n<div id='gallery-1' class='gallery galleryid-130964 gallery-columns-2 gallery-size-medium'><figure class='gallery-item'>\n\t\t\t<div class='gallery-icon portrait'>\n\t\t\t\t<a href='https:\/\/www.missoeshumanitarias.org\/wp-content\/uploads\/2021\/08\/vivencia-missionaria-noviembre-2016_10.jpg'><img loading=\"lazy\" decoding=\"async\" width=\"225\" height=\"300\" src=\"https:\/\/www.missoeshumanitarias.org\/wp-content\/uploads\/2021\/08\/vivencia-missionaria-noviembre-2016_10-225x300.jpg\" class=\"attachment-medium size-medium\" alt=\"\" srcset=\"https:\/\/www.missoeshumanitarias.org\/wp-content\/uploads\/2021\/08\/vivencia-missionaria-noviembre-2016_10-225x300.jpg 225w, https:\/\/www.missoeshumanitarias.org\/wp-content\/uploads\/2021\/08\/vivencia-missionaria-noviembre-2016_10.jpg 518w\" sizes=\"(max-width: 225px) 100vw, 225px\" \/><\/a>\n\t\t\t<\/div><\/figure><figure class='gallery-item'>\n\t\t\t<div class='gallery-icon portrait'>\n\t\t\t\t<a href='https:\/\/www.missoeshumanitarias.org\/wp-content\/uploads\/2021\/08\/vivencia-missionaria-noviembre-2016_09.jpg'><img loading=\"lazy\" decoding=\"async\" width=\"225\" height=\"300\" src=\"https:\/\/www.missoeshumanitarias.org\/wp-content\/uploads\/2021\/08\/vivencia-missionaria-noviembre-2016_09-225x300.jpg\" class=\"attachment-medium size-medium\" alt=\"\" srcset=\"https:\/\/www.missoeshumanitarias.org\/wp-content\/uploads\/2021\/08\/vivencia-missionaria-noviembre-2016_09-225x300.jpg 225w, https:\/\/www.missoeshumanitarias.org\/wp-content\/uploads\/2021\/08\/vivencia-missionaria-noviembre-2016_09.jpg 518w\" sizes=\"(max-width: 225px) 100vw, 225px\" \/><\/a>\n\t\t\t<\/div><\/figure><figure class='gallery-item'>\n\t\t\t<div class='gallery-icon landscape'>\n\t\t\t\t<a href='https:\/\/www.missoeshumanitarias.org\/wp-content\/uploads\/2021\/08\/vivencia-missionaria-noviembre-2016_06.jpg'><img loading=\"lazy\" decoding=\"async\" width=\"300\" height=\"169\" src=\"https:\/\/www.missoeshumanitarias.org\/wp-content\/uploads\/2021\/08\/vivencia-missionaria-noviembre-2016_06-300x169.jpg\" class=\"attachment-medium size-medium\" alt=\"\" srcset=\"https:\/\/www.missoeshumanitarias.org\/wp-content\/uploads\/2021\/08\/vivencia-missionaria-noviembre-2016_06-300x169.jpg 300w, https:\/\/www.missoeshumanitarias.org\/wp-content\/uploads\/2021\/08\/vivencia-missionaria-noviembre-2016_06.jpg 690w\" sizes=\"(max-width: 300px) 100vw, 300px\" \/><\/a>\n\t\t\t<\/div><\/figure><figure class='gallery-item'>\n\t\t\t<div class='gallery-icon landscape'>\n\t\t\t\t<a href='https:\/\/www.missoeshumanitarias.org\/wp-content\/uploads\/2021\/08\/vivencia-missionaria-noviembre-2016_03.jpg'><img loading=\"lazy\" decoding=\"async\" width=\"300\" height=\"169\" src=\"https:\/\/www.missoeshumanitarias.org\/wp-content\/uploads\/2021\/08\/vivencia-missionaria-noviembre-2016_03-300x169.jpg\" class=\"attachment-medium size-medium\" alt=\"\" srcset=\"https:\/\/www.missoeshumanitarias.org\/wp-content\/uploads\/2021\/08\/vivencia-missionaria-noviembre-2016_03-300x169.jpg 300w, https:\/\/www.missoeshumanitarias.org\/wp-content\/uploads\/2021\/08\/vivencia-missionaria-noviembre-2016_03.jpg 690w\" sizes=\"(max-width: 300px) 100vw, 300px\" \/><\/a>\n\t\t\t<\/div><\/figure>\n\t\t<\/div>\n\n","protected":false},"excerpt":{"rendered":"<p>Thirteen volunteers altogether, coming from several cities of Brazil and abroad, joined the missionaries of the Fraternidade \u2013 International Humanitarian Federation, in a new Missionary Experience\u00a0organized by this entity, in the city of Carmo da Cachoeira, Minas Gerais, Brazil. The event took place between the 21st and the 27th of November, 2016. To Carlos Roberto [&hellip;]<\/p>\n","protected":false},"author":1,"featured_media":121684,"comment_status":"open","ping_status":"open","sticky":false,"template":"","format":"standard","meta":{"footnotes":""},"categories":[138,9,132],"tags":[193],"class_list":["post-130964","post","type-post","status-publish","format-standard","has-post-thumbnail","hentry","category-network-of-light","category-news","category-news-about-the-missions","tag-angola-mission"],"featured_image_src":"https:\/\/www.missoeshumanitarias.org\/wp-content\/uploads\/2021\/08\/vivencia-missionaria-noviembre-2016_04.jpg","author_info":{"display_name":"maducato_admin","author_link":"https:\/\/www.missoeshumanitarias.org\/en\/author\/maducato_admin\/"},"yoast_head":"<!-- This site is optimized with the Yoast SEO Premium plugin v22.5 (Yoast SEO v22.5) - https:\/\/yoast.com\/wordpress\/plugins\/seo\/ -->\n<title>Missionary Experience of the Fraternidade ignites love for the neediest - Fraternidade Miss\u00f5es Humanit\u00e1rias Internacionais<\/title>\n<meta name=\"robots\" content=\"index, follow, max-snippet:-1, max-image-preview:large, max-video-preview:-1\" \/>\n<link rel=\"canonical\" href=\"https:\/\/www.missoeshumanitarias.org\/en\/missionary-experience-of-the-fraternidade-ignites-love-for-the-neediest\/\" \/>\n<meta property=\"og:locale\" content=\"en_US\" \/>\n<meta property=\"og:type\" content=\"article\" \/>\n<meta property=\"og:title\" content=\"Missionary Experience of the Fraternidade ignites love for the neediest\" \/>\n<meta property=\"og:description\" content=\"Thirteen volunteers altogether, coming from several cities of Brazil and abroad, joined the missionaries of the Fraternidade \u2013 International Humanitarian Federation, in a new Missionary Experience\u00a0organized by this entity, in the city of Carmo da Cachoeira, Minas Gerais, Brazil. The event took place between the 21st and the 27th of November, 2016. To Carlos Roberto [&hellip;]\" \/>\n<meta property=\"og:url\" content=\"https:\/\/www.missoeshumanitarias.org\/en\/missionary-experience-of-the-fraternidade-ignites-love-for-the-neediest\/\" \/>\n<meta property=\"og:site_name\" content=\"Fraternidade Miss\u00f5es Humanit\u00e1rias Internacionais\" \/>\n<meta property=\"article:published_time\" content=\"2016-12-17T18:47:17+00:00\" \/>\n<meta property=\"article:modified_time\" content=\"2023-02-16T22:07:47+00:00\" \/>\n<meta property=\"og:image\" content=\"https:\/\/www.missoeshumanitarias.org\/wp-content\/uploads\/2021\/08\/vivencia-missionaria-noviembre-2016_04.jpg\" \/>\n\t<meta property=\"og:image:width\" content=\"690\" \/>\n\t<meta property=\"og:image:height\" content=\"388\" \/>\n\t<meta property=\"og:image:type\" content=\"image\/jpeg\" \/>\n<meta name=\"author\" content=\"maducato_admin\" \/>\n<meta name=\"twitter:card\" content=\"summary_large_image\" \/>\n<meta name=\"twitter:label1\" content=\"Written by\" \/>\n\t<meta name=\"twitter:data1\" content=\"maducato_admin\" \/>\n\t<meta name=\"twitter:label2\" content=\"Est. reading time\" \/>\n\t<meta name=\"twitter:data2\" content=\"3 minutes\" \/>\n<script type=\"application\/ld+json\" class=\"yoast-schema-graph\">{\"@context\":\"https:\/\/schema.org\",\"@graph\":[{\"@type\":\"Article\",\"@id\":\"https:\/\/www.missoeshumanitarias.org\/en\/missionary-experience-of-the-fraternidade-ignites-love-for-the-neediest\/#article\",\"isPartOf\":{\"@id\":\"https:\/\/www.missoeshumanitarias.org\/en\/missionary-experience-of-the-fraternidade-ignites-love-for-the-neediest\/\"},\"author\":{\"name\":\"maducato_admin\",\"@id\":\"https:\/\/www.missoeshumanitarias.org\/es\/#\/schema\/person\/e0f8527323154d1eba9f9d9eb6b401f7\"},\"headline\":\"Missionary Experience of the Fraternidade ignites love for the neediest\",\"datePublished\":\"2016-12-17T18:47:17+00:00\",\"dateModified\":\"2023-02-16T22:07:47+00:00\",\"mainEntityOfPage\":{\"@id\":\"https:\/\/www.missoeshumanitarias.org\/en\/missionary-experience-of-the-fraternidade-ignites-love-for-the-neediest\/\"},\"wordCount\":605,\"commentCount\":0,\"publisher\":{\"@id\":\"https:\/\/www.missoeshumanitarias.org\/es\/#organization\"},\"image\":{\"@id\":\"https:\/\/www.missoeshumanitarias.org\/en\/missionary-experience-of-the-fraternidade-ignites-love-for-the-neediest\/#primaryimage\"},\"thumbnailUrl\":\"https:\/\/www.missoeshumanitarias.org\/wp-content\/uploads\/2021\/08\/vivencia-missionaria-noviembre-2016_04.jpg\",\"keywords\":[\"Angola Mission\"],\"articleSection\":[\"Network-of-Light\",\"News\",\"News about the Missions\"],\"inLanguage\":\"en-US\",\"potentialAction\":[{\"@type\":\"CommentAction\",\"name\":\"Comment\",\"target\":[\"https:\/\/www.missoeshumanitarias.org\/en\/missionary-experience-of-the-fraternidade-ignites-love-for-the-neediest\/#respond\"]}]},{\"@type\":\"WebPage\",\"@id\":\"https:\/\/www.missoeshumanitarias.org\/en\/missionary-experience-of-the-fraternidade-ignites-love-for-the-neediest\/\",\"url\":\"https:\/\/www.missoeshumanitarias.org\/en\/missionary-experience-of-the-fraternidade-ignites-love-for-the-neediest\/\",\"name\":\"Missionary Experience of the Fraternidade ignites love for the neediest - Fraternidade Miss\u00f5es Humanit\u00e1rias Internacionais\",\"isPartOf\":{\"@id\":\"https:\/\/www.missoeshumanitarias.org\/es\/#website\"},\"primaryImageOfPage\":{\"@id\":\"https:\/\/www.missoeshumanitarias.org\/en\/missionary-experience-of-the-fraternidade-ignites-love-for-the-neediest\/#primaryimage\"},\"image\":{\"@id\":\"https:\/\/www.missoeshumanitarias.org\/en\/missionary-experience-of-the-fraternidade-ignites-love-for-the-neediest\/#primaryimage\"},\"thumbnailUrl\":\"https:\/\/www.missoeshumanitarias.org\/wp-content\/uploads\/2021\/08\/vivencia-missionaria-noviembre-2016_04.jpg\",\"datePublished\":\"2016-12-17T18:47:17+00:00\",\"dateModified\":\"2023-02-16T22:07:47+00:00\",\"breadcrumb\":{\"@id\":\"https:\/\/www.missoeshumanitarias.org\/en\/missionary-experience-of-the-fraternidade-ignites-love-for-the-neediest\/#breadcrumb\"},\"inLanguage\":\"en-US\",\"potentialAction\":[{\"@type\":\"ReadAction\",\"target\":[\"https:\/\/www.missoeshumanitarias.org\/en\/missionary-experience-of-the-fraternidade-ignites-love-for-the-neediest\/\"]}]},{\"@type\":\"ImageObject\",\"inLanguage\":\"en-US\",\"@id\":\"https:\/\/www.missoeshumanitarias.org\/en\/missionary-experience-of-the-fraternidade-ignites-love-for-the-neediest\/#primaryimage\",\"url\":\"https:\/\/www.missoeshumanitarias.org\/wp-content\/uploads\/2021\/08\/vivencia-missionaria-noviembre-2016_04.jpg\",\"contentUrl\":\"https:\/\/www.missoeshumanitarias.org\/wp-content\/uploads\/2021\/08\/vivencia-missionaria-noviembre-2016_04.jpg\",\"width\":690,\"height\":388},{\"@type\":\"BreadcrumbList\",\"@id\":\"https:\/\/www.missoeshumanitarias.org\/en\/missionary-experience-of-the-fraternidade-ignites-love-for-the-neediest\/#breadcrumb\",\"itemListElement\":[{\"@type\":\"ListItem\",\"position\":1,\"name\":\"Home\",\"item\":\"https:\/\/www.missoeshumanitarias.org\/en\/\"},{\"@type\":\"ListItem\",\"position\":2,\"name\":\"Missionary Experience of the Fraternidade ignites love for the neediest\"}]},{\"@type\":\"WebSite\",\"@id\":\"https:\/\/www.missoeshumanitarias.org\/es\/#website\",\"url\":\"https:\/\/www.missoeshumanitarias.org\/es\/\",\"name\":\"Fraternidade Miss\u00f5es Humanit\u00e1rias Internacionais\",\"description\":\"Respostas Humanit\u00e1rias e Emerg\u00eancias\",\"publisher\":{\"@id\":\"https:\/\/www.missoeshumanitarias.org\/es\/#organization\"},\"potentialAction\":[{\"@type\":\"SearchAction\",\"target\":{\"@type\":\"EntryPoint\",\"urlTemplate\":\"https:\/\/www.missoeshumanitarias.org\/es\/?s={search_term_string}\"},\"query-input\":\"required name=search_term_string\"}],\"inLanguage\":\"en-US\"},{\"@type\":\"Organization\",\"@id\":\"https:\/\/www.missoeshumanitarias.org\/es\/#organization\",\"name\":\"Fraternidade - Miss\u00f5es Humanit\u00e1rias Internacionais\",\"url\":\"https:\/\/www.missoeshumanitarias.org\/es\/\",\"logo\":{\"@type\":\"ImageObject\",\"inLanguage\":\"en-US\",\"@id\":\"https:\/\/www.missoeshumanitarias.org\/es\/#\/schema\/logo\/image\/\",\"url\":\"https:\/\/www.missoeshumanitarias.org\/wp-content\/uploads\/2020\/05\/logo-FMHI-mg.png\",\"contentUrl\":\"https:\/\/www.missoeshumanitarias.org\/wp-content\/uploads\/2020\/05\/logo-FMHI-mg.png\",\"width\":520,\"height\":134,\"caption\":\"Fraternidade - Miss\u00f5es Humanit\u00e1rias Internacionais\"},\"image\":{\"@id\":\"https:\/\/www.missoeshumanitarias.org\/es\/#\/schema\/logo\/image\/\"}},{\"@type\":\"Person\",\"@id\":\"https:\/\/www.missoeshumanitarias.org\/es\/#\/schema\/person\/e0f8527323154d1eba9f9d9eb6b401f7\",\"name\":\"maducato_admin\",\"image\":{\"@type\":\"ImageObject\",\"inLanguage\":\"en-US\",\"@id\":\"https:\/\/www.missoeshumanitarias.org\/es\/#\/schema\/person\/image\/\",\"url\":\"https:\/\/secure.gravatar.com\/avatar\/6c3b45186a8f5a459d8e14c7fca370bceae92402bc06171d75e4e559b6c24393?s=96&d=mm&r=g\",\"contentUrl\":\"https:\/\/secure.gravatar.com\/avatar\/6c3b45186a8f5a459d8e14c7fca370bceae92402bc06171d75e4e559b6c24393?s=96&d=mm&r=g\",\"caption\":\"maducato_admin\"}}]}<\/script>\n<!-- \/ Yoast SEO Premium plugin. -->","yoast_head_json":{"title":"Missionary Experience of the Fraternidade ignites love for the neediest - Fraternidade Miss\u00f5es Humanit\u00e1rias Internacionais","robots":{"index":"index","follow":"follow","max-snippet":"max-snippet:-1","max-image-preview":"max-image-preview:large","max-video-preview":"max-video-preview:-1"},"canonical":"https:\/\/www.missoeshumanitarias.org\/en\/missionary-experience-of-the-fraternidade-ignites-love-for-the-neediest\/","og_locale":"en_US","og_type":"article","og_title":"Missionary Experience of the Fraternidade ignites love for the neediest","og_description":"Thirteen volunteers altogether, coming from several cities of Brazil and abroad, joined the missionaries of the Fraternidade \u2013 International Humanitarian Federation, in a new Missionary Experience\u00a0organized by this entity, in the city of Carmo da Cachoeira, Minas Gerais, Brazil. The event took place between the 21st and the 27th of November, 2016. To Carlos Roberto [&hellip;]","og_url":"https:\/\/www.missoeshumanitarias.org\/en\/missionary-experience-of-the-fraternidade-ignites-love-for-the-neediest\/","og_site_name":"Fraternidade Miss\u00f5es Humanit\u00e1rias Internacionais","article_published_time":"2016-12-17T18:47:17+00:00","article_modified_time":"2023-02-16T22:07:47+00:00","og_image":[{"width":690,"height":388,"url":"https:\/\/www.missoeshumanitarias.org\/wp-content\/uploads\/2021\/08\/vivencia-missionaria-noviembre-2016_04.jpg","type":"image\/jpeg"}],"author":"maducato_admin","twitter_card":"summary_large_image","twitter_misc":{"Written by":"maducato_admin","Est. reading time":"3 minutes"},"schema":{"@context":"https:\/\/schema.org","@graph":[{"@type":"Article","@id":"https:\/\/www.missoeshumanitarias.org\/en\/missionary-experience-of-the-fraternidade-ignites-love-for-the-neediest\/#article","isPartOf":{"@id":"https:\/\/www.missoeshumanitarias.org\/en\/missionary-experience-of-the-fraternidade-ignites-love-for-the-neediest\/"},"author":{"name":"maducato_admin","@id":"https:\/\/www.missoeshumanitarias.org\/es\/#\/schema\/person\/e0f8527323154d1eba9f9d9eb6b401f7"},"headline":"Missionary Experience of the Fraternidade ignites love for the neediest","datePublished":"2016-12-17T18:47:17+00:00","dateModified":"2023-02-16T22:07:47+00:00","mainEntityOfPage":{"@id":"https:\/\/www.missoeshumanitarias.org\/en\/missionary-experience-of-the-fraternidade-ignites-love-for-the-neediest\/"},"wordCount":605,"commentCount":0,"publisher":{"@id":"https:\/\/www.missoeshumanitarias.org\/es\/#organization"},"image":{"@id":"https:\/\/www.missoeshumanitarias.org\/en\/missionary-experience-of-the-fraternidade-ignites-love-for-the-neediest\/#primaryimage"},"thumbnailUrl":"https:\/\/www.missoeshumanitarias.org\/wp-content\/uploads\/2021\/08\/vivencia-missionaria-noviembre-2016_04.jpg","keywords":["Angola Mission"],"articleSection":["Network-of-Light","News","News about the Missions"],"inLanguage":"en-US","potentialAction":[{"@type":"CommentAction","name":"Comment","target":["https:\/\/www.missoeshumanitarias.org\/en\/missionary-experience-of-the-fraternidade-ignites-love-for-the-neediest\/#respond"]}]},{"@type":"WebPage","@id":"https:\/\/www.missoeshumanitarias.org\/en\/missionary-experience-of-the-fraternidade-ignites-love-for-the-neediest\/","url":"https:\/\/www.missoeshumanitarias.org\/en\/missionary-experience-of-the-fraternidade-ignites-love-for-the-neediest\/","name":"Missionary Experience of the Fraternidade ignites love for the neediest - Fraternidade Miss\u00f5es Humanit\u00e1rias Internacionais","isPartOf":{"@id":"https:\/\/www.missoeshumanitarias.org\/es\/#website"},"primaryImageOfPage":{"@id":"https:\/\/www.missoeshumanitarias.org\/en\/missionary-experience-of-the-fraternidade-ignites-love-for-the-neediest\/#primaryimage"},"image":{"@id":"https:\/\/www.missoeshumanitarias.org\/en\/missionary-experience-of-the-fraternidade-ignites-love-for-the-neediest\/#primaryimage"},"thumbnailUrl":"https:\/\/www.missoeshumanitarias.org\/wp-content\/uploads\/2021\/08\/vivencia-missionaria-noviembre-2016_04.jpg","datePublished":"2016-12-17T18:47:17+00:00","dateModified":"2023-02-16T22:07:47+00:00","breadcrumb":{"@id":"https:\/\/www.missoeshumanitarias.org\/en\/missionary-experience-of-the-fraternidade-ignites-love-for-the-neediest\/#breadcrumb"},"inLanguage":"en-US","potentialAction":[{"@type":"ReadAction","target":["https:\/\/www.missoeshumanitarias.org\/en\/missionary-experience-of-the-fraternidade-ignites-love-for-the-neediest\/"]}]},{"@type":"ImageObject","inLanguage":"en-US","@id":"https:\/\/www.missoeshumanitarias.org\/en\/missionary-experience-of-the-fraternidade-ignites-love-for-the-neediest\/#primaryimage","url":"https:\/\/www.missoeshumanitarias.org\/wp-content\/uploads\/2021\/08\/vivencia-missionaria-noviembre-2016_04.jpg","contentUrl":"https:\/\/www.missoeshumanitarias.org\/wp-content\/uploads\/2021\/08\/vivencia-missionaria-noviembre-2016_04.jpg","width":690,"height":388},{"@type":"BreadcrumbList","@id":"https:\/\/www.missoeshumanitarias.org\/en\/missionary-experience-of-the-fraternidade-ignites-love-for-the-neediest\/#breadcrumb","itemListElement":[{"@type":"ListItem","position":1,"name":"Home","item":"https:\/\/www.missoeshumanitarias.org\/en\/"},{"@type":"ListItem","position":2,"name":"Missionary Experience of the Fraternidade ignites love for the neediest"}]},{"@type":"WebSite","@id":"https:\/\/www.missoeshumanitarias.org\/es\/#website","url":"https:\/\/www.missoeshumanitarias.org\/es\/","name":"Fraternidade Miss\u00f5es Humanit\u00e1rias Internacionais","description":"Respostas Humanit\u00e1rias e Emerg\u00eancias","publisher":{"@id":"https:\/\/www.missoeshumanitarias.org\/es\/#organization"},"potentialAction":[{"@type":"SearchAction","target":{"@type":"EntryPoint","urlTemplate":"https:\/\/www.missoeshumanitarias.org\/es\/?s={search_term_string}"},"query-input":"required name=search_term_string"}],"inLanguage":"en-US"},{"@type":"Organization","@id":"https:\/\/www.missoeshumanitarias.org\/es\/#organization","name":"Fraternidade - Miss\u00f5es Humanit\u00e1rias Internacionais","url":"https:\/\/www.missoeshumanitarias.org\/es\/","logo":{"@type":"ImageObject","inLanguage":"en-US","@id":"https:\/\/www.missoeshumanitarias.org\/es\/#\/schema\/logo\/image\/","url":"https:\/\/www.missoeshumanitarias.org\/wp-content\/uploads\/2020\/05\/logo-FMHI-mg.png","contentUrl":"https:\/\/www.missoeshumanitarias.org\/wp-content\/uploads\/2020\/05\/logo-FMHI-mg.png","width":520,"height":134,"caption":"Fraternidade - Miss\u00f5es Humanit\u00e1rias Internacionais"},"image":{"@id":"https:\/\/www.missoeshumanitarias.org\/es\/#\/schema\/logo\/image\/"}},{"@type":"Person","@id":"https:\/\/www.missoeshumanitarias.org\/es\/#\/schema\/person\/e0f8527323154d1eba9f9d9eb6b401f7","name":"maducato_admin","image":{"@type":"ImageObject","inLanguage":"en-US","@id":"https:\/\/www.missoeshumanitarias.org\/es\/#\/schema\/person\/image\/","url":"https:\/\/secure.gravatar.com\/avatar\/6c3b45186a8f5a459d8e14c7fca370bceae92402bc06171d75e4e559b6c24393?s=96&d=mm&r=g","contentUrl":"https:\/\/secure.gravatar.com\/avatar\/6c3b45186a8f5a459d8e14c7fca370bceae92402bc06171d75e4e559b6c24393?s=96&d=mm&r=g","caption":"maducato_admin"}}]}},"_links":{"self":[{"href":"https:\/\/www.missoeshumanitarias.org\/en\/wp-json\/wp\/v2\/posts\/130964","targetHints":{"allow":["GET"]}}],"collection":[{"href":"https:\/\/www.missoeshumanitarias.org\/en\/wp-json\/wp\/v2\/posts"}],"about":[{"href":"https:\/\/www.missoeshumanitarias.org\/en\/wp-json\/wp\/v2\/types\/post"}],"author":[{"embeddable":true,"href":"https:\/\/www.missoeshumanitarias.org\/en\/wp-json\/wp\/v2\/users\/1"}],"replies":[{"embeddable":true,"href":"https:\/\/www.missoeshumanitarias.org\/en\/wp-json\/wp\/v2\/comments?post=130964"}],"version-history":[{"count":0,"href":"https:\/\/www.missoeshumanitarias.org\/en\/wp-json\/wp\/v2\/posts\/130964\/revisions"}],"wp:featuredmedia":[{"embeddable":true,"href":"https:\/\/www.missoeshumanitarias.org\/en\/wp-json\/wp\/v2\/media\/121684"}],"wp:attachment":[{"href":"https:\/\/www.missoeshumanitarias.org\/en\/wp-json\/wp\/v2\/media?parent=130964"}],"wp:term":[{"taxonomy":"category","embeddable":true,"href":"https:\/\/www.missoeshumanitarias.org\/en\/wp-json\/wp\/v2\/categories?post=130964"},{"taxonomy":"post_tag","embeddable":true,"href":"https:\/\/www.missoeshumanitarias.org\/en\/wp-json\/wp\/v2\/tags?post=130964"}],"curies":[{"name":"wp","href":"https:\/\/api.w.org\/{rel}","templated":true}]}}