{"id":131006,"date":"2017-01-29T18:41:44","date_gmt":"2017-01-29T20:41:44","guid":{"rendered":"https:\/\/www.missoeshumanitarias.org\/the-fraternidade-prepares-the-beginning-of-the-emergency-chile-mission\/"},"modified":"2017-01-29T18:41:44","modified_gmt":"2017-01-29T20:41:44","slug":"the-fraternidade-prepares-the-beginning-of-the-emergency-chile-mission","status":"publish","type":"post","link":"https:\/\/www.missoeshumanitarias.org\/en\/the-fraternidade-prepares-the-beginning-of-the-emergency-chile-mission\/","title":{"rendered":"The Fraternidade prepares the beginning of the Emergency Chile Mission"},"content":{"rendered":"<p class=\"p1\" style=\"text-align: justify;\">The <b>Fraternidade \u2013 International Humanitarian Federation<\/b> \u2013 is organizing a new mission that will take place in Chile. The objective is to help the emergencies and needs that have arisen due to the big fires that are happening in this country of South America.<\/p>\n<p class=\"p1\" style=\"text-align: justify;\">It is expected that a team of the Fraternidade, composed by missionaries, monastics of the Grace Mercy Order and members of the Planetary Network-of-Light will go to Chile already in the first days of February. The group will render humanitarian and prayerful service.<\/p>\n<p class=\"p1\" style=\"text-align: justify;\"><b>Fires<br \/>\n<\/b>The fires in Chile have lasted more than one week, affect seven of the 15 regions of the country and has consumed more than 360 thousand hectares of forests and cultivations. The most affected regions are O\u2019Higgins, Maule, Biob\u00edo and Araucan\u00eda.<\/p>\n<p class=\"p1\" style=\"text-align: justify;\">According to the bulletin of the National Office of Emergencies (Onemi), emitted at the night of 28 of January, there are 50 controlled fires, 62 under combat and 10 extinct. The bulletin also informs that the fires have provoked about 11 deaths and that there are 2025 people in shelters, 3270 homeless and 1089 destroyed houses.<\/p>\n<p class=\"p1\" style=\"text-align: justify;\">The fire has burned forest areas, agricultural regions and invaded cities, generating big problems and imbalance to the Kingdoms of Nature. A persistent drought, high temperatures and strong winds contribute for the occurrence of the fires. But according to the government, more than 90 percent of the fires registered annually in Chile are intentionally provoked. Some detentions of suspect people have been made.<\/p>\n<p class=\"p1\" style=\"text-align: justify;\">The country has received help of volunteers from other countries (Mexico, France, Portugal, Spain, Argentina and Peru) in the help to the fight against the fires. There are currently about four thousand people fighting the fires in Chile.<\/p>\n<p class=\"p1\" style=\"text-align: justify;\">Participate in the Emergency Chile Mission, supporting with prayers, with monetary donations and helping the balance and the Peace of the Planet.<\/p>\n<p class=\"p2\" style=\"text-align: justify;\">Learn more at Campaign:\u00a0<a href=\"http:\/\/www.fraterinternacional.org\/en\/campanhas-ffhi\/emergency-chile-mission\/\">Emergency Chile Mission<\/a><\/p>\n<div id='gallery-1' class='gallery galleryid-131006 gallery-columns-2 gallery-size-medium'><figure class='gallery-item'>\n\t\t\t<div class='gallery-icon landscape'>\n\t\t\t\t<a href='https:\/\/www.missoeshumanitarias.org\/wp-content\/uploads\/2021\/08\/missao_emergencia_chile_casa_queimando.jpg'><img fetchpriority=\"high\" decoding=\"async\" width=\"300\" height=\"169\" src=\"https:\/\/www.missoeshumanitarias.org\/wp-content\/uploads\/2021\/08\/missao_emergencia_chile_casa_queimando-300x169.jpg\" class=\"attachment-medium size-medium\" alt=\"\" srcset=\"https:\/\/www.missoeshumanitarias.org\/wp-content\/uploads\/2021\/08\/missao_emergencia_chile_casa_queimando-300x169.jpg 300w, https:\/\/www.missoeshumanitarias.org\/wp-content\/uploads\/2021\/08\/missao_emergencia_chile_casa_queimando.jpg 690w\" sizes=\"(max-width: 300px) 100vw, 300px\" \/><\/a>\n\t\t\t<\/div><\/figure><figure class='gallery-item'>\n\t\t\t<div class='gallery-icon landscape'>\n\t\t\t\t<a href='https:\/\/www.missoeshumanitarias.org\/wp-content\/uploads\/2021\/08\/chile-wildfire2a.jpg'><img decoding=\"async\" width=\"300\" height=\"169\" src=\"https:\/\/www.missoeshumanitarias.org\/wp-content\/uploads\/2021\/08\/chile-wildfire2a-300x169.jpg\" class=\"attachment-medium size-medium\" alt=\"\" srcset=\"https:\/\/www.missoeshumanitarias.org\/wp-content\/uploads\/2021\/08\/chile-wildfire2a-300x169.jpg 300w, https:\/\/www.missoeshumanitarias.org\/wp-content\/uploads\/2021\/08\/chile-wildfire2a.jpg 690w\" sizes=\"(max-width: 300px) 100vw, 300px\" \/><\/a>\n\t\t\t<\/div><\/figure>\n\t\t<\/div>\n\n","protected":false},"excerpt":{"rendered":"<p>The Fraternidade \u2013 International Humanitarian Federation \u2013 is organizing a new mission that will take place in Chile. The objective is to help the emergencies and needs that have arisen due to the big fires that are happening in this country of South America. It is expected that a team of the Fraternidade, composed by [&hellip;]<\/p>\n","protected":false},"author":1,"featured_media":122788,"comment_status":"open","ping_status":"open","sticky":false,"template":"","format":"standard","meta":{"footnotes":""},"categories":[9,132],"tags":[],"class_list":["post-131006","post","type-post","status-publish","format-standard","has-post-thumbnail","hentry","category-news","category-news-about-the-missions"],"featured_image_src":"https:\/\/www.missoeshumanitarias.org\/wp-content\/uploads\/2021\/08\/missao_emergencia_chile_casa_queimando.jpg","author_info":{"display_name":"maducato_admin","author_link":"https:\/\/www.missoeshumanitarias.org\/en\/author\/maducato_admin\/"},"yoast_head":"<!-- This site is optimized with the Yoast SEO Premium plugin v22.5 (Yoast SEO v22.5) - https:\/\/yoast.com\/wordpress\/plugins\/seo\/ -->\n<title>The Fraternidade prepares the beginning of the Emergency Chile Mission - Fraternidade Miss\u00f5es Humanit\u00e1rias Internacionais<\/title>\n<meta name=\"robots\" content=\"index, follow, max-snippet:-1, max-image-preview:large, max-video-preview:-1\" \/>\n<link rel=\"canonical\" href=\"https:\/\/www.missoeshumanitarias.org\/en\/the-fraternidade-prepares-the-beginning-of-the-emergency-chile-mission\/\" \/>\n<meta property=\"og:locale\" content=\"en_US\" \/>\n<meta property=\"og:type\" content=\"article\" \/>\n<meta property=\"og:title\" content=\"The Fraternidade prepares the beginning of the Emergency Chile Mission\" \/>\n<meta property=\"og:description\" content=\"The Fraternidade \u2013 International Humanitarian Federation \u2013 is organizing a new mission that will take place in Chile. The objective is to help the emergencies and needs that have arisen due to the big fires that are happening in this country of South America. It is expected that a team of the Fraternidade, composed by [&hellip;]\" \/>\n<meta property=\"og:url\" content=\"https:\/\/www.missoeshumanitarias.org\/en\/the-fraternidade-prepares-the-beginning-of-the-emergency-chile-mission\/\" \/>\n<meta property=\"og:site_name\" content=\"Fraternidade Miss\u00f5es Humanit\u00e1rias Internacionais\" \/>\n<meta property=\"article:published_time\" content=\"2017-01-29T20:41:44+00:00\" \/>\n<meta property=\"og:image\" content=\"https:\/\/www.missoeshumanitarias.org\/wp-content\/uploads\/2021\/08\/missao_emergencia_chile_casa_queimando.jpg\" \/>\n\t<meta property=\"og:image:width\" content=\"690\" \/>\n\t<meta property=\"og:image:height\" content=\"388\" \/>\n\t<meta property=\"og:image:type\" content=\"image\/jpeg\" \/>\n<meta name=\"author\" content=\"maducato_admin\" \/>\n<meta name=\"twitter:card\" content=\"summary_large_image\" \/>\n<meta name=\"twitter:label1\" content=\"Written by\" \/>\n\t<meta name=\"twitter:data1\" content=\"maducato_admin\" \/>\n\t<meta name=\"twitter:label2\" content=\"Est. reading time\" \/>\n\t<meta name=\"twitter:data2\" content=\"2 minutes\" \/>\n<script type=\"application\/ld+json\" class=\"yoast-schema-graph\">{\"@context\":\"https:\/\/schema.org\",\"@graph\":[{\"@type\":\"Article\",\"@id\":\"https:\/\/www.missoeshumanitarias.org\/en\/the-fraternidade-prepares-the-beginning-of-the-emergency-chile-mission\/#article\",\"isPartOf\":{\"@id\":\"https:\/\/www.missoeshumanitarias.org\/en\/the-fraternidade-prepares-the-beginning-of-the-emergency-chile-mission\/\"},\"author\":{\"name\":\"maducato_admin\",\"@id\":\"https:\/\/www.missoeshumanitarias.org\/es\/#\/schema\/person\/e0f8527323154d1eba9f9d9eb6b401f7\"},\"headline\":\"The Fraternidade prepares the beginning of the Emergency Chile Mission\",\"datePublished\":\"2017-01-29T20:41:44+00:00\",\"dateModified\":\"2017-01-29T20:41:44+00:00\",\"mainEntityOfPage\":{\"@id\":\"https:\/\/www.missoeshumanitarias.org\/en\/the-fraternidade-prepares-the-beginning-of-the-emergency-chile-mission\/\"},\"wordCount\":324,\"commentCount\":0,\"publisher\":{\"@id\":\"https:\/\/www.missoeshumanitarias.org\/es\/#organization\"},\"image\":{\"@id\":\"https:\/\/www.missoeshumanitarias.org\/en\/the-fraternidade-prepares-the-beginning-of-the-emergency-chile-mission\/#primaryimage\"},\"thumbnailUrl\":\"https:\/\/www.missoeshumanitarias.org\/wp-content\/uploads\/2021\/08\/missao_emergencia_chile_casa_queimando.jpg\",\"articleSection\":[\"News\",\"News about the Missions\"],\"inLanguage\":\"en-US\",\"potentialAction\":[{\"@type\":\"CommentAction\",\"name\":\"Comment\",\"target\":[\"https:\/\/www.missoeshumanitarias.org\/en\/the-fraternidade-prepares-the-beginning-of-the-emergency-chile-mission\/#respond\"]}]},{\"@type\":\"WebPage\",\"@id\":\"https:\/\/www.missoeshumanitarias.org\/en\/the-fraternidade-prepares-the-beginning-of-the-emergency-chile-mission\/\",\"url\":\"https:\/\/www.missoeshumanitarias.org\/en\/the-fraternidade-prepares-the-beginning-of-the-emergency-chile-mission\/\",\"name\":\"The Fraternidade prepares the beginning of the Emergency Chile Mission - Fraternidade Miss\u00f5es Humanit\u00e1rias Internacionais\",\"isPartOf\":{\"@id\":\"https:\/\/www.missoeshumanitarias.org\/es\/#website\"},\"primaryImageOfPage\":{\"@id\":\"https:\/\/www.missoeshumanitarias.org\/en\/the-fraternidade-prepares-the-beginning-of-the-emergency-chile-mission\/#primaryimage\"},\"image\":{\"@id\":\"https:\/\/www.missoeshumanitarias.org\/en\/the-fraternidade-prepares-the-beginning-of-the-emergency-chile-mission\/#primaryimage\"},\"thumbnailUrl\":\"https:\/\/www.missoeshumanitarias.org\/wp-content\/uploads\/2021\/08\/missao_emergencia_chile_casa_queimando.jpg\",\"datePublished\":\"2017-01-29T20:41:44+00:00\",\"dateModified\":\"2017-01-29T20:41:44+00:00\",\"breadcrumb\":{\"@id\":\"https:\/\/www.missoeshumanitarias.org\/en\/the-fraternidade-prepares-the-beginning-of-the-emergency-chile-mission\/#breadcrumb\"},\"inLanguage\":\"en-US\",\"potentialAction\":[{\"@type\":\"ReadAction\",\"target\":[\"https:\/\/www.missoeshumanitarias.org\/en\/the-fraternidade-prepares-the-beginning-of-the-emergency-chile-mission\/\"]}]},{\"@type\":\"ImageObject\",\"inLanguage\":\"en-US\",\"@id\":\"https:\/\/www.missoeshumanitarias.org\/en\/the-fraternidade-prepares-the-beginning-of-the-emergency-chile-mission\/#primaryimage\",\"url\":\"https:\/\/www.missoeshumanitarias.org\/wp-content\/uploads\/2021\/08\/missao_emergencia_chile_casa_queimando.jpg\",\"contentUrl\":\"https:\/\/www.missoeshumanitarias.org\/wp-content\/uploads\/2021\/08\/missao_emergencia_chile_casa_queimando.jpg\",\"width\":690,\"height\":388},{\"@type\":\"BreadcrumbList\",\"@id\":\"https:\/\/www.missoeshumanitarias.org\/en\/the-fraternidade-prepares-the-beginning-of-the-emergency-chile-mission\/#breadcrumb\",\"itemListElement\":[{\"@type\":\"ListItem\",\"position\":1,\"name\":\"Home\",\"item\":\"https:\/\/www.missoeshumanitarias.org\/en\/\"},{\"@type\":\"ListItem\",\"position\":2,\"name\":\"The Fraternidade prepares the beginning of the Emergency Chile Mission\"}]},{\"@type\":\"WebSite\",\"@id\":\"https:\/\/www.missoeshumanitarias.org\/es\/#website\",\"url\":\"https:\/\/www.missoeshumanitarias.org\/es\/\",\"name\":\"Fraternidade Miss\u00f5es Humanit\u00e1rias Internacionais\",\"description\":\"Respostas Humanit\u00e1rias e Emerg\u00eancias\",\"publisher\":{\"@id\":\"https:\/\/www.missoeshumanitarias.org\/es\/#organization\"},\"potentialAction\":[{\"@type\":\"SearchAction\",\"target\":{\"@type\":\"EntryPoint\",\"urlTemplate\":\"https:\/\/www.missoeshumanitarias.org\/es\/?s={search_term_string}\"},\"query-input\":\"required name=search_term_string\"}],\"inLanguage\":\"en-US\"},{\"@type\":\"Organization\",\"@id\":\"https:\/\/www.missoeshumanitarias.org\/es\/#organization\",\"name\":\"Fraternidade - Miss\u00f5es Humanit\u00e1rias Internacionais\",\"url\":\"https:\/\/www.missoeshumanitarias.org\/es\/\",\"logo\":{\"@type\":\"ImageObject\",\"inLanguage\":\"en-US\",\"@id\":\"https:\/\/www.missoeshumanitarias.org\/es\/#\/schema\/logo\/image\/\",\"url\":\"https:\/\/www.missoeshumanitarias.org\/wp-content\/uploads\/2020\/05\/logo-FMHI-mg.png\",\"contentUrl\":\"https:\/\/www.missoeshumanitarias.org\/wp-content\/uploads\/2020\/05\/logo-FMHI-mg.png\",\"width\":520,\"height\":134,\"caption\":\"Fraternidade - Miss\u00f5es Humanit\u00e1rias Internacionais\"},\"image\":{\"@id\":\"https:\/\/www.missoeshumanitarias.org\/es\/#\/schema\/logo\/image\/\"}},{\"@type\":\"Person\",\"@id\":\"https:\/\/www.missoeshumanitarias.org\/es\/#\/schema\/person\/e0f8527323154d1eba9f9d9eb6b401f7\",\"name\":\"maducato_admin\",\"image\":{\"@type\":\"ImageObject\",\"inLanguage\":\"en-US\",\"@id\":\"https:\/\/www.missoeshumanitarias.org\/es\/#\/schema\/person\/image\/\",\"url\":\"https:\/\/secure.gravatar.com\/avatar\/6c3b45186a8f5a459d8e14c7fca370bceae92402bc06171d75e4e559b6c24393?s=96&d=mm&r=g\",\"contentUrl\":\"https:\/\/secure.gravatar.com\/avatar\/6c3b45186a8f5a459d8e14c7fca370bceae92402bc06171d75e4e559b6c24393?s=96&d=mm&r=g\",\"caption\":\"maducato_admin\"}}]}<\/script>\n<!-- \/ Yoast SEO Premium plugin. -->","yoast_head_json":{"title":"The Fraternidade prepares the beginning of the Emergency Chile Mission - Fraternidade Miss\u00f5es Humanit\u00e1rias Internacionais","robots":{"index":"index","follow":"follow","max-snippet":"max-snippet:-1","max-image-preview":"max-image-preview:large","max-video-preview":"max-video-preview:-1"},"canonical":"https:\/\/www.missoeshumanitarias.org\/en\/the-fraternidade-prepares-the-beginning-of-the-emergency-chile-mission\/","og_locale":"en_US","og_type":"article","og_title":"The Fraternidade prepares the beginning of the Emergency Chile Mission","og_description":"The Fraternidade \u2013 International Humanitarian Federation \u2013 is organizing a new mission that will take place in Chile. The objective is to help the emergencies and needs that have arisen due to the big fires that are happening in this country of South America. It is expected that a team of the Fraternidade, composed by [&hellip;]","og_url":"https:\/\/www.missoeshumanitarias.org\/en\/the-fraternidade-prepares-the-beginning-of-the-emergency-chile-mission\/","og_site_name":"Fraternidade Miss\u00f5es Humanit\u00e1rias Internacionais","article_published_time":"2017-01-29T20:41:44+00:00","og_image":[{"width":690,"height":388,"url":"https:\/\/www.missoeshumanitarias.org\/wp-content\/uploads\/2021\/08\/missao_emergencia_chile_casa_queimando.jpg","type":"image\/jpeg"}],"author":"maducato_admin","twitter_card":"summary_large_image","twitter_misc":{"Written by":"maducato_admin","Est. reading time":"2 minutes"},"schema":{"@context":"https:\/\/schema.org","@graph":[{"@type":"Article","@id":"https:\/\/www.missoeshumanitarias.org\/en\/the-fraternidade-prepares-the-beginning-of-the-emergency-chile-mission\/#article","isPartOf":{"@id":"https:\/\/www.missoeshumanitarias.org\/en\/the-fraternidade-prepares-the-beginning-of-the-emergency-chile-mission\/"},"author":{"name":"maducato_admin","@id":"https:\/\/www.missoeshumanitarias.org\/es\/#\/schema\/person\/e0f8527323154d1eba9f9d9eb6b401f7"},"headline":"The Fraternidade prepares the beginning of the Emergency Chile Mission","datePublished":"2017-01-29T20:41:44+00:00","dateModified":"2017-01-29T20:41:44+00:00","mainEntityOfPage":{"@id":"https:\/\/www.missoeshumanitarias.org\/en\/the-fraternidade-prepares-the-beginning-of-the-emergency-chile-mission\/"},"wordCount":324,"commentCount":0,"publisher":{"@id":"https:\/\/www.missoeshumanitarias.org\/es\/#organization"},"image":{"@id":"https:\/\/www.missoeshumanitarias.org\/en\/the-fraternidade-prepares-the-beginning-of-the-emergency-chile-mission\/#primaryimage"},"thumbnailUrl":"https:\/\/www.missoeshumanitarias.org\/wp-content\/uploads\/2021\/08\/missao_emergencia_chile_casa_queimando.jpg","articleSection":["News","News about the Missions"],"inLanguage":"en-US","potentialAction":[{"@type":"CommentAction","name":"Comment","target":["https:\/\/www.missoeshumanitarias.org\/en\/the-fraternidade-prepares-the-beginning-of-the-emergency-chile-mission\/#respond"]}]},{"@type":"WebPage","@id":"https:\/\/www.missoeshumanitarias.org\/en\/the-fraternidade-prepares-the-beginning-of-the-emergency-chile-mission\/","url":"https:\/\/www.missoeshumanitarias.org\/en\/the-fraternidade-prepares-the-beginning-of-the-emergency-chile-mission\/","name":"The Fraternidade prepares the beginning of the Emergency Chile Mission - Fraternidade Miss\u00f5es Humanit\u00e1rias Internacionais","isPartOf":{"@id":"https:\/\/www.missoeshumanitarias.org\/es\/#website"},"primaryImageOfPage":{"@id":"https:\/\/www.missoeshumanitarias.org\/en\/the-fraternidade-prepares-the-beginning-of-the-emergency-chile-mission\/#primaryimage"},"image":{"@id":"https:\/\/www.missoeshumanitarias.org\/en\/the-fraternidade-prepares-the-beginning-of-the-emergency-chile-mission\/#primaryimage"},"thumbnailUrl":"https:\/\/www.missoeshumanitarias.org\/wp-content\/uploads\/2021\/08\/missao_emergencia_chile_casa_queimando.jpg","datePublished":"2017-01-29T20:41:44+00:00","dateModified":"2017-01-29T20:41:44+00:00","breadcrumb":{"@id":"https:\/\/www.missoeshumanitarias.org\/en\/the-fraternidade-prepares-the-beginning-of-the-emergency-chile-mission\/#breadcrumb"},"inLanguage":"en-US","potentialAction":[{"@type":"ReadAction","target":["https:\/\/www.missoeshumanitarias.org\/en\/the-fraternidade-prepares-the-beginning-of-the-emergency-chile-mission\/"]}]},{"@type":"ImageObject","inLanguage":"en-US","@id":"https:\/\/www.missoeshumanitarias.org\/en\/the-fraternidade-prepares-the-beginning-of-the-emergency-chile-mission\/#primaryimage","url":"https:\/\/www.missoeshumanitarias.org\/wp-content\/uploads\/2021\/08\/missao_emergencia_chile_casa_queimando.jpg","contentUrl":"https:\/\/www.missoeshumanitarias.org\/wp-content\/uploads\/2021\/08\/missao_emergencia_chile_casa_queimando.jpg","width":690,"height":388},{"@type":"BreadcrumbList","@id":"https:\/\/www.missoeshumanitarias.org\/en\/the-fraternidade-prepares-the-beginning-of-the-emergency-chile-mission\/#breadcrumb","itemListElement":[{"@type":"ListItem","position":1,"name":"Home","item":"https:\/\/www.missoeshumanitarias.org\/en\/"},{"@type":"ListItem","position":2,"name":"The Fraternidade prepares the beginning of the Emergency Chile Mission"}]},{"@type":"WebSite","@id":"https:\/\/www.missoeshumanitarias.org\/es\/#website","url":"https:\/\/www.missoeshumanitarias.org\/es\/","name":"Fraternidade Miss\u00f5es Humanit\u00e1rias Internacionais","description":"Respostas Humanit\u00e1rias e Emerg\u00eancias","publisher":{"@id":"https:\/\/www.missoeshumanitarias.org\/es\/#organization"},"potentialAction":[{"@type":"SearchAction","target":{"@type":"EntryPoint","urlTemplate":"https:\/\/www.missoeshumanitarias.org\/es\/?s={search_term_string}"},"query-input":"required name=search_term_string"}],"inLanguage":"en-US"},{"@type":"Organization","@id":"https:\/\/www.missoeshumanitarias.org\/es\/#organization","name":"Fraternidade - Miss\u00f5es Humanit\u00e1rias Internacionais","url":"https:\/\/www.missoeshumanitarias.org\/es\/","logo":{"@type":"ImageObject","inLanguage":"en-US","@id":"https:\/\/www.missoeshumanitarias.org\/es\/#\/schema\/logo\/image\/","url":"https:\/\/www.missoeshumanitarias.org\/wp-content\/uploads\/2020\/05\/logo-FMHI-mg.png","contentUrl":"https:\/\/www.missoeshumanitarias.org\/wp-content\/uploads\/2020\/05\/logo-FMHI-mg.png","width":520,"height":134,"caption":"Fraternidade - Miss\u00f5es Humanit\u00e1rias Internacionais"},"image":{"@id":"https:\/\/www.missoeshumanitarias.org\/es\/#\/schema\/logo\/image\/"}},{"@type":"Person","@id":"https:\/\/www.missoeshumanitarias.org\/es\/#\/schema\/person\/e0f8527323154d1eba9f9d9eb6b401f7","name":"maducato_admin","image":{"@type":"ImageObject","inLanguage":"en-US","@id":"https:\/\/www.missoeshumanitarias.org\/es\/#\/schema\/person\/image\/","url":"https:\/\/secure.gravatar.com\/avatar\/6c3b45186a8f5a459d8e14c7fca370bceae92402bc06171d75e4e559b6c24393?s=96&d=mm&r=g","contentUrl":"https:\/\/secure.gravatar.com\/avatar\/6c3b45186a8f5a459d8e14c7fca370bceae92402bc06171d75e4e559b6c24393?s=96&d=mm&r=g","caption":"maducato_admin"}}]}},"_links":{"self":[{"href":"https:\/\/www.missoeshumanitarias.org\/en\/wp-json\/wp\/v2\/posts\/131006","targetHints":{"allow":["GET"]}}],"collection":[{"href":"https:\/\/www.missoeshumanitarias.org\/en\/wp-json\/wp\/v2\/posts"}],"about":[{"href":"https:\/\/www.missoeshumanitarias.org\/en\/wp-json\/wp\/v2\/types\/post"}],"author":[{"embeddable":true,"href":"https:\/\/www.missoeshumanitarias.org\/en\/wp-json\/wp\/v2\/users\/1"}],"replies":[{"embeddable":true,"href":"https:\/\/www.missoeshumanitarias.org\/en\/wp-json\/wp\/v2\/comments?post=131006"}],"version-history":[{"count":0,"href":"https:\/\/www.missoeshumanitarias.org\/en\/wp-json\/wp\/v2\/posts\/131006\/revisions"}],"wp:featuredmedia":[{"embeddable":true,"href":"https:\/\/www.missoeshumanitarias.org\/en\/wp-json\/wp\/v2\/media\/122788"}],"wp:attachment":[{"href":"https:\/\/www.missoeshumanitarias.org\/en\/wp-json\/wp\/v2\/media?parent=131006"}],"wp:term":[{"taxonomy":"category","embeddable":true,"href":"https:\/\/www.missoeshumanitarias.org\/en\/wp-json\/wp\/v2\/categories?post=131006"},{"taxonomy":"post_tag","embeddable":true,"href":"https:\/\/www.missoeshumanitarias.org\/en\/wp-json\/wp\/v2\/tags?post=131006"}],"curies":[{"name":"wp","href":"https:\/\/api.w.org\/{rel}","templated":true}]}}