{"id":131044,"date":"2017-02-21T23:57:01","date_gmt":"2017-02-22T02:57:01","guid":{"rendered":"https:\/\/www.missoeshumanitarias.org\/diary-of-humanitarian-roraima-mission-feb-20\/"},"modified":"2017-02-21T23:57:01","modified_gmt":"2017-02-22T02:57:01","slug":"diary-of-humanitarian-roraima-mission-feb-20","status":"publish","type":"post","link":"https:\/\/www.missoeshumanitarias.org\/en\/diary-of-humanitarian-roraima-mission-feb-20\/","title":{"rendered":"Diary of Humanitarian Roraima Mission &#8211; Feb 20"},"content":{"rendered":"<p class=\"p1\" style=\"text-align: justify;\"><strong>Monday, Feb 20<\/strong><\/p>\n<p class=\"p1\" style=\"text-align: justify;\"><strong>Meeting in the Civil Defense<br \/>\n<\/strong>A meeting was held in the Civil Defense of Roraima with the presence of the missionaries, the Public Ministry, the Court of Law and representatives of several institutions. The issue of the refugees in the CRI \u2013 Center of Reference to the Immigrant was discussed.<\/p>\n<p class=\"p1\" style=\"text-align: justify;\">The possibility of the non-Indigenous refugees obtaining working card with greater speed, to facilitate their insertion in the labor market, was discussed.<\/p>\n<p class=\"p1\" style=\"text-align: justify;\">About the Indigenous refugees of the Warao ethnic group, there was a discussion about how their transference for Brazilian Indigenous lands will be made, as well as the expedition of Brazilian documents and the creation of a Warao association.<\/p>\n<p class=\"p1\" style=\"text-align: justify;\">A deadline of six months for the actions to be done, when the CRI will be closed.<\/p>\n<p class=\"p1\" style=\"text-align: justify;\">Another subject of the meeting was the creation of a fund for the CRI to continue with its activities during these six months, and also to give support to the Indigenous people when they are not in conditions to stay in Brazilian Indigenous lands.<\/p>\n<p class=\"p1\" style=\"text-align: justify;\"><strong>Visit to the S\u00e3o Marcos Association<br \/>\n<\/strong>In the afternoon, missionaries went with four Warao Indigenous representatives to visit the Sao Marcos Association, of the S\u00e3o Marcos Indigenous Lands Traditionally Occupied, of the Makuxi Indigenous people.<\/p>\n<p class=\"p1\" style=\"text-align: justify;\">The Warao presented their situation and expressed the need of a support for them to work in the land.<\/p>\n<p class=\"p1\" style=\"text-align: justify;\">What experience the Warao Indigenous people have was asked, and the possibility of the Warao families be dissolved among the communities already extant of the S\u00e3o Marcos Indigenous land. The subjects will still be discussed and decided by the Makuxi community.<\/p>\n<p class=\"p1\" style=\"text-align: justify;\">Then the group went to the Indigenous Secretary of the State of Roraima to talk about the subjects of the meeting. The map of the S\u00e3o Marcos Indigenous Land was shown to the Warao Indigenous representatives.<\/p>\n<p class=\"p1\" style=\"text-align: justify;\">The Indigenous representatives also got to know an area, near the Secretary of the Indigenous People, where an Indigenous artisanship fair is held in the week-ends.<\/p>\n<p class=\"p1\" style=\"text-align: justify;\"><strong>CRI<br \/>\n<\/strong>In the CRI, a ten year-old child with high fever and suspicion of malaria was taken to a nearby hospital, where it had blood and urine tests done. Malaria, anemia and urinary infection were detected in the child.<\/p>\n<p class=\"p1\" style=\"text-align: justify;\">Two visitor from Romania were received in the CRI. They had gotten in touch with the Fraternidade through the website and will stay with the group in the House of Saint Joseph until the 24 and will also participate in the activities in the Center.<\/p>\n<div id='gallery-1' class='gallery galleryid-131044 gallery-columns-2 gallery-size-medium'><figure class='gallery-item'>\n\t\t\t<div class='gallery-icon landscape'>\n\t\t\t\t<a href='https:\/\/www.missoeshumanitarias.org\/wp-content\/uploads\/2021\/08\/warao_missao_roraima_visita_sao_marcos_1.jpg'><img fetchpriority=\"high\" decoding=\"async\" width=\"300\" height=\"169\" src=\"https:\/\/www.missoeshumanitarias.org\/wp-content\/uploads\/2021\/08\/warao_missao_roraima_visita_sao_marcos_1-300x169.jpg\" class=\"attachment-medium size-medium\" alt=\"\" srcset=\"https:\/\/www.missoeshumanitarias.org\/wp-content\/uploads\/2021\/08\/warao_missao_roraima_visita_sao_marcos_1-300x169.jpg 300w, https:\/\/www.missoeshumanitarias.org\/wp-content\/uploads\/2021\/08\/warao_missao_roraima_visita_sao_marcos_1.jpg 690w\" sizes=\"(max-width: 300px) 100vw, 300px\" \/><\/a>\n\t\t\t<\/div><\/figure><figure class='gallery-item'>\n\t\t\t<div class='gallery-icon landscape'>\n\t\t\t\t<a href='https:\/\/www.missoeshumanitarias.org\/wp-content\/uploads\/2021\/08\/warao_missao_roraima_visita_sao_marcos_2.jpg'><img decoding=\"async\" width=\"300\" height=\"169\" src=\"https:\/\/www.missoeshumanitarias.org\/wp-content\/uploads\/2021\/08\/warao_missao_roraima_visita_sao_marcos_2-300x169.jpg\" class=\"attachment-medium size-medium\" alt=\"\" srcset=\"https:\/\/www.missoeshumanitarias.org\/wp-content\/uploads\/2021\/08\/warao_missao_roraima_visita_sao_marcos_2-300x169.jpg 300w, https:\/\/www.missoeshumanitarias.org\/wp-content\/uploads\/2021\/08\/warao_missao_roraima_visita_sao_marcos_2.jpg 690w\" sizes=\"(max-width: 300px) 100vw, 300px\" \/><\/a>\n\t\t\t<\/div><\/figure><figure class='gallery-item'>\n\t\t\t<div class='gallery-icon landscape'>\n\t\t\t\t<a href='https:\/\/www.missoeshumanitarias.org\/wp-content\/uploads\/2021\/08\/warao_missao_roraima_visita_area_feira_artesanato3.jpg'><img decoding=\"async\" width=\"300\" height=\"169\" src=\"https:\/\/www.missoeshumanitarias.org\/wp-content\/uploads\/2021\/08\/warao_missao_roraima_visita_area_feira_artesanato3-300x169.jpg\" class=\"attachment-medium size-medium\" alt=\"\" srcset=\"https:\/\/www.missoeshumanitarias.org\/wp-content\/uploads\/2021\/08\/warao_missao_roraima_visita_area_feira_artesanato3-300x169.jpg 300w, https:\/\/www.missoeshumanitarias.org\/wp-content\/uploads\/2021\/08\/warao_missao_roraima_visita_area_feira_artesanato3.jpg 690w\" sizes=\"(max-width: 300px) 100vw, 300px\" \/><\/a>\n\t\t\t<\/div><\/figure><figure class='gallery-item'>\n\t\t\t<div class='gallery-icon landscape'>\n\t\t\t\t<a href='https:\/\/www.missoeshumanitarias.org\/wp-content\/uploads\/2021\/08\/warao_missao_roraima_visita_area_feira_artesanato2.jpg'><img loading=\"lazy\" decoding=\"async\" width=\"300\" height=\"169\" src=\"https:\/\/www.missoeshumanitarias.org\/wp-content\/uploads\/2021\/08\/warao_missao_roraima_visita_area_feira_artesanato2-300x169.jpg\" class=\"attachment-medium size-medium\" alt=\"\" srcset=\"https:\/\/www.missoeshumanitarias.org\/wp-content\/uploads\/2021\/08\/warao_missao_roraima_visita_area_feira_artesanato2-300x169.jpg 300w, https:\/\/www.missoeshumanitarias.org\/wp-content\/uploads\/2021\/08\/warao_missao_roraima_visita_area_feira_artesanato2.jpg 690w\" sizes=\"(max-width: 300px) 100vw, 300px\" \/><\/a>\n\t\t\t<\/div><\/figure><figure class='gallery-item'>\n\t\t\t<div class='gallery-icon landscape'>\n\t\t\t\t<a href='https:\/\/www.missoeshumanitarias.org\/wp-content\/uploads\/2021\/08\/warao_missao_roraima_visita_area_feira_artesanato1.jpg'><img loading=\"lazy\" decoding=\"async\" width=\"300\" height=\"169\" src=\"https:\/\/www.missoeshumanitarias.org\/wp-content\/uploads\/2021\/08\/warao_missao_roraima_visita_area_feira_artesanato1-300x169.jpg\" class=\"attachment-medium size-medium\" alt=\"\" srcset=\"https:\/\/www.missoeshumanitarias.org\/wp-content\/uploads\/2021\/08\/warao_missao_roraima_visita_area_feira_artesanato1-300x169.jpg 300w, https:\/\/www.missoeshumanitarias.org\/wp-content\/uploads\/2021\/08\/warao_missao_roraima_visita_area_feira_artesanato1.jpg 690w\" sizes=\"(max-width: 300px) 100vw, 300px\" \/><\/a>\n\t\t\t<\/div><\/figure><figure class='gallery-item'>\n\t\t\t<div class='gallery-icon landscape'>\n\t\t\t\t<a href='https:\/\/www.missoeshumanitarias.org\/wp-content\/uploads\/2021\/08\/warao_missao_roraima_visitantes_romenia.jpg'><img loading=\"lazy\" decoding=\"async\" width=\"300\" height=\"169\" src=\"https:\/\/www.missoeshumanitarias.org\/wp-content\/uploads\/2021\/08\/warao_missao_roraima_visitantes_romenia-300x169.jpg\" class=\"attachment-medium size-medium\" alt=\"\" srcset=\"https:\/\/www.missoeshumanitarias.org\/wp-content\/uploads\/2021\/08\/warao_missao_roraima_visitantes_romenia-300x169.jpg 300w, https:\/\/www.missoeshumanitarias.org\/wp-content\/uploads\/2021\/08\/warao_missao_roraima_visitantes_romenia.jpg 690w\" sizes=\"(max-width: 300px) 100vw, 300px\" \/><\/a>\n\t\t\t<\/div><\/figure><figure class='gallery-item'>\n\t\t\t<div class='gallery-icon landscape'>\n\t\t\t\t<a href='https:\/\/www.missoeshumanitarias.org\/wp-content\/uploads\/2021\/08\/warao_missao_roraima_crianca_hospital1a.jpg'><img loading=\"lazy\" decoding=\"async\" width=\"300\" height=\"225\" src=\"https:\/\/www.missoeshumanitarias.org\/wp-content\/uploads\/2021\/08\/warao_missao_roraima_crianca_hospital1a-300x225.jpg\" class=\"attachment-medium size-medium\" alt=\"\" srcset=\"https:\/\/www.missoeshumanitarias.org\/wp-content\/uploads\/2021\/08\/warao_missao_roraima_crianca_hospital1a-300x225.jpg 300w, https:\/\/www.missoeshumanitarias.org\/wp-content\/uploads\/2021\/08\/warao_missao_roraima_crianca_hospital1a.jpg 400w\" sizes=\"(max-width: 300px) 100vw, 300px\" \/><\/a>\n\t\t\t<\/div><\/figure><figure class='gallery-item'>\n\t\t\t<div class='gallery-icon landscape'>\n\t\t\t\t<a href='https:\/\/www.missoeshumanitarias.org\/wp-content\/uploads\/2021\/08\/warao_missao_roraima_crianca_hospital2a.jpg'><img loading=\"lazy\" decoding=\"async\" width=\"300\" height=\"225\" src=\"https:\/\/www.missoeshumanitarias.org\/wp-content\/uploads\/2021\/08\/warao_missao_roraima_crianca_hospital2a-300x225.jpg\" class=\"attachment-medium size-medium\" alt=\"\" srcset=\"https:\/\/www.missoeshumanitarias.org\/wp-content\/uploads\/2021\/08\/warao_missao_roraima_crianca_hospital2a-300x225.jpg 300w, https:\/\/www.missoeshumanitarias.org\/wp-content\/uploads\/2021\/08\/warao_missao_roraima_crianca_hospital2a.jpg 400w\" sizes=\"(max-width: 300px) 100vw, 300px\" \/><\/a>\n\t\t\t<\/div><\/figure>\n\t\t<\/div>\n\n","protected":false},"excerpt":{"rendered":"<p>Monday, Feb 20 Meeting in the Civil Defense A meeting was held in the Civil Defense of Roraima with the presence of the missionaries, the Public Ministry, the Court of Law and representatives of several institutions. The issue of the refugees in the CRI \u2013 Center of Reference to the Immigrant was discussed. The possibility [&hellip;]<\/p>\n","protected":false},"author":1,"featured_media":123717,"comment_status":"open","ping_status":"open","sticky":false,"template":"","format":"standard","meta":{"footnotes":""},"categories":[138,9,132],"tags":[],"class_list":["post-131044","post","type-post","status-publish","format-standard","has-post-thumbnail","hentry","category-network-of-light","category-news","category-news-about-the-missions"],"featured_image_src":"https:\/\/www.missoeshumanitarias.org\/wp-content\/uploads\/2021\/08\/warao_missao_roraima_visita_sao_marcos_1.jpg","author_info":{"display_name":"maducato_admin","author_link":"https:\/\/www.missoeshumanitarias.org\/en\/author\/maducato_admin\/"},"yoast_head":"<!-- This site is optimized with the Yoast SEO Premium plugin v22.5 (Yoast SEO v22.5) - https:\/\/yoast.com\/wordpress\/plugins\/seo\/ -->\n<title>Diary of Humanitarian Roraima Mission - Feb 20 - Fraternidade Miss\u00f5es Humanit\u00e1rias Internacionais<\/title>\n<meta name=\"robots\" content=\"index, follow, max-snippet:-1, max-image-preview:large, max-video-preview:-1\" \/>\n<link rel=\"canonical\" href=\"https:\/\/www.missoeshumanitarias.org\/en\/diary-of-humanitarian-roraima-mission-feb-20\/\" \/>\n<meta property=\"og:locale\" content=\"en_US\" \/>\n<meta property=\"og:type\" content=\"article\" \/>\n<meta property=\"og:title\" content=\"Diary of Humanitarian Roraima Mission - Feb 20\" \/>\n<meta property=\"og:description\" content=\"Monday, Feb 20 Meeting in the Civil Defense A meeting was held in the Civil Defense of Roraima with the presence of the missionaries, the Public Ministry, the Court of Law and representatives of several institutions. The issue of the refugees in the CRI \u2013 Center of Reference to the Immigrant was discussed. The possibility [&hellip;]\" \/>\n<meta property=\"og:url\" content=\"https:\/\/www.missoeshumanitarias.org\/en\/diary-of-humanitarian-roraima-mission-feb-20\/\" \/>\n<meta property=\"og:site_name\" content=\"Fraternidade Miss\u00f5es Humanit\u00e1rias Internacionais\" \/>\n<meta property=\"article:published_time\" content=\"2017-02-22T02:57:01+00:00\" \/>\n<meta property=\"og:image\" content=\"https:\/\/www.missoeshumanitarias.org\/wp-content\/uploads\/2021\/08\/warao_missao_roraima_visita_sao_marcos_1.jpg\" \/>\n\t<meta property=\"og:image:width\" content=\"690\" \/>\n\t<meta property=\"og:image:height\" content=\"388\" \/>\n\t<meta property=\"og:image:type\" content=\"image\/jpeg\" \/>\n<meta name=\"author\" content=\"maducato_admin\" \/>\n<meta name=\"twitter:card\" content=\"summary_large_image\" \/>\n<meta name=\"twitter:label1\" content=\"Written by\" \/>\n\t<meta name=\"twitter:data1\" content=\"maducato_admin\" \/>\n\t<meta name=\"twitter:label2\" content=\"Est. reading time\" \/>\n\t<meta name=\"twitter:data2\" content=\"2 minutes\" \/>\n<script type=\"application\/ld+json\" class=\"yoast-schema-graph\">{\"@context\":\"https:\/\/schema.org\",\"@graph\":[{\"@type\":\"Article\",\"@id\":\"https:\/\/www.missoeshumanitarias.org\/en\/diary-of-humanitarian-roraima-mission-feb-20\/#article\",\"isPartOf\":{\"@id\":\"https:\/\/www.missoeshumanitarias.org\/en\/diary-of-humanitarian-roraima-mission-feb-20\/\"},\"author\":{\"name\":\"maducato_admin\",\"@id\":\"https:\/\/www.missoeshumanitarias.org\/es\/#\/schema\/person\/e0f8527323154d1eba9f9d9eb6b401f7\"},\"headline\":\"Diary of Humanitarian Roraima Mission &#8211; Feb 20\",\"datePublished\":\"2017-02-22T02:57:01+00:00\",\"dateModified\":\"2017-02-22T02:57:01+00:00\",\"mainEntityOfPage\":{\"@id\":\"https:\/\/www.missoeshumanitarias.org\/en\/diary-of-humanitarian-roraima-mission-feb-20\/\"},\"wordCount\":431,\"commentCount\":0,\"publisher\":{\"@id\":\"https:\/\/www.missoeshumanitarias.org\/es\/#organization\"},\"image\":{\"@id\":\"https:\/\/www.missoeshumanitarias.org\/en\/diary-of-humanitarian-roraima-mission-feb-20\/#primaryimage\"},\"thumbnailUrl\":\"https:\/\/www.missoeshumanitarias.org\/wp-content\/uploads\/2021\/08\/warao_missao_roraima_visita_sao_marcos_1.jpg\",\"articleSection\":[\"Network-of-Light\",\"News\",\"News about the Missions\"],\"inLanguage\":\"en-US\",\"potentialAction\":[{\"@type\":\"CommentAction\",\"name\":\"Comment\",\"target\":[\"https:\/\/www.missoeshumanitarias.org\/en\/diary-of-humanitarian-roraima-mission-feb-20\/#respond\"]}]},{\"@type\":\"WebPage\",\"@id\":\"https:\/\/www.missoeshumanitarias.org\/en\/diary-of-humanitarian-roraima-mission-feb-20\/\",\"url\":\"https:\/\/www.missoeshumanitarias.org\/en\/diary-of-humanitarian-roraima-mission-feb-20\/\",\"name\":\"Diary of Humanitarian Roraima Mission - Feb 20 - Fraternidade Miss\u00f5es Humanit\u00e1rias Internacionais\",\"isPartOf\":{\"@id\":\"https:\/\/www.missoeshumanitarias.org\/es\/#website\"},\"primaryImageOfPage\":{\"@id\":\"https:\/\/www.missoeshumanitarias.org\/en\/diary-of-humanitarian-roraima-mission-feb-20\/#primaryimage\"},\"image\":{\"@id\":\"https:\/\/www.missoeshumanitarias.org\/en\/diary-of-humanitarian-roraima-mission-feb-20\/#primaryimage\"},\"thumbnailUrl\":\"https:\/\/www.missoeshumanitarias.org\/wp-content\/uploads\/2021\/08\/warao_missao_roraima_visita_sao_marcos_1.jpg\",\"datePublished\":\"2017-02-22T02:57:01+00:00\",\"dateModified\":\"2017-02-22T02:57:01+00:00\",\"breadcrumb\":{\"@id\":\"https:\/\/www.missoeshumanitarias.org\/en\/diary-of-humanitarian-roraima-mission-feb-20\/#breadcrumb\"},\"inLanguage\":\"en-US\",\"potentialAction\":[{\"@type\":\"ReadAction\",\"target\":[\"https:\/\/www.missoeshumanitarias.org\/en\/diary-of-humanitarian-roraima-mission-feb-20\/\"]}]},{\"@type\":\"ImageObject\",\"inLanguage\":\"en-US\",\"@id\":\"https:\/\/www.missoeshumanitarias.org\/en\/diary-of-humanitarian-roraima-mission-feb-20\/#primaryimage\",\"url\":\"https:\/\/www.missoeshumanitarias.org\/wp-content\/uploads\/2021\/08\/warao_missao_roraima_visita_sao_marcos_1.jpg\",\"contentUrl\":\"https:\/\/www.missoeshumanitarias.org\/wp-content\/uploads\/2021\/08\/warao_missao_roraima_visita_sao_marcos_1.jpg\",\"width\":690,\"height\":388},{\"@type\":\"BreadcrumbList\",\"@id\":\"https:\/\/www.missoeshumanitarias.org\/en\/diary-of-humanitarian-roraima-mission-feb-20\/#breadcrumb\",\"itemListElement\":[{\"@type\":\"ListItem\",\"position\":1,\"name\":\"Home\",\"item\":\"https:\/\/www.missoeshumanitarias.org\/en\/\"},{\"@type\":\"ListItem\",\"position\":2,\"name\":\"Diary of Humanitarian Roraima Mission &#8211; Feb 20\"}]},{\"@type\":\"WebSite\",\"@id\":\"https:\/\/www.missoeshumanitarias.org\/es\/#website\",\"url\":\"https:\/\/www.missoeshumanitarias.org\/es\/\",\"name\":\"Fraternidade Miss\u00f5es Humanit\u00e1rias Internacionais\",\"description\":\"Respostas Humanit\u00e1rias e Emerg\u00eancias\",\"publisher\":{\"@id\":\"https:\/\/www.missoeshumanitarias.org\/es\/#organization\"},\"potentialAction\":[{\"@type\":\"SearchAction\",\"target\":{\"@type\":\"EntryPoint\",\"urlTemplate\":\"https:\/\/www.missoeshumanitarias.org\/es\/?s={search_term_string}\"},\"query-input\":\"required name=search_term_string\"}],\"inLanguage\":\"en-US\"},{\"@type\":\"Organization\",\"@id\":\"https:\/\/www.missoeshumanitarias.org\/es\/#organization\",\"name\":\"Fraternidade - Miss\u00f5es Humanit\u00e1rias Internacionais\",\"url\":\"https:\/\/www.missoeshumanitarias.org\/es\/\",\"logo\":{\"@type\":\"ImageObject\",\"inLanguage\":\"en-US\",\"@id\":\"https:\/\/www.missoeshumanitarias.org\/es\/#\/schema\/logo\/image\/\",\"url\":\"https:\/\/www.missoeshumanitarias.org\/wp-content\/uploads\/2020\/05\/logo-FMHI-mg.png\",\"contentUrl\":\"https:\/\/www.missoeshumanitarias.org\/wp-content\/uploads\/2020\/05\/logo-FMHI-mg.png\",\"width\":520,\"height\":134,\"caption\":\"Fraternidade - Miss\u00f5es Humanit\u00e1rias Internacionais\"},\"image\":{\"@id\":\"https:\/\/www.missoeshumanitarias.org\/es\/#\/schema\/logo\/image\/\"}},{\"@type\":\"Person\",\"@id\":\"https:\/\/www.missoeshumanitarias.org\/es\/#\/schema\/person\/e0f8527323154d1eba9f9d9eb6b401f7\",\"name\":\"maducato_admin\",\"image\":{\"@type\":\"ImageObject\",\"inLanguage\":\"en-US\",\"@id\":\"https:\/\/www.missoeshumanitarias.org\/es\/#\/schema\/person\/image\/\",\"url\":\"https:\/\/secure.gravatar.com\/avatar\/6c3b45186a8f5a459d8e14c7fca370bceae92402bc06171d75e4e559b6c24393?s=96&d=mm&r=g\",\"contentUrl\":\"https:\/\/secure.gravatar.com\/avatar\/6c3b45186a8f5a459d8e14c7fca370bceae92402bc06171d75e4e559b6c24393?s=96&d=mm&r=g\",\"caption\":\"maducato_admin\"}}]}<\/script>\n<!-- \/ Yoast SEO Premium plugin. -->","yoast_head_json":{"title":"Diary of Humanitarian Roraima Mission - Feb 20 - Fraternidade Miss\u00f5es Humanit\u00e1rias Internacionais","robots":{"index":"index","follow":"follow","max-snippet":"max-snippet:-1","max-image-preview":"max-image-preview:large","max-video-preview":"max-video-preview:-1"},"canonical":"https:\/\/www.missoeshumanitarias.org\/en\/diary-of-humanitarian-roraima-mission-feb-20\/","og_locale":"en_US","og_type":"article","og_title":"Diary of Humanitarian Roraima Mission - Feb 20","og_description":"Monday, Feb 20 Meeting in the Civil Defense A meeting was held in the Civil Defense of Roraima with the presence of the missionaries, the Public Ministry, the Court of Law and representatives of several institutions. The issue of the refugees in the CRI \u2013 Center of Reference to the Immigrant was discussed. The possibility [&hellip;]","og_url":"https:\/\/www.missoeshumanitarias.org\/en\/diary-of-humanitarian-roraima-mission-feb-20\/","og_site_name":"Fraternidade Miss\u00f5es Humanit\u00e1rias Internacionais","article_published_time":"2017-02-22T02:57:01+00:00","og_image":[{"width":690,"height":388,"url":"https:\/\/www.missoeshumanitarias.org\/wp-content\/uploads\/2021\/08\/warao_missao_roraima_visita_sao_marcos_1.jpg","type":"image\/jpeg"}],"author":"maducato_admin","twitter_card":"summary_large_image","twitter_misc":{"Written by":"maducato_admin","Est. reading time":"2 minutes"},"schema":{"@context":"https:\/\/schema.org","@graph":[{"@type":"Article","@id":"https:\/\/www.missoeshumanitarias.org\/en\/diary-of-humanitarian-roraima-mission-feb-20\/#article","isPartOf":{"@id":"https:\/\/www.missoeshumanitarias.org\/en\/diary-of-humanitarian-roraima-mission-feb-20\/"},"author":{"name":"maducato_admin","@id":"https:\/\/www.missoeshumanitarias.org\/es\/#\/schema\/person\/e0f8527323154d1eba9f9d9eb6b401f7"},"headline":"Diary of Humanitarian Roraima Mission &#8211; Feb 20","datePublished":"2017-02-22T02:57:01+00:00","dateModified":"2017-02-22T02:57:01+00:00","mainEntityOfPage":{"@id":"https:\/\/www.missoeshumanitarias.org\/en\/diary-of-humanitarian-roraima-mission-feb-20\/"},"wordCount":431,"commentCount":0,"publisher":{"@id":"https:\/\/www.missoeshumanitarias.org\/es\/#organization"},"image":{"@id":"https:\/\/www.missoeshumanitarias.org\/en\/diary-of-humanitarian-roraima-mission-feb-20\/#primaryimage"},"thumbnailUrl":"https:\/\/www.missoeshumanitarias.org\/wp-content\/uploads\/2021\/08\/warao_missao_roraima_visita_sao_marcos_1.jpg","articleSection":["Network-of-Light","News","News about the Missions"],"inLanguage":"en-US","potentialAction":[{"@type":"CommentAction","name":"Comment","target":["https:\/\/www.missoeshumanitarias.org\/en\/diary-of-humanitarian-roraima-mission-feb-20\/#respond"]}]},{"@type":"WebPage","@id":"https:\/\/www.missoeshumanitarias.org\/en\/diary-of-humanitarian-roraima-mission-feb-20\/","url":"https:\/\/www.missoeshumanitarias.org\/en\/diary-of-humanitarian-roraima-mission-feb-20\/","name":"Diary of Humanitarian Roraima Mission - Feb 20 - Fraternidade Miss\u00f5es Humanit\u00e1rias Internacionais","isPartOf":{"@id":"https:\/\/www.missoeshumanitarias.org\/es\/#website"},"primaryImageOfPage":{"@id":"https:\/\/www.missoeshumanitarias.org\/en\/diary-of-humanitarian-roraima-mission-feb-20\/#primaryimage"},"image":{"@id":"https:\/\/www.missoeshumanitarias.org\/en\/diary-of-humanitarian-roraima-mission-feb-20\/#primaryimage"},"thumbnailUrl":"https:\/\/www.missoeshumanitarias.org\/wp-content\/uploads\/2021\/08\/warao_missao_roraima_visita_sao_marcos_1.jpg","datePublished":"2017-02-22T02:57:01+00:00","dateModified":"2017-02-22T02:57:01+00:00","breadcrumb":{"@id":"https:\/\/www.missoeshumanitarias.org\/en\/diary-of-humanitarian-roraima-mission-feb-20\/#breadcrumb"},"inLanguage":"en-US","potentialAction":[{"@type":"ReadAction","target":["https:\/\/www.missoeshumanitarias.org\/en\/diary-of-humanitarian-roraima-mission-feb-20\/"]}]},{"@type":"ImageObject","inLanguage":"en-US","@id":"https:\/\/www.missoeshumanitarias.org\/en\/diary-of-humanitarian-roraima-mission-feb-20\/#primaryimage","url":"https:\/\/www.missoeshumanitarias.org\/wp-content\/uploads\/2021\/08\/warao_missao_roraima_visita_sao_marcos_1.jpg","contentUrl":"https:\/\/www.missoeshumanitarias.org\/wp-content\/uploads\/2021\/08\/warao_missao_roraima_visita_sao_marcos_1.jpg","width":690,"height":388},{"@type":"BreadcrumbList","@id":"https:\/\/www.missoeshumanitarias.org\/en\/diary-of-humanitarian-roraima-mission-feb-20\/#breadcrumb","itemListElement":[{"@type":"ListItem","position":1,"name":"Home","item":"https:\/\/www.missoeshumanitarias.org\/en\/"},{"@type":"ListItem","position":2,"name":"Diary of Humanitarian Roraima Mission &#8211; Feb 20"}]},{"@type":"WebSite","@id":"https:\/\/www.missoeshumanitarias.org\/es\/#website","url":"https:\/\/www.missoeshumanitarias.org\/es\/","name":"Fraternidade Miss\u00f5es Humanit\u00e1rias Internacionais","description":"Respostas Humanit\u00e1rias e Emerg\u00eancias","publisher":{"@id":"https:\/\/www.missoeshumanitarias.org\/es\/#organization"},"potentialAction":[{"@type":"SearchAction","target":{"@type":"EntryPoint","urlTemplate":"https:\/\/www.missoeshumanitarias.org\/es\/?s={search_term_string}"},"query-input":"required name=search_term_string"}],"inLanguage":"en-US"},{"@type":"Organization","@id":"https:\/\/www.missoeshumanitarias.org\/es\/#organization","name":"Fraternidade - Miss\u00f5es Humanit\u00e1rias Internacionais","url":"https:\/\/www.missoeshumanitarias.org\/es\/","logo":{"@type":"ImageObject","inLanguage":"en-US","@id":"https:\/\/www.missoeshumanitarias.org\/es\/#\/schema\/logo\/image\/","url":"https:\/\/www.missoeshumanitarias.org\/wp-content\/uploads\/2020\/05\/logo-FMHI-mg.png","contentUrl":"https:\/\/www.missoeshumanitarias.org\/wp-content\/uploads\/2020\/05\/logo-FMHI-mg.png","width":520,"height":134,"caption":"Fraternidade - Miss\u00f5es Humanit\u00e1rias Internacionais"},"image":{"@id":"https:\/\/www.missoeshumanitarias.org\/es\/#\/schema\/logo\/image\/"}},{"@type":"Person","@id":"https:\/\/www.missoeshumanitarias.org\/es\/#\/schema\/person\/e0f8527323154d1eba9f9d9eb6b401f7","name":"maducato_admin","image":{"@type":"ImageObject","inLanguage":"en-US","@id":"https:\/\/www.missoeshumanitarias.org\/es\/#\/schema\/person\/image\/","url":"https:\/\/secure.gravatar.com\/avatar\/6c3b45186a8f5a459d8e14c7fca370bceae92402bc06171d75e4e559b6c24393?s=96&d=mm&r=g","contentUrl":"https:\/\/secure.gravatar.com\/avatar\/6c3b45186a8f5a459d8e14c7fca370bceae92402bc06171d75e4e559b6c24393?s=96&d=mm&r=g","caption":"maducato_admin"}}]}},"_links":{"self":[{"href":"https:\/\/www.missoeshumanitarias.org\/en\/wp-json\/wp\/v2\/posts\/131044","targetHints":{"allow":["GET"]}}],"collection":[{"href":"https:\/\/www.missoeshumanitarias.org\/en\/wp-json\/wp\/v2\/posts"}],"about":[{"href":"https:\/\/www.missoeshumanitarias.org\/en\/wp-json\/wp\/v2\/types\/post"}],"author":[{"embeddable":true,"href":"https:\/\/www.missoeshumanitarias.org\/en\/wp-json\/wp\/v2\/users\/1"}],"replies":[{"embeddable":true,"href":"https:\/\/www.missoeshumanitarias.org\/en\/wp-json\/wp\/v2\/comments?post=131044"}],"version-history":[{"count":0,"href":"https:\/\/www.missoeshumanitarias.org\/en\/wp-json\/wp\/v2\/posts\/131044\/revisions"}],"wp:featuredmedia":[{"embeddable":true,"href":"https:\/\/www.missoeshumanitarias.org\/en\/wp-json\/wp\/v2\/media\/123717"}],"wp:attachment":[{"href":"https:\/\/www.missoeshumanitarias.org\/en\/wp-json\/wp\/v2\/media?parent=131044"}],"wp:term":[{"taxonomy":"category","embeddable":true,"href":"https:\/\/www.missoeshumanitarias.org\/en\/wp-json\/wp\/v2\/categories?post=131044"},{"taxonomy":"post_tag","embeddable":true,"href":"https:\/\/www.missoeshumanitarias.org\/en\/wp-json\/wp\/v2\/tags?post=131044"}],"curies":[{"name":"wp","href":"https:\/\/api.w.org\/{rel}","templated":true}]}}