{"id":131053,"date":"2017-03-28T22:18:46","date_gmt":"2017-03-29T01:18:46","guid":{"rendered":"https:\/\/www.missoeshumanitarias.org\/humanitarian-roraima-mission-announcements-from-march-15-thru-21\/"},"modified":"2017-03-28T22:18:46","modified_gmt":"2017-03-29T01:18:46","slug":"humanitarian-roraima-mission-announcements-from-march-15-thru-21","status":"publish","type":"post","link":"https:\/\/www.missoeshumanitarias.org\/en\/humanitarian-roraima-mission-announcements-from-march-15-thru-21\/","title":{"rendered":"Humanitarian Roraima Mission \u2013 announcements from March 15 thru 21"},"content":{"rendered":"<p><strong>Wednesday, 15 thru Tuesday, 21<\/strong><\/p>\n<p style=\"text-align: justify;\"><a href=\"http:\/\/www.fraterinternacional.org\/wp-content\/uploads\/2017\/03\/missao-roraima-cri-missa-monge-franciscano.jpg\"><img fetchpriority=\"high\" decoding=\"async\" class=\"alignleft size-medium wp-image-50349\" src=\"https:\/\/www.missoeshumanitarias.org\/wp-content\/uploads\/2021\/08\/missao-roraima-cri-missa-monge-franciscano-300x169-1.jpg\" alt=\"\" width=\"300\" height=\"169\" \/><\/a><\/p>\n<p style=\"text-align: justify;\">A mass, celebrated by a Franciscan monk, opened the Wednesday in the Center of Reference to the Immigrant (CRI). Later, the place was visited by a worker with UNHCR (United Nations High Commissioner for Refugees) and a representative of ABIN (Brazilian Agency of Intelligence). UNHCR makes an investigation about the situation of the Venezuelan immigrants in Roraima.<\/p>\n<p style=\"text-align: justify;\"><a href=\"http:\/\/www.fraterinternacional.org\/wp-content\/uploads\/2017\/03\/missao-roraima-cri-atendimento-medico.jpg\"><img decoding=\"async\" class=\"alignright size-medium wp-image-50367\" src=\"https:\/\/www.missoeshumanitarias.org\/wp-content\/uploads\/2021\/08\/missao-roraima-cri-atendimento-medico-300x169-1.jpg\" alt=\"\" width=\"300\" height=\"169\" \/><\/a><\/p>\n<p style=\"text-align: justify;\">In the afternoon, a worker of FUNAI (National Indigenous Foundation) finished the enrollment of Warao Indigenous people to provide the identity document for Indigenous people called RANI (Administrative Register of Indigenous Birth). This task had begun on Monday, 13.<\/p>\n<p style=\"text-align: justify;\">A doctor from the <a href=\"http:\/\/www.fraterinternacional.org\/en\/network-of-light\/\">Network-of-Light<\/a> group of Niter\u00f3i, Rio de Janeiro, began health assistance in the CRI. She also referred two cases to a nearby polyclinic.<\/p>\n<p style=\"text-align: justify;\"><strong>Expressions of solidarity<br \/>\n<\/strong>On Thursday, 16, two Indigenous people from Bras\u00edlia, who integrate the CNPI (National Council of Indigenous Policy) visited the CRI to learn about the situation of the Warao. They bought artisanship and filmed testimonies so that they might be known in the Brazilian capital.<\/p>\n<p style=\"text-align: justify;\"><a href=\"http:\/\/www.fraterinternacional.org\/wp-content\/uploads\/2017\/03\/missao-roraima-banho-criancas-varicela.jpg\"><img decoding=\"async\" class=\"alignright size-medium wp-image-50352\" src=\"https:\/\/www.missoeshumanitarias.org\/wp-content\/uploads\/2021\/08\/missao-roraima-banho-criancas-varicela-300x178-1.jpg\" alt=\"\" width=\"300\" height=\"178\" \/><\/a>A team from SESAI (Special Secretary of Indigenou Health), an organ of the Health Ministry of Brazil, made works of removal of parasites,\u00a0applications of vaccines and attended cases of children with chickenpox. Then they announced that it will continue these actions on a weekly basis, during three weeks. A doctor from the Network-of-Light accompanied a case of an indigenous person with urinary infection.<\/p>\n<p style=\"text-align: justify;\">The\u00a0<a href=\"http:\/\/www.fraterinternacional.org\/en\/humanitarian-missions\/\">Missionaries<\/a> had a meeting with the Warao to evaluate their participation in the Indigenous Assembly of Roraima, which took place last week-end. They also gathered with non-Indigenous immigrants to organize rules of behavior concerning cleanliness, organization of the kitchen and other everyday details.<\/p>\n<p style=\"text-align: justify;\">On Friday, 17, a pastor from the Seventh-Day Adventist Church and a volunteer from the private entity Redes arrived in the shelter. Both received information about the necessities and offered their help.<\/p>\n<p style=\"text-align: justify;\"><a href=\"http:\/\/www.fraterinternacional.org\/wp-content\/uploads\/2017\/03\/missao-roraima-danca-warao-claretianos.jpg\"><img loading=\"lazy\" decoding=\"async\" class=\"alignleft size-medium wp-image-50358\" src=\"https:\/\/www.missoeshumanitarias.org\/wp-content\/uploads\/2021\/08\/missao-roraima-danca-warao-claretianos-300x196-1.jpg\" alt=\"\" width=\"300\" height=\"196\" \/><\/a><\/p>\n<p style=\"text-align: justify;\">Biomedicine students from the Claretian University Center brought, on Saturday, 18, donations of clothes, provisions and toys obtained during a solidarity campaign. They also offered a talk about Sexually-Transmissible Diseases (STD) and made recreational activities with the children. Warao women retributed with an offering of Indigenous dances.<\/p>\n<p style=\"text-align: justify;\">In the afternoon, youths from an adventist church organized donations of clothes and provisions and shared them with the refugees.<\/p>\n<p style=\"text-align: justify;\"><a href=\"http:\/\/www.fraterinternacional.org\/wp-content\/uploads\/2017\/03\/missao-roraima-casa-sao-jose-triagem-doacoes.jpg\"><img loading=\"lazy\" decoding=\"async\" class=\"size-medium wp-image-50361 alignright\" src=\"https:\/\/www.missoeshumanitarias.org\/wp-content\/uploads\/2021\/08\/missao-roraima-casa-sao-jose-triagem-doacoes-300x169-1.jpg\" alt=\"\" width=\"300\" height=\"169\" \/><\/a><\/p>\n<p style=\"text-align: justify;\">On Sunday, the missionaries dedicated the day to organizes donations of clothes and food in the House of Saint Joseph of Boa Vista.<\/p>\n<p style=\"text-align: justify;\">On March 20, a TV broadcast made an interview about the situation of the refugees in the CRI. In the afternoon, the missionaries met the Bishope of Roraima to talk about the situation of the Venezuelan\u00a0immigrants.<\/p>\n<p><strong>Codes of Harmony<\/strong><br \/>\n<a href=\"http:\/\/www.fraterinternacional.org\/wp-content\/uploads\/2017\/03\/missao-roraima-cri-reuniao-missionarios-refugiados.jpg\"><img loading=\"lazy\" decoding=\"async\" class=\"alignleft size-medium wp-image-50355\" src=\"https:\/\/www.missoeshumanitarias.org\/wp-content\/uploads\/2021\/08\/missao-roraima-cri-reuniao-missionarios-refugiados-300x169-1.jpg\" alt=\"\" width=\"300\" height=\"169\" \/><\/a><\/p>\n<p style=\"text-align: justify;\">\u201cOn Monday morning, the refugees welcomed us with a pleasant surprise: by their own initiative, they made a deep cleaning of the kitchen and of the storeroom\u201d, highlighted the missionary Clara. She explained that this action arose after several indigenous people were found drunk on Saturday. Then, shifts were organized during the week-end to avoid both the entrance of drinks and of drunken refugees. As a repair for the bad behavior of Saturday, the assisted people decided to organize the volunteer group service of cleaning.<\/p>\n<p style=\"text-align: justify;\">On Tuesday, 21, the missionaries gave a lecture in the Federal Institute of Roraima about the situation of the Venezuelan refugees in the CRI. This was at the invitation of a teacher of the Literature graduation course, who asked her students to make a work in the shelter.<\/p>\n<p style=\"text-align: justify;\"><a href=\"http:\/\/www.fraterinternacional.org\/wp-content\/uploads\/2017\/03\/missao-roraima-atendimento-venezuelano-catapora.jpg\"><img loading=\"lazy\" decoding=\"async\" class=\"size-medium wp-image-50364 alignright\" src=\"https:\/\/www.missoeshumanitarias.org\/wp-content\/uploads\/2021\/08\/missao-roraima-atendimento-venezuelano-catapora-300x169-1.jpg\" alt=\"\" width=\"300\" height=\"169\" \/><\/a><\/p>\n<p style=\"text-align: justify;\">Throughout the seven days, the missionaries raised donations of provisions at supermarkets and in the Fair of the Producer. They also received donations, both of provisions and of clothes and toys.<\/p>\n<p style=\"text-align: justify;\">The volunteer doctor from the Network-of-Light continued her health attendance, referrals and follow-up in the polyclinic near the CRI.<\/p>\n<p>&nbsp;<\/p>\n","protected":false},"excerpt":{"rendered":"<p>Wednesday, 15 thru Tuesday, 21 A mass, celebrated by a Franciscan monk, opened the Wednesday in the Center of Reference to the Immigrant (CRI). Later, the place was visited by a worker with UNHCR (United Nations High Commissioner for Refugees) and a representative of ABIN (Brazilian Agency of Intelligence). UNHCR makes an investigation about the [&hellip;]<\/p>\n","protected":false},"author":1,"featured_media":123946,"comment_status":"open","ping_status":"open","sticky":false,"template":"","format":"standard","meta":{"footnotes":""},"categories":[138,9,132],"tags":[],"class_list":["post-131053","post","type-post","status-publish","format-standard","has-post-thumbnail","hentry","category-network-of-light","category-news","category-news-about-the-missions"],"featured_image_src":"https:\/\/www.missoeshumanitarias.org\/wp-content\/uploads\/2021\/08\/missao-roraima-cri-indigenas-brasilia.jpg","author_info":{"display_name":"maducato_admin","author_link":"https:\/\/www.missoeshumanitarias.org\/en\/author\/maducato_admin\/"},"yoast_head":"<!-- This site is optimized with the Yoast SEO Premium plugin v22.5 (Yoast SEO v22.5) - https:\/\/yoast.com\/wordpress\/plugins\/seo\/ -->\n<title>Humanitarian Roraima Mission \u2013 announcements from March 15 thru 21 - Fraternidade Miss\u00f5es Humanit\u00e1rias Internacionais<\/title>\n<meta name=\"robots\" content=\"index, follow, max-snippet:-1, max-image-preview:large, max-video-preview:-1\" \/>\n<link rel=\"canonical\" href=\"https:\/\/www.missoeshumanitarias.org\/en\/humanitarian-roraima-mission-announcements-from-march-15-thru-21\/\" \/>\n<meta property=\"og:locale\" content=\"en_US\" \/>\n<meta property=\"og:type\" content=\"article\" \/>\n<meta property=\"og:title\" content=\"Humanitarian Roraima Mission \u2013 announcements from March 15 thru 21\" \/>\n<meta property=\"og:description\" content=\"Wednesday, 15 thru Tuesday, 21 A mass, celebrated by a Franciscan monk, opened the Wednesday in the Center of Reference to the Immigrant (CRI). Later, the place was visited by a worker with UNHCR (United Nations High Commissioner for Refugees) and a representative of ABIN (Brazilian Agency of Intelligence). UNHCR makes an investigation about the [&hellip;]\" \/>\n<meta property=\"og:url\" content=\"https:\/\/www.missoeshumanitarias.org\/en\/humanitarian-roraima-mission-announcements-from-march-15-thru-21\/\" \/>\n<meta property=\"og:site_name\" content=\"Fraternidade Miss\u00f5es Humanit\u00e1rias Internacionais\" \/>\n<meta property=\"article:published_time\" content=\"2017-03-29T01:18:46+00:00\" \/>\n<meta property=\"og:image\" content=\"https:\/\/www.missoeshumanitarias.org\/wp-content\/uploads\/2021\/08\/missao-roraima-cri-indigenas-brasilia.jpg\" \/>\n\t<meta property=\"og:image:width\" content=\"690\" \/>\n\t<meta property=\"og:image:height\" content=\"388\" \/>\n\t<meta property=\"og:image:type\" content=\"image\/jpeg\" \/>\n<meta name=\"author\" content=\"maducato_admin\" \/>\n<meta name=\"twitter:card\" content=\"summary_large_image\" \/>\n<meta name=\"twitter:label1\" content=\"Written by\" \/>\n\t<meta name=\"twitter:data1\" content=\"maducato_admin\" \/>\n\t<meta name=\"twitter:label2\" content=\"Est. reading time\" \/>\n\t<meta name=\"twitter:data2\" content=\"3 minutes\" \/>\n<script type=\"application\/ld+json\" class=\"yoast-schema-graph\">{\"@context\":\"https:\/\/schema.org\",\"@graph\":[{\"@type\":\"Article\",\"@id\":\"https:\/\/www.missoeshumanitarias.org\/en\/humanitarian-roraima-mission-announcements-from-march-15-thru-21\/#article\",\"isPartOf\":{\"@id\":\"https:\/\/www.missoeshumanitarias.org\/en\/humanitarian-roraima-mission-announcements-from-march-15-thru-21\/\"},\"author\":{\"name\":\"maducato_admin\",\"@id\":\"https:\/\/www.missoeshumanitarias.org\/es\/#\/schema\/person\/e0f8527323154d1eba9f9d9eb6b401f7\"},\"headline\":\"Humanitarian Roraima Mission \u2013 announcements from March 15 thru 21\",\"datePublished\":\"2017-03-29T01:18:46+00:00\",\"dateModified\":\"2017-03-29T01:18:46+00:00\",\"mainEntityOfPage\":{\"@id\":\"https:\/\/www.missoeshumanitarias.org\/en\/humanitarian-roraima-mission-announcements-from-march-15-thru-21\/\"},\"wordCount\":629,\"commentCount\":0,\"publisher\":{\"@id\":\"https:\/\/www.missoeshumanitarias.org\/es\/#organization\"},\"image\":{\"@id\":\"https:\/\/www.missoeshumanitarias.org\/en\/humanitarian-roraima-mission-announcements-from-march-15-thru-21\/#primaryimage\"},\"thumbnailUrl\":\"https:\/\/www.missoeshumanitarias.org\/wp-content\/uploads\/2021\/08\/missao-roraima-cri-indigenas-brasilia.jpg\",\"articleSection\":[\"Network-of-Light\",\"News\",\"News about the Missions\"],\"inLanguage\":\"en-US\",\"potentialAction\":[{\"@type\":\"CommentAction\",\"name\":\"Comment\",\"target\":[\"https:\/\/www.missoeshumanitarias.org\/en\/humanitarian-roraima-mission-announcements-from-march-15-thru-21\/#respond\"]}]},{\"@type\":\"WebPage\",\"@id\":\"https:\/\/www.missoeshumanitarias.org\/en\/humanitarian-roraima-mission-announcements-from-march-15-thru-21\/\",\"url\":\"https:\/\/www.missoeshumanitarias.org\/en\/humanitarian-roraima-mission-announcements-from-march-15-thru-21\/\",\"name\":\"Humanitarian Roraima Mission \u2013 announcements from March 15 thru 21 - Fraternidade Miss\u00f5es Humanit\u00e1rias Internacionais\",\"isPartOf\":{\"@id\":\"https:\/\/www.missoeshumanitarias.org\/es\/#website\"},\"primaryImageOfPage\":{\"@id\":\"https:\/\/www.missoeshumanitarias.org\/en\/humanitarian-roraima-mission-announcements-from-march-15-thru-21\/#primaryimage\"},\"image\":{\"@id\":\"https:\/\/www.missoeshumanitarias.org\/en\/humanitarian-roraima-mission-announcements-from-march-15-thru-21\/#primaryimage\"},\"thumbnailUrl\":\"https:\/\/www.missoeshumanitarias.org\/wp-content\/uploads\/2021\/08\/missao-roraima-cri-indigenas-brasilia.jpg\",\"datePublished\":\"2017-03-29T01:18:46+00:00\",\"dateModified\":\"2017-03-29T01:18:46+00:00\",\"breadcrumb\":{\"@id\":\"https:\/\/www.missoeshumanitarias.org\/en\/humanitarian-roraima-mission-announcements-from-march-15-thru-21\/#breadcrumb\"},\"inLanguage\":\"en-US\",\"potentialAction\":[{\"@type\":\"ReadAction\",\"target\":[\"https:\/\/www.missoeshumanitarias.org\/en\/humanitarian-roraima-mission-announcements-from-march-15-thru-21\/\"]}]},{\"@type\":\"ImageObject\",\"inLanguage\":\"en-US\",\"@id\":\"https:\/\/www.missoeshumanitarias.org\/en\/humanitarian-roraima-mission-announcements-from-march-15-thru-21\/#primaryimage\",\"url\":\"https:\/\/www.missoeshumanitarias.org\/wp-content\/uploads\/2021\/08\/missao-roraima-cri-indigenas-brasilia.jpg\",\"contentUrl\":\"https:\/\/www.missoeshumanitarias.org\/wp-content\/uploads\/2021\/08\/missao-roraima-cri-indigenas-brasilia.jpg\",\"width\":690,\"height\":388},{\"@type\":\"BreadcrumbList\",\"@id\":\"https:\/\/www.missoeshumanitarias.org\/en\/humanitarian-roraima-mission-announcements-from-march-15-thru-21\/#breadcrumb\",\"itemListElement\":[{\"@type\":\"ListItem\",\"position\":1,\"name\":\"Home\",\"item\":\"https:\/\/www.missoeshumanitarias.org\/en\/\"},{\"@type\":\"ListItem\",\"position\":2,\"name\":\"Humanitarian Roraima Mission \u2013 announcements from March 15 thru 21\"}]},{\"@type\":\"WebSite\",\"@id\":\"https:\/\/www.missoeshumanitarias.org\/es\/#website\",\"url\":\"https:\/\/www.missoeshumanitarias.org\/es\/\",\"name\":\"Fraternidade Miss\u00f5es Humanit\u00e1rias Internacionais\",\"description\":\"Respostas Humanit\u00e1rias e Emerg\u00eancias\",\"publisher\":{\"@id\":\"https:\/\/www.missoeshumanitarias.org\/es\/#organization\"},\"potentialAction\":[{\"@type\":\"SearchAction\",\"target\":{\"@type\":\"EntryPoint\",\"urlTemplate\":\"https:\/\/www.missoeshumanitarias.org\/es\/?s={search_term_string}\"},\"query-input\":\"required name=search_term_string\"}],\"inLanguage\":\"en-US\"},{\"@type\":\"Organization\",\"@id\":\"https:\/\/www.missoeshumanitarias.org\/es\/#organization\",\"name\":\"Fraternidade - Miss\u00f5es Humanit\u00e1rias Internacionais\",\"url\":\"https:\/\/www.missoeshumanitarias.org\/es\/\",\"logo\":{\"@type\":\"ImageObject\",\"inLanguage\":\"en-US\",\"@id\":\"https:\/\/www.missoeshumanitarias.org\/es\/#\/schema\/logo\/image\/\",\"url\":\"https:\/\/www.missoeshumanitarias.org\/wp-content\/uploads\/2020\/05\/logo-FMHI-mg.png\",\"contentUrl\":\"https:\/\/www.missoeshumanitarias.org\/wp-content\/uploads\/2020\/05\/logo-FMHI-mg.png\",\"width\":520,\"height\":134,\"caption\":\"Fraternidade - Miss\u00f5es Humanit\u00e1rias Internacionais\"},\"image\":{\"@id\":\"https:\/\/www.missoeshumanitarias.org\/es\/#\/schema\/logo\/image\/\"}},{\"@type\":\"Person\",\"@id\":\"https:\/\/www.missoeshumanitarias.org\/es\/#\/schema\/person\/e0f8527323154d1eba9f9d9eb6b401f7\",\"name\":\"maducato_admin\",\"image\":{\"@type\":\"ImageObject\",\"inLanguage\":\"en-US\",\"@id\":\"https:\/\/www.missoeshumanitarias.org\/es\/#\/schema\/person\/image\/\",\"url\":\"https:\/\/secure.gravatar.com\/avatar\/6c3b45186a8f5a459d8e14c7fca370bceae92402bc06171d75e4e559b6c24393?s=96&d=mm&r=g\",\"contentUrl\":\"https:\/\/secure.gravatar.com\/avatar\/6c3b45186a8f5a459d8e14c7fca370bceae92402bc06171d75e4e559b6c24393?s=96&d=mm&r=g\",\"caption\":\"maducato_admin\"}}]}<\/script>\n<!-- \/ Yoast SEO Premium plugin. -->","yoast_head_json":{"title":"Humanitarian Roraima Mission \u2013 announcements from March 15 thru 21 - Fraternidade Miss\u00f5es Humanit\u00e1rias Internacionais","robots":{"index":"index","follow":"follow","max-snippet":"max-snippet:-1","max-image-preview":"max-image-preview:large","max-video-preview":"max-video-preview:-1"},"canonical":"https:\/\/www.missoeshumanitarias.org\/en\/humanitarian-roraima-mission-announcements-from-march-15-thru-21\/","og_locale":"en_US","og_type":"article","og_title":"Humanitarian Roraima Mission \u2013 announcements from March 15 thru 21","og_description":"Wednesday, 15 thru Tuesday, 21 A mass, celebrated by a Franciscan monk, opened the Wednesday in the Center of Reference to the Immigrant (CRI). Later, the place was visited by a worker with UNHCR (United Nations High Commissioner for Refugees) and a representative of ABIN (Brazilian Agency of Intelligence). UNHCR makes an investigation about the [&hellip;]","og_url":"https:\/\/www.missoeshumanitarias.org\/en\/humanitarian-roraima-mission-announcements-from-march-15-thru-21\/","og_site_name":"Fraternidade Miss\u00f5es Humanit\u00e1rias Internacionais","article_published_time":"2017-03-29T01:18:46+00:00","og_image":[{"width":690,"height":388,"url":"https:\/\/www.missoeshumanitarias.org\/wp-content\/uploads\/2021\/08\/missao-roraima-cri-indigenas-brasilia.jpg","type":"image\/jpeg"}],"author":"maducato_admin","twitter_card":"summary_large_image","twitter_misc":{"Written by":"maducato_admin","Est. reading time":"3 minutes"},"schema":{"@context":"https:\/\/schema.org","@graph":[{"@type":"Article","@id":"https:\/\/www.missoeshumanitarias.org\/en\/humanitarian-roraima-mission-announcements-from-march-15-thru-21\/#article","isPartOf":{"@id":"https:\/\/www.missoeshumanitarias.org\/en\/humanitarian-roraima-mission-announcements-from-march-15-thru-21\/"},"author":{"name":"maducato_admin","@id":"https:\/\/www.missoeshumanitarias.org\/es\/#\/schema\/person\/e0f8527323154d1eba9f9d9eb6b401f7"},"headline":"Humanitarian Roraima Mission \u2013 announcements from March 15 thru 21","datePublished":"2017-03-29T01:18:46+00:00","dateModified":"2017-03-29T01:18:46+00:00","mainEntityOfPage":{"@id":"https:\/\/www.missoeshumanitarias.org\/en\/humanitarian-roraima-mission-announcements-from-march-15-thru-21\/"},"wordCount":629,"commentCount":0,"publisher":{"@id":"https:\/\/www.missoeshumanitarias.org\/es\/#organization"},"image":{"@id":"https:\/\/www.missoeshumanitarias.org\/en\/humanitarian-roraima-mission-announcements-from-march-15-thru-21\/#primaryimage"},"thumbnailUrl":"https:\/\/www.missoeshumanitarias.org\/wp-content\/uploads\/2021\/08\/missao-roraima-cri-indigenas-brasilia.jpg","articleSection":["Network-of-Light","News","News about the Missions"],"inLanguage":"en-US","potentialAction":[{"@type":"CommentAction","name":"Comment","target":["https:\/\/www.missoeshumanitarias.org\/en\/humanitarian-roraima-mission-announcements-from-march-15-thru-21\/#respond"]}]},{"@type":"WebPage","@id":"https:\/\/www.missoeshumanitarias.org\/en\/humanitarian-roraima-mission-announcements-from-march-15-thru-21\/","url":"https:\/\/www.missoeshumanitarias.org\/en\/humanitarian-roraima-mission-announcements-from-march-15-thru-21\/","name":"Humanitarian Roraima Mission \u2013 announcements from March 15 thru 21 - Fraternidade Miss\u00f5es Humanit\u00e1rias Internacionais","isPartOf":{"@id":"https:\/\/www.missoeshumanitarias.org\/es\/#website"},"primaryImageOfPage":{"@id":"https:\/\/www.missoeshumanitarias.org\/en\/humanitarian-roraima-mission-announcements-from-march-15-thru-21\/#primaryimage"},"image":{"@id":"https:\/\/www.missoeshumanitarias.org\/en\/humanitarian-roraima-mission-announcements-from-march-15-thru-21\/#primaryimage"},"thumbnailUrl":"https:\/\/www.missoeshumanitarias.org\/wp-content\/uploads\/2021\/08\/missao-roraima-cri-indigenas-brasilia.jpg","datePublished":"2017-03-29T01:18:46+00:00","dateModified":"2017-03-29T01:18:46+00:00","breadcrumb":{"@id":"https:\/\/www.missoeshumanitarias.org\/en\/humanitarian-roraima-mission-announcements-from-march-15-thru-21\/#breadcrumb"},"inLanguage":"en-US","potentialAction":[{"@type":"ReadAction","target":["https:\/\/www.missoeshumanitarias.org\/en\/humanitarian-roraima-mission-announcements-from-march-15-thru-21\/"]}]},{"@type":"ImageObject","inLanguage":"en-US","@id":"https:\/\/www.missoeshumanitarias.org\/en\/humanitarian-roraima-mission-announcements-from-march-15-thru-21\/#primaryimage","url":"https:\/\/www.missoeshumanitarias.org\/wp-content\/uploads\/2021\/08\/missao-roraima-cri-indigenas-brasilia.jpg","contentUrl":"https:\/\/www.missoeshumanitarias.org\/wp-content\/uploads\/2021\/08\/missao-roraima-cri-indigenas-brasilia.jpg","width":690,"height":388},{"@type":"BreadcrumbList","@id":"https:\/\/www.missoeshumanitarias.org\/en\/humanitarian-roraima-mission-announcements-from-march-15-thru-21\/#breadcrumb","itemListElement":[{"@type":"ListItem","position":1,"name":"Home","item":"https:\/\/www.missoeshumanitarias.org\/en\/"},{"@type":"ListItem","position":2,"name":"Humanitarian Roraima Mission \u2013 announcements from March 15 thru 21"}]},{"@type":"WebSite","@id":"https:\/\/www.missoeshumanitarias.org\/es\/#website","url":"https:\/\/www.missoeshumanitarias.org\/es\/","name":"Fraternidade Miss\u00f5es Humanit\u00e1rias Internacionais","description":"Respostas Humanit\u00e1rias e Emerg\u00eancias","publisher":{"@id":"https:\/\/www.missoeshumanitarias.org\/es\/#organization"},"potentialAction":[{"@type":"SearchAction","target":{"@type":"EntryPoint","urlTemplate":"https:\/\/www.missoeshumanitarias.org\/es\/?s={search_term_string}"},"query-input":"required name=search_term_string"}],"inLanguage":"en-US"},{"@type":"Organization","@id":"https:\/\/www.missoeshumanitarias.org\/es\/#organization","name":"Fraternidade - Miss\u00f5es Humanit\u00e1rias Internacionais","url":"https:\/\/www.missoeshumanitarias.org\/es\/","logo":{"@type":"ImageObject","inLanguage":"en-US","@id":"https:\/\/www.missoeshumanitarias.org\/es\/#\/schema\/logo\/image\/","url":"https:\/\/www.missoeshumanitarias.org\/wp-content\/uploads\/2020\/05\/logo-FMHI-mg.png","contentUrl":"https:\/\/www.missoeshumanitarias.org\/wp-content\/uploads\/2020\/05\/logo-FMHI-mg.png","width":520,"height":134,"caption":"Fraternidade - Miss\u00f5es Humanit\u00e1rias Internacionais"},"image":{"@id":"https:\/\/www.missoeshumanitarias.org\/es\/#\/schema\/logo\/image\/"}},{"@type":"Person","@id":"https:\/\/www.missoeshumanitarias.org\/es\/#\/schema\/person\/e0f8527323154d1eba9f9d9eb6b401f7","name":"maducato_admin","image":{"@type":"ImageObject","inLanguage":"en-US","@id":"https:\/\/www.missoeshumanitarias.org\/es\/#\/schema\/person\/image\/","url":"https:\/\/secure.gravatar.com\/avatar\/6c3b45186a8f5a459d8e14c7fca370bceae92402bc06171d75e4e559b6c24393?s=96&d=mm&r=g","contentUrl":"https:\/\/secure.gravatar.com\/avatar\/6c3b45186a8f5a459d8e14c7fca370bceae92402bc06171d75e4e559b6c24393?s=96&d=mm&r=g","caption":"maducato_admin"}}]}},"_links":{"self":[{"href":"https:\/\/www.missoeshumanitarias.org\/en\/wp-json\/wp\/v2\/posts\/131053","targetHints":{"allow":["GET"]}}],"collection":[{"href":"https:\/\/www.missoeshumanitarias.org\/en\/wp-json\/wp\/v2\/posts"}],"about":[{"href":"https:\/\/www.missoeshumanitarias.org\/en\/wp-json\/wp\/v2\/types\/post"}],"author":[{"embeddable":true,"href":"https:\/\/www.missoeshumanitarias.org\/en\/wp-json\/wp\/v2\/users\/1"}],"replies":[{"embeddable":true,"href":"https:\/\/www.missoeshumanitarias.org\/en\/wp-json\/wp\/v2\/comments?post=131053"}],"version-history":[{"count":0,"href":"https:\/\/www.missoeshumanitarias.org\/en\/wp-json\/wp\/v2\/posts\/131053\/revisions"}],"wp:featuredmedia":[{"embeddable":true,"href":"https:\/\/www.missoeshumanitarias.org\/en\/wp-json\/wp\/v2\/media\/123946"}],"wp:attachment":[{"href":"https:\/\/www.missoeshumanitarias.org\/en\/wp-json\/wp\/v2\/media?parent=131053"}],"wp:term":[{"taxonomy":"category","embeddable":true,"href":"https:\/\/www.missoeshumanitarias.org\/en\/wp-json\/wp\/v2\/categories?post=131053"},{"taxonomy":"post_tag","embeddable":true,"href":"https:\/\/www.missoeshumanitarias.org\/en\/wp-json\/wp\/v2\/tags?post=131053"}],"curies":[{"name":"wp","href":"https:\/\/api.w.org\/{rel}","templated":true}]}}