{"id":131055,"date":"2017-04-05T01:53:11","date_gmt":"2017-04-05T04:53:11","guid":{"rendered":"https:\/\/www.missoeshumanitarias.org\/greece-mission-will-begin-a-new-stage-in-the-service-to-the-refugees\/"},"modified":"2017-04-05T01:53:11","modified_gmt":"2017-04-05T04:53:11","slug":"greece-mission-will-begin-a-new-stage-in-the-service-to-the-refugees","status":"publish","type":"post","link":"https:\/\/www.missoeshumanitarias.org\/en\/greece-mission-will-begin-a-new-stage-in-the-service-to-the-refugees\/","title":{"rendered":"Greece Mission will begin a new stage in the service to the refugees"},"content":{"rendered":"<p style=\"text-align: justify;\"><a href=\"http:\/\/www.fraterinternacional.org\/wp-content\/uploads\/2017\/03\/missionarios_grecia_nova_etapa_abril_2017.jpg\"><img fetchpriority=\"high\" decoding=\"async\" class=\"alignright size-medium wp-image-50694\" src=\"https:\/\/www.missoeshumanitarias.org\/wp-content\/uploads\/2021\/08\/missionarios_grecia_nova_etapa_abril_2017-300x169-1.jpg\" alt=\"\" width=\"300\" height=\"169\" \/><\/a><\/p>\n<p style=\"text-align: justify;\">The <a href=\"http:\/\/www.fraterinternacional.org\/en\/campanhas-ffhi\/greece-mission-of-peace\/?portfolioCats=165\">Mission Grace<\/a>, an endeavor of humanitarian help of the <strong>Fraternidade \u2013 International Humanitarian Federation<\/strong>\u00a0in Europe, is preparing itself for a new stage, which will include, besides the support to the Missionaries of Charity, to Caritas Hellas and to an orthodox church, other opportunities of service to the refugees of Middle East and of African countries.<\/p>\n<p style=\"text-align: justify;\">Since last week, four <a href=\"http:\/\/www.fraterinternacional.org\/en\/humanitarian-missions\/\">Missionaries<\/a> of the Fraternidade replace the team of missionaries of two missionaries who had stayed in Athens for two months, sustaining the solidary activities of the permanent base in Greece. \u201cFor the time being, we will resume the tasks that we had been developing with other organizations, while we wait for other opportunities of service\u201d, commented in the Greek capital Ricardo Baumgartner, the coordinator of the Sector of Emergencies and of Humanitarian Missions of the Fraternidade.<\/p>\n<p><strong>Paralysis and renewal<\/strong><\/p>\n<figure id=\"attachment_50698\" aria-describedby=\"caption-attachment-50698\" style=\"width: 300px\" class=\"wp-caption alignright\"><a href=\"http:\/\/www.fraterinternacional.org\/wp-content\/uploads\/2017\/03\/missao_grecia_mendigo_atenas.jpg\"><img decoding=\"async\" class=\"wp-image-50698 size-medium\" src=\"https:\/\/www.missoeshumanitarias.org\/wp-content\/uploads\/2021\/08\/missao_grecia_mendigo_atenas-300x169-1.jpg\" alt=\"\" width=\"300\" height=\"169\" \/><\/a><figcaption id=\"caption-attachment-50698\" class=\"wp-caption-text\">Beggar in Athens<\/figcaption><\/figure>\n<p style=\"text-align: justify;\">\u201cAs European, I lived a strange mixture of sensations: on the one hand, a paralysed country, ill-taken care of, very distant from the Europe that I know, with many Greek persons abandoned on the streets, in emblematic sites of Greece; what drew my attention was not to see new buildings, the stagnant energy. On the other hand, I\u00a0felt a powerful energy of purity and of renewal that comes from other cultures, other religions, other peoples, through people who, in spite of the terror that they have had to experience, are not paralysed and who arrive in Europe with the hope of begin again\u201d, reported Teresa after her mission in the Greece Mission.<\/p>\n<figure id=\"attachment_43728\" aria-describedby=\"caption-attachment-43728\" style=\"width: 300px\" class=\"wp-caption alignleft\"><a href=\"http:\/\/www.fraterinternacional.org\/wp-content\/uploads\/2017\/01\/missao-grecia-apoio-caritas-roupas_03.jpg\"><img decoding=\"async\" class=\"wp-image-43728 size-medium\" src=\"https:\/\/www.missoeshumanitarias.org\/wp-content\/uploads\/2021\/08\/missao-grecia-apoio-caritas-roupas_03-300x169-1.jpg\" alt=\"\" width=\"300\" height=\"169\" \/><\/a><figcaption id=\"caption-attachment-43728\" class=\"wp-caption-text\">Volunteers in Caritas<\/figcaption><\/figure>\n<p style=\"text-align: justify;\">The missionary also highlighted two deeds she qualifies as \u201cpromising signs\u201d: on the one hand, the presence of many European youths who, leaving aside their vocations, go to Greece to help, and, on the other hand, the strong devotional energy that the Islamic immigration \u2013 that which comes with pacific intentions \u2013 is injecting in a continent \u201cwhere the neutral people are gaining positions fast\u201d.<\/p>\n<figure id=\"attachment_44273\" aria-describedby=\"caption-attachment-44273\" style=\"width: 300px\" class=\"wp-caption alignright\"><a href=\"http:\/\/www.fraterinternacional.org\/wp-content\/uploads\/2017\/01\/missao-grecia-semeando-amor-refugiados_01.jpg\"><img loading=\"lazy\" decoding=\"async\" class=\"wp-image-44273 size-medium\" src=\"https:\/\/www.missoeshumanitarias.org\/wp-content\/uploads\/2021\/08\/missao-grecia-semeando-amor-refugiados_01-300x169-1.jpg\" alt=\"\" width=\"300\" height=\"169\" \/><\/a><figcaption id=\"caption-attachment-44273\" class=\"wp-caption-text\">Help to Arabian refugees<\/figcaption><\/figure>\n<p style=\"text-align: justify;\">Imer, the other missionary who sustained the mission for two months, stressed the importance for the refugees of simple gestures of love, such as sincere attention or a warm hug, \u201cbecause everyone arrives with a history of pain, after having lost family members in very cruel circumstances, or who separated from their husband who is arrested, or from young children who were recruited for the war or for terrorism. We know women wounded by bombs and with several little children\u2026\u201d<\/p>\n<p style=\"text-align: justify;\">In Greece, refugees arrive from Syria, Iran, Afghanistan, Pakistan, Congo, Eritrea, Morroco, Tunisia, Algeria, Nigeria, Georgia, Azerbaijan and from several other countries with warfare conflict or with acute\u00a0economical crisis.<\/p>\n<p><strong>Ecumenical Unity<\/strong><\/p>\n<figure id=\"attachment_47036\" aria-describedby=\"caption-attachment-47036\" style=\"width: 300px\" class=\"wp-caption alignright\"><a href=\"http:\/\/www.fraterinternacional.org\/wp-content\/uploads\/2017\/02\/missao-grecia-ecumenismo-01-2.jpg\"><img loading=\"lazy\" decoding=\"async\" class=\"wp-image-47036 size-medium\" src=\"https:\/\/www.missoeshumanitarias.org\/wp-content\/uploads\/2021\/08\/missao-grecia-ecumenismo-01-2-300x169-1.jpg\" alt=\"\" width=\"300\" height=\"169\" \/><\/a><figcaption id=\"caption-attachment-47036\" class=\"wp-caption-text\">Ecumenical unity<\/figcaption><\/figure>\n<p style=\"text-align: justify;\">Imer stated that the mission \u201cwas an experience of broadening of consciousness that not only opened our eyes to the suffering that other parts of the world undergo, but also to this spirit of solidarity and of disinterested fraternity that arises in volunteers who come from all parts of the world. We know collaborators from the United States, Mexico, Czech Republic, England, France, Greece, Holland, Korea, Phillipines, Denmark, Albania and also from African countries who arrive as refugees and end up joining as volunteers\u201d.<\/p>\n<figure id=\"attachment_50701\" aria-describedby=\"caption-attachment-50701\" style=\"width: 300px\" class=\"wp-caption alignleft\"><a href=\"http:\/\/www.fraterinternacional.org\/wp-content\/uploads\/2017\/03\/missao_grecia_voluntarios_cocina_caritas.jpg\"><img loading=\"lazy\" decoding=\"async\" class=\"wp-image-50701 size-medium\" src=\"https:\/\/www.missoeshumanitarias.org\/wp-content\/uploads\/2021\/08\/missao_grecia_voluntarios_cocina_caritas-300x169-1.jpg\" alt=\"\" width=\"300\" height=\"169\" \/><\/a><figcaption id=\"caption-attachment-50701\" class=\"wp-caption-text\">In the kitchen of Caritas<\/figcaption><\/figure>\n<p style=\"text-align: justify;\">Both missionaries highlighted the opportunities of ecumenical unity they could live through service, sharing with Catholics, Orthodox, Evangelicals, Anglicans, Muslims, people without religion and even atheists. \u201cFrom the conversations we had, we could perceive a mixture of frustration, of impotence, because the problem seems to aggravate and not find a sign of solution, but at the same time there was a great inner force that moved all these volunteers to donate of themselves without limits, convinced that above all are equality and fraternity\u201d, concluded Imer.<\/p>\n<p>&nbsp;<\/p>\n","protected":false},"excerpt":{"rendered":"<p>The Mission Grace, an endeavor of humanitarian help of the Fraternidade \u2013 International Humanitarian Federation\u00a0in Europe, is preparing itself for a new stage, which will include, besides the support to the Missionaries of Charity, to Caritas Hellas and to an orthodox church, other opportunities of service to the refugees of Middle East and of African [&hellip;]<\/p>\n","protected":false},"author":1,"featured_media":123962,"comment_status":"open","ping_status":"open","sticky":false,"template":"","format":"standard","meta":{"footnotes":""},"categories":[138,9,132],"tags":[],"class_list":["post-131055","post","type-post","status-publish","format-standard","has-post-thumbnail","hentry","category-network-of-light","category-news","category-news-about-the-missions"],"featured_image_src":"https:\/\/www.missoeshumanitarias.org\/wp-content\/uploads\/2021\/08\/missionarios_grecia_nova_etapa_abril_2017.jpg","author_info":{"display_name":"maducato_admin","author_link":"https:\/\/www.missoeshumanitarias.org\/en\/author\/maducato_admin\/"},"yoast_head":"<!-- This site is optimized with the Yoast SEO Premium plugin v22.5 (Yoast SEO v22.5) - https:\/\/yoast.com\/wordpress\/plugins\/seo\/ -->\n<title>Greece Mission will begin a new stage in the service to the refugees - Fraternidade Miss\u00f5es Humanit\u00e1rias Internacionais<\/title>\n<meta name=\"robots\" content=\"index, follow, max-snippet:-1, max-image-preview:large, max-video-preview:-1\" \/>\n<link rel=\"canonical\" href=\"https:\/\/www.missoeshumanitarias.org\/en\/greece-mission-will-begin-a-new-stage-in-the-service-to-the-refugees\/\" \/>\n<meta property=\"og:locale\" content=\"en_US\" \/>\n<meta property=\"og:type\" content=\"article\" \/>\n<meta property=\"og:title\" content=\"Greece Mission will begin a new stage in the service to the refugees\" \/>\n<meta property=\"og:description\" content=\"The Mission Grace, an endeavor of humanitarian help of the Fraternidade \u2013 International Humanitarian Federation\u00a0in Europe, is preparing itself for a new stage, which will include, besides the support to the Missionaries of Charity, to Caritas Hellas and to an orthodox church, other opportunities of service to the refugees of Middle East and of African [&hellip;]\" \/>\n<meta property=\"og:url\" content=\"https:\/\/www.missoeshumanitarias.org\/en\/greece-mission-will-begin-a-new-stage-in-the-service-to-the-refugees\/\" \/>\n<meta property=\"og:site_name\" content=\"Fraternidade Miss\u00f5es Humanit\u00e1rias Internacionais\" \/>\n<meta property=\"article:published_time\" content=\"2017-04-05T04:53:11+00:00\" \/>\n<meta property=\"og:image\" content=\"https:\/\/www.missoeshumanitarias.org\/wp-content\/uploads\/2021\/08\/missionarios_grecia_nova_etapa_abril_2017.jpg\" \/>\n\t<meta property=\"og:image:width\" content=\"690\" \/>\n\t<meta property=\"og:image:height\" content=\"388\" \/>\n\t<meta property=\"og:image:type\" content=\"image\/jpeg\" \/>\n<meta name=\"author\" content=\"maducato_admin\" \/>\n<meta name=\"twitter:card\" content=\"summary_large_image\" \/>\n<meta name=\"twitter:label1\" content=\"Written by\" \/>\n\t<meta name=\"twitter:data1\" content=\"maducato_admin\" \/>\n\t<meta name=\"twitter:label2\" content=\"Est. reading time\" \/>\n\t<meta name=\"twitter:data2\" content=\"3 minutes\" \/>\n<script type=\"application\/ld+json\" class=\"yoast-schema-graph\">{\"@context\":\"https:\/\/schema.org\",\"@graph\":[{\"@type\":\"Article\",\"@id\":\"https:\/\/www.missoeshumanitarias.org\/en\/greece-mission-will-begin-a-new-stage-in-the-service-to-the-refugees\/#article\",\"isPartOf\":{\"@id\":\"https:\/\/www.missoeshumanitarias.org\/en\/greece-mission-will-begin-a-new-stage-in-the-service-to-the-refugees\/\"},\"author\":{\"name\":\"maducato_admin\",\"@id\":\"https:\/\/www.missoeshumanitarias.org\/es\/#\/schema\/person\/e0f8527323154d1eba9f9d9eb6b401f7\"},\"headline\":\"Greece Mission will begin a new stage in the service to the refugees\",\"datePublished\":\"2017-04-05T04:53:11+00:00\",\"dateModified\":\"2017-04-05T04:53:11+00:00\",\"mainEntityOfPage\":{\"@id\":\"https:\/\/www.missoeshumanitarias.org\/en\/greece-mission-will-begin-a-new-stage-in-the-service-to-the-refugees\/\"},\"wordCount\":662,\"commentCount\":0,\"publisher\":{\"@id\":\"https:\/\/www.missoeshumanitarias.org\/es\/#organization\"},\"image\":{\"@id\":\"https:\/\/www.missoeshumanitarias.org\/en\/greece-mission-will-begin-a-new-stage-in-the-service-to-the-refugees\/#primaryimage\"},\"thumbnailUrl\":\"https:\/\/www.missoeshumanitarias.org\/wp-content\/uploads\/2021\/08\/missionarios_grecia_nova_etapa_abril_2017.jpg\",\"articleSection\":[\"Network-of-Light\",\"News\",\"News about the Missions\"],\"inLanguage\":\"en-US\",\"potentialAction\":[{\"@type\":\"CommentAction\",\"name\":\"Comment\",\"target\":[\"https:\/\/www.missoeshumanitarias.org\/en\/greece-mission-will-begin-a-new-stage-in-the-service-to-the-refugees\/#respond\"]}]},{\"@type\":\"WebPage\",\"@id\":\"https:\/\/www.missoeshumanitarias.org\/en\/greece-mission-will-begin-a-new-stage-in-the-service-to-the-refugees\/\",\"url\":\"https:\/\/www.missoeshumanitarias.org\/en\/greece-mission-will-begin-a-new-stage-in-the-service-to-the-refugees\/\",\"name\":\"Greece Mission will begin a new stage in the service to the refugees - Fraternidade Miss\u00f5es Humanit\u00e1rias Internacionais\",\"isPartOf\":{\"@id\":\"https:\/\/www.missoeshumanitarias.org\/es\/#website\"},\"primaryImageOfPage\":{\"@id\":\"https:\/\/www.missoeshumanitarias.org\/en\/greece-mission-will-begin-a-new-stage-in-the-service-to-the-refugees\/#primaryimage\"},\"image\":{\"@id\":\"https:\/\/www.missoeshumanitarias.org\/en\/greece-mission-will-begin-a-new-stage-in-the-service-to-the-refugees\/#primaryimage\"},\"thumbnailUrl\":\"https:\/\/www.missoeshumanitarias.org\/wp-content\/uploads\/2021\/08\/missionarios_grecia_nova_etapa_abril_2017.jpg\",\"datePublished\":\"2017-04-05T04:53:11+00:00\",\"dateModified\":\"2017-04-05T04:53:11+00:00\",\"breadcrumb\":{\"@id\":\"https:\/\/www.missoeshumanitarias.org\/en\/greece-mission-will-begin-a-new-stage-in-the-service-to-the-refugees\/#breadcrumb\"},\"inLanguage\":\"en-US\",\"potentialAction\":[{\"@type\":\"ReadAction\",\"target\":[\"https:\/\/www.missoeshumanitarias.org\/en\/greece-mission-will-begin-a-new-stage-in-the-service-to-the-refugees\/\"]}]},{\"@type\":\"ImageObject\",\"inLanguage\":\"en-US\",\"@id\":\"https:\/\/www.missoeshumanitarias.org\/en\/greece-mission-will-begin-a-new-stage-in-the-service-to-the-refugees\/#primaryimage\",\"url\":\"https:\/\/www.missoeshumanitarias.org\/wp-content\/uploads\/2021\/08\/missionarios_grecia_nova_etapa_abril_2017.jpg\",\"contentUrl\":\"https:\/\/www.missoeshumanitarias.org\/wp-content\/uploads\/2021\/08\/missionarios_grecia_nova_etapa_abril_2017.jpg\",\"width\":690,\"height\":388},{\"@type\":\"BreadcrumbList\",\"@id\":\"https:\/\/www.missoeshumanitarias.org\/en\/greece-mission-will-begin-a-new-stage-in-the-service-to-the-refugees\/#breadcrumb\",\"itemListElement\":[{\"@type\":\"ListItem\",\"position\":1,\"name\":\"Home\",\"item\":\"https:\/\/www.missoeshumanitarias.org\/en\/\"},{\"@type\":\"ListItem\",\"position\":2,\"name\":\"Greece Mission will begin a new stage in the service to the refugees\"}]},{\"@type\":\"WebSite\",\"@id\":\"https:\/\/www.missoeshumanitarias.org\/es\/#website\",\"url\":\"https:\/\/www.missoeshumanitarias.org\/es\/\",\"name\":\"Fraternidade Miss\u00f5es Humanit\u00e1rias Internacionais\",\"description\":\"Respostas Humanit\u00e1rias e Emerg\u00eancias\",\"publisher\":{\"@id\":\"https:\/\/www.missoeshumanitarias.org\/es\/#organization\"},\"potentialAction\":[{\"@type\":\"SearchAction\",\"target\":{\"@type\":\"EntryPoint\",\"urlTemplate\":\"https:\/\/www.missoeshumanitarias.org\/es\/?s={search_term_string}\"},\"query-input\":\"required name=search_term_string\"}],\"inLanguage\":\"en-US\"},{\"@type\":\"Organization\",\"@id\":\"https:\/\/www.missoeshumanitarias.org\/es\/#organization\",\"name\":\"Fraternidade - Miss\u00f5es Humanit\u00e1rias Internacionais\",\"url\":\"https:\/\/www.missoeshumanitarias.org\/es\/\",\"logo\":{\"@type\":\"ImageObject\",\"inLanguage\":\"en-US\",\"@id\":\"https:\/\/www.missoeshumanitarias.org\/es\/#\/schema\/logo\/image\/\",\"url\":\"https:\/\/www.missoeshumanitarias.org\/wp-content\/uploads\/2020\/05\/logo-FMHI-mg.png\",\"contentUrl\":\"https:\/\/www.missoeshumanitarias.org\/wp-content\/uploads\/2020\/05\/logo-FMHI-mg.png\",\"width\":520,\"height\":134,\"caption\":\"Fraternidade - Miss\u00f5es Humanit\u00e1rias Internacionais\"},\"image\":{\"@id\":\"https:\/\/www.missoeshumanitarias.org\/es\/#\/schema\/logo\/image\/\"}},{\"@type\":\"Person\",\"@id\":\"https:\/\/www.missoeshumanitarias.org\/es\/#\/schema\/person\/e0f8527323154d1eba9f9d9eb6b401f7\",\"name\":\"maducato_admin\",\"image\":{\"@type\":\"ImageObject\",\"inLanguage\":\"en-US\",\"@id\":\"https:\/\/www.missoeshumanitarias.org\/es\/#\/schema\/person\/image\/\",\"url\":\"https:\/\/secure.gravatar.com\/avatar\/6c3b45186a8f5a459d8e14c7fca370bceae92402bc06171d75e4e559b6c24393?s=96&d=mm&r=g\",\"contentUrl\":\"https:\/\/secure.gravatar.com\/avatar\/6c3b45186a8f5a459d8e14c7fca370bceae92402bc06171d75e4e559b6c24393?s=96&d=mm&r=g\",\"caption\":\"maducato_admin\"}}]}<\/script>\n<!-- \/ Yoast SEO Premium plugin. -->","yoast_head_json":{"title":"Greece Mission will begin a new stage in the service to the refugees - Fraternidade Miss\u00f5es Humanit\u00e1rias Internacionais","robots":{"index":"index","follow":"follow","max-snippet":"max-snippet:-1","max-image-preview":"max-image-preview:large","max-video-preview":"max-video-preview:-1"},"canonical":"https:\/\/www.missoeshumanitarias.org\/en\/greece-mission-will-begin-a-new-stage-in-the-service-to-the-refugees\/","og_locale":"en_US","og_type":"article","og_title":"Greece Mission will begin a new stage in the service to the refugees","og_description":"The Mission Grace, an endeavor of humanitarian help of the Fraternidade \u2013 International Humanitarian Federation\u00a0in Europe, is preparing itself for a new stage, which will include, besides the support to the Missionaries of Charity, to Caritas Hellas and to an orthodox church, other opportunities of service to the refugees of Middle East and of African [&hellip;]","og_url":"https:\/\/www.missoeshumanitarias.org\/en\/greece-mission-will-begin-a-new-stage-in-the-service-to-the-refugees\/","og_site_name":"Fraternidade Miss\u00f5es Humanit\u00e1rias Internacionais","article_published_time":"2017-04-05T04:53:11+00:00","og_image":[{"width":690,"height":388,"url":"https:\/\/www.missoeshumanitarias.org\/wp-content\/uploads\/2021\/08\/missionarios_grecia_nova_etapa_abril_2017.jpg","type":"image\/jpeg"}],"author":"maducato_admin","twitter_card":"summary_large_image","twitter_misc":{"Written by":"maducato_admin","Est. reading time":"3 minutes"},"schema":{"@context":"https:\/\/schema.org","@graph":[{"@type":"Article","@id":"https:\/\/www.missoeshumanitarias.org\/en\/greece-mission-will-begin-a-new-stage-in-the-service-to-the-refugees\/#article","isPartOf":{"@id":"https:\/\/www.missoeshumanitarias.org\/en\/greece-mission-will-begin-a-new-stage-in-the-service-to-the-refugees\/"},"author":{"name":"maducato_admin","@id":"https:\/\/www.missoeshumanitarias.org\/es\/#\/schema\/person\/e0f8527323154d1eba9f9d9eb6b401f7"},"headline":"Greece Mission will begin a new stage in the service to the refugees","datePublished":"2017-04-05T04:53:11+00:00","dateModified":"2017-04-05T04:53:11+00:00","mainEntityOfPage":{"@id":"https:\/\/www.missoeshumanitarias.org\/en\/greece-mission-will-begin-a-new-stage-in-the-service-to-the-refugees\/"},"wordCount":662,"commentCount":0,"publisher":{"@id":"https:\/\/www.missoeshumanitarias.org\/es\/#organization"},"image":{"@id":"https:\/\/www.missoeshumanitarias.org\/en\/greece-mission-will-begin-a-new-stage-in-the-service-to-the-refugees\/#primaryimage"},"thumbnailUrl":"https:\/\/www.missoeshumanitarias.org\/wp-content\/uploads\/2021\/08\/missionarios_grecia_nova_etapa_abril_2017.jpg","articleSection":["Network-of-Light","News","News about the Missions"],"inLanguage":"en-US","potentialAction":[{"@type":"CommentAction","name":"Comment","target":["https:\/\/www.missoeshumanitarias.org\/en\/greece-mission-will-begin-a-new-stage-in-the-service-to-the-refugees\/#respond"]}]},{"@type":"WebPage","@id":"https:\/\/www.missoeshumanitarias.org\/en\/greece-mission-will-begin-a-new-stage-in-the-service-to-the-refugees\/","url":"https:\/\/www.missoeshumanitarias.org\/en\/greece-mission-will-begin-a-new-stage-in-the-service-to-the-refugees\/","name":"Greece Mission will begin a new stage in the service to the refugees - Fraternidade Miss\u00f5es Humanit\u00e1rias Internacionais","isPartOf":{"@id":"https:\/\/www.missoeshumanitarias.org\/es\/#website"},"primaryImageOfPage":{"@id":"https:\/\/www.missoeshumanitarias.org\/en\/greece-mission-will-begin-a-new-stage-in-the-service-to-the-refugees\/#primaryimage"},"image":{"@id":"https:\/\/www.missoeshumanitarias.org\/en\/greece-mission-will-begin-a-new-stage-in-the-service-to-the-refugees\/#primaryimage"},"thumbnailUrl":"https:\/\/www.missoeshumanitarias.org\/wp-content\/uploads\/2021\/08\/missionarios_grecia_nova_etapa_abril_2017.jpg","datePublished":"2017-04-05T04:53:11+00:00","dateModified":"2017-04-05T04:53:11+00:00","breadcrumb":{"@id":"https:\/\/www.missoeshumanitarias.org\/en\/greece-mission-will-begin-a-new-stage-in-the-service-to-the-refugees\/#breadcrumb"},"inLanguage":"en-US","potentialAction":[{"@type":"ReadAction","target":["https:\/\/www.missoeshumanitarias.org\/en\/greece-mission-will-begin-a-new-stage-in-the-service-to-the-refugees\/"]}]},{"@type":"ImageObject","inLanguage":"en-US","@id":"https:\/\/www.missoeshumanitarias.org\/en\/greece-mission-will-begin-a-new-stage-in-the-service-to-the-refugees\/#primaryimage","url":"https:\/\/www.missoeshumanitarias.org\/wp-content\/uploads\/2021\/08\/missionarios_grecia_nova_etapa_abril_2017.jpg","contentUrl":"https:\/\/www.missoeshumanitarias.org\/wp-content\/uploads\/2021\/08\/missionarios_grecia_nova_etapa_abril_2017.jpg","width":690,"height":388},{"@type":"BreadcrumbList","@id":"https:\/\/www.missoeshumanitarias.org\/en\/greece-mission-will-begin-a-new-stage-in-the-service-to-the-refugees\/#breadcrumb","itemListElement":[{"@type":"ListItem","position":1,"name":"Home","item":"https:\/\/www.missoeshumanitarias.org\/en\/"},{"@type":"ListItem","position":2,"name":"Greece Mission will begin a new stage in the service to the refugees"}]},{"@type":"WebSite","@id":"https:\/\/www.missoeshumanitarias.org\/es\/#website","url":"https:\/\/www.missoeshumanitarias.org\/es\/","name":"Fraternidade Miss\u00f5es Humanit\u00e1rias Internacionais","description":"Respostas Humanit\u00e1rias e Emerg\u00eancias","publisher":{"@id":"https:\/\/www.missoeshumanitarias.org\/es\/#organization"},"potentialAction":[{"@type":"SearchAction","target":{"@type":"EntryPoint","urlTemplate":"https:\/\/www.missoeshumanitarias.org\/es\/?s={search_term_string}"},"query-input":"required name=search_term_string"}],"inLanguage":"en-US"},{"@type":"Organization","@id":"https:\/\/www.missoeshumanitarias.org\/es\/#organization","name":"Fraternidade - Miss\u00f5es Humanit\u00e1rias Internacionais","url":"https:\/\/www.missoeshumanitarias.org\/es\/","logo":{"@type":"ImageObject","inLanguage":"en-US","@id":"https:\/\/www.missoeshumanitarias.org\/es\/#\/schema\/logo\/image\/","url":"https:\/\/www.missoeshumanitarias.org\/wp-content\/uploads\/2020\/05\/logo-FMHI-mg.png","contentUrl":"https:\/\/www.missoeshumanitarias.org\/wp-content\/uploads\/2020\/05\/logo-FMHI-mg.png","width":520,"height":134,"caption":"Fraternidade - Miss\u00f5es Humanit\u00e1rias Internacionais"},"image":{"@id":"https:\/\/www.missoeshumanitarias.org\/es\/#\/schema\/logo\/image\/"}},{"@type":"Person","@id":"https:\/\/www.missoeshumanitarias.org\/es\/#\/schema\/person\/e0f8527323154d1eba9f9d9eb6b401f7","name":"maducato_admin","image":{"@type":"ImageObject","inLanguage":"en-US","@id":"https:\/\/www.missoeshumanitarias.org\/es\/#\/schema\/person\/image\/","url":"https:\/\/secure.gravatar.com\/avatar\/6c3b45186a8f5a459d8e14c7fca370bceae92402bc06171d75e4e559b6c24393?s=96&d=mm&r=g","contentUrl":"https:\/\/secure.gravatar.com\/avatar\/6c3b45186a8f5a459d8e14c7fca370bceae92402bc06171d75e4e559b6c24393?s=96&d=mm&r=g","caption":"maducato_admin"}}]}},"_links":{"self":[{"href":"https:\/\/www.missoeshumanitarias.org\/en\/wp-json\/wp\/v2\/posts\/131055","targetHints":{"allow":["GET"]}}],"collection":[{"href":"https:\/\/www.missoeshumanitarias.org\/en\/wp-json\/wp\/v2\/posts"}],"about":[{"href":"https:\/\/www.missoeshumanitarias.org\/en\/wp-json\/wp\/v2\/types\/post"}],"author":[{"embeddable":true,"href":"https:\/\/www.missoeshumanitarias.org\/en\/wp-json\/wp\/v2\/users\/1"}],"replies":[{"embeddable":true,"href":"https:\/\/www.missoeshumanitarias.org\/en\/wp-json\/wp\/v2\/comments?post=131055"}],"version-history":[{"count":0,"href":"https:\/\/www.missoeshumanitarias.org\/en\/wp-json\/wp\/v2\/posts\/131055\/revisions"}],"wp:featuredmedia":[{"embeddable":true,"href":"https:\/\/www.missoeshumanitarias.org\/en\/wp-json\/wp\/v2\/media\/123962"}],"wp:attachment":[{"href":"https:\/\/www.missoeshumanitarias.org\/en\/wp-json\/wp\/v2\/media?parent=131055"}],"wp:term":[{"taxonomy":"category","embeddable":true,"href":"https:\/\/www.missoeshumanitarias.org\/en\/wp-json\/wp\/v2\/categories?post=131055"},{"taxonomy":"post_tag","embeddable":true,"href":"https:\/\/www.missoeshumanitarias.org\/en\/wp-json\/wp\/v2\/tags?post=131055"}],"curies":[{"name":"wp","href":"https:\/\/api.w.org\/{rel}","templated":true}]}}