{"id":131097,"date":"2017-08-01T17:45:47","date_gmt":"2017-08-01T20:45:47","guid":{"rendered":"https:\/\/www.missoeshumanitarias.org\/greece-mission-visit-to-a-detention-camp\/"},"modified":"2017-08-01T17:45:47","modified_gmt":"2017-08-01T20:45:47","slug":"greece-mission-visit-to-a-detention-camp","status":"publish","type":"post","link":"https:\/\/www.missoeshumanitarias.org\/en\/greece-mission-visit-to-a-detention-camp\/","title":{"rendered":"Greece Mission \u2013 visit to a detention camp"},"content":{"rendered":"<p class=\"western\" style=\"text-align: justify;\" align=\"JUSTIFY\"><b>July 17 thru 23, Monday thru Sunday<\/b><\/p>\n<p class=\"western\" style=\"text-align: justify;\" align=\"JUSTIFY\"><b>Summer season<br \/>\n<a href=\"https:\/\/www.fraterinternacional.org\/wp-content\/uploads\/2017\/07\/grecia_missao_missionarios_roupas_deposito2_julho_2017.jpg\"><img fetchpriority=\"high\" decoding=\"async\" class=\"size-medium wp-image-59256 alignright\" src=\"https:\/\/www.missoeshumanitarias.org\/wp-content\/uploads\/2021\/08\/grecia_missao_missionarios_roupas_deposito2_julho_2017-225x300-1.jpg\" alt=\"\" width=\"225\" height=\"300\" \/><\/a><\/b><span style=\"font-weight: 400;\">The activities of the missionaries of the <\/span><b>Fraternidade \u2013 International Humanitarian Federation<\/b><span style=\"font-weight: 400;\"> \u2013 at Caritas Hellas, in the city of Athens, included the support to the organization of the stocks and distribution of clothes. During this week there was a great demand for masculine summer clothes, which had the stock depleted. To turn around the situation, the missionaries transferred masculine clothes from the storage of the Association of Lagonisi to Caritas.<\/span><\/p>\n<p style=\"text-align: justify;\"><span style=\"font-weight: 400;\">There was also a work of selection, organization and distribution of feminine clothes, as the demand has been very great during the whole week.<\/span><\/p>\n<p style=\"text-align: justify;\"><b>Donations in the detention camp<br \/>\n<\/b><span style=\"font-weight: 400;\">With the Missionaries of Charity of Mother Teresa of Calcutta, the missionaries of the Fraternidade kept giving their support in the fixing and distribution of meals, and effected a more intense work in the purchase of hygiene materials to be taken to a detention camp of illegal refugees.<\/span><\/p>\n<p style=\"text-align: justify;\"><span style=\"font-weight: 400;\">The distribution of toothbrushes and toothpastes, besides clothes and footwear, was done during the visit of the missionaries to the detention camp.<\/span><\/p>\n<p style=\"text-align: justify;\"><span style=\"font-weight: 400;\">\u201cThis visit is always important, as it is a moment that the detainees have to inform what is happening, how long time they have been there and the progress of the process.<\/span><\/p>\n<p style=\"text-align: justify;\"><span style=\"font-weight: 400;\">It is interesting, because sometimes we can see the progress of their process. When we return, we see that some people who had been in the previous visit have been released with their documents in order. It is a positive side of the visit, to learn that some obtain their release\u201d, said Ricardo Baumgartner, the coordinator of the missionaries of the Fraternidade.<\/span><\/p>\n<p style=\"text-align: justify;\"><span style=\"font-weight: 400;\">In the Orthodox Church of Saint Theodore, the support consisted in the assembly of 70 bags with food.<\/span><\/p>\n<p style=\"text-align: justify;\"><span style=\"font-weight: 400;\">In the missionary base of Athens, the missionaries benefitted from the summertime to resume the organization of the Garden.<\/span><\/p>\n<div id='gallery-1' class='gallery galleryid-131097 gallery-columns-2 gallery-size-medium'><figure class='gallery-item'>\n\t\t\t<div class='gallery-icon landscape'>\n\t\t\t\t<a href='https:\/\/www.missoeshumanitarias.org\/wp-content\/uploads\/2021\/08\/grecia_missao_base_jardim1_julho_2017.jpg'><img decoding=\"async\" width=\"300\" height=\"212\" src=\"https:\/\/www.missoeshumanitarias.org\/wp-content\/uploads\/2021\/08\/grecia_missao_base_jardim1_julho_2017-300x212.jpg\" class=\"attachment-medium size-medium\" alt=\"\" srcset=\"https:\/\/www.missoeshumanitarias.org\/wp-content\/uploads\/2021\/08\/grecia_missao_base_jardim1_julho_2017-300x212.jpg 300w, https:\/\/www.missoeshumanitarias.org\/wp-content\/uploads\/2021\/08\/grecia_missao_base_jardim1_julho_2017.jpg 400w\" sizes=\"(max-width: 300px) 100vw, 300px\" \/><\/a>\n\t\t\t<\/div><\/figure><figure class='gallery-item'>\n\t\t\t<div class='gallery-icon landscape'>\n\t\t\t\t<a href='https:\/\/www.missoeshumanitarias.org\/wp-content\/uploads\/2021\/08\/grecia_missao_base_jardim2_julho_2017.jpg'><img decoding=\"async\" width=\"300\" height=\"225\" src=\"https:\/\/www.missoeshumanitarias.org\/wp-content\/uploads\/2021\/08\/grecia_missao_base_jardim2_julho_2017-300x225.jpg\" class=\"attachment-medium size-medium\" alt=\"\" srcset=\"https:\/\/www.missoeshumanitarias.org\/wp-content\/uploads\/2021\/08\/grecia_missao_base_jardim2_julho_2017-300x225.jpg 300w, https:\/\/www.missoeshumanitarias.org\/wp-content\/uploads\/2021\/08\/grecia_missao_base_jardim2_julho_2017.jpg 400w\" sizes=\"(max-width: 300px) 100vw, 300px\" \/><\/a>\n\t\t\t<\/div><\/figure>\n\t\t<\/div>\n\n","protected":false},"excerpt":{"rendered":"<p>July 17 thru 23, Monday thru Sunday Summer season The activities of the missionaries of the Fraternidade \u2013 International Humanitarian Federation \u2013 at Caritas Hellas, in the city of Athens, included the support to the organization of the stocks and distribution of clothes. During this week there was a great demand for masculine summer clothes, [&hellip;]<\/p>\n","protected":false},"author":1,"featured_media":124826,"comment_status":"open","ping_status":"open","sticky":false,"template":"","format":"standard","meta":{"footnotes":""},"categories":[9,132],"tags":[],"class_list":["post-131097","post","type-post","status-publish","format-standard","has-post-thumbnail","hentry","category-news","category-news-about-the-missions"],"featured_image_src":"https:\/\/www.missoeshumanitarias.org\/wp-content\/uploads\/2021\/08\/grecia_missao_doacoes_carro2_julho_2017.jpg","author_info":{"display_name":"maducato_admin","author_link":"https:\/\/www.missoeshumanitarias.org\/en\/author\/maducato_admin\/"},"yoast_head":"<!-- This site is optimized with the Yoast SEO Premium plugin v22.5 (Yoast SEO v22.5) - https:\/\/yoast.com\/wordpress\/plugins\/seo\/ -->\n<title>Greece Mission \u2013 visit to a detention camp - Fraternidade Miss\u00f5es Humanit\u00e1rias Internacionais<\/title>\n<meta name=\"robots\" content=\"index, follow, max-snippet:-1, max-image-preview:large, max-video-preview:-1\" \/>\n<link rel=\"canonical\" href=\"https:\/\/www.missoeshumanitarias.org\/en\/greece-mission-visit-to-a-detention-camp\/\" \/>\n<meta property=\"og:locale\" content=\"en_US\" \/>\n<meta property=\"og:type\" content=\"article\" \/>\n<meta property=\"og:title\" content=\"Greece Mission \u2013 visit to a detention camp\" \/>\n<meta property=\"og:description\" content=\"July 17 thru 23, Monday thru Sunday Summer season The activities of the missionaries of the Fraternidade \u2013 International Humanitarian Federation \u2013 at Caritas Hellas, in the city of Athens, included the support to the organization of the stocks and distribution of clothes. During this week there was a great demand for masculine summer clothes, [&hellip;]\" \/>\n<meta property=\"og:url\" content=\"https:\/\/www.missoeshumanitarias.org\/en\/greece-mission-visit-to-a-detention-camp\/\" \/>\n<meta property=\"og:site_name\" content=\"Fraternidade Miss\u00f5es Humanit\u00e1rias Internacionais\" \/>\n<meta property=\"article:published_time\" content=\"2017-08-01T20:45:47+00:00\" \/>\n<meta property=\"og:image\" content=\"https:\/\/www.missoeshumanitarias.org\/wp-content\/uploads\/2021\/08\/grecia_missao_doacoes_carro2_julho_2017.jpg\" \/>\n\t<meta property=\"og:image:width\" content=\"690\" \/>\n\t<meta property=\"og:image:height\" content=\"388\" \/>\n\t<meta property=\"og:image:type\" content=\"image\/jpeg\" \/>\n<meta name=\"author\" content=\"maducato_admin\" \/>\n<meta name=\"twitter:card\" content=\"summary_large_image\" \/>\n<meta name=\"twitter:label1\" content=\"Written by\" \/>\n\t<meta name=\"twitter:data1\" content=\"maducato_admin\" \/>\n\t<meta name=\"twitter:label2\" content=\"Est. reading time\" \/>\n\t<meta name=\"twitter:data2\" content=\"2 minutes\" \/>\n<script type=\"application\/ld+json\" class=\"yoast-schema-graph\">{\"@context\":\"https:\/\/schema.org\",\"@graph\":[{\"@type\":\"Article\",\"@id\":\"https:\/\/www.missoeshumanitarias.org\/en\/greece-mission-visit-to-a-detention-camp\/#article\",\"isPartOf\":{\"@id\":\"https:\/\/www.missoeshumanitarias.org\/en\/greece-mission-visit-to-a-detention-camp\/\"},\"author\":{\"name\":\"maducato_admin\",\"@id\":\"https:\/\/www.missoeshumanitarias.org\/es\/#\/schema\/person\/e0f8527323154d1eba9f9d9eb6b401f7\"},\"headline\":\"Greece Mission \u2013 visit to a detention camp\",\"datePublished\":\"2017-08-01T20:45:47+00:00\",\"dateModified\":\"2017-08-01T20:45:47+00:00\",\"mainEntityOfPage\":{\"@id\":\"https:\/\/www.missoeshumanitarias.org\/en\/greece-mission-visit-to-a-detention-camp\/\"},\"wordCount\":321,\"commentCount\":0,\"publisher\":{\"@id\":\"https:\/\/www.missoeshumanitarias.org\/es\/#organization\"},\"image\":{\"@id\":\"https:\/\/www.missoeshumanitarias.org\/en\/greece-mission-visit-to-a-detention-camp\/#primaryimage\"},\"thumbnailUrl\":\"https:\/\/www.missoeshumanitarias.org\/wp-content\/uploads\/2021\/08\/grecia_missao_doacoes_carro2_julho_2017.jpg\",\"articleSection\":[\"News\",\"News about the Missions\"],\"inLanguage\":\"en-US\",\"potentialAction\":[{\"@type\":\"CommentAction\",\"name\":\"Comment\",\"target\":[\"https:\/\/www.missoeshumanitarias.org\/en\/greece-mission-visit-to-a-detention-camp\/#respond\"]}]},{\"@type\":\"WebPage\",\"@id\":\"https:\/\/www.missoeshumanitarias.org\/en\/greece-mission-visit-to-a-detention-camp\/\",\"url\":\"https:\/\/www.missoeshumanitarias.org\/en\/greece-mission-visit-to-a-detention-camp\/\",\"name\":\"Greece Mission \u2013 visit to a detention camp - Fraternidade Miss\u00f5es Humanit\u00e1rias Internacionais\",\"isPartOf\":{\"@id\":\"https:\/\/www.missoeshumanitarias.org\/es\/#website\"},\"primaryImageOfPage\":{\"@id\":\"https:\/\/www.missoeshumanitarias.org\/en\/greece-mission-visit-to-a-detention-camp\/#primaryimage\"},\"image\":{\"@id\":\"https:\/\/www.missoeshumanitarias.org\/en\/greece-mission-visit-to-a-detention-camp\/#primaryimage\"},\"thumbnailUrl\":\"https:\/\/www.missoeshumanitarias.org\/wp-content\/uploads\/2021\/08\/grecia_missao_doacoes_carro2_julho_2017.jpg\",\"datePublished\":\"2017-08-01T20:45:47+00:00\",\"dateModified\":\"2017-08-01T20:45:47+00:00\",\"breadcrumb\":{\"@id\":\"https:\/\/www.missoeshumanitarias.org\/en\/greece-mission-visit-to-a-detention-camp\/#breadcrumb\"},\"inLanguage\":\"en-US\",\"potentialAction\":[{\"@type\":\"ReadAction\",\"target\":[\"https:\/\/www.missoeshumanitarias.org\/en\/greece-mission-visit-to-a-detention-camp\/\"]}]},{\"@type\":\"ImageObject\",\"inLanguage\":\"en-US\",\"@id\":\"https:\/\/www.missoeshumanitarias.org\/en\/greece-mission-visit-to-a-detention-camp\/#primaryimage\",\"url\":\"https:\/\/www.missoeshumanitarias.org\/wp-content\/uploads\/2021\/08\/grecia_missao_doacoes_carro2_julho_2017.jpg\",\"contentUrl\":\"https:\/\/www.missoeshumanitarias.org\/wp-content\/uploads\/2021\/08\/grecia_missao_doacoes_carro2_julho_2017.jpg\",\"width\":690,\"height\":388},{\"@type\":\"BreadcrumbList\",\"@id\":\"https:\/\/www.missoeshumanitarias.org\/en\/greece-mission-visit-to-a-detention-camp\/#breadcrumb\",\"itemListElement\":[{\"@type\":\"ListItem\",\"position\":1,\"name\":\"Home\",\"item\":\"https:\/\/www.missoeshumanitarias.org\/en\/\"},{\"@type\":\"ListItem\",\"position\":2,\"name\":\"Greece Mission \u2013 visit to a detention camp\"}]},{\"@type\":\"WebSite\",\"@id\":\"https:\/\/www.missoeshumanitarias.org\/es\/#website\",\"url\":\"https:\/\/www.missoeshumanitarias.org\/es\/\",\"name\":\"Fraternidade Miss\u00f5es Humanit\u00e1rias Internacionais\",\"description\":\"Respostas Humanit\u00e1rias e Emerg\u00eancias\",\"publisher\":{\"@id\":\"https:\/\/www.missoeshumanitarias.org\/es\/#organization\"},\"potentialAction\":[{\"@type\":\"SearchAction\",\"target\":{\"@type\":\"EntryPoint\",\"urlTemplate\":\"https:\/\/www.missoeshumanitarias.org\/es\/?s={search_term_string}\"},\"query-input\":\"required name=search_term_string\"}],\"inLanguage\":\"en-US\"},{\"@type\":\"Organization\",\"@id\":\"https:\/\/www.missoeshumanitarias.org\/es\/#organization\",\"name\":\"Fraternidade - Miss\u00f5es Humanit\u00e1rias Internacionais\",\"url\":\"https:\/\/www.missoeshumanitarias.org\/es\/\",\"logo\":{\"@type\":\"ImageObject\",\"inLanguage\":\"en-US\",\"@id\":\"https:\/\/www.missoeshumanitarias.org\/es\/#\/schema\/logo\/image\/\",\"url\":\"https:\/\/www.missoeshumanitarias.org\/wp-content\/uploads\/2020\/05\/logo-FMHI-mg.png\",\"contentUrl\":\"https:\/\/www.missoeshumanitarias.org\/wp-content\/uploads\/2020\/05\/logo-FMHI-mg.png\",\"width\":520,\"height\":134,\"caption\":\"Fraternidade - Miss\u00f5es Humanit\u00e1rias Internacionais\"},\"image\":{\"@id\":\"https:\/\/www.missoeshumanitarias.org\/es\/#\/schema\/logo\/image\/\"}},{\"@type\":\"Person\",\"@id\":\"https:\/\/www.missoeshumanitarias.org\/es\/#\/schema\/person\/e0f8527323154d1eba9f9d9eb6b401f7\",\"name\":\"maducato_admin\",\"image\":{\"@type\":\"ImageObject\",\"inLanguage\":\"en-US\",\"@id\":\"https:\/\/www.missoeshumanitarias.org\/es\/#\/schema\/person\/image\/\",\"url\":\"https:\/\/secure.gravatar.com\/avatar\/6c3b45186a8f5a459d8e14c7fca370bceae92402bc06171d75e4e559b6c24393?s=96&d=mm&r=g\",\"contentUrl\":\"https:\/\/secure.gravatar.com\/avatar\/6c3b45186a8f5a459d8e14c7fca370bceae92402bc06171d75e4e559b6c24393?s=96&d=mm&r=g\",\"caption\":\"maducato_admin\"}}]}<\/script>\n<!-- \/ Yoast SEO Premium plugin. -->","yoast_head_json":{"title":"Greece Mission \u2013 visit to a detention camp - Fraternidade Miss\u00f5es Humanit\u00e1rias Internacionais","robots":{"index":"index","follow":"follow","max-snippet":"max-snippet:-1","max-image-preview":"max-image-preview:large","max-video-preview":"max-video-preview:-1"},"canonical":"https:\/\/www.missoeshumanitarias.org\/en\/greece-mission-visit-to-a-detention-camp\/","og_locale":"en_US","og_type":"article","og_title":"Greece Mission \u2013 visit to a detention camp","og_description":"July 17 thru 23, Monday thru Sunday Summer season The activities of the missionaries of the Fraternidade \u2013 International Humanitarian Federation \u2013 at Caritas Hellas, in the city of Athens, included the support to the organization of the stocks and distribution of clothes. During this week there was a great demand for masculine summer clothes, [&hellip;]","og_url":"https:\/\/www.missoeshumanitarias.org\/en\/greece-mission-visit-to-a-detention-camp\/","og_site_name":"Fraternidade Miss\u00f5es Humanit\u00e1rias Internacionais","article_published_time":"2017-08-01T20:45:47+00:00","og_image":[{"width":690,"height":388,"url":"https:\/\/www.missoeshumanitarias.org\/wp-content\/uploads\/2021\/08\/grecia_missao_doacoes_carro2_julho_2017.jpg","type":"image\/jpeg"}],"author":"maducato_admin","twitter_card":"summary_large_image","twitter_misc":{"Written by":"maducato_admin","Est. reading time":"2 minutes"},"schema":{"@context":"https:\/\/schema.org","@graph":[{"@type":"Article","@id":"https:\/\/www.missoeshumanitarias.org\/en\/greece-mission-visit-to-a-detention-camp\/#article","isPartOf":{"@id":"https:\/\/www.missoeshumanitarias.org\/en\/greece-mission-visit-to-a-detention-camp\/"},"author":{"name":"maducato_admin","@id":"https:\/\/www.missoeshumanitarias.org\/es\/#\/schema\/person\/e0f8527323154d1eba9f9d9eb6b401f7"},"headline":"Greece Mission \u2013 visit to a detention camp","datePublished":"2017-08-01T20:45:47+00:00","dateModified":"2017-08-01T20:45:47+00:00","mainEntityOfPage":{"@id":"https:\/\/www.missoeshumanitarias.org\/en\/greece-mission-visit-to-a-detention-camp\/"},"wordCount":321,"commentCount":0,"publisher":{"@id":"https:\/\/www.missoeshumanitarias.org\/es\/#organization"},"image":{"@id":"https:\/\/www.missoeshumanitarias.org\/en\/greece-mission-visit-to-a-detention-camp\/#primaryimage"},"thumbnailUrl":"https:\/\/www.missoeshumanitarias.org\/wp-content\/uploads\/2021\/08\/grecia_missao_doacoes_carro2_julho_2017.jpg","articleSection":["News","News about the Missions"],"inLanguage":"en-US","potentialAction":[{"@type":"CommentAction","name":"Comment","target":["https:\/\/www.missoeshumanitarias.org\/en\/greece-mission-visit-to-a-detention-camp\/#respond"]}]},{"@type":"WebPage","@id":"https:\/\/www.missoeshumanitarias.org\/en\/greece-mission-visit-to-a-detention-camp\/","url":"https:\/\/www.missoeshumanitarias.org\/en\/greece-mission-visit-to-a-detention-camp\/","name":"Greece Mission \u2013 visit to a detention camp - Fraternidade Miss\u00f5es Humanit\u00e1rias Internacionais","isPartOf":{"@id":"https:\/\/www.missoeshumanitarias.org\/es\/#website"},"primaryImageOfPage":{"@id":"https:\/\/www.missoeshumanitarias.org\/en\/greece-mission-visit-to-a-detention-camp\/#primaryimage"},"image":{"@id":"https:\/\/www.missoeshumanitarias.org\/en\/greece-mission-visit-to-a-detention-camp\/#primaryimage"},"thumbnailUrl":"https:\/\/www.missoeshumanitarias.org\/wp-content\/uploads\/2021\/08\/grecia_missao_doacoes_carro2_julho_2017.jpg","datePublished":"2017-08-01T20:45:47+00:00","dateModified":"2017-08-01T20:45:47+00:00","breadcrumb":{"@id":"https:\/\/www.missoeshumanitarias.org\/en\/greece-mission-visit-to-a-detention-camp\/#breadcrumb"},"inLanguage":"en-US","potentialAction":[{"@type":"ReadAction","target":["https:\/\/www.missoeshumanitarias.org\/en\/greece-mission-visit-to-a-detention-camp\/"]}]},{"@type":"ImageObject","inLanguage":"en-US","@id":"https:\/\/www.missoeshumanitarias.org\/en\/greece-mission-visit-to-a-detention-camp\/#primaryimage","url":"https:\/\/www.missoeshumanitarias.org\/wp-content\/uploads\/2021\/08\/grecia_missao_doacoes_carro2_julho_2017.jpg","contentUrl":"https:\/\/www.missoeshumanitarias.org\/wp-content\/uploads\/2021\/08\/grecia_missao_doacoes_carro2_julho_2017.jpg","width":690,"height":388},{"@type":"BreadcrumbList","@id":"https:\/\/www.missoeshumanitarias.org\/en\/greece-mission-visit-to-a-detention-camp\/#breadcrumb","itemListElement":[{"@type":"ListItem","position":1,"name":"Home","item":"https:\/\/www.missoeshumanitarias.org\/en\/"},{"@type":"ListItem","position":2,"name":"Greece Mission \u2013 visit to a detention camp"}]},{"@type":"WebSite","@id":"https:\/\/www.missoeshumanitarias.org\/es\/#website","url":"https:\/\/www.missoeshumanitarias.org\/es\/","name":"Fraternidade Miss\u00f5es Humanit\u00e1rias Internacionais","description":"Respostas Humanit\u00e1rias e Emerg\u00eancias","publisher":{"@id":"https:\/\/www.missoeshumanitarias.org\/es\/#organization"},"potentialAction":[{"@type":"SearchAction","target":{"@type":"EntryPoint","urlTemplate":"https:\/\/www.missoeshumanitarias.org\/es\/?s={search_term_string}"},"query-input":"required name=search_term_string"}],"inLanguage":"en-US"},{"@type":"Organization","@id":"https:\/\/www.missoeshumanitarias.org\/es\/#organization","name":"Fraternidade - Miss\u00f5es Humanit\u00e1rias Internacionais","url":"https:\/\/www.missoeshumanitarias.org\/es\/","logo":{"@type":"ImageObject","inLanguage":"en-US","@id":"https:\/\/www.missoeshumanitarias.org\/es\/#\/schema\/logo\/image\/","url":"https:\/\/www.missoeshumanitarias.org\/wp-content\/uploads\/2020\/05\/logo-FMHI-mg.png","contentUrl":"https:\/\/www.missoeshumanitarias.org\/wp-content\/uploads\/2020\/05\/logo-FMHI-mg.png","width":520,"height":134,"caption":"Fraternidade - Miss\u00f5es Humanit\u00e1rias Internacionais"},"image":{"@id":"https:\/\/www.missoeshumanitarias.org\/es\/#\/schema\/logo\/image\/"}},{"@type":"Person","@id":"https:\/\/www.missoeshumanitarias.org\/es\/#\/schema\/person\/e0f8527323154d1eba9f9d9eb6b401f7","name":"maducato_admin","image":{"@type":"ImageObject","inLanguage":"en-US","@id":"https:\/\/www.missoeshumanitarias.org\/es\/#\/schema\/person\/image\/","url":"https:\/\/secure.gravatar.com\/avatar\/6c3b45186a8f5a459d8e14c7fca370bceae92402bc06171d75e4e559b6c24393?s=96&d=mm&r=g","contentUrl":"https:\/\/secure.gravatar.com\/avatar\/6c3b45186a8f5a459d8e14c7fca370bceae92402bc06171d75e4e559b6c24393?s=96&d=mm&r=g","caption":"maducato_admin"}}]}},"_links":{"self":[{"href":"https:\/\/www.missoeshumanitarias.org\/en\/wp-json\/wp\/v2\/posts\/131097","targetHints":{"allow":["GET"]}}],"collection":[{"href":"https:\/\/www.missoeshumanitarias.org\/en\/wp-json\/wp\/v2\/posts"}],"about":[{"href":"https:\/\/www.missoeshumanitarias.org\/en\/wp-json\/wp\/v2\/types\/post"}],"author":[{"embeddable":true,"href":"https:\/\/www.missoeshumanitarias.org\/en\/wp-json\/wp\/v2\/users\/1"}],"replies":[{"embeddable":true,"href":"https:\/\/www.missoeshumanitarias.org\/en\/wp-json\/wp\/v2\/comments?post=131097"}],"version-history":[{"count":0,"href":"https:\/\/www.missoeshumanitarias.org\/en\/wp-json\/wp\/v2\/posts\/131097\/revisions"}],"wp:featuredmedia":[{"embeddable":true,"href":"https:\/\/www.missoeshumanitarias.org\/en\/wp-json\/wp\/v2\/media\/124826"}],"wp:attachment":[{"href":"https:\/\/www.missoeshumanitarias.org\/en\/wp-json\/wp\/v2\/media?parent=131097"}],"wp:term":[{"taxonomy":"category","embeddable":true,"href":"https:\/\/www.missoeshumanitarias.org\/en\/wp-json\/wp\/v2\/categories?post=131097"},{"taxonomy":"post_tag","embeddable":true,"href":"https:\/\/www.missoeshumanitarias.org\/en\/wp-json\/wp\/v2\/tags?post=131097"}],"curies":[{"name":"wp","href":"https:\/\/api.w.org\/{rel}","templated":true}]}}