{"id":131107,"date":"2017-09-03T17:17:41","date_gmt":"2017-09-03T20:17:41","guid":{"rendered":"https:\/\/www.missoeshumanitarias.org\/humanitarian-roraima-mission-exchange-between-brazilian-and-venezuelan-indigenous-people\/"},"modified":"2017-09-03T17:17:41","modified_gmt":"2017-09-03T20:17:41","slug":"humanitarian-roraima-mission-exchange-between-brazilian-and-venezuelan-indigenous-people","status":"publish","type":"post","link":"https:\/\/www.missoeshumanitarias.org\/en\/humanitarian-roraima-mission-exchange-between-brazilian-and-venezuelan-indigenous-people\/","title":{"rendered":"Humanitarian Roraima Mission \u2013 Exchange between Brazilian and Venezuelan Indigenous people"},"content":{"rendered":"<h3 style=\"text-align: left;\" align=\"CENTER\">[fusion_vimeo id=&#8221;https:\/\/vimeo.com\/231700254&#8243; alignment=&#8221;center&#8221; width=&#8221;350&#8243; height=&#8221;200&#8243; autoplay=&#8221;true&#8221; api_params=&#8221;&#8221; hide_on_mobile=&#8221;small-visibility,medium-visibility,large-visibility&#8221; class=&#8221;&#8221;][\/fusion_vimeo]<\/h3>\n<h3 class=\"western\" style=\"text-align: center;\" align=\"CENTER\"><b>Thursday thru Wednesday, August 17 thru 23<\/b><\/h3>\n<figure id=\"attachment_62020\" aria-describedby=\"caption-attachment-62020\" style=\"width: 300px\" class=\"wp-caption alignleft\"><a href=\"https:\/\/www.missoeshumanitarias.org\/wp-content\/uploads\/2021\/08\/roraima_missao_artesanato_intercambio_2macuxis_abrigo_08_2017.jpg\"><img fetchpriority=\"high\" decoding=\"async\" class=\"wp-image-62020 size-medium\" src=\"https:\/\/www.missoeshumanitarias.org\/wp-content\/uploads\/2021\/08\/roraima_missao_artesanato_intercambio_2macuxis_abrigo_08_2017-300x169-1.jpg\" alt=\"\" width=\"300\" height=\"169\" \/><\/a><figcaption id=\"caption-attachment-62020\" class=\"wp-caption-text\">Artisanship Exchange with the Macuxis Indians<\/figcaption><\/figure>\n<p style=\"text-align: justify;\"><span style=\"font-weight: 400;\">On Thursday, 17, a team of the National Foundation of the Indigenous People (Funai) and representatives of the Artisanship Program of Roraima, of the State Secretary of Labor and Social Welfare (Setrabes) visited the CRI \u2013 Center of Reference for the Immigrant. They fostered the interchange between the Brazilian Indigenous People of the Macuxi ethnic group and the Venezuelan Indigenous people of the Warao ethnic group, both showing the artisanship they make. A workshop will be appointed with them for exchange of artisanship, which will be exhibited in the Artisanship Fair that takes place on the weekends in the Anau\u00e1 Park, in the city of Boa Vista. <\/span><\/p>\n<p style=\"text-align: justify;\"><span style=\"font-weight: 400;\">A team with two members of the \u201cM\u00e9decins Sans Fronti\u00e8res\u201d went to the shelter and donated personal hygiene items and cleaning articles to be distributed to the refugees.<\/span><\/p>\n<p style=\"text-align: justify;\"><span style=\"font-weight: 400;\">The Setrabes also made the delivery of personal hygiene items and cleaning articles that had been acquired by the UNHCR.<\/span><\/p>\n<p style=\"text-align: justify;\"><span style=\"font-weight: 400;\">In the afternoon, missionaries of the <strong>Fraternidade \u2013 International Humanitarian Federation<\/strong> \u2013 had a meeting with the UNHCR, to organize actions in the CRI.<\/span><\/p>\n<p style=\"text-align: justify;\"><span style=\"font-weight: 400;\">Donation of food was received from the Mesa Brasil (Brazil Table) Program of the Sesc (Social Service of Commerce).<\/span><\/p>\n<p class=\"western\" style=\"text-align: justify;\" align=\"JUSTIFY\">\u27e2<\/p>\n<figure id=\"attachment_62147\" aria-describedby=\"caption-attachment-62147\" style=\"width: 300px\" class=\"wp-caption alignleft\"><a href=\"https:\/\/www.fraterinternacional.org\/wp-content\/uploads\/2017\/08\/roraima_missao_padre_mexicano_missa_08_2017.jpg\"><img decoding=\"async\" class=\"wp-image-62147 size-medium\" src=\"https:\/\/www.missoeshumanitarias.org\/wp-content\/uploads\/2021\/08\/roraima_missao_padre_mexicano_missa_08_2017-300x169-1.jpg\" alt=\"\" width=\"300\" height=\"169\" \/><\/a><figcaption id=\"caption-attachment-62147\" class=\"wp-caption-text\">Mexican Priest celebrating Mass<\/figcaption><\/figure>\n<p style=\"text-align: justify;\"><span style=\"font-weight: 400;\">On Friday, 18, a team of the M\u00e9decins Sans Fronti\u00e8res donated medicines.<\/span><\/p>\n<p style=\"text-align: justify;\"><span style=\"font-weight: 400;\">Missionaries of the Fraternidade transferred donations of clothes and cookies to the shelter of the International Church of the Foursquare Gospel.<\/span><\/p>\n<p style=\"text-align: justify;\"><span style=\"font-weight: 400;\">A Mexican missionary doctor, accompanied by two priests of the Church, attended three patients in the morning.<\/span><\/p>\n<p style=\"text-align: justify;\"><span style=\"font-weight: 400;\">Accompaniment of health of Warao baby, with its mother, who was hospitalized at the Child\u2019s Hospital.<\/span><\/p>\n<p style=\"text-align: justify;\"><span style=\"font-weight: 400;\">A new donation of food from the Mesa Brasil (Brazil Table) Program of the Sesc.<\/span><\/p>\n<p style=\"text-align: justify;\"><span style=\"font-weight: 400;\">In the afternoon, in the House of Saint Joseph, the assembly of the personal hygiene kits was made, with materials that had been donated by the M\u00e9decins Sans Fronti\u00e8res and by the UNHCR.<\/span><\/p>\n<p class=\"western\" style=\"text-align: justify;\" align=\"JUSTIFY\">\u27e2<\/p>\n<figure id=\"attachment_62044\" aria-describedby=\"caption-attachment-62044\" style=\"width: 300px\" class=\"wp-caption alignright\"><a href=\"https:\/\/www.fraterinternacional.org\/wp-content\/uploads\/2017\/08\/roraima_missao_distribuicao_lanche_abrigo_08_2017.jpg\"><img decoding=\"async\" class=\"wp-image-62044 size-medium\" src=\"https:\/\/www.missoeshumanitarias.org\/wp-content\/uploads\/2021\/08\/roraima_missao_distribuicao_lanche_abrigo_08_2017-300x169-1.jpg\" alt=\"\" width=\"300\" height=\"169\" \/><\/a><figcaption id=\"caption-attachment-62044\" class=\"wp-caption-text\">A volunteer group distributes snacks in the shelter<\/figcaption><\/figure>\n<p style=\"text-align: justify;\"><span style=\"font-weight: 400;\">On Saturday, 18, the distribution of a great amount of personal hygiene and cleaning kits was made in the shelter.<\/span><\/p>\n<p style=\"text-align: justify;\"><span style=\"font-weight: 400;\">Donation of clothes to the shelter of the International Church of the Foursquare Gospel, which houses about 35 Venezuelans.<\/span><\/p>\n<p style=\"text-align: justify;\"><span style=\"font-weight: 400;\">The Missionaries of the Fraternidade picked a mother with her baby who had received discharge at the Child\u2019s Hospital.<\/span><\/p>\n<p style=\"text-align: justify;\"><span style=\"font-weight: 400;\">A volunteer of the Project \u201cMusical Remedy\u201d, which travels the country bringing music for children who are at hospitals and in places in need, was in the shelter and made a presentation.<\/span><\/p>\n<p style=\"text-align: justify;\"><span style=\"font-weight: 400;\">The group distributed snacks (juice and sandwich) to all refugees in the shelter.<\/span><\/p>\n<p style=\"text-align: justify;\">\u27e2<br \/>\n<span style=\"font-weight: 400;\">Sunday, 20, the missionaries of the Fraternidade stayed in the House of Saint Joseph, making selection of clothes.<\/span><\/p>\n<p class=\"western\" style=\"text-align: justify;\" align=\"JUSTIFY\">\u27e2<\/p>\n<figure id=\"attachment_62038\" aria-describedby=\"caption-attachment-62038\" style=\"width: 300px\" class=\"wp-caption alignleft\"><a href=\"https:\/\/www.fraterinternacional.org\/wp-content\/uploads\/2017\/08\/roraima_missao_distribuicao_calcados_08_2017.jpg\"><img loading=\"lazy\" decoding=\"async\" class=\"wp-image-62038 size-medium\" src=\"https:\/\/www.missoeshumanitarias.org\/wp-content\/uploads\/2021\/08\/roraima_missao_distribuicao_calcados_08_2017-300x169-1.jpg\" alt=\"\" width=\"300\" height=\"169\" \/><\/a><figcaption id=\"caption-attachment-62038\" class=\"wp-caption-text\">Distribution of footwear<\/figcaption><\/figure>\n<p style=\"text-align: justify;\"><span style=\"font-weight: 400;\">The week began in the CRI with the distribution, early in the morning, of kits with footwear for children and clothes for the men.<\/span><\/p>\n<p style=\"text-align: justify;\"><span style=\"font-weight: 400;\">Received donation of food given by the Mormons.<\/span><\/p>\n<p style=\"text-align: justify;\"><span style=\"font-weight: 400;\">Delivery of donation of clothes to the Association of Venezuelans in Brazil.<\/span><\/p>\n<p style=\"text-align: justify;\"><span style=\"font-weight: 400;\">A team with tem people of the Ministry of Health, from Brasilia, went to the shelter to check the health situation of the refugees in the place, in the hospitals and in Pacaraima.<\/span><\/p>\n<p class=\"western\" style=\"text-align: justify;\" align=\"JUSTIFY\">\u27e2<\/p>\n<p class=\"western\" style=\"text-align: justify;\" align=\"JUSTIFY\"><span style=\"font-weight: 400;\">On Tuesday, 22, the national president of the Church of Jesus Christ of the Latter-Day Saints (aka Mormon Church), who came from Brasilia and representatives of the UNHCR visited the shelter to check the current needs.<\/span><\/p>\n<p class=\"western\" style=\"text-align: justify;\" align=\"JUSTIFY\"><b>Escape from hospital<\/b><\/p>\n<p style=\"text-align: justify;\"><span style=\"font-weight: 400;\">Warao refugee, after surgery in his leg at hospital in Boa Vista, escaped to the shelter. As soon as the missionaries perceived his presence, he was taken back to hospital, as his leg began to show signs of infection.<\/span><\/p>\n<p style=\"text-align: justify;\"><span style=\"font-weight: 400;\">Another Indigenous person, coming from the city of Pacaraima, arrived at the CRI in a poor state of health and was also hospitalized at the General Hospital of Roraima.<\/span><\/p>\n<p style=\"text-align: justify;\"><span style=\"font-weight: 400;\">Distribution of clothes to Indigenous and non-Indigenous men.<\/span><\/p>\n<p class=\"western\" style=\"text-align: justify;\" align=\"JUSTIFY\">\u27e2<\/p>\n<figure id=\"attachment_62150\" aria-describedby=\"caption-attachment-62150\" style=\"width: 300px\" class=\"wp-caption alignleft\"><a href=\"https:\/\/www.fraterinternacional.org\/wp-content\/uploads\/2017\/08\/roraima_missao_distribuicao_roupas_08_2017.jpg\"><img loading=\"lazy\" decoding=\"async\" class=\"wp-image-62150 size-medium\" src=\"https:\/\/www.missoeshumanitarias.org\/wp-content\/uploads\/2021\/08\/roraima_missao_distribuicao_roupas_08_2017-300x169-1.jpg\" alt=\"\" width=\"300\" height=\"169\" \/><\/a><figcaption id=\"caption-attachment-62150\" class=\"wp-caption-text\">Distribution of clothes<\/figcaption><\/figure>\n<p style=\"text-align: justify;\"><span style=\"font-weight: 400;\">On Wednesday, 23, there was the distribution of hygiene kits and clothes to non-Indigenous refugees.<\/span><\/p>\n<p style=\"text-align: justify;\"><span style=\"font-weight: 400;\">Another donation of food from the Mesa Brasil (Brazil Table) Program of the Sesc was received.<\/span><\/p>\n<p style=\"text-align: justify;\"><span style=\"font-weight: 400;\">A clothes shop from the city of Boa Vista made donations to the shelter.<\/span><\/p>\n<p style=\"text-align: justify;\"><span style=\"font-weight: 400;\">The special Secretary of Indigenous Health (Sesai) of the Yanomami Special Indigenous Sanitary District (Dsei) went to the CRI and made quick tests for diseases.<\/span><\/p>\n<p style=\"text-align: justify;\"><span style=\"font-weight: 400;\">A representative of the International Organization for Migrations (IOM) visited the shelter to plan future collaborations.<\/span><\/p>\n<p style=\"text-align: justify;\"><span style=\"font-weight: 400;\">A member of the Post-Graduate Program in Military Sciences of Rio de Janeiro visited the shelter to plan possible supports.<\/span><\/p>\n<p style=\"text-align: justify;\"><span style=\"font-weight: 400;\">An anthropologist from the Roraima Federal University (UFRR) went to the shelter, accompanied by two representatives of the Missionary Indigenous Council (Cimi) of Roraima, to get to know the place.<\/span><\/p>\n<div id='gallery-1' class='gallery galleryid-131107 gallery-columns-3 gallery-size-medium'><figure class='gallery-item'>\n\t\t\t<div class='gallery-icon landscape'>\n\t\t\t\t<a href='https:\/\/www.missoeshumanitarias.org\/en\/humanitarian-roraima-mission-exchange-between-brazilian-and-venezuelan-indigenous-people\/roraima_missao_musico_criancas_08_2017-1-2\/'><img loading=\"lazy\" decoding=\"async\" width=\"300\" height=\"169\" src=\"https:\/\/www.missoeshumanitarias.org\/wp-content\/uploads\/2021\/08\/roraima_missao_musico_criancas_08_2017-1-300x169.jpg\" class=\"attachment-medium size-medium\" alt=\"\" srcset=\"https:\/\/www.missoeshumanitarias.org\/wp-content\/uploads\/2021\/08\/roraima_missao_musico_criancas_08_2017-1-300x169.jpg 300w, https:\/\/www.missoeshumanitarias.org\/wp-content\/uploads\/2021\/08\/roraima_missao_musico_criancas_08_2017-1.jpg 690w\" sizes=\"(max-width: 300px) 100vw, 300px\" \/><\/a>\n\t\t\t<\/div><\/figure><figure class='gallery-item'>\n\t\t\t<div class='gallery-icon landscape'>\n\t\t\t\t<a href='https:\/\/www.missoeshumanitarias.org\/en\/humanitarian-roraima-mission-exchange-between-brazilian-and-venezuelan-indigenous-people\/roraima_missao_sesai_dsei_atendimentos_08_2017-2\/'><img loading=\"lazy\" decoding=\"async\" width=\"300\" height=\"169\" src=\"https:\/\/www.missoeshumanitarias.org\/wp-content\/uploads\/2021\/08\/roraima_missao_sesai_dsei_atendimentos_08_2017-300x169.jpg\" class=\"attachment-medium size-medium\" alt=\"\" srcset=\"https:\/\/www.missoeshumanitarias.org\/wp-content\/uploads\/2021\/08\/roraima_missao_sesai_dsei_atendimentos_08_2017-300x169.jpg 300w, https:\/\/www.missoeshumanitarias.org\/wp-content\/uploads\/2021\/08\/roraima_missao_sesai_dsei_atendimentos_08_2017.jpg 690w\" sizes=\"(max-width: 300px) 100vw, 300px\" \/><\/a>\n\t\t\t<\/div><\/figure><figure class='gallery-item'>\n\t\t\t<div class='gallery-icon landscape'>\n\t\t\t\t<a href='https:\/\/www.missoeshumanitarias.org\/en\/humanitarian-roraima-mission-exchange-between-brazilian-and-venezuelan-indigenous-people\/roraima_missao_distribuicao_lanche2_abrigo_08_2017-2\/'><img loading=\"lazy\" decoding=\"async\" width=\"300\" height=\"169\" src=\"https:\/\/www.missoeshumanitarias.org\/wp-content\/uploads\/2021\/08\/roraima_missao_distribuicao_lanche2_abrigo_08_2017-300x169.jpg\" class=\"attachment-medium size-medium\" alt=\"\" srcset=\"https:\/\/www.missoeshumanitarias.org\/wp-content\/uploads\/2021\/08\/roraima_missao_distribuicao_lanche2_abrigo_08_2017-300x169.jpg 300w, https:\/\/www.missoeshumanitarias.org\/wp-content\/uploads\/2021\/08\/roraima_missao_distribuicao_lanche2_abrigo_08_2017.jpg 690w\" sizes=\"(max-width: 300px) 100vw, 300px\" \/><\/a>\n\t\t\t<\/div><\/figure><figure class='gallery-item'>\n\t\t\t<div class='gallery-icon landscape'>\n\t\t\t\t<a href='https:\/\/www.missoeshumanitarias.org\/en\/humanitarian-roraima-mission-exchange-between-brazilian-and-venezuelan-indigenous-people\/roraima_missao_acnur_mormons_missionaria_abrigo_08_2017-2\/'><img loading=\"lazy\" decoding=\"async\" width=\"300\" height=\"169\" src=\"https:\/\/www.missoeshumanitarias.org\/wp-content\/uploads\/2021\/08\/roraima_missao_acnur_mormons_missionaria_abrigo_08_2017-300x169.jpg\" class=\"attachment-medium size-medium\" alt=\"\" srcset=\"https:\/\/www.missoeshumanitarias.org\/wp-content\/uploads\/2021\/08\/roraima_missao_acnur_mormons_missionaria_abrigo_08_2017-300x169.jpg 300w, https:\/\/www.missoeshumanitarias.org\/wp-content\/uploads\/2021\/08\/roraima_missao_acnur_mormons_missionaria_abrigo_08_2017.jpg 690w\" sizes=\"(max-width: 300px) 100vw, 300px\" \/><\/a>\n\t\t\t<\/div><\/figure><figure class='gallery-item'>\n\t\t\t<div class='gallery-icon landscape'>\n\t\t\t\t<a href='https:\/\/www.missoeshumanitarias.org\/en\/humanitarian-roraima-mission-exchange-between-brazilian-and-venezuelan-indigenous-people\/roraima_missao_artesanato_intercambio_2macuxis_abrigo_08_2017-2\/'><img loading=\"lazy\" decoding=\"async\" width=\"300\" height=\"169\" src=\"https:\/\/www.missoeshumanitarias.org\/wp-content\/uploads\/2021\/08\/roraima_missao_artesanato_intercambio_2macuxis_abrigo_08_2017-300x169.jpg\" class=\"attachment-medium size-medium\" alt=\"\" srcset=\"https:\/\/www.missoeshumanitarias.org\/wp-content\/uploads\/2021\/08\/roraima_missao_artesanato_intercambio_2macuxis_abrigo_08_2017-300x169.jpg 300w, https:\/\/www.missoeshumanitarias.org\/wp-content\/uploads\/2021\/08\/roraima_missao_artesanato_intercambio_2macuxis_abrigo_08_2017.jpg 690w\" sizes=\"(max-width: 300px) 100vw, 300px\" \/><\/a>\n\t\t\t<\/div><\/figure><figure class='gallery-item'>\n\t\t\t<div class='gallery-icon portrait'>\n\t\t\t\t<a href='https:\/\/www.missoeshumanitarias.org\/en\/humanitarian-roraima-mission-exchange-between-brazilian-and-venezuelan-indigenous-people\/roraima_missao_calcando_crianca_missionario_08_2017-2\/'><img loading=\"lazy\" decoding=\"async\" width=\"235\" height=\"300\" src=\"https:\/\/www.missoeshumanitarias.org\/wp-content\/uploads\/2021\/08\/roraima_missao_calcando_crianca_missionario_08_2017-235x300.jpg\" class=\"attachment-medium size-medium\" alt=\"\" srcset=\"https:\/\/www.missoeshumanitarias.org\/wp-content\/uploads\/2021\/08\/roraima_missao_calcando_crianca_missionario_08_2017-235x300.jpg 235w, https:\/\/www.missoeshumanitarias.org\/wp-content\/uploads\/2021\/08\/roraima_missao_calcando_crianca_missionario_08_2017.jpg 400w\" sizes=\"(max-width: 235px) 100vw, 235px\" \/><\/a>\n\t\t\t<\/div><\/figure><figure class='gallery-item'>\n\t\t\t<div class='gallery-icon portrait'>\n\t\t\t\t<a href='https:\/\/www.missoeshumanitarias.org\/en\/humanitarian-roraima-mission-exchange-between-brazilian-and-venezuelan-indigenous-people\/roraima_missao_artesanato_intercambio_macuxis_abrigo_08_2017-2\/'><img loading=\"lazy\" decoding=\"async\" width=\"289\" height=\"300\" src=\"https:\/\/www.missoeshumanitarias.org\/wp-content\/uploads\/2021\/08\/roraima_missao_artesanato_intercambio_macuxis_abrigo_08_2017-289x300.jpg\" class=\"attachment-medium size-medium\" alt=\"\" srcset=\"https:\/\/www.missoeshumanitarias.org\/wp-content\/uploads\/2021\/08\/roraima_missao_artesanato_intercambio_macuxis_abrigo_08_2017-289x300.jpg 289w, https:\/\/www.missoeshumanitarias.org\/wp-content\/uploads\/2021\/08\/roraima_missao_artesanato_intercambio_macuxis_abrigo_08_2017.jpg 400w\" sizes=\"(max-width: 289px) 100vw, 289px\" \/><\/a>\n\t\t\t<\/div><\/figure>\n\t\t<\/div>\n\n","protected":false},"excerpt":{"rendered":"<p>[fusion_vimeo id=&#8221;https:\/\/vimeo.com\/231700254&#8243; alignment=&#8221;center&#8221; width=&#8221;350&#8243; height=&#8221;200&#8243; autoplay=&#8221;true&#8221; api_params=&#8221;&#8221; hide_on_mobile=&#8221;small-visibility,medium-visibility,large-visibility&#8221; class=&#8221;&#8221;][\/fusion_vimeo] Thursday thru Wednesday, August 17 thru 23 On Thursday, 17, a team of the National Foundation of the Indigenous People (Funai) and representatives of the Artisanship Program of Roraima, of the State Secretary of Labor and Social Welfare (Setrabes) visited the CRI \u2013 Center of Reference [&hellip;]<\/p>\n","protected":false},"author":1,"featured_media":125118,"comment_status":"open","ping_status":"open","sticky":false,"template":"","format":"standard","meta":{"footnotes":""},"categories":[138,9,132],"tags":[],"class_list":["post-131107","post","type-post","status-publish","format-standard","has-post-thumbnail","hentry","category-network-of-light","category-news","category-news-about-the-missions"],"featured_image_src":"https:\/\/www.missoeshumanitarias.org\/wp-content\/uploads\/2021\/08\/roraima_missao_artesanato_intercambio_2macuxis_abrigo_08_2017.jpg","author_info":{"display_name":"maducato_admin","author_link":"https:\/\/www.missoeshumanitarias.org\/en\/author\/maducato_admin\/"},"yoast_head":"<!-- This site is optimized with the Yoast SEO Premium plugin v22.5 (Yoast SEO v22.5) - https:\/\/yoast.com\/wordpress\/plugins\/seo\/ -->\n<title>Humanitarian Roraima Mission \u2013 Exchange between Brazilian and Venezuelan Indigenous people - Fraternidade Miss\u00f5es Humanit\u00e1rias Internacionais<\/title>\n<meta name=\"robots\" content=\"index, follow, max-snippet:-1, max-image-preview:large, max-video-preview:-1\" \/>\n<link rel=\"canonical\" href=\"https:\/\/www.missoeshumanitarias.org\/en\/humanitarian-roraima-mission-exchange-between-brazilian-and-venezuelan-indigenous-people\/\" \/>\n<meta property=\"og:locale\" content=\"en_US\" \/>\n<meta property=\"og:type\" content=\"article\" \/>\n<meta property=\"og:title\" content=\"Humanitarian Roraima Mission \u2013 Exchange between Brazilian and Venezuelan Indigenous people\" \/>\n<meta property=\"og:description\" content=\"[fusion_vimeo id=&#8221;https:\/\/vimeo.com\/231700254&#8243; alignment=&#8221;center&#8221; width=&#8221;350&#8243; height=&#8221;200&#8243; autoplay=&#8221;true&#8221; api_params=&#8221;&#8221; hide_on_mobile=&#8221;small-visibility,medium-visibility,large-visibility&#8221; class=&#8221;&#8221;][\/fusion_vimeo] Thursday thru Wednesday, August 17 thru 23 On Thursday, 17, a team of the National Foundation of the Indigenous People (Funai) and representatives of the Artisanship Program of Roraima, of the State Secretary of Labor and Social Welfare (Setrabes) visited the CRI \u2013 Center of Reference [&hellip;]\" \/>\n<meta property=\"og:url\" content=\"https:\/\/www.missoeshumanitarias.org\/en\/humanitarian-roraima-mission-exchange-between-brazilian-and-venezuelan-indigenous-people\/\" \/>\n<meta property=\"og:site_name\" content=\"Fraternidade Miss\u00f5es Humanit\u00e1rias Internacionais\" \/>\n<meta property=\"article:published_time\" content=\"2017-09-03T20:17:41+00:00\" \/>\n<meta property=\"og:image\" content=\"https:\/\/www.missoeshumanitarias.org\/wp-content\/uploads\/2021\/08\/roraima_missao_artesanato_intercambio_2macuxis_abrigo_08_2017.jpg\" \/>\n\t<meta property=\"og:image:width\" content=\"690\" \/>\n\t<meta property=\"og:image:height\" content=\"388\" \/>\n\t<meta property=\"og:image:type\" content=\"image\/jpeg\" \/>\n<meta name=\"author\" content=\"maducato_admin\" \/>\n<meta name=\"twitter:card\" content=\"summary_large_image\" \/>\n<meta name=\"twitter:label1\" content=\"Written by\" \/>\n\t<meta name=\"twitter:data1\" content=\"maducato_admin\" \/>\n\t<meta name=\"twitter:label2\" content=\"Est. reading time\" \/>\n\t<meta name=\"twitter:data2\" content=\"4 minutes\" \/>\n<script type=\"application\/ld+json\" class=\"yoast-schema-graph\">{\"@context\":\"https:\/\/schema.org\",\"@graph\":[{\"@type\":\"Article\",\"@id\":\"https:\/\/www.missoeshumanitarias.org\/en\/humanitarian-roraima-mission-exchange-between-brazilian-and-venezuelan-indigenous-people\/#article\",\"isPartOf\":{\"@id\":\"https:\/\/www.missoeshumanitarias.org\/en\/humanitarian-roraima-mission-exchange-between-brazilian-and-venezuelan-indigenous-people\/\"},\"author\":{\"name\":\"maducato_admin\",\"@id\":\"https:\/\/www.missoeshumanitarias.org\/es\/#\/schema\/person\/e0f8527323154d1eba9f9d9eb6b401f7\"},\"headline\":\"Humanitarian Roraima Mission \u2013 Exchange between Brazilian and Venezuelan Indigenous people\",\"datePublished\":\"2017-09-03T20:17:41+00:00\",\"dateModified\":\"2017-09-03T20:17:41+00:00\",\"mainEntityOfPage\":{\"@id\":\"https:\/\/www.missoeshumanitarias.org\/en\/humanitarian-roraima-mission-exchange-between-brazilian-and-venezuelan-indigenous-people\/\"},\"wordCount\":860,\"commentCount\":0,\"publisher\":{\"@id\":\"https:\/\/www.missoeshumanitarias.org\/es\/#organization\"},\"image\":{\"@id\":\"https:\/\/www.missoeshumanitarias.org\/en\/humanitarian-roraima-mission-exchange-between-brazilian-and-venezuelan-indigenous-people\/#primaryimage\"},\"thumbnailUrl\":\"https:\/\/www.missoeshumanitarias.org\/wp-content\/uploads\/2021\/08\/roraima_missao_artesanato_intercambio_2macuxis_abrigo_08_2017.jpg\",\"articleSection\":[\"Network-of-Light\",\"News\",\"News about the Missions\"],\"inLanguage\":\"en-US\",\"potentialAction\":[{\"@type\":\"CommentAction\",\"name\":\"Comment\",\"target\":[\"https:\/\/www.missoeshumanitarias.org\/en\/humanitarian-roraima-mission-exchange-between-brazilian-and-venezuelan-indigenous-people\/#respond\"]}]},{\"@type\":\"WebPage\",\"@id\":\"https:\/\/www.missoeshumanitarias.org\/en\/humanitarian-roraima-mission-exchange-between-brazilian-and-venezuelan-indigenous-people\/\",\"url\":\"https:\/\/www.missoeshumanitarias.org\/en\/humanitarian-roraima-mission-exchange-between-brazilian-and-venezuelan-indigenous-people\/\",\"name\":\"Humanitarian Roraima Mission \u2013 Exchange between Brazilian and Venezuelan Indigenous people - Fraternidade Miss\u00f5es Humanit\u00e1rias Internacionais\",\"isPartOf\":{\"@id\":\"https:\/\/www.missoeshumanitarias.org\/es\/#website\"},\"primaryImageOfPage\":{\"@id\":\"https:\/\/www.missoeshumanitarias.org\/en\/humanitarian-roraima-mission-exchange-between-brazilian-and-venezuelan-indigenous-people\/#primaryimage\"},\"image\":{\"@id\":\"https:\/\/www.missoeshumanitarias.org\/en\/humanitarian-roraima-mission-exchange-between-brazilian-and-venezuelan-indigenous-people\/#primaryimage\"},\"thumbnailUrl\":\"https:\/\/www.missoeshumanitarias.org\/wp-content\/uploads\/2021\/08\/roraima_missao_artesanato_intercambio_2macuxis_abrigo_08_2017.jpg\",\"datePublished\":\"2017-09-03T20:17:41+00:00\",\"dateModified\":\"2017-09-03T20:17:41+00:00\",\"breadcrumb\":{\"@id\":\"https:\/\/www.missoeshumanitarias.org\/en\/humanitarian-roraima-mission-exchange-between-brazilian-and-venezuelan-indigenous-people\/#breadcrumb\"},\"inLanguage\":\"en-US\",\"potentialAction\":[{\"@type\":\"ReadAction\",\"target\":[\"https:\/\/www.missoeshumanitarias.org\/en\/humanitarian-roraima-mission-exchange-between-brazilian-and-venezuelan-indigenous-people\/\"]}]},{\"@type\":\"ImageObject\",\"inLanguage\":\"en-US\",\"@id\":\"https:\/\/www.missoeshumanitarias.org\/en\/humanitarian-roraima-mission-exchange-between-brazilian-and-venezuelan-indigenous-people\/#primaryimage\",\"url\":\"https:\/\/www.missoeshumanitarias.org\/wp-content\/uploads\/2021\/08\/roraima_missao_artesanato_intercambio_2macuxis_abrigo_08_2017.jpg\",\"contentUrl\":\"https:\/\/www.missoeshumanitarias.org\/wp-content\/uploads\/2021\/08\/roraima_missao_artesanato_intercambio_2macuxis_abrigo_08_2017.jpg\",\"width\":690,\"height\":388},{\"@type\":\"BreadcrumbList\",\"@id\":\"https:\/\/www.missoeshumanitarias.org\/en\/humanitarian-roraima-mission-exchange-between-brazilian-and-venezuelan-indigenous-people\/#breadcrumb\",\"itemListElement\":[{\"@type\":\"ListItem\",\"position\":1,\"name\":\"Home\",\"item\":\"https:\/\/www.missoeshumanitarias.org\/en\/\"},{\"@type\":\"ListItem\",\"position\":2,\"name\":\"Humanitarian Roraima Mission \u2013 Exchange between Brazilian and Venezuelan Indigenous people\"}]},{\"@type\":\"WebSite\",\"@id\":\"https:\/\/www.missoeshumanitarias.org\/es\/#website\",\"url\":\"https:\/\/www.missoeshumanitarias.org\/es\/\",\"name\":\"Fraternidade Miss\u00f5es Humanit\u00e1rias Internacionais\",\"description\":\"Respostas Humanit\u00e1rias e Emerg\u00eancias\",\"publisher\":{\"@id\":\"https:\/\/www.missoeshumanitarias.org\/es\/#organization\"},\"potentialAction\":[{\"@type\":\"SearchAction\",\"target\":{\"@type\":\"EntryPoint\",\"urlTemplate\":\"https:\/\/www.missoeshumanitarias.org\/es\/?s={search_term_string}\"},\"query-input\":\"required name=search_term_string\"}],\"inLanguage\":\"en-US\"},{\"@type\":\"Organization\",\"@id\":\"https:\/\/www.missoeshumanitarias.org\/es\/#organization\",\"name\":\"Fraternidade - Miss\u00f5es Humanit\u00e1rias Internacionais\",\"url\":\"https:\/\/www.missoeshumanitarias.org\/es\/\",\"logo\":{\"@type\":\"ImageObject\",\"inLanguage\":\"en-US\",\"@id\":\"https:\/\/www.missoeshumanitarias.org\/es\/#\/schema\/logo\/image\/\",\"url\":\"https:\/\/www.missoeshumanitarias.org\/wp-content\/uploads\/2020\/05\/logo-FMHI-mg.png\",\"contentUrl\":\"https:\/\/www.missoeshumanitarias.org\/wp-content\/uploads\/2020\/05\/logo-FMHI-mg.png\",\"width\":520,\"height\":134,\"caption\":\"Fraternidade - Miss\u00f5es Humanit\u00e1rias Internacionais\"},\"image\":{\"@id\":\"https:\/\/www.missoeshumanitarias.org\/es\/#\/schema\/logo\/image\/\"}},{\"@type\":\"Person\",\"@id\":\"https:\/\/www.missoeshumanitarias.org\/es\/#\/schema\/person\/e0f8527323154d1eba9f9d9eb6b401f7\",\"name\":\"maducato_admin\",\"image\":{\"@type\":\"ImageObject\",\"inLanguage\":\"en-US\",\"@id\":\"https:\/\/www.missoeshumanitarias.org\/es\/#\/schema\/person\/image\/\",\"url\":\"https:\/\/secure.gravatar.com\/avatar\/6c3b45186a8f5a459d8e14c7fca370bceae92402bc06171d75e4e559b6c24393?s=96&d=mm&r=g\",\"contentUrl\":\"https:\/\/secure.gravatar.com\/avatar\/6c3b45186a8f5a459d8e14c7fca370bceae92402bc06171d75e4e559b6c24393?s=96&d=mm&r=g\",\"caption\":\"maducato_admin\"}}]}<\/script>\n<!-- \/ Yoast SEO Premium plugin. -->","yoast_head_json":{"title":"Humanitarian Roraima Mission \u2013 Exchange between Brazilian and Venezuelan Indigenous people - Fraternidade Miss\u00f5es Humanit\u00e1rias Internacionais","robots":{"index":"index","follow":"follow","max-snippet":"max-snippet:-1","max-image-preview":"max-image-preview:large","max-video-preview":"max-video-preview:-1"},"canonical":"https:\/\/www.missoeshumanitarias.org\/en\/humanitarian-roraima-mission-exchange-between-brazilian-and-venezuelan-indigenous-people\/","og_locale":"en_US","og_type":"article","og_title":"Humanitarian Roraima Mission \u2013 Exchange between Brazilian and Venezuelan Indigenous people","og_description":"[fusion_vimeo id=&#8221;https:\/\/vimeo.com\/231700254&#8243; alignment=&#8221;center&#8221; width=&#8221;350&#8243; height=&#8221;200&#8243; autoplay=&#8221;true&#8221; api_params=&#8221;&#8221; hide_on_mobile=&#8221;small-visibility,medium-visibility,large-visibility&#8221; class=&#8221;&#8221;][\/fusion_vimeo] Thursday thru Wednesday, August 17 thru 23 On Thursday, 17, a team of the National Foundation of the Indigenous People (Funai) and representatives of the Artisanship Program of Roraima, of the State Secretary of Labor and Social Welfare (Setrabes) visited the CRI \u2013 Center of Reference [&hellip;]","og_url":"https:\/\/www.missoeshumanitarias.org\/en\/humanitarian-roraima-mission-exchange-between-brazilian-and-venezuelan-indigenous-people\/","og_site_name":"Fraternidade Miss\u00f5es Humanit\u00e1rias Internacionais","article_published_time":"2017-09-03T20:17:41+00:00","og_image":[{"width":690,"height":388,"url":"https:\/\/www.missoeshumanitarias.org\/wp-content\/uploads\/2021\/08\/roraima_missao_artesanato_intercambio_2macuxis_abrigo_08_2017.jpg","type":"image\/jpeg"}],"author":"maducato_admin","twitter_card":"summary_large_image","twitter_misc":{"Written by":"maducato_admin","Est. reading time":"4 minutes"},"schema":{"@context":"https:\/\/schema.org","@graph":[{"@type":"Article","@id":"https:\/\/www.missoeshumanitarias.org\/en\/humanitarian-roraima-mission-exchange-between-brazilian-and-venezuelan-indigenous-people\/#article","isPartOf":{"@id":"https:\/\/www.missoeshumanitarias.org\/en\/humanitarian-roraima-mission-exchange-between-brazilian-and-venezuelan-indigenous-people\/"},"author":{"name":"maducato_admin","@id":"https:\/\/www.missoeshumanitarias.org\/es\/#\/schema\/person\/e0f8527323154d1eba9f9d9eb6b401f7"},"headline":"Humanitarian Roraima Mission \u2013 Exchange between Brazilian and Venezuelan Indigenous people","datePublished":"2017-09-03T20:17:41+00:00","dateModified":"2017-09-03T20:17:41+00:00","mainEntityOfPage":{"@id":"https:\/\/www.missoeshumanitarias.org\/en\/humanitarian-roraima-mission-exchange-between-brazilian-and-venezuelan-indigenous-people\/"},"wordCount":860,"commentCount":0,"publisher":{"@id":"https:\/\/www.missoeshumanitarias.org\/es\/#organization"},"image":{"@id":"https:\/\/www.missoeshumanitarias.org\/en\/humanitarian-roraima-mission-exchange-between-brazilian-and-venezuelan-indigenous-people\/#primaryimage"},"thumbnailUrl":"https:\/\/www.missoeshumanitarias.org\/wp-content\/uploads\/2021\/08\/roraima_missao_artesanato_intercambio_2macuxis_abrigo_08_2017.jpg","articleSection":["Network-of-Light","News","News about the Missions"],"inLanguage":"en-US","potentialAction":[{"@type":"CommentAction","name":"Comment","target":["https:\/\/www.missoeshumanitarias.org\/en\/humanitarian-roraima-mission-exchange-between-brazilian-and-venezuelan-indigenous-people\/#respond"]}]},{"@type":"WebPage","@id":"https:\/\/www.missoeshumanitarias.org\/en\/humanitarian-roraima-mission-exchange-between-brazilian-and-venezuelan-indigenous-people\/","url":"https:\/\/www.missoeshumanitarias.org\/en\/humanitarian-roraima-mission-exchange-between-brazilian-and-venezuelan-indigenous-people\/","name":"Humanitarian Roraima Mission \u2013 Exchange between Brazilian and Venezuelan Indigenous people - Fraternidade Miss\u00f5es Humanit\u00e1rias Internacionais","isPartOf":{"@id":"https:\/\/www.missoeshumanitarias.org\/es\/#website"},"primaryImageOfPage":{"@id":"https:\/\/www.missoeshumanitarias.org\/en\/humanitarian-roraima-mission-exchange-between-brazilian-and-venezuelan-indigenous-people\/#primaryimage"},"image":{"@id":"https:\/\/www.missoeshumanitarias.org\/en\/humanitarian-roraima-mission-exchange-between-brazilian-and-venezuelan-indigenous-people\/#primaryimage"},"thumbnailUrl":"https:\/\/www.missoeshumanitarias.org\/wp-content\/uploads\/2021\/08\/roraima_missao_artesanato_intercambio_2macuxis_abrigo_08_2017.jpg","datePublished":"2017-09-03T20:17:41+00:00","dateModified":"2017-09-03T20:17:41+00:00","breadcrumb":{"@id":"https:\/\/www.missoeshumanitarias.org\/en\/humanitarian-roraima-mission-exchange-between-brazilian-and-venezuelan-indigenous-people\/#breadcrumb"},"inLanguage":"en-US","potentialAction":[{"@type":"ReadAction","target":["https:\/\/www.missoeshumanitarias.org\/en\/humanitarian-roraima-mission-exchange-between-brazilian-and-venezuelan-indigenous-people\/"]}]},{"@type":"ImageObject","inLanguage":"en-US","@id":"https:\/\/www.missoeshumanitarias.org\/en\/humanitarian-roraima-mission-exchange-between-brazilian-and-venezuelan-indigenous-people\/#primaryimage","url":"https:\/\/www.missoeshumanitarias.org\/wp-content\/uploads\/2021\/08\/roraima_missao_artesanato_intercambio_2macuxis_abrigo_08_2017.jpg","contentUrl":"https:\/\/www.missoeshumanitarias.org\/wp-content\/uploads\/2021\/08\/roraima_missao_artesanato_intercambio_2macuxis_abrigo_08_2017.jpg","width":690,"height":388},{"@type":"BreadcrumbList","@id":"https:\/\/www.missoeshumanitarias.org\/en\/humanitarian-roraima-mission-exchange-between-brazilian-and-venezuelan-indigenous-people\/#breadcrumb","itemListElement":[{"@type":"ListItem","position":1,"name":"Home","item":"https:\/\/www.missoeshumanitarias.org\/en\/"},{"@type":"ListItem","position":2,"name":"Humanitarian Roraima Mission \u2013 Exchange between Brazilian and Venezuelan Indigenous people"}]},{"@type":"WebSite","@id":"https:\/\/www.missoeshumanitarias.org\/es\/#website","url":"https:\/\/www.missoeshumanitarias.org\/es\/","name":"Fraternidade Miss\u00f5es Humanit\u00e1rias Internacionais","description":"Respostas Humanit\u00e1rias e Emerg\u00eancias","publisher":{"@id":"https:\/\/www.missoeshumanitarias.org\/es\/#organization"},"potentialAction":[{"@type":"SearchAction","target":{"@type":"EntryPoint","urlTemplate":"https:\/\/www.missoeshumanitarias.org\/es\/?s={search_term_string}"},"query-input":"required name=search_term_string"}],"inLanguage":"en-US"},{"@type":"Organization","@id":"https:\/\/www.missoeshumanitarias.org\/es\/#organization","name":"Fraternidade - Miss\u00f5es Humanit\u00e1rias Internacionais","url":"https:\/\/www.missoeshumanitarias.org\/es\/","logo":{"@type":"ImageObject","inLanguage":"en-US","@id":"https:\/\/www.missoeshumanitarias.org\/es\/#\/schema\/logo\/image\/","url":"https:\/\/www.missoeshumanitarias.org\/wp-content\/uploads\/2020\/05\/logo-FMHI-mg.png","contentUrl":"https:\/\/www.missoeshumanitarias.org\/wp-content\/uploads\/2020\/05\/logo-FMHI-mg.png","width":520,"height":134,"caption":"Fraternidade - Miss\u00f5es Humanit\u00e1rias Internacionais"},"image":{"@id":"https:\/\/www.missoeshumanitarias.org\/es\/#\/schema\/logo\/image\/"}},{"@type":"Person","@id":"https:\/\/www.missoeshumanitarias.org\/es\/#\/schema\/person\/e0f8527323154d1eba9f9d9eb6b401f7","name":"maducato_admin","image":{"@type":"ImageObject","inLanguage":"en-US","@id":"https:\/\/www.missoeshumanitarias.org\/es\/#\/schema\/person\/image\/","url":"https:\/\/secure.gravatar.com\/avatar\/6c3b45186a8f5a459d8e14c7fca370bceae92402bc06171d75e4e559b6c24393?s=96&d=mm&r=g","contentUrl":"https:\/\/secure.gravatar.com\/avatar\/6c3b45186a8f5a459d8e14c7fca370bceae92402bc06171d75e4e559b6c24393?s=96&d=mm&r=g","caption":"maducato_admin"}}]}},"_links":{"self":[{"href":"https:\/\/www.missoeshumanitarias.org\/en\/wp-json\/wp\/v2\/posts\/131107","targetHints":{"allow":["GET"]}}],"collection":[{"href":"https:\/\/www.missoeshumanitarias.org\/en\/wp-json\/wp\/v2\/posts"}],"about":[{"href":"https:\/\/www.missoeshumanitarias.org\/en\/wp-json\/wp\/v2\/types\/post"}],"author":[{"embeddable":true,"href":"https:\/\/www.missoeshumanitarias.org\/en\/wp-json\/wp\/v2\/users\/1"}],"replies":[{"embeddable":true,"href":"https:\/\/www.missoeshumanitarias.org\/en\/wp-json\/wp\/v2\/comments?post=131107"}],"version-history":[{"count":0,"href":"https:\/\/www.missoeshumanitarias.org\/en\/wp-json\/wp\/v2\/posts\/131107\/revisions"}],"wp:featuredmedia":[{"embeddable":true,"href":"https:\/\/www.missoeshumanitarias.org\/en\/wp-json\/wp\/v2\/media\/125118"}],"wp:attachment":[{"href":"https:\/\/www.missoeshumanitarias.org\/en\/wp-json\/wp\/v2\/media?parent=131107"}],"wp:term":[{"taxonomy":"category","embeddable":true,"href":"https:\/\/www.missoeshumanitarias.org\/en\/wp-json\/wp\/v2\/categories?post=131107"},{"taxonomy":"post_tag","embeddable":true,"href":"https:\/\/www.missoeshumanitarias.org\/en\/wp-json\/wp\/v2\/tags?post=131107"}],"curies":[{"name":"wp","href":"https:\/\/api.w.org\/{rel}","templated":true}]}}