{"id":131111,"date":"2017-09-14T21:30:21","date_gmt":"2017-09-15T00:30:21","guid":{"rendered":"https:\/\/www.missoeshumanitarias.org\/humanitarian-roraima-mission-shelter-with-population-beyond-capacity\/"},"modified":"2017-09-14T21:30:21","modified_gmt":"2017-09-15T00:30:21","slug":"humanitarian-roraima-mission-shelter-with-population-beyond-capacity","status":"publish","type":"post","link":"https:\/\/www.missoeshumanitarias.org\/en\/humanitarian-roraima-mission-shelter-with-population-beyond-capacity\/","title":{"rendered":"Humanitarian Roraima Mission \u2013 shelter with population beyond capacity"},"content":{"rendered":"<p><center>[fusion_vimeo id=&#8221;https:\/\/vimeo.com\/233151793&#8243; alignment=&#8221;&#8221; width=&#8221;350&#8243; height=&#8221;200&#8243; autoplay=&#8221;true&#8221; api_params=&#8221;&#8221; hide_on_mobile=&#8221;small-visibility,medium-visibility,large-visibility&#8221; class=&#8221;&#8221;][\/fusion_vimeo]<center><\/center><\/center><\/p>\n<h3 class=\"western\" style=\"text-align: center;\"><b>Thursday thru Wednesday, August 31 thru September 6<\/b><\/h3>\n<figure id=\"attachment_62731\" aria-describedby=\"caption-attachment-62731\" style=\"width: 300px\" class=\"wp-caption alignleft\"><a href=\"https:\/\/www.fraterinternacional.org\/wp-content\/uploads\/2017\/09\/roraima_missao_distribuicao_brinquedos_09_2017.jpg\"><img fetchpriority=\"high\" decoding=\"async\" class=\"wp-image-62731 size-medium\" src=\"https:\/\/www.missoeshumanitarias.org\/wp-content\/uploads\/2021\/08\/roraima_missao_distribuicao_brinquedos_09_2017-300x169-1.jpg\" alt=\"\" width=\"300\" height=\"169\" \/><\/a><figcaption id=\"caption-attachment-62731\" class=\"wp-caption-text\">Distribution of toys<\/figcaption><\/figure>\n<p style=\"text-align: justify;\"><span style=\"font-weight: 400;\">On Thursday, 31, an pregnant Indigenous woman began labor in the CRI \u2013 Center of Reference for the Immigrant \u2013 , was referred to hospital and had a baby.<\/span><\/p>\n<p style=\"text-align: justify;\"><span style=\"font-weight: 400;\">Distribution of toys for the children, donated by the Social Service of Commerce (Sesc).<\/span><\/p>\n<p style=\"text-align: justify;\"><span style=\"font-weight: 400;\">Food items donated by the Mormons.<\/span><\/p>\n<h3 style=\"text-align: justify;\">\u27e2<\/h3>\n<h3 class=\"western\" style=\"text-align: justify;\"><b>Funds for feeding<\/b><\/h3>\n<p class=\"western\" style=\"text-align: justify;\"><a href=\"https:\/\/www.fraterinternacional.org\/wp-content\/uploads\/2017\/09\/roraima_missao_reuniao_fraternidade_09_2017.jpg\"><img decoding=\"async\" class=\"alignleft size-medium wp-image-62752\" src=\"https:\/\/www.missoeshumanitarias.org\/wp-content\/uploads\/2021\/08\/roraima_missao_reuniao_fraternidade_09_2017-300x169-1.jpg\" alt=\"\" width=\"300\" height=\"169\" \/><\/a><\/p>\n<p style=\"text-align: justify;\"><span style=\"font-weight: 400;\">A meeting was held in the Secretary of Labor and Social Welfare of Roraima (Setrabes), with the participation of one missionary of the <\/span><b>Fraternidade \u2013 International Humanitarian Federation<\/b><span style=\"font-weight: 400;\"> -, one representative of the United Nations High Commissioner for Refugees (UNHCR) and one nutritionist. The agenda was the analysis of what food will be purchased for the CRI with the funds of 480,000 reals from the Federal Government of Brazil.<\/span><\/p>\n<p style=\"text-align: justify;\"><span style=\"font-weight: 400;\">An Indigenous immigrant man was imprisoned for pummeling his wife.<\/span><\/p>\n<p class=\"western\" style=\"text-align: justify;\"><a href=\"https:\/\/www.fraterinternacional.org\/wp-content\/uploads\/2017\/09\/roraima_missao_visita_hospital_09_2017.jpg\"><img decoding=\"async\" class=\"alignright size-medium wp-image-62761\" src=\"https:\/\/www.missoeshumanitarias.org\/wp-content\/uploads\/2021\/08\/roraima_missao_visita_hospital_09_2017-300x169-1.jpg\" alt=\"\" width=\"300\" height=\"169\" \/><\/a><\/p>\n<p style=\"text-align: justify;\"><span style=\"font-weight: 400;\">The Missionaries obtained a pair of crutches for an immigrant who broke his leg and received discharge from hospital. The donation was done by the PAPD (Program of Attention to and Prevention of Deficiencies), developed at the Nerf (State Nucleus of Physical Rehabilitation). <\/span><\/p>\n<p style=\"text-align: justify;\"><span style=\"font-weight: 400;\">The arrival \u00a0of a delegation of the Fraternidade coming from the headquarters of the institution, in Carmo da Cachoeira, Minas Gerais, Brazil, to sign partnership agreements of the Roraima Mission. <\/span><\/p>\n<p style=\"text-align: justify;\"><span style=\"font-weight: 400;\">The Missionaries visited both Indigenous immigrants who had babies and are at the \u00a0maternity.<\/span><\/p>\n<h3 class=\"western\" style=\"text-align: justify;\"><strong>\u27e2<\/strong><\/h3>\n<p class=\"western\" style=\"text-align: justify;\"><a href=\"https:\/\/www.fraterinternacional.org\/wp-content\/uploads\/2017\/09\/roraima_missao_missa_franciscano_09_2017.jpg\"><img loading=\"lazy\" decoding=\"async\" class=\"alignleft size-medium wp-image-62740\" src=\"https:\/\/www.missoeshumanitarias.org\/wp-content\/uploads\/2021\/08\/roraima_missao_missa_franciscano_09_2017-300x169-1.jpg\" alt=\"\" width=\"300\" height=\"169\" \/><\/a><\/p>\n<p style=\"text-align: justify;\"><span style=\"font-weight: 400;\">Friday, 1, began with a Mass in the shelter celebrated by a Franciscan priest.<\/span><\/p>\n<p style=\"text-align: justify;\"><span style=\"font-weight: 400;\">Meeting with all the Indigenous people in the shelter about the constructions in the place. Carefulness was requested on the part of children and adults with the machines that are making the earthwork, and it was also requested that they do not throw trash (diapers and plastic bags) in the sewage system.<\/span><\/p>\n<p style=\"text-align: justify;\"><span style=\"font-weight: 400;\">Two immigrants were referred to hospital emergency. One of them with a hole in their foot and the other because they were not feeling well.<\/span><\/p>\n<p style=\"text-align: justify;\"><span style=\"font-weight: 400;\">Three Indigenous women with their children were taken to the Children\u2019s Hospital. One of them had escaped from hospital with the child still sick and needing treatment.<\/span><\/p>\n<p style=\"text-align: justify;\"><span style=\"font-weight: 400;\">\u201cThis behavior is frequent among the Indigenous people, specially the Venezuelans. They do not like to remain interned at hospitals. There still occur many cases of escape\u201d, explained Claudia, a missionary of the Fraternidade. <\/span><\/p>\n<h3 class=\"western\" style=\"text-align: justify;\"><b>Beyond the limit<\/b><\/h3>\n<figure id=\"attachment_62725\" aria-describedby=\"caption-attachment-62725\" style=\"width: 300px\" class=\"wp-caption alignleft\"><a href=\"https:\/\/www.fraterinternacional.org\/wp-content\/uploads\/2017\/09\/roraima_missao_chegada_imigrantes_09_2017.jpg\"><img loading=\"lazy\" decoding=\"async\" class=\"wp-image-62725 size-medium\" src=\"https:\/\/www.missoeshumanitarias.org\/wp-content\/uploads\/2021\/08\/roraima_missao_chegada_imigrantes_09_2017-300x169-1.jpg\" alt=\"\" width=\"300\" height=\"169\" \/><\/a><figcaption id=\"caption-attachment-62725\" class=\"wp-caption-text\">Arrival of new immigrants<\/figcaption><\/figure>\n<p style=\"text-align: justify;\"><span style=\"font-weight: 400;\">Every day new non-Indigenous Venezuelan immigrants arrive at the shelter, which has a number of people beyond its capacity.<br \/>\n<\/span><span style=\"font-weight: 400;\">\u201cThe arrival of new immigrants every day is constant. We are reaching the extreme limit, we may have reached the number of 600 people. At lunch time, the food calculated is not enough and we have to fix a complement quickly\u201d, said Claudia.<\/span><\/p>\n<h3 class=\"western\" style=\"text-align: justify;\"><strong>\u27e2<\/strong><\/h3>\n<p class=\"western\" style=\"text-align: justify;\"><a href=\"https:\/\/www.fraterinternacional.org\/wp-content\/uploads\/2017\/09\/roraima_missao_equipe_atividades_criancas_09_2017.jpg\"><img loading=\"lazy\" decoding=\"async\" class=\"alignright size-medium wp-image-62734\" src=\"https:\/\/www.missoeshumanitarias.org\/wp-content\/uploads\/2021\/08\/roraima_missao_equipe_atividades_criancas_09_2017-300x169-1.jpg\" alt=\"\" width=\"300\" height=\"169\" \/><\/a><\/p>\n<p style=\"text-align: justify;\"><span style=\"font-weight: 400;\">On Saturday, 2, the team of the Casa de los Ni\u00f1os (Children\u2019s House), the name of the school that operates in the CRI, conducted playful activities and games with the children in the gymnasium. <\/span><\/p>\n<p style=\"text-align: justify;\"><span style=\"font-weight: 400;\">A group of nuns of the monastery washed the head and removed lice in children and teenagers. <\/span><\/p>\n<p style=\"text-align: justify;\"><span style=\"font-weight: 400;\">Ana Regina Nogueira, author of books published by Irdin Editora, was in the shelter and interviewed an Indigenous Chief and a representative of the non-Indigenous immigrants.<\/span><\/p>\n<figure id=\"attachment_62728\" aria-describedby=\"caption-attachment-62728\" style=\"width: 300px\" class=\"wp-caption alignleft\"><a href=\"https:\/\/www.fraterinternacional.org\/wp-content\/uploads\/2017\/09\/roraima_missao_distribuicao_alimento_rodoviaria_boa_vista_09_2017.jpg\"><img loading=\"lazy\" decoding=\"async\" class=\"wp-image-62728 size-medium\" src=\"https:\/\/www.missoeshumanitarias.org\/wp-content\/uploads\/2021\/08\/roraima_missao_distribuicao_alimento_rodoviaria_boa_vista_09_2017-300x169-1.jpg\" alt=\"\" width=\"300\" height=\"169\" \/><\/a><figcaption id=\"caption-attachment-62728\" class=\"wp-caption-text\">Distribution of food at the Bus Station<\/figcaption><\/figure>\n<p style=\"text-align: justify;\"><span style=\"font-weight: 400;\">A doctor and a nurse of the Network-of-Light attended to cases of dermatology. <\/span><\/p>\n<p style=\"text-align: justify;\"><span style=\"font-weight: 400;\">A baby with fever due to smallpox was referred to hospital. <\/span><\/p>\n<h3 class=\"western\" style=\"text-align: justify;\"><b>Immigrants at the Bus Station<\/b><\/h3>\n<p class=\"western\" style=\"text-align: justify;\"><span style=\"font-weight: 400;\">Wheat flour was distributed among the Indigenous and non-Indigenous Venezuelan immigrants who are camping in the region of the Bus Station of Boa Vista.<\/span><\/p>\n<h3 class=\"western\" style=\"text-align: justify;\"><strong>\u27e2<\/strong><\/h3>\n<h3 class=\"western\" style=\"text-align: justify;\"><b>Volunteers Group Service in the new headquarters of the Nucleus-of-Light<\/b><\/h3>\n<figure id=\"attachment_62746\" aria-describedby=\"caption-attachment-62746\" style=\"width: 300px\" class=\"wp-caption alignleft\"><a href=\"https:\/\/www.fraterinternacional.org\/wp-content\/uploads\/2017\/09\/roraima_missao_mutirao_limpeza_novo_nucleo_luz_09_2017.jpg\"><img loading=\"lazy\" decoding=\"async\" class=\"wp-image-62746 size-medium\" src=\"https:\/\/www.missoeshumanitarias.org\/wp-content\/uploads\/2021\/08\/roraima_missao_mutirao_limpeza_novo_nucleo_luz_09_2017-300x169-1.jpg\" alt=\"\" width=\"300\" height=\"169\" \/><\/a><figcaption id=\"caption-attachment-62746\" class=\"wp-caption-text\">Group service at the new headquarters of the Nucleus-of-Light<\/figcaption><\/figure>\n<p style=\"text-align: justify;\"><span style=\"font-weight: 400;\">On Sunday, 3, missionaries, members of the monastery, collaborators of the <a href=\"http:\/\/www.fraterinternacional.org\/en\/network-of-light\/\">Network-of-Light<\/a> and residents of the <a href=\"http:\/\/www.fraterinternacional.org\/en\/nuclei-of-light\/\">Nucleus-of-Light<\/a> conducted a group service of cleaning in the place where the new Nucleus-of-Light of Figueira in Roraima will be located.<\/span><\/p>\n<p style=\"text-align: justify;\"><span style=\"font-weight: 400;\">Another group of missionaries went to the house where the office of the Fraternidade will be situated in the city of Boa Vista. They made measurements and evaluated what will be necessary for the implementation of the office.<\/span><\/p>\n<h3 class=\"western\" style=\"text-align: justify;\"><strong>\u27e2<\/strong><\/h3>\n<p style=\"text-align: justify;\"><span style=\"font-weight: 400;\">On Monday, 3, a non-Indigenous immigrant was referred to the General Hospital of Roraima. He had fallen and broken an arm.<\/span><\/p>\n<p style=\"text-align: justify;\"><span style=\"font-weight: 400;\">Music Groups from Venezuela who made shows in Boa Vista, raised food items and clothes, which will be donated to the shelter.<\/span><\/p>\n<h3 class=\"western\" style=\"text-align: justify;\"><b>Training for shetering<\/b><\/h3>\n<figure id=\"attachment_62758\" aria-describedby=\"caption-attachment-62758\" style=\"width: 300px\" class=\"wp-caption alignleft\"><a href=\"https:\/\/www.fraterinternacional.org\/wp-content\/uploads\/2017\/09\/roraima_missao_treinamento_abrigamento_09_2017.jpg\"><img loading=\"lazy\" decoding=\"async\" class=\"wp-image-62758 size-medium\" src=\"https:\/\/www.missoeshumanitarias.org\/wp-content\/uploads\/2021\/08\/roraima_missao_treinamento_abrigamento_09_2017-300x169-1.jpg\" alt=\"\" width=\"300\" height=\"169\" \/><\/a><figcaption id=\"caption-attachment-62758\" class=\"wp-caption-text\">Training on sheltering<\/figcaption><\/figure>\n<p style=\"text-align: justify;\"><span style=\"font-weight: 400;\">The UNHCR offered training for sheltering given by a specialist. Representatives of the Fraternidade, of Setrabes, of the city hall of Pacaraima, of the Fire Brigade who will work in Pacaraima, citizens of the city of Boa Vista, and of the immigrant shelter and of the rented houses which house refugees in Manaus participated in the training.<\/span><\/p>\n<p style=\"text-align: justify;\"><span style=\"font-weight: 400;\">Several kinds of shelters utilized in the world and their organization were shown.<\/span><\/p>\n<p style=\"text-align: justify;\"><span style=\"font-weight: 400;\">Then, a team of five people of the city hall of Manaus presented the work developed for the immigrants.<\/span><\/p>\n<figure id=\"attachment_62755\" aria-describedby=\"caption-attachment-62755\" style=\"width: 300px\" class=\"wp-caption alignright\"><a href=\"https:\/\/www.fraterinternacional.org\/wp-content\/uploads\/2017\/09\/roraima_missao_treinamento_2abrigamento_09_2017.jpg\"><img loading=\"lazy\" decoding=\"async\" class=\"wp-image-62755 size-medium\" src=\"https:\/\/www.missoeshumanitarias.org\/wp-content\/uploads\/2021\/08\/roraima_missao_treinamento_2abrigamento_09_2017-300x169-1.jpg\" alt=\"\" width=\"300\" height=\"169\" \/><\/a><figcaption id=\"caption-attachment-62755\" class=\"wp-caption-text\">Group dynamics<\/figcaption><\/figure>\n<p style=\"text-align: justify;\"><span style=\"font-weight: 400;\">\u201cThe city hall of Manaus offers the service of shelter of immigrants in five houses rented downtown and also collaborates in the shelter of refugees together with the state of Amazonas. The city hall and the state government work in partnership in a very beautiful work of integration. They came here to bring this experience as a model of work for us who are here in Boa Vista\u201d, said Claudia.<\/span><\/p>\n<p style=\"text-align: justify;\"><span style=\"font-weight: 400;\">In the afternoon, group dynamics were conducted for the solution of different problems that concern sheltering.<\/span><\/p>\n<p class=\"western\" style=\"text-align: justify;\"><strong>\u27e2<\/strong><\/p>\n<p class=\"western\" style=\"text-align: justify;\"><span style=\"font-weight: 400;\">On Tuesday morning, 5, the second day of training, the team of the city hall of Manaus continued the presentation of the works. The specialist on sheltering resumed the group dynamics in the afternoon. <\/span><\/p>\n<h3 class=\"western\" style=\"text-align: justify;\"><strong>\u27e2<\/strong><\/h3>\n<figure id=\"attachment_62767\" aria-describedby=\"caption-attachment-62767\" style=\"width: 300px\" class=\"wp-caption alignleft\"><a href=\"https:\/\/www.fraterinternacional.org\/wp-content\/uploads\/2017\/09\/roraima_missao_reuniao_2fraternidade_09_2017.jpg\"><img loading=\"lazy\" decoding=\"async\" class=\"wp-image-62767 size-medium\" src=\"https:\/\/www.missoeshumanitarias.org\/wp-content\/uploads\/2021\/08\/roraima_missao_reuniao_2fraternidade_09_2017-300x169-1.jpg\" alt=\"\" width=\"300\" height=\"169\" \/><\/a><figcaption id=\"caption-attachment-62767\" class=\"wp-caption-text\">Meeting with the UNHCR<\/figcaption><\/figure>\n<p style=\"text-align: justify;\"><span style=\"font-weight: 400;\">On Wednesday afternoon, 6, after the end of the training on sheltering, the Fraternidade had a meeting with all the representatives of the UNHCR to define several situations in the shelter of Boa Vista, which has an excess of refugees. The place, estimated for 200 people, has about 600 immigrants today.<\/span><\/p>\n<p style=\"text-align: justify;\"><span style=\"font-weight: 400;\">\u201cThe whole Project made by the UNHCR for the shelter would not suppose the current number of refugees. We met to find solutions to the problem\u201d, said Claudia.<\/span><\/p>\n<h3><strong>\u27e2<\/strong><\/h3>\n<p>&nbsp;<\/p>\n<div id='gallery-1' class='gallery galleryid-131111 gallery-columns-2 gallery-size-medium'><figure class='gallery-item'>\n\t\t\t<div class='gallery-icon landscape'>\n\t\t\t\t<a href='https:\/\/www.missoeshumanitarias.org\/wp-content\/uploads\/2021\/08\/roraima_missao_obras_abrigo_09_2017.jpg'><img loading=\"lazy\" decoding=\"async\" width=\"300\" height=\"169\" src=\"https:\/\/www.missoeshumanitarias.org\/wp-content\/uploads\/2021\/08\/roraima_missao_obras_abrigo_09_2017-300x169.jpg\" class=\"attachment-medium size-medium\" alt=\"\" srcset=\"https:\/\/www.missoeshumanitarias.org\/wp-content\/uploads\/2021\/08\/roraima_missao_obras_abrigo_09_2017-300x169.jpg 300w, https:\/\/www.missoeshumanitarias.org\/wp-content\/uploads\/2021\/08\/roraima_missao_obras_abrigo_09_2017.jpg 690w\" sizes=\"(max-width: 300px) 100vw, 300px\" \/><\/a>\n\t\t\t<\/div><\/figure><figure class='gallery-item'>\n\t\t\t<div class='gallery-icon landscape'>\n\t\t\t\t<a href='https:\/\/www.missoeshumanitarias.org\/wp-content\/uploads\/2021\/08\/roraima_missao_monasterio_lavagem_cabelos_09_2017.jpg'><img loading=\"lazy\" decoding=\"async\" width=\"300\" height=\"169\" src=\"https:\/\/www.missoeshumanitarias.org\/wp-content\/uploads\/2021\/08\/roraima_missao_monasterio_lavagem_cabelos_09_2017-300x169.jpg\" class=\"attachment-medium size-medium\" alt=\"\" srcset=\"https:\/\/www.missoeshumanitarias.org\/wp-content\/uploads\/2021\/08\/roraima_missao_monasterio_lavagem_cabelos_09_2017-300x169.jpg 300w, https:\/\/www.missoeshumanitarias.org\/wp-content\/uploads\/2021\/08\/roraima_missao_monasterio_lavagem_cabelos_09_2017.jpg 690w\" sizes=\"(max-width: 300px) 100vw, 300px\" \/><\/a>\n\t\t\t<\/div><\/figure><figure class='gallery-item'>\n\t\t\t<div class='gallery-icon landscape'>\n\t\t\t\t<a href='https:\/\/www.missoeshumanitarias.org\/wp-content\/uploads\/2021\/08\/roraima_missao_atendimento_saude_redeluz_09_2017.jpg'><img loading=\"lazy\" decoding=\"async\" width=\"300\" height=\"169\" src=\"https:\/\/www.missoeshumanitarias.org\/wp-content\/uploads\/2021\/08\/roraima_missao_atendimento_saude_redeluz_09_2017-300x169.jpg\" class=\"attachment-medium size-medium\" alt=\"\" srcset=\"https:\/\/www.missoeshumanitarias.org\/wp-content\/uploads\/2021\/08\/roraima_missao_atendimento_saude_redeluz_09_2017-300x169.jpg 300w, https:\/\/www.missoeshumanitarias.org\/wp-content\/uploads\/2021\/08\/roraima_missao_atendimento_saude_redeluz_09_2017.jpg 690w\" sizes=\"(max-width: 300px) 100vw, 300px\" \/><\/a>\n\t\t\t<\/div><\/figure><figure class='gallery-item'>\n\t\t\t<div class='gallery-icon landscape'>\n\t\t\t\t<a href='https:\/\/www.missoeshumanitarias.org\/wp-content\/uploads\/2021\/08\/roraima_missao_anaregina_conversa_lider_indigena_09_2017.jpg'><img loading=\"lazy\" decoding=\"async\" width=\"300\" height=\"169\" src=\"https:\/\/www.missoeshumanitarias.org\/wp-content\/uploads\/2021\/08\/roraima_missao_anaregina_conversa_lider_indigena_09_2017-300x169.jpg\" class=\"attachment-medium size-medium\" alt=\"\" srcset=\"https:\/\/www.missoeshumanitarias.org\/wp-content\/uploads\/2021\/08\/roraima_missao_anaregina_conversa_lider_indigena_09_2017-300x169.jpg 300w, https:\/\/www.missoeshumanitarias.org\/wp-content\/uploads\/2021\/08\/roraima_missao_anaregina_conversa_lider_indigena_09_2017.jpg 690w\" sizes=\"(max-width: 300px) 100vw, 300px\" \/><\/a>\n\t\t\t<\/div><\/figure><figure class='gallery-item'>\n\t\t\t<div class='gallery-icon portrait'>\n\t\t\t\t<a href='https:\/\/www.missoeshumanitarias.org\/wp-content\/uploads\/2021\/08\/roraima_missao_imigrante_muleta_09_2017.jpg'><img loading=\"lazy\" decoding=\"async\" width=\"241\" height=\"300\" src=\"https:\/\/www.missoeshumanitarias.org\/wp-content\/uploads\/2021\/08\/roraima_missao_imigrante_muleta_09_2017-241x300.jpg\" class=\"attachment-medium size-medium\" alt=\"\" srcset=\"https:\/\/www.missoeshumanitarias.org\/wp-content\/uploads\/2021\/08\/roraima_missao_imigrante_muleta_09_2017-241x300.jpg 241w, https:\/\/www.missoeshumanitarias.org\/wp-content\/uploads\/2021\/08\/roraima_missao_imigrante_muleta_09_2017.jpg 400w\" sizes=\"(max-width: 241px) 100vw, 241px\" \/><\/a>\n\t\t\t<\/div><\/figure><figure class='gallery-item'>\n\t\t\t<div class='gallery-icon landscape'>\n\t\t\t\t<a href='https:\/\/www.missoeshumanitarias.org\/wp-content\/uploads\/2021\/08\/roraima_missao_atendimento_medica_redeluz_09_2017.jpg'><img loading=\"lazy\" decoding=\"async\" width=\"300\" height=\"243\" src=\"https:\/\/www.missoeshumanitarias.org\/wp-content\/uploads\/2021\/08\/roraima_missao_atendimento_medica_redeluz_09_2017-300x243.jpg\" class=\"attachment-medium size-medium\" alt=\"\" srcset=\"https:\/\/www.missoeshumanitarias.org\/wp-content\/uploads\/2021\/08\/roraima_missao_atendimento_medica_redeluz_09_2017-300x243.jpg 300w, https:\/\/www.missoeshumanitarias.org\/wp-content\/uploads\/2021\/08\/roraima_missao_atendimento_medica_redeluz_09_2017.jpg 400w\" sizes=\"(max-width: 300px) 100vw, 300px\" \/><\/a>\n\t\t\t<\/div><\/figure>\n\t\t<\/div>\n\n<p>&nbsp;<\/p>\n","protected":false},"excerpt":{"rendered":"<p>[fusion_vimeo id=&#8221;https:\/\/vimeo.com\/233151793&#8243; alignment=&#8221;&#8221; width=&#8221;350&#8243; height=&#8221;200&#8243; autoplay=&#8221;true&#8221; api_params=&#8221;&#8221; hide_on_mobile=&#8221;small-visibility,medium-visibility,large-visibility&#8221; class=&#8221;&#8221;][\/fusion_vimeo] Thursday thru Wednesday, August 31 thru September 6 On Thursday, 31, an pregnant Indigenous woman began labor in the CRI \u2013 Center of Reference for the Immigrant \u2013 , was referred to hospital and had a baby. Distribution of toys for the children, donated by the [&hellip;]<\/p>\n","protected":false},"author":1,"featured_media":125306,"comment_status":"open","ping_status":"open","sticky":false,"template":"","format":"standard","meta":{"footnotes":""},"categories":[138,9,132],"tags":[],"class_list":["post-131111","post","type-post","status-publish","format-standard","has-post-thumbnail","hentry","category-network-of-light","category-news","category-news-about-the-missions"],"featured_image_src":"https:\/\/www.missoeshumanitarias.org\/wp-content\/uploads\/2021\/08\/roraima_missao_chegada_imigrantes_09_2017.jpg","author_info":{"display_name":"maducato_admin","author_link":"https:\/\/www.missoeshumanitarias.org\/en\/author\/maducato_admin\/"},"yoast_head":"<!-- This site is optimized with the Yoast SEO Premium plugin v22.5 (Yoast SEO v22.5) - https:\/\/yoast.com\/wordpress\/plugins\/seo\/ -->\n<title>Humanitarian Roraima Mission \u2013 shelter with population beyond capacity - Fraternidade Miss\u00f5es Humanit\u00e1rias Internacionais<\/title>\n<meta name=\"robots\" content=\"index, follow, max-snippet:-1, max-image-preview:large, max-video-preview:-1\" \/>\n<link rel=\"canonical\" href=\"https:\/\/www.missoeshumanitarias.org\/en\/humanitarian-roraima-mission-shelter-with-population-beyond-capacity\/\" \/>\n<meta property=\"og:locale\" content=\"en_US\" \/>\n<meta property=\"og:type\" content=\"article\" \/>\n<meta property=\"og:title\" content=\"Humanitarian Roraima Mission \u2013 shelter with population beyond capacity\" \/>\n<meta property=\"og:description\" content=\"[fusion_vimeo id=&#8221;https:\/\/vimeo.com\/233151793&#8243; alignment=&#8221;&#8221; width=&#8221;350&#8243; height=&#8221;200&#8243; autoplay=&#8221;true&#8221; api_params=&#8221;&#8221; hide_on_mobile=&#8221;small-visibility,medium-visibility,large-visibility&#8221; class=&#8221;&#8221;][\/fusion_vimeo] Thursday thru Wednesday, August 31 thru September 6 On Thursday, 31, an pregnant Indigenous woman began labor in the CRI \u2013 Center of Reference for the Immigrant \u2013 , was referred to hospital and had a baby. Distribution of toys for the children, donated by the [&hellip;]\" \/>\n<meta property=\"og:url\" content=\"https:\/\/www.missoeshumanitarias.org\/en\/humanitarian-roraima-mission-shelter-with-population-beyond-capacity\/\" \/>\n<meta property=\"og:site_name\" content=\"Fraternidade Miss\u00f5es Humanit\u00e1rias Internacionais\" \/>\n<meta property=\"article:published_time\" content=\"2017-09-15T00:30:21+00:00\" \/>\n<meta property=\"og:image\" content=\"https:\/\/www.missoeshumanitarias.org\/wp-content\/uploads\/2021\/08\/roraima_missao_chegada_imigrantes_09_2017.jpg\" \/>\n\t<meta property=\"og:image:width\" content=\"690\" \/>\n\t<meta property=\"og:image:height\" content=\"388\" \/>\n\t<meta property=\"og:image:type\" content=\"image\/jpeg\" \/>\n<meta name=\"author\" content=\"maducato_admin\" \/>\n<meta name=\"twitter:card\" content=\"summary_large_image\" \/>\n<meta name=\"twitter:label1\" content=\"Written by\" \/>\n\t<meta name=\"twitter:data1\" content=\"maducato_admin\" \/>\n\t<meta name=\"twitter:label2\" content=\"Est. reading time\" \/>\n\t<meta name=\"twitter:data2\" content=\"5 minutes\" \/>\n<script type=\"application\/ld+json\" class=\"yoast-schema-graph\">{\"@context\":\"https:\/\/schema.org\",\"@graph\":[{\"@type\":\"Article\",\"@id\":\"https:\/\/www.missoeshumanitarias.org\/en\/humanitarian-roraima-mission-shelter-with-population-beyond-capacity\/#article\",\"isPartOf\":{\"@id\":\"https:\/\/www.missoeshumanitarias.org\/en\/humanitarian-roraima-mission-shelter-with-population-beyond-capacity\/\"},\"author\":{\"name\":\"maducato_admin\",\"@id\":\"https:\/\/www.missoeshumanitarias.org\/es\/#\/schema\/person\/e0f8527323154d1eba9f9d9eb6b401f7\"},\"headline\":\"Humanitarian Roraima Mission \u2013 shelter with population beyond capacity\",\"datePublished\":\"2017-09-15T00:30:21+00:00\",\"dateModified\":\"2017-09-15T00:30:21+00:00\",\"mainEntityOfPage\":{\"@id\":\"https:\/\/www.missoeshumanitarias.org\/en\/humanitarian-roraima-mission-shelter-with-population-beyond-capacity\/\"},\"wordCount\":1098,\"commentCount\":0,\"publisher\":{\"@id\":\"https:\/\/www.missoeshumanitarias.org\/es\/#organization\"},\"image\":{\"@id\":\"https:\/\/www.missoeshumanitarias.org\/en\/humanitarian-roraima-mission-shelter-with-population-beyond-capacity\/#primaryimage\"},\"thumbnailUrl\":\"https:\/\/www.missoeshumanitarias.org\/wp-content\/uploads\/2021\/08\/roraima_missao_chegada_imigrantes_09_2017.jpg\",\"articleSection\":[\"Network-of-Light\",\"News\",\"News about the Missions\"],\"inLanguage\":\"en-US\",\"potentialAction\":[{\"@type\":\"CommentAction\",\"name\":\"Comment\",\"target\":[\"https:\/\/www.missoeshumanitarias.org\/en\/humanitarian-roraima-mission-shelter-with-population-beyond-capacity\/#respond\"]}]},{\"@type\":\"WebPage\",\"@id\":\"https:\/\/www.missoeshumanitarias.org\/en\/humanitarian-roraima-mission-shelter-with-population-beyond-capacity\/\",\"url\":\"https:\/\/www.missoeshumanitarias.org\/en\/humanitarian-roraima-mission-shelter-with-population-beyond-capacity\/\",\"name\":\"Humanitarian Roraima Mission \u2013 shelter with population beyond capacity - Fraternidade Miss\u00f5es Humanit\u00e1rias Internacionais\",\"isPartOf\":{\"@id\":\"https:\/\/www.missoeshumanitarias.org\/es\/#website\"},\"primaryImageOfPage\":{\"@id\":\"https:\/\/www.missoeshumanitarias.org\/en\/humanitarian-roraima-mission-shelter-with-population-beyond-capacity\/#primaryimage\"},\"image\":{\"@id\":\"https:\/\/www.missoeshumanitarias.org\/en\/humanitarian-roraima-mission-shelter-with-population-beyond-capacity\/#primaryimage\"},\"thumbnailUrl\":\"https:\/\/www.missoeshumanitarias.org\/wp-content\/uploads\/2021\/08\/roraima_missao_chegada_imigrantes_09_2017.jpg\",\"datePublished\":\"2017-09-15T00:30:21+00:00\",\"dateModified\":\"2017-09-15T00:30:21+00:00\",\"breadcrumb\":{\"@id\":\"https:\/\/www.missoeshumanitarias.org\/en\/humanitarian-roraima-mission-shelter-with-population-beyond-capacity\/#breadcrumb\"},\"inLanguage\":\"en-US\",\"potentialAction\":[{\"@type\":\"ReadAction\",\"target\":[\"https:\/\/www.missoeshumanitarias.org\/en\/humanitarian-roraima-mission-shelter-with-population-beyond-capacity\/\"]}]},{\"@type\":\"ImageObject\",\"inLanguage\":\"en-US\",\"@id\":\"https:\/\/www.missoeshumanitarias.org\/en\/humanitarian-roraima-mission-shelter-with-population-beyond-capacity\/#primaryimage\",\"url\":\"https:\/\/www.missoeshumanitarias.org\/wp-content\/uploads\/2021\/08\/roraima_missao_chegada_imigrantes_09_2017.jpg\",\"contentUrl\":\"https:\/\/www.missoeshumanitarias.org\/wp-content\/uploads\/2021\/08\/roraima_missao_chegada_imigrantes_09_2017.jpg\",\"width\":690,\"height\":388},{\"@type\":\"BreadcrumbList\",\"@id\":\"https:\/\/www.missoeshumanitarias.org\/en\/humanitarian-roraima-mission-shelter-with-population-beyond-capacity\/#breadcrumb\",\"itemListElement\":[{\"@type\":\"ListItem\",\"position\":1,\"name\":\"Home\",\"item\":\"https:\/\/www.missoeshumanitarias.org\/en\/\"},{\"@type\":\"ListItem\",\"position\":2,\"name\":\"Humanitarian Roraima Mission \u2013 shelter with population beyond capacity\"}]},{\"@type\":\"WebSite\",\"@id\":\"https:\/\/www.missoeshumanitarias.org\/es\/#website\",\"url\":\"https:\/\/www.missoeshumanitarias.org\/es\/\",\"name\":\"Fraternidade Miss\u00f5es Humanit\u00e1rias Internacionais\",\"description\":\"Respostas Humanit\u00e1rias e Emerg\u00eancias\",\"publisher\":{\"@id\":\"https:\/\/www.missoeshumanitarias.org\/es\/#organization\"},\"potentialAction\":[{\"@type\":\"SearchAction\",\"target\":{\"@type\":\"EntryPoint\",\"urlTemplate\":\"https:\/\/www.missoeshumanitarias.org\/es\/?s={search_term_string}\"},\"query-input\":\"required name=search_term_string\"}],\"inLanguage\":\"en-US\"},{\"@type\":\"Organization\",\"@id\":\"https:\/\/www.missoeshumanitarias.org\/es\/#organization\",\"name\":\"Fraternidade - Miss\u00f5es Humanit\u00e1rias Internacionais\",\"url\":\"https:\/\/www.missoeshumanitarias.org\/es\/\",\"logo\":{\"@type\":\"ImageObject\",\"inLanguage\":\"en-US\",\"@id\":\"https:\/\/www.missoeshumanitarias.org\/es\/#\/schema\/logo\/image\/\",\"url\":\"https:\/\/www.missoeshumanitarias.org\/wp-content\/uploads\/2020\/05\/logo-FMHI-mg.png\",\"contentUrl\":\"https:\/\/www.missoeshumanitarias.org\/wp-content\/uploads\/2020\/05\/logo-FMHI-mg.png\",\"width\":520,\"height\":134,\"caption\":\"Fraternidade - Miss\u00f5es Humanit\u00e1rias Internacionais\"},\"image\":{\"@id\":\"https:\/\/www.missoeshumanitarias.org\/es\/#\/schema\/logo\/image\/\"}},{\"@type\":\"Person\",\"@id\":\"https:\/\/www.missoeshumanitarias.org\/es\/#\/schema\/person\/e0f8527323154d1eba9f9d9eb6b401f7\",\"name\":\"maducato_admin\",\"image\":{\"@type\":\"ImageObject\",\"inLanguage\":\"en-US\",\"@id\":\"https:\/\/www.missoeshumanitarias.org\/es\/#\/schema\/person\/image\/\",\"url\":\"https:\/\/secure.gravatar.com\/avatar\/6c3b45186a8f5a459d8e14c7fca370bceae92402bc06171d75e4e559b6c24393?s=96&d=mm&r=g\",\"contentUrl\":\"https:\/\/secure.gravatar.com\/avatar\/6c3b45186a8f5a459d8e14c7fca370bceae92402bc06171d75e4e559b6c24393?s=96&d=mm&r=g\",\"caption\":\"maducato_admin\"}}]}<\/script>\n<!-- \/ Yoast SEO Premium plugin. -->","yoast_head_json":{"title":"Humanitarian Roraima Mission \u2013 shelter with population beyond capacity - Fraternidade Miss\u00f5es Humanit\u00e1rias Internacionais","robots":{"index":"index","follow":"follow","max-snippet":"max-snippet:-1","max-image-preview":"max-image-preview:large","max-video-preview":"max-video-preview:-1"},"canonical":"https:\/\/www.missoeshumanitarias.org\/en\/humanitarian-roraima-mission-shelter-with-population-beyond-capacity\/","og_locale":"en_US","og_type":"article","og_title":"Humanitarian Roraima Mission \u2013 shelter with population beyond capacity","og_description":"[fusion_vimeo id=&#8221;https:\/\/vimeo.com\/233151793&#8243; alignment=&#8221;&#8221; width=&#8221;350&#8243; height=&#8221;200&#8243; autoplay=&#8221;true&#8221; api_params=&#8221;&#8221; hide_on_mobile=&#8221;small-visibility,medium-visibility,large-visibility&#8221; class=&#8221;&#8221;][\/fusion_vimeo] Thursday thru Wednesday, August 31 thru September 6 On Thursday, 31, an pregnant Indigenous woman began labor in the CRI \u2013 Center of Reference for the Immigrant \u2013 , was referred to hospital and had a baby. Distribution of toys for the children, donated by the [&hellip;]","og_url":"https:\/\/www.missoeshumanitarias.org\/en\/humanitarian-roraima-mission-shelter-with-population-beyond-capacity\/","og_site_name":"Fraternidade Miss\u00f5es Humanit\u00e1rias Internacionais","article_published_time":"2017-09-15T00:30:21+00:00","og_image":[{"width":690,"height":388,"url":"https:\/\/www.missoeshumanitarias.org\/wp-content\/uploads\/2021\/08\/roraima_missao_chegada_imigrantes_09_2017.jpg","type":"image\/jpeg"}],"author":"maducato_admin","twitter_card":"summary_large_image","twitter_misc":{"Written by":"maducato_admin","Est. reading time":"5 minutes"},"schema":{"@context":"https:\/\/schema.org","@graph":[{"@type":"Article","@id":"https:\/\/www.missoeshumanitarias.org\/en\/humanitarian-roraima-mission-shelter-with-population-beyond-capacity\/#article","isPartOf":{"@id":"https:\/\/www.missoeshumanitarias.org\/en\/humanitarian-roraima-mission-shelter-with-population-beyond-capacity\/"},"author":{"name":"maducato_admin","@id":"https:\/\/www.missoeshumanitarias.org\/es\/#\/schema\/person\/e0f8527323154d1eba9f9d9eb6b401f7"},"headline":"Humanitarian Roraima Mission \u2013 shelter with population beyond capacity","datePublished":"2017-09-15T00:30:21+00:00","dateModified":"2017-09-15T00:30:21+00:00","mainEntityOfPage":{"@id":"https:\/\/www.missoeshumanitarias.org\/en\/humanitarian-roraima-mission-shelter-with-population-beyond-capacity\/"},"wordCount":1098,"commentCount":0,"publisher":{"@id":"https:\/\/www.missoeshumanitarias.org\/es\/#organization"},"image":{"@id":"https:\/\/www.missoeshumanitarias.org\/en\/humanitarian-roraima-mission-shelter-with-population-beyond-capacity\/#primaryimage"},"thumbnailUrl":"https:\/\/www.missoeshumanitarias.org\/wp-content\/uploads\/2021\/08\/roraima_missao_chegada_imigrantes_09_2017.jpg","articleSection":["Network-of-Light","News","News about the Missions"],"inLanguage":"en-US","potentialAction":[{"@type":"CommentAction","name":"Comment","target":["https:\/\/www.missoeshumanitarias.org\/en\/humanitarian-roraima-mission-shelter-with-population-beyond-capacity\/#respond"]}]},{"@type":"WebPage","@id":"https:\/\/www.missoeshumanitarias.org\/en\/humanitarian-roraima-mission-shelter-with-population-beyond-capacity\/","url":"https:\/\/www.missoeshumanitarias.org\/en\/humanitarian-roraima-mission-shelter-with-population-beyond-capacity\/","name":"Humanitarian Roraima Mission \u2013 shelter with population beyond capacity - Fraternidade Miss\u00f5es Humanit\u00e1rias Internacionais","isPartOf":{"@id":"https:\/\/www.missoeshumanitarias.org\/es\/#website"},"primaryImageOfPage":{"@id":"https:\/\/www.missoeshumanitarias.org\/en\/humanitarian-roraima-mission-shelter-with-population-beyond-capacity\/#primaryimage"},"image":{"@id":"https:\/\/www.missoeshumanitarias.org\/en\/humanitarian-roraima-mission-shelter-with-population-beyond-capacity\/#primaryimage"},"thumbnailUrl":"https:\/\/www.missoeshumanitarias.org\/wp-content\/uploads\/2021\/08\/roraima_missao_chegada_imigrantes_09_2017.jpg","datePublished":"2017-09-15T00:30:21+00:00","dateModified":"2017-09-15T00:30:21+00:00","breadcrumb":{"@id":"https:\/\/www.missoeshumanitarias.org\/en\/humanitarian-roraima-mission-shelter-with-population-beyond-capacity\/#breadcrumb"},"inLanguage":"en-US","potentialAction":[{"@type":"ReadAction","target":["https:\/\/www.missoeshumanitarias.org\/en\/humanitarian-roraima-mission-shelter-with-population-beyond-capacity\/"]}]},{"@type":"ImageObject","inLanguage":"en-US","@id":"https:\/\/www.missoeshumanitarias.org\/en\/humanitarian-roraima-mission-shelter-with-population-beyond-capacity\/#primaryimage","url":"https:\/\/www.missoeshumanitarias.org\/wp-content\/uploads\/2021\/08\/roraima_missao_chegada_imigrantes_09_2017.jpg","contentUrl":"https:\/\/www.missoeshumanitarias.org\/wp-content\/uploads\/2021\/08\/roraima_missao_chegada_imigrantes_09_2017.jpg","width":690,"height":388},{"@type":"BreadcrumbList","@id":"https:\/\/www.missoeshumanitarias.org\/en\/humanitarian-roraima-mission-shelter-with-population-beyond-capacity\/#breadcrumb","itemListElement":[{"@type":"ListItem","position":1,"name":"Home","item":"https:\/\/www.missoeshumanitarias.org\/en\/"},{"@type":"ListItem","position":2,"name":"Humanitarian Roraima Mission \u2013 shelter with population beyond capacity"}]},{"@type":"WebSite","@id":"https:\/\/www.missoeshumanitarias.org\/es\/#website","url":"https:\/\/www.missoeshumanitarias.org\/es\/","name":"Fraternidade Miss\u00f5es Humanit\u00e1rias Internacionais","description":"Respostas Humanit\u00e1rias e Emerg\u00eancias","publisher":{"@id":"https:\/\/www.missoeshumanitarias.org\/es\/#organization"},"potentialAction":[{"@type":"SearchAction","target":{"@type":"EntryPoint","urlTemplate":"https:\/\/www.missoeshumanitarias.org\/es\/?s={search_term_string}"},"query-input":"required name=search_term_string"}],"inLanguage":"en-US"},{"@type":"Organization","@id":"https:\/\/www.missoeshumanitarias.org\/es\/#organization","name":"Fraternidade - Miss\u00f5es Humanit\u00e1rias Internacionais","url":"https:\/\/www.missoeshumanitarias.org\/es\/","logo":{"@type":"ImageObject","inLanguage":"en-US","@id":"https:\/\/www.missoeshumanitarias.org\/es\/#\/schema\/logo\/image\/","url":"https:\/\/www.missoeshumanitarias.org\/wp-content\/uploads\/2020\/05\/logo-FMHI-mg.png","contentUrl":"https:\/\/www.missoeshumanitarias.org\/wp-content\/uploads\/2020\/05\/logo-FMHI-mg.png","width":520,"height":134,"caption":"Fraternidade - Miss\u00f5es Humanit\u00e1rias Internacionais"},"image":{"@id":"https:\/\/www.missoeshumanitarias.org\/es\/#\/schema\/logo\/image\/"}},{"@type":"Person","@id":"https:\/\/www.missoeshumanitarias.org\/es\/#\/schema\/person\/e0f8527323154d1eba9f9d9eb6b401f7","name":"maducato_admin","image":{"@type":"ImageObject","inLanguage":"en-US","@id":"https:\/\/www.missoeshumanitarias.org\/es\/#\/schema\/person\/image\/","url":"https:\/\/secure.gravatar.com\/avatar\/6c3b45186a8f5a459d8e14c7fca370bceae92402bc06171d75e4e559b6c24393?s=96&d=mm&r=g","contentUrl":"https:\/\/secure.gravatar.com\/avatar\/6c3b45186a8f5a459d8e14c7fca370bceae92402bc06171d75e4e559b6c24393?s=96&d=mm&r=g","caption":"maducato_admin"}}]}},"_links":{"self":[{"href":"https:\/\/www.missoeshumanitarias.org\/en\/wp-json\/wp\/v2\/posts\/131111","targetHints":{"allow":["GET"]}}],"collection":[{"href":"https:\/\/www.missoeshumanitarias.org\/en\/wp-json\/wp\/v2\/posts"}],"about":[{"href":"https:\/\/www.missoeshumanitarias.org\/en\/wp-json\/wp\/v2\/types\/post"}],"author":[{"embeddable":true,"href":"https:\/\/www.missoeshumanitarias.org\/en\/wp-json\/wp\/v2\/users\/1"}],"replies":[{"embeddable":true,"href":"https:\/\/www.missoeshumanitarias.org\/en\/wp-json\/wp\/v2\/comments?post=131111"}],"version-history":[{"count":0,"href":"https:\/\/www.missoeshumanitarias.org\/en\/wp-json\/wp\/v2\/posts\/131111\/revisions"}],"wp:featuredmedia":[{"embeddable":true,"href":"https:\/\/www.missoeshumanitarias.org\/en\/wp-json\/wp\/v2\/media\/125306"}],"wp:attachment":[{"href":"https:\/\/www.missoeshumanitarias.org\/en\/wp-json\/wp\/v2\/media?parent=131111"}],"wp:term":[{"taxonomy":"category","embeddable":true,"href":"https:\/\/www.missoeshumanitarias.org\/en\/wp-json\/wp\/v2\/categories?post=131111"},{"taxonomy":"post_tag","embeddable":true,"href":"https:\/\/www.missoeshumanitarias.org\/en\/wp-json\/wp\/v2\/tags?post=131111"}],"curies":[{"name":"wp","href":"https:\/\/api.w.org\/{rel}","templated":true}]}}