{"id":131129,"date":"2017-11-17T18:36:35","date_gmt":"2017-11-17T20:36:35","guid":{"rendered":"https:\/\/www.missoeshumanitarias.org\/humanitarian-roraima-mission-in-boa-vista-a-new-shelter-for-immigrants\/"},"modified":"2017-11-17T18:36:35","modified_gmt":"2017-11-17T20:36:35","slug":"humanitarian-roraima-mission-in-boa-vista-a-new-shelter-for-immigrants","status":"publish","type":"post","link":"https:\/\/www.missoeshumanitarias.org\/en\/humanitarian-roraima-mission-in-boa-vista-a-new-shelter-for-immigrants\/","title":{"rendered":"Humanitarian Roraima Mission in Boa Vista \u2013 a new shelter for immigrants"},"content":{"rendered":"<h3 align=\"CENTER\">[fusion_vimeo id=&#8221;https:\/\/vimeo.com\/243029027&#8243; alignment=&#8221;center&#8221; width=&#8221;350&#8243; height=&#8221;200&#8243; autoplay=&#8221;true&#8221; api_params=&#8221;&#8221; hide_on_mobile=&#8221;small-visibility,medium-visibility,large-visibility&#8221; class=&#8221;&#8221;][\/fusion_vimeo]<\/h3>\n<h3 class=\"western\" align=\"CENTER\"><b>October 23 to 29, Monday to Sunday<\/b><\/h3>\n<figure id=\"attachment_67641\" aria-describedby=\"caption-attachment-67641\" style=\"width: 300px\" class=\"wp-caption alignright\"><a href=\"https:\/\/www.fraterinternacional.org\/wp-content\/uploads\/2017\/11\/roraima_missao_aula_violao_10_2017.jpg\"><img fetchpriority=\"high\" decoding=\"async\" class=\"wp-image-67641 size-medium\" src=\"https:\/\/www.missoeshumanitarias.org\/wp-content\/uploads\/2021\/08\/roraima_missao_aula_violao_10_2017-300x169-1.jpg\" alt=\"\" width=\"300\" height=\"169\" \/><\/a><figcaption id=\"caption-attachment-67641\" class=\"wp-caption-text\">Guitar classes<\/figcaption><\/figure>\n<h3 class=\"western\" style=\"text-align: justify;\" align=\"JUSTIFY\"><b>October 23, Monday<\/b><\/h3>\n<p style=\"text-align: justify;\"><span style=\"font-weight: 400;\">Indigenous \u00a0man suspected of being seropositive was taken to a laboratory for exams.<\/span><\/p>\n<p style=\"text-align: justify;\"><span style=\"font-weight: 400;\">Guitar classes for the youths.<\/span><\/p>\n<p style=\"text-align: justify;\"><span style=\"font-weight: 400;\">Sewing activities and artisanship with beads.<\/span><\/p>\n<h3 class=\"western\" style=\"text-align: justify;\" align=\"JUSTIFY\"><b>October 24, Tuesday<\/b><\/h3>\n<figure id=\"attachment_67662\" aria-describedby=\"caption-attachment-67662\" style=\"width: 300px\" class=\"wp-caption alignleft\"><a href=\"https:\/\/www.fraterinternacional.org\/wp-content\/uploads\/2017\/11\/roraima_missao_dpu_10_2017.jpg\"><img decoding=\"async\" class=\"wp-image-67662 size-medium\" src=\"https:\/\/www.missoeshumanitarias.org\/wp-content\/uploads\/2021\/08\/roraima_missao_dpu_10_2017-300x169-1.jpg\" alt=\"\" width=\"300\" height=\"169\" \/><\/a><figcaption id=\"caption-attachment-67662\" class=\"wp-caption-text\">DPU in the shelter<\/figcaption><\/figure>\n<p style=\"text-align: justify;\"><span style=\"font-weight: 400;\">A team of the Federal Public Defender (DPU) went to the Center of Reference for the Immigrant \u2013 CRI \u2013 to assist and check the situation of each immigrant concerning documents and health.<\/span><\/p>\n<p style=\"text-align: justify;\"><span style=\"font-weight: 400;\">Preparation of fruits and greens for the meals.<\/span><\/p>\n<p style=\"text-align: justify;\"><span style=\"font-weight: 400;\">A volunteer exhibited two films in the shelter.<\/span><\/p>\n<p style=\"text-align: justify;\"><span style=\"font-weight: 400;\">Games with the children.<\/span><\/p>\n<p style=\"text-align: justify;\"><span style=\"font-weight: 400;\">A representative of the Institute of Migrations and Human Rights (IMDH), of Brasilia, visited the shelter and got to know it.<\/span><\/p>\n<h3 class=\"western\" style=\"text-align: justify;\" align=\"JUSTIFY\"><b>October 25, Wednesday<\/b><\/h3>\n<figure id=\"attachment_67647\" aria-describedby=\"caption-attachment-67647\" style=\"width: 300px\" class=\"wp-caption alignleft\"><a href=\"https:\/\/www.fraterinternacional.org\/wp-content\/uploads\/2017\/11\/roraima_missao_gestante_10_2017.jpg\"><img decoding=\"async\" class=\"wp-image-67647 size-medium\" src=\"https:\/\/www.missoeshumanitarias.org\/wp-content\/uploads\/2021\/08\/roraima_missao_gestante_10_2017-300x169-1.jpg\" alt=\"\" width=\"300\" height=\"169\" \/><\/a><figcaption id=\"caption-attachment-67647\" class=\"wp-caption-text\">Pregnant woman going to hospital<\/figcaption><\/figure>\n<p style=\"text-align: justify;\"><span style=\"font-weight: 400;\">In the morning, a pregnant woman in labor was taken by the ambulance of the Federal Unified Health System (SUS) to the maternity. At the end of the day, she returned still without having had the baby.<\/span><\/p>\n<p style=\"text-align: justify;\"><span style=\"font-weight: 400;\">Indigenous women made skirts with donated cloth.<\/span><\/p>\n<p style=\"text-align: justify;\"><span style=\"font-weight: 400;\">Volunteers, collaborators of the school \u201cCasa de los Ni\u00f1os\u201d (House of the Children) organized the installations (doors and fences) and cleaned the place with the help of missionaries of the Fraternidade.<\/span><\/p>\n<p style=\"text-align: justify;\"><span style=\"font-weight: 400;\">A group of the School Church took a group of children above nine years old with their parents to spend the afternoon participating in activities.<\/span><\/p>\n<p style=\"text-align: justify;\"><span style=\"font-weight: 400;\">An Indigenous Venezuelan immigrant woman was received in the CRI with her newborn baby. The baby was born in a maternity in Venezuela, which detected that the mother was anemic and needed cares. As the place did not have the resources for the treatment, mother and son were sent to Brazil. A hospital in Brazil, when it discharged the mother, and saw it was alone and without resources, referred her for the shelter of immigrants of Boa Vista. The mother intends to return to Venezuela with her son to live with her mother.<\/span><\/p>\n<figure id=\"attachment_67659\" aria-describedby=\"caption-attachment-67659\" style=\"width: 300px\" class=\"wp-caption alignright\"><a href=\"https:\/\/www.fraterinternacional.org\/wp-content\/uploads\/2017\/11\/roraima_missao_sesai_10_2017.jpg\"><img loading=\"lazy\" decoding=\"async\" class=\"wp-image-67659 size-medium\" src=\"https:\/\/www.missoeshumanitarias.org\/wp-content\/uploads\/2021\/08\/roraima_missao_sesai_10_2017-300x169-1.jpg\" alt=\"\" width=\"300\" height=\"169\" \/><\/a><figcaption id=\"caption-attachment-67659\" class=\"wp-caption-text\">Attendance of Sesai<\/figcaption><\/figure>\n<p style=\"text-align: justify;\"><span style=\"font-weight: 400;\">Arrival of a newborn baby, son of an Indigenous Venezuelan immigrant woman who lives in the shelter.<\/span><\/p>\n<p style=\"text-align: justify;\"><span style=\"font-weight: 400;\">Distribution of personal hygiene kits for some refugees who were not present in the distribution of last Sunday.<\/span><\/p>\n<p style=\"text-align: justify;\"><span style=\"font-weight: 400;\">Clothes donated by a couple from the city of Boa Vista were received.<\/span><\/p>\n<p style=\"text-align: justify;\"><span style=\"font-weight: 400;\">Special Indigenous Health Secretary (Sesai) conducted attendance in the CRI.<\/span><\/p>\n<h3 class=\"western\" style=\"text-align: justify;\" align=\"JUSTIFY\"><b>October 26, Thursday<\/b><\/h3>\n<figure id=\"attachment_67665\" aria-describedby=\"caption-attachment-67665\" style=\"width: 300px\" class=\"wp-caption alignleft\"><a href=\"https:\/\/www.fraterinternacional.org\/wp-content\/uploads\/2017\/11\/roraima_missao_seminario_10_2017.jpg\"><img loading=\"lazy\" decoding=\"async\" class=\"wp-image-67665 size-medium\" src=\"https:\/\/www.missoeshumanitarias.org\/wp-content\/uploads\/2021\/08\/roraima_missao_seminario_10_2017-300x169-1.jpg\" alt=\"\" width=\"300\" height=\"169\" \/><\/a><figcaption id=\"caption-attachment-67665\" class=\"wp-caption-text\">Event at Sesc<\/figcaption><\/figure>\n<p style=\"text-align: justify;\"><span style=\"font-weight: 400;\">A volunteer imparted Portuguese classes in the CRI.<\/span><\/p>\n<p style=\"text-align: justify;\"><span style=\"font-weight: 400;\">A pregnant woman who was feeling intense pains was referred to hospital again by the missionaries and had the baby during the night.<\/span><\/p>\n<p class=\"western\" style=\"text-align: justify;\" align=\"JUSTIFY\"><span style=\"font-weight: 400;\">Still in the morning, missionaries of the <\/span><b>Fraternidade \u2013 International Humanitarian Federation<\/b><span style=\"font-weight: 400;\"> \u2013 participated in the opening of the Seminar of the Federal Public Defender. Present were representatives of international agencies, such as the United Nations High Commissioner for Refugees (the UNHCR), the International Organization for Migration (IOM) and the United Nations Office about Drugs and Crime (UNODC).<\/span><\/p>\n<figure id=\"attachment_67653\" aria-describedby=\"caption-attachment-67653\" style=\"width: 300px\" class=\"wp-caption alignright\"><a href=\"https:\/\/www.fraterinternacional.org\/wp-content\/uploads\/2017\/11\/roraima_missao_participacao_evento_ifrr_10_2017.jpg\"><img loading=\"lazy\" decoding=\"async\" class=\"wp-image-67653 size-medium\" src=\"https:\/\/www.missoeshumanitarias.org\/wp-content\/uploads\/2021\/08\/roraima_missao_participacao_evento_ifrr_10_2017-300x169-1.jpg\" alt=\"\" width=\"300\" height=\"169\" \/><\/a><figcaption id=\"caption-attachment-67653\" class=\"wp-caption-text\">Participation in round table<\/figcaption><\/figure>\n<p style=\"text-align: justify;\"><span style=\"font-weight: 400;\">Missionaries also participated in the event \u201cDonate a little of your time, be a volunteer\u201d, which took place in the Commerce Social Service (Sesc) of Boa Vista and had the presence of several groups and entities of humanitarian help. The missionary Clara participated in a round table about volunteering. <\/span><\/p>\n<p style=\"text-align: justify;\"><span style=\"font-weight: 400;\">In the Federal Institute of Education, Science and Technology of Roraima (IFRR), the missionary Clara participated in another round table, this time with a representative of the UNHCR. The missionary presented the practical part and the experience of the Roraima Mission since November of last year. The representative of the UNHCR talked about the technical and juridical aspect of the topic of migrations, especially from or in Venezuela.<\/span><\/p>\n<h3 class=\"western\" style=\"text-align: justify;\" align=\"JUSTIFY\"><b>October 27, Friday<\/b><\/h3>\n<p style=\"text-align: justify;\"><span style=\"font-weight: 400;\">Nail-trimming of children and mothers was conducted in the shelter.<\/span><\/p>\n<p style=\"text-align: justify;\"><span style=\"font-weight: 400;\">Selection of fruits, greens and preparation of foods.<\/span><\/p>\n<p style=\"text-align: justify;\"><span style=\"font-weight: 400;\">Group of the \u201cAbra\u00e7a-me\u201d (Embrace me) Project was in the CRI, conducted games with the children and offered cake.<\/span><\/p>\n<p style=\"text-align: justify;\"><span style=\"font-weight: 400;\">Candies were donated to the Crescer (Grow up) Project, located across the shelter. The doctors asked for the children of the shelter not too eat sweets any longer, due to the occurrences of worms and diarrhea. <\/span><\/p>\n<p style=\"text-align: justify;\"><span style=\"font-weight: 400;\">A wedding of an Indigenous couple was celebrated in the CRI. <\/span><\/p>\n<h3 style=\"text-align: justify;\"><b>October 28, Saturday<\/b><\/h3>\n<h3 style=\"text-align: justify;\"><b>New shelter in Boa Vista<\/b><\/h3>\n<figure id=\"attachment_67650\" aria-describedby=\"caption-attachment-67650\" style=\"width: 300px\" class=\"wp-caption alignleft\"><a href=\"https:\/\/www.fraterinternacional.org\/wp-content\/uploads\/2017\/11\/roraima_missao_novo_abrigo_ginasio_10_2017.jpg\"><img loading=\"lazy\" decoding=\"async\" class=\"wp-image-67650 size-medium\" src=\"https:\/\/www.missoeshumanitarias.org\/wp-content\/uploads\/2021\/08\/roraima_missao_novo_abrigo_ginasio_10_2017-300x169-1.jpg\" alt=\"\" width=\"300\" height=\"169\" \/><\/a><figcaption id=\"caption-attachment-67650\" class=\"wp-caption-text\">New shelter in Tancredo Neves gymnasium<\/figcaption><\/figure>\n<p style=\"text-align: justify;\"><span style=\"font-weight: 400;\">The Government of the State of Roraima removed all the Venezuelan immigrants \u00a0who were in an improvised camping site in the region of the International Bus Station of Boa Vista. About 400 immigrants were taken to the new shelter, located in the Tancredo Neves gymnasium, in the east region of the city.<\/span><\/p>\n<p style=\"text-align: justify;\"><span style=\"font-weight: 400;\">The Missionaries went to the new shelter, and, together with the UNHCR, distributed food, personal hygiene products, mattresses, hammocks and mosquito nets. Also the process of registry of the immigrants was begun.<\/span><\/p>\n<p style=\"text-align: justify;\"><span style=\"font-weight: 400;\">\u201cAs there was a great number of immigrants, at a certain point there was tumult and we had to stop everything to try to reorganize. But later the situation calmed down and we managed to distribute the donations until the end\u201d, said Alexandrina, a missionary of the Fraternidade.<\/span><\/p>\n<p><a href=\"https:\/\/www.fraterinternacional.org\/wp-content\/uploads\/2017\/11\/roraima_missao_artesanato_10_2017-1.jpg\"><img loading=\"lazy\" decoding=\"async\" class=\"alignright wp-image-67635\" src=\"https:\/\/www.missoeshumanitarias.org\/wp-content\/uploads\/2021\/08\/roraima_missao_artesanato_10_2017-1-300x225-1.jpg\" alt=\"\" width=\"283\" height=\"212\" \/><\/a><\/p>\n<h3 class=\"western\" style=\"text-align: justify;\" align=\"JUSTIFY\"><b>October 29, Sunday<br \/>\n<\/b><\/h3>\n<p style=\"text-align: justify;\"><span style=\"font-weight: 400;\">A group service of general organization in the office of the Fraternidade in Roraima was conducted.<\/span><\/p>\n<p style=\"text-align: justify;\"><span style=\"font-weight: 400;\">All the products were taken from the tents, placed new shelves and then done the reorganization.<\/span><\/p>\n<p style=\"text-align: justify;\"><span style=\"font-weight: 400;\">In the afternoon, games were done with the children in the CRI.<\/span><\/p>\n<p style=\"text-align: justify;\"><span style=\"font-weight: 400;\">A friar of the Catholic Church and nuns of the Pastoral of the Children accompanied some Indigenous persons to the Anau\u00e1 Park for them to see the exhibit of their artisanship work.<\/span><\/p>\n<h3 class=\"western\" style=\"text-align: justify;\" align=\"JUSTIFY\"><b>Artisanship<\/b><\/h3>\n<p class=\"western\" style=\"text-align: justify;\" align=\"JUSTIFY\"><span style=\"font-weight: 400;\">During the whole week, there were artisanship workshops with the Warao Indigenous people, who made crafts with beads, macram\u00eas and sewing items. In the external area of the shelter, the immigrants made string hammocks. The products will be sold in the artisanship fairs.<\/span><\/p>\n<div id='gallery-1' class='gallery galleryid-131129 gallery-columns-3 gallery-size-medium'><figure class='gallery-item'>\n\t\t\t<div class='gallery-icon landscape'>\n\t\t\t\t<a href='https:\/\/www.missoeshumanitarias.org\/wp-content\/uploads\/2021\/08\/roraima_missao_costura_10_2017.jpg'><img loading=\"lazy\" decoding=\"async\" width=\"300\" height=\"169\" src=\"https:\/\/www.missoeshumanitarias.org\/wp-content\/uploads\/2021\/08\/roraima_missao_costura_10_2017-300x169.jpg\" class=\"attachment-medium size-medium\" alt=\"\" srcset=\"https:\/\/www.missoeshumanitarias.org\/wp-content\/uploads\/2021\/08\/roraima_missao_costura_10_2017-300x169.jpg 300w, https:\/\/www.missoeshumanitarias.org\/wp-content\/uploads\/2021\/08\/roraima_missao_costura_10_2017.jpg 690w\" sizes=\"(max-width: 300px) 100vw, 300px\" \/><\/a>\n\t\t\t<\/div><\/figure><figure class='gallery-item'>\n\t\t\t<div class='gallery-icon landscape'>\n\t\t\t\t<a href='https:\/\/www.missoeshumanitarias.org\/wp-content\/uploads\/2021\/08\/roraima_missao_redes_10_2017.jpg'><img loading=\"lazy\" decoding=\"async\" width=\"300\" height=\"169\" src=\"https:\/\/www.missoeshumanitarias.org\/wp-content\/uploads\/2021\/08\/roraima_missao_redes_10_2017-300x169.jpg\" class=\"attachment-medium size-medium\" alt=\"\" srcset=\"https:\/\/www.missoeshumanitarias.org\/wp-content\/uploads\/2021\/08\/roraima_missao_redes_10_2017-300x169.jpg 300w, https:\/\/www.missoeshumanitarias.org\/wp-content\/uploads\/2021\/08\/roraima_missao_redes_10_2017.jpg 690w\" sizes=\"(max-width: 300px) 100vw, 300px\" \/><\/a>\n\t\t\t<\/div><\/figure><figure class='gallery-item'>\n\t\t\t<div class='gallery-icon landscape'>\n\t\t\t\t<a href='https:\/\/www.missoeshumanitarias.org\/wp-content\/uploads\/2021\/08\/roraima_missao_artesanato_feira_10_2017.jpg'><img loading=\"lazy\" decoding=\"async\" width=\"300\" height=\"169\" src=\"https:\/\/www.missoeshumanitarias.org\/wp-content\/uploads\/2021\/08\/roraima_missao_artesanato_feira_10_2017-300x169.jpg\" class=\"attachment-medium size-medium\" alt=\"\" srcset=\"https:\/\/www.missoeshumanitarias.org\/wp-content\/uploads\/2021\/08\/roraima_missao_artesanato_feira_10_2017-300x169.jpg 300w, https:\/\/www.missoeshumanitarias.org\/wp-content\/uploads\/2021\/08\/roraima_missao_artesanato_feira_10_2017.jpg 690w\" sizes=\"(max-width: 300px) 100vw, 300px\" \/><\/a>\n\t\t\t<\/div><\/figure>\n\t\t<\/div>\n\n","protected":false},"excerpt":{"rendered":"<p>[fusion_vimeo id=&#8221;https:\/\/vimeo.com\/243029027&#8243; alignment=&#8221;center&#8221; width=&#8221;350&#8243; height=&#8221;200&#8243; autoplay=&#8221;true&#8221; api_params=&#8221;&#8221; hide_on_mobile=&#8221;small-visibility,medium-visibility,large-visibility&#8221; class=&#8221;&#8221;][\/fusion_vimeo] October 23 to 29, Monday to Sunday October 23, Monday Indigenous \u00a0man suspected of being seropositive was taken to a laboratory for exams. Guitar classes for the youths. Sewing activities and artisanship with beads. October 24, Tuesday A team of the Federal Public Defender (DPU) went [&hellip;]<\/p>\n","protected":false},"author":1,"featured_media":125840,"comment_status":"open","ping_status":"open","sticky":false,"template":"","format":"standard","meta":{"footnotes":""},"categories":[9,132],"tags":[],"class_list":["post-131129","post","type-post","status-publish","format-standard","has-post-thumbnail","hentry","category-news","category-news-about-the-missions"],"featured_image_src":"https:\/\/www.missoeshumanitarias.org\/wp-content\/uploads\/2021\/08\/roraima_missao_2novo_abrigo_ginasio_10_2017.jpg","author_info":{"display_name":"maducato_admin","author_link":"https:\/\/www.missoeshumanitarias.org\/en\/author\/maducato_admin\/"},"yoast_head":"<!-- This site is optimized with the Yoast SEO Premium plugin v22.5 (Yoast SEO v22.5) - https:\/\/yoast.com\/wordpress\/plugins\/seo\/ -->\n<title>Humanitarian Roraima Mission in Boa Vista \u2013 a new shelter for immigrants - Fraternidade Miss\u00f5es Humanit\u00e1rias Internacionais<\/title>\n<meta name=\"robots\" content=\"index, follow, max-snippet:-1, max-image-preview:large, max-video-preview:-1\" \/>\n<link rel=\"canonical\" href=\"https:\/\/www.missoeshumanitarias.org\/en\/humanitarian-roraima-mission-in-boa-vista-a-new-shelter-for-immigrants\/\" \/>\n<meta property=\"og:locale\" content=\"en_US\" \/>\n<meta property=\"og:type\" content=\"article\" \/>\n<meta property=\"og:title\" content=\"Humanitarian Roraima Mission in Boa Vista \u2013 a new shelter for immigrants\" \/>\n<meta property=\"og:description\" content=\"[fusion_vimeo id=&#8221;https:\/\/vimeo.com\/243029027&#8243; alignment=&#8221;center&#8221; width=&#8221;350&#8243; height=&#8221;200&#8243; autoplay=&#8221;true&#8221; api_params=&#8221;&#8221; hide_on_mobile=&#8221;small-visibility,medium-visibility,large-visibility&#8221; class=&#8221;&#8221;][\/fusion_vimeo] October 23 to 29, Monday to Sunday October 23, Monday Indigenous \u00a0man suspected of being seropositive was taken to a laboratory for exams. Guitar classes for the youths. Sewing activities and artisanship with beads. October 24, Tuesday A team of the Federal Public Defender (DPU) went [&hellip;]\" \/>\n<meta property=\"og:url\" content=\"https:\/\/www.missoeshumanitarias.org\/en\/humanitarian-roraima-mission-in-boa-vista-a-new-shelter-for-immigrants\/\" \/>\n<meta property=\"og:site_name\" content=\"Fraternidade Miss\u00f5es Humanit\u00e1rias Internacionais\" \/>\n<meta property=\"article:published_time\" content=\"2017-11-17T20:36:35+00:00\" \/>\n<meta property=\"og:image\" content=\"https:\/\/www.missoeshumanitarias.org\/wp-content\/uploads\/2021\/08\/roraima_missao_2novo_abrigo_ginasio_10_2017.jpg\" \/>\n\t<meta property=\"og:image:width\" content=\"690\" \/>\n\t<meta property=\"og:image:height\" content=\"388\" \/>\n\t<meta property=\"og:image:type\" content=\"image\/jpeg\" \/>\n<meta name=\"author\" content=\"maducato_admin\" \/>\n<meta name=\"twitter:card\" content=\"summary_large_image\" \/>\n<meta name=\"twitter:label1\" content=\"Written by\" \/>\n\t<meta name=\"twitter:data1\" content=\"maducato_admin\" \/>\n\t<meta name=\"twitter:label2\" content=\"Est. reading time\" \/>\n\t<meta name=\"twitter:data2\" content=\"5 minutes\" \/>\n<script type=\"application\/ld+json\" class=\"yoast-schema-graph\">{\"@context\":\"https:\/\/schema.org\",\"@graph\":[{\"@type\":\"Article\",\"@id\":\"https:\/\/www.missoeshumanitarias.org\/en\/humanitarian-roraima-mission-in-boa-vista-a-new-shelter-for-immigrants\/#article\",\"isPartOf\":{\"@id\":\"https:\/\/www.missoeshumanitarias.org\/en\/humanitarian-roraima-mission-in-boa-vista-a-new-shelter-for-immigrants\/\"},\"author\":{\"name\":\"maducato_admin\",\"@id\":\"https:\/\/www.missoeshumanitarias.org\/es\/#\/schema\/person\/e0f8527323154d1eba9f9d9eb6b401f7\"},\"headline\":\"Humanitarian Roraima Mission in Boa Vista \u2013 a new shelter for immigrants\",\"datePublished\":\"2017-11-17T20:36:35+00:00\",\"dateModified\":\"2017-11-17T20:36:35+00:00\",\"mainEntityOfPage\":{\"@id\":\"https:\/\/www.missoeshumanitarias.org\/en\/humanitarian-roraima-mission-in-boa-vista-a-new-shelter-for-immigrants\/\"},\"wordCount\":1029,\"commentCount\":0,\"publisher\":{\"@id\":\"https:\/\/www.missoeshumanitarias.org\/es\/#organization\"},\"image\":{\"@id\":\"https:\/\/www.missoeshumanitarias.org\/en\/humanitarian-roraima-mission-in-boa-vista-a-new-shelter-for-immigrants\/#primaryimage\"},\"thumbnailUrl\":\"https:\/\/www.missoeshumanitarias.org\/wp-content\/uploads\/2021\/08\/roraima_missao_2novo_abrigo_ginasio_10_2017.jpg\",\"articleSection\":[\"News\",\"News about the Missions\"],\"inLanguage\":\"en-US\",\"potentialAction\":[{\"@type\":\"CommentAction\",\"name\":\"Comment\",\"target\":[\"https:\/\/www.missoeshumanitarias.org\/en\/humanitarian-roraima-mission-in-boa-vista-a-new-shelter-for-immigrants\/#respond\"]}]},{\"@type\":\"WebPage\",\"@id\":\"https:\/\/www.missoeshumanitarias.org\/en\/humanitarian-roraima-mission-in-boa-vista-a-new-shelter-for-immigrants\/\",\"url\":\"https:\/\/www.missoeshumanitarias.org\/en\/humanitarian-roraima-mission-in-boa-vista-a-new-shelter-for-immigrants\/\",\"name\":\"Humanitarian Roraima Mission in Boa Vista \u2013 a new shelter for immigrants - Fraternidade Miss\u00f5es Humanit\u00e1rias Internacionais\",\"isPartOf\":{\"@id\":\"https:\/\/www.missoeshumanitarias.org\/es\/#website\"},\"primaryImageOfPage\":{\"@id\":\"https:\/\/www.missoeshumanitarias.org\/en\/humanitarian-roraima-mission-in-boa-vista-a-new-shelter-for-immigrants\/#primaryimage\"},\"image\":{\"@id\":\"https:\/\/www.missoeshumanitarias.org\/en\/humanitarian-roraima-mission-in-boa-vista-a-new-shelter-for-immigrants\/#primaryimage\"},\"thumbnailUrl\":\"https:\/\/www.missoeshumanitarias.org\/wp-content\/uploads\/2021\/08\/roraima_missao_2novo_abrigo_ginasio_10_2017.jpg\",\"datePublished\":\"2017-11-17T20:36:35+00:00\",\"dateModified\":\"2017-11-17T20:36:35+00:00\",\"breadcrumb\":{\"@id\":\"https:\/\/www.missoeshumanitarias.org\/en\/humanitarian-roraima-mission-in-boa-vista-a-new-shelter-for-immigrants\/#breadcrumb\"},\"inLanguage\":\"en-US\",\"potentialAction\":[{\"@type\":\"ReadAction\",\"target\":[\"https:\/\/www.missoeshumanitarias.org\/en\/humanitarian-roraima-mission-in-boa-vista-a-new-shelter-for-immigrants\/\"]}]},{\"@type\":\"ImageObject\",\"inLanguage\":\"en-US\",\"@id\":\"https:\/\/www.missoeshumanitarias.org\/en\/humanitarian-roraima-mission-in-boa-vista-a-new-shelter-for-immigrants\/#primaryimage\",\"url\":\"https:\/\/www.missoeshumanitarias.org\/wp-content\/uploads\/2021\/08\/roraima_missao_2novo_abrigo_ginasio_10_2017.jpg\",\"contentUrl\":\"https:\/\/www.missoeshumanitarias.org\/wp-content\/uploads\/2021\/08\/roraima_missao_2novo_abrigo_ginasio_10_2017.jpg\",\"width\":690,\"height\":388},{\"@type\":\"BreadcrumbList\",\"@id\":\"https:\/\/www.missoeshumanitarias.org\/en\/humanitarian-roraima-mission-in-boa-vista-a-new-shelter-for-immigrants\/#breadcrumb\",\"itemListElement\":[{\"@type\":\"ListItem\",\"position\":1,\"name\":\"Home\",\"item\":\"https:\/\/www.missoeshumanitarias.org\/en\/\"},{\"@type\":\"ListItem\",\"position\":2,\"name\":\"Humanitarian Roraima Mission in Boa Vista \u2013 a new shelter for immigrants\"}]},{\"@type\":\"WebSite\",\"@id\":\"https:\/\/www.missoeshumanitarias.org\/es\/#website\",\"url\":\"https:\/\/www.missoeshumanitarias.org\/es\/\",\"name\":\"Fraternidade Miss\u00f5es Humanit\u00e1rias Internacionais\",\"description\":\"Respostas Humanit\u00e1rias e Emerg\u00eancias\",\"publisher\":{\"@id\":\"https:\/\/www.missoeshumanitarias.org\/es\/#organization\"},\"potentialAction\":[{\"@type\":\"SearchAction\",\"target\":{\"@type\":\"EntryPoint\",\"urlTemplate\":\"https:\/\/www.missoeshumanitarias.org\/es\/?s={search_term_string}\"},\"query-input\":\"required name=search_term_string\"}],\"inLanguage\":\"en-US\"},{\"@type\":\"Organization\",\"@id\":\"https:\/\/www.missoeshumanitarias.org\/es\/#organization\",\"name\":\"Fraternidade - Miss\u00f5es Humanit\u00e1rias Internacionais\",\"url\":\"https:\/\/www.missoeshumanitarias.org\/es\/\",\"logo\":{\"@type\":\"ImageObject\",\"inLanguage\":\"en-US\",\"@id\":\"https:\/\/www.missoeshumanitarias.org\/es\/#\/schema\/logo\/image\/\",\"url\":\"https:\/\/www.missoeshumanitarias.org\/wp-content\/uploads\/2020\/05\/logo-FMHI-mg.png\",\"contentUrl\":\"https:\/\/www.missoeshumanitarias.org\/wp-content\/uploads\/2020\/05\/logo-FMHI-mg.png\",\"width\":520,\"height\":134,\"caption\":\"Fraternidade - Miss\u00f5es Humanit\u00e1rias Internacionais\"},\"image\":{\"@id\":\"https:\/\/www.missoeshumanitarias.org\/es\/#\/schema\/logo\/image\/\"}},{\"@type\":\"Person\",\"@id\":\"https:\/\/www.missoeshumanitarias.org\/es\/#\/schema\/person\/e0f8527323154d1eba9f9d9eb6b401f7\",\"name\":\"maducato_admin\",\"image\":{\"@type\":\"ImageObject\",\"inLanguage\":\"en-US\",\"@id\":\"https:\/\/www.missoeshumanitarias.org\/es\/#\/schema\/person\/image\/\",\"url\":\"https:\/\/secure.gravatar.com\/avatar\/6c3b45186a8f5a459d8e14c7fca370bceae92402bc06171d75e4e559b6c24393?s=96&d=mm&r=g\",\"contentUrl\":\"https:\/\/secure.gravatar.com\/avatar\/6c3b45186a8f5a459d8e14c7fca370bceae92402bc06171d75e4e559b6c24393?s=96&d=mm&r=g\",\"caption\":\"maducato_admin\"}}]}<\/script>\n<!-- \/ Yoast SEO Premium plugin. -->","yoast_head_json":{"title":"Humanitarian Roraima Mission in Boa Vista \u2013 a new shelter for immigrants - Fraternidade Miss\u00f5es Humanit\u00e1rias Internacionais","robots":{"index":"index","follow":"follow","max-snippet":"max-snippet:-1","max-image-preview":"max-image-preview:large","max-video-preview":"max-video-preview:-1"},"canonical":"https:\/\/www.missoeshumanitarias.org\/en\/humanitarian-roraima-mission-in-boa-vista-a-new-shelter-for-immigrants\/","og_locale":"en_US","og_type":"article","og_title":"Humanitarian Roraima Mission in Boa Vista \u2013 a new shelter for immigrants","og_description":"[fusion_vimeo id=&#8221;https:\/\/vimeo.com\/243029027&#8243; alignment=&#8221;center&#8221; width=&#8221;350&#8243; height=&#8221;200&#8243; autoplay=&#8221;true&#8221; api_params=&#8221;&#8221; hide_on_mobile=&#8221;small-visibility,medium-visibility,large-visibility&#8221; class=&#8221;&#8221;][\/fusion_vimeo] October 23 to 29, Monday to Sunday October 23, Monday Indigenous \u00a0man suspected of being seropositive was taken to a laboratory for exams. Guitar classes for the youths. Sewing activities and artisanship with beads. October 24, Tuesday A team of the Federal Public Defender (DPU) went [&hellip;]","og_url":"https:\/\/www.missoeshumanitarias.org\/en\/humanitarian-roraima-mission-in-boa-vista-a-new-shelter-for-immigrants\/","og_site_name":"Fraternidade Miss\u00f5es Humanit\u00e1rias Internacionais","article_published_time":"2017-11-17T20:36:35+00:00","og_image":[{"width":690,"height":388,"url":"https:\/\/www.missoeshumanitarias.org\/wp-content\/uploads\/2021\/08\/roraima_missao_2novo_abrigo_ginasio_10_2017.jpg","type":"image\/jpeg"}],"author":"maducato_admin","twitter_card":"summary_large_image","twitter_misc":{"Written by":"maducato_admin","Est. reading time":"5 minutes"},"schema":{"@context":"https:\/\/schema.org","@graph":[{"@type":"Article","@id":"https:\/\/www.missoeshumanitarias.org\/en\/humanitarian-roraima-mission-in-boa-vista-a-new-shelter-for-immigrants\/#article","isPartOf":{"@id":"https:\/\/www.missoeshumanitarias.org\/en\/humanitarian-roraima-mission-in-boa-vista-a-new-shelter-for-immigrants\/"},"author":{"name":"maducato_admin","@id":"https:\/\/www.missoeshumanitarias.org\/es\/#\/schema\/person\/e0f8527323154d1eba9f9d9eb6b401f7"},"headline":"Humanitarian Roraima Mission in Boa Vista \u2013 a new shelter for immigrants","datePublished":"2017-11-17T20:36:35+00:00","dateModified":"2017-11-17T20:36:35+00:00","mainEntityOfPage":{"@id":"https:\/\/www.missoeshumanitarias.org\/en\/humanitarian-roraima-mission-in-boa-vista-a-new-shelter-for-immigrants\/"},"wordCount":1029,"commentCount":0,"publisher":{"@id":"https:\/\/www.missoeshumanitarias.org\/es\/#organization"},"image":{"@id":"https:\/\/www.missoeshumanitarias.org\/en\/humanitarian-roraima-mission-in-boa-vista-a-new-shelter-for-immigrants\/#primaryimage"},"thumbnailUrl":"https:\/\/www.missoeshumanitarias.org\/wp-content\/uploads\/2021\/08\/roraima_missao_2novo_abrigo_ginasio_10_2017.jpg","articleSection":["News","News about the Missions"],"inLanguage":"en-US","potentialAction":[{"@type":"CommentAction","name":"Comment","target":["https:\/\/www.missoeshumanitarias.org\/en\/humanitarian-roraima-mission-in-boa-vista-a-new-shelter-for-immigrants\/#respond"]}]},{"@type":"WebPage","@id":"https:\/\/www.missoeshumanitarias.org\/en\/humanitarian-roraima-mission-in-boa-vista-a-new-shelter-for-immigrants\/","url":"https:\/\/www.missoeshumanitarias.org\/en\/humanitarian-roraima-mission-in-boa-vista-a-new-shelter-for-immigrants\/","name":"Humanitarian Roraima Mission in Boa Vista \u2013 a new shelter for immigrants - Fraternidade Miss\u00f5es Humanit\u00e1rias Internacionais","isPartOf":{"@id":"https:\/\/www.missoeshumanitarias.org\/es\/#website"},"primaryImageOfPage":{"@id":"https:\/\/www.missoeshumanitarias.org\/en\/humanitarian-roraima-mission-in-boa-vista-a-new-shelter-for-immigrants\/#primaryimage"},"image":{"@id":"https:\/\/www.missoeshumanitarias.org\/en\/humanitarian-roraima-mission-in-boa-vista-a-new-shelter-for-immigrants\/#primaryimage"},"thumbnailUrl":"https:\/\/www.missoeshumanitarias.org\/wp-content\/uploads\/2021\/08\/roraima_missao_2novo_abrigo_ginasio_10_2017.jpg","datePublished":"2017-11-17T20:36:35+00:00","dateModified":"2017-11-17T20:36:35+00:00","breadcrumb":{"@id":"https:\/\/www.missoeshumanitarias.org\/en\/humanitarian-roraima-mission-in-boa-vista-a-new-shelter-for-immigrants\/#breadcrumb"},"inLanguage":"en-US","potentialAction":[{"@type":"ReadAction","target":["https:\/\/www.missoeshumanitarias.org\/en\/humanitarian-roraima-mission-in-boa-vista-a-new-shelter-for-immigrants\/"]}]},{"@type":"ImageObject","inLanguage":"en-US","@id":"https:\/\/www.missoeshumanitarias.org\/en\/humanitarian-roraima-mission-in-boa-vista-a-new-shelter-for-immigrants\/#primaryimage","url":"https:\/\/www.missoeshumanitarias.org\/wp-content\/uploads\/2021\/08\/roraima_missao_2novo_abrigo_ginasio_10_2017.jpg","contentUrl":"https:\/\/www.missoeshumanitarias.org\/wp-content\/uploads\/2021\/08\/roraima_missao_2novo_abrigo_ginasio_10_2017.jpg","width":690,"height":388},{"@type":"BreadcrumbList","@id":"https:\/\/www.missoeshumanitarias.org\/en\/humanitarian-roraima-mission-in-boa-vista-a-new-shelter-for-immigrants\/#breadcrumb","itemListElement":[{"@type":"ListItem","position":1,"name":"Home","item":"https:\/\/www.missoeshumanitarias.org\/en\/"},{"@type":"ListItem","position":2,"name":"Humanitarian Roraima Mission in Boa Vista \u2013 a new shelter for immigrants"}]},{"@type":"WebSite","@id":"https:\/\/www.missoeshumanitarias.org\/es\/#website","url":"https:\/\/www.missoeshumanitarias.org\/es\/","name":"Fraternidade Miss\u00f5es Humanit\u00e1rias Internacionais","description":"Respostas Humanit\u00e1rias e Emerg\u00eancias","publisher":{"@id":"https:\/\/www.missoeshumanitarias.org\/es\/#organization"},"potentialAction":[{"@type":"SearchAction","target":{"@type":"EntryPoint","urlTemplate":"https:\/\/www.missoeshumanitarias.org\/es\/?s={search_term_string}"},"query-input":"required name=search_term_string"}],"inLanguage":"en-US"},{"@type":"Organization","@id":"https:\/\/www.missoeshumanitarias.org\/es\/#organization","name":"Fraternidade - Miss\u00f5es Humanit\u00e1rias Internacionais","url":"https:\/\/www.missoeshumanitarias.org\/es\/","logo":{"@type":"ImageObject","inLanguage":"en-US","@id":"https:\/\/www.missoeshumanitarias.org\/es\/#\/schema\/logo\/image\/","url":"https:\/\/www.missoeshumanitarias.org\/wp-content\/uploads\/2020\/05\/logo-FMHI-mg.png","contentUrl":"https:\/\/www.missoeshumanitarias.org\/wp-content\/uploads\/2020\/05\/logo-FMHI-mg.png","width":520,"height":134,"caption":"Fraternidade - Miss\u00f5es Humanit\u00e1rias Internacionais"},"image":{"@id":"https:\/\/www.missoeshumanitarias.org\/es\/#\/schema\/logo\/image\/"}},{"@type":"Person","@id":"https:\/\/www.missoeshumanitarias.org\/es\/#\/schema\/person\/e0f8527323154d1eba9f9d9eb6b401f7","name":"maducato_admin","image":{"@type":"ImageObject","inLanguage":"en-US","@id":"https:\/\/www.missoeshumanitarias.org\/es\/#\/schema\/person\/image\/","url":"https:\/\/secure.gravatar.com\/avatar\/6c3b45186a8f5a459d8e14c7fca370bceae92402bc06171d75e4e559b6c24393?s=96&d=mm&r=g","contentUrl":"https:\/\/secure.gravatar.com\/avatar\/6c3b45186a8f5a459d8e14c7fca370bceae92402bc06171d75e4e559b6c24393?s=96&d=mm&r=g","caption":"maducato_admin"}}]}},"_links":{"self":[{"href":"https:\/\/www.missoeshumanitarias.org\/en\/wp-json\/wp\/v2\/posts\/131129","targetHints":{"allow":["GET"]}}],"collection":[{"href":"https:\/\/www.missoeshumanitarias.org\/en\/wp-json\/wp\/v2\/posts"}],"about":[{"href":"https:\/\/www.missoeshumanitarias.org\/en\/wp-json\/wp\/v2\/types\/post"}],"author":[{"embeddable":true,"href":"https:\/\/www.missoeshumanitarias.org\/en\/wp-json\/wp\/v2\/users\/1"}],"replies":[{"embeddable":true,"href":"https:\/\/www.missoeshumanitarias.org\/en\/wp-json\/wp\/v2\/comments?post=131129"}],"version-history":[{"count":0,"href":"https:\/\/www.missoeshumanitarias.org\/en\/wp-json\/wp\/v2\/posts\/131129\/revisions"}],"wp:featuredmedia":[{"embeddable":true,"href":"https:\/\/www.missoeshumanitarias.org\/en\/wp-json\/wp\/v2\/media\/125840"}],"wp:attachment":[{"href":"https:\/\/www.missoeshumanitarias.org\/en\/wp-json\/wp\/v2\/media?parent=131129"}],"wp:term":[{"taxonomy":"category","embeddable":true,"href":"https:\/\/www.missoeshumanitarias.org\/en\/wp-json\/wp\/v2\/categories?post=131129"},{"taxonomy":"post_tag","embeddable":true,"href":"https:\/\/www.missoeshumanitarias.org\/en\/wp-json\/wp\/v2\/tags?post=131129"}],"curies":[{"name":"wp","href":"https:\/\/api.w.org\/{rel}","templated":true}]}}