{"id":131141,"date":"2017-12-15T23:03:44","date_gmt":"2017-12-16T01:03:44","guid":{"rendered":"https:\/\/www.missoeshumanitarias.org\/humanitarian-roraima-mission-in-pacaraima-cooperation-agreement\/"},"modified":"2017-12-15T23:03:44","modified_gmt":"2017-12-16T01:03:44","slug":"humanitarian-roraima-mission-in-pacaraima-cooperation-agreement","status":"publish","type":"post","link":"https:\/\/www.missoeshumanitarias.org\/en\/humanitarian-roraima-mission-in-pacaraima-cooperation-agreement\/","title":{"rendered":"Humanitarian Roraima Mission in Pacaraima \u2013 cooperation agreement"},"content":{"rendered":"<p class=\"western\" align=\"CENTER\"><b>Nov 27 to Dec 3, Monday to Sunday<\/b><\/p>\n<p class=\"western\" style=\"text-align: justify;\" align=\"JUSTIFY\"><a href=\"https:\/\/www.fraterinternacional.org\/wp-content\/uploads\/2017\/12\/roraima_missao_pacaraima_assinatura_conttrato_cooperacao_prefeitura.jpg\"><img fetchpriority=\"high\" decoding=\"async\" class=\"alignleft size-medium wp-image-69223\" src=\"https:\/\/www.missoeshumanitarias.org\/wp-content\/uploads\/2021\/08\/roraima_missao_pacaraima_assinatura_conttrato_cooperacao_prefeitura-300x169-1.jpg\" alt=\"\" width=\"300\" height=\"169\" \/><\/a><span style=\"font-weight: 400;\">On November 29, the <\/span><b>Fraternidade \u2013 International Humanitarian Federation<\/b><span style=\"font-weight: 400;\">, signed a technical and operational cooperation agreement with the City Hall of Pacaraima. The objective is to foster the development of actions of humanitarian help to the immigrants who are in the city.<\/span><\/p>\n<p class=\"western\" style=\"text-align: justify;\" align=\"JUSTIFY\"><a href=\"https:\/\/www.fraterinternacional.org\/wp-content\/uploads\/2017\/12\/roraima_missao_pacaraima_casa_passagem_abrigo.jpg\"><img decoding=\"async\" class=\"alignright size-medium wp-image-69226\" src=\"https:\/\/www.missoeshumanitarias.org\/wp-content\/uploads\/2021\/08\/roraima_missao_pacaraima_casa_passagem_abrigo-300x169-1.jpg\" alt=\"\" width=\"300\" height=\"169\" \/><\/a><\/p>\n<p style=\"text-align: justify;\"><span style=\"font-weight: 400;\">The House of Passing, place destined to the reception of the immigrants in the city of Pacaraima, with almost one month of activity, already has about 230 Indigenous Venezuelans of the Warao ethnic group. Almost half of those are children. <\/span><\/p>\n<p style=\"text-align: justify;\"><span style=\"font-weight: 400;\">\u201cThe shelter is located in a natural environment that favors and facilitates the co-existence and adaptation of the immigrants here in Brazil. The meals are fixed by each family, and this also offers a more similar condition to the one they used to have in Venezuela\u201d, said Imer, a missionary of the Fraternidade.<\/span><\/p>\n<p class=\"western\" style=\"text-align: justify;\" align=\"JUSTIFY\"><b>Feeding and Health<\/b><\/p>\n<p class=\"western\" style=\"text-align: justify;\" align=\"JUSTIFY\"><a href=\"https:\/\/www.fraterinternacional.org\/wp-content\/uploads\/2017\/12\/roraima_missao_pacaraima_redes.jpg\"><img decoding=\"async\" class=\"alignleft size-medium wp-image-69235\" src=\"https:\/\/www.missoeshumanitarias.org\/wp-content\/uploads\/2021\/08\/roraima_missao_pacaraima_redes-180x300-1.jpg\" alt=\"\" width=\"180\" height=\"300\" \/><\/a><\/p>\n<p style=\"text-align: justify;\"><span style=\"font-weight: 400;\">Feeding in the House of Passing is provided by the United Nations High Commissioner for Refugees (UNHCR) through the World Food Program of the United Nations (WFP\/UN).<\/span><\/p>\n<p style=\"text-align: justify;\"><span style=\"font-weight: 400;\">Every Friday, the City Hall of Pacaraima has been holding group services of health attendance, with doctors and nurses.<\/span><\/p>\n<p style=\"text-align: justify;\"><span style=\"font-weight: 400;\">With the improvement in nutrition, conditions of the shelter and with the attendance, the situation of the immigrants has improved.<\/span><\/p>\n<p style=\"text-align: justify;\"><span style=\"font-weight: 400;\">\u201cSince the opening of the shelter, the cases of skin diseases has diminished almost completely. When the immigrants lived in the streets, the skin problems were very recurrent, including wounds that did not heal. The cases of medial urgency that need referral to hospital have diminished, too\u201d, informed Imer.<\/span><\/p>\n<p class=\"western\" style=\"text-align: justify;\" align=\"JUSTIFY\"><b>New ethnic groups<\/b><\/p>\n<figure id=\"attachment_69232\" aria-describedby=\"caption-attachment-69232\" style=\"width: 300px\" class=\"wp-caption alignright\"><a href=\"https:\/\/www.fraterinternacional.org\/wp-content\/uploads\/2017\/12\/roraima_missao_pacaraima_missionario_mapa_imigracao.jpg\"><img loading=\"lazy\" decoding=\"async\" class=\"wp-image-69232 size-medium\" src=\"https:\/\/www.missoeshumanitarias.org\/wp-content\/uploads\/2021\/08\/roraima_missao_pacaraima_missionario_mapa_imigracao-300x169-1.jpg\" alt=\"\" width=\"300\" height=\"169\" \/><\/a><figcaption id=\"caption-attachment-69232\" class=\"wp-caption-text\">Missionary indicating the route of immigration<\/figcaption><\/figure>\n<p style=\"text-align: justify;\"><span style=\"font-weight: 400;\">The missionaries of the Fraternidade began to attend Venezuelan Indigenous immigrants of other ethnic groups, such as Panare and Caicara. These immigrants come from the Venezuelan State of Bol\u00edvar, a region near the Amazonian region.<\/span><\/p>\n<p style=\"text-align: justify;\"><span style=\"font-weight: 400;\">\u201cThey cross the whole savana of Venezuela. Tribes more or less isolated, the Panare speak Spanish in a precarious way\u201d, detailed Imer.<\/span><\/p>\n<p style=\"text-align: justify;\"><span style=\"font-weight: 400;\">According to the Missionaries of the Fraternidade, about 35 Indigenous people of the Panare Ethnic group are currently living in the city of Pacaraima. One part in an abandoned condominium and another part in a street of the city. The missionaries have been helping with donations of clothes and food.<\/span><\/p>\n<p class=\"western\" style=\"text-align: justify;\" align=\"JUSTIFY\"><a href=\"https:\/\/www.fraterinternacional.org\/wp-content\/uploads\/2017\/12\/roraima_missao_pacaraima_criancas_11_2017.jpg\"><img loading=\"lazy\" decoding=\"async\" class=\"alignleft size-medium wp-image-69229\" src=\"https:\/\/www.missoeshumanitarias.org\/wp-content\/uploads\/2021\/08\/roraima_missao_pacaraima_criancas_11_2017-300x169-1.jpg\" alt=\"\" width=\"300\" height=\"169\" \/><\/a><\/p>\n<p style=\"text-align: justify;\"><span style=\"font-weight: 400;\">With the non-Indigenous Venezuelan immigrants, the missionaries have been active with home visits and in the places where the immigrants are, such as the stage of Pacaraima, where about 35 people of 10 different families live.<\/span><\/p>\n<p style=\"text-align: justify;\"><span style=\"font-weight: 400;\">Besides distributing clothes and food, the missionaries have been supporting the emission of documents. During one week, the group collaborated with the Federal Police and with the Institute of Migrations and Human Rights (IMDH) in the registry of about 700 immigrants.<\/span><\/p>\n","protected":false},"excerpt":{"rendered":"<p>Nov 27 to Dec 3, Monday to Sunday On November 29, the Fraternidade \u2013 International Humanitarian Federation, signed a technical and operational cooperation agreement with the City Hall of Pacaraima. The objective is to foster the development of actions of humanitarian help to the immigrants who are in the city. The House of Passing, place [&hellip;]<\/p>\n","protected":false},"author":1,"featured_media":126077,"comment_status":"open","ping_status":"open","sticky":false,"template":"","format":"standard","meta":{"footnotes":""},"categories":[138,9,132],"tags":[],"class_list":["post-131141","post","type-post","status-publish","format-standard","has-post-thumbnail","hentry","category-network-of-light","category-news","category-news-about-the-missions"],"featured_image_src":"https:\/\/www.missoeshumanitarias.org\/wp-content\/uploads\/2021\/08\/roraima_missao_pacaraima_assinatura_conttrato_cooperacao_prefeitura.jpg","author_info":{"display_name":"maducato_admin","author_link":"https:\/\/www.missoeshumanitarias.org\/en\/author\/maducato_admin\/"},"yoast_head":"<!-- This site is optimized with the Yoast SEO Premium plugin v22.5 (Yoast SEO v22.5) - https:\/\/yoast.com\/wordpress\/plugins\/seo\/ -->\n<title>Humanitarian Roraima Mission in Pacaraima \u2013 cooperation agreement - Fraternidade Miss\u00f5es Humanit\u00e1rias Internacionais<\/title>\n<meta name=\"robots\" content=\"index, follow, max-snippet:-1, max-image-preview:large, max-video-preview:-1\" \/>\n<link rel=\"canonical\" href=\"https:\/\/www.missoeshumanitarias.org\/en\/humanitarian-roraima-mission-in-pacaraima-cooperation-agreement\/\" \/>\n<meta property=\"og:locale\" content=\"en_US\" \/>\n<meta property=\"og:type\" content=\"article\" \/>\n<meta property=\"og:title\" content=\"Humanitarian Roraima Mission in Pacaraima \u2013 cooperation agreement\" \/>\n<meta property=\"og:description\" content=\"Nov 27 to Dec 3, Monday to Sunday On November 29, the Fraternidade \u2013 International Humanitarian Federation, signed a technical and operational cooperation agreement with the City Hall of Pacaraima. The objective is to foster the development of actions of humanitarian help to the immigrants who are in the city. The House of Passing, place [&hellip;]\" \/>\n<meta property=\"og:url\" content=\"https:\/\/www.missoeshumanitarias.org\/en\/humanitarian-roraima-mission-in-pacaraima-cooperation-agreement\/\" \/>\n<meta property=\"og:site_name\" content=\"Fraternidade Miss\u00f5es Humanit\u00e1rias Internacionais\" \/>\n<meta property=\"article:published_time\" content=\"2017-12-16T01:03:44+00:00\" \/>\n<meta property=\"og:image\" content=\"https:\/\/www.missoeshumanitarias.org\/wp-content\/uploads\/2021\/08\/roraima_missao_pacaraima_assinatura_conttrato_cooperacao_prefeitura.jpg\" \/>\n\t<meta property=\"og:image:width\" content=\"690\" \/>\n\t<meta property=\"og:image:height\" content=\"388\" \/>\n\t<meta property=\"og:image:type\" content=\"image\/jpeg\" \/>\n<meta name=\"author\" content=\"maducato_admin\" \/>\n<meta name=\"twitter:card\" content=\"summary_large_image\" \/>\n<meta name=\"twitter:label1\" content=\"Written by\" \/>\n\t<meta name=\"twitter:data1\" content=\"maducato_admin\" \/>\n\t<meta name=\"twitter:label2\" content=\"Est. reading time\" \/>\n\t<meta name=\"twitter:data2\" content=\"2 minutes\" \/>\n<script type=\"application\/ld+json\" class=\"yoast-schema-graph\">{\"@context\":\"https:\/\/schema.org\",\"@graph\":[{\"@type\":\"Article\",\"@id\":\"https:\/\/www.missoeshumanitarias.org\/en\/humanitarian-roraima-mission-in-pacaraima-cooperation-agreement\/#article\",\"isPartOf\":{\"@id\":\"https:\/\/www.missoeshumanitarias.org\/en\/humanitarian-roraima-mission-in-pacaraima-cooperation-agreement\/\"},\"author\":{\"name\":\"maducato_admin\",\"@id\":\"https:\/\/www.missoeshumanitarias.org\/es\/#\/schema\/person\/e0f8527323154d1eba9f9d9eb6b401f7\"},\"headline\":\"Humanitarian Roraima Mission in Pacaraima \u2013 cooperation agreement\",\"datePublished\":\"2017-12-16T01:03:44+00:00\",\"dateModified\":\"2017-12-16T01:03:44+00:00\",\"mainEntityOfPage\":{\"@id\":\"https:\/\/www.missoeshumanitarias.org\/en\/humanitarian-roraima-mission-in-pacaraima-cooperation-agreement\/\"},\"wordCount\":461,\"commentCount\":0,\"publisher\":{\"@id\":\"https:\/\/www.missoeshumanitarias.org\/es\/#organization\"},\"image\":{\"@id\":\"https:\/\/www.missoeshumanitarias.org\/en\/humanitarian-roraima-mission-in-pacaraima-cooperation-agreement\/#primaryimage\"},\"thumbnailUrl\":\"https:\/\/www.missoeshumanitarias.org\/wp-content\/uploads\/2021\/08\/roraima_missao_pacaraima_assinatura_conttrato_cooperacao_prefeitura.jpg\",\"articleSection\":[\"Network-of-Light\",\"News\",\"News about the Missions\"],\"inLanguage\":\"en-US\",\"potentialAction\":[{\"@type\":\"CommentAction\",\"name\":\"Comment\",\"target\":[\"https:\/\/www.missoeshumanitarias.org\/en\/humanitarian-roraima-mission-in-pacaraima-cooperation-agreement\/#respond\"]}]},{\"@type\":\"WebPage\",\"@id\":\"https:\/\/www.missoeshumanitarias.org\/en\/humanitarian-roraima-mission-in-pacaraima-cooperation-agreement\/\",\"url\":\"https:\/\/www.missoeshumanitarias.org\/en\/humanitarian-roraima-mission-in-pacaraima-cooperation-agreement\/\",\"name\":\"Humanitarian Roraima Mission in Pacaraima \u2013 cooperation agreement - Fraternidade Miss\u00f5es Humanit\u00e1rias Internacionais\",\"isPartOf\":{\"@id\":\"https:\/\/www.missoeshumanitarias.org\/es\/#website\"},\"primaryImageOfPage\":{\"@id\":\"https:\/\/www.missoeshumanitarias.org\/en\/humanitarian-roraima-mission-in-pacaraima-cooperation-agreement\/#primaryimage\"},\"image\":{\"@id\":\"https:\/\/www.missoeshumanitarias.org\/en\/humanitarian-roraima-mission-in-pacaraima-cooperation-agreement\/#primaryimage\"},\"thumbnailUrl\":\"https:\/\/www.missoeshumanitarias.org\/wp-content\/uploads\/2021\/08\/roraima_missao_pacaraima_assinatura_conttrato_cooperacao_prefeitura.jpg\",\"datePublished\":\"2017-12-16T01:03:44+00:00\",\"dateModified\":\"2017-12-16T01:03:44+00:00\",\"breadcrumb\":{\"@id\":\"https:\/\/www.missoeshumanitarias.org\/en\/humanitarian-roraima-mission-in-pacaraima-cooperation-agreement\/#breadcrumb\"},\"inLanguage\":\"en-US\",\"potentialAction\":[{\"@type\":\"ReadAction\",\"target\":[\"https:\/\/www.missoeshumanitarias.org\/en\/humanitarian-roraima-mission-in-pacaraima-cooperation-agreement\/\"]}]},{\"@type\":\"ImageObject\",\"inLanguage\":\"en-US\",\"@id\":\"https:\/\/www.missoeshumanitarias.org\/en\/humanitarian-roraima-mission-in-pacaraima-cooperation-agreement\/#primaryimage\",\"url\":\"https:\/\/www.missoeshumanitarias.org\/wp-content\/uploads\/2021\/08\/roraima_missao_pacaraima_assinatura_conttrato_cooperacao_prefeitura.jpg\",\"contentUrl\":\"https:\/\/www.missoeshumanitarias.org\/wp-content\/uploads\/2021\/08\/roraima_missao_pacaraima_assinatura_conttrato_cooperacao_prefeitura.jpg\",\"width\":690,\"height\":388},{\"@type\":\"BreadcrumbList\",\"@id\":\"https:\/\/www.missoeshumanitarias.org\/en\/humanitarian-roraima-mission-in-pacaraima-cooperation-agreement\/#breadcrumb\",\"itemListElement\":[{\"@type\":\"ListItem\",\"position\":1,\"name\":\"Home\",\"item\":\"https:\/\/www.missoeshumanitarias.org\/en\/\"},{\"@type\":\"ListItem\",\"position\":2,\"name\":\"Humanitarian Roraima Mission in Pacaraima \u2013 cooperation agreement\"}]},{\"@type\":\"WebSite\",\"@id\":\"https:\/\/www.missoeshumanitarias.org\/es\/#website\",\"url\":\"https:\/\/www.missoeshumanitarias.org\/es\/\",\"name\":\"Fraternidade Miss\u00f5es Humanit\u00e1rias Internacionais\",\"description\":\"Respostas Humanit\u00e1rias e Emerg\u00eancias\",\"publisher\":{\"@id\":\"https:\/\/www.missoeshumanitarias.org\/es\/#organization\"},\"potentialAction\":[{\"@type\":\"SearchAction\",\"target\":{\"@type\":\"EntryPoint\",\"urlTemplate\":\"https:\/\/www.missoeshumanitarias.org\/es\/?s={search_term_string}\"},\"query-input\":\"required name=search_term_string\"}],\"inLanguage\":\"en-US\"},{\"@type\":\"Organization\",\"@id\":\"https:\/\/www.missoeshumanitarias.org\/es\/#organization\",\"name\":\"Fraternidade - Miss\u00f5es Humanit\u00e1rias Internacionais\",\"url\":\"https:\/\/www.missoeshumanitarias.org\/es\/\",\"logo\":{\"@type\":\"ImageObject\",\"inLanguage\":\"en-US\",\"@id\":\"https:\/\/www.missoeshumanitarias.org\/es\/#\/schema\/logo\/image\/\",\"url\":\"https:\/\/www.missoeshumanitarias.org\/wp-content\/uploads\/2020\/05\/logo-FMHI-mg.png\",\"contentUrl\":\"https:\/\/www.missoeshumanitarias.org\/wp-content\/uploads\/2020\/05\/logo-FMHI-mg.png\",\"width\":520,\"height\":134,\"caption\":\"Fraternidade - Miss\u00f5es Humanit\u00e1rias Internacionais\"},\"image\":{\"@id\":\"https:\/\/www.missoeshumanitarias.org\/es\/#\/schema\/logo\/image\/\"}},{\"@type\":\"Person\",\"@id\":\"https:\/\/www.missoeshumanitarias.org\/es\/#\/schema\/person\/e0f8527323154d1eba9f9d9eb6b401f7\",\"name\":\"maducato_admin\",\"image\":{\"@type\":\"ImageObject\",\"inLanguage\":\"en-US\",\"@id\":\"https:\/\/www.missoeshumanitarias.org\/es\/#\/schema\/person\/image\/\",\"url\":\"https:\/\/secure.gravatar.com\/avatar\/6c3b45186a8f5a459d8e14c7fca370bceae92402bc06171d75e4e559b6c24393?s=96&d=mm&r=g\",\"contentUrl\":\"https:\/\/secure.gravatar.com\/avatar\/6c3b45186a8f5a459d8e14c7fca370bceae92402bc06171d75e4e559b6c24393?s=96&d=mm&r=g\",\"caption\":\"maducato_admin\"}}]}<\/script>\n<!-- \/ Yoast SEO Premium plugin. -->","yoast_head_json":{"title":"Humanitarian Roraima Mission in Pacaraima \u2013 cooperation agreement - Fraternidade Miss\u00f5es Humanit\u00e1rias Internacionais","robots":{"index":"index","follow":"follow","max-snippet":"max-snippet:-1","max-image-preview":"max-image-preview:large","max-video-preview":"max-video-preview:-1"},"canonical":"https:\/\/www.missoeshumanitarias.org\/en\/humanitarian-roraima-mission-in-pacaraima-cooperation-agreement\/","og_locale":"en_US","og_type":"article","og_title":"Humanitarian Roraima Mission in Pacaraima \u2013 cooperation agreement","og_description":"Nov 27 to Dec 3, Monday to Sunday On November 29, the Fraternidade \u2013 International Humanitarian Federation, signed a technical and operational cooperation agreement with the City Hall of Pacaraima. The objective is to foster the development of actions of humanitarian help to the immigrants who are in the city. The House of Passing, place [&hellip;]","og_url":"https:\/\/www.missoeshumanitarias.org\/en\/humanitarian-roraima-mission-in-pacaraima-cooperation-agreement\/","og_site_name":"Fraternidade Miss\u00f5es Humanit\u00e1rias Internacionais","article_published_time":"2017-12-16T01:03:44+00:00","og_image":[{"width":690,"height":388,"url":"https:\/\/www.missoeshumanitarias.org\/wp-content\/uploads\/2021\/08\/roraima_missao_pacaraima_assinatura_conttrato_cooperacao_prefeitura.jpg","type":"image\/jpeg"}],"author":"maducato_admin","twitter_card":"summary_large_image","twitter_misc":{"Written by":"maducato_admin","Est. reading time":"2 minutes"},"schema":{"@context":"https:\/\/schema.org","@graph":[{"@type":"Article","@id":"https:\/\/www.missoeshumanitarias.org\/en\/humanitarian-roraima-mission-in-pacaraima-cooperation-agreement\/#article","isPartOf":{"@id":"https:\/\/www.missoeshumanitarias.org\/en\/humanitarian-roraima-mission-in-pacaraima-cooperation-agreement\/"},"author":{"name":"maducato_admin","@id":"https:\/\/www.missoeshumanitarias.org\/es\/#\/schema\/person\/e0f8527323154d1eba9f9d9eb6b401f7"},"headline":"Humanitarian Roraima Mission in Pacaraima \u2013 cooperation agreement","datePublished":"2017-12-16T01:03:44+00:00","dateModified":"2017-12-16T01:03:44+00:00","mainEntityOfPage":{"@id":"https:\/\/www.missoeshumanitarias.org\/en\/humanitarian-roraima-mission-in-pacaraima-cooperation-agreement\/"},"wordCount":461,"commentCount":0,"publisher":{"@id":"https:\/\/www.missoeshumanitarias.org\/es\/#organization"},"image":{"@id":"https:\/\/www.missoeshumanitarias.org\/en\/humanitarian-roraima-mission-in-pacaraima-cooperation-agreement\/#primaryimage"},"thumbnailUrl":"https:\/\/www.missoeshumanitarias.org\/wp-content\/uploads\/2021\/08\/roraima_missao_pacaraima_assinatura_conttrato_cooperacao_prefeitura.jpg","articleSection":["Network-of-Light","News","News about the Missions"],"inLanguage":"en-US","potentialAction":[{"@type":"CommentAction","name":"Comment","target":["https:\/\/www.missoeshumanitarias.org\/en\/humanitarian-roraima-mission-in-pacaraima-cooperation-agreement\/#respond"]}]},{"@type":"WebPage","@id":"https:\/\/www.missoeshumanitarias.org\/en\/humanitarian-roraima-mission-in-pacaraima-cooperation-agreement\/","url":"https:\/\/www.missoeshumanitarias.org\/en\/humanitarian-roraima-mission-in-pacaraima-cooperation-agreement\/","name":"Humanitarian Roraima Mission in Pacaraima \u2013 cooperation agreement - Fraternidade Miss\u00f5es Humanit\u00e1rias Internacionais","isPartOf":{"@id":"https:\/\/www.missoeshumanitarias.org\/es\/#website"},"primaryImageOfPage":{"@id":"https:\/\/www.missoeshumanitarias.org\/en\/humanitarian-roraima-mission-in-pacaraima-cooperation-agreement\/#primaryimage"},"image":{"@id":"https:\/\/www.missoeshumanitarias.org\/en\/humanitarian-roraima-mission-in-pacaraima-cooperation-agreement\/#primaryimage"},"thumbnailUrl":"https:\/\/www.missoeshumanitarias.org\/wp-content\/uploads\/2021\/08\/roraima_missao_pacaraima_assinatura_conttrato_cooperacao_prefeitura.jpg","datePublished":"2017-12-16T01:03:44+00:00","dateModified":"2017-12-16T01:03:44+00:00","breadcrumb":{"@id":"https:\/\/www.missoeshumanitarias.org\/en\/humanitarian-roraima-mission-in-pacaraima-cooperation-agreement\/#breadcrumb"},"inLanguage":"en-US","potentialAction":[{"@type":"ReadAction","target":["https:\/\/www.missoeshumanitarias.org\/en\/humanitarian-roraima-mission-in-pacaraima-cooperation-agreement\/"]}]},{"@type":"ImageObject","inLanguage":"en-US","@id":"https:\/\/www.missoeshumanitarias.org\/en\/humanitarian-roraima-mission-in-pacaraima-cooperation-agreement\/#primaryimage","url":"https:\/\/www.missoeshumanitarias.org\/wp-content\/uploads\/2021\/08\/roraima_missao_pacaraima_assinatura_conttrato_cooperacao_prefeitura.jpg","contentUrl":"https:\/\/www.missoeshumanitarias.org\/wp-content\/uploads\/2021\/08\/roraima_missao_pacaraima_assinatura_conttrato_cooperacao_prefeitura.jpg","width":690,"height":388},{"@type":"BreadcrumbList","@id":"https:\/\/www.missoeshumanitarias.org\/en\/humanitarian-roraima-mission-in-pacaraima-cooperation-agreement\/#breadcrumb","itemListElement":[{"@type":"ListItem","position":1,"name":"Home","item":"https:\/\/www.missoeshumanitarias.org\/en\/"},{"@type":"ListItem","position":2,"name":"Humanitarian Roraima Mission in Pacaraima \u2013 cooperation agreement"}]},{"@type":"WebSite","@id":"https:\/\/www.missoeshumanitarias.org\/es\/#website","url":"https:\/\/www.missoeshumanitarias.org\/es\/","name":"Fraternidade Miss\u00f5es Humanit\u00e1rias Internacionais","description":"Respostas Humanit\u00e1rias e Emerg\u00eancias","publisher":{"@id":"https:\/\/www.missoeshumanitarias.org\/es\/#organization"},"potentialAction":[{"@type":"SearchAction","target":{"@type":"EntryPoint","urlTemplate":"https:\/\/www.missoeshumanitarias.org\/es\/?s={search_term_string}"},"query-input":"required name=search_term_string"}],"inLanguage":"en-US"},{"@type":"Organization","@id":"https:\/\/www.missoeshumanitarias.org\/es\/#organization","name":"Fraternidade - Miss\u00f5es Humanit\u00e1rias Internacionais","url":"https:\/\/www.missoeshumanitarias.org\/es\/","logo":{"@type":"ImageObject","inLanguage":"en-US","@id":"https:\/\/www.missoeshumanitarias.org\/es\/#\/schema\/logo\/image\/","url":"https:\/\/www.missoeshumanitarias.org\/wp-content\/uploads\/2020\/05\/logo-FMHI-mg.png","contentUrl":"https:\/\/www.missoeshumanitarias.org\/wp-content\/uploads\/2020\/05\/logo-FMHI-mg.png","width":520,"height":134,"caption":"Fraternidade - Miss\u00f5es Humanit\u00e1rias Internacionais"},"image":{"@id":"https:\/\/www.missoeshumanitarias.org\/es\/#\/schema\/logo\/image\/"}},{"@type":"Person","@id":"https:\/\/www.missoeshumanitarias.org\/es\/#\/schema\/person\/e0f8527323154d1eba9f9d9eb6b401f7","name":"maducato_admin","image":{"@type":"ImageObject","inLanguage":"en-US","@id":"https:\/\/www.missoeshumanitarias.org\/es\/#\/schema\/person\/image\/","url":"https:\/\/secure.gravatar.com\/avatar\/6c3b45186a8f5a459d8e14c7fca370bceae92402bc06171d75e4e559b6c24393?s=96&d=mm&r=g","contentUrl":"https:\/\/secure.gravatar.com\/avatar\/6c3b45186a8f5a459d8e14c7fca370bceae92402bc06171d75e4e559b6c24393?s=96&d=mm&r=g","caption":"maducato_admin"}}]}},"_links":{"self":[{"href":"https:\/\/www.missoeshumanitarias.org\/en\/wp-json\/wp\/v2\/posts\/131141","targetHints":{"allow":["GET"]}}],"collection":[{"href":"https:\/\/www.missoeshumanitarias.org\/en\/wp-json\/wp\/v2\/posts"}],"about":[{"href":"https:\/\/www.missoeshumanitarias.org\/en\/wp-json\/wp\/v2\/types\/post"}],"author":[{"embeddable":true,"href":"https:\/\/www.missoeshumanitarias.org\/en\/wp-json\/wp\/v2\/users\/1"}],"replies":[{"embeddable":true,"href":"https:\/\/www.missoeshumanitarias.org\/en\/wp-json\/wp\/v2\/comments?post=131141"}],"version-history":[{"count":0,"href":"https:\/\/www.missoeshumanitarias.org\/en\/wp-json\/wp\/v2\/posts\/131141\/revisions"}],"wp:featuredmedia":[{"embeddable":true,"href":"https:\/\/www.missoeshumanitarias.org\/en\/wp-json\/wp\/v2\/media\/126077"}],"wp:attachment":[{"href":"https:\/\/www.missoeshumanitarias.org\/en\/wp-json\/wp\/v2\/media?parent=131141"}],"wp:term":[{"taxonomy":"category","embeddable":true,"href":"https:\/\/www.missoeshumanitarias.org\/en\/wp-json\/wp\/v2\/categories?post=131141"},{"taxonomy":"post_tag","embeddable":true,"href":"https:\/\/www.missoeshumanitarias.org\/en\/wp-json\/wp\/v2\/tags?post=131141"}],"curies":[{"name":"wp","href":"https:\/\/api.w.org\/{rel}","templated":true}]}}