{"id":131168,"date":"2018-01-30T19:30:09","date_gmt":"2018-01-30T21:30:09","guid":{"rendered":"https:\/\/www.missoeshumanitarias.org\/humanitarian-roraima-mission-in-pacaraima-intense-flux-of-immigrants\/"},"modified":"2018-01-30T19:30:09","modified_gmt":"2018-01-30T21:30:09","slug":"humanitarian-roraima-mission-in-pacaraima-intense-flux-of-immigrants","status":"publish","type":"post","link":"https:\/\/www.missoeshumanitarias.org\/en\/humanitarian-roraima-mission-in-pacaraima-intense-flux-of-immigrants\/","title":{"rendered":"Humanitarian Roraima Mission in Pacaraima \u2013 Intense Flux of Immigrants"},"content":{"rendered":"<h3 class=\"western\" align=\"CENTER\"><b>January 15 to 21, Monday to Sunday<\/b><\/h3>\n<h3 class=\"western\" style=\"text-align: justify;\" align=\"JUSTIFY\"><b>Jan 15, Monday<\/b><\/h3>\n<figure id=\"attachment_72965\" aria-describedby=\"caption-attachment-72965\" style=\"width: 300px\" class=\"wp-caption alignleft\"><a href=\"https:\/\/www.fraterinternacional.org\/wp-content\/uploads\/2018\/01\/roraima_missao_pacaraima_lavando_deposito.jpg\"><img fetchpriority=\"high\" decoding=\"async\" class=\"wp-image-72965 size-medium\" src=\"https:\/\/www.missoeshumanitarias.org\/wp-content\/uploads\/2021\/08\/roraima_missao_pacaraima_lavando_deposito-300x169-1.jpg\" alt=\"\" width=\"300\" height=\"169\" \/><\/a><figcaption id=\"caption-attachment-72965\" class=\"wp-caption-text\">Cleaning the storage<\/figcaption><\/figure>\n<p style=\"text-align: justify;\"><span style=\"font-weight: 400;\">The missionaries of <\/span><b>Fraternidade \u2013 International Humanitarian Federation <\/b><span style=\"font-weight: 400;\">\u2013 distributed food to those sheltered in the House of Passage, where Venezuelan immigrants are housed in the city of Pacaraima, Brazilian border with Venezuela.<\/span><\/p>\n<p style=\"text-align: justify;\"><span style=\"font-weight: 400;\">After the delivery of the food, the Indigenous people did a general cleaning in the storage.<\/span><\/p>\n<p style=\"text-align: justify;\"><span style=\"font-weight: 400;\">The Federal Police asked for a meeting with the Aidamos, the Indigenous leaders, due to the suspicion of thefts of bicycles in the city of Pacaraima and of burglary to houses near the shelter. The affected residents blame the Indigenous people.<\/span><\/p>\n<h3 style=\"text-align: justify;\"><b>Jan 16, Tuesday<\/b><\/h3>\n<figure id=\"attachment_72968\" aria-describedby=\"caption-attachment-72968\" style=\"width: 300px\" class=\"wp-caption alignright\"><a href=\"https:\/\/www.fraterinternacional.org\/wp-content\/uploads\/2018\/01\/roraima_missao_pacaraima_reuniao_aidamos.jpg\"><img decoding=\"async\" class=\"wp-image-72968 size-medium\" src=\"https:\/\/www.missoeshumanitarias.org\/wp-content\/uploads\/2021\/08\/roraima_missao_pacaraima_reuniao_aidamos-300x169-1.jpg\" alt=\"\" width=\"300\" height=\"169\" \/><\/a><figcaption id=\"caption-attachment-72968\" class=\"wp-caption-text\">Meeting with the Aidamos<\/figcaption><\/figure>\n<p style=\"text-align: justify;\"><span style=\"font-weight: 400;\">A rainy day in Pacaraima, and a very intense day for the team of missionaries.<\/span><\/p>\n<p style=\"text-align: justify;\"><span style=\"font-weight: 400;\">The personal hygiene kits were delivered and census was made to update the number of immigrants in the shelter.<\/span><\/p>\n<p style=\"text-align: justify;\"><span style=\"font-weight: 400;\">Juliana, a representative of the United Nations High Commissioner for Refugees (UNHCR), visited the House of Passage and participated in a meeting, getting informed of the progress and deadline of constructions that are being made in the shelter.<\/span><\/p>\n<h3 style=\"text-align: justify;\"><b>Jan 17, Wednesday<\/b><\/h3>\n<p style=\"text-align: justify;\"><span style=\"font-weight: 400;\">In the morning, there was a meeting of the team of missionaries with Clara, the coordinator of Humanitarian Roraima Mission.<\/span><\/p>\n<p style=\"text-align: justify;\"><span style=\"font-weight: 400;\">In the afternoon, there was a meeting with the presence of the social assistant and the psychologist of the Roraima Labor and Social Welfare Secretary (Setrabes), to deal with the habitual conflicts in the shelter.<\/span><\/p>\n<p style=\"text-align: justify;\"><span style=\"font-weight: 400;\">Organization of food products that arrived for distribution on the following day.<\/span><\/p>\n<p style=\"text-align: justify;\"><span style=\"font-weight: 400;\">It is a noticed fact that the health sector is fairly often requested, practically every day: children with worms and dermatitis, help to pregnant women and accompaniment of sick people to hospital and to health centers for medical attendance. <\/span><\/p>\n<p style=\"text-align: justify;\"><span style=\"font-weight: 400;\">Another activity developed every day is artisanship, according to the interest of the sheltered and to demand.<\/span><\/p>\n<h3 style=\"text-align: justify;\"><b>Jan 18, Thursday<\/b><\/h3>\n<p style=\"text-align: justify;\"><span style=\"font-weight: 400;\">The day began with a meeting with the team of Setrabes: the manager, the social assistant and the psychologist with the Aidamos. The objective was to find solutions for the conflicts of all kinds that arise among the sheltered. It was talked about the maximum time of permanence in the shelter, of three months. The reason for this deadline consists in making it possible \u00a0greater flux of people in the shelter. It concluded with a deed of undertaking in which the Aidamos made the commitment of communicating to their family groups the situations discussed in the meeting and the determination about the time of permanence.<\/span><\/p>\n<p style=\"text-align: justify;\"><span style=\"font-weight: 400;\">Then, there was de donation of foods, in which each family receives according to the number of people that integrate it. On this day, during the distribution, there was the visit of the Mayor of Pacaraima, together with a delegation of the recently elected Mayor of Santa Elena de Uairen, of Venezuela. They came to ask for information about the work and to learn about the situation.<\/span><\/p>\n<h3 style=\"text-align: justify;\"><b>Jan 19, Friday<\/b><\/h3>\n<p style=\"text-align: justify;\"><span style=\"font-weight: 400;\">Visit of the Secretary of International Management of the State of Roraima, F\u00e1tima Ara\u00fajo. The objective was to get to know the House of Passage and the reality of the Venezuelan immigrants that arrive daily at the shelter. In this meeting, were present the social assistant of Setrabes and members of the Fraternidade. The Secretary was deeply interested in helping the work that is being developed and also was willing to learn about the situation of those who are outside the shelter, mostly non-Indigenous Venezuelans who are scattered in a great part of the city.<\/span><\/p>\n<p style=\"text-align: justify;\"><span style=\"font-weight: 400;\">The constant arrival of Warao Indigenous people seeking refuge in the House of Passage concerns the group of missionaries due to the infrastructure issue: lack of equipment, space, hammocks, mattresses, blankets, etc. the place can harmoniously house 196 people, in contrast to the 351 sheltered currently staying there. It has been determined that in the current conjuncture no one else will enter.<\/span><\/p>\n<p style=\"text-align: justify;\"><span style=\"font-weight: 400;\">In addition, non-Indigenous Venezuelans arrive daily at the shelter, seeking for help, guidance and above all food. This is the most critical point in the Venezuelan crisis at the moment: food. They arrive with the hope of finding a place to sleep, or, if not possible, some food. The House of Passage cannot attend them. The person who is offering food in Pacaraima outside the shelter is Father Jesus, who, from Monday to Friday, offers breakfast.<\/span><\/p>\n<p style=\"text-align: justify;\"><span style=\"font-weight: 400;\">The manager of the House of Passage has determined the apprehension of the radios used by the Indigenous people. The devices are playing nearly all day long, even at night, disturbing sleep. This was generating several conflicts. So, the radios are collected at the end of the afternoon and are only distributed on the following day.<\/span><\/p>\n<p style=\"text-align: justify;\"><span style=\"font-weight: 400;\">The missionaries took a pregnant woman to hospital, and she gave birth there.<\/span><\/p>\n<h3 style=\"text-align: justify;\"><b>Jan 20, Saturday<\/b><\/h3>\n<p style=\"text-align: justify;\"><span style=\"font-weight: 400;\">During the census, it was confirmed the increase of the migratory flux day after day. This fact is generating a complex context, as neither the structure of the shelter nor the amount of donation accompanies this increase.<\/span><\/p>\n<p style=\"text-align: justify;\"><span style=\"font-weight: 400;\">As the situation if Venezuela is unchanged, some Indigenous people fear the determination of permanence in the shelter of, at most, three months.<\/span><\/p>\n<p style=\"text-align: justify;\"><span style=\"font-weight: 400;\">A visit of informal character of an officer of the Brazilian Consulate in Santa Elena de Uairen took place. He heard comments about Pacaraima and headed to the shelter, to have a closer view of the work.<\/span><\/p>\n<h3 style=\"text-align: justify;\"><b>Jan 21, Sunday<\/b><\/h3>\n<p style=\"text-align: justify;\"><span style=\"font-weight: 400;\">In the morning, the team of missionaries received the Monastery of the <a href=\"http:\/\/www.fraterinternacional.org\/en\/grace-mercy-order\/\">Grace Mercy Order<\/a> installed in the city of Boa Vista, together with other members of Fraternidade \u2013 International Humanitarian Federation. There was a team work of healing and restoration.<\/span><\/p>\n<p style=\"text-align: justify;\"><span style=\"font-weight: 400;\">In the afternoon, the group went to the shelter and conducted some daily health attendance: bandages, nebulization, individual cares and family conflicts mediation.<\/span><\/p>\n<p style=\"text-align: justify;\"><span style=\"font-weight: 400;\">Three Warao Indigenous families (15 people) and other non-Indigenous \u00a0people came from Venezuela. Reports about the Venezuelan nation: lack of medicines and of medicines and great insecurity. The missionaries registered the newly-arrived, talked and explained the current condition in the shelter. In general, those coming understand about the impossibility of housing, but the scenario is unsettling, because it is not possible to attend everyone who is arriving.<\/span><\/p>\n","protected":false},"excerpt":{"rendered":"<p>January 15 to 21, Monday to Sunday Jan 15, Monday The missionaries of Fraternidade \u2013 International Humanitarian Federation \u2013 distributed food to those sheltered in the House of Passage, where Venezuelan immigrants are housed in the city of Pacaraima, Brazilian border with Venezuela. After the delivery of the food, the Indigenous people did a general [&hellip;]<\/p>\n","protected":false},"author":1,"featured_media":126847,"comment_status":"open","ping_status":"open","sticky":false,"template":"","format":"standard","meta":{"footnotes":""},"categories":[9,132],"tags":[],"class_list":["post-131168","post","type-post","status-publish","format-standard","has-post-thumbnail","hentry","category-news","category-news-about-the-missions"],"featured_image_src":"https:\/\/www.missoeshumanitarias.org\/wp-content\/uploads\/2021\/08\/roraima_missao_pacaraima_reuniao_aidamos.jpg","author_info":{"display_name":"maducato_admin","author_link":"https:\/\/www.missoeshumanitarias.org\/en\/author\/maducato_admin\/"},"yoast_head":"<!-- This site is optimized with the Yoast SEO Premium plugin v22.5 (Yoast SEO v22.5) - https:\/\/yoast.com\/wordpress\/plugins\/seo\/ -->\n<title>Humanitarian Roraima Mission in Pacaraima \u2013 Intense Flux of Immigrants - Fraternidade Miss\u00f5es Humanit\u00e1rias Internacionais<\/title>\n<meta name=\"robots\" content=\"index, follow, max-snippet:-1, max-image-preview:large, max-video-preview:-1\" \/>\n<link rel=\"canonical\" href=\"https:\/\/www.missoeshumanitarias.org\/en\/humanitarian-roraima-mission-in-pacaraima-intense-flux-of-immigrants\/\" \/>\n<meta property=\"og:locale\" content=\"en_US\" \/>\n<meta property=\"og:type\" content=\"article\" \/>\n<meta property=\"og:title\" content=\"Humanitarian Roraima Mission in Pacaraima \u2013 Intense Flux of Immigrants\" \/>\n<meta property=\"og:description\" content=\"January 15 to 21, Monday to Sunday Jan 15, Monday The missionaries of Fraternidade \u2013 International Humanitarian Federation \u2013 distributed food to those sheltered in the House of Passage, where Venezuelan immigrants are housed in the city of Pacaraima, Brazilian border with Venezuela. After the delivery of the food, the Indigenous people did a general [&hellip;]\" \/>\n<meta property=\"og:url\" content=\"https:\/\/www.missoeshumanitarias.org\/en\/humanitarian-roraima-mission-in-pacaraima-intense-flux-of-immigrants\/\" \/>\n<meta property=\"og:site_name\" content=\"Fraternidade Miss\u00f5es Humanit\u00e1rias Internacionais\" \/>\n<meta property=\"article:published_time\" content=\"2018-01-30T21:30:09+00:00\" \/>\n<meta property=\"og:image\" content=\"https:\/\/www.missoeshumanitarias.org\/wp-content\/uploads\/2021\/08\/roraima_missao_pacaraima_reuniao_aidamos.jpg\" \/>\n\t<meta property=\"og:image:width\" content=\"690\" \/>\n\t<meta property=\"og:image:height\" content=\"388\" \/>\n\t<meta property=\"og:image:type\" content=\"image\/jpeg\" \/>\n<meta name=\"author\" content=\"maducato_admin\" \/>\n<meta name=\"twitter:card\" content=\"summary_large_image\" \/>\n<meta name=\"twitter:label1\" content=\"Written by\" \/>\n\t<meta name=\"twitter:data1\" content=\"maducato_admin\" \/>\n\t<meta name=\"twitter:label2\" content=\"Est. reading time\" \/>\n\t<meta name=\"twitter:data2\" content=\"5 minutes\" \/>\n<script type=\"application\/ld+json\" class=\"yoast-schema-graph\">{\"@context\":\"https:\/\/schema.org\",\"@graph\":[{\"@type\":\"Article\",\"@id\":\"https:\/\/www.missoeshumanitarias.org\/en\/humanitarian-roraima-mission-in-pacaraima-intense-flux-of-immigrants\/#article\",\"isPartOf\":{\"@id\":\"https:\/\/www.missoeshumanitarias.org\/en\/humanitarian-roraima-mission-in-pacaraima-intense-flux-of-immigrants\/\"},\"author\":{\"name\":\"maducato_admin\",\"@id\":\"https:\/\/www.missoeshumanitarias.org\/es\/#\/schema\/person\/e0f8527323154d1eba9f9d9eb6b401f7\"},\"headline\":\"Humanitarian Roraima Mission in Pacaraima \u2013 Intense Flux of Immigrants\",\"datePublished\":\"2018-01-30T21:30:09+00:00\",\"dateModified\":\"2018-01-30T21:30:09+00:00\",\"mainEntityOfPage\":{\"@id\":\"https:\/\/www.missoeshumanitarias.org\/en\/humanitarian-roraima-mission-in-pacaraima-intense-flux-of-immigrants\/\"},\"wordCount\":1032,\"commentCount\":0,\"publisher\":{\"@id\":\"https:\/\/www.missoeshumanitarias.org\/es\/#organization\"},\"image\":{\"@id\":\"https:\/\/www.missoeshumanitarias.org\/en\/humanitarian-roraima-mission-in-pacaraima-intense-flux-of-immigrants\/#primaryimage\"},\"thumbnailUrl\":\"https:\/\/www.missoeshumanitarias.org\/wp-content\/uploads\/2021\/08\/roraima_missao_pacaraima_reuniao_aidamos.jpg\",\"articleSection\":[\"News\",\"News about the Missions\"],\"inLanguage\":\"en-US\",\"potentialAction\":[{\"@type\":\"CommentAction\",\"name\":\"Comment\",\"target\":[\"https:\/\/www.missoeshumanitarias.org\/en\/humanitarian-roraima-mission-in-pacaraima-intense-flux-of-immigrants\/#respond\"]}]},{\"@type\":\"WebPage\",\"@id\":\"https:\/\/www.missoeshumanitarias.org\/en\/humanitarian-roraima-mission-in-pacaraima-intense-flux-of-immigrants\/\",\"url\":\"https:\/\/www.missoeshumanitarias.org\/en\/humanitarian-roraima-mission-in-pacaraima-intense-flux-of-immigrants\/\",\"name\":\"Humanitarian Roraima Mission in Pacaraima \u2013 Intense Flux of Immigrants - Fraternidade Miss\u00f5es Humanit\u00e1rias Internacionais\",\"isPartOf\":{\"@id\":\"https:\/\/www.missoeshumanitarias.org\/es\/#website\"},\"primaryImageOfPage\":{\"@id\":\"https:\/\/www.missoeshumanitarias.org\/en\/humanitarian-roraima-mission-in-pacaraima-intense-flux-of-immigrants\/#primaryimage\"},\"image\":{\"@id\":\"https:\/\/www.missoeshumanitarias.org\/en\/humanitarian-roraima-mission-in-pacaraima-intense-flux-of-immigrants\/#primaryimage\"},\"thumbnailUrl\":\"https:\/\/www.missoeshumanitarias.org\/wp-content\/uploads\/2021\/08\/roraima_missao_pacaraima_reuniao_aidamos.jpg\",\"datePublished\":\"2018-01-30T21:30:09+00:00\",\"dateModified\":\"2018-01-30T21:30:09+00:00\",\"breadcrumb\":{\"@id\":\"https:\/\/www.missoeshumanitarias.org\/en\/humanitarian-roraima-mission-in-pacaraima-intense-flux-of-immigrants\/#breadcrumb\"},\"inLanguage\":\"en-US\",\"potentialAction\":[{\"@type\":\"ReadAction\",\"target\":[\"https:\/\/www.missoeshumanitarias.org\/en\/humanitarian-roraima-mission-in-pacaraima-intense-flux-of-immigrants\/\"]}]},{\"@type\":\"ImageObject\",\"inLanguage\":\"en-US\",\"@id\":\"https:\/\/www.missoeshumanitarias.org\/en\/humanitarian-roraima-mission-in-pacaraima-intense-flux-of-immigrants\/#primaryimage\",\"url\":\"https:\/\/www.missoeshumanitarias.org\/wp-content\/uploads\/2021\/08\/roraima_missao_pacaraima_reuniao_aidamos.jpg\",\"contentUrl\":\"https:\/\/www.missoeshumanitarias.org\/wp-content\/uploads\/2021\/08\/roraima_missao_pacaraima_reuniao_aidamos.jpg\",\"width\":690,\"height\":388},{\"@type\":\"BreadcrumbList\",\"@id\":\"https:\/\/www.missoeshumanitarias.org\/en\/humanitarian-roraima-mission-in-pacaraima-intense-flux-of-immigrants\/#breadcrumb\",\"itemListElement\":[{\"@type\":\"ListItem\",\"position\":1,\"name\":\"Home\",\"item\":\"https:\/\/www.missoeshumanitarias.org\/en\/\"},{\"@type\":\"ListItem\",\"position\":2,\"name\":\"Humanitarian Roraima Mission in Pacaraima \u2013 Intense Flux of Immigrants\"}]},{\"@type\":\"WebSite\",\"@id\":\"https:\/\/www.missoeshumanitarias.org\/es\/#website\",\"url\":\"https:\/\/www.missoeshumanitarias.org\/es\/\",\"name\":\"Fraternidade Miss\u00f5es Humanit\u00e1rias Internacionais\",\"description\":\"Respostas Humanit\u00e1rias e Emerg\u00eancias\",\"publisher\":{\"@id\":\"https:\/\/www.missoeshumanitarias.org\/es\/#organization\"},\"potentialAction\":[{\"@type\":\"SearchAction\",\"target\":{\"@type\":\"EntryPoint\",\"urlTemplate\":\"https:\/\/www.missoeshumanitarias.org\/es\/?s={search_term_string}\"},\"query-input\":\"required name=search_term_string\"}],\"inLanguage\":\"en-US\"},{\"@type\":\"Organization\",\"@id\":\"https:\/\/www.missoeshumanitarias.org\/es\/#organization\",\"name\":\"Fraternidade - Miss\u00f5es Humanit\u00e1rias Internacionais\",\"url\":\"https:\/\/www.missoeshumanitarias.org\/es\/\",\"logo\":{\"@type\":\"ImageObject\",\"inLanguage\":\"en-US\",\"@id\":\"https:\/\/www.missoeshumanitarias.org\/es\/#\/schema\/logo\/image\/\",\"url\":\"https:\/\/www.missoeshumanitarias.org\/wp-content\/uploads\/2020\/05\/logo-FMHI-mg.png\",\"contentUrl\":\"https:\/\/www.missoeshumanitarias.org\/wp-content\/uploads\/2020\/05\/logo-FMHI-mg.png\",\"width\":520,\"height\":134,\"caption\":\"Fraternidade - Miss\u00f5es Humanit\u00e1rias Internacionais\"},\"image\":{\"@id\":\"https:\/\/www.missoeshumanitarias.org\/es\/#\/schema\/logo\/image\/\"}},{\"@type\":\"Person\",\"@id\":\"https:\/\/www.missoeshumanitarias.org\/es\/#\/schema\/person\/e0f8527323154d1eba9f9d9eb6b401f7\",\"name\":\"maducato_admin\",\"image\":{\"@type\":\"ImageObject\",\"inLanguage\":\"en-US\",\"@id\":\"https:\/\/www.missoeshumanitarias.org\/es\/#\/schema\/person\/image\/\",\"url\":\"https:\/\/secure.gravatar.com\/avatar\/6c3b45186a8f5a459d8e14c7fca370bceae92402bc06171d75e4e559b6c24393?s=96&d=mm&r=g\",\"contentUrl\":\"https:\/\/secure.gravatar.com\/avatar\/6c3b45186a8f5a459d8e14c7fca370bceae92402bc06171d75e4e559b6c24393?s=96&d=mm&r=g\",\"caption\":\"maducato_admin\"}}]}<\/script>\n<!-- \/ Yoast SEO Premium plugin. -->","yoast_head_json":{"title":"Humanitarian Roraima Mission in Pacaraima \u2013 Intense Flux of Immigrants - Fraternidade Miss\u00f5es Humanit\u00e1rias Internacionais","robots":{"index":"index","follow":"follow","max-snippet":"max-snippet:-1","max-image-preview":"max-image-preview:large","max-video-preview":"max-video-preview:-1"},"canonical":"https:\/\/www.missoeshumanitarias.org\/en\/humanitarian-roraima-mission-in-pacaraima-intense-flux-of-immigrants\/","og_locale":"en_US","og_type":"article","og_title":"Humanitarian Roraima Mission in Pacaraima \u2013 Intense Flux of Immigrants","og_description":"January 15 to 21, Monday to Sunday Jan 15, Monday The missionaries of Fraternidade \u2013 International Humanitarian Federation \u2013 distributed food to those sheltered in the House of Passage, where Venezuelan immigrants are housed in the city of Pacaraima, Brazilian border with Venezuela. After the delivery of the food, the Indigenous people did a general [&hellip;]","og_url":"https:\/\/www.missoeshumanitarias.org\/en\/humanitarian-roraima-mission-in-pacaraima-intense-flux-of-immigrants\/","og_site_name":"Fraternidade Miss\u00f5es Humanit\u00e1rias Internacionais","article_published_time":"2018-01-30T21:30:09+00:00","og_image":[{"width":690,"height":388,"url":"https:\/\/www.missoeshumanitarias.org\/wp-content\/uploads\/2021\/08\/roraima_missao_pacaraima_reuniao_aidamos.jpg","type":"image\/jpeg"}],"author":"maducato_admin","twitter_card":"summary_large_image","twitter_misc":{"Written by":"maducato_admin","Est. reading time":"5 minutes"},"schema":{"@context":"https:\/\/schema.org","@graph":[{"@type":"Article","@id":"https:\/\/www.missoeshumanitarias.org\/en\/humanitarian-roraima-mission-in-pacaraima-intense-flux-of-immigrants\/#article","isPartOf":{"@id":"https:\/\/www.missoeshumanitarias.org\/en\/humanitarian-roraima-mission-in-pacaraima-intense-flux-of-immigrants\/"},"author":{"name":"maducato_admin","@id":"https:\/\/www.missoeshumanitarias.org\/es\/#\/schema\/person\/e0f8527323154d1eba9f9d9eb6b401f7"},"headline":"Humanitarian Roraima Mission in Pacaraima \u2013 Intense Flux of Immigrants","datePublished":"2018-01-30T21:30:09+00:00","dateModified":"2018-01-30T21:30:09+00:00","mainEntityOfPage":{"@id":"https:\/\/www.missoeshumanitarias.org\/en\/humanitarian-roraima-mission-in-pacaraima-intense-flux-of-immigrants\/"},"wordCount":1032,"commentCount":0,"publisher":{"@id":"https:\/\/www.missoeshumanitarias.org\/es\/#organization"},"image":{"@id":"https:\/\/www.missoeshumanitarias.org\/en\/humanitarian-roraima-mission-in-pacaraima-intense-flux-of-immigrants\/#primaryimage"},"thumbnailUrl":"https:\/\/www.missoeshumanitarias.org\/wp-content\/uploads\/2021\/08\/roraima_missao_pacaraima_reuniao_aidamos.jpg","articleSection":["News","News about the Missions"],"inLanguage":"en-US","potentialAction":[{"@type":"CommentAction","name":"Comment","target":["https:\/\/www.missoeshumanitarias.org\/en\/humanitarian-roraima-mission-in-pacaraima-intense-flux-of-immigrants\/#respond"]}]},{"@type":"WebPage","@id":"https:\/\/www.missoeshumanitarias.org\/en\/humanitarian-roraima-mission-in-pacaraima-intense-flux-of-immigrants\/","url":"https:\/\/www.missoeshumanitarias.org\/en\/humanitarian-roraima-mission-in-pacaraima-intense-flux-of-immigrants\/","name":"Humanitarian Roraima Mission in Pacaraima \u2013 Intense Flux of Immigrants - Fraternidade Miss\u00f5es Humanit\u00e1rias Internacionais","isPartOf":{"@id":"https:\/\/www.missoeshumanitarias.org\/es\/#website"},"primaryImageOfPage":{"@id":"https:\/\/www.missoeshumanitarias.org\/en\/humanitarian-roraima-mission-in-pacaraima-intense-flux-of-immigrants\/#primaryimage"},"image":{"@id":"https:\/\/www.missoeshumanitarias.org\/en\/humanitarian-roraima-mission-in-pacaraima-intense-flux-of-immigrants\/#primaryimage"},"thumbnailUrl":"https:\/\/www.missoeshumanitarias.org\/wp-content\/uploads\/2021\/08\/roraima_missao_pacaraima_reuniao_aidamos.jpg","datePublished":"2018-01-30T21:30:09+00:00","dateModified":"2018-01-30T21:30:09+00:00","breadcrumb":{"@id":"https:\/\/www.missoeshumanitarias.org\/en\/humanitarian-roraima-mission-in-pacaraima-intense-flux-of-immigrants\/#breadcrumb"},"inLanguage":"en-US","potentialAction":[{"@type":"ReadAction","target":["https:\/\/www.missoeshumanitarias.org\/en\/humanitarian-roraima-mission-in-pacaraima-intense-flux-of-immigrants\/"]}]},{"@type":"ImageObject","inLanguage":"en-US","@id":"https:\/\/www.missoeshumanitarias.org\/en\/humanitarian-roraima-mission-in-pacaraima-intense-flux-of-immigrants\/#primaryimage","url":"https:\/\/www.missoeshumanitarias.org\/wp-content\/uploads\/2021\/08\/roraima_missao_pacaraima_reuniao_aidamos.jpg","contentUrl":"https:\/\/www.missoeshumanitarias.org\/wp-content\/uploads\/2021\/08\/roraima_missao_pacaraima_reuniao_aidamos.jpg","width":690,"height":388},{"@type":"BreadcrumbList","@id":"https:\/\/www.missoeshumanitarias.org\/en\/humanitarian-roraima-mission-in-pacaraima-intense-flux-of-immigrants\/#breadcrumb","itemListElement":[{"@type":"ListItem","position":1,"name":"Home","item":"https:\/\/www.missoeshumanitarias.org\/en\/"},{"@type":"ListItem","position":2,"name":"Humanitarian Roraima Mission in Pacaraima \u2013 Intense Flux of Immigrants"}]},{"@type":"WebSite","@id":"https:\/\/www.missoeshumanitarias.org\/es\/#website","url":"https:\/\/www.missoeshumanitarias.org\/es\/","name":"Fraternidade Miss\u00f5es Humanit\u00e1rias Internacionais","description":"Respostas Humanit\u00e1rias e Emerg\u00eancias","publisher":{"@id":"https:\/\/www.missoeshumanitarias.org\/es\/#organization"},"potentialAction":[{"@type":"SearchAction","target":{"@type":"EntryPoint","urlTemplate":"https:\/\/www.missoeshumanitarias.org\/es\/?s={search_term_string}"},"query-input":"required name=search_term_string"}],"inLanguage":"en-US"},{"@type":"Organization","@id":"https:\/\/www.missoeshumanitarias.org\/es\/#organization","name":"Fraternidade - Miss\u00f5es Humanit\u00e1rias Internacionais","url":"https:\/\/www.missoeshumanitarias.org\/es\/","logo":{"@type":"ImageObject","inLanguage":"en-US","@id":"https:\/\/www.missoeshumanitarias.org\/es\/#\/schema\/logo\/image\/","url":"https:\/\/www.missoeshumanitarias.org\/wp-content\/uploads\/2020\/05\/logo-FMHI-mg.png","contentUrl":"https:\/\/www.missoeshumanitarias.org\/wp-content\/uploads\/2020\/05\/logo-FMHI-mg.png","width":520,"height":134,"caption":"Fraternidade - Miss\u00f5es Humanit\u00e1rias Internacionais"},"image":{"@id":"https:\/\/www.missoeshumanitarias.org\/es\/#\/schema\/logo\/image\/"}},{"@type":"Person","@id":"https:\/\/www.missoeshumanitarias.org\/es\/#\/schema\/person\/e0f8527323154d1eba9f9d9eb6b401f7","name":"maducato_admin","image":{"@type":"ImageObject","inLanguage":"en-US","@id":"https:\/\/www.missoeshumanitarias.org\/es\/#\/schema\/person\/image\/","url":"https:\/\/secure.gravatar.com\/avatar\/6c3b45186a8f5a459d8e14c7fca370bceae92402bc06171d75e4e559b6c24393?s=96&d=mm&r=g","contentUrl":"https:\/\/secure.gravatar.com\/avatar\/6c3b45186a8f5a459d8e14c7fca370bceae92402bc06171d75e4e559b6c24393?s=96&d=mm&r=g","caption":"maducato_admin"}}]}},"_links":{"self":[{"href":"https:\/\/www.missoeshumanitarias.org\/en\/wp-json\/wp\/v2\/posts\/131168","targetHints":{"allow":["GET"]}}],"collection":[{"href":"https:\/\/www.missoeshumanitarias.org\/en\/wp-json\/wp\/v2\/posts"}],"about":[{"href":"https:\/\/www.missoeshumanitarias.org\/en\/wp-json\/wp\/v2\/types\/post"}],"author":[{"embeddable":true,"href":"https:\/\/www.missoeshumanitarias.org\/en\/wp-json\/wp\/v2\/users\/1"}],"replies":[{"embeddable":true,"href":"https:\/\/www.missoeshumanitarias.org\/en\/wp-json\/wp\/v2\/comments?post=131168"}],"version-history":[{"count":0,"href":"https:\/\/www.missoeshumanitarias.org\/en\/wp-json\/wp\/v2\/posts\/131168\/revisions"}],"wp:featuredmedia":[{"embeddable":true,"href":"https:\/\/www.missoeshumanitarias.org\/en\/wp-json\/wp\/v2\/media\/126847"}],"wp:attachment":[{"href":"https:\/\/www.missoeshumanitarias.org\/en\/wp-json\/wp\/v2\/media?parent=131168"}],"wp:term":[{"taxonomy":"category","embeddable":true,"href":"https:\/\/www.missoeshumanitarias.org\/en\/wp-json\/wp\/v2\/categories?post=131168"},{"taxonomy":"post_tag","embeddable":true,"href":"https:\/\/www.missoeshumanitarias.org\/en\/wp-json\/wp\/v2\/tags?post=131168"}],"curies":[{"name":"wp","href":"https:\/\/api.w.org\/{rel}","templated":true}]}}