{"id":131169,"date":"2018-01-31T12:27:39","date_gmt":"2018-01-31T14:27:39","guid":{"rendered":"https:\/\/www.missoeshumanitarias.org\/humanitarian-roraima-mission-in-boa-vista-projects-and-actions\/"},"modified":"2018-01-31T12:27:39","modified_gmt":"2018-01-31T14:27:39","slug":"humanitarian-roraima-mission-in-boa-vista-projects-and-actions","status":"publish","type":"post","link":"https:\/\/www.missoeshumanitarias.org\/en\/humanitarian-roraima-mission-in-boa-vista-projects-and-actions\/","title":{"rendered":"Humanitarian Roraima Mission in Boa Vista \u2013 Projects and Actions"},"content":{"rendered":"<h3 class=\"western\" align=\"CENTER\"><b>December 24 to 27, Sunday to Wednesday<\/b><\/h3>\n<h3 class=\"western\" style=\"text-align: justify;\" align=\"JUSTIFY\"><b>Dec 24, Sunday<\/b><\/h3>\n<figure id=\"attachment_73006\" aria-describedby=\"caption-attachment-73006\" style=\"width: 300px\" class=\"wp-caption alignleft\"><a href=\"https:\/\/www.fraterinternacional.org\/wp-content\/uploads\/2018\/01\/roraima_missao_boa_vista_distribuicao_materiais_limpeza.jpg\"><img fetchpriority=\"high\" decoding=\"async\" class=\"wp-image-73006 size-medium\" src=\"https:\/\/www.missoeshumanitarias.org\/wp-content\/uploads\/2021\/08\/roraima_missao_boa_vista_distribuicao_materiais_limpeza-300x169-1.jpg\" alt=\"\" width=\"300\" height=\"169\" \/><\/a><figcaption id=\"caption-attachment-73006\" class=\"wp-caption-text\">Delivery of personal hygiene and cleaning kits<\/figcaption><\/figure>\n<p style=\"text-align: justify;\"><span style=\"font-weight: 400;\">Delivery of personal hygiene kits and cleaning material in the Center of Reference for the Immigrant (CRI).<\/span><\/p>\n<p style=\"text-align: justify;\"><span style=\"font-weight: 400;\">Distribution of toys for the children in the shelter.<\/span><\/p>\n<p style=\"text-align: justify;\"><span style=\"font-weight: 400;\">Organization of two containers.<\/span><\/p>\n<p style=\"text-align: justify;\"><span style=\"font-weight: 400;\">Missionaries of <\/span><b>Fraternidade \u2013 International Humanitarian Federation<\/b><span style=\"font-weight: 400;\"> \u2013 participated in a special Christmas dinner in the <a href=\"http:\/\/www.fraterinternacional.org\/en\/nuclei-of-light\/\">Nucleus-of-Light<\/a> of Figueira in Roraima.<\/span><\/p>\n<h3 style=\"text-align: justify;\"><b>Dec 25, Monday<\/b><\/h3>\n<figure id=\"attachment_73040\" aria-describedby=\"caption-attachment-73040\" style=\"width: 300px\" class=\"wp-caption alignright\"><a href=\"https:\/\/www.fraterinternacional.org\/wp-content\/uploads\/2018\/01\/roraima_missao_boa_vista_reuniao_missao_12_2017.jpg\"><img decoding=\"async\" class=\"wp-image-73040 size-medium\" src=\"https:\/\/www.missoeshumanitarias.org\/wp-content\/uploads\/2021\/08\/roraima_missao_boa_vista_reuniao_missao_12_2017-300x169-1.jpg\" alt=\"\" width=\"300\" height=\"169\" \/><\/a><figcaption id=\"caption-attachment-73040\" class=\"wp-caption-text\">General Meeting of the Mission<\/figcaption><\/figure>\n<p style=\"text-align: justify;\"><span style=\"font-weight: 400;\">In the morning, the missionaries found several immigrants, including men, women and elderly people drunk in the CRI.<\/span><\/p>\n<p style=\"text-align: justify;\"><span style=\"font-weight: 400;\">\u201cWe saw a great mess, dirt, disorder, besides people injured because of a quarrel in a couple. All this causes a serious bad example for the children, who on this day were dirtier than normal and more violent and disobedient\u201d, said Alexandrina, a missionary of Fraternidade.<\/span><\/p>\n<p style=\"text-align: justify;\"><span style=\"font-weight: 400;\">The police were called and took some drunk immigrants out of the shelter.<\/span><\/p>\n<p style=\"text-align: justify;\"><span style=\"font-weight: 400;\">The couple who fought (the wife had lips and face wounded by husband) were taken to the Police Station, where the term of expulsion from the shelter for the aggressor was made.<\/span><\/p>\n<p style=\"text-align: justify;\"><span style=\"font-weight: 400;\">Missionaries and members of the monastery conducted vigils of prayer during the day, in one of the containers of the shelter.<\/span><\/p>\n<p style=\"text-align: justify;\"><span style=\"font-weight: 400;\">At night the general meeting of the Mission was held at the Nucleus-of-Light of Figueira in Roraima.<\/span><\/p>\n<h3 style=\"text-align: justify;\"><b>Dec 26, Tuesday<\/b><\/h3>\n<figure id=\"attachment_73022\" aria-describedby=\"caption-attachment-73022\" style=\"width: 300px\" class=\"wp-caption alignleft\"><a href=\"https:\/\/www.fraterinternacional.org\/wp-content\/uploads\/2018\/01\/roraima_missao_boa_vista_limpando_terreno_agua_parada.jpg\"><img decoding=\"async\" class=\"wp-image-73022 size-medium\" src=\"https:\/\/www.missoeshumanitarias.org\/wp-content\/uploads\/2021\/08\/roraima_missao_boa_vista_limpando_terreno_agua_parada-300x169-1.jpg\" alt=\"\" width=\"300\" height=\"169\" \/><\/a><figcaption id=\"caption-attachment-73022\" class=\"wp-caption-text\">Cleaning of terrain<\/figcaption><\/figure>\n<p style=\"text-align: justify;\"><span style=\"font-weight: 400;\">In the morning, the missionaries perceived an atmosphere of greater harmony in the CRI, with the immigrants cleaning the spaces.<\/span><\/p>\n<p style=\"text-align: justify;\"><span style=\"font-weight: 400;\">Missionaries conducted a meeting with the artisans and the representative of the International Migration Organization (IMO). The phonographic catalog was exhibited, which is being elaborated for showing the<\/span><\/p>\n<p style=\"text-align: justify;\"><span style=\"font-weight: 400;\">Cleaning of the back of the shelter where there is still waters coming from the toilets near the place. The activity was organized by a member of Fraternidade and conducted by the immigrants who had drunk the week before.<\/span><\/p>\n<figure id=\"attachment_73031\" aria-describedby=\"caption-attachment-73031\" style=\"width: 300px\" class=\"wp-caption alignright\"><a href=\"https:\/\/www.fraterinternacional.org\/wp-content\/uploads\/2018\/01\/roraima_missao_boa_vista_lixo_reciclavel_compra_coleta.jpg\"><img loading=\"lazy\" decoding=\"async\" class=\"wp-image-73031 size-medium\" src=\"https:\/\/www.missoeshumanitarias.org\/wp-content\/uploads\/2021\/08\/roraima_missao_boa_vista_lixo_reciclavel_compra_coleta-300x225-1.jpg\" alt=\"\" width=\"300\" height=\"225\" \/><\/a><figcaption id=\"caption-attachment-73031\" class=\"wp-caption-text\">Removal of recyclable material<\/figcaption><\/figure>\n<p style=\"text-align: justify;\"><span style=\"font-weight: 400;\">A representative of the Terra Viva Association (Living Earth Association) went to the shelter to buy and remove the recyclable material (tin cans, plastic and cardboard) that the Indigenous immigrants collected from the streets of the city of Boa Vista. The material was weighed and the payment for the service was made.<\/span><\/p>\n<p style=\"text-align: justify;\"><span style=\"font-weight: 400;\">A representative of the City Hall of Manaus, capital of the state of Amazonas, had a meeting with a missionary of Fraternidade, the team of the Roraima Labor and Social Welfare Secretary and a representative of the United Nations High Commissioner for Refugees (UNHCR), of the sector of protection to the children and labor. The representative of Manaus told how is the work conducted in her state with the Venezuelan Indigenous refugees.<\/span><\/p>\n<h3 style=\"text-align: justify;\"><b>Dec 27, Wednesday<\/b><\/h3>\n<figure id=\"attachment_73037\" aria-describedby=\"caption-attachment-73037\" style=\"width: 300px\" class=\"wp-caption alignleft\"><a href=\"https:\/\/www.fraterinternacional.org\/wp-content\/uploads\/2018\/01\/roraima_missao_boa_vista_resgate_filha_agredida.jpg\"><img loading=\"lazy\" decoding=\"async\" class=\"wp-image-73037 size-medium\" src=\"https:\/\/www.missoeshumanitarias.org\/wp-content\/uploads\/2021\/08\/roraima_missao_boa_vista_resgate_filha_agredida-300x169-1.jpg\" alt=\"\" width=\"300\" height=\"169\" \/><\/a><figcaption id=\"caption-attachment-73037\" class=\"wp-caption-text\">Parents meet daughter who had been battered<\/figcaption><\/figure>\n<p style=\"text-align: justify;\"><span style=\"font-weight: 400;\">Parents of the woman battered by husband on the 25<\/span><span style=\"font-weight: 400;\">th<\/span><span style=\"font-weight: 400;\"> went to meet their daughter, accompanied by missionaries and members of the Setrabes, to try to convince her to not return to Venezuela with the aggressor husband and to stay in the shelter. The immigrant decided to return to Venezuela with the husband, expelled from the CRI.<\/span><\/p>\n<p style=\"text-align: justify;\"><span style=\"font-weight: 400;\">Two representatives of the UNHCR went to the shelter to learn about the case of violence against the woman, during the fight of the couple.<\/span><\/p>\n<p style=\"text-align: justify;\"><span style=\"font-weight: 400;\">A team of the Special Secretary of Indigenous Health (Sesai) conducted medical attendance and vaccination for immigrants of the shelter.<\/span><\/p>\n<p style=\"text-align: justify;\"><span style=\"font-weight: 400;\">Deep cleaning in the kitchen and in the internal toilets of the gymnasium of the shelter was done.<\/span><\/p>\n<p style=\"text-align: justify;\"><span style=\"font-weight: 400;\">The State coordinator of immunization went to the CRI to appoint a vaccination action in the place.<\/span><\/p>\n<figure id=\"attachment_73043\" aria-describedby=\"caption-attachment-73043\" style=\"width: 300px\" class=\"wp-caption alignright\"><a href=\"https:\/\/www.fraterinternacional.org\/wp-content\/uploads\/2018\/01\/roraima_missao_boa_vista_reuniao_projeto_lixo_reciclavel.jpg\"><img loading=\"lazy\" decoding=\"async\" class=\"wp-image-73043 size-medium\" src=\"https:\/\/www.missoeshumanitarias.org\/wp-content\/uploads\/2021\/08\/roraima_missao_boa_vista_reuniao_projeto_lixo_reciclavel-300x169-1.jpg\" alt=\"\" width=\"300\" height=\"169\" \/><\/a><figcaption id=\"caption-attachment-73043\" class=\"wp-caption-text\">Meeting about Recycling Project<\/figcaption><\/figure>\n<p style=\"text-align: justify;\"><span style=\"font-weight: 400;\">Members of the Sanitary Vigilance of the State of Roraima also went to the shelter. They saw the constructions in progress, and the needs and adjustments that can be made to improve the CRI.<\/span><\/p>\n<p style=\"text-align: justify;\"><span style=\"font-weight: 400;\">A representative of the Methodist Church who has conducted activities with the immigrants three times a week (classes, recreation, artisanship and donation of personal hygiene material), confirmed they will continue the project during January.<\/span><\/p>\n<p style=\"text-align: justify;\"><span style=\"font-weight: 400;\">A meeting involving a missionary of Fraternidade with two representatives of the <a href=\"http:\/\/www.fraterinternacional.org\/en\/network-of-light\/\">Network-of-Light<\/a> of Roraima, the coordinator and team of Setrabes and an anthropologist of the City Hall of Manaus. The topic in discussion was the implementation of a project of recycling in the CRI, which will be prepared by the Network-of-Light of Roraima.<\/span><\/p>\n<div id='gallery-1' class='gallery galleryid-131169 gallery-columns-2 gallery-size-medium'><figure class='gallery-item'>\n\t\t\t<div class='gallery-icon landscape'>\n\t\t\t\t<a href='https:\/\/www.missoeshumanitarias.org\/wp-content\/uploads\/2021\/08\/roraima_missao_boa_vista_imigrantes_embriagados.jpg'><img loading=\"lazy\" decoding=\"async\" width=\"300\" height=\"169\" src=\"https:\/\/www.missoeshumanitarias.org\/wp-content\/uploads\/2021\/08\/roraima_missao_boa_vista_imigrantes_embriagados-300x169.jpg\" class=\"attachment-medium size-medium\" alt=\"\" srcset=\"https:\/\/www.missoeshumanitarias.org\/wp-content\/uploads\/2021\/08\/roraima_missao_boa_vista_imigrantes_embriagados-300x169.jpg 300w, https:\/\/www.missoeshumanitarias.org\/wp-content\/uploads\/2021\/08\/roraima_missao_boa_vista_imigrantes_embriagados.jpg 690w\" sizes=\"(max-width: 300px) 100vw, 300px\" \/><\/a>\n\t\t\t<\/div><\/figure><figure class='gallery-item'>\n\t\t\t<div class='gallery-icon landscape'>\n\t\t\t\t<a href='https:\/\/www.missoeshumanitarias.org\/wp-content\/uploads\/2021\/08\/roraima_missao_boa_vista_reuniao_representante_manaus.jpg'><img loading=\"lazy\" decoding=\"async\" width=\"300\" height=\"169\" src=\"https:\/\/www.missoeshumanitarias.org\/wp-content\/uploads\/2021\/08\/roraima_missao_boa_vista_reuniao_representante_manaus-300x169.jpg\" class=\"attachment-medium size-medium\" alt=\"\" srcset=\"https:\/\/www.missoeshumanitarias.org\/wp-content\/uploads\/2021\/08\/roraima_missao_boa_vista_reuniao_representante_manaus-300x169.jpg 300w, https:\/\/www.missoeshumanitarias.org\/wp-content\/uploads\/2021\/08\/roraima_missao_boa_vista_reuniao_representante_manaus.jpg 690w\" sizes=\"(max-width: 300px) 100vw, 300px\" \/><\/a>\n\t\t\t<\/div><\/figure><figure class='gallery-item'>\n\t\t\t<div class='gallery-icon landscape'>\n\t\t\t\t<a href='https:\/\/www.missoeshumanitarias.org\/wp-content\/uploads\/2021\/08\/roraima_missao_boa_vista_criancas_inhepas.jpg'><img loading=\"lazy\" decoding=\"async\" width=\"300\" height=\"169\" src=\"https:\/\/www.missoeshumanitarias.org\/wp-content\/uploads\/2021\/08\/roraima_missao_boa_vista_criancas_inhepas-300x169.jpg\" class=\"attachment-medium size-medium\" alt=\"\" srcset=\"https:\/\/www.missoeshumanitarias.org\/wp-content\/uploads\/2021\/08\/roraima_missao_boa_vista_criancas_inhepas-300x169.jpg 300w, https:\/\/www.missoeshumanitarias.org\/wp-content\/uploads\/2021\/08\/roraima_missao_boa_vista_criancas_inhepas.jpg 690w\" sizes=\"(max-width: 300px) 100vw, 300px\" \/><\/a>\n\t\t\t<\/div><\/figure><figure class='gallery-item'>\n\t\t\t<div class='gallery-icon landscape'>\n\t\t\t\t<a href='https:\/\/www.missoeshumanitarias.org\/wp-content\/uploads\/2021\/08\/roraima_missao_boa_vista_limpeza_cozinha.jpg'><img loading=\"lazy\" decoding=\"async\" width=\"300\" height=\"169\" src=\"https:\/\/www.missoeshumanitarias.org\/wp-content\/uploads\/2021\/08\/roraima_missao_boa_vista_limpeza_cozinha-300x169.jpg\" class=\"attachment-medium size-medium\" alt=\"\" srcset=\"https:\/\/www.missoeshumanitarias.org\/wp-content\/uploads\/2021\/08\/roraima_missao_boa_vista_limpeza_cozinha-300x169.jpg 300w, https:\/\/www.missoeshumanitarias.org\/wp-content\/uploads\/2021\/08\/roraima_missao_boa_vista_limpeza_cozinha.jpg 690w\" sizes=\"(max-width: 300px) 100vw, 300px\" \/><\/a>\n\t\t\t<\/div><\/figure><figure class='gallery-item'>\n\t\t\t<div class='gallery-icon landscape'>\n\t\t\t\t<a href='https:\/\/www.missoeshumanitarias.org\/wp-content\/uploads\/2021\/08\/roraima_missao_boa_vista_limpeza_banheiro.jpg'><img loading=\"lazy\" decoding=\"async\" width=\"300\" height=\"169\" src=\"https:\/\/www.missoeshumanitarias.org\/wp-content\/uploads\/2021\/08\/roraima_missao_boa_vista_limpeza_banheiro-300x169.jpg\" class=\"attachment-medium size-medium\" alt=\"\" srcset=\"https:\/\/www.missoeshumanitarias.org\/wp-content\/uploads\/2021\/08\/roraima_missao_boa_vista_limpeza_banheiro-300x169.jpg 300w, https:\/\/www.missoeshumanitarias.org\/wp-content\/uploads\/2021\/08\/roraima_missao_boa_vista_limpeza_banheiro.jpg 690w\" sizes=\"(max-width: 300px) 100vw, 300px\" \/><\/a>\n\t\t\t<\/div><\/figure><figure class='gallery-item'>\n\t\t\t<div class='gallery-icon landscape'>\n\t\t\t\t<a href='https:\/\/www.missoeshumanitarias.org\/wp-content\/uploads\/2021\/08\/roraima_missao_boa_vista_horta1.jpg'><img loading=\"lazy\" decoding=\"async\" width=\"300\" height=\"169\" src=\"https:\/\/www.missoeshumanitarias.org\/wp-content\/uploads\/2021\/08\/roraima_missao_boa_vista_horta1-300x169.jpg\" class=\"attachment-medium size-medium\" alt=\"\" srcset=\"https:\/\/www.missoeshumanitarias.org\/wp-content\/uploads\/2021\/08\/roraima_missao_boa_vista_horta1-300x169.jpg 300w, https:\/\/www.missoeshumanitarias.org\/wp-content\/uploads\/2021\/08\/roraima_missao_boa_vista_horta1.jpg 690w\" sizes=\"(max-width: 300px) 100vw, 300px\" \/><\/a>\n\t\t\t<\/div><\/figure><figure class='gallery-item'>\n\t\t\t<div class='gallery-icon landscape'>\n\t\t\t\t<a href='https:\/\/www.missoeshumanitarias.org\/wp-content\/uploads\/2021\/08\/roraima_missao_boa_vista_horta2.jpg'><img loading=\"lazy\" decoding=\"async\" width=\"300\" height=\"225\" src=\"https:\/\/www.missoeshumanitarias.org\/wp-content\/uploads\/2021\/08\/roraima_missao_boa_vista_horta2-300x225.jpg\" class=\"attachment-medium size-medium\" alt=\"\" srcset=\"https:\/\/www.missoeshumanitarias.org\/wp-content\/uploads\/2021\/08\/roraima_missao_boa_vista_horta2-300x225.jpg 300w, https:\/\/www.missoeshumanitarias.org\/wp-content\/uploads\/2021\/08\/roraima_missao_boa_vista_horta2.jpg 400w\" sizes=\"(max-width: 300px) 100vw, 300px\" \/><\/a>\n\t\t\t<\/div><\/figure><figure class='gallery-item'>\n\t\t\t<div class='gallery-icon landscape'>\n\t\t\t\t<a href='https:\/\/www.missoeshumanitarias.org\/wp-content\/uploads\/2021\/08\/roraima_missao_boa_vista_setrabes_atendimentos_12_2017.jpg'><img loading=\"lazy\" decoding=\"async\" width=\"300\" height=\"225\" src=\"https:\/\/www.missoeshumanitarias.org\/wp-content\/uploads\/2021\/08\/roraima_missao_boa_vista_setrabes_atendimentos_12_2017-300x225.jpg\" class=\"attachment-medium size-medium\" alt=\"\" srcset=\"https:\/\/www.missoeshumanitarias.org\/wp-content\/uploads\/2021\/08\/roraima_missao_boa_vista_setrabes_atendimentos_12_2017-300x225.jpg 300w, https:\/\/www.missoeshumanitarias.org\/wp-content\/uploads\/2021\/08\/roraima_missao_boa_vista_setrabes_atendimentos_12_2017.jpg 400w\" sizes=\"(max-width: 300px) 100vw, 300px\" \/><\/a>\n\t\t\t<\/div><\/figure><figure class='gallery-item'>\n\t\t\t<div class='gallery-icon landscape'>\n\t\t\t\t<a href='https:\/\/www.missoeshumanitarias.org\/wp-content\/uploads\/2021\/08\/roraima_missao_boa_vista_enfeite_natal_escola_abrigo.jpg'><img loading=\"lazy\" decoding=\"async\" width=\"300\" height=\"265\" src=\"https:\/\/www.missoeshumanitarias.org\/wp-content\/uploads\/2021\/08\/roraima_missao_boa_vista_enfeite_natal_escola_abrigo-300x265.jpg\" class=\"attachment-medium size-medium\" alt=\"\" srcset=\"https:\/\/www.missoeshumanitarias.org\/wp-content\/uploads\/2021\/08\/roraima_missao_boa_vista_enfeite_natal_escola_abrigo-300x265.jpg 300w, https:\/\/www.missoeshumanitarias.org\/wp-content\/uploads\/2021\/08\/roraima_missao_boa_vista_enfeite_natal_escola_abrigo.jpg 400w\" sizes=\"(max-width: 300px) 100vw, 300px\" \/><\/a>\n\t\t\t<\/div><\/figure><figure class='gallery-item'>\n\t\t\t<div class='gallery-icon landscape'>\n\t\t\t\t<a href='https:\/\/www.missoeshumanitarias.org\/wp-content\/uploads\/2021\/08\/roraima_missao_boa_vista_pequeno_presepio.jpg'><img loading=\"lazy\" decoding=\"async\" width=\"300\" height=\"253\" src=\"https:\/\/www.missoeshumanitarias.org\/wp-content\/uploads\/2021\/08\/roraima_missao_boa_vista_pequeno_presepio-300x253.jpg\" class=\"attachment-medium size-medium\" alt=\"\" srcset=\"https:\/\/www.missoeshumanitarias.org\/wp-content\/uploads\/2021\/08\/roraima_missao_boa_vista_pequeno_presepio-300x253.jpg 300w, https:\/\/www.missoeshumanitarias.org\/wp-content\/uploads\/2021\/08\/roraima_missao_boa_vista_pequeno_presepio.jpg 400w\" sizes=\"(max-width: 300px) 100vw, 300px\" \/><\/a>\n\t\t\t<\/div><\/figure>\n\t\t<\/div>\n\n","protected":false},"excerpt":{"rendered":"<p>December 24 to 27, Sunday to Wednesday Dec 24, Sunday Delivery of personal hygiene kits and cleaning material in the Center of Reference for the Immigrant (CRI). Distribution of toys for the children in the shelter. Organization of two containers. Missionaries of Fraternidade \u2013 International Humanitarian Federation \u2013 participated in a special Christmas dinner in [&hellip;]<\/p>\n","protected":false},"author":1,"featured_media":126899,"comment_status":"open","ping_status":"open","sticky":false,"template":"","format":"standard","meta":{"footnotes":""},"categories":[9,132],"tags":[],"class_list":["post-131169","post","type-post","status-publish","format-standard","has-post-thumbnail","hentry","category-news","category-news-about-the-missions"],"featured_image_src":"https:\/\/www.missoeshumanitarias.org\/wp-content\/uploads\/2021\/08\/roraima_missao_boa_vista_reuniao_missao_12_2017.jpg","author_info":{"display_name":"maducato_admin","author_link":"https:\/\/www.missoeshumanitarias.org\/en\/author\/maducato_admin\/"},"yoast_head":"<!-- This site is optimized with the Yoast SEO Premium plugin v22.5 (Yoast SEO v22.5) - https:\/\/yoast.com\/wordpress\/plugins\/seo\/ -->\n<title>Humanitarian Roraima Mission in Boa Vista \u2013 Projects and Actions - Fraternidade Miss\u00f5es Humanit\u00e1rias Internacionais<\/title>\n<meta name=\"robots\" content=\"index, follow, max-snippet:-1, max-image-preview:large, max-video-preview:-1\" \/>\n<link rel=\"canonical\" href=\"https:\/\/www.missoeshumanitarias.org\/en\/humanitarian-roraima-mission-in-boa-vista-projects-and-actions\/\" \/>\n<meta property=\"og:locale\" content=\"en_US\" \/>\n<meta property=\"og:type\" content=\"article\" \/>\n<meta property=\"og:title\" content=\"Humanitarian Roraima Mission in Boa Vista \u2013 Projects and Actions\" \/>\n<meta property=\"og:description\" content=\"December 24 to 27, Sunday to Wednesday Dec 24, Sunday Delivery of personal hygiene kits and cleaning material in the Center of Reference for the Immigrant (CRI). Distribution of toys for the children in the shelter. Organization of two containers. Missionaries of Fraternidade \u2013 International Humanitarian Federation \u2013 participated in a special Christmas dinner in [&hellip;]\" \/>\n<meta property=\"og:url\" content=\"https:\/\/www.missoeshumanitarias.org\/en\/humanitarian-roraima-mission-in-boa-vista-projects-and-actions\/\" \/>\n<meta property=\"og:site_name\" content=\"Fraternidade Miss\u00f5es Humanit\u00e1rias Internacionais\" \/>\n<meta property=\"article:published_time\" content=\"2018-01-31T14:27:39+00:00\" \/>\n<meta property=\"og:image\" content=\"https:\/\/www.missoeshumanitarias.org\/wp-content\/uploads\/2021\/08\/roraima_missao_boa_vista_reuniao_missao_12_2017.jpg\" \/>\n\t<meta property=\"og:image:width\" content=\"690\" \/>\n\t<meta property=\"og:image:height\" content=\"388\" \/>\n\t<meta property=\"og:image:type\" content=\"image\/jpeg\" \/>\n<meta name=\"author\" content=\"maducato_admin\" \/>\n<meta name=\"twitter:card\" content=\"summary_large_image\" \/>\n<meta name=\"twitter:label1\" content=\"Written by\" \/>\n\t<meta name=\"twitter:data1\" content=\"maducato_admin\" \/>\n\t<meta name=\"twitter:label2\" content=\"Est. reading time\" \/>\n\t<meta name=\"twitter:data2\" content=\"4 minutes\" \/>\n<script type=\"application\/ld+json\" class=\"yoast-schema-graph\">{\"@context\":\"https:\/\/schema.org\",\"@graph\":[{\"@type\":\"Article\",\"@id\":\"https:\/\/www.missoeshumanitarias.org\/en\/humanitarian-roraima-mission-in-boa-vista-projects-and-actions\/#article\",\"isPartOf\":{\"@id\":\"https:\/\/www.missoeshumanitarias.org\/en\/humanitarian-roraima-mission-in-boa-vista-projects-and-actions\/\"},\"author\":{\"name\":\"maducato_admin\",\"@id\":\"https:\/\/www.missoeshumanitarias.org\/es\/#\/schema\/person\/e0f8527323154d1eba9f9d9eb6b401f7\"},\"headline\":\"Humanitarian Roraima Mission in Boa Vista \u2013 Projects and Actions\",\"datePublished\":\"2018-01-31T14:27:39+00:00\",\"dateModified\":\"2018-01-31T14:27:39+00:00\",\"mainEntityOfPage\":{\"@id\":\"https:\/\/www.missoeshumanitarias.org\/en\/humanitarian-roraima-mission-in-boa-vista-projects-and-actions\/\"},\"wordCount\":767,\"commentCount\":0,\"publisher\":{\"@id\":\"https:\/\/www.missoeshumanitarias.org\/es\/#organization\"},\"image\":{\"@id\":\"https:\/\/www.missoeshumanitarias.org\/en\/humanitarian-roraima-mission-in-boa-vista-projects-and-actions\/#primaryimage\"},\"thumbnailUrl\":\"https:\/\/www.missoeshumanitarias.org\/wp-content\/uploads\/2021\/08\/roraima_missao_boa_vista_reuniao_missao_12_2017.jpg\",\"articleSection\":[\"News\",\"News about the Missions\"],\"inLanguage\":\"en-US\",\"potentialAction\":[{\"@type\":\"CommentAction\",\"name\":\"Comment\",\"target\":[\"https:\/\/www.missoeshumanitarias.org\/en\/humanitarian-roraima-mission-in-boa-vista-projects-and-actions\/#respond\"]}]},{\"@type\":\"WebPage\",\"@id\":\"https:\/\/www.missoeshumanitarias.org\/en\/humanitarian-roraima-mission-in-boa-vista-projects-and-actions\/\",\"url\":\"https:\/\/www.missoeshumanitarias.org\/en\/humanitarian-roraima-mission-in-boa-vista-projects-and-actions\/\",\"name\":\"Humanitarian Roraima Mission in Boa Vista \u2013 Projects and Actions - Fraternidade Miss\u00f5es Humanit\u00e1rias Internacionais\",\"isPartOf\":{\"@id\":\"https:\/\/www.missoeshumanitarias.org\/es\/#website\"},\"primaryImageOfPage\":{\"@id\":\"https:\/\/www.missoeshumanitarias.org\/en\/humanitarian-roraima-mission-in-boa-vista-projects-and-actions\/#primaryimage\"},\"image\":{\"@id\":\"https:\/\/www.missoeshumanitarias.org\/en\/humanitarian-roraima-mission-in-boa-vista-projects-and-actions\/#primaryimage\"},\"thumbnailUrl\":\"https:\/\/www.missoeshumanitarias.org\/wp-content\/uploads\/2021\/08\/roraima_missao_boa_vista_reuniao_missao_12_2017.jpg\",\"datePublished\":\"2018-01-31T14:27:39+00:00\",\"dateModified\":\"2018-01-31T14:27:39+00:00\",\"breadcrumb\":{\"@id\":\"https:\/\/www.missoeshumanitarias.org\/en\/humanitarian-roraima-mission-in-boa-vista-projects-and-actions\/#breadcrumb\"},\"inLanguage\":\"en-US\",\"potentialAction\":[{\"@type\":\"ReadAction\",\"target\":[\"https:\/\/www.missoeshumanitarias.org\/en\/humanitarian-roraima-mission-in-boa-vista-projects-and-actions\/\"]}]},{\"@type\":\"ImageObject\",\"inLanguage\":\"en-US\",\"@id\":\"https:\/\/www.missoeshumanitarias.org\/en\/humanitarian-roraima-mission-in-boa-vista-projects-and-actions\/#primaryimage\",\"url\":\"https:\/\/www.missoeshumanitarias.org\/wp-content\/uploads\/2021\/08\/roraima_missao_boa_vista_reuniao_missao_12_2017.jpg\",\"contentUrl\":\"https:\/\/www.missoeshumanitarias.org\/wp-content\/uploads\/2021\/08\/roraima_missao_boa_vista_reuniao_missao_12_2017.jpg\",\"width\":690,\"height\":388},{\"@type\":\"BreadcrumbList\",\"@id\":\"https:\/\/www.missoeshumanitarias.org\/en\/humanitarian-roraima-mission-in-boa-vista-projects-and-actions\/#breadcrumb\",\"itemListElement\":[{\"@type\":\"ListItem\",\"position\":1,\"name\":\"Home\",\"item\":\"https:\/\/www.missoeshumanitarias.org\/en\/\"},{\"@type\":\"ListItem\",\"position\":2,\"name\":\"Humanitarian Roraima Mission in Boa Vista \u2013 Projects and Actions\"}]},{\"@type\":\"WebSite\",\"@id\":\"https:\/\/www.missoeshumanitarias.org\/es\/#website\",\"url\":\"https:\/\/www.missoeshumanitarias.org\/es\/\",\"name\":\"Fraternidade Miss\u00f5es Humanit\u00e1rias Internacionais\",\"description\":\"Respostas Humanit\u00e1rias e Emerg\u00eancias\",\"publisher\":{\"@id\":\"https:\/\/www.missoeshumanitarias.org\/es\/#organization\"},\"potentialAction\":[{\"@type\":\"SearchAction\",\"target\":{\"@type\":\"EntryPoint\",\"urlTemplate\":\"https:\/\/www.missoeshumanitarias.org\/es\/?s={search_term_string}\"},\"query-input\":\"required name=search_term_string\"}],\"inLanguage\":\"en-US\"},{\"@type\":\"Organization\",\"@id\":\"https:\/\/www.missoeshumanitarias.org\/es\/#organization\",\"name\":\"Fraternidade - Miss\u00f5es Humanit\u00e1rias Internacionais\",\"url\":\"https:\/\/www.missoeshumanitarias.org\/es\/\",\"logo\":{\"@type\":\"ImageObject\",\"inLanguage\":\"en-US\",\"@id\":\"https:\/\/www.missoeshumanitarias.org\/es\/#\/schema\/logo\/image\/\",\"url\":\"https:\/\/www.missoeshumanitarias.org\/wp-content\/uploads\/2020\/05\/logo-FMHI-mg.png\",\"contentUrl\":\"https:\/\/www.missoeshumanitarias.org\/wp-content\/uploads\/2020\/05\/logo-FMHI-mg.png\",\"width\":520,\"height\":134,\"caption\":\"Fraternidade - Miss\u00f5es Humanit\u00e1rias Internacionais\"},\"image\":{\"@id\":\"https:\/\/www.missoeshumanitarias.org\/es\/#\/schema\/logo\/image\/\"}},{\"@type\":\"Person\",\"@id\":\"https:\/\/www.missoeshumanitarias.org\/es\/#\/schema\/person\/e0f8527323154d1eba9f9d9eb6b401f7\",\"name\":\"maducato_admin\",\"image\":{\"@type\":\"ImageObject\",\"inLanguage\":\"en-US\",\"@id\":\"https:\/\/www.missoeshumanitarias.org\/es\/#\/schema\/person\/image\/\",\"url\":\"https:\/\/secure.gravatar.com\/avatar\/6c3b45186a8f5a459d8e14c7fca370bceae92402bc06171d75e4e559b6c24393?s=96&d=mm&r=g\",\"contentUrl\":\"https:\/\/secure.gravatar.com\/avatar\/6c3b45186a8f5a459d8e14c7fca370bceae92402bc06171d75e4e559b6c24393?s=96&d=mm&r=g\",\"caption\":\"maducato_admin\"}}]}<\/script>\n<!-- \/ Yoast SEO Premium plugin. -->","yoast_head_json":{"title":"Humanitarian Roraima Mission in Boa Vista \u2013 Projects and Actions - Fraternidade Miss\u00f5es Humanit\u00e1rias Internacionais","robots":{"index":"index","follow":"follow","max-snippet":"max-snippet:-1","max-image-preview":"max-image-preview:large","max-video-preview":"max-video-preview:-1"},"canonical":"https:\/\/www.missoeshumanitarias.org\/en\/humanitarian-roraima-mission-in-boa-vista-projects-and-actions\/","og_locale":"en_US","og_type":"article","og_title":"Humanitarian Roraima Mission in Boa Vista \u2013 Projects and Actions","og_description":"December 24 to 27, Sunday to Wednesday Dec 24, Sunday Delivery of personal hygiene kits and cleaning material in the Center of Reference for the Immigrant (CRI). Distribution of toys for the children in the shelter. Organization of two containers. Missionaries of Fraternidade \u2013 International Humanitarian Federation \u2013 participated in a special Christmas dinner in [&hellip;]","og_url":"https:\/\/www.missoeshumanitarias.org\/en\/humanitarian-roraima-mission-in-boa-vista-projects-and-actions\/","og_site_name":"Fraternidade Miss\u00f5es Humanit\u00e1rias Internacionais","article_published_time":"2018-01-31T14:27:39+00:00","og_image":[{"width":690,"height":388,"url":"https:\/\/www.missoeshumanitarias.org\/wp-content\/uploads\/2021\/08\/roraima_missao_boa_vista_reuniao_missao_12_2017.jpg","type":"image\/jpeg"}],"author":"maducato_admin","twitter_card":"summary_large_image","twitter_misc":{"Written by":"maducato_admin","Est. reading time":"4 minutes"},"schema":{"@context":"https:\/\/schema.org","@graph":[{"@type":"Article","@id":"https:\/\/www.missoeshumanitarias.org\/en\/humanitarian-roraima-mission-in-boa-vista-projects-and-actions\/#article","isPartOf":{"@id":"https:\/\/www.missoeshumanitarias.org\/en\/humanitarian-roraima-mission-in-boa-vista-projects-and-actions\/"},"author":{"name":"maducato_admin","@id":"https:\/\/www.missoeshumanitarias.org\/es\/#\/schema\/person\/e0f8527323154d1eba9f9d9eb6b401f7"},"headline":"Humanitarian Roraima Mission in Boa Vista \u2013 Projects and Actions","datePublished":"2018-01-31T14:27:39+00:00","dateModified":"2018-01-31T14:27:39+00:00","mainEntityOfPage":{"@id":"https:\/\/www.missoeshumanitarias.org\/en\/humanitarian-roraima-mission-in-boa-vista-projects-and-actions\/"},"wordCount":767,"commentCount":0,"publisher":{"@id":"https:\/\/www.missoeshumanitarias.org\/es\/#organization"},"image":{"@id":"https:\/\/www.missoeshumanitarias.org\/en\/humanitarian-roraima-mission-in-boa-vista-projects-and-actions\/#primaryimage"},"thumbnailUrl":"https:\/\/www.missoeshumanitarias.org\/wp-content\/uploads\/2021\/08\/roraima_missao_boa_vista_reuniao_missao_12_2017.jpg","articleSection":["News","News about the Missions"],"inLanguage":"en-US","potentialAction":[{"@type":"CommentAction","name":"Comment","target":["https:\/\/www.missoeshumanitarias.org\/en\/humanitarian-roraima-mission-in-boa-vista-projects-and-actions\/#respond"]}]},{"@type":"WebPage","@id":"https:\/\/www.missoeshumanitarias.org\/en\/humanitarian-roraima-mission-in-boa-vista-projects-and-actions\/","url":"https:\/\/www.missoeshumanitarias.org\/en\/humanitarian-roraima-mission-in-boa-vista-projects-and-actions\/","name":"Humanitarian Roraima Mission in Boa Vista \u2013 Projects and Actions - Fraternidade Miss\u00f5es Humanit\u00e1rias Internacionais","isPartOf":{"@id":"https:\/\/www.missoeshumanitarias.org\/es\/#website"},"primaryImageOfPage":{"@id":"https:\/\/www.missoeshumanitarias.org\/en\/humanitarian-roraima-mission-in-boa-vista-projects-and-actions\/#primaryimage"},"image":{"@id":"https:\/\/www.missoeshumanitarias.org\/en\/humanitarian-roraima-mission-in-boa-vista-projects-and-actions\/#primaryimage"},"thumbnailUrl":"https:\/\/www.missoeshumanitarias.org\/wp-content\/uploads\/2021\/08\/roraima_missao_boa_vista_reuniao_missao_12_2017.jpg","datePublished":"2018-01-31T14:27:39+00:00","dateModified":"2018-01-31T14:27:39+00:00","breadcrumb":{"@id":"https:\/\/www.missoeshumanitarias.org\/en\/humanitarian-roraima-mission-in-boa-vista-projects-and-actions\/#breadcrumb"},"inLanguage":"en-US","potentialAction":[{"@type":"ReadAction","target":["https:\/\/www.missoeshumanitarias.org\/en\/humanitarian-roraima-mission-in-boa-vista-projects-and-actions\/"]}]},{"@type":"ImageObject","inLanguage":"en-US","@id":"https:\/\/www.missoeshumanitarias.org\/en\/humanitarian-roraima-mission-in-boa-vista-projects-and-actions\/#primaryimage","url":"https:\/\/www.missoeshumanitarias.org\/wp-content\/uploads\/2021\/08\/roraima_missao_boa_vista_reuniao_missao_12_2017.jpg","contentUrl":"https:\/\/www.missoeshumanitarias.org\/wp-content\/uploads\/2021\/08\/roraima_missao_boa_vista_reuniao_missao_12_2017.jpg","width":690,"height":388},{"@type":"BreadcrumbList","@id":"https:\/\/www.missoeshumanitarias.org\/en\/humanitarian-roraima-mission-in-boa-vista-projects-and-actions\/#breadcrumb","itemListElement":[{"@type":"ListItem","position":1,"name":"Home","item":"https:\/\/www.missoeshumanitarias.org\/en\/"},{"@type":"ListItem","position":2,"name":"Humanitarian Roraima Mission in Boa Vista \u2013 Projects and Actions"}]},{"@type":"WebSite","@id":"https:\/\/www.missoeshumanitarias.org\/es\/#website","url":"https:\/\/www.missoeshumanitarias.org\/es\/","name":"Fraternidade Miss\u00f5es Humanit\u00e1rias Internacionais","description":"Respostas Humanit\u00e1rias e Emerg\u00eancias","publisher":{"@id":"https:\/\/www.missoeshumanitarias.org\/es\/#organization"},"potentialAction":[{"@type":"SearchAction","target":{"@type":"EntryPoint","urlTemplate":"https:\/\/www.missoeshumanitarias.org\/es\/?s={search_term_string}"},"query-input":"required name=search_term_string"}],"inLanguage":"en-US"},{"@type":"Organization","@id":"https:\/\/www.missoeshumanitarias.org\/es\/#organization","name":"Fraternidade - Miss\u00f5es Humanit\u00e1rias Internacionais","url":"https:\/\/www.missoeshumanitarias.org\/es\/","logo":{"@type":"ImageObject","inLanguage":"en-US","@id":"https:\/\/www.missoeshumanitarias.org\/es\/#\/schema\/logo\/image\/","url":"https:\/\/www.missoeshumanitarias.org\/wp-content\/uploads\/2020\/05\/logo-FMHI-mg.png","contentUrl":"https:\/\/www.missoeshumanitarias.org\/wp-content\/uploads\/2020\/05\/logo-FMHI-mg.png","width":520,"height":134,"caption":"Fraternidade - Miss\u00f5es Humanit\u00e1rias Internacionais"},"image":{"@id":"https:\/\/www.missoeshumanitarias.org\/es\/#\/schema\/logo\/image\/"}},{"@type":"Person","@id":"https:\/\/www.missoeshumanitarias.org\/es\/#\/schema\/person\/e0f8527323154d1eba9f9d9eb6b401f7","name":"maducato_admin","image":{"@type":"ImageObject","inLanguage":"en-US","@id":"https:\/\/www.missoeshumanitarias.org\/es\/#\/schema\/person\/image\/","url":"https:\/\/secure.gravatar.com\/avatar\/6c3b45186a8f5a459d8e14c7fca370bceae92402bc06171d75e4e559b6c24393?s=96&d=mm&r=g","contentUrl":"https:\/\/secure.gravatar.com\/avatar\/6c3b45186a8f5a459d8e14c7fca370bceae92402bc06171d75e4e559b6c24393?s=96&d=mm&r=g","caption":"maducato_admin"}}]}},"_links":{"self":[{"href":"https:\/\/www.missoeshumanitarias.org\/en\/wp-json\/wp\/v2\/posts\/131169","targetHints":{"allow":["GET"]}}],"collection":[{"href":"https:\/\/www.missoeshumanitarias.org\/en\/wp-json\/wp\/v2\/posts"}],"about":[{"href":"https:\/\/www.missoeshumanitarias.org\/en\/wp-json\/wp\/v2\/types\/post"}],"author":[{"embeddable":true,"href":"https:\/\/www.missoeshumanitarias.org\/en\/wp-json\/wp\/v2\/users\/1"}],"replies":[{"embeddable":true,"href":"https:\/\/www.missoeshumanitarias.org\/en\/wp-json\/wp\/v2\/comments?post=131169"}],"version-history":[{"count":0,"href":"https:\/\/www.missoeshumanitarias.org\/en\/wp-json\/wp\/v2\/posts\/131169\/revisions"}],"wp:featuredmedia":[{"embeddable":true,"href":"https:\/\/www.missoeshumanitarias.org\/en\/wp-json\/wp\/v2\/media\/126899"}],"wp:attachment":[{"href":"https:\/\/www.missoeshumanitarias.org\/en\/wp-json\/wp\/v2\/media?parent=131169"}],"wp:term":[{"taxonomy":"category","embeddable":true,"href":"https:\/\/www.missoeshumanitarias.org\/en\/wp-json\/wp\/v2\/categories?post=131169"},{"taxonomy":"post_tag","embeddable":true,"href":"https:\/\/www.missoeshumanitarias.org\/en\/wp-json\/wp\/v2\/tags?post=131169"}],"curies":[{"name":"wp","href":"https:\/\/api.w.org\/{rel}","templated":true}]}}