{"id":131172,"date":"2018-02-01T21:35:42","date_gmt":"2018-02-01T23:35:42","guid":{"rendered":"https:\/\/www.missoeshumanitarias.org\/humanitarian-roraima-mission-in-boa-vista-new-years-in-the-shelter\/"},"modified":"2018-02-01T21:35:42","modified_gmt":"2018-02-01T23:35:42","slug":"humanitarian-roraima-mission-in-boa-vista-new-years-in-the-shelter","status":"publish","type":"post","link":"https:\/\/www.missoeshumanitarias.org\/en\/humanitarian-roraima-mission-in-boa-vista-new-years-in-the-shelter\/","title":{"rendered":"Humanitarian Roraima Mission in Boa Vista \u2013 New Year\u2019s in the Shelter"},"content":{"rendered":"<h3 class=\"western\" align=\"CENTER\"><b>December 28 to 31, Thursday to Sunday<\/b><\/h3>\n<h3 class=\"western\" style=\"text-align: justify;\" align=\"JUSTIFY\"><b>Dec 28, Thursday<\/b><\/h3>\n<figure id=\"attachment_73166\" aria-describedby=\"caption-attachment-73166\" style=\"width: 300px\" class=\"wp-caption alignleft\"><a href=\"https:\/\/www.fraterinternacional.org\/wp-content\/uploads\/2018\/01\/roraima_missao_boavista_atendimento_bebe_12_2017.jpg\"><img fetchpriority=\"high\" decoding=\"async\" class=\"wp-image-73166 size-medium\" src=\"https:\/\/www.missoeshumanitarias.org\/wp-content\/uploads\/2021\/08\/roraima_missao_boavista_atendimento_bebe_12_2017-300x225-1.jpg\" alt=\"\" width=\"300\" height=\"225\" \/><\/a><figcaption id=\"caption-attachment-73166\" class=\"wp-caption-text\">Care with baby<\/figcaption><\/figure>\n<p style=\"text-align: justify;\"><span style=\"font-weight: 400;\">Missionaries of <\/span><b>Fraternidade \u2013 International Humanitarian Federation<\/b><span style=\"font-weight: 400;\"> \u2013 visited the tents of the Center of Reference for the Immigrant (CRI). They found an apparently three year-old baby with symptoms of diarrhea. <\/span><\/p>\n<p style=\"text-align: justify;\"><span style=\"font-weight: 400;\">Artisans of the shelter are not attending the meetings for the making of the works, as they are going out to the streets in these last days. Some argue that they need to solve health problems and others to raise money to send or take to family members in Venezuela.<\/span><\/p>\n<p style=\"text-align: justify;\"><span style=\"font-weight: 400;\">The husband of the immigrant that is hospitalized with psychological problems, who is taking care of their baby daughter by himself, has been showing signs of discouragement and tiredness. The missionaries have been giving constant assistance to father and baby.<\/span><\/p>\n<figure id=\"attachment_73178\" aria-describedby=\"caption-attachment-73178\" style=\"width: 300px\" class=\"wp-caption alignright\"><a href=\"https:\/\/www.fraterinternacional.org\/wp-content\/uploads\/2018\/01\/roraima_missao_boavista_lavagem_maos_12_2017.jpg\"><img decoding=\"async\" class=\"wp-image-73178 size-medium\" src=\"https:\/\/www.missoeshumanitarias.org\/wp-content\/uploads\/2021\/08\/roraima_missao_boavista_lavagem_maos_12_2017-300x225-1.jpg\" alt=\"\" width=\"300\" height=\"225\" \/><\/a><figcaption id=\"caption-attachment-73178\" class=\"wp-caption-text\">Hand washing<\/figcaption><\/figure>\n<p style=\"text-align: justify;\"><span style=\"font-weight: 400;\">Later, the missionaries received a call from the Center of Psychosocial Attention III (Caps III), informing that the immigrant had been discharged. She returned to the shelter, where she will continue under treatment, taking four medicines.<\/span><\/p>\n<p style=\"text-align: justify;\"><span style=\"font-weight: 400;\">Hand-washing of the children (and of adults who so choose) before lunch. \u201cIt is always good to do this activity, even knowing that the parents do not value it, letting the children eat with their hands (without cutlery) and without washing them\u201d, said Alexandrina, a missionary of Fraternidade.<\/span><\/p>\n<p style=\"text-align: justify;\"><span style=\"font-weight: 400;\">Deep cleaning of the container of food.<\/span><\/p>\n<p style=\"text-align: justify;\"><span style=\"font-weight: 400;\">Friar Francisco, of <a href=\"http:\/\/www.fraterinternacional.org\/en\/grace-mercy-order\/\">Grace Mercy Order<\/a>, organized a meeting with the anthropologist of the Roraima Labor and Social Welfare Secretary (Setrabes) and male immigrants of the CRI to study the issue of jobs.<\/span><\/p>\n<p style=\"text-align: justify;\"><span style=\"font-weight: 400;\">A member of the Institute of Applied Economic Research (Ipea) from Brasilia went to the shelter to visit the \u00a0place. He will make a report about the conditions of the CRI.<\/span><\/p>\n<figure id=\"attachment_73184\" aria-describedby=\"caption-attachment-73184\" style=\"width: 300px\" class=\"wp-caption alignleft\"><a href=\"https:\/\/www.fraterinternacional.org\/wp-content\/uploads\/2018\/01\/roraima_missao_boavista_limpeza_ginasio_12_2017.jpg\"><img decoding=\"async\" class=\"wp-image-73184 size-medium\" src=\"https:\/\/www.missoeshumanitarias.org\/wp-content\/uploads\/2021\/08\/roraima_missao_boavista_limpeza_ginasio_12_2017-300x169-1.jpg\" alt=\"\" width=\"300\" height=\"169\" \/><\/a><figcaption id=\"caption-attachment-73184\" class=\"wp-caption-text\">Cleaning of gymnasium<\/figcaption><\/figure>\n<p style=\"text-align: justify;\"><span style=\"font-weight: 400;\">A couple of volunteers made donation of clothes. The woman, a student of the Course of Nursery, offered to do, with a team from the University, actions of health in the shelter. It was suggested to the volunteer the weighing and measurement of the children in the CRI. The husband, worker of the Brazilian Enterprise of Agricultural Research (Embrapa), will check the continuity of the support of the company to the shelter.<\/span><\/p>\n<h3 style=\"text-align: justify;\"><b>Dec 29, Friday<\/b><\/h3>\n<p style=\"text-align: justify;\"><span style=\"font-weight: 400;\">A general cleaning of the gymnasium of the CRI was done.<\/span><\/p>\n<p style=\"text-align: justify;\"><span style=\"font-weight: 400;\">The coordinator of the team of the Setrabes in the shelter and Friar Francisco of Grace Mercy Order had a meeting with the Indigenous leaders to raise awareness about the importance of the work with artisanship.<\/span><\/p>\n<h3 class=\"western\" style=\"text-align: justify;\" align=\"JUSTIFY\"><b>Dec 30, Saturday<\/b><\/h3>\n<figure id=\"attachment_73163\" aria-describedby=\"caption-attachment-73163\" style=\"width: 300px\" class=\"wp-caption alignright\"><a href=\"https:\/\/www.fraterinternacional.org\/wp-content\/uploads\/2018\/01\/roraima_missao_boavista_3costura_12_2017.jpg\"><img loading=\"lazy\" decoding=\"async\" class=\"wp-image-73163 size-medium\" src=\"https:\/\/www.missoeshumanitarias.org\/wp-content\/uploads\/2021\/08\/roraima_missao_boavista_3costura_12_2017-300x169-1.jpg\" alt=\"\" width=\"300\" height=\"169\" \/><\/a><figcaption id=\"caption-attachment-73163\" class=\"wp-caption-text\">Sewing<\/figcaption><\/figure>\n<p style=\"text-align: justify;\"><span style=\"font-weight: 400;\">Several finished artisan pieces were registered and organized, which will be exhibited at the Anaua Park Fair. An Indigenous leader and other two persons were chosen to accompany the work at the fair.<\/span><\/p>\n<p style=\"text-align: justify;\"><span style=\"font-weight: 400;\">Games with the children were done.<\/span><\/p>\n<h3 style=\"text-align: justify;\"><b>Dec 31, Sunday<\/b><\/h3>\n<p style=\"text-align: justify;\"><span style=\"font-weight: 400;\">On the last day of 2017, some immigrants attended Mass at the Church of Saint Joseph Worker, which is near the CRI.<\/span><\/p>\n<p style=\"text-align: justify;\"><span style=\"font-weight: 400;\">In the area near the kitchen of the shelter were found many food residues and flies. Those responsible for the kitchen and the distribution of the meals were contacted, a cleaning was done and guidance was given for the correct disposal of the leftovers.<\/span><\/p>\n<figure id=\"attachment_73172\" aria-describedby=\"caption-attachment-73172\" style=\"width: 300px\" class=\"wp-caption alignleft\"><a href=\"https:\/\/www.fraterinternacional.org\/wp-content\/uploads\/2018\/01\/roraima_missao_boavista_confraternizacao_12_2017.jpg\"><img loading=\"lazy\" decoding=\"async\" class=\"wp-image-73172 size-medium\" src=\"https:\/\/www.missoeshumanitarias.org\/wp-content\/uploads\/2021\/08\/roraima_missao_boavista_confraternizacao_12_2017-300x169-1.jpg\" alt=\"\" width=\"300\" height=\"169\" \/><\/a><figcaption id=\"caption-attachment-73172\" class=\"wp-caption-text\">Fraternization in the Nucleus-of-Light<\/figcaption><\/figure>\n<p style=\"text-align: justify;\"><span style=\"font-weight: 400;\">There were talks of instruction for the immigrants who have left daily to the streets. The Portuguese classes were organized, and will resume next Monday.<\/span><\/p>\n<p style=\"text-align: justify;\"><span style=\"font-weight: 400;\">At night there was a little fraternization at the <a href=\"http:\/\/www.fraterinternacional.org\/en\/nuclei-of-light\/\">Nucleus-of-Light<\/a> of Roraima with all the participants in the Roraima Mission (missionaries, members of the Monastery and of the Network-of-Light, residents and collaborators).<\/span><\/p>\n<p style=\"text-align: justify;\" align=\"JUSTIFY\">\u27e3<\/p>\n<div id='gallery-1' class='gallery galleryid-131172 gallery-columns-3 gallery-size-medium'><figure class='gallery-item'>\n\t\t\t<div class='gallery-icon landscape'>\n\t\t\t\t<a href='https:\/\/www.missoeshumanitarias.org\/wp-content\/uploads\/2021\/08\/roraima_missao_boavista_reuniao_emprego_12_2017.jpg'><img loading=\"lazy\" decoding=\"async\" width=\"300\" height=\"169\" src=\"https:\/\/www.missoeshumanitarias.org\/wp-content\/uploads\/2021\/08\/roraima_missao_boavista_reuniao_emprego_12_2017-300x169.jpg\" class=\"attachment-medium size-medium\" alt=\"\" srcset=\"https:\/\/www.missoeshumanitarias.org\/wp-content\/uploads\/2021\/08\/roraima_missao_boavista_reuniao_emprego_12_2017-300x169.jpg 300w, https:\/\/www.missoeshumanitarias.org\/wp-content\/uploads\/2021\/08\/roraima_missao_boavista_reuniao_emprego_12_2017.jpg 690w\" sizes=\"(max-width: 300px) 100vw, 300px\" \/><\/a>\n\t\t\t<\/div><\/figure><figure class='gallery-item'>\n\t\t\t<div class='gallery-icon landscape'>\n\t\t\t\t<a href='https:\/\/www.missoeshumanitarias.org\/wp-content\/uploads\/2021\/08\/roraima_missao_boavista_2reuniao_emprego_12_2017.jpg'><img loading=\"lazy\" decoding=\"async\" width=\"300\" height=\"169\" src=\"https:\/\/www.missoeshumanitarias.org\/wp-content\/uploads\/2021\/08\/roraima_missao_boavista_2reuniao_emprego_12_2017-300x169.jpg\" class=\"attachment-medium size-medium\" alt=\"\" srcset=\"https:\/\/www.missoeshumanitarias.org\/wp-content\/uploads\/2021\/08\/roraima_missao_boavista_2reuniao_emprego_12_2017-300x169.jpg 300w, https:\/\/www.missoeshumanitarias.org\/wp-content\/uploads\/2021\/08\/roraima_missao_boavista_2reuniao_emprego_12_2017.jpg 690w\" sizes=\"(max-width: 300px) 100vw, 300px\" \/><\/a>\n\t\t\t<\/div><\/figure><figure class='gallery-item'>\n\t\t\t<div class='gallery-icon landscape'>\n\t\t\t\t<a href='https:\/\/www.missoeshumanitarias.org\/wp-content\/uploads\/2021\/08\/roraima_missao_boavista_medica_alta_imigrante_psico_12_2017.jpg'><img loading=\"lazy\" decoding=\"async\" width=\"300\" height=\"169\" src=\"https:\/\/www.missoeshumanitarias.org\/wp-content\/uploads\/2021\/08\/roraima_missao_boavista_medica_alta_imigrante_psico_12_2017-300x169.jpg\" class=\"attachment-medium size-medium\" alt=\"\" srcset=\"https:\/\/www.missoeshumanitarias.org\/wp-content\/uploads\/2021\/08\/roraima_missao_boavista_medica_alta_imigrante_psico_12_2017-300x169.jpg 300w, https:\/\/www.missoeshumanitarias.org\/wp-content\/uploads\/2021\/08\/roraima_missao_boavista_medica_alta_imigrante_psico_12_2017.jpg 690w\" sizes=\"(max-width: 300px) 100vw, 300px\" \/><\/a>\n\t\t\t<\/div><\/figure><figure class='gallery-item'>\n\t\t\t<div class='gallery-icon landscape'>\n\t\t\t\t<a href='https:\/\/www.missoeshumanitarias.org\/wp-content\/uploads\/2021\/08\/roraima_missao_boavista_limpeza_container_alimentos_12_2017.jpg'><img loading=\"lazy\" decoding=\"async\" width=\"300\" height=\"169\" src=\"https:\/\/www.missoeshumanitarias.org\/wp-content\/uploads\/2021\/08\/roraima_missao_boavista_limpeza_container_alimentos_12_2017-300x169.jpg\" class=\"attachment-medium size-medium\" alt=\"\" srcset=\"https:\/\/www.missoeshumanitarias.org\/wp-content\/uploads\/2021\/08\/roraima_missao_boavista_limpeza_container_alimentos_12_2017-300x169.jpg 300w, https:\/\/www.missoeshumanitarias.org\/wp-content\/uploads\/2021\/08\/roraima_missao_boavista_limpeza_container_alimentos_12_2017.jpg 690w\" sizes=\"(max-width: 300px) 100vw, 300px\" \/><\/a>\n\t\t\t<\/div><\/figure><figure class='gallery-item'>\n\t\t\t<div class='gallery-icon landscape'>\n\t\t\t\t<a href='https:\/\/www.missoeshumanitarias.org\/wp-content\/uploads\/2021\/08\/roraima_missao_boavista_costura_12_2017.jpg'><img loading=\"lazy\" decoding=\"async\" width=\"300\" height=\"169\" src=\"https:\/\/www.missoeshumanitarias.org\/wp-content\/uploads\/2021\/08\/roraima_missao_boavista_costura_12_2017-300x169.jpg\" class=\"attachment-medium size-medium\" alt=\"\" srcset=\"https:\/\/www.missoeshumanitarias.org\/wp-content\/uploads\/2021\/08\/roraima_missao_boavista_costura_12_2017-300x169.jpg 300w, https:\/\/www.missoeshumanitarias.org\/wp-content\/uploads\/2021\/08\/roraima_missao_boavista_costura_12_2017.jpg 690w\" sizes=\"(max-width: 300px) 100vw, 300px\" \/><\/a>\n\t\t\t<\/div><\/figure><figure class='gallery-item'>\n\t\t\t<div class='gallery-icon landscape'>\n\t\t\t\t<a href='https:\/\/www.missoeshumanitarias.org\/wp-content\/uploads\/2021\/08\/roraima_missao_boavista_2costura_12_2017.jpg'><img loading=\"lazy\" decoding=\"async\" width=\"300\" height=\"169\" src=\"https:\/\/www.missoeshumanitarias.org\/wp-content\/uploads\/2021\/08\/roraima_missao_boavista_2costura_12_2017-300x169.jpg\" class=\"attachment-medium size-medium\" alt=\"\" srcset=\"https:\/\/www.missoeshumanitarias.org\/wp-content\/uploads\/2021\/08\/roraima_missao_boavista_2costura_12_2017-300x169.jpg 300w, https:\/\/www.missoeshumanitarias.org\/wp-content\/uploads\/2021\/08\/roraima_missao_boavista_2costura_12_2017.jpg 690w\" sizes=\"(max-width: 300px) 100vw, 300px\" \/><\/a>\n\t\t\t<\/div><\/figure><figure class='gallery-item'>\n\t\t\t<div class='gallery-icon landscape'>\n\t\t\t\t<a href='https:\/\/www.missoeshumanitarias.org\/wp-content\/uploads\/2021\/08\/roraima_missao_boavista_atividade_criancas_12_2017.jpg'><img loading=\"lazy\" decoding=\"async\" width=\"300\" height=\"169\" src=\"https:\/\/www.missoeshumanitarias.org\/wp-content\/uploads\/2021\/08\/roraima_missao_boavista_atividade_criancas_12_2017-300x169.jpg\" class=\"attachment-medium size-medium\" alt=\"\" srcset=\"https:\/\/www.missoeshumanitarias.org\/wp-content\/uploads\/2021\/08\/roraima_missao_boavista_atividade_criancas_12_2017-300x169.jpg 300w, https:\/\/www.missoeshumanitarias.org\/wp-content\/uploads\/2021\/08\/roraima_missao_boavista_atividade_criancas_12_2017.jpg 690w\" sizes=\"(max-width: 300px) 100vw, 300px\" \/><\/a>\n\t\t\t<\/div><\/figure>\n\t\t<\/div>\n\n<p align=\"JUSTIFY\">\n","protected":false},"excerpt":{"rendered":"<p>December 28 to 31, Thursday to Sunday Dec 28, Thursday Missionaries of Fraternidade \u2013 International Humanitarian Federation \u2013 visited the tents of the Center of Reference for the Immigrant (CRI). They found an apparently three year-old baby with symptoms of diarrhea. Artisans of the shelter are not attending the meetings for the making of the [&hellip;]<\/p>\n","protected":false},"author":1,"featured_media":126940,"comment_status":"open","ping_status":"open","sticky":false,"template":"","format":"standard","meta":{"footnotes":""},"categories":[9,132],"tags":[],"class_list":["post-131172","post","type-post","status-publish","format-standard","has-post-thumbnail","hentry","category-news","category-news-about-the-missions"],"featured_image_src":"https:\/\/www.missoeshumanitarias.org\/wp-content\/uploads\/2021\/08\/roraima_missao_boavista_atividade_criancas_12_2017.jpg","author_info":{"display_name":"maducato_admin","author_link":"https:\/\/www.missoeshumanitarias.org\/en\/author\/maducato_admin\/"},"yoast_head":"<!-- This site is optimized with the Yoast SEO Premium plugin v22.5 (Yoast SEO v22.5) - https:\/\/yoast.com\/wordpress\/plugins\/seo\/ -->\n<title>Humanitarian Roraima Mission in Boa Vista \u2013 New Year\u2019s in the Shelter - Fraternidade Miss\u00f5es Humanit\u00e1rias Internacionais<\/title>\n<meta name=\"robots\" content=\"index, follow, max-snippet:-1, max-image-preview:large, max-video-preview:-1\" \/>\n<link rel=\"canonical\" href=\"https:\/\/www.missoeshumanitarias.org\/en\/humanitarian-roraima-mission-in-boa-vista-new-years-in-the-shelter\/\" \/>\n<meta property=\"og:locale\" content=\"en_US\" \/>\n<meta property=\"og:type\" content=\"article\" \/>\n<meta property=\"og:title\" content=\"Humanitarian Roraima Mission in Boa Vista \u2013 New Year\u2019s in the Shelter\" \/>\n<meta property=\"og:description\" content=\"December 28 to 31, Thursday to Sunday Dec 28, Thursday Missionaries of Fraternidade \u2013 International Humanitarian Federation \u2013 visited the tents of the Center of Reference for the Immigrant (CRI). They found an apparently three year-old baby with symptoms of diarrhea. Artisans of the shelter are not attending the meetings for the making of the [&hellip;]\" \/>\n<meta property=\"og:url\" content=\"https:\/\/www.missoeshumanitarias.org\/en\/humanitarian-roraima-mission-in-boa-vista-new-years-in-the-shelter\/\" \/>\n<meta property=\"og:site_name\" content=\"Fraternidade Miss\u00f5es Humanit\u00e1rias Internacionais\" \/>\n<meta property=\"article:published_time\" content=\"2018-02-01T23:35:42+00:00\" \/>\n<meta property=\"og:image\" content=\"https:\/\/www.missoeshumanitarias.org\/wp-content\/uploads\/2021\/08\/roraima_missao_boavista_atividade_criancas_12_2017.jpg\" \/>\n\t<meta property=\"og:image:width\" content=\"690\" \/>\n\t<meta property=\"og:image:height\" content=\"388\" \/>\n\t<meta property=\"og:image:type\" content=\"image\/jpeg\" \/>\n<meta name=\"author\" content=\"maducato_admin\" \/>\n<meta name=\"twitter:card\" content=\"summary_large_image\" \/>\n<meta name=\"twitter:label1\" content=\"Written by\" \/>\n\t<meta name=\"twitter:data1\" content=\"maducato_admin\" \/>\n\t<meta name=\"twitter:label2\" content=\"Est. reading time\" \/>\n\t<meta name=\"twitter:data2\" content=\"3 minutes\" \/>\n<script type=\"application\/ld+json\" class=\"yoast-schema-graph\">{\"@context\":\"https:\/\/schema.org\",\"@graph\":[{\"@type\":\"Article\",\"@id\":\"https:\/\/www.missoeshumanitarias.org\/en\/humanitarian-roraima-mission-in-boa-vista-new-years-in-the-shelter\/#article\",\"isPartOf\":{\"@id\":\"https:\/\/www.missoeshumanitarias.org\/en\/humanitarian-roraima-mission-in-boa-vista-new-years-in-the-shelter\/\"},\"author\":{\"name\":\"maducato_admin\",\"@id\":\"https:\/\/www.missoeshumanitarias.org\/es\/#\/schema\/person\/e0f8527323154d1eba9f9d9eb6b401f7\"},\"headline\":\"Humanitarian Roraima Mission in Boa Vista \u2013 New Year\u2019s in the Shelter\",\"datePublished\":\"2018-02-01T23:35:42+00:00\",\"dateModified\":\"2018-02-01T23:35:42+00:00\",\"mainEntityOfPage\":{\"@id\":\"https:\/\/www.missoeshumanitarias.org\/en\/humanitarian-roraima-mission-in-boa-vista-new-years-in-the-shelter\/\"},\"wordCount\":633,\"commentCount\":0,\"publisher\":{\"@id\":\"https:\/\/www.missoeshumanitarias.org\/es\/#organization\"},\"image\":{\"@id\":\"https:\/\/www.missoeshumanitarias.org\/en\/humanitarian-roraima-mission-in-boa-vista-new-years-in-the-shelter\/#primaryimage\"},\"thumbnailUrl\":\"https:\/\/www.missoeshumanitarias.org\/wp-content\/uploads\/2021\/08\/roraima_missao_boavista_atividade_criancas_12_2017.jpg\",\"articleSection\":[\"News\",\"News about the Missions\"],\"inLanguage\":\"en-US\",\"potentialAction\":[{\"@type\":\"CommentAction\",\"name\":\"Comment\",\"target\":[\"https:\/\/www.missoeshumanitarias.org\/en\/humanitarian-roraima-mission-in-boa-vista-new-years-in-the-shelter\/#respond\"]}]},{\"@type\":\"WebPage\",\"@id\":\"https:\/\/www.missoeshumanitarias.org\/en\/humanitarian-roraima-mission-in-boa-vista-new-years-in-the-shelter\/\",\"url\":\"https:\/\/www.missoeshumanitarias.org\/en\/humanitarian-roraima-mission-in-boa-vista-new-years-in-the-shelter\/\",\"name\":\"Humanitarian Roraima Mission in Boa Vista \u2013 New Year\u2019s in the Shelter - Fraternidade Miss\u00f5es Humanit\u00e1rias Internacionais\",\"isPartOf\":{\"@id\":\"https:\/\/www.missoeshumanitarias.org\/es\/#website\"},\"primaryImageOfPage\":{\"@id\":\"https:\/\/www.missoeshumanitarias.org\/en\/humanitarian-roraima-mission-in-boa-vista-new-years-in-the-shelter\/#primaryimage\"},\"image\":{\"@id\":\"https:\/\/www.missoeshumanitarias.org\/en\/humanitarian-roraima-mission-in-boa-vista-new-years-in-the-shelter\/#primaryimage\"},\"thumbnailUrl\":\"https:\/\/www.missoeshumanitarias.org\/wp-content\/uploads\/2021\/08\/roraima_missao_boavista_atividade_criancas_12_2017.jpg\",\"datePublished\":\"2018-02-01T23:35:42+00:00\",\"dateModified\":\"2018-02-01T23:35:42+00:00\",\"breadcrumb\":{\"@id\":\"https:\/\/www.missoeshumanitarias.org\/en\/humanitarian-roraima-mission-in-boa-vista-new-years-in-the-shelter\/#breadcrumb\"},\"inLanguage\":\"en-US\",\"potentialAction\":[{\"@type\":\"ReadAction\",\"target\":[\"https:\/\/www.missoeshumanitarias.org\/en\/humanitarian-roraima-mission-in-boa-vista-new-years-in-the-shelter\/\"]}]},{\"@type\":\"ImageObject\",\"inLanguage\":\"en-US\",\"@id\":\"https:\/\/www.missoeshumanitarias.org\/en\/humanitarian-roraima-mission-in-boa-vista-new-years-in-the-shelter\/#primaryimage\",\"url\":\"https:\/\/www.missoeshumanitarias.org\/wp-content\/uploads\/2021\/08\/roraima_missao_boavista_atividade_criancas_12_2017.jpg\",\"contentUrl\":\"https:\/\/www.missoeshumanitarias.org\/wp-content\/uploads\/2021\/08\/roraima_missao_boavista_atividade_criancas_12_2017.jpg\",\"width\":690,\"height\":388},{\"@type\":\"BreadcrumbList\",\"@id\":\"https:\/\/www.missoeshumanitarias.org\/en\/humanitarian-roraima-mission-in-boa-vista-new-years-in-the-shelter\/#breadcrumb\",\"itemListElement\":[{\"@type\":\"ListItem\",\"position\":1,\"name\":\"Home\",\"item\":\"https:\/\/www.missoeshumanitarias.org\/en\/\"},{\"@type\":\"ListItem\",\"position\":2,\"name\":\"Humanitarian Roraima Mission in Boa Vista \u2013 New Year\u2019s in the Shelter\"}]},{\"@type\":\"WebSite\",\"@id\":\"https:\/\/www.missoeshumanitarias.org\/es\/#website\",\"url\":\"https:\/\/www.missoeshumanitarias.org\/es\/\",\"name\":\"Fraternidade Miss\u00f5es Humanit\u00e1rias Internacionais\",\"description\":\"Respostas Humanit\u00e1rias e Emerg\u00eancias\",\"publisher\":{\"@id\":\"https:\/\/www.missoeshumanitarias.org\/es\/#organization\"},\"potentialAction\":[{\"@type\":\"SearchAction\",\"target\":{\"@type\":\"EntryPoint\",\"urlTemplate\":\"https:\/\/www.missoeshumanitarias.org\/es\/?s={search_term_string}\"},\"query-input\":\"required name=search_term_string\"}],\"inLanguage\":\"en-US\"},{\"@type\":\"Organization\",\"@id\":\"https:\/\/www.missoeshumanitarias.org\/es\/#organization\",\"name\":\"Fraternidade - Miss\u00f5es Humanit\u00e1rias Internacionais\",\"url\":\"https:\/\/www.missoeshumanitarias.org\/es\/\",\"logo\":{\"@type\":\"ImageObject\",\"inLanguage\":\"en-US\",\"@id\":\"https:\/\/www.missoeshumanitarias.org\/es\/#\/schema\/logo\/image\/\",\"url\":\"https:\/\/www.missoeshumanitarias.org\/wp-content\/uploads\/2020\/05\/logo-FMHI-mg.png\",\"contentUrl\":\"https:\/\/www.missoeshumanitarias.org\/wp-content\/uploads\/2020\/05\/logo-FMHI-mg.png\",\"width\":520,\"height\":134,\"caption\":\"Fraternidade - Miss\u00f5es Humanit\u00e1rias Internacionais\"},\"image\":{\"@id\":\"https:\/\/www.missoeshumanitarias.org\/es\/#\/schema\/logo\/image\/\"}},{\"@type\":\"Person\",\"@id\":\"https:\/\/www.missoeshumanitarias.org\/es\/#\/schema\/person\/e0f8527323154d1eba9f9d9eb6b401f7\",\"name\":\"maducato_admin\",\"image\":{\"@type\":\"ImageObject\",\"inLanguage\":\"en-US\",\"@id\":\"https:\/\/www.missoeshumanitarias.org\/es\/#\/schema\/person\/image\/\",\"url\":\"https:\/\/secure.gravatar.com\/avatar\/6c3b45186a8f5a459d8e14c7fca370bceae92402bc06171d75e4e559b6c24393?s=96&d=mm&r=g\",\"contentUrl\":\"https:\/\/secure.gravatar.com\/avatar\/6c3b45186a8f5a459d8e14c7fca370bceae92402bc06171d75e4e559b6c24393?s=96&d=mm&r=g\",\"caption\":\"maducato_admin\"}}]}<\/script>\n<!-- \/ Yoast SEO Premium plugin. -->","yoast_head_json":{"title":"Humanitarian Roraima Mission in Boa Vista \u2013 New Year\u2019s in the Shelter - Fraternidade Miss\u00f5es Humanit\u00e1rias Internacionais","robots":{"index":"index","follow":"follow","max-snippet":"max-snippet:-1","max-image-preview":"max-image-preview:large","max-video-preview":"max-video-preview:-1"},"canonical":"https:\/\/www.missoeshumanitarias.org\/en\/humanitarian-roraima-mission-in-boa-vista-new-years-in-the-shelter\/","og_locale":"en_US","og_type":"article","og_title":"Humanitarian Roraima Mission in Boa Vista \u2013 New Year\u2019s in the Shelter","og_description":"December 28 to 31, Thursday to Sunday Dec 28, Thursday Missionaries of Fraternidade \u2013 International Humanitarian Federation \u2013 visited the tents of the Center of Reference for the Immigrant (CRI). They found an apparently three year-old baby with symptoms of diarrhea. Artisans of the shelter are not attending the meetings for the making of the [&hellip;]","og_url":"https:\/\/www.missoeshumanitarias.org\/en\/humanitarian-roraima-mission-in-boa-vista-new-years-in-the-shelter\/","og_site_name":"Fraternidade Miss\u00f5es Humanit\u00e1rias Internacionais","article_published_time":"2018-02-01T23:35:42+00:00","og_image":[{"width":690,"height":388,"url":"https:\/\/www.missoeshumanitarias.org\/wp-content\/uploads\/2021\/08\/roraima_missao_boavista_atividade_criancas_12_2017.jpg","type":"image\/jpeg"}],"author":"maducato_admin","twitter_card":"summary_large_image","twitter_misc":{"Written by":"maducato_admin","Est. reading time":"3 minutes"},"schema":{"@context":"https:\/\/schema.org","@graph":[{"@type":"Article","@id":"https:\/\/www.missoeshumanitarias.org\/en\/humanitarian-roraima-mission-in-boa-vista-new-years-in-the-shelter\/#article","isPartOf":{"@id":"https:\/\/www.missoeshumanitarias.org\/en\/humanitarian-roraima-mission-in-boa-vista-new-years-in-the-shelter\/"},"author":{"name":"maducato_admin","@id":"https:\/\/www.missoeshumanitarias.org\/es\/#\/schema\/person\/e0f8527323154d1eba9f9d9eb6b401f7"},"headline":"Humanitarian Roraima Mission in Boa Vista \u2013 New Year\u2019s in the Shelter","datePublished":"2018-02-01T23:35:42+00:00","dateModified":"2018-02-01T23:35:42+00:00","mainEntityOfPage":{"@id":"https:\/\/www.missoeshumanitarias.org\/en\/humanitarian-roraima-mission-in-boa-vista-new-years-in-the-shelter\/"},"wordCount":633,"commentCount":0,"publisher":{"@id":"https:\/\/www.missoeshumanitarias.org\/es\/#organization"},"image":{"@id":"https:\/\/www.missoeshumanitarias.org\/en\/humanitarian-roraima-mission-in-boa-vista-new-years-in-the-shelter\/#primaryimage"},"thumbnailUrl":"https:\/\/www.missoeshumanitarias.org\/wp-content\/uploads\/2021\/08\/roraima_missao_boavista_atividade_criancas_12_2017.jpg","articleSection":["News","News about the Missions"],"inLanguage":"en-US","potentialAction":[{"@type":"CommentAction","name":"Comment","target":["https:\/\/www.missoeshumanitarias.org\/en\/humanitarian-roraima-mission-in-boa-vista-new-years-in-the-shelter\/#respond"]}]},{"@type":"WebPage","@id":"https:\/\/www.missoeshumanitarias.org\/en\/humanitarian-roraima-mission-in-boa-vista-new-years-in-the-shelter\/","url":"https:\/\/www.missoeshumanitarias.org\/en\/humanitarian-roraima-mission-in-boa-vista-new-years-in-the-shelter\/","name":"Humanitarian Roraima Mission in Boa Vista \u2013 New Year\u2019s in the Shelter - Fraternidade Miss\u00f5es Humanit\u00e1rias Internacionais","isPartOf":{"@id":"https:\/\/www.missoeshumanitarias.org\/es\/#website"},"primaryImageOfPage":{"@id":"https:\/\/www.missoeshumanitarias.org\/en\/humanitarian-roraima-mission-in-boa-vista-new-years-in-the-shelter\/#primaryimage"},"image":{"@id":"https:\/\/www.missoeshumanitarias.org\/en\/humanitarian-roraima-mission-in-boa-vista-new-years-in-the-shelter\/#primaryimage"},"thumbnailUrl":"https:\/\/www.missoeshumanitarias.org\/wp-content\/uploads\/2021\/08\/roraima_missao_boavista_atividade_criancas_12_2017.jpg","datePublished":"2018-02-01T23:35:42+00:00","dateModified":"2018-02-01T23:35:42+00:00","breadcrumb":{"@id":"https:\/\/www.missoeshumanitarias.org\/en\/humanitarian-roraima-mission-in-boa-vista-new-years-in-the-shelter\/#breadcrumb"},"inLanguage":"en-US","potentialAction":[{"@type":"ReadAction","target":["https:\/\/www.missoeshumanitarias.org\/en\/humanitarian-roraima-mission-in-boa-vista-new-years-in-the-shelter\/"]}]},{"@type":"ImageObject","inLanguage":"en-US","@id":"https:\/\/www.missoeshumanitarias.org\/en\/humanitarian-roraima-mission-in-boa-vista-new-years-in-the-shelter\/#primaryimage","url":"https:\/\/www.missoeshumanitarias.org\/wp-content\/uploads\/2021\/08\/roraima_missao_boavista_atividade_criancas_12_2017.jpg","contentUrl":"https:\/\/www.missoeshumanitarias.org\/wp-content\/uploads\/2021\/08\/roraima_missao_boavista_atividade_criancas_12_2017.jpg","width":690,"height":388},{"@type":"BreadcrumbList","@id":"https:\/\/www.missoeshumanitarias.org\/en\/humanitarian-roraima-mission-in-boa-vista-new-years-in-the-shelter\/#breadcrumb","itemListElement":[{"@type":"ListItem","position":1,"name":"Home","item":"https:\/\/www.missoeshumanitarias.org\/en\/"},{"@type":"ListItem","position":2,"name":"Humanitarian Roraima Mission in Boa Vista \u2013 New Year\u2019s in the Shelter"}]},{"@type":"WebSite","@id":"https:\/\/www.missoeshumanitarias.org\/es\/#website","url":"https:\/\/www.missoeshumanitarias.org\/es\/","name":"Fraternidade Miss\u00f5es Humanit\u00e1rias Internacionais","description":"Respostas Humanit\u00e1rias e Emerg\u00eancias","publisher":{"@id":"https:\/\/www.missoeshumanitarias.org\/es\/#organization"},"potentialAction":[{"@type":"SearchAction","target":{"@type":"EntryPoint","urlTemplate":"https:\/\/www.missoeshumanitarias.org\/es\/?s={search_term_string}"},"query-input":"required name=search_term_string"}],"inLanguage":"en-US"},{"@type":"Organization","@id":"https:\/\/www.missoeshumanitarias.org\/es\/#organization","name":"Fraternidade - Miss\u00f5es Humanit\u00e1rias Internacionais","url":"https:\/\/www.missoeshumanitarias.org\/es\/","logo":{"@type":"ImageObject","inLanguage":"en-US","@id":"https:\/\/www.missoeshumanitarias.org\/es\/#\/schema\/logo\/image\/","url":"https:\/\/www.missoeshumanitarias.org\/wp-content\/uploads\/2020\/05\/logo-FMHI-mg.png","contentUrl":"https:\/\/www.missoeshumanitarias.org\/wp-content\/uploads\/2020\/05\/logo-FMHI-mg.png","width":520,"height":134,"caption":"Fraternidade - Miss\u00f5es Humanit\u00e1rias Internacionais"},"image":{"@id":"https:\/\/www.missoeshumanitarias.org\/es\/#\/schema\/logo\/image\/"}},{"@type":"Person","@id":"https:\/\/www.missoeshumanitarias.org\/es\/#\/schema\/person\/e0f8527323154d1eba9f9d9eb6b401f7","name":"maducato_admin","image":{"@type":"ImageObject","inLanguage":"en-US","@id":"https:\/\/www.missoeshumanitarias.org\/es\/#\/schema\/person\/image\/","url":"https:\/\/secure.gravatar.com\/avatar\/6c3b45186a8f5a459d8e14c7fca370bceae92402bc06171d75e4e559b6c24393?s=96&d=mm&r=g","contentUrl":"https:\/\/secure.gravatar.com\/avatar\/6c3b45186a8f5a459d8e14c7fca370bceae92402bc06171d75e4e559b6c24393?s=96&d=mm&r=g","caption":"maducato_admin"}}]}},"_links":{"self":[{"href":"https:\/\/www.missoeshumanitarias.org\/en\/wp-json\/wp\/v2\/posts\/131172","targetHints":{"allow":["GET"]}}],"collection":[{"href":"https:\/\/www.missoeshumanitarias.org\/en\/wp-json\/wp\/v2\/posts"}],"about":[{"href":"https:\/\/www.missoeshumanitarias.org\/en\/wp-json\/wp\/v2\/types\/post"}],"author":[{"embeddable":true,"href":"https:\/\/www.missoeshumanitarias.org\/en\/wp-json\/wp\/v2\/users\/1"}],"replies":[{"embeddable":true,"href":"https:\/\/www.missoeshumanitarias.org\/en\/wp-json\/wp\/v2\/comments?post=131172"}],"version-history":[{"count":0,"href":"https:\/\/www.missoeshumanitarias.org\/en\/wp-json\/wp\/v2\/posts\/131172\/revisions"}],"wp:featuredmedia":[{"embeddable":true,"href":"https:\/\/www.missoeshumanitarias.org\/en\/wp-json\/wp\/v2\/media\/126940"}],"wp:attachment":[{"href":"https:\/\/www.missoeshumanitarias.org\/en\/wp-json\/wp\/v2\/media?parent=131172"}],"wp:term":[{"taxonomy":"category","embeddable":true,"href":"https:\/\/www.missoeshumanitarias.org\/en\/wp-json\/wp\/v2\/categories?post=131172"},{"taxonomy":"post_tag","embeddable":true,"href":"https:\/\/www.missoeshumanitarias.org\/en\/wp-json\/wp\/v2\/tags?post=131172"}],"curies":[{"name":"wp","href":"https:\/\/api.w.org\/{rel}","templated":true}]}}