{"id":131260,"date":"2019-04-13T00:00:00","date_gmt":"2019-04-13T03:00:00","guid":{"rendered":"https:\/\/www.missoeshumanitarias.org\/a-saturday-with-the-mission-carmo-da-cachoeira\/"},"modified":"2021-09-16T07:07:43","modified_gmt":"2021-09-16T10:07:43","slug":"a-saturday-with-the-mission-carmo-da-cachoeira","status":"publish","type":"post","link":"https:\/\/www.missoeshumanitarias.org\/en\/a-saturday-with-the-mission-carmo-da-cachoeira\/","title":{"rendered":"A Saturday with the Mission Carmo da Cachoeira"},"content":{"rendered":"<p style=\"text-align: justify;\"><a href=\"https:\/\/www.fraterinternacional.org\/wp-content\/uploads\/2019\/04\/SITE_FFHI_Desktop-galpaomisionarios1.jpg\"><img fetchpriority=\"high\" decoding=\"async\" class=\"size-medium wp-image-99399 alignright\" src=\"https:\/\/www.missoeshumanitarias.org\/wp-content\/uploads\/2021\/08\/SITE_FFHI_Desktop-galpaomisionarios1-300x169-1.jpg\" alt=\"\" width=\"300\" height=\"169\" \/><\/a><\/p>\n<p>The last Saturday, March 30, the Carmo da Cachoeira\u00a0permanent Mission, of the\u00a0<b>Fraternidade &#8211; Federation Humanitarian Internacional<\/b>, attended to 26 families, which resulted in a total of 50 people that benefited from the contributions to that organization. The mission is developed in the city of the same name, in the state of Mines Gerais, Brazil.<\/p>\n<p style=\"text-align: justify;\">&#8220;This work is formally carried out on Saturdays, an activity that it could be said was started in 2014, attending to the needs of the population&#8221;, comments Mariandja, the current coordinator of this mission, who then added: &#8220;we attend to the physical needs, we provide clothing for women, men, babies, books, furniture, etc. If what they need is not immediately available, such as for example a specific piece of furniture, the volunteer attending to the family writes down their information and this request is registered so that later we can try and fill it.&#8221;<\/p>\n<p style=\"text-align: justify;\"><strong>Saturday, intense and pleasing<\/strong><\/p>\n<p style=\"text-align: justify;\"><a href=\"https:\/\/www.fraterinternacional.org\/wp-content\/uploads\/2019\/04\/SITE_FFHI_Desktop-galpao.jpg\"><img decoding=\"async\" class=\"alignleft size-medium wp-image-99402\" src=\"https:\/\/www.missoeshumanitarias.org\/wp-content\/uploads\/2021\/08\/SITE_FFHI_Desktop-galpao-169x300-1.jpg\" alt=\"\" width=\"169\" height=\"300\" \/><\/a>The time with each family, each person is important; they are attended to in a prudent amount of time that allows us to take into account who we are helping and who stays in line, waiting for their turn. People are given a limited number of things and are treated with respect, while at the same time, being instilled with respect for others, an opportunity of wellbeing for everybody, the cooperation of everybody, so necessary in making the process flexible and effective.<\/p>\n<p style=\"text-align: justify;\">\n<p style=\"text-align: justify;\">Com essa organiza\u00e7\u00e3o e grande disposi\u00e7\u00e3o, d\u00e3o abertura ao dia que transcorre entre uma fam\u00edlia e outra, entre uma pessoa e outra, com as car\u00eancias materiais de todos e esse olhar dos mission\u00e1rios, percebendo o que h\u00e1 por tr\u00e1s dessas necessidades e entregando o melhor de si, mais al\u00e9m do material.<\/p>\n<p style=\"text-align: justify;\">&#8220;Um s\u00e1bado intenso e grato&#8221; definiu um mission\u00e1rio ao finalizar essa jornada.<\/p>\n<p style=\"text-align: justify;\"><b>Expressando valores<\/b><\/p>\n<p style=\"text-align: justify;\"><a href=\"https:\/\/www.fraterinternacional.org\/wp-content\/uploads\/2019\/04\/SITE_FFHI_Desktop-galpao2.jpg\"><img decoding=\"async\" class=\"size-medium wp-image-99405 alignright\" src=\"https:\/\/www.missoeshumanitarias.org\/wp-content\/uploads\/2021\/08\/SITE_FFHI_Desktop-galpao2-300x169-1.jpg\" alt=\"\" width=\"300\" height=\"169\" \/><\/a>O tempo com cada fam\u00edlia, cada pessoa \u00e9 importante; s\u00e3o atendidas em um tempo considerado adequado, que permita levar em conta quem se est\u00e1 ajudando e quem permanece na fila, \u00e0 espera de sua vez. \u00c0s pessoas s\u00e3o entregues um limite de pe\u00e7as e s\u00e3o tratadas com\u00a0<i>respeito\u00a0<\/i>ao mesmo tempo que se lhes transmite o\u00a0<i>respeito<\/i>\u00a0ao pr\u00f3ximo, a oportunidade de bem-estar para todos, a coopera\u00e7\u00e3o de todos, t\u00e3o necess\u00e1ria para que o processo seja \u00e1gil e efetivo.<\/p>\n<p style=\"text-align: justify;\"><b>Projetos<\/b><\/p>\n<p style=\"text-align: justify;\">Segundo relata Mariandja, o primeiro servi\u00e7o do Galp\u00e3o de S\u00e3o Jos\u00e9 foi a fabrica\u00e7\u00e3o de tijolos e isso est\u00e1 nos planos de ser retomado, assim como fabricar brinquedos, realizar cursos de costura e facilitar a aprendizagem de trabalhos que ajudem, em sua execu\u00e7\u00e3o, o sustento de fam\u00edlias.<\/p>\n<p style=\"text-align: justify;\">As crian\u00e7as seguem sendo uma prioridade, e por isso est\u00e1 previsto abrir espa\u00e7os de aprendizagem e recrea\u00e7\u00e3o, como as sess\u00f5es de pintura.<\/p>\n<p style=\"text-align: justify;\"><b>Campanha de abrigo, um inverno mais feliz<\/b><\/p>\n<p style=\"text-align: justify;\">Os meses de frio se aproximam e como uma iniciativa de cada ano, nesta temporada, os mission\u00e1rios do Galp\u00e3o de S\u00e3o Jos\u00e9 empreendem uma campanha para coletar roupa e tudo o que se refere a abrigos, com a finalidade de que os mais necessitados da cidade possam passar um inverno mais quente.<\/p>\n<p style=\"text-align: justify;\">Dessa maneira, cada um \u00e9 convidado a que abra seu arm\u00e1rio e com o cora\u00e7\u00e3o revise e decida doar ao menos uma pe\u00e7a. Assim proporcionar\u00e1 um inverno feliz para todos, tanto para quem recebe como para quem doa.<\/p>\n<p style=\"text-align: justify;\">Solicitam-se: cobertores, edredons, len\u00e7\u00f3is, cachecol, gorros, minhoc\u00f5es, su\u00e9teres, mantas, toalhas&#8230; e tudo aquilo que possa propiciar um bom agasalhamento.<\/p>\n<p>Para mais informa\u00e7\u00e3o contate-nos atrav\u00e9s de:<\/p>\n<p><span style=\"color: #6badde;\">secretaria@fraterinternacional.org<\/span><\/p>\n<p>+ 55 (35) 99914-1200<\/p>\n","protected":false},"excerpt":{"rendered":"<p>The last Saturday, March 30, the Carmo da Cachoeira\u00a0permanent Mission, of the\u00a0Fraternidade &#8211; Federation Humanitarian Internacional, attended to 26 families, which resulted in a total of 50 people that benefited from the contributions to that organization. The mission is developed in the city of the same name, in the state of Mines Gerais, Brazil. &#8220;This [&hellip;]<\/p>\n","protected":false},"author":1,"featured_media":128576,"comment_status":"open","ping_status":"open","sticky":false,"template":"","format":"standard","meta":{"footnotes":""},"categories":[9,132],"tags":[],"class_list":["post-131260","post","type-post","status-publish","format-standard","has-post-thumbnail","hentry","category-news","category-news-about-the-missions"],"featured_image_src":"https:\/\/www.missoeshumanitarias.org\/wp-content\/uploads\/2021\/08\/SITE_FFHI_Desktop-galpaomisionarios1.jpg","author_info":{"display_name":"maducato_admin","author_link":"https:\/\/www.missoeshumanitarias.org\/en\/author\/maducato_admin\/"},"yoast_head":"<!-- This site is optimized with the Yoast SEO Premium plugin v22.5 (Yoast SEO v22.5) - https:\/\/yoast.com\/wordpress\/plugins\/seo\/ -->\n<title>A Saturday with the Mission Carmo da Cachoeira - Fraternidade Miss\u00f5es Humanit\u00e1rias Internacionais<\/title>\n<meta name=\"robots\" content=\"index, follow, max-snippet:-1, max-image-preview:large, max-video-preview:-1\" \/>\n<link rel=\"canonical\" href=\"https:\/\/www.missoeshumanitarias.org\/en\/a-saturday-with-the-mission-carmo-da-cachoeira\/\" \/>\n<meta property=\"og:locale\" content=\"en_US\" \/>\n<meta property=\"og:type\" content=\"article\" \/>\n<meta property=\"og:title\" content=\"A Saturday with the Mission Carmo da Cachoeira\" \/>\n<meta property=\"og:description\" content=\"The last Saturday, March 30, the Carmo da Cachoeira\u00a0permanent Mission, of the\u00a0Fraternidade &#8211; Federation Humanitarian Internacional, attended to 26 families, which resulted in a total of 50 people that benefited from the contributions to that organization. The mission is developed in the city of the same name, in the state of Mines Gerais, Brazil. &#8220;This [&hellip;]\" \/>\n<meta property=\"og:url\" content=\"https:\/\/www.missoeshumanitarias.org\/en\/a-saturday-with-the-mission-carmo-da-cachoeira\/\" \/>\n<meta property=\"og:site_name\" content=\"Fraternidade Miss\u00f5es Humanit\u00e1rias Internacionais\" \/>\n<meta property=\"article:published_time\" content=\"2019-04-13T03:00:00+00:00\" \/>\n<meta property=\"article:modified_time\" content=\"2021-09-16T10:07:43+00:00\" \/>\n<meta property=\"og:image\" content=\"https:\/\/www.missoeshumanitarias.org\/wp-content\/uploads\/2021\/08\/SITE_FFHI_Desktop-galpaomisionarios1.jpg\" \/>\n\t<meta property=\"og:image:width\" content=\"690\" \/>\n\t<meta property=\"og:image:height\" content=\"388\" \/>\n\t<meta property=\"og:image:type\" content=\"image\/jpeg\" \/>\n<meta name=\"author\" content=\"maducato_admin\" \/>\n<meta name=\"twitter:card\" content=\"summary_large_image\" \/>\n<meta name=\"twitter:label1\" content=\"Written by\" \/>\n\t<meta name=\"twitter:data1\" content=\"maducato_admin\" \/>\n\t<meta name=\"twitter:label2\" content=\"Est. reading time\" \/>\n\t<meta name=\"twitter:data2\" content=\"3 minutes\" \/>\n<script type=\"application\/ld+json\" class=\"yoast-schema-graph\">{\"@context\":\"https:\/\/schema.org\",\"@graph\":[{\"@type\":\"Article\",\"@id\":\"https:\/\/www.missoeshumanitarias.org\/en\/a-saturday-with-the-mission-carmo-da-cachoeira\/#article\",\"isPartOf\":{\"@id\":\"https:\/\/www.missoeshumanitarias.org\/en\/a-saturday-with-the-mission-carmo-da-cachoeira\/\"},\"author\":{\"name\":\"maducato_admin\",\"@id\":\"https:\/\/www.missoeshumanitarias.org\/es\/#\/schema\/person\/e0f8527323154d1eba9f9d9eb6b401f7\"},\"headline\":\"A Saturday with the Mission Carmo da Cachoeira\",\"datePublished\":\"2019-04-13T03:00:00+00:00\",\"dateModified\":\"2021-09-16T10:07:43+00:00\",\"mainEntityOfPage\":{\"@id\":\"https:\/\/www.missoeshumanitarias.org\/en\/a-saturday-with-the-mission-carmo-da-cachoeira\/\"},\"wordCount\":617,\"commentCount\":0,\"publisher\":{\"@id\":\"https:\/\/www.missoeshumanitarias.org\/es\/#organization\"},\"image\":{\"@id\":\"https:\/\/www.missoeshumanitarias.org\/en\/a-saturday-with-the-mission-carmo-da-cachoeira\/#primaryimage\"},\"thumbnailUrl\":\"https:\/\/www.missoeshumanitarias.org\/wp-content\/uploads\/2021\/08\/SITE_FFHI_Desktop-galpaomisionarios1.jpg\",\"articleSection\":[\"News\",\"News about the Missions\"],\"inLanguage\":\"en-US\",\"potentialAction\":[{\"@type\":\"CommentAction\",\"name\":\"Comment\",\"target\":[\"https:\/\/www.missoeshumanitarias.org\/en\/a-saturday-with-the-mission-carmo-da-cachoeira\/#respond\"]}]},{\"@type\":\"WebPage\",\"@id\":\"https:\/\/www.missoeshumanitarias.org\/en\/a-saturday-with-the-mission-carmo-da-cachoeira\/\",\"url\":\"https:\/\/www.missoeshumanitarias.org\/en\/a-saturday-with-the-mission-carmo-da-cachoeira\/\",\"name\":\"A Saturday with the Mission Carmo da Cachoeira - Fraternidade Miss\u00f5es Humanit\u00e1rias Internacionais\",\"isPartOf\":{\"@id\":\"https:\/\/www.missoeshumanitarias.org\/es\/#website\"},\"primaryImageOfPage\":{\"@id\":\"https:\/\/www.missoeshumanitarias.org\/en\/a-saturday-with-the-mission-carmo-da-cachoeira\/#primaryimage\"},\"image\":{\"@id\":\"https:\/\/www.missoeshumanitarias.org\/en\/a-saturday-with-the-mission-carmo-da-cachoeira\/#primaryimage\"},\"thumbnailUrl\":\"https:\/\/www.missoeshumanitarias.org\/wp-content\/uploads\/2021\/08\/SITE_FFHI_Desktop-galpaomisionarios1.jpg\",\"datePublished\":\"2019-04-13T03:00:00+00:00\",\"dateModified\":\"2021-09-16T10:07:43+00:00\",\"breadcrumb\":{\"@id\":\"https:\/\/www.missoeshumanitarias.org\/en\/a-saturday-with-the-mission-carmo-da-cachoeira\/#breadcrumb\"},\"inLanguage\":\"en-US\",\"potentialAction\":[{\"@type\":\"ReadAction\",\"target\":[\"https:\/\/www.missoeshumanitarias.org\/en\/a-saturday-with-the-mission-carmo-da-cachoeira\/\"]}]},{\"@type\":\"ImageObject\",\"inLanguage\":\"en-US\",\"@id\":\"https:\/\/www.missoeshumanitarias.org\/en\/a-saturday-with-the-mission-carmo-da-cachoeira\/#primaryimage\",\"url\":\"https:\/\/www.missoeshumanitarias.org\/wp-content\/uploads\/2021\/08\/SITE_FFHI_Desktop-galpaomisionarios1.jpg\",\"contentUrl\":\"https:\/\/www.missoeshumanitarias.org\/wp-content\/uploads\/2021\/08\/SITE_FFHI_Desktop-galpaomisionarios1.jpg\",\"width\":690,\"height\":388},{\"@type\":\"BreadcrumbList\",\"@id\":\"https:\/\/www.missoeshumanitarias.org\/en\/a-saturday-with-the-mission-carmo-da-cachoeira\/#breadcrumb\",\"itemListElement\":[{\"@type\":\"ListItem\",\"position\":1,\"name\":\"Home\",\"item\":\"https:\/\/www.missoeshumanitarias.org\/en\/\"},{\"@type\":\"ListItem\",\"position\":2,\"name\":\"A Saturday with the Mission Carmo da Cachoeira\"}]},{\"@type\":\"WebSite\",\"@id\":\"https:\/\/www.missoeshumanitarias.org\/es\/#website\",\"url\":\"https:\/\/www.missoeshumanitarias.org\/es\/\",\"name\":\"Fraternidade Miss\u00f5es Humanit\u00e1rias Internacionais\",\"description\":\"Respostas Humanit\u00e1rias e Emerg\u00eancias\",\"publisher\":{\"@id\":\"https:\/\/www.missoeshumanitarias.org\/es\/#organization\"},\"potentialAction\":[{\"@type\":\"SearchAction\",\"target\":{\"@type\":\"EntryPoint\",\"urlTemplate\":\"https:\/\/www.missoeshumanitarias.org\/es\/?s={search_term_string}\"},\"query-input\":\"required name=search_term_string\"}],\"inLanguage\":\"en-US\"},{\"@type\":\"Organization\",\"@id\":\"https:\/\/www.missoeshumanitarias.org\/es\/#organization\",\"name\":\"Fraternidade - Miss\u00f5es Humanit\u00e1rias Internacionais\",\"url\":\"https:\/\/www.missoeshumanitarias.org\/es\/\",\"logo\":{\"@type\":\"ImageObject\",\"inLanguage\":\"en-US\",\"@id\":\"https:\/\/www.missoeshumanitarias.org\/es\/#\/schema\/logo\/image\/\",\"url\":\"https:\/\/www.missoeshumanitarias.org\/wp-content\/uploads\/2020\/05\/logo-FMHI-mg.png\",\"contentUrl\":\"https:\/\/www.missoeshumanitarias.org\/wp-content\/uploads\/2020\/05\/logo-FMHI-mg.png\",\"width\":520,\"height\":134,\"caption\":\"Fraternidade - Miss\u00f5es Humanit\u00e1rias Internacionais\"},\"image\":{\"@id\":\"https:\/\/www.missoeshumanitarias.org\/es\/#\/schema\/logo\/image\/\"}},{\"@type\":\"Person\",\"@id\":\"https:\/\/www.missoeshumanitarias.org\/es\/#\/schema\/person\/e0f8527323154d1eba9f9d9eb6b401f7\",\"name\":\"maducato_admin\",\"image\":{\"@type\":\"ImageObject\",\"inLanguage\":\"en-US\",\"@id\":\"https:\/\/www.missoeshumanitarias.org\/es\/#\/schema\/person\/image\/\",\"url\":\"https:\/\/secure.gravatar.com\/avatar\/6c3b45186a8f5a459d8e14c7fca370bceae92402bc06171d75e4e559b6c24393?s=96&d=mm&r=g\",\"contentUrl\":\"https:\/\/secure.gravatar.com\/avatar\/6c3b45186a8f5a459d8e14c7fca370bceae92402bc06171d75e4e559b6c24393?s=96&d=mm&r=g\",\"caption\":\"maducato_admin\"}}]}<\/script>\n<!-- \/ Yoast SEO Premium plugin. -->","yoast_head_json":{"title":"A Saturday with the Mission Carmo da Cachoeira - Fraternidade Miss\u00f5es Humanit\u00e1rias Internacionais","robots":{"index":"index","follow":"follow","max-snippet":"max-snippet:-1","max-image-preview":"max-image-preview:large","max-video-preview":"max-video-preview:-1"},"canonical":"https:\/\/www.missoeshumanitarias.org\/en\/a-saturday-with-the-mission-carmo-da-cachoeira\/","og_locale":"en_US","og_type":"article","og_title":"A Saturday with the Mission Carmo da Cachoeira","og_description":"The last Saturday, March 30, the Carmo da Cachoeira\u00a0permanent Mission, of the\u00a0Fraternidade &#8211; Federation Humanitarian Internacional, attended to 26 families, which resulted in a total of 50 people that benefited from the contributions to that organization. The mission is developed in the city of the same name, in the state of Mines Gerais, Brazil. &#8220;This [&hellip;]","og_url":"https:\/\/www.missoeshumanitarias.org\/en\/a-saturday-with-the-mission-carmo-da-cachoeira\/","og_site_name":"Fraternidade Miss\u00f5es Humanit\u00e1rias Internacionais","article_published_time":"2019-04-13T03:00:00+00:00","article_modified_time":"2021-09-16T10:07:43+00:00","og_image":[{"width":690,"height":388,"url":"https:\/\/www.missoeshumanitarias.org\/wp-content\/uploads\/2021\/08\/SITE_FFHI_Desktop-galpaomisionarios1.jpg","type":"image\/jpeg"}],"author":"maducato_admin","twitter_card":"summary_large_image","twitter_misc":{"Written by":"maducato_admin","Est. reading time":"3 minutes"},"schema":{"@context":"https:\/\/schema.org","@graph":[{"@type":"Article","@id":"https:\/\/www.missoeshumanitarias.org\/en\/a-saturday-with-the-mission-carmo-da-cachoeira\/#article","isPartOf":{"@id":"https:\/\/www.missoeshumanitarias.org\/en\/a-saturday-with-the-mission-carmo-da-cachoeira\/"},"author":{"name":"maducato_admin","@id":"https:\/\/www.missoeshumanitarias.org\/es\/#\/schema\/person\/e0f8527323154d1eba9f9d9eb6b401f7"},"headline":"A Saturday with the Mission Carmo da Cachoeira","datePublished":"2019-04-13T03:00:00+00:00","dateModified":"2021-09-16T10:07:43+00:00","mainEntityOfPage":{"@id":"https:\/\/www.missoeshumanitarias.org\/en\/a-saturday-with-the-mission-carmo-da-cachoeira\/"},"wordCount":617,"commentCount":0,"publisher":{"@id":"https:\/\/www.missoeshumanitarias.org\/es\/#organization"},"image":{"@id":"https:\/\/www.missoeshumanitarias.org\/en\/a-saturday-with-the-mission-carmo-da-cachoeira\/#primaryimage"},"thumbnailUrl":"https:\/\/www.missoeshumanitarias.org\/wp-content\/uploads\/2021\/08\/SITE_FFHI_Desktop-galpaomisionarios1.jpg","articleSection":["News","News about the Missions"],"inLanguage":"en-US","potentialAction":[{"@type":"CommentAction","name":"Comment","target":["https:\/\/www.missoeshumanitarias.org\/en\/a-saturday-with-the-mission-carmo-da-cachoeira\/#respond"]}]},{"@type":"WebPage","@id":"https:\/\/www.missoeshumanitarias.org\/en\/a-saturday-with-the-mission-carmo-da-cachoeira\/","url":"https:\/\/www.missoeshumanitarias.org\/en\/a-saturday-with-the-mission-carmo-da-cachoeira\/","name":"A Saturday with the Mission Carmo da Cachoeira - Fraternidade Miss\u00f5es Humanit\u00e1rias Internacionais","isPartOf":{"@id":"https:\/\/www.missoeshumanitarias.org\/es\/#website"},"primaryImageOfPage":{"@id":"https:\/\/www.missoeshumanitarias.org\/en\/a-saturday-with-the-mission-carmo-da-cachoeira\/#primaryimage"},"image":{"@id":"https:\/\/www.missoeshumanitarias.org\/en\/a-saturday-with-the-mission-carmo-da-cachoeira\/#primaryimage"},"thumbnailUrl":"https:\/\/www.missoeshumanitarias.org\/wp-content\/uploads\/2021\/08\/SITE_FFHI_Desktop-galpaomisionarios1.jpg","datePublished":"2019-04-13T03:00:00+00:00","dateModified":"2021-09-16T10:07:43+00:00","breadcrumb":{"@id":"https:\/\/www.missoeshumanitarias.org\/en\/a-saturday-with-the-mission-carmo-da-cachoeira\/#breadcrumb"},"inLanguage":"en-US","potentialAction":[{"@type":"ReadAction","target":["https:\/\/www.missoeshumanitarias.org\/en\/a-saturday-with-the-mission-carmo-da-cachoeira\/"]}]},{"@type":"ImageObject","inLanguage":"en-US","@id":"https:\/\/www.missoeshumanitarias.org\/en\/a-saturday-with-the-mission-carmo-da-cachoeira\/#primaryimage","url":"https:\/\/www.missoeshumanitarias.org\/wp-content\/uploads\/2021\/08\/SITE_FFHI_Desktop-galpaomisionarios1.jpg","contentUrl":"https:\/\/www.missoeshumanitarias.org\/wp-content\/uploads\/2021\/08\/SITE_FFHI_Desktop-galpaomisionarios1.jpg","width":690,"height":388},{"@type":"BreadcrumbList","@id":"https:\/\/www.missoeshumanitarias.org\/en\/a-saturday-with-the-mission-carmo-da-cachoeira\/#breadcrumb","itemListElement":[{"@type":"ListItem","position":1,"name":"Home","item":"https:\/\/www.missoeshumanitarias.org\/en\/"},{"@type":"ListItem","position":2,"name":"A Saturday with the Mission Carmo da Cachoeira"}]},{"@type":"WebSite","@id":"https:\/\/www.missoeshumanitarias.org\/es\/#website","url":"https:\/\/www.missoeshumanitarias.org\/es\/","name":"Fraternidade Miss\u00f5es Humanit\u00e1rias Internacionais","description":"Respostas Humanit\u00e1rias e Emerg\u00eancias","publisher":{"@id":"https:\/\/www.missoeshumanitarias.org\/es\/#organization"},"potentialAction":[{"@type":"SearchAction","target":{"@type":"EntryPoint","urlTemplate":"https:\/\/www.missoeshumanitarias.org\/es\/?s={search_term_string}"},"query-input":"required name=search_term_string"}],"inLanguage":"en-US"},{"@type":"Organization","@id":"https:\/\/www.missoeshumanitarias.org\/es\/#organization","name":"Fraternidade - Miss\u00f5es Humanit\u00e1rias Internacionais","url":"https:\/\/www.missoeshumanitarias.org\/es\/","logo":{"@type":"ImageObject","inLanguage":"en-US","@id":"https:\/\/www.missoeshumanitarias.org\/es\/#\/schema\/logo\/image\/","url":"https:\/\/www.missoeshumanitarias.org\/wp-content\/uploads\/2020\/05\/logo-FMHI-mg.png","contentUrl":"https:\/\/www.missoeshumanitarias.org\/wp-content\/uploads\/2020\/05\/logo-FMHI-mg.png","width":520,"height":134,"caption":"Fraternidade - Miss\u00f5es Humanit\u00e1rias Internacionais"},"image":{"@id":"https:\/\/www.missoeshumanitarias.org\/es\/#\/schema\/logo\/image\/"}},{"@type":"Person","@id":"https:\/\/www.missoeshumanitarias.org\/es\/#\/schema\/person\/e0f8527323154d1eba9f9d9eb6b401f7","name":"maducato_admin","image":{"@type":"ImageObject","inLanguage":"en-US","@id":"https:\/\/www.missoeshumanitarias.org\/es\/#\/schema\/person\/image\/","url":"https:\/\/secure.gravatar.com\/avatar\/6c3b45186a8f5a459d8e14c7fca370bceae92402bc06171d75e4e559b6c24393?s=96&d=mm&r=g","contentUrl":"https:\/\/secure.gravatar.com\/avatar\/6c3b45186a8f5a459d8e14c7fca370bceae92402bc06171d75e4e559b6c24393?s=96&d=mm&r=g","caption":"maducato_admin"}}]}},"_links":{"self":[{"href":"https:\/\/www.missoeshumanitarias.org\/en\/wp-json\/wp\/v2\/posts\/131260","targetHints":{"allow":["GET"]}}],"collection":[{"href":"https:\/\/www.missoeshumanitarias.org\/en\/wp-json\/wp\/v2\/posts"}],"about":[{"href":"https:\/\/www.missoeshumanitarias.org\/en\/wp-json\/wp\/v2\/types\/post"}],"author":[{"embeddable":true,"href":"https:\/\/www.missoeshumanitarias.org\/en\/wp-json\/wp\/v2\/users\/1"}],"replies":[{"embeddable":true,"href":"https:\/\/www.missoeshumanitarias.org\/en\/wp-json\/wp\/v2\/comments?post=131260"}],"version-history":[{"count":0,"href":"https:\/\/www.missoeshumanitarias.org\/en\/wp-json\/wp\/v2\/posts\/131260\/revisions"}],"wp:featuredmedia":[{"embeddable":true,"href":"https:\/\/www.missoeshumanitarias.org\/en\/wp-json\/wp\/v2\/media\/128576"}],"wp:attachment":[{"href":"https:\/\/www.missoeshumanitarias.org\/en\/wp-json\/wp\/v2\/media?parent=131260"}],"wp:term":[{"taxonomy":"category","embeddable":true,"href":"https:\/\/www.missoeshumanitarias.org\/en\/wp-json\/wp\/v2\/categories?post=131260"},{"taxonomy":"post_tag","embeddable":true,"href":"https:\/\/www.missoeshumanitarias.org\/en\/wp-json\/wp\/v2\/tags?post=131260"}],"curies":[{"name":"wp","href":"https:\/\/api.w.org\/{rel}","templated":true}]}}