{"id":131300,"date":"2019-12-02T13:53:04","date_gmt":"2019-12-02T16:53:04","guid":{"rendered":"https:\/\/www.missoeshumanitarias.org\/jose-vasquez-and-education-in-an-emergency-context-uniting-intelligence-and-heart\/"},"modified":"2019-12-02T13:53:04","modified_gmt":"2019-12-02T16:53:04","slug":"jose-vasquez-and-education-in-an-emergency-context-uniting-intelligence-and-heart","status":"publish","type":"post","link":"https:\/\/www.missoeshumanitarias.org\/en\/jose-vasquez-and-education-in-an-emergency-context-uniting-intelligence-and-heart\/","title":{"rendered":"Jos\u00e9 Vasquez and Education in an Emergency Context \u2013 \u201cUniting Intelligence and Heart\u201d"},"content":{"rendered":"<p style=\"text-align: justify;\">Jos\u00e9 Vasquez, an ex-consultant of the <strong>UNICEF<\/strong> for 29 years, participated in 2018 in Roraima with humanitarian responses in emergency situations, for the protection of rights and the education of children and adolescents.<\/p>\n<p><iframe title=\"Jos\u00e9 Vasquez e a educa\u00e7\u00e3o em contexto de emerg\u00eancia - \u201cunir intelig\u00eancia e cora\u00e7\u00e3o&quot; - PT\" width=\"800\" height=\"450\" src=\"https:\/\/www.youtube.com\/embed\/etOGxf3Y-JA?feature=oembed\" frameborder=\"0\" allow=\"accelerometer; autoplay; clipboard-write; encrypted-media; gyroscope; picture-in-picture\" allowfullscreen><\/iframe><\/p>\n<p>There, he learned about and joined the work of support to the Venezuelan refugee immigrant population, which the <a href=\"https:\/\/www.fraterinternacional.org\/en\/\"><strong>Fraternidade \u2013 International Humanitarian Federation FIHF<\/strong><\/a> carries out together with other organizations.<\/p>\n<p>The atmosphere created there had the objective of fostering the emotional recovery and the protection of rights for children, through recreational activities and those of immersion into the public educational system.<\/p>\n<p>Jos\u00e9 tells that, differently from the interventions in emergency situations in which he had participated before, resulting from earthquakes, for example, this situation of the Venezuelan refugees has a growing characteristic to it and demands a different response.<\/p>\n<p>Upon seeing the possibility of adjusting the norms, with efficiency in this situation, and witnessing the action of <a href=\"https:\/\/www.fraterinternacional.org\/en\/\"><strong>Fraternidade International FIHF<\/strong><\/a> and the other organizations, Jos\u00e9 became interested in participating in the O Bem Comum Project (The Common Good) \u2013 of Education and Protection of Venezuelan children and adolescents, in partnership with the <a href=\"https:\/\/www.fraterinternacional.org\/en\/\"><strong>FIHF<\/strong><\/a>.<\/p>\n<p><em>\u201cWe must simplify institutions, when it comes to the response to children, adolescents and families. Because it is the children that suffer the most, because they do not understand what is happening\u201d, <\/em>he comments.<\/p>\n<p>From this experience together, Jos\u00e9 was invited to bring his talk about <a href=\"https:\/\/www.youtube.com\/watch?v=cS_JrUil9pI&amp;list=PLXq1dWdytmgwyl4tFZSamZcMRn9nZtslg&amp;index=5&amp;t=3902s\">\u201c<strong>What Education is in an Emergency Context<\/strong>\u201d<\/a> to the <a href=\"https:\/\/www.youtube.com\/playlist?list=PLXq1dWdytmgwyl4tFZSamZcMRn9nZtslg\"><strong>Seminar on Education in Emergency Situations and Humanitarian Responses<\/strong><\/a>, which took place between October 31 and November 3 in Carmo da Cachoeira, MG, Brazil, in the <a href=\"http:\/\/www.comunidadefigueira.org.br\/portal\/en\/\"><strong>Light-Community of Figueira<\/strong>.<\/a><\/p>\n<p>According to him, \u201c<em>rather than sharing experience, I went to share learning that I have been having in this time<\/em>\u201d.<\/p>\n<p>Feeling as \u201c<em>part of a family<\/em>\u201d, Jos\u00e9 left the event \u201c<em>nourished with experiences<\/em>\u201d, he says, touched.<\/p>\n<p style=\"text-align: justify;\">The <a href=\"https:\/\/www.fraterinternacional.org\/en\/\"><strong>Fraternidade International FIHF<\/strong><\/a> keeps developing and deepening educational activities in Roraima, Manaus and Colombia, in the context of the humanitarian response to the Venezuelans. It also envisions the perspective of holding a seminar on education in emergencies in Colombia, to unite institutions and people who work in the field, for the well-being of the children and adolescents affected by the crisis.<\/p>\n","protected":false},"excerpt":{"rendered":"<p>Jos\u00e9 Vasquez, an ex-consultant of the UNICEF for 29 years, participated in 2018 in Roraima with humanitarian responses in emergency situations, for the protection of rights and the education of children and adolescents. There, he learned about and joined the work of support to the Venezuelan refugee immigrant population, which the Fraternidade \u2013 International Humanitarian [&hellip;]<\/p>\n","protected":false},"author":1,"featured_media":129115,"comment_status":"open","ping_status":"open","sticky":false,"template":"","format":"standard","meta":{"footnotes":""},"categories":[9,132],"tags":[],"class_list":["post-131300","post","type-post","status-publish","format-standard","has-post-thumbnail","hentry","category-news","category-news-about-the-missions"],"featured_image_src":"https:\/\/www.missoeshumanitarias.org\/wp-content\/uploads\/2021\/08\/img-dest-jose-vasques.jpg","author_info":{"display_name":"maducato_admin","author_link":"https:\/\/www.missoeshumanitarias.org\/en\/author\/maducato_admin\/"},"yoast_head":"<!-- This site is optimized with the Yoast SEO Premium plugin v22.5 (Yoast SEO v22.5) - https:\/\/yoast.com\/wordpress\/plugins\/seo\/ -->\n<title>Jos\u00e9 Vasquez and Education in an Emergency Context \u2013 \u201cUniting Intelligence and Heart\u201d - Fraternidade Miss\u00f5es Humanit\u00e1rias Internacionais<\/title>\n<meta name=\"robots\" content=\"index, follow, max-snippet:-1, max-image-preview:large, max-video-preview:-1\" \/>\n<link rel=\"canonical\" href=\"https:\/\/www.missoeshumanitarias.org\/en\/jose-vasquez-and-education-in-an-emergency-context-uniting-intelligence-and-heart\/\" \/>\n<meta property=\"og:locale\" content=\"en_US\" \/>\n<meta property=\"og:type\" content=\"article\" \/>\n<meta property=\"og:title\" content=\"Jos\u00e9 Vasquez and Education in an Emergency Context \u2013 \u201cUniting Intelligence and Heart\u201d\" \/>\n<meta property=\"og:description\" content=\"Jos\u00e9 Vasquez, an ex-consultant of the UNICEF for 29 years, participated in 2018 in Roraima with humanitarian responses in emergency situations, for the protection of rights and the education of children and adolescents. There, he learned about and joined the work of support to the Venezuelan refugee immigrant population, which the Fraternidade \u2013 International Humanitarian [&hellip;]\" \/>\n<meta property=\"og:url\" content=\"https:\/\/www.missoeshumanitarias.org\/en\/jose-vasquez-and-education-in-an-emergency-context-uniting-intelligence-and-heart\/\" \/>\n<meta property=\"og:site_name\" content=\"Fraternidade Miss\u00f5es Humanit\u00e1rias Internacionais\" \/>\n<meta property=\"article:published_time\" content=\"2019-12-02T16:53:04+00:00\" \/>\n<meta property=\"og:image\" content=\"https:\/\/www.missoeshumanitarias.org\/wp-content\/uploads\/2021\/08\/img-dest-jose-vasques.jpg\" \/>\n\t<meta property=\"og:image:width\" content=\"903\" \/>\n\t<meta property=\"og:image:height\" content=\"591\" \/>\n\t<meta property=\"og:image:type\" content=\"image\/jpeg\" \/>\n<meta name=\"author\" content=\"maducato_admin\" \/>\n<meta name=\"twitter:card\" content=\"summary_large_image\" \/>\n<meta name=\"twitter:label1\" content=\"Written by\" \/>\n\t<meta name=\"twitter:data1\" content=\"maducato_admin\" \/>\n\t<meta name=\"twitter:label2\" content=\"Est. reading time\" \/>\n\t<meta name=\"twitter:data2\" content=\"2 minutes\" \/>\n<script type=\"application\/ld+json\" class=\"yoast-schema-graph\">{\"@context\":\"https:\/\/schema.org\",\"@graph\":[{\"@type\":\"Article\",\"@id\":\"https:\/\/www.missoeshumanitarias.org\/en\/jose-vasquez-and-education-in-an-emergency-context-uniting-intelligence-and-heart\/#article\",\"isPartOf\":{\"@id\":\"https:\/\/www.missoeshumanitarias.org\/en\/jose-vasquez-and-education-in-an-emergency-context-uniting-intelligence-and-heart\/\"},\"author\":{\"name\":\"maducato_admin\",\"@id\":\"https:\/\/www.missoeshumanitarias.org\/es\/#\/schema\/person\/e0f8527323154d1eba9f9d9eb6b401f7\"},\"headline\":\"Jos\u00e9 Vasquez and Education in an Emergency Context \u2013 \u201cUniting Intelligence and Heart\u201d\",\"datePublished\":\"2019-12-02T16:53:04+00:00\",\"dateModified\":\"2019-12-02T16:53:04+00:00\",\"mainEntityOfPage\":{\"@id\":\"https:\/\/www.missoeshumanitarias.org\/en\/jose-vasquez-and-education-in-an-emergency-context-uniting-intelligence-and-heart\/\"},\"wordCount\":379,\"commentCount\":0,\"publisher\":{\"@id\":\"https:\/\/www.missoeshumanitarias.org\/es\/#organization\"},\"image\":{\"@id\":\"https:\/\/www.missoeshumanitarias.org\/en\/jose-vasquez-and-education-in-an-emergency-context-uniting-intelligence-and-heart\/#primaryimage\"},\"thumbnailUrl\":\"https:\/\/www.missoeshumanitarias.org\/wp-content\/uploads\/2021\/08\/img-dest-jose-vasques.jpg\",\"articleSection\":[\"News\",\"News about the Missions\"],\"inLanguage\":\"en-US\",\"potentialAction\":[{\"@type\":\"CommentAction\",\"name\":\"Comment\",\"target\":[\"https:\/\/www.missoeshumanitarias.org\/en\/jose-vasquez-and-education-in-an-emergency-context-uniting-intelligence-and-heart\/#respond\"]}]},{\"@type\":\"WebPage\",\"@id\":\"https:\/\/www.missoeshumanitarias.org\/en\/jose-vasquez-and-education-in-an-emergency-context-uniting-intelligence-and-heart\/\",\"url\":\"https:\/\/www.missoeshumanitarias.org\/en\/jose-vasquez-and-education-in-an-emergency-context-uniting-intelligence-and-heart\/\",\"name\":\"Jos\u00e9 Vasquez and Education in an Emergency Context \u2013 \u201cUniting Intelligence and Heart\u201d - Fraternidade Miss\u00f5es Humanit\u00e1rias Internacionais\",\"isPartOf\":{\"@id\":\"https:\/\/www.missoeshumanitarias.org\/es\/#website\"},\"primaryImageOfPage\":{\"@id\":\"https:\/\/www.missoeshumanitarias.org\/en\/jose-vasquez-and-education-in-an-emergency-context-uniting-intelligence-and-heart\/#primaryimage\"},\"image\":{\"@id\":\"https:\/\/www.missoeshumanitarias.org\/en\/jose-vasquez-and-education-in-an-emergency-context-uniting-intelligence-and-heart\/#primaryimage\"},\"thumbnailUrl\":\"https:\/\/www.missoeshumanitarias.org\/wp-content\/uploads\/2021\/08\/img-dest-jose-vasques.jpg\",\"datePublished\":\"2019-12-02T16:53:04+00:00\",\"dateModified\":\"2019-12-02T16:53:04+00:00\",\"breadcrumb\":{\"@id\":\"https:\/\/www.missoeshumanitarias.org\/en\/jose-vasquez-and-education-in-an-emergency-context-uniting-intelligence-and-heart\/#breadcrumb\"},\"inLanguage\":\"en-US\",\"potentialAction\":[{\"@type\":\"ReadAction\",\"target\":[\"https:\/\/www.missoeshumanitarias.org\/en\/jose-vasquez-and-education-in-an-emergency-context-uniting-intelligence-and-heart\/\"]}]},{\"@type\":\"ImageObject\",\"inLanguage\":\"en-US\",\"@id\":\"https:\/\/www.missoeshumanitarias.org\/en\/jose-vasquez-and-education-in-an-emergency-context-uniting-intelligence-and-heart\/#primaryimage\",\"url\":\"https:\/\/www.missoeshumanitarias.org\/wp-content\/uploads\/2021\/08\/img-dest-jose-vasques.jpg\",\"contentUrl\":\"https:\/\/www.missoeshumanitarias.org\/wp-content\/uploads\/2021\/08\/img-dest-jose-vasques.jpg\",\"width\":903,\"height\":591},{\"@type\":\"BreadcrumbList\",\"@id\":\"https:\/\/www.missoeshumanitarias.org\/en\/jose-vasquez-and-education-in-an-emergency-context-uniting-intelligence-and-heart\/#breadcrumb\",\"itemListElement\":[{\"@type\":\"ListItem\",\"position\":1,\"name\":\"Home\",\"item\":\"https:\/\/www.missoeshumanitarias.org\/en\/\"},{\"@type\":\"ListItem\",\"position\":2,\"name\":\"Jos\u00e9 Vasquez and Education in an Emergency Context \u2013 \u201cUniting Intelligence and Heart\u201d\"}]},{\"@type\":\"WebSite\",\"@id\":\"https:\/\/www.missoeshumanitarias.org\/es\/#website\",\"url\":\"https:\/\/www.missoeshumanitarias.org\/es\/\",\"name\":\"Fraternidade Miss\u00f5es Humanit\u00e1rias Internacionais\",\"description\":\"Respostas Humanit\u00e1rias e Emerg\u00eancias\",\"publisher\":{\"@id\":\"https:\/\/www.missoeshumanitarias.org\/es\/#organization\"},\"potentialAction\":[{\"@type\":\"SearchAction\",\"target\":{\"@type\":\"EntryPoint\",\"urlTemplate\":\"https:\/\/www.missoeshumanitarias.org\/es\/?s={search_term_string}\"},\"query-input\":\"required name=search_term_string\"}],\"inLanguage\":\"en-US\"},{\"@type\":\"Organization\",\"@id\":\"https:\/\/www.missoeshumanitarias.org\/es\/#organization\",\"name\":\"Fraternidade - Miss\u00f5es Humanit\u00e1rias Internacionais\",\"url\":\"https:\/\/www.missoeshumanitarias.org\/es\/\",\"logo\":{\"@type\":\"ImageObject\",\"inLanguage\":\"en-US\",\"@id\":\"https:\/\/www.missoeshumanitarias.org\/es\/#\/schema\/logo\/image\/\",\"url\":\"https:\/\/www.missoeshumanitarias.org\/wp-content\/uploads\/2020\/05\/logo-FMHI-mg.png\",\"contentUrl\":\"https:\/\/www.missoeshumanitarias.org\/wp-content\/uploads\/2020\/05\/logo-FMHI-mg.png\",\"width\":520,\"height\":134,\"caption\":\"Fraternidade - Miss\u00f5es Humanit\u00e1rias Internacionais\"},\"image\":{\"@id\":\"https:\/\/www.missoeshumanitarias.org\/es\/#\/schema\/logo\/image\/\"}},{\"@type\":\"Person\",\"@id\":\"https:\/\/www.missoeshumanitarias.org\/es\/#\/schema\/person\/e0f8527323154d1eba9f9d9eb6b401f7\",\"name\":\"maducato_admin\",\"image\":{\"@type\":\"ImageObject\",\"inLanguage\":\"en-US\",\"@id\":\"https:\/\/www.missoeshumanitarias.org\/es\/#\/schema\/person\/image\/\",\"url\":\"https:\/\/secure.gravatar.com\/avatar\/6c3b45186a8f5a459d8e14c7fca370bceae92402bc06171d75e4e559b6c24393?s=96&d=mm&r=g\",\"contentUrl\":\"https:\/\/secure.gravatar.com\/avatar\/6c3b45186a8f5a459d8e14c7fca370bceae92402bc06171d75e4e559b6c24393?s=96&d=mm&r=g\",\"caption\":\"maducato_admin\"}}]}<\/script>\n<!-- \/ Yoast SEO Premium plugin. -->","yoast_head_json":{"title":"Jos\u00e9 Vasquez and Education in an Emergency Context \u2013 \u201cUniting Intelligence and Heart\u201d - Fraternidade Miss\u00f5es Humanit\u00e1rias Internacionais","robots":{"index":"index","follow":"follow","max-snippet":"max-snippet:-1","max-image-preview":"max-image-preview:large","max-video-preview":"max-video-preview:-1"},"canonical":"https:\/\/www.missoeshumanitarias.org\/en\/jose-vasquez-and-education-in-an-emergency-context-uniting-intelligence-and-heart\/","og_locale":"en_US","og_type":"article","og_title":"Jos\u00e9 Vasquez and Education in an Emergency Context \u2013 \u201cUniting Intelligence and Heart\u201d","og_description":"Jos\u00e9 Vasquez, an ex-consultant of the UNICEF for 29 years, participated in 2018 in Roraima with humanitarian responses in emergency situations, for the protection of rights and the education of children and adolescents. There, he learned about and joined the work of support to the Venezuelan refugee immigrant population, which the Fraternidade \u2013 International Humanitarian [&hellip;]","og_url":"https:\/\/www.missoeshumanitarias.org\/en\/jose-vasquez-and-education-in-an-emergency-context-uniting-intelligence-and-heart\/","og_site_name":"Fraternidade Miss\u00f5es Humanit\u00e1rias Internacionais","article_published_time":"2019-12-02T16:53:04+00:00","og_image":[{"width":903,"height":591,"url":"https:\/\/www.missoeshumanitarias.org\/wp-content\/uploads\/2021\/08\/img-dest-jose-vasques.jpg","type":"image\/jpeg"}],"author":"maducato_admin","twitter_card":"summary_large_image","twitter_misc":{"Written by":"maducato_admin","Est. reading time":"2 minutes"},"schema":{"@context":"https:\/\/schema.org","@graph":[{"@type":"Article","@id":"https:\/\/www.missoeshumanitarias.org\/en\/jose-vasquez-and-education-in-an-emergency-context-uniting-intelligence-and-heart\/#article","isPartOf":{"@id":"https:\/\/www.missoeshumanitarias.org\/en\/jose-vasquez-and-education-in-an-emergency-context-uniting-intelligence-and-heart\/"},"author":{"name":"maducato_admin","@id":"https:\/\/www.missoeshumanitarias.org\/es\/#\/schema\/person\/e0f8527323154d1eba9f9d9eb6b401f7"},"headline":"Jos\u00e9 Vasquez and Education in an Emergency Context \u2013 \u201cUniting Intelligence and Heart\u201d","datePublished":"2019-12-02T16:53:04+00:00","dateModified":"2019-12-02T16:53:04+00:00","mainEntityOfPage":{"@id":"https:\/\/www.missoeshumanitarias.org\/en\/jose-vasquez-and-education-in-an-emergency-context-uniting-intelligence-and-heart\/"},"wordCount":379,"commentCount":0,"publisher":{"@id":"https:\/\/www.missoeshumanitarias.org\/es\/#organization"},"image":{"@id":"https:\/\/www.missoeshumanitarias.org\/en\/jose-vasquez-and-education-in-an-emergency-context-uniting-intelligence-and-heart\/#primaryimage"},"thumbnailUrl":"https:\/\/www.missoeshumanitarias.org\/wp-content\/uploads\/2021\/08\/img-dest-jose-vasques.jpg","articleSection":["News","News about the Missions"],"inLanguage":"en-US","potentialAction":[{"@type":"CommentAction","name":"Comment","target":["https:\/\/www.missoeshumanitarias.org\/en\/jose-vasquez-and-education-in-an-emergency-context-uniting-intelligence-and-heart\/#respond"]}]},{"@type":"WebPage","@id":"https:\/\/www.missoeshumanitarias.org\/en\/jose-vasquez-and-education-in-an-emergency-context-uniting-intelligence-and-heart\/","url":"https:\/\/www.missoeshumanitarias.org\/en\/jose-vasquez-and-education-in-an-emergency-context-uniting-intelligence-and-heart\/","name":"Jos\u00e9 Vasquez and Education in an Emergency Context \u2013 \u201cUniting Intelligence and Heart\u201d - Fraternidade Miss\u00f5es Humanit\u00e1rias Internacionais","isPartOf":{"@id":"https:\/\/www.missoeshumanitarias.org\/es\/#website"},"primaryImageOfPage":{"@id":"https:\/\/www.missoeshumanitarias.org\/en\/jose-vasquez-and-education-in-an-emergency-context-uniting-intelligence-and-heart\/#primaryimage"},"image":{"@id":"https:\/\/www.missoeshumanitarias.org\/en\/jose-vasquez-and-education-in-an-emergency-context-uniting-intelligence-and-heart\/#primaryimage"},"thumbnailUrl":"https:\/\/www.missoeshumanitarias.org\/wp-content\/uploads\/2021\/08\/img-dest-jose-vasques.jpg","datePublished":"2019-12-02T16:53:04+00:00","dateModified":"2019-12-02T16:53:04+00:00","breadcrumb":{"@id":"https:\/\/www.missoeshumanitarias.org\/en\/jose-vasquez-and-education-in-an-emergency-context-uniting-intelligence-and-heart\/#breadcrumb"},"inLanguage":"en-US","potentialAction":[{"@type":"ReadAction","target":["https:\/\/www.missoeshumanitarias.org\/en\/jose-vasquez-and-education-in-an-emergency-context-uniting-intelligence-and-heart\/"]}]},{"@type":"ImageObject","inLanguage":"en-US","@id":"https:\/\/www.missoeshumanitarias.org\/en\/jose-vasquez-and-education-in-an-emergency-context-uniting-intelligence-and-heart\/#primaryimage","url":"https:\/\/www.missoeshumanitarias.org\/wp-content\/uploads\/2021\/08\/img-dest-jose-vasques.jpg","contentUrl":"https:\/\/www.missoeshumanitarias.org\/wp-content\/uploads\/2021\/08\/img-dest-jose-vasques.jpg","width":903,"height":591},{"@type":"BreadcrumbList","@id":"https:\/\/www.missoeshumanitarias.org\/en\/jose-vasquez-and-education-in-an-emergency-context-uniting-intelligence-and-heart\/#breadcrumb","itemListElement":[{"@type":"ListItem","position":1,"name":"Home","item":"https:\/\/www.missoeshumanitarias.org\/en\/"},{"@type":"ListItem","position":2,"name":"Jos\u00e9 Vasquez and Education in an Emergency Context \u2013 \u201cUniting Intelligence and Heart\u201d"}]},{"@type":"WebSite","@id":"https:\/\/www.missoeshumanitarias.org\/es\/#website","url":"https:\/\/www.missoeshumanitarias.org\/es\/","name":"Fraternidade Miss\u00f5es Humanit\u00e1rias Internacionais","description":"Respostas Humanit\u00e1rias e Emerg\u00eancias","publisher":{"@id":"https:\/\/www.missoeshumanitarias.org\/es\/#organization"},"potentialAction":[{"@type":"SearchAction","target":{"@type":"EntryPoint","urlTemplate":"https:\/\/www.missoeshumanitarias.org\/es\/?s={search_term_string}"},"query-input":"required name=search_term_string"}],"inLanguage":"en-US"},{"@type":"Organization","@id":"https:\/\/www.missoeshumanitarias.org\/es\/#organization","name":"Fraternidade - Miss\u00f5es Humanit\u00e1rias Internacionais","url":"https:\/\/www.missoeshumanitarias.org\/es\/","logo":{"@type":"ImageObject","inLanguage":"en-US","@id":"https:\/\/www.missoeshumanitarias.org\/es\/#\/schema\/logo\/image\/","url":"https:\/\/www.missoeshumanitarias.org\/wp-content\/uploads\/2020\/05\/logo-FMHI-mg.png","contentUrl":"https:\/\/www.missoeshumanitarias.org\/wp-content\/uploads\/2020\/05\/logo-FMHI-mg.png","width":520,"height":134,"caption":"Fraternidade - Miss\u00f5es Humanit\u00e1rias Internacionais"},"image":{"@id":"https:\/\/www.missoeshumanitarias.org\/es\/#\/schema\/logo\/image\/"}},{"@type":"Person","@id":"https:\/\/www.missoeshumanitarias.org\/es\/#\/schema\/person\/e0f8527323154d1eba9f9d9eb6b401f7","name":"maducato_admin","image":{"@type":"ImageObject","inLanguage":"en-US","@id":"https:\/\/www.missoeshumanitarias.org\/es\/#\/schema\/person\/image\/","url":"https:\/\/secure.gravatar.com\/avatar\/6c3b45186a8f5a459d8e14c7fca370bceae92402bc06171d75e4e559b6c24393?s=96&d=mm&r=g","contentUrl":"https:\/\/secure.gravatar.com\/avatar\/6c3b45186a8f5a459d8e14c7fca370bceae92402bc06171d75e4e559b6c24393?s=96&d=mm&r=g","caption":"maducato_admin"}}]}},"_links":{"self":[{"href":"https:\/\/www.missoeshumanitarias.org\/en\/wp-json\/wp\/v2\/posts\/131300","targetHints":{"allow":["GET"]}}],"collection":[{"href":"https:\/\/www.missoeshumanitarias.org\/en\/wp-json\/wp\/v2\/posts"}],"about":[{"href":"https:\/\/www.missoeshumanitarias.org\/en\/wp-json\/wp\/v2\/types\/post"}],"author":[{"embeddable":true,"href":"https:\/\/www.missoeshumanitarias.org\/en\/wp-json\/wp\/v2\/users\/1"}],"replies":[{"embeddable":true,"href":"https:\/\/www.missoeshumanitarias.org\/en\/wp-json\/wp\/v2\/comments?post=131300"}],"version-history":[{"count":0,"href":"https:\/\/www.missoeshumanitarias.org\/en\/wp-json\/wp\/v2\/posts\/131300\/revisions"}],"wp:featuredmedia":[{"embeddable":true,"href":"https:\/\/www.missoeshumanitarias.org\/en\/wp-json\/wp\/v2\/media\/129115"}],"wp:attachment":[{"href":"https:\/\/www.missoeshumanitarias.org\/en\/wp-json\/wp\/v2\/media?parent=131300"}],"wp:term":[{"taxonomy":"category","embeddable":true,"href":"https:\/\/www.missoeshumanitarias.org\/en\/wp-json\/wp\/v2\/categories?post=131300"},{"taxonomy":"post_tag","embeddable":true,"href":"https:\/\/www.missoeshumanitarias.org\/en\/wp-json\/wp\/v2\/tags?post=131300"}],"curies":[{"name":"wp","href":"https:\/\/api.w.org\/{rel}","templated":true}]}}