{"id":131314,"date":"2020-01-12T00:00:00","date_gmt":"2020-01-12T03:00:00","guid":{"rendered":"https:\/\/www.missoeshumanitarias.org\/army-major-chief-visits-the-shelters-of-pacaraima\/"},"modified":"2021-09-16T07:01:45","modified_gmt":"2021-09-16T10:01:45","slug":"army-major-chief-visits-the-shelters-of-pacaraima","status":"publish","type":"post","link":"https:\/\/www.missoeshumanitarias.org\/en\/army-major-chief-visits-the-shelters-of-pacaraima\/","title":{"rendered":"Army Major Chief visits the shelters of Pacaraima"},"content":{"rendered":"<p><a href=\"https:\/\/www.missoeshumanitarias.org\/wp-content\/uploads\/2021\/08\/img-visita-chefe-estado-maior-pararaima01.jpg\"><img fetchpriority=\"high\" decoding=\"async\" class=\"size-full wp-image-110941 aligncenter\" src=\"https:\/\/www.missoeshumanitarias.org\/wp-content\/uploads\/2021\/08\/img-visita-chefe-estado-maior-pararaima01.jpg\" alt=\"Visita do Chefe Maior do Ex\u00e9rcito aos abrigos de Pacaraima\" width=\"1000\" height=\"750\" \/><\/a><\/p>\n<p style=\"text-align: justify;\">On January 9,\u00a0<strong><a href=\"http:\/\/www.eb.mil.br\/operacao-acolhida\" target=\"_blank\" rel=\"noopener noreferrer\">Acolhida (Welcome)<\/a><\/strong> Operation, a humanitarian response carried out by the\u00a0<strong><a href=\"https:\/\/www.defesa.gov.br\/\" target=\"_blank\" rel=\"noopener noreferrer\">Ministries\u00a0of Defense<\/a><\/strong>\u00a0and\u00a0<a href=\"https:\/\/cidadania.gov.br\/\" target=\"_blank\" rel=\"noopener noreferrer\"><strong>of Citizenship<\/strong><\/a>\u00a0together with other agencies, received a visit from the Army Major Chief, General Braga Neto, for the purpose of personally getting to know about the structure, the functioning of the shelters, and the work that is being done there by the\u00a0Armed Forces.<\/p>\n<p style=\"text-align: justify;\">A delegation flew by helicopter from Boa Vista to Pacaraima, and representatives of\u00a0<a href=\"https:\/\/www.fraterinternacional.org\/en\/about-us\/\"><strong>Fraternidade \u2013 International Humanitarian Federation<\/strong><\/a>\u00a0were invited to accompany the visit to the Pacaraima shelters, including the indigenous shelter known as Janokoida, under their management.<\/p>\n<p style=\"font-weight: 400; text-align: justify;\">At that shelter General Braga Neto was received by the refugee natives, who showed him the crafted objects that they make as a way of life.<\/p>\n<p style=\"text-align: justify;\">On the return to Boa Vista, Friar Luciano, General Administrator of the\u00a0<a href=\"https:\/\/www.fraterinternacional.org\/en\/about-us\/\" target=\"_blank\" rel=\"noopener noreferrer\"><strong>Humanitarian Fraternidade (FIHF)<\/strong><\/a>\u00a0presented General Braga Neto with the Fraternidade\u00a0book written by <a href=\"https:\/\/www.irdin.org.br\/site\/produtos\/fraternidade-missoes-humanitarias-internacionais\/\" target=\"_blank\" rel=\"noopener noreferrer\"><strong>Ana Regina Noqueira<\/strong><\/a>, which tells about the national and international missions that the Humanitarian Fraternidade has carried out since 2011.<\/p>\n<div id='gallery-1' class='gallery galleryid-131314 gallery-columns-5 gallery-size-thumbnail'><figure class='gallery-item'>\n\t\t\t<div class='gallery-icon landscape'>\n\t\t\t\t<a href='https:\/\/www.missoeshumanitarias.org\/wp-content\/uploads\/2021\/08\/img-visita-chefe-estado-maior-pararaima03.jpg'><img decoding=\"async\" width=\"150\" height=\"150\" src=\"https:\/\/www.missoeshumanitarias.org\/wp-content\/uploads\/2021\/08\/img-visita-chefe-estado-maior-pararaima03-150x150.jpg\" class=\"attachment-thumbnail size-thumbnail\" alt=\"Visita do Chefe Maior do Ex\u00e9rcito aos abrigos de Pacaraima\" \/><\/a>\n\t\t\t<\/div><\/figure><figure class='gallery-item'>\n\t\t\t<div class='gallery-icon landscape'>\n\t\t\t\t<a href='https:\/\/www.missoeshumanitarias.org\/wp-content\/uploads\/2021\/08\/img-visita-chefe-estado-maior-pararaima02.jpg'><img decoding=\"async\" width=\"150\" height=\"150\" src=\"https:\/\/www.missoeshumanitarias.org\/wp-content\/uploads\/2021\/08\/img-visita-chefe-estado-maior-pararaima02-150x150.jpg\" class=\"attachment-thumbnail size-thumbnail\" alt=\"Visita do Chefe Maior do Ex\u00e9rcito aos abrigos de Pacaraima\" \/><\/a>\n\t\t\t<\/div><\/figure><figure class='gallery-item'>\n\t\t\t<div class='gallery-icon landscape'>\n\t\t\t\t<a href='https:\/\/www.missoeshumanitarias.org\/wp-content\/uploads\/2021\/08\/img-visita-chefe-estado-maior-pararaima05.jpg'><img loading=\"lazy\" decoding=\"async\" width=\"150\" height=\"150\" src=\"https:\/\/www.missoeshumanitarias.org\/wp-content\/uploads\/2021\/08\/img-visita-chefe-estado-maior-pararaima05-150x150.jpg\" class=\"attachment-thumbnail size-thumbnail\" alt=\"Visita do Chefe Maior do Ex\u00e9rcito aos abrigos de Pacaraima\" \/><\/a>\n\t\t\t<\/div><\/figure><figure class='gallery-item'>\n\t\t\t<div class='gallery-icon landscape'>\n\t\t\t\t<a href='https:\/\/www.missoeshumanitarias.org\/wp-content\/uploads\/2021\/08\/img-visita-chefe-estado-maior-pararaima04.jpg'><img loading=\"lazy\" decoding=\"async\" width=\"150\" height=\"150\" src=\"https:\/\/www.missoeshumanitarias.org\/wp-content\/uploads\/2021\/08\/img-visita-chefe-estado-maior-pararaima04-150x150.jpg\" class=\"attachment-thumbnail size-thumbnail\" alt=\"Visita do Chefe Maior do Ex\u00e9rcito aos abrigos de Pacaraima\" \/><\/a>\n\t\t\t<\/div><\/figure><figure class='gallery-item'>\n\t\t\t<div class='gallery-icon landscape'>\n\t\t\t\t<a href='https:\/\/www.missoeshumanitarias.org\/wp-content\/uploads\/2021\/08\/img-visita-chefe-estado-maior-pararaima06.jpg'><img loading=\"lazy\" decoding=\"async\" width=\"150\" height=\"150\" src=\"https:\/\/www.missoeshumanitarias.org\/wp-content\/uploads\/2021\/08\/img-visita-chefe-estado-maior-pararaima06-150x150.jpg\" class=\"attachment-thumbnail size-thumbnail\" alt=\"Visita do Chefe Maior do Ex\u00e9rcito aos abrigos de Pacaraima\" \/><\/a>\n\t\t\t<\/div><\/figure>\n\t\t<\/div>\n\n<p style=\"text-align: justify;\">The\u00a0<a href=\"https:\/\/www.fraterinternacional.org\/en\/about-us\/\"><strong>Humanitarian Fraternidade (FIHF)<\/strong><\/a>\u00a0is developing a partnership with\u00a0<a href=\"https:\/\/www.acnur.org\/\" target=\"_blank\" rel=\"noopener noreferrer\"><strong>UNHCR<\/strong><\/a>, United Nations High Commissioner for Refugees\u00a0and participates in\u00a0Operation Welcome\u00a0as the administrating institution of five shelters for refugees in the State of Roraima, as well as a temporary place of lodging in Manaus, where the immigrants are received for the integrating stage, in which they go through a process of rebuilding their lives in various cities of the country.<\/p>\n<p>Find out more about the\u00a0<a href=\"https:\/\/www.fraterinternacional.org\/en\/roraima-mission\/\"><strong>Roraima Mission<\/strong><\/a> and how to contribute.<\/p>\n","protected":false},"excerpt":{"rendered":"<p>On January 9,\u00a0Acolhida (Welcome) Operation, a humanitarian response carried out by the\u00a0Ministries\u00a0of Defense\u00a0and\u00a0of Citizenship\u00a0together with other agencies, received a visit from the Army Major Chief, General Braga Neto, for the purpose of personally getting to know about the structure, the functioning of the shelters, and the work that is being done there by the\u00a0Armed Forces. [&hellip;]<\/p>\n","protected":false},"author":1,"featured_media":129315,"comment_status":"open","ping_status":"open","sticky":false,"template":"","format":"standard","meta":{"footnotes":""},"categories":[9,132],"tags":[],"class_list":["post-131314","post","type-post","status-publish","format-standard","has-post-thumbnail","hentry","category-news","category-news-about-the-missions"],"featured_image_src":"https:\/\/www.missoeshumanitarias.org\/wp-content\/uploads\/2021\/08\/img-visita-chefe-estado-maior-pararaima01.jpg","author_info":{"display_name":"maducato_admin","author_link":"https:\/\/www.missoeshumanitarias.org\/en\/author\/maducato_admin\/"},"yoast_head":"<!-- This site is optimized with the Yoast SEO Premium plugin v22.5 (Yoast SEO v22.5) - https:\/\/yoast.com\/wordpress\/plugins\/seo\/ -->\n<title>Army Major Chief visits the shelters of Pacaraima - Fraternidade Miss\u00f5es Humanit\u00e1rias Internacionais<\/title>\n<meta name=\"robots\" content=\"index, follow, max-snippet:-1, max-image-preview:large, max-video-preview:-1\" \/>\n<link rel=\"canonical\" href=\"https:\/\/www.missoeshumanitarias.org\/en\/army-major-chief-visits-the-shelters-of-pacaraima\/\" \/>\n<meta property=\"og:locale\" content=\"en_US\" \/>\n<meta property=\"og:type\" content=\"article\" \/>\n<meta property=\"og:title\" content=\"Army Major Chief visits the shelters of Pacaraima\" \/>\n<meta property=\"og:description\" content=\"On January 9,\u00a0Acolhida (Welcome) Operation, a humanitarian response carried out by the\u00a0Ministries\u00a0of Defense\u00a0and\u00a0of Citizenship\u00a0together with other agencies, received a visit from the Army Major Chief, General Braga Neto, for the purpose of personally getting to know about the structure, the functioning of the shelters, and the work that is being done there by the\u00a0Armed Forces. [&hellip;]\" \/>\n<meta property=\"og:url\" content=\"https:\/\/www.missoeshumanitarias.org\/en\/army-major-chief-visits-the-shelters-of-pacaraima\/\" \/>\n<meta property=\"og:site_name\" content=\"Fraternidade Miss\u00f5es Humanit\u00e1rias Internacionais\" \/>\n<meta property=\"article:published_time\" content=\"2020-01-12T03:00:00+00:00\" \/>\n<meta property=\"article:modified_time\" content=\"2021-09-16T10:01:45+00:00\" \/>\n<meta property=\"og:image\" content=\"https:\/\/www.missoeshumanitarias.org\/wp-content\/uploads\/2021\/08\/img-visita-chefe-estado-maior-pararaima01.jpg\" \/>\n\t<meta property=\"og:image:width\" content=\"1000\" \/>\n\t<meta property=\"og:image:height\" content=\"750\" \/>\n\t<meta property=\"og:image:type\" content=\"image\/jpeg\" \/>\n<meta name=\"author\" content=\"maducato_admin\" \/>\n<meta name=\"twitter:card\" content=\"summary_large_image\" \/>\n<meta name=\"twitter:label1\" content=\"Written by\" \/>\n\t<meta name=\"twitter:data1\" content=\"maducato_admin\" \/>\n\t<meta name=\"twitter:label2\" content=\"Est. reading time\" \/>\n\t<meta name=\"twitter:data2\" content=\"1 minute\" \/>\n<script type=\"application\/ld+json\" class=\"yoast-schema-graph\">{\"@context\":\"https:\/\/schema.org\",\"@graph\":[{\"@type\":\"Article\",\"@id\":\"https:\/\/www.missoeshumanitarias.org\/en\/army-major-chief-visits-the-shelters-of-pacaraima\/#article\",\"isPartOf\":{\"@id\":\"https:\/\/www.missoeshumanitarias.org\/en\/army-major-chief-visits-the-shelters-of-pacaraima\/\"},\"author\":{\"name\":\"maducato_admin\",\"@id\":\"https:\/\/www.missoeshumanitarias.org\/es\/#\/schema\/person\/e0f8527323154d1eba9f9d9eb6b401f7\"},\"headline\":\"Army Major Chief visits the shelters of Pacaraima\",\"datePublished\":\"2020-01-12T03:00:00+00:00\",\"dateModified\":\"2021-09-16T10:01:45+00:00\",\"mainEntityOfPage\":{\"@id\":\"https:\/\/www.missoeshumanitarias.org\/en\/army-major-chief-visits-the-shelters-of-pacaraima\/\"},\"wordCount\":263,\"commentCount\":0,\"publisher\":{\"@id\":\"https:\/\/www.missoeshumanitarias.org\/es\/#organization\"},\"image\":{\"@id\":\"https:\/\/www.missoeshumanitarias.org\/en\/army-major-chief-visits-the-shelters-of-pacaraima\/#primaryimage\"},\"thumbnailUrl\":\"https:\/\/www.missoeshumanitarias.org\/wp-content\/uploads\/2021\/08\/img-visita-chefe-estado-maior-pararaima01.jpg\",\"articleSection\":[\"News\",\"News about the Missions\"],\"inLanguage\":\"en-US\",\"potentialAction\":[{\"@type\":\"CommentAction\",\"name\":\"Comment\",\"target\":[\"https:\/\/www.missoeshumanitarias.org\/en\/army-major-chief-visits-the-shelters-of-pacaraima\/#respond\"]}]},{\"@type\":\"WebPage\",\"@id\":\"https:\/\/www.missoeshumanitarias.org\/en\/army-major-chief-visits-the-shelters-of-pacaraima\/\",\"url\":\"https:\/\/www.missoeshumanitarias.org\/en\/army-major-chief-visits-the-shelters-of-pacaraima\/\",\"name\":\"Army Major Chief visits the shelters of Pacaraima - Fraternidade Miss\u00f5es Humanit\u00e1rias Internacionais\",\"isPartOf\":{\"@id\":\"https:\/\/www.missoeshumanitarias.org\/es\/#website\"},\"primaryImageOfPage\":{\"@id\":\"https:\/\/www.missoeshumanitarias.org\/en\/army-major-chief-visits-the-shelters-of-pacaraima\/#primaryimage\"},\"image\":{\"@id\":\"https:\/\/www.missoeshumanitarias.org\/en\/army-major-chief-visits-the-shelters-of-pacaraima\/#primaryimage\"},\"thumbnailUrl\":\"https:\/\/www.missoeshumanitarias.org\/wp-content\/uploads\/2021\/08\/img-visita-chefe-estado-maior-pararaima01.jpg\",\"datePublished\":\"2020-01-12T03:00:00+00:00\",\"dateModified\":\"2021-09-16T10:01:45+00:00\",\"breadcrumb\":{\"@id\":\"https:\/\/www.missoeshumanitarias.org\/en\/army-major-chief-visits-the-shelters-of-pacaraima\/#breadcrumb\"},\"inLanguage\":\"en-US\",\"potentialAction\":[{\"@type\":\"ReadAction\",\"target\":[\"https:\/\/www.missoeshumanitarias.org\/en\/army-major-chief-visits-the-shelters-of-pacaraima\/\"]}]},{\"@type\":\"ImageObject\",\"inLanguage\":\"en-US\",\"@id\":\"https:\/\/www.missoeshumanitarias.org\/en\/army-major-chief-visits-the-shelters-of-pacaraima\/#primaryimage\",\"url\":\"https:\/\/www.missoeshumanitarias.org\/wp-content\/uploads\/2021\/08\/img-visita-chefe-estado-maior-pararaima01.jpg\",\"contentUrl\":\"https:\/\/www.missoeshumanitarias.org\/wp-content\/uploads\/2021\/08\/img-visita-chefe-estado-maior-pararaima01.jpg\",\"width\":1000,\"height\":750},{\"@type\":\"BreadcrumbList\",\"@id\":\"https:\/\/www.missoeshumanitarias.org\/en\/army-major-chief-visits-the-shelters-of-pacaraima\/#breadcrumb\",\"itemListElement\":[{\"@type\":\"ListItem\",\"position\":1,\"name\":\"Home\",\"item\":\"https:\/\/www.missoeshumanitarias.org\/en\/\"},{\"@type\":\"ListItem\",\"position\":2,\"name\":\"Army Major Chief visits the shelters of Pacaraima\"}]},{\"@type\":\"WebSite\",\"@id\":\"https:\/\/www.missoeshumanitarias.org\/es\/#website\",\"url\":\"https:\/\/www.missoeshumanitarias.org\/es\/\",\"name\":\"Fraternidade Miss\u00f5es Humanit\u00e1rias Internacionais\",\"description\":\"Respostas Humanit\u00e1rias e Emerg\u00eancias\",\"publisher\":{\"@id\":\"https:\/\/www.missoeshumanitarias.org\/es\/#organization\"},\"potentialAction\":[{\"@type\":\"SearchAction\",\"target\":{\"@type\":\"EntryPoint\",\"urlTemplate\":\"https:\/\/www.missoeshumanitarias.org\/es\/?s={search_term_string}\"},\"query-input\":\"required name=search_term_string\"}],\"inLanguage\":\"en-US\"},{\"@type\":\"Organization\",\"@id\":\"https:\/\/www.missoeshumanitarias.org\/es\/#organization\",\"name\":\"Fraternidade - Miss\u00f5es Humanit\u00e1rias Internacionais\",\"url\":\"https:\/\/www.missoeshumanitarias.org\/es\/\",\"logo\":{\"@type\":\"ImageObject\",\"inLanguage\":\"en-US\",\"@id\":\"https:\/\/www.missoeshumanitarias.org\/es\/#\/schema\/logo\/image\/\",\"url\":\"https:\/\/www.missoeshumanitarias.org\/wp-content\/uploads\/2020\/05\/logo-FMHI-mg.png\",\"contentUrl\":\"https:\/\/www.missoeshumanitarias.org\/wp-content\/uploads\/2020\/05\/logo-FMHI-mg.png\",\"width\":520,\"height\":134,\"caption\":\"Fraternidade - Miss\u00f5es Humanit\u00e1rias Internacionais\"},\"image\":{\"@id\":\"https:\/\/www.missoeshumanitarias.org\/es\/#\/schema\/logo\/image\/\"}},{\"@type\":\"Person\",\"@id\":\"https:\/\/www.missoeshumanitarias.org\/es\/#\/schema\/person\/e0f8527323154d1eba9f9d9eb6b401f7\",\"name\":\"maducato_admin\",\"image\":{\"@type\":\"ImageObject\",\"inLanguage\":\"en-US\",\"@id\":\"https:\/\/www.missoeshumanitarias.org\/es\/#\/schema\/person\/image\/\",\"url\":\"https:\/\/secure.gravatar.com\/avatar\/6c3b45186a8f5a459d8e14c7fca370bceae92402bc06171d75e4e559b6c24393?s=96&d=mm&r=g\",\"contentUrl\":\"https:\/\/secure.gravatar.com\/avatar\/6c3b45186a8f5a459d8e14c7fca370bceae92402bc06171d75e4e559b6c24393?s=96&d=mm&r=g\",\"caption\":\"maducato_admin\"}}]}<\/script>\n<!-- \/ Yoast SEO Premium plugin. -->","yoast_head_json":{"title":"Army Major Chief visits the shelters of Pacaraima - Fraternidade Miss\u00f5es Humanit\u00e1rias Internacionais","robots":{"index":"index","follow":"follow","max-snippet":"max-snippet:-1","max-image-preview":"max-image-preview:large","max-video-preview":"max-video-preview:-1"},"canonical":"https:\/\/www.missoeshumanitarias.org\/en\/army-major-chief-visits-the-shelters-of-pacaraima\/","og_locale":"en_US","og_type":"article","og_title":"Army Major Chief visits the shelters of Pacaraima","og_description":"On January 9,\u00a0Acolhida (Welcome) Operation, a humanitarian response carried out by the\u00a0Ministries\u00a0of Defense\u00a0and\u00a0of Citizenship\u00a0together with other agencies, received a visit from the Army Major Chief, General Braga Neto, for the purpose of personally getting to know about the structure, the functioning of the shelters, and the work that is being done there by the\u00a0Armed Forces. [&hellip;]","og_url":"https:\/\/www.missoeshumanitarias.org\/en\/army-major-chief-visits-the-shelters-of-pacaraima\/","og_site_name":"Fraternidade Miss\u00f5es Humanit\u00e1rias Internacionais","article_published_time":"2020-01-12T03:00:00+00:00","article_modified_time":"2021-09-16T10:01:45+00:00","og_image":[{"width":1000,"height":750,"url":"https:\/\/www.missoeshumanitarias.org\/wp-content\/uploads\/2021\/08\/img-visita-chefe-estado-maior-pararaima01.jpg","type":"image\/jpeg"}],"author":"maducato_admin","twitter_card":"summary_large_image","twitter_misc":{"Written by":"maducato_admin","Est. reading time":"1 minute"},"schema":{"@context":"https:\/\/schema.org","@graph":[{"@type":"Article","@id":"https:\/\/www.missoeshumanitarias.org\/en\/army-major-chief-visits-the-shelters-of-pacaraima\/#article","isPartOf":{"@id":"https:\/\/www.missoeshumanitarias.org\/en\/army-major-chief-visits-the-shelters-of-pacaraima\/"},"author":{"name":"maducato_admin","@id":"https:\/\/www.missoeshumanitarias.org\/es\/#\/schema\/person\/e0f8527323154d1eba9f9d9eb6b401f7"},"headline":"Army Major Chief visits the shelters of Pacaraima","datePublished":"2020-01-12T03:00:00+00:00","dateModified":"2021-09-16T10:01:45+00:00","mainEntityOfPage":{"@id":"https:\/\/www.missoeshumanitarias.org\/en\/army-major-chief-visits-the-shelters-of-pacaraima\/"},"wordCount":263,"commentCount":0,"publisher":{"@id":"https:\/\/www.missoeshumanitarias.org\/es\/#organization"},"image":{"@id":"https:\/\/www.missoeshumanitarias.org\/en\/army-major-chief-visits-the-shelters-of-pacaraima\/#primaryimage"},"thumbnailUrl":"https:\/\/www.missoeshumanitarias.org\/wp-content\/uploads\/2021\/08\/img-visita-chefe-estado-maior-pararaima01.jpg","articleSection":["News","News about the Missions"],"inLanguage":"en-US","potentialAction":[{"@type":"CommentAction","name":"Comment","target":["https:\/\/www.missoeshumanitarias.org\/en\/army-major-chief-visits-the-shelters-of-pacaraima\/#respond"]}]},{"@type":"WebPage","@id":"https:\/\/www.missoeshumanitarias.org\/en\/army-major-chief-visits-the-shelters-of-pacaraima\/","url":"https:\/\/www.missoeshumanitarias.org\/en\/army-major-chief-visits-the-shelters-of-pacaraima\/","name":"Army Major Chief visits the shelters of Pacaraima - Fraternidade Miss\u00f5es Humanit\u00e1rias Internacionais","isPartOf":{"@id":"https:\/\/www.missoeshumanitarias.org\/es\/#website"},"primaryImageOfPage":{"@id":"https:\/\/www.missoeshumanitarias.org\/en\/army-major-chief-visits-the-shelters-of-pacaraima\/#primaryimage"},"image":{"@id":"https:\/\/www.missoeshumanitarias.org\/en\/army-major-chief-visits-the-shelters-of-pacaraima\/#primaryimage"},"thumbnailUrl":"https:\/\/www.missoeshumanitarias.org\/wp-content\/uploads\/2021\/08\/img-visita-chefe-estado-maior-pararaima01.jpg","datePublished":"2020-01-12T03:00:00+00:00","dateModified":"2021-09-16T10:01:45+00:00","breadcrumb":{"@id":"https:\/\/www.missoeshumanitarias.org\/en\/army-major-chief-visits-the-shelters-of-pacaraima\/#breadcrumb"},"inLanguage":"en-US","potentialAction":[{"@type":"ReadAction","target":["https:\/\/www.missoeshumanitarias.org\/en\/army-major-chief-visits-the-shelters-of-pacaraima\/"]}]},{"@type":"ImageObject","inLanguage":"en-US","@id":"https:\/\/www.missoeshumanitarias.org\/en\/army-major-chief-visits-the-shelters-of-pacaraima\/#primaryimage","url":"https:\/\/www.missoeshumanitarias.org\/wp-content\/uploads\/2021\/08\/img-visita-chefe-estado-maior-pararaima01.jpg","contentUrl":"https:\/\/www.missoeshumanitarias.org\/wp-content\/uploads\/2021\/08\/img-visita-chefe-estado-maior-pararaima01.jpg","width":1000,"height":750},{"@type":"BreadcrumbList","@id":"https:\/\/www.missoeshumanitarias.org\/en\/army-major-chief-visits-the-shelters-of-pacaraima\/#breadcrumb","itemListElement":[{"@type":"ListItem","position":1,"name":"Home","item":"https:\/\/www.missoeshumanitarias.org\/en\/"},{"@type":"ListItem","position":2,"name":"Army Major Chief visits the shelters of Pacaraima"}]},{"@type":"WebSite","@id":"https:\/\/www.missoeshumanitarias.org\/es\/#website","url":"https:\/\/www.missoeshumanitarias.org\/es\/","name":"Fraternidade Miss\u00f5es Humanit\u00e1rias Internacionais","description":"Respostas Humanit\u00e1rias e Emerg\u00eancias","publisher":{"@id":"https:\/\/www.missoeshumanitarias.org\/es\/#organization"},"potentialAction":[{"@type":"SearchAction","target":{"@type":"EntryPoint","urlTemplate":"https:\/\/www.missoeshumanitarias.org\/es\/?s={search_term_string}"},"query-input":"required name=search_term_string"}],"inLanguage":"en-US"},{"@type":"Organization","@id":"https:\/\/www.missoeshumanitarias.org\/es\/#organization","name":"Fraternidade - Miss\u00f5es Humanit\u00e1rias Internacionais","url":"https:\/\/www.missoeshumanitarias.org\/es\/","logo":{"@type":"ImageObject","inLanguage":"en-US","@id":"https:\/\/www.missoeshumanitarias.org\/es\/#\/schema\/logo\/image\/","url":"https:\/\/www.missoeshumanitarias.org\/wp-content\/uploads\/2020\/05\/logo-FMHI-mg.png","contentUrl":"https:\/\/www.missoeshumanitarias.org\/wp-content\/uploads\/2020\/05\/logo-FMHI-mg.png","width":520,"height":134,"caption":"Fraternidade - Miss\u00f5es Humanit\u00e1rias Internacionais"},"image":{"@id":"https:\/\/www.missoeshumanitarias.org\/es\/#\/schema\/logo\/image\/"}},{"@type":"Person","@id":"https:\/\/www.missoeshumanitarias.org\/es\/#\/schema\/person\/e0f8527323154d1eba9f9d9eb6b401f7","name":"maducato_admin","image":{"@type":"ImageObject","inLanguage":"en-US","@id":"https:\/\/www.missoeshumanitarias.org\/es\/#\/schema\/person\/image\/","url":"https:\/\/secure.gravatar.com\/avatar\/6c3b45186a8f5a459d8e14c7fca370bceae92402bc06171d75e4e559b6c24393?s=96&d=mm&r=g","contentUrl":"https:\/\/secure.gravatar.com\/avatar\/6c3b45186a8f5a459d8e14c7fca370bceae92402bc06171d75e4e559b6c24393?s=96&d=mm&r=g","caption":"maducato_admin"}}]}},"_links":{"self":[{"href":"https:\/\/www.missoeshumanitarias.org\/en\/wp-json\/wp\/v2\/posts\/131314","targetHints":{"allow":["GET"]}}],"collection":[{"href":"https:\/\/www.missoeshumanitarias.org\/en\/wp-json\/wp\/v2\/posts"}],"about":[{"href":"https:\/\/www.missoeshumanitarias.org\/en\/wp-json\/wp\/v2\/types\/post"}],"author":[{"embeddable":true,"href":"https:\/\/www.missoeshumanitarias.org\/en\/wp-json\/wp\/v2\/users\/1"}],"replies":[{"embeddable":true,"href":"https:\/\/www.missoeshumanitarias.org\/en\/wp-json\/wp\/v2\/comments?post=131314"}],"version-history":[{"count":0,"href":"https:\/\/www.missoeshumanitarias.org\/en\/wp-json\/wp\/v2\/posts\/131314\/revisions"}],"wp:featuredmedia":[{"embeddable":true,"href":"https:\/\/www.missoeshumanitarias.org\/en\/wp-json\/wp\/v2\/media\/129315"}],"wp:attachment":[{"href":"https:\/\/www.missoeshumanitarias.org\/en\/wp-json\/wp\/v2\/media?parent=131314"}],"wp:term":[{"taxonomy":"category","embeddable":true,"href":"https:\/\/www.missoeshumanitarias.org\/en\/wp-json\/wp\/v2\/categories?post=131314"},{"taxonomy":"post_tag","embeddable":true,"href":"https:\/\/www.missoeshumanitarias.org\/en\/wp-json\/wp\/v2\/tags?post=131314"}],"curies":[{"name":"wp","href":"https:\/\/api.w.org\/{rel}","templated":true}]}}