{"id":131318,"date":"2020-01-30T01:57:17","date_gmt":"2020-01-30T04:57:17","guid":{"rendered":"https:\/\/www.missoeshumanitarias.org\/educational-training-in-the-roraima-mission\/"},"modified":"2020-01-30T01:57:17","modified_gmt":"2020-01-30T04:57:17","slug":"educational-training-in-the-roraima-mission","status":"publish","type":"post","link":"https:\/\/www.missoeshumanitarias.org\/en\/educational-training-in-the-roraima-mission\/","title":{"rendered":"Educational Training in the Roraima Mission"},"content":{"rendered":"<p style=\"text-align: center;\"><i>At the beginning of this year, on January 6 to 10, the\u00a0<a href=\"https:\/\/www.fraterinternacional.org\/en\/about-us\/\"><b>Fraternidade \u2013 International Humanitarian Federation FIHF<\/b><\/a>\u00a0sponsored a <span style=\"color: #000000;\"><strong>\u201cMeeting about Educational Practices for Humanitarian Missions\u201d<\/strong><\/span> in the\u00a0<a href=\"https:\/\/www.fraterinternacional.org\/en\/roraima-mission\/\"><b>Roraima Mission<\/b><\/a>, which, since 2016, has been taking care of the Venezuelan immigrants. With this meeting, the FIHF gave continuity to the training of the missionaries that are active in the area of education.<\/i><\/p>\n<p><a href=\"https:\/\/www.missoeshumanitarias.org\/wp-content\/uploads\/2021\/08\/img-curso-pedagogia-roraima05.jpeg\"><img fetchpriority=\"high\" decoding=\"async\" class=\"size-full wp-image-111075 aligncenter\" src=\"https:\/\/www.missoeshumanitarias.org\/wp-content\/uploads\/2021\/08\/img-curso-pedagogia-roraima05.jpeg\" alt=\"Curso de Pedagogia em Roraima\" width=\"1000\" height=\"666\" \/><\/a><\/p>\n<p style=\"font-weight: 400; text-align: justify;\">Since 2019, these meetings have been taking place in the city of Boa Vista, with the intention of training the team of 12 missionaries that work with the children and young people that go through the shelters under the management of the\u00a0<span style=\"color: #000000;\"><b><strong>Fraternidade FIHF<\/strong><\/b><\/span><\/p>\n<p style=\"font-weight: 400; text-align: justify;\">The purpose of the training is to make the educational environment \u2013 in teaching and in playing \u2013 a means for welcoming and caring for the Venezuelan children in the context of the humanitarian crisis who have migrated to Brazil, making it possible to create a feeling of security and normality for rebuilding their lives.<\/p>\n<p><a href=\"https:\/\/www.missoeshumanitarias.org\/wp-content\/uploads\/2021\/08\/img-curso-pedagogia-roraima02.jpeg\"><img decoding=\"async\" class=\"size-full wp-image-111066 aligncenter\" src=\"https:\/\/www.missoeshumanitarias.org\/wp-content\/uploads\/2021\/08\/img-curso-pedagogia-roraima02.jpeg\" alt=\"Curso de Pedagogia em Roraima\" width=\"1000\" height=\"666\" \/><\/a><\/p>\n<p style=\"font-weight: 400; text-align: justify;\">This is a great challenge, because it is necessary to permanently revitalize the available physical environment, seeking harmony for the rebuilding of resilience in the children and young people being cared for.<\/p>\n<p style=\"font-weight: 400; text-align: justify;\"><em>\u201cThis meeting was based on activities and practical experience, where the art educators had the possibility of accessing their inner personal reality to better understand the situation of those being cared for, through rhythmic movements, songs, drawing, handcrafts,\u201d\u00a0<\/em>explained Acacia, coordinator of the training team, reflecting upon the importance of the childhood stage, an essential perido of existence that has need of special protection and care.<\/p>\n<p style=\"font-weight: 400; text-align: justify;\"><em>\u201cThe training taught how to structure a classroom, contemplating the child\u2019s areas of feelings, thinking, and acting, suggesting that the art educators \u201cbecome\u201d the child, waking up their own creative potential, and, in this way, drawing closer to the essence of childhood,\u201d\u00a0<\/em>she commented.<\/p>\n<p><a href=\"https:\/\/www.missoeshumanitarias.org\/wp-content\/uploads\/2021\/08\/img-curso-pedagogia-roraima06.jpeg\"><img decoding=\"async\" class=\"size-full wp-image-111078 aligncenter\" src=\"https:\/\/www.missoeshumanitarias.org\/wp-content\/uploads\/2021\/08\/img-curso-pedagogia-roraima06.jpeg\" alt=\"Curso de Pedagogia em Roraima\" width=\"1000\" height=\"750\" \/><\/a><\/p>\n<p style=\"font-weight: 400; text-align: justify;\">Dr. Daniela Boaventura, a pediatrician doctor that is part of the training team, commented:\u00a0<em>\u201cwe brought to the art educators a way of seeing how to work with children and young people, indicating the parameters for normality in each stage of child development and stimulating the awakening of a sensitivity for perceiving changes in behavior, symptoms and health signs that are typical of a situation of immigration and refugee status that the indigenous and non-indigenous Venezuelans are experiencing. In this way of observing, we brought some expansion in the protection of the children and adolescents.\u201d<\/em><\/p>\n<p style=\"font-weight: 400; text-align: justify;\">Khatery, also a member of the team, with training in Germany in\u00a0<a href=\"http:\/\/pedagogiadeemergencia.org\/a-pedagogia\/\"><b><strong>Emergency Pedagogy<\/strong><\/b><\/a>\u2013 one of the branches of Anthroposophy \u2013 participated by bringing artistic expression as a means of interaction, with the purpose of releasing the traumas that may have been established in the children and adolescents.<\/p>\n<p><a href=\"https:\/\/www.missoeshumanitarias.org\/wp-content\/uploads\/2021\/08\/img-curso-pedagogia-roraima03.jpeg\"><img loading=\"lazy\" decoding=\"async\" class=\"size-full wp-image-111069 aligncenter\" src=\"https:\/\/www.missoeshumanitarias.org\/wp-content\/uploads\/2021\/08\/img-curso-pedagogia-roraima03.jpeg\" alt=\"Curso de Pedagogia em Roraima\" width=\"1000\" height=\"562\" \/><\/a><\/p>\n<p style=\"text-align: justify;\">This work was a partnership between the<a href=\"https:\/\/institutomahle.org.br\/\"><span style=\"text-decoration: underline;\">\u00a0<b>Mahle Institute<\/b><\/span><\/a>\u00a0and the\u00a0<a href=\"https:\/\/www.fraterinternacional.org\/en\/about-us\/\"><b>Fraternidade FIHF<\/b><\/a>, within The Common Good Project developed by the latter since 2018 in the humanitarian response to the Venezuelan situation in the States of Roraima and Amazonas. The project also includes the donations of school materials, educational toys, equipment and improvements in the infrastructure for the classrooms of the indigenous shelter Pintol\u00e2ndia.<\/p>\n<p><a href=\"https:\/\/www.missoeshumanitarias.org\/wp-content\/uploads\/2021\/08\/img-curso-pedagogia-roraima01.jpeg\"><img loading=\"lazy\" decoding=\"async\" class=\"size-full wp-image-111063 aligncenter\" src=\"https:\/\/www.missoeshumanitarias.org\/wp-content\/uploads\/2021\/08\/img-curso-pedagogia-roraima01.jpeg\" alt=\"Curso de Pedagogia em Roraima\" width=\"1000\" height=\"750\" \/><\/a><\/p>\n<p style=\"font-weight: 400; text-align: justify;\">Raquel, an art educator missionary and coordinator of The Common Good Project, who also participated in the training, commented,\u00a0<em>\u201cthose meetings are very important for the educational training of the group, to apply in practice, providing relief for the suffering of \u00a0children and adolescents\u2026 It was as if we had returned to our childhood and were able to bring relief and healing to that child who was wounded. The feelings of lightness, of healing, of a more expanded breath, of the happiness of being a child with its spontaneity\u2026 of the hope for a better world\u2026 was described by most.\u201d<\/em><\/p>\n<p style=\"font-weight: 400; text-align: justify;\">With this further training, the\u00a0<span style=\"color: #000000;\"><b><strong>Fraternidade Humanit\u00e1ria FIHF<\/strong><\/b><\/span>\u00a0renews and expands its response to the Venezuelan immigrant population in Brazilian territory.<\/p>\n<p style=\"text-align: justify;\"><a href=\"https:\/\/www.fraterinternacional.org\/en\/roraima-mission\/\"><b><u>Find out more about our work in the Roraima Mission. Join us!<\/u><\/b><\/a><\/p>\n<p><a href=\"https:\/\/www.missoeshumanitarias.org\/wp-content\/uploads\/2021\/08\/img-curso-pedagogia-roraima04.jpeg\"><img loading=\"lazy\" decoding=\"async\" class=\"size-full wp-image-111072 aligncenter\" src=\"https:\/\/www.missoeshumanitarias.org\/wp-content\/uploads\/2021\/08\/img-curso-pedagogia-roraima04.jpeg\" alt=\"Curso de Pedagogia em Roraima\" width=\"1000\" height=\"666\" \/><\/a><\/p>\n","protected":false},"excerpt":{"rendered":"<p>At the beginning of this year, on January 6 to 10, the\u00a0Fraternidade \u2013 International Humanitarian Federation FIHF\u00a0sponsored a \u201cMeeting about Educational Practices for Humanitarian Missions\u201d in the\u00a0Roraima Mission, which, since 2016, has been taking care of the Venezuelan immigrants. With this meeting, the FIHF gave continuity to the training of the missionaries that are active [&hellip;]<\/p>\n","protected":false},"author":1,"featured_media":129332,"comment_status":"open","ping_status":"open","sticky":false,"template":"","format":"standard","meta":{"footnotes":""},"categories":[9,132],"tags":[],"class_list":["post-131318","post","type-post","status-publish","format-standard","has-post-thumbnail","hentry","category-news","category-news-about-the-missions"],"featured_image_src":"https:\/\/www.missoeshumanitarias.org\/wp-content\/uploads\/2021\/08\/img-curso-pedagogia-roraima05.jpeg","author_info":{"display_name":"maducato_admin","author_link":"https:\/\/www.missoeshumanitarias.org\/en\/author\/maducato_admin\/"},"yoast_head":"<!-- This site is optimized with the Yoast SEO Premium plugin v22.5 (Yoast SEO v22.5) - https:\/\/yoast.com\/wordpress\/plugins\/seo\/ -->\n<title>Educational Training in the Roraima Mission - Fraternidade Miss\u00f5es Humanit\u00e1rias Internacionais<\/title>\n<meta name=\"robots\" content=\"index, follow, max-snippet:-1, max-image-preview:large, max-video-preview:-1\" \/>\n<link rel=\"canonical\" href=\"https:\/\/www.missoeshumanitarias.org\/en\/educational-training-in-the-roraima-mission\/\" \/>\n<meta property=\"og:locale\" content=\"en_US\" \/>\n<meta property=\"og:type\" content=\"article\" \/>\n<meta property=\"og:title\" content=\"Educational Training in the Roraima Mission\" \/>\n<meta property=\"og:description\" content=\"At the beginning of this year, on January 6 to 10, the\u00a0Fraternidade \u2013 International Humanitarian Federation FIHF\u00a0sponsored a \u201cMeeting about Educational Practices for Humanitarian Missions\u201d in the\u00a0Roraima Mission, which, since 2016, has been taking care of the Venezuelan immigrants. With this meeting, the FIHF gave continuity to the training of the missionaries that are active [&hellip;]\" \/>\n<meta property=\"og:url\" content=\"https:\/\/www.missoeshumanitarias.org\/en\/educational-training-in-the-roraima-mission\/\" \/>\n<meta property=\"og:site_name\" content=\"Fraternidade Miss\u00f5es Humanit\u00e1rias Internacionais\" \/>\n<meta property=\"article:published_time\" content=\"2020-01-30T04:57:17+00:00\" \/>\n<meta property=\"og:image\" content=\"https:\/\/www.missoeshumanitarias.org\/wp-content\/uploads\/2021\/08\/img-curso-pedagogia-roraima05.jpeg\" \/>\n\t<meta property=\"og:image:width\" content=\"1000\" \/>\n\t<meta property=\"og:image:height\" content=\"666\" \/>\n\t<meta property=\"og:image:type\" content=\"image\/jpeg\" \/>\n<meta name=\"author\" content=\"maducato_admin\" \/>\n<meta name=\"twitter:card\" content=\"summary_large_image\" \/>\n<meta name=\"twitter:label1\" content=\"Written by\" \/>\n\t<meta name=\"twitter:data1\" content=\"maducato_admin\" \/>\n\t<meta name=\"twitter:label2\" content=\"Est. reading time\" \/>\n\t<meta name=\"twitter:data2\" content=\"3 minutes\" \/>\n<script type=\"application\/ld+json\" class=\"yoast-schema-graph\">{\"@context\":\"https:\/\/schema.org\",\"@graph\":[{\"@type\":\"Article\",\"@id\":\"https:\/\/www.missoeshumanitarias.org\/en\/educational-training-in-the-roraima-mission\/#article\",\"isPartOf\":{\"@id\":\"https:\/\/www.missoeshumanitarias.org\/en\/educational-training-in-the-roraima-mission\/\"},\"author\":{\"name\":\"maducato_admin\",\"@id\":\"https:\/\/www.missoeshumanitarias.org\/es\/#\/schema\/person\/e0f8527323154d1eba9f9d9eb6b401f7\"},\"headline\":\"Educational Training in the Roraima Mission\",\"datePublished\":\"2020-01-30T04:57:17+00:00\",\"dateModified\":\"2020-01-30T04:57:17+00:00\",\"mainEntityOfPage\":{\"@id\":\"https:\/\/www.missoeshumanitarias.org\/en\/educational-training-in-the-roraima-mission\/\"},\"wordCount\":643,\"commentCount\":0,\"publisher\":{\"@id\":\"https:\/\/www.missoeshumanitarias.org\/es\/#organization\"},\"image\":{\"@id\":\"https:\/\/www.missoeshumanitarias.org\/en\/educational-training-in-the-roraima-mission\/#primaryimage\"},\"thumbnailUrl\":\"https:\/\/www.missoeshumanitarias.org\/wp-content\/uploads\/2021\/08\/img-curso-pedagogia-roraima05.jpeg\",\"articleSection\":[\"News\",\"News about the Missions\"],\"inLanguage\":\"en-US\",\"potentialAction\":[{\"@type\":\"CommentAction\",\"name\":\"Comment\",\"target\":[\"https:\/\/www.missoeshumanitarias.org\/en\/educational-training-in-the-roraima-mission\/#respond\"]}]},{\"@type\":\"WebPage\",\"@id\":\"https:\/\/www.missoeshumanitarias.org\/en\/educational-training-in-the-roraima-mission\/\",\"url\":\"https:\/\/www.missoeshumanitarias.org\/en\/educational-training-in-the-roraima-mission\/\",\"name\":\"Educational Training in the Roraima Mission - Fraternidade Miss\u00f5es Humanit\u00e1rias Internacionais\",\"isPartOf\":{\"@id\":\"https:\/\/www.missoeshumanitarias.org\/es\/#website\"},\"primaryImageOfPage\":{\"@id\":\"https:\/\/www.missoeshumanitarias.org\/en\/educational-training-in-the-roraima-mission\/#primaryimage\"},\"image\":{\"@id\":\"https:\/\/www.missoeshumanitarias.org\/en\/educational-training-in-the-roraima-mission\/#primaryimage\"},\"thumbnailUrl\":\"https:\/\/www.missoeshumanitarias.org\/wp-content\/uploads\/2021\/08\/img-curso-pedagogia-roraima05.jpeg\",\"datePublished\":\"2020-01-30T04:57:17+00:00\",\"dateModified\":\"2020-01-30T04:57:17+00:00\",\"breadcrumb\":{\"@id\":\"https:\/\/www.missoeshumanitarias.org\/en\/educational-training-in-the-roraima-mission\/#breadcrumb\"},\"inLanguage\":\"en-US\",\"potentialAction\":[{\"@type\":\"ReadAction\",\"target\":[\"https:\/\/www.missoeshumanitarias.org\/en\/educational-training-in-the-roraima-mission\/\"]}]},{\"@type\":\"ImageObject\",\"inLanguage\":\"en-US\",\"@id\":\"https:\/\/www.missoeshumanitarias.org\/en\/educational-training-in-the-roraima-mission\/#primaryimage\",\"url\":\"https:\/\/www.missoeshumanitarias.org\/wp-content\/uploads\/2021\/08\/img-curso-pedagogia-roraima05.jpeg\",\"contentUrl\":\"https:\/\/www.missoeshumanitarias.org\/wp-content\/uploads\/2021\/08\/img-curso-pedagogia-roraima05.jpeg\",\"width\":1000,\"height\":666},{\"@type\":\"BreadcrumbList\",\"@id\":\"https:\/\/www.missoeshumanitarias.org\/en\/educational-training-in-the-roraima-mission\/#breadcrumb\",\"itemListElement\":[{\"@type\":\"ListItem\",\"position\":1,\"name\":\"Home\",\"item\":\"https:\/\/www.missoeshumanitarias.org\/en\/\"},{\"@type\":\"ListItem\",\"position\":2,\"name\":\"Educational Training in the Roraima Mission\"}]},{\"@type\":\"WebSite\",\"@id\":\"https:\/\/www.missoeshumanitarias.org\/es\/#website\",\"url\":\"https:\/\/www.missoeshumanitarias.org\/es\/\",\"name\":\"Fraternidade Miss\u00f5es Humanit\u00e1rias Internacionais\",\"description\":\"Respostas Humanit\u00e1rias e Emerg\u00eancias\",\"publisher\":{\"@id\":\"https:\/\/www.missoeshumanitarias.org\/es\/#organization\"},\"potentialAction\":[{\"@type\":\"SearchAction\",\"target\":{\"@type\":\"EntryPoint\",\"urlTemplate\":\"https:\/\/www.missoeshumanitarias.org\/es\/?s={search_term_string}\"},\"query-input\":\"required name=search_term_string\"}],\"inLanguage\":\"en-US\"},{\"@type\":\"Organization\",\"@id\":\"https:\/\/www.missoeshumanitarias.org\/es\/#organization\",\"name\":\"Fraternidade - Miss\u00f5es Humanit\u00e1rias Internacionais\",\"url\":\"https:\/\/www.missoeshumanitarias.org\/es\/\",\"logo\":{\"@type\":\"ImageObject\",\"inLanguage\":\"en-US\",\"@id\":\"https:\/\/www.missoeshumanitarias.org\/es\/#\/schema\/logo\/image\/\",\"url\":\"https:\/\/www.missoeshumanitarias.org\/wp-content\/uploads\/2020\/05\/logo-FMHI-mg.png\",\"contentUrl\":\"https:\/\/www.missoeshumanitarias.org\/wp-content\/uploads\/2020\/05\/logo-FMHI-mg.png\",\"width\":520,\"height\":134,\"caption\":\"Fraternidade - Miss\u00f5es Humanit\u00e1rias Internacionais\"},\"image\":{\"@id\":\"https:\/\/www.missoeshumanitarias.org\/es\/#\/schema\/logo\/image\/\"}},{\"@type\":\"Person\",\"@id\":\"https:\/\/www.missoeshumanitarias.org\/es\/#\/schema\/person\/e0f8527323154d1eba9f9d9eb6b401f7\",\"name\":\"maducato_admin\",\"image\":{\"@type\":\"ImageObject\",\"inLanguage\":\"en-US\",\"@id\":\"https:\/\/www.missoeshumanitarias.org\/es\/#\/schema\/person\/image\/\",\"url\":\"https:\/\/secure.gravatar.com\/avatar\/6c3b45186a8f5a459d8e14c7fca370bceae92402bc06171d75e4e559b6c24393?s=96&d=mm&r=g\",\"contentUrl\":\"https:\/\/secure.gravatar.com\/avatar\/6c3b45186a8f5a459d8e14c7fca370bceae92402bc06171d75e4e559b6c24393?s=96&d=mm&r=g\",\"caption\":\"maducato_admin\"}}]}<\/script>\n<!-- \/ Yoast SEO Premium plugin. -->","yoast_head_json":{"title":"Educational Training in the Roraima Mission - Fraternidade Miss\u00f5es Humanit\u00e1rias Internacionais","robots":{"index":"index","follow":"follow","max-snippet":"max-snippet:-1","max-image-preview":"max-image-preview:large","max-video-preview":"max-video-preview:-1"},"canonical":"https:\/\/www.missoeshumanitarias.org\/en\/educational-training-in-the-roraima-mission\/","og_locale":"en_US","og_type":"article","og_title":"Educational Training in the Roraima Mission","og_description":"At the beginning of this year, on January 6 to 10, the\u00a0Fraternidade \u2013 International Humanitarian Federation FIHF\u00a0sponsored a \u201cMeeting about Educational Practices for Humanitarian Missions\u201d in the\u00a0Roraima Mission, which, since 2016, has been taking care of the Venezuelan immigrants. With this meeting, the FIHF gave continuity to the training of the missionaries that are active [&hellip;]","og_url":"https:\/\/www.missoeshumanitarias.org\/en\/educational-training-in-the-roraima-mission\/","og_site_name":"Fraternidade Miss\u00f5es Humanit\u00e1rias Internacionais","article_published_time":"2020-01-30T04:57:17+00:00","og_image":[{"width":1000,"height":666,"url":"https:\/\/www.missoeshumanitarias.org\/wp-content\/uploads\/2021\/08\/img-curso-pedagogia-roraima05.jpeg","type":"image\/jpeg"}],"author":"maducato_admin","twitter_card":"summary_large_image","twitter_misc":{"Written by":"maducato_admin","Est. reading time":"3 minutes"},"schema":{"@context":"https:\/\/schema.org","@graph":[{"@type":"Article","@id":"https:\/\/www.missoeshumanitarias.org\/en\/educational-training-in-the-roraima-mission\/#article","isPartOf":{"@id":"https:\/\/www.missoeshumanitarias.org\/en\/educational-training-in-the-roraima-mission\/"},"author":{"name":"maducato_admin","@id":"https:\/\/www.missoeshumanitarias.org\/es\/#\/schema\/person\/e0f8527323154d1eba9f9d9eb6b401f7"},"headline":"Educational Training in the Roraima Mission","datePublished":"2020-01-30T04:57:17+00:00","dateModified":"2020-01-30T04:57:17+00:00","mainEntityOfPage":{"@id":"https:\/\/www.missoeshumanitarias.org\/en\/educational-training-in-the-roraima-mission\/"},"wordCount":643,"commentCount":0,"publisher":{"@id":"https:\/\/www.missoeshumanitarias.org\/es\/#organization"},"image":{"@id":"https:\/\/www.missoeshumanitarias.org\/en\/educational-training-in-the-roraima-mission\/#primaryimage"},"thumbnailUrl":"https:\/\/www.missoeshumanitarias.org\/wp-content\/uploads\/2021\/08\/img-curso-pedagogia-roraima05.jpeg","articleSection":["News","News about the Missions"],"inLanguage":"en-US","potentialAction":[{"@type":"CommentAction","name":"Comment","target":["https:\/\/www.missoeshumanitarias.org\/en\/educational-training-in-the-roraima-mission\/#respond"]}]},{"@type":"WebPage","@id":"https:\/\/www.missoeshumanitarias.org\/en\/educational-training-in-the-roraima-mission\/","url":"https:\/\/www.missoeshumanitarias.org\/en\/educational-training-in-the-roraima-mission\/","name":"Educational Training in the Roraima Mission - Fraternidade Miss\u00f5es Humanit\u00e1rias Internacionais","isPartOf":{"@id":"https:\/\/www.missoeshumanitarias.org\/es\/#website"},"primaryImageOfPage":{"@id":"https:\/\/www.missoeshumanitarias.org\/en\/educational-training-in-the-roraima-mission\/#primaryimage"},"image":{"@id":"https:\/\/www.missoeshumanitarias.org\/en\/educational-training-in-the-roraima-mission\/#primaryimage"},"thumbnailUrl":"https:\/\/www.missoeshumanitarias.org\/wp-content\/uploads\/2021\/08\/img-curso-pedagogia-roraima05.jpeg","datePublished":"2020-01-30T04:57:17+00:00","dateModified":"2020-01-30T04:57:17+00:00","breadcrumb":{"@id":"https:\/\/www.missoeshumanitarias.org\/en\/educational-training-in-the-roraima-mission\/#breadcrumb"},"inLanguage":"en-US","potentialAction":[{"@type":"ReadAction","target":["https:\/\/www.missoeshumanitarias.org\/en\/educational-training-in-the-roraima-mission\/"]}]},{"@type":"ImageObject","inLanguage":"en-US","@id":"https:\/\/www.missoeshumanitarias.org\/en\/educational-training-in-the-roraima-mission\/#primaryimage","url":"https:\/\/www.missoeshumanitarias.org\/wp-content\/uploads\/2021\/08\/img-curso-pedagogia-roraima05.jpeg","contentUrl":"https:\/\/www.missoeshumanitarias.org\/wp-content\/uploads\/2021\/08\/img-curso-pedagogia-roraima05.jpeg","width":1000,"height":666},{"@type":"BreadcrumbList","@id":"https:\/\/www.missoeshumanitarias.org\/en\/educational-training-in-the-roraima-mission\/#breadcrumb","itemListElement":[{"@type":"ListItem","position":1,"name":"Home","item":"https:\/\/www.missoeshumanitarias.org\/en\/"},{"@type":"ListItem","position":2,"name":"Educational Training in the Roraima Mission"}]},{"@type":"WebSite","@id":"https:\/\/www.missoeshumanitarias.org\/es\/#website","url":"https:\/\/www.missoeshumanitarias.org\/es\/","name":"Fraternidade Miss\u00f5es Humanit\u00e1rias Internacionais","description":"Respostas Humanit\u00e1rias e Emerg\u00eancias","publisher":{"@id":"https:\/\/www.missoeshumanitarias.org\/es\/#organization"},"potentialAction":[{"@type":"SearchAction","target":{"@type":"EntryPoint","urlTemplate":"https:\/\/www.missoeshumanitarias.org\/es\/?s={search_term_string}"},"query-input":"required name=search_term_string"}],"inLanguage":"en-US"},{"@type":"Organization","@id":"https:\/\/www.missoeshumanitarias.org\/es\/#organization","name":"Fraternidade - Miss\u00f5es Humanit\u00e1rias Internacionais","url":"https:\/\/www.missoeshumanitarias.org\/es\/","logo":{"@type":"ImageObject","inLanguage":"en-US","@id":"https:\/\/www.missoeshumanitarias.org\/es\/#\/schema\/logo\/image\/","url":"https:\/\/www.missoeshumanitarias.org\/wp-content\/uploads\/2020\/05\/logo-FMHI-mg.png","contentUrl":"https:\/\/www.missoeshumanitarias.org\/wp-content\/uploads\/2020\/05\/logo-FMHI-mg.png","width":520,"height":134,"caption":"Fraternidade - Miss\u00f5es Humanit\u00e1rias Internacionais"},"image":{"@id":"https:\/\/www.missoeshumanitarias.org\/es\/#\/schema\/logo\/image\/"}},{"@type":"Person","@id":"https:\/\/www.missoeshumanitarias.org\/es\/#\/schema\/person\/e0f8527323154d1eba9f9d9eb6b401f7","name":"maducato_admin","image":{"@type":"ImageObject","inLanguage":"en-US","@id":"https:\/\/www.missoeshumanitarias.org\/es\/#\/schema\/person\/image\/","url":"https:\/\/secure.gravatar.com\/avatar\/6c3b45186a8f5a459d8e14c7fca370bceae92402bc06171d75e4e559b6c24393?s=96&d=mm&r=g","contentUrl":"https:\/\/secure.gravatar.com\/avatar\/6c3b45186a8f5a459d8e14c7fca370bceae92402bc06171d75e4e559b6c24393?s=96&d=mm&r=g","caption":"maducato_admin"}}]}},"_links":{"self":[{"href":"https:\/\/www.missoeshumanitarias.org\/en\/wp-json\/wp\/v2\/posts\/131318","targetHints":{"allow":["GET"]}}],"collection":[{"href":"https:\/\/www.missoeshumanitarias.org\/en\/wp-json\/wp\/v2\/posts"}],"about":[{"href":"https:\/\/www.missoeshumanitarias.org\/en\/wp-json\/wp\/v2\/types\/post"}],"author":[{"embeddable":true,"href":"https:\/\/www.missoeshumanitarias.org\/en\/wp-json\/wp\/v2\/users\/1"}],"replies":[{"embeddable":true,"href":"https:\/\/www.missoeshumanitarias.org\/en\/wp-json\/wp\/v2\/comments?post=131318"}],"version-history":[{"count":0,"href":"https:\/\/www.missoeshumanitarias.org\/en\/wp-json\/wp\/v2\/posts\/131318\/revisions"}],"wp:featuredmedia":[{"embeddable":true,"href":"https:\/\/www.missoeshumanitarias.org\/en\/wp-json\/wp\/v2\/media\/129332"}],"wp:attachment":[{"href":"https:\/\/www.missoeshumanitarias.org\/en\/wp-json\/wp\/v2\/media?parent=131318"}],"wp:term":[{"taxonomy":"category","embeddable":true,"href":"https:\/\/www.missoeshumanitarias.org\/en\/wp-json\/wp\/v2\/categories?post=131318"},{"taxonomy":"post_tag","embeddable":true,"href":"https:\/\/www.missoeshumanitarias.org\/en\/wp-json\/wp\/v2\/tags?post=131318"}],"curies":[{"name":"wp","href":"https:\/\/api.w.org\/{rel}","templated":true}]}}