{"id":131325,"date":"2020-02-17T20:14:31","date_gmt":"2020-02-17T23:14:31","guid":{"rendered":"https:\/\/www.missoeshumanitarias.org\/the-situation-of-venezuelans-in-colombia\/"},"modified":"2020-02-17T20:14:31","modified_gmt":"2020-02-17T23:14:31","slug":"the-situation-of-venezuelans-in-colombia","status":"publish","type":"post","link":"https:\/\/www.missoeshumanitarias.org\/en\/the-situation-of-venezuelans-in-colombia\/","title":{"rendered":"The Situation of Venezuelans in Colombia"},"content":{"rendered":"<p style=\"text-align: justify;\">With the intention of getting to know better the gaps in the humanitarian response and the real situation of the Venezuelan immigrants in Colombia, the\u00a0<a href=\"https:\/\/bethany.org\/\"><strong>Bethany Global Services<\/strong><\/a>agency organized some research in the cities of Bogota, Tunja, and Duitama, and invited the\u00a0<a href=\"https:\/\/www.fraterinternacional.org\/en\/humanitarian-missions\/\"><b>Fraternidade \u2013 International Humanitarian Missions (FIHM)<\/b><\/a>\u00a0to participate.<\/p>\n<p style=\"font-weight: 400; text-align: justify;\">The research was done on January 22 and 23, and 34 people were interviewed, including Colombians, Venezuelans, and employees of organizations that offer services to the immigrants.<\/p>\n<p style=\"font-weight: 400; text-align: justify;\">The lack of work is the greatest difficulty the interviewed Venezuelans have to face. They also report that they were unaware of the greater part of the assistance offered by the international agencies to the immigrants, and said that, in general, they feel welcomed by the Colombians, although some affirm having experienced prejudice and discrimination.<\/p>\n<p style=\"text-align: justify;\"><a href=\"https:\/\/www.fraterinternacional.org\/wp-content\/uploads\/2020\/02\/img-entrevistas-venezuelanos-bogota.jpg\"><img fetchpriority=\"high\" decoding=\"async\" class=\"size-medium wp-image-111583 alignright\" src=\"https:\/\/www.missoeshumanitarias.org\/wp-content\/uploads\/2021\/08\/img-entrevistas-venezuelanos-bogota-300x225-1.jpg\" alt=\"\" width=\"300\" height=\"225\" \/><\/a><\/p>\n<p style=\"font-weight: 400; text-align: justify;\">Missionaries of the\u00a0<b><strong><a href=\"https:\/\/www.fraterinternacional.org\/en\/humanitarian-missions\/\">Fraternidade-Missions (FIHM)<\/a>\u00a0<\/strong><\/b>and the team of the\u00a0<b><strong>Bethany<\/strong><\/b><u>\u00a0<\/u>agency did interviews in various places of the Colombian capital, Bogota. In a lodging place close to the center of the city, they heard stories from the immigrants about the hard conditions they are living in; in spite of paying rent, each family lives in a small room with a bathroom, without ventilation and poor lighting in the hallways.<\/p>\n<p style=\"font-weight: 400; text-align: justify;\">Among those interviewed, some Colombians could understand the difficulties the immigrants were experiencing; others showed quite a bit of resistance and strong negative feelings in relation to the Venezuelans because of episodes of robbery and crime in general in the central region of Bogota.<\/p>\n<h3 style=\"text-align: justify;\">Moving On<\/h3>\n<p style=\"font-weight: 400; text-align: justify;\">When asked how the immigrants deal with the stress generated by the situation in which they live, some said that they have the support of their families, but the majority reported that they simply \u201ctake a deep breath and continue on.\u201d<\/p>\n<p style=\"font-weight: 400; text-align: justify;\">The research also points to some children being able to attend school, who appear to be happy with this activity. According to the stories of the mothers, \u201cthis brought greater tranquility to the families.\u201d<\/p>\n<h3 style=\"text-align: justify;\">\u00a0Children and Adolescents<\/h3>\n<p style=\"text-align: justify;\"><strong><a href=\"https:\/\/www.fraterinternacional.org\/wp-content\/uploads\/2020\/02\/img-entrevistas-venezuelanos-bogota02.jpg\"><img decoding=\"async\" class=\"size-medium wp-image-111580 alignleft\" src=\"https:\/\/www.missoeshumanitarias.org\/wp-content\/uploads\/2021\/08\/img-entrevistas-venezuelanos-bogota02-225x300-1.jpg\" alt=\"\" width=\"225\" height=\"300\" \/><\/a><\/strong><\/p>\n<p style=\"font-weight: 400; text-align: justify;\">The research done by the\u00a0<a href=\"https:\/\/bethany.org\/\"><b><strong>Bethany Global Services<\/strong><\/b><\/a>\u00a0and the\u00a0<a href=\"https:\/\/www.fraterinternacional.org\/missoes-humanitarias\/\"><b><strong>Fraternidade \u2013 International Humanitarian Missions (FIHM)<\/strong><\/b>\u00a0<\/a>included two cities in the interior of Colombia, Tunja and Duitama. In these cities, the research had the objective of identifying and initiating programs or interventions for the protection and assistance of the migrant and displaced children and adolescents, in transit or with an intention to stay.<\/p>\n<p style=\"font-weight: 400; text-align: justify;\">The research showed that there are openings for children in the Tunja schools, but the municipality does not have a support center for the immigrants.<\/p>\n<h3 style=\"text-align: justify;\">Tiredness and Hunger<\/h3>\n<p style=\"font-weight: 400; text-align: justify;\">A family of walkers with three children, four women and four men, was identified. They were hungry, cold, and tired. Two children showed symptoms of illness and nausea. They couldn\u2019t find shelter in Tunja to rest during the night, to eat, or for personal hygiene.<\/p>\n<p style=\"font-weight: 400; text-align: justify;\">\u00a0According to a Colombian person that offers help to the walkers, who did not want to be identified, there are outbreaks of\u00a0racism\u00a0in the region, and she herself was threatened because of helping the immigrants. She emphasizes that support routes throughout the area and food in the shelters are all lacking, and points out that there are stories of recruitment and kidnapping in one of the cities of Boyac\u00e1.<\/p>\n<h3 style=\"text-align: justify;\"><span lang=\"ES\">Duitama<\/span><\/h3>\n<p style=\"font-weight: 400; text-align: justify;\">In the municipality of Duitama, a family group of 15 people were visited. According to the research teams, \u201cit is a very united group, several of which are musicians, working and struggling to better their lives.\u201d<\/p>\n<p style=\"font-weight: 400; text-align: justify;\"><em>\u201cParticipating in this research, talking with the people, and seeing the real needs of the immigrants is fundamental for being able to offer a more effective response to this situation,\u201d<\/em> says a missionary of the\u00a0<a href=\"https:\/\/www.fraterinternacional.org\/en\/humanitarian-missions\/\"><b><strong>Fraternidade-Missions (FIHM)<\/strong><\/b><\/a>, Priscila Vasques.<\/p>\n","protected":false},"excerpt":{"rendered":"<p>With the intention of getting to know better the gaps in the humanitarian response and the real situation of the Venezuelan immigrants in Colombia, the\u00a0Bethany Global Servicesagency organized some research in the cities of Bogota, Tunja, and Duitama, and invited the\u00a0Fraternidade \u2013 International Humanitarian Missions (FIHM)\u00a0to participate. The research was done on January 22 and [&hellip;]<\/p>\n","protected":false},"author":1,"featured_media":129429,"comment_status":"open","ping_status":"open","sticky":false,"template":"","format":"standard","meta":{"footnotes":""},"categories":[9,132],"tags":[],"class_list":["post-131325","post","type-post","status-publish","format-standard","has-post-thumbnail","hentry","category-news","category-news-about-the-missions"],"featured_image_src":"https:\/\/www.missoeshumanitarias.org\/wp-content\/uploads\/2021\/08\/img-entrevistas-venezuelanos-bogota.jpg","author_info":{"display_name":"maducato_admin","author_link":"https:\/\/www.missoeshumanitarias.org\/en\/author\/maducato_admin\/"},"yoast_head":"<!-- This site is optimized with the Yoast SEO Premium plugin v22.5 (Yoast SEO v22.5) - https:\/\/yoast.com\/wordpress\/plugins\/seo\/ -->\n<title>The Situation of Venezuelans in Colombia - Fraternidade Miss\u00f5es Humanit\u00e1rias Internacionais<\/title>\n<meta name=\"robots\" content=\"index, follow, max-snippet:-1, max-image-preview:large, max-video-preview:-1\" \/>\n<link rel=\"canonical\" href=\"https:\/\/www.missoeshumanitarias.org\/en\/the-situation-of-venezuelans-in-colombia\/\" \/>\n<meta property=\"og:locale\" content=\"en_US\" \/>\n<meta property=\"og:type\" content=\"article\" \/>\n<meta property=\"og:title\" content=\"The Situation of Venezuelans in Colombia\" \/>\n<meta property=\"og:description\" content=\"With the intention of getting to know better the gaps in the humanitarian response and the real situation of the Venezuelan immigrants in Colombia, the\u00a0Bethany Global Servicesagency organized some research in the cities of Bogota, Tunja, and Duitama, and invited the\u00a0Fraternidade \u2013 International Humanitarian Missions (FIHM)\u00a0to participate. The research was done on January 22 and [&hellip;]\" \/>\n<meta property=\"og:url\" content=\"https:\/\/www.missoeshumanitarias.org\/en\/the-situation-of-venezuelans-in-colombia\/\" \/>\n<meta property=\"og:site_name\" content=\"Fraternidade Miss\u00f5es Humanit\u00e1rias Internacionais\" \/>\n<meta property=\"article:published_time\" content=\"2020-02-17T23:14:31+00:00\" \/>\n<meta property=\"og:image\" content=\"https:\/\/www.missoeshumanitarias.org\/wp-content\/uploads\/2021\/08\/img-entrevistas-venezuelanos-bogota.jpg\" \/>\n\t<meta property=\"og:image:width\" content=\"1000\" \/>\n\t<meta property=\"og:image:height\" content=\"750\" \/>\n\t<meta property=\"og:image:type\" content=\"image\/jpeg\" \/>\n<meta name=\"author\" content=\"maducato_admin\" \/>\n<meta name=\"twitter:card\" content=\"summary_large_image\" \/>\n<meta name=\"twitter:label1\" content=\"Written by\" \/>\n\t<meta name=\"twitter:data1\" content=\"maducato_admin\" \/>\n\t<meta name=\"twitter:label2\" content=\"Est. reading time\" \/>\n\t<meta name=\"twitter:data2\" content=\"3 minutes\" \/>\n<script type=\"application\/ld+json\" class=\"yoast-schema-graph\">{\"@context\":\"https:\/\/schema.org\",\"@graph\":[{\"@type\":\"Article\",\"@id\":\"https:\/\/www.missoeshumanitarias.org\/en\/the-situation-of-venezuelans-in-colombia\/#article\",\"isPartOf\":{\"@id\":\"https:\/\/www.missoeshumanitarias.org\/en\/the-situation-of-venezuelans-in-colombia\/\"},\"author\":{\"name\":\"maducato_admin\",\"@id\":\"https:\/\/www.missoeshumanitarias.org\/es\/#\/schema\/person\/e0f8527323154d1eba9f9d9eb6b401f7\"},\"headline\":\"The Situation of Venezuelans in Colombia\",\"datePublished\":\"2020-02-17T23:14:31+00:00\",\"dateModified\":\"2020-02-17T23:14:31+00:00\",\"mainEntityOfPage\":{\"@id\":\"https:\/\/www.missoeshumanitarias.org\/en\/the-situation-of-venezuelans-in-colombia\/\"},\"wordCount\":610,\"commentCount\":0,\"publisher\":{\"@id\":\"https:\/\/www.missoeshumanitarias.org\/es\/#organization\"},\"image\":{\"@id\":\"https:\/\/www.missoeshumanitarias.org\/en\/the-situation-of-venezuelans-in-colombia\/#primaryimage\"},\"thumbnailUrl\":\"https:\/\/www.missoeshumanitarias.org\/wp-content\/uploads\/2021\/08\/img-entrevistas-venezuelanos-bogota.jpg\",\"articleSection\":[\"News\",\"News about the Missions\"],\"inLanguage\":\"en-US\",\"potentialAction\":[{\"@type\":\"CommentAction\",\"name\":\"Comment\",\"target\":[\"https:\/\/www.missoeshumanitarias.org\/en\/the-situation-of-venezuelans-in-colombia\/#respond\"]}]},{\"@type\":\"WebPage\",\"@id\":\"https:\/\/www.missoeshumanitarias.org\/en\/the-situation-of-venezuelans-in-colombia\/\",\"url\":\"https:\/\/www.missoeshumanitarias.org\/en\/the-situation-of-venezuelans-in-colombia\/\",\"name\":\"The Situation of Venezuelans in Colombia - Fraternidade Miss\u00f5es Humanit\u00e1rias Internacionais\",\"isPartOf\":{\"@id\":\"https:\/\/www.missoeshumanitarias.org\/es\/#website\"},\"primaryImageOfPage\":{\"@id\":\"https:\/\/www.missoeshumanitarias.org\/en\/the-situation-of-venezuelans-in-colombia\/#primaryimage\"},\"image\":{\"@id\":\"https:\/\/www.missoeshumanitarias.org\/en\/the-situation-of-venezuelans-in-colombia\/#primaryimage\"},\"thumbnailUrl\":\"https:\/\/www.missoeshumanitarias.org\/wp-content\/uploads\/2021\/08\/img-entrevistas-venezuelanos-bogota.jpg\",\"datePublished\":\"2020-02-17T23:14:31+00:00\",\"dateModified\":\"2020-02-17T23:14:31+00:00\",\"breadcrumb\":{\"@id\":\"https:\/\/www.missoeshumanitarias.org\/en\/the-situation-of-venezuelans-in-colombia\/#breadcrumb\"},\"inLanguage\":\"en-US\",\"potentialAction\":[{\"@type\":\"ReadAction\",\"target\":[\"https:\/\/www.missoeshumanitarias.org\/en\/the-situation-of-venezuelans-in-colombia\/\"]}]},{\"@type\":\"ImageObject\",\"inLanguage\":\"en-US\",\"@id\":\"https:\/\/www.missoeshumanitarias.org\/en\/the-situation-of-venezuelans-in-colombia\/#primaryimage\",\"url\":\"https:\/\/www.missoeshumanitarias.org\/wp-content\/uploads\/2021\/08\/img-entrevistas-venezuelanos-bogota.jpg\",\"contentUrl\":\"https:\/\/www.missoeshumanitarias.org\/wp-content\/uploads\/2021\/08\/img-entrevistas-venezuelanos-bogota.jpg\",\"width\":1000,\"height\":750},{\"@type\":\"BreadcrumbList\",\"@id\":\"https:\/\/www.missoeshumanitarias.org\/en\/the-situation-of-venezuelans-in-colombia\/#breadcrumb\",\"itemListElement\":[{\"@type\":\"ListItem\",\"position\":1,\"name\":\"Home\",\"item\":\"https:\/\/www.missoeshumanitarias.org\/en\/\"},{\"@type\":\"ListItem\",\"position\":2,\"name\":\"The Situation of Venezuelans in Colombia\"}]},{\"@type\":\"WebSite\",\"@id\":\"https:\/\/www.missoeshumanitarias.org\/es\/#website\",\"url\":\"https:\/\/www.missoeshumanitarias.org\/es\/\",\"name\":\"Fraternidade Miss\u00f5es Humanit\u00e1rias Internacionais\",\"description\":\"Respostas Humanit\u00e1rias e Emerg\u00eancias\",\"publisher\":{\"@id\":\"https:\/\/www.missoeshumanitarias.org\/es\/#organization\"},\"potentialAction\":[{\"@type\":\"SearchAction\",\"target\":{\"@type\":\"EntryPoint\",\"urlTemplate\":\"https:\/\/www.missoeshumanitarias.org\/es\/?s={search_term_string}\"},\"query-input\":\"required name=search_term_string\"}],\"inLanguage\":\"en-US\"},{\"@type\":\"Organization\",\"@id\":\"https:\/\/www.missoeshumanitarias.org\/es\/#organization\",\"name\":\"Fraternidade - Miss\u00f5es Humanit\u00e1rias Internacionais\",\"url\":\"https:\/\/www.missoeshumanitarias.org\/es\/\",\"logo\":{\"@type\":\"ImageObject\",\"inLanguage\":\"en-US\",\"@id\":\"https:\/\/www.missoeshumanitarias.org\/es\/#\/schema\/logo\/image\/\",\"url\":\"https:\/\/www.missoeshumanitarias.org\/wp-content\/uploads\/2020\/05\/logo-FMHI-mg.png\",\"contentUrl\":\"https:\/\/www.missoeshumanitarias.org\/wp-content\/uploads\/2020\/05\/logo-FMHI-mg.png\",\"width\":520,\"height\":134,\"caption\":\"Fraternidade - Miss\u00f5es Humanit\u00e1rias Internacionais\"},\"image\":{\"@id\":\"https:\/\/www.missoeshumanitarias.org\/es\/#\/schema\/logo\/image\/\"}},{\"@type\":\"Person\",\"@id\":\"https:\/\/www.missoeshumanitarias.org\/es\/#\/schema\/person\/e0f8527323154d1eba9f9d9eb6b401f7\",\"name\":\"maducato_admin\",\"image\":{\"@type\":\"ImageObject\",\"inLanguage\":\"en-US\",\"@id\":\"https:\/\/www.missoeshumanitarias.org\/es\/#\/schema\/person\/image\/\",\"url\":\"https:\/\/secure.gravatar.com\/avatar\/6c3b45186a8f5a459d8e14c7fca370bceae92402bc06171d75e4e559b6c24393?s=96&d=mm&r=g\",\"contentUrl\":\"https:\/\/secure.gravatar.com\/avatar\/6c3b45186a8f5a459d8e14c7fca370bceae92402bc06171d75e4e559b6c24393?s=96&d=mm&r=g\",\"caption\":\"maducato_admin\"}}]}<\/script>\n<!-- \/ Yoast SEO Premium plugin. -->","yoast_head_json":{"title":"The Situation of Venezuelans in Colombia - Fraternidade Miss\u00f5es Humanit\u00e1rias Internacionais","robots":{"index":"index","follow":"follow","max-snippet":"max-snippet:-1","max-image-preview":"max-image-preview:large","max-video-preview":"max-video-preview:-1"},"canonical":"https:\/\/www.missoeshumanitarias.org\/en\/the-situation-of-venezuelans-in-colombia\/","og_locale":"en_US","og_type":"article","og_title":"The Situation of Venezuelans in Colombia","og_description":"With the intention of getting to know better the gaps in the humanitarian response and the real situation of the Venezuelan immigrants in Colombia, the\u00a0Bethany Global Servicesagency organized some research in the cities of Bogota, Tunja, and Duitama, and invited the\u00a0Fraternidade \u2013 International Humanitarian Missions (FIHM)\u00a0to participate. The research was done on January 22 and [&hellip;]","og_url":"https:\/\/www.missoeshumanitarias.org\/en\/the-situation-of-venezuelans-in-colombia\/","og_site_name":"Fraternidade Miss\u00f5es Humanit\u00e1rias Internacionais","article_published_time":"2020-02-17T23:14:31+00:00","og_image":[{"width":1000,"height":750,"url":"https:\/\/www.missoeshumanitarias.org\/wp-content\/uploads\/2021\/08\/img-entrevistas-venezuelanos-bogota.jpg","type":"image\/jpeg"}],"author":"maducato_admin","twitter_card":"summary_large_image","twitter_misc":{"Written by":"maducato_admin","Est. reading time":"3 minutes"},"schema":{"@context":"https:\/\/schema.org","@graph":[{"@type":"Article","@id":"https:\/\/www.missoeshumanitarias.org\/en\/the-situation-of-venezuelans-in-colombia\/#article","isPartOf":{"@id":"https:\/\/www.missoeshumanitarias.org\/en\/the-situation-of-venezuelans-in-colombia\/"},"author":{"name":"maducato_admin","@id":"https:\/\/www.missoeshumanitarias.org\/es\/#\/schema\/person\/e0f8527323154d1eba9f9d9eb6b401f7"},"headline":"The Situation of Venezuelans in Colombia","datePublished":"2020-02-17T23:14:31+00:00","dateModified":"2020-02-17T23:14:31+00:00","mainEntityOfPage":{"@id":"https:\/\/www.missoeshumanitarias.org\/en\/the-situation-of-venezuelans-in-colombia\/"},"wordCount":610,"commentCount":0,"publisher":{"@id":"https:\/\/www.missoeshumanitarias.org\/es\/#organization"},"image":{"@id":"https:\/\/www.missoeshumanitarias.org\/en\/the-situation-of-venezuelans-in-colombia\/#primaryimage"},"thumbnailUrl":"https:\/\/www.missoeshumanitarias.org\/wp-content\/uploads\/2021\/08\/img-entrevistas-venezuelanos-bogota.jpg","articleSection":["News","News about the Missions"],"inLanguage":"en-US","potentialAction":[{"@type":"CommentAction","name":"Comment","target":["https:\/\/www.missoeshumanitarias.org\/en\/the-situation-of-venezuelans-in-colombia\/#respond"]}]},{"@type":"WebPage","@id":"https:\/\/www.missoeshumanitarias.org\/en\/the-situation-of-venezuelans-in-colombia\/","url":"https:\/\/www.missoeshumanitarias.org\/en\/the-situation-of-venezuelans-in-colombia\/","name":"The Situation of Venezuelans in Colombia - Fraternidade Miss\u00f5es Humanit\u00e1rias Internacionais","isPartOf":{"@id":"https:\/\/www.missoeshumanitarias.org\/es\/#website"},"primaryImageOfPage":{"@id":"https:\/\/www.missoeshumanitarias.org\/en\/the-situation-of-venezuelans-in-colombia\/#primaryimage"},"image":{"@id":"https:\/\/www.missoeshumanitarias.org\/en\/the-situation-of-venezuelans-in-colombia\/#primaryimage"},"thumbnailUrl":"https:\/\/www.missoeshumanitarias.org\/wp-content\/uploads\/2021\/08\/img-entrevistas-venezuelanos-bogota.jpg","datePublished":"2020-02-17T23:14:31+00:00","dateModified":"2020-02-17T23:14:31+00:00","breadcrumb":{"@id":"https:\/\/www.missoeshumanitarias.org\/en\/the-situation-of-venezuelans-in-colombia\/#breadcrumb"},"inLanguage":"en-US","potentialAction":[{"@type":"ReadAction","target":["https:\/\/www.missoeshumanitarias.org\/en\/the-situation-of-venezuelans-in-colombia\/"]}]},{"@type":"ImageObject","inLanguage":"en-US","@id":"https:\/\/www.missoeshumanitarias.org\/en\/the-situation-of-venezuelans-in-colombia\/#primaryimage","url":"https:\/\/www.missoeshumanitarias.org\/wp-content\/uploads\/2021\/08\/img-entrevistas-venezuelanos-bogota.jpg","contentUrl":"https:\/\/www.missoeshumanitarias.org\/wp-content\/uploads\/2021\/08\/img-entrevistas-venezuelanos-bogota.jpg","width":1000,"height":750},{"@type":"BreadcrumbList","@id":"https:\/\/www.missoeshumanitarias.org\/en\/the-situation-of-venezuelans-in-colombia\/#breadcrumb","itemListElement":[{"@type":"ListItem","position":1,"name":"Home","item":"https:\/\/www.missoeshumanitarias.org\/en\/"},{"@type":"ListItem","position":2,"name":"The Situation of Venezuelans in Colombia"}]},{"@type":"WebSite","@id":"https:\/\/www.missoeshumanitarias.org\/es\/#website","url":"https:\/\/www.missoeshumanitarias.org\/es\/","name":"Fraternidade Miss\u00f5es Humanit\u00e1rias Internacionais","description":"Respostas Humanit\u00e1rias e Emerg\u00eancias","publisher":{"@id":"https:\/\/www.missoeshumanitarias.org\/es\/#organization"},"potentialAction":[{"@type":"SearchAction","target":{"@type":"EntryPoint","urlTemplate":"https:\/\/www.missoeshumanitarias.org\/es\/?s={search_term_string}"},"query-input":"required name=search_term_string"}],"inLanguage":"en-US"},{"@type":"Organization","@id":"https:\/\/www.missoeshumanitarias.org\/es\/#organization","name":"Fraternidade - Miss\u00f5es Humanit\u00e1rias Internacionais","url":"https:\/\/www.missoeshumanitarias.org\/es\/","logo":{"@type":"ImageObject","inLanguage":"en-US","@id":"https:\/\/www.missoeshumanitarias.org\/es\/#\/schema\/logo\/image\/","url":"https:\/\/www.missoeshumanitarias.org\/wp-content\/uploads\/2020\/05\/logo-FMHI-mg.png","contentUrl":"https:\/\/www.missoeshumanitarias.org\/wp-content\/uploads\/2020\/05\/logo-FMHI-mg.png","width":520,"height":134,"caption":"Fraternidade - Miss\u00f5es Humanit\u00e1rias Internacionais"},"image":{"@id":"https:\/\/www.missoeshumanitarias.org\/es\/#\/schema\/logo\/image\/"}},{"@type":"Person","@id":"https:\/\/www.missoeshumanitarias.org\/es\/#\/schema\/person\/e0f8527323154d1eba9f9d9eb6b401f7","name":"maducato_admin","image":{"@type":"ImageObject","inLanguage":"en-US","@id":"https:\/\/www.missoeshumanitarias.org\/es\/#\/schema\/person\/image\/","url":"https:\/\/secure.gravatar.com\/avatar\/6c3b45186a8f5a459d8e14c7fca370bceae92402bc06171d75e4e559b6c24393?s=96&d=mm&r=g","contentUrl":"https:\/\/secure.gravatar.com\/avatar\/6c3b45186a8f5a459d8e14c7fca370bceae92402bc06171d75e4e559b6c24393?s=96&d=mm&r=g","caption":"maducato_admin"}}]}},"_links":{"self":[{"href":"https:\/\/www.missoeshumanitarias.org\/en\/wp-json\/wp\/v2\/posts\/131325","targetHints":{"allow":["GET"]}}],"collection":[{"href":"https:\/\/www.missoeshumanitarias.org\/en\/wp-json\/wp\/v2\/posts"}],"about":[{"href":"https:\/\/www.missoeshumanitarias.org\/en\/wp-json\/wp\/v2\/types\/post"}],"author":[{"embeddable":true,"href":"https:\/\/www.missoeshumanitarias.org\/en\/wp-json\/wp\/v2\/users\/1"}],"replies":[{"embeddable":true,"href":"https:\/\/www.missoeshumanitarias.org\/en\/wp-json\/wp\/v2\/comments?post=131325"}],"version-history":[{"count":0,"href":"https:\/\/www.missoeshumanitarias.org\/en\/wp-json\/wp\/v2\/posts\/131325\/revisions"}],"wp:featuredmedia":[{"embeddable":true,"href":"https:\/\/www.missoeshumanitarias.org\/en\/wp-json\/wp\/v2\/media\/129429"}],"wp:attachment":[{"href":"https:\/\/www.missoeshumanitarias.org\/en\/wp-json\/wp\/v2\/media?parent=131325"}],"wp:term":[{"taxonomy":"category","embeddable":true,"href":"https:\/\/www.missoeshumanitarias.org\/en\/wp-json\/wp\/v2\/categories?post=131325"},{"taxonomy":"post_tag","embeddable":true,"href":"https:\/\/www.missoeshumanitarias.org\/en\/wp-json\/wp\/v2\/tags?post=131325"}],"curies":[{"name":"wp","href":"https:\/\/api.w.org\/{rel}","templated":true}]}}