{"id":131343,"date":"2020-04-22T14:41:12","date_gmt":"2020-04-22T17:41:12","guid":{"rendered":"https:\/\/www.missoeshumanitarias.org\/members-of-the-colombia-mission-participate-in-training-offered-by-the-red-cross\/"},"modified":"2020-04-22T14:41:12","modified_gmt":"2020-04-22T17:41:12","slug":"members-of-the-colombia-mission-participate-in-training-offered-by-the-red-cross","status":"publish","type":"post","link":"https:\/\/www.missoeshumanitarias.org\/en\/members-of-the-colombia-mission-participate-in-training-offered-by-the-red-cross\/","title":{"rendered":"Members of the Colombia Mission Participate in Training Offered by the Red Cross"},"content":{"rendered":"<p><a href=\"https:\/\/www.missoeshumanitarias.org\/wp-content\/uploads\/2021\/08\/treinamento-missao-colombia-cruz-vermelha.jpg\"><img fetchpriority=\"high\" decoding=\"async\" class=\"size-full wp-image-113005 aligncenter\" src=\"https:\/\/www.missoeshumanitarias.org\/wp-content\/uploads\/2021\/08\/treinamento-missao-colombia-cruz-vermelha.jpg\" alt=\"Forma\u00e7\u00e3o na Miss\u00e3o Col\u00f4mbia sobre o COVID-19\" width=\"1000\" height=\"750\" \/><\/a><\/p>\n<p class=\"paragraph\" style=\"text-align: justify;\"><span class=\"normaltextrun\">Members of the\u00a0<\/span><strong><a href=\"https:\/\/www.fraterinternacional.org\/\">Fraternity \u2013 International Humanitarian Missions (FIHM)<\/a><\/strong><span class=\"normaltextrun\">\u00a0that are active in the\u00a0<\/span><strong><a href=\"https:\/\/www.fraterinternacional.org\/missao-colombia\/\">Colombia Mission<\/a><\/strong><span class=\"normaltextrun\">\u00a0are participating in a course on combating the new Coronavirus (COVID-19) offered by the\u00a0<\/span><a href=\"https:\/\/www.cruzrojacolombiana.org\/\">Red Cross<\/a><span class=\"normaltextrun\">.<\/span><\/p>\n<p class=\"paragraph\" style=\"text-align: justify;\"><span class=\"normaltextrun\">The basic training is occurring during a time of great need for understanding what it is and how to combat the spread of the n<\/span><span class=\"normaltextrun\">ew<\/span><span class=\"normaltextrun\">\u00a0Coronavirus. The course is offered to the members of the\u00a0<\/span><strong><a href=\"https:\/\/www.fraterinternacional.org\/missao-colombia\/\">Colombia Mission<\/a><\/strong><span class=\"normaltextrun\">\u00a0and for all residents in Colombian territory.<\/span><\/p>\n<p class=\"paragraph\" style=\"text-align: justify;\"><span class=\"eop\">\u00a0<\/span><span class=\"normaltextrun\">The objective is to train the local communities on h<\/span><span class=\"normaltextrun\">ow\u00a0<\/span><span class=\"normaltextrun\">to face the pandemic. Colombia, as well as many other countries, has been taking extremely important measures to prevent the spread of the virus, such as a quarantine in the cities and social isolation. The Red Cross emphasizes the need for providing the information and recommendations given by the World Health Organization (WHO).<\/span><\/p>\n<p class=\"paragraph\" style=\"text-align: justify;\"><span class=\"eop\">\u00a0<\/span><span class=\"normaltextrun\">The course is made up of three modules that last four hours each. It is being done between March 26 and April 13. The participants will carry out an evaluation to attest to their understanding of the content and will then receive a certificate from the Red Cross.<\/span><\/p>\n<p><a href=\"https:\/\/www.missoeshumanitarias.org\/wp-content\/uploads\/2021\/08\/missao-colombia-treinamento-covid01.jpg\"><img decoding=\"async\" class=\"size-full wp-image-113011 aligncenter\" src=\"https:\/\/www.missoeshumanitarias.org\/wp-content\/uploads\/2021\/08\/missao-colombia-treinamento-covid01.jpg\" alt=\"\" width=\"1000\" height=\"756\" \/><\/a><\/p>\n<p style=\"text-align: justify;\">On its digital platform, the organization adds the need for including online courses to equalize access to the information:<\/p>\n<p style=\"text-align: justify; padding-left: 40px;\"><i>\u201cThe National Society of the Colombian Red Cross chooses to start virtual courses within its academic options for a better social inclusion and learning opportunity targeting anyone with an Internet connection, managing the modality of distance learning courses available widespread \u00a0to Colombia and the world.\u201d<\/i><\/p>\n<p style=\"text-align: justify;\"><span class=\"normaltextrun\">Priscila Vasques, a missionary of Fraternity \u2013 International Humanitarian Missions (FIHM) and coordinator of the\u00a0<\/span><strong><a href=\"https:\/\/www.fraterinternacional.org\/missao-colombia\/\">Colombia Mission<\/a><\/strong><span class=\"normaltextrun\">, speaks about the importance of the missionaries being able to participate in and contribute to the training: \u201cwe need to understand how this new reality is impacting the humanitarian response, since we are already involved in that movement. We need to be familiar with the measures of prevention and how all the health organizations responsible are working in the whole world, mainly in the regions where we are active, because it has direct implications in our activities and consequently on \u00a0the population that benefits.\u201d<\/span><\/p>\n","protected":false},"excerpt":{"rendered":"<p>Members of the\u00a0Fraternity \u2013 International Humanitarian Missions (FIHM)\u00a0that are active in the\u00a0Colombia Mission\u00a0are participating in a course on combating the new Coronavirus (COVID-19) offered by the\u00a0Red Cross. The basic training is occurring during a time of great need for understanding what it is and how to combat the spread of the new\u00a0Coronavirus. The course is [&hellip;]<\/p>\n","protected":false},"author":1,"featured_media":129587,"comment_status":"open","ping_status":"open","sticky":false,"template":"","format":"standard","meta":{"footnotes":""},"categories":[9,132],"tags":[],"class_list":["post-131343","post","type-post","status-publish","format-standard","has-post-thumbnail","hentry","category-news","category-news-about-the-missions"],"featured_image_src":"https:\/\/www.missoeshumanitarias.org\/wp-content\/uploads\/2021\/08\/treinamento-missao-colombia-cruz-vermelha.jpg","author_info":{"display_name":"maducato_admin","author_link":"https:\/\/www.missoeshumanitarias.org\/en\/author\/maducato_admin\/"},"yoast_head":"<!-- This site is optimized with the Yoast SEO Premium plugin v22.5 (Yoast SEO v22.5) - https:\/\/yoast.com\/wordpress\/plugins\/seo\/ -->\n<title>Members of the Colombia Mission Participate in Training Offered by the Red Cross - Fraternidade Miss\u00f5es Humanit\u00e1rias Internacionais<\/title>\n<meta name=\"robots\" content=\"index, follow, max-snippet:-1, max-image-preview:large, max-video-preview:-1\" \/>\n<link rel=\"canonical\" href=\"https:\/\/www.missoeshumanitarias.org\/en\/members-of-the-colombia-mission-participate-in-training-offered-by-the-red-cross\/\" \/>\n<meta property=\"og:locale\" content=\"en_US\" \/>\n<meta property=\"og:type\" content=\"article\" \/>\n<meta property=\"og:title\" content=\"Members of the Colombia Mission Participate in Training Offered by the Red Cross\" \/>\n<meta property=\"og:description\" content=\"Members of the\u00a0Fraternity \u2013 International Humanitarian Missions (FIHM)\u00a0that are active in the\u00a0Colombia Mission\u00a0are participating in a course on combating the new Coronavirus (COVID-19) offered by the\u00a0Red Cross. The basic training is occurring during a time of great need for understanding what it is and how to combat the spread of the new\u00a0Coronavirus. The course is [&hellip;]\" \/>\n<meta property=\"og:url\" content=\"https:\/\/www.missoeshumanitarias.org\/en\/members-of-the-colombia-mission-participate-in-training-offered-by-the-red-cross\/\" \/>\n<meta property=\"og:site_name\" content=\"Fraternidade Miss\u00f5es Humanit\u00e1rias Internacionais\" \/>\n<meta property=\"article:published_time\" content=\"2020-04-22T17:41:12+00:00\" \/>\n<meta property=\"og:image\" content=\"https:\/\/www.missoeshumanitarias.org\/wp-content\/uploads\/2021\/08\/treinamento-missao-colombia-cruz-vermelha.jpg\" \/>\n\t<meta property=\"og:image:width\" content=\"1000\" \/>\n\t<meta property=\"og:image:height\" content=\"750\" \/>\n\t<meta property=\"og:image:type\" content=\"image\/jpeg\" \/>\n<meta name=\"author\" content=\"maducato_admin\" \/>\n<meta name=\"twitter:card\" content=\"summary_large_image\" \/>\n<meta name=\"twitter:label1\" content=\"Written by\" \/>\n\t<meta name=\"twitter:data1\" content=\"maducato_admin\" \/>\n\t<meta name=\"twitter:label2\" content=\"Est. reading time\" \/>\n\t<meta name=\"twitter:data2\" content=\"2 minutes\" \/>\n<script type=\"application\/ld+json\" class=\"yoast-schema-graph\">{\"@context\":\"https:\/\/schema.org\",\"@graph\":[{\"@type\":\"Article\",\"@id\":\"https:\/\/www.missoeshumanitarias.org\/en\/members-of-the-colombia-mission-participate-in-training-offered-by-the-red-cross\/#article\",\"isPartOf\":{\"@id\":\"https:\/\/www.missoeshumanitarias.org\/en\/members-of-the-colombia-mission-participate-in-training-offered-by-the-red-cross\/\"},\"author\":{\"name\":\"maducato_admin\",\"@id\":\"https:\/\/www.missoeshumanitarias.org\/es\/#\/schema\/person\/e0f8527323154d1eba9f9d9eb6b401f7\"},\"headline\":\"Members of the Colombia Mission Participate in Training Offered by the Red Cross\",\"datePublished\":\"2020-04-22T17:41:12+00:00\",\"dateModified\":\"2020-04-22T17:41:12+00:00\",\"mainEntityOfPage\":{\"@id\":\"https:\/\/www.missoeshumanitarias.org\/en\/members-of-the-colombia-mission-participate-in-training-offered-by-the-red-cross\/\"},\"wordCount\":363,\"commentCount\":0,\"publisher\":{\"@id\":\"https:\/\/www.missoeshumanitarias.org\/es\/#organization\"},\"image\":{\"@id\":\"https:\/\/www.missoeshumanitarias.org\/en\/members-of-the-colombia-mission-participate-in-training-offered-by-the-red-cross\/#primaryimage\"},\"thumbnailUrl\":\"https:\/\/www.missoeshumanitarias.org\/wp-content\/uploads\/2021\/08\/treinamento-missao-colombia-cruz-vermelha.jpg\",\"articleSection\":[\"News\",\"News about the Missions\"],\"inLanguage\":\"en-US\",\"potentialAction\":[{\"@type\":\"CommentAction\",\"name\":\"Comment\",\"target\":[\"https:\/\/www.missoeshumanitarias.org\/en\/members-of-the-colombia-mission-participate-in-training-offered-by-the-red-cross\/#respond\"]}]},{\"@type\":\"WebPage\",\"@id\":\"https:\/\/www.missoeshumanitarias.org\/en\/members-of-the-colombia-mission-participate-in-training-offered-by-the-red-cross\/\",\"url\":\"https:\/\/www.missoeshumanitarias.org\/en\/members-of-the-colombia-mission-participate-in-training-offered-by-the-red-cross\/\",\"name\":\"Members of the Colombia Mission Participate in Training Offered by the Red Cross - Fraternidade Miss\u00f5es Humanit\u00e1rias Internacionais\",\"isPartOf\":{\"@id\":\"https:\/\/www.missoeshumanitarias.org\/es\/#website\"},\"primaryImageOfPage\":{\"@id\":\"https:\/\/www.missoeshumanitarias.org\/en\/members-of-the-colombia-mission-participate-in-training-offered-by-the-red-cross\/#primaryimage\"},\"image\":{\"@id\":\"https:\/\/www.missoeshumanitarias.org\/en\/members-of-the-colombia-mission-participate-in-training-offered-by-the-red-cross\/#primaryimage\"},\"thumbnailUrl\":\"https:\/\/www.missoeshumanitarias.org\/wp-content\/uploads\/2021\/08\/treinamento-missao-colombia-cruz-vermelha.jpg\",\"datePublished\":\"2020-04-22T17:41:12+00:00\",\"dateModified\":\"2020-04-22T17:41:12+00:00\",\"breadcrumb\":{\"@id\":\"https:\/\/www.missoeshumanitarias.org\/en\/members-of-the-colombia-mission-participate-in-training-offered-by-the-red-cross\/#breadcrumb\"},\"inLanguage\":\"en-US\",\"potentialAction\":[{\"@type\":\"ReadAction\",\"target\":[\"https:\/\/www.missoeshumanitarias.org\/en\/members-of-the-colombia-mission-participate-in-training-offered-by-the-red-cross\/\"]}]},{\"@type\":\"ImageObject\",\"inLanguage\":\"en-US\",\"@id\":\"https:\/\/www.missoeshumanitarias.org\/en\/members-of-the-colombia-mission-participate-in-training-offered-by-the-red-cross\/#primaryimage\",\"url\":\"https:\/\/www.missoeshumanitarias.org\/wp-content\/uploads\/2021\/08\/treinamento-missao-colombia-cruz-vermelha.jpg\",\"contentUrl\":\"https:\/\/www.missoeshumanitarias.org\/wp-content\/uploads\/2021\/08\/treinamento-missao-colombia-cruz-vermelha.jpg\",\"width\":1000,\"height\":750},{\"@type\":\"BreadcrumbList\",\"@id\":\"https:\/\/www.missoeshumanitarias.org\/en\/members-of-the-colombia-mission-participate-in-training-offered-by-the-red-cross\/#breadcrumb\",\"itemListElement\":[{\"@type\":\"ListItem\",\"position\":1,\"name\":\"Home\",\"item\":\"https:\/\/www.missoeshumanitarias.org\/en\/\"},{\"@type\":\"ListItem\",\"position\":2,\"name\":\"Members of the Colombia Mission Participate in Training Offered by the Red Cross\"}]},{\"@type\":\"WebSite\",\"@id\":\"https:\/\/www.missoeshumanitarias.org\/es\/#website\",\"url\":\"https:\/\/www.missoeshumanitarias.org\/es\/\",\"name\":\"Fraternidade Miss\u00f5es Humanit\u00e1rias Internacionais\",\"description\":\"Respostas Humanit\u00e1rias e Emerg\u00eancias\",\"publisher\":{\"@id\":\"https:\/\/www.missoeshumanitarias.org\/es\/#organization\"},\"potentialAction\":[{\"@type\":\"SearchAction\",\"target\":{\"@type\":\"EntryPoint\",\"urlTemplate\":\"https:\/\/www.missoeshumanitarias.org\/es\/?s={search_term_string}\"},\"query-input\":\"required name=search_term_string\"}],\"inLanguage\":\"en-US\"},{\"@type\":\"Organization\",\"@id\":\"https:\/\/www.missoeshumanitarias.org\/es\/#organization\",\"name\":\"Fraternidade - Miss\u00f5es Humanit\u00e1rias Internacionais\",\"url\":\"https:\/\/www.missoeshumanitarias.org\/es\/\",\"logo\":{\"@type\":\"ImageObject\",\"inLanguage\":\"en-US\",\"@id\":\"https:\/\/www.missoeshumanitarias.org\/es\/#\/schema\/logo\/image\/\",\"url\":\"https:\/\/www.missoeshumanitarias.org\/wp-content\/uploads\/2020\/05\/logo-FMHI-mg.png\",\"contentUrl\":\"https:\/\/www.missoeshumanitarias.org\/wp-content\/uploads\/2020\/05\/logo-FMHI-mg.png\",\"width\":520,\"height\":134,\"caption\":\"Fraternidade - Miss\u00f5es Humanit\u00e1rias Internacionais\"},\"image\":{\"@id\":\"https:\/\/www.missoeshumanitarias.org\/es\/#\/schema\/logo\/image\/\"}},{\"@type\":\"Person\",\"@id\":\"https:\/\/www.missoeshumanitarias.org\/es\/#\/schema\/person\/e0f8527323154d1eba9f9d9eb6b401f7\",\"name\":\"maducato_admin\",\"image\":{\"@type\":\"ImageObject\",\"inLanguage\":\"en-US\",\"@id\":\"https:\/\/www.missoeshumanitarias.org\/es\/#\/schema\/person\/image\/\",\"url\":\"https:\/\/secure.gravatar.com\/avatar\/6c3b45186a8f5a459d8e14c7fca370bceae92402bc06171d75e4e559b6c24393?s=96&d=mm&r=g\",\"contentUrl\":\"https:\/\/secure.gravatar.com\/avatar\/6c3b45186a8f5a459d8e14c7fca370bceae92402bc06171d75e4e559b6c24393?s=96&d=mm&r=g\",\"caption\":\"maducato_admin\"}}]}<\/script>\n<!-- \/ Yoast SEO Premium plugin. -->","yoast_head_json":{"title":"Members of the Colombia Mission Participate in Training Offered by the Red Cross - Fraternidade Miss\u00f5es Humanit\u00e1rias Internacionais","robots":{"index":"index","follow":"follow","max-snippet":"max-snippet:-1","max-image-preview":"max-image-preview:large","max-video-preview":"max-video-preview:-1"},"canonical":"https:\/\/www.missoeshumanitarias.org\/en\/members-of-the-colombia-mission-participate-in-training-offered-by-the-red-cross\/","og_locale":"en_US","og_type":"article","og_title":"Members of the Colombia Mission Participate in Training Offered by the Red Cross","og_description":"Members of the\u00a0Fraternity \u2013 International Humanitarian Missions (FIHM)\u00a0that are active in the\u00a0Colombia Mission\u00a0are participating in a course on combating the new Coronavirus (COVID-19) offered by the\u00a0Red Cross. The basic training is occurring during a time of great need for understanding what it is and how to combat the spread of the new\u00a0Coronavirus. The course is [&hellip;]","og_url":"https:\/\/www.missoeshumanitarias.org\/en\/members-of-the-colombia-mission-participate-in-training-offered-by-the-red-cross\/","og_site_name":"Fraternidade Miss\u00f5es Humanit\u00e1rias Internacionais","article_published_time":"2020-04-22T17:41:12+00:00","og_image":[{"width":1000,"height":750,"url":"https:\/\/www.missoeshumanitarias.org\/wp-content\/uploads\/2021\/08\/treinamento-missao-colombia-cruz-vermelha.jpg","type":"image\/jpeg"}],"author":"maducato_admin","twitter_card":"summary_large_image","twitter_misc":{"Written by":"maducato_admin","Est. reading time":"2 minutes"},"schema":{"@context":"https:\/\/schema.org","@graph":[{"@type":"Article","@id":"https:\/\/www.missoeshumanitarias.org\/en\/members-of-the-colombia-mission-participate-in-training-offered-by-the-red-cross\/#article","isPartOf":{"@id":"https:\/\/www.missoeshumanitarias.org\/en\/members-of-the-colombia-mission-participate-in-training-offered-by-the-red-cross\/"},"author":{"name":"maducato_admin","@id":"https:\/\/www.missoeshumanitarias.org\/es\/#\/schema\/person\/e0f8527323154d1eba9f9d9eb6b401f7"},"headline":"Members of the Colombia Mission Participate in Training Offered by the Red Cross","datePublished":"2020-04-22T17:41:12+00:00","dateModified":"2020-04-22T17:41:12+00:00","mainEntityOfPage":{"@id":"https:\/\/www.missoeshumanitarias.org\/en\/members-of-the-colombia-mission-participate-in-training-offered-by-the-red-cross\/"},"wordCount":363,"commentCount":0,"publisher":{"@id":"https:\/\/www.missoeshumanitarias.org\/es\/#organization"},"image":{"@id":"https:\/\/www.missoeshumanitarias.org\/en\/members-of-the-colombia-mission-participate-in-training-offered-by-the-red-cross\/#primaryimage"},"thumbnailUrl":"https:\/\/www.missoeshumanitarias.org\/wp-content\/uploads\/2021\/08\/treinamento-missao-colombia-cruz-vermelha.jpg","articleSection":["News","News about the Missions"],"inLanguage":"en-US","potentialAction":[{"@type":"CommentAction","name":"Comment","target":["https:\/\/www.missoeshumanitarias.org\/en\/members-of-the-colombia-mission-participate-in-training-offered-by-the-red-cross\/#respond"]}]},{"@type":"WebPage","@id":"https:\/\/www.missoeshumanitarias.org\/en\/members-of-the-colombia-mission-participate-in-training-offered-by-the-red-cross\/","url":"https:\/\/www.missoeshumanitarias.org\/en\/members-of-the-colombia-mission-participate-in-training-offered-by-the-red-cross\/","name":"Members of the Colombia Mission Participate in Training Offered by the Red Cross - Fraternidade Miss\u00f5es Humanit\u00e1rias Internacionais","isPartOf":{"@id":"https:\/\/www.missoeshumanitarias.org\/es\/#website"},"primaryImageOfPage":{"@id":"https:\/\/www.missoeshumanitarias.org\/en\/members-of-the-colombia-mission-participate-in-training-offered-by-the-red-cross\/#primaryimage"},"image":{"@id":"https:\/\/www.missoeshumanitarias.org\/en\/members-of-the-colombia-mission-participate-in-training-offered-by-the-red-cross\/#primaryimage"},"thumbnailUrl":"https:\/\/www.missoeshumanitarias.org\/wp-content\/uploads\/2021\/08\/treinamento-missao-colombia-cruz-vermelha.jpg","datePublished":"2020-04-22T17:41:12+00:00","dateModified":"2020-04-22T17:41:12+00:00","breadcrumb":{"@id":"https:\/\/www.missoeshumanitarias.org\/en\/members-of-the-colombia-mission-participate-in-training-offered-by-the-red-cross\/#breadcrumb"},"inLanguage":"en-US","potentialAction":[{"@type":"ReadAction","target":["https:\/\/www.missoeshumanitarias.org\/en\/members-of-the-colombia-mission-participate-in-training-offered-by-the-red-cross\/"]}]},{"@type":"ImageObject","inLanguage":"en-US","@id":"https:\/\/www.missoeshumanitarias.org\/en\/members-of-the-colombia-mission-participate-in-training-offered-by-the-red-cross\/#primaryimage","url":"https:\/\/www.missoeshumanitarias.org\/wp-content\/uploads\/2021\/08\/treinamento-missao-colombia-cruz-vermelha.jpg","contentUrl":"https:\/\/www.missoeshumanitarias.org\/wp-content\/uploads\/2021\/08\/treinamento-missao-colombia-cruz-vermelha.jpg","width":1000,"height":750},{"@type":"BreadcrumbList","@id":"https:\/\/www.missoeshumanitarias.org\/en\/members-of-the-colombia-mission-participate-in-training-offered-by-the-red-cross\/#breadcrumb","itemListElement":[{"@type":"ListItem","position":1,"name":"Home","item":"https:\/\/www.missoeshumanitarias.org\/en\/"},{"@type":"ListItem","position":2,"name":"Members of the Colombia Mission Participate in Training Offered by the Red Cross"}]},{"@type":"WebSite","@id":"https:\/\/www.missoeshumanitarias.org\/es\/#website","url":"https:\/\/www.missoeshumanitarias.org\/es\/","name":"Fraternidade Miss\u00f5es Humanit\u00e1rias Internacionais","description":"Respostas Humanit\u00e1rias e Emerg\u00eancias","publisher":{"@id":"https:\/\/www.missoeshumanitarias.org\/es\/#organization"},"potentialAction":[{"@type":"SearchAction","target":{"@type":"EntryPoint","urlTemplate":"https:\/\/www.missoeshumanitarias.org\/es\/?s={search_term_string}"},"query-input":"required name=search_term_string"}],"inLanguage":"en-US"},{"@type":"Organization","@id":"https:\/\/www.missoeshumanitarias.org\/es\/#organization","name":"Fraternidade - Miss\u00f5es Humanit\u00e1rias Internacionais","url":"https:\/\/www.missoeshumanitarias.org\/es\/","logo":{"@type":"ImageObject","inLanguage":"en-US","@id":"https:\/\/www.missoeshumanitarias.org\/es\/#\/schema\/logo\/image\/","url":"https:\/\/www.missoeshumanitarias.org\/wp-content\/uploads\/2020\/05\/logo-FMHI-mg.png","contentUrl":"https:\/\/www.missoeshumanitarias.org\/wp-content\/uploads\/2020\/05\/logo-FMHI-mg.png","width":520,"height":134,"caption":"Fraternidade - Miss\u00f5es Humanit\u00e1rias Internacionais"},"image":{"@id":"https:\/\/www.missoeshumanitarias.org\/es\/#\/schema\/logo\/image\/"}},{"@type":"Person","@id":"https:\/\/www.missoeshumanitarias.org\/es\/#\/schema\/person\/e0f8527323154d1eba9f9d9eb6b401f7","name":"maducato_admin","image":{"@type":"ImageObject","inLanguage":"en-US","@id":"https:\/\/www.missoeshumanitarias.org\/es\/#\/schema\/person\/image\/","url":"https:\/\/secure.gravatar.com\/avatar\/6c3b45186a8f5a459d8e14c7fca370bceae92402bc06171d75e4e559b6c24393?s=96&d=mm&r=g","contentUrl":"https:\/\/secure.gravatar.com\/avatar\/6c3b45186a8f5a459d8e14c7fca370bceae92402bc06171d75e4e559b6c24393?s=96&d=mm&r=g","caption":"maducato_admin"}}]}},"_links":{"self":[{"href":"https:\/\/www.missoeshumanitarias.org\/en\/wp-json\/wp\/v2\/posts\/131343","targetHints":{"allow":["GET"]}}],"collection":[{"href":"https:\/\/www.missoeshumanitarias.org\/en\/wp-json\/wp\/v2\/posts"}],"about":[{"href":"https:\/\/www.missoeshumanitarias.org\/en\/wp-json\/wp\/v2\/types\/post"}],"author":[{"embeddable":true,"href":"https:\/\/www.missoeshumanitarias.org\/en\/wp-json\/wp\/v2\/users\/1"}],"replies":[{"embeddable":true,"href":"https:\/\/www.missoeshumanitarias.org\/en\/wp-json\/wp\/v2\/comments?post=131343"}],"version-history":[{"count":0,"href":"https:\/\/www.missoeshumanitarias.org\/en\/wp-json\/wp\/v2\/posts\/131343\/revisions"}],"wp:featuredmedia":[{"embeddable":true,"href":"https:\/\/www.missoeshumanitarias.org\/en\/wp-json\/wp\/v2\/media\/129587"}],"wp:attachment":[{"href":"https:\/\/www.missoeshumanitarias.org\/en\/wp-json\/wp\/v2\/media?parent=131343"}],"wp:term":[{"taxonomy":"category","embeddable":true,"href":"https:\/\/www.missoeshumanitarias.org\/en\/wp-json\/wp\/v2\/categories?post=131343"},{"taxonomy":"post_tag","embeddable":true,"href":"https:\/\/www.missoeshumanitarias.org\/en\/wp-json\/wp\/v2\/tags?post=131343"}],"curies":[{"name":"wp","href":"https:\/\/api.w.org\/{rel}","templated":true}]}}