{"id":131352,"date":"2020-05-04T11:54:56","date_gmt":"2020-05-04T14:54:56","guid":{"rendered":"https:\/\/www.missoeshumanitarias.org\/in-workshops-photography-improves-self-esteem-and-integrates-venezuelan-refugees\/"},"modified":"2020-05-04T11:54:56","modified_gmt":"2020-05-04T14:54:56","slug":"in-workshops-photography-improves-self-esteem-and-integrates-venezuelan-refugees","status":"publish","type":"post","link":"https:\/\/www.missoeshumanitarias.org\/en\/in-workshops-photography-improves-self-esteem-and-integrates-venezuelan-refugees\/","title":{"rendered":"In Workshops, Photography Improves Self-esteem and Integrates Venezuelan Refugees"},"content":{"rendered":"<p style=\"font-weight: 400; text-align: justify;\">Photography can be a tool for framing and (re)building realities for the Venezuelan refugees welcomed into shelters managed by the\u00a0<strong><a href=\"https:\/\/www.fraterinternacional.org\/quem-somos\/#atuacao\">Fraternity \u2013 International Humanitarian Federation (FIHF)<\/a><\/strong>with the support of the<strong><a href=\"https:\/\/www.unhcr.org\/\">United Nations High Commissioner for Refugees (UNHCR)<\/a>.<\/strong><\/p>\n<p style=\"font-weight: 400; text-align: justify;\">In the Tancredo Neves shelter, in Boa Vista, a team of missionaries of the organization promoted activities of the project with the title \u2018Art as an expression of self,\u2019 during the period from March 11 to 27, with the goal of \u2018humanizing\u2019 the space through the hands of those in the shelter themselves \u2013 and photography emerged as a spontaneous impulse that added synergy to the rest of the artistic activities.<\/p>\n<p style=\"font-weight: 400; text-align: justify;\">The refugees did paintings on the walls, carpentry, handicrafts, and cultivated plants. At a certain moment, a man asked one of the missionaries photographing the activities when she was going to do a portrait of him. This question encouraged the same desire in others around them. A young man, asked by the missionary what the importance was in being photographed, responded: \u201cit is because people have value.\u201d And so the missionaries began to do portraits of the refugees, showing them the results and also the photographs of the activities carried out in the common areas.<\/p>\n<p>[fusion_slider margin_top=&#8221;&#8221; margin_right=&#8221;&#8221; margin_bottom=&#8221;&#8221; margin_left=&#8221;&#8221; alignment=&#8221;center&#8221; slideshow_autoplay=&#8221;yes&#8221; slideshow_smooth_height=&#8221;&#8221; slideshow_speed=&#8221;3000&#8243; hover_type=&#8221;none&#8221; width=&#8221;&#8221; height=&#8221;&#8221; hide_on_mobile=&#8221;small-visibility,medium-visibility,large-visibility&#8221; class=&#8221;&#8221; id=&#8221;&#8221;][fusion_slide type=&#8221;image&#8221; image_id=&#8221;114270&#8243; link=&#8221;&#8221; lightbox=&#8221;no&#8221; linktarget=&#8221;_self&#8221;]https:\/\/www.fraterinternacional.org\/wp-content\/uploads\/2020\/05\/abrigo-tancredo-neves-FFHI-20.jpg[\/fusion_slide][fusion_slide type=&#8221;image&#8221; image_id=&#8221;114267&#8243; link=&#8221;&#8221; lightbox=&#8221;no&#8221; linktarget=&#8221;_self&#8221;]https:\/\/www.fraterinternacional.org\/wp-content\/uploads\/2020\/05\/abrigo-tancredo-neves-FFHI-19.jpg[\/fusion_slide][fusion_slide type=&#8221;image&#8221; image_id=&#8221;114264&#8243; link=&#8221;&#8221; lightbox=&#8221;no&#8221; linktarget=&#8221;_self&#8221;]https:\/\/www.fraterinternacional.org\/wp-content\/uploads\/2020\/05\/abrigo-tancredo-neves-FFHI-18.jpg[\/fusion_slide][fusion_slide type=&#8221;image&#8221; image_id=&#8221;114261&#8243; link=&#8221;&#8221; lightbox=&#8221;no&#8221; linktarget=&#8221;_self&#8221;]https:\/\/www.fraterinternacional.org\/wp-content\/uploads\/2020\/05\/abrigo-tancredo-neves-FFHI-17.jpg[\/fusion_slide][fusion_slide type=&#8221;image&#8221; image_id=&#8221;114258&#8243; link=&#8221;&#8221; lightbox=&#8221;no&#8221; linktarget=&#8221;_self&#8221;]https:\/\/www.fraterinternacional.org\/wp-content\/uploads\/2020\/05\/abrigo-tancredo-neves-FFHI-16.jpg[\/fusion_slide][fusion_slide type=&#8221;image&#8221; image_id=&#8221;114255&#8243; link=&#8221;&#8221; lightbox=&#8221;no&#8221; linktarget=&#8221;_self&#8221;]https:\/\/www.fraterinternacional.org\/wp-content\/uploads\/2020\/05\/abrigo-tancredo-neves-FFHI-15.jpg[\/fusion_slide][fusion_slide type=&#8221;image&#8221; image_id=&#8221;114252&#8243; link=&#8221;&#8221; lightbox=&#8221;no&#8221; linktarget=&#8221;_self&#8221;]https:\/\/www.fraterinternacional.org\/wp-content\/uploads\/2020\/05\/abrigo-tancredo-neves-FFHI-14.jpg[\/fusion_slide][fusion_slide type=&#8221;image&#8221; image_id=&#8221;114249&#8243; link=&#8221;&#8221; lightbox=&#8221;no&#8221; linktarget=&#8221;_self&#8221;]https:\/\/www.fraterinternacional.org\/wp-content\/uploads\/2020\/05\/abrigo-tancredo-neves-FFHI-13.jpg[\/fusion_slide][fusion_slide type=&#8221;image&#8221; image_id=&#8221;114243&#8243; link=&#8221;&#8221; lightbox=&#8221;no&#8221; linktarget=&#8221;_self&#8221;]https:\/\/www.fraterinternacional.org\/wp-content\/uploads\/2020\/05\/abrigo-tancredo-neves-FFHI-11.jpg[\/fusion_slide][fusion_slide type=&#8221;image&#8221; image_id=&#8221;114213&#8243; link=&#8221;&#8221; lightbox=&#8221;no&#8221; linktarget=&#8221;_self&#8221;]https:\/\/www.fraterinternacional.org\/wp-content\/uploads\/2020\/05\/abrigo-tancredo-neves-FFHI-01-1.jpg[\/fusion_slide][fusion_slide type=&#8221;image&#8221; image_id=&#8221;114219&#8243; link=&#8221;&#8221; lightbox=&#8221;no&#8221; linktarget=&#8221;_self&#8221;]https:\/\/www.fraterinternacional.org\/wp-content\/uploads\/2020\/05\/abrigo-tancredo-neves-FFHI-03-1.jpg[\/fusion_slide][fusion_slide type=&#8221;image&#8221; image_id=&#8221;114228&#8243; link=&#8221;&#8221; lightbox=&#8221;no&#8221; linktarget=&#8221;_self&#8221;]https:\/\/www.fraterinternacional.org\/wp-content\/uploads\/2020\/05\/abrigo-tancredo-neves-FFHI-06.jpg[\/fusion_slide][fusion_slide type=&#8221;image&#8221; image_id=&#8221;114231&#8243; link=&#8221;&#8221; lightbox=&#8221;no&#8221; linktarget=&#8221;_self&#8221;]https:\/\/www.fraterinternacional.org\/wp-content\/uploads\/2020\/05\/abrigo-tancredo-neves-FFHI-07.jpg[\/fusion_slide][fusion_slide type=&#8221;image&#8221; image_id=&#8221;114234&#8243; link=&#8221;&#8221; lightbox=&#8221;no&#8221; linktarget=&#8221;_self&#8221;]https:\/\/www.fraterinternacional.org\/wp-content\/uploads\/2020\/05\/abrigo-tancredo-neves-FFHI-08.jpg[\/fusion_slide][fusion_slide type=&#8221;image&#8221; image_id=&#8221;114237&#8243; link=&#8221;&#8221; lightbox=&#8221;no&#8221; linktarget=&#8221;_self&#8221;]https:\/\/www.fraterinternacional.org\/wp-content\/uploads\/2020\/05\/abrigo-tancredo-neves-FFHI-09.jpg[\/fusion_slide][fusion_slide type=&#8221;image&#8221; image_id=&#8221;114240&#8243; link=&#8221;&#8221; lightbox=&#8221;no&#8221; linktarget=&#8221;_self&#8221;]https:\/\/www.fraterinternacional.org\/wp-content\/uploads\/2020\/05\/abrigo-tancredo-neves-FFHI-10.jpg[\/fusion_slide][fusion_slide type=&#8221;image&#8221; image_id=&#8221;114210&#8243; link=&#8221;&#8221; lightbox=&#8221;no&#8221; linktarget=&#8221;_self&#8221;]https:\/\/www.fraterinternacional.org\/wp-content\/uploads\/2020\/05\/abrigo-tancredo-neves-FFHI-33.jpg[\/fusion_slide][fusion_slide type=&#8221;image&#8221; image_id=&#8221;114207&#8243; link=&#8221;&#8221; lightbox=&#8221;no&#8221; linktarget=&#8221;_self&#8221;]https:\/\/www.fraterinternacional.org\/wp-content\/uploads\/2020\/05\/abrigo-tancredo-neves-FFHI-32.jpg[\/fusion_slide][fusion_slide type=&#8221;image&#8221; image_id=&#8221;114201&#8243; link=&#8221;&#8221; lightbox=&#8221;no&#8221; linktarget=&#8221;_self&#8221;]https:\/\/www.fraterinternacional.org\/wp-content\/uploads\/2020\/05\/abrigo-tancredo-neves-FFHI-30.jpg[\/fusion_slide][fusion_slide type=&#8221;image&#8221; image_id=&#8221;114186&#8243; link=&#8221;&#8221; lightbox=&#8221;no&#8221; linktarget=&#8221;_self&#8221;]https:\/\/www.fraterinternacional.org\/wp-content\/uploads\/2020\/05\/abrigo-tancredo-neves-FFHI-25.jpg[\/fusion_slide][fusion_slide type=&#8221;image&#8221; image_id=&#8221;114183&#8243; link=&#8221;&#8221; lightbox=&#8221;no&#8221; linktarget=&#8221;_self&#8221;]https:\/\/www.fraterinternacional.org\/wp-content\/uploads\/2020\/05\/abrigo-tancredo-neves-FFHI-24.jpg[\/fusion_slide][fusion_slide type=&#8221;image&#8221; image_id=&#8221;114180&#8243; link=&#8221;&#8221; lightbox=&#8221;no&#8221; linktarget=&#8221;_self&#8221;]https:\/\/www.fraterinternacional.org\/wp-content\/uploads\/2020\/05\/abrigo-tancredo-neves-FFHI-23.jpg[\/fusion_slide][fusion_slide type=&#8221;image&#8221; image_id=&#8221;114177&#8243; link=&#8221;&#8221; lightbox=&#8221;no&#8221; linktarget=&#8221;_self&#8221;]https:\/\/www.fraterinternacional.org\/wp-content\/uploads\/2020\/05\/abrigo-tancredo-neves-FFHI-22.jpg[\/fusion_slide][fusion_slide type=&#8221;image&#8221; image_id=&#8221;114174&#8243; link=&#8221;&#8221; lightbox=&#8221;no&#8221; linktarget=&#8221;_self&#8221;]https:\/\/www.fraterinternacional.org\/wp-content\/uploads\/2020\/05\/abrigo-tancredo-neves-FFHI-21.jpg[\/fusion_slide][\/fusion_slider][fusion_separator style_type=&#8221;none&#8221; hide_on_mobile=&#8221;small-visibility,medium-visibility,large-visibility&#8221; class=&#8221;&#8221; id=&#8221;&#8221; sep_color=&#8221;&#8221; top_margin=&#8221;-70px&#8221; bottom_margin=&#8221;&#8221; border_size=&#8221;&#8221; icon=&#8221;&#8221; icon_size=&#8221;&#8221; icon_circle=&#8221;&#8221; icon_circle_color=&#8221;&#8221; width=&#8221;&#8221; alignment=&#8221;center&#8221;][\/fusion_separator]<\/p>\n<p style=\"font-weight: 400; text-align: justify;\">\u201cAfterwards, the rest who were there also wanted one, and one photo led to another. They could see themselves and were having fun, smiling. And more people were coming, wanting to be photographed,\u201d says the psychologist and missionary of the\u00a0<strong><a href=\"https:\/\/www.fraterinternacional.org\/quem-somos\/#atuacao\">Fraternity \u2013 International Humanitarian Federation (FIHF)<\/a>,<\/strong> F\u00e1tima Cavalcante, one of the facilitators of the workshop.<\/p>\n<p style=\"font-weight: 400; text-align: justify;\">In total, 30 people who requested the record were photographed. Later, the photographs had the phrase \u201cYou have value\u201d printed on them, and were presented to those in the shelter.<\/p>\n<p style=\"font-weight: 400; text-align: justify;\">F\u00e1tima emphasizes the importance for the refugees to feel they are recognized, welcome, and valued. In this sense, a photograph can be a way \u201cto be admired by the look of another and by the image of the self that can be seen and admired, in a game of smiles. That has a direct impact on the self-esteem of the refugees, because when they connect with the feeling of value, with the uniqueness of each being, and feel themselves to be welcomed, respected, and valued, each person reconnects with their own inner world,\u201d she says.<\/p>\n<p style=\"font-weight: 400; text-align: justify;\">Born of an empathetic relationship between the photographed and the photographer, a photograph is capable of showing the beautiful beyond appearances, believes the psychologist.<\/p>\n<p>[fusion_slider margin_top=&#8221;&#8221; margin_right=&#8221;&#8221; margin_bottom=&#8221;&#8221; margin_left=&#8221;&#8221; alignment=&#8221;center&#8221; slideshow_autoplay=&#8221;yes&#8221; slideshow_smooth_height=&#8221;&#8221; slideshow_speed=&#8221;3000&#8243; hover_type=&#8221;none&#8221; width=&#8221;&#8221; height=&#8221;&#8221; hide_on_mobile=&#8221;small-visibility,medium-visibility,large-visibility&#8221; class=&#8221;&#8221; id=&#8221;&#8221;][fusion_slide type=&#8221;image&#8221; image_id=&#8221;114246&#8243; link=&#8221;&#8221; lightbox=&#8221;no&#8221; linktarget=&#8221;_self&#8221;]https:\/\/www.fraterinternacional.org\/wp-content\/uploads\/2020\/05\/abrigo-tancredo-neves-FFHI-12.jpg[\/fusion_slide][fusion_slide type=&#8221;image&#8221; image_id=&#8221;114225&#8243; link=&#8221;&#8221; lightbox=&#8221;no&#8221; linktarget=&#8221;_self&#8221;]https:\/\/www.fraterinternacional.org\/wp-content\/uploads\/2020\/05\/abrigo-tancredo-neves-FFHI-05.jpg[\/fusion_slide][fusion_slide type=&#8221;image&#8221; image_id=&#8221;114222&#8243; link=&#8221;&#8221; lightbox=&#8221;no&#8221; linktarget=&#8221;_self&#8221;]https:\/\/www.fraterinternacional.org\/wp-content\/uploads\/2020\/05\/abrigo-tancredo-neves-FFHI-04.jpg[\/fusion_slide][fusion_slide type=&#8221;image&#8221; image_id=&#8221;114216&#8243; link=&#8221;&#8221; lightbox=&#8221;no&#8221; linktarget=&#8221;_self&#8221;]https:\/\/www.fraterinternacional.org\/wp-content\/uploads\/2020\/05\/abrigo-tancredo-neves-FFHI-02-1.jpg[\/fusion_slide][fusion_slide type=&#8221;image&#8221; image_id=&#8221;114204&#8243; link=&#8221;&#8221; lightbox=&#8221;no&#8221; linktarget=&#8221;_self&#8221;]https:\/\/www.fraterinternacional.org\/wp-content\/uploads\/2020\/05\/abrigo-tancredo-neves-FFHI-31.jpg[\/fusion_slide][fusion_slide type=&#8221;image&#8221; image_id=&#8221;114198&#8243; link=&#8221;&#8221; lightbox=&#8221;no&#8221; linktarget=&#8221;_self&#8221;]https:\/\/www.fraterinternacional.org\/wp-content\/uploads\/2020\/05\/abrigo-tancredo-neves-FFHI-29.jpg[\/fusion_slide][fusion_slide type=&#8221;image&#8221; image_id=&#8221;114195&#8243; link=&#8221;&#8221; lightbox=&#8221;no&#8221; linktarget=&#8221;_self&#8221;]https:\/\/www.fraterinternacional.org\/wp-content\/uploads\/2020\/05\/abrigo-tancredo-neves-FFHI-28.jpg[\/fusion_slide][fusion_slide type=&#8221;image&#8221; image_id=&#8221;114192&#8243; link=&#8221;&#8221; lightbox=&#8221;no&#8221; linktarget=&#8221;_self&#8221;]https:\/\/www.fraterinternacional.org\/wp-content\/uploads\/2020\/05\/abrigo-tancredo-neves-FFHI-27.jpg[\/fusion_slide][fusion_slide type=&#8221;image&#8221; image_id=&#8221;114189&#8243; link=&#8221;&#8221; lightbox=&#8221;no&#8221; linktarget=&#8221;_self&#8221;]https:\/\/www.fraterinternacional.org\/wp-content\/uploads\/2020\/05\/abrigo-tancredo-neves-FFHI-26.jpg[\/fusion_slide][\/fusion_slider][fusion_separator style_type=&#8221;none&#8221; hide_on_mobile=&#8221;small-visibility,medium-visibility,large-visibility&#8221; class=&#8221;&#8221; id=&#8221;&#8221; sep_color=&#8221;&#8221; top_margin=&#8221;-70px&#8221; bottom_margin=&#8221;&#8221; border_size=&#8221;&#8221; icon=&#8221;&#8221; icon_size=&#8221;&#8221; icon_circle=&#8221;&#8221; icon_circle_color=&#8221;&#8221; width=&#8221;&#8221; alignment=&#8221;center&#8221;][\/fusion_separator]<\/p>\n","protected":false},"excerpt":{"rendered":"<p>Photography can be a tool for framing and (re)building realities for the Venezuelan refugees welcomed into shelters managed by the\u00a0Fraternity \u2013 International Humanitarian Federation (FIHF)with the support of theUnited Nations High Commissioner for Refugees (UNHCR). In the Tancredo Neves shelter, in Boa Vista, a team of missionaries of the organization promoted activities of the project [&hellip;]<\/p>\n","protected":false},"author":1,"featured_media":129715,"comment_status":"open","ping_status":"open","sticky":false,"template":"","format":"standard","meta":{"footnotes":""},"categories":[9,132],"tags":[],"class_list":["post-131352","post","type-post","status-publish","format-standard","has-post-thumbnail","hentry","category-news","category-news-about-the-missions"],"featured_image_src":"https:\/\/www.missoeshumanitarias.org\/wp-content\/uploads\/2021\/08\/capa-abrigo-tancredo-neves-FFHI-02.jpg","author_info":{"display_name":"maducato_admin","author_link":"https:\/\/www.missoeshumanitarias.org\/en\/author\/maducato_admin\/"},"yoast_head":"<!-- This site is optimized with the Yoast SEO Premium plugin v22.5 (Yoast SEO v22.5) - https:\/\/yoast.com\/wordpress\/plugins\/seo\/ -->\n<title>In Workshops, Photography Improves Self-esteem and Integrates Venezuelan Refugees - Fraternidade Miss\u00f5es Humanit\u00e1rias Internacionais<\/title>\n<meta name=\"robots\" content=\"index, follow, max-snippet:-1, max-image-preview:large, max-video-preview:-1\" \/>\n<link rel=\"canonical\" href=\"https:\/\/www.missoeshumanitarias.org\/en\/in-workshops-photography-improves-self-esteem-and-integrates-venezuelan-refugees\/\" \/>\n<meta property=\"og:locale\" content=\"en_US\" \/>\n<meta property=\"og:type\" content=\"article\" \/>\n<meta property=\"og:title\" content=\"In Workshops, Photography Improves Self-esteem and Integrates Venezuelan Refugees\" \/>\n<meta property=\"og:description\" content=\"Photography can be a tool for framing and (re)building realities for the Venezuelan refugees welcomed into shelters managed by the\u00a0Fraternity \u2013 International Humanitarian Federation (FIHF)with the support of theUnited Nations High Commissioner for Refugees (UNHCR). In the Tancredo Neves shelter, in Boa Vista, a team of missionaries of the organization promoted activities of the project [&hellip;]\" \/>\n<meta property=\"og:url\" content=\"https:\/\/www.missoeshumanitarias.org\/en\/in-workshops-photography-improves-self-esteem-and-integrates-venezuelan-refugees\/\" \/>\n<meta property=\"og:site_name\" content=\"Fraternidade Miss\u00f5es Humanit\u00e1rias Internacionais\" \/>\n<meta property=\"article:published_time\" content=\"2020-05-04T14:54:56+00:00\" \/>\n<meta property=\"og:image\" content=\"https:\/\/www.missoeshumanitarias.org\/wp-content\/uploads\/2021\/08\/capa-abrigo-tancredo-neves-FFHI-02.jpg\" \/>\n\t<meta property=\"og:image:width\" content=\"1000\" \/>\n\t<meta property=\"og:image:height\" content=\"750\" \/>\n\t<meta property=\"og:image:type\" content=\"image\/jpeg\" \/>\n<meta name=\"author\" content=\"maducato_admin\" \/>\n<meta name=\"twitter:card\" content=\"summary_large_image\" \/>\n<meta name=\"twitter:label1\" content=\"Written by\" \/>\n\t<meta name=\"twitter:data1\" content=\"maducato_admin\" \/>\n\t<meta name=\"twitter:label2\" content=\"Est. reading time\" \/>\n\t<meta name=\"twitter:data2\" content=\"6 minutes\" \/>\n<script type=\"application\/ld+json\" class=\"yoast-schema-graph\">{\"@context\":\"https:\/\/schema.org\",\"@graph\":[{\"@type\":\"Article\",\"@id\":\"https:\/\/www.missoeshumanitarias.org\/en\/in-workshops-photography-improves-self-esteem-and-integrates-venezuelan-refugees\/#article\",\"isPartOf\":{\"@id\":\"https:\/\/www.missoeshumanitarias.org\/en\/in-workshops-photography-improves-self-esteem-and-integrates-venezuelan-refugees\/\"},\"author\":{\"name\":\"maducato_admin\",\"@id\":\"https:\/\/www.missoeshumanitarias.org\/es\/#\/schema\/person\/e0f8527323154d1eba9f9d9eb6b401f7\"},\"headline\":\"In Workshops, Photography Improves Self-esteem and Integrates Venezuelan Refugees\",\"datePublished\":\"2020-05-04T14:54:56+00:00\",\"dateModified\":\"2020-05-04T14:54:56+00:00\",\"mainEntityOfPage\":{\"@id\":\"https:\/\/www.missoeshumanitarias.org\/en\/in-workshops-photography-improves-self-esteem-and-integrates-venezuelan-refugees\/\"},\"wordCount\":1252,\"commentCount\":0,\"publisher\":{\"@id\":\"https:\/\/www.missoeshumanitarias.org\/es\/#organization\"},\"image\":{\"@id\":\"https:\/\/www.missoeshumanitarias.org\/en\/in-workshops-photography-improves-self-esteem-and-integrates-venezuelan-refugees\/#primaryimage\"},\"thumbnailUrl\":\"https:\/\/www.missoeshumanitarias.org\/wp-content\/uploads\/2021\/08\/capa-abrigo-tancredo-neves-FFHI-02.jpg\",\"articleSection\":[\"News\",\"News about the Missions\"],\"inLanguage\":\"en-US\",\"potentialAction\":[{\"@type\":\"CommentAction\",\"name\":\"Comment\",\"target\":[\"https:\/\/www.missoeshumanitarias.org\/en\/in-workshops-photography-improves-self-esteem-and-integrates-venezuelan-refugees\/#respond\"]}]},{\"@type\":\"WebPage\",\"@id\":\"https:\/\/www.missoeshumanitarias.org\/en\/in-workshops-photography-improves-self-esteem-and-integrates-venezuelan-refugees\/\",\"url\":\"https:\/\/www.missoeshumanitarias.org\/en\/in-workshops-photography-improves-self-esteem-and-integrates-venezuelan-refugees\/\",\"name\":\"In Workshops, Photography Improves Self-esteem and Integrates Venezuelan Refugees - Fraternidade Miss\u00f5es Humanit\u00e1rias Internacionais\",\"isPartOf\":{\"@id\":\"https:\/\/www.missoeshumanitarias.org\/es\/#website\"},\"primaryImageOfPage\":{\"@id\":\"https:\/\/www.missoeshumanitarias.org\/en\/in-workshops-photography-improves-self-esteem-and-integrates-venezuelan-refugees\/#primaryimage\"},\"image\":{\"@id\":\"https:\/\/www.missoeshumanitarias.org\/en\/in-workshops-photography-improves-self-esteem-and-integrates-venezuelan-refugees\/#primaryimage\"},\"thumbnailUrl\":\"https:\/\/www.missoeshumanitarias.org\/wp-content\/uploads\/2021\/08\/capa-abrigo-tancredo-neves-FFHI-02.jpg\",\"datePublished\":\"2020-05-04T14:54:56+00:00\",\"dateModified\":\"2020-05-04T14:54:56+00:00\",\"breadcrumb\":{\"@id\":\"https:\/\/www.missoeshumanitarias.org\/en\/in-workshops-photography-improves-self-esteem-and-integrates-venezuelan-refugees\/#breadcrumb\"},\"inLanguage\":\"en-US\",\"potentialAction\":[{\"@type\":\"ReadAction\",\"target\":[\"https:\/\/www.missoeshumanitarias.org\/en\/in-workshops-photography-improves-self-esteem-and-integrates-venezuelan-refugees\/\"]}]},{\"@type\":\"ImageObject\",\"inLanguage\":\"en-US\",\"@id\":\"https:\/\/www.missoeshumanitarias.org\/en\/in-workshops-photography-improves-self-esteem-and-integrates-venezuelan-refugees\/#primaryimage\",\"url\":\"https:\/\/www.missoeshumanitarias.org\/wp-content\/uploads\/2021\/08\/capa-abrigo-tancredo-neves-FFHI-02.jpg\",\"contentUrl\":\"https:\/\/www.missoeshumanitarias.org\/wp-content\/uploads\/2021\/08\/capa-abrigo-tancredo-neves-FFHI-02.jpg\",\"width\":1000,\"height\":750},{\"@type\":\"BreadcrumbList\",\"@id\":\"https:\/\/www.missoeshumanitarias.org\/en\/in-workshops-photography-improves-self-esteem-and-integrates-venezuelan-refugees\/#breadcrumb\",\"itemListElement\":[{\"@type\":\"ListItem\",\"position\":1,\"name\":\"Home\",\"item\":\"https:\/\/www.missoeshumanitarias.org\/en\/\"},{\"@type\":\"ListItem\",\"position\":2,\"name\":\"In Workshops, Photography Improves Self-esteem and Integrates Venezuelan Refugees\"}]},{\"@type\":\"WebSite\",\"@id\":\"https:\/\/www.missoeshumanitarias.org\/es\/#website\",\"url\":\"https:\/\/www.missoeshumanitarias.org\/es\/\",\"name\":\"Fraternidade Miss\u00f5es Humanit\u00e1rias Internacionais\",\"description\":\"Respostas Humanit\u00e1rias e Emerg\u00eancias\",\"publisher\":{\"@id\":\"https:\/\/www.missoeshumanitarias.org\/es\/#organization\"},\"potentialAction\":[{\"@type\":\"SearchAction\",\"target\":{\"@type\":\"EntryPoint\",\"urlTemplate\":\"https:\/\/www.missoeshumanitarias.org\/es\/?s={search_term_string}\"},\"query-input\":\"required name=search_term_string\"}],\"inLanguage\":\"en-US\"},{\"@type\":\"Organization\",\"@id\":\"https:\/\/www.missoeshumanitarias.org\/es\/#organization\",\"name\":\"Fraternidade - Miss\u00f5es Humanit\u00e1rias Internacionais\",\"url\":\"https:\/\/www.missoeshumanitarias.org\/es\/\",\"logo\":{\"@type\":\"ImageObject\",\"inLanguage\":\"en-US\",\"@id\":\"https:\/\/www.missoeshumanitarias.org\/es\/#\/schema\/logo\/image\/\",\"url\":\"https:\/\/www.missoeshumanitarias.org\/wp-content\/uploads\/2020\/05\/logo-FMHI-mg.png\",\"contentUrl\":\"https:\/\/www.missoeshumanitarias.org\/wp-content\/uploads\/2020\/05\/logo-FMHI-mg.png\",\"width\":520,\"height\":134,\"caption\":\"Fraternidade - Miss\u00f5es Humanit\u00e1rias Internacionais\"},\"image\":{\"@id\":\"https:\/\/www.missoeshumanitarias.org\/es\/#\/schema\/logo\/image\/\"}},{\"@type\":\"Person\",\"@id\":\"https:\/\/www.missoeshumanitarias.org\/es\/#\/schema\/person\/e0f8527323154d1eba9f9d9eb6b401f7\",\"name\":\"maducato_admin\",\"image\":{\"@type\":\"ImageObject\",\"inLanguage\":\"en-US\",\"@id\":\"https:\/\/www.missoeshumanitarias.org\/es\/#\/schema\/person\/image\/\",\"url\":\"https:\/\/secure.gravatar.com\/avatar\/6c3b45186a8f5a459d8e14c7fca370bceae92402bc06171d75e4e559b6c24393?s=96&d=mm&r=g\",\"contentUrl\":\"https:\/\/secure.gravatar.com\/avatar\/6c3b45186a8f5a459d8e14c7fca370bceae92402bc06171d75e4e559b6c24393?s=96&d=mm&r=g\",\"caption\":\"maducato_admin\"}}]}<\/script>\n<!-- \/ Yoast SEO Premium plugin. -->","yoast_head_json":{"title":"In Workshops, Photography Improves Self-esteem and Integrates Venezuelan Refugees - Fraternidade Miss\u00f5es Humanit\u00e1rias Internacionais","robots":{"index":"index","follow":"follow","max-snippet":"max-snippet:-1","max-image-preview":"max-image-preview:large","max-video-preview":"max-video-preview:-1"},"canonical":"https:\/\/www.missoeshumanitarias.org\/en\/in-workshops-photography-improves-self-esteem-and-integrates-venezuelan-refugees\/","og_locale":"en_US","og_type":"article","og_title":"In Workshops, Photography Improves Self-esteem and Integrates Venezuelan Refugees","og_description":"Photography can be a tool for framing and (re)building realities for the Venezuelan refugees welcomed into shelters managed by the\u00a0Fraternity \u2013 International Humanitarian Federation (FIHF)with the support of theUnited Nations High Commissioner for Refugees (UNHCR). In the Tancredo Neves shelter, in Boa Vista, a team of missionaries of the organization promoted activities of the project [&hellip;]","og_url":"https:\/\/www.missoeshumanitarias.org\/en\/in-workshops-photography-improves-self-esteem-and-integrates-venezuelan-refugees\/","og_site_name":"Fraternidade Miss\u00f5es Humanit\u00e1rias Internacionais","article_published_time":"2020-05-04T14:54:56+00:00","og_image":[{"width":1000,"height":750,"url":"https:\/\/www.missoeshumanitarias.org\/wp-content\/uploads\/2021\/08\/capa-abrigo-tancredo-neves-FFHI-02.jpg","type":"image\/jpeg"}],"author":"maducato_admin","twitter_card":"summary_large_image","twitter_misc":{"Written by":"maducato_admin","Est. reading time":"6 minutes"},"schema":{"@context":"https:\/\/schema.org","@graph":[{"@type":"Article","@id":"https:\/\/www.missoeshumanitarias.org\/en\/in-workshops-photography-improves-self-esteem-and-integrates-venezuelan-refugees\/#article","isPartOf":{"@id":"https:\/\/www.missoeshumanitarias.org\/en\/in-workshops-photography-improves-self-esteem-and-integrates-venezuelan-refugees\/"},"author":{"name":"maducato_admin","@id":"https:\/\/www.missoeshumanitarias.org\/es\/#\/schema\/person\/e0f8527323154d1eba9f9d9eb6b401f7"},"headline":"In Workshops, Photography Improves Self-esteem and Integrates Venezuelan Refugees","datePublished":"2020-05-04T14:54:56+00:00","dateModified":"2020-05-04T14:54:56+00:00","mainEntityOfPage":{"@id":"https:\/\/www.missoeshumanitarias.org\/en\/in-workshops-photography-improves-self-esteem-and-integrates-venezuelan-refugees\/"},"wordCount":1252,"commentCount":0,"publisher":{"@id":"https:\/\/www.missoeshumanitarias.org\/es\/#organization"},"image":{"@id":"https:\/\/www.missoeshumanitarias.org\/en\/in-workshops-photography-improves-self-esteem-and-integrates-venezuelan-refugees\/#primaryimage"},"thumbnailUrl":"https:\/\/www.missoeshumanitarias.org\/wp-content\/uploads\/2021\/08\/capa-abrigo-tancredo-neves-FFHI-02.jpg","articleSection":["News","News about the Missions"],"inLanguage":"en-US","potentialAction":[{"@type":"CommentAction","name":"Comment","target":["https:\/\/www.missoeshumanitarias.org\/en\/in-workshops-photography-improves-self-esteem-and-integrates-venezuelan-refugees\/#respond"]}]},{"@type":"WebPage","@id":"https:\/\/www.missoeshumanitarias.org\/en\/in-workshops-photography-improves-self-esteem-and-integrates-venezuelan-refugees\/","url":"https:\/\/www.missoeshumanitarias.org\/en\/in-workshops-photography-improves-self-esteem-and-integrates-venezuelan-refugees\/","name":"In Workshops, Photography Improves Self-esteem and Integrates Venezuelan Refugees - Fraternidade Miss\u00f5es Humanit\u00e1rias Internacionais","isPartOf":{"@id":"https:\/\/www.missoeshumanitarias.org\/es\/#website"},"primaryImageOfPage":{"@id":"https:\/\/www.missoeshumanitarias.org\/en\/in-workshops-photography-improves-self-esteem-and-integrates-venezuelan-refugees\/#primaryimage"},"image":{"@id":"https:\/\/www.missoeshumanitarias.org\/en\/in-workshops-photography-improves-self-esteem-and-integrates-venezuelan-refugees\/#primaryimage"},"thumbnailUrl":"https:\/\/www.missoeshumanitarias.org\/wp-content\/uploads\/2021\/08\/capa-abrigo-tancredo-neves-FFHI-02.jpg","datePublished":"2020-05-04T14:54:56+00:00","dateModified":"2020-05-04T14:54:56+00:00","breadcrumb":{"@id":"https:\/\/www.missoeshumanitarias.org\/en\/in-workshops-photography-improves-self-esteem-and-integrates-venezuelan-refugees\/#breadcrumb"},"inLanguage":"en-US","potentialAction":[{"@type":"ReadAction","target":["https:\/\/www.missoeshumanitarias.org\/en\/in-workshops-photography-improves-self-esteem-and-integrates-venezuelan-refugees\/"]}]},{"@type":"ImageObject","inLanguage":"en-US","@id":"https:\/\/www.missoeshumanitarias.org\/en\/in-workshops-photography-improves-self-esteem-and-integrates-venezuelan-refugees\/#primaryimage","url":"https:\/\/www.missoeshumanitarias.org\/wp-content\/uploads\/2021\/08\/capa-abrigo-tancredo-neves-FFHI-02.jpg","contentUrl":"https:\/\/www.missoeshumanitarias.org\/wp-content\/uploads\/2021\/08\/capa-abrigo-tancredo-neves-FFHI-02.jpg","width":1000,"height":750},{"@type":"BreadcrumbList","@id":"https:\/\/www.missoeshumanitarias.org\/en\/in-workshops-photography-improves-self-esteem-and-integrates-venezuelan-refugees\/#breadcrumb","itemListElement":[{"@type":"ListItem","position":1,"name":"Home","item":"https:\/\/www.missoeshumanitarias.org\/en\/"},{"@type":"ListItem","position":2,"name":"In Workshops, Photography Improves Self-esteem and Integrates Venezuelan Refugees"}]},{"@type":"WebSite","@id":"https:\/\/www.missoeshumanitarias.org\/es\/#website","url":"https:\/\/www.missoeshumanitarias.org\/es\/","name":"Fraternidade Miss\u00f5es Humanit\u00e1rias Internacionais","description":"Respostas Humanit\u00e1rias e Emerg\u00eancias","publisher":{"@id":"https:\/\/www.missoeshumanitarias.org\/es\/#organization"},"potentialAction":[{"@type":"SearchAction","target":{"@type":"EntryPoint","urlTemplate":"https:\/\/www.missoeshumanitarias.org\/es\/?s={search_term_string}"},"query-input":"required name=search_term_string"}],"inLanguage":"en-US"},{"@type":"Organization","@id":"https:\/\/www.missoeshumanitarias.org\/es\/#organization","name":"Fraternidade - Miss\u00f5es Humanit\u00e1rias Internacionais","url":"https:\/\/www.missoeshumanitarias.org\/es\/","logo":{"@type":"ImageObject","inLanguage":"en-US","@id":"https:\/\/www.missoeshumanitarias.org\/es\/#\/schema\/logo\/image\/","url":"https:\/\/www.missoeshumanitarias.org\/wp-content\/uploads\/2020\/05\/logo-FMHI-mg.png","contentUrl":"https:\/\/www.missoeshumanitarias.org\/wp-content\/uploads\/2020\/05\/logo-FMHI-mg.png","width":520,"height":134,"caption":"Fraternidade - Miss\u00f5es Humanit\u00e1rias Internacionais"},"image":{"@id":"https:\/\/www.missoeshumanitarias.org\/es\/#\/schema\/logo\/image\/"}},{"@type":"Person","@id":"https:\/\/www.missoeshumanitarias.org\/es\/#\/schema\/person\/e0f8527323154d1eba9f9d9eb6b401f7","name":"maducato_admin","image":{"@type":"ImageObject","inLanguage":"en-US","@id":"https:\/\/www.missoeshumanitarias.org\/es\/#\/schema\/person\/image\/","url":"https:\/\/secure.gravatar.com\/avatar\/6c3b45186a8f5a459d8e14c7fca370bceae92402bc06171d75e4e559b6c24393?s=96&d=mm&r=g","contentUrl":"https:\/\/secure.gravatar.com\/avatar\/6c3b45186a8f5a459d8e14c7fca370bceae92402bc06171d75e4e559b6c24393?s=96&d=mm&r=g","caption":"maducato_admin"}}]}},"_links":{"self":[{"href":"https:\/\/www.missoeshumanitarias.org\/en\/wp-json\/wp\/v2\/posts\/131352","targetHints":{"allow":["GET"]}}],"collection":[{"href":"https:\/\/www.missoeshumanitarias.org\/en\/wp-json\/wp\/v2\/posts"}],"about":[{"href":"https:\/\/www.missoeshumanitarias.org\/en\/wp-json\/wp\/v2\/types\/post"}],"author":[{"embeddable":true,"href":"https:\/\/www.missoeshumanitarias.org\/en\/wp-json\/wp\/v2\/users\/1"}],"replies":[{"embeddable":true,"href":"https:\/\/www.missoeshumanitarias.org\/en\/wp-json\/wp\/v2\/comments?post=131352"}],"version-history":[{"count":0,"href":"https:\/\/www.missoeshumanitarias.org\/en\/wp-json\/wp\/v2\/posts\/131352\/revisions"}],"wp:featuredmedia":[{"embeddable":true,"href":"https:\/\/www.missoeshumanitarias.org\/en\/wp-json\/wp\/v2\/media\/129715"}],"wp:attachment":[{"href":"https:\/\/www.missoeshumanitarias.org\/en\/wp-json\/wp\/v2\/media?parent=131352"}],"wp:term":[{"taxonomy":"category","embeddable":true,"href":"https:\/\/www.missoeshumanitarias.org\/en\/wp-json\/wp\/v2\/categories?post=131352"},{"taxonomy":"post_tag","embeddable":true,"href":"https:\/\/www.missoeshumanitarias.org\/en\/wp-json\/wp\/v2\/tags?post=131352"}],"curies":[{"name":"wp","href":"https:\/\/api.w.org\/{rel}","templated":true}]}}