{"id":131355,"date":"2020-05-10T12:46:34","date_gmt":"2020-05-10T15:46:34","guid":{"rendered":"https:\/\/www.missoeshumanitarias.org\/attention-and-care-of-children-and-youths-at-home-during-the-pandemic\/"},"modified":"2023-02-17T07:44:43","modified_gmt":"2023-02-17T10:44:43","slug":"attention-and-care-of-children-and-youths-at-home-during-the-pandemic","status":"publish","type":"post","link":"https:\/\/www.missoeshumanitarias.org\/en\/attention-and-care-of-children-and-youths-at-home-during-the-pandemic\/","title":{"rendered":"Attention and Care of Children and Youths at Home During the Pandemic"},"content":{"rendered":"\n<p>Cancelled school classes, parents working at home. The time of social distancing imposed by the coronavirus completely changed everybody\u2019s routine, requiring serenity, tranquility, and creativity, most especially in the domestic environment.<\/p>\n\n\n<div class=\"wp-block-image\">\n<figure class=\"aligncenter\"><a href=\"https:\/\/www.missoeshumanitarias.org\/wp-content\/uploads\/2021\/08\/educacao-emergencia-roraima-FFHI06.jpg\"><img decoding=\"async\" src=\"https:\/\/www.missoeshumanitarias.org\/wp-content\/uploads\/2021\/08\/educacao-emergencia-roraima-FFHI06.jpg\" alt=\"Pedagogia de Emerg\u00eancia\" class=\"wp-image-114528\"\/><\/a><figcaption class=\"wp-element-caption\">Art-education activities for immigrant children and youths in the shelters of the&nbsp;<a href=\"https:\/\/www.fraterinternacional.org\/missao-roraima\/\">Roraima Mission<\/a><\/figcaption><\/figure>\n<\/div>\n\n\n<p>The children and youths, far more than the adults, are being challenged to overcome the complete change in the routine. They can\u2019t go to school anymore, play in the street, meet with friends, not even the Sunday lunch at the grandparents\u2019 home can happen.<\/p>\n\n\n\n<p>That abrupt change may generate unhappiness, distress, and a lack of understanding. It is a time to breathe, to adopt all the measure of prevention stipulated by competent health organizations, and practice caring for oneself and others.<\/p>\n\n\n\n<p>Sister Maria, a monk of the&nbsp;<strong><a href=\"https:\/\/www.fraterinternacional.org\/filiadas\/ordem-graca-misericordia\/\">Grace Mercy Order<\/a><\/strong>&nbsp;and missionary of the&nbsp;<strong><a href=\"https:\/\/www.fraterinternacional.org\/quem-somos\/#atuacao\">Fraternity \u2013 International Humanitarian Federation (FIHF)<\/a>,<\/strong> coordinator of the art-education projects for the Venezuelan immigrant children and youths sheltered by the&nbsp;<strong><a href=\"https:\/\/www.fraterinternacional.org\/missao-roraima\/\">Roraima Mission<\/a><\/strong>, explains how some practices of&nbsp;<strong><a href=\"https:\/\/www.freunde-waldorf.de\/en\/emergency-pedagogy\/#!\">Emergency Education<\/a>&nbsp;<\/strong>can contribute to an understanding and living in this time. \u201cThe pandemic can be a traumatic factor, because it shatters the notion of continuity in the psychological processes of the subjects, be they children, youths, or adults. And it is for this reason that it becomes very important to work on the emotional bond among families and friends. The strengthening of these ties generates emotional and mental assurance,\u201d she reinforces.<\/p>\n\n\n\n<figure class=\"wp-block-gallery has-nested-images columns-4 is-cropped wp-block-gallery-1 is-layout-flex wp-block-gallery-is-layout-flex\">\n<figure class=\"wp-block-image size-large\"><a href=\"https:\/\/www.missoeshumanitarias.org\/wp-content\/uploads\/2021\/08\/educacao-emergencia-roraima-FFHI04.jpg\"><img fetchpriority=\"high\" decoding=\"async\" width=\"1000\" height=\"667\" data-id=\"129748\" src=\"https:\/\/www.missoeshumanitarias.org\/wp-content\/uploads\/2021\/08\/educacao-emergencia-roraima-FFHI04.jpg\" alt=\"\" class=\"wp-image-129748\" srcset=\"https:\/\/www.missoeshumanitarias.org\/wp-content\/uploads\/2021\/08\/educacao-emergencia-roraima-FFHI04.jpg 1000w, https:\/\/www.missoeshumanitarias.org\/wp-content\/uploads\/2021\/08\/educacao-emergencia-roraima-FFHI04-300x200.jpg 300w, https:\/\/www.missoeshumanitarias.org\/wp-content\/uploads\/2021\/08\/educacao-emergencia-roraima-FFHI04-768x512.jpg 768w\" sizes=\"(max-width: 1000px) 100vw, 1000px\" \/><\/a><\/figure>\n\n\n\n<figure class=\"wp-block-image size-large\"><a href=\"https:\/\/www.missoeshumanitarias.org\/wp-content\/uploads\/2021\/08\/educacao-emergencia-roraima-FFHI03.jpg\"><img decoding=\"async\" width=\"1000\" height=\"667\" data-id=\"129751\" src=\"https:\/\/www.missoeshumanitarias.org\/wp-content\/uploads\/2021\/08\/educacao-emergencia-roraima-FFHI03.jpg\" alt=\"Pedagogia de Emerg\u00eancia\" class=\"wp-image-129751\" srcset=\"https:\/\/www.missoeshumanitarias.org\/wp-content\/uploads\/2021\/08\/educacao-emergencia-roraima-FFHI03.jpg 1000w, https:\/\/www.missoeshumanitarias.org\/wp-content\/uploads\/2021\/08\/educacao-emergencia-roraima-FFHI03-300x200.jpg 300w, https:\/\/www.missoeshumanitarias.org\/wp-content\/uploads\/2021\/08\/educacao-emergencia-roraima-FFHI03-768x512.jpg 768w\" sizes=\"(max-width: 1000px) 100vw, 1000px\" \/><\/a><\/figure>\n\n\n\n<figure class=\"wp-block-image size-large\"><a href=\"https:\/\/www.missoeshumanitarias.org\/wp-content\/uploads\/2021\/08\/educacao-emergencia-roraima-FFHI02.jpg\"><img decoding=\"async\" width=\"1024\" height=\"576\" data-id=\"129754\" src=\"https:\/\/www.missoeshumanitarias.org\/wp-content\/uploads\/2021\/08\/educacao-emergencia-roraima-FFHI02-1024x576.jpg\" alt=\"Pedagogia de Emerg\u00eancia\" class=\"wp-image-129754\" srcset=\"https:\/\/www.missoeshumanitarias.org\/wp-content\/uploads\/2021\/08\/educacao-emergencia-roraima-FFHI02-1024x576.jpg 1024w, https:\/\/www.missoeshumanitarias.org\/wp-content\/uploads\/2021\/08\/educacao-emergencia-roraima-FFHI02-300x169.jpg 300w, https:\/\/www.missoeshumanitarias.org\/wp-content\/uploads\/2021\/08\/educacao-emergencia-roraima-FFHI02-768x432.jpg 768w, https:\/\/www.missoeshumanitarias.org\/wp-content\/uploads\/2021\/08\/educacao-emergencia-roraima-FFHI02.jpg 1280w\" sizes=\"(max-width: 1024px) 100vw, 1024px\" \/><\/a><\/figure>\n<\/figure>\n\n\n\n<p class=\"has-text-align-center\">Art-education activities for immigrant children and youths in the shelters<\/p>\n\n\n\n<h3 class=\"wp-block-heading\" id=\"h-playing-is-a-serious-matter\"><b>Playing is a Serious Matter<\/b><\/h3>\n\n\n<div class=\"wp-block-image\">\n<figure class=\"aligncenter\"><a href=\"https:\/\/www.missoeshumanitarias.org\/wp-content\/uploads\/2021\/08\/educacao-emergencia-roraima-FFHI05.jpg\"><img decoding=\"async\" src=\"https:\/\/www.missoeshumanitarias.org\/wp-content\/uploads\/2021\/08\/educacao-emergencia-roraima-FFHI05.jpg\" alt=\"Pedagogia de Emerg\u00eancia\" class=\"wp-image-114525\"\/><\/a><figcaption class=\"wp-element-caption\">Art-education activities for immigrant children and youths in the shelters<\/figcaption><\/figure>\n<\/div>\n\n\n<p>Teachers and psychologists, among other professionals, emphasize the importance of play in social, emotional, and cognitive development of children. However, some people think that this activity is restricted to children, when in reality, adults can, and should, participate in this world.<\/p>\n\n\n\n<p>In the monk\u2019s opinion, that moment of isolation can become an opportunity for the parents to reinforce the bonds with their children, be it by participating with them in intellectual school activities or in games and storytelling.<\/p>\n\n\n\n<p>\u201cParents that create that bond with the children enhance their psychological-emotional development and their self-esteem,\u201d she says. \u201cChildren and youths that do simple activities, such as cleaning in the home, in the yard, or do various activities that are not limited to the computer, develop their cognitive capacity and much better social relationships,\u201d she explains.<\/p>\n\n\n\n<p>The missionary of the&nbsp;<a href=\"https:\/\/www.fraterinternacional.org\/quem-somos\/#atuacao\"><strong>Fraternity \u2013 International Humanitarian Federation (FIHF)<\/strong><\/a>, Anderson, one of the promoters of the projects of Emergency Education in the humanitarian missions developed by the organization, points out that \u201cone needs to look for extremely simple tools and expressions, entertaining and educational. This is even more important in this time in which the Planet is going through an emergency situation, that must be seen as a great opportunity for learning, a change in practices and values on the part of humanity.\u201d<\/p>\n\n\n\n<figure class=\"wp-block-gallery has-nested-images columns-4 is-cropped wp-block-gallery-2 is-layout-flex wp-block-gallery-is-layout-flex\">\n<figure class=\"wp-block-image size-large\"><a href=\"https:\/\/www.missoeshumanitarias.org\/wp-content\/uploads\/2021\/08\/educacao-emergencia-roraima-FFHI010.jpg\"><img loading=\"lazy\" decoding=\"async\" width=\"1000\" height=\"750\" data-id=\"129760\" src=\"https:\/\/www.missoeshumanitarias.org\/wp-content\/uploads\/2021\/08\/educacao-emergencia-roraima-FFHI010.jpg\" alt=\"Pedagogia de Emerg\u00eancia\" class=\"wp-image-129760\" srcset=\"https:\/\/www.missoeshumanitarias.org\/wp-content\/uploads\/2021\/08\/educacao-emergencia-roraima-FFHI010.jpg 1000w, https:\/\/www.missoeshumanitarias.org\/wp-content\/uploads\/2021\/08\/educacao-emergencia-roraima-FFHI010-300x225.jpg 300w, https:\/\/www.missoeshumanitarias.org\/wp-content\/uploads\/2021\/08\/educacao-emergencia-roraima-FFHI010-768x576.jpg 768w\" sizes=\"(max-width: 1000px) 100vw, 1000px\" \/><\/a><\/figure>\n\n\n\n<figure class=\"wp-block-image size-large\"><a href=\"https:\/\/www.missoeshumanitarias.org\/wp-content\/uploads\/2021\/08\/educacao-emergencia-roraima-FFHI09.jpg\"><img loading=\"lazy\" decoding=\"async\" width=\"1000\" height=\"563\" data-id=\"129763\" src=\"https:\/\/www.missoeshumanitarias.org\/wp-content\/uploads\/2021\/08\/educacao-emergencia-roraima-FFHI09.jpg\" alt=\"Pedagogia de Emerg\u00eancia\" class=\"wp-image-129763\" srcset=\"https:\/\/www.missoeshumanitarias.org\/wp-content\/uploads\/2021\/08\/educacao-emergencia-roraima-FFHI09.jpg 1000w, https:\/\/www.missoeshumanitarias.org\/wp-content\/uploads\/2021\/08\/educacao-emergencia-roraima-FFHI09-300x169.jpg 300w, https:\/\/www.missoeshumanitarias.org\/wp-content\/uploads\/2021\/08\/educacao-emergencia-roraima-FFHI09-768x432.jpg 768w\" sizes=\"(max-width: 1000px) 100vw, 1000px\" \/><\/a><\/figure>\n\n\n\n<figure class=\"wp-block-image size-large\"><a href=\"https:\/\/www.missoeshumanitarias.org\/wp-content\/uploads\/2021\/08\/educacao-emergencia-roraima-FFHI08.jpg\"><img loading=\"lazy\" decoding=\"async\" width=\"1000\" height=\"563\" data-id=\"129766\" src=\"https:\/\/www.missoeshumanitarias.org\/wp-content\/uploads\/2021\/08\/educacao-emergencia-roraima-FFHI08.jpg\" alt=\"Pedagogia de Emerg\u00eancia\" class=\"wp-image-129766\" srcset=\"https:\/\/www.missoeshumanitarias.org\/wp-content\/uploads\/2021\/08\/educacao-emergencia-roraima-FFHI08.jpg 1000w, https:\/\/www.missoeshumanitarias.org\/wp-content\/uploads\/2021\/08\/educacao-emergencia-roraima-FFHI08-300x169.jpg 300w, https:\/\/www.missoeshumanitarias.org\/wp-content\/uploads\/2021\/08\/educacao-emergencia-roraima-FFHI08-768x432.jpg 768w\" sizes=\"(max-width: 1000px) 100vw, 1000px\" \/><\/a><\/figure>\n<\/figure>\n\n\n\n<p class=\"has-text-align-center\"><span style=\"font-size: 10pt;\">Art-education activities for immigrant children and youths in the shelters.<\/span><\/p>\n\n\n\n<blockquote class=\"wp-block-quote is-layout-flow wp-block-quote-is-layout-flow\">\n<h3 class=\"wp-block-heading\" id=\"h-some-tips-for-games-that-encourage-creativity-learning-and-at-the-same-time-help-in-keeping-children-and-youths-occupied-and-happy-in-the-home\">Some tips for games that encourage creativity, learning and, at the same time, help in keeping children and youths occupied and happy in the home:<\/h3>\n\n\n\n<ul class=\"wp-block-list\">\n<li><b><strong>Family movie sessions.<\/strong><\/b><\/li>\n\n\n\n<li><b><strong>Listening to music, singing, dancing <\/strong><\/b>(but at an acceptable volume that does not disturb neighbors).<\/li>\n\n\n\n<li><b><strong>Games of charades and guessing.<\/strong><\/b><\/li>\n\n\n\n<li><b><strong>Recovering dances and rounds of songs.<\/strong><\/b><\/li>\n\n\n\n<li><b><strong>Play house: <\/strong><\/b>a sheet and chairs are enough and can entertain children and adults for a long time.<\/li>\n\n\n\n<li><b><strong>Cops and Robbers<\/strong><\/b><\/li>\n\n\n\n<li><b><strong>Who am I? <\/strong><\/b>A guessing game of historic characters \u2013 there is an App that can be downloaded onto the cell phone.<\/li>\n\n\n\n<li><b><strong>Shadow games: <\/strong><\/b>can use hands, spoons, pots, plastic cups, household objects, mobile phone flashlights \u2013 stories and characters are created that lead to the world of the imagination (any age group, since even adults play).<\/li>\n\n\n\n<li><b><strong>Treasure hunt: <\/strong><\/b>it can be hidden in any space inside or outside the home, something interesting, like an object, a packet of cookies, or any toy, and during the game place clues in several places that will lead to the place of the treasure.<\/li>\n<\/ul>\n<\/blockquote>\n\n\n\n<div class=\"wp-block-buttons is-layout-flex wp-block-buttons-is-layout-flex\"><\/div>\n","protected":false},"excerpt":{"rendered":"<p>Cancelled school classes, parents working at home. The time of social distancing imposed by the coronavirus completely changed everybody\u2019s routine, requiring serenity, tranquility, and creativity, most especially in the domestic environment. The children and youths, far more than the adults, are being challenged to overcome the complete change in the routine. They can\u2019t go to [&hellip;]<\/p>\n","protected":false},"author":1,"featured_media":129775,"comment_status":"open","ping_status":"open","sticky":false,"template":"","format":"standard","meta":{"footnotes":""},"categories":[9,132],"tags":[],"class_list":["post-131355","post","type-post","status-publish","format-standard","has-post-thumbnail","hentry","category-news","category-news-about-the-missions"],"featured_image_src":"https:\/\/www.missoeshumanitarias.org\/wp-content\/uploads\/2021\/08\/educacao-emergencia-roraima-FFHI05.jpg","author_info":{"display_name":"maducato_admin","author_link":"https:\/\/www.missoeshumanitarias.org\/en\/author\/maducato_admin\/"},"yoast_head":"<!-- This site is optimized with the Yoast SEO Premium plugin v22.5 (Yoast SEO v22.5) - https:\/\/yoast.com\/wordpress\/plugins\/seo\/ -->\n<title>Attention and Care of Children and Youths at Home During the Pandemic - Fraternidade Miss\u00f5es Humanit\u00e1rias Internacionais<\/title>\n<meta name=\"robots\" content=\"index, follow, max-snippet:-1, max-image-preview:large, max-video-preview:-1\" \/>\n<link rel=\"canonical\" href=\"https:\/\/www.missoeshumanitarias.org\/en\/attention-and-care-of-children-and-youths-at-home-during-the-pandemic\/\" \/>\n<meta property=\"og:locale\" content=\"en_US\" \/>\n<meta property=\"og:type\" content=\"article\" \/>\n<meta property=\"og:title\" content=\"Attention and Care of Children and Youths at Home During the Pandemic\" \/>\n<meta property=\"og:description\" content=\"Cancelled school classes, parents working at home. The time of social distancing imposed by the coronavirus completely changed everybody\u2019s routine, requiring serenity, tranquility, and creativity, most especially in the domestic environment. The children and youths, far more than the adults, are being challenged to overcome the complete change in the routine. They can\u2019t go to [&hellip;]\" \/>\n<meta property=\"og:url\" content=\"https:\/\/www.missoeshumanitarias.org\/en\/attention-and-care-of-children-and-youths-at-home-during-the-pandemic\/\" \/>\n<meta property=\"og:site_name\" content=\"Fraternidade Miss\u00f5es Humanit\u00e1rias Internacionais\" \/>\n<meta property=\"article:published_time\" content=\"2020-05-10T15:46:34+00:00\" \/>\n<meta property=\"article:modified_time\" content=\"2023-02-17T10:44:43+00:00\" \/>\n<meta property=\"og:image\" content=\"https:\/\/www.missoeshumanitarias.org\/wp-content\/uploads\/2021\/08\/educacao-emergencia-roraima-FFHI05.jpg\" \/>\n\t<meta property=\"og:image:width\" content=\"1000\" \/>\n\t<meta property=\"og:image:height\" content=\"667\" \/>\n\t<meta property=\"og:image:type\" content=\"image\/jpeg\" \/>\n<meta name=\"author\" content=\"maducato_admin\" \/>\n<meta name=\"twitter:card\" content=\"summary_large_image\" \/>\n<meta name=\"twitter:label1\" content=\"Written by\" \/>\n\t<meta name=\"twitter:data1\" content=\"maducato_admin\" \/>\n\t<meta name=\"twitter:label2\" content=\"Est. reading time\" \/>\n\t<meta name=\"twitter:data2\" content=\"6 minutes\" \/>\n<script type=\"application\/ld+json\" class=\"yoast-schema-graph\">{\"@context\":\"https:\/\/schema.org\",\"@graph\":[{\"@type\":\"Article\",\"@id\":\"https:\/\/www.missoeshumanitarias.org\/en\/attention-and-care-of-children-and-youths-at-home-during-the-pandemic\/#article\",\"isPartOf\":{\"@id\":\"https:\/\/www.missoeshumanitarias.org\/en\/attention-and-care-of-children-and-youths-at-home-during-the-pandemic\/\"},\"author\":{\"name\":\"maducato_admin\",\"@id\":\"https:\/\/www.missoeshumanitarias.org\/es\/#\/schema\/person\/e0f8527323154d1eba9f9d9eb6b401f7\"},\"headline\":\"Attention and Care of Children and Youths at Home During the Pandemic\",\"datePublished\":\"2020-05-10T15:46:34+00:00\",\"dateModified\":\"2023-02-17T10:44:43+00:00\",\"mainEntityOfPage\":{\"@id\":\"https:\/\/www.missoeshumanitarias.org\/en\/attention-and-care-of-children-and-youths-at-home-during-the-pandemic\/\"},\"wordCount\":686,\"commentCount\":0,\"publisher\":{\"@id\":\"https:\/\/www.missoeshumanitarias.org\/es\/#organization\"},\"image\":{\"@id\":\"https:\/\/www.missoeshumanitarias.org\/en\/attention-and-care-of-children-and-youths-at-home-during-the-pandemic\/#primaryimage\"},\"thumbnailUrl\":\"https:\/\/www.missoeshumanitarias.org\/wp-content\/uploads\/2021\/08\/educacao-emergencia-roraima-FFHI05.jpg\",\"articleSection\":[\"News\",\"News about the Missions\"],\"inLanguage\":\"en-US\",\"potentialAction\":[{\"@type\":\"CommentAction\",\"name\":\"Comment\",\"target\":[\"https:\/\/www.missoeshumanitarias.org\/en\/attention-and-care-of-children-and-youths-at-home-during-the-pandemic\/#respond\"]}]},{\"@type\":\"WebPage\",\"@id\":\"https:\/\/www.missoeshumanitarias.org\/en\/attention-and-care-of-children-and-youths-at-home-during-the-pandemic\/\",\"url\":\"https:\/\/www.missoeshumanitarias.org\/en\/attention-and-care-of-children-and-youths-at-home-during-the-pandemic\/\",\"name\":\"Attention and Care of Children and Youths at Home During the Pandemic - Fraternidade Miss\u00f5es Humanit\u00e1rias Internacionais\",\"isPartOf\":{\"@id\":\"https:\/\/www.missoeshumanitarias.org\/es\/#website\"},\"primaryImageOfPage\":{\"@id\":\"https:\/\/www.missoeshumanitarias.org\/en\/attention-and-care-of-children-and-youths-at-home-during-the-pandemic\/#primaryimage\"},\"image\":{\"@id\":\"https:\/\/www.missoeshumanitarias.org\/en\/attention-and-care-of-children-and-youths-at-home-during-the-pandemic\/#primaryimage\"},\"thumbnailUrl\":\"https:\/\/www.missoeshumanitarias.org\/wp-content\/uploads\/2021\/08\/educacao-emergencia-roraima-FFHI05.jpg\",\"datePublished\":\"2020-05-10T15:46:34+00:00\",\"dateModified\":\"2023-02-17T10:44:43+00:00\",\"breadcrumb\":{\"@id\":\"https:\/\/www.missoeshumanitarias.org\/en\/attention-and-care-of-children-and-youths-at-home-during-the-pandemic\/#breadcrumb\"},\"inLanguage\":\"en-US\",\"potentialAction\":[{\"@type\":\"ReadAction\",\"target\":[\"https:\/\/www.missoeshumanitarias.org\/en\/attention-and-care-of-children-and-youths-at-home-during-the-pandemic\/\"]}]},{\"@type\":\"ImageObject\",\"inLanguage\":\"en-US\",\"@id\":\"https:\/\/www.missoeshumanitarias.org\/en\/attention-and-care-of-children-and-youths-at-home-during-the-pandemic\/#primaryimage\",\"url\":\"https:\/\/www.missoeshumanitarias.org\/wp-content\/uploads\/2021\/08\/educacao-emergencia-roraima-FFHI05.jpg\",\"contentUrl\":\"https:\/\/www.missoeshumanitarias.org\/wp-content\/uploads\/2021\/08\/educacao-emergencia-roraima-FFHI05.jpg\",\"width\":1000,\"height\":667,\"caption\":\"Pedagogia de Emerg\u00eancia\"},{\"@type\":\"BreadcrumbList\",\"@id\":\"https:\/\/www.missoeshumanitarias.org\/en\/attention-and-care-of-children-and-youths-at-home-during-the-pandemic\/#breadcrumb\",\"itemListElement\":[{\"@type\":\"ListItem\",\"position\":1,\"name\":\"Home\",\"item\":\"https:\/\/www.missoeshumanitarias.org\/en\/\"},{\"@type\":\"ListItem\",\"position\":2,\"name\":\"Attention and Care of Children and Youths at Home During the Pandemic\"}]},{\"@type\":\"WebSite\",\"@id\":\"https:\/\/www.missoeshumanitarias.org\/es\/#website\",\"url\":\"https:\/\/www.missoeshumanitarias.org\/es\/\",\"name\":\"Fraternidade Miss\u00f5es Humanit\u00e1rias Internacionais\",\"description\":\"Respostas Humanit\u00e1rias e Emerg\u00eancias\",\"publisher\":{\"@id\":\"https:\/\/www.missoeshumanitarias.org\/es\/#organization\"},\"potentialAction\":[{\"@type\":\"SearchAction\",\"target\":{\"@type\":\"EntryPoint\",\"urlTemplate\":\"https:\/\/www.missoeshumanitarias.org\/es\/?s={search_term_string}\"},\"query-input\":\"required name=search_term_string\"}],\"inLanguage\":\"en-US\"},{\"@type\":\"Organization\",\"@id\":\"https:\/\/www.missoeshumanitarias.org\/es\/#organization\",\"name\":\"Fraternidade - Miss\u00f5es Humanit\u00e1rias Internacionais\",\"url\":\"https:\/\/www.missoeshumanitarias.org\/es\/\",\"logo\":{\"@type\":\"ImageObject\",\"inLanguage\":\"en-US\",\"@id\":\"https:\/\/www.missoeshumanitarias.org\/es\/#\/schema\/logo\/image\/\",\"url\":\"https:\/\/www.missoeshumanitarias.org\/wp-content\/uploads\/2020\/05\/logo-FMHI-mg.png\",\"contentUrl\":\"https:\/\/www.missoeshumanitarias.org\/wp-content\/uploads\/2020\/05\/logo-FMHI-mg.png\",\"width\":520,\"height\":134,\"caption\":\"Fraternidade - Miss\u00f5es Humanit\u00e1rias Internacionais\"},\"image\":{\"@id\":\"https:\/\/www.missoeshumanitarias.org\/es\/#\/schema\/logo\/image\/\"}},{\"@type\":\"Person\",\"@id\":\"https:\/\/www.missoeshumanitarias.org\/es\/#\/schema\/person\/e0f8527323154d1eba9f9d9eb6b401f7\",\"name\":\"maducato_admin\",\"image\":{\"@type\":\"ImageObject\",\"inLanguage\":\"en-US\",\"@id\":\"https:\/\/www.missoeshumanitarias.org\/es\/#\/schema\/person\/image\/\",\"url\":\"https:\/\/secure.gravatar.com\/avatar\/6c3b45186a8f5a459d8e14c7fca370bceae92402bc06171d75e4e559b6c24393?s=96&d=mm&r=g\",\"contentUrl\":\"https:\/\/secure.gravatar.com\/avatar\/6c3b45186a8f5a459d8e14c7fca370bceae92402bc06171d75e4e559b6c24393?s=96&d=mm&r=g\",\"caption\":\"maducato_admin\"}}]}<\/script>\n<!-- \/ Yoast SEO Premium plugin. -->","yoast_head_json":{"title":"Attention and Care of Children and Youths at Home During the Pandemic - Fraternidade Miss\u00f5es Humanit\u00e1rias Internacionais","robots":{"index":"index","follow":"follow","max-snippet":"max-snippet:-1","max-image-preview":"max-image-preview:large","max-video-preview":"max-video-preview:-1"},"canonical":"https:\/\/www.missoeshumanitarias.org\/en\/attention-and-care-of-children-and-youths-at-home-during-the-pandemic\/","og_locale":"en_US","og_type":"article","og_title":"Attention and Care of Children and Youths at Home During the Pandemic","og_description":"Cancelled school classes, parents working at home. The time of social distancing imposed by the coronavirus completely changed everybody\u2019s routine, requiring serenity, tranquility, and creativity, most especially in the domestic environment. The children and youths, far more than the adults, are being challenged to overcome the complete change in the routine. They can\u2019t go to [&hellip;]","og_url":"https:\/\/www.missoeshumanitarias.org\/en\/attention-and-care-of-children-and-youths-at-home-during-the-pandemic\/","og_site_name":"Fraternidade Miss\u00f5es Humanit\u00e1rias Internacionais","article_published_time":"2020-05-10T15:46:34+00:00","article_modified_time":"2023-02-17T10:44:43+00:00","og_image":[{"width":1000,"height":667,"url":"https:\/\/www.missoeshumanitarias.org\/wp-content\/uploads\/2021\/08\/educacao-emergencia-roraima-FFHI05.jpg","type":"image\/jpeg"}],"author":"maducato_admin","twitter_card":"summary_large_image","twitter_misc":{"Written by":"maducato_admin","Est. reading time":"6 minutes"},"schema":{"@context":"https:\/\/schema.org","@graph":[{"@type":"Article","@id":"https:\/\/www.missoeshumanitarias.org\/en\/attention-and-care-of-children-and-youths-at-home-during-the-pandemic\/#article","isPartOf":{"@id":"https:\/\/www.missoeshumanitarias.org\/en\/attention-and-care-of-children-and-youths-at-home-during-the-pandemic\/"},"author":{"name":"maducato_admin","@id":"https:\/\/www.missoeshumanitarias.org\/es\/#\/schema\/person\/e0f8527323154d1eba9f9d9eb6b401f7"},"headline":"Attention and Care of Children and Youths at Home During the Pandemic","datePublished":"2020-05-10T15:46:34+00:00","dateModified":"2023-02-17T10:44:43+00:00","mainEntityOfPage":{"@id":"https:\/\/www.missoeshumanitarias.org\/en\/attention-and-care-of-children-and-youths-at-home-during-the-pandemic\/"},"wordCount":686,"commentCount":0,"publisher":{"@id":"https:\/\/www.missoeshumanitarias.org\/es\/#organization"},"image":{"@id":"https:\/\/www.missoeshumanitarias.org\/en\/attention-and-care-of-children-and-youths-at-home-during-the-pandemic\/#primaryimage"},"thumbnailUrl":"https:\/\/www.missoeshumanitarias.org\/wp-content\/uploads\/2021\/08\/educacao-emergencia-roraima-FFHI05.jpg","articleSection":["News","News about the Missions"],"inLanguage":"en-US","potentialAction":[{"@type":"CommentAction","name":"Comment","target":["https:\/\/www.missoeshumanitarias.org\/en\/attention-and-care-of-children-and-youths-at-home-during-the-pandemic\/#respond"]}]},{"@type":"WebPage","@id":"https:\/\/www.missoeshumanitarias.org\/en\/attention-and-care-of-children-and-youths-at-home-during-the-pandemic\/","url":"https:\/\/www.missoeshumanitarias.org\/en\/attention-and-care-of-children-and-youths-at-home-during-the-pandemic\/","name":"Attention and Care of Children and Youths at Home During the Pandemic - Fraternidade Miss\u00f5es Humanit\u00e1rias Internacionais","isPartOf":{"@id":"https:\/\/www.missoeshumanitarias.org\/es\/#website"},"primaryImageOfPage":{"@id":"https:\/\/www.missoeshumanitarias.org\/en\/attention-and-care-of-children-and-youths-at-home-during-the-pandemic\/#primaryimage"},"image":{"@id":"https:\/\/www.missoeshumanitarias.org\/en\/attention-and-care-of-children-and-youths-at-home-during-the-pandemic\/#primaryimage"},"thumbnailUrl":"https:\/\/www.missoeshumanitarias.org\/wp-content\/uploads\/2021\/08\/educacao-emergencia-roraima-FFHI05.jpg","datePublished":"2020-05-10T15:46:34+00:00","dateModified":"2023-02-17T10:44:43+00:00","breadcrumb":{"@id":"https:\/\/www.missoeshumanitarias.org\/en\/attention-and-care-of-children-and-youths-at-home-during-the-pandemic\/#breadcrumb"},"inLanguage":"en-US","potentialAction":[{"@type":"ReadAction","target":["https:\/\/www.missoeshumanitarias.org\/en\/attention-and-care-of-children-and-youths-at-home-during-the-pandemic\/"]}]},{"@type":"ImageObject","inLanguage":"en-US","@id":"https:\/\/www.missoeshumanitarias.org\/en\/attention-and-care-of-children-and-youths-at-home-during-the-pandemic\/#primaryimage","url":"https:\/\/www.missoeshumanitarias.org\/wp-content\/uploads\/2021\/08\/educacao-emergencia-roraima-FFHI05.jpg","contentUrl":"https:\/\/www.missoeshumanitarias.org\/wp-content\/uploads\/2021\/08\/educacao-emergencia-roraima-FFHI05.jpg","width":1000,"height":667,"caption":"Pedagogia de Emerg\u00eancia"},{"@type":"BreadcrumbList","@id":"https:\/\/www.missoeshumanitarias.org\/en\/attention-and-care-of-children-and-youths-at-home-during-the-pandemic\/#breadcrumb","itemListElement":[{"@type":"ListItem","position":1,"name":"Home","item":"https:\/\/www.missoeshumanitarias.org\/en\/"},{"@type":"ListItem","position":2,"name":"Attention and Care of Children and Youths at Home During the Pandemic"}]},{"@type":"WebSite","@id":"https:\/\/www.missoeshumanitarias.org\/es\/#website","url":"https:\/\/www.missoeshumanitarias.org\/es\/","name":"Fraternidade Miss\u00f5es Humanit\u00e1rias Internacionais","description":"Respostas Humanit\u00e1rias e Emerg\u00eancias","publisher":{"@id":"https:\/\/www.missoeshumanitarias.org\/es\/#organization"},"potentialAction":[{"@type":"SearchAction","target":{"@type":"EntryPoint","urlTemplate":"https:\/\/www.missoeshumanitarias.org\/es\/?s={search_term_string}"},"query-input":"required name=search_term_string"}],"inLanguage":"en-US"},{"@type":"Organization","@id":"https:\/\/www.missoeshumanitarias.org\/es\/#organization","name":"Fraternidade - Miss\u00f5es Humanit\u00e1rias Internacionais","url":"https:\/\/www.missoeshumanitarias.org\/es\/","logo":{"@type":"ImageObject","inLanguage":"en-US","@id":"https:\/\/www.missoeshumanitarias.org\/es\/#\/schema\/logo\/image\/","url":"https:\/\/www.missoeshumanitarias.org\/wp-content\/uploads\/2020\/05\/logo-FMHI-mg.png","contentUrl":"https:\/\/www.missoeshumanitarias.org\/wp-content\/uploads\/2020\/05\/logo-FMHI-mg.png","width":520,"height":134,"caption":"Fraternidade - Miss\u00f5es Humanit\u00e1rias Internacionais"},"image":{"@id":"https:\/\/www.missoeshumanitarias.org\/es\/#\/schema\/logo\/image\/"}},{"@type":"Person","@id":"https:\/\/www.missoeshumanitarias.org\/es\/#\/schema\/person\/e0f8527323154d1eba9f9d9eb6b401f7","name":"maducato_admin","image":{"@type":"ImageObject","inLanguage":"en-US","@id":"https:\/\/www.missoeshumanitarias.org\/es\/#\/schema\/person\/image\/","url":"https:\/\/secure.gravatar.com\/avatar\/6c3b45186a8f5a459d8e14c7fca370bceae92402bc06171d75e4e559b6c24393?s=96&d=mm&r=g","contentUrl":"https:\/\/secure.gravatar.com\/avatar\/6c3b45186a8f5a459d8e14c7fca370bceae92402bc06171d75e4e559b6c24393?s=96&d=mm&r=g","caption":"maducato_admin"}}]}},"_links":{"self":[{"href":"https:\/\/www.missoeshumanitarias.org\/en\/wp-json\/wp\/v2\/posts\/131355","targetHints":{"allow":["GET"]}}],"collection":[{"href":"https:\/\/www.missoeshumanitarias.org\/en\/wp-json\/wp\/v2\/posts"}],"about":[{"href":"https:\/\/www.missoeshumanitarias.org\/en\/wp-json\/wp\/v2\/types\/post"}],"author":[{"embeddable":true,"href":"https:\/\/www.missoeshumanitarias.org\/en\/wp-json\/wp\/v2\/users\/1"}],"replies":[{"embeddable":true,"href":"https:\/\/www.missoeshumanitarias.org\/en\/wp-json\/wp\/v2\/comments?post=131355"}],"version-history":[{"count":0,"href":"https:\/\/www.missoeshumanitarias.org\/en\/wp-json\/wp\/v2\/posts\/131355\/revisions"}],"wp:featuredmedia":[{"embeddable":true,"href":"https:\/\/www.missoeshumanitarias.org\/en\/wp-json\/wp\/v2\/media\/129775"}],"wp:attachment":[{"href":"https:\/\/www.missoeshumanitarias.org\/en\/wp-json\/wp\/v2\/media?parent=131355"}],"wp:term":[{"taxonomy":"category","embeddable":true,"href":"https:\/\/www.missoeshumanitarias.org\/en\/wp-json\/wp\/v2\/categories?post=131355"},{"taxonomy":"post_tag","embeddable":true,"href":"https:\/\/www.missoeshumanitarias.org\/en\/wp-json\/wp\/v2\/tags?post=131355"}],"curies":[{"name":"wp","href":"https:\/\/api.w.org\/{rel}","templated":true}]}}