{"id":131358,"date":"2020-05-27T12:53:51","date_gmt":"2020-05-27T15:53:51","guid":{"rendered":"https:\/\/www.missoeshumanitarias.org\/may-18-day-to-combat-the-abuse-and-sexual-exploitation-of-children-and-adolescents\/"},"modified":"2020-05-27T12:53:51","modified_gmt":"2020-05-27T15:53:51","slug":"may-18-day-to-combat-the-abuse-and-sexual-exploitation-of-children-and-adolescents","status":"publish","type":"post","link":"https:\/\/www.missoeshumanitarias.org\/en\/may-18-day-to-combat-the-abuse-and-sexual-exploitation-of-children-and-adolescents\/","title":{"rendered":"May 18 \u2013 Day to Combat the Abuse and Sexual Exploitation of Children and Adolescents"},"content":{"rendered":"<p><a href=\"https:\/\/www.missoeshumanitarias.org\/wp-content\/uploads\/2021\/08\/18_de_maio_missao_roraima_ffhi_.jpg\"><img fetchpriority=\"high\" decoding=\"async\" class=\"wp-image-114745 size-full\" src=\"https:\/\/www.missoeshumanitarias.org\/wp-content\/uploads\/2021\/08\/18_de_maio_missao_roraima_ffhi_.jpg\" alt=\"\" width=\"1000\" height=\"667\" \/><\/a><\/p>\n<p style=\"font-weight: 400; text-align: justify;\">May 18 is marked as the \u201cNational Day for Combating the Abuse and Sexual Exploitation of Children and Adolescents.\u201d In all of Brazil, various organizations that are active in the field of children\u2019s and adolescents\u2019 rights mobilize to sensitize, inform, and call upon all of society to participate in the defense of the rights of children and adolescents, because it is necessary to guarantee their right for development in a safe and protected way.<\/p>\n<p style=\"font-weight: 400; text-align: justify;\">In 2018, in Brazil, more than three cases of sexual abuse per hour in children and adolescents were registered; that number is equivalent to more than 32 thousand cases during that year, the highest rate of notifications ever recorded by the Ministry of Health. Close to 90% of the violence is committed by people who have legal responsibility for watching over them or who live with them daily: brother, father, stepfather, uncle, grandfather, neighbor.<\/p>\n<p style=\"font-weight: 400; text-align: justify;\">Campaigns such as\u00a0<strong><a href=\"https:\/\/www.facabonito.org.br\/\">Do Your Best \u2013 Forgetting is Allowing, Remembering is Combatting<\/a>\u00a0<\/strong>contributed to the reporting of the violation of rights to competent agencies and even tripled the number of complaints during the week of the\u00a0May 18 Campaign.<\/p>\n<p><a href=\"https:\/\/www.missoeshumanitarias.org\/wp-content\/uploads\/2021\/08\/cartaz-18-maio.jpg\"><img decoding=\"async\" class=\"size-full wp-image-114749 aligncenter\" src=\"https:\/\/www.missoeshumanitarias.org\/wp-content\/uploads\/2021\/08\/cartaz-18-maio.jpg\" alt=\"18 de Maio \u2013 dia de combater o abuso e a explora\u00e7\u00e3o sexual infantojuvenil\" width=\"710\" height=\"498\" \/><\/a><\/p>\n<p style=\"font-weight: 400; text-align: justify;\">Children and adolescents on the move are also susceptible to these and other forms of violence. The most vulnerable are especially those who travel alone, or who are separated from their families.<\/p>\n<p style=\"font-weight: 400; text-align: justify;\">The general manager of the\u00a0<a href=\"https:\/\/www.fraterinternacional.org\/quem-somos\/#atuacao\"><strong>Fraternity \u2013 International Humanitarian Federation (FIHF)<\/strong><\/a>, Friar Luciano, points out that \u201csituations of extreme poverty, conflicts, social and economic inequalities generate factors that cause sexual exploitation, trafficking in children, seduction of adolescent women for prostitution and forced labor to emerge in humanitarian crises.\u201d<\/p>\n<p style=\"font-weight: 400; text-align: justify;\">In Roraima, the\u00a0<a href=\"https:\/\/www.fraterinternacional.org\/quem-somos\/#atuacao\"><strong>Humanitarian Fraternity (FIHF<\/strong>)<\/a>, an implementing partner of the\u00a0<a href=\"https:\/\/www.unhcr.org\/\"><strong>United Nations High Commissioner for Refugees (UNHCR)<\/strong><\/a>, is the manager of a house of protection, the Welcome House, where women and the LGBTQI+ population, survivors of gender-based violence, are sent. Besides the specific work in the Welcome House, all the shelters managed by the<strong>\u00a0<a href=\"https:\/\/www.fraterinternacional.org\/quem-somos\/#atuacao\">Humanitarian Fraternity (FIHF)<\/a><u>\u00a0<\/u><\/strong>have protection teams: Officer and Case Manager, Night Focal Point, Community Participation Officer, and Health Focal Point. A multidisciplinary team that is there to assist and reference any situation in the violation of rights, taken place within or outside of the shelters.<\/p>\n<p style=\"font-weight: 400; text-align: justify;\">\u201cThe participation of the missionaries is a very important point in the complementary response of the technical team, bringing encouragement and the space for dialogue and peacemaking,\u201d adds Clara, missionary and regional director of the\u00a0<strong><a href=\"https:\/\/www.fraterinternacional.org\/quem-somos\/#atuacao\">Humanitarian Fraternity (FIHF)<\/a>.<\/strong><\/p>\n<p style=\"font-weight: 400; text-align: justify;\">Anderson, missionary of the\u00a0<strong><a href=\"https:\/\/www.fraterinternacional.org\/quem-somos\/#atuacao\">Humanitarian Fraternity (FIHF)<\/a><\/strong>, explains that after the victims of violence receive more technical emergency care, such as the removal of the aggressor, complaint, and medical and psychological care, the intention is to re-integrate the victim into healthy collective dynamics, whether in the shelter, at school, or in the places previously frequented by the person, and then start the assistance with the techniques of Emergency Education.<\/p>\n<p style=\"font-weight: 400; text-align: justify;\">\u201cThe work done with Emergency Education, especially with those focused on artistic expression and emotions, helped many children, mainly adolescent girls, to re-establish a connection with themselves. Work with water color, mandala painting, singing and dance, makes it possible for traumatic feelings and emotions to be redefined, translated, and re-seen in a way that brings about a sense of reorientation in the life of the people affected by this type of violence. The group work with people in the same age range, in a safe environment free of prejudice, was also crucial in the re-insertion, and overcoming limiting experiences,\u201d explains Aderson.<\/p>\n","protected":false},"excerpt":{"rendered":"<p>May 18 is marked as the \u201cNational Day for Combating the Abuse and Sexual Exploitation of Children and Adolescents.\u201d In all of Brazil, various organizations that are active in the field of children\u2019s and adolescents\u2019 rights mobilize to sensitize, inform, and call upon all of society to participate in the defense of the rights of [&hellip;]<\/p>\n","protected":false},"author":1,"featured_media":129801,"comment_status":"open","ping_status":"open","sticky":false,"template":"","format":"standard","meta":{"footnotes":""},"categories":[9,132],"tags":[],"class_list":["post-131358","post","type-post","status-publish","format-standard","has-post-thumbnail","hentry","category-news","category-news-about-the-missions"],"featured_image_src":"https:\/\/www.missoeshumanitarias.org\/wp-content\/uploads\/2021\/08\/18_de_maio_missao_roraima_ffhi_.jpg","author_info":{"display_name":"maducato_admin","author_link":"https:\/\/www.missoeshumanitarias.org\/en\/author\/maducato_admin\/"},"yoast_head":"<!-- This site is optimized with the Yoast SEO Premium plugin v22.5 (Yoast SEO v22.5) - https:\/\/yoast.com\/wordpress\/plugins\/seo\/ -->\n<title>May 18 \u2013 Day to Combat the Abuse and Sexual Exploitation of Children and Adolescents - Fraternidade Miss\u00f5es Humanit\u00e1rias Internacionais<\/title>\n<meta name=\"robots\" content=\"index, follow, max-snippet:-1, max-image-preview:large, max-video-preview:-1\" \/>\n<link rel=\"canonical\" href=\"https:\/\/www.missoeshumanitarias.org\/en\/may-18-day-to-combat-the-abuse-and-sexual-exploitation-of-children-and-adolescents\/\" \/>\n<meta property=\"og:locale\" content=\"en_US\" \/>\n<meta property=\"og:type\" content=\"article\" \/>\n<meta property=\"og:title\" content=\"May 18 \u2013 Day to Combat the Abuse and Sexual Exploitation of Children and Adolescents\" \/>\n<meta property=\"og:description\" content=\"May 18 is marked as the \u201cNational Day for Combating the Abuse and Sexual Exploitation of Children and Adolescents.\u201d In all of Brazil, various organizations that are active in the field of children\u2019s and adolescents\u2019 rights mobilize to sensitize, inform, and call upon all of society to participate in the defense of the rights of [&hellip;]\" \/>\n<meta property=\"og:url\" content=\"https:\/\/www.missoeshumanitarias.org\/en\/may-18-day-to-combat-the-abuse-and-sexual-exploitation-of-children-and-adolescents\/\" \/>\n<meta property=\"og:site_name\" content=\"Fraternidade Miss\u00f5es Humanit\u00e1rias Internacionais\" \/>\n<meta property=\"article:published_time\" content=\"2020-05-27T15:53:51+00:00\" \/>\n<meta property=\"og:image\" content=\"https:\/\/www.missoeshumanitarias.org\/wp-content\/uploads\/2021\/08\/18_de_maio_missao_roraima_ffhi_.jpg\" \/>\n\t<meta property=\"og:image:width\" content=\"1000\" \/>\n\t<meta property=\"og:image:height\" content=\"667\" \/>\n\t<meta property=\"og:image:type\" content=\"image\/jpeg\" \/>\n<meta name=\"author\" content=\"maducato_admin\" \/>\n<meta name=\"twitter:card\" content=\"summary_large_image\" \/>\n<meta name=\"twitter:label1\" content=\"Written by\" \/>\n\t<meta name=\"twitter:data1\" content=\"maducato_admin\" \/>\n\t<meta name=\"twitter:label2\" content=\"Est. reading time\" \/>\n\t<meta name=\"twitter:data2\" content=\"3 minutes\" \/>\n<script type=\"application\/ld+json\" class=\"yoast-schema-graph\">{\"@context\":\"https:\/\/schema.org\",\"@graph\":[{\"@type\":\"Article\",\"@id\":\"https:\/\/www.missoeshumanitarias.org\/en\/may-18-day-to-combat-the-abuse-and-sexual-exploitation-of-children-and-adolescents\/#article\",\"isPartOf\":{\"@id\":\"https:\/\/www.missoeshumanitarias.org\/en\/may-18-day-to-combat-the-abuse-and-sexual-exploitation-of-children-and-adolescents\/\"},\"author\":{\"name\":\"maducato_admin\",\"@id\":\"https:\/\/www.missoeshumanitarias.org\/es\/#\/schema\/person\/e0f8527323154d1eba9f9d9eb6b401f7\"},\"headline\":\"May 18 \u2013 Day to Combat the Abuse and Sexual Exploitation of Children and Adolescents\",\"datePublished\":\"2020-05-27T15:53:51+00:00\",\"dateModified\":\"2020-05-27T15:53:51+00:00\",\"mainEntityOfPage\":{\"@id\":\"https:\/\/www.missoeshumanitarias.org\/en\/may-18-day-to-combat-the-abuse-and-sexual-exploitation-of-children-and-adolescents\/\"},\"wordCount\":583,\"commentCount\":0,\"publisher\":{\"@id\":\"https:\/\/www.missoeshumanitarias.org\/es\/#organization\"},\"image\":{\"@id\":\"https:\/\/www.missoeshumanitarias.org\/en\/may-18-day-to-combat-the-abuse-and-sexual-exploitation-of-children-and-adolescents\/#primaryimage\"},\"thumbnailUrl\":\"https:\/\/www.missoeshumanitarias.org\/wp-content\/uploads\/2021\/08\/18_de_maio_missao_roraima_ffhi_.jpg\",\"articleSection\":[\"News\",\"News about the Missions\"],\"inLanguage\":\"en-US\",\"potentialAction\":[{\"@type\":\"CommentAction\",\"name\":\"Comment\",\"target\":[\"https:\/\/www.missoeshumanitarias.org\/en\/may-18-day-to-combat-the-abuse-and-sexual-exploitation-of-children-and-adolescents\/#respond\"]}]},{\"@type\":\"WebPage\",\"@id\":\"https:\/\/www.missoeshumanitarias.org\/en\/may-18-day-to-combat-the-abuse-and-sexual-exploitation-of-children-and-adolescents\/\",\"url\":\"https:\/\/www.missoeshumanitarias.org\/en\/may-18-day-to-combat-the-abuse-and-sexual-exploitation-of-children-and-adolescents\/\",\"name\":\"May 18 \u2013 Day to Combat the Abuse and Sexual Exploitation of Children and Adolescents - Fraternidade Miss\u00f5es Humanit\u00e1rias Internacionais\",\"isPartOf\":{\"@id\":\"https:\/\/www.missoeshumanitarias.org\/es\/#website\"},\"primaryImageOfPage\":{\"@id\":\"https:\/\/www.missoeshumanitarias.org\/en\/may-18-day-to-combat-the-abuse-and-sexual-exploitation-of-children-and-adolescents\/#primaryimage\"},\"image\":{\"@id\":\"https:\/\/www.missoeshumanitarias.org\/en\/may-18-day-to-combat-the-abuse-and-sexual-exploitation-of-children-and-adolescents\/#primaryimage\"},\"thumbnailUrl\":\"https:\/\/www.missoeshumanitarias.org\/wp-content\/uploads\/2021\/08\/18_de_maio_missao_roraima_ffhi_.jpg\",\"datePublished\":\"2020-05-27T15:53:51+00:00\",\"dateModified\":\"2020-05-27T15:53:51+00:00\",\"breadcrumb\":{\"@id\":\"https:\/\/www.missoeshumanitarias.org\/en\/may-18-day-to-combat-the-abuse-and-sexual-exploitation-of-children-and-adolescents\/#breadcrumb\"},\"inLanguage\":\"en-US\",\"potentialAction\":[{\"@type\":\"ReadAction\",\"target\":[\"https:\/\/www.missoeshumanitarias.org\/en\/may-18-day-to-combat-the-abuse-and-sexual-exploitation-of-children-and-adolescents\/\"]}]},{\"@type\":\"ImageObject\",\"inLanguage\":\"en-US\",\"@id\":\"https:\/\/www.missoeshumanitarias.org\/en\/may-18-day-to-combat-the-abuse-and-sexual-exploitation-of-children-and-adolescents\/#primaryimage\",\"url\":\"https:\/\/www.missoeshumanitarias.org\/wp-content\/uploads\/2021\/08\/18_de_maio_missao_roraima_ffhi_.jpg\",\"contentUrl\":\"https:\/\/www.missoeshumanitarias.org\/wp-content\/uploads\/2021\/08\/18_de_maio_missao_roraima_ffhi_.jpg\",\"width\":1000,\"height\":667},{\"@type\":\"BreadcrumbList\",\"@id\":\"https:\/\/www.missoeshumanitarias.org\/en\/may-18-day-to-combat-the-abuse-and-sexual-exploitation-of-children-and-adolescents\/#breadcrumb\",\"itemListElement\":[{\"@type\":\"ListItem\",\"position\":1,\"name\":\"Home\",\"item\":\"https:\/\/www.missoeshumanitarias.org\/en\/\"},{\"@type\":\"ListItem\",\"position\":2,\"name\":\"May 18 \u2013 Day to Combat the Abuse and Sexual Exploitation of Children and Adolescents\"}]},{\"@type\":\"WebSite\",\"@id\":\"https:\/\/www.missoeshumanitarias.org\/es\/#website\",\"url\":\"https:\/\/www.missoeshumanitarias.org\/es\/\",\"name\":\"Fraternidade Miss\u00f5es Humanit\u00e1rias Internacionais\",\"description\":\"Respostas Humanit\u00e1rias e Emerg\u00eancias\",\"publisher\":{\"@id\":\"https:\/\/www.missoeshumanitarias.org\/es\/#organization\"},\"potentialAction\":[{\"@type\":\"SearchAction\",\"target\":{\"@type\":\"EntryPoint\",\"urlTemplate\":\"https:\/\/www.missoeshumanitarias.org\/es\/?s={search_term_string}\"},\"query-input\":\"required name=search_term_string\"}],\"inLanguage\":\"en-US\"},{\"@type\":\"Organization\",\"@id\":\"https:\/\/www.missoeshumanitarias.org\/es\/#organization\",\"name\":\"Fraternidade - Miss\u00f5es Humanit\u00e1rias Internacionais\",\"url\":\"https:\/\/www.missoeshumanitarias.org\/es\/\",\"logo\":{\"@type\":\"ImageObject\",\"inLanguage\":\"en-US\",\"@id\":\"https:\/\/www.missoeshumanitarias.org\/es\/#\/schema\/logo\/image\/\",\"url\":\"https:\/\/www.missoeshumanitarias.org\/wp-content\/uploads\/2020\/05\/logo-FMHI-mg.png\",\"contentUrl\":\"https:\/\/www.missoeshumanitarias.org\/wp-content\/uploads\/2020\/05\/logo-FMHI-mg.png\",\"width\":520,\"height\":134,\"caption\":\"Fraternidade - Miss\u00f5es Humanit\u00e1rias Internacionais\"},\"image\":{\"@id\":\"https:\/\/www.missoeshumanitarias.org\/es\/#\/schema\/logo\/image\/\"}},{\"@type\":\"Person\",\"@id\":\"https:\/\/www.missoeshumanitarias.org\/es\/#\/schema\/person\/e0f8527323154d1eba9f9d9eb6b401f7\",\"name\":\"maducato_admin\",\"image\":{\"@type\":\"ImageObject\",\"inLanguage\":\"en-US\",\"@id\":\"https:\/\/www.missoeshumanitarias.org\/es\/#\/schema\/person\/image\/\",\"url\":\"https:\/\/secure.gravatar.com\/avatar\/6c3b45186a8f5a459d8e14c7fca370bceae92402bc06171d75e4e559b6c24393?s=96&d=mm&r=g\",\"contentUrl\":\"https:\/\/secure.gravatar.com\/avatar\/6c3b45186a8f5a459d8e14c7fca370bceae92402bc06171d75e4e559b6c24393?s=96&d=mm&r=g\",\"caption\":\"maducato_admin\"}}]}<\/script>\n<!-- \/ Yoast SEO Premium plugin. -->","yoast_head_json":{"title":"May 18 \u2013 Day to Combat the Abuse and Sexual Exploitation of Children and Adolescents - Fraternidade Miss\u00f5es Humanit\u00e1rias Internacionais","robots":{"index":"index","follow":"follow","max-snippet":"max-snippet:-1","max-image-preview":"max-image-preview:large","max-video-preview":"max-video-preview:-1"},"canonical":"https:\/\/www.missoeshumanitarias.org\/en\/may-18-day-to-combat-the-abuse-and-sexual-exploitation-of-children-and-adolescents\/","og_locale":"en_US","og_type":"article","og_title":"May 18 \u2013 Day to Combat the Abuse and Sexual Exploitation of Children and Adolescents","og_description":"May 18 is marked as the \u201cNational Day for Combating the Abuse and Sexual Exploitation of Children and Adolescents.\u201d In all of Brazil, various organizations that are active in the field of children\u2019s and adolescents\u2019 rights mobilize to sensitize, inform, and call upon all of society to participate in the defense of the rights of [&hellip;]","og_url":"https:\/\/www.missoeshumanitarias.org\/en\/may-18-day-to-combat-the-abuse-and-sexual-exploitation-of-children-and-adolescents\/","og_site_name":"Fraternidade Miss\u00f5es Humanit\u00e1rias Internacionais","article_published_time":"2020-05-27T15:53:51+00:00","og_image":[{"width":1000,"height":667,"url":"https:\/\/www.missoeshumanitarias.org\/wp-content\/uploads\/2021\/08\/18_de_maio_missao_roraima_ffhi_.jpg","type":"image\/jpeg"}],"author":"maducato_admin","twitter_card":"summary_large_image","twitter_misc":{"Written by":"maducato_admin","Est. reading time":"3 minutes"},"schema":{"@context":"https:\/\/schema.org","@graph":[{"@type":"Article","@id":"https:\/\/www.missoeshumanitarias.org\/en\/may-18-day-to-combat-the-abuse-and-sexual-exploitation-of-children-and-adolescents\/#article","isPartOf":{"@id":"https:\/\/www.missoeshumanitarias.org\/en\/may-18-day-to-combat-the-abuse-and-sexual-exploitation-of-children-and-adolescents\/"},"author":{"name":"maducato_admin","@id":"https:\/\/www.missoeshumanitarias.org\/es\/#\/schema\/person\/e0f8527323154d1eba9f9d9eb6b401f7"},"headline":"May 18 \u2013 Day to Combat the Abuse and Sexual Exploitation of Children and Adolescents","datePublished":"2020-05-27T15:53:51+00:00","dateModified":"2020-05-27T15:53:51+00:00","mainEntityOfPage":{"@id":"https:\/\/www.missoeshumanitarias.org\/en\/may-18-day-to-combat-the-abuse-and-sexual-exploitation-of-children-and-adolescents\/"},"wordCount":583,"commentCount":0,"publisher":{"@id":"https:\/\/www.missoeshumanitarias.org\/es\/#organization"},"image":{"@id":"https:\/\/www.missoeshumanitarias.org\/en\/may-18-day-to-combat-the-abuse-and-sexual-exploitation-of-children-and-adolescents\/#primaryimage"},"thumbnailUrl":"https:\/\/www.missoeshumanitarias.org\/wp-content\/uploads\/2021\/08\/18_de_maio_missao_roraima_ffhi_.jpg","articleSection":["News","News about the Missions"],"inLanguage":"en-US","potentialAction":[{"@type":"CommentAction","name":"Comment","target":["https:\/\/www.missoeshumanitarias.org\/en\/may-18-day-to-combat-the-abuse-and-sexual-exploitation-of-children-and-adolescents\/#respond"]}]},{"@type":"WebPage","@id":"https:\/\/www.missoeshumanitarias.org\/en\/may-18-day-to-combat-the-abuse-and-sexual-exploitation-of-children-and-adolescents\/","url":"https:\/\/www.missoeshumanitarias.org\/en\/may-18-day-to-combat-the-abuse-and-sexual-exploitation-of-children-and-adolescents\/","name":"May 18 \u2013 Day to Combat the Abuse and Sexual Exploitation of Children and Adolescents - Fraternidade Miss\u00f5es Humanit\u00e1rias Internacionais","isPartOf":{"@id":"https:\/\/www.missoeshumanitarias.org\/es\/#website"},"primaryImageOfPage":{"@id":"https:\/\/www.missoeshumanitarias.org\/en\/may-18-day-to-combat-the-abuse-and-sexual-exploitation-of-children-and-adolescents\/#primaryimage"},"image":{"@id":"https:\/\/www.missoeshumanitarias.org\/en\/may-18-day-to-combat-the-abuse-and-sexual-exploitation-of-children-and-adolescents\/#primaryimage"},"thumbnailUrl":"https:\/\/www.missoeshumanitarias.org\/wp-content\/uploads\/2021\/08\/18_de_maio_missao_roraima_ffhi_.jpg","datePublished":"2020-05-27T15:53:51+00:00","dateModified":"2020-05-27T15:53:51+00:00","breadcrumb":{"@id":"https:\/\/www.missoeshumanitarias.org\/en\/may-18-day-to-combat-the-abuse-and-sexual-exploitation-of-children-and-adolescents\/#breadcrumb"},"inLanguage":"en-US","potentialAction":[{"@type":"ReadAction","target":["https:\/\/www.missoeshumanitarias.org\/en\/may-18-day-to-combat-the-abuse-and-sexual-exploitation-of-children-and-adolescents\/"]}]},{"@type":"ImageObject","inLanguage":"en-US","@id":"https:\/\/www.missoeshumanitarias.org\/en\/may-18-day-to-combat-the-abuse-and-sexual-exploitation-of-children-and-adolescents\/#primaryimage","url":"https:\/\/www.missoeshumanitarias.org\/wp-content\/uploads\/2021\/08\/18_de_maio_missao_roraima_ffhi_.jpg","contentUrl":"https:\/\/www.missoeshumanitarias.org\/wp-content\/uploads\/2021\/08\/18_de_maio_missao_roraima_ffhi_.jpg","width":1000,"height":667},{"@type":"BreadcrumbList","@id":"https:\/\/www.missoeshumanitarias.org\/en\/may-18-day-to-combat-the-abuse-and-sexual-exploitation-of-children-and-adolescents\/#breadcrumb","itemListElement":[{"@type":"ListItem","position":1,"name":"Home","item":"https:\/\/www.missoeshumanitarias.org\/en\/"},{"@type":"ListItem","position":2,"name":"May 18 \u2013 Day to Combat the Abuse and Sexual Exploitation of Children and Adolescents"}]},{"@type":"WebSite","@id":"https:\/\/www.missoeshumanitarias.org\/es\/#website","url":"https:\/\/www.missoeshumanitarias.org\/es\/","name":"Fraternidade Miss\u00f5es Humanit\u00e1rias Internacionais","description":"Respostas Humanit\u00e1rias e Emerg\u00eancias","publisher":{"@id":"https:\/\/www.missoeshumanitarias.org\/es\/#organization"},"potentialAction":[{"@type":"SearchAction","target":{"@type":"EntryPoint","urlTemplate":"https:\/\/www.missoeshumanitarias.org\/es\/?s={search_term_string}"},"query-input":"required name=search_term_string"}],"inLanguage":"en-US"},{"@type":"Organization","@id":"https:\/\/www.missoeshumanitarias.org\/es\/#organization","name":"Fraternidade - Miss\u00f5es Humanit\u00e1rias Internacionais","url":"https:\/\/www.missoeshumanitarias.org\/es\/","logo":{"@type":"ImageObject","inLanguage":"en-US","@id":"https:\/\/www.missoeshumanitarias.org\/es\/#\/schema\/logo\/image\/","url":"https:\/\/www.missoeshumanitarias.org\/wp-content\/uploads\/2020\/05\/logo-FMHI-mg.png","contentUrl":"https:\/\/www.missoeshumanitarias.org\/wp-content\/uploads\/2020\/05\/logo-FMHI-mg.png","width":520,"height":134,"caption":"Fraternidade - Miss\u00f5es Humanit\u00e1rias Internacionais"},"image":{"@id":"https:\/\/www.missoeshumanitarias.org\/es\/#\/schema\/logo\/image\/"}},{"@type":"Person","@id":"https:\/\/www.missoeshumanitarias.org\/es\/#\/schema\/person\/e0f8527323154d1eba9f9d9eb6b401f7","name":"maducato_admin","image":{"@type":"ImageObject","inLanguage":"en-US","@id":"https:\/\/www.missoeshumanitarias.org\/es\/#\/schema\/person\/image\/","url":"https:\/\/secure.gravatar.com\/avatar\/6c3b45186a8f5a459d8e14c7fca370bceae92402bc06171d75e4e559b6c24393?s=96&d=mm&r=g","contentUrl":"https:\/\/secure.gravatar.com\/avatar\/6c3b45186a8f5a459d8e14c7fca370bceae92402bc06171d75e4e559b6c24393?s=96&d=mm&r=g","caption":"maducato_admin"}}]}},"_links":{"self":[{"href":"https:\/\/www.missoeshumanitarias.org\/en\/wp-json\/wp\/v2\/posts\/131358","targetHints":{"allow":["GET"]}}],"collection":[{"href":"https:\/\/www.missoeshumanitarias.org\/en\/wp-json\/wp\/v2\/posts"}],"about":[{"href":"https:\/\/www.missoeshumanitarias.org\/en\/wp-json\/wp\/v2\/types\/post"}],"author":[{"embeddable":true,"href":"https:\/\/www.missoeshumanitarias.org\/en\/wp-json\/wp\/v2\/users\/1"}],"replies":[{"embeddable":true,"href":"https:\/\/www.missoeshumanitarias.org\/en\/wp-json\/wp\/v2\/comments?post=131358"}],"version-history":[{"count":0,"href":"https:\/\/www.missoeshumanitarias.org\/en\/wp-json\/wp\/v2\/posts\/131358\/revisions"}],"wp:featuredmedia":[{"embeddable":true,"href":"https:\/\/www.missoeshumanitarias.org\/en\/wp-json\/wp\/v2\/media\/129801"}],"wp:attachment":[{"href":"https:\/\/www.missoeshumanitarias.org\/en\/wp-json\/wp\/v2\/media?parent=131358"}],"wp:term":[{"taxonomy":"category","embeddable":true,"href":"https:\/\/www.missoeshumanitarias.org\/en\/wp-json\/wp\/v2\/categories?post=131358"},{"taxonomy":"post_tag","embeddable":true,"href":"https:\/\/www.missoeshumanitarias.org\/en\/wp-json\/wp\/v2\/tags?post=131358"}],"curies":[{"name":"wp","href":"https:\/\/api.w.org\/{rel}","templated":true}]}}