{"id":131367,"date":"2020-08-19T18:14:08","date_gmt":"2020-08-19T21:14:08","guid":{"rendered":"https:\/\/www.missoeshumanitarias.org\/series-voices-of-the-shelters-elianny\/"},"modified":"2020-08-19T18:14:08","modified_gmt":"2020-08-19T21:14:08","slug":"series-voices-of-the-shelters-elianny","status":"publish","type":"post","link":"https:\/\/www.missoeshumanitarias.org\/en\/series-voices-of-the-shelters-elianny\/","title":{"rendered":"Series: Voices of the Shelters &#8211; Elianny"},"content":{"rendered":"<h3 style=\"font-weight: 400; text-align: center;\">\u201cWe need to go after what we want. We must not wait for it to be put into our hands\u201d.<\/h3>\n<p style=\"font-weight: 400; text-align: justify;\">Elianny does not give up when facing difficulties. The mother of a couple of children, she left Venezuela and came to Brazil seeking for new life opportunities. Her son needs medical care, adequate feeding and physiotherapy. While she looks for work and tries to adjust to the new language and customs of the country, she gradually transforms her little dwelling in the Shelter New Cana, in Boa Vista, into a home full of colorful drawings, in which her children can live with joy.<\/p>\n<p><iframe title=\"Vozes dos Abrigos - Elianny\" width=\"800\" height=\"450\" src=\"https:\/\/www.youtube.com\/embed\/qOoUmsSWzo0?feature=oembed\" frameborder=\"0\" allow=\"accelerometer; autoplay; clipboard-write; encrypted-media; gyroscope; picture-in-picture\" allowfullscreen><\/iframe><\/p>\n<p style=\"font-weight: 400;\">\n","protected":false},"excerpt":{"rendered":"<p>\u201cWe need to go after what we want. We must not wait for it to be put into our hands\u201d. Elianny does not give up when facing difficulties. The mother of a couple of children, she left Venezuela and came to Brazil seeking for new life opportunities. Her son needs medical care, adequate feeding and [&hellip;]<\/p>\n","protected":false},"author":1,"featured_media":129909,"comment_status":"open","ping_status":"open","sticky":false,"template":"","format":"standard","meta":{"footnotes":""},"categories":[9,132],"tags":[],"class_list":["post-131367","post","type-post","status-publish","format-standard","has-post-thumbnail","hentry","category-news","category-news-about-the-missions"],"featured_image_src":"https:\/\/www.missoeshumanitarias.org\/wp-content\/uploads\/2021\/08\/capa-vozes-eliany.jpg","author_info":{"display_name":"maducato_admin","author_link":"https:\/\/www.missoeshumanitarias.org\/en\/author\/maducato_admin\/"},"yoast_head":"<!-- This site is optimized with the Yoast SEO Premium plugin v22.5 (Yoast SEO v22.5) - https:\/\/yoast.com\/wordpress\/plugins\/seo\/ -->\n<title>Series: Voices of the Shelters - Elianny - Fraternidade Miss\u00f5es Humanit\u00e1rias Internacionais<\/title>\n<meta name=\"robots\" content=\"index, follow, max-snippet:-1, max-image-preview:large, max-video-preview:-1\" \/>\n<link rel=\"canonical\" href=\"https:\/\/www.missoeshumanitarias.org\/en\/series-voices-of-the-shelters-elianny\/\" \/>\n<meta property=\"og:locale\" content=\"en_US\" \/>\n<meta property=\"og:type\" content=\"article\" \/>\n<meta property=\"og:title\" content=\"Series: Voices of the Shelters - Elianny\" \/>\n<meta property=\"og:description\" content=\"\u201cWe need to go after what we want. We must not wait for it to be put into our hands\u201d. Elianny does not give up when facing difficulties. The mother of a couple of children, she left Venezuela and came to Brazil seeking for new life opportunities. Her son needs medical care, adequate feeding and [&hellip;]\" \/>\n<meta property=\"og:url\" content=\"https:\/\/www.missoeshumanitarias.org\/en\/series-voices-of-the-shelters-elianny\/\" \/>\n<meta property=\"og:site_name\" content=\"Fraternidade Miss\u00f5es Humanit\u00e1rias Internacionais\" \/>\n<meta property=\"article:published_time\" content=\"2020-08-19T21:14:08+00:00\" \/>\n<meta property=\"og:image\" content=\"https:\/\/www.missoeshumanitarias.org\/wp-content\/uploads\/2021\/08\/capa-vozes-eliany.jpg\" \/>\n\t<meta property=\"og:image:width\" content=\"832\" \/>\n\t<meta property=\"og:image:height\" content=\"573\" \/>\n\t<meta property=\"og:image:type\" content=\"image\/jpeg\" \/>\n<meta name=\"author\" content=\"maducato_admin\" \/>\n<meta name=\"twitter:card\" content=\"summary_large_image\" \/>\n<meta name=\"twitter:label1\" content=\"Written by\" \/>\n\t<meta name=\"twitter:data1\" content=\"maducato_admin\" \/>\n\t<meta name=\"twitter:label2\" content=\"Est. reading time\" \/>\n\t<meta name=\"twitter:data2\" content=\"1 minute\" \/>\n<script type=\"application\/ld+json\" class=\"yoast-schema-graph\">{\"@context\":\"https:\/\/schema.org\",\"@graph\":[{\"@type\":\"Article\",\"@id\":\"https:\/\/www.missoeshumanitarias.org\/en\/series-voices-of-the-shelters-elianny\/#article\",\"isPartOf\":{\"@id\":\"https:\/\/www.missoeshumanitarias.org\/en\/series-voices-of-the-shelters-elianny\/\"},\"author\":{\"name\":\"maducato_admin\",\"@id\":\"https:\/\/www.missoeshumanitarias.org\/es\/#\/schema\/person\/e0f8527323154d1eba9f9d9eb6b401f7\"},\"headline\":\"Series: Voices of the Shelters &#8211; Elianny\",\"datePublished\":\"2020-08-19T21:14:08+00:00\",\"dateModified\":\"2020-08-19T21:14:08+00:00\",\"mainEntityOfPage\":{\"@id\":\"https:\/\/www.missoeshumanitarias.org\/en\/series-voices-of-the-shelters-elianny\/\"},\"wordCount\":114,\"commentCount\":0,\"publisher\":{\"@id\":\"https:\/\/www.missoeshumanitarias.org\/es\/#organization\"},\"image\":{\"@id\":\"https:\/\/www.missoeshumanitarias.org\/en\/series-voices-of-the-shelters-elianny\/#primaryimage\"},\"thumbnailUrl\":\"https:\/\/www.missoeshumanitarias.org\/wp-content\/uploads\/2021\/08\/capa-vozes-eliany.jpg\",\"articleSection\":[\"News\",\"News about the Missions\"],\"inLanguage\":\"en-US\",\"potentialAction\":[{\"@type\":\"CommentAction\",\"name\":\"Comment\",\"target\":[\"https:\/\/www.missoeshumanitarias.org\/en\/series-voices-of-the-shelters-elianny\/#respond\"]}]},{\"@type\":\"WebPage\",\"@id\":\"https:\/\/www.missoeshumanitarias.org\/en\/series-voices-of-the-shelters-elianny\/\",\"url\":\"https:\/\/www.missoeshumanitarias.org\/en\/series-voices-of-the-shelters-elianny\/\",\"name\":\"Series: Voices of the Shelters - Elianny - Fraternidade Miss\u00f5es Humanit\u00e1rias Internacionais\",\"isPartOf\":{\"@id\":\"https:\/\/www.missoeshumanitarias.org\/es\/#website\"},\"primaryImageOfPage\":{\"@id\":\"https:\/\/www.missoeshumanitarias.org\/en\/series-voices-of-the-shelters-elianny\/#primaryimage\"},\"image\":{\"@id\":\"https:\/\/www.missoeshumanitarias.org\/en\/series-voices-of-the-shelters-elianny\/#primaryimage\"},\"thumbnailUrl\":\"https:\/\/www.missoeshumanitarias.org\/wp-content\/uploads\/2021\/08\/capa-vozes-eliany.jpg\",\"datePublished\":\"2020-08-19T21:14:08+00:00\",\"dateModified\":\"2020-08-19T21:14:08+00:00\",\"breadcrumb\":{\"@id\":\"https:\/\/www.missoeshumanitarias.org\/en\/series-voices-of-the-shelters-elianny\/#breadcrumb\"},\"inLanguage\":\"en-US\",\"potentialAction\":[{\"@type\":\"ReadAction\",\"target\":[\"https:\/\/www.missoeshumanitarias.org\/en\/series-voices-of-the-shelters-elianny\/\"]}]},{\"@type\":\"ImageObject\",\"inLanguage\":\"en-US\",\"@id\":\"https:\/\/www.missoeshumanitarias.org\/en\/series-voices-of-the-shelters-elianny\/#primaryimage\",\"url\":\"https:\/\/www.missoeshumanitarias.org\/wp-content\/uploads\/2021\/08\/capa-vozes-eliany.jpg\",\"contentUrl\":\"https:\/\/www.missoeshumanitarias.org\/wp-content\/uploads\/2021\/08\/capa-vozes-eliany.jpg\",\"width\":832,\"height\":573},{\"@type\":\"BreadcrumbList\",\"@id\":\"https:\/\/www.missoeshumanitarias.org\/en\/series-voices-of-the-shelters-elianny\/#breadcrumb\",\"itemListElement\":[{\"@type\":\"ListItem\",\"position\":1,\"name\":\"Home\",\"item\":\"https:\/\/www.missoeshumanitarias.org\/en\/\"},{\"@type\":\"ListItem\",\"position\":2,\"name\":\"Series: Voices of the Shelters &#8211; Elianny\"}]},{\"@type\":\"WebSite\",\"@id\":\"https:\/\/www.missoeshumanitarias.org\/es\/#website\",\"url\":\"https:\/\/www.missoeshumanitarias.org\/es\/\",\"name\":\"Fraternidade Miss\u00f5es Humanit\u00e1rias Internacionais\",\"description\":\"Respostas Humanit\u00e1rias e Emerg\u00eancias\",\"publisher\":{\"@id\":\"https:\/\/www.missoeshumanitarias.org\/es\/#organization\"},\"potentialAction\":[{\"@type\":\"SearchAction\",\"target\":{\"@type\":\"EntryPoint\",\"urlTemplate\":\"https:\/\/www.missoeshumanitarias.org\/es\/?s={search_term_string}\"},\"query-input\":\"required name=search_term_string\"}],\"inLanguage\":\"en-US\"},{\"@type\":\"Organization\",\"@id\":\"https:\/\/www.missoeshumanitarias.org\/es\/#organization\",\"name\":\"Fraternidade - Miss\u00f5es Humanit\u00e1rias Internacionais\",\"url\":\"https:\/\/www.missoeshumanitarias.org\/es\/\",\"logo\":{\"@type\":\"ImageObject\",\"inLanguage\":\"en-US\",\"@id\":\"https:\/\/www.missoeshumanitarias.org\/es\/#\/schema\/logo\/image\/\",\"url\":\"https:\/\/www.missoeshumanitarias.org\/wp-content\/uploads\/2020\/05\/logo-FMHI-mg.png\",\"contentUrl\":\"https:\/\/www.missoeshumanitarias.org\/wp-content\/uploads\/2020\/05\/logo-FMHI-mg.png\",\"width\":520,\"height\":134,\"caption\":\"Fraternidade - Miss\u00f5es Humanit\u00e1rias Internacionais\"},\"image\":{\"@id\":\"https:\/\/www.missoeshumanitarias.org\/es\/#\/schema\/logo\/image\/\"}},{\"@type\":\"Person\",\"@id\":\"https:\/\/www.missoeshumanitarias.org\/es\/#\/schema\/person\/e0f8527323154d1eba9f9d9eb6b401f7\",\"name\":\"maducato_admin\",\"image\":{\"@type\":\"ImageObject\",\"inLanguage\":\"en-US\",\"@id\":\"https:\/\/www.missoeshumanitarias.org\/es\/#\/schema\/person\/image\/\",\"url\":\"https:\/\/secure.gravatar.com\/avatar\/6c3b45186a8f5a459d8e14c7fca370bceae92402bc06171d75e4e559b6c24393?s=96&d=mm&r=g\",\"contentUrl\":\"https:\/\/secure.gravatar.com\/avatar\/6c3b45186a8f5a459d8e14c7fca370bceae92402bc06171d75e4e559b6c24393?s=96&d=mm&r=g\",\"caption\":\"maducato_admin\"}}]}<\/script>\n<!-- \/ Yoast SEO Premium plugin. -->","yoast_head_json":{"title":"Series: Voices of the Shelters - Elianny - Fraternidade Miss\u00f5es Humanit\u00e1rias Internacionais","robots":{"index":"index","follow":"follow","max-snippet":"max-snippet:-1","max-image-preview":"max-image-preview:large","max-video-preview":"max-video-preview:-1"},"canonical":"https:\/\/www.missoeshumanitarias.org\/en\/series-voices-of-the-shelters-elianny\/","og_locale":"en_US","og_type":"article","og_title":"Series: Voices of the Shelters - Elianny","og_description":"\u201cWe need to go after what we want. We must not wait for it to be put into our hands\u201d. Elianny does not give up when facing difficulties. The mother of a couple of children, she left Venezuela and came to Brazil seeking for new life opportunities. Her son needs medical care, adequate feeding and [&hellip;]","og_url":"https:\/\/www.missoeshumanitarias.org\/en\/series-voices-of-the-shelters-elianny\/","og_site_name":"Fraternidade Miss\u00f5es Humanit\u00e1rias Internacionais","article_published_time":"2020-08-19T21:14:08+00:00","og_image":[{"width":832,"height":573,"url":"https:\/\/www.missoeshumanitarias.org\/wp-content\/uploads\/2021\/08\/capa-vozes-eliany.jpg","type":"image\/jpeg"}],"author":"maducato_admin","twitter_card":"summary_large_image","twitter_misc":{"Written by":"maducato_admin","Est. reading time":"1 minute"},"schema":{"@context":"https:\/\/schema.org","@graph":[{"@type":"Article","@id":"https:\/\/www.missoeshumanitarias.org\/en\/series-voices-of-the-shelters-elianny\/#article","isPartOf":{"@id":"https:\/\/www.missoeshumanitarias.org\/en\/series-voices-of-the-shelters-elianny\/"},"author":{"name":"maducato_admin","@id":"https:\/\/www.missoeshumanitarias.org\/es\/#\/schema\/person\/e0f8527323154d1eba9f9d9eb6b401f7"},"headline":"Series: Voices of the Shelters &#8211; Elianny","datePublished":"2020-08-19T21:14:08+00:00","dateModified":"2020-08-19T21:14:08+00:00","mainEntityOfPage":{"@id":"https:\/\/www.missoeshumanitarias.org\/en\/series-voices-of-the-shelters-elianny\/"},"wordCount":114,"commentCount":0,"publisher":{"@id":"https:\/\/www.missoeshumanitarias.org\/es\/#organization"},"image":{"@id":"https:\/\/www.missoeshumanitarias.org\/en\/series-voices-of-the-shelters-elianny\/#primaryimage"},"thumbnailUrl":"https:\/\/www.missoeshumanitarias.org\/wp-content\/uploads\/2021\/08\/capa-vozes-eliany.jpg","articleSection":["News","News about the Missions"],"inLanguage":"en-US","potentialAction":[{"@type":"CommentAction","name":"Comment","target":["https:\/\/www.missoeshumanitarias.org\/en\/series-voices-of-the-shelters-elianny\/#respond"]}]},{"@type":"WebPage","@id":"https:\/\/www.missoeshumanitarias.org\/en\/series-voices-of-the-shelters-elianny\/","url":"https:\/\/www.missoeshumanitarias.org\/en\/series-voices-of-the-shelters-elianny\/","name":"Series: Voices of the Shelters - Elianny - Fraternidade Miss\u00f5es Humanit\u00e1rias Internacionais","isPartOf":{"@id":"https:\/\/www.missoeshumanitarias.org\/es\/#website"},"primaryImageOfPage":{"@id":"https:\/\/www.missoeshumanitarias.org\/en\/series-voices-of-the-shelters-elianny\/#primaryimage"},"image":{"@id":"https:\/\/www.missoeshumanitarias.org\/en\/series-voices-of-the-shelters-elianny\/#primaryimage"},"thumbnailUrl":"https:\/\/www.missoeshumanitarias.org\/wp-content\/uploads\/2021\/08\/capa-vozes-eliany.jpg","datePublished":"2020-08-19T21:14:08+00:00","dateModified":"2020-08-19T21:14:08+00:00","breadcrumb":{"@id":"https:\/\/www.missoeshumanitarias.org\/en\/series-voices-of-the-shelters-elianny\/#breadcrumb"},"inLanguage":"en-US","potentialAction":[{"@type":"ReadAction","target":["https:\/\/www.missoeshumanitarias.org\/en\/series-voices-of-the-shelters-elianny\/"]}]},{"@type":"ImageObject","inLanguage":"en-US","@id":"https:\/\/www.missoeshumanitarias.org\/en\/series-voices-of-the-shelters-elianny\/#primaryimage","url":"https:\/\/www.missoeshumanitarias.org\/wp-content\/uploads\/2021\/08\/capa-vozes-eliany.jpg","contentUrl":"https:\/\/www.missoeshumanitarias.org\/wp-content\/uploads\/2021\/08\/capa-vozes-eliany.jpg","width":832,"height":573},{"@type":"BreadcrumbList","@id":"https:\/\/www.missoeshumanitarias.org\/en\/series-voices-of-the-shelters-elianny\/#breadcrumb","itemListElement":[{"@type":"ListItem","position":1,"name":"Home","item":"https:\/\/www.missoeshumanitarias.org\/en\/"},{"@type":"ListItem","position":2,"name":"Series: Voices of the Shelters &#8211; Elianny"}]},{"@type":"WebSite","@id":"https:\/\/www.missoeshumanitarias.org\/es\/#website","url":"https:\/\/www.missoeshumanitarias.org\/es\/","name":"Fraternidade Miss\u00f5es Humanit\u00e1rias Internacionais","description":"Respostas Humanit\u00e1rias e Emerg\u00eancias","publisher":{"@id":"https:\/\/www.missoeshumanitarias.org\/es\/#organization"},"potentialAction":[{"@type":"SearchAction","target":{"@type":"EntryPoint","urlTemplate":"https:\/\/www.missoeshumanitarias.org\/es\/?s={search_term_string}"},"query-input":"required name=search_term_string"}],"inLanguage":"en-US"},{"@type":"Organization","@id":"https:\/\/www.missoeshumanitarias.org\/es\/#organization","name":"Fraternidade - Miss\u00f5es Humanit\u00e1rias Internacionais","url":"https:\/\/www.missoeshumanitarias.org\/es\/","logo":{"@type":"ImageObject","inLanguage":"en-US","@id":"https:\/\/www.missoeshumanitarias.org\/es\/#\/schema\/logo\/image\/","url":"https:\/\/www.missoeshumanitarias.org\/wp-content\/uploads\/2020\/05\/logo-FMHI-mg.png","contentUrl":"https:\/\/www.missoeshumanitarias.org\/wp-content\/uploads\/2020\/05\/logo-FMHI-mg.png","width":520,"height":134,"caption":"Fraternidade - Miss\u00f5es Humanit\u00e1rias Internacionais"},"image":{"@id":"https:\/\/www.missoeshumanitarias.org\/es\/#\/schema\/logo\/image\/"}},{"@type":"Person","@id":"https:\/\/www.missoeshumanitarias.org\/es\/#\/schema\/person\/e0f8527323154d1eba9f9d9eb6b401f7","name":"maducato_admin","image":{"@type":"ImageObject","inLanguage":"en-US","@id":"https:\/\/www.missoeshumanitarias.org\/es\/#\/schema\/person\/image\/","url":"https:\/\/secure.gravatar.com\/avatar\/6c3b45186a8f5a459d8e14c7fca370bceae92402bc06171d75e4e559b6c24393?s=96&d=mm&r=g","contentUrl":"https:\/\/secure.gravatar.com\/avatar\/6c3b45186a8f5a459d8e14c7fca370bceae92402bc06171d75e4e559b6c24393?s=96&d=mm&r=g","caption":"maducato_admin"}}]}},"_links":{"self":[{"href":"https:\/\/www.missoeshumanitarias.org\/en\/wp-json\/wp\/v2\/posts\/131367","targetHints":{"allow":["GET"]}}],"collection":[{"href":"https:\/\/www.missoeshumanitarias.org\/en\/wp-json\/wp\/v2\/posts"}],"about":[{"href":"https:\/\/www.missoeshumanitarias.org\/en\/wp-json\/wp\/v2\/types\/post"}],"author":[{"embeddable":true,"href":"https:\/\/www.missoeshumanitarias.org\/en\/wp-json\/wp\/v2\/users\/1"}],"replies":[{"embeddable":true,"href":"https:\/\/www.missoeshumanitarias.org\/en\/wp-json\/wp\/v2\/comments?post=131367"}],"version-history":[{"count":0,"href":"https:\/\/www.missoeshumanitarias.org\/en\/wp-json\/wp\/v2\/posts\/131367\/revisions"}],"wp:featuredmedia":[{"embeddable":true,"href":"https:\/\/www.missoeshumanitarias.org\/en\/wp-json\/wp\/v2\/media\/129909"}],"wp:attachment":[{"href":"https:\/\/www.missoeshumanitarias.org\/en\/wp-json\/wp\/v2\/media?parent=131367"}],"wp:term":[{"taxonomy":"category","embeddable":true,"href":"https:\/\/www.missoeshumanitarias.org\/en\/wp-json\/wp\/v2\/categories?post=131367"},{"taxonomy":"post_tag","embeddable":true,"href":"https:\/\/www.missoeshumanitarias.org\/en\/wp-json\/wp\/v2\/tags?post=131367"}],"curies":[{"name":"wp","href":"https:\/\/api.w.org\/{rel}","templated":true}]}}