{"id":131374,"date":"2020-09-01T20:52:47","date_gmt":"2020-09-01T23:52:47","guid":{"rendered":"https:\/\/www.missoeshumanitarias.org\/venezuelan-artists-express-creative-power-in-the-shelters-in-roraima\/"},"modified":"2020-09-01T20:52:47","modified_gmt":"2020-09-01T23:52:47","slug":"venezuelan-artists-express-creative-power-in-the-shelters-in-roraima","status":"publish","type":"post","link":"https:\/\/www.missoeshumanitarias.org\/en\/venezuelan-artists-express-creative-power-in-the-shelters-in-roraima\/","title":{"rendered":"Venezuelan Artists Express Creative Power in the Shelters in Roraima"},"content":{"rendered":"<p style=\"font-weight: 400; text-align: justify;\">Music, poetry, handicrafts, painting\u2026 the shelters for Venezuelan refugees in Roraima, under management of the\u00a0<strong><a href=\"https:\/\/www.fraterinternacional.org\/en\/\">Fraternity \u2013 International Humanitarian Federation (FIHF)<\/a><\/strong>, have gained more color, beauty and joy through various artists that, little by little, reveal their talents.<\/p>\n<p style=\"font-weight: 400; text-align: justify;\">On this August 24, which celebrates the Artist Day in Brazil, we want to honor these people who have transformed the challenges of immigration and of shelters through artistic expressions. Here, we present the work of Rondon and Alfonzo, painters that are transforming walls, barriers and monochromatic canvases into colorful landscapes, which are about the places and stories of their country of origin, or images that invite us to reflect on and become aware in due respect for nature.<\/p>\n<h3 style=\"text-align: justify;\"><b>Rondon<\/b><\/h3>\n<p>[fusion_slider margin_top=&#8221;&#8221; margin_right=&#8221;&#8221; margin_bottom=&#8221;&#8221; margin_left=&#8221;&#8221; alignment=&#8221;center&#8221; slideshow_autoplay=&#8221;yes&#8221; slideshow_smooth_height=&#8221;&#8221; slideshow_speed=&#8221;&#8221; hover_type=&#8221;none&#8221; width=&#8221;&#8221; height=&#8221;&#8221; hide_on_mobile=&#8221;small-visibility,medium-visibility,large-visibility&#8221; class=&#8221;&#8221; id=&#8221;&#8221;][fusion_slide type=&#8221;image&#8221; image_id=&#8221;117407&#8243; link=&#8221;&#8221; lightbox=&#8221;no&#8221; linktarget=&#8221;_self&#8221;]https:\/\/www.fraterinternacional.org\/wp-content\/uploads\/2020\/08\/RONDON-ARTISTA-VENEZUELANO-REFUGIADO-FFHI-6.jpeg[\/fusion_slide][fusion_slide type=&#8221;image&#8221; image_id=&#8221;117413&#8243; link=&#8221;&#8221; lightbox=&#8221;no&#8221; linktarget=&#8221;_self&#8221;]https:\/\/www.fraterinternacional.org\/wp-content\/uploads\/2020\/08\/RONDON-ARTISTA-VENEZUELANO-REFUGIADO-FFHI-8.jpg[\/fusion_slide][fusion_slide type=&#8221;image&#8221; image_id=&#8221;117410&#8243; link=&#8221;&#8221; lightbox=&#8221;no&#8221; linktarget=&#8221;_self&#8221;]https:\/\/www.fraterinternacional.org\/wp-content\/uploads\/2020\/08\/RONDON-ARTISTA-VENEZUELANO-REFUGIADO-FFHI-6.jpg[\/fusion_slide][fusion_slide type=&#8221;image&#8221; image_id=&#8221;117404&#8243; link=&#8221;&#8221; lightbox=&#8221;no&#8221; linktarget=&#8221;_self&#8221;]https:\/\/www.fraterinternacional.org\/wp-content\/uploads\/2020\/08\/RONDON-ARTISTA-VENEZUELANO-REFUGIADO-FFHI-5.jpeg[\/fusion_slide][fusion_slide type=&#8221;image&#8221; image_id=&#8221;117401&#8243; link=&#8221;&#8221; lightbox=&#8221;no&#8221; linktarget=&#8221;_self&#8221;]https:\/\/www.fraterinternacional.org\/wp-content\/uploads\/2020\/08\/RONDON-ARTISTA-VENEZUELANO-REFUGIADO-FFHI-4.jpeg[\/fusion_slide][fusion_slide type=&#8221;image&#8221; image_id=&#8221;117398&#8243; link=&#8221;&#8221; lightbox=&#8221;no&#8221; linktarget=&#8221;_self&#8221;]https:\/\/www.fraterinternacional.org\/wp-content\/uploads\/2020\/08\/RONDON-ARTISTA-VENEZUELANO-REFUGIADO-FFHI-3.jpeg[\/fusion_slide][fusion_slide type=&#8221;image&#8221; image_id=&#8221;117395&#8243; link=&#8221;&#8221; lightbox=&#8221;no&#8221; linktarget=&#8221;_self&#8221;]https:\/\/www.fraterinternacional.org\/wp-content\/uploads\/2020\/08\/RONDON-ARTISTA-VENEZUELANO-REFUGIADO-FFHI-2.jpeg[\/fusion_slide][fusion_slide type=&#8221;image&#8221; image_id=&#8221;117392&#8243; link=&#8221;&#8221; lightbox=&#8221;no&#8221; linktarget=&#8221;_self&#8221;]https:\/\/www.fraterinternacional.org\/wp-content\/uploads\/2020\/08\/RONDON-ARTISTA-VENEZUELANO-REFUGIADO-FFHI-1.jpeg[\/fusion_slide][\/fusion_slider]<\/p>\n<p style=\"font-weight: 400; text-align: justify;\">Selected through a public inquiry ConVida Cultura Sesc, Rondon, 65 years old, will be able to realize his dream of teaching art to his brothers and sisters of the path, interested in learning and seeking, through painting, a future in Brazil.<\/p>\n<p style=\"font-weight: 400; text-align: justify;\">The purpose of the announcement was to select educational and artistic enjoyment proposals to be digitally transmitted and distributed, in order to maintain cultural activities in the context of the COVID-19 pandemic. About 470 proposals were selected from all over Brazil.<\/p>\n<p>[fusion_builder_row_inner][fusion_builder_column_inner align_self=&#8221;auto&#8221; content_layout=&#8221;column&#8221; align_content=&#8221;flex-start&#8221; content_wrap=&#8221;wrap&#8221; spacing=&#8221;&#8221; center_content=&#8221;no&#8221; link=&#8221;&#8221; target=&#8221;_self&#8221; min_height=&#8221;&#8221; hide_on_mobile=&#8221;small-visibility,medium-visibility,large-visibility&#8221; sticky_display=&#8221;normal,sticky&#8221; class=&#8221;&#8221; id=&#8221;&#8221; type_medium=&#8221;&#8221; type_small=&#8221;&#8221; type=&#8221;1_2&#8243; order_medium=&#8221;0&#8243; order_small=&#8221;0&#8243; dimension_spacing_medium=&#8221;&#8221; dimension_spacing_small=&#8221;&#8221; dimension_margin_medium=&#8221;&#8221; dimension_margin_small=&#8221;&#8221; padding_medium=&#8221;&#8221; padding_small=&#8221;&#8221; hover_type=&#8221;none&#8221; border_sizes=&#8221;&#8221; border_color=&#8221;&#8221; border_style=&#8221;solid&#8221; box_shadow=&#8221;no&#8221; box_shadow_blur=&#8221;0&#8243; box_shadow_spread=&#8221;0&#8243; box_shadow_color=&#8221;&#8221; box_shadow_style=&#8221;&#8221; gradient_start_color=&#8221;&#8221; gradient_end_color=&#8221;&#8221; gradient_start_position=&#8221;0&#8243; gradient_end_position=&#8221;100&#8243; gradient_type=&#8221;linear&#8221; radial_direction=&#8221;center center&#8221; linear_angle=&#8221;180&#8243; background_color=&#8221;&#8221; background_image=&#8221;&#8221; background_image_id=&#8221;&#8221; background_position=&#8221;left top&#8221; background_repeat=&#8221;no-repeat&#8221; background_blend_mode=&#8221;none&#8221; animation_type=&#8221;&#8221; animation_direction=&#8221;left&#8221; animation_speed=&#8221;0.3&#8243; animation_offset=&#8221;&#8221; filter_hue=&#8221;0&#8243; filter_saturation=&#8221;100&#8243; filter_brightness=&#8221;100&#8243; filter_contrast=&#8221;100&#8243; filter_invert=&#8221;0&#8243; filter_sepia=&#8221;0&#8243; filter_opacity=&#8221;100&#8243; filter_blur=&#8221;0&#8243; filter_hue_hover=&#8221;0&#8243; filter_saturation_hover=&#8221;100&#8243; filter_brightness_hover=&#8221;100&#8243; filter_contrast_hover=&#8221;100&#8243; filter_invert_hover=&#8221;0&#8243; filter_sepia_hover=&#8221;0&#8243; filter_opacity_hover=&#8221;100&#8243; filter_blur_hover=&#8221;0&#8243;]<\/p>\n<h3 style=\"text-align: justify;\"><strong>Alfonzo<\/strong><\/h3>\n<p style=\"text-align: justify;\"><a href=\"https:\/\/www.fraterinternacional.org\/wp-content\/uploads\/2020\/08\/ALFONZO-ARTISTA-VENEZUELANO-REFUGIADO-FFHI-9-2.jpeg\"><img decoding=\"async\" class=\"size-thumbnail wp-image-117416 alignleft\" src=\"https:\/\/www.missoeshumanitarias.org\/wp-content\/uploads\/2021\/08\/ALFONZO-ARTISTA-VENEZUELANO-REFUGIADO-FFHI-9-2-150x150-1.jpeg\" alt=\"Alfonzo - Artista Venezuelano\" width=\"150\" height=\"150\" \/><\/a><\/p>\n<p style=\"font-weight: 400; text-align: justify;\">When passing through the Transit Shelter (ATM) in Manaus, the artist Alfonzo left a work of art as a gift and asked that the following phrase be placed by it:<\/p>\n<p style=\"font-weight: 400; text-align: justify;\">\u201cIn each drop of water there is a life story. Save water! Be aware!\u201d<\/p>\n<p style=\"font-weight: 400; text-align: justify;\">Follow the work of other shelter artists\u00a0<a href=\"https:\/\/www.fraterinternacional.org\/en\/venezuelan-refugees-reveal-artistic-talents\/\"><strong>here<\/strong><\/a>.<\/p>\n<p>[\/fusion_builder_column_inner][fusion_builder_column_inner align_self=&#8221;auto&#8221; content_layout=&#8221;column&#8221; align_content=&#8221;flex-start&#8221; content_wrap=&#8221;wrap&#8221; spacing=&#8221;&#8221; center_content=&#8221;no&#8221; link=&#8221;&#8221; target=&#8221;_self&#8221; min_height=&#8221;&#8221; hide_on_mobile=&#8221;small-visibility,medium-visibility,large-visibility&#8221; sticky_display=&#8221;normal,sticky&#8221; class=&#8221;&#8221; id=&#8221;&#8221; type_medium=&#8221;&#8221; type_small=&#8221;&#8221; type=&#8221;1_2&#8243; order_medium=&#8221;0&#8243; order_small=&#8221;0&#8243; dimension_spacing_medium=&#8221;&#8221; dimension_spacing_small=&#8221;&#8221; dimension_margin_medium=&#8221;&#8221; dimension_margin_small=&#8221;&#8221; padding_medium=&#8221;&#8221; padding_small=&#8221;&#8221; hover_type=&#8221;none&#8221; border_sizes=&#8221;&#8221; border_color=&#8221;&#8221; border_style=&#8221;solid&#8221; box_shadow=&#8221;no&#8221; box_shadow_blur=&#8221;0&#8243; box_shadow_spread=&#8221;0&#8243; box_shadow_color=&#8221;&#8221; box_shadow_style=&#8221;&#8221; gradient_start_color=&#8221;&#8221; gradient_end_color=&#8221;&#8221; gradient_start_position=&#8221;0&#8243; gradient_end_position=&#8221;100&#8243; gradient_type=&#8221;linear&#8221; radial_direction=&#8221;center center&#8221; linear_angle=&#8221;180&#8243; background_color=&#8221;&#8221; background_image=&#8221;&#8221; background_image_id=&#8221;&#8221; background_position=&#8221;left top&#8221; background_repeat=&#8221;no-repeat&#8221; background_blend_mode=&#8221;none&#8221; animation_type=&#8221;&#8221; animation_direction=&#8221;left&#8221; animation_speed=&#8221;0.3&#8243; animation_offset=&#8221;&#8221; filter_hue=&#8221;0&#8243; filter_saturation=&#8221;100&#8243; filter_brightness=&#8221;100&#8243; filter_contrast=&#8221;100&#8243; filter_invert=&#8221;0&#8243; filter_sepia=&#8221;0&#8243; filter_opacity=&#8221;100&#8243; filter_blur=&#8221;0&#8243; filter_hue_hover=&#8221;0&#8243; filter_saturation_hover=&#8221;100&#8243; filter_brightness_hover=&#8221;100&#8243; filter_contrast_hover=&#8221;100&#8243; filter_invert_hover=&#8221;0&#8243; filter_sepia_hover=&#8221;0&#8243; filter_opacity_hover=&#8221;100&#8243; filter_blur_hover=&#8221;0&#8243;][fusion_slider margin_top=&#8221;&#8221; margin_right=&#8221;&#8221; margin_bottom=&#8221;&#8221; margin_left=&#8221;&#8221; alignment=&#8221;center&#8221; slideshow_autoplay=&#8221;yes&#8221; slideshow_smooth_height=&#8221;&#8221; slideshow_speed=&#8221;&#8221; hover_type=&#8221;none&#8221; width=&#8221;&#8221; height=&#8221;&#8221; hide_on_mobile=&#8221;small-visibility,medium-visibility,large-visibility&#8221; class=&#8221;&#8221; id=&#8221;&#8221;][fusion_slide type=&#8221;image&#8221; image_id=&#8221;117419&#8243; link=&#8221;&#8221; lightbox=&#8221;no&#8221; linktarget=&#8221;_self&#8221;]https:\/\/www.fraterinternacional.org\/wp-content\/uploads\/2020\/08\/ALFONZO-ARTISTA-VENEZUELANO-REFUGIADO-FFHI-10.jpeg[\/fusion_slide][fusion_slide type=&#8221;image&#8221; image_id=&#8221;117422&#8243; link=&#8221;&#8221; lightbox=&#8221;no&#8221; linktarget=&#8221;_self&#8221;]https:\/\/www.fraterinternacional.org\/wp-content\/uploads\/2020\/08\/ALFONZO-ARTISTA-VENEZUELANO-REFUGIADO-FFHI-11.jpeg[\/fusion_slide][fusion_slide type=&#8221;image&#8221; image_id=&#8221;117425&#8243; link=&#8221;&#8221; lightbox=&#8221;no&#8221; linktarget=&#8221;_self&#8221;]https:\/\/www.fraterinternacional.org\/wp-content\/uploads\/2020\/08\/ALFONZO-ARTISTA-VENEZUELANO-REFUGIADO-FFHI-12.jpeg[\/fusion_slide][fusion_slide type=&#8221;image&#8221; image_id=&#8221;117428&#8243; link=&#8221;&#8221; lightbox=&#8221;no&#8221; linktarget=&#8221;_self&#8221;]https:\/\/www.fraterinternacional.org\/wp-content\/uploads\/2020\/08\/ALFONZO-ARTISTA-VENEZUELANO-REFUGIADO-FFHI-13.jpeg[\/fusion_slide][\/fusion_slider][\/fusion_builder_column_inner][\/fusion_builder_row_inner]<\/p>\n<p style=\"text-align: justify;\">\n","protected":false},"excerpt":{"rendered":"<p>Music, poetry, handicrafts, painting\u2026 the shelters for Venezuelan refugees in Roraima, under management of the\u00a0Fraternity \u2013 International Humanitarian Federation (FIHF), have gained more color, beauty and joy through various artists that, little by little, reveal their talents. On this August 24, which celebrates the Artist Day in Brazil, we want to honor these people who [&hellip;]<\/p>\n","protected":false},"author":1,"featured_media":129960,"comment_status":"open","ping_status":"open","sticky":false,"template":"","format":"standard","meta":{"footnotes":""},"categories":[9,132],"tags":[],"class_list":["post-131374","post","type-post","status-publish","format-standard","has-post-thumbnail","hentry","category-news","category-news-about-the-missions"],"featured_image_src":"https:\/\/www.missoeshumanitarias.org\/wp-content\/uploads\/2021\/08\/RONDON-ARTISTA-VENEZUELANO-REFUGIADO-FFHI-4.jpeg","author_info":{"display_name":"maducato_admin","author_link":"https:\/\/www.missoeshumanitarias.org\/en\/author\/maducato_admin\/"},"yoast_head":"<!-- This site is optimized with the Yoast SEO Premium plugin v22.5 (Yoast SEO v22.5) - https:\/\/yoast.com\/wordpress\/plugins\/seo\/ -->\n<title>Venezuelan Artists Express Creative Power in the Shelters in Roraima - Fraternidade Miss\u00f5es Humanit\u00e1rias Internacionais<\/title>\n<meta name=\"robots\" content=\"index, follow, max-snippet:-1, max-image-preview:large, max-video-preview:-1\" \/>\n<link rel=\"canonical\" href=\"https:\/\/www.missoeshumanitarias.org\/en\/venezuelan-artists-express-creative-power-in-the-shelters-in-roraima\/\" \/>\n<meta property=\"og:locale\" content=\"en_US\" \/>\n<meta property=\"og:type\" content=\"article\" \/>\n<meta property=\"og:title\" content=\"Venezuelan Artists Express Creative Power in the Shelters in Roraima\" \/>\n<meta property=\"og:description\" content=\"Music, poetry, handicrafts, painting\u2026 the shelters for Venezuelan refugees in Roraima, under management of the\u00a0Fraternity \u2013 International Humanitarian Federation (FIHF), have gained more color, beauty and joy through various artists that, little by little, reveal their talents. On this August 24, which celebrates the Artist Day in Brazil, we want to honor these people who [&hellip;]\" \/>\n<meta property=\"og:url\" content=\"https:\/\/www.missoeshumanitarias.org\/en\/venezuelan-artists-express-creative-power-in-the-shelters-in-roraima\/\" \/>\n<meta property=\"og:site_name\" content=\"Fraternidade Miss\u00f5es Humanit\u00e1rias Internacionais\" \/>\n<meta property=\"article:published_time\" content=\"2020-09-01T23:52:47+00:00\" \/>\n<meta property=\"og:image\" content=\"https:\/\/www.missoeshumanitarias.org\/wp-content\/uploads\/2021\/08\/RONDON-ARTISTA-VENEZUELANO-REFUGIADO-FFHI-4.jpeg\" \/>\n\t<meta property=\"og:image:width\" content=\"1000\" \/>\n\t<meta property=\"og:image:height\" content=\"667\" \/>\n\t<meta property=\"og:image:type\" content=\"image\/jpeg\" \/>\n<meta name=\"author\" content=\"maducato_admin\" \/>\n<meta name=\"twitter:card\" content=\"summary_large_image\" \/>\n<meta name=\"twitter:label1\" content=\"Written by\" \/>\n\t<meta name=\"twitter:data1\" content=\"maducato_admin\" \/>\n\t<meta name=\"twitter:label2\" content=\"Est. reading time\" \/>\n\t<meta name=\"twitter:data2\" content=\"5 minutes\" \/>\n<script type=\"application\/ld+json\" class=\"yoast-schema-graph\">{\"@context\":\"https:\/\/schema.org\",\"@graph\":[{\"@type\":\"Article\",\"@id\":\"https:\/\/www.missoeshumanitarias.org\/en\/venezuelan-artists-express-creative-power-in-the-shelters-in-roraima\/#article\",\"isPartOf\":{\"@id\":\"https:\/\/www.missoeshumanitarias.org\/en\/venezuelan-artists-express-creative-power-in-the-shelters-in-roraima\/\"},\"author\":{\"name\":\"maducato_admin\",\"@id\":\"https:\/\/www.missoeshumanitarias.org\/es\/#\/schema\/person\/e0f8527323154d1eba9f9d9eb6b401f7\"},\"headline\":\"Venezuelan Artists Express Creative Power in the Shelters in Roraima\",\"datePublished\":\"2020-09-01T23:52:47+00:00\",\"dateModified\":\"2020-09-01T23:52:47+00:00\",\"mainEntityOfPage\":{\"@id\":\"https:\/\/www.missoeshumanitarias.org\/en\/venezuelan-artists-express-creative-power-in-the-shelters-in-roraima\/\"},\"wordCount\":947,\"commentCount\":0,\"publisher\":{\"@id\":\"https:\/\/www.missoeshumanitarias.org\/es\/#organization\"},\"image\":{\"@id\":\"https:\/\/www.missoeshumanitarias.org\/en\/venezuelan-artists-express-creative-power-in-the-shelters-in-roraima\/#primaryimage\"},\"thumbnailUrl\":\"https:\/\/www.missoeshumanitarias.org\/wp-content\/uploads\/2021\/08\/RONDON-ARTISTA-VENEZUELANO-REFUGIADO-FFHI-4.jpeg\",\"articleSection\":[\"News\",\"News about the Missions\"],\"inLanguage\":\"en-US\",\"potentialAction\":[{\"@type\":\"CommentAction\",\"name\":\"Comment\",\"target\":[\"https:\/\/www.missoeshumanitarias.org\/en\/venezuelan-artists-express-creative-power-in-the-shelters-in-roraima\/#respond\"]}]},{\"@type\":\"WebPage\",\"@id\":\"https:\/\/www.missoeshumanitarias.org\/en\/venezuelan-artists-express-creative-power-in-the-shelters-in-roraima\/\",\"url\":\"https:\/\/www.missoeshumanitarias.org\/en\/venezuelan-artists-express-creative-power-in-the-shelters-in-roraima\/\",\"name\":\"Venezuelan Artists Express Creative Power in the Shelters in Roraima - Fraternidade Miss\u00f5es Humanit\u00e1rias Internacionais\",\"isPartOf\":{\"@id\":\"https:\/\/www.missoeshumanitarias.org\/es\/#website\"},\"primaryImageOfPage\":{\"@id\":\"https:\/\/www.missoeshumanitarias.org\/en\/venezuelan-artists-express-creative-power-in-the-shelters-in-roraima\/#primaryimage\"},\"image\":{\"@id\":\"https:\/\/www.missoeshumanitarias.org\/en\/venezuelan-artists-express-creative-power-in-the-shelters-in-roraima\/#primaryimage\"},\"thumbnailUrl\":\"https:\/\/www.missoeshumanitarias.org\/wp-content\/uploads\/2021\/08\/RONDON-ARTISTA-VENEZUELANO-REFUGIADO-FFHI-4.jpeg\",\"datePublished\":\"2020-09-01T23:52:47+00:00\",\"dateModified\":\"2020-09-01T23:52:47+00:00\",\"breadcrumb\":{\"@id\":\"https:\/\/www.missoeshumanitarias.org\/en\/venezuelan-artists-express-creative-power-in-the-shelters-in-roraima\/#breadcrumb\"},\"inLanguage\":\"en-US\",\"potentialAction\":[{\"@type\":\"ReadAction\",\"target\":[\"https:\/\/www.missoeshumanitarias.org\/en\/venezuelan-artists-express-creative-power-in-the-shelters-in-roraima\/\"]}]},{\"@type\":\"ImageObject\",\"inLanguage\":\"en-US\",\"@id\":\"https:\/\/www.missoeshumanitarias.org\/en\/venezuelan-artists-express-creative-power-in-the-shelters-in-roraima\/#primaryimage\",\"url\":\"https:\/\/www.missoeshumanitarias.org\/wp-content\/uploads\/2021\/08\/RONDON-ARTISTA-VENEZUELANO-REFUGIADO-FFHI-4.jpeg\",\"contentUrl\":\"https:\/\/www.missoeshumanitarias.org\/wp-content\/uploads\/2021\/08\/RONDON-ARTISTA-VENEZUELANO-REFUGIADO-FFHI-4.jpeg\",\"width\":1000,\"height\":667},{\"@type\":\"BreadcrumbList\",\"@id\":\"https:\/\/www.missoeshumanitarias.org\/en\/venezuelan-artists-express-creative-power-in-the-shelters-in-roraima\/#breadcrumb\",\"itemListElement\":[{\"@type\":\"ListItem\",\"position\":1,\"name\":\"Home\",\"item\":\"https:\/\/www.missoeshumanitarias.org\/en\/\"},{\"@type\":\"ListItem\",\"position\":2,\"name\":\"Venezuelan Artists Express Creative Power in the Shelters in Roraima\"}]},{\"@type\":\"WebSite\",\"@id\":\"https:\/\/www.missoeshumanitarias.org\/es\/#website\",\"url\":\"https:\/\/www.missoeshumanitarias.org\/es\/\",\"name\":\"Fraternidade Miss\u00f5es Humanit\u00e1rias Internacionais\",\"description\":\"Respostas Humanit\u00e1rias e Emerg\u00eancias\",\"publisher\":{\"@id\":\"https:\/\/www.missoeshumanitarias.org\/es\/#organization\"},\"potentialAction\":[{\"@type\":\"SearchAction\",\"target\":{\"@type\":\"EntryPoint\",\"urlTemplate\":\"https:\/\/www.missoeshumanitarias.org\/es\/?s={search_term_string}\"},\"query-input\":\"required name=search_term_string\"}],\"inLanguage\":\"en-US\"},{\"@type\":\"Organization\",\"@id\":\"https:\/\/www.missoeshumanitarias.org\/es\/#organization\",\"name\":\"Fraternidade - Miss\u00f5es Humanit\u00e1rias Internacionais\",\"url\":\"https:\/\/www.missoeshumanitarias.org\/es\/\",\"logo\":{\"@type\":\"ImageObject\",\"inLanguage\":\"en-US\",\"@id\":\"https:\/\/www.missoeshumanitarias.org\/es\/#\/schema\/logo\/image\/\",\"url\":\"https:\/\/www.missoeshumanitarias.org\/wp-content\/uploads\/2020\/05\/logo-FMHI-mg.png\",\"contentUrl\":\"https:\/\/www.missoeshumanitarias.org\/wp-content\/uploads\/2020\/05\/logo-FMHI-mg.png\",\"width\":520,\"height\":134,\"caption\":\"Fraternidade - Miss\u00f5es Humanit\u00e1rias Internacionais\"},\"image\":{\"@id\":\"https:\/\/www.missoeshumanitarias.org\/es\/#\/schema\/logo\/image\/\"}},{\"@type\":\"Person\",\"@id\":\"https:\/\/www.missoeshumanitarias.org\/es\/#\/schema\/person\/e0f8527323154d1eba9f9d9eb6b401f7\",\"name\":\"maducato_admin\",\"image\":{\"@type\":\"ImageObject\",\"inLanguage\":\"en-US\",\"@id\":\"https:\/\/www.missoeshumanitarias.org\/es\/#\/schema\/person\/image\/\",\"url\":\"https:\/\/secure.gravatar.com\/avatar\/6c3b45186a8f5a459d8e14c7fca370bceae92402bc06171d75e4e559b6c24393?s=96&d=mm&r=g\",\"contentUrl\":\"https:\/\/secure.gravatar.com\/avatar\/6c3b45186a8f5a459d8e14c7fca370bceae92402bc06171d75e4e559b6c24393?s=96&d=mm&r=g\",\"caption\":\"maducato_admin\"}}]}<\/script>\n<!-- \/ Yoast SEO Premium plugin. -->","yoast_head_json":{"title":"Venezuelan Artists Express Creative Power in the Shelters in Roraima - Fraternidade Miss\u00f5es Humanit\u00e1rias Internacionais","robots":{"index":"index","follow":"follow","max-snippet":"max-snippet:-1","max-image-preview":"max-image-preview:large","max-video-preview":"max-video-preview:-1"},"canonical":"https:\/\/www.missoeshumanitarias.org\/en\/venezuelan-artists-express-creative-power-in-the-shelters-in-roraima\/","og_locale":"en_US","og_type":"article","og_title":"Venezuelan Artists Express Creative Power in the Shelters in Roraima","og_description":"Music, poetry, handicrafts, painting\u2026 the shelters for Venezuelan refugees in Roraima, under management of the\u00a0Fraternity \u2013 International Humanitarian Federation (FIHF), have gained more color, beauty and joy through various artists that, little by little, reveal their talents. On this August 24, which celebrates the Artist Day in Brazil, we want to honor these people who [&hellip;]","og_url":"https:\/\/www.missoeshumanitarias.org\/en\/venezuelan-artists-express-creative-power-in-the-shelters-in-roraima\/","og_site_name":"Fraternidade Miss\u00f5es Humanit\u00e1rias Internacionais","article_published_time":"2020-09-01T23:52:47+00:00","og_image":[{"width":1000,"height":667,"url":"https:\/\/www.missoeshumanitarias.org\/wp-content\/uploads\/2021\/08\/RONDON-ARTISTA-VENEZUELANO-REFUGIADO-FFHI-4.jpeg","type":"image\/jpeg"}],"author":"maducato_admin","twitter_card":"summary_large_image","twitter_misc":{"Written by":"maducato_admin","Est. reading time":"5 minutes"},"schema":{"@context":"https:\/\/schema.org","@graph":[{"@type":"Article","@id":"https:\/\/www.missoeshumanitarias.org\/en\/venezuelan-artists-express-creative-power-in-the-shelters-in-roraima\/#article","isPartOf":{"@id":"https:\/\/www.missoeshumanitarias.org\/en\/venezuelan-artists-express-creative-power-in-the-shelters-in-roraima\/"},"author":{"name":"maducato_admin","@id":"https:\/\/www.missoeshumanitarias.org\/es\/#\/schema\/person\/e0f8527323154d1eba9f9d9eb6b401f7"},"headline":"Venezuelan Artists Express Creative Power in the Shelters in Roraima","datePublished":"2020-09-01T23:52:47+00:00","dateModified":"2020-09-01T23:52:47+00:00","mainEntityOfPage":{"@id":"https:\/\/www.missoeshumanitarias.org\/en\/venezuelan-artists-express-creative-power-in-the-shelters-in-roraima\/"},"wordCount":947,"commentCount":0,"publisher":{"@id":"https:\/\/www.missoeshumanitarias.org\/es\/#organization"},"image":{"@id":"https:\/\/www.missoeshumanitarias.org\/en\/venezuelan-artists-express-creative-power-in-the-shelters-in-roraima\/#primaryimage"},"thumbnailUrl":"https:\/\/www.missoeshumanitarias.org\/wp-content\/uploads\/2021\/08\/RONDON-ARTISTA-VENEZUELANO-REFUGIADO-FFHI-4.jpeg","articleSection":["News","News about the Missions"],"inLanguage":"en-US","potentialAction":[{"@type":"CommentAction","name":"Comment","target":["https:\/\/www.missoeshumanitarias.org\/en\/venezuelan-artists-express-creative-power-in-the-shelters-in-roraima\/#respond"]}]},{"@type":"WebPage","@id":"https:\/\/www.missoeshumanitarias.org\/en\/venezuelan-artists-express-creative-power-in-the-shelters-in-roraima\/","url":"https:\/\/www.missoeshumanitarias.org\/en\/venezuelan-artists-express-creative-power-in-the-shelters-in-roraima\/","name":"Venezuelan Artists Express Creative Power in the Shelters in Roraima - Fraternidade Miss\u00f5es Humanit\u00e1rias Internacionais","isPartOf":{"@id":"https:\/\/www.missoeshumanitarias.org\/es\/#website"},"primaryImageOfPage":{"@id":"https:\/\/www.missoeshumanitarias.org\/en\/venezuelan-artists-express-creative-power-in-the-shelters-in-roraima\/#primaryimage"},"image":{"@id":"https:\/\/www.missoeshumanitarias.org\/en\/venezuelan-artists-express-creative-power-in-the-shelters-in-roraima\/#primaryimage"},"thumbnailUrl":"https:\/\/www.missoeshumanitarias.org\/wp-content\/uploads\/2021\/08\/RONDON-ARTISTA-VENEZUELANO-REFUGIADO-FFHI-4.jpeg","datePublished":"2020-09-01T23:52:47+00:00","dateModified":"2020-09-01T23:52:47+00:00","breadcrumb":{"@id":"https:\/\/www.missoeshumanitarias.org\/en\/venezuelan-artists-express-creative-power-in-the-shelters-in-roraima\/#breadcrumb"},"inLanguage":"en-US","potentialAction":[{"@type":"ReadAction","target":["https:\/\/www.missoeshumanitarias.org\/en\/venezuelan-artists-express-creative-power-in-the-shelters-in-roraima\/"]}]},{"@type":"ImageObject","inLanguage":"en-US","@id":"https:\/\/www.missoeshumanitarias.org\/en\/venezuelan-artists-express-creative-power-in-the-shelters-in-roraima\/#primaryimage","url":"https:\/\/www.missoeshumanitarias.org\/wp-content\/uploads\/2021\/08\/RONDON-ARTISTA-VENEZUELANO-REFUGIADO-FFHI-4.jpeg","contentUrl":"https:\/\/www.missoeshumanitarias.org\/wp-content\/uploads\/2021\/08\/RONDON-ARTISTA-VENEZUELANO-REFUGIADO-FFHI-4.jpeg","width":1000,"height":667},{"@type":"BreadcrumbList","@id":"https:\/\/www.missoeshumanitarias.org\/en\/venezuelan-artists-express-creative-power-in-the-shelters-in-roraima\/#breadcrumb","itemListElement":[{"@type":"ListItem","position":1,"name":"Home","item":"https:\/\/www.missoeshumanitarias.org\/en\/"},{"@type":"ListItem","position":2,"name":"Venezuelan Artists Express Creative Power in the Shelters in Roraima"}]},{"@type":"WebSite","@id":"https:\/\/www.missoeshumanitarias.org\/es\/#website","url":"https:\/\/www.missoeshumanitarias.org\/es\/","name":"Fraternidade Miss\u00f5es Humanit\u00e1rias Internacionais","description":"Respostas Humanit\u00e1rias e Emerg\u00eancias","publisher":{"@id":"https:\/\/www.missoeshumanitarias.org\/es\/#organization"},"potentialAction":[{"@type":"SearchAction","target":{"@type":"EntryPoint","urlTemplate":"https:\/\/www.missoeshumanitarias.org\/es\/?s={search_term_string}"},"query-input":"required name=search_term_string"}],"inLanguage":"en-US"},{"@type":"Organization","@id":"https:\/\/www.missoeshumanitarias.org\/es\/#organization","name":"Fraternidade - Miss\u00f5es Humanit\u00e1rias Internacionais","url":"https:\/\/www.missoeshumanitarias.org\/es\/","logo":{"@type":"ImageObject","inLanguage":"en-US","@id":"https:\/\/www.missoeshumanitarias.org\/es\/#\/schema\/logo\/image\/","url":"https:\/\/www.missoeshumanitarias.org\/wp-content\/uploads\/2020\/05\/logo-FMHI-mg.png","contentUrl":"https:\/\/www.missoeshumanitarias.org\/wp-content\/uploads\/2020\/05\/logo-FMHI-mg.png","width":520,"height":134,"caption":"Fraternidade - Miss\u00f5es Humanit\u00e1rias Internacionais"},"image":{"@id":"https:\/\/www.missoeshumanitarias.org\/es\/#\/schema\/logo\/image\/"}},{"@type":"Person","@id":"https:\/\/www.missoeshumanitarias.org\/es\/#\/schema\/person\/e0f8527323154d1eba9f9d9eb6b401f7","name":"maducato_admin","image":{"@type":"ImageObject","inLanguage":"en-US","@id":"https:\/\/www.missoeshumanitarias.org\/es\/#\/schema\/person\/image\/","url":"https:\/\/secure.gravatar.com\/avatar\/6c3b45186a8f5a459d8e14c7fca370bceae92402bc06171d75e4e559b6c24393?s=96&d=mm&r=g","contentUrl":"https:\/\/secure.gravatar.com\/avatar\/6c3b45186a8f5a459d8e14c7fca370bceae92402bc06171d75e4e559b6c24393?s=96&d=mm&r=g","caption":"maducato_admin"}}]}},"_links":{"self":[{"href":"https:\/\/www.missoeshumanitarias.org\/en\/wp-json\/wp\/v2\/posts\/131374","targetHints":{"allow":["GET"]}}],"collection":[{"href":"https:\/\/www.missoeshumanitarias.org\/en\/wp-json\/wp\/v2\/posts"}],"about":[{"href":"https:\/\/www.missoeshumanitarias.org\/en\/wp-json\/wp\/v2\/types\/post"}],"author":[{"embeddable":true,"href":"https:\/\/www.missoeshumanitarias.org\/en\/wp-json\/wp\/v2\/users\/1"}],"replies":[{"embeddable":true,"href":"https:\/\/www.missoeshumanitarias.org\/en\/wp-json\/wp\/v2\/comments?post=131374"}],"version-history":[{"count":0,"href":"https:\/\/www.missoeshumanitarias.org\/en\/wp-json\/wp\/v2\/posts\/131374\/revisions"}],"wp:featuredmedia":[{"embeddable":true,"href":"https:\/\/www.missoeshumanitarias.org\/en\/wp-json\/wp\/v2\/media\/129960"}],"wp:attachment":[{"href":"https:\/\/www.missoeshumanitarias.org\/en\/wp-json\/wp\/v2\/media?parent=131374"}],"wp:term":[{"taxonomy":"category","embeddable":true,"href":"https:\/\/www.missoeshumanitarias.org\/en\/wp-json\/wp\/v2\/categories?post=131374"},{"taxonomy":"post_tag","embeddable":true,"href":"https:\/\/www.missoeshumanitarias.org\/en\/wp-json\/wp\/v2\/tags?post=131374"}],"curies":[{"name":"wp","href":"https:\/\/api.w.org\/{rel}","templated":true}]}}