{"id":131376,"date":"2020-09-08T11:46:03","date_gmt":"2020-09-08T14:46:03","guid":{"rendered":"https:\/\/www.missoeshumanitarias.org\/webinar-on-education-in-emergency-situations-and-humanitarian-responses\/"},"modified":"2021-08-26T12:53:57","modified_gmt":"2021-08-26T15:53:57","slug":"webinar-on-education-in-emergency-situations-and-humanitarian-responses","status":"publish","type":"post","link":"https:\/\/www.missoeshumanitarias.org\/en\/webinar-on-education-in-emergency-situations-and-humanitarian-responses\/","title":{"rendered":"Webinar on Education in Emergency Situations and Humanitarian Responses"},"content":{"rendered":"<p style=\"font-weight: 400; text-align: justify;\">The University of Santo Tom\u00e1s of Colombia, in partnership with the\u00a0<strong><a href=\"https:\/\/www.fraterinternacional.org\/en\/humanitarian-missions\/\">Fraternity \u2013 International Humanitarian Missions (FIHM)<\/a><\/strong>, Emergency Education, Mahle Institute, and the Waldorf Educational and Social Corporation, are organizing the Education Cycle Webinar in Emergency Situations and Humanitarian Responses.<\/p>\n<p style=\"font-weight: 400; text-align: justify;\">The first meeting will be on Friday, September 4, at 4 pm. The subject of this meeting will be: A Brief Introduction on Humanitarian Contents; its facilitators will be: the volunteer missionary of the\u00a0<strong><a href=\"https:\/\/www.fraterinternacional.org\/en\/humanitarian-missions\/\">Fraternity Missions (FIHM)<\/a><\/strong>, Anderson Santiago, the co-founder of the Association of Emergency Education in Brazil, Reinaldo Nascimento, and the specialist in Disaster Risk Management, and consultant of the UNICEF, Jos\u00e9 Efraim Vasquez Heredia.<\/p>\n<p style=\"font-weight: 400; text-align: justify;\">The second meeting will take place on the 11<sup>th<\/sup>, with the subject: Consequences and Traumas of the Pandemic \u2013 Behavior, Good Practices and Experiences in Support of Children and Adolescents.<\/p>\n<p style=\"font-weight: 400; text-align: justify;\"> <\/p>\n\n<figure class=\"wp-block-gallery columns-2 is-cropped wp-block-gallery-1 is-layout-flex wp-block-gallery-is-layout-flex\">\n<ul class=\"blocks-gallery-grid\">\n \t<li class=\"blocks-gallery-item\">\n<figure><img fetchpriority=\"high\" decoding=\"async\" width=\"1000\" height=\"1000\" class=\"wp-image-132090\" src=\"https:\/\/www.missoeshumanitarias.org\/wp-content\/uploads\/2020\/09\/webinar-colombia02.jpg\" alt=\"Webinar sobre Educa\u00e7\u00e3o em Situa\u00e7\u00e3o de Emerg\u00eancia e Respostas Humanit\u00e1rias\" data-id=\"132090\" data-full-url=\"https:\/\/www.missoeshumanitarias.org\/wp-content\/uploads\/2020\/09\/webinar-colombia02.jpg\" data-link=\"https:\/\/www.missoeshumanitarias.org\/webinar-sobre-educacao-em-situacao-de-emergencia-e-respostas-humanitarias\/webinar-colombia02\/\" srcset=\"https:\/\/www.missoeshumanitarias.org\/wp-content\/uploads\/2020\/09\/webinar-colombia02.jpg 1000w, https:\/\/www.missoeshumanitarias.org\/wp-content\/uploads\/2020\/09\/webinar-colombia02-300x300.jpg 300w, https:\/\/www.missoeshumanitarias.org\/wp-content\/uploads\/2020\/09\/webinar-colombia02-150x150.jpg 150w, https:\/\/www.missoeshumanitarias.org\/wp-content\/uploads\/2020\/09\/webinar-colombia02-768x768.jpg 768w\" sizes=\"(max-width: 1000px) 100vw, 1000px\" \/><\/figure>\n<\/li>\n \t<li class=\"blocks-gallery-item\">\n<figure><img decoding=\"async\" width=\"1000\" height=\"1000\" class=\"wp-image-132093\" src=\"https:\/\/www.missoeshumanitarias.org\/wp-content\/uploads\/2020\/09\/webinar-colombia01.jpg\" alt=\"Webinar sobre Educa\u00e7\u00e3o em Situa\u00e7\u00e3o de Emerg\u00eancia e Respostas Humanit\u00e1rias\" data-id=\"132093\" data-full-url=\"https:\/\/www.missoeshumanitarias.org\/wp-content\/uploads\/2020\/09\/webinar-colombia01.jpg\" data-link=\"https:\/\/www.missoeshumanitarias.org\/webinar-sobre-educacao-em-situacao-de-emergencia-e-respostas-humanitarias\/webinar-colombia01\/\" srcset=\"https:\/\/www.missoeshumanitarias.org\/wp-content\/uploads\/2020\/09\/webinar-colombia01.jpg 1000w, https:\/\/www.missoeshumanitarias.org\/wp-content\/uploads\/2020\/09\/webinar-colombia01-300x300.jpg 300w, https:\/\/www.missoeshumanitarias.org\/wp-content\/uploads\/2020\/09\/webinar-colombia01-150x150.jpg 150w, https:\/\/www.missoeshumanitarias.org\/wp-content\/uploads\/2020\/09\/webinar-colombia01-768x768.jpg 768w\" sizes=\"(max-width: 1000px) 100vw, 1000px\" \/><\/figure>\n<\/li>\n<\/ul>\n<\/figure>\n<p style=\"font-weight: 400; text-align: justify;\"><\/p>\n<p style=\"font-weight: 400; text-align: justify;\">The objective of this Webinar Cycle is to introduce the subject of Education in Emergency Situations and Humanitarian Responses, which will later be worked with in a Seminar that had been designed to take place with attendees being present in person in the cities of Bogota and C\u00facuta, in Colombia, before the beginning of the pandemic, but has been postponed until this planetary situation has been better defined.<\/p>\n<p style=\"font-weight: 400; text-align: justify;\">According to Anderson Santiago, this webinar has become even more necessary within this historic context, because of the COVID-19 health crisis being added to the humanitarian crisis already occurring with the immigration of more than 1.5 million Venezuelans to Colombia.<\/p>\n<p style=\"font-weight: 400; text-align: justify;\">Almost five million Venezuelans have left their country because of the social, political, and economic crisis, creating the greatest displacement in the recent history of Latin America.<\/p>\n<p style=\"font-weight: 400; text-align: justify;\">\u201cIn light of this scenario, we need to be aware that there is a great struggle going on in humanity against hate and separateness. For this reason, Education in Emergency Situations reinforces that things can\u2019t \u201cgo back to normal.\u201d What we need is to learn through this situation, making this huge challenge an opportunity for growth and service for the common good of all humanity, especially the children, who are more vulnerable today,\u201d concludes Anderson.<\/p>\n\n<div>Live Broadcast on <strong><a href=\"https:\/\/www.facebook.com\/proyeccionusta.rsu\/live\" rel=\"noopener noreferrer\">Fanpage.<\/a><\/strong><\/div>\n<div>\n<div>In-Room Broadcast <strong><a href=\"https:\/\/zoom.us\/meeting\/register\/tJMudu6tpz0iHNJWIFigALxuquuQXwjiCNna\" target=\"_blank\" rel=\"noopener noreferrer\">Zoom <\/a><\/strong>for the event on the 4th.<\/div>\n<div><strong><a href=\"https:\/\/docs.google.com\/forms\/d\/e\/1FAIpQLSedKYjks4_D_JkvTSAs7WknsKmsIQMK1eL-KJ2dK2OAYtKRFw\/viewform?usp=sf_link\" target=\"_blank\" rel=\"noopener noreferrer\">Registration form <\/a><\/strong>for the event on the 4th.<\/div>\n<\/div>","protected":false},"excerpt":{"rendered":"<p>The University of Santo Tom\u00e1s of Colombia, in partnership with the\u00a0Fraternity \u2013 International Humanitarian Missions (FIHM), Emergency Education, Mahle Institute, and the Waldorf Educational and Social Corporation, are organizing the Education Cycle Webinar in Emergency Situations and Humanitarian Responses. The first meeting will be on Friday, September 4, at 4 pm. The subject of this [&hellip;]<\/p>\n","protected":false},"author":1,"featured_media":130017,"comment_status":"open","ping_status":"open","sticky":false,"template":"","format":"standard","meta":{"footnotes":""},"categories":[9,132],"tags":[],"class_list":["post-131376","post","type-post","status-publish","format-standard","has-post-thumbnail","hentry","category-news","category-news-about-the-missions"],"featured_image_src":"https:\/\/www.missoeshumanitarias.org\/wp-content\/uploads\/2021\/08\/capa-webinar.jpg","author_info":{"display_name":"maducato_admin","author_link":"https:\/\/www.missoeshumanitarias.org\/en\/author\/maducato_admin\/"},"yoast_head":"<!-- This site is optimized with the Yoast SEO Premium plugin v22.5 (Yoast SEO v22.5) - https:\/\/yoast.com\/wordpress\/plugins\/seo\/ -->\n<title>Webinar on Education in Emergency Situations and Humanitarian Responses - Fraternidade Miss\u00f5es Humanit\u00e1rias Internacionais<\/title>\n<meta name=\"robots\" content=\"index, follow, max-snippet:-1, max-image-preview:large, max-video-preview:-1\" \/>\n<link rel=\"canonical\" href=\"https:\/\/www.missoeshumanitarias.org\/en\/webinar-on-education-in-emergency-situations-and-humanitarian-responses\/\" \/>\n<meta property=\"og:locale\" content=\"en_US\" \/>\n<meta property=\"og:type\" content=\"article\" \/>\n<meta property=\"og:title\" content=\"Webinar on Education in Emergency Situations and Humanitarian Responses\" \/>\n<meta property=\"og:description\" content=\"The University of Santo Tom\u00e1s of Colombia, in partnership with the\u00a0Fraternity \u2013 International Humanitarian Missions (FIHM), Emergency Education, Mahle Institute, and the Waldorf Educational and Social Corporation, are organizing the Education Cycle Webinar in Emergency Situations and Humanitarian Responses. The first meeting will be on Friday, September 4, at 4 pm. The subject of this [&hellip;]\" \/>\n<meta property=\"og:url\" content=\"https:\/\/www.missoeshumanitarias.org\/en\/webinar-on-education-in-emergency-situations-and-humanitarian-responses\/\" \/>\n<meta property=\"og:site_name\" content=\"Fraternidade Miss\u00f5es Humanit\u00e1rias Internacionais\" \/>\n<meta property=\"article:published_time\" content=\"2020-09-08T14:46:03+00:00\" \/>\n<meta property=\"article:modified_time\" content=\"2021-08-26T15:53:57+00:00\" \/>\n<meta property=\"og:image\" content=\"https:\/\/www.missoeshumanitarias.org\/wp-content\/uploads\/2021\/08\/capa-webinar.jpg\" \/>\n\t<meta property=\"og:image:width\" content=\"1000\" \/>\n\t<meta property=\"og:image:height\" content=\"700\" \/>\n\t<meta property=\"og:image:type\" content=\"image\/jpeg\" \/>\n<meta name=\"author\" content=\"maducato_admin\" \/>\n<meta name=\"twitter:card\" content=\"summary_large_image\" \/>\n<meta name=\"twitter:label1\" content=\"Written by\" \/>\n\t<meta name=\"twitter:data1\" content=\"maducato_admin\" \/>\n\t<meta name=\"twitter:label2\" content=\"Est. reading time\" \/>\n\t<meta name=\"twitter:data2\" content=\"3 minutes\" \/>\n<script type=\"application\/ld+json\" class=\"yoast-schema-graph\">{\"@context\":\"https:\/\/schema.org\",\"@graph\":[{\"@type\":\"Article\",\"@id\":\"https:\/\/www.missoeshumanitarias.org\/en\/webinar-on-education-in-emergency-situations-and-humanitarian-responses\/#article\",\"isPartOf\":{\"@id\":\"https:\/\/www.missoeshumanitarias.org\/en\/webinar-on-education-in-emergency-situations-and-humanitarian-responses\/\"},\"author\":{\"name\":\"maducato_admin\",\"@id\":\"https:\/\/www.missoeshumanitarias.org\/es\/#\/schema\/person\/e0f8527323154d1eba9f9d9eb6b401f7\"},\"headline\":\"Webinar on Education in Emergency Situations and Humanitarian Responses\",\"datePublished\":\"2020-09-08T14:46:03+00:00\",\"dateModified\":\"2021-08-26T15:53:57+00:00\",\"mainEntityOfPage\":{\"@id\":\"https:\/\/www.missoeshumanitarias.org\/en\/webinar-on-education-in-emergency-situations-and-humanitarian-responses\/\"},\"wordCount\":375,\"commentCount\":0,\"publisher\":{\"@id\":\"https:\/\/www.missoeshumanitarias.org\/es\/#organization\"},\"image\":{\"@id\":\"https:\/\/www.missoeshumanitarias.org\/en\/webinar-on-education-in-emergency-situations-and-humanitarian-responses\/#primaryimage\"},\"thumbnailUrl\":\"https:\/\/www.missoeshumanitarias.org\/wp-content\/uploads\/2021\/08\/capa-webinar.jpg\",\"articleSection\":[\"News\",\"News about the Missions\"],\"inLanguage\":\"en-US\",\"potentialAction\":[{\"@type\":\"CommentAction\",\"name\":\"Comment\",\"target\":[\"https:\/\/www.missoeshumanitarias.org\/en\/webinar-on-education-in-emergency-situations-and-humanitarian-responses\/#respond\"]}]},{\"@type\":\"WebPage\",\"@id\":\"https:\/\/www.missoeshumanitarias.org\/en\/webinar-on-education-in-emergency-situations-and-humanitarian-responses\/\",\"url\":\"https:\/\/www.missoeshumanitarias.org\/en\/webinar-on-education-in-emergency-situations-and-humanitarian-responses\/\",\"name\":\"Webinar on Education in Emergency Situations and Humanitarian Responses - Fraternidade Miss\u00f5es Humanit\u00e1rias Internacionais\",\"isPartOf\":{\"@id\":\"https:\/\/www.missoeshumanitarias.org\/es\/#website\"},\"primaryImageOfPage\":{\"@id\":\"https:\/\/www.missoeshumanitarias.org\/en\/webinar-on-education-in-emergency-situations-and-humanitarian-responses\/#primaryimage\"},\"image\":{\"@id\":\"https:\/\/www.missoeshumanitarias.org\/en\/webinar-on-education-in-emergency-situations-and-humanitarian-responses\/#primaryimage\"},\"thumbnailUrl\":\"https:\/\/www.missoeshumanitarias.org\/wp-content\/uploads\/2021\/08\/capa-webinar.jpg\",\"datePublished\":\"2020-09-08T14:46:03+00:00\",\"dateModified\":\"2021-08-26T15:53:57+00:00\",\"breadcrumb\":{\"@id\":\"https:\/\/www.missoeshumanitarias.org\/en\/webinar-on-education-in-emergency-situations-and-humanitarian-responses\/#breadcrumb\"},\"inLanguage\":\"en-US\",\"potentialAction\":[{\"@type\":\"ReadAction\",\"target\":[\"https:\/\/www.missoeshumanitarias.org\/en\/webinar-on-education-in-emergency-situations-and-humanitarian-responses\/\"]}]},{\"@type\":\"ImageObject\",\"inLanguage\":\"en-US\",\"@id\":\"https:\/\/www.missoeshumanitarias.org\/en\/webinar-on-education-in-emergency-situations-and-humanitarian-responses\/#primaryimage\",\"url\":\"https:\/\/www.missoeshumanitarias.org\/wp-content\/uploads\/2021\/08\/capa-webinar.jpg\",\"contentUrl\":\"https:\/\/www.missoeshumanitarias.org\/wp-content\/uploads\/2021\/08\/capa-webinar.jpg\",\"width\":1000,\"height\":700},{\"@type\":\"BreadcrumbList\",\"@id\":\"https:\/\/www.missoeshumanitarias.org\/en\/webinar-on-education-in-emergency-situations-and-humanitarian-responses\/#breadcrumb\",\"itemListElement\":[{\"@type\":\"ListItem\",\"position\":1,\"name\":\"Home\",\"item\":\"https:\/\/www.missoeshumanitarias.org\/en\/\"},{\"@type\":\"ListItem\",\"position\":2,\"name\":\"Webinar on Education in Emergency Situations and Humanitarian Responses\"}]},{\"@type\":\"WebSite\",\"@id\":\"https:\/\/www.missoeshumanitarias.org\/es\/#website\",\"url\":\"https:\/\/www.missoeshumanitarias.org\/es\/\",\"name\":\"Fraternidade Miss\u00f5es Humanit\u00e1rias Internacionais\",\"description\":\"Respostas Humanit\u00e1rias e Emerg\u00eancias\",\"publisher\":{\"@id\":\"https:\/\/www.missoeshumanitarias.org\/es\/#organization\"},\"potentialAction\":[{\"@type\":\"SearchAction\",\"target\":{\"@type\":\"EntryPoint\",\"urlTemplate\":\"https:\/\/www.missoeshumanitarias.org\/es\/?s={search_term_string}\"},\"query-input\":\"required name=search_term_string\"}],\"inLanguage\":\"en-US\"},{\"@type\":\"Organization\",\"@id\":\"https:\/\/www.missoeshumanitarias.org\/es\/#organization\",\"name\":\"Fraternidade - Miss\u00f5es Humanit\u00e1rias Internacionais\",\"url\":\"https:\/\/www.missoeshumanitarias.org\/es\/\",\"logo\":{\"@type\":\"ImageObject\",\"inLanguage\":\"en-US\",\"@id\":\"https:\/\/www.missoeshumanitarias.org\/es\/#\/schema\/logo\/image\/\",\"url\":\"https:\/\/www.missoeshumanitarias.org\/wp-content\/uploads\/2020\/05\/logo-FMHI-mg.png\",\"contentUrl\":\"https:\/\/www.missoeshumanitarias.org\/wp-content\/uploads\/2020\/05\/logo-FMHI-mg.png\",\"width\":520,\"height\":134,\"caption\":\"Fraternidade - Miss\u00f5es Humanit\u00e1rias Internacionais\"},\"image\":{\"@id\":\"https:\/\/www.missoeshumanitarias.org\/es\/#\/schema\/logo\/image\/\"}},{\"@type\":\"Person\",\"@id\":\"https:\/\/www.missoeshumanitarias.org\/es\/#\/schema\/person\/e0f8527323154d1eba9f9d9eb6b401f7\",\"name\":\"maducato_admin\",\"image\":{\"@type\":\"ImageObject\",\"inLanguage\":\"en-US\",\"@id\":\"https:\/\/www.missoeshumanitarias.org\/es\/#\/schema\/person\/image\/\",\"url\":\"https:\/\/secure.gravatar.com\/avatar\/6c3b45186a8f5a459d8e14c7fca370bceae92402bc06171d75e4e559b6c24393?s=96&d=mm&r=g\",\"contentUrl\":\"https:\/\/secure.gravatar.com\/avatar\/6c3b45186a8f5a459d8e14c7fca370bceae92402bc06171d75e4e559b6c24393?s=96&d=mm&r=g\",\"caption\":\"maducato_admin\"}}]}<\/script>\n<!-- \/ Yoast SEO Premium plugin. -->","yoast_head_json":{"title":"Webinar on Education in Emergency Situations and Humanitarian Responses - Fraternidade Miss\u00f5es Humanit\u00e1rias Internacionais","robots":{"index":"index","follow":"follow","max-snippet":"max-snippet:-1","max-image-preview":"max-image-preview:large","max-video-preview":"max-video-preview:-1"},"canonical":"https:\/\/www.missoeshumanitarias.org\/en\/webinar-on-education-in-emergency-situations-and-humanitarian-responses\/","og_locale":"en_US","og_type":"article","og_title":"Webinar on Education in Emergency Situations and Humanitarian Responses","og_description":"The University of Santo Tom\u00e1s of Colombia, in partnership with the\u00a0Fraternity \u2013 International Humanitarian Missions (FIHM), Emergency Education, Mahle Institute, and the Waldorf Educational and Social Corporation, are organizing the Education Cycle Webinar in Emergency Situations and Humanitarian Responses. The first meeting will be on Friday, September 4, at 4 pm. The subject of this [&hellip;]","og_url":"https:\/\/www.missoeshumanitarias.org\/en\/webinar-on-education-in-emergency-situations-and-humanitarian-responses\/","og_site_name":"Fraternidade Miss\u00f5es Humanit\u00e1rias Internacionais","article_published_time":"2020-09-08T14:46:03+00:00","article_modified_time":"2021-08-26T15:53:57+00:00","og_image":[{"width":1000,"height":700,"url":"https:\/\/www.missoeshumanitarias.org\/wp-content\/uploads\/2021\/08\/capa-webinar.jpg","type":"image\/jpeg"}],"author":"maducato_admin","twitter_card":"summary_large_image","twitter_misc":{"Written by":"maducato_admin","Est. reading time":"3 minutes"},"schema":{"@context":"https:\/\/schema.org","@graph":[{"@type":"Article","@id":"https:\/\/www.missoeshumanitarias.org\/en\/webinar-on-education-in-emergency-situations-and-humanitarian-responses\/#article","isPartOf":{"@id":"https:\/\/www.missoeshumanitarias.org\/en\/webinar-on-education-in-emergency-situations-and-humanitarian-responses\/"},"author":{"name":"maducato_admin","@id":"https:\/\/www.missoeshumanitarias.org\/es\/#\/schema\/person\/e0f8527323154d1eba9f9d9eb6b401f7"},"headline":"Webinar on Education in Emergency Situations and Humanitarian Responses","datePublished":"2020-09-08T14:46:03+00:00","dateModified":"2021-08-26T15:53:57+00:00","mainEntityOfPage":{"@id":"https:\/\/www.missoeshumanitarias.org\/en\/webinar-on-education-in-emergency-situations-and-humanitarian-responses\/"},"wordCount":375,"commentCount":0,"publisher":{"@id":"https:\/\/www.missoeshumanitarias.org\/es\/#organization"},"image":{"@id":"https:\/\/www.missoeshumanitarias.org\/en\/webinar-on-education-in-emergency-situations-and-humanitarian-responses\/#primaryimage"},"thumbnailUrl":"https:\/\/www.missoeshumanitarias.org\/wp-content\/uploads\/2021\/08\/capa-webinar.jpg","articleSection":["News","News about the Missions"],"inLanguage":"en-US","potentialAction":[{"@type":"CommentAction","name":"Comment","target":["https:\/\/www.missoeshumanitarias.org\/en\/webinar-on-education-in-emergency-situations-and-humanitarian-responses\/#respond"]}]},{"@type":"WebPage","@id":"https:\/\/www.missoeshumanitarias.org\/en\/webinar-on-education-in-emergency-situations-and-humanitarian-responses\/","url":"https:\/\/www.missoeshumanitarias.org\/en\/webinar-on-education-in-emergency-situations-and-humanitarian-responses\/","name":"Webinar on Education in Emergency Situations and Humanitarian Responses - Fraternidade Miss\u00f5es Humanit\u00e1rias Internacionais","isPartOf":{"@id":"https:\/\/www.missoeshumanitarias.org\/es\/#website"},"primaryImageOfPage":{"@id":"https:\/\/www.missoeshumanitarias.org\/en\/webinar-on-education-in-emergency-situations-and-humanitarian-responses\/#primaryimage"},"image":{"@id":"https:\/\/www.missoeshumanitarias.org\/en\/webinar-on-education-in-emergency-situations-and-humanitarian-responses\/#primaryimage"},"thumbnailUrl":"https:\/\/www.missoeshumanitarias.org\/wp-content\/uploads\/2021\/08\/capa-webinar.jpg","datePublished":"2020-09-08T14:46:03+00:00","dateModified":"2021-08-26T15:53:57+00:00","breadcrumb":{"@id":"https:\/\/www.missoeshumanitarias.org\/en\/webinar-on-education-in-emergency-situations-and-humanitarian-responses\/#breadcrumb"},"inLanguage":"en-US","potentialAction":[{"@type":"ReadAction","target":["https:\/\/www.missoeshumanitarias.org\/en\/webinar-on-education-in-emergency-situations-and-humanitarian-responses\/"]}]},{"@type":"ImageObject","inLanguage":"en-US","@id":"https:\/\/www.missoeshumanitarias.org\/en\/webinar-on-education-in-emergency-situations-and-humanitarian-responses\/#primaryimage","url":"https:\/\/www.missoeshumanitarias.org\/wp-content\/uploads\/2021\/08\/capa-webinar.jpg","contentUrl":"https:\/\/www.missoeshumanitarias.org\/wp-content\/uploads\/2021\/08\/capa-webinar.jpg","width":1000,"height":700},{"@type":"BreadcrumbList","@id":"https:\/\/www.missoeshumanitarias.org\/en\/webinar-on-education-in-emergency-situations-and-humanitarian-responses\/#breadcrumb","itemListElement":[{"@type":"ListItem","position":1,"name":"Home","item":"https:\/\/www.missoeshumanitarias.org\/en\/"},{"@type":"ListItem","position":2,"name":"Webinar on Education in Emergency Situations and Humanitarian Responses"}]},{"@type":"WebSite","@id":"https:\/\/www.missoeshumanitarias.org\/es\/#website","url":"https:\/\/www.missoeshumanitarias.org\/es\/","name":"Fraternidade Miss\u00f5es Humanit\u00e1rias Internacionais","description":"Respostas Humanit\u00e1rias e Emerg\u00eancias","publisher":{"@id":"https:\/\/www.missoeshumanitarias.org\/es\/#organization"},"potentialAction":[{"@type":"SearchAction","target":{"@type":"EntryPoint","urlTemplate":"https:\/\/www.missoeshumanitarias.org\/es\/?s={search_term_string}"},"query-input":"required name=search_term_string"}],"inLanguage":"en-US"},{"@type":"Organization","@id":"https:\/\/www.missoeshumanitarias.org\/es\/#organization","name":"Fraternidade - Miss\u00f5es Humanit\u00e1rias Internacionais","url":"https:\/\/www.missoeshumanitarias.org\/es\/","logo":{"@type":"ImageObject","inLanguage":"en-US","@id":"https:\/\/www.missoeshumanitarias.org\/es\/#\/schema\/logo\/image\/","url":"https:\/\/www.missoeshumanitarias.org\/wp-content\/uploads\/2020\/05\/logo-FMHI-mg.png","contentUrl":"https:\/\/www.missoeshumanitarias.org\/wp-content\/uploads\/2020\/05\/logo-FMHI-mg.png","width":520,"height":134,"caption":"Fraternidade - Miss\u00f5es Humanit\u00e1rias Internacionais"},"image":{"@id":"https:\/\/www.missoeshumanitarias.org\/es\/#\/schema\/logo\/image\/"}},{"@type":"Person","@id":"https:\/\/www.missoeshumanitarias.org\/es\/#\/schema\/person\/e0f8527323154d1eba9f9d9eb6b401f7","name":"maducato_admin","image":{"@type":"ImageObject","inLanguage":"en-US","@id":"https:\/\/www.missoeshumanitarias.org\/es\/#\/schema\/person\/image\/","url":"https:\/\/secure.gravatar.com\/avatar\/6c3b45186a8f5a459d8e14c7fca370bceae92402bc06171d75e4e559b6c24393?s=96&d=mm&r=g","contentUrl":"https:\/\/secure.gravatar.com\/avatar\/6c3b45186a8f5a459d8e14c7fca370bceae92402bc06171d75e4e559b6c24393?s=96&d=mm&r=g","caption":"maducato_admin"}}]}},"_links":{"self":[{"href":"https:\/\/www.missoeshumanitarias.org\/en\/wp-json\/wp\/v2\/posts\/131376","targetHints":{"allow":["GET"]}}],"collection":[{"href":"https:\/\/www.missoeshumanitarias.org\/en\/wp-json\/wp\/v2\/posts"}],"about":[{"href":"https:\/\/www.missoeshumanitarias.org\/en\/wp-json\/wp\/v2\/types\/post"}],"author":[{"embeddable":true,"href":"https:\/\/www.missoeshumanitarias.org\/en\/wp-json\/wp\/v2\/users\/1"}],"replies":[{"embeddable":true,"href":"https:\/\/www.missoeshumanitarias.org\/en\/wp-json\/wp\/v2\/comments?post=131376"}],"version-history":[{"count":0,"href":"https:\/\/www.missoeshumanitarias.org\/en\/wp-json\/wp\/v2\/posts\/131376\/revisions"}],"wp:featuredmedia":[{"embeddable":true,"href":"https:\/\/www.missoeshumanitarias.org\/en\/wp-json\/wp\/v2\/media\/130017"}],"wp:attachment":[{"href":"https:\/\/www.missoeshumanitarias.org\/en\/wp-json\/wp\/v2\/media?parent=131376"}],"wp:term":[{"taxonomy":"category","embeddable":true,"href":"https:\/\/www.missoeshumanitarias.org\/en\/wp-json\/wp\/v2\/categories?post=131376"},{"taxonomy":"post_tag","embeddable":true,"href":"https:\/\/www.missoeshumanitarias.org\/en\/wp-json\/wp\/v2\/tags?post=131376"}],"curies":[{"name":"wp","href":"https:\/\/api.w.org\/{rel}","templated":true}]}}