{"id":131395,"date":"2020-10-08T16:32:30","date_gmt":"2020-10-08T19:32:30","guid":{"rendered":"https:\/\/www.missoeshumanitarias.org\/expo-sa-living-with-art\/"},"modified":"2023-02-17T07:13:55","modified_gmt":"2023-02-17T10:13:55","slug":"expo-sa-living-with-art","status":"publish","type":"post","link":"https:\/\/www.missoeshumanitarias.org\/en\/expo-sa-living-with-art\/","title":{"rendered":"Expo-S\u00e1: Living with Art"},"content":{"rendered":"\n<p>Singing, drawing, painting and poetry filled all the corners of the Tancredo Neves Shelter, in Boa Vista, in the morning of October 3rd; Expo-S\u00e1 was the name chosen for this event that combined exhibition and soir\u00e9e, giving rise to a cultural melting pot, full of joy and beauty!<\/p>\n\n\n\n<p>It was the result of one month of work conducted by the missionary volunteer of the&nbsp;<a href=\"https:\/\/www.fraterinternacional.org\/en\/\">Fraternity &#8211; International Humanitarian Federation (FIHF)<\/a>, Rose D\u00e1lia de Oliveira. Lyrical singer and doctoral student in Musical Performance at Unicamp, Rose, upon receiving the invitation from the Fraternity &#8211; Humanitarian (FIHF) to participate in the&nbsp;<a href=\"https:\/\/www.fraterinternacional.org\/en\/roraima-mission\/\">Roraima Mission<\/a>, soon thought about the possibility of developing vocal work through a choir workshop.<\/p>\n\n\n\n<p>Arriving at the shelter, she realized the artistic potential of the refugees&nbsp;unfolded in&nbsp;many other forms of expression beyond music. She discovered poets, singers, writers, painters, songwriters, illustrators &#8211; and decided to&nbsp;bring those potentials together&nbsp;in a&nbsp;broader work.<\/p>\n\n\n\n<figure class=\"wp-block-gallery has-nested-images columns-2 is-cropped wp-block-gallery-1 is-layout-flex wp-block-gallery-is-layout-flex\">\n<figure class=\"wp-block-image size-large\"><a href=\"https:\/\/www.missoeshumanitarias.org\/wp-content\/uploads\/2021\/08\/expo-sa1.jpg\"><img fetchpriority=\"high\" decoding=\"async\" width=\"750\" height=\"1000\" data-id=\"130273\" src=\"https:\/\/www.missoeshumanitarias.org\/wp-content\/uploads\/2021\/08\/expo-sa1.jpg\" alt=\"Expo-S\u00e1: vivendo com arte\" class=\"wp-image-130273\" srcset=\"https:\/\/www.missoeshumanitarias.org\/wp-content\/uploads\/2021\/08\/expo-sa1.jpg 750w, https:\/\/www.missoeshumanitarias.org\/wp-content\/uploads\/2021\/08\/expo-sa1-225x300.jpg 225w\" sizes=\"(max-width: 750px) 100vw, 750px\" \/><\/a><\/figure>\n\n\n\n<figure class=\"wp-block-image size-large\"><a href=\"https:\/\/www.missoeshumanitarias.org\/wp-content\/uploads\/2021\/08\/expo-sa5-e1602261590973.jpg\"><img decoding=\"async\" width=\"750\" height=\"1000\" data-id=\"130276\" src=\"https:\/\/www.missoeshumanitarias.org\/wp-content\/uploads\/2021\/08\/expo-sa5-e1602261590973.jpg\" alt=\"Expo-S\u00e1: vivendo com arte\" class=\"wp-image-130276\" srcset=\"https:\/\/www.missoeshumanitarias.org\/wp-content\/uploads\/2021\/08\/expo-sa5-e1602261590973.jpg 750w, https:\/\/www.missoeshumanitarias.org\/wp-content\/uploads\/2021\/08\/expo-sa5-e1602261590973-225x300.jpg 225w\" sizes=\"(max-width: 750px) 100vw, 750px\" \/><\/a><\/figure>\n<\/figure>\n\n\n\n<p>\u201cI realized that I could develop teamwork with the choir, but that their other talents could also be accentuated, so they would be able to express themselves in a more free and personal way,\u201d says Rose D\u00e1lia<\/p>\n\n\n\n<p>A mission\u00e1ria escreveu um projeto apresentando suas ideias e o encaminhou ao Alto Comissariado das Na\u00e7\u00f5es Unidas para os Refugiados (ACNUR). Projeto aprovado! \u00c9 hora de entrar em a\u00e7\u00e3o.<\/p>\n\n\n<div class=\"wp-block-image\">\n<figure class=\"aligncenter\"><a href=\"https:\/\/www.missoeshumanitarias.org\/wp-content\/uploads\/2021\/08\/rose-dalia.jpg\"><img decoding=\"async\" src=\"https:\/\/www.missoeshumanitarias.org\/wp-content\/uploads\/2021\/08\/rose-dalia.jpg\" alt=\"Rose D\u00e1lia\" class=\"wp-image-118368\"\/><\/a><figcaption class=\"wp-element-caption\">Rosedalia volunteer missionary of the Fraternity &#8211; International Humanitarian Federation (FIHF)<\/figcaption><\/figure>\n<\/div>\n\n\n<h3 class=\"wp-block-heading\" id=\"h-the-challenges\"><b>The Challenges<\/b><\/h3>\n\n\n\n<p>In order to make the Expo-S\u00e1 possible, many paths were explored and a few challenges were overcome. When she first contacted the refugees, said Rose D\u00e1lia, she \u201cnoticed it would be a huge challenge to develop teamwork, due to the traumas and other experiences lived by each one of the refugees.\u201d<\/p>\n\n\n\n<p>The volunteer missionary persisted in her intent, receiving tips from more experienced collaborators, on how to bring together the refugees, on how to bring out harmony in diversity. Although, according to Rose D\u00e1lia, \u201csomething greater guided everything.\u201d At a certain moment, she even suspected that she might have contracted Covid-19, having to be absent from her work for a week, until the results came out, reporting negative. \u201cKnowing that I would be there for only 30 days&nbsp;made me&nbsp;surrender the situation, even if only one person, or nobody at all, showed up for the exhibition\/soir\u00e9e.\u201d<\/p>\n\n\n\n<figure class=\"wp-block-gallery has-nested-images columns-3 is-cropped wp-block-gallery-2 is-layout-flex wp-block-gallery-is-layout-flex\">\n<figure class=\"wp-block-image size-large\"><a href=\"https:\/\/www.missoeshumanitarias.org\/wp-content\/uploads\/2021\/08\/expo-sa3.jpg\"><img decoding=\"async\" width=\"1000\" height=\"750\" data-id=\"130279\" src=\"https:\/\/www.missoeshumanitarias.org\/wp-content\/uploads\/2021\/08\/expo-sa3.jpg\" alt=\"Expo-S\u00e1: vivendo com arte\" class=\"wp-image-130279\" srcset=\"https:\/\/www.missoeshumanitarias.org\/wp-content\/uploads\/2021\/08\/expo-sa3.jpg 1000w, https:\/\/www.missoeshumanitarias.org\/wp-content\/uploads\/2021\/08\/expo-sa3-300x225.jpg 300w, https:\/\/www.missoeshumanitarias.org\/wp-content\/uploads\/2021\/08\/expo-sa3-768x576.jpg 768w\" sizes=\"(max-width: 1000px) 100vw, 1000px\" \/><\/a><\/figure>\n\n\n\n<figure class=\"wp-block-image size-large\"><a href=\"https:\/\/www.missoeshumanitarias.org\/wp-content\/uploads\/2021\/08\/expo-sa6.jpg\"><img loading=\"lazy\" decoding=\"async\" width=\"1000\" height=\"750\" data-id=\"130282\" src=\"https:\/\/www.missoeshumanitarias.org\/wp-content\/uploads\/2021\/08\/expo-sa6.jpg\" alt=\"Expo-S\u00e1: vivendo com arte\" class=\"wp-image-130282\" srcset=\"https:\/\/www.missoeshumanitarias.org\/wp-content\/uploads\/2021\/08\/expo-sa6.jpg 1000w, https:\/\/www.missoeshumanitarias.org\/wp-content\/uploads\/2021\/08\/expo-sa6-300x225.jpg 300w, https:\/\/www.missoeshumanitarias.org\/wp-content\/uploads\/2021\/08\/expo-sa6-768x576.jpg 768w\" sizes=\"(max-width: 1000px) 100vw, 1000px\" \/><\/a><\/figure>\n\n\n\n<figure class=\"wp-block-image size-large\"><a href=\"https:\/\/www.missoeshumanitarias.org\/wp-content\/uploads\/2021\/08\/expo-sa8.jpg\"><img loading=\"lazy\" decoding=\"async\" width=\"1000\" height=\"750\" data-id=\"130285\" src=\"https:\/\/www.missoeshumanitarias.org\/wp-content\/uploads\/2021\/08\/expo-sa8.jpg\" alt=\"Expo-S\u00e1: vivendo com arte\" class=\"wp-image-130285\" srcset=\"https:\/\/www.missoeshumanitarias.org\/wp-content\/uploads\/2021\/08\/expo-sa8.jpg 1000w, https:\/\/www.missoeshumanitarias.org\/wp-content\/uploads\/2021\/08\/expo-sa8-300x225.jpg 300w, https:\/\/www.missoeshumanitarias.org\/wp-content\/uploads\/2021\/08\/expo-sa8-768x576.jpg 768w\" sizes=\"(max-width: 1000px) 100vw, 1000px\" \/><\/a><\/figure>\n<\/figure>\n\n\n\n<h3 class=\"wp-block-heading\" id=\"h-e-preciso-saber-viver\"><b>\u201c\u00c9 preciso saber viver\u201d<\/b><\/h3>\n\n\n\n<p>\u201cWhen I left quarantine, I noticed that the participants were, in fact, uniting, coming up with different ideas, including ideas for the uniforms, the T-shirt logo and the invitation. To see that they were all participating and supporting each other, even in cases of solo presentations, moved me so much. It was a moment of immense joy and overcoming, when they were able to open up to each other, to the values carried by each one of them,\u201d the missionary reports.<\/p>\n\n\n\n<p>Rose D\u00e1lia recalls that \u201cthe men in the choir were quite out-of-tune when compared to the women, and they asked me the reason for that; when I answered that the women were very diligent, for I saw them getting together to study, the men admitted that they had not been practicing, and then they organized themselves. And as a result, in just one day, the day of the pre-presentation, they were able to memorize the song.\u201d<\/p>\n\n\n\n<p>The song chosen for the performance was \u201c\u00c9 preciso saber viver\u201d (You got to know how to live), by Roberto Carlos, sung by a diverse and plural choir, composed by 14 people: women, LGBTQI+ people, men, eldely people, disabled people (including one with hearing impairment). The portrait of multiplicity, perfect to describe the entire experience lived by the missionary and other participants of the event.<\/p>\n\n\n\n<p>\u201cIt was a victory for all of us, in the name of a common collaborative union, a concept that translates the word fraternity.\u201d concludes Rose D\u00e1lia.<\/p>\n\n\n<div class=\"wp-block-image\">\n<figure class=\"aligncenter\"><a href=\"https:\/\/www.missoeshumanitarias.org\/wp-content\/uploads\/2021\/08\/capa-exposa.01.jpg\"><img decoding=\"async\" src=\"https:\/\/www.missoeshumanitarias.org\/wp-content\/uploads\/2021\/08\/capa-exposa.01.jpg\" alt=\"\" class=\"wp-image-118315\"\/><\/a><\/figure>\n<\/div>","protected":false},"excerpt":{"rendered":"<p>Singing, drawing, painting and poetry filled all the corners of the Tancredo Neves Shelter, in Boa Vista, in the morning of October 3rd; Expo-S\u00e1 was the name chosen for this event that combined exhibition and soir\u00e9e, giving rise to a cultural melting pot, full of joy and beauty! It was the result of one month [&hellip;]<\/p>\n","protected":false},"author":1,"featured_media":130294,"comment_status":"open","ping_status":"open","sticky":false,"template":"","format":"standard","meta":{"footnotes":""},"categories":[9,132],"tags":[],"class_list":["post-131395","post","type-post","status-publish","format-standard","has-post-thumbnail","hentry","category-news","category-news-about-the-missions"],"featured_image_src":"https:\/\/www.missoeshumanitarias.org\/wp-content\/uploads\/2021\/08\/expo-sa4.jpg","author_info":{"display_name":"maducato_admin","author_link":"https:\/\/www.missoeshumanitarias.org\/en\/author\/maducato_admin\/"},"yoast_head":"<!-- This site is optimized with the Yoast SEO Premium plugin v22.5 (Yoast SEO v22.5) - https:\/\/yoast.com\/wordpress\/plugins\/seo\/ -->\n<title>Expo-S\u00e1: Living with Art - Fraternidade Miss\u00f5es Humanit\u00e1rias Internacionais<\/title>\n<meta name=\"robots\" content=\"index, follow, max-snippet:-1, max-image-preview:large, max-video-preview:-1\" \/>\n<link rel=\"canonical\" href=\"https:\/\/www.missoeshumanitarias.org\/en\/expo-sa-living-with-art\/\" \/>\n<meta property=\"og:locale\" content=\"en_US\" \/>\n<meta property=\"og:type\" content=\"article\" \/>\n<meta property=\"og:title\" content=\"Expo-S\u00e1: Living with Art\" \/>\n<meta property=\"og:description\" content=\"Singing, drawing, painting and poetry filled all the corners of the Tancredo Neves Shelter, in Boa Vista, in the morning of October 3rd; Expo-S\u00e1 was the name chosen for this event that combined exhibition and soir\u00e9e, giving rise to a cultural melting pot, full of joy and beauty! It was the result of one month [&hellip;]\" \/>\n<meta property=\"og:url\" content=\"https:\/\/www.missoeshumanitarias.org\/en\/expo-sa-living-with-art\/\" \/>\n<meta property=\"og:site_name\" content=\"Fraternidade Miss\u00f5es Humanit\u00e1rias Internacionais\" \/>\n<meta property=\"article:published_time\" content=\"2020-10-08T19:32:30+00:00\" \/>\n<meta property=\"article:modified_time\" content=\"2023-02-17T10:13:55+00:00\" \/>\n<meta property=\"og:image\" content=\"https:\/\/www.missoeshumanitarias.org\/wp-content\/uploads\/2021\/08\/expo-sa4.jpg\" \/>\n\t<meta property=\"og:image:width\" content=\"1000\" \/>\n\t<meta property=\"og:image:height\" content=\"750\" \/>\n\t<meta property=\"og:image:type\" content=\"image\/jpeg\" \/>\n<meta name=\"author\" content=\"maducato_admin\" \/>\n<meta name=\"twitter:card\" content=\"summary_large_image\" \/>\n<meta name=\"twitter:label1\" content=\"Written by\" \/>\n\t<meta name=\"twitter:data1\" content=\"maducato_admin\" \/>\n\t<meta name=\"twitter:label2\" content=\"Est. reading time\" \/>\n\t<meta name=\"twitter:data2\" content=\"5 minutes\" \/>\n<script type=\"application\/ld+json\" class=\"yoast-schema-graph\">{\"@context\":\"https:\/\/schema.org\",\"@graph\":[{\"@type\":\"Article\",\"@id\":\"https:\/\/www.missoeshumanitarias.org\/en\/expo-sa-living-with-art\/#article\",\"isPartOf\":{\"@id\":\"https:\/\/www.missoeshumanitarias.org\/en\/expo-sa-living-with-art\/\"},\"author\":{\"name\":\"maducato_admin\",\"@id\":\"https:\/\/www.missoeshumanitarias.org\/es\/#\/schema\/person\/e0f8527323154d1eba9f9d9eb6b401f7\"},\"headline\":\"Expo-S\u00e1: Living with Art\",\"datePublished\":\"2020-10-08T19:32:30+00:00\",\"dateModified\":\"2023-02-17T10:13:55+00:00\",\"mainEntityOfPage\":{\"@id\":\"https:\/\/www.missoeshumanitarias.org\/en\/expo-sa-living-with-art\/\"},\"wordCount\":653,\"commentCount\":0,\"publisher\":{\"@id\":\"https:\/\/www.missoeshumanitarias.org\/es\/#organization\"},\"image\":{\"@id\":\"https:\/\/www.missoeshumanitarias.org\/en\/expo-sa-living-with-art\/#primaryimage\"},\"thumbnailUrl\":\"https:\/\/www.missoeshumanitarias.org\/wp-content\/uploads\/2021\/08\/expo-sa4.jpg\",\"articleSection\":[\"News\",\"News about the Missions\"],\"inLanguage\":\"en-US\",\"potentialAction\":[{\"@type\":\"CommentAction\",\"name\":\"Comment\",\"target\":[\"https:\/\/www.missoeshumanitarias.org\/en\/expo-sa-living-with-art\/#respond\"]}]},{\"@type\":\"WebPage\",\"@id\":\"https:\/\/www.missoeshumanitarias.org\/en\/expo-sa-living-with-art\/\",\"url\":\"https:\/\/www.missoeshumanitarias.org\/en\/expo-sa-living-with-art\/\",\"name\":\"Expo-S\u00e1: Living with Art - Fraternidade Miss\u00f5es Humanit\u00e1rias Internacionais\",\"isPartOf\":{\"@id\":\"https:\/\/www.missoeshumanitarias.org\/es\/#website\"},\"primaryImageOfPage\":{\"@id\":\"https:\/\/www.missoeshumanitarias.org\/en\/expo-sa-living-with-art\/#primaryimage\"},\"image\":{\"@id\":\"https:\/\/www.missoeshumanitarias.org\/en\/expo-sa-living-with-art\/#primaryimage\"},\"thumbnailUrl\":\"https:\/\/www.missoeshumanitarias.org\/wp-content\/uploads\/2021\/08\/expo-sa4.jpg\",\"datePublished\":\"2020-10-08T19:32:30+00:00\",\"dateModified\":\"2023-02-17T10:13:55+00:00\",\"breadcrumb\":{\"@id\":\"https:\/\/www.missoeshumanitarias.org\/en\/expo-sa-living-with-art\/#breadcrumb\"},\"inLanguage\":\"en-US\",\"potentialAction\":[{\"@type\":\"ReadAction\",\"target\":[\"https:\/\/www.missoeshumanitarias.org\/en\/expo-sa-living-with-art\/\"]}]},{\"@type\":\"ImageObject\",\"inLanguage\":\"en-US\",\"@id\":\"https:\/\/www.missoeshumanitarias.org\/en\/expo-sa-living-with-art\/#primaryimage\",\"url\":\"https:\/\/www.missoeshumanitarias.org\/wp-content\/uploads\/2021\/08\/expo-sa4.jpg\",\"contentUrl\":\"https:\/\/www.missoeshumanitarias.org\/wp-content\/uploads\/2021\/08\/expo-sa4.jpg\",\"width\":1000,\"height\":750},{\"@type\":\"BreadcrumbList\",\"@id\":\"https:\/\/www.missoeshumanitarias.org\/en\/expo-sa-living-with-art\/#breadcrumb\",\"itemListElement\":[{\"@type\":\"ListItem\",\"position\":1,\"name\":\"Home\",\"item\":\"https:\/\/www.missoeshumanitarias.org\/en\/\"},{\"@type\":\"ListItem\",\"position\":2,\"name\":\"Expo-S\u00e1: Living with Art\"}]},{\"@type\":\"WebSite\",\"@id\":\"https:\/\/www.missoeshumanitarias.org\/es\/#website\",\"url\":\"https:\/\/www.missoeshumanitarias.org\/es\/\",\"name\":\"Fraternidade Miss\u00f5es Humanit\u00e1rias Internacionais\",\"description\":\"Respostas Humanit\u00e1rias e Emerg\u00eancias\",\"publisher\":{\"@id\":\"https:\/\/www.missoeshumanitarias.org\/es\/#organization\"},\"potentialAction\":[{\"@type\":\"SearchAction\",\"target\":{\"@type\":\"EntryPoint\",\"urlTemplate\":\"https:\/\/www.missoeshumanitarias.org\/es\/?s={search_term_string}\"},\"query-input\":\"required name=search_term_string\"}],\"inLanguage\":\"en-US\"},{\"@type\":\"Organization\",\"@id\":\"https:\/\/www.missoeshumanitarias.org\/es\/#organization\",\"name\":\"Fraternidade - Miss\u00f5es Humanit\u00e1rias Internacionais\",\"url\":\"https:\/\/www.missoeshumanitarias.org\/es\/\",\"logo\":{\"@type\":\"ImageObject\",\"inLanguage\":\"en-US\",\"@id\":\"https:\/\/www.missoeshumanitarias.org\/es\/#\/schema\/logo\/image\/\",\"url\":\"https:\/\/www.missoeshumanitarias.org\/wp-content\/uploads\/2020\/05\/logo-FMHI-mg.png\",\"contentUrl\":\"https:\/\/www.missoeshumanitarias.org\/wp-content\/uploads\/2020\/05\/logo-FMHI-mg.png\",\"width\":520,\"height\":134,\"caption\":\"Fraternidade - Miss\u00f5es Humanit\u00e1rias Internacionais\"},\"image\":{\"@id\":\"https:\/\/www.missoeshumanitarias.org\/es\/#\/schema\/logo\/image\/\"}},{\"@type\":\"Person\",\"@id\":\"https:\/\/www.missoeshumanitarias.org\/es\/#\/schema\/person\/e0f8527323154d1eba9f9d9eb6b401f7\",\"name\":\"maducato_admin\",\"image\":{\"@type\":\"ImageObject\",\"inLanguage\":\"en-US\",\"@id\":\"https:\/\/www.missoeshumanitarias.org\/es\/#\/schema\/person\/image\/\",\"url\":\"https:\/\/secure.gravatar.com\/avatar\/6c3b45186a8f5a459d8e14c7fca370bceae92402bc06171d75e4e559b6c24393?s=96&d=mm&r=g\",\"contentUrl\":\"https:\/\/secure.gravatar.com\/avatar\/6c3b45186a8f5a459d8e14c7fca370bceae92402bc06171d75e4e559b6c24393?s=96&d=mm&r=g\",\"caption\":\"maducato_admin\"}}]}<\/script>\n<!-- \/ Yoast SEO Premium plugin. -->","yoast_head_json":{"title":"Expo-S\u00e1: Living with Art - Fraternidade Miss\u00f5es Humanit\u00e1rias Internacionais","robots":{"index":"index","follow":"follow","max-snippet":"max-snippet:-1","max-image-preview":"max-image-preview:large","max-video-preview":"max-video-preview:-1"},"canonical":"https:\/\/www.missoeshumanitarias.org\/en\/expo-sa-living-with-art\/","og_locale":"en_US","og_type":"article","og_title":"Expo-S\u00e1: Living with Art","og_description":"Singing, drawing, painting and poetry filled all the corners of the Tancredo Neves Shelter, in Boa Vista, in the morning of October 3rd; Expo-S\u00e1 was the name chosen for this event that combined exhibition and soir\u00e9e, giving rise to a cultural melting pot, full of joy and beauty! It was the result of one month [&hellip;]","og_url":"https:\/\/www.missoeshumanitarias.org\/en\/expo-sa-living-with-art\/","og_site_name":"Fraternidade Miss\u00f5es Humanit\u00e1rias Internacionais","article_published_time":"2020-10-08T19:32:30+00:00","article_modified_time":"2023-02-17T10:13:55+00:00","og_image":[{"width":1000,"height":750,"url":"https:\/\/www.missoeshumanitarias.org\/wp-content\/uploads\/2021\/08\/expo-sa4.jpg","type":"image\/jpeg"}],"author":"maducato_admin","twitter_card":"summary_large_image","twitter_misc":{"Written by":"maducato_admin","Est. reading time":"5 minutes"},"schema":{"@context":"https:\/\/schema.org","@graph":[{"@type":"Article","@id":"https:\/\/www.missoeshumanitarias.org\/en\/expo-sa-living-with-art\/#article","isPartOf":{"@id":"https:\/\/www.missoeshumanitarias.org\/en\/expo-sa-living-with-art\/"},"author":{"name":"maducato_admin","@id":"https:\/\/www.missoeshumanitarias.org\/es\/#\/schema\/person\/e0f8527323154d1eba9f9d9eb6b401f7"},"headline":"Expo-S\u00e1: Living with Art","datePublished":"2020-10-08T19:32:30+00:00","dateModified":"2023-02-17T10:13:55+00:00","mainEntityOfPage":{"@id":"https:\/\/www.missoeshumanitarias.org\/en\/expo-sa-living-with-art\/"},"wordCount":653,"commentCount":0,"publisher":{"@id":"https:\/\/www.missoeshumanitarias.org\/es\/#organization"},"image":{"@id":"https:\/\/www.missoeshumanitarias.org\/en\/expo-sa-living-with-art\/#primaryimage"},"thumbnailUrl":"https:\/\/www.missoeshumanitarias.org\/wp-content\/uploads\/2021\/08\/expo-sa4.jpg","articleSection":["News","News about the Missions"],"inLanguage":"en-US","potentialAction":[{"@type":"CommentAction","name":"Comment","target":["https:\/\/www.missoeshumanitarias.org\/en\/expo-sa-living-with-art\/#respond"]}]},{"@type":"WebPage","@id":"https:\/\/www.missoeshumanitarias.org\/en\/expo-sa-living-with-art\/","url":"https:\/\/www.missoeshumanitarias.org\/en\/expo-sa-living-with-art\/","name":"Expo-S\u00e1: Living with Art - Fraternidade Miss\u00f5es Humanit\u00e1rias Internacionais","isPartOf":{"@id":"https:\/\/www.missoeshumanitarias.org\/es\/#website"},"primaryImageOfPage":{"@id":"https:\/\/www.missoeshumanitarias.org\/en\/expo-sa-living-with-art\/#primaryimage"},"image":{"@id":"https:\/\/www.missoeshumanitarias.org\/en\/expo-sa-living-with-art\/#primaryimage"},"thumbnailUrl":"https:\/\/www.missoeshumanitarias.org\/wp-content\/uploads\/2021\/08\/expo-sa4.jpg","datePublished":"2020-10-08T19:32:30+00:00","dateModified":"2023-02-17T10:13:55+00:00","breadcrumb":{"@id":"https:\/\/www.missoeshumanitarias.org\/en\/expo-sa-living-with-art\/#breadcrumb"},"inLanguage":"en-US","potentialAction":[{"@type":"ReadAction","target":["https:\/\/www.missoeshumanitarias.org\/en\/expo-sa-living-with-art\/"]}]},{"@type":"ImageObject","inLanguage":"en-US","@id":"https:\/\/www.missoeshumanitarias.org\/en\/expo-sa-living-with-art\/#primaryimage","url":"https:\/\/www.missoeshumanitarias.org\/wp-content\/uploads\/2021\/08\/expo-sa4.jpg","contentUrl":"https:\/\/www.missoeshumanitarias.org\/wp-content\/uploads\/2021\/08\/expo-sa4.jpg","width":1000,"height":750},{"@type":"BreadcrumbList","@id":"https:\/\/www.missoeshumanitarias.org\/en\/expo-sa-living-with-art\/#breadcrumb","itemListElement":[{"@type":"ListItem","position":1,"name":"Home","item":"https:\/\/www.missoeshumanitarias.org\/en\/"},{"@type":"ListItem","position":2,"name":"Expo-S\u00e1: Living with Art"}]},{"@type":"WebSite","@id":"https:\/\/www.missoeshumanitarias.org\/es\/#website","url":"https:\/\/www.missoeshumanitarias.org\/es\/","name":"Fraternidade Miss\u00f5es Humanit\u00e1rias Internacionais","description":"Respostas Humanit\u00e1rias e Emerg\u00eancias","publisher":{"@id":"https:\/\/www.missoeshumanitarias.org\/es\/#organization"},"potentialAction":[{"@type":"SearchAction","target":{"@type":"EntryPoint","urlTemplate":"https:\/\/www.missoeshumanitarias.org\/es\/?s={search_term_string}"},"query-input":"required name=search_term_string"}],"inLanguage":"en-US"},{"@type":"Organization","@id":"https:\/\/www.missoeshumanitarias.org\/es\/#organization","name":"Fraternidade - Miss\u00f5es Humanit\u00e1rias Internacionais","url":"https:\/\/www.missoeshumanitarias.org\/es\/","logo":{"@type":"ImageObject","inLanguage":"en-US","@id":"https:\/\/www.missoeshumanitarias.org\/es\/#\/schema\/logo\/image\/","url":"https:\/\/www.missoeshumanitarias.org\/wp-content\/uploads\/2020\/05\/logo-FMHI-mg.png","contentUrl":"https:\/\/www.missoeshumanitarias.org\/wp-content\/uploads\/2020\/05\/logo-FMHI-mg.png","width":520,"height":134,"caption":"Fraternidade - Miss\u00f5es Humanit\u00e1rias Internacionais"},"image":{"@id":"https:\/\/www.missoeshumanitarias.org\/es\/#\/schema\/logo\/image\/"}},{"@type":"Person","@id":"https:\/\/www.missoeshumanitarias.org\/es\/#\/schema\/person\/e0f8527323154d1eba9f9d9eb6b401f7","name":"maducato_admin","image":{"@type":"ImageObject","inLanguage":"en-US","@id":"https:\/\/www.missoeshumanitarias.org\/es\/#\/schema\/person\/image\/","url":"https:\/\/secure.gravatar.com\/avatar\/6c3b45186a8f5a459d8e14c7fca370bceae92402bc06171d75e4e559b6c24393?s=96&d=mm&r=g","contentUrl":"https:\/\/secure.gravatar.com\/avatar\/6c3b45186a8f5a459d8e14c7fca370bceae92402bc06171d75e4e559b6c24393?s=96&d=mm&r=g","caption":"maducato_admin"}}]}},"_links":{"self":[{"href":"https:\/\/www.missoeshumanitarias.org\/en\/wp-json\/wp\/v2\/posts\/131395","targetHints":{"allow":["GET"]}}],"collection":[{"href":"https:\/\/www.missoeshumanitarias.org\/en\/wp-json\/wp\/v2\/posts"}],"about":[{"href":"https:\/\/www.missoeshumanitarias.org\/en\/wp-json\/wp\/v2\/types\/post"}],"author":[{"embeddable":true,"href":"https:\/\/www.missoeshumanitarias.org\/en\/wp-json\/wp\/v2\/users\/1"}],"replies":[{"embeddable":true,"href":"https:\/\/www.missoeshumanitarias.org\/en\/wp-json\/wp\/v2\/comments?post=131395"}],"version-history":[{"count":0,"href":"https:\/\/www.missoeshumanitarias.org\/en\/wp-json\/wp\/v2\/posts\/131395\/revisions"}],"wp:featuredmedia":[{"embeddable":true,"href":"https:\/\/www.missoeshumanitarias.org\/en\/wp-json\/wp\/v2\/media\/130294"}],"wp:attachment":[{"href":"https:\/\/www.missoeshumanitarias.org\/en\/wp-json\/wp\/v2\/media?parent=131395"}],"wp:term":[{"taxonomy":"category","embeddable":true,"href":"https:\/\/www.missoeshumanitarias.org\/en\/wp-json\/wp\/v2\/categories?post=131395"},{"taxonomy":"post_tag","embeddable":true,"href":"https:\/\/www.missoeshumanitarias.org\/en\/wp-json\/wp\/v2\/tags?post=131395"}],"curies":[{"name":"wp","href":"https:\/\/api.w.org\/{rel}","templated":true}]}}