{"id":132725,"date":"2021-09-21T11:42:20","date_gmt":"2021-09-21T14:42:20","guid":{"rendered":"https:\/\/www.missoeshumanitarias.org\/international-day-of-peace\/"},"modified":"2021-09-23T11:43:52","modified_gmt":"2021-09-23T14:43:52","slug":"international-day-of-peace","status":"publish","type":"post","link":"https:\/\/www.missoeshumanitarias.org\/en\/international-day-of-peace\/","title":{"rendered":"International Day of Peace"},"content":{"rendered":"\n<p class=\"has-text-align-center\"><b><span lang=\"EN-US\">Promoting a culture of peace, the foundations of the Humanitarian Fraternity (FIHF) are respect and unconditional love for all beings.<\/span><\/b><\/p>\n\n<p>Celebrated today, September 21, the International Day of Peace is the date established by the United Nations (UN) in 1981, with the goal of enabling actions that promote the end of conflicts between peoples.<\/p>\n\n<div class=\"wp-block-image\"><figure class=\"aligncenter size-large\"><img fetchpriority=\"high\" decoding=\"async\" width=\"1024\" height=\"683\" src=\"https:\/\/www.missoeshumanitarias.org\/wp-content\/uploads\/2021\/09\/Dia-Internacional-Paz-FMHI-01-1024x683.jpg\" alt=\"\" class=\"wp-image-132618\" srcset=\"https:\/\/www.missoeshumanitarias.org\/wp-content\/uploads\/2021\/09\/Dia-Internacional-Paz-FMHI-01-1024x683.jpg 1024w, https:\/\/www.missoeshumanitarias.org\/wp-content\/uploads\/2021\/09\/Dia-Internacional-Paz-FMHI-01-300x200.jpg 300w, https:\/\/www.missoeshumanitarias.org\/wp-content\/uploads\/2021\/09\/Dia-Internacional-Paz-FMHI-01-768x512.jpg 768w, https:\/\/www.missoeshumanitarias.org\/wp-content\/uploads\/2021\/09\/Dia-Internacional-Paz-FMHI-01.jpg 1200w\" sizes=\"(max-width: 1024px) 100vw, 1024px\" \/><\/figure><\/div>\n\n<p>In 2021, the theme of the date is \u201cRecovering better for an equitable and sustainable world,\u201d a process that the\u00a0<u><a href=\"https:\/\/www.fraterinternacional.org\/en\/\" target=\"_blank\" rel=\"noopener\">Humanitarian Fraternity (FIHF)<\/a><\/u>\u00a0works with daily with their actions in the management of five shelters for Venezuelan refugees in the State of Roraima, with the support of the UNHCR.<\/p>\n\n<p><span lang=\"EN-US\">Victims of a process of exclusion prior to the socioeconomic crisis that Venezuela has been going through over the last few years, the indigenous people from that country must face innumerable obstacles to build a peaceful life of dignity, be it in Brazil or in other countries where they are seeking shelter. At this time, there are more than two thousand indigenous people being taken care of in the shelters under the management of the\u00a0<\/span><u><a href=\"https:\/\/www.fraterinternacional.org\/en\/\" target=\"_blank\" rel=\"noopener\">Humanitarian Fraternity (FIHF)<\/a><\/u><\/p>\n\n<p>The\u00a0<u><a href=\"https:\/\/www.missoeshumanitarias.org\/en\/?s=solu%C3%A7%C3%B5es+duradouras\" target=\"_blank\" rel=\"noopener\">Lasting Solutions Sector<\/a><\/u>\u00a0of the\u00a0<u><a href=\"https:\/\/www.fraterinternacional.org\/en\/\" target=\"_blank\" rel=\"noopener\">Humanitarian Fraternity (FIHF)<\/a><\/u>, together with the UNHCR, in Operation Welcome, provides a set of humanitarian interventions to achieve these goals.<\/p>\n\n<div class=\"wp-block-image\"><figure class=\"aligncenter size-large\"><img decoding=\"async\" width=\"1024\" height=\"518\" src=\"https:\/\/www.missoeshumanitarias.org\/wp-content\/uploads\/2021\/09\/Dia-Internacional-Paz-FMHI-03-e1632252636952-1024x518.jpg\" alt=\"\" class=\"wp-image-132609\" srcset=\"https:\/\/www.missoeshumanitarias.org\/wp-content\/uploads\/2021\/09\/Dia-Internacional-Paz-FMHI-03-e1632252636952-1024x518.jpg 1024w, https:\/\/www.missoeshumanitarias.org\/wp-content\/uploads\/2021\/09\/Dia-Internacional-Paz-FMHI-03-e1632252636952-300x152.jpg 300w, https:\/\/www.missoeshumanitarias.org\/wp-content\/uploads\/2021\/09\/Dia-Internacional-Paz-FMHI-03-e1632252636952-768x389.jpg 768w, https:\/\/www.missoeshumanitarias.org\/wp-content\/uploads\/2021\/09\/Dia-Internacional-Paz-FMHI-03-e1632252636952.jpg 1197w\" sizes=\"(max-width: 1024px) 100vw, 1024px\" \/><\/figure><\/div>\n\n<p>There are vocational courses, learning Portuguese and information technology, entrepreneurship workshops, and even a leadership training school (in partnership with the Insikiran Institute), the objective of which is to train leaders and representatives for the Warao and E\u2019\u00f1epa ethnic groups, among others, capable of understanding their rights and duties in this challenging scenario of rebuilding their lives in Brazil.<\/p>\n\n<p>According to Friar Thomas, \u201cit is another branch of service; the\u00a0<u><a href=\"https:\/\/www.fraterinternacional.org\/en\/\" target=\"_blank\" rel=\"noopener\">Humanitarian Fraternity (FIHF)<\/a><\/u>\u00a0seeks to build an environment of protection and assistance that, through a multi-functional team, assists and monitors the different levels of vulnerability of the shelter population and works to \u00a0connect these needs and individuals with the available public assistance and social services network. It also tries to strengthen the community foundations by creating local committees and support for maintaining the traditional culture.\u201d<\/p>\n\n<p>The monk states that the institution takes the principles of the\u00a0<u><a href=\"https:\/\/www.fraterinternacional.org\/en\/\" target=\"_blank\" rel=\"noopener\">Humanitarian Fraternity (FIHF)<\/a>\u00a0<\/u>into situations on the planet where there is suffering. \u201cUnconditional service to all beings, a culture of peace, respect and love are the major foundations of each action,\u201d he says.<\/p>\n\n<p><span lang=\"EN-US\">Such service has made it possible to carry out more than 20 missions in places of conflict and situations where the peoples are extremely vulnerable, such as in the Middle East and Africa, besides the more than five years of work in the\u00a0<\/span><a href=\"https:\/\/www.missoeshumanitarias.org\/en\/?s=Miss%C3%A3o+Roraima+Humanit%C3%A1ria\" target=\"_blank\" rel=\"noopener\">Roraima Humanitarian Mission<\/a><span lang=\"EN-US\"><u><\/u>.<\/span><\/p>\n\n<div class=\"wp-block-image\"><figure class=\"aligncenter size-large\"><img decoding=\"async\" width=\"1024\" height=\"683\" src=\"https:\/\/www.missoeshumanitarias.org\/wp-content\/uploads\/2021\/09\/Dia-Internacional-Paz-FMHI-04-1024x683.jpg\" alt=\"\" class=\"wp-image-132612\" srcset=\"https:\/\/www.missoeshumanitarias.org\/wp-content\/uploads\/2021\/09\/Dia-Internacional-Paz-FMHI-04-1024x683.jpg 1024w, https:\/\/www.missoeshumanitarias.org\/wp-content\/uploads\/2021\/09\/Dia-Internacional-Paz-FMHI-04-300x200.jpg 300w, https:\/\/www.missoeshumanitarias.org\/wp-content\/uploads\/2021\/09\/Dia-Internacional-Paz-FMHI-04-768x512.jpg 768w, https:\/\/www.missoeshumanitarias.org\/wp-content\/uploads\/2021\/09\/Dia-Internacional-Paz-FMHI-04.jpg 1200w\" sizes=\"(max-width: 1024px) 100vw, 1024px\" \/><\/figure><\/div>\n\n<p>\u201cIt was also a function of the respect and adherence to the universal principles of human rights of the Sphere movement in Brazil, of which the\u00a0<u><a href=\"https:\/\/www.fraterinternacional.org\/en\/\" target=\"_blank\" rel=\"noopener\">Humanitarian Fraternity (FIHF)<\/a><\/u>\u00a0became a focal point of the Sphere Movement in Brazil and translated the latest version of the Sphere Handbook into Portuguese, helping to disseminate the global humanitarian response standards that guarantee, at different levels, \u00a0the quality of assistance and the human dignity of the people being assisted in humanitarian crises,\u201d he recalls.<\/p>\n\n<p>Finally, Friar Thomas highlights a saying that defines very well the service carried out by the organization in its search for implementing peace: \u201cOnly Love can heal pain.\u201d<\/p>\n","protected":false},"excerpt":{"rendered":"<p>Promoting a culture of peace, the foundations of the Humanitarian Fraternity (FIHF) are respect and unconditional love for all beings. Celebrated today, September 21, the International Day of Peace is the date established by the United Nations (UN) in 1981, with the goal of enabling actions that promote the end of conflicts between peoples. In [&hellip;]<\/p>\n","protected":false},"author":1,"featured_media":132613,"comment_status":"closed","ping_status":"closed","sticky":false,"template":"","format":"standard","meta":{"footnotes":""},"categories":[9,132],"tags":[],"class_list":["post-132725","post","type-post","status-publish","format-standard","has-post-thumbnail","hentry","category-news","category-news-about-the-missions"],"featured_image_src":"https:\/\/www.missoeshumanitarias.org\/wp-content\/uploads\/2021\/09\/Dia-Internacional-Paz-FMHI-04.jpg","author_info":{"display_name":"maducato_admin","author_link":"https:\/\/www.missoeshumanitarias.org\/en\/author\/maducato_admin\/"},"yoast_head":"<!-- This site is optimized with the Yoast SEO Premium plugin v22.5 (Yoast SEO v22.5) - https:\/\/yoast.com\/wordpress\/plugins\/seo\/ -->\n<title>International Day of Peace - Fraternidade Miss\u00f5es Humanit\u00e1rias Internacionais<\/title>\n<meta name=\"robots\" content=\"index, follow, max-snippet:-1, max-image-preview:large, max-video-preview:-1\" \/>\n<link rel=\"canonical\" href=\"https:\/\/www.missoeshumanitarias.org\/en\/international-day-of-peace\/\" \/>\n<meta property=\"og:locale\" content=\"en_US\" \/>\n<meta property=\"og:type\" content=\"article\" \/>\n<meta property=\"og:title\" content=\"International Day of Peace\" \/>\n<meta property=\"og:description\" content=\"Promoting a culture of peace, the foundations of the Humanitarian Fraternity (FIHF) are respect and unconditional love for all beings. Celebrated today, September 21, the International Day of Peace is the date established by the United Nations (UN) in 1981, with the goal of enabling actions that promote the end of conflicts between peoples. In [&hellip;]\" \/>\n<meta property=\"og:url\" content=\"https:\/\/www.missoeshumanitarias.org\/en\/international-day-of-peace\/\" \/>\n<meta property=\"og:site_name\" content=\"Fraternidade Miss\u00f5es Humanit\u00e1rias Internacionais\" \/>\n<meta property=\"article:published_time\" content=\"2021-09-21T14:42:20+00:00\" \/>\n<meta property=\"article:modified_time\" content=\"2021-09-23T14:43:52+00:00\" \/>\n<meta property=\"og:image\" content=\"https:\/\/www.missoeshumanitarias.org\/wp-content\/uploads\/2021\/09\/Dia-Internacional-Paz-FMHI-04.jpg\" \/>\n\t<meta property=\"og:image:width\" content=\"1200\" \/>\n\t<meta property=\"og:image:height\" content=\"800\" \/>\n\t<meta property=\"og:image:type\" content=\"image\/jpeg\" \/>\n<meta name=\"author\" content=\"maducato_admin\" \/>\n<meta name=\"twitter:card\" content=\"summary_large_image\" \/>\n<meta name=\"twitter:label1\" content=\"Written by\" \/>\n\t<meta name=\"twitter:data1\" content=\"maducato_admin\" \/>\n\t<meta name=\"twitter:label2\" content=\"Est. reading time\" \/>\n\t<meta name=\"twitter:data2\" content=\"3 minutes\" \/>\n<script type=\"application\/ld+json\" class=\"yoast-schema-graph\">{\"@context\":\"https:\/\/schema.org\",\"@graph\":[{\"@type\":\"Article\",\"@id\":\"https:\/\/www.missoeshumanitarias.org\/en\/international-day-of-peace\/#article\",\"isPartOf\":{\"@id\":\"https:\/\/www.missoeshumanitarias.org\/en\/international-day-of-peace\/\"},\"author\":{\"name\":\"maducato_admin\",\"@id\":\"https:\/\/www.missoeshumanitarias.org\/es\/#\/schema\/person\/e0f8527323154d1eba9f9d9eb6b401f7\"},\"headline\":\"International Day of Peace\",\"datePublished\":\"2021-09-21T14:42:20+00:00\",\"dateModified\":\"2021-09-23T14:43:52+00:00\",\"mainEntityOfPage\":{\"@id\":\"https:\/\/www.missoeshumanitarias.org\/en\/international-day-of-peace\/\"},\"wordCount\":542,\"publisher\":{\"@id\":\"https:\/\/www.missoeshumanitarias.org\/es\/#organization\"},\"image\":{\"@id\":\"https:\/\/www.missoeshumanitarias.org\/en\/international-day-of-peace\/#primaryimage\"},\"thumbnailUrl\":\"https:\/\/www.missoeshumanitarias.org\/wp-content\/uploads\/2021\/09\/Dia-Internacional-Paz-FMHI-04.jpg\",\"articleSection\":[\"News\",\"News about the Missions\"],\"inLanguage\":\"en-US\"},{\"@type\":\"WebPage\",\"@id\":\"https:\/\/www.missoeshumanitarias.org\/en\/international-day-of-peace\/\",\"url\":\"https:\/\/www.missoeshumanitarias.org\/en\/international-day-of-peace\/\",\"name\":\"International Day of Peace - Fraternidade Miss\u00f5es Humanit\u00e1rias Internacionais\",\"isPartOf\":{\"@id\":\"https:\/\/www.missoeshumanitarias.org\/es\/#website\"},\"primaryImageOfPage\":{\"@id\":\"https:\/\/www.missoeshumanitarias.org\/en\/international-day-of-peace\/#primaryimage\"},\"image\":{\"@id\":\"https:\/\/www.missoeshumanitarias.org\/en\/international-day-of-peace\/#primaryimage\"},\"thumbnailUrl\":\"https:\/\/www.missoeshumanitarias.org\/wp-content\/uploads\/2021\/09\/Dia-Internacional-Paz-FMHI-04.jpg\",\"datePublished\":\"2021-09-21T14:42:20+00:00\",\"dateModified\":\"2021-09-23T14:43:52+00:00\",\"breadcrumb\":{\"@id\":\"https:\/\/www.missoeshumanitarias.org\/en\/international-day-of-peace\/#breadcrumb\"},\"inLanguage\":\"en-US\",\"potentialAction\":[{\"@type\":\"ReadAction\",\"target\":[\"https:\/\/www.missoeshumanitarias.org\/en\/international-day-of-peace\/\"]}]},{\"@type\":\"ImageObject\",\"inLanguage\":\"en-US\",\"@id\":\"https:\/\/www.missoeshumanitarias.org\/en\/international-day-of-peace\/#primaryimage\",\"url\":\"https:\/\/www.missoeshumanitarias.org\/wp-content\/uploads\/2021\/09\/Dia-Internacional-Paz-FMHI-04.jpg\",\"contentUrl\":\"https:\/\/www.missoeshumanitarias.org\/wp-content\/uploads\/2021\/09\/Dia-Internacional-Paz-FMHI-04.jpg\",\"width\":1200,\"height\":800},{\"@type\":\"BreadcrumbList\",\"@id\":\"https:\/\/www.missoeshumanitarias.org\/en\/international-day-of-peace\/#breadcrumb\",\"itemListElement\":[{\"@type\":\"ListItem\",\"position\":1,\"name\":\"Home\",\"item\":\"https:\/\/www.missoeshumanitarias.org\/en\/\"},{\"@type\":\"ListItem\",\"position\":2,\"name\":\"International Day of Peace\"}]},{\"@type\":\"WebSite\",\"@id\":\"https:\/\/www.missoeshumanitarias.org\/es\/#website\",\"url\":\"https:\/\/www.missoeshumanitarias.org\/es\/\",\"name\":\"Fraternidade Miss\u00f5es Humanit\u00e1rias Internacionais\",\"description\":\"Respostas Humanit\u00e1rias e Emerg\u00eancias\",\"publisher\":{\"@id\":\"https:\/\/www.missoeshumanitarias.org\/es\/#organization\"},\"potentialAction\":[{\"@type\":\"SearchAction\",\"target\":{\"@type\":\"EntryPoint\",\"urlTemplate\":\"https:\/\/www.missoeshumanitarias.org\/es\/?s={search_term_string}\"},\"query-input\":\"required name=search_term_string\"}],\"inLanguage\":\"en-US\"},{\"@type\":\"Organization\",\"@id\":\"https:\/\/www.missoeshumanitarias.org\/es\/#organization\",\"name\":\"Fraternidade - Miss\u00f5es Humanit\u00e1rias Internacionais\",\"url\":\"https:\/\/www.missoeshumanitarias.org\/es\/\",\"logo\":{\"@type\":\"ImageObject\",\"inLanguage\":\"en-US\",\"@id\":\"https:\/\/www.missoeshumanitarias.org\/es\/#\/schema\/logo\/image\/\",\"url\":\"https:\/\/www.missoeshumanitarias.org\/wp-content\/uploads\/2020\/05\/logo-FMHI-mg.png\",\"contentUrl\":\"https:\/\/www.missoeshumanitarias.org\/wp-content\/uploads\/2020\/05\/logo-FMHI-mg.png\",\"width\":520,\"height\":134,\"caption\":\"Fraternidade - Miss\u00f5es Humanit\u00e1rias Internacionais\"},\"image\":{\"@id\":\"https:\/\/www.missoeshumanitarias.org\/es\/#\/schema\/logo\/image\/\"}},{\"@type\":\"Person\",\"@id\":\"https:\/\/www.missoeshumanitarias.org\/es\/#\/schema\/person\/e0f8527323154d1eba9f9d9eb6b401f7\",\"name\":\"maducato_admin\",\"image\":{\"@type\":\"ImageObject\",\"inLanguage\":\"en-US\",\"@id\":\"https:\/\/www.missoeshumanitarias.org\/es\/#\/schema\/person\/image\/\",\"url\":\"https:\/\/secure.gravatar.com\/avatar\/6c3b45186a8f5a459d8e14c7fca370bceae92402bc06171d75e4e559b6c24393?s=96&d=mm&r=g\",\"contentUrl\":\"https:\/\/secure.gravatar.com\/avatar\/6c3b45186a8f5a459d8e14c7fca370bceae92402bc06171d75e4e559b6c24393?s=96&d=mm&r=g\",\"caption\":\"maducato_admin\"}}]}<\/script>\n<!-- \/ Yoast SEO Premium plugin. -->","yoast_head_json":{"title":"International Day of Peace - Fraternidade Miss\u00f5es Humanit\u00e1rias Internacionais","robots":{"index":"index","follow":"follow","max-snippet":"max-snippet:-1","max-image-preview":"max-image-preview:large","max-video-preview":"max-video-preview:-1"},"canonical":"https:\/\/www.missoeshumanitarias.org\/en\/international-day-of-peace\/","og_locale":"en_US","og_type":"article","og_title":"International Day of Peace","og_description":"Promoting a culture of peace, the foundations of the Humanitarian Fraternity (FIHF) are respect and unconditional love for all beings. Celebrated today, September 21, the International Day of Peace is the date established by the United Nations (UN) in 1981, with the goal of enabling actions that promote the end of conflicts between peoples. In [&hellip;]","og_url":"https:\/\/www.missoeshumanitarias.org\/en\/international-day-of-peace\/","og_site_name":"Fraternidade Miss\u00f5es Humanit\u00e1rias Internacionais","article_published_time":"2021-09-21T14:42:20+00:00","article_modified_time":"2021-09-23T14:43:52+00:00","og_image":[{"width":1200,"height":800,"url":"https:\/\/www.missoeshumanitarias.org\/wp-content\/uploads\/2021\/09\/Dia-Internacional-Paz-FMHI-04.jpg","type":"image\/jpeg"}],"author":"maducato_admin","twitter_card":"summary_large_image","twitter_misc":{"Written by":"maducato_admin","Est. reading time":"3 minutes"},"schema":{"@context":"https:\/\/schema.org","@graph":[{"@type":"Article","@id":"https:\/\/www.missoeshumanitarias.org\/en\/international-day-of-peace\/#article","isPartOf":{"@id":"https:\/\/www.missoeshumanitarias.org\/en\/international-day-of-peace\/"},"author":{"name":"maducato_admin","@id":"https:\/\/www.missoeshumanitarias.org\/es\/#\/schema\/person\/e0f8527323154d1eba9f9d9eb6b401f7"},"headline":"International Day of Peace","datePublished":"2021-09-21T14:42:20+00:00","dateModified":"2021-09-23T14:43:52+00:00","mainEntityOfPage":{"@id":"https:\/\/www.missoeshumanitarias.org\/en\/international-day-of-peace\/"},"wordCount":542,"publisher":{"@id":"https:\/\/www.missoeshumanitarias.org\/es\/#organization"},"image":{"@id":"https:\/\/www.missoeshumanitarias.org\/en\/international-day-of-peace\/#primaryimage"},"thumbnailUrl":"https:\/\/www.missoeshumanitarias.org\/wp-content\/uploads\/2021\/09\/Dia-Internacional-Paz-FMHI-04.jpg","articleSection":["News","News about the Missions"],"inLanguage":"en-US"},{"@type":"WebPage","@id":"https:\/\/www.missoeshumanitarias.org\/en\/international-day-of-peace\/","url":"https:\/\/www.missoeshumanitarias.org\/en\/international-day-of-peace\/","name":"International Day of Peace - Fraternidade Miss\u00f5es Humanit\u00e1rias Internacionais","isPartOf":{"@id":"https:\/\/www.missoeshumanitarias.org\/es\/#website"},"primaryImageOfPage":{"@id":"https:\/\/www.missoeshumanitarias.org\/en\/international-day-of-peace\/#primaryimage"},"image":{"@id":"https:\/\/www.missoeshumanitarias.org\/en\/international-day-of-peace\/#primaryimage"},"thumbnailUrl":"https:\/\/www.missoeshumanitarias.org\/wp-content\/uploads\/2021\/09\/Dia-Internacional-Paz-FMHI-04.jpg","datePublished":"2021-09-21T14:42:20+00:00","dateModified":"2021-09-23T14:43:52+00:00","breadcrumb":{"@id":"https:\/\/www.missoeshumanitarias.org\/en\/international-day-of-peace\/#breadcrumb"},"inLanguage":"en-US","potentialAction":[{"@type":"ReadAction","target":["https:\/\/www.missoeshumanitarias.org\/en\/international-day-of-peace\/"]}]},{"@type":"ImageObject","inLanguage":"en-US","@id":"https:\/\/www.missoeshumanitarias.org\/en\/international-day-of-peace\/#primaryimage","url":"https:\/\/www.missoeshumanitarias.org\/wp-content\/uploads\/2021\/09\/Dia-Internacional-Paz-FMHI-04.jpg","contentUrl":"https:\/\/www.missoeshumanitarias.org\/wp-content\/uploads\/2021\/09\/Dia-Internacional-Paz-FMHI-04.jpg","width":1200,"height":800},{"@type":"BreadcrumbList","@id":"https:\/\/www.missoeshumanitarias.org\/en\/international-day-of-peace\/#breadcrumb","itemListElement":[{"@type":"ListItem","position":1,"name":"Home","item":"https:\/\/www.missoeshumanitarias.org\/en\/"},{"@type":"ListItem","position":2,"name":"International Day of Peace"}]},{"@type":"WebSite","@id":"https:\/\/www.missoeshumanitarias.org\/es\/#website","url":"https:\/\/www.missoeshumanitarias.org\/es\/","name":"Fraternidade Miss\u00f5es Humanit\u00e1rias Internacionais","description":"Respostas Humanit\u00e1rias e Emerg\u00eancias","publisher":{"@id":"https:\/\/www.missoeshumanitarias.org\/es\/#organization"},"potentialAction":[{"@type":"SearchAction","target":{"@type":"EntryPoint","urlTemplate":"https:\/\/www.missoeshumanitarias.org\/es\/?s={search_term_string}"},"query-input":"required name=search_term_string"}],"inLanguage":"en-US"},{"@type":"Organization","@id":"https:\/\/www.missoeshumanitarias.org\/es\/#organization","name":"Fraternidade - Miss\u00f5es Humanit\u00e1rias Internacionais","url":"https:\/\/www.missoeshumanitarias.org\/es\/","logo":{"@type":"ImageObject","inLanguage":"en-US","@id":"https:\/\/www.missoeshumanitarias.org\/es\/#\/schema\/logo\/image\/","url":"https:\/\/www.missoeshumanitarias.org\/wp-content\/uploads\/2020\/05\/logo-FMHI-mg.png","contentUrl":"https:\/\/www.missoeshumanitarias.org\/wp-content\/uploads\/2020\/05\/logo-FMHI-mg.png","width":520,"height":134,"caption":"Fraternidade - Miss\u00f5es Humanit\u00e1rias Internacionais"},"image":{"@id":"https:\/\/www.missoeshumanitarias.org\/es\/#\/schema\/logo\/image\/"}},{"@type":"Person","@id":"https:\/\/www.missoeshumanitarias.org\/es\/#\/schema\/person\/e0f8527323154d1eba9f9d9eb6b401f7","name":"maducato_admin","image":{"@type":"ImageObject","inLanguage":"en-US","@id":"https:\/\/www.missoeshumanitarias.org\/es\/#\/schema\/person\/image\/","url":"https:\/\/secure.gravatar.com\/avatar\/6c3b45186a8f5a459d8e14c7fca370bceae92402bc06171d75e4e559b6c24393?s=96&d=mm&r=g","contentUrl":"https:\/\/secure.gravatar.com\/avatar\/6c3b45186a8f5a459d8e14c7fca370bceae92402bc06171d75e4e559b6c24393?s=96&d=mm&r=g","caption":"maducato_admin"}}]}},"_links":{"self":[{"href":"https:\/\/www.missoeshumanitarias.org\/en\/wp-json\/wp\/v2\/posts\/132725","targetHints":{"allow":["GET"]}}],"collection":[{"href":"https:\/\/www.missoeshumanitarias.org\/en\/wp-json\/wp\/v2\/posts"}],"about":[{"href":"https:\/\/www.missoeshumanitarias.org\/en\/wp-json\/wp\/v2\/types\/post"}],"author":[{"embeddable":true,"href":"https:\/\/www.missoeshumanitarias.org\/en\/wp-json\/wp\/v2\/users\/1"}],"replies":[{"embeddable":true,"href":"https:\/\/www.missoeshumanitarias.org\/en\/wp-json\/wp\/v2\/comments?post=132725"}],"version-history":[{"count":0,"href":"https:\/\/www.missoeshumanitarias.org\/en\/wp-json\/wp\/v2\/posts\/132725\/revisions"}],"wp:featuredmedia":[{"embeddable":true,"href":"https:\/\/www.missoeshumanitarias.org\/en\/wp-json\/wp\/v2\/media\/132613"}],"wp:attachment":[{"href":"https:\/\/www.missoeshumanitarias.org\/en\/wp-json\/wp\/v2\/media?parent=132725"}],"wp:term":[{"taxonomy":"category","embeddable":true,"href":"https:\/\/www.missoeshumanitarias.org\/en\/wp-json\/wp\/v2\/categories?post=132725"},{"taxonomy":"post_tag","embeddable":true,"href":"https:\/\/www.missoeshumanitarias.org\/en\/wp-json\/wp\/v2\/tags?post=132725"}],"curies":[{"name":"wp","href":"https:\/\/api.w.org\/{rel}","templated":true}]}}