{"id":141376,"date":"2022-02-08T13:11:46","date_gmt":"2022-02-08T16:11:46","guid":{"rendered":"https:\/\/www.missoeshumanitarias.org\/the-general-manager-of-the-fraternity-international-missions-fihm-will-speak-about-the-humanitarian-response-at-the-international-conference-in-athens-greece\/"},"modified":"2023-03-02T12:55:24","modified_gmt":"2023-03-02T15:55:24","slug":"the-general-manager-of-the-fraternity-international-missions-fihm-will-speak-about-the-humanitarian-response-at-the-international-conference-in-athens-greece","status":"publish","type":"post","link":"https:\/\/www.missoeshumanitarias.org\/en\/the-general-manager-of-the-fraternity-international-missions-fihm-will-speak-about-the-humanitarian-response-at-the-international-conference-in-athens-greece\/","title":{"rendered":"The General Manager of the Fraternity \u2013 Humanitarian Missions (FIHM) will speak about the Humanitarian Response at the International Conference in Athens, Greece"},"content":{"rendered":"\n<p>The general manager of the&nbsp;<a href=\"https:\/\/www.missoeshumanitarias.org\/en\/\">Fraternity \u2013 International Humanitarian Missions (FIHM)<\/a>, Friar Luciano, will give a lecture on the 12<sup>th<\/sup>&nbsp;and 13<sup>th<\/sup>&nbsp;of February about \u201cThe value of our knowing international protocols within the context of humanitarian responses and emergencies\u201d during the Hybrid International Conference on Planning, Challenges of Disaster Management, and Resilience \u2013 2022.<\/p>\n\n\n<div class=\"wp-block-image\">\n<figure class=\"aligncenter\"><img fetchpriority=\"high\" decoding=\"async\" width=\"1280\" height=\"960\" src=\"https:\/\/www.missoeshumanitarias.org\/wp-content\/uploads\/2022\/02\/1_Missao_Bahia_FMHI.jpg\" alt=\"Humanitarian Bahia Mission\" class=\"wp-image-141368\" srcset=\"https:\/\/www.missoeshumanitarias.org\/wp-content\/uploads\/2022\/02\/1_Missao_Bahia_FMHI.jpg 1280w, https:\/\/www.missoeshumanitarias.org\/wp-content\/uploads\/2022\/02\/1_Missao_Bahia_FMHI-300x225.jpg 300w, https:\/\/www.missoeshumanitarias.org\/wp-content\/uploads\/2022\/02\/1_Missao_Bahia_FMHI-1024x768.jpg 1024w, https:\/\/www.missoeshumanitarias.org\/wp-content\/uploads\/2022\/02\/1_Missao_Bahia_FMHI-768x576.jpg 768w\" sizes=\"(max-width: 1280px) 100vw, 1280px\" \/><figcaption class=\"wp-element-caption\">Humanitarian Bahia Mission \/ Brazil 2022<\/figcaption><\/figure>\n<\/div>\n\n\n<p>The Conference will take place from the 11th to the 13th of February and is being organized by the Department of Chemistry \u2013 Hephaestus Advanced Research Laboratory, of the Hellenic International University, in Athens, Greece. It will also be transmitted live on Zoom and Facebook.<\/p>\n\n\n\n<p>The target audience of the event is government officials, members of IDAFK \u2013 Environmental Disasters Management agency, academics, civil society, environmentalists, and others interested in the topic of climate change and the humanitarian response.<\/p>\n\n\n\n<p>Friar Luciano explains that his lecture, within the context of training in disaster situations, both natural and manmade, will be able to contribute to \u201creinforcing the basic principles of a first interdisciplinary and multisectoral assistance for the optimization of resources and the effectiveness of the emergency assistance.\u201d<\/p>\n\n\n\n<figure class=\"wp-block-gallery has-nested-images columns-default is-cropped wp-block-gallery-1 is-layout-flex wp-block-gallery-is-layout-flex\">\n<figure class=\"wp-block-image size-large\"><img decoding=\"async\" width=\"1024\" height=\"768\" data-id=\"133996\" src=\"https:\/\/www.missoeshumanitarias.org\/wp-content\/uploads\/2021\/11\/kawarao01-1024x768.jpg\" alt=\"Kawarao, 'Nossa Fam\u00edlia'\" class=\"wp-image-133996\" srcset=\"https:\/\/www.missoeshumanitarias.org\/wp-content\/uploads\/2021\/11\/kawarao01-1024x768.jpg 1024w, https:\/\/www.missoeshumanitarias.org\/wp-content\/uploads\/2021\/11\/kawarao01-300x225.jpg 300w, https:\/\/www.missoeshumanitarias.org\/wp-content\/uploads\/2021\/11\/kawarao01-768x576.jpg 768w, https:\/\/www.missoeshumanitarias.org\/wp-content\/uploads\/2021\/11\/kawarao01.jpg 1280w\" sizes=\"(max-width: 1024px) 100vw, 1024px\" \/><figcaption class=\"wp-element-caption\">Humanitarian Roraima Mission<br> Boa Vista and Pacaraima, Roraima, Brazil. 2016<\/figcaption><\/figure>\n\n\n\n<figure class=\"wp-block-image size-large\"><img decoding=\"async\" width=\"1024\" height=\"576\" data-id=\"141360\" src=\"https:\/\/www.missoeshumanitarias.org\/wp-content\/uploads\/2022\/02\/3_Missao_Sertao_FMHI.jpg\" alt=\"Hinterland Humanitarian Mission\" class=\"wp-image-141360\" srcset=\"https:\/\/www.missoeshumanitarias.org\/wp-content\/uploads\/2022\/02\/3_Missao_Sertao_FMHI.jpg 1024w, https:\/\/www.missoeshumanitarias.org\/wp-content\/uploads\/2022\/02\/3_Missao_Sertao_FMHI-300x169.jpg 300w, https:\/\/www.missoeshumanitarias.org\/wp-content\/uploads\/2022\/02\/3_Missao_Sertao_FMHI-768x432.jpg 768w\" sizes=\"(max-width: 1024px) 100vw, 1024px\" \/><figcaption class=\"wp-element-caption\">Hinterland Humanitarian Mission<br> Palmeira dos \u00cdndios, Alagoas, Brazil &#8211; 2014<\/figcaption><\/figure>\n<\/figure>\n\n\n\n<p>The public participating in the Hybrid Conference will also be able to participate in the <a href=\"https:\/\/spherestandards.org\/\" target=\"_blank\" rel=\"noreferrer noopener\">Sphere Standards<\/a> Workshop, taking place on February 15<sup>th<\/sup>, which will address the <a href=\"https:\/\/spherestandards.org\/\" target=\"_blank\" rel=\"noreferrer noopener\">Sphere Standards<\/a>, and be conducted by humanitarian workers of the\u00a0<a href=\"https:\/\/www.missoeshumanitarias.org\/en\/\">Fraternity \u2013 International Humanitarian Missions (FIHM)<\/a>.<\/p>\n\n\n\n<p>The general manager also says that the Hybrid Conference will be an opportunity not only for the Fraternity \u2013 Humanitarian Missions (FIHM), but also for whomever is active in humanitarian responses, because \u201cit expands discussions on the repercussions of the effects of climate changes, shortages of food and water, natural disasters, and prevention, among other subjects within the context of emergencies.\u201d<\/p>\n\n\n<div class=\"wp-block-image\">\n<figure class=\"aligncenter size-full\"><img loading=\"lazy\" decoding=\"async\" width=\"1024\" height=\"576\" src=\"https:\/\/www.missoeshumanitarias.org\/wp-content\/uploads\/2022\/02\/4_Missao_Quenia_FMHI.jpg\" alt=\"Kenya Humanitarian Mission\" class=\"wp-image-141364\" srcset=\"https:\/\/www.missoeshumanitarias.org\/wp-content\/uploads\/2022\/02\/4_Missao_Quenia_FMHI.jpg 1024w, https:\/\/www.missoeshumanitarias.org\/wp-content\/uploads\/2022\/02\/4_Missao_Quenia_FMHI-300x169.jpg 300w, https:\/\/www.missoeshumanitarias.org\/wp-content\/uploads\/2022\/02\/4_Missao_Quenia_FMHI-768x432.jpg 768w\" sizes=\"(max-width: 1024px) 100vw, 1024px\" \/><figcaption class=\"wp-element-caption\">Kenya Humanitarian Mission, Nairobi, Kenya &#8211; 2013<\/figcaption><\/figure>\n<\/div>\n\n\n<p>The registration fee is ten or twenty Euros (\u20ac10.00 or \u20ac20.00), and the e-certificate will be provided after the Conference and the completion of the post-evaluation survey.<\/p>\n\n\n\n<p>The participation as speakers, of Frei Luciano and other humanitarian workers of the Fraternity &#8211; International Missions (FMHI), will be physically present at this event and it will be <em>pro bono<\/em>, that is, voluntary and free.<\/p>\n\n\n\n<p><p style=\"font-weight: 400;\">For more information on the Conference: <a href=\"mailto:halihu.icpcdmr@gmail.com\">halihu.icpcdmr@gmail.com<\/a><\/p><\/p>\n","protected":false},"excerpt":{"rendered":"<p>The general manager of the&nbsp;Fraternity \u2013 International Humanitarian Missions (FIHM), Friar Luciano, will give a lecture on the 12th&nbsp;and 13th&nbsp;of February about \u201cThe value of our knowing international protocols within the context of humanitarian responses and emergencies\u201d during the Hybrid International Conference on Planning, Challenges of Disaster Management, and Resilience \u2013 2022. The Conference will [&hellip;]<\/p>\n","protected":false},"author":1,"featured_media":141369,"comment_status":"closed","ping_status":"closed","sticky":false,"template":"","format":"standard","meta":{"footnotes":""},"categories":[9,132],"tags":[],"class_list":["post-141376","post","type-post","status-publish","format-standard","has-post-thumbnail","hentry","category-news","category-news-about-the-missions"],"featured_image_src":"https:\/\/www.missoeshumanitarias.org\/wp-content\/uploads\/2022\/02\/1_Missao_Bahia_FMHI.jpg","author_info":{"display_name":"maducato_admin","author_link":"https:\/\/www.missoeshumanitarias.org\/en\/author\/maducato_admin\/"},"yoast_head":"<!-- This site is optimized with the Yoast SEO Premium plugin v22.5 (Yoast SEO v22.5) - https:\/\/yoast.com\/wordpress\/plugins\/seo\/ -->\n<title>The General Manager of the Fraternity \u2013 Humanitarian Missions (FIHM) will speak about the Humanitarian Response at the International Conference in Athens, Greece - Fraternidade Miss\u00f5es Humanit\u00e1rias Internacionais<\/title>\n<meta name=\"description\" content=\"The Conference will take place from the 11th to the 13th of February and is being organized by the Department of Chemistry \u2013 Hephaestus Advanced Research Laboratory, of the Hellenic International University, in Athens, Greece. It will also be transmitted live on Zoom and Facebook.\" \/>\n<meta name=\"robots\" content=\"index, follow, max-snippet:-1, max-image-preview:large, max-video-preview:-1\" \/>\n<link rel=\"canonical\" href=\"https:\/\/www.missoeshumanitarias.org\/en\/the-general-manager-of-the-fraternity-international-missions-fihm-will-speak-about-the-humanitarian-response-at-the-international-conference-in-athens-greece\/\" \/>\n<meta property=\"og:locale\" content=\"en_US\" \/>\n<meta property=\"og:type\" content=\"article\" \/>\n<meta property=\"og:title\" content=\"The General Manager of the Fraternity \u2013 Humanitarian Missions (FIHM) will speak about the Humanitarian Response at the International Conference in Athens, Greece\" \/>\n<meta property=\"og:description\" content=\"The Conference will take place from the 11th to the 13th of February and is being organized by the Department of Chemistry \u2013 Hephaestus Advanced Research Laboratory, of the Hellenic International University, in Athens, Greece. It will also be transmitted live on Zoom and Facebook.\" \/>\n<meta property=\"og:url\" content=\"https:\/\/www.missoeshumanitarias.org\/en\/the-general-manager-of-the-fraternity-international-missions-fihm-will-speak-about-the-humanitarian-response-at-the-international-conference-in-athens-greece\/\" \/>\n<meta property=\"og:site_name\" content=\"Fraternidade Miss\u00f5es Humanit\u00e1rias Internacionais\" \/>\n<meta property=\"article:published_time\" content=\"2022-02-08T16:11:46+00:00\" \/>\n<meta property=\"article:modified_time\" content=\"2023-03-02T15:55:24+00:00\" \/>\n<meta property=\"og:image\" content=\"https:\/\/www.missoeshumanitarias.org\/wp-content\/uploads\/2022\/02\/1_Missao_Bahia_FMHI.jpg\" \/>\n\t<meta property=\"og:image:width\" content=\"1280\" \/>\n\t<meta property=\"og:image:height\" content=\"960\" \/>\n\t<meta property=\"og:image:type\" content=\"image\/jpeg\" \/>\n<meta name=\"author\" content=\"maducato_admin\" \/>\n<meta name=\"twitter:card\" content=\"summary_large_image\" \/>\n<meta name=\"twitter:label1\" content=\"Written by\" \/>\n\t<meta name=\"twitter:data1\" content=\"maducato_admin\" \/>\n\t<meta name=\"twitter:label2\" content=\"Est. reading time\" \/>\n\t<meta name=\"twitter:data2\" content=\"3 minutes\" \/>\n<script type=\"application\/ld+json\" class=\"yoast-schema-graph\">{\"@context\":\"https:\/\/schema.org\",\"@graph\":[{\"@type\":\"Article\",\"@id\":\"https:\/\/www.missoeshumanitarias.org\/en\/the-general-manager-of-the-fraternity-international-missions-fihm-will-speak-about-the-humanitarian-response-at-the-international-conference-in-athens-greece\/#article\",\"isPartOf\":{\"@id\":\"https:\/\/www.missoeshumanitarias.org\/en\/the-general-manager-of-the-fraternity-international-missions-fihm-will-speak-about-the-humanitarian-response-at-the-international-conference-in-athens-greece\/\"},\"author\":{\"name\":\"maducato_admin\",\"@id\":\"https:\/\/www.missoeshumanitarias.org\/es\/#\/schema\/person\/e0f8527323154d1eba9f9d9eb6b401f7\"},\"headline\":\"The General Manager of the Fraternity \u2013 Humanitarian Missions (FIHM) will speak about the Humanitarian Response at the International Conference in Athens, Greece\",\"datePublished\":\"2022-02-08T16:11:46+00:00\",\"dateModified\":\"2023-03-02T15:55:24+00:00\",\"mainEntityOfPage\":{\"@id\":\"https:\/\/www.missoeshumanitarias.org\/en\/the-general-manager-of-the-fraternity-international-missions-fihm-will-speak-about-the-humanitarian-response-at-the-international-conference-in-athens-greece\/\"},\"wordCount\":402,\"publisher\":{\"@id\":\"https:\/\/www.missoeshumanitarias.org\/es\/#organization\"},\"image\":{\"@id\":\"https:\/\/www.missoeshumanitarias.org\/en\/the-general-manager-of-the-fraternity-international-missions-fihm-will-speak-about-the-humanitarian-response-at-the-international-conference-in-athens-greece\/#primaryimage\"},\"thumbnailUrl\":\"https:\/\/www.missoeshumanitarias.org\/wp-content\/uploads\/2022\/02\/1_Missao_Bahia_FMHI.jpg\",\"articleSection\":[\"News\",\"News about the Missions\"],\"inLanguage\":\"en-US\"},{\"@type\":\"WebPage\",\"@id\":\"https:\/\/www.missoeshumanitarias.org\/en\/the-general-manager-of-the-fraternity-international-missions-fihm-will-speak-about-the-humanitarian-response-at-the-international-conference-in-athens-greece\/\",\"url\":\"https:\/\/www.missoeshumanitarias.org\/en\/the-general-manager-of-the-fraternity-international-missions-fihm-will-speak-about-the-humanitarian-response-at-the-international-conference-in-athens-greece\/\",\"name\":\"The General Manager of the Fraternity \u2013 Humanitarian Missions (FIHM) will speak about the Humanitarian Response at the International Conference in Athens, Greece - Fraternidade Miss\u00f5es Humanit\u00e1rias Internacionais\",\"isPartOf\":{\"@id\":\"https:\/\/www.missoeshumanitarias.org\/es\/#website\"},\"primaryImageOfPage\":{\"@id\":\"https:\/\/www.missoeshumanitarias.org\/en\/the-general-manager-of-the-fraternity-international-missions-fihm-will-speak-about-the-humanitarian-response-at-the-international-conference-in-athens-greece\/#primaryimage\"},\"image\":{\"@id\":\"https:\/\/www.missoeshumanitarias.org\/en\/the-general-manager-of-the-fraternity-international-missions-fihm-will-speak-about-the-humanitarian-response-at-the-international-conference-in-athens-greece\/#primaryimage\"},\"thumbnailUrl\":\"https:\/\/www.missoeshumanitarias.org\/wp-content\/uploads\/2022\/02\/1_Missao_Bahia_FMHI.jpg\",\"datePublished\":\"2022-02-08T16:11:46+00:00\",\"dateModified\":\"2023-03-02T15:55:24+00:00\",\"description\":\"The Conference will take place from the 11th to the 13th of February and is being organized by the Department of Chemistry \u2013 Hephaestus Advanced Research Laboratory, of the Hellenic International University, in Athens, Greece. It will also be transmitted live on Zoom and Facebook.\",\"breadcrumb\":{\"@id\":\"https:\/\/www.missoeshumanitarias.org\/en\/the-general-manager-of-the-fraternity-international-missions-fihm-will-speak-about-the-humanitarian-response-at-the-international-conference-in-athens-greece\/#breadcrumb\"},\"inLanguage\":\"en-US\",\"potentialAction\":[{\"@type\":\"ReadAction\",\"target\":[\"https:\/\/www.missoeshumanitarias.org\/en\/the-general-manager-of-the-fraternity-international-missions-fihm-will-speak-about-the-humanitarian-response-at-the-international-conference-in-athens-greece\/\"]}]},{\"@type\":\"ImageObject\",\"inLanguage\":\"en-US\",\"@id\":\"https:\/\/www.missoeshumanitarias.org\/en\/the-general-manager-of-the-fraternity-international-missions-fihm-will-speak-about-the-humanitarian-response-at-the-international-conference-in-athens-greece\/#primaryimage\",\"url\":\"https:\/\/www.missoeshumanitarias.org\/wp-content\/uploads\/2022\/02\/1_Missao_Bahia_FMHI.jpg\",\"contentUrl\":\"https:\/\/www.missoeshumanitarias.org\/wp-content\/uploads\/2022\/02\/1_Missao_Bahia_FMHI.jpg\",\"width\":1280,\"height\":960,\"caption\":\"Miss\u00e3o Bahia Humanit\u00e1ria, Bahia\/Brasil - 2022\"},{\"@type\":\"BreadcrumbList\",\"@id\":\"https:\/\/www.missoeshumanitarias.org\/en\/the-general-manager-of-the-fraternity-international-missions-fihm-will-speak-about-the-humanitarian-response-at-the-international-conference-in-athens-greece\/#breadcrumb\",\"itemListElement\":[{\"@type\":\"ListItem\",\"position\":1,\"name\":\"Home\",\"item\":\"https:\/\/www.missoeshumanitarias.org\/en\/\"},{\"@type\":\"ListItem\",\"position\":2,\"name\":\"The General Manager of the Fraternity \u2013 Humanitarian Missions (FIHM) will speak about the Humanitarian Response at the International Conference in Athens, Greece\"}]},{\"@type\":\"WebSite\",\"@id\":\"https:\/\/www.missoeshumanitarias.org\/es\/#website\",\"url\":\"https:\/\/www.missoeshumanitarias.org\/es\/\",\"name\":\"Fraternidade Miss\u00f5es Humanit\u00e1rias Internacionais\",\"description\":\"Respostas Humanit\u00e1rias e Emerg\u00eancias\",\"publisher\":{\"@id\":\"https:\/\/www.missoeshumanitarias.org\/es\/#organization\"},\"potentialAction\":[{\"@type\":\"SearchAction\",\"target\":{\"@type\":\"EntryPoint\",\"urlTemplate\":\"https:\/\/www.missoeshumanitarias.org\/es\/?s={search_term_string}\"},\"query-input\":\"required name=search_term_string\"}],\"inLanguage\":\"en-US\"},{\"@type\":\"Organization\",\"@id\":\"https:\/\/www.missoeshumanitarias.org\/es\/#organization\",\"name\":\"Fraternidade - Miss\u00f5es Humanit\u00e1rias Internacionais\",\"url\":\"https:\/\/www.missoeshumanitarias.org\/es\/\",\"logo\":{\"@type\":\"ImageObject\",\"inLanguage\":\"en-US\",\"@id\":\"https:\/\/www.missoeshumanitarias.org\/es\/#\/schema\/logo\/image\/\",\"url\":\"https:\/\/www.missoeshumanitarias.org\/wp-content\/uploads\/2020\/05\/logo-FMHI-mg.png\",\"contentUrl\":\"https:\/\/www.missoeshumanitarias.org\/wp-content\/uploads\/2020\/05\/logo-FMHI-mg.png\",\"width\":520,\"height\":134,\"caption\":\"Fraternidade - Miss\u00f5es Humanit\u00e1rias Internacionais\"},\"image\":{\"@id\":\"https:\/\/www.missoeshumanitarias.org\/es\/#\/schema\/logo\/image\/\"}},{\"@type\":\"Person\",\"@id\":\"https:\/\/www.missoeshumanitarias.org\/es\/#\/schema\/person\/e0f8527323154d1eba9f9d9eb6b401f7\",\"name\":\"maducato_admin\",\"image\":{\"@type\":\"ImageObject\",\"inLanguage\":\"en-US\",\"@id\":\"https:\/\/www.missoeshumanitarias.org\/es\/#\/schema\/person\/image\/\",\"url\":\"https:\/\/secure.gravatar.com\/avatar\/6c3b45186a8f5a459d8e14c7fca370bceae92402bc06171d75e4e559b6c24393?s=96&d=mm&r=g\",\"contentUrl\":\"https:\/\/secure.gravatar.com\/avatar\/6c3b45186a8f5a459d8e14c7fca370bceae92402bc06171d75e4e559b6c24393?s=96&d=mm&r=g\",\"caption\":\"maducato_admin\"}}]}<\/script>\n<!-- \/ Yoast SEO Premium plugin. -->","yoast_head_json":{"title":"The General Manager of the Fraternity \u2013 Humanitarian Missions (FIHM) will speak about the Humanitarian Response at the International Conference in Athens, Greece - Fraternidade Miss\u00f5es Humanit\u00e1rias Internacionais","description":"The Conference will take place from the 11th to the 13th of February and is being organized by the Department of Chemistry \u2013 Hephaestus Advanced Research Laboratory, of the Hellenic International University, in Athens, Greece. It will also be transmitted live on Zoom and Facebook.","robots":{"index":"index","follow":"follow","max-snippet":"max-snippet:-1","max-image-preview":"max-image-preview:large","max-video-preview":"max-video-preview:-1"},"canonical":"https:\/\/www.missoeshumanitarias.org\/en\/the-general-manager-of-the-fraternity-international-missions-fihm-will-speak-about-the-humanitarian-response-at-the-international-conference-in-athens-greece\/","og_locale":"en_US","og_type":"article","og_title":"The General Manager of the Fraternity \u2013 Humanitarian Missions (FIHM) will speak about the Humanitarian Response at the International Conference in Athens, Greece","og_description":"The Conference will take place from the 11th to the 13th of February and is being organized by the Department of Chemistry \u2013 Hephaestus Advanced Research Laboratory, of the Hellenic International University, in Athens, Greece. It will also be transmitted live on Zoom and Facebook.","og_url":"https:\/\/www.missoeshumanitarias.org\/en\/the-general-manager-of-the-fraternity-international-missions-fihm-will-speak-about-the-humanitarian-response-at-the-international-conference-in-athens-greece\/","og_site_name":"Fraternidade Miss\u00f5es Humanit\u00e1rias Internacionais","article_published_time":"2022-02-08T16:11:46+00:00","article_modified_time":"2023-03-02T15:55:24+00:00","og_image":[{"width":1280,"height":960,"url":"https:\/\/www.missoeshumanitarias.org\/wp-content\/uploads\/2022\/02\/1_Missao_Bahia_FMHI.jpg","type":"image\/jpeg"}],"author":"maducato_admin","twitter_card":"summary_large_image","twitter_misc":{"Written by":"maducato_admin","Est. reading time":"3 minutes"},"schema":{"@context":"https:\/\/schema.org","@graph":[{"@type":"Article","@id":"https:\/\/www.missoeshumanitarias.org\/en\/the-general-manager-of-the-fraternity-international-missions-fihm-will-speak-about-the-humanitarian-response-at-the-international-conference-in-athens-greece\/#article","isPartOf":{"@id":"https:\/\/www.missoeshumanitarias.org\/en\/the-general-manager-of-the-fraternity-international-missions-fihm-will-speak-about-the-humanitarian-response-at-the-international-conference-in-athens-greece\/"},"author":{"name":"maducato_admin","@id":"https:\/\/www.missoeshumanitarias.org\/es\/#\/schema\/person\/e0f8527323154d1eba9f9d9eb6b401f7"},"headline":"The General Manager of the Fraternity \u2013 Humanitarian Missions (FIHM) will speak about the Humanitarian Response at the International Conference in Athens, Greece","datePublished":"2022-02-08T16:11:46+00:00","dateModified":"2023-03-02T15:55:24+00:00","mainEntityOfPage":{"@id":"https:\/\/www.missoeshumanitarias.org\/en\/the-general-manager-of-the-fraternity-international-missions-fihm-will-speak-about-the-humanitarian-response-at-the-international-conference-in-athens-greece\/"},"wordCount":402,"publisher":{"@id":"https:\/\/www.missoeshumanitarias.org\/es\/#organization"},"image":{"@id":"https:\/\/www.missoeshumanitarias.org\/en\/the-general-manager-of-the-fraternity-international-missions-fihm-will-speak-about-the-humanitarian-response-at-the-international-conference-in-athens-greece\/#primaryimage"},"thumbnailUrl":"https:\/\/www.missoeshumanitarias.org\/wp-content\/uploads\/2022\/02\/1_Missao_Bahia_FMHI.jpg","articleSection":["News","News about the Missions"],"inLanguage":"en-US"},{"@type":"WebPage","@id":"https:\/\/www.missoeshumanitarias.org\/en\/the-general-manager-of-the-fraternity-international-missions-fihm-will-speak-about-the-humanitarian-response-at-the-international-conference-in-athens-greece\/","url":"https:\/\/www.missoeshumanitarias.org\/en\/the-general-manager-of-the-fraternity-international-missions-fihm-will-speak-about-the-humanitarian-response-at-the-international-conference-in-athens-greece\/","name":"The General Manager of the Fraternity \u2013 Humanitarian Missions (FIHM) will speak about the Humanitarian Response at the International Conference in Athens, Greece - Fraternidade Miss\u00f5es Humanit\u00e1rias Internacionais","isPartOf":{"@id":"https:\/\/www.missoeshumanitarias.org\/es\/#website"},"primaryImageOfPage":{"@id":"https:\/\/www.missoeshumanitarias.org\/en\/the-general-manager-of-the-fraternity-international-missions-fihm-will-speak-about-the-humanitarian-response-at-the-international-conference-in-athens-greece\/#primaryimage"},"image":{"@id":"https:\/\/www.missoeshumanitarias.org\/en\/the-general-manager-of-the-fraternity-international-missions-fihm-will-speak-about-the-humanitarian-response-at-the-international-conference-in-athens-greece\/#primaryimage"},"thumbnailUrl":"https:\/\/www.missoeshumanitarias.org\/wp-content\/uploads\/2022\/02\/1_Missao_Bahia_FMHI.jpg","datePublished":"2022-02-08T16:11:46+00:00","dateModified":"2023-03-02T15:55:24+00:00","description":"The Conference will take place from the 11th to the 13th of February and is being organized by the Department of Chemistry \u2013 Hephaestus Advanced Research Laboratory, of the Hellenic International University, in Athens, Greece. It will also be transmitted live on Zoom and Facebook.","breadcrumb":{"@id":"https:\/\/www.missoeshumanitarias.org\/en\/the-general-manager-of-the-fraternity-international-missions-fihm-will-speak-about-the-humanitarian-response-at-the-international-conference-in-athens-greece\/#breadcrumb"},"inLanguage":"en-US","potentialAction":[{"@type":"ReadAction","target":["https:\/\/www.missoeshumanitarias.org\/en\/the-general-manager-of-the-fraternity-international-missions-fihm-will-speak-about-the-humanitarian-response-at-the-international-conference-in-athens-greece\/"]}]},{"@type":"ImageObject","inLanguage":"en-US","@id":"https:\/\/www.missoeshumanitarias.org\/en\/the-general-manager-of-the-fraternity-international-missions-fihm-will-speak-about-the-humanitarian-response-at-the-international-conference-in-athens-greece\/#primaryimage","url":"https:\/\/www.missoeshumanitarias.org\/wp-content\/uploads\/2022\/02\/1_Missao_Bahia_FMHI.jpg","contentUrl":"https:\/\/www.missoeshumanitarias.org\/wp-content\/uploads\/2022\/02\/1_Missao_Bahia_FMHI.jpg","width":1280,"height":960,"caption":"Miss\u00e3o Bahia Humanit\u00e1ria, Bahia\/Brasil - 2022"},{"@type":"BreadcrumbList","@id":"https:\/\/www.missoeshumanitarias.org\/en\/the-general-manager-of-the-fraternity-international-missions-fihm-will-speak-about-the-humanitarian-response-at-the-international-conference-in-athens-greece\/#breadcrumb","itemListElement":[{"@type":"ListItem","position":1,"name":"Home","item":"https:\/\/www.missoeshumanitarias.org\/en\/"},{"@type":"ListItem","position":2,"name":"The General Manager of the Fraternity \u2013 Humanitarian Missions (FIHM) will speak about the Humanitarian Response at the International Conference in Athens, Greece"}]},{"@type":"WebSite","@id":"https:\/\/www.missoeshumanitarias.org\/es\/#website","url":"https:\/\/www.missoeshumanitarias.org\/es\/","name":"Fraternidade Miss\u00f5es Humanit\u00e1rias Internacionais","description":"Respostas Humanit\u00e1rias e Emerg\u00eancias","publisher":{"@id":"https:\/\/www.missoeshumanitarias.org\/es\/#organization"},"potentialAction":[{"@type":"SearchAction","target":{"@type":"EntryPoint","urlTemplate":"https:\/\/www.missoeshumanitarias.org\/es\/?s={search_term_string}"},"query-input":"required name=search_term_string"}],"inLanguage":"en-US"},{"@type":"Organization","@id":"https:\/\/www.missoeshumanitarias.org\/es\/#organization","name":"Fraternidade - Miss\u00f5es Humanit\u00e1rias Internacionais","url":"https:\/\/www.missoeshumanitarias.org\/es\/","logo":{"@type":"ImageObject","inLanguage":"en-US","@id":"https:\/\/www.missoeshumanitarias.org\/es\/#\/schema\/logo\/image\/","url":"https:\/\/www.missoeshumanitarias.org\/wp-content\/uploads\/2020\/05\/logo-FMHI-mg.png","contentUrl":"https:\/\/www.missoeshumanitarias.org\/wp-content\/uploads\/2020\/05\/logo-FMHI-mg.png","width":520,"height":134,"caption":"Fraternidade - Miss\u00f5es Humanit\u00e1rias Internacionais"},"image":{"@id":"https:\/\/www.missoeshumanitarias.org\/es\/#\/schema\/logo\/image\/"}},{"@type":"Person","@id":"https:\/\/www.missoeshumanitarias.org\/es\/#\/schema\/person\/e0f8527323154d1eba9f9d9eb6b401f7","name":"maducato_admin","image":{"@type":"ImageObject","inLanguage":"en-US","@id":"https:\/\/www.missoeshumanitarias.org\/es\/#\/schema\/person\/image\/","url":"https:\/\/secure.gravatar.com\/avatar\/6c3b45186a8f5a459d8e14c7fca370bceae92402bc06171d75e4e559b6c24393?s=96&d=mm&r=g","contentUrl":"https:\/\/secure.gravatar.com\/avatar\/6c3b45186a8f5a459d8e14c7fca370bceae92402bc06171d75e4e559b6c24393?s=96&d=mm&r=g","caption":"maducato_admin"}}]}},"_links":{"self":[{"href":"https:\/\/www.missoeshumanitarias.org\/en\/wp-json\/wp\/v2\/posts\/141376","targetHints":{"allow":["GET"]}}],"collection":[{"href":"https:\/\/www.missoeshumanitarias.org\/en\/wp-json\/wp\/v2\/posts"}],"about":[{"href":"https:\/\/www.missoeshumanitarias.org\/en\/wp-json\/wp\/v2\/types\/post"}],"author":[{"embeddable":true,"href":"https:\/\/www.missoeshumanitarias.org\/en\/wp-json\/wp\/v2\/users\/1"}],"replies":[{"embeddable":true,"href":"https:\/\/www.missoeshumanitarias.org\/en\/wp-json\/wp\/v2\/comments?post=141376"}],"version-history":[{"count":0,"href":"https:\/\/www.missoeshumanitarias.org\/en\/wp-json\/wp\/v2\/posts\/141376\/revisions"}],"wp:featuredmedia":[{"embeddable":true,"href":"https:\/\/www.missoeshumanitarias.org\/en\/wp-json\/wp\/v2\/media\/141369"}],"wp:attachment":[{"href":"https:\/\/www.missoeshumanitarias.org\/en\/wp-json\/wp\/v2\/media?parent=141376"}],"wp:term":[{"taxonomy":"category","embeddable":true,"href":"https:\/\/www.missoeshumanitarias.org\/en\/wp-json\/wp\/v2\/categories?post=141376"},{"taxonomy":"post_tag","embeddable":true,"href":"https:\/\/www.missoeshumanitarias.org\/en\/wp-json\/wp\/v2\/tags?post=141376"}],"curies":[{"name":"wp","href":"https:\/\/api.w.org\/{rel}","templated":true}]}}