{"id":141813,"date":"2022-02-26T14:13:56","date_gmt":"2022-02-26T17:13:56","guid":{"rendered":"https:\/\/www.missoeshumanitarias.org\/bahia-mission-is-scheduled-to-start-on-february-28th\/"},"modified":"2022-03-13T09:33:16","modified_gmt":"2022-03-13T12:33:16","slug":"bahia-mission-is-scheduled-to-start-on-february-28th","status":"publish","type":"post","link":"https:\/\/www.missoeshumanitarias.org\/en\/bahia-mission-is-scheduled-to-start-on-february-28th\/","title":{"rendered":"Bahia Mission is scheduled to start on February 28th."},"content":{"rendered":"\n<p><span lang=\"EN-US\">A group of 11 humanitarian workers travelled to Bahia on February 23rd to begin the\u00a0<\/span><a href=\"https:\/\/www.missoeshumanitarias.org\/en\/bahia-humanitarian-mission\/\" target=\"_blank\" rel=\"noopener\">Bahia Humanitarian Mission<\/a><span lang=\"EN-US\">. They will meet with members of the local Light-Network in the region, making up a team of 15 workers for the operation. The idea is to provide support for the populations affected by the floods in the State, in this phase of the recovery and rebuilding of lives.<\/span><\/p>\n\n<div class=\"wp-block-image\"><figure class=\"aligncenter size-full\"><img fetchpriority=\"high\" decoding=\"async\" width=\"680\" height=\"409\" src=\"https:\/\/www.missoeshumanitarias.org\/wp-content\/uploads\/2022\/02\/Missao_Bahia_Humanitaria_FMHI_FFHI.jpg\" alt=\"Humanitarian Bahia Mission\" class=\"wp-image-141585\" srcset=\"https:\/\/www.missoeshumanitarias.org\/wp-content\/uploads\/2022\/02\/Missao_Bahia_Humanitaria_FMHI_FFHI.jpg 680w, https:\/\/www.missoeshumanitarias.org\/wp-content\/uploads\/2022\/02\/Missao_Bahia_Humanitaria_FMHI_FFHI-300x180.jpg 300w\" sizes=\"(max-width: 680px) 100vw, 680px\" \/><\/figure><\/div>\n\n<p>During the first few days, the details of partnerships are being finalized locally, as well as organizing the infrastructure for housing. The field intervention is scheduled to start on February 28th.<\/p>\n\n<p><span lang=\"EN-US\">The Managing Committee of the\u00a0<\/span><a href=\"https:\/\/www.missoeshumanitarias.org\/en\/\" target=\"_blank\" rel=\"noopener\">Fraternity \u2013 International Humanitarian Missions(FIHM)<\/a><span lang=\"EN-US\">\u00a0has been monitoring the events related to the flooding since December of 2021.<\/span><\/p>\n\n<p>According to data from the\u00a0<b>Bahia Civil Defense and Protection Superintendency<\/b>\u00a0(Sudec), the\u00a0<b>number of those affected by the rain is now more than 800 thousand people in 174 municipalities.<\/b><\/p>\n\n<p><span lang=\"EN-US\">In this phase of the humanitarian response, the workers from the\u00a0<\/span><a href=\"https:\/\/www.missoeshumanitarias.org\/en\/\" target=\"_blank\" rel=\"noopener\">Fraternity \u2013Humanitarian Missions (FIHM)\u00a0<\/a><span lang=\"EN-US\">will act as post-crisis support, at a time when there are families and people still in a vulnerable position. Due to the results of the flooding, many lost everything, and now need to rebuild their lives, inwardly and outwardly.<\/span><\/p>\n\n<h3 class=\"wp-block-heading\" id=\"h-juntos-somos-mais-fortes\"><b>Together We Are Stronger<\/b><\/h3>\n\n<p>After the diagnostic trip was carried out, in which visits were made to locations affected by the floods and contacts were made with local, governmental and non-governmental institutions in order to establish possible partnerships in the response, this new stage of the Mission is focusing on consolidating partnerships, institutional contacts to coordinate details, defining strategies of action in the municipalities being considered, the organization of logistics, and housing.<\/p>\n\n<figure class=\"wp-block-gallery has-nested-images columns-default is-cropped wp-block-gallery-1 is-layout-flex wp-block-gallery-is-layout-flex\">\n<figure class=\"wp-block-image size-large\"><img decoding=\"async\" width=\"1024\" height=\"768\" data-id=\"141581\" src=\"https:\/\/www.missoeshumanitarias.org\/wp-content\/uploads\/2022\/02\/Missao_Bahia_Humanitaria_FMHI_FFHI_4-1024x768.jpg\" alt=\"Humanitarian Bahia Mission\" class=\"wp-image-141581\" srcset=\"https:\/\/www.missoeshumanitarias.org\/wp-content\/uploads\/2022\/02\/Missao_Bahia_Humanitaria_FMHI_FFHI_4-1024x768.jpg 1024w, https:\/\/www.missoeshumanitarias.org\/wp-content\/uploads\/2022\/02\/Missao_Bahia_Humanitaria_FMHI_FFHI_4-300x225.jpg 300w, https:\/\/www.missoeshumanitarias.org\/wp-content\/uploads\/2022\/02\/Missao_Bahia_Humanitaria_FMHI_FFHI_4-768x576.jpg 768w, https:\/\/www.missoeshumanitarias.org\/wp-content\/uploads\/2022\/02\/Missao_Bahia_Humanitaria_FMHI_FFHI_4.jpg 1200w\" sizes=\"(max-width: 1024px) 100vw, 1024px\" \/><\/figure>\n\n\n\n<figure class=\"wp-block-image size-large\"><img decoding=\"async\" width=\"1024\" height=\"768\" data-id=\"141589\" src=\"https:\/\/www.missoeshumanitarias.org\/wp-content\/uploads\/2022\/02\/Missao_Bahia_Humanitaria_FMHI_FFHI_2-1024x768.jpg\" alt=\"Humanitarian Bahia Mission\" class=\"wp-image-141589\" srcset=\"https:\/\/www.missoeshumanitarias.org\/wp-content\/uploads\/2022\/02\/Missao_Bahia_Humanitaria_FMHI_FFHI_2-1024x768.jpg 1024w, https:\/\/www.missoeshumanitarias.org\/wp-content\/uploads\/2022\/02\/Missao_Bahia_Humanitaria_FMHI_FFHI_2-300x225.jpg 300w, https:\/\/www.missoeshumanitarias.org\/wp-content\/uploads\/2022\/02\/Missao_Bahia_Humanitaria_FMHI_FFHI_2-768x576.jpg 768w, https:\/\/www.missoeshumanitarias.org\/wp-content\/uploads\/2022\/02\/Missao_Bahia_Humanitaria_FMHI_FFHI_2-rotated.jpg 1200w\" sizes=\"(max-width: 1024px) 100vw, 1024px\" \/><\/figure>\n<\/figure>\n\n<p><span lang=\"EN-US\">So that all these logistics can be put into practice, the support of the\u00a0<\/span><a href=\"https:\/\/www.fraterinternacional.org\/en\/?s=Miss%C3%A3o+Bahia+Humanit%C3%A1ria\" target=\"_blank\" rel=\"noopener\">BahiaLight-Network<\/a><span lang=\"EN-US\">\u00a0has been indispensable.<\/span><\/p>\n\n<p>The\u00a0<a href=\"https:\/\/www.fraterinternacional.org\/en\/?s=Miss%C3%A3o+Bahia+Humanit%C3%A1ria\" target=\"_blank\" rel=\"noopener\">Fraternity \u2013 Humanitarian Missions (FIHM)<\/a>\u00a0has already established a partnership with the NGO Mecenas da Vida (Life Supporters), which has provided space in its headquarters for housing the group in Serra Grande, district of Uru\u00e7uca, near Ilh\u00e9us. Besides the logistics support, there will be group operations mainly with affected farmers in the region, in partnership with the Quilombola de Itacar\u00e9 Council, implementing activities that ensure self-sustainability and food safety.<\/p>\n\n<h3 class=\"wp-block-heading\"><b>Solidarity<\/b><\/h3>\n\n<p>The beginning of 2022 has already been marked by natural tragedies and calls us to solidarity and the care of those most in need. So that humanitarian workers can aid afflicted communities that are in a high state of vulnerability, we need your help!<\/p>\n\n<div class=\"wp-block-image\"><figure class=\"aligncenter size-large\"><img loading=\"lazy\" decoding=\"async\" width=\"1024\" height=\"576\" src=\"https:\/\/www.missoeshumanitarias.org\/wp-content\/uploads\/2022\/02\/Missao_Bahia_Humanitaria_FMHI_FFHI_3.jpg-1024x576.png\" alt=\"Humanitarian Bahia Mission\" class=\"wp-image-141577\" srcset=\"https:\/\/www.missoeshumanitarias.org\/wp-content\/uploads\/2022\/02\/Missao_Bahia_Humanitaria_FMHI_FFHI_3.jpg-1024x576.png 1024w, https:\/\/www.missoeshumanitarias.org\/wp-content\/uploads\/2022\/02\/Missao_Bahia_Humanitaria_FMHI_FFHI_3.jpg-300x169.png 300w, https:\/\/www.missoeshumanitarias.org\/wp-content\/uploads\/2022\/02\/Missao_Bahia_Humanitaria_FMHI_FFHI_3.jpg-768x432.png 768w, https:\/\/www.missoeshumanitarias.org\/wp-content\/uploads\/2022\/02\/Missao_Bahia_Humanitaria_FMHI_FFHI_3.jpg.png 1200w\" sizes=\"(max-width: 1024px) 100vw, 1024px\" \/><\/figure><\/div>\n\n<p><b>Together We Are Stronger!<\/b><\/p>\n\n<p><b>Donate frequent flyer miles<\/b><\/p>\n\n<p>apoioviagens@fraterinternacional.org<\/p>\n\n<p><b>Contact<\/b>: +55 (35) 998009952<\/p>\n\n<p>coordenacao.secretaria@fraterinternacional.org<\/p>\n\n<p><b>BANK ITA\u00da S\/A (341)<\/b><\/p>\n\n<p>Ag: 3204 | C\/C: 12929-4<\/p>\n\n<p>SWIFT ITAUBRSP IBAN: BR59 6070 1190 0320 4000 0129 294C 1<\/p>\n\n<p>Legal Name: Fraternidade \u2013 Miss\u00f5es Humanit\u00e1rias Internacionais<\/p>\n\n<p>CNPJ: 32.040.076\/0001-37<\/p>\n\n<p><b>Key PIX, CNPJ: 32040076000137<\/b><\/p>\n","protected":false},"excerpt":{"rendered":"<p>A group of 11 humanitarian workers travelled to Bahia on February 23rd to begin the\u00a0Bahia Humanitarian Mission. They will meet with members of the local Light-Network in the region, making up a team of 15 workers for the operation. The idea is to provide support for the populations affected by the floods in the State, [&hellip;]<\/p>\n","protected":false},"author":1,"featured_media":141582,"comment_status":"closed","ping_status":"closed","sticky":false,"template":"","format":"standard","meta":{"footnotes":""},"categories":[9,132],"tags":[],"class_list":["post-141813","post","type-post","status-publish","format-standard","has-post-thumbnail","hentry","category-news","category-news-about-the-missions"],"featured_image_src":"https:\/\/www.missoeshumanitarias.org\/wp-content\/uploads\/2022\/02\/Missao_Bahia_Humanitaria_FMHI_FFHI_4.jpg","author_info":{"display_name":"maducato_admin","author_link":"https:\/\/www.missoeshumanitarias.org\/en\/author\/maducato_admin\/"},"yoast_head":"<!-- This site is optimized with the Yoast SEO Premium plugin v22.5 (Yoast SEO v22.5) - https:\/\/yoast.com\/wordpress\/plugins\/seo\/ -->\n<title>Bahia Mission is scheduled to start on February 28th. - Fraternidade Miss\u00f5es Humanit\u00e1rias Internacionais<\/title>\n<meta name=\"robots\" content=\"index, follow, max-snippet:-1, max-image-preview:large, max-video-preview:-1\" \/>\n<link rel=\"canonical\" href=\"https:\/\/www.missoeshumanitarias.org\/en\/bahia-mission-is-scheduled-to-start-on-february-28th\/\" \/>\n<meta property=\"og:locale\" content=\"en_US\" \/>\n<meta property=\"og:type\" content=\"article\" \/>\n<meta property=\"og:title\" content=\"Bahia Mission is scheduled to start on February 28th.\" \/>\n<meta property=\"og:description\" content=\"A group of 11 humanitarian workers travelled to Bahia on February 23rd to begin the\u00a0Bahia Humanitarian Mission. They will meet with members of the local Light-Network in the region, making up a team of 15 workers for the operation. The idea is to provide support for the populations affected by the floods in the State, [&hellip;]\" \/>\n<meta property=\"og:url\" content=\"https:\/\/www.missoeshumanitarias.org\/en\/bahia-mission-is-scheduled-to-start-on-february-28th\/\" \/>\n<meta property=\"og:site_name\" content=\"Fraternidade Miss\u00f5es Humanit\u00e1rias Internacionais\" \/>\n<meta property=\"article:published_time\" content=\"2022-02-26T17:13:56+00:00\" \/>\n<meta property=\"article:modified_time\" content=\"2022-03-13T12:33:16+00:00\" \/>\n<meta property=\"og:image\" content=\"https:\/\/www.missoeshumanitarias.org\/wp-content\/uploads\/2022\/02\/Missao_Bahia_Humanitaria_FMHI_FFHI_4.jpg\" \/>\n\t<meta property=\"og:image:width\" content=\"1200\" \/>\n\t<meta property=\"og:image:height\" content=\"900\" \/>\n\t<meta property=\"og:image:type\" content=\"image\/jpeg\" \/>\n<meta name=\"author\" content=\"maducato_admin\" \/>\n<meta name=\"twitter:card\" content=\"summary_large_image\" \/>\n<meta name=\"twitter:label1\" content=\"Written by\" \/>\n\t<meta name=\"twitter:data1\" content=\"maducato_admin\" \/>\n\t<meta name=\"twitter:label2\" content=\"Est. reading time\" \/>\n\t<meta name=\"twitter:data2\" content=\"2 minutes\" \/>\n<script type=\"application\/ld+json\" class=\"yoast-schema-graph\">{\"@context\":\"https:\/\/schema.org\",\"@graph\":[{\"@type\":\"Article\",\"@id\":\"https:\/\/www.missoeshumanitarias.org\/en\/bahia-mission-is-scheduled-to-start-on-february-28th\/#article\",\"isPartOf\":{\"@id\":\"https:\/\/www.missoeshumanitarias.org\/en\/bahia-mission-is-scheduled-to-start-on-february-28th\/\"},\"author\":{\"name\":\"maducato_admin\",\"@id\":\"https:\/\/www.missoeshumanitarias.org\/es\/#\/schema\/person\/e0f8527323154d1eba9f9d9eb6b401f7\"},\"headline\":\"Bahia Mission is scheduled to start on February 28th.\",\"datePublished\":\"2022-02-26T17:13:56+00:00\",\"dateModified\":\"2022-03-13T12:33:16+00:00\",\"mainEntityOfPage\":{\"@id\":\"https:\/\/www.missoeshumanitarias.org\/en\/bahia-mission-is-scheduled-to-start-on-february-28th\/\"},\"wordCount\":455,\"publisher\":{\"@id\":\"https:\/\/www.missoeshumanitarias.org\/es\/#organization\"},\"image\":{\"@id\":\"https:\/\/www.missoeshumanitarias.org\/en\/bahia-mission-is-scheduled-to-start-on-february-28th\/#primaryimage\"},\"thumbnailUrl\":\"https:\/\/www.missoeshumanitarias.org\/wp-content\/uploads\/2022\/02\/Missao_Bahia_Humanitaria_FMHI_FFHI_4.jpg\",\"articleSection\":[\"News\",\"News about the Missions\"],\"inLanguage\":\"en-US\"},{\"@type\":\"WebPage\",\"@id\":\"https:\/\/www.missoeshumanitarias.org\/en\/bahia-mission-is-scheduled-to-start-on-february-28th\/\",\"url\":\"https:\/\/www.missoeshumanitarias.org\/en\/bahia-mission-is-scheduled-to-start-on-february-28th\/\",\"name\":\"Bahia Mission is scheduled to start on February 28th. - Fraternidade Miss\u00f5es Humanit\u00e1rias Internacionais\",\"isPartOf\":{\"@id\":\"https:\/\/www.missoeshumanitarias.org\/es\/#website\"},\"primaryImageOfPage\":{\"@id\":\"https:\/\/www.missoeshumanitarias.org\/en\/bahia-mission-is-scheduled-to-start-on-february-28th\/#primaryimage\"},\"image\":{\"@id\":\"https:\/\/www.missoeshumanitarias.org\/en\/bahia-mission-is-scheduled-to-start-on-february-28th\/#primaryimage\"},\"thumbnailUrl\":\"https:\/\/www.missoeshumanitarias.org\/wp-content\/uploads\/2022\/02\/Missao_Bahia_Humanitaria_FMHI_FFHI_4.jpg\",\"datePublished\":\"2022-02-26T17:13:56+00:00\",\"dateModified\":\"2022-03-13T12:33:16+00:00\",\"breadcrumb\":{\"@id\":\"https:\/\/www.missoeshumanitarias.org\/en\/bahia-mission-is-scheduled-to-start-on-february-28th\/#breadcrumb\"},\"inLanguage\":\"en-US\",\"potentialAction\":[{\"@type\":\"ReadAction\",\"target\":[\"https:\/\/www.missoeshumanitarias.org\/en\/bahia-mission-is-scheduled-to-start-on-february-28th\/\"]}]},{\"@type\":\"ImageObject\",\"inLanguage\":\"en-US\",\"@id\":\"https:\/\/www.missoeshumanitarias.org\/en\/bahia-mission-is-scheduled-to-start-on-february-28th\/#primaryimage\",\"url\":\"https:\/\/www.missoeshumanitarias.org\/wp-content\/uploads\/2022\/02\/Missao_Bahia_Humanitaria_FMHI_FFHI_4.jpg\",\"contentUrl\":\"https:\/\/www.missoeshumanitarias.org\/wp-content\/uploads\/2022\/02\/Missao_Bahia_Humanitaria_FMHI_FFHI_4.jpg\",\"width\":1200,\"height\":900,\"caption\":\"Miss\u00e3o Bahia Humanit\u00e1ria\"},{\"@type\":\"BreadcrumbList\",\"@id\":\"https:\/\/www.missoeshumanitarias.org\/en\/bahia-mission-is-scheduled-to-start-on-february-28th\/#breadcrumb\",\"itemListElement\":[{\"@type\":\"ListItem\",\"position\":1,\"name\":\"Home\",\"item\":\"https:\/\/www.missoeshumanitarias.org\/en\/\"},{\"@type\":\"ListItem\",\"position\":2,\"name\":\"Bahia Mission is scheduled to start on February 28th.\"}]},{\"@type\":\"WebSite\",\"@id\":\"https:\/\/www.missoeshumanitarias.org\/es\/#website\",\"url\":\"https:\/\/www.missoeshumanitarias.org\/es\/\",\"name\":\"Fraternidade Miss\u00f5es Humanit\u00e1rias Internacionais\",\"description\":\"Respostas Humanit\u00e1rias e Emerg\u00eancias\",\"publisher\":{\"@id\":\"https:\/\/www.missoeshumanitarias.org\/es\/#organization\"},\"potentialAction\":[{\"@type\":\"SearchAction\",\"target\":{\"@type\":\"EntryPoint\",\"urlTemplate\":\"https:\/\/www.missoeshumanitarias.org\/es\/?s={search_term_string}\"},\"query-input\":\"required name=search_term_string\"}],\"inLanguage\":\"en-US\"},{\"@type\":\"Organization\",\"@id\":\"https:\/\/www.missoeshumanitarias.org\/es\/#organization\",\"name\":\"Fraternidade - Miss\u00f5es Humanit\u00e1rias Internacionais\",\"url\":\"https:\/\/www.missoeshumanitarias.org\/es\/\",\"logo\":{\"@type\":\"ImageObject\",\"inLanguage\":\"en-US\",\"@id\":\"https:\/\/www.missoeshumanitarias.org\/es\/#\/schema\/logo\/image\/\",\"url\":\"https:\/\/www.missoeshumanitarias.org\/wp-content\/uploads\/2020\/05\/logo-FMHI-mg.png\",\"contentUrl\":\"https:\/\/www.missoeshumanitarias.org\/wp-content\/uploads\/2020\/05\/logo-FMHI-mg.png\",\"width\":520,\"height\":134,\"caption\":\"Fraternidade - Miss\u00f5es Humanit\u00e1rias Internacionais\"},\"image\":{\"@id\":\"https:\/\/www.missoeshumanitarias.org\/es\/#\/schema\/logo\/image\/\"}},{\"@type\":\"Person\",\"@id\":\"https:\/\/www.missoeshumanitarias.org\/es\/#\/schema\/person\/e0f8527323154d1eba9f9d9eb6b401f7\",\"name\":\"maducato_admin\",\"image\":{\"@type\":\"ImageObject\",\"inLanguage\":\"en-US\",\"@id\":\"https:\/\/www.missoeshumanitarias.org\/es\/#\/schema\/person\/image\/\",\"url\":\"https:\/\/secure.gravatar.com\/avatar\/6c3b45186a8f5a459d8e14c7fca370bceae92402bc06171d75e4e559b6c24393?s=96&d=mm&r=g\",\"contentUrl\":\"https:\/\/secure.gravatar.com\/avatar\/6c3b45186a8f5a459d8e14c7fca370bceae92402bc06171d75e4e559b6c24393?s=96&d=mm&r=g\",\"caption\":\"maducato_admin\"}}]}<\/script>\n<!-- \/ Yoast SEO Premium plugin. -->","yoast_head_json":{"title":"Bahia Mission is scheduled to start on February 28th. - Fraternidade Miss\u00f5es Humanit\u00e1rias Internacionais","robots":{"index":"index","follow":"follow","max-snippet":"max-snippet:-1","max-image-preview":"max-image-preview:large","max-video-preview":"max-video-preview:-1"},"canonical":"https:\/\/www.missoeshumanitarias.org\/en\/bahia-mission-is-scheduled-to-start-on-february-28th\/","og_locale":"en_US","og_type":"article","og_title":"Bahia Mission is scheduled to start on February 28th.","og_description":"A group of 11 humanitarian workers travelled to Bahia on February 23rd to begin the\u00a0Bahia Humanitarian Mission. They will meet with members of the local Light-Network in the region, making up a team of 15 workers for the operation. The idea is to provide support for the populations affected by the floods in the State, [&hellip;]","og_url":"https:\/\/www.missoeshumanitarias.org\/en\/bahia-mission-is-scheduled-to-start-on-february-28th\/","og_site_name":"Fraternidade Miss\u00f5es Humanit\u00e1rias Internacionais","article_published_time":"2022-02-26T17:13:56+00:00","article_modified_time":"2022-03-13T12:33:16+00:00","og_image":[{"width":1200,"height":900,"url":"https:\/\/www.missoeshumanitarias.org\/wp-content\/uploads\/2022\/02\/Missao_Bahia_Humanitaria_FMHI_FFHI_4.jpg","type":"image\/jpeg"}],"author":"maducato_admin","twitter_card":"summary_large_image","twitter_misc":{"Written by":"maducato_admin","Est. reading time":"2 minutes"},"schema":{"@context":"https:\/\/schema.org","@graph":[{"@type":"Article","@id":"https:\/\/www.missoeshumanitarias.org\/en\/bahia-mission-is-scheduled-to-start-on-february-28th\/#article","isPartOf":{"@id":"https:\/\/www.missoeshumanitarias.org\/en\/bahia-mission-is-scheduled-to-start-on-february-28th\/"},"author":{"name":"maducato_admin","@id":"https:\/\/www.missoeshumanitarias.org\/es\/#\/schema\/person\/e0f8527323154d1eba9f9d9eb6b401f7"},"headline":"Bahia Mission is scheduled to start on February 28th.","datePublished":"2022-02-26T17:13:56+00:00","dateModified":"2022-03-13T12:33:16+00:00","mainEntityOfPage":{"@id":"https:\/\/www.missoeshumanitarias.org\/en\/bahia-mission-is-scheduled-to-start-on-february-28th\/"},"wordCount":455,"publisher":{"@id":"https:\/\/www.missoeshumanitarias.org\/es\/#organization"},"image":{"@id":"https:\/\/www.missoeshumanitarias.org\/en\/bahia-mission-is-scheduled-to-start-on-february-28th\/#primaryimage"},"thumbnailUrl":"https:\/\/www.missoeshumanitarias.org\/wp-content\/uploads\/2022\/02\/Missao_Bahia_Humanitaria_FMHI_FFHI_4.jpg","articleSection":["News","News about the Missions"],"inLanguage":"en-US"},{"@type":"WebPage","@id":"https:\/\/www.missoeshumanitarias.org\/en\/bahia-mission-is-scheduled-to-start-on-february-28th\/","url":"https:\/\/www.missoeshumanitarias.org\/en\/bahia-mission-is-scheduled-to-start-on-february-28th\/","name":"Bahia Mission is scheduled to start on February 28th. - Fraternidade Miss\u00f5es Humanit\u00e1rias Internacionais","isPartOf":{"@id":"https:\/\/www.missoeshumanitarias.org\/es\/#website"},"primaryImageOfPage":{"@id":"https:\/\/www.missoeshumanitarias.org\/en\/bahia-mission-is-scheduled-to-start-on-february-28th\/#primaryimage"},"image":{"@id":"https:\/\/www.missoeshumanitarias.org\/en\/bahia-mission-is-scheduled-to-start-on-february-28th\/#primaryimage"},"thumbnailUrl":"https:\/\/www.missoeshumanitarias.org\/wp-content\/uploads\/2022\/02\/Missao_Bahia_Humanitaria_FMHI_FFHI_4.jpg","datePublished":"2022-02-26T17:13:56+00:00","dateModified":"2022-03-13T12:33:16+00:00","breadcrumb":{"@id":"https:\/\/www.missoeshumanitarias.org\/en\/bahia-mission-is-scheduled-to-start-on-february-28th\/#breadcrumb"},"inLanguage":"en-US","potentialAction":[{"@type":"ReadAction","target":["https:\/\/www.missoeshumanitarias.org\/en\/bahia-mission-is-scheduled-to-start-on-february-28th\/"]}]},{"@type":"ImageObject","inLanguage":"en-US","@id":"https:\/\/www.missoeshumanitarias.org\/en\/bahia-mission-is-scheduled-to-start-on-february-28th\/#primaryimage","url":"https:\/\/www.missoeshumanitarias.org\/wp-content\/uploads\/2022\/02\/Missao_Bahia_Humanitaria_FMHI_FFHI_4.jpg","contentUrl":"https:\/\/www.missoeshumanitarias.org\/wp-content\/uploads\/2022\/02\/Missao_Bahia_Humanitaria_FMHI_FFHI_4.jpg","width":1200,"height":900,"caption":"Miss\u00e3o Bahia Humanit\u00e1ria"},{"@type":"BreadcrumbList","@id":"https:\/\/www.missoeshumanitarias.org\/en\/bahia-mission-is-scheduled-to-start-on-february-28th\/#breadcrumb","itemListElement":[{"@type":"ListItem","position":1,"name":"Home","item":"https:\/\/www.missoeshumanitarias.org\/en\/"},{"@type":"ListItem","position":2,"name":"Bahia Mission is scheduled to start on February 28th."}]},{"@type":"WebSite","@id":"https:\/\/www.missoeshumanitarias.org\/es\/#website","url":"https:\/\/www.missoeshumanitarias.org\/es\/","name":"Fraternidade Miss\u00f5es Humanit\u00e1rias Internacionais","description":"Respostas Humanit\u00e1rias e Emerg\u00eancias","publisher":{"@id":"https:\/\/www.missoeshumanitarias.org\/es\/#organization"},"potentialAction":[{"@type":"SearchAction","target":{"@type":"EntryPoint","urlTemplate":"https:\/\/www.missoeshumanitarias.org\/es\/?s={search_term_string}"},"query-input":"required name=search_term_string"}],"inLanguage":"en-US"},{"@type":"Organization","@id":"https:\/\/www.missoeshumanitarias.org\/es\/#organization","name":"Fraternidade - Miss\u00f5es Humanit\u00e1rias Internacionais","url":"https:\/\/www.missoeshumanitarias.org\/es\/","logo":{"@type":"ImageObject","inLanguage":"en-US","@id":"https:\/\/www.missoeshumanitarias.org\/es\/#\/schema\/logo\/image\/","url":"https:\/\/www.missoeshumanitarias.org\/wp-content\/uploads\/2020\/05\/logo-FMHI-mg.png","contentUrl":"https:\/\/www.missoeshumanitarias.org\/wp-content\/uploads\/2020\/05\/logo-FMHI-mg.png","width":520,"height":134,"caption":"Fraternidade - Miss\u00f5es Humanit\u00e1rias Internacionais"},"image":{"@id":"https:\/\/www.missoeshumanitarias.org\/es\/#\/schema\/logo\/image\/"}},{"@type":"Person","@id":"https:\/\/www.missoeshumanitarias.org\/es\/#\/schema\/person\/e0f8527323154d1eba9f9d9eb6b401f7","name":"maducato_admin","image":{"@type":"ImageObject","inLanguage":"en-US","@id":"https:\/\/www.missoeshumanitarias.org\/es\/#\/schema\/person\/image\/","url":"https:\/\/secure.gravatar.com\/avatar\/6c3b45186a8f5a459d8e14c7fca370bceae92402bc06171d75e4e559b6c24393?s=96&d=mm&r=g","contentUrl":"https:\/\/secure.gravatar.com\/avatar\/6c3b45186a8f5a459d8e14c7fca370bceae92402bc06171d75e4e559b6c24393?s=96&d=mm&r=g","caption":"maducato_admin"}}]}},"_links":{"self":[{"href":"https:\/\/www.missoeshumanitarias.org\/en\/wp-json\/wp\/v2\/posts\/141813","targetHints":{"allow":["GET"]}}],"collection":[{"href":"https:\/\/www.missoeshumanitarias.org\/en\/wp-json\/wp\/v2\/posts"}],"about":[{"href":"https:\/\/www.missoeshumanitarias.org\/en\/wp-json\/wp\/v2\/types\/post"}],"author":[{"embeddable":true,"href":"https:\/\/www.missoeshumanitarias.org\/en\/wp-json\/wp\/v2\/users\/1"}],"replies":[{"embeddable":true,"href":"https:\/\/www.missoeshumanitarias.org\/en\/wp-json\/wp\/v2\/comments?post=141813"}],"version-history":[{"count":0,"href":"https:\/\/www.missoeshumanitarias.org\/en\/wp-json\/wp\/v2\/posts\/141813\/revisions"}],"wp:featuredmedia":[{"embeddable":true,"href":"https:\/\/www.missoeshumanitarias.org\/en\/wp-json\/wp\/v2\/media\/141582"}],"wp:attachment":[{"href":"https:\/\/www.missoeshumanitarias.org\/en\/wp-json\/wp\/v2\/media?parent=141813"}],"wp:term":[{"taxonomy":"category","embeddable":true,"href":"https:\/\/www.missoeshumanitarias.org\/en\/wp-json\/wp\/v2\/categories?post=141813"},{"taxonomy":"post_tag","embeddable":true,"href":"https:\/\/www.missoeshumanitarias.org\/en\/wp-json\/wp\/v2\/tags?post=141813"}],"curies":[{"name":"wp","href":"https:\/\/api.w.org\/{rel}","templated":true}]}}