{"id":143652,"date":"2022-07-19T17:12:42","date_gmt":"2022-07-19T20:12:42","guid":{"rendered":"https:\/\/www.missoeshumanitarias.org\/humanitarian-workers-of-the-roraima-mission-meet-with-taurepang-indigenous-people\/"},"modified":"2022-07-26T17:45:58","modified_gmt":"2022-07-26T20:45:58","slug":"humanitarian-workers-of-the-roraima-mission-meet-with-taurepang-indigenous-people","status":"publish","type":"post","link":"https:\/\/www.missoeshumanitarias.org\/en\/humanitarian-workers-of-the-roraima-mission-meet-with-taurepang-indigenous-people\/","title":{"rendered":"Humanitarian workers of the Roraima Mission meet with Taurepang indigenous people"},"content":{"rendered":"\n<p><p><span lang=\"EN-US\">On June 14 last, Imer and Ricardo Baumgartner, together with Friar Thomas, a monk of the Grace Mercy Order, all humanitarian workers of the <\/span><a href=\"https:\/\/www.fraterinternacional.org\/en\/\" target=\"_blank\" rel=\"noopener\" data-mce-href=\"https:\/\/www.fraterinternacional.org\/en\/\">Fraternity \u2013 InternationalHumanitarian Federation (FIHF)<\/a><span lang=\"EN-US\">, visited two Taurepang indigenous communities: the TARAU-PARU community, located in the Pacaraima Municipality-RR, on the border with Venezuela, and the SOROCAIMA community, which is halfway to Pacaraima.<\/span><\/p><\/p>\n\n<p><p>The visit came about through an invitation of the Indigenous Immigrants of Roraima (AMIR) so that the\u00a0<a href=\"https:\/\/www.fraterinternacional.org\/en\/\" target=\"_blank\" rel=\"noopener\" data-mce-href=\"https:\/\/www.fraterinternacional.org\/en\/\">Humanitarian Fraternity (FIHF)<\/a>\u00a0could present proposals for activities at the\u00a0<a href=\"https:\/\/www.missoeshumanitarias.org\/en\/?s=CCFI\" target=\"_blank\" rel=\"noopener\" data-mce-href=\"https:\/\/www.missoeshumanitarias.org\/en\/?s=CCFI\">Indigenous Cultural and Training Center (ICTC).<\/a><\/p><\/p>\n<div class=\"wp-block-image\">\n<figure class=\"aligncenter size-large\"><img fetchpriority=\"high\" decoding=\"async\" width=\"1024\" height=\"768\" src=\"https:\/\/www.missoeshumanitarias.org\/wp-content\/uploads\/2022\/07\/Taurepang_Missao_roraima_humanitaria_FFHI-1024x768.jpg\" alt=\"\" class=\"wp-image-143588\" srcset=\"https:\/\/www.missoeshumanitarias.org\/wp-content\/uploads\/2022\/07\/Taurepang_Missao_roraima_humanitaria_FFHI-1024x768.jpg 1024w, https:\/\/www.missoeshumanitarias.org\/wp-content\/uploads\/2022\/07\/Taurepang_Missao_roraima_humanitaria_FFHI-300x225.jpg 300w, https:\/\/www.missoeshumanitarias.org\/wp-content\/uploads\/2022\/07\/Taurepang_Missao_roraima_humanitaria_FFHI-768x576.jpg 768w, https:\/\/www.missoeshumanitarias.org\/wp-content\/uploads\/2022\/07\/Taurepang_Missao_roraima_humanitaria_FFHI.jpg 1280w\" sizes=\"(max-width: 1024px) 100vw, 1024px\" \/><\/figure>\n<\/div>\n<p>Imer tells us that the goal of the visit was to find out about the situation of the Taurepang indigenous people coming from Venezuela, who have taken shelter in the Brazilian Taurepang communities, and to talk about needs for the promotion of activities that generate livelihoods and reinforce lasting solutions.<\/p>\n\n<p><p>The proposal of the\u00a0<a href=\"https:\/\/www.missoeshumanitarias.org\/en\/?s=CCFI\" target=\"_blank\" rel=\"noopener\" data-mce-href=\"https:\/\/www.missoeshumanitarias.org\/en\/?s=CCFI\">ICTC<\/a>\u00a0is to include this ethnic group in the trainings offered in the city of Boa Vista through a partnership with AMIR, besides trying to find a response for training in the communities themselves and establishing a dialogue with the leadership for future development activities in the Communities.<\/p><\/p>\n\n<p>According to Friar Thomas, the indigenous public\u2019s receptivity was very good, mostly Venezuelans, who were welcomed into the Brazilian communities. Among the main requests that emerged during the conversations was learning Portuguese and the development of agroforestry for the self-sustainability of the Communities.<\/p>\n\n<p><p><span lang=\"EN-US\">Two indigenous individuals of AMIR, who are expected to go to the\u00a0<\/span><a href=\"https:\/\/www.fraterinternacional.org\/en\/?s=Comunidade-Luz+Figueira%2C\" target=\"_blank\" rel=\"noopener\" data-mce-href=\"https:\/\/www.fraterinternacional.org\/en\/?s=Comunidade-Luz+Figueira%2C\">FigueiraLight-Community<\/a><span lang=\"EN-US\">, accompanied the\u00a0<a href=\"https:\/\/www.fraterinternacional.org\/en\/\" target=\"_blank\" rel=\"noopener\" data-mce-href=\"https:\/\/www.fraterinternacional.org\/en\/\">Humanitarian Fraternity (FIHF)<\/a>\u00a0on that visit.<\/span><\/p><\/p>\n<div class=\"wp-block-image\">\n<figure class=\"aligncenter size-full\"><img decoding=\"async\" width=\"994\" height=\"643\" src=\"https:\/\/www.missoeshumanitarias.org\/wp-content\/uploads\/2022\/07\/Taurepang_Missao_roraima_humanitaria_FFHI2.jpg\" alt=\"\" class=\"wp-image-143584\" srcset=\"https:\/\/www.missoeshumanitarias.org\/wp-content\/uploads\/2022\/07\/Taurepang_Missao_roraima_humanitaria_FFHI2.jpg 994w, https:\/\/www.missoeshumanitarias.org\/wp-content\/uploads\/2022\/07\/Taurepang_Missao_roraima_humanitaria_FFHI2-300x194.jpg 300w, https:\/\/www.missoeshumanitarias.org\/wp-content\/uploads\/2022\/07\/Taurepang_Missao_roraima_humanitaria_FFHI2-768x497.jpg 768w\" sizes=\"(max-width: 994px) 100vw, 994px\" \/><\/figure>\n<\/div>\n<p><p>\u201cWe observed that in a natural way, and with the participation of the indigenous people themselves, the\u00a0<a href=\"https:\/\/www.missoeshumanitarias.org\/en\/?s=CCFI\" target=\"_blank\" rel=\"noopener\" data-mce-href=\"https:\/\/www.missoeshumanitarias.org\/en\/?s=CCFI\">ICTC<\/a>\u00a0finally reached the indigenous communities of Roraima with the Lasting Solutions Project to effectively benefit that population\u201d, the friar tells us.<\/p><\/p>\n\n<p><p>According to the Humanitarian Fraternity (FIHF) worker, Imer, some immigrants who have already reached Boa Vista began taking courses on breadmaking and basic Portuguese at the ICTC. Others were brought to participate in handicraft fairs. For those who were unable to come, 50 booklets for learning Portuguese were sent to them; accommodation was obtained in partnership with C\u00e1ritas, in Boa Vista; a liaison was made with the Federal Institute of Roraima (IFRR) for providing technical advice and inclusion in the fish farming program.<\/p><\/p>\n\n<p>For the year 2022, there are plans to strengthen the agroecology proposal made by AMIR and continue providing training in several areas.<\/p>\n","protected":false},"excerpt":{"rendered":"<p>On June 14 last, Imer and Ricardo Baumgartner, together with Friar Thomas, a monk of the Grace Mercy Order, all humanitarian workers of the Fraternity \u2013 InternationalHumanitarian Federation (FIHF), visited two Taurepang indigenous communities: the TARAU-PARU community, located in the Pacaraima Municipality-RR, on the border with Venezuela, and the SOROCAIMA community, which is halfway to [&hellip;]<\/p>\n","protected":false},"author":1,"featured_media":143589,"comment_status":"closed","ping_status":"closed","sticky":false,"template":"","format":"standard","meta":{"footnotes":""},"categories":[9,132],"tags":[],"class_list":["post-143652","post","type-post","status-publish","format-standard","has-post-thumbnail","hentry","category-news","category-news-about-the-missions"],"featured_image_src":"https:\/\/www.missoeshumanitarias.org\/wp-content\/uploads\/2022\/07\/Taurepang_Missao_roraima_humanitaria_FFHI.jpg","author_info":{"display_name":"maducato_admin","author_link":"https:\/\/www.missoeshumanitarias.org\/en\/author\/maducato_admin\/"},"yoast_head":"<!-- This site is optimized with the Yoast SEO Premium plugin v22.5 (Yoast SEO v22.5) - https:\/\/yoast.com\/wordpress\/plugins\/seo\/ -->\n<title>Humanitarian workers of the Roraima Mission meet with Taurepang indigenous people - Fraternidade Miss\u00f5es Humanit\u00e1rias Internacionais<\/title>\n<meta name=\"description\" content=\"The proposal of the\u00a0ICTC\u00a0is to include this ethnic group in the trainings offered in the city of Boa Vista through a partnership with AMIR, besides trying to find a response for training in the communities themselves and establishing a dialogue with the leadership for future development activities in the Communities.\" \/>\n<meta name=\"robots\" content=\"index, follow, max-snippet:-1, max-image-preview:large, max-video-preview:-1\" \/>\n<link rel=\"canonical\" href=\"https:\/\/www.missoeshumanitarias.org\/en\/humanitarian-workers-of-the-roraima-mission-meet-with-taurepang-indigenous-people\/\" \/>\n<meta property=\"og:locale\" content=\"en_US\" \/>\n<meta property=\"og:type\" content=\"article\" \/>\n<meta property=\"og:title\" content=\"Humanitarian workers of the Roraima Mission meet with Taurepang indigenous people\" \/>\n<meta property=\"og:description\" content=\"The proposal of the\u00a0ICTC\u00a0is to include this ethnic group in the trainings offered in the city of Boa Vista through a partnership with AMIR, besides trying to find a response for training in the communities themselves and establishing a dialogue with the leadership for future development activities in the Communities.\" \/>\n<meta property=\"og:url\" content=\"https:\/\/www.missoeshumanitarias.org\/en\/humanitarian-workers-of-the-roraima-mission-meet-with-taurepang-indigenous-people\/\" \/>\n<meta property=\"og:site_name\" content=\"Fraternidade Miss\u00f5es Humanit\u00e1rias Internacionais\" \/>\n<meta property=\"article:published_time\" content=\"2022-07-19T20:12:42+00:00\" \/>\n<meta property=\"article:modified_time\" content=\"2022-07-26T20:45:58+00:00\" \/>\n<meta property=\"og:image\" content=\"https:\/\/www.missoeshumanitarias.org\/wp-content\/uploads\/2022\/07\/Taurepang_Missao_roraima_humanitaria_FFHI.jpg\" \/>\n\t<meta property=\"og:image:width\" content=\"1280\" \/>\n\t<meta property=\"og:image:height\" content=\"960\" \/>\n\t<meta property=\"og:image:type\" content=\"image\/jpeg\" \/>\n<meta name=\"author\" content=\"maducato_admin\" \/>\n<meta name=\"twitter:card\" content=\"summary_large_image\" \/>\n<meta name=\"twitter:label1\" content=\"Written by\" \/>\n\t<meta name=\"twitter:data1\" content=\"maducato_admin\" \/>\n\t<meta name=\"twitter:label2\" content=\"Est. reading time\" \/>\n\t<meta name=\"twitter:data2\" content=\"2 minutes\" \/>\n<script type=\"application\/ld+json\" class=\"yoast-schema-graph\">{\"@context\":\"https:\/\/schema.org\",\"@graph\":[{\"@type\":\"Article\",\"@id\":\"https:\/\/www.missoeshumanitarias.org\/en\/humanitarian-workers-of-the-roraima-mission-meet-with-taurepang-indigenous-people\/#article\",\"isPartOf\":{\"@id\":\"https:\/\/www.missoeshumanitarias.org\/en\/humanitarian-workers-of-the-roraima-mission-meet-with-taurepang-indigenous-people\/\"},\"author\":{\"name\":\"maducato_admin\",\"@id\":\"https:\/\/www.missoeshumanitarias.org\/es\/#\/schema\/person\/e0f8527323154d1eba9f9d9eb6b401f7\"},\"headline\":\"Humanitarian workers of the Roraima Mission meet with Taurepang indigenous people\",\"datePublished\":\"2022-07-19T20:12:42+00:00\",\"dateModified\":\"2022-07-26T20:45:58+00:00\",\"mainEntityOfPage\":{\"@id\":\"https:\/\/www.missoeshumanitarias.org\/en\/humanitarian-workers-of-the-roraima-mission-meet-with-taurepang-indigenous-people\/\"},\"wordCount\":408,\"publisher\":{\"@id\":\"https:\/\/www.missoeshumanitarias.org\/es\/#organization\"},\"image\":{\"@id\":\"https:\/\/www.missoeshumanitarias.org\/en\/humanitarian-workers-of-the-roraima-mission-meet-with-taurepang-indigenous-people\/#primaryimage\"},\"thumbnailUrl\":\"https:\/\/www.missoeshumanitarias.org\/wp-content\/uploads\/2022\/07\/Taurepang_Missao_roraima_humanitaria_FFHI.jpg\",\"articleSection\":[\"News\",\"News about the Missions\"],\"inLanguage\":\"en-US\"},{\"@type\":\"WebPage\",\"@id\":\"https:\/\/www.missoeshumanitarias.org\/en\/humanitarian-workers-of-the-roraima-mission-meet-with-taurepang-indigenous-people\/\",\"url\":\"https:\/\/www.missoeshumanitarias.org\/en\/humanitarian-workers-of-the-roraima-mission-meet-with-taurepang-indigenous-people\/\",\"name\":\"Humanitarian workers of the Roraima Mission meet with Taurepang indigenous people - Fraternidade Miss\u00f5es Humanit\u00e1rias Internacionais\",\"isPartOf\":{\"@id\":\"https:\/\/www.missoeshumanitarias.org\/es\/#website\"},\"primaryImageOfPage\":{\"@id\":\"https:\/\/www.missoeshumanitarias.org\/en\/humanitarian-workers-of-the-roraima-mission-meet-with-taurepang-indigenous-people\/#primaryimage\"},\"image\":{\"@id\":\"https:\/\/www.missoeshumanitarias.org\/en\/humanitarian-workers-of-the-roraima-mission-meet-with-taurepang-indigenous-people\/#primaryimage\"},\"thumbnailUrl\":\"https:\/\/www.missoeshumanitarias.org\/wp-content\/uploads\/2022\/07\/Taurepang_Missao_roraima_humanitaria_FFHI.jpg\",\"datePublished\":\"2022-07-19T20:12:42+00:00\",\"dateModified\":\"2022-07-26T20:45:58+00:00\",\"description\":\"The proposal of the\u00a0ICTC\u00a0is to include this ethnic group in the trainings offered in the city of Boa Vista through a partnership with AMIR, besides trying to find a response for training in the communities themselves and establishing a dialogue with the leadership for future development activities in the Communities.\",\"breadcrumb\":{\"@id\":\"https:\/\/www.missoeshumanitarias.org\/en\/humanitarian-workers-of-the-roraima-mission-meet-with-taurepang-indigenous-people\/#breadcrumb\"},\"inLanguage\":\"en-US\",\"potentialAction\":[{\"@type\":\"ReadAction\",\"target\":[\"https:\/\/www.missoeshumanitarias.org\/en\/humanitarian-workers-of-the-roraima-mission-meet-with-taurepang-indigenous-people\/\"]}]},{\"@type\":\"ImageObject\",\"inLanguage\":\"en-US\",\"@id\":\"https:\/\/www.missoeshumanitarias.org\/en\/humanitarian-workers-of-the-roraima-mission-meet-with-taurepang-indigenous-people\/#primaryimage\",\"url\":\"https:\/\/www.missoeshumanitarias.org\/wp-content\/uploads\/2022\/07\/Taurepang_Missao_roraima_humanitaria_FFHI.jpg\",\"contentUrl\":\"https:\/\/www.missoeshumanitarias.org\/wp-content\/uploads\/2022\/07\/Taurepang_Missao_roraima_humanitaria_FFHI.jpg\",\"width\":1280,\"height\":960,\"caption\":\"Servidores humanit\u00e1rios da Miss\u00e3o Roraima se re\u00fanem com ind\u00edgenas Taurepang\"},{\"@type\":\"BreadcrumbList\",\"@id\":\"https:\/\/www.missoeshumanitarias.org\/en\/humanitarian-workers-of-the-roraima-mission-meet-with-taurepang-indigenous-people\/#breadcrumb\",\"itemListElement\":[{\"@type\":\"ListItem\",\"position\":1,\"name\":\"Home\",\"item\":\"https:\/\/www.missoeshumanitarias.org\/en\/\"},{\"@type\":\"ListItem\",\"position\":2,\"name\":\"Humanitarian workers of the Roraima Mission meet with Taurepang indigenous people\"}]},{\"@type\":\"WebSite\",\"@id\":\"https:\/\/www.missoeshumanitarias.org\/es\/#website\",\"url\":\"https:\/\/www.missoeshumanitarias.org\/es\/\",\"name\":\"Fraternidade Miss\u00f5es Humanit\u00e1rias Internacionais\",\"description\":\"Respostas Humanit\u00e1rias e Emerg\u00eancias\",\"publisher\":{\"@id\":\"https:\/\/www.missoeshumanitarias.org\/es\/#organization\"},\"potentialAction\":[{\"@type\":\"SearchAction\",\"target\":{\"@type\":\"EntryPoint\",\"urlTemplate\":\"https:\/\/www.missoeshumanitarias.org\/es\/?s={search_term_string}\"},\"query-input\":\"required name=search_term_string\"}],\"inLanguage\":\"en-US\"},{\"@type\":\"Organization\",\"@id\":\"https:\/\/www.missoeshumanitarias.org\/es\/#organization\",\"name\":\"Fraternidade - Miss\u00f5es Humanit\u00e1rias Internacionais\",\"url\":\"https:\/\/www.missoeshumanitarias.org\/es\/\",\"logo\":{\"@type\":\"ImageObject\",\"inLanguage\":\"en-US\",\"@id\":\"https:\/\/www.missoeshumanitarias.org\/es\/#\/schema\/logo\/image\/\",\"url\":\"https:\/\/www.missoeshumanitarias.org\/wp-content\/uploads\/2020\/05\/logo-FMHI-mg.png\",\"contentUrl\":\"https:\/\/www.missoeshumanitarias.org\/wp-content\/uploads\/2020\/05\/logo-FMHI-mg.png\",\"width\":520,\"height\":134,\"caption\":\"Fraternidade - Miss\u00f5es Humanit\u00e1rias Internacionais\"},\"image\":{\"@id\":\"https:\/\/www.missoeshumanitarias.org\/es\/#\/schema\/logo\/image\/\"}},{\"@type\":\"Person\",\"@id\":\"https:\/\/www.missoeshumanitarias.org\/es\/#\/schema\/person\/e0f8527323154d1eba9f9d9eb6b401f7\",\"name\":\"maducato_admin\",\"image\":{\"@type\":\"ImageObject\",\"inLanguage\":\"en-US\",\"@id\":\"https:\/\/www.missoeshumanitarias.org\/es\/#\/schema\/person\/image\/\",\"url\":\"https:\/\/secure.gravatar.com\/avatar\/6c3b45186a8f5a459d8e14c7fca370bceae92402bc06171d75e4e559b6c24393?s=96&d=mm&r=g\",\"contentUrl\":\"https:\/\/secure.gravatar.com\/avatar\/6c3b45186a8f5a459d8e14c7fca370bceae92402bc06171d75e4e559b6c24393?s=96&d=mm&r=g\",\"caption\":\"maducato_admin\"}}]}<\/script>\n<!-- \/ Yoast SEO Premium plugin. -->","yoast_head_json":{"title":"Humanitarian workers of the Roraima Mission meet with Taurepang indigenous people - Fraternidade Miss\u00f5es Humanit\u00e1rias Internacionais","description":"The proposal of the\u00a0ICTC\u00a0is to include this ethnic group in the trainings offered in the city of Boa Vista through a partnership with AMIR, besides trying to find a response for training in the communities themselves and establishing a dialogue with the leadership for future development activities in the Communities.","robots":{"index":"index","follow":"follow","max-snippet":"max-snippet:-1","max-image-preview":"max-image-preview:large","max-video-preview":"max-video-preview:-1"},"canonical":"https:\/\/www.missoeshumanitarias.org\/en\/humanitarian-workers-of-the-roraima-mission-meet-with-taurepang-indigenous-people\/","og_locale":"en_US","og_type":"article","og_title":"Humanitarian workers of the Roraima Mission meet with Taurepang indigenous people","og_description":"The proposal of the\u00a0ICTC\u00a0is to include this ethnic group in the trainings offered in the city of Boa Vista through a partnership with AMIR, besides trying to find a response for training in the communities themselves and establishing a dialogue with the leadership for future development activities in the Communities.","og_url":"https:\/\/www.missoeshumanitarias.org\/en\/humanitarian-workers-of-the-roraima-mission-meet-with-taurepang-indigenous-people\/","og_site_name":"Fraternidade Miss\u00f5es Humanit\u00e1rias Internacionais","article_published_time":"2022-07-19T20:12:42+00:00","article_modified_time":"2022-07-26T20:45:58+00:00","og_image":[{"width":1280,"height":960,"url":"https:\/\/www.missoeshumanitarias.org\/wp-content\/uploads\/2022\/07\/Taurepang_Missao_roraima_humanitaria_FFHI.jpg","type":"image\/jpeg"}],"author":"maducato_admin","twitter_card":"summary_large_image","twitter_misc":{"Written by":"maducato_admin","Est. reading time":"2 minutes"},"schema":{"@context":"https:\/\/schema.org","@graph":[{"@type":"Article","@id":"https:\/\/www.missoeshumanitarias.org\/en\/humanitarian-workers-of-the-roraima-mission-meet-with-taurepang-indigenous-people\/#article","isPartOf":{"@id":"https:\/\/www.missoeshumanitarias.org\/en\/humanitarian-workers-of-the-roraima-mission-meet-with-taurepang-indigenous-people\/"},"author":{"name":"maducato_admin","@id":"https:\/\/www.missoeshumanitarias.org\/es\/#\/schema\/person\/e0f8527323154d1eba9f9d9eb6b401f7"},"headline":"Humanitarian workers of the Roraima Mission meet with Taurepang indigenous people","datePublished":"2022-07-19T20:12:42+00:00","dateModified":"2022-07-26T20:45:58+00:00","mainEntityOfPage":{"@id":"https:\/\/www.missoeshumanitarias.org\/en\/humanitarian-workers-of-the-roraima-mission-meet-with-taurepang-indigenous-people\/"},"wordCount":408,"publisher":{"@id":"https:\/\/www.missoeshumanitarias.org\/es\/#organization"},"image":{"@id":"https:\/\/www.missoeshumanitarias.org\/en\/humanitarian-workers-of-the-roraima-mission-meet-with-taurepang-indigenous-people\/#primaryimage"},"thumbnailUrl":"https:\/\/www.missoeshumanitarias.org\/wp-content\/uploads\/2022\/07\/Taurepang_Missao_roraima_humanitaria_FFHI.jpg","articleSection":["News","News about the Missions"],"inLanguage":"en-US"},{"@type":"WebPage","@id":"https:\/\/www.missoeshumanitarias.org\/en\/humanitarian-workers-of-the-roraima-mission-meet-with-taurepang-indigenous-people\/","url":"https:\/\/www.missoeshumanitarias.org\/en\/humanitarian-workers-of-the-roraima-mission-meet-with-taurepang-indigenous-people\/","name":"Humanitarian workers of the Roraima Mission meet with Taurepang indigenous people - Fraternidade Miss\u00f5es Humanit\u00e1rias Internacionais","isPartOf":{"@id":"https:\/\/www.missoeshumanitarias.org\/es\/#website"},"primaryImageOfPage":{"@id":"https:\/\/www.missoeshumanitarias.org\/en\/humanitarian-workers-of-the-roraima-mission-meet-with-taurepang-indigenous-people\/#primaryimage"},"image":{"@id":"https:\/\/www.missoeshumanitarias.org\/en\/humanitarian-workers-of-the-roraima-mission-meet-with-taurepang-indigenous-people\/#primaryimage"},"thumbnailUrl":"https:\/\/www.missoeshumanitarias.org\/wp-content\/uploads\/2022\/07\/Taurepang_Missao_roraima_humanitaria_FFHI.jpg","datePublished":"2022-07-19T20:12:42+00:00","dateModified":"2022-07-26T20:45:58+00:00","description":"The proposal of the\u00a0ICTC\u00a0is to include this ethnic group in the trainings offered in the city of Boa Vista through a partnership with AMIR, besides trying to find a response for training in the communities themselves and establishing a dialogue with the leadership for future development activities in the Communities.","breadcrumb":{"@id":"https:\/\/www.missoeshumanitarias.org\/en\/humanitarian-workers-of-the-roraima-mission-meet-with-taurepang-indigenous-people\/#breadcrumb"},"inLanguage":"en-US","potentialAction":[{"@type":"ReadAction","target":["https:\/\/www.missoeshumanitarias.org\/en\/humanitarian-workers-of-the-roraima-mission-meet-with-taurepang-indigenous-people\/"]}]},{"@type":"ImageObject","inLanguage":"en-US","@id":"https:\/\/www.missoeshumanitarias.org\/en\/humanitarian-workers-of-the-roraima-mission-meet-with-taurepang-indigenous-people\/#primaryimage","url":"https:\/\/www.missoeshumanitarias.org\/wp-content\/uploads\/2022\/07\/Taurepang_Missao_roraima_humanitaria_FFHI.jpg","contentUrl":"https:\/\/www.missoeshumanitarias.org\/wp-content\/uploads\/2022\/07\/Taurepang_Missao_roraima_humanitaria_FFHI.jpg","width":1280,"height":960,"caption":"Servidores humanit\u00e1rios da Miss\u00e3o Roraima se re\u00fanem com ind\u00edgenas Taurepang"},{"@type":"BreadcrumbList","@id":"https:\/\/www.missoeshumanitarias.org\/en\/humanitarian-workers-of-the-roraima-mission-meet-with-taurepang-indigenous-people\/#breadcrumb","itemListElement":[{"@type":"ListItem","position":1,"name":"Home","item":"https:\/\/www.missoeshumanitarias.org\/en\/"},{"@type":"ListItem","position":2,"name":"Humanitarian workers of the Roraima Mission meet with Taurepang indigenous people"}]},{"@type":"WebSite","@id":"https:\/\/www.missoeshumanitarias.org\/es\/#website","url":"https:\/\/www.missoeshumanitarias.org\/es\/","name":"Fraternidade Miss\u00f5es Humanit\u00e1rias Internacionais","description":"Respostas Humanit\u00e1rias e Emerg\u00eancias","publisher":{"@id":"https:\/\/www.missoeshumanitarias.org\/es\/#organization"},"potentialAction":[{"@type":"SearchAction","target":{"@type":"EntryPoint","urlTemplate":"https:\/\/www.missoeshumanitarias.org\/es\/?s={search_term_string}"},"query-input":"required name=search_term_string"}],"inLanguage":"en-US"},{"@type":"Organization","@id":"https:\/\/www.missoeshumanitarias.org\/es\/#organization","name":"Fraternidade - Miss\u00f5es Humanit\u00e1rias Internacionais","url":"https:\/\/www.missoeshumanitarias.org\/es\/","logo":{"@type":"ImageObject","inLanguage":"en-US","@id":"https:\/\/www.missoeshumanitarias.org\/es\/#\/schema\/logo\/image\/","url":"https:\/\/www.missoeshumanitarias.org\/wp-content\/uploads\/2020\/05\/logo-FMHI-mg.png","contentUrl":"https:\/\/www.missoeshumanitarias.org\/wp-content\/uploads\/2020\/05\/logo-FMHI-mg.png","width":520,"height":134,"caption":"Fraternidade - Miss\u00f5es Humanit\u00e1rias Internacionais"},"image":{"@id":"https:\/\/www.missoeshumanitarias.org\/es\/#\/schema\/logo\/image\/"}},{"@type":"Person","@id":"https:\/\/www.missoeshumanitarias.org\/es\/#\/schema\/person\/e0f8527323154d1eba9f9d9eb6b401f7","name":"maducato_admin","image":{"@type":"ImageObject","inLanguage":"en-US","@id":"https:\/\/www.missoeshumanitarias.org\/es\/#\/schema\/person\/image\/","url":"https:\/\/secure.gravatar.com\/avatar\/6c3b45186a8f5a459d8e14c7fca370bceae92402bc06171d75e4e559b6c24393?s=96&d=mm&r=g","contentUrl":"https:\/\/secure.gravatar.com\/avatar\/6c3b45186a8f5a459d8e14c7fca370bceae92402bc06171d75e4e559b6c24393?s=96&d=mm&r=g","caption":"maducato_admin"}}]}},"_links":{"self":[{"href":"https:\/\/www.missoeshumanitarias.org\/en\/wp-json\/wp\/v2\/posts\/143652","targetHints":{"allow":["GET"]}}],"collection":[{"href":"https:\/\/www.missoeshumanitarias.org\/en\/wp-json\/wp\/v2\/posts"}],"about":[{"href":"https:\/\/www.missoeshumanitarias.org\/en\/wp-json\/wp\/v2\/types\/post"}],"author":[{"embeddable":true,"href":"https:\/\/www.missoeshumanitarias.org\/en\/wp-json\/wp\/v2\/users\/1"}],"replies":[{"embeddable":true,"href":"https:\/\/www.missoeshumanitarias.org\/en\/wp-json\/wp\/v2\/comments?post=143652"}],"version-history":[{"count":0,"href":"https:\/\/www.missoeshumanitarias.org\/en\/wp-json\/wp\/v2\/posts\/143652\/revisions"}],"wp:featuredmedia":[{"embeddable":true,"href":"https:\/\/www.missoeshumanitarias.org\/en\/wp-json\/wp\/v2\/media\/143589"}],"wp:attachment":[{"href":"https:\/\/www.missoeshumanitarias.org\/en\/wp-json\/wp\/v2\/media?parent=143652"}],"wp:term":[{"taxonomy":"category","embeddable":true,"href":"https:\/\/www.missoeshumanitarias.org\/en\/wp-json\/wp\/v2\/categories?post=143652"},{"taxonomy":"post_tag","embeddable":true,"href":"https:\/\/www.missoeshumanitarias.org\/en\/wp-json\/wp\/v2\/tags?post=143652"}],"curies":[{"name":"wp","href":"https:\/\/api.w.org\/{rel}","templated":true}]}}