{"id":144044,"date":"2022-07-25T19:11:15","date_gmt":"2022-07-25T22:11:15","guid":{"rendered":"https:\/\/www.missoeshumanitarias.org\/the-humanitarian-fraternity-fihf-participated-in-the-3rd-integraarte-fair-in-roraima\/"},"modified":"2022-07-27T09:36:12","modified_gmt":"2022-07-27T12:36:12","slug":"the-humanitarian-fraternity-fihf-participated-in-the-3rd-integraarte-fair-in-roraima","status":"publish","type":"post","link":"https:\/\/www.missoeshumanitarias.org\/en\/the-humanitarian-fraternity-fihf-participated-in-the-3rd-integraarte-fair-in-roraima\/","title":{"rendered":"The Humanitarian Fraternity (FIHF) participated in the 3rd IntegraArte Fair in Roraima"},"content":{"rendered":"\n<p>The team of the\u00a0<a href=\"https:\/\/www.fraterinternacional.org\/en\/\" target=\"_blank\" rel=\"noopener\">Fraternity \u2013 International Humanitarian Federation (FIHF)\u00a0<\/a>supported the participation of entrepreneurs who are part of the projects offered by the\u00a0<a href=\"https:\/\/www.missoeshumanitarias.org\/en\/?s=Centro+Cultural+e+de+Forma%C3%A7%C3%A3o+Ind%C3%ADgena+%28CCFI%29\" target=\"_blank\" rel=\"noopener\">Indigenous Cultural and Training Center (ICTC)\u00a0<\/a>on the third occasion of the\u00a0<b>IntegraArte Fair,<\/b>\u00a0which took place on July 2 at the Roraima Garden Shopping, in Boa Vista \u2013 RR.<\/p>\n<div class=\"wp-block-image\">\n<figure class=\"aligncenter size-full\"><img fetchpriority=\"high\" decoding=\"async\" width=\"1000\" height=\"667\" src=\"https:\/\/www.missoeshumanitarias.org\/wp-content\/uploads\/2022\/07\/feira-integrarte-Roraima-03.jpg\" alt=\"\" class=\"wp-image-143962\" srcset=\"https:\/\/www.missoeshumanitarias.org\/wp-content\/uploads\/2022\/07\/feira-integrarte-Roraima-03.jpg 1000w, https:\/\/www.missoeshumanitarias.org\/wp-content\/uploads\/2022\/07\/feira-integrarte-Roraima-03-300x200.jpg 300w, https:\/\/www.missoeshumanitarias.org\/wp-content\/uploads\/2022\/07\/feira-integrarte-Roraima-03-768x512.jpg 768w\" sizes=\"(max-width: 1000px) 100vw, 1000px\" \/><\/figure>\n<\/div>\n<p>Around 40 entrepreneurs, both indigenous and non-indigenous, refugees, immigrants and Brazilians, had the chance for exhibiting handicrafts, cosmetics, floriculture products and other entrepreneurship segments throughout the day.<\/p>\n\n<p>The\u00a0<b>IntegraArte\u00a0<\/b>Fair was organized by the Work Group of Operation Welcome, made up of diverse organizations such as the UN Agencies for Migrations (OIM) and for Refugees, UNHCR, Global Vision, AVSI, among others, with the aim of encouraging a socioeconomic integration and convergence between the host community and the Venezuelan refugee and immigrant population.<\/p>\n\n<figure class=\"wp-block-gallery has-nested-images columns-default is-cropped wp-block-gallery-1 is-layout-flex wp-block-gallery-is-layout-flex\">\n<figure class=\"wp-block-image size-large\"><img decoding=\"async\" width=\"1000\" height=\"667\" data-id=\"143966\" src=\"https:\/\/www.missoeshumanitarias.org\/wp-content\/uploads\/2022\/07\/feira-integrarte-Roraima-05.jpg\" alt=\"IntegraArte Fair\" class=\"wp-image-143966\" srcset=\"https:\/\/www.missoeshumanitarias.org\/wp-content\/uploads\/2022\/07\/feira-integrarte-Roraima-05.jpg 1000w, https:\/\/www.missoeshumanitarias.org\/wp-content\/uploads\/2022\/07\/feira-integrarte-Roraima-05-300x200.jpg 300w, https:\/\/www.missoeshumanitarias.org\/wp-content\/uploads\/2022\/07\/feira-integrarte-Roraima-05-768x512.jpg 768w\" sizes=\"(max-width: 1000px) 100vw, 1000px\" \/><\/figure>\n\n\n\n<figure class=\"wp-block-image size-large\"><img decoding=\"async\" width=\"1000\" height=\"667\" data-id=\"143970\" src=\"https:\/\/www.missoeshumanitarias.org\/wp-content\/uploads\/2022\/07\/feira-integrarte-Roraima-04.jpg\" alt=\"IntegraArte Fair\" class=\"wp-image-143970\" srcset=\"https:\/\/www.missoeshumanitarias.org\/wp-content\/uploads\/2022\/07\/feira-integrarte-Roraima-04.jpg 1000w, https:\/\/www.missoeshumanitarias.org\/wp-content\/uploads\/2022\/07\/feira-integrarte-Roraima-04-300x200.jpg 300w, https:\/\/www.missoeshumanitarias.org\/wp-content\/uploads\/2022\/07\/feira-integrarte-Roraima-04-768x512.jpg 768w\" sizes=\"(max-width: 1000px) 100vw, 1000px\" \/><\/figure>\n<\/figure>\n\n<p>The event, with free admission, plays a very important role, not only in cultural development, but also in the economic development of its participants. \u201cThis Fair represents an opportunity for exchanging knowledge among the different indigenous ethnicities present, besides making it possible for the public to purchase traditional products from the hands of those who produce them \u2013 and to talk with these people, hear their stories,\u201d says Nuris Mar\u00eda Suarez de Villarroel, the leader of the project\u00a0<a href=\"https:\/\/www.missoeshumanitarias.org\/en\/?s=Tida+Warao+\" target=\"_blank\" rel=\"noopener\">Tida Warao \u2013 \u2018Women\u00a0<\/a>who take care and care for nature\u2019-, which produces ecological absorbents.<\/p>\n\n<p>Boris Puerto Lopez, a humanitarian worker of the\u00a0<a href=\"https:\/\/www.fraterinternacional.org\/en\/\" target=\"_blank\" rel=\"noopener\">Humanitarian Fraternity (FIHF)<\/a>, also emphasized that participation in the Fair contributes to making it possible for entrepreneurs, besides being able to exhibit their products, to also look for new customers, generate income and open ways to autonomy.<\/p>\n\n<p>The tribes supported by the<a href=\"https:\/\/www.missoeshumanitarias.org\/en\/?s=Centro+Cultural+e+de+Forma%C3%A7%C3%A3o+Ind%C3%ADgena+%28CCFI%29\" target=\"_blank\" rel=\"noopener\">\u00a0ICTC\u00a0<\/a>that were present at the event were: the Venezuelans, Warao and Taurepang, and the Brazilians, Wai Wai and Wapixana.<\/p>\n\n<figure class=\"wp-block-gallery has-nested-images columns-default is-cropped wp-block-gallery-2 is-layout-flex wp-block-gallery-is-layout-flex\">\n<figure class=\"wp-block-image size-large\"><img loading=\"lazy\" decoding=\"async\" width=\"1000\" height=\"667\" data-id=\"143974\" src=\"https:\/\/www.missoeshumanitarias.org\/wp-content\/uploads\/2022\/07\/feira-integrarte-Roraima-02.jpg\" alt=\"IntegraArte Fair\" class=\"wp-image-143974\" srcset=\"https:\/\/www.missoeshumanitarias.org\/wp-content\/uploads\/2022\/07\/feira-integrarte-Roraima-02.jpg 1000w, https:\/\/www.missoeshumanitarias.org\/wp-content\/uploads\/2022\/07\/feira-integrarte-Roraima-02-300x200.jpg 300w, https:\/\/www.missoeshumanitarias.org\/wp-content\/uploads\/2022\/07\/feira-integrarte-Roraima-02-768x512.jpg 768w\" sizes=\"(max-width: 1000px) 100vw, 1000px\" \/><\/figure>\n\n\n\n<figure class=\"wp-block-image size-large\"><img loading=\"lazy\" decoding=\"async\" width=\"1000\" height=\"667\" data-id=\"143978\" src=\"https:\/\/www.missoeshumanitarias.org\/wp-content\/uploads\/2022\/07\/feira-integrarte-Roraima-01.jpg\" alt=\"IntegraArte Fair\" class=\"wp-image-143978\" srcset=\"https:\/\/www.missoeshumanitarias.org\/wp-content\/uploads\/2022\/07\/feira-integrarte-Roraima-01.jpg 1000w, https:\/\/www.missoeshumanitarias.org\/wp-content\/uploads\/2022\/07\/feira-integrarte-Roraima-01-300x200.jpg 300w, https:\/\/www.missoeshumanitarias.org\/wp-content\/uploads\/2022\/07\/feira-integrarte-Roraima-01-768x512.jpg 768w\" sizes=\"(max-width: 1000px) 100vw, 1000px\" \/><\/figure>\n<\/figure>\n","protected":false},"excerpt":{"rendered":"<p>The team of the\u00a0Fraternity \u2013 International Humanitarian Federation (FIHF)\u00a0supported the participation of entrepreneurs who are part of the projects offered by the\u00a0Indigenous Cultural and Training Center (ICTC)\u00a0on the third occasion of the\u00a0IntegraArte Fair,\u00a0which took place on July 2 at the Roraima Garden Shopping, in Boa Vista \u2013 RR. Around 40 entrepreneurs, both indigenous and non-indigenous, [&hellip;]<\/p>\n","protected":false},"author":1,"featured_media":143963,"comment_status":"closed","ping_status":"closed","sticky":false,"template":"","format":"standard","meta":{"footnotes":""},"categories":[9,132],"tags":[],"class_list":["post-144044","post","type-post","status-publish","format-standard","has-post-thumbnail","hentry","category-news","category-news-about-the-missions"],"featured_image_src":"https:\/\/www.missoeshumanitarias.org\/wp-content\/uploads\/2022\/07\/feira-integrarte-Roraima-03.jpg","author_info":{"display_name":"maducato_admin","author_link":"https:\/\/www.missoeshumanitarias.org\/en\/author\/maducato_admin\/"},"yoast_head":"<!-- This site is optimized with the Yoast SEO Premium plugin v22.5 (Yoast SEO v22.5) - https:\/\/yoast.com\/wordpress\/plugins\/seo\/ -->\n<title>The Humanitarian Fraternity (FIHF) participated in the 3rd IntegraArte Fair in Roraima - Fraternidade Miss\u00f5es Humanit\u00e1rias Internacionais<\/title>\n<meta name=\"robots\" content=\"index, follow, max-snippet:-1, max-image-preview:large, max-video-preview:-1\" \/>\n<link rel=\"canonical\" href=\"https:\/\/www.missoeshumanitarias.org\/en\/the-humanitarian-fraternity-fihf-participated-in-the-3rd-integraarte-fair-in-roraima\/\" \/>\n<meta property=\"og:locale\" content=\"en_US\" \/>\n<meta property=\"og:type\" content=\"article\" \/>\n<meta property=\"og:title\" content=\"The Humanitarian Fraternity (FIHF) participated in the 3rd IntegraArte Fair in Roraima\" \/>\n<meta property=\"og:description\" content=\"The team of the\u00a0Fraternity \u2013 International Humanitarian Federation (FIHF)\u00a0supported the participation of entrepreneurs who are part of the projects offered by the\u00a0Indigenous Cultural and Training Center (ICTC)\u00a0on the third occasion of the\u00a0IntegraArte Fair,\u00a0which took place on July 2 at the Roraima Garden Shopping, in Boa Vista \u2013 RR. Around 40 entrepreneurs, both indigenous and non-indigenous, [&hellip;]\" \/>\n<meta property=\"og:url\" content=\"https:\/\/www.missoeshumanitarias.org\/en\/the-humanitarian-fraternity-fihf-participated-in-the-3rd-integraarte-fair-in-roraima\/\" \/>\n<meta property=\"og:site_name\" content=\"Fraternidade Miss\u00f5es Humanit\u00e1rias Internacionais\" \/>\n<meta property=\"article:published_time\" content=\"2022-07-25T22:11:15+00:00\" \/>\n<meta property=\"article:modified_time\" content=\"2022-07-27T12:36:12+00:00\" \/>\n<meta property=\"og:image\" content=\"https:\/\/www.missoeshumanitarias.org\/wp-content\/uploads\/2022\/07\/feira-integrarte-Roraima-03.jpg\" \/>\n\t<meta property=\"og:image:width\" content=\"1000\" \/>\n\t<meta property=\"og:image:height\" content=\"667\" \/>\n\t<meta property=\"og:image:type\" content=\"image\/jpeg\" \/>\n<meta name=\"author\" content=\"maducato_admin\" \/>\n<meta name=\"twitter:card\" content=\"summary_large_image\" \/>\n<meta name=\"twitter:label1\" content=\"Written by\" \/>\n\t<meta name=\"twitter:data1\" content=\"maducato_admin\" \/>\n\t<meta name=\"twitter:label2\" content=\"Est. reading time\" \/>\n\t<meta name=\"twitter:data2\" content=\"1 minute\" \/>\n<script type=\"application\/ld+json\" class=\"yoast-schema-graph\">{\"@context\":\"https:\/\/schema.org\",\"@graph\":[{\"@type\":\"Article\",\"@id\":\"https:\/\/www.missoeshumanitarias.org\/en\/the-humanitarian-fraternity-fihf-participated-in-the-3rd-integraarte-fair-in-roraima\/#article\",\"isPartOf\":{\"@id\":\"https:\/\/www.missoeshumanitarias.org\/en\/the-humanitarian-fraternity-fihf-participated-in-the-3rd-integraarte-fair-in-roraima\/\"},\"author\":{\"name\":\"maducato_admin\",\"@id\":\"https:\/\/www.missoeshumanitarias.org\/es\/#\/schema\/person\/e0f8527323154d1eba9f9d9eb6b401f7\"},\"headline\":\"The Humanitarian Fraternity (FIHF) participated in the 3rd IntegraArte Fair in Roraima\",\"datePublished\":\"2022-07-25T22:11:15+00:00\",\"dateModified\":\"2022-07-27T12:36:12+00:00\",\"mainEntityOfPage\":{\"@id\":\"https:\/\/www.missoeshumanitarias.org\/en\/the-humanitarian-fraternity-fihf-participated-in-the-3rd-integraarte-fair-in-roraima\/\"},\"wordCount\":307,\"publisher\":{\"@id\":\"https:\/\/www.missoeshumanitarias.org\/es\/#organization\"},\"image\":{\"@id\":\"https:\/\/www.missoeshumanitarias.org\/en\/the-humanitarian-fraternity-fihf-participated-in-the-3rd-integraarte-fair-in-roraima\/#primaryimage\"},\"thumbnailUrl\":\"https:\/\/www.missoeshumanitarias.org\/wp-content\/uploads\/2022\/07\/feira-integrarte-Roraima-03.jpg\",\"articleSection\":[\"News\",\"News about the Missions\"],\"inLanguage\":\"en-US\"},{\"@type\":\"WebPage\",\"@id\":\"https:\/\/www.missoeshumanitarias.org\/en\/the-humanitarian-fraternity-fihf-participated-in-the-3rd-integraarte-fair-in-roraima\/\",\"url\":\"https:\/\/www.missoeshumanitarias.org\/en\/the-humanitarian-fraternity-fihf-participated-in-the-3rd-integraarte-fair-in-roraima\/\",\"name\":\"The Humanitarian Fraternity (FIHF) participated in the 3rd IntegraArte Fair in Roraima - Fraternidade Miss\u00f5es Humanit\u00e1rias Internacionais\",\"isPartOf\":{\"@id\":\"https:\/\/www.missoeshumanitarias.org\/es\/#website\"},\"primaryImageOfPage\":{\"@id\":\"https:\/\/www.missoeshumanitarias.org\/en\/the-humanitarian-fraternity-fihf-participated-in-the-3rd-integraarte-fair-in-roraima\/#primaryimage\"},\"image\":{\"@id\":\"https:\/\/www.missoeshumanitarias.org\/en\/the-humanitarian-fraternity-fihf-participated-in-the-3rd-integraarte-fair-in-roraima\/#primaryimage\"},\"thumbnailUrl\":\"https:\/\/www.missoeshumanitarias.org\/wp-content\/uploads\/2022\/07\/feira-integrarte-Roraima-03.jpg\",\"datePublished\":\"2022-07-25T22:11:15+00:00\",\"dateModified\":\"2022-07-27T12:36:12+00:00\",\"breadcrumb\":{\"@id\":\"https:\/\/www.missoeshumanitarias.org\/en\/the-humanitarian-fraternity-fihf-participated-in-the-3rd-integraarte-fair-in-roraima\/#breadcrumb\"},\"inLanguage\":\"en-US\",\"potentialAction\":[{\"@type\":\"ReadAction\",\"target\":[\"https:\/\/www.missoeshumanitarias.org\/en\/the-humanitarian-fraternity-fihf-participated-in-the-3rd-integraarte-fair-in-roraima\/\"]}]},{\"@type\":\"ImageObject\",\"inLanguage\":\"en-US\",\"@id\":\"https:\/\/www.missoeshumanitarias.org\/en\/the-humanitarian-fraternity-fihf-participated-in-the-3rd-integraarte-fair-in-roraima\/#primaryimage\",\"url\":\"https:\/\/www.missoeshumanitarias.org\/wp-content\/uploads\/2022\/07\/feira-integrarte-Roraima-03.jpg\",\"contentUrl\":\"https:\/\/www.missoeshumanitarias.org\/wp-content\/uploads\/2022\/07\/feira-integrarte-Roraima-03.jpg\",\"width\":1000,\"height\":667,\"caption\":\"Feira Integrarte Roraima\"},{\"@type\":\"BreadcrumbList\",\"@id\":\"https:\/\/www.missoeshumanitarias.org\/en\/the-humanitarian-fraternity-fihf-participated-in-the-3rd-integraarte-fair-in-roraima\/#breadcrumb\",\"itemListElement\":[{\"@type\":\"ListItem\",\"position\":1,\"name\":\"Home\",\"item\":\"https:\/\/www.missoeshumanitarias.org\/en\/\"},{\"@type\":\"ListItem\",\"position\":2,\"name\":\"The Humanitarian Fraternity (FIHF) participated in the 3rd IntegraArte Fair in Roraima\"}]},{\"@type\":\"WebSite\",\"@id\":\"https:\/\/www.missoeshumanitarias.org\/es\/#website\",\"url\":\"https:\/\/www.missoeshumanitarias.org\/es\/\",\"name\":\"Fraternidade Miss\u00f5es Humanit\u00e1rias Internacionais\",\"description\":\"Respostas Humanit\u00e1rias e Emerg\u00eancias\",\"publisher\":{\"@id\":\"https:\/\/www.missoeshumanitarias.org\/es\/#organization\"},\"potentialAction\":[{\"@type\":\"SearchAction\",\"target\":{\"@type\":\"EntryPoint\",\"urlTemplate\":\"https:\/\/www.missoeshumanitarias.org\/es\/?s={search_term_string}\"},\"query-input\":\"required name=search_term_string\"}],\"inLanguage\":\"en-US\"},{\"@type\":\"Organization\",\"@id\":\"https:\/\/www.missoeshumanitarias.org\/es\/#organization\",\"name\":\"Fraternidade - Miss\u00f5es Humanit\u00e1rias Internacionais\",\"url\":\"https:\/\/www.missoeshumanitarias.org\/es\/\",\"logo\":{\"@type\":\"ImageObject\",\"inLanguage\":\"en-US\",\"@id\":\"https:\/\/www.missoeshumanitarias.org\/es\/#\/schema\/logo\/image\/\",\"url\":\"https:\/\/www.missoeshumanitarias.org\/wp-content\/uploads\/2020\/05\/logo-FMHI-mg.png\",\"contentUrl\":\"https:\/\/www.missoeshumanitarias.org\/wp-content\/uploads\/2020\/05\/logo-FMHI-mg.png\",\"width\":520,\"height\":134,\"caption\":\"Fraternidade - Miss\u00f5es Humanit\u00e1rias Internacionais\"},\"image\":{\"@id\":\"https:\/\/www.missoeshumanitarias.org\/es\/#\/schema\/logo\/image\/\"}},{\"@type\":\"Person\",\"@id\":\"https:\/\/www.missoeshumanitarias.org\/es\/#\/schema\/person\/e0f8527323154d1eba9f9d9eb6b401f7\",\"name\":\"maducato_admin\",\"image\":{\"@type\":\"ImageObject\",\"inLanguage\":\"en-US\",\"@id\":\"https:\/\/www.missoeshumanitarias.org\/es\/#\/schema\/person\/image\/\",\"url\":\"https:\/\/secure.gravatar.com\/avatar\/6c3b45186a8f5a459d8e14c7fca370bceae92402bc06171d75e4e559b6c24393?s=96&d=mm&r=g\",\"contentUrl\":\"https:\/\/secure.gravatar.com\/avatar\/6c3b45186a8f5a459d8e14c7fca370bceae92402bc06171d75e4e559b6c24393?s=96&d=mm&r=g\",\"caption\":\"maducato_admin\"}}]}<\/script>\n<!-- \/ Yoast SEO Premium plugin. -->","yoast_head_json":{"title":"The Humanitarian Fraternity (FIHF) participated in the 3rd IntegraArte Fair in Roraima - Fraternidade Miss\u00f5es Humanit\u00e1rias Internacionais","robots":{"index":"index","follow":"follow","max-snippet":"max-snippet:-1","max-image-preview":"max-image-preview:large","max-video-preview":"max-video-preview:-1"},"canonical":"https:\/\/www.missoeshumanitarias.org\/en\/the-humanitarian-fraternity-fihf-participated-in-the-3rd-integraarte-fair-in-roraima\/","og_locale":"en_US","og_type":"article","og_title":"The Humanitarian Fraternity (FIHF) participated in the 3rd IntegraArte Fair in Roraima","og_description":"The team of the\u00a0Fraternity \u2013 International Humanitarian Federation (FIHF)\u00a0supported the participation of entrepreneurs who are part of the projects offered by the\u00a0Indigenous Cultural and Training Center (ICTC)\u00a0on the third occasion of the\u00a0IntegraArte Fair,\u00a0which took place on July 2 at the Roraima Garden Shopping, in Boa Vista \u2013 RR. Around 40 entrepreneurs, both indigenous and non-indigenous, [&hellip;]","og_url":"https:\/\/www.missoeshumanitarias.org\/en\/the-humanitarian-fraternity-fihf-participated-in-the-3rd-integraarte-fair-in-roraima\/","og_site_name":"Fraternidade Miss\u00f5es Humanit\u00e1rias Internacionais","article_published_time":"2022-07-25T22:11:15+00:00","article_modified_time":"2022-07-27T12:36:12+00:00","og_image":[{"width":1000,"height":667,"url":"https:\/\/www.missoeshumanitarias.org\/wp-content\/uploads\/2022\/07\/feira-integrarte-Roraima-03.jpg","type":"image\/jpeg"}],"author":"maducato_admin","twitter_card":"summary_large_image","twitter_misc":{"Written by":"maducato_admin","Est. reading time":"1 minute"},"schema":{"@context":"https:\/\/schema.org","@graph":[{"@type":"Article","@id":"https:\/\/www.missoeshumanitarias.org\/en\/the-humanitarian-fraternity-fihf-participated-in-the-3rd-integraarte-fair-in-roraima\/#article","isPartOf":{"@id":"https:\/\/www.missoeshumanitarias.org\/en\/the-humanitarian-fraternity-fihf-participated-in-the-3rd-integraarte-fair-in-roraima\/"},"author":{"name":"maducato_admin","@id":"https:\/\/www.missoeshumanitarias.org\/es\/#\/schema\/person\/e0f8527323154d1eba9f9d9eb6b401f7"},"headline":"The Humanitarian Fraternity (FIHF) participated in the 3rd IntegraArte Fair in Roraima","datePublished":"2022-07-25T22:11:15+00:00","dateModified":"2022-07-27T12:36:12+00:00","mainEntityOfPage":{"@id":"https:\/\/www.missoeshumanitarias.org\/en\/the-humanitarian-fraternity-fihf-participated-in-the-3rd-integraarte-fair-in-roraima\/"},"wordCount":307,"publisher":{"@id":"https:\/\/www.missoeshumanitarias.org\/es\/#organization"},"image":{"@id":"https:\/\/www.missoeshumanitarias.org\/en\/the-humanitarian-fraternity-fihf-participated-in-the-3rd-integraarte-fair-in-roraima\/#primaryimage"},"thumbnailUrl":"https:\/\/www.missoeshumanitarias.org\/wp-content\/uploads\/2022\/07\/feira-integrarte-Roraima-03.jpg","articleSection":["News","News about the Missions"],"inLanguage":"en-US"},{"@type":"WebPage","@id":"https:\/\/www.missoeshumanitarias.org\/en\/the-humanitarian-fraternity-fihf-participated-in-the-3rd-integraarte-fair-in-roraima\/","url":"https:\/\/www.missoeshumanitarias.org\/en\/the-humanitarian-fraternity-fihf-participated-in-the-3rd-integraarte-fair-in-roraima\/","name":"The Humanitarian Fraternity (FIHF) participated in the 3rd IntegraArte Fair in Roraima - Fraternidade Miss\u00f5es Humanit\u00e1rias Internacionais","isPartOf":{"@id":"https:\/\/www.missoeshumanitarias.org\/es\/#website"},"primaryImageOfPage":{"@id":"https:\/\/www.missoeshumanitarias.org\/en\/the-humanitarian-fraternity-fihf-participated-in-the-3rd-integraarte-fair-in-roraima\/#primaryimage"},"image":{"@id":"https:\/\/www.missoeshumanitarias.org\/en\/the-humanitarian-fraternity-fihf-participated-in-the-3rd-integraarte-fair-in-roraima\/#primaryimage"},"thumbnailUrl":"https:\/\/www.missoeshumanitarias.org\/wp-content\/uploads\/2022\/07\/feira-integrarte-Roraima-03.jpg","datePublished":"2022-07-25T22:11:15+00:00","dateModified":"2022-07-27T12:36:12+00:00","breadcrumb":{"@id":"https:\/\/www.missoeshumanitarias.org\/en\/the-humanitarian-fraternity-fihf-participated-in-the-3rd-integraarte-fair-in-roraima\/#breadcrumb"},"inLanguage":"en-US","potentialAction":[{"@type":"ReadAction","target":["https:\/\/www.missoeshumanitarias.org\/en\/the-humanitarian-fraternity-fihf-participated-in-the-3rd-integraarte-fair-in-roraima\/"]}]},{"@type":"ImageObject","inLanguage":"en-US","@id":"https:\/\/www.missoeshumanitarias.org\/en\/the-humanitarian-fraternity-fihf-participated-in-the-3rd-integraarte-fair-in-roraima\/#primaryimage","url":"https:\/\/www.missoeshumanitarias.org\/wp-content\/uploads\/2022\/07\/feira-integrarte-Roraima-03.jpg","contentUrl":"https:\/\/www.missoeshumanitarias.org\/wp-content\/uploads\/2022\/07\/feira-integrarte-Roraima-03.jpg","width":1000,"height":667,"caption":"Feira Integrarte Roraima"},{"@type":"BreadcrumbList","@id":"https:\/\/www.missoeshumanitarias.org\/en\/the-humanitarian-fraternity-fihf-participated-in-the-3rd-integraarte-fair-in-roraima\/#breadcrumb","itemListElement":[{"@type":"ListItem","position":1,"name":"Home","item":"https:\/\/www.missoeshumanitarias.org\/en\/"},{"@type":"ListItem","position":2,"name":"The Humanitarian Fraternity (FIHF) participated in the 3rd IntegraArte Fair in Roraima"}]},{"@type":"WebSite","@id":"https:\/\/www.missoeshumanitarias.org\/es\/#website","url":"https:\/\/www.missoeshumanitarias.org\/es\/","name":"Fraternidade Miss\u00f5es Humanit\u00e1rias Internacionais","description":"Respostas Humanit\u00e1rias e Emerg\u00eancias","publisher":{"@id":"https:\/\/www.missoeshumanitarias.org\/es\/#organization"},"potentialAction":[{"@type":"SearchAction","target":{"@type":"EntryPoint","urlTemplate":"https:\/\/www.missoeshumanitarias.org\/es\/?s={search_term_string}"},"query-input":"required name=search_term_string"}],"inLanguage":"en-US"},{"@type":"Organization","@id":"https:\/\/www.missoeshumanitarias.org\/es\/#organization","name":"Fraternidade - Miss\u00f5es Humanit\u00e1rias Internacionais","url":"https:\/\/www.missoeshumanitarias.org\/es\/","logo":{"@type":"ImageObject","inLanguage":"en-US","@id":"https:\/\/www.missoeshumanitarias.org\/es\/#\/schema\/logo\/image\/","url":"https:\/\/www.missoeshumanitarias.org\/wp-content\/uploads\/2020\/05\/logo-FMHI-mg.png","contentUrl":"https:\/\/www.missoeshumanitarias.org\/wp-content\/uploads\/2020\/05\/logo-FMHI-mg.png","width":520,"height":134,"caption":"Fraternidade - Miss\u00f5es Humanit\u00e1rias Internacionais"},"image":{"@id":"https:\/\/www.missoeshumanitarias.org\/es\/#\/schema\/logo\/image\/"}},{"@type":"Person","@id":"https:\/\/www.missoeshumanitarias.org\/es\/#\/schema\/person\/e0f8527323154d1eba9f9d9eb6b401f7","name":"maducato_admin","image":{"@type":"ImageObject","inLanguage":"en-US","@id":"https:\/\/www.missoeshumanitarias.org\/es\/#\/schema\/person\/image\/","url":"https:\/\/secure.gravatar.com\/avatar\/6c3b45186a8f5a459d8e14c7fca370bceae92402bc06171d75e4e559b6c24393?s=96&d=mm&r=g","contentUrl":"https:\/\/secure.gravatar.com\/avatar\/6c3b45186a8f5a459d8e14c7fca370bceae92402bc06171d75e4e559b6c24393?s=96&d=mm&r=g","caption":"maducato_admin"}}]}},"_links":{"self":[{"href":"https:\/\/www.missoeshumanitarias.org\/en\/wp-json\/wp\/v2\/posts\/144044","targetHints":{"allow":["GET"]}}],"collection":[{"href":"https:\/\/www.missoeshumanitarias.org\/en\/wp-json\/wp\/v2\/posts"}],"about":[{"href":"https:\/\/www.missoeshumanitarias.org\/en\/wp-json\/wp\/v2\/types\/post"}],"author":[{"embeddable":true,"href":"https:\/\/www.missoeshumanitarias.org\/en\/wp-json\/wp\/v2\/users\/1"}],"replies":[{"embeddable":true,"href":"https:\/\/www.missoeshumanitarias.org\/en\/wp-json\/wp\/v2\/comments?post=144044"}],"version-history":[{"count":0,"href":"https:\/\/www.missoeshumanitarias.org\/en\/wp-json\/wp\/v2\/posts\/144044\/revisions"}],"wp:featuredmedia":[{"embeddable":true,"href":"https:\/\/www.missoeshumanitarias.org\/en\/wp-json\/wp\/v2\/media\/143963"}],"wp:attachment":[{"href":"https:\/\/www.missoeshumanitarias.org\/en\/wp-json\/wp\/v2\/media?parent=144044"}],"wp:term":[{"taxonomy":"category","embeddable":true,"href":"https:\/\/www.missoeshumanitarias.org\/en\/wp-json\/wp\/v2\/categories?post=144044"},{"taxonomy":"post_tag","embeddable":true,"href":"https:\/\/www.missoeshumanitarias.org\/en\/wp-json\/wp\/v2\/tags?post=144044"}],"curies":[{"name":"wp","href":"https:\/\/api.w.org\/{rel}","templated":true}]}}