{"id":144222,"date":"2022-08-05T17:36:37","date_gmt":"2022-08-05T20:36:37","guid":{"rendered":"https:\/\/www.missoeshumanitarias.org\/basic-portuguese-language-course-for-indigenous-immigrants-and-refugees\/"},"modified":"2022-08-08T20:19:16","modified_gmt":"2022-08-08T23:19:16","slug":"basic-portuguese-language-course-for-indigenous-immigrants-and-refugees","status":"publish","type":"post","link":"https:\/\/www.missoeshumanitarias.org\/en\/basic-portuguese-language-course-for-indigenous-immigrants-and-refugees\/","title":{"rendered":"Basic Portuguese Language Course for indigenous immigrants and refugees"},"content":{"rendered":"\n<p>Through July 18 to August 7, from 8:30 am to 11:30 am, an in person introductory course to basic Portuguese was provided by the\u00a0<a href=\"https:\/\/www.fraterinternacional.org\/en\/\" target=\"_blank\" rel=\"noopener\">Fraternity \u2013International Humanitarian Federation (FIHF)\u00a0<\/a>and Visi\u00f3n Mundial (World Vision), in the facilities of the\u00a0<a href=\"https:\/\/www.missoeshumanitarias.org\/en\/\" target=\"_blank\" rel=\"noopener\">Indigenous Cultural and Training Center (ICTC)<\/a>.<\/p>\n\n<p>The goal of the course was to give the students a basic knowledge of the Portuguese language \u2013 with a corresponding certificate \u2013 which is an indispensable prerequisite for obtaining a job, especially in Brazil, and also to ease daily life. <\/p>\n<div class=\"wp-block-image\">\n<figure class=\"aligncenter size-large\"><img fetchpriority=\"high\" decoding=\"async\" width=\"1024\" height=\"768\" src=\"https:\/\/www.missoeshumanitarias.org\/wp-content\/uploads\/2022\/08\/Indigenas_refugiados_CCFI_FFHI_3-1024x768.jpg\" alt=\"Basic Portuguese Language Course for indigenous immigrants and refugees\" class=\"wp-image-144178\" srcset=\"https:\/\/www.missoeshumanitarias.org\/wp-content\/uploads\/2022\/08\/Indigenas_refugiados_CCFI_FFHI_3-1024x768.jpg 1024w, https:\/\/www.missoeshumanitarias.org\/wp-content\/uploads\/2022\/08\/Indigenas_refugiados_CCFI_FFHI_3-300x225.jpg 300w, https:\/\/www.missoeshumanitarias.org\/wp-content\/uploads\/2022\/08\/Indigenas_refugiados_CCFI_FFHI_3-768x576.jpg 768w, https:\/\/www.missoeshumanitarias.org\/wp-content\/uploads\/2022\/08\/Indigenas_refugiados_CCFI_FFHI_3.jpg 1280w\" sizes=\"(max-width: 1024px) 100vw, 1024px\" \/><\/figure>\n<\/div>\n<p>It was aimed at the Venezuelan indigenous refugees, and 20 students participated, all of them enrolled and qualified to deepen their study of the language.<\/p>\n\n<p>We share below the comments of the teacher Everton, responsible for the training task: \u201cI felt very warmly received both by the students and the staff of the\u00a0<a href=\"https:\/\/www.fraterinternacional.org\/en\/\" target=\"_blank\" rel=\"noopener\">Humanitarian Fraternity (FIHF)<\/a>. The setting is perfect, the people are very welcoming. I was very happy with the 100% approval rate of the classes, and saw that the students were also happy, because it seems their expectations were met,\u201d he reflects.<\/p>\n<div class=\"wp-block-image\">\n<figure class=\"aligncenter size-large\"><img decoding=\"async\" width=\"1024\" height=\"768\" src=\"https:\/\/www.missoeshumanitarias.org\/wp-content\/uploads\/2022\/08\/Indigenas_refugiados_CCFI_FFHI-1024x768.jpg\" alt=\"Basic Portuguese Language Course for indigenous immigrants and refugees\" class=\"wp-image-144174\" srcset=\"https:\/\/www.missoeshumanitarias.org\/wp-content\/uploads\/2022\/08\/Indigenas_refugiados_CCFI_FFHI-1024x768.jpg 1024w, https:\/\/www.missoeshumanitarias.org\/wp-content\/uploads\/2022\/08\/Indigenas_refugiados_CCFI_FFHI-300x225.jpg 300w, https:\/\/www.missoeshumanitarias.org\/wp-content\/uploads\/2022\/08\/Indigenas_refugiados_CCFI_FFHI-768x576.jpg 768w, https:\/\/www.missoeshumanitarias.org\/wp-content\/uploads\/2022\/08\/Indigenas_refugiados_CCFI_FFHI.jpg 1280w\" sizes=\"(max-width: 1024px) 100vw, 1024px\" \/><\/figure>\n<\/div>\n<p>Everton also says: \u201cIn this new group, I managed to obtain some information on the academic training some of them received, and I believe it will be a bit more challenging, because generally, students with academic experience are more critical, are going to want to ask more questions; and for me, that\u2019s perfect and excellent. Therefore, I expect this group to have more questions in relation to what they\u2019re learning, and I think it will also be more musical, because I see there are many students who identify music as something related to their culture, and I think this will be very strong in this next class.\u201d<\/p>\n\n<p>The student \u00c1ngel Silva also expressed himself in the following way: \u201cfirstly, I want to thank institutions like the\u00a0<a href=\"https:\/\/www.fraterinternacional.org\/en\/\" target=\"_blank\" rel=\"noopener\">HumanitarianFraternity (FIHF)<\/a>\u00a0and Visi\u00f3n Mundial, which monitored us during the course of our preparation. And today I\u2019m happy and content, as an indigenous Venezuelan, because of having received this training, so we can have our own ideas and continue developing and going deeper into things at any time, which will be useful to us. I\u2019m grateful, happy, pleased for having received my certificate, which I received today with pride, dedication and love.\u201d<\/p>\n<div class=\"wp-block-image\">\n<figure class=\"aligncenter size-large\"><img decoding=\"async\" width=\"1024\" height=\"768\" src=\"https:\/\/www.missoeshumanitarias.org\/wp-content\/uploads\/2022\/08\/Indigenas_refugiados_CCFI_FFHI_2-1024x768.jpg\" alt=\"Basic Portuguese Language Course for indigenous immigrants and refugees\" class=\"wp-image-144170\" srcset=\"https:\/\/www.missoeshumanitarias.org\/wp-content\/uploads\/2022\/08\/Indigenas_refugiados_CCFI_FFHI_2-1024x768.jpg 1024w, https:\/\/www.missoeshumanitarias.org\/wp-content\/uploads\/2022\/08\/Indigenas_refugiados_CCFI_FFHI_2-300x225.jpg 300w, https:\/\/www.missoeshumanitarias.org\/wp-content\/uploads\/2022\/08\/Indigenas_refugiados_CCFI_FFHI_2-768x576.jpg 768w, https:\/\/www.missoeshumanitarias.org\/wp-content\/uploads\/2022\/08\/Indigenas_refugiados_CCFI_FFHI_2.jpg 1280w\" sizes=\"(max-width: 1024px) 100vw, 1024px\" \/><\/figure>\n<\/div>","protected":false},"excerpt":{"rendered":"<p>Through July 18 to August 7, from 8:30 am to 11:30 am, an in person introductory course to basic Portuguese was provided by the\u00a0Fraternity \u2013International Humanitarian Federation (FIHF)\u00a0and Visi\u00f3n Mundial (World Vision), in the facilities of the\u00a0Indigenous Cultural and Training Center (ICTC). The goal of the course was to give the students a basic knowledge [&hellip;]<\/p>\n","protected":false},"author":1,"featured_media":144171,"comment_status":"closed","ping_status":"closed","sticky":false,"template":"","format":"standard","meta":{"footnotes":""},"categories":[9,132],"tags":[],"class_list":["post-144222","post","type-post","status-publish","format-standard","has-post-thumbnail","hentry","category-news","category-news-about-the-missions"],"featured_image_src":"https:\/\/www.missoeshumanitarias.org\/wp-content\/uploads\/2022\/08\/Indigenas_refugiados_CCFI_FFHI_2.jpg","author_info":{"display_name":"maducato_admin","author_link":"https:\/\/www.missoeshumanitarias.org\/en\/author\/maducato_admin\/"},"yoast_head":"<!-- This site is optimized with the Yoast SEO Premium plugin v22.5 (Yoast SEO v22.5) - https:\/\/yoast.com\/wordpress\/plugins\/seo\/ -->\n<title>Basic Portuguese Language Course for indigenous immigrants and refugees - Fraternidade Miss\u00f5es Humanit\u00e1rias Internacionais<\/title>\n<meta name=\"robots\" content=\"index, follow, max-snippet:-1, max-image-preview:large, max-video-preview:-1\" \/>\n<link rel=\"canonical\" href=\"https:\/\/www.missoeshumanitarias.org\/en\/basic-portuguese-language-course-for-indigenous-immigrants-and-refugees\/\" \/>\n<meta property=\"og:locale\" content=\"en_US\" \/>\n<meta property=\"og:type\" content=\"article\" \/>\n<meta property=\"og:title\" content=\"Basic Portuguese Language Course for indigenous immigrants and refugees\" \/>\n<meta property=\"og:description\" content=\"Through July 18 to August 7, from 8:30 am to 11:30 am, an in person introductory course to basic Portuguese was provided by the\u00a0Fraternity \u2013International Humanitarian Federation (FIHF)\u00a0and Visi\u00f3n Mundial (World Vision), in the facilities of the\u00a0Indigenous Cultural and Training Center (ICTC). The goal of the course was to give the students a basic knowledge [&hellip;]\" \/>\n<meta property=\"og:url\" content=\"https:\/\/www.missoeshumanitarias.org\/en\/basic-portuguese-language-course-for-indigenous-immigrants-and-refugees\/\" \/>\n<meta property=\"og:site_name\" content=\"Fraternidade Miss\u00f5es Humanit\u00e1rias Internacionais\" \/>\n<meta property=\"article:published_time\" content=\"2022-08-05T20:36:37+00:00\" \/>\n<meta property=\"article:modified_time\" content=\"2022-08-08T23:19:16+00:00\" \/>\n<meta property=\"og:image\" content=\"https:\/\/www.missoeshumanitarias.org\/wp-content\/uploads\/2022\/08\/Indigenas_refugiados_CCFI_FFHI_2.jpg\" \/>\n\t<meta property=\"og:image:width\" content=\"1280\" \/>\n\t<meta property=\"og:image:height\" content=\"960\" \/>\n\t<meta property=\"og:image:type\" content=\"image\/jpeg\" \/>\n<meta name=\"author\" content=\"maducato_admin\" \/>\n<meta name=\"twitter:card\" content=\"summary_large_image\" \/>\n<meta name=\"twitter:label1\" content=\"Written by\" \/>\n\t<meta name=\"twitter:data1\" content=\"maducato_admin\" \/>\n\t<meta name=\"twitter:label2\" content=\"Est. reading time\" \/>\n\t<meta name=\"twitter:data2\" content=\"2 minutes\" \/>\n<script type=\"application\/ld+json\" class=\"yoast-schema-graph\">{\"@context\":\"https:\/\/schema.org\",\"@graph\":[{\"@type\":\"Article\",\"@id\":\"https:\/\/www.missoeshumanitarias.org\/en\/basic-portuguese-language-course-for-indigenous-immigrants-and-refugees\/#article\",\"isPartOf\":{\"@id\":\"https:\/\/www.missoeshumanitarias.org\/en\/basic-portuguese-language-course-for-indigenous-immigrants-and-refugees\/\"},\"author\":{\"name\":\"maducato_admin\",\"@id\":\"https:\/\/www.missoeshumanitarias.org\/es\/#\/schema\/person\/e0f8527323154d1eba9f9d9eb6b401f7\"},\"headline\":\"Basic Portuguese Language Course for indigenous immigrants and refugees\",\"datePublished\":\"2022-08-05T20:36:37+00:00\",\"dateModified\":\"2022-08-08T23:19:16+00:00\",\"mainEntityOfPage\":{\"@id\":\"https:\/\/www.missoeshumanitarias.org\/en\/basic-portuguese-language-course-for-indigenous-immigrants-and-refugees\/\"},\"wordCount\":385,\"publisher\":{\"@id\":\"https:\/\/www.missoeshumanitarias.org\/es\/#organization\"},\"image\":{\"@id\":\"https:\/\/www.missoeshumanitarias.org\/en\/basic-portuguese-language-course-for-indigenous-immigrants-and-refugees\/#primaryimage\"},\"thumbnailUrl\":\"https:\/\/www.missoeshumanitarias.org\/wp-content\/uploads\/2022\/08\/Indigenas_refugiados_CCFI_FFHI_2.jpg\",\"articleSection\":[\"News\",\"News about the Missions\"],\"inLanguage\":\"en-US\"},{\"@type\":\"WebPage\",\"@id\":\"https:\/\/www.missoeshumanitarias.org\/en\/basic-portuguese-language-course-for-indigenous-immigrants-and-refugees\/\",\"url\":\"https:\/\/www.missoeshumanitarias.org\/en\/basic-portuguese-language-course-for-indigenous-immigrants-and-refugees\/\",\"name\":\"Basic Portuguese Language Course for indigenous immigrants and refugees - Fraternidade Miss\u00f5es Humanit\u00e1rias Internacionais\",\"isPartOf\":{\"@id\":\"https:\/\/www.missoeshumanitarias.org\/es\/#website\"},\"primaryImageOfPage\":{\"@id\":\"https:\/\/www.missoeshumanitarias.org\/en\/basic-portuguese-language-course-for-indigenous-immigrants-and-refugees\/#primaryimage\"},\"image\":{\"@id\":\"https:\/\/www.missoeshumanitarias.org\/en\/basic-portuguese-language-course-for-indigenous-immigrants-and-refugees\/#primaryimage\"},\"thumbnailUrl\":\"https:\/\/www.missoeshumanitarias.org\/wp-content\/uploads\/2022\/08\/Indigenas_refugiados_CCFI_FFHI_2.jpg\",\"datePublished\":\"2022-08-05T20:36:37+00:00\",\"dateModified\":\"2022-08-08T23:19:16+00:00\",\"breadcrumb\":{\"@id\":\"https:\/\/www.missoeshumanitarias.org\/en\/basic-portuguese-language-course-for-indigenous-immigrants-and-refugees\/#breadcrumb\"},\"inLanguage\":\"en-US\",\"potentialAction\":[{\"@type\":\"ReadAction\",\"target\":[\"https:\/\/www.missoeshumanitarias.org\/en\/basic-portuguese-language-course-for-indigenous-immigrants-and-refugees\/\"]}]},{\"@type\":\"ImageObject\",\"inLanguage\":\"en-US\",\"@id\":\"https:\/\/www.missoeshumanitarias.org\/en\/basic-portuguese-language-course-for-indigenous-immigrants-and-refugees\/#primaryimage\",\"url\":\"https:\/\/www.missoeshumanitarias.org\/wp-content\/uploads\/2022\/08\/Indigenas_refugiados_CCFI_FFHI_2.jpg\",\"contentUrl\":\"https:\/\/www.missoeshumanitarias.org\/wp-content\/uploads\/2022\/08\/Indigenas_refugiados_CCFI_FFHI_2.jpg\",\"width\":1280,\"height\":960,\"caption\":\"Curso b\u00e1sico de portugu\u00eas para ind\u00edgenas migrantes e refugiados\"},{\"@type\":\"BreadcrumbList\",\"@id\":\"https:\/\/www.missoeshumanitarias.org\/en\/basic-portuguese-language-course-for-indigenous-immigrants-and-refugees\/#breadcrumb\",\"itemListElement\":[{\"@type\":\"ListItem\",\"position\":1,\"name\":\"Home\",\"item\":\"https:\/\/www.missoeshumanitarias.org\/en\/\"},{\"@type\":\"ListItem\",\"position\":2,\"name\":\"Basic Portuguese Language Course for indigenous immigrants and refugees\"}]},{\"@type\":\"WebSite\",\"@id\":\"https:\/\/www.missoeshumanitarias.org\/es\/#website\",\"url\":\"https:\/\/www.missoeshumanitarias.org\/es\/\",\"name\":\"Fraternidade Miss\u00f5es Humanit\u00e1rias Internacionais\",\"description\":\"Respostas Humanit\u00e1rias e Emerg\u00eancias\",\"publisher\":{\"@id\":\"https:\/\/www.missoeshumanitarias.org\/es\/#organization\"},\"potentialAction\":[{\"@type\":\"SearchAction\",\"target\":{\"@type\":\"EntryPoint\",\"urlTemplate\":\"https:\/\/www.missoeshumanitarias.org\/es\/?s={search_term_string}\"},\"query-input\":\"required name=search_term_string\"}],\"inLanguage\":\"en-US\"},{\"@type\":\"Organization\",\"@id\":\"https:\/\/www.missoeshumanitarias.org\/es\/#organization\",\"name\":\"Fraternidade - Miss\u00f5es Humanit\u00e1rias Internacionais\",\"url\":\"https:\/\/www.missoeshumanitarias.org\/es\/\",\"logo\":{\"@type\":\"ImageObject\",\"inLanguage\":\"en-US\",\"@id\":\"https:\/\/www.missoeshumanitarias.org\/es\/#\/schema\/logo\/image\/\",\"url\":\"https:\/\/www.missoeshumanitarias.org\/wp-content\/uploads\/2020\/05\/logo-FMHI-mg.png\",\"contentUrl\":\"https:\/\/www.missoeshumanitarias.org\/wp-content\/uploads\/2020\/05\/logo-FMHI-mg.png\",\"width\":520,\"height\":134,\"caption\":\"Fraternidade - Miss\u00f5es Humanit\u00e1rias Internacionais\"},\"image\":{\"@id\":\"https:\/\/www.missoeshumanitarias.org\/es\/#\/schema\/logo\/image\/\"}},{\"@type\":\"Person\",\"@id\":\"https:\/\/www.missoeshumanitarias.org\/es\/#\/schema\/person\/e0f8527323154d1eba9f9d9eb6b401f7\",\"name\":\"maducato_admin\",\"image\":{\"@type\":\"ImageObject\",\"inLanguage\":\"en-US\",\"@id\":\"https:\/\/www.missoeshumanitarias.org\/es\/#\/schema\/person\/image\/\",\"url\":\"https:\/\/secure.gravatar.com\/avatar\/6c3b45186a8f5a459d8e14c7fca370bceae92402bc06171d75e4e559b6c24393?s=96&d=mm&r=g\",\"contentUrl\":\"https:\/\/secure.gravatar.com\/avatar\/6c3b45186a8f5a459d8e14c7fca370bceae92402bc06171d75e4e559b6c24393?s=96&d=mm&r=g\",\"caption\":\"maducato_admin\"}}]}<\/script>\n<!-- \/ Yoast SEO Premium plugin. -->","yoast_head_json":{"title":"Basic Portuguese Language Course for indigenous immigrants and refugees - Fraternidade Miss\u00f5es Humanit\u00e1rias Internacionais","robots":{"index":"index","follow":"follow","max-snippet":"max-snippet:-1","max-image-preview":"max-image-preview:large","max-video-preview":"max-video-preview:-1"},"canonical":"https:\/\/www.missoeshumanitarias.org\/en\/basic-portuguese-language-course-for-indigenous-immigrants-and-refugees\/","og_locale":"en_US","og_type":"article","og_title":"Basic Portuguese Language Course for indigenous immigrants and refugees","og_description":"Through July 18 to August 7, from 8:30 am to 11:30 am, an in person introductory course to basic Portuguese was provided by the\u00a0Fraternity \u2013International Humanitarian Federation (FIHF)\u00a0and Visi\u00f3n Mundial (World Vision), in the facilities of the\u00a0Indigenous Cultural and Training Center (ICTC). The goal of the course was to give the students a basic knowledge [&hellip;]","og_url":"https:\/\/www.missoeshumanitarias.org\/en\/basic-portuguese-language-course-for-indigenous-immigrants-and-refugees\/","og_site_name":"Fraternidade Miss\u00f5es Humanit\u00e1rias Internacionais","article_published_time":"2022-08-05T20:36:37+00:00","article_modified_time":"2022-08-08T23:19:16+00:00","og_image":[{"width":1280,"height":960,"url":"https:\/\/www.missoeshumanitarias.org\/wp-content\/uploads\/2022\/08\/Indigenas_refugiados_CCFI_FFHI_2.jpg","type":"image\/jpeg"}],"author":"maducato_admin","twitter_card":"summary_large_image","twitter_misc":{"Written by":"maducato_admin","Est. reading time":"2 minutes"},"schema":{"@context":"https:\/\/schema.org","@graph":[{"@type":"Article","@id":"https:\/\/www.missoeshumanitarias.org\/en\/basic-portuguese-language-course-for-indigenous-immigrants-and-refugees\/#article","isPartOf":{"@id":"https:\/\/www.missoeshumanitarias.org\/en\/basic-portuguese-language-course-for-indigenous-immigrants-and-refugees\/"},"author":{"name":"maducato_admin","@id":"https:\/\/www.missoeshumanitarias.org\/es\/#\/schema\/person\/e0f8527323154d1eba9f9d9eb6b401f7"},"headline":"Basic Portuguese Language Course for indigenous immigrants and refugees","datePublished":"2022-08-05T20:36:37+00:00","dateModified":"2022-08-08T23:19:16+00:00","mainEntityOfPage":{"@id":"https:\/\/www.missoeshumanitarias.org\/en\/basic-portuguese-language-course-for-indigenous-immigrants-and-refugees\/"},"wordCount":385,"publisher":{"@id":"https:\/\/www.missoeshumanitarias.org\/es\/#organization"},"image":{"@id":"https:\/\/www.missoeshumanitarias.org\/en\/basic-portuguese-language-course-for-indigenous-immigrants-and-refugees\/#primaryimage"},"thumbnailUrl":"https:\/\/www.missoeshumanitarias.org\/wp-content\/uploads\/2022\/08\/Indigenas_refugiados_CCFI_FFHI_2.jpg","articleSection":["News","News about the Missions"],"inLanguage":"en-US"},{"@type":"WebPage","@id":"https:\/\/www.missoeshumanitarias.org\/en\/basic-portuguese-language-course-for-indigenous-immigrants-and-refugees\/","url":"https:\/\/www.missoeshumanitarias.org\/en\/basic-portuguese-language-course-for-indigenous-immigrants-and-refugees\/","name":"Basic Portuguese Language Course for indigenous immigrants and refugees - Fraternidade Miss\u00f5es Humanit\u00e1rias Internacionais","isPartOf":{"@id":"https:\/\/www.missoeshumanitarias.org\/es\/#website"},"primaryImageOfPage":{"@id":"https:\/\/www.missoeshumanitarias.org\/en\/basic-portuguese-language-course-for-indigenous-immigrants-and-refugees\/#primaryimage"},"image":{"@id":"https:\/\/www.missoeshumanitarias.org\/en\/basic-portuguese-language-course-for-indigenous-immigrants-and-refugees\/#primaryimage"},"thumbnailUrl":"https:\/\/www.missoeshumanitarias.org\/wp-content\/uploads\/2022\/08\/Indigenas_refugiados_CCFI_FFHI_2.jpg","datePublished":"2022-08-05T20:36:37+00:00","dateModified":"2022-08-08T23:19:16+00:00","breadcrumb":{"@id":"https:\/\/www.missoeshumanitarias.org\/en\/basic-portuguese-language-course-for-indigenous-immigrants-and-refugees\/#breadcrumb"},"inLanguage":"en-US","potentialAction":[{"@type":"ReadAction","target":["https:\/\/www.missoeshumanitarias.org\/en\/basic-portuguese-language-course-for-indigenous-immigrants-and-refugees\/"]}]},{"@type":"ImageObject","inLanguage":"en-US","@id":"https:\/\/www.missoeshumanitarias.org\/en\/basic-portuguese-language-course-for-indigenous-immigrants-and-refugees\/#primaryimage","url":"https:\/\/www.missoeshumanitarias.org\/wp-content\/uploads\/2022\/08\/Indigenas_refugiados_CCFI_FFHI_2.jpg","contentUrl":"https:\/\/www.missoeshumanitarias.org\/wp-content\/uploads\/2022\/08\/Indigenas_refugiados_CCFI_FFHI_2.jpg","width":1280,"height":960,"caption":"Curso b\u00e1sico de portugu\u00eas para ind\u00edgenas migrantes e refugiados"},{"@type":"BreadcrumbList","@id":"https:\/\/www.missoeshumanitarias.org\/en\/basic-portuguese-language-course-for-indigenous-immigrants-and-refugees\/#breadcrumb","itemListElement":[{"@type":"ListItem","position":1,"name":"Home","item":"https:\/\/www.missoeshumanitarias.org\/en\/"},{"@type":"ListItem","position":2,"name":"Basic Portuguese Language Course for indigenous immigrants and refugees"}]},{"@type":"WebSite","@id":"https:\/\/www.missoeshumanitarias.org\/es\/#website","url":"https:\/\/www.missoeshumanitarias.org\/es\/","name":"Fraternidade Miss\u00f5es Humanit\u00e1rias Internacionais","description":"Respostas Humanit\u00e1rias e Emerg\u00eancias","publisher":{"@id":"https:\/\/www.missoeshumanitarias.org\/es\/#organization"},"potentialAction":[{"@type":"SearchAction","target":{"@type":"EntryPoint","urlTemplate":"https:\/\/www.missoeshumanitarias.org\/es\/?s={search_term_string}"},"query-input":"required name=search_term_string"}],"inLanguage":"en-US"},{"@type":"Organization","@id":"https:\/\/www.missoeshumanitarias.org\/es\/#organization","name":"Fraternidade - Miss\u00f5es Humanit\u00e1rias Internacionais","url":"https:\/\/www.missoeshumanitarias.org\/es\/","logo":{"@type":"ImageObject","inLanguage":"en-US","@id":"https:\/\/www.missoeshumanitarias.org\/es\/#\/schema\/logo\/image\/","url":"https:\/\/www.missoeshumanitarias.org\/wp-content\/uploads\/2020\/05\/logo-FMHI-mg.png","contentUrl":"https:\/\/www.missoeshumanitarias.org\/wp-content\/uploads\/2020\/05\/logo-FMHI-mg.png","width":520,"height":134,"caption":"Fraternidade - Miss\u00f5es Humanit\u00e1rias Internacionais"},"image":{"@id":"https:\/\/www.missoeshumanitarias.org\/es\/#\/schema\/logo\/image\/"}},{"@type":"Person","@id":"https:\/\/www.missoeshumanitarias.org\/es\/#\/schema\/person\/e0f8527323154d1eba9f9d9eb6b401f7","name":"maducato_admin","image":{"@type":"ImageObject","inLanguage":"en-US","@id":"https:\/\/www.missoeshumanitarias.org\/es\/#\/schema\/person\/image\/","url":"https:\/\/secure.gravatar.com\/avatar\/6c3b45186a8f5a459d8e14c7fca370bceae92402bc06171d75e4e559b6c24393?s=96&d=mm&r=g","contentUrl":"https:\/\/secure.gravatar.com\/avatar\/6c3b45186a8f5a459d8e14c7fca370bceae92402bc06171d75e4e559b6c24393?s=96&d=mm&r=g","caption":"maducato_admin"}}]}},"_links":{"self":[{"href":"https:\/\/www.missoeshumanitarias.org\/en\/wp-json\/wp\/v2\/posts\/144222","targetHints":{"allow":["GET"]}}],"collection":[{"href":"https:\/\/www.missoeshumanitarias.org\/en\/wp-json\/wp\/v2\/posts"}],"about":[{"href":"https:\/\/www.missoeshumanitarias.org\/en\/wp-json\/wp\/v2\/types\/post"}],"author":[{"embeddable":true,"href":"https:\/\/www.missoeshumanitarias.org\/en\/wp-json\/wp\/v2\/users\/1"}],"replies":[{"embeddable":true,"href":"https:\/\/www.missoeshumanitarias.org\/en\/wp-json\/wp\/v2\/comments?post=144222"}],"version-history":[{"count":0,"href":"https:\/\/www.missoeshumanitarias.org\/en\/wp-json\/wp\/v2\/posts\/144222\/revisions"}],"wp:featuredmedia":[{"embeddable":true,"href":"https:\/\/www.missoeshumanitarias.org\/en\/wp-json\/wp\/v2\/media\/144171"}],"wp:attachment":[{"href":"https:\/\/www.missoeshumanitarias.org\/en\/wp-json\/wp\/v2\/media?parent=144222"}],"wp:term":[{"taxonomy":"category","embeddable":true,"href":"https:\/\/www.missoeshumanitarias.org\/en\/wp-json\/wp\/v2\/categories?post=144222"},{"taxonomy":"post_tag","embeddable":true,"href":"https:\/\/www.missoeshumanitarias.org\/en\/wp-json\/wp\/v2\/tags?post=144222"}],"curies":[{"name":"wp","href":"https:\/\/api.w.org\/{rel}","templated":true}]}}