{"id":144854,"date":"2022-09-05T13:10:06","date_gmt":"2022-09-05T16:10:06","guid":{"rendered":"https:\/\/www.missoeshumanitarias.org\/the-expression-of-charity-in-the-indigenous-cultural-and-training-centre-ccfi\/"},"modified":"2022-09-05T13:17:44","modified_gmt":"2022-09-05T16:17:44","slug":"the-expression-of-charity-in-the-indigenous-cultural-and-training-centre-ccfi","status":"publish","type":"post","link":"https:\/\/www.missoeshumanitarias.org\/en\/the-expression-of-charity-in-the-indigenous-cultural-and-training-centre-ccfi\/","title":{"rendered":"The Expression of Charity in the Indigenous Cultural and Training Centre (CCFI)"},"content":{"rendered":"\n<p><b><span lang=\"EN-GB\">September 5, World Day of Charity (International Day of Charity)<\/span><\/b><\/p>\n\n<p>Within a global context where entire populations live in situations of extreme social vulnerability, the practice of charity increasingly takes on the role of being of great need for the alleviation of human suffering.<\/p>\n\n<p>The winner of the Nobel Peace Prize, Mother Teresa of Calcutta, who died September 5, 1997, inspired the United Nations (UN) in its choice of the date to celebrate the World Day of Charity.<\/p>\n\n<h3 class=\"wp-block-heading\" id=\"h-a-expressao-da-caridade\"><b><span lang=\"EN-GB\">The Expression of Charity<\/span><\/b><\/h3>\n\n<p><span lang=\"EN-GB\">The\u00a0<\/span><a href=\"https:\/\/www.fraterinternacional.org\/en\"><span lang=\"EN-GB\">Fraternity \u2013 International Humanitarian Federation (FIHF)<\/span><\/a><span lang=\"EN-GB\">\u00a0acts so that an expression of charity goes beyond material aid and contributes to the growth and development of the human being, strengthening their independence and fostering their autonomy, waking up and encouraging their qualities and gifts.<\/span><\/p>\n\n<p><span lang=\"EN-GB\">Based on that premise, the\u00a0<\/span><a href=\"https:\/\/www.fraterinternacional.org\/en\"><span lang=\"EN-GB\">Humanitarian Fraternity (FIHF)<\/span><\/a><span lang=\"EN-GB\">\u00a0founded and coordinates the\u00a0<\/span><a href=\"https:\/\/www.missoeshumanitarias.org\/en\/?s=CCFI\"><span lang=\"EN-GB\">Indigenous Cultural and Training Centre (CCFI)<\/span><\/a><span lang=\"EN-GB\">, with the support of Operation Welcome. Through the\u00a0<\/span><a href=\"https:\/\/www.missoeshumanitarias.org\/en\/?s=Setor+Meios+de+Vida\"><span lang=\"EN-GB\">Livelihoods and Lasting Solutions Sector<\/span><\/a><span lang=\"EN-GB\">, the CCFI offers free training, courses and workshops to the indigenous people coming from Venezuela, Guiana and parts of Brazil, mostly concentrated in Roraima. So that the various activities offered can take place, the\u00a0<\/span><a href=\"https:\/\/www.missoeshumanitarias.org\/en\/?s=CCFI\"><span lang=\"EN-GB\">CCFI<\/span><\/a><span lang=\"EN-GB\">\u00a0relies on the cooperation of various other organizations.<\/span><\/p>\n<div class=\"wp-block-image\">\n<figure class=\"aligncenter size-full\"><img fetchpriority=\"high\" decoding=\"async\" width=\"1000\" height=\"750\" src=\"https:\/\/www.missoeshumanitarias.org\/wp-content\/uploads\/2022\/09\/Dia_Caridade_CCFI_FFHI_8.jpg\" alt=\" Cultural and Training Centre (CCFI)\" class=\"wp-image-144848\" srcset=\"https:\/\/www.missoeshumanitarias.org\/wp-content\/uploads\/2022\/09\/Dia_Caridade_CCFI_FFHI_8.jpg 1000w, https:\/\/www.missoeshumanitarias.org\/wp-content\/uploads\/2022\/09\/Dia_Caridade_CCFI_FFHI_8-300x225.jpg 300w, https:\/\/www.missoeshumanitarias.org\/wp-content\/uploads\/2022\/09\/Dia_Caridade_CCFI_FFHI_8-768x576.jpg 768w\" sizes=\"(max-width: 1000px) 100vw, 1000px\" \/><\/figure>\n<\/div>\n<h3 class=\"wp-block-heading\"><b><span lang=\"EN-GB\">Lasting Solutions &#8211; Livelihoods<\/span><\/b><\/h3>\n\n<p>The CCFI developed a simple way of helping by offering the knowledge to create lasting solutions, through which immigrants and refugees can change their lives with the possibility of gaining their autonomy through income generation.<\/p>\n\n<p><span lang=\"EN-GB\">What the\u00a0<\/span><a href=\"https:\/\/www.missoeshumanitarias.org\/en\/?s=CCFI\"><span lang=\"EN-GB\">CCFI<\/span><\/a><span lang=\"EN-GB\">\u00a0offers ranges from gaining literacy, arts and exhibitions, to courses on financial education and planning for the future, up to entrepreneurship through the teaching of bakery, shoemaking, and sales promotion.<\/span><\/p>\n\n<p><b><span lang=\"EN-GB\">Some of the courses offered:<\/span><\/b><\/p>\n\n<ul class=\"wp-block-list\"><li>Literacy for indigenous Venezuelans<\/li><li>Basic Portuguese for immigrants and refugees<\/li><li>Financial education<\/li><li>Libras<\/li><li>Future planning and female independence<\/li><li>Dressmaking \u2013 conscious and ecological, with the reuse and recycling of materials<\/li><li>IT<\/li><li>Bakery<\/li><li>Hydraulics<\/li><\/ul>\n\n<figure class=\"wp-block-gallery has-nested-images columns-default is-cropped wp-block-gallery-1 is-layout-flex wp-block-gallery-is-layout-flex\">\n<figure class=\"wp-block-image size-large\"><img decoding=\"async\" width=\"1000\" height=\"667\" data-id=\"144816\" src=\"https:\/\/www.missoeshumanitarias.org\/wp-content\/uploads\/2022\/09\/Dia_Caridade_CCFI_FFHI_9.jpg\" alt=\" Cultural and Training Centre (CCFI)\" class=\"wp-image-144816\" srcset=\"https:\/\/www.missoeshumanitarias.org\/wp-content\/uploads\/2022\/09\/Dia_Caridade_CCFI_FFHI_9.jpg 1000w, https:\/\/www.missoeshumanitarias.org\/wp-content\/uploads\/2022\/09\/Dia_Caridade_CCFI_FFHI_9-300x200.jpg 300w, https:\/\/www.missoeshumanitarias.org\/wp-content\/uploads\/2022\/09\/Dia_Caridade_CCFI_FFHI_9-768x512.jpg 768w\" sizes=\"(max-width: 1000px) 100vw, 1000px\" \/><\/figure>\n\n\n\n<figure class=\"wp-block-image size-large\"><img decoding=\"async\" width=\"1280\" height=\"960\" data-id=\"144836\" src=\"https:\/\/www.missoeshumanitarias.org\/wp-content\/uploads\/2022\/09\/Dia_Caridade_CCFI_FFHI_5.jpg\" alt=\" Cultural and Training Centre (CCFI)\" class=\"wp-image-144836\" srcset=\"https:\/\/www.missoeshumanitarias.org\/wp-content\/uploads\/2022\/09\/Dia_Caridade_CCFI_FFHI_5.jpg 1280w, https:\/\/www.missoeshumanitarias.org\/wp-content\/uploads\/2022\/09\/Dia_Caridade_CCFI_FFHI_5-300x225.jpg 300w, https:\/\/www.missoeshumanitarias.org\/wp-content\/uploads\/2022\/09\/Dia_Caridade_CCFI_FFHI_5-1024x768.jpg 1024w, https:\/\/www.missoeshumanitarias.org\/wp-content\/uploads\/2022\/09\/Dia_Caridade_CCFI_FFHI_5-768x576.jpg 768w\" sizes=\"(max-width: 1280px) 100vw, 1280px\" \/><\/figure>\n<\/figure>\n\n<p><b><span lang=\"EN-GB\">Some of the Workshops:<\/span><\/b><\/p>\n\n<ul class=\"wp-block-list\"><li>Mosaics<\/li><li>Canvas shoemaking (alpargatas)<\/li><li>Sales promotion<\/li><li>Us and food<\/li><li>Recycling trash<\/li><li>Ecological disinfectant<\/li><\/ul>\n\n<figure class=\"wp-block-gallery has-nested-images columns-default is-cropped wp-block-gallery-2 is-layout-flex wp-block-gallery-is-layout-flex\">\n<figure class=\"wp-block-image size-large\"><img loading=\"lazy\" decoding=\"async\" width=\"1000\" height=\"667\" data-id=\"144844\" src=\"https:\/\/www.missoeshumanitarias.org\/wp-content\/uploads\/2022\/09\/Dia_Caridade_CCFI_FFHI_7.jpg\" alt=\" Cultural and Training Centre (CCFI)\" class=\"wp-image-144844\" srcset=\"https:\/\/www.missoeshumanitarias.org\/wp-content\/uploads\/2022\/09\/Dia_Caridade_CCFI_FFHI_7.jpg 1000w, https:\/\/www.missoeshumanitarias.org\/wp-content\/uploads\/2022\/09\/Dia_Caridade_CCFI_FFHI_7-300x200.jpg 300w, https:\/\/www.missoeshumanitarias.org\/wp-content\/uploads\/2022\/09\/Dia_Caridade_CCFI_FFHI_7-768x512.jpg 768w\" sizes=\"(max-width: 1000px) 100vw, 1000px\" \/><\/figure>\n\n\n\n<figure class=\"wp-block-image size-large\"><img loading=\"lazy\" decoding=\"async\" width=\"1280\" height=\"960\" data-id=\"144840\" src=\"https:\/\/www.missoeshumanitarias.org\/wp-content\/uploads\/2022\/09\/Dia_Caridade_CCFI_FFHI_6.jpg\" alt=\" Cultural and Training Centre (CCFI)\" class=\"wp-image-144840\" srcset=\"https:\/\/www.missoeshumanitarias.org\/wp-content\/uploads\/2022\/09\/Dia_Caridade_CCFI_FFHI_6.jpg 1280w, https:\/\/www.missoeshumanitarias.org\/wp-content\/uploads\/2022\/09\/Dia_Caridade_CCFI_FFHI_6-300x225.jpg 300w, https:\/\/www.missoeshumanitarias.org\/wp-content\/uploads\/2022\/09\/Dia_Caridade_CCFI_FFHI_6-1024x768.jpg 1024w, https:\/\/www.missoeshumanitarias.org\/wp-content\/uploads\/2022\/09\/Dia_Caridade_CCFI_FFHI_6-768x576.jpg 768w\" sizes=\"(max-width: 1280px) 100vw, 1280px\" \/><\/figure>\n<\/figure>\n\n<figure class=\"wp-block-gallery has-nested-images columns-default is-cropped wp-block-gallery-3 is-layout-flex wp-block-gallery-is-layout-flex\">\n<figure class=\"wp-block-image size-large\"><img loading=\"lazy\" decoding=\"async\" width=\"1072\" height=\"837\" data-id=\"144820\" src=\"https:\/\/www.missoeshumanitarias.org\/wp-content\/uploads\/2022\/09\/Dia_Caridade_CCFI_FFHI_1.jpg\" alt=\" Cultural and Training Centre (CCFI)\" class=\"wp-image-144820\" srcset=\"https:\/\/www.missoeshumanitarias.org\/wp-content\/uploads\/2022\/09\/Dia_Caridade_CCFI_FFHI_1.jpg 1072w, https:\/\/www.missoeshumanitarias.org\/wp-content\/uploads\/2022\/09\/Dia_Caridade_CCFI_FFHI_1-300x234.jpg 300w, https:\/\/www.missoeshumanitarias.org\/wp-content\/uploads\/2022\/09\/Dia_Caridade_CCFI_FFHI_1-1024x800.jpg 1024w, https:\/\/www.missoeshumanitarias.org\/wp-content\/uploads\/2022\/09\/Dia_Caridade_CCFI_FFHI_1-768x600.jpg 768w\" sizes=\"(max-width: 1072px) 100vw, 1072px\" \/><\/figure>\n\n\n\n<figure class=\"wp-block-image size-large\"><img loading=\"lazy\" decoding=\"async\" width=\"1280\" height=\"960\" data-id=\"144828\" src=\"https:\/\/www.missoeshumanitarias.org\/wp-content\/uploads\/2022\/09\/Dia_Caridade_CCFI_FFHI_3.jpg\" alt=\" Cultural and Training Centre (CCFI)\" class=\"wp-image-144828\" srcset=\"https:\/\/www.missoeshumanitarias.org\/wp-content\/uploads\/2022\/09\/Dia_Caridade_CCFI_FFHI_3.jpg 1280w, https:\/\/www.missoeshumanitarias.org\/wp-content\/uploads\/2022\/09\/Dia_Caridade_CCFI_FFHI_3-300x225.jpg 300w, https:\/\/www.missoeshumanitarias.org\/wp-content\/uploads\/2022\/09\/Dia_Caridade_CCFI_FFHI_3-1024x768.jpg 1024w, https:\/\/www.missoeshumanitarias.org\/wp-content\/uploads\/2022\/09\/Dia_Caridade_CCFI_FFHI_3-768x576.jpg 768w\" sizes=\"(max-width: 1280px) 100vw, 1280px\" \/><\/figure>\n<\/figure>\n\n<p><b><span lang=\"EN-GB\">There are also some incentive programs:<\/span><\/b><\/p>\n\n<ul class=\"wp-block-list\"><li>Continuing education program for development, offered to young people and adults with the aim of promoting socioeconomic independence;<\/li><li>Caring for the client and sales workshop with the aim of offering tools for direct sales to the public.<\/li><\/ul>\n\n<p><span lang=\"EN-GB\">Through the trainings, the entrepreneurship, and the establishment of interculturalism, relations are established within the\u00a0<\/span><a href=\"https:\/\/www.missoeshumanitarias.org\/en\/?s=CCFI\"><span lang=\"EN-GB\">CCFI<\/span><\/a><span lang=\"EN-GB\">, human relations of fraternal co-existence, in which the expression of charity is present as the foundation for the participative rebuilding of the life of the refugees.<\/span><\/p>\n\n<p>\u201cAs we develop fraternal charity for each other, we move ever forward in gaining what is considered the greatest of virtues.\u201d\u00a0<i>Jos\u00e9 Trigueirinho Netto<\/i><\/p>\n\n<figure class=\"wp-block-gallery has-nested-images columns-default is-cropped wp-block-gallery-4 is-layout-flex wp-block-gallery-is-layout-flex\">\n<figure class=\"wp-block-image size-large\"><img loading=\"lazy\" decoding=\"async\" width=\"1280\" height=\"960\" data-id=\"144832\" src=\"https:\/\/www.missoeshumanitarias.org\/wp-content\/uploads\/2022\/09\/Dia_Caridade_CCFI_FFHI_4.jpg\" alt=\" Cultural and Training Centre (CCFI)\" class=\"wp-image-144832\" srcset=\"https:\/\/www.missoeshumanitarias.org\/wp-content\/uploads\/2022\/09\/Dia_Caridade_CCFI_FFHI_4.jpg 1280w, https:\/\/www.missoeshumanitarias.org\/wp-content\/uploads\/2022\/09\/Dia_Caridade_CCFI_FFHI_4-300x225.jpg 300w, https:\/\/www.missoeshumanitarias.org\/wp-content\/uploads\/2022\/09\/Dia_Caridade_CCFI_FFHI_4-1024x768.jpg 1024w, https:\/\/www.missoeshumanitarias.org\/wp-content\/uploads\/2022\/09\/Dia_Caridade_CCFI_FFHI_4-768x576.jpg 768w\" sizes=\"(max-width: 1280px) 100vw, 1280px\" \/><\/figure>\n\n\n\n<figure class=\"wp-block-image size-large\"><img loading=\"lazy\" decoding=\"async\" width=\"960\" height=\"1280\" data-id=\"144824\" src=\"https:\/\/www.missoeshumanitarias.org\/wp-content\/uploads\/2022\/09\/Dia_Caridade_CCFI_FFHI_2.jpg\" alt=\" Cultural and Training Centre (CCFI)\" class=\"wp-image-144824\" srcset=\"https:\/\/www.missoeshumanitarias.org\/wp-content\/uploads\/2022\/09\/Dia_Caridade_CCFI_FFHI_2.jpg 960w, https:\/\/www.missoeshumanitarias.org\/wp-content\/uploads\/2022\/09\/Dia_Caridade_CCFI_FFHI_2-225x300.jpg 225w, https:\/\/www.missoeshumanitarias.org\/wp-content\/uploads\/2022\/09\/Dia_Caridade_CCFI_FFHI_2-768x1024.jpg 768w\" sizes=\"(max-width: 960px) 100vw, 960px\" \/><\/figure>\n<\/figure>\n","protected":false},"excerpt":{"rendered":"<p>September 5, World Day of Charity (International Day of Charity) Within a global context where entire populations live in situations of extreme social vulnerability, the practice of charity increasingly takes on the role of being of great need for the alleviation of human suffering. The winner of the Nobel Peace Prize, Mother Teresa of Calcutta, [&hellip;]<\/p>\n","protected":false},"author":1,"featured_media":144849,"comment_status":"closed","ping_status":"closed","sticky":false,"template":"","format":"standard","meta":{"footnotes":""},"categories":[9,132],"tags":[],"class_list":["post-144854","post","type-post","status-publish","format-standard","has-post-thumbnail","hentry","category-news","category-news-about-the-missions"],"featured_image_src":"https:\/\/www.missoeshumanitarias.org\/wp-content\/uploads\/2022\/09\/Dia_Caridade_CCFI_FFHI_8.jpg","author_info":{"display_name":"maducato_admin","author_link":"https:\/\/www.missoeshumanitarias.org\/en\/author\/maducato_admin\/"},"yoast_head":"<!-- This site is optimized with the Yoast SEO Premium plugin v22.5 (Yoast SEO v22.5) - https:\/\/yoast.com\/wordpress\/plugins\/seo\/ -->\n<title>The Expression of Charity in the Indigenous Cultural and Training Centre (CCFI) - Fraternidade Miss\u00f5es Humanit\u00e1rias Internacionais<\/title>\n<meta name=\"robots\" content=\"index, follow, max-snippet:-1, max-image-preview:large, max-video-preview:-1\" \/>\n<link rel=\"canonical\" href=\"https:\/\/www.missoeshumanitarias.org\/en\/the-expression-of-charity-in-the-indigenous-cultural-and-training-centre-ccfi\/\" \/>\n<meta property=\"og:locale\" content=\"en_US\" \/>\n<meta property=\"og:type\" content=\"article\" \/>\n<meta property=\"og:title\" content=\"The Expression of Charity in the Indigenous Cultural and Training Centre (CCFI)\" \/>\n<meta property=\"og:description\" content=\"September 5, World Day of Charity (International Day of Charity) Within a global context where entire populations live in situations of extreme social vulnerability, the practice of charity increasingly takes on the role of being of great need for the alleviation of human suffering. The winner of the Nobel Peace Prize, Mother Teresa of Calcutta, [&hellip;]\" \/>\n<meta property=\"og:url\" content=\"https:\/\/www.missoeshumanitarias.org\/en\/the-expression-of-charity-in-the-indigenous-cultural-and-training-centre-ccfi\/\" \/>\n<meta property=\"og:site_name\" content=\"Fraternidade Miss\u00f5es Humanit\u00e1rias Internacionais\" \/>\n<meta property=\"article:published_time\" content=\"2022-09-05T16:10:06+00:00\" \/>\n<meta property=\"article:modified_time\" content=\"2022-09-05T16:17:44+00:00\" \/>\n<meta property=\"og:image\" content=\"https:\/\/www.missoeshumanitarias.org\/wp-content\/uploads\/2022\/09\/Dia_Caridade_CCFI_FFHI_8.jpg\" \/>\n\t<meta property=\"og:image:width\" content=\"1000\" \/>\n\t<meta property=\"og:image:height\" content=\"750\" \/>\n\t<meta property=\"og:image:type\" content=\"image\/jpeg\" \/>\n<meta name=\"author\" content=\"maducato_admin\" \/>\n<meta name=\"twitter:card\" content=\"summary_large_image\" \/>\n<meta name=\"twitter:label1\" content=\"Written by\" \/>\n\t<meta name=\"twitter:data1\" content=\"maducato_admin\" \/>\n\t<meta name=\"twitter:label2\" content=\"Est. reading time\" \/>\n\t<meta name=\"twitter:data2\" content=\"2 minutes\" \/>\n<script type=\"application\/ld+json\" class=\"yoast-schema-graph\">{\"@context\":\"https:\/\/schema.org\",\"@graph\":[{\"@type\":\"Article\",\"@id\":\"https:\/\/www.missoeshumanitarias.org\/en\/the-expression-of-charity-in-the-indigenous-cultural-and-training-centre-ccfi\/#article\",\"isPartOf\":{\"@id\":\"https:\/\/www.missoeshumanitarias.org\/en\/the-expression-of-charity-in-the-indigenous-cultural-and-training-centre-ccfi\/\"},\"author\":{\"name\":\"maducato_admin\",\"@id\":\"https:\/\/www.missoeshumanitarias.org\/es\/#\/schema\/person\/e0f8527323154d1eba9f9d9eb6b401f7\"},\"headline\":\"The Expression of Charity in the Indigenous Cultural and Training Centre (CCFI)\",\"datePublished\":\"2022-09-05T16:10:06+00:00\",\"dateModified\":\"2022-09-05T16:17:44+00:00\",\"mainEntityOfPage\":{\"@id\":\"https:\/\/www.missoeshumanitarias.org\/en\/the-expression-of-charity-in-the-indigenous-cultural-and-training-centre-ccfi\/\"},\"wordCount\":443,\"publisher\":{\"@id\":\"https:\/\/www.missoeshumanitarias.org\/es\/#organization\"},\"image\":{\"@id\":\"https:\/\/www.missoeshumanitarias.org\/en\/the-expression-of-charity-in-the-indigenous-cultural-and-training-centre-ccfi\/#primaryimage\"},\"thumbnailUrl\":\"https:\/\/www.missoeshumanitarias.org\/wp-content\/uploads\/2022\/09\/Dia_Caridade_CCFI_FFHI_8.jpg\",\"articleSection\":[\"News\",\"News about the Missions\"],\"inLanguage\":\"en-US\"},{\"@type\":\"WebPage\",\"@id\":\"https:\/\/www.missoeshumanitarias.org\/en\/the-expression-of-charity-in-the-indigenous-cultural-and-training-centre-ccfi\/\",\"url\":\"https:\/\/www.missoeshumanitarias.org\/en\/the-expression-of-charity-in-the-indigenous-cultural-and-training-centre-ccfi\/\",\"name\":\"The Expression of Charity in the Indigenous Cultural and Training Centre (CCFI) - Fraternidade Miss\u00f5es Humanit\u00e1rias Internacionais\",\"isPartOf\":{\"@id\":\"https:\/\/www.missoeshumanitarias.org\/es\/#website\"},\"primaryImageOfPage\":{\"@id\":\"https:\/\/www.missoeshumanitarias.org\/en\/the-expression-of-charity-in-the-indigenous-cultural-and-training-centre-ccfi\/#primaryimage\"},\"image\":{\"@id\":\"https:\/\/www.missoeshumanitarias.org\/en\/the-expression-of-charity-in-the-indigenous-cultural-and-training-centre-ccfi\/#primaryimage\"},\"thumbnailUrl\":\"https:\/\/www.missoeshumanitarias.org\/wp-content\/uploads\/2022\/09\/Dia_Caridade_CCFI_FFHI_8.jpg\",\"datePublished\":\"2022-09-05T16:10:06+00:00\",\"dateModified\":\"2022-09-05T16:17:44+00:00\",\"breadcrumb\":{\"@id\":\"https:\/\/www.missoeshumanitarias.org\/en\/the-expression-of-charity-in-the-indigenous-cultural-and-training-centre-ccfi\/#breadcrumb\"},\"inLanguage\":\"en-US\",\"potentialAction\":[{\"@type\":\"ReadAction\",\"target\":[\"https:\/\/www.missoeshumanitarias.org\/en\/the-expression-of-charity-in-the-indigenous-cultural-and-training-centre-ccfi\/\"]}]},{\"@type\":\"ImageObject\",\"inLanguage\":\"en-US\",\"@id\":\"https:\/\/www.missoeshumanitarias.org\/en\/the-expression-of-charity-in-the-indigenous-cultural-and-training-centre-ccfi\/#primaryimage\",\"url\":\"https:\/\/www.missoeshumanitarias.org\/wp-content\/uploads\/2022\/09\/Dia_Caridade_CCFI_FFHI_8.jpg\",\"contentUrl\":\"https:\/\/www.missoeshumanitarias.org\/wp-content\/uploads\/2022\/09\/Dia_Caridade_CCFI_FFHI_8.jpg\",\"width\":1000,\"height\":750,\"caption\":\"Centro Cultural e de Forma\u00e7\u00e3o Ind\u00edgena (CCFI)\"},{\"@type\":\"BreadcrumbList\",\"@id\":\"https:\/\/www.missoeshumanitarias.org\/en\/the-expression-of-charity-in-the-indigenous-cultural-and-training-centre-ccfi\/#breadcrumb\",\"itemListElement\":[{\"@type\":\"ListItem\",\"position\":1,\"name\":\"Home\",\"item\":\"https:\/\/www.missoeshumanitarias.org\/en\/\"},{\"@type\":\"ListItem\",\"position\":2,\"name\":\"The Expression of Charity in the Indigenous Cultural and Training Centre (CCFI)\"}]},{\"@type\":\"WebSite\",\"@id\":\"https:\/\/www.missoeshumanitarias.org\/es\/#website\",\"url\":\"https:\/\/www.missoeshumanitarias.org\/es\/\",\"name\":\"Fraternidade Miss\u00f5es Humanit\u00e1rias Internacionais\",\"description\":\"Respostas Humanit\u00e1rias e Emerg\u00eancias\",\"publisher\":{\"@id\":\"https:\/\/www.missoeshumanitarias.org\/es\/#organization\"},\"potentialAction\":[{\"@type\":\"SearchAction\",\"target\":{\"@type\":\"EntryPoint\",\"urlTemplate\":\"https:\/\/www.missoeshumanitarias.org\/es\/?s={search_term_string}\"},\"query-input\":\"required name=search_term_string\"}],\"inLanguage\":\"en-US\"},{\"@type\":\"Organization\",\"@id\":\"https:\/\/www.missoeshumanitarias.org\/es\/#organization\",\"name\":\"Fraternidade - Miss\u00f5es Humanit\u00e1rias Internacionais\",\"url\":\"https:\/\/www.missoeshumanitarias.org\/es\/\",\"logo\":{\"@type\":\"ImageObject\",\"inLanguage\":\"en-US\",\"@id\":\"https:\/\/www.missoeshumanitarias.org\/es\/#\/schema\/logo\/image\/\",\"url\":\"https:\/\/www.missoeshumanitarias.org\/wp-content\/uploads\/2020\/05\/logo-FMHI-mg.png\",\"contentUrl\":\"https:\/\/www.missoeshumanitarias.org\/wp-content\/uploads\/2020\/05\/logo-FMHI-mg.png\",\"width\":520,\"height\":134,\"caption\":\"Fraternidade - Miss\u00f5es Humanit\u00e1rias Internacionais\"},\"image\":{\"@id\":\"https:\/\/www.missoeshumanitarias.org\/es\/#\/schema\/logo\/image\/\"}},{\"@type\":\"Person\",\"@id\":\"https:\/\/www.missoeshumanitarias.org\/es\/#\/schema\/person\/e0f8527323154d1eba9f9d9eb6b401f7\",\"name\":\"maducato_admin\",\"image\":{\"@type\":\"ImageObject\",\"inLanguage\":\"en-US\",\"@id\":\"https:\/\/www.missoeshumanitarias.org\/es\/#\/schema\/person\/image\/\",\"url\":\"https:\/\/secure.gravatar.com\/avatar\/6c3b45186a8f5a459d8e14c7fca370bceae92402bc06171d75e4e559b6c24393?s=96&d=mm&r=g\",\"contentUrl\":\"https:\/\/secure.gravatar.com\/avatar\/6c3b45186a8f5a459d8e14c7fca370bceae92402bc06171d75e4e559b6c24393?s=96&d=mm&r=g\",\"caption\":\"maducato_admin\"}}]}<\/script>\n<!-- \/ Yoast SEO Premium plugin. -->","yoast_head_json":{"title":"The Expression of Charity in the Indigenous Cultural and Training Centre (CCFI) - Fraternidade Miss\u00f5es Humanit\u00e1rias Internacionais","robots":{"index":"index","follow":"follow","max-snippet":"max-snippet:-1","max-image-preview":"max-image-preview:large","max-video-preview":"max-video-preview:-1"},"canonical":"https:\/\/www.missoeshumanitarias.org\/en\/the-expression-of-charity-in-the-indigenous-cultural-and-training-centre-ccfi\/","og_locale":"en_US","og_type":"article","og_title":"The Expression of Charity in the Indigenous Cultural and Training Centre (CCFI)","og_description":"September 5, World Day of Charity (International Day of Charity) Within a global context where entire populations live in situations of extreme social vulnerability, the practice of charity increasingly takes on the role of being of great need for the alleviation of human suffering. The winner of the Nobel Peace Prize, Mother Teresa of Calcutta, [&hellip;]","og_url":"https:\/\/www.missoeshumanitarias.org\/en\/the-expression-of-charity-in-the-indigenous-cultural-and-training-centre-ccfi\/","og_site_name":"Fraternidade Miss\u00f5es Humanit\u00e1rias Internacionais","article_published_time":"2022-09-05T16:10:06+00:00","article_modified_time":"2022-09-05T16:17:44+00:00","og_image":[{"width":1000,"height":750,"url":"https:\/\/www.missoeshumanitarias.org\/wp-content\/uploads\/2022\/09\/Dia_Caridade_CCFI_FFHI_8.jpg","type":"image\/jpeg"}],"author":"maducato_admin","twitter_card":"summary_large_image","twitter_misc":{"Written by":"maducato_admin","Est. reading time":"2 minutes"},"schema":{"@context":"https:\/\/schema.org","@graph":[{"@type":"Article","@id":"https:\/\/www.missoeshumanitarias.org\/en\/the-expression-of-charity-in-the-indigenous-cultural-and-training-centre-ccfi\/#article","isPartOf":{"@id":"https:\/\/www.missoeshumanitarias.org\/en\/the-expression-of-charity-in-the-indigenous-cultural-and-training-centre-ccfi\/"},"author":{"name":"maducato_admin","@id":"https:\/\/www.missoeshumanitarias.org\/es\/#\/schema\/person\/e0f8527323154d1eba9f9d9eb6b401f7"},"headline":"The Expression of Charity in the Indigenous Cultural and Training Centre (CCFI)","datePublished":"2022-09-05T16:10:06+00:00","dateModified":"2022-09-05T16:17:44+00:00","mainEntityOfPage":{"@id":"https:\/\/www.missoeshumanitarias.org\/en\/the-expression-of-charity-in-the-indigenous-cultural-and-training-centre-ccfi\/"},"wordCount":443,"publisher":{"@id":"https:\/\/www.missoeshumanitarias.org\/es\/#organization"},"image":{"@id":"https:\/\/www.missoeshumanitarias.org\/en\/the-expression-of-charity-in-the-indigenous-cultural-and-training-centre-ccfi\/#primaryimage"},"thumbnailUrl":"https:\/\/www.missoeshumanitarias.org\/wp-content\/uploads\/2022\/09\/Dia_Caridade_CCFI_FFHI_8.jpg","articleSection":["News","News about the Missions"],"inLanguage":"en-US"},{"@type":"WebPage","@id":"https:\/\/www.missoeshumanitarias.org\/en\/the-expression-of-charity-in-the-indigenous-cultural-and-training-centre-ccfi\/","url":"https:\/\/www.missoeshumanitarias.org\/en\/the-expression-of-charity-in-the-indigenous-cultural-and-training-centre-ccfi\/","name":"The Expression of Charity in the Indigenous Cultural and Training Centre (CCFI) - Fraternidade Miss\u00f5es Humanit\u00e1rias Internacionais","isPartOf":{"@id":"https:\/\/www.missoeshumanitarias.org\/es\/#website"},"primaryImageOfPage":{"@id":"https:\/\/www.missoeshumanitarias.org\/en\/the-expression-of-charity-in-the-indigenous-cultural-and-training-centre-ccfi\/#primaryimage"},"image":{"@id":"https:\/\/www.missoeshumanitarias.org\/en\/the-expression-of-charity-in-the-indigenous-cultural-and-training-centre-ccfi\/#primaryimage"},"thumbnailUrl":"https:\/\/www.missoeshumanitarias.org\/wp-content\/uploads\/2022\/09\/Dia_Caridade_CCFI_FFHI_8.jpg","datePublished":"2022-09-05T16:10:06+00:00","dateModified":"2022-09-05T16:17:44+00:00","breadcrumb":{"@id":"https:\/\/www.missoeshumanitarias.org\/en\/the-expression-of-charity-in-the-indigenous-cultural-and-training-centre-ccfi\/#breadcrumb"},"inLanguage":"en-US","potentialAction":[{"@type":"ReadAction","target":["https:\/\/www.missoeshumanitarias.org\/en\/the-expression-of-charity-in-the-indigenous-cultural-and-training-centre-ccfi\/"]}]},{"@type":"ImageObject","inLanguage":"en-US","@id":"https:\/\/www.missoeshumanitarias.org\/en\/the-expression-of-charity-in-the-indigenous-cultural-and-training-centre-ccfi\/#primaryimage","url":"https:\/\/www.missoeshumanitarias.org\/wp-content\/uploads\/2022\/09\/Dia_Caridade_CCFI_FFHI_8.jpg","contentUrl":"https:\/\/www.missoeshumanitarias.org\/wp-content\/uploads\/2022\/09\/Dia_Caridade_CCFI_FFHI_8.jpg","width":1000,"height":750,"caption":"Centro Cultural e de Forma\u00e7\u00e3o Ind\u00edgena (CCFI)"},{"@type":"BreadcrumbList","@id":"https:\/\/www.missoeshumanitarias.org\/en\/the-expression-of-charity-in-the-indigenous-cultural-and-training-centre-ccfi\/#breadcrumb","itemListElement":[{"@type":"ListItem","position":1,"name":"Home","item":"https:\/\/www.missoeshumanitarias.org\/en\/"},{"@type":"ListItem","position":2,"name":"The Expression of Charity in the Indigenous Cultural and Training Centre (CCFI)"}]},{"@type":"WebSite","@id":"https:\/\/www.missoeshumanitarias.org\/es\/#website","url":"https:\/\/www.missoeshumanitarias.org\/es\/","name":"Fraternidade Miss\u00f5es Humanit\u00e1rias Internacionais","description":"Respostas Humanit\u00e1rias e Emerg\u00eancias","publisher":{"@id":"https:\/\/www.missoeshumanitarias.org\/es\/#organization"},"potentialAction":[{"@type":"SearchAction","target":{"@type":"EntryPoint","urlTemplate":"https:\/\/www.missoeshumanitarias.org\/es\/?s={search_term_string}"},"query-input":"required name=search_term_string"}],"inLanguage":"en-US"},{"@type":"Organization","@id":"https:\/\/www.missoeshumanitarias.org\/es\/#organization","name":"Fraternidade - Miss\u00f5es Humanit\u00e1rias Internacionais","url":"https:\/\/www.missoeshumanitarias.org\/es\/","logo":{"@type":"ImageObject","inLanguage":"en-US","@id":"https:\/\/www.missoeshumanitarias.org\/es\/#\/schema\/logo\/image\/","url":"https:\/\/www.missoeshumanitarias.org\/wp-content\/uploads\/2020\/05\/logo-FMHI-mg.png","contentUrl":"https:\/\/www.missoeshumanitarias.org\/wp-content\/uploads\/2020\/05\/logo-FMHI-mg.png","width":520,"height":134,"caption":"Fraternidade - Miss\u00f5es Humanit\u00e1rias Internacionais"},"image":{"@id":"https:\/\/www.missoeshumanitarias.org\/es\/#\/schema\/logo\/image\/"}},{"@type":"Person","@id":"https:\/\/www.missoeshumanitarias.org\/es\/#\/schema\/person\/e0f8527323154d1eba9f9d9eb6b401f7","name":"maducato_admin","image":{"@type":"ImageObject","inLanguage":"en-US","@id":"https:\/\/www.missoeshumanitarias.org\/es\/#\/schema\/person\/image\/","url":"https:\/\/secure.gravatar.com\/avatar\/6c3b45186a8f5a459d8e14c7fca370bceae92402bc06171d75e4e559b6c24393?s=96&d=mm&r=g","contentUrl":"https:\/\/secure.gravatar.com\/avatar\/6c3b45186a8f5a459d8e14c7fca370bceae92402bc06171d75e4e559b6c24393?s=96&d=mm&r=g","caption":"maducato_admin"}}]}},"_links":{"self":[{"href":"https:\/\/www.missoeshumanitarias.org\/en\/wp-json\/wp\/v2\/posts\/144854","targetHints":{"allow":["GET"]}}],"collection":[{"href":"https:\/\/www.missoeshumanitarias.org\/en\/wp-json\/wp\/v2\/posts"}],"about":[{"href":"https:\/\/www.missoeshumanitarias.org\/en\/wp-json\/wp\/v2\/types\/post"}],"author":[{"embeddable":true,"href":"https:\/\/www.missoeshumanitarias.org\/en\/wp-json\/wp\/v2\/users\/1"}],"replies":[{"embeddable":true,"href":"https:\/\/www.missoeshumanitarias.org\/en\/wp-json\/wp\/v2\/comments?post=144854"}],"version-history":[{"count":0,"href":"https:\/\/www.missoeshumanitarias.org\/en\/wp-json\/wp\/v2\/posts\/144854\/revisions"}],"wp:featuredmedia":[{"embeddable":true,"href":"https:\/\/www.missoeshumanitarias.org\/en\/wp-json\/wp\/v2\/media\/144849"}],"wp:attachment":[{"href":"https:\/\/www.missoeshumanitarias.org\/en\/wp-json\/wp\/v2\/media?parent=144854"}],"wp:term":[{"taxonomy":"category","embeddable":true,"href":"https:\/\/www.missoeshumanitarias.org\/en\/wp-json\/wp\/v2\/categories?post=144854"},{"taxonomy":"post_tag","embeddable":true,"href":"https:\/\/www.missoeshumanitarias.org\/en\/wp-json\/wp\/v2\/tags?post=144854"}],"curies":[{"name":"wp","href":"https:\/\/api.w.org\/{rel}","templated":true}]}}