{"id":155556,"date":"2025-05-22T20:00:31","date_gmt":"2025-05-22T23:00:31","guid":{"rendered":"https:\/\/www.missoeshumanitarias.org\/?p=155556"},"modified":"2025-09-02T08:59:49","modified_gmt":"2025-09-02T11:59:49","slug":"2a-edicao-do-curso-de-educacao-em-situacoes-de-emergencia-e-respostas-humanitarias","status":"publish","type":"post","link":"https:\/\/www.missoeshumanitarias.org\/en\/2a-edicao-do-curso-de-educacao-em-situacoes-de-emergencia-e-respostas-humanitarias\/","title":{"rendered":"Migrant indigenous families: culture, resilience and tradition"},"content":{"rendered":"\n<p>Uma travessia de escuta, troca e constru\u00e7\u00e3o coletiva marca a 2\u00aa edi\u00e7\u00e3o do Curso de Educa\u00e7\u00e3o em Situa\u00e7\u00f5es de Emerg\u00eancia e Respostas Humanit\u00e1rias, reunindo educadores de tr\u00eas continentes em torno do fortalecimento da resposta educativa em contextos de crise.<\/p>\n\n\n\n<p>Promovida pela&nbsp;<a href=\"https:\/\/www.missoeshumanitarias.org\/\">Fraternidade &#8211; Miss\u00f5es Humanit\u00e1rias Internacionais (FMHI)<\/a>&nbsp;e a&nbsp;<a href=\"https:\/\/esepf.pt\/\">Escola Superior de Educa\u00e7\u00e3o de Paula Frassinetti (ESEPF)<\/a>&nbsp;de Portugal, em colabora\u00e7\u00e3o com a&nbsp;<a href=\"https:\/\/www.instagram.com\/escolaparquetibetano\/\">Escola Parque Tibetano<\/a>, o&nbsp;<a href=\"https:\/\/www.instagram.com\/ipdae.instituto\/\">Instituto Porto-alegrense de Arte-Educa\u00e7\u00e3o (IPDAE)<\/a>, no Brasil, e a&nbsp;<a href=\"https:\/\/www.unipiaget-angola.org\/\">Universidade Jean Piaget de Angola<\/a>,&nbsp;a forma\u00e7\u00e3o concluiu sua etapa online com a participa\u00e7\u00e3o ativa de estudantes, docentes, profissionais de educa\u00e7\u00e3o, atores p\u00fablicos, humanit\u00e1rios e integrantes de organiza\u00e7\u00f5es da sociedade civil de Angola, Brasil, Portugal, Mo\u00e7ambique e Argentina.<\/p>\n\n\n\n<p>Com 75 horas de carga hor\u00e1ria, certifica\u00e7\u00e3o europeia e 3 cr\u00e9ditos ECTS, o curso alia excel\u00eancia acad\u00eamica e experi\u00eancia humanit\u00e1ria, preparando profissionais para atuarem com mais consci\u00eancia, t\u00e9cnica e sensibilidade diante de contextos complexos como deslocamentos for\u00e7ados, desastres naturais e crises sociais. O curr\u00edculo articula fundamentos como os Requisitos M\u00ednimos da INEE, a Carta Esfera e os Padr\u00f5es M\u00ednimos de Prote\u00e7\u00e3o Infantil (CPMS) \u2014 com pr\u00e1ticas educativas que acolhem a dor, respeitam os direitos e promovem a reconstru\u00e7\u00e3o de v\u00ednculos.<\/p>\n\n\n\n<figure class=\"wp-block-image size-large\"><img fetchpriority=\"high\" decoding=\"async\" width=\"1024\" height=\"540\" src=\"https:\/\/www.missoeshumanitarias.org\/wp-content\/uploads\/2025\/05\/Educacao_Emergencias_FMHI_1-1024x540.jpg\" alt=\"\" class=\"wp-image-155567\" srcset=\"https:\/\/www.missoeshumanitarias.org\/wp-content\/uploads\/2025\/05\/Educacao_Emergencias_FMHI_1-1024x540.jpg 1024w, https:\/\/www.missoeshumanitarias.org\/wp-content\/uploads\/2025\/05\/Educacao_Emergencias_FMHI_1-300x158.jpg 300w, https:\/\/www.missoeshumanitarias.org\/wp-content\/uploads\/2025\/05\/Educacao_Emergencias_FMHI_1-768x405.jpg 768w, https:\/\/www.missoeshumanitarias.org\/wp-content\/uploads\/2025\/05\/Educacao_Emergencias_FMHI_1.jpg 1280w\" sizes=\"(max-width: 1024px) 100vw, 1024px\" \/><\/figure>\n\n\n\n<h3 class=\"wp-block-heading\" id=\"h-um-percurso-formativo-em-cinco-modulos\">Um percurso formativo em cinco m\u00f3dulos<\/h3>\n\n\n\n<p>Ao longo de cinco m\u00f3dulos, os participantes foram convidados a refletir sobre o papel da educa\u00e7\u00e3o como resposta humanit\u00e1ria, aprofundando conceitos, pr\u00e1ticas e metodologias que sustentam uma atua\u00e7\u00e3o \u00e9tica e eficaz. Alguns destaques de cada etapa:<\/p>\n\n\n\n<h3 class=\"wp-block-heading\" id=\"h-modulo-1-introducao-ao-curso\">M\u00f3dulo 1 \u2013 Introdu\u00e7\u00e3o ao Curso<\/h3>\n\n\n\n<p>O percurso teve in\u00edcio com a apresenta\u00e7\u00e3o dos objetivos da forma\u00e7\u00e3o, estrutura metodol\u00f3gica e temas centrais. Mais do que um momento informativo, essa etapa promoveu o acolhimento dos participantes, a cria\u00e7\u00e3o de v\u00ednculos e o alinhamento de expectativas entre pessoas de realidades t\u00e3o distintas. A proposta pedag\u00f3gica destacou desde o princ\u00edpio a escuta ativa e o trabalho colaborativo como pilares do curso.<\/p>\n\n\n\n<h3 class=\"wp-block-heading\" id=\"h-modulo-2-panorama-global-humanitario\">M\u00f3dulo 2 \u2013 Panorama Global Humanit\u00e1rio<\/h3>\n\n\n\n<p>Dividido em dois encontros, este m\u00f3dulo ampliou o olhar para o contexto internacional das emerg\u00eancias. O primeiro momento apresentou um panorama global das crises humanit\u00e1rias, abordando conflitos armados, desastres naturais e deslocamentos for\u00e7ados. J\u00e1 o segundo encontro concentrou-se nos pa\u00edses da&nbsp;<strong>Comunidade dos Pa\u00edses de L\u00edngua Portuguesa (CPLP)<\/strong>, explorando desafios espec\u00edficos, vulnerabilidades regionais e oportunidades de atua\u00e7\u00e3o conjunta, \u00e0 luz de experi\u00eancias reais vividas em Angola, Brasil e Mo\u00e7ambique.<\/p>\n\n\n\n<h3 class=\"wp-block-heading\" id=\"h-modulo-3-cuidando-dos-cuidadores\">M\u00f3dulo 3 \u2013 Cuidando dos Cuidadores<\/h3>\n\n\n\n<p>Um dos momentos mais sens\u00edveis da forma\u00e7\u00e3o, este m\u00f3dulo abordou a import\u00e2ncia de cuidar de quem cuida. O primeiro encontro trouxe reflex\u00f5es sobre empatia, resili\u00eancia e apoio psicoemocional como pilares da sustentabilidade na atua\u00e7\u00e3o humanit\u00e1ria. No segundo encontro, a psico-higiene e o autocuidado foram apresentados n\u00e3o como luxo, mas como necessidade fundamental. As atividades ass\u00edncronas possibilitaram que cada participante realizasse uma autoavalia\u00e7\u00e3o e criasse estrat\u00e9gias pessoais de cuidado, fundamentais para preservar a sa\u00fade mental diante do sofrimento alheio.<\/p>\n\n\n\n<h3 class=\"wp-block-heading\" id=\"h-modulo-4-educacao-orientada-a-superacao-do-trauma\">M\u00f3dulo 4 \u2013 Educa\u00e7\u00e3o Orientada \u00e0 Supera\u00e7\u00e3o do Trauma<\/h3>\n\n\n\n<p>Com quatro encontros, este m\u00f3dulo mergulhou na psicotraumatologia e no papel da educa\u00e7\u00e3o como ferramenta de cura. Inicialmente, os participantes estudaram os fundamentos do trauma psicol\u00f3gico e suas implica\u00e7\u00f5es. Em seguida, aprofundaram-se nos efeitos do trauma no desenvolvimento infantil, nos impactos do trauma transgeracional e nas metodologias aplicadas \u00e0 educa\u00e7\u00e3o em contextos emergenciais. Essa etapa fortaleceu a compreens\u00e3o de que o ato educativo, quando sens\u00edvel ao trauma, pode reconstruir v\u00ednculos, restaurar o sentido e renovar esperan\u00e7as.<\/p>\n\n\n\n<figure class=\"wp-block-image size-large\"><img decoding=\"async\" width=\"1024\" height=\"577\" src=\"https:\/\/www.missoeshumanitarias.org\/wp-content\/uploads\/2025\/05\/Educacao_Emergencias_FMHI_2-1024x577.jpg\" alt=\"\" class=\"wp-image-155570\" srcset=\"https:\/\/www.missoeshumanitarias.org\/wp-content\/uploads\/2025\/05\/Educacao_Emergencias_FMHI_2-1024x577.jpg 1024w, https:\/\/www.missoeshumanitarias.org\/wp-content\/uploads\/2025\/05\/Educacao_Emergencias_FMHI_2-300x169.jpg 300w, https:\/\/www.missoeshumanitarias.org\/wp-content\/uploads\/2025\/05\/Educacao_Emergencias_FMHI_2-768x433.jpg 768w, https:\/\/www.missoeshumanitarias.org\/wp-content\/uploads\/2025\/05\/Educacao_Emergencias_FMHI_2.jpg 1280w\" sizes=\"(max-width: 1024px) 100vw, 1024px\" \/><\/figure>\n\n\n\n<h3 class=\"wp-block-heading\" id=\"h-modulo-5-principios-humanitarios-protecao-e-requisitos-minimos-em-educacao-rme-inee\">M\u00f3dulo 5 \u2013 Princ\u00edpios Humanit\u00e1rios, Prote\u00e7\u00e3o e Requisitos M\u00ednimos em Educa\u00e7\u00e3o (RME \u2013 INEE)<\/h3>\n\n\n\n<p>Encerrando a etapa online, este m\u00f3dulo contou com cinco encontros e trouxe um mergulho nos principais marcos regulat\u00f3rios da a\u00e7\u00e3o humanit\u00e1ria. Foram apresentados os princ\u00edpios da arquitetura humanit\u00e1ria, os fundamentos da Carta Esfera, as Normas Humanit\u00e1rias Essenciais, os protocolos de prote\u00e7\u00e3o \u00e0 inf\u00e2ncia e os mecanismos de preven\u00e7\u00e3o contra abuso e explora\u00e7\u00e3o. Nos dois encontros finais, o foco recaiu sobre os Requisitos M\u00ednimos da INEE para a Educa\u00e7\u00e3o em Situa\u00e7\u00f5es de Emerg\u00eancia, oferecendo aos participantes instrumentos concretos para garantir seguran\u00e7a, inclus\u00e3o e qualidade educativa mesmo em contextos adversos.<\/p>\n\n\n\n<h3 class=\"wp-block-heading\" id=\"h-intercambio-de-saberes-diversidade-como-forca-formativa\">Interc\u00e2mbio de saberes: diversidade como for\u00e7a formativa<\/h3>\n\n\n\n<p>Durante os encontros online, os participantes compartilharam experi\u00eancias vividas em \u00e1reas vulner\u00e1veis em diferentes locais de atua\u00e7\u00e3o. &nbsp;Esse interc\u00e2mbio, permeado por empatia e escuta, estimulou a constru\u00e7\u00e3o de aprendizado coletivo. Quest\u00f5es como o impacto do trauma, os desafios do deslocamento for\u00e7ado, a sobrecarga emocional dos profissionais e os limites da infraestrutura educativa foram debatidas \u00e0 luz de casos reais.<\/p>\n\n\n\n<p>Segundo Anderson Santiago, servidor humanit\u00e1rio da&nbsp;<a href=\"https:\/\/www.missoeshumanitarias.org\/\">Fraternidade \u2013 Miss\u00f5es Humanit\u00e1rias (FMHI)<\/a>&nbsp;e um dos coordenadores do curso, a segunda edi\u00e7\u00e3o trouxe atualiza\u00e7\u00f5es importantes em rela\u00e7\u00e3o \u00e0 vers\u00e3o anterior, com foco na amplia\u00e7\u00e3o das intera\u00e7\u00f5es entre os participantes. \u201cIsso tamb\u00e9m aconteceu atrav\u00e9s das atividades realizadas entre um encontro e outro, o que possibilitou que cada um pudesse aportar seus conhecimentos, d\u00favidas e inquieta\u00e7\u00f5es\u201d, destacou.<\/p>\n\n\n\n<p>Para ele, o maior \u00eaxito da forma\u00e7\u00e3o est\u00e1 na capacidade de reunir, em um mesmo espa\u00e7o formativo, pessoas de pa\u00edses e continentes diferentes, cada qual vivendo seus pr\u00f3prios desafios e situa\u00e7\u00f5es potencialmente traum\u00e1ticas. \u201cIsso traz em si a oportunidade de um aprendizado que transcende as fronteiras. Para mim, este \u00e9 o principal \u00eaxito do curso: ampliar as conex\u00f5es entre as pessoas e seus diferentes contextos, demonstrando que \u00e9 sim poss\u00edvel encontrar caminhos de unidade, caminhos de supera\u00e7\u00e3o.\u201d<\/p>\n\n\n\n<p>Ao todo, 58 pessoas participaram da etapa online, e 49 delas seguem agora para a fase final, que compreende o componente presencial e a entrega do trabalho de conclus\u00e3o de curso.<\/p>\n\n\n\n<figure class=\"wp-block-image size-large\"><img decoding=\"async\" width=\"1024\" height=\"577\" src=\"https:\/\/www.missoeshumanitarias.org\/wp-content\/uploads\/2025\/05\/Educacao_Emergencias_FMHI_3-1024x577.jpg\" alt=\"\" class=\"wp-image-155573\" srcset=\"https:\/\/www.missoeshumanitarias.org\/wp-content\/uploads\/2025\/05\/Educacao_Emergencias_FMHI_3-1024x577.jpg 1024w, https:\/\/www.missoeshumanitarias.org\/wp-content\/uploads\/2025\/05\/Educacao_Emergencias_FMHI_3-300x169.jpg 300w, https:\/\/www.missoeshumanitarias.org\/wp-content\/uploads\/2025\/05\/Educacao_Emergencias_FMHI_3-768x433.jpg 768w, https:\/\/www.missoeshumanitarias.org\/wp-content\/uploads\/2025\/05\/Educacao_Emergencias_FMHI_3.jpg 1280w\" sizes=\"(max-width: 1024px) 100vw, 1024px\" \/><\/figure>\n\n\n\n<h3 class=\"wp-block-heading\" id=\"h-um-curso-que-ecoa-para-alem-das-salas-virtuais\">Um curso que ecoa para al\u00e9m das salas virtuais<\/h3>\n\n\n\n<p>A diversidade cultural e geogr\u00e1fica dos participantes refor\u00e7ou o sentido de uma educa\u00e7\u00e3o humanit\u00e1ria global, comprometida com a dignidade humana em qualquer territ\u00f3rio. \u201cA forma\u00e7\u00e3o reuniu participantes de tr\u00eas continentes, enriquecendo a troca de experi\u00eancias sobre os desafios globais da educa\u00e7\u00e3o em contextos humanit\u00e1rios. Refletimos sobre a import\u00e2ncia dos direitos humanos e da dignidade em diferentes realidades educativas\u201d, afirmou o professor J\u00falio Santos.<\/p>\n\n\n\n<p>A professora Patr\u00edcia Ribeiro destacou a metodologia como um diferencial: \u201cA diversidade dos contextos representados e o esp\u00edrito colaborativo que se viveu ao longo do curso refor\u00e7am a import\u00e2ncia da forma\u00e7\u00e3o em rede e do trabalho conjunto para a constru\u00e7\u00e3o de respostas educativas mais justas, humanas e adequadas a situa\u00e7\u00f5es de crise.\u201d<\/p>\n\n\n\n<p>Jos\u00e9 Lu\u00eds Gon\u00e7alves, diretor da&nbsp;<a href=\"https:\/\/www.instagram.com\/ipdae.instituto\/\">Escola Superior de Educa\u00e7\u00e3o Paula Frassinetti (ESEPF)<\/a>, sublinhou que esta nova edi\u00e7\u00e3o \u00e9 fruto do aprimoramento cont\u00ednuo e da for\u00e7a das parcerias. \u201cIniciativas como esta s\u00f3 se tornam poss\u00edveis pela converg\u00eancia de institui\u00e7\u00f5es que compartilham o compromisso com a educa\u00e7\u00e3o e com a a\u00e7\u00e3o humanit\u00e1ria.\u201d<\/p>\n\n\n\n<p>O gestor geral da&nbsp;<a href=\"https:\/\/www.missoeshumanitarias.org\/\">Fraternidade \u2013 Miss\u00f5es Humanit\u00e1rias (FMHI)<\/a>, frei Luciano, lembrou que as emerg\u00eancias humanit\u00e1rias continuam a se agravar, especialmente na \u00c1frica, e exigem respostas preparadas e sens\u00edveis. \u201c\u00c9 urgente preparar profissionais que estejam t\u00e9cnica, emocional e culturalmente prontos para fortalecer respostas educativas humanit\u00e1rias frente \u00e0s m\u00faltiplas vulnerabilidades.\u201d<\/p>\n\n\n\n<p>Na vis\u00e3o da decana adjunta da&nbsp;<a href=\"https:\/\/www.unipiaget-angola.org\/\">Universidade Jean Piaget<\/a>, Elisa Silicavissa Pragosa: \u201cO curso n\u00e3o apenas capacita para contextos cr\u00edticos, mas prop\u00f5e uma pr\u00e1tica educativa mais sens\u00edvel e humanizada. Uma educa\u00e7\u00e3o comprometida com a dignidade humana \u00e9 essencial em todos os territ\u00f3rios.\u201d<\/p>\n\n\n\n<figure class=\"wp-block-image size-large\"><img loading=\"lazy\" decoding=\"async\" width=\"1024\" height=\"542\" src=\"https:\/\/www.missoeshumanitarias.org\/wp-content\/uploads\/2025\/05\/Educacao_Emergencias_FMHI_4-1024x542.jpg\" alt=\"\" class=\"wp-image-155576\" srcset=\"https:\/\/www.missoeshumanitarias.org\/wp-content\/uploads\/2025\/05\/Educacao_Emergencias_FMHI_4-1024x542.jpg 1024w, https:\/\/www.missoeshumanitarias.org\/wp-content\/uploads\/2025\/05\/Educacao_Emergencias_FMHI_4-300x159.jpg 300w, https:\/\/www.missoeshumanitarias.org\/wp-content\/uploads\/2025\/05\/Educacao_Emergencias_FMHI_4-768x406.jpg 768w, https:\/\/www.missoeshumanitarias.org\/wp-content\/uploads\/2025\/05\/Educacao_Emergencias_FMHI_4.jpg 1280w\" sizes=\"(max-width: 1024px) 100vw, 1024px\" \/><\/figure>\n\n\n\n<h3 class=\"wp-block-heading\" id=\"h-proximas-etapas-encontro-presencial-e-novos-horizontes\">Pr\u00f3ximas etapas: encontro presencial e novos horizontes<\/h3>\n\n\n\n<p>Com encontros presenciais previstos em Luanda (Angola), Porto (Portugal), Carmo da Cachoeira (Brasil) e Rio Grande do Sul (Brasil), o curso entra agora em sua fase final, que inclui a realiza\u00e7\u00e3o dos encontros e a entrega do trabalho de conclus\u00e3o. Mant\u00e9m-se o esp\u00edrito de rede, escuta e constru\u00e7\u00e3o coletiva que guiou todo o percurso formativo.<\/p>\n\n\n\n<p>Em tempos de emerg\u00eancia, o curso reafirma a educa\u00e7\u00e3o como resposta urgente, necess\u00e1ria e transformadora.<\/p>\n\n\n\n<figure class=\"wp-block-gallery has-nested-images columns-default is-cropped wp-block-gallery-1 is-layout-flex wp-block-gallery-is-layout-flex\">\n<figure class=\"wp-block-image size-large\"><img loading=\"lazy\" decoding=\"async\" width=\"1024\" height=\"461\" data-id=\"155558\" src=\"https:\/\/www.missoeshumanitarias.org\/wp-content\/uploads\/2025\/05\/Educacao_Emergencias_FMHI_5-1024x461.jpg\" alt=\"\" class=\"wp-image-155558\" srcset=\"https:\/\/www.missoeshumanitarias.org\/wp-content\/uploads\/2025\/05\/Educacao_Emergencias_FMHI_5-1024x461.jpg 1024w, https:\/\/www.missoeshumanitarias.org\/wp-content\/uploads\/2025\/05\/Educacao_Emergencias_FMHI_5-300x135.jpg 300w, https:\/\/www.missoeshumanitarias.org\/wp-content\/uploads\/2025\/05\/Educacao_Emergencias_FMHI_5-768x346.jpg 768w, https:\/\/www.missoeshumanitarias.org\/wp-content\/uploads\/2025\/05\/Educacao_Emergencias_FMHI_5.jpg 1280w\" sizes=\"(max-width: 1024px) 100vw, 1024px\" \/><\/figure>\n\n\n\n<figure class=\"wp-block-image size-large\"><img loading=\"lazy\" decoding=\"async\" width=\"1024\" height=\"461\" data-id=\"155564\" src=\"https:\/\/www.missoeshumanitarias.org\/wp-content\/uploads\/2025\/05\/Educacao_Emergencias_FMHI_6-1024x461.jpg\" alt=\"\" class=\"wp-image-155564\" srcset=\"https:\/\/www.missoeshumanitarias.org\/wp-content\/uploads\/2025\/05\/Educacao_Emergencias_FMHI_6-1024x461.jpg 1024w, https:\/\/www.missoeshumanitarias.org\/wp-content\/uploads\/2025\/05\/Educacao_Emergencias_FMHI_6-300x135.jpg 300w, https:\/\/www.missoeshumanitarias.org\/wp-content\/uploads\/2025\/05\/Educacao_Emergencias_FMHI_6-768x346.jpg 768w, https:\/\/www.missoeshumanitarias.org\/wp-content\/uploads\/2025\/05\/Educacao_Emergencias_FMHI_6.jpg 1280w\" sizes=\"(max-width: 1024px) 100vw, 1024px\" \/><\/figure>\n\n\n\n<figure class=\"wp-block-image size-large\"><img loading=\"lazy\" decoding=\"async\" width=\"1024\" height=\"682\" data-id=\"155561\" src=\"https:\/\/www.missoeshumanitarias.org\/wp-content\/uploads\/2025\/05\/Educacao_Emergencias_FMHI_7-1024x682.jpg\" alt=\"\" class=\"wp-image-155561\" srcset=\"https:\/\/www.missoeshumanitarias.org\/wp-content\/uploads\/2025\/05\/Educacao_Emergencias_FMHI_7-1024x682.jpg 1024w, https:\/\/www.missoeshumanitarias.org\/wp-content\/uploads\/2025\/05\/Educacao_Emergencias_FMHI_7-300x200.jpg 300w, https:\/\/www.missoeshumanitarias.org\/wp-content\/uploads\/2025\/05\/Educacao_Emergencias_FMHI_7-768x512.jpg 768w, https:\/\/www.missoeshumanitarias.org\/wp-content\/uploads\/2025\/05\/Educacao_Emergencias_FMHI_7.jpg 1280w\" sizes=\"(max-width: 1024px) 100vw, 1024px\" \/><\/figure>\n<\/figure>\n","protected":false},"excerpt":{"rendered":"<p>Uma travessia de escuta, troca e constru\u00e7\u00e3o coletiva marca a 2\u00aa edi\u00e7\u00e3o do Curso de Educa\u00e7\u00e3o em Situa\u00e7\u00f5es de Emerg\u00eancia e Respostas Humanit\u00e1rias, reunindo educadores de tr\u00eas continentes em torno do fortalecimento da resposta educativa em contextos de crise. Promovida pela&nbsp;Fraternidade &#8211; Miss\u00f5es Humanit\u00e1rias Internacionais (FMHI)&nbsp;e a&nbsp;Escola Superior de Educa\u00e7\u00e3o de Paula Frassinetti (ESEPF)&nbsp;de Portugal, [&hellip;]<\/p>\n","protected":false},"author":11,"featured_media":155573,"comment_status":"closed","ping_status":"closed","sticky":false,"template":"","format":"standard","meta":{"footnotes":""},"categories":[9],"tags":[],"class_list":["post-155556","post","type-post","status-publish","format-standard","has-post-thumbnail","hentry","category-news"],"featured_image_src":"https:\/\/www.missoeshumanitarias.org\/wp-content\/uploads\/2025\/05\/Educacao_Emergencias_FMHI_3.jpg","author_info":{"display_name":"Pedro Duca","author_link":"https:\/\/www.missoeshumanitarias.org\/en\/author\/pedro_admin\/"},"yoast_head":"<!-- This site is optimized with the Yoast SEO Premium plugin v22.5 (Yoast SEO v22.5) - https:\/\/yoast.com\/wordpress\/plugins\/seo\/ -->\n<title>Migrant indigenous families: culture, resilience and tradition - Fraternidade Miss\u00f5es Humanit\u00e1rias Internacionais<\/title>\n<meta name=\"robots\" content=\"index, follow, max-snippet:-1, max-image-preview:large, max-video-preview:-1\" \/>\n<link rel=\"canonical\" href=\"https:\/\/www.missoeshumanitarias.org\/en\/2a-edicao-do-curso-de-educacao-em-situacoes-de-emergencia-e-respostas-humanitarias\/\" \/>\n<meta property=\"og:locale\" content=\"en_US\" \/>\n<meta property=\"og:type\" content=\"article\" \/>\n<meta property=\"og:title\" content=\"Migrant indigenous families: culture, resilience and tradition\" \/>\n<meta property=\"og:description\" content=\"Uma travessia de escuta, troca e constru\u00e7\u00e3o coletiva marca a 2\u00aa edi\u00e7\u00e3o do Curso de Educa\u00e7\u00e3o em Situa\u00e7\u00f5es de Emerg\u00eancia e Respostas Humanit\u00e1rias, reunindo educadores de tr\u00eas continentes em torno do fortalecimento da resposta educativa em contextos de crise. Promovida pela&nbsp;Fraternidade &#8211; Miss\u00f5es Humanit\u00e1rias Internacionais (FMHI)&nbsp;e a&nbsp;Escola Superior de Educa\u00e7\u00e3o de Paula Frassinetti (ESEPF)&nbsp;de Portugal, [&hellip;]\" \/>\n<meta property=\"og:url\" content=\"https:\/\/www.missoeshumanitarias.org\/en\/2a-edicao-do-curso-de-educacao-em-situacoes-de-emergencia-e-respostas-humanitarias\/\" \/>\n<meta property=\"og:site_name\" content=\"Fraternidade Miss\u00f5es Humanit\u00e1rias Internacionais\" \/>\n<meta property=\"article:published_time\" content=\"2025-05-22T23:00:31+00:00\" \/>\n<meta property=\"article:modified_time\" content=\"2025-09-02T11:59:49+00:00\" \/>\n<meta property=\"og:image\" content=\"https:\/\/www.missoeshumanitarias.org\/wp-content\/uploads\/2025\/05\/Educacao_Emergencias_FMHI_3.jpg\" \/>\n\t<meta property=\"og:image:width\" content=\"1280\" \/>\n\t<meta property=\"og:image:height\" content=\"721\" \/>\n\t<meta property=\"og:image:type\" content=\"image\/jpeg\" \/>\n<meta name=\"author\" content=\"Pedro Duca\" \/>\n<meta name=\"twitter:card\" content=\"summary_large_image\" \/>\n<meta name=\"twitter:label1\" content=\"Written by\" \/>\n\t<meta name=\"twitter:data1\" content=\"Pedro Duca\" \/>\n\t<meta name=\"twitter:label2\" content=\"Est. reading time\" \/>\n\t<meta name=\"twitter:data2\" content=\"9 minutes\" \/>\n<script type=\"application\/ld+json\" class=\"yoast-schema-graph\">{\"@context\":\"https:\/\/schema.org\",\"@graph\":[{\"@type\":\"Article\",\"@id\":\"https:\/\/www.missoeshumanitarias.org\/en\/2a-edicao-do-curso-de-educacao-em-situacoes-de-emergencia-e-respostas-humanitarias\/#article\",\"isPartOf\":{\"@id\":\"https:\/\/www.missoeshumanitarias.org\/en\/2a-edicao-do-curso-de-educacao-em-situacoes-de-emergencia-e-respostas-humanitarias\/\"},\"author\":{\"name\":\"Pedro Duca\",\"@id\":\"https:\/\/www.missoeshumanitarias.org\/es\/#\/schema\/person\/7030103646ac86851022f2f911303335\"},\"headline\":\"Migrant indigenous families: culture, resilience and tradition\",\"datePublished\":\"2025-05-22T23:00:31+00:00\",\"dateModified\":\"2025-09-02T11:59:49+00:00\",\"mainEntityOfPage\":{\"@id\":\"https:\/\/www.missoeshumanitarias.org\/en\/2a-edicao-do-curso-de-educacao-em-situacoes-de-emergencia-e-respostas-humanitarias\/\"},\"wordCount\":1426,\"publisher\":{\"@id\":\"https:\/\/www.missoeshumanitarias.org\/es\/#organization\"},\"image\":{\"@id\":\"https:\/\/www.missoeshumanitarias.org\/en\/2a-edicao-do-curso-de-educacao-em-situacoes-de-emergencia-e-respostas-humanitarias\/#primaryimage\"},\"thumbnailUrl\":\"https:\/\/www.missoeshumanitarias.org\/wp-content\/uploads\/2025\/05\/Educacao_Emergencias_FMHI_3.jpg\",\"articleSection\":[\"News\"],\"inLanguage\":\"en-US\"},{\"@type\":\"WebPage\",\"@id\":\"https:\/\/www.missoeshumanitarias.org\/en\/2a-edicao-do-curso-de-educacao-em-situacoes-de-emergencia-e-respostas-humanitarias\/\",\"url\":\"https:\/\/www.missoeshumanitarias.org\/en\/2a-edicao-do-curso-de-educacao-em-situacoes-de-emergencia-e-respostas-humanitarias\/\",\"name\":\"Migrant indigenous families: culture, resilience and tradition - Fraternidade Miss\u00f5es Humanit\u00e1rias Internacionais\",\"isPartOf\":{\"@id\":\"https:\/\/www.missoeshumanitarias.org\/es\/#website\"},\"primaryImageOfPage\":{\"@id\":\"https:\/\/www.missoeshumanitarias.org\/en\/2a-edicao-do-curso-de-educacao-em-situacoes-de-emergencia-e-respostas-humanitarias\/#primaryimage\"},\"image\":{\"@id\":\"https:\/\/www.missoeshumanitarias.org\/en\/2a-edicao-do-curso-de-educacao-em-situacoes-de-emergencia-e-respostas-humanitarias\/#primaryimage\"},\"thumbnailUrl\":\"https:\/\/www.missoeshumanitarias.org\/wp-content\/uploads\/2025\/05\/Educacao_Emergencias_FMHI_3.jpg\",\"datePublished\":\"2025-05-22T23:00:31+00:00\",\"dateModified\":\"2025-09-02T11:59:49+00:00\",\"breadcrumb\":{\"@id\":\"https:\/\/www.missoeshumanitarias.org\/en\/2a-edicao-do-curso-de-educacao-em-situacoes-de-emergencia-e-respostas-humanitarias\/#breadcrumb\"},\"inLanguage\":\"en-US\",\"potentialAction\":[{\"@type\":\"ReadAction\",\"target\":[\"https:\/\/www.missoeshumanitarias.org\/en\/2a-edicao-do-curso-de-educacao-em-situacoes-de-emergencia-e-respostas-humanitarias\/\"]}]},{\"@type\":\"ImageObject\",\"inLanguage\":\"en-US\",\"@id\":\"https:\/\/www.missoeshumanitarias.org\/en\/2a-edicao-do-curso-de-educacao-em-situacoes-de-emergencia-e-respostas-humanitarias\/#primaryimage\",\"url\":\"https:\/\/www.missoeshumanitarias.org\/wp-content\/uploads\/2025\/05\/Educacao_Emergencias_FMHI_3.jpg\",\"contentUrl\":\"https:\/\/www.missoeshumanitarias.org\/wp-content\/uploads\/2025\/05\/Educacao_Emergencias_FMHI_3.jpg\",\"width\":1280,\"height\":721},{\"@type\":\"BreadcrumbList\",\"@id\":\"https:\/\/www.missoeshumanitarias.org\/en\/2a-edicao-do-curso-de-educacao-em-situacoes-de-emergencia-e-respostas-humanitarias\/#breadcrumb\",\"itemListElement\":[{\"@type\":\"ListItem\",\"position\":1,\"name\":\"Home\",\"item\":\"https:\/\/www.missoeshumanitarias.org\/en\/\"},{\"@type\":\"ListItem\",\"position\":2,\"name\":\"Migrant indigenous families: culture, resilience and tradition\"}]},{\"@type\":\"WebSite\",\"@id\":\"https:\/\/www.missoeshumanitarias.org\/es\/#website\",\"url\":\"https:\/\/www.missoeshumanitarias.org\/es\/\",\"name\":\"Fraternidade Miss\u00f5es Humanit\u00e1rias Internacionais\",\"description\":\"Respostas Humanit\u00e1rias e Emerg\u00eancias\",\"publisher\":{\"@id\":\"https:\/\/www.missoeshumanitarias.org\/es\/#organization\"},\"potentialAction\":[{\"@type\":\"SearchAction\",\"target\":{\"@type\":\"EntryPoint\",\"urlTemplate\":\"https:\/\/www.missoeshumanitarias.org\/es\/?s={search_term_string}\"},\"query-input\":\"required name=search_term_string\"}],\"inLanguage\":\"en-US\"},{\"@type\":\"Organization\",\"@id\":\"https:\/\/www.missoeshumanitarias.org\/es\/#organization\",\"name\":\"Fraternidade - Miss\u00f5es Humanit\u00e1rias Internacionais\",\"url\":\"https:\/\/www.missoeshumanitarias.org\/es\/\",\"logo\":{\"@type\":\"ImageObject\",\"inLanguage\":\"en-US\",\"@id\":\"https:\/\/www.missoeshumanitarias.org\/es\/#\/schema\/logo\/image\/\",\"url\":\"https:\/\/www.missoeshumanitarias.org\/wp-content\/uploads\/2020\/05\/logo-FMHI-mg.png\",\"contentUrl\":\"https:\/\/www.missoeshumanitarias.org\/wp-content\/uploads\/2020\/05\/logo-FMHI-mg.png\",\"width\":520,\"height\":134,\"caption\":\"Fraternidade - Miss\u00f5es Humanit\u00e1rias Internacionais\"},\"image\":{\"@id\":\"https:\/\/www.missoeshumanitarias.org\/es\/#\/schema\/logo\/image\/\"}},{\"@type\":\"Person\",\"@id\":\"https:\/\/www.missoeshumanitarias.org\/es\/#\/schema\/person\/7030103646ac86851022f2f911303335\",\"name\":\"Pedro Duca\",\"image\":{\"@type\":\"ImageObject\",\"inLanguage\":\"en-US\",\"@id\":\"https:\/\/www.missoeshumanitarias.org\/es\/#\/schema\/person\/image\/\",\"url\":\"https:\/\/secure.gravatar.com\/avatar\/8f37b65fd0a898e39eb8356b57364c8a49e2a0098368f80d560bd4d2ddc12c2e?s=96&d=mm&r=g\",\"contentUrl\":\"https:\/\/secure.gravatar.com\/avatar\/8f37b65fd0a898e39eb8356b57364c8a49e2a0098368f80d560bd4d2ddc12c2e?s=96&d=mm&r=g\",\"caption\":\"Pedro Duca\"}}]}<\/script>\n<!-- \/ Yoast SEO Premium plugin. -->","yoast_head_json":{"title":"Migrant indigenous families: culture, resilience and tradition - Fraternidade Miss\u00f5es Humanit\u00e1rias Internacionais","robots":{"index":"index","follow":"follow","max-snippet":"max-snippet:-1","max-image-preview":"max-image-preview:large","max-video-preview":"max-video-preview:-1"},"canonical":"https:\/\/www.missoeshumanitarias.org\/en\/2a-edicao-do-curso-de-educacao-em-situacoes-de-emergencia-e-respostas-humanitarias\/","og_locale":"en_US","og_type":"article","og_title":"Migrant indigenous families: culture, resilience and tradition","og_description":"Uma travessia de escuta, troca e constru\u00e7\u00e3o coletiva marca a 2\u00aa edi\u00e7\u00e3o do Curso de Educa\u00e7\u00e3o em Situa\u00e7\u00f5es de Emerg\u00eancia e Respostas Humanit\u00e1rias, reunindo educadores de tr\u00eas continentes em torno do fortalecimento da resposta educativa em contextos de crise. Promovida pela&nbsp;Fraternidade &#8211; Miss\u00f5es Humanit\u00e1rias Internacionais (FMHI)&nbsp;e a&nbsp;Escola Superior de Educa\u00e7\u00e3o de Paula Frassinetti (ESEPF)&nbsp;de Portugal, [&hellip;]","og_url":"https:\/\/www.missoeshumanitarias.org\/en\/2a-edicao-do-curso-de-educacao-em-situacoes-de-emergencia-e-respostas-humanitarias\/","og_site_name":"Fraternidade Miss\u00f5es Humanit\u00e1rias Internacionais","article_published_time":"2025-05-22T23:00:31+00:00","article_modified_time":"2025-09-02T11:59:49+00:00","og_image":[{"width":1280,"height":721,"url":"https:\/\/www.missoeshumanitarias.org\/wp-content\/uploads\/2025\/05\/Educacao_Emergencias_FMHI_3.jpg","type":"image\/jpeg"}],"author":"Pedro Duca","twitter_card":"summary_large_image","twitter_misc":{"Written by":"Pedro Duca","Est. reading time":"9 minutes"},"schema":{"@context":"https:\/\/schema.org","@graph":[{"@type":"Article","@id":"https:\/\/www.missoeshumanitarias.org\/en\/2a-edicao-do-curso-de-educacao-em-situacoes-de-emergencia-e-respostas-humanitarias\/#article","isPartOf":{"@id":"https:\/\/www.missoeshumanitarias.org\/en\/2a-edicao-do-curso-de-educacao-em-situacoes-de-emergencia-e-respostas-humanitarias\/"},"author":{"name":"Pedro Duca","@id":"https:\/\/www.missoeshumanitarias.org\/es\/#\/schema\/person\/7030103646ac86851022f2f911303335"},"headline":"Migrant indigenous families: culture, resilience and tradition","datePublished":"2025-05-22T23:00:31+00:00","dateModified":"2025-09-02T11:59:49+00:00","mainEntityOfPage":{"@id":"https:\/\/www.missoeshumanitarias.org\/en\/2a-edicao-do-curso-de-educacao-em-situacoes-de-emergencia-e-respostas-humanitarias\/"},"wordCount":1426,"publisher":{"@id":"https:\/\/www.missoeshumanitarias.org\/es\/#organization"},"image":{"@id":"https:\/\/www.missoeshumanitarias.org\/en\/2a-edicao-do-curso-de-educacao-em-situacoes-de-emergencia-e-respostas-humanitarias\/#primaryimage"},"thumbnailUrl":"https:\/\/www.missoeshumanitarias.org\/wp-content\/uploads\/2025\/05\/Educacao_Emergencias_FMHI_3.jpg","articleSection":["News"],"inLanguage":"en-US"},{"@type":"WebPage","@id":"https:\/\/www.missoeshumanitarias.org\/en\/2a-edicao-do-curso-de-educacao-em-situacoes-de-emergencia-e-respostas-humanitarias\/","url":"https:\/\/www.missoeshumanitarias.org\/en\/2a-edicao-do-curso-de-educacao-em-situacoes-de-emergencia-e-respostas-humanitarias\/","name":"Migrant indigenous families: culture, resilience and tradition - Fraternidade Miss\u00f5es Humanit\u00e1rias Internacionais","isPartOf":{"@id":"https:\/\/www.missoeshumanitarias.org\/es\/#website"},"primaryImageOfPage":{"@id":"https:\/\/www.missoeshumanitarias.org\/en\/2a-edicao-do-curso-de-educacao-em-situacoes-de-emergencia-e-respostas-humanitarias\/#primaryimage"},"image":{"@id":"https:\/\/www.missoeshumanitarias.org\/en\/2a-edicao-do-curso-de-educacao-em-situacoes-de-emergencia-e-respostas-humanitarias\/#primaryimage"},"thumbnailUrl":"https:\/\/www.missoeshumanitarias.org\/wp-content\/uploads\/2025\/05\/Educacao_Emergencias_FMHI_3.jpg","datePublished":"2025-05-22T23:00:31+00:00","dateModified":"2025-09-02T11:59:49+00:00","breadcrumb":{"@id":"https:\/\/www.missoeshumanitarias.org\/en\/2a-edicao-do-curso-de-educacao-em-situacoes-de-emergencia-e-respostas-humanitarias\/#breadcrumb"},"inLanguage":"en-US","potentialAction":[{"@type":"ReadAction","target":["https:\/\/www.missoeshumanitarias.org\/en\/2a-edicao-do-curso-de-educacao-em-situacoes-de-emergencia-e-respostas-humanitarias\/"]}]},{"@type":"ImageObject","inLanguage":"en-US","@id":"https:\/\/www.missoeshumanitarias.org\/en\/2a-edicao-do-curso-de-educacao-em-situacoes-de-emergencia-e-respostas-humanitarias\/#primaryimage","url":"https:\/\/www.missoeshumanitarias.org\/wp-content\/uploads\/2025\/05\/Educacao_Emergencias_FMHI_3.jpg","contentUrl":"https:\/\/www.missoeshumanitarias.org\/wp-content\/uploads\/2025\/05\/Educacao_Emergencias_FMHI_3.jpg","width":1280,"height":721},{"@type":"BreadcrumbList","@id":"https:\/\/www.missoeshumanitarias.org\/en\/2a-edicao-do-curso-de-educacao-em-situacoes-de-emergencia-e-respostas-humanitarias\/#breadcrumb","itemListElement":[{"@type":"ListItem","position":1,"name":"Home","item":"https:\/\/www.missoeshumanitarias.org\/en\/"},{"@type":"ListItem","position":2,"name":"Migrant indigenous families: culture, resilience and tradition"}]},{"@type":"WebSite","@id":"https:\/\/www.missoeshumanitarias.org\/es\/#website","url":"https:\/\/www.missoeshumanitarias.org\/es\/","name":"Fraternidade Miss\u00f5es Humanit\u00e1rias Internacionais","description":"Respostas Humanit\u00e1rias e Emerg\u00eancias","publisher":{"@id":"https:\/\/www.missoeshumanitarias.org\/es\/#organization"},"potentialAction":[{"@type":"SearchAction","target":{"@type":"EntryPoint","urlTemplate":"https:\/\/www.missoeshumanitarias.org\/es\/?s={search_term_string}"},"query-input":"required name=search_term_string"}],"inLanguage":"en-US"},{"@type":"Organization","@id":"https:\/\/www.missoeshumanitarias.org\/es\/#organization","name":"Fraternidade - Miss\u00f5es Humanit\u00e1rias Internacionais","url":"https:\/\/www.missoeshumanitarias.org\/es\/","logo":{"@type":"ImageObject","inLanguage":"en-US","@id":"https:\/\/www.missoeshumanitarias.org\/es\/#\/schema\/logo\/image\/","url":"https:\/\/www.missoeshumanitarias.org\/wp-content\/uploads\/2020\/05\/logo-FMHI-mg.png","contentUrl":"https:\/\/www.missoeshumanitarias.org\/wp-content\/uploads\/2020\/05\/logo-FMHI-mg.png","width":520,"height":134,"caption":"Fraternidade - Miss\u00f5es Humanit\u00e1rias Internacionais"},"image":{"@id":"https:\/\/www.missoeshumanitarias.org\/es\/#\/schema\/logo\/image\/"}},{"@type":"Person","@id":"https:\/\/www.missoeshumanitarias.org\/es\/#\/schema\/person\/7030103646ac86851022f2f911303335","name":"Pedro Duca","image":{"@type":"ImageObject","inLanguage":"en-US","@id":"https:\/\/www.missoeshumanitarias.org\/es\/#\/schema\/person\/image\/","url":"https:\/\/secure.gravatar.com\/avatar\/8f37b65fd0a898e39eb8356b57364c8a49e2a0098368f80d560bd4d2ddc12c2e?s=96&d=mm&r=g","contentUrl":"https:\/\/secure.gravatar.com\/avatar\/8f37b65fd0a898e39eb8356b57364c8a49e2a0098368f80d560bd4d2ddc12c2e?s=96&d=mm&r=g","caption":"Pedro Duca"}}]}},"_links":{"self":[{"href":"https:\/\/www.missoeshumanitarias.org\/en\/wp-json\/wp\/v2\/posts\/155556","targetHints":{"allow":["GET"]}}],"collection":[{"href":"https:\/\/www.missoeshumanitarias.org\/en\/wp-json\/wp\/v2\/posts"}],"about":[{"href":"https:\/\/www.missoeshumanitarias.org\/en\/wp-json\/wp\/v2\/types\/post"}],"author":[{"embeddable":true,"href":"https:\/\/www.missoeshumanitarias.org\/en\/wp-json\/wp\/v2\/users\/11"}],"replies":[{"embeddable":true,"href":"https:\/\/www.missoeshumanitarias.org\/en\/wp-json\/wp\/v2\/comments?post=155556"}],"version-history":[{"count":2,"href":"https:\/\/www.missoeshumanitarias.org\/en\/wp-json\/wp\/v2\/posts\/155556\/revisions"}],"predecessor-version":[{"id":156012,"href":"https:\/\/www.missoeshumanitarias.org\/en\/wp-json\/wp\/v2\/posts\/155556\/revisions\/156012"}],"wp:featuredmedia":[{"embeddable":true,"href":"https:\/\/www.missoeshumanitarias.org\/en\/wp-json\/wp\/v2\/media\/155573"}],"wp:attachment":[{"href":"https:\/\/www.missoeshumanitarias.org\/en\/wp-json\/wp\/v2\/media?parent=155556"}],"wp:term":[{"taxonomy":"category","embeddable":true,"href":"https:\/\/www.missoeshumanitarias.org\/en\/wp-json\/wp\/v2\/categories?post=155556"},{"taxonomy":"post_tag","embeddable":true,"href":"https:\/\/www.missoeshumanitarias.org\/en\/wp-json\/wp\/v2\/tags?post=155556"}],"curies":[{"name":"wp","href":"https:\/\/api.w.org\/{rel}","templated":true}]}}