{"id":116955,"date":"2021-01-12T11:42:00","date_gmt":"2021-01-12T14:42:00","guid":{"rendered":"https:\/\/www.missoeshumanitarias.org\/?p=116955"},"modified":"2021-08-04T12:04:14","modified_gmt":"2021-08-04T15:04:14","slug":"el-sector-medios-de-vida-de-la-mision-roraima-presenta-sus-actividades-2020","status":"publish","type":"post","link":"https:\/\/www.missoeshumanitarias.org\/es\/el-sector-medios-de-vida-de-la-mision-roraima-presenta-sus-actividades-2020\/","title":{"rendered":"El Sector Medios de Vida de la Misi\u00f3n Roraima presenta sus actividades 2020"},"content":{"rendered":"\n<p>A pesar de ser un a\u00f1o desafiante, el segundo semestre fue muy din\u00e1mico para el Sector.<\/p>\n\n\n\n<p>El Sector de Medios de Vida se gu\u00eda por estrategias que puedan promover medios de vida y m\u00e1s autonom\u00eda a los refugiados que viven en los albergues en Roraima, bajo la direcci\u00f3n de la&nbsp;<a href=\"https:\/\/www.fraterinternacional.org\/es\/mision-roraima\/\">Fraternidad &#8211; Federaci\u00f3n Humanitaria Internacional (FFHI),<\/a>&nbsp;y con el apoyo del&nbsp;<a href=\"https:\/\/www.acnur.org\/americas.html\">Alto Comisionado de las Naciones Unidas para los Refugiados (ACNUR).<\/a><\/p>\n\n\n\n<p>Esta es la fase m\u00e1s avanzada de una respuesta humanitaria &#8211; cuando deja el car\u00e1cter m\u00e1s asistencialista &#8211; y busca Soluciones Duraderas, un camino que viene siguiendo la&nbsp;<a href=\"https:\/\/www.fraterinternacional.org\/es\/mision-roraima\/\">Fraternidad &#8211; Humanitaria (FFHI).<\/a><\/p>\n\n\n\n<p>Si bien 2020 fue un a\u00f1o at\u00edpico y desafiante debido a la pandemia Covid -19, el sector desarroll\u00f3 varias acciones en la segunda mitad del a\u00f1o.<\/p>\n\n\n\n<div class=\"wp-block-image\"><figure class=\"aligncenter\"><a href=\"https:\/\/www.fraterinternacional.org\/wp-content\/uploads\/2021\/01\/Meios-de-Vida_MRO-FFHI-2.jpg\"><img decoding=\"async\" src=\"https:\/\/www.fraterinternacional.org\/wp-content\/uploads\/2021\/01\/Meios-de-Vida_MRO-FFHI-2.jpg\" alt=\"Meios de Vida - Solu\u00e7\u00f5es Duradouras\" class=\"wp-image-119573\"\/><\/a><\/figure><\/div>\n\n\n\n<h3 class=\"wp-block-heading\">Cursos de Profesionalizaci\u00f3n, una Puerta de Entrada al Mercado Laboral<\/h3>\n\n\n\n<p>La inserci\u00f3n de los habitantes de los refugios en el mercado laboral es uno de las principales pautas del Sector Medios de Vida. De septiembre a diciembre se realizaron diversos cursos profesionales a trav\u00e9s de alianzas. En total, 81 personas, entre hombres (60%) y mujeres (40%), se beneficiaron con los siguientes cursos: T\u00e9cnicas B\u00e1sicas de Camarero, Corte y Costura, Corte de Cabello (para hombres, mujeres y ni\u00f1os), Inform\u00e1tica B\u00e1sica, T\u00e9cnicas B\u00e1sicas de Panader\u00eda y Formaci\u00f3n de Brigadistas en Seguridad Laboral.<\/p>\n\n\n\n<figure class=\"wp-block-gallery columns-2 is-cropped wp-block-gallery-1 is-layout-flex wp-block-gallery-is-layout-flex\"><ul class=\"blocks-gallery-grid\"><li class=\"blocks-gallery-item\"><figure><img data-id=\"119582\" class=\"wp-image-119582\"\/><\/figure><\/li><li class=\"blocks-gallery-item\"><figure><img data-id=\"119579\" class=\"wp-image-119579\"\/><\/figure><\/li><li class=\"blocks-gallery-item\"><figure><a href=\"https:\/\/www.missoeshumanitarias.org\/wp-content\/uploads\/2021\/03\/Meios-de-Vida_MRO-FFHI-4.jpg\"><img fetchpriority=\"high\" decoding=\"async\" width=\"1000\" height=\"750\" src=\"https:\/\/www.missoeshumanitarias.org\/wp-content\/uploads\/2021\/03\/Meios-de-Vida_MRO-FFHI-4.jpg\" alt=\"\" data-id=\"115347\" data-full-url=\"https:\/\/www.missoeshumanitarias.org\/wp-content\/uploads\/2021\/03\/Meios-de-Vida_MRO-FFHI-4.jpg\" data-link=\"https:\/\/www.missoeshumanitarias.org\/?attachment_id=115347\" class=\"wp-image-115347\" srcset=\"https:\/\/www.missoeshumanitarias.org\/wp-content\/uploads\/2021\/03\/Meios-de-Vida_MRO-FFHI-4.jpg 1000w, https:\/\/www.missoeshumanitarias.org\/wp-content\/uploads\/2021\/03\/Meios-de-Vida_MRO-FFHI-4-300x225.jpg 300w, https:\/\/www.missoeshumanitarias.org\/wp-content\/uploads\/2021\/03\/Meios-de-Vida_MRO-FFHI-4-768x576.jpg 768w\" sizes=\"(max-width: 1000px) 100vw, 1000px\" \/><\/a><\/figure><\/li><li class=\"blocks-gallery-item\"><figure><a href=\"https:\/\/www.missoeshumanitarias.org\/wp-content\/uploads\/2021\/03\/Meios-de-Vida_MRO-FFHI-5.jpg\"><img decoding=\"async\" width=\"1000\" height=\"750\" src=\"https:\/\/www.missoeshumanitarias.org\/wp-content\/uploads\/2021\/03\/Meios-de-Vida_MRO-FFHI-5.jpg\" alt=\"\" data-id=\"115350\" data-full-url=\"https:\/\/www.missoeshumanitarias.org\/wp-content\/uploads\/2021\/03\/Meios-de-Vida_MRO-FFHI-5.jpg\" data-link=\"https:\/\/www.missoeshumanitarias.org\/?attachment_id=115350\" class=\"wp-image-115350\" srcset=\"https:\/\/www.missoeshumanitarias.org\/wp-content\/uploads\/2021\/03\/Meios-de-Vida_MRO-FFHI-5.jpg 1000w, https:\/\/www.missoeshumanitarias.org\/wp-content\/uploads\/2021\/03\/Meios-de-Vida_MRO-FFHI-5-300x225.jpg 300w, https:\/\/www.missoeshumanitarias.org\/wp-content\/uploads\/2021\/03\/Meios-de-Vida_MRO-FFHI-5-768x576.jpg 768w\" sizes=\"(max-width: 1000px) 100vw, 1000px\" \/><\/a><\/figure><\/li><\/ul><\/figure>\n\n\n\n<p>La formaci\u00f3n profesional del Curso de Corte de Cabello, realizado en colaboraci\u00f3n con el Instituto de Ensino Senac, se llev\u00f3 a cabo en el Abrigo Pintol\u00e2ndia. Los alumnos practicaron el nuevo oficio, realizando cortes de pelo gratis a 60 personas entre adultos y ni\u00f1os. Tambi\u00e9n cabe destacar el curso Brigadista, realizado en Abrigo Pintol\u00e2ndia, con 11 participantes.<\/p>\n\n\n\n<p>El Curso B\u00e1sico de Inform\u00e1tica, con una carga horaria de 60 horas, marc\u00f3 el inicio del t\u00e9rmino de cooperaci\u00f3n (transferencia de recursos, intercambio t\u00e9cnico) entre la Fraternidad &#8211; Humanitaria (FFHI) y la <a href=\"https:\/\/www.pciconcursos.com.br\/concursos\/univirr-fundacao-universidade-virtual-de-roraima-rr\">Universidad Virtual de Roraima (UNIVIRR)<\/a>, celebrado en agosto de 2020. El curso se imparti\u00f3 en el aula de Medios de vida&nbsp;del Abrigo Pintol\u00e2ndia.<\/p>\n\n\n\n<p>Para celebrar la conclusi\u00f3n del curso, el sector realiz\u00f3 una sencilla ceremonia para la entrega de certificados a los participantes del curso. \u201cPara 2021, el plan es iniciar cursos de Portugu\u00e9s para extranjeros\u201d, informa la coordinadora del sector, Jemima Bessa.<\/p>\n\n\n\n<div class=\"wp-block-image\"><figure class=\"aligncenter\"><a href=\"https:\/\/www.fraterinternacional.org\/wp-content\/uploads\/2021\/01\/Meios-de-Vida_MRO-FFHI-6.jpg\"><img decoding=\"async\" src=\"https:\/\/www.fraterinternacional.org\/wp-content\/uploads\/2021\/01\/Meios-de-Vida_MRO-FFHI-6.jpg\" alt=\"Meios de Vida - Solu\u00e7\u00f5es Duradouras\" class=\"wp-image-119585\"\/><\/a><\/figure><\/div>\n\n\n\n<p>No solo los egresados \u200b\u200bdel Curso de Inform\u00e1tica celebraron la finalizaci\u00f3n del curso. Los cursos de Corte de Cabello Masculino e Infantil y T\u00e9cnicas B\u00e1sicas de Panader\u00eda tambi\u00e9n celebraron el final de esta etapa, el 10 de diciembre, con la presencia de los alumnos y sus invitados, representantes de la Fraternidad &#8211; Humanitaria (FFHI) y la coordinaci\u00f3n de la Senac.<\/p>\n\n\n\n<p>\u201cEsta graduaci\u00f3n fue importante en varios aspectos. Un evento para celebrar el hito de un nuevo camino para estas personas, para conmemorar un logro y animarlos a seguir adelante con nuevas perspectivas. Debemos destacar que estas fueron los primeros grupos ind\u00edgenas Warao en recibir tal calificaci\u00f3n\u201d, subraya Jemima.<\/p>\n\n\n\n<p>Tras la ceremonia, los alumnos ofrecieron una peque\u00f1a recepci\u00f3n a los invitados con panes, galletas y bizcochos, elaborados &nbsp;por ellos. La&nbsp;<a href=\"https:\/\/www.fraterinternacional.org\/es\/mision-roraima\/\">Fraternidad &#8211; Humanitaria (FFHI),<\/a>&nbsp;con el apoyo de&nbsp;<a href=\"https:\/\/www.acnur.org\/americas.html\">ACNUR<\/a>, proporcion\u00f3 transporte para el traslado de estudiantes y sus familias hacia y desde el refugio.<\/p>\n\n\n\n<figure class=\"wp-block-gallery columns-3 is-cropped wp-block-gallery-2 is-layout-flex wp-block-gallery-is-layout-flex\"><ul class=\"blocks-gallery-grid\"><li class=\"blocks-gallery-item\"><figure><img data-id=\"119570\" class=\"wp-image-119570\"\/><\/figure><\/li><li class=\"blocks-gallery-item\"><figure><img data-id=\"119591\" class=\"wp-image-119591\"\/><\/figure><\/li><li class=\"blocks-gallery-item\"><figure><img data-id=\"119588\" class=\"wp-image-119588\"\/><\/figure><\/li><li class=\"blocks-gallery-item\"><figure><a href=\"https:\/\/www.missoeshumanitarias.org\/wp-content\/uploads\/2021\/03\/Meios-de-Vida_MRO-FFHI-1.jpg\"><img decoding=\"async\" width=\"1000\" height=\"750\" src=\"https:\/\/www.missoeshumanitarias.org\/wp-content\/uploads\/2021\/03\/Meios-de-Vida_MRO-FFHI-1.jpg\" alt=\"\" data-id=\"115353\" data-full-url=\"https:\/\/www.missoeshumanitarias.org\/wp-content\/uploads\/2021\/03\/Meios-de-Vida_MRO-FFHI-1.jpg\" data-link=\"https:\/\/www.missoeshumanitarias.org\/?attachment_id=115353\" class=\"wp-image-115353\" srcset=\"https:\/\/www.missoeshumanitarias.org\/wp-content\/uploads\/2021\/03\/Meios-de-Vida_MRO-FFHI-1.jpg 1000w, https:\/\/www.missoeshumanitarias.org\/wp-content\/uploads\/2021\/03\/Meios-de-Vida_MRO-FFHI-1-300x225.jpg 300w, https:\/\/www.missoeshumanitarias.org\/wp-content\/uploads\/2021\/03\/Meios-de-Vida_MRO-FFHI-1-768x576.jpg 768w\" sizes=\"(max-width: 1000px) 100vw, 1000px\" \/><\/a><\/figure><\/li><li class=\"blocks-gallery-item\"><figure><a href=\"https:\/\/www.missoeshumanitarias.org\/wp-content\/uploads\/2021\/03\/Meios-de-Vida_MRO-FFHI-9.jpg\"><img loading=\"lazy\" decoding=\"async\" width=\"1000\" height=\"750\" src=\"https:\/\/www.missoeshumanitarias.org\/wp-content\/uploads\/2021\/03\/Meios-de-Vida_MRO-FFHI-9.jpg\" alt=\"\" data-id=\"115356\" data-full-url=\"https:\/\/www.missoeshumanitarias.org\/wp-content\/uploads\/2021\/03\/Meios-de-Vida_MRO-FFHI-9.jpg\" data-link=\"https:\/\/www.missoeshumanitarias.org\/?attachment_id=115356\" class=\"wp-image-115356\" srcset=\"https:\/\/www.missoeshumanitarias.org\/wp-content\/uploads\/2021\/03\/Meios-de-Vida_MRO-FFHI-9.jpg 1000w, https:\/\/www.missoeshumanitarias.org\/wp-content\/uploads\/2021\/03\/Meios-de-Vida_MRO-FFHI-9-300x225.jpg 300w, https:\/\/www.missoeshumanitarias.org\/wp-content\/uploads\/2021\/03\/Meios-de-Vida_MRO-FFHI-9-768x576.jpg 768w\" sizes=\"(max-width: 1000px) 100vw, 1000px\" \/><\/a><\/figure><\/li><li class=\"blocks-gallery-item\"><figure><a href=\"https:\/\/www.missoeshumanitarias.org\/wp-content\/uploads\/2021\/03\/Meios-de-Vida_MRO-FFHI-10.jpg\"><img loading=\"lazy\" decoding=\"async\" width=\"1000\" height=\"750\" src=\"https:\/\/www.missoeshumanitarias.org\/wp-content\/uploads\/2021\/03\/Meios-de-Vida_MRO-FFHI-10.jpg\" alt=\"\" data-id=\"115359\" data-full-url=\"https:\/\/www.missoeshumanitarias.org\/wp-content\/uploads\/2021\/03\/Meios-de-Vida_MRO-FFHI-10.jpg\" data-link=\"https:\/\/www.missoeshumanitarias.org\/?attachment_id=115359\" class=\"wp-image-115359\" srcset=\"https:\/\/www.missoeshumanitarias.org\/wp-content\/uploads\/2021\/03\/Meios-de-Vida_MRO-FFHI-10.jpg 1000w, https:\/\/www.missoeshumanitarias.org\/wp-content\/uploads\/2021\/03\/Meios-de-Vida_MRO-FFHI-10-300x225.jpg 300w, https:\/\/www.missoeshumanitarias.org\/wp-content\/uploads\/2021\/03\/Meios-de-Vida_MRO-FFHI-10-768x576.jpg 768w\" sizes=\"(max-width: 1000px) 100vw, 1000px\" \/><\/a><\/figure><\/li><\/ul><\/figure>\n\n\n\n<h3 class=\"wp-block-heading\">Autonom\u00eda y empoderamiento<\/h3>\n\n\n\n<p>No solo para formar profesionales, sino para prepararlos para la vida, con autonom\u00eda y empoderamiento. Fue con este prop\u00f3sito que los egresados \u200b\u200bde los cursos de Corte de Cabello y T\u00e9cnicas de Panader\u00eda recibieron una sesi\u00f3n de tutor\u00eda. Explica la coordinadora del Sector Medios de Vida: \u201cla tutela consisti\u00f3 en presentar conceptos de emprendimiento, escenarios en el mercado, crear un plan de acci\u00f3n, apoyar el desarrollo de planes de estudio y ayudarlos a pensar en los caminos que pueden tomar\u201d.<\/p>\n\n\n\n<div class=\"wp-block-image\"><figure class=\"aligncenter\"><a href=\"https:\/\/www.fraterinternacional.org\/wp-content\/uploads\/2021\/01\/Meios-de-Vida_MRO-FFHI-8.png\"><img decoding=\"async\" src=\"https:\/\/www.fraterinternacional.org\/wp-content\/uploads\/2021\/01\/Meios-de-Vida_MRO-FFHI-8.png\" alt=\"Meios de Vida - Solu\u00e7\u00f5es Duradouras\" class=\"wp-image-119567\"\/><\/a><\/figure><\/div>\n\n\n\n<h3 class=\"wp-block-heading\">Artesanos Ind\u00edgenas &#8211; Exposici\u00f3n y Formaci\u00f3n<\/h3>\n\n\n\n<p>Otras actividades se activaron a finales de 2020. El 8 y 9 de diciembre, tres artesanas Warao y una artesana E&#8217;\u00f1epa, participaron del I Seminario Estatal en Red de Mujeres Emprendedoras del Campo, de la Ciudad, de la Selva, de las Aguas, Migrantes y Refugiados de Roraima. El evento es una iniciativa de la Coordinaci\u00f3n Estatal de Pol\u00edticas P\u00fablicas para la Mujer de la Secretar\u00eda de Trabajo y Bienestar Social (Setrabes), en alianza con el Servicio Brasile\u00f1o de Apoyo a la Micro y Peque\u00f1a Empresa (Sebrae) y a la Red de Atenci\u00f3n a la Mujer.<\/p>\n\n\n\n<p>Durante el Seminario, los artesanos participaron de talleres de emprendimiento, tales como: Creatividad y Habilidades, Calidad y Creatividad, Trabajos Manuales y T\u00e9cnicas Artesanales, Estrategias de Ventas y Finanzas. Tambi\u00e9n participaron en varias conferencias y una feria para comercializar sus productos.<\/p>\n\n\n\n<p>El 18 de diciembre, un grupo de artesanas y artesanos Warao, del albergue Janokoida, particip\u00f3 en la Exposici\u00f3n Cultural Fronteriza promovida por la Secretar\u00eda de Educaci\u00f3n, Cultura y Deporte (SEMECD) de la Prefectura de Pacaraima. \u201cEventos como este son importantes para la integraci\u00f3n con la comunidad local y para la convivencia pac\u00edfica\u201d, concluye la coordinadora del Sector Medios de Vida.<\/p>\n\n\n\n<div class=\"wp-block-image\"><figure class=\"aligncenter\"><a href=\"https:\/\/www.fraterinternacional.org\/wp-content\/uploads\/2021\/01\/Meios-de-Vida_MRO-FFHI-3.jpg\"><img decoding=\"async\" src=\"https:\/\/www.fraterinternacional.org\/wp-content\/uploads\/2021\/01\/Meios-de-Vida_MRO-FFHI-3.jpg\" alt=\"Meios de Vida - Solu\u00e7\u00f5es Duradouras\" class=\"wp-image-119576\"\/><\/a><\/figure><\/div>\n\n\n\n<h3 class=\"wp-block-heading\">Diagn\u00f3sticpo de la Poblaci\u00f3n Atendida &#8211; un paso importante para elaborar nuevas estrategias<\/h3>\n\n\n\n<p>Con los cambios en la Misi\u00f3n Roraima y el cierre de los Refugios Nova Cana\u00e3 y Tancredo Neves, el foco de la misi\u00f3n se dirigi\u00f3 exclusivamente a las poblaciones ind\u00edgenas que viven en los Refugios Pintol\u00e2ndia, Janokoida y el Abrigo Jardim Floresta recientemente inaugurado.<\/p>\n\n\n\n<p>Para trazar un diagn\u00f3stico y perfil de esta poblaci\u00f3n de inter\u00e9s, el Sector Medios de Vida, junto con el antrop\u00f3logo Fernando Fileno, realizaron investigaciones en los refugios de Pintol\u00e2ndia y Janokoida. En Pintol\u00e2ndia se realizaron 190 entrevistas, con un alcance del 70% de la poblaci\u00f3n, mientras que en Janokoida, el 92% de los habitantes respondieron la encuesta, totalizando 192 personas.<\/p>\n\n\n\n<p>Seg\u00fan la coordinaci\u00f3n del Sector de Medios de Vida, el resultado de la investigaci\u00f3n laboral podr\u00e1 abastecer subsidios para identificar grupos focales y elaborar nuevas estrategias para 2021.<\/p>\n\n\n\n<p>Conozca m\u00e1s sobre la&nbsp;<a href=\"https:\/\/www.fraterinternacional.org\/es\/mision-roraima\/\">Misi\u00f3n Roraima Humanitaria.<\/a><\/p>\n","protected":false},"excerpt":{"rendered":"<p>A pesar de ser un a\u00f1o desafiante, el segundo semestre fue muy din\u00e1mico para el Sector. El Sector de Medios de Vida se gu\u00eda por estrategias que puedan promover medios de vida y m\u00e1s autonom\u00eda a los refugiados que viven en los albergues en Roraima, bajo la direcci\u00f3n de la&nbsp;Fraternidad &#8211; Federaci\u00f3n Humanitaria Internacional (FFHI),&nbsp;y [&hellip;]<\/p>\n","protected":false},"author":1,"featured_media":115358,"comment_status":"closed","ping_status":"closed","sticky":false,"template":"","format":"standard","meta":{"footnotes":""},"categories":[43,131],"tags":[],"class_list":["post-116955","post","type-post","status-publish","format-standard","has-post-thumbnail","hentry","category-noticias-es","category-noticias-de-las-misiones"],"featured_image_src":"https:\/\/www.missoeshumanitarias.org\/wp-content\/uploads\/2021\/03\/Meios-de-Vida_MRO-FFHI-9.jpg","author_info":{"display_name":"maducato_admin","author_link":"https:\/\/www.missoeshumanitarias.org\/es\/author\/maducato_admin\/"},"yoast_head":"<!-- This site is optimized with the Yoast SEO Premium plugin v22.5 (Yoast SEO v22.5) - https:\/\/yoast.com\/wordpress\/plugins\/seo\/ -->\n<title>El Sector Medios de Vida de la Misi\u00f3n Roraima presenta sus actividades 2020 - Fraternidade Miss\u00f5es Humanit\u00e1rias Internacionais<\/title>\n<meta name=\"description\" content=\"El Sector de Medios de Vida se gu\u00eda por estrategias que puedan promover medios de vida y m\u00e1s autonom\u00eda a los refugiados que viven en los albergues en Roraima, bajo la direcci\u00f3n de la Fraternidad - Federaci\u00f3n Humanitaria Internacional (FFHI), y con el apoyo del Alto Comisionado de las Naciones Unidas para los Refugiados (ACNUR).\" \/>\n<meta name=\"robots\" content=\"index, follow, max-snippet:-1, max-image-preview:large, max-video-preview:-1\" \/>\n<link rel=\"canonical\" href=\"https:\/\/www.missoeshumanitarias.org\/es\/el-sector-medios-de-vida-de-la-mision-roraima-presenta-sus-actividades-2020\/\" \/>\n<meta property=\"og:locale\" content=\"es_ES\" \/>\n<meta property=\"og:type\" content=\"article\" \/>\n<meta property=\"og:title\" content=\"El Sector Medios de Vida de la Misi\u00f3n Roraima presenta sus actividades 2020\" \/>\n<meta property=\"og:description\" content=\"El Sector de Medios de Vida se gu\u00eda por estrategias que puedan promover medios de vida y m\u00e1s autonom\u00eda a los refugiados que viven en los albergues en Roraima, bajo la direcci\u00f3n de la Fraternidad - Federaci\u00f3n Humanitaria Internacional (FFHI), y con el apoyo del Alto Comisionado de las Naciones Unidas para los Refugiados (ACNUR).\" \/>\n<meta property=\"og:url\" content=\"https:\/\/www.missoeshumanitarias.org\/es\/el-sector-medios-de-vida-de-la-mision-roraima-presenta-sus-actividades-2020\/\" \/>\n<meta property=\"og:site_name\" content=\"Fraternidade Miss\u00f5es Humanit\u00e1rias Internacionais\" \/>\n<meta property=\"article:published_time\" content=\"2021-01-12T14:42:00+00:00\" \/>\n<meta property=\"article:modified_time\" content=\"2021-08-04T15:04:14+00:00\" \/>\n<meta property=\"og:image\" content=\"https:\/\/www.missoeshumanitarias.org\/wp-content\/uploads\/2021\/03\/Meios-de-Vida_MRO-FFHI-9.jpg\" \/>\n\t<meta property=\"og:image:width\" content=\"1000\" \/>\n\t<meta property=\"og:image:height\" content=\"750\" \/>\n\t<meta property=\"og:image:type\" content=\"image\/jpeg\" \/>\n<meta name=\"author\" content=\"maducato_admin\" \/>\n<meta name=\"twitter:card\" content=\"summary_large_image\" \/>\n<meta name=\"twitter:label1\" content=\"Escrito por\" \/>\n\t<meta name=\"twitter:data1\" content=\"maducato_admin\" \/>\n\t<meta name=\"twitter:label2\" content=\"Tiempo de lectura\" \/>\n\t<meta name=\"twitter:data2\" content=\"7 minutos\" \/>\n<script type=\"application\/ld+json\" class=\"yoast-schema-graph\">{\"@context\":\"https:\/\/schema.org\",\"@graph\":[{\"@type\":\"Article\",\"@id\":\"https:\/\/www.missoeshumanitarias.org\/es\/el-sector-medios-de-vida-de-la-mision-roraima-presenta-sus-actividades-2020\/#article\",\"isPartOf\":{\"@id\":\"https:\/\/www.missoeshumanitarias.org\/es\/el-sector-medios-de-vida-de-la-mision-roraima-presenta-sus-actividades-2020\/\"},\"author\":{\"name\":\"maducato_admin\",\"@id\":\"https:\/\/www.missoeshumanitarias.org\/es\/#\/schema\/person\/e0f8527323154d1eba9f9d9eb6b401f7\"},\"headline\":\"El Sector Medios de Vida de la Misi\u00f3n Roraima presenta sus actividades 2020\",\"datePublished\":\"2021-01-12T14:42:00+00:00\",\"dateModified\":\"2021-08-04T15:04:14+00:00\",\"mainEntityOfPage\":{\"@id\":\"https:\/\/www.missoeshumanitarias.org\/es\/el-sector-medios-de-vida-de-la-mision-roraima-presenta-sus-actividades-2020\/\"},\"wordCount\":1060,\"publisher\":{\"@id\":\"https:\/\/www.missoeshumanitarias.org\/es\/#organization\"},\"image\":{\"@id\":\"https:\/\/www.missoeshumanitarias.org\/es\/el-sector-medios-de-vida-de-la-mision-roraima-presenta-sus-actividades-2020\/#primaryimage\"},\"thumbnailUrl\":\"https:\/\/www.missoeshumanitarias.org\/wp-content\/uploads\/2021\/03\/Meios-de-Vida_MRO-FFHI-9.jpg\",\"articleSection\":[\"Noticias\",\"Noticias de las Misiones\"],\"inLanguage\":\"es\"},{\"@type\":\"WebPage\",\"@id\":\"https:\/\/www.missoeshumanitarias.org\/es\/el-sector-medios-de-vida-de-la-mision-roraima-presenta-sus-actividades-2020\/\",\"url\":\"https:\/\/www.missoeshumanitarias.org\/es\/el-sector-medios-de-vida-de-la-mision-roraima-presenta-sus-actividades-2020\/\",\"name\":\"El Sector Medios de Vida de la Misi\u00f3n Roraima presenta sus actividades 2020 - Fraternidade Miss\u00f5es Humanit\u00e1rias Internacionais\",\"isPartOf\":{\"@id\":\"https:\/\/www.missoeshumanitarias.org\/es\/#website\"},\"primaryImageOfPage\":{\"@id\":\"https:\/\/www.missoeshumanitarias.org\/es\/el-sector-medios-de-vida-de-la-mision-roraima-presenta-sus-actividades-2020\/#primaryimage\"},\"image\":{\"@id\":\"https:\/\/www.missoeshumanitarias.org\/es\/el-sector-medios-de-vida-de-la-mision-roraima-presenta-sus-actividades-2020\/#primaryimage\"},\"thumbnailUrl\":\"https:\/\/www.missoeshumanitarias.org\/wp-content\/uploads\/2021\/03\/Meios-de-Vida_MRO-FFHI-9.jpg\",\"datePublished\":\"2021-01-12T14:42:00+00:00\",\"dateModified\":\"2021-08-04T15:04:14+00:00\",\"description\":\"El Sector de Medios de Vida se gu\u00eda por estrategias que puedan promover medios de vida y m\u00e1s autonom\u00eda a los refugiados que viven en los albergues en Roraima, bajo la direcci\u00f3n de la Fraternidad - Federaci\u00f3n Humanitaria Internacional (FFHI), y con el apoyo del Alto Comisionado de las Naciones Unidas para los Refugiados (ACNUR).\",\"breadcrumb\":{\"@id\":\"https:\/\/www.missoeshumanitarias.org\/es\/el-sector-medios-de-vida-de-la-mision-roraima-presenta-sus-actividades-2020\/#breadcrumb\"},\"inLanguage\":\"es\",\"potentialAction\":[{\"@type\":\"ReadAction\",\"target\":[\"https:\/\/www.missoeshumanitarias.org\/es\/el-sector-medios-de-vida-de-la-mision-roraima-presenta-sus-actividades-2020\/\"]}]},{\"@type\":\"ImageObject\",\"inLanguage\":\"es\",\"@id\":\"https:\/\/www.missoeshumanitarias.org\/es\/el-sector-medios-de-vida-de-la-mision-roraima-presenta-sus-actividades-2020\/#primaryimage\",\"url\":\"https:\/\/www.missoeshumanitarias.org\/wp-content\/uploads\/2021\/03\/Meios-de-Vida_MRO-FFHI-9.jpg\",\"contentUrl\":\"https:\/\/www.missoeshumanitarias.org\/wp-content\/uploads\/2021\/03\/Meios-de-Vida_MRO-FFHI-9.jpg\",\"width\":1000,\"height\":750,\"caption\":\"Cursos profissionalizantes\"},{\"@type\":\"BreadcrumbList\",\"@id\":\"https:\/\/www.missoeshumanitarias.org\/es\/el-sector-medios-de-vida-de-la-mision-roraima-presenta-sus-actividades-2020\/#breadcrumb\",\"itemListElement\":[{\"@type\":\"ListItem\",\"position\":1,\"name\":\"Home\",\"item\":\"https:\/\/www.missoeshumanitarias.org\/en\/\"},{\"@type\":\"ListItem\",\"position\":2,\"name\":\"El Sector Medios de Vida de la Misi\u00f3n Roraima presenta sus actividades 2020\"}]},{\"@type\":\"WebSite\",\"@id\":\"https:\/\/www.missoeshumanitarias.org\/es\/#website\",\"url\":\"https:\/\/www.missoeshumanitarias.org\/es\/\",\"name\":\"Fraternidade Miss\u00f5es Humanit\u00e1rias Internacionais\",\"description\":\"Respostas Humanit\u00e1rias e Emerg\u00eancias\",\"publisher\":{\"@id\":\"https:\/\/www.missoeshumanitarias.org\/es\/#organization\"},\"potentialAction\":[{\"@type\":\"SearchAction\",\"target\":{\"@type\":\"EntryPoint\",\"urlTemplate\":\"https:\/\/www.missoeshumanitarias.org\/es\/?s={search_term_string}\"},\"query-input\":\"required name=search_term_string\"}],\"inLanguage\":\"es\"},{\"@type\":\"Organization\",\"@id\":\"https:\/\/www.missoeshumanitarias.org\/es\/#organization\",\"name\":\"Fraternidade - Miss\u00f5es Humanit\u00e1rias Internacionais\",\"url\":\"https:\/\/www.missoeshumanitarias.org\/es\/\",\"logo\":{\"@type\":\"ImageObject\",\"inLanguage\":\"es\",\"@id\":\"https:\/\/www.missoeshumanitarias.org\/es\/#\/schema\/logo\/image\/\",\"url\":\"https:\/\/www.missoeshumanitarias.org\/wp-content\/uploads\/2020\/05\/logo-FMHI-mg.png\",\"contentUrl\":\"https:\/\/www.missoeshumanitarias.org\/wp-content\/uploads\/2020\/05\/logo-FMHI-mg.png\",\"width\":520,\"height\":134,\"caption\":\"Fraternidade - Miss\u00f5es Humanit\u00e1rias Internacionais\"},\"image\":{\"@id\":\"https:\/\/www.missoeshumanitarias.org\/es\/#\/schema\/logo\/image\/\"}},{\"@type\":\"Person\",\"@id\":\"https:\/\/www.missoeshumanitarias.org\/es\/#\/schema\/person\/e0f8527323154d1eba9f9d9eb6b401f7\",\"name\":\"maducato_admin\",\"image\":{\"@type\":\"ImageObject\",\"inLanguage\":\"es\",\"@id\":\"https:\/\/www.missoeshumanitarias.org\/es\/#\/schema\/person\/image\/\",\"url\":\"https:\/\/secure.gravatar.com\/avatar\/6c3b45186a8f5a459d8e14c7fca370bceae92402bc06171d75e4e559b6c24393?s=96&d=mm&r=g\",\"contentUrl\":\"https:\/\/secure.gravatar.com\/avatar\/6c3b45186a8f5a459d8e14c7fca370bceae92402bc06171d75e4e559b6c24393?s=96&d=mm&r=g\",\"caption\":\"maducato_admin\"}}]}<\/script>\n<!-- \/ Yoast SEO Premium plugin. -->","yoast_head_json":{"title":"El Sector Medios de Vida de la Misi\u00f3n Roraima presenta sus actividades 2020 - Fraternidade Miss\u00f5es Humanit\u00e1rias Internacionais","description":"El Sector de Medios de Vida se gu\u00eda por estrategias que puedan promover medios de vida y m\u00e1s autonom\u00eda a los refugiados que viven en los albergues en Roraima, bajo la direcci\u00f3n de la Fraternidad - Federaci\u00f3n Humanitaria Internacional (FFHI), y con el apoyo del Alto Comisionado de las Naciones Unidas para los Refugiados (ACNUR).","robots":{"index":"index","follow":"follow","max-snippet":"max-snippet:-1","max-image-preview":"max-image-preview:large","max-video-preview":"max-video-preview:-1"},"canonical":"https:\/\/www.missoeshumanitarias.org\/es\/el-sector-medios-de-vida-de-la-mision-roraima-presenta-sus-actividades-2020\/","og_locale":"es_ES","og_type":"article","og_title":"El Sector Medios de Vida de la Misi\u00f3n Roraima presenta sus actividades 2020","og_description":"El Sector de Medios de Vida se gu\u00eda por estrategias que puedan promover medios de vida y m\u00e1s autonom\u00eda a los refugiados que viven en los albergues en Roraima, bajo la direcci\u00f3n de la Fraternidad - Federaci\u00f3n Humanitaria Internacional (FFHI), y con el apoyo del Alto Comisionado de las Naciones Unidas para los Refugiados (ACNUR).","og_url":"https:\/\/www.missoeshumanitarias.org\/es\/el-sector-medios-de-vida-de-la-mision-roraima-presenta-sus-actividades-2020\/","og_site_name":"Fraternidade Miss\u00f5es Humanit\u00e1rias Internacionais","article_published_time":"2021-01-12T14:42:00+00:00","article_modified_time":"2021-08-04T15:04:14+00:00","og_image":[{"width":1000,"height":750,"url":"https:\/\/www.missoeshumanitarias.org\/wp-content\/uploads\/2021\/03\/Meios-de-Vida_MRO-FFHI-9.jpg","type":"image\/jpeg"}],"author":"maducato_admin","twitter_card":"summary_large_image","twitter_misc":{"Escrito por":"maducato_admin","Tiempo de lectura":"7 minutos"},"schema":{"@context":"https:\/\/schema.org","@graph":[{"@type":"Article","@id":"https:\/\/www.missoeshumanitarias.org\/es\/el-sector-medios-de-vida-de-la-mision-roraima-presenta-sus-actividades-2020\/#article","isPartOf":{"@id":"https:\/\/www.missoeshumanitarias.org\/es\/el-sector-medios-de-vida-de-la-mision-roraima-presenta-sus-actividades-2020\/"},"author":{"name":"maducato_admin","@id":"https:\/\/www.missoeshumanitarias.org\/es\/#\/schema\/person\/e0f8527323154d1eba9f9d9eb6b401f7"},"headline":"El Sector Medios de Vida de la Misi\u00f3n Roraima presenta sus actividades 2020","datePublished":"2021-01-12T14:42:00+00:00","dateModified":"2021-08-04T15:04:14+00:00","mainEntityOfPage":{"@id":"https:\/\/www.missoeshumanitarias.org\/es\/el-sector-medios-de-vida-de-la-mision-roraima-presenta-sus-actividades-2020\/"},"wordCount":1060,"publisher":{"@id":"https:\/\/www.missoeshumanitarias.org\/es\/#organization"},"image":{"@id":"https:\/\/www.missoeshumanitarias.org\/es\/el-sector-medios-de-vida-de-la-mision-roraima-presenta-sus-actividades-2020\/#primaryimage"},"thumbnailUrl":"https:\/\/www.missoeshumanitarias.org\/wp-content\/uploads\/2021\/03\/Meios-de-Vida_MRO-FFHI-9.jpg","articleSection":["Noticias","Noticias de las Misiones"],"inLanguage":"es"},{"@type":"WebPage","@id":"https:\/\/www.missoeshumanitarias.org\/es\/el-sector-medios-de-vida-de-la-mision-roraima-presenta-sus-actividades-2020\/","url":"https:\/\/www.missoeshumanitarias.org\/es\/el-sector-medios-de-vida-de-la-mision-roraima-presenta-sus-actividades-2020\/","name":"El Sector Medios de Vida de la Misi\u00f3n Roraima presenta sus actividades 2020 - Fraternidade Miss\u00f5es Humanit\u00e1rias Internacionais","isPartOf":{"@id":"https:\/\/www.missoeshumanitarias.org\/es\/#website"},"primaryImageOfPage":{"@id":"https:\/\/www.missoeshumanitarias.org\/es\/el-sector-medios-de-vida-de-la-mision-roraima-presenta-sus-actividades-2020\/#primaryimage"},"image":{"@id":"https:\/\/www.missoeshumanitarias.org\/es\/el-sector-medios-de-vida-de-la-mision-roraima-presenta-sus-actividades-2020\/#primaryimage"},"thumbnailUrl":"https:\/\/www.missoeshumanitarias.org\/wp-content\/uploads\/2021\/03\/Meios-de-Vida_MRO-FFHI-9.jpg","datePublished":"2021-01-12T14:42:00+00:00","dateModified":"2021-08-04T15:04:14+00:00","description":"El Sector de Medios de Vida se gu\u00eda por estrategias que puedan promover medios de vida y m\u00e1s autonom\u00eda a los refugiados que viven en los albergues en Roraima, bajo la direcci\u00f3n de la Fraternidad - Federaci\u00f3n Humanitaria Internacional (FFHI), y con el apoyo del Alto Comisionado de las Naciones Unidas para los Refugiados (ACNUR).","breadcrumb":{"@id":"https:\/\/www.missoeshumanitarias.org\/es\/el-sector-medios-de-vida-de-la-mision-roraima-presenta-sus-actividades-2020\/#breadcrumb"},"inLanguage":"es","potentialAction":[{"@type":"ReadAction","target":["https:\/\/www.missoeshumanitarias.org\/es\/el-sector-medios-de-vida-de-la-mision-roraima-presenta-sus-actividades-2020\/"]}]},{"@type":"ImageObject","inLanguage":"es","@id":"https:\/\/www.missoeshumanitarias.org\/es\/el-sector-medios-de-vida-de-la-mision-roraima-presenta-sus-actividades-2020\/#primaryimage","url":"https:\/\/www.missoeshumanitarias.org\/wp-content\/uploads\/2021\/03\/Meios-de-Vida_MRO-FFHI-9.jpg","contentUrl":"https:\/\/www.missoeshumanitarias.org\/wp-content\/uploads\/2021\/03\/Meios-de-Vida_MRO-FFHI-9.jpg","width":1000,"height":750,"caption":"Cursos profissionalizantes"},{"@type":"BreadcrumbList","@id":"https:\/\/www.missoeshumanitarias.org\/es\/el-sector-medios-de-vida-de-la-mision-roraima-presenta-sus-actividades-2020\/#breadcrumb","itemListElement":[{"@type":"ListItem","position":1,"name":"Home","item":"https:\/\/www.missoeshumanitarias.org\/en\/"},{"@type":"ListItem","position":2,"name":"El Sector Medios de Vida de la Misi\u00f3n Roraima presenta sus actividades 2020"}]},{"@type":"WebSite","@id":"https:\/\/www.missoeshumanitarias.org\/es\/#website","url":"https:\/\/www.missoeshumanitarias.org\/es\/","name":"Fraternidade Miss\u00f5es Humanit\u00e1rias Internacionais","description":"Respostas Humanit\u00e1rias e Emerg\u00eancias","publisher":{"@id":"https:\/\/www.missoeshumanitarias.org\/es\/#organization"},"potentialAction":[{"@type":"SearchAction","target":{"@type":"EntryPoint","urlTemplate":"https:\/\/www.missoeshumanitarias.org\/es\/?s={search_term_string}"},"query-input":"required name=search_term_string"}],"inLanguage":"es"},{"@type":"Organization","@id":"https:\/\/www.missoeshumanitarias.org\/es\/#organization","name":"Fraternidade - Miss\u00f5es Humanit\u00e1rias Internacionais","url":"https:\/\/www.missoeshumanitarias.org\/es\/","logo":{"@type":"ImageObject","inLanguage":"es","@id":"https:\/\/www.missoeshumanitarias.org\/es\/#\/schema\/logo\/image\/","url":"https:\/\/www.missoeshumanitarias.org\/wp-content\/uploads\/2020\/05\/logo-FMHI-mg.png","contentUrl":"https:\/\/www.missoeshumanitarias.org\/wp-content\/uploads\/2020\/05\/logo-FMHI-mg.png","width":520,"height":134,"caption":"Fraternidade - Miss\u00f5es Humanit\u00e1rias Internacionais"},"image":{"@id":"https:\/\/www.missoeshumanitarias.org\/es\/#\/schema\/logo\/image\/"}},{"@type":"Person","@id":"https:\/\/www.missoeshumanitarias.org\/es\/#\/schema\/person\/e0f8527323154d1eba9f9d9eb6b401f7","name":"maducato_admin","image":{"@type":"ImageObject","inLanguage":"es","@id":"https:\/\/www.missoeshumanitarias.org\/es\/#\/schema\/person\/image\/","url":"https:\/\/secure.gravatar.com\/avatar\/6c3b45186a8f5a459d8e14c7fca370bceae92402bc06171d75e4e559b6c24393?s=96&d=mm&r=g","contentUrl":"https:\/\/secure.gravatar.com\/avatar\/6c3b45186a8f5a459d8e14c7fca370bceae92402bc06171d75e4e559b6c24393?s=96&d=mm&r=g","caption":"maducato_admin"}}]}},"_links":{"self":[{"href":"https:\/\/www.missoeshumanitarias.org\/es\/wp-json\/wp\/v2\/posts\/116955","targetHints":{"allow":["GET"]}}],"collection":[{"href":"https:\/\/www.missoeshumanitarias.org\/es\/wp-json\/wp\/v2\/posts"}],"about":[{"href":"https:\/\/www.missoeshumanitarias.org\/es\/wp-json\/wp\/v2\/types\/post"}],"author":[{"embeddable":true,"href":"https:\/\/www.missoeshumanitarias.org\/es\/wp-json\/wp\/v2\/users\/1"}],"replies":[{"embeddable":true,"href":"https:\/\/www.missoeshumanitarias.org\/es\/wp-json\/wp\/v2\/comments?post=116955"}],"version-history":[{"count":0,"href":"https:\/\/www.missoeshumanitarias.org\/es\/wp-json\/wp\/v2\/posts\/116955\/revisions"}],"wp:featuredmedia":[{"embeddable":true,"href":"https:\/\/www.missoeshumanitarias.org\/es\/wp-json\/wp\/v2\/media\/115358"}],"wp:attachment":[{"href":"https:\/\/www.missoeshumanitarias.org\/es\/wp-json\/wp\/v2\/media?parent=116955"}],"wp:term":[{"taxonomy":"category","embeddable":true,"href":"https:\/\/www.missoeshumanitarias.org\/es\/wp-json\/wp\/v2\/categories?post=116955"},{"taxonomy":"post_tag","embeddable":true,"href":"https:\/\/www.missoeshumanitarias.org\/es\/wp-json\/wp\/v2\/tags?post=116955"}],"curies":[{"name":"wp","href":"https:\/\/api.w.org\/{rel}","templated":true}]}}