{"id":116966,"date":"2021-01-13T13:40:00","date_gmt":"2021-01-13T16:40:00","guid":{"rendered":"https:\/\/www.missoeshumanitarias.org\/?p=116966"},"modified":"2021-08-04T12:04:13","modified_gmt":"2021-08-04T15:04:13","slug":"lideres-indigenas-refugiadas-reciben-capacitacion-en-derechos-humanos","status":"publish","type":"post","link":"https:\/\/www.missoeshumanitarias.org\/es\/lideres-indigenas-refugiadas-reciben-capacitacion-en-derechos-humanos\/","title":{"rendered":"L\u00edderes ind\u00edgenas refugiadas reciben capacitaci\u00f3n en Derechos Humanos"},"content":{"rendered":"\n<p>&nbsp;A trav\u00e9s de una asociaci\u00f3n entre la&nbsp;<a href=\"https:\/\/www.fraterinternacional.org\/es\/\">Fraternidad &#8211; Federaci\u00f3n Humanitaria Internacional (FFHI<\/a>), el&nbsp;<a href=\"https:\/\/ufrr.br\/insikiran\/\">Instituto Insikiran<\/a>&nbsp;para la Educaci\u00f3n Superior Ind\u00edgena de la Universidad Federal de Roraima (UFRR) y la&nbsp;<a href=\"https:\/\/www.acnur.org\/americas.html\">Agencia de la ONU para los Refugiados (ACNUR<\/a>), se est\u00e1 ofreciendo un curso sobre Derechos Humanos para L\u00edderes ind\u00edgenas provenientes de diferentes partes de Venezuela.<\/p>\n\n\n\n<figure class=\"wp-block-embed is-type-video is-provider-youtube wp-block-embed-youtube wp-embed-aspect-16-9 wp-has-aspect-ratio\"><div class=\"wp-block-embed__wrapper\">\n<iframe title=\"Lideran\u00e7as ind\u00edgenas refugiadas recebem forma\u00e7\u00e3o em Direitos Humanos\" width=\"800\" height=\"450\" src=\"https:\/\/www.youtube.com\/embed\/thbGxyMi3lw?feature=oembed\" frameborder=\"0\" allow=\"accelerometer; autoplay; clipboard-write; encrypted-media; gyroscope; picture-in-picture\" allowfullscreen><\/iframe>\n<\/div><\/figure>\n\n\n\n<p>El primer m\u00f3dulo del curso present\u00f3 un plan de estudios de 15 horas y cont\u00f3 con la participaci\u00f3n de 33 ind\u00edgenas de los albergues Janokoida, Pintol\u00e2ndia y del nuevo albergue bajo la direcci\u00f3n de la Fraternidad- Humanitaria (FFHI), el albergue Jardim Floresta.<\/p>\n\n\n\n<p>Pensado para brindarlo, inicialmente, en formato presencial, tuvo que ser adaptado a la forma virtual debido a la pandemia Covid-19.<\/p>\n\n\n\n<p>Fray Luciano, administrador general de la&nbsp;<a href=\"https:\/\/www.fraterinternacional.org\/es\">Fraternidad &#8211; Humanitaria (FFHI),<\/a>&nbsp;destaca la importancia de esta formaci\u00f3n, para que los ind\u00edgenas puedan adquirir conocimientos sobre sus derechos y deberes en el proceso de inserci\u00f3n en la sociedad brasile\u00f1a, y para que participen en las decisiones sobre su futuro.<\/p>\n\n\n\n<p>En este primer m\u00f3dulo se abordaron temas contextuales interdisciplinarios, reuniendo los diferentes elementos para conocer la tem\u00e1tica ind\u00edgena, particularmente en Brasil y especialmente en Roraima.<\/p>\n\n\n\n<p>Entre estos temas se destacan: Nociones de Derechos Humanos y Fundamentales, Migraci\u00f3n Internacional y Refugio, y un panorama general de las principales instituciones ind\u00edgenas e indigenistas brasile\u00f1as.<\/p>\n\n\n\n<p>Leane, una refugiada ind\u00edgena de la etnia Warao, se\u00f1ala que la formaci\u00f3n es una gran oportunidad para que todos puedan ir asumiendo responsabilidades. \u201cEl tema de los Derechos Humanos es fundamental, ya que trata de los derechos naturales de cada ser humano: el derecho a la vida, a la igualdad, a la no discriminaci\u00f3n, a la educaci\u00f3n; derecho humano que no debe faltar en ning\u00fan espacio\u201d, puntualiza.<\/p>\n","protected":false},"excerpt":{"rendered":"<p>&nbsp;A trav\u00e9s de una asociaci\u00f3n entre la&nbsp;Fraternidad &#8211; Federaci\u00f3n Humanitaria Internacional (FFHI), el&nbsp;Instituto Insikiran&nbsp;para la Educaci\u00f3n Superior Ind\u00edgena de la Universidad Federal de Roraima (UFRR) y la&nbsp;Agencia de la ONU para los Refugiados (ACNUR), se est\u00e1 ofreciendo un curso sobre Derechos Humanos para L\u00edderes ind\u00edgenas provenientes de diferentes partes de Venezuela. El primer m\u00f3dulo del [&hellip;]<\/p>\n","protected":false},"author":1,"featured_media":115344,"comment_status":"closed","ping_status":"closed","sticky":false,"template":"","format":"standard","meta":{"footnotes":""},"categories":[43,131,118],"tags":[],"class_list":["post-116966","post","type-post","status-publish","format-standard","has-post-thumbnail","hentry","category-noticias-es","category-noticias-de-las-misiones","category-videos-es"],"featured_image_src":"https:\/\/www.missoeshumanitarias.org\/wp-content\/uploads\/2021\/03\/capa-lideranca_indigena.jpg","author_info":{"display_name":"maducato_admin","author_link":"https:\/\/www.missoeshumanitarias.org\/es\/author\/maducato_admin\/"},"yoast_head":"<!-- This site is optimized with the Yoast SEO Premium plugin v22.5 (Yoast SEO v22.5) - https:\/\/yoast.com\/wordpress\/plugins\/seo\/ -->\n<title>L\u00edderes ind\u00edgenas refugiadas reciben capacitaci\u00f3n en Derechos Humanos - Fraternidade Miss\u00f5es Humanit\u00e1rias Internacionais<\/title>\n<meta name=\"description\" content=\"A trav\u00e9s de una asociaci\u00f3n entre la Fraternidad - Federaci\u00f3n Humanitaria Internacional (FFHI), el Instituto Insikiran para la Educaci\u00f3n Superior Ind\u00edgena de la Universidad Federal de Roraima (UFRR) y la Agencia de la ONU para los Refugiados (ACNUR), se est\u00e1 ofreciendo un curso sobre Derechos Humanos para L\u00edderes ind\u00edgenas provenientes de diferentes partes de Venezuela.\" \/>\n<meta name=\"robots\" content=\"index, follow, max-snippet:-1, max-image-preview:large, max-video-preview:-1\" \/>\n<link rel=\"canonical\" href=\"https:\/\/www.missoeshumanitarias.org\/es\/lideres-indigenas-refugiadas-reciben-capacitacion-en-derechos-humanos\/\" \/>\n<meta property=\"og:locale\" content=\"es_ES\" \/>\n<meta property=\"og:type\" content=\"article\" \/>\n<meta property=\"og:title\" content=\"L\u00edderes ind\u00edgenas refugiadas reciben capacitaci\u00f3n en Derechos Humanos\" \/>\n<meta property=\"og:description\" content=\"A trav\u00e9s de una asociaci\u00f3n entre la Fraternidad - Federaci\u00f3n Humanitaria Internacional (FFHI), el Instituto Insikiran para la Educaci\u00f3n Superior Ind\u00edgena de la Universidad Federal de Roraima (UFRR) y la Agencia de la ONU para los Refugiados (ACNUR), se est\u00e1 ofreciendo un curso sobre Derechos Humanos para L\u00edderes ind\u00edgenas provenientes de diferentes partes de Venezuela.\" \/>\n<meta property=\"og:url\" content=\"https:\/\/www.missoeshumanitarias.org\/es\/lideres-indigenas-refugiadas-reciben-capacitacion-en-derechos-humanos\/\" \/>\n<meta property=\"og:site_name\" content=\"Fraternidade Miss\u00f5es Humanit\u00e1rias Internacionais\" \/>\n<meta property=\"article:published_time\" content=\"2021-01-13T16:40:00+00:00\" \/>\n<meta property=\"article:modified_time\" content=\"2021-08-04T15:04:13+00:00\" \/>\n<meta property=\"og:image\" content=\"https:\/\/www.missoeshumanitarias.org\/wp-content\/uploads\/2021\/03\/capa-lideranca_indigena.jpg\" \/>\n\t<meta property=\"og:image:width\" content=\"1000\" \/>\n\t<meta property=\"og:image:height\" content=\"563\" \/>\n\t<meta property=\"og:image:type\" content=\"image\/jpeg\" \/>\n<meta name=\"author\" content=\"maducato_admin\" \/>\n<meta name=\"twitter:card\" content=\"summary_large_image\" \/>\n<meta name=\"twitter:label1\" content=\"Escrito por\" \/>\n\t<meta name=\"twitter:data1\" content=\"maducato_admin\" \/>\n\t<meta name=\"twitter:label2\" content=\"Tiempo de lectura\" \/>\n\t<meta name=\"twitter:data2\" content=\"2 minutos\" \/>\n<script type=\"application\/ld+json\" class=\"yoast-schema-graph\">{\"@context\":\"https:\/\/schema.org\",\"@graph\":[{\"@type\":\"Article\",\"@id\":\"https:\/\/www.missoeshumanitarias.org\/es\/lideres-indigenas-refugiadas-reciben-capacitacion-en-derechos-humanos\/#article\",\"isPartOf\":{\"@id\":\"https:\/\/www.missoeshumanitarias.org\/es\/lideres-indigenas-refugiadas-reciben-capacitacion-en-derechos-humanos\/\"},\"author\":{\"name\":\"maducato_admin\",\"@id\":\"https:\/\/www.missoeshumanitarias.org\/es\/#\/schema\/person\/e0f8527323154d1eba9f9d9eb6b401f7\"},\"headline\":\"L\u00edderes ind\u00edgenas refugiadas reciben capacitaci\u00f3n en Derechos Humanos\",\"datePublished\":\"2021-01-13T16:40:00+00:00\",\"dateModified\":\"2021-08-04T15:04:13+00:00\",\"mainEntityOfPage\":{\"@id\":\"https:\/\/www.missoeshumanitarias.org\/es\/lideres-indigenas-refugiadas-reciben-capacitacion-en-derechos-humanos\/\"},\"wordCount\":332,\"publisher\":{\"@id\":\"https:\/\/www.missoeshumanitarias.org\/es\/#organization\"},\"image\":{\"@id\":\"https:\/\/www.missoeshumanitarias.org\/es\/lideres-indigenas-refugiadas-reciben-capacitacion-en-derechos-humanos\/#primaryimage\"},\"thumbnailUrl\":\"https:\/\/www.missoeshumanitarias.org\/wp-content\/uploads\/2021\/03\/capa-lideranca_indigena.jpg\",\"articleSection\":[\"Noticias\",\"Noticias de las Misiones\",\"Videos\"],\"inLanguage\":\"es\"},{\"@type\":\"WebPage\",\"@id\":\"https:\/\/www.missoeshumanitarias.org\/es\/lideres-indigenas-refugiadas-reciben-capacitacion-en-derechos-humanos\/\",\"url\":\"https:\/\/www.missoeshumanitarias.org\/es\/lideres-indigenas-refugiadas-reciben-capacitacion-en-derechos-humanos\/\",\"name\":\"L\u00edderes ind\u00edgenas refugiadas reciben capacitaci\u00f3n en Derechos Humanos - Fraternidade Miss\u00f5es Humanit\u00e1rias Internacionais\",\"isPartOf\":{\"@id\":\"https:\/\/www.missoeshumanitarias.org\/es\/#website\"},\"primaryImageOfPage\":{\"@id\":\"https:\/\/www.missoeshumanitarias.org\/es\/lideres-indigenas-refugiadas-reciben-capacitacion-en-derechos-humanos\/#primaryimage\"},\"image\":{\"@id\":\"https:\/\/www.missoeshumanitarias.org\/es\/lideres-indigenas-refugiadas-reciben-capacitacion-en-derechos-humanos\/#primaryimage\"},\"thumbnailUrl\":\"https:\/\/www.missoeshumanitarias.org\/wp-content\/uploads\/2021\/03\/capa-lideranca_indigena.jpg\",\"datePublished\":\"2021-01-13T16:40:00+00:00\",\"dateModified\":\"2021-08-04T15:04:13+00:00\",\"description\":\"A trav\u00e9s de una asociaci\u00f3n entre la Fraternidad - Federaci\u00f3n Humanitaria Internacional (FFHI), el Instituto Insikiran para la Educaci\u00f3n Superior Ind\u00edgena de la Universidad Federal de Roraima (UFRR) y la Agencia de la ONU para los Refugiados (ACNUR), se est\u00e1 ofreciendo un curso sobre Derechos Humanos para L\u00edderes ind\u00edgenas provenientes de diferentes partes de Venezuela.\",\"breadcrumb\":{\"@id\":\"https:\/\/www.missoeshumanitarias.org\/es\/lideres-indigenas-refugiadas-reciben-capacitacion-en-derechos-humanos\/#breadcrumb\"},\"inLanguage\":\"es\",\"potentialAction\":[{\"@type\":\"ReadAction\",\"target\":[\"https:\/\/www.missoeshumanitarias.org\/es\/lideres-indigenas-refugiadas-reciben-capacitacion-en-derechos-humanos\/\"]}]},{\"@type\":\"ImageObject\",\"inLanguage\":\"es\",\"@id\":\"https:\/\/www.missoeshumanitarias.org\/es\/lideres-indigenas-refugiadas-reciben-capacitacion-en-derechos-humanos\/#primaryimage\",\"url\":\"https:\/\/www.missoeshumanitarias.org\/wp-content\/uploads\/2021\/03\/capa-lideranca_indigena.jpg\",\"contentUrl\":\"https:\/\/www.missoeshumanitarias.org\/wp-content\/uploads\/2021\/03\/capa-lideranca_indigena.jpg\",\"width\":1000,\"height\":563,\"caption\":\"Curso Lideran\u00e7a ind\u00edgena\"},{\"@type\":\"BreadcrumbList\",\"@id\":\"https:\/\/www.missoeshumanitarias.org\/es\/lideres-indigenas-refugiadas-reciben-capacitacion-en-derechos-humanos\/#breadcrumb\",\"itemListElement\":[{\"@type\":\"ListItem\",\"position\":1,\"name\":\"Home\",\"item\":\"https:\/\/www.missoeshumanitarias.org\/en\/\"},{\"@type\":\"ListItem\",\"position\":2,\"name\":\"L\u00edderes ind\u00edgenas refugiadas reciben capacitaci\u00f3n en Derechos Humanos\"}]},{\"@type\":\"WebSite\",\"@id\":\"https:\/\/www.missoeshumanitarias.org\/es\/#website\",\"url\":\"https:\/\/www.missoeshumanitarias.org\/es\/\",\"name\":\"Fraternidade Miss\u00f5es Humanit\u00e1rias Internacionais\",\"description\":\"Respostas Humanit\u00e1rias e Emerg\u00eancias\",\"publisher\":{\"@id\":\"https:\/\/www.missoeshumanitarias.org\/es\/#organization\"},\"potentialAction\":[{\"@type\":\"SearchAction\",\"target\":{\"@type\":\"EntryPoint\",\"urlTemplate\":\"https:\/\/www.missoeshumanitarias.org\/es\/?s={search_term_string}\"},\"query-input\":\"required name=search_term_string\"}],\"inLanguage\":\"es\"},{\"@type\":\"Organization\",\"@id\":\"https:\/\/www.missoeshumanitarias.org\/es\/#organization\",\"name\":\"Fraternidade - Miss\u00f5es Humanit\u00e1rias Internacionais\",\"url\":\"https:\/\/www.missoeshumanitarias.org\/es\/\",\"logo\":{\"@type\":\"ImageObject\",\"inLanguage\":\"es\",\"@id\":\"https:\/\/www.missoeshumanitarias.org\/es\/#\/schema\/logo\/image\/\",\"url\":\"https:\/\/www.missoeshumanitarias.org\/wp-content\/uploads\/2020\/05\/logo-FMHI-mg.png\",\"contentUrl\":\"https:\/\/www.missoeshumanitarias.org\/wp-content\/uploads\/2020\/05\/logo-FMHI-mg.png\",\"width\":520,\"height\":134,\"caption\":\"Fraternidade - Miss\u00f5es Humanit\u00e1rias Internacionais\"},\"image\":{\"@id\":\"https:\/\/www.missoeshumanitarias.org\/es\/#\/schema\/logo\/image\/\"}},{\"@type\":\"Person\",\"@id\":\"https:\/\/www.missoeshumanitarias.org\/es\/#\/schema\/person\/e0f8527323154d1eba9f9d9eb6b401f7\",\"name\":\"maducato_admin\",\"image\":{\"@type\":\"ImageObject\",\"inLanguage\":\"es\",\"@id\":\"https:\/\/www.missoeshumanitarias.org\/es\/#\/schema\/person\/image\/\",\"url\":\"https:\/\/secure.gravatar.com\/avatar\/6c3b45186a8f5a459d8e14c7fca370bceae92402bc06171d75e4e559b6c24393?s=96&d=mm&r=g\",\"contentUrl\":\"https:\/\/secure.gravatar.com\/avatar\/6c3b45186a8f5a459d8e14c7fca370bceae92402bc06171d75e4e559b6c24393?s=96&d=mm&r=g\",\"caption\":\"maducato_admin\"}}]}<\/script>\n<!-- \/ Yoast SEO Premium plugin. -->","yoast_head_json":{"title":"L\u00edderes ind\u00edgenas refugiadas reciben capacitaci\u00f3n en Derechos Humanos - Fraternidade Miss\u00f5es Humanit\u00e1rias Internacionais","description":"A trav\u00e9s de una asociaci\u00f3n entre la Fraternidad - Federaci\u00f3n Humanitaria Internacional (FFHI), el Instituto Insikiran para la Educaci\u00f3n Superior Ind\u00edgena de la Universidad Federal de Roraima (UFRR) y la Agencia de la ONU para los Refugiados (ACNUR), se est\u00e1 ofreciendo un curso sobre Derechos Humanos para L\u00edderes ind\u00edgenas provenientes de diferentes partes de Venezuela.","robots":{"index":"index","follow":"follow","max-snippet":"max-snippet:-1","max-image-preview":"max-image-preview:large","max-video-preview":"max-video-preview:-1"},"canonical":"https:\/\/www.missoeshumanitarias.org\/es\/lideres-indigenas-refugiadas-reciben-capacitacion-en-derechos-humanos\/","og_locale":"es_ES","og_type":"article","og_title":"L\u00edderes ind\u00edgenas refugiadas reciben capacitaci\u00f3n en Derechos Humanos","og_description":"A trav\u00e9s de una asociaci\u00f3n entre la Fraternidad - Federaci\u00f3n Humanitaria Internacional (FFHI), el Instituto Insikiran para la Educaci\u00f3n Superior Ind\u00edgena de la Universidad Federal de Roraima (UFRR) y la Agencia de la ONU para los Refugiados (ACNUR), se est\u00e1 ofreciendo un curso sobre Derechos Humanos para L\u00edderes ind\u00edgenas provenientes de diferentes partes de Venezuela.","og_url":"https:\/\/www.missoeshumanitarias.org\/es\/lideres-indigenas-refugiadas-reciben-capacitacion-en-derechos-humanos\/","og_site_name":"Fraternidade Miss\u00f5es Humanit\u00e1rias Internacionais","article_published_time":"2021-01-13T16:40:00+00:00","article_modified_time":"2021-08-04T15:04:13+00:00","og_image":[{"width":1000,"height":563,"url":"https:\/\/www.missoeshumanitarias.org\/wp-content\/uploads\/2021\/03\/capa-lideranca_indigena.jpg","type":"image\/jpeg"}],"author":"maducato_admin","twitter_card":"summary_large_image","twitter_misc":{"Escrito por":"maducato_admin","Tiempo de lectura":"2 minutos"},"schema":{"@context":"https:\/\/schema.org","@graph":[{"@type":"Article","@id":"https:\/\/www.missoeshumanitarias.org\/es\/lideres-indigenas-refugiadas-reciben-capacitacion-en-derechos-humanos\/#article","isPartOf":{"@id":"https:\/\/www.missoeshumanitarias.org\/es\/lideres-indigenas-refugiadas-reciben-capacitacion-en-derechos-humanos\/"},"author":{"name":"maducato_admin","@id":"https:\/\/www.missoeshumanitarias.org\/es\/#\/schema\/person\/e0f8527323154d1eba9f9d9eb6b401f7"},"headline":"L\u00edderes ind\u00edgenas refugiadas reciben capacitaci\u00f3n en Derechos Humanos","datePublished":"2021-01-13T16:40:00+00:00","dateModified":"2021-08-04T15:04:13+00:00","mainEntityOfPage":{"@id":"https:\/\/www.missoeshumanitarias.org\/es\/lideres-indigenas-refugiadas-reciben-capacitacion-en-derechos-humanos\/"},"wordCount":332,"publisher":{"@id":"https:\/\/www.missoeshumanitarias.org\/es\/#organization"},"image":{"@id":"https:\/\/www.missoeshumanitarias.org\/es\/lideres-indigenas-refugiadas-reciben-capacitacion-en-derechos-humanos\/#primaryimage"},"thumbnailUrl":"https:\/\/www.missoeshumanitarias.org\/wp-content\/uploads\/2021\/03\/capa-lideranca_indigena.jpg","articleSection":["Noticias","Noticias de las Misiones","Videos"],"inLanguage":"es"},{"@type":"WebPage","@id":"https:\/\/www.missoeshumanitarias.org\/es\/lideres-indigenas-refugiadas-reciben-capacitacion-en-derechos-humanos\/","url":"https:\/\/www.missoeshumanitarias.org\/es\/lideres-indigenas-refugiadas-reciben-capacitacion-en-derechos-humanos\/","name":"L\u00edderes ind\u00edgenas refugiadas reciben capacitaci\u00f3n en Derechos Humanos - Fraternidade Miss\u00f5es Humanit\u00e1rias Internacionais","isPartOf":{"@id":"https:\/\/www.missoeshumanitarias.org\/es\/#website"},"primaryImageOfPage":{"@id":"https:\/\/www.missoeshumanitarias.org\/es\/lideres-indigenas-refugiadas-reciben-capacitacion-en-derechos-humanos\/#primaryimage"},"image":{"@id":"https:\/\/www.missoeshumanitarias.org\/es\/lideres-indigenas-refugiadas-reciben-capacitacion-en-derechos-humanos\/#primaryimage"},"thumbnailUrl":"https:\/\/www.missoeshumanitarias.org\/wp-content\/uploads\/2021\/03\/capa-lideranca_indigena.jpg","datePublished":"2021-01-13T16:40:00+00:00","dateModified":"2021-08-04T15:04:13+00:00","description":"A trav\u00e9s de una asociaci\u00f3n entre la Fraternidad - Federaci\u00f3n Humanitaria Internacional (FFHI), el Instituto Insikiran para la Educaci\u00f3n Superior Ind\u00edgena de la Universidad Federal de Roraima (UFRR) y la Agencia de la ONU para los Refugiados (ACNUR), se est\u00e1 ofreciendo un curso sobre Derechos Humanos para L\u00edderes ind\u00edgenas provenientes de diferentes partes de Venezuela.","breadcrumb":{"@id":"https:\/\/www.missoeshumanitarias.org\/es\/lideres-indigenas-refugiadas-reciben-capacitacion-en-derechos-humanos\/#breadcrumb"},"inLanguage":"es","potentialAction":[{"@type":"ReadAction","target":["https:\/\/www.missoeshumanitarias.org\/es\/lideres-indigenas-refugiadas-reciben-capacitacion-en-derechos-humanos\/"]}]},{"@type":"ImageObject","inLanguage":"es","@id":"https:\/\/www.missoeshumanitarias.org\/es\/lideres-indigenas-refugiadas-reciben-capacitacion-en-derechos-humanos\/#primaryimage","url":"https:\/\/www.missoeshumanitarias.org\/wp-content\/uploads\/2021\/03\/capa-lideranca_indigena.jpg","contentUrl":"https:\/\/www.missoeshumanitarias.org\/wp-content\/uploads\/2021\/03\/capa-lideranca_indigena.jpg","width":1000,"height":563,"caption":"Curso Lideran\u00e7a ind\u00edgena"},{"@type":"BreadcrumbList","@id":"https:\/\/www.missoeshumanitarias.org\/es\/lideres-indigenas-refugiadas-reciben-capacitacion-en-derechos-humanos\/#breadcrumb","itemListElement":[{"@type":"ListItem","position":1,"name":"Home","item":"https:\/\/www.missoeshumanitarias.org\/en\/"},{"@type":"ListItem","position":2,"name":"L\u00edderes ind\u00edgenas refugiadas reciben capacitaci\u00f3n en Derechos Humanos"}]},{"@type":"WebSite","@id":"https:\/\/www.missoeshumanitarias.org\/es\/#website","url":"https:\/\/www.missoeshumanitarias.org\/es\/","name":"Fraternidade Miss\u00f5es Humanit\u00e1rias Internacionais","description":"Respostas Humanit\u00e1rias e Emerg\u00eancias","publisher":{"@id":"https:\/\/www.missoeshumanitarias.org\/es\/#organization"},"potentialAction":[{"@type":"SearchAction","target":{"@type":"EntryPoint","urlTemplate":"https:\/\/www.missoeshumanitarias.org\/es\/?s={search_term_string}"},"query-input":"required name=search_term_string"}],"inLanguage":"es"},{"@type":"Organization","@id":"https:\/\/www.missoeshumanitarias.org\/es\/#organization","name":"Fraternidade - Miss\u00f5es Humanit\u00e1rias Internacionais","url":"https:\/\/www.missoeshumanitarias.org\/es\/","logo":{"@type":"ImageObject","inLanguage":"es","@id":"https:\/\/www.missoeshumanitarias.org\/es\/#\/schema\/logo\/image\/","url":"https:\/\/www.missoeshumanitarias.org\/wp-content\/uploads\/2020\/05\/logo-FMHI-mg.png","contentUrl":"https:\/\/www.missoeshumanitarias.org\/wp-content\/uploads\/2020\/05\/logo-FMHI-mg.png","width":520,"height":134,"caption":"Fraternidade - Miss\u00f5es Humanit\u00e1rias Internacionais"},"image":{"@id":"https:\/\/www.missoeshumanitarias.org\/es\/#\/schema\/logo\/image\/"}},{"@type":"Person","@id":"https:\/\/www.missoeshumanitarias.org\/es\/#\/schema\/person\/e0f8527323154d1eba9f9d9eb6b401f7","name":"maducato_admin","image":{"@type":"ImageObject","inLanguage":"es","@id":"https:\/\/www.missoeshumanitarias.org\/es\/#\/schema\/person\/image\/","url":"https:\/\/secure.gravatar.com\/avatar\/6c3b45186a8f5a459d8e14c7fca370bceae92402bc06171d75e4e559b6c24393?s=96&d=mm&r=g","contentUrl":"https:\/\/secure.gravatar.com\/avatar\/6c3b45186a8f5a459d8e14c7fca370bceae92402bc06171d75e4e559b6c24393?s=96&d=mm&r=g","caption":"maducato_admin"}}]}},"_links":{"self":[{"href":"https:\/\/www.missoeshumanitarias.org\/es\/wp-json\/wp\/v2\/posts\/116966","targetHints":{"allow":["GET"]}}],"collection":[{"href":"https:\/\/www.missoeshumanitarias.org\/es\/wp-json\/wp\/v2\/posts"}],"about":[{"href":"https:\/\/www.missoeshumanitarias.org\/es\/wp-json\/wp\/v2\/types\/post"}],"author":[{"embeddable":true,"href":"https:\/\/www.missoeshumanitarias.org\/es\/wp-json\/wp\/v2\/users\/1"}],"replies":[{"embeddable":true,"href":"https:\/\/www.missoeshumanitarias.org\/es\/wp-json\/wp\/v2\/comments?post=116966"}],"version-history":[{"count":0,"href":"https:\/\/www.missoeshumanitarias.org\/es\/wp-json\/wp\/v2\/posts\/116966\/revisions"}],"wp:featuredmedia":[{"embeddable":true,"href":"https:\/\/www.missoeshumanitarias.org\/es\/wp-json\/wp\/v2\/media\/115344"}],"wp:attachment":[{"href":"https:\/\/www.missoeshumanitarias.org\/es\/wp-json\/wp\/v2\/media?parent=116966"}],"wp:term":[{"taxonomy":"category","embeddable":true,"href":"https:\/\/www.missoeshumanitarias.org\/es\/wp-json\/wp\/v2\/categories?post=116966"},{"taxonomy":"post_tag","embeddable":true,"href":"https:\/\/www.missoeshumanitarias.org\/es\/wp-json\/wp\/v2\/tags?post=116966"}],"curies":[{"name":"wp","href":"https:\/\/api.w.org\/{rel}","templated":true}]}}