{"id":119256,"date":"2020-10-24T19:50:07","date_gmt":"2020-10-24T22:50:07","guid":{"rendered":"https:\/\/www.missoeshumanitarias.org\/compartiendo-saberes-descubriendo-talentos-transformando-vidas\/"},"modified":"2021-08-12T15:06:13","modified_gmt":"2021-08-12T18:06:13","slug":"compartiendo-saberes-descubriendo-talentos-transformando-vidas","status":"publish","type":"post","link":"https:\/\/www.missoeshumanitarias.org\/es\/compartiendo-saberes-descubriendo-talentos-transformando-vidas\/","title":{"rendered":"Compartiendo Saberes, Descubriendo Talentos, Transformando Vidas"},"content":{"rendered":"<h3 style=\"text-align: center;\" align=\"center\">La Fraternidad- Humanitaria (FFHI) promueve curso de fotograf\u00eda para j\u00f3venes ind\u00edgenas refugiados en Roraima<\/h3>\n<p><iframe title=\"A Arte de Fotografar\" width=\"800\" height=\"450\" src=\"https:\/\/www.youtube.com\/embed\/GsjUqfbgQmQ?feature=oembed\" frameborder=\"0\" allow=\"accelerometer; autoplay; clipboard-write; encrypted-media; gyroscope; picture-in-picture\" allowfullscreen><\/iframe><\/p>\n<p style=\"font-weight: 400; text-align: justify;\">Como es bien sabido, vivir una situaci\u00f3n de desplazamiento forzado es una experiencia, cuando menos, traum\u00e1tica. Cuando este desplazamiento implica la migraci\u00f3n a un pa\u00eds extranjero con otra cultura y otro idioma, la intensidad del efecto de la experiencia aumenta mucho. Cuando agregamos el factor de una migraci\u00f3n de pueblos ind\u00edgenas a un pa\u00eds extranjero, comenzamos a componer un cuadro a\u00fan m\u00e1s complejo.<\/p>\n<p style=\"font-weight: 400; text-align: justify;\">Tan complejo es que, en Roraima, por primera vez en la historia, existe una respuesta humanitaria desafiante que implica el alojamiento de grupos ind\u00edgenas de diferentes etnias en refugios sostenidos por una cooperaci\u00f3n interinstitucional. A la <strong>Fraternidad &#8211; Federaci\u00f3n Humanitaria Internacional (FFHI)<\/strong> le cabe asumir la responsabilidad de este desaf\u00edo y administrar los dos refugios ind\u00edgenas existentes, Janokoida en Pacaraima y Pintol\u00e2ndia en Boa vista, en asociaci\u00f3n con el <strong><a href=\"https:\/\/www.acnur.org\/\">Alto Comisionado de las Naciones Unidas para los Refugiados (ACNUR)<\/a><\/strong> y bajo los protocolos de la Operaci\u00f3n Acogida, un grupo de trabajo gubernamental que organiza las actividades de m\u00e1s de 100 trabajadores humanitarios.<\/p>\n<p style=\"font-weight: 400; text-align: justify;\">Si el escenario presentado parec\u00eda bastante complejo y desafiante, una particularidad m\u00e1s torna a algunos componentes de estos grupos una minor\u00eda a\u00fan m\u00e1s vulnerable: la adolescencia. La edad a la que se mueve todo un universo dentro de cada ser, sacando a la luz una serie de conflictos, y en los que se pasa por un desarrollo f\u00edsico, emocional y mental, en los que se busca la adaptaci\u00f3n a la vida adulta y a la sociedad,\u00a0 se vuelve a\u00fan m\u00e1s dif\u00edcil transitar por la experiencia siendo un ind\u00edgena venezolano que vive en un albergue para refugiados en Brasil.<\/p>\n<p style=\"font-weight: 400; text-align: justify;\">Atender la demanda de nutrir con aliento de vida estos corazones, fragilizados por tantas situaciones-l\u00edmite concomitantes, ha sido siempre una de las propuestas \u2013del Sector Arte Humanitario-Educaci\u00f3n en Emergencias de la Fraternidad (FFHI), que viene desarrollando variadas actividades con menores de diferentes grupos atareos en los albergues en los que operan, como m\u00fasica, pintura, teatro, deporte, recreaci\u00f3n, siempre\u00a0 enfocados en despertar la resiliencia y rescatar la dignidad.<\/p>\n<p style=\"font-weight: 400; text-align: justify;\">En el caso concreto de los adolescentes, recientemente se vivi\u00f3 una experiencia innovadora en el Abrigo Pintol\u00e2ndia, que tuvo resultados muy positivos desde diferentes perspectivas: un curso de arte y fotograf\u00eda de un mes, impartido por Celita Schneider, fot\u00f3grafa profesional y colaboradora voluntaria de la <strong>Fraternidad &#8211; Humanitaria (FFHI)<\/strong>, y Frei Ezequiel, misionero activo en el Sector de Comunicaci\u00f3n de la instituci\u00f3n y monje de la Orden Gracia Misericordia. El curso culmin\u00f3 con la exposici\u00f3n \u201cEl arte de fotografiar\u201d, compuesta por fotos de los nueve participantes del curso &#8211; o, podemos decir, de nueve artistas j\u00f3venes, dada la calidad del resultado final presentado a la comunidad.<\/p>\n<p style=\"font-weight: 400; text-align: justify;\">Hablando de la motivaci\u00f3n para realizar el curso y el p\u00fablico involucrado, fray Ezequiel nos dice que \u201cellos tienen una gran vulnerabilidad, porque tienen tendencia a estar todo el tiempo con sus celulares, los que los tienen, o involucrarse con el alcohol, con las drogas &#8230; est\u00e1n en ese punto donde no tienen un horizonte, por as\u00ed decirlo \u201d. Relata que, durante las clases, los j\u00f3venes mostraron un gran inter\u00e9s, ya que les atrae mucho la fotograf\u00eda, las artes audiovisuales y que \u201cnaturalmente, tienen una mirada art\u00edstica\u201d.<\/p>\n<div id='gallery-1' class='gallery galleryid-119256 gallery-columns-5 gallery-size-thumbnail'><figure class='gallery-item'>\n\t\t\t<div class='gallery-icon landscape'>\n\t\t\t\t<a href='https:\/\/www.missoeshumanitarias.org\/wp-content\/uploads\/2020\/10\/oficina-fotografia-pintolandia-14.jpg'><img decoding=\"async\" width=\"150\" height=\"150\" src=\"https:\/\/www.missoeshumanitarias.org\/wp-content\/uploads\/2020\/10\/oficina-fotografia-pintolandia-14-150x150.jpg\" class=\"attachment-thumbnail size-thumbnail\" alt=\"\" \/><\/a>\n\t\t\t<\/div><\/figure><figure class='gallery-item'>\n\t\t\t<div class='gallery-icon landscape'>\n\t\t\t\t<a href='https:\/\/www.missoeshumanitarias.org\/wp-content\/uploads\/2020\/10\/oficina-fotografia-pintolandia-13.jpg'><img decoding=\"async\" width=\"150\" height=\"150\" src=\"https:\/\/www.missoeshumanitarias.org\/wp-content\/uploads\/2020\/10\/oficina-fotografia-pintolandia-13-150x150.jpg\" class=\"attachment-thumbnail size-thumbnail\" alt=\"\" \/><\/a>\n\t\t\t<\/div><\/figure><figure class='gallery-item'>\n\t\t\t<div class='gallery-icon landscape'>\n\t\t\t\t<a href='https:\/\/www.missoeshumanitarias.org\/wp-content\/uploads\/2020\/10\/oficina-fotografia-pintolandia-12.jpg'><img decoding=\"async\" width=\"150\" height=\"150\" src=\"https:\/\/www.missoeshumanitarias.org\/wp-content\/uploads\/2020\/10\/oficina-fotografia-pintolandia-12-150x150.jpg\" class=\"attachment-thumbnail size-thumbnail\" alt=\"\" \/><\/a>\n\t\t\t<\/div><\/figure><figure class='gallery-item'>\n\t\t\t<div class='gallery-icon portrait'>\n\t\t\t\t<a href='https:\/\/www.missoeshumanitarias.org\/wp-content\/uploads\/2020\/10\/oficina-fotografia-pintolandia-11.jpg'><img loading=\"lazy\" decoding=\"async\" width=\"150\" height=\"150\" src=\"https:\/\/www.missoeshumanitarias.org\/wp-content\/uploads\/2020\/10\/oficina-fotografia-pintolandia-11-150x150.jpg\" class=\"attachment-thumbnail size-thumbnail\" alt=\"\" \/><\/a>\n\t\t\t<\/div><\/figure><figure class='gallery-item'>\n\t\t\t<div class='gallery-icon landscape'>\n\t\t\t\t<a href='https:\/\/www.missoeshumanitarias.org\/wp-content\/uploads\/2020\/10\/oficina-fotografia-pintolandia-10.jpg'><img loading=\"lazy\" decoding=\"async\" width=\"150\" height=\"150\" src=\"https:\/\/www.missoeshumanitarias.org\/wp-content\/uploads\/2020\/10\/oficina-fotografia-pintolandia-10-150x150.jpg\" class=\"attachment-thumbnail size-thumbnail\" alt=\"\" \/><\/a>\n\t\t\t<\/div><\/figure><figure class='gallery-item'>\n\t\t\t<div class='gallery-icon landscape'>\n\t\t\t\t<a href='https:\/\/www.missoeshumanitarias.org\/wp-content\/uploads\/2020\/10\/oficina-fotografia-pintolandia-9.jpg'><img loading=\"lazy\" decoding=\"async\" width=\"150\" height=\"150\" src=\"https:\/\/www.missoeshumanitarias.org\/wp-content\/uploads\/2020\/10\/oficina-fotografia-pintolandia-9-150x150.jpg\" class=\"attachment-thumbnail size-thumbnail\" alt=\"\" \/><\/a>\n\t\t\t<\/div><\/figure><figure class='gallery-item'>\n\t\t\t<div class='gallery-icon landscape'>\n\t\t\t\t<a href='https:\/\/www.missoeshumanitarias.org\/wp-content\/uploads\/2020\/10\/oficina-fotografia-pintolandia-16.jpg'><img loading=\"lazy\" decoding=\"async\" width=\"150\" height=\"150\" src=\"https:\/\/www.missoeshumanitarias.org\/wp-content\/uploads\/2020\/10\/oficina-fotografia-pintolandia-16-150x150.jpg\" class=\"attachment-thumbnail size-thumbnail\" alt=\"\" \/><\/a>\n\t\t\t<\/div><\/figure><figure class='gallery-item'>\n\t\t\t<div class='gallery-icon landscape'>\n\t\t\t\t<a href='https:\/\/www.missoeshumanitarias.org\/wp-content\/uploads\/2020\/10\/oficina-fotografia-pintolandia-15.jpg'><img loading=\"lazy\" decoding=\"async\" width=\"150\" height=\"150\" src=\"https:\/\/www.missoeshumanitarias.org\/wp-content\/uploads\/2020\/10\/oficina-fotografia-pintolandia-15-150x150.jpg\" class=\"attachment-thumbnail size-thumbnail\" alt=\"\" \/><\/a>\n\t\t\t<\/div><\/figure><figure class='gallery-item'>\n\t\t\t<div class='gallery-icon landscape'>\n\t\t\t\t<a href='https:\/\/www.missoeshumanitarias.org\/wp-content\/uploads\/2020\/10\/oficina-fotografia-pintolandia-17.jpg'><img loading=\"lazy\" decoding=\"async\" width=\"150\" height=\"150\" src=\"https:\/\/www.missoeshumanitarias.org\/wp-content\/uploads\/2020\/10\/oficina-fotografia-pintolandia-17-150x150.jpg\" class=\"attachment-thumbnail size-thumbnail\" alt=\"\" \/><\/a>\n\t\t\t<\/div><\/figure>\n\t\t<\/div>\n\n<p style=\"font-weight: 400; text-align: justify;\">Respecto al impacto del curso en la rutina diaria del albergue y la transformaci\u00f3n que puede operar en las relaciones interpersonales, Marcos Neves, colaborador de la <strong>Fraternidad &#8211; Humanitaria (FFHI)<\/strong> en el rol de oficial de participaci\u00f3n comunitaria del albergue, expresa que \u201csin duda, este proyecto trajo una mejora en las relaciones familiares, ya que muchos de estos participantes ten\u00edan cierta tensi\u00f3n en su n\u00facleo familiar, y con esta perspectiva, mostrando su punto de vista, estas relaciones sociales se estaban distendiendo \u201d.<\/p>\n<p style=\"font-weight: 400; text-align: justify;\">Para muchos de los participantes, este curso fue mucho m\u00e1s all\u00e1 del simple conocimiento de las t\u00e9cnicas fotogr\u00e1ficas. Fue el destrabar de nuevos lugares en el campo de las emociones, fue la manera de superar los l\u00edmites impuestos por la condici\u00f3n en la que viven, fue el amanecer de un sentimiento de esperanza por un futuro mejor. Glennysmar, una de las participantes del curso, evidenciando-confesando?? \u00a0su nerviosismo durante la exposici\u00f3n,\u00a0montada\u00a0con las fotos en tama\u00f1o 60x90cm, adem\u00e1s de una breve biograf\u00eda de cada artista, dice: \u201cNunca pens\u00e9 que har\u00eda este tipo de exposici\u00f3n, porque en verdad, lamentablemente , pens\u00e9 que no pod\u00eda, pero gracias a este curso s\u00ed pude \u201d.<\/p>\n<p style=\"font-weight: 400; text-align: justify;\">Sobre esta superaci\u00f3n, Celita, que trabaja con fotograf\u00eda hace 12 a\u00f1os y ya ha realizado trabajos \u00a0voluntarios en \u00c1frica antes de colaborar con la <strong>Fraternidad &#8211; Humanitaria (FFHI)<\/strong> en Roraima, hace la siguiente reflexi\u00f3n: \u201cdevolver el sue\u00f1o, la esperanza de so\u00f1ar a alguien, somos un instrumento para que esto realmente suceda\u201d. Para ella, que conoce el potencial transformador del arte, esta fue la primera experiencia de impartir un curso de fotograf\u00eda: \u201ccreer en el pr\u00f3jimo, con seguridad, es la parte m\u00e1s gratificante; saber que cuando crees en los dem\u00e1s, ellos realmente creen en s\u00ed mismos tambi\u00e9n\u201d.<\/p>\n<p style=\"font-weight: 400; text-align: justify;\">Sobre los trabajos presentados en la exposici\u00f3n, organizados con mucho cari\u00f1o y cuidado en cada detalle por los docentes y participantes del curso, se puede decir que fueron portadores de una profundidad que conmovi\u00f3 a muchos de los que prestigiaron el evento. Abordar temas como la rutina del albergue, a trav\u00e9s de la comida tradicional y la artesan\u00eda; o por la mezcla de elementos culturales ind\u00edgenas y no ind\u00edgenas, como la foto de un avi\u00f3n en pleno vuelo llamado \u201cP\u00e1jaro de Fuego\u201d; o incluso mostrando una \u201cMirada de Esperanza\u201d captada en un ni\u00f1o con pocos meses de vida; o incluso en la abstracci\u00f3n engendrada con elementos de la naturaleza, cada fotograf\u00eda revelaba la singularidad de un mundo interno rico en creatividad y sensibilidad.<\/p>\n<p style=\"font-weight: 400; text-align: justify;\">Para la comunidad del albergue Pintol\u00e2ndia, tan acostumbrada a las c\u00e1maras y los \u201cclicks\u201d de las distintas agencias que trabajan en el albergue y que dan a conocer al p\u00fablico la realidad de lo que est\u00e1 sucediendo en esta crisis migratoria, hubo una ruptura de paradigma en relaci\u00f3n a la fotograf\u00eda. Hasta entonces, los grupos que viven en el refugio siempre eran el foco de las lentes que pasaban por all\u00ed, lo que, en ocasiones, incluso generaba cuestionamientos sobre el destino de tantos registros. Sin embargo, con el curso, al verse reflejados en los 9 j\u00f3venes pioneros\u00a0 que, como la punta de una lanza abrieron el camino a nuevas perspectivas, el sesgo colectivo hacia el Arte de Fotografiar se transform\u00f3, porque por primera vez, como grupo, sintieron la magia de estar detr\u00e1s de la c\u00e1mara y eternizar la belleza de un instante.<\/p>\n<p style=\"font-weight: 400; text-align: justify;\">Testimonio de Ana Paula N\u00f3brega da Fonte, quien en el momento del curso era colaboradora de la <strong>Fraternidad &#8211; Humanitaria<\/strong> como coordinadora del refugio:<\/p>\n<p style=\"font-weight: 400; text-align: justify;\">El taller \u00abEl Arte de Fotografiar\u00bb supuso un hito en la vida de los j\u00f3venes de Abrigo Pintol\u00e2ndia.<\/p>\n<div id='gallery-2' class='gallery galleryid-119256 gallery-columns-5 gallery-size-thumbnail'><figure class='gallery-item'>\n\t\t\t<div class='gallery-icon portrait'>\n\t\t\t\t<a href='https:\/\/www.missoeshumanitarias.org\/wp-content\/uploads\/2020\/10\/oficina-fotografia-pintolandia-20.jpg'><img loading=\"lazy\" decoding=\"async\" width=\"150\" height=\"150\" src=\"https:\/\/www.missoeshumanitarias.org\/wp-content\/uploads\/2020\/10\/oficina-fotografia-pintolandia-20-150x150.jpg\" class=\"attachment-thumbnail size-thumbnail\" alt=\"\" \/><\/a>\n\t\t\t<\/div><\/figure><figure class='gallery-item'>\n\t\t\t<div class='gallery-icon landscape'>\n\t\t\t\t<a href='https:\/\/www.missoeshumanitarias.org\/wp-content\/uploads\/2020\/10\/oficina-fotografia-pintolandia-21.jpg'><img loading=\"lazy\" decoding=\"async\" width=\"150\" height=\"150\" src=\"https:\/\/www.missoeshumanitarias.org\/wp-content\/uploads\/2020\/10\/oficina-fotografia-pintolandia-21-150x150.jpg\" class=\"attachment-thumbnail size-thumbnail\" alt=\"\" \/><\/a>\n\t\t\t<\/div><\/figure><figure class='gallery-item'>\n\t\t\t<div class='gallery-icon landscape'>\n\t\t\t\t<a href='https:\/\/www.missoeshumanitarias.org\/wp-content\/uploads\/2020\/10\/oficina-fotografia-pintolandia-22.jpg'><img loading=\"lazy\" decoding=\"async\" width=\"150\" height=\"150\" src=\"https:\/\/www.missoeshumanitarias.org\/wp-content\/uploads\/2020\/10\/oficina-fotografia-pintolandia-22-150x150.jpg\" class=\"attachment-thumbnail size-thumbnail\" alt=\"\" \/><\/a>\n\t\t\t<\/div><\/figure><figure class='gallery-item'>\n\t\t\t<div class='gallery-icon landscape'>\n\t\t\t\t<a href='https:\/\/www.missoeshumanitarias.org\/wp-content\/uploads\/2020\/10\/oficina-fotografia-pintolandia-3.jpg'><img loading=\"lazy\" decoding=\"async\" width=\"150\" height=\"150\" src=\"https:\/\/www.missoeshumanitarias.org\/wp-content\/uploads\/2020\/10\/oficina-fotografia-pintolandia-3-150x150.jpg\" class=\"attachment-thumbnail size-thumbnail\" alt=\"\" \/><\/a>\n\t\t\t<\/div><\/figure><figure class='gallery-item'>\n\t\t\t<div class='gallery-icon landscape'>\n\t\t\t\t<a href='https:\/\/www.missoeshumanitarias.org\/wp-content\/uploads\/2020\/10\/oficina-fotografia-pintolandia-4.jpg'><img loading=\"lazy\" decoding=\"async\" width=\"150\" height=\"150\" src=\"https:\/\/www.missoeshumanitarias.org\/wp-content\/uploads\/2020\/10\/oficina-fotografia-pintolandia-4-150x150.jpg\" class=\"attachment-thumbnail size-thumbnail\" alt=\"\" \/><\/a>\n\t\t\t<\/div><\/figure><figure class='gallery-item'>\n\t\t\t<div class='gallery-icon landscape'>\n\t\t\t\t<a href='https:\/\/www.missoeshumanitarias.org\/wp-content\/uploads\/2020\/10\/oficina-fotografia-pintolandia-5.jpg'><img loading=\"lazy\" decoding=\"async\" width=\"150\" height=\"150\" src=\"https:\/\/www.missoeshumanitarias.org\/wp-content\/uploads\/2020\/10\/oficina-fotografia-pintolandia-5-150x150.jpg\" class=\"attachment-thumbnail size-thumbnail\" alt=\"\" \/><\/a>\n\t\t\t<\/div><\/figure><figure class='gallery-item'>\n\t\t\t<div class='gallery-icon landscape'>\n\t\t\t\t<a href='https:\/\/www.missoeshumanitarias.org\/wp-content\/uploads\/2020\/10\/oficina-fotografia-pintolandia-18.jpg'><img loading=\"lazy\" decoding=\"async\" width=\"150\" height=\"150\" src=\"https:\/\/www.missoeshumanitarias.org\/wp-content\/uploads\/2020\/10\/oficina-fotografia-pintolandia-18-150x150.jpg\" class=\"attachment-thumbnail size-thumbnail\" alt=\"\" \/><\/a>\n\t\t\t<\/div><\/figure><figure class='gallery-item'>\n\t\t\t<div class='gallery-icon landscape'>\n\t\t\t\t<a href='https:\/\/www.missoeshumanitarias.org\/wp-content\/uploads\/2020\/10\/oficina-fotografia-pintolandia-6.jpg'><img loading=\"lazy\" decoding=\"async\" width=\"150\" height=\"150\" src=\"https:\/\/www.missoeshumanitarias.org\/wp-content\/uploads\/2020\/10\/oficina-fotografia-pintolandia-6-150x150.jpg\" class=\"attachment-thumbnail size-thumbnail\" alt=\"\" \/><\/a>\n\t\t\t<\/div><\/figure><figure class='gallery-item'>\n\t\t\t<div class='gallery-icon landscape'>\n\t\t\t\t<a href='https:\/\/www.missoeshumanitarias.org\/wp-content\/uploads\/2020\/10\/oficina-fotografia-pintolandia-7.jpg'><img loading=\"lazy\" decoding=\"async\" width=\"150\" height=\"150\" src=\"https:\/\/www.missoeshumanitarias.org\/wp-content\/uploads\/2020\/10\/oficina-fotografia-pintolandia-7-150x150.jpg\" class=\"attachment-thumbnail size-thumbnail\" alt=\"\" \/><\/a>\n\t\t\t<\/div><\/figure><figure class='gallery-item'>\n\t\t\t<div class='gallery-icon portrait'>\n\t\t\t\t<a href='https:\/\/www.missoeshumanitarias.org\/wp-content\/uploads\/2020\/10\/oficina-fotografia-pintolandia-8.jpg'><img loading=\"lazy\" decoding=\"async\" width=\"150\" height=\"150\" src=\"https:\/\/www.missoeshumanitarias.org\/wp-content\/uploads\/2020\/10\/oficina-fotografia-pintolandia-8-150x150.jpg\" class=\"attachment-thumbnail size-thumbnail\" alt=\"\" \/><\/a>\n\t\t\t<\/div><\/figure>\n\t\t<\/div>\n\n<p style=\"font-weight: 400; text-align: justify;\">Durante los cuatro meses que estuve a cargo de la gesti\u00f3n del albergue, escuch\u00e9 a adolescentes quejarse varias veces por la falta de perspectiva sobre el futuro y de oportunidades, para algunos una experiencia que ha durado casi cuatro a\u00f1os, tiempo desde que llegaron a Brasil y entraron al refugio con sus familias. A menudo, estos j\u00f3venes ven\u00edan a m\u00ed y a otros miembros del personal para conversar unos minutos, durante los cuales nos llenaban de preguntas, con ojos curiosos, queriendo entender en qu\u00e9 consist\u00eda nuestro trabajo.<\/p>\n<p style=\"font-weight: 400; text-align: justify;\">Un d\u00eda uno de estos chicos me dijo que lo \u00fanico que quer\u00eda era poder tener la oportunidad estudiar, aprender una profesi\u00f3n, para que un d\u00eda, qui\u00e9n sabe, pudiera ser como yo, en una mesa, en una habitaci\u00f3n con aire acondicionado &#8230;<\/p>\n<p style=\"font-weight: 400; text-align: justify;\">All\u00ed comprend\u00ed cu\u00e1nto, en el universo restringido del refugio, nos observan y toman como ejemplo, y cu\u00e1nto observan las pocas oportunidades de estudio y aprendizaje como los \u00fanicos puentes posibles para un futuro m\u00e1s digno y menos sufrido. Tambi\u00e9n dijo que los j\u00f3venes eran el \u00fanico grupo de edad en el refugio para el cual nadie hab\u00eda pensado en nada. Que hab\u00eda actividades con ni\u00f1os y adolescentes hasta un determinado grupo de edad, pero cuando la superaban eran olvidados por todas las instituciones. Me fui a casa con gran pesar, digiriendo esas palabras. Al d\u00eda siguiente, durante la reuni\u00f3n de coordinaci\u00f3n semanal, se puntualiz\u00f3 el tema de la excesiva presencia de adolescentes y j\u00f3venes dentro de los contenedores de coordinaci\u00f3n y protecci\u00f3n durante la jornada laboral. Fue una oportunidad para exponer la situaci\u00f3n vivida por ellos, que cobr\u00f3 voz en las palabras del valiente ni\u00f1o, que rompi\u00f3 el silencio de algo sumamente inc\u00f3modo para \u00e9l y sus compa\u00f1eros y que en ese momento fue puesto providencialmente en una reuni\u00f3n de coordinaci\u00f3n. Se nos inform\u00f3 del inter\u00e9s y de la posibilidad del equipo de comunicaci\u00f3n de realizar algunos cursos en el \u00e1rea audiovisual, por la que la juventud del refugio muestra un inter\u00e9s casi un\u00e1nime, por el di\u00e1logo con los medios digitales y todos sus recursos, un gran atractivo para este p\u00fablico.<\/p>\n<p style=\"font-weight: 400; text-align: justify;\">Con el Universo a favor de las buenas ideas, en unas semanas all\u00ed Frei Ezequiel y Celita se encontraban con un peque\u00f1o pero representativo grupo de j\u00f3venes de Abrigo Pintol\u00e2ndia (seleccionados por sus l\u00edderes como los que ten\u00edan m\u00e1s potencial y necesidad de desarrollar alguna actividad art\u00edstica), dos veces por semana, para clases te\u00f3ricas y ejercicios pr\u00e1cticos en fotograf\u00eda b\u00e1sica, cuyo bello resultado se expuso en un evento realizado el 9 de octubre, en alusi\u00f3n al D\u00eda del Ni\u00f1o y al D\u00eda de la Resistencia Ind\u00edgena en Venezuela (ambos celebrados el 12 de octubre).<\/p>\n<p style=\"font-weight: 400; text-align: justify;\">Los relatos de los padres, educadores y de la comunidad en general sobre el cambio de comportamiento de estos adolescentes luego del curso fueron impresionantes, y nos dan la certeza de que este trabajo debe continuar, ya que brinda a los j\u00f3venes ind\u00edgenas una nueva perspectiva en su mirada sobe el mundo que los rodea, pero tambi\u00e9n sobre el futuro que les espera.<\/p>\n<p><a href=\"https:\/\/www.missoeshumanitarias.org\/wp-content\/uploads\/2020\/10\/oficina-fotografia-pintolandia-19.jpg\"><img loading=\"lazy\" decoding=\"async\" class=\"alignnone size-full wp-image-118659\" src=\"https:\/\/www.missoeshumanitarias.org\/wp-content\/uploads\/2020\/10\/oficina-fotografia-pintolandia-19.jpg\" alt=\"Curso de fotografia no abrigo Pintol\u00e2ndia\" width=\"1000\" height=\"667\" \/><\/a><\/p>\n","protected":false},"excerpt":{"rendered":"<p>La Fraternidad- Humanitaria (FFHI) promueve curso de fotograf\u00eda para j\u00f3venes ind\u00edgenas refugiados en Roraima Como es bien sabido, vivir una situaci\u00f3n de desplazamiento forzado es una experiencia, cuando menos, traum\u00e1tica. Cuando este desplazamiento implica la migraci\u00f3n a un pa\u00eds extranjero con otra cultura y otro idioma, la intensidad del efecto de la experiencia aumenta mucho. [&hellip;]<\/p>\n","protected":false},"author":4,"featured_media":110748,"comment_status":"closed","ping_status":"closed","sticky":false,"template":"","format":"standard","meta":{"footnotes":""},"categories":[],"tags":[],"class_list":["post-119256","post","type-post","status-publish","format-standard","has-post-thumbnail","hentry"],"featured_image_src":"https:\/\/www.missoeshumanitarias.org\/wp-content\/uploads\/2020\/10\/capa-oficinafotografia.jpg","author_info":{"display_name":"","author_link":"https:\/\/www.missoeshumanitarias.org\/es\/author\/"},"yoast_head":"<!-- This site is optimized with the Yoast SEO Premium plugin v22.5 (Yoast SEO v22.5) - https:\/\/yoast.com\/wordpress\/plugins\/seo\/ -->\n<title>Compartiendo Saberes, Descubriendo Talentos, Transformando Vidas - Fraternidade Miss\u00f5es Humanit\u00e1rias Internacionais<\/title>\n<meta name=\"description\" content=\"Como es bien sabido, vivir una situaci\u00f3n de desplazamiento forzado es una experiencia, cuando menos, traum\u00e1tica. Cuando este desplazamiento implica la migraci\u00f3n a un pa\u00eds extranjero con otra cultura y otro idioma, la intensidad del efecto de la experiencia aumenta mucho. Cuando agregamos el factor de una migraci\u00f3n de pueblos ind\u00edgenas a un pa\u00eds extranjero, comenzamos a componer un cuadro a\u00fan m\u00e1s complejo.\" \/>\n<meta name=\"robots\" content=\"index, follow, max-snippet:-1, max-image-preview:large, max-video-preview:-1\" \/>\n<link rel=\"canonical\" href=\"https:\/\/www.missoeshumanitarias.org\/es\/compartiendo-saberes-descubriendo-talentos-transformando-vidas\/\" \/>\n<meta property=\"og:locale\" content=\"es_ES\" \/>\n<meta property=\"og:type\" content=\"article\" \/>\n<meta property=\"og:title\" content=\"Compartiendo Saberes, Descubriendo Talentos, Transformando Vidas\" \/>\n<meta property=\"og:description\" content=\"Como es bien sabido, vivir una situaci\u00f3n de desplazamiento forzado es una experiencia, cuando menos, traum\u00e1tica. Cuando este desplazamiento implica la migraci\u00f3n a un pa\u00eds extranjero con otra cultura y otro idioma, la intensidad del efecto de la experiencia aumenta mucho. Cuando agregamos el factor de una migraci\u00f3n de pueblos ind\u00edgenas a un pa\u00eds extranjero, comenzamos a componer un cuadro a\u00fan m\u00e1s complejo.\" \/>\n<meta property=\"og:url\" content=\"https:\/\/www.missoeshumanitarias.org\/es\/compartiendo-saberes-descubriendo-talentos-transformando-vidas\/\" \/>\n<meta property=\"og:site_name\" content=\"Fraternidade Miss\u00f5es Humanit\u00e1rias Internacionais\" \/>\n<meta property=\"article:published_time\" content=\"2020-10-24T22:50:07+00:00\" \/>\n<meta property=\"article:modified_time\" content=\"2021-08-12T18:06:13+00:00\" \/>\n<meta property=\"og:image\" content=\"https:\/\/www.missoeshumanitarias.org\/wp-content\/uploads\/2020\/10\/capa-oficinafotografia.jpg\" \/>\n\t<meta property=\"og:image:width\" content=\"1000\" \/>\n\t<meta property=\"og:image:height\" content=\"533\" \/>\n\t<meta property=\"og:image:type\" content=\"image\/jpeg\" \/>\n<meta name=\"twitter:card\" content=\"summary_large_image\" \/>\n<meta name=\"twitter:label1\" content=\"Escrito por\" \/>\n\t<meta name=\"twitter:data1\" content=\"\" \/>\n\t<meta name=\"twitter:label2\" content=\"Tiempo de lectura\" \/>\n\t<meta name=\"twitter:data2\" content=\"9 minutos\" \/>\n<script type=\"application\/ld+json\" class=\"yoast-schema-graph\">{\"@context\":\"https:\/\/schema.org\",\"@graph\":[{\"@type\":\"Article\",\"@id\":\"https:\/\/www.missoeshumanitarias.org\/es\/compartiendo-saberes-descubriendo-talentos-transformando-vidas\/#article\",\"isPartOf\":{\"@id\":\"https:\/\/www.missoeshumanitarias.org\/es\/compartiendo-saberes-descubriendo-talentos-transformando-vidas\/\"},\"author\":{\"name\":\"\",\"@id\":\"\"},\"headline\":\"Compartiendo Saberes, Descubriendo Talentos, Transformando Vidas\",\"datePublished\":\"2020-10-24T22:50:07+00:00\",\"dateModified\":\"2021-08-12T18:06:13+00:00\",\"mainEntityOfPage\":{\"@id\":\"https:\/\/www.missoeshumanitarias.org\/es\/compartiendo-saberes-descubriendo-talentos-transformando-vidas\/\"},\"wordCount\":1806,\"publisher\":{\"@id\":\"https:\/\/www.missoeshumanitarias.org\/es\/#organization\"},\"image\":{\"@id\":\"https:\/\/www.missoeshumanitarias.org\/es\/compartiendo-saberes-descubriendo-talentos-transformando-vidas\/#primaryimage\"},\"thumbnailUrl\":\"https:\/\/www.missoeshumanitarias.org\/wp-content\/uploads\/2020\/10\/capa-oficinafotografia.jpg\",\"inLanguage\":\"es\"},{\"@type\":\"WebPage\",\"@id\":\"https:\/\/www.missoeshumanitarias.org\/es\/compartiendo-saberes-descubriendo-talentos-transformando-vidas\/\",\"url\":\"https:\/\/www.missoeshumanitarias.org\/es\/compartiendo-saberes-descubriendo-talentos-transformando-vidas\/\",\"name\":\"Compartiendo Saberes, Descubriendo Talentos, Transformando Vidas - Fraternidade Miss\u00f5es Humanit\u00e1rias Internacionais\",\"isPartOf\":{\"@id\":\"https:\/\/www.missoeshumanitarias.org\/es\/#website\"},\"primaryImageOfPage\":{\"@id\":\"https:\/\/www.missoeshumanitarias.org\/es\/compartiendo-saberes-descubriendo-talentos-transformando-vidas\/#primaryimage\"},\"image\":{\"@id\":\"https:\/\/www.missoeshumanitarias.org\/es\/compartiendo-saberes-descubriendo-talentos-transformando-vidas\/#primaryimage\"},\"thumbnailUrl\":\"https:\/\/www.missoeshumanitarias.org\/wp-content\/uploads\/2020\/10\/capa-oficinafotografia.jpg\",\"datePublished\":\"2020-10-24T22:50:07+00:00\",\"dateModified\":\"2021-08-12T18:06:13+00:00\",\"description\":\"Como es bien sabido, vivir una situaci\u00f3n de desplazamiento forzado es una experiencia, cuando menos, traum\u00e1tica. Cuando este desplazamiento implica la migraci\u00f3n a un pa\u00eds extranjero con otra cultura y otro idioma, la intensidad del efecto de la experiencia aumenta mucho. Cuando agregamos el factor de una migraci\u00f3n de pueblos ind\u00edgenas a un pa\u00eds extranjero, comenzamos a componer un cuadro a\u00fan m\u00e1s complejo.\",\"breadcrumb\":{\"@id\":\"https:\/\/www.missoeshumanitarias.org\/es\/compartiendo-saberes-descubriendo-talentos-transformando-vidas\/#breadcrumb\"},\"inLanguage\":\"es\",\"potentialAction\":[{\"@type\":\"ReadAction\",\"target\":[\"https:\/\/www.missoeshumanitarias.org\/es\/compartiendo-saberes-descubriendo-talentos-transformando-vidas\/\"]}]},{\"@type\":\"ImageObject\",\"inLanguage\":\"es\",\"@id\":\"https:\/\/www.missoeshumanitarias.org\/es\/compartiendo-saberes-descubriendo-talentos-transformando-vidas\/#primaryimage\",\"url\":\"https:\/\/www.missoeshumanitarias.org\/wp-content\/uploads\/2020\/10\/capa-oficinafotografia.jpg\",\"contentUrl\":\"https:\/\/www.missoeshumanitarias.org\/wp-content\/uploads\/2020\/10\/capa-oficinafotografia.jpg\",\"width\":1000,\"height\":533},{\"@type\":\"BreadcrumbList\",\"@id\":\"https:\/\/www.missoeshumanitarias.org\/es\/compartiendo-saberes-descubriendo-talentos-transformando-vidas\/#breadcrumb\",\"itemListElement\":[{\"@type\":\"ListItem\",\"position\":1,\"name\":\"Home\",\"item\":\"https:\/\/www.missoeshumanitarias.org\/en\/\"},{\"@type\":\"ListItem\",\"position\":2,\"name\":\"Compartiendo Saberes, Descubriendo Talentos, Transformando Vidas\"}]},{\"@type\":\"WebSite\",\"@id\":\"https:\/\/www.missoeshumanitarias.org\/es\/#website\",\"url\":\"https:\/\/www.missoeshumanitarias.org\/es\/\",\"name\":\"Fraternidade Miss\u00f5es Humanit\u00e1rias Internacionais\",\"description\":\"Respostas Humanit\u00e1rias e Emerg\u00eancias\",\"publisher\":{\"@id\":\"https:\/\/www.missoeshumanitarias.org\/es\/#organization\"},\"potentialAction\":[{\"@type\":\"SearchAction\",\"target\":{\"@type\":\"EntryPoint\",\"urlTemplate\":\"https:\/\/www.missoeshumanitarias.org\/es\/?s={search_term_string}\"},\"query-input\":\"required name=search_term_string\"}],\"inLanguage\":\"es\"},{\"@type\":\"Organization\",\"@id\":\"https:\/\/www.missoeshumanitarias.org\/es\/#organization\",\"name\":\"Fraternidade - Miss\u00f5es Humanit\u00e1rias Internacionais\",\"url\":\"https:\/\/www.missoeshumanitarias.org\/es\/\",\"logo\":{\"@type\":\"ImageObject\",\"inLanguage\":\"es\",\"@id\":\"https:\/\/www.missoeshumanitarias.org\/es\/#\/schema\/logo\/image\/\",\"url\":\"https:\/\/www.missoeshumanitarias.org\/wp-content\/uploads\/2020\/05\/logo-FMHI-mg.png\",\"contentUrl\":\"https:\/\/www.missoeshumanitarias.org\/wp-content\/uploads\/2020\/05\/logo-FMHI-mg.png\",\"width\":520,\"height\":134,\"caption\":\"Fraternidade - Miss\u00f5es Humanit\u00e1rias Internacionais\"},\"image\":{\"@id\":\"https:\/\/www.missoeshumanitarias.org\/es\/#\/schema\/logo\/image\/\"}},{\"@type\":\"Person\",\"@id\":\"\"}]}<\/script>\n<!-- \/ Yoast SEO Premium plugin. -->","yoast_head_json":{"title":"Compartiendo Saberes, Descubriendo Talentos, Transformando Vidas - Fraternidade Miss\u00f5es Humanit\u00e1rias Internacionais","description":"Como es bien sabido, vivir una situaci\u00f3n de desplazamiento forzado es una experiencia, cuando menos, traum\u00e1tica. Cuando este desplazamiento implica la migraci\u00f3n a un pa\u00eds extranjero con otra cultura y otro idioma, la intensidad del efecto de la experiencia aumenta mucho. Cuando agregamos el factor de una migraci\u00f3n de pueblos ind\u00edgenas a un pa\u00eds extranjero, comenzamos a componer un cuadro a\u00fan m\u00e1s complejo.","robots":{"index":"index","follow":"follow","max-snippet":"max-snippet:-1","max-image-preview":"max-image-preview:large","max-video-preview":"max-video-preview:-1"},"canonical":"https:\/\/www.missoeshumanitarias.org\/es\/compartiendo-saberes-descubriendo-talentos-transformando-vidas\/","og_locale":"es_ES","og_type":"article","og_title":"Compartiendo Saberes, Descubriendo Talentos, Transformando Vidas","og_description":"Como es bien sabido, vivir una situaci\u00f3n de desplazamiento forzado es una experiencia, cuando menos, traum\u00e1tica. Cuando este desplazamiento implica la migraci\u00f3n a un pa\u00eds extranjero con otra cultura y otro idioma, la intensidad del efecto de la experiencia aumenta mucho. Cuando agregamos el factor de una migraci\u00f3n de pueblos ind\u00edgenas a un pa\u00eds extranjero, comenzamos a componer un cuadro a\u00fan m\u00e1s complejo.","og_url":"https:\/\/www.missoeshumanitarias.org\/es\/compartiendo-saberes-descubriendo-talentos-transformando-vidas\/","og_site_name":"Fraternidade Miss\u00f5es Humanit\u00e1rias Internacionais","article_published_time":"2020-10-24T22:50:07+00:00","article_modified_time":"2021-08-12T18:06:13+00:00","og_image":[{"width":1000,"height":533,"url":"https:\/\/www.missoeshumanitarias.org\/wp-content\/uploads\/2020\/10\/capa-oficinafotografia.jpg","type":"image\/jpeg"}],"twitter_card":"summary_large_image","twitter_misc":{"Escrito por":"","Tiempo de lectura":"9 minutos"},"schema":{"@context":"https:\/\/schema.org","@graph":[{"@type":"Article","@id":"https:\/\/www.missoeshumanitarias.org\/es\/compartiendo-saberes-descubriendo-talentos-transformando-vidas\/#article","isPartOf":{"@id":"https:\/\/www.missoeshumanitarias.org\/es\/compartiendo-saberes-descubriendo-talentos-transformando-vidas\/"},"author":{"name":"","@id":""},"headline":"Compartiendo Saberes, Descubriendo Talentos, Transformando Vidas","datePublished":"2020-10-24T22:50:07+00:00","dateModified":"2021-08-12T18:06:13+00:00","mainEntityOfPage":{"@id":"https:\/\/www.missoeshumanitarias.org\/es\/compartiendo-saberes-descubriendo-talentos-transformando-vidas\/"},"wordCount":1806,"publisher":{"@id":"https:\/\/www.missoeshumanitarias.org\/es\/#organization"},"image":{"@id":"https:\/\/www.missoeshumanitarias.org\/es\/compartiendo-saberes-descubriendo-talentos-transformando-vidas\/#primaryimage"},"thumbnailUrl":"https:\/\/www.missoeshumanitarias.org\/wp-content\/uploads\/2020\/10\/capa-oficinafotografia.jpg","inLanguage":"es"},{"@type":"WebPage","@id":"https:\/\/www.missoeshumanitarias.org\/es\/compartiendo-saberes-descubriendo-talentos-transformando-vidas\/","url":"https:\/\/www.missoeshumanitarias.org\/es\/compartiendo-saberes-descubriendo-talentos-transformando-vidas\/","name":"Compartiendo Saberes, Descubriendo Talentos, Transformando Vidas - Fraternidade Miss\u00f5es Humanit\u00e1rias Internacionais","isPartOf":{"@id":"https:\/\/www.missoeshumanitarias.org\/es\/#website"},"primaryImageOfPage":{"@id":"https:\/\/www.missoeshumanitarias.org\/es\/compartiendo-saberes-descubriendo-talentos-transformando-vidas\/#primaryimage"},"image":{"@id":"https:\/\/www.missoeshumanitarias.org\/es\/compartiendo-saberes-descubriendo-talentos-transformando-vidas\/#primaryimage"},"thumbnailUrl":"https:\/\/www.missoeshumanitarias.org\/wp-content\/uploads\/2020\/10\/capa-oficinafotografia.jpg","datePublished":"2020-10-24T22:50:07+00:00","dateModified":"2021-08-12T18:06:13+00:00","description":"Como es bien sabido, vivir una situaci\u00f3n de desplazamiento forzado es una experiencia, cuando menos, traum\u00e1tica. Cuando este desplazamiento implica la migraci\u00f3n a un pa\u00eds extranjero con otra cultura y otro idioma, la intensidad del efecto de la experiencia aumenta mucho. Cuando agregamos el factor de una migraci\u00f3n de pueblos ind\u00edgenas a un pa\u00eds extranjero, comenzamos a componer un cuadro a\u00fan m\u00e1s complejo.","breadcrumb":{"@id":"https:\/\/www.missoeshumanitarias.org\/es\/compartiendo-saberes-descubriendo-talentos-transformando-vidas\/#breadcrumb"},"inLanguage":"es","potentialAction":[{"@type":"ReadAction","target":["https:\/\/www.missoeshumanitarias.org\/es\/compartiendo-saberes-descubriendo-talentos-transformando-vidas\/"]}]},{"@type":"ImageObject","inLanguage":"es","@id":"https:\/\/www.missoeshumanitarias.org\/es\/compartiendo-saberes-descubriendo-talentos-transformando-vidas\/#primaryimage","url":"https:\/\/www.missoeshumanitarias.org\/wp-content\/uploads\/2020\/10\/capa-oficinafotografia.jpg","contentUrl":"https:\/\/www.missoeshumanitarias.org\/wp-content\/uploads\/2020\/10\/capa-oficinafotografia.jpg","width":1000,"height":533},{"@type":"BreadcrumbList","@id":"https:\/\/www.missoeshumanitarias.org\/es\/compartiendo-saberes-descubriendo-talentos-transformando-vidas\/#breadcrumb","itemListElement":[{"@type":"ListItem","position":1,"name":"Home","item":"https:\/\/www.missoeshumanitarias.org\/en\/"},{"@type":"ListItem","position":2,"name":"Compartiendo Saberes, Descubriendo Talentos, Transformando Vidas"}]},{"@type":"WebSite","@id":"https:\/\/www.missoeshumanitarias.org\/es\/#website","url":"https:\/\/www.missoeshumanitarias.org\/es\/","name":"Fraternidade Miss\u00f5es Humanit\u00e1rias Internacionais","description":"Respostas Humanit\u00e1rias e Emerg\u00eancias","publisher":{"@id":"https:\/\/www.missoeshumanitarias.org\/es\/#organization"},"potentialAction":[{"@type":"SearchAction","target":{"@type":"EntryPoint","urlTemplate":"https:\/\/www.missoeshumanitarias.org\/es\/?s={search_term_string}"},"query-input":"required name=search_term_string"}],"inLanguage":"es"},{"@type":"Organization","@id":"https:\/\/www.missoeshumanitarias.org\/es\/#organization","name":"Fraternidade - Miss\u00f5es Humanit\u00e1rias Internacionais","url":"https:\/\/www.missoeshumanitarias.org\/es\/","logo":{"@type":"ImageObject","inLanguage":"es","@id":"https:\/\/www.missoeshumanitarias.org\/es\/#\/schema\/logo\/image\/","url":"https:\/\/www.missoeshumanitarias.org\/wp-content\/uploads\/2020\/05\/logo-FMHI-mg.png","contentUrl":"https:\/\/www.missoeshumanitarias.org\/wp-content\/uploads\/2020\/05\/logo-FMHI-mg.png","width":520,"height":134,"caption":"Fraternidade - Miss\u00f5es Humanit\u00e1rias Internacionais"},"image":{"@id":"https:\/\/www.missoeshumanitarias.org\/es\/#\/schema\/logo\/image\/"}},{"@type":"Person","@id":""}]}},"_links":{"self":[{"href":"https:\/\/www.missoeshumanitarias.org\/es\/wp-json\/wp\/v2\/posts\/119256","targetHints":{"allow":["GET"]}}],"collection":[{"href":"https:\/\/www.missoeshumanitarias.org\/es\/wp-json\/wp\/v2\/posts"}],"about":[{"href":"https:\/\/www.missoeshumanitarias.org\/es\/wp-json\/wp\/v2\/types\/post"}],"author":[{"embeddable":true,"href":"https:\/\/www.missoeshumanitarias.org\/es\/wp-json\/wp\/v2\/users\/4"}],"replies":[{"embeddable":true,"href":"https:\/\/www.missoeshumanitarias.org\/es\/wp-json\/wp\/v2\/comments?post=119256"}],"version-history":[{"count":0,"href":"https:\/\/www.missoeshumanitarias.org\/es\/wp-json\/wp\/v2\/posts\/119256\/revisions"}],"wp:featuredmedia":[{"embeddable":true,"href":"https:\/\/www.missoeshumanitarias.org\/es\/wp-json\/wp\/v2\/media\/110748"}],"wp:attachment":[{"href":"https:\/\/www.missoeshumanitarias.org\/es\/wp-json\/wp\/v2\/media?parent=119256"}],"wp:term":[{"taxonomy":"category","embeddable":true,"href":"https:\/\/www.missoeshumanitarias.org\/es\/wp-json\/wp\/v2\/categories?post=119256"},{"taxonomy":"post_tag","embeddable":true,"href":"https:\/\/www.missoeshumanitarias.org\/es\/wp-json\/wp\/v2\/tags?post=119256"}],"curies":[{"name":"wp","href":"https:\/\/api.w.org\/{rel}","templated":true}]}}