{"id":131438,"date":"2015-12-01T20:06:44","date_gmt":"2015-12-01T22:06:44","guid":{"rendered":"https:\/\/www.missoeshumanitarias.org\/la-fraternidade-exhibe-video-sobre-actuacion-del-grupo-en-mariana-minas-gerais\/"},"modified":"2015-12-01T20:06:44","modified_gmt":"2015-12-01T22:06:44","slug":"la-fraternidade-exhibe-video-sobre-actuacion-del-grupo-en-mariana-minas-gerais","status":"publish","type":"post","link":"https:\/\/www.missoeshumanitarias.org\/es\/la-fraternidade-exhibe-video-sobre-actuacion-del-grupo-en-mariana-minas-gerais\/","title":{"rendered":"La Fraternidade exhibe video sobre actuaci\u00f3n del grupo en Mariana-Minas Gerais"},"content":{"rendered":"<p style=\"text-align: justify;\">La <strong>Fraternidade \u2013 Federaci\u00f3n Humanitaria Internacional<\/strong> compartir\u00e1 la actuaci\u00f3n del grupo que fue en misi\u00f3n a la ciudad de Mariana, Minas Gerais, a finales de noviembre pasado, para socorrer a los animales afectados por la tragedia minera desatada en la regi\u00f3n.<\/p>\n<p style=\"text-align: justify;\"><a href=\"http:\/\/www.fraterinternacional.org\/wp-content\/uploads\/2015\/12\/foto_Tatiana_reinos_em-Mariana.jpg\"><img fetchpriority=\"high\" decoding=\"async\" class=\"alignleft wp-image-6839 size-medium\" src=\"https:\/\/www.missoeshumanitarias.org\/wp-content\/uploads\/2021\/08\/foto_Tatiana_reinos_em-Mariana-300x169-1.jpg\" alt=\"\" width=\"300\" height=\"169\" \/><\/a>Durante la misi\u00f3n, que dur\u00f3 tres d\u00edas, el equipo formado por Misioneros, el Grupo Solar y especialistas en asistencia a los animales de la <a href=\"http:\/\/www.casaluzdacolina.org.br\/\" target=\"_blank\">Casa Luz de la Colina<\/a>, realiz\u00f3 varios rescates, tratamientos y encaminamiento de animales que estaban presos en el lodo.<\/p>\n<p style=\"text-align: justify;\">Para llevar hasta las personas los momentos que el grupo pas\u00f3 en misi\u00f3n, en el lugar de la tragedia, fue producido un video documental que muestra todo el trabajo realizado. Con una duraci\u00f3n de 25 minutos, el video ser\u00e1 exhibido este mi\u00e9rcoles, 2 de noviembre, a las 19.30 horas, en el auditorio del \u00e1rea F2, en la Comunidad-Luz Figueira, y ser\u00e1 transmitida en vivo, a trav\u00e9s del site de la <a href=\"http:\/\/www.comunidadefigueira.org.br\" target=\"_blank\">Comunidad Figueira.<\/a>\u00a0<span style=\"line-height: 1.5;\">Vea el link m\u00e1s abajo.<\/span><\/p>\n<p style=\"text-align: justify;\"><a href=\"http:\/\/www.comunidadefigueira.org.br\/aovivo\/\">Vea el video de esta campa\u00f1a haciendo clic aqui!<\/a><\/p>\n","protected":false},"excerpt":{"rendered":"<p>La Fraternidade \u2013 Federaci\u00f3n Humanitaria Internacional compartir\u00e1 la actuaci\u00f3n del grupo que fue en misi\u00f3n a la ciudad de Mariana, Minas Gerais, a finales de noviembre pasado, para socorrer a los animales afectados por la tragedia minera desatada en la regi\u00f3n. Durante la misi\u00f3n, que dur\u00f3 tres d\u00edas, el equipo formado por Misioneros, el Grupo [&hellip;]<\/p>\n","protected":false},"author":1,"featured_media":119550,"comment_status":"open","ping_status":"open","sticky":false,"template":"","format":"standard","meta":{"footnotes":""},"categories":[43,131],"tags":[],"class_list":["post-131438","post","type-post","status-publish","format-standard","has-post-thumbnail","hentry","category-noticias-es","category-noticias-de-las-misiones"],"featured_image_src":"https:\/\/www.missoeshumanitarias.org\/wp-content\/uploads\/2021\/08\/missionarios_Mariana1.jpg","author_info":{"display_name":"maducato_admin","author_link":"https:\/\/www.missoeshumanitarias.org\/es\/author\/maducato_admin\/"},"yoast_head":"<!-- This site is optimized with the Yoast SEO Premium plugin v22.5 (Yoast SEO v22.5) - https:\/\/yoast.com\/wordpress\/plugins\/seo\/ -->\n<title>La Fraternidade exhibe video sobre actuaci\u00f3n del grupo en Mariana-Minas Gerais - Fraternidade Miss\u00f5es Humanit\u00e1rias Internacionais<\/title>\n<meta name=\"robots\" content=\"index, follow, max-snippet:-1, max-image-preview:large, max-video-preview:-1\" \/>\n<link rel=\"canonical\" href=\"https:\/\/www.missoeshumanitarias.org\/es\/la-fraternidade-exhibe-video-sobre-actuacion-del-grupo-en-mariana-minas-gerais\/\" \/>\n<meta property=\"og:locale\" content=\"es_ES\" \/>\n<meta property=\"og:type\" content=\"article\" \/>\n<meta property=\"og:title\" content=\"La Fraternidade exhibe video sobre actuaci\u00f3n del grupo en Mariana-Minas Gerais\" \/>\n<meta property=\"og:description\" content=\"La Fraternidade \u2013 Federaci\u00f3n Humanitaria Internacional compartir\u00e1 la actuaci\u00f3n del grupo que fue en misi\u00f3n a la ciudad de Mariana, Minas Gerais, a finales de noviembre pasado, para socorrer a los animales afectados por la tragedia minera desatada en la regi\u00f3n. Durante la misi\u00f3n, que dur\u00f3 tres d\u00edas, el equipo formado por Misioneros, el Grupo [&hellip;]\" \/>\n<meta property=\"og:url\" content=\"https:\/\/www.missoeshumanitarias.org\/es\/la-fraternidade-exhibe-video-sobre-actuacion-del-grupo-en-mariana-minas-gerais\/\" \/>\n<meta property=\"og:site_name\" content=\"Fraternidade Miss\u00f5es Humanit\u00e1rias Internacionais\" \/>\n<meta property=\"article:published_time\" content=\"2015-12-01T22:06:44+00:00\" \/>\n<meta property=\"og:image\" content=\"https:\/\/www.missoeshumanitarias.org\/wp-content\/uploads\/2021\/08\/missionarios_Mariana1.jpg\" \/>\n\t<meta property=\"og:image:width\" content=\"700\" \/>\n\t<meta property=\"og:image:height\" content=\"394\" \/>\n\t<meta property=\"og:image:type\" content=\"image\/jpeg\" \/>\n<meta name=\"author\" content=\"maducato_admin\" \/>\n<meta name=\"twitter:card\" content=\"summary_large_image\" \/>\n<meta name=\"twitter:label1\" content=\"Escrito por\" \/>\n\t<meta name=\"twitter:data1\" content=\"maducato_admin\" \/>\n\t<meta name=\"twitter:label2\" content=\"Tiempo de lectura\" \/>\n\t<meta name=\"twitter:data2\" content=\"1 minuto\" \/>\n<script type=\"application\/ld+json\" class=\"yoast-schema-graph\">{\"@context\":\"https:\/\/schema.org\",\"@graph\":[{\"@type\":\"Article\",\"@id\":\"https:\/\/www.missoeshumanitarias.org\/es\/la-fraternidade-exhibe-video-sobre-actuacion-del-grupo-en-mariana-minas-gerais\/#article\",\"isPartOf\":{\"@id\":\"https:\/\/www.missoeshumanitarias.org\/es\/la-fraternidade-exhibe-video-sobre-actuacion-del-grupo-en-mariana-minas-gerais\/\"},\"author\":{\"name\":\"maducato_admin\",\"@id\":\"https:\/\/www.missoeshumanitarias.org\/es\/#\/schema\/person\/e0f8527323154d1eba9f9d9eb6b401f7\"},\"headline\":\"La Fraternidade exhibe video sobre actuaci\u00f3n del grupo en Mariana-Minas Gerais\",\"datePublished\":\"2015-12-01T22:06:44+00:00\",\"dateModified\":\"2015-12-01T22:06:44+00:00\",\"mainEntityOfPage\":{\"@id\":\"https:\/\/www.missoeshumanitarias.org\/es\/la-fraternidade-exhibe-video-sobre-actuacion-del-grupo-en-mariana-minas-gerais\/\"},\"wordCount\":190,\"commentCount\":0,\"publisher\":{\"@id\":\"https:\/\/www.missoeshumanitarias.org\/es\/#organization\"},\"image\":{\"@id\":\"https:\/\/www.missoeshumanitarias.org\/es\/la-fraternidade-exhibe-video-sobre-actuacion-del-grupo-en-mariana-minas-gerais\/#primaryimage\"},\"thumbnailUrl\":\"https:\/\/www.missoeshumanitarias.org\/wp-content\/uploads\/2021\/08\/missionarios_Mariana1.jpg\",\"articleSection\":[\"Noticias\",\"Noticias de las Misiones\"],\"inLanguage\":\"es\",\"potentialAction\":[{\"@type\":\"CommentAction\",\"name\":\"Comment\",\"target\":[\"https:\/\/www.missoeshumanitarias.org\/es\/la-fraternidade-exhibe-video-sobre-actuacion-del-grupo-en-mariana-minas-gerais\/#respond\"]}]},{\"@type\":\"WebPage\",\"@id\":\"https:\/\/www.missoeshumanitarias.org\/es\/la-fraternidade-exhibe-video-sobre-actuacion-del-grupo-en-mariana-minas-gerais\/\",\"url\":\"https:\/\/www.missoeshumanitarias.org\/es\/la-fraternidade-exhibe-video-sobre-actuacion-del-grupo-en-mariana-minas-gerais\/\",\"name\":\"La Fraternidade exhibe video sobre actuaci\u00f3n del grupo en Mariana-Minas Gerais - Fraternidade Miss\u00f5es Humanit\u00e1rias Internacionais\",\"isPartOf\":{\"@id\":\"https:\/\/www.missoeshumanitarias.org\/es\/#website\"},\"primaryImageOfPage\":{\"@id\":\"https:\/\/www.missoeshumanitarias.org\/es\/la-fraternidade-exhibe-video-sobre-actuacion-del-grupo-en-mariana-minas-gerais\/#primaryimage\"},\"image\":{\"@id\":\"https:\/\/www.missoeshumanitarias.org\/es\/la-fraternidade-exhibe-video-sobre-actuacion-del-grupo-en-mariana-minas-gerais\/#primaryimage\"},\"thumbnailUrl\":\"https:\/\/www.missoeshumanitarias.org\/wp-content\/uploads\/2021\/08\/missionarios_Mariana1.jpg\",\"datePublished\":\"2015-12-01T22:06:44+00:00\",\"dateModified\":\"2015-12-01T22:06:44+00:00\",\"breadcrumb\":{\"@id\":\"https:\/\/www.missoeshumanitarias.org\/es\/la-fraternidade-exhibe-video-sobre-actuacion-del-grupo-en-mariana-minas-gerais\/#breadcrumb\"},\"inLanguage\":\"es\",\"potentialAction\":[{\"@type\":\"ReadAction\",\"target\":[\"https:\/\/www.missoeshumanitarias.org\/es\/la-fraternidade-exhibe-video-sobre-actuacion-del-grupo-en-mariana-minas-gerais\/\"]}]},{\"@type\":\"ImageObject\",\"inLanguage\":\"es\",\"@id\":\"https:\/\/www.missoeshumanitarias.org\/es\/la-fraternidade-exhibe-video-sobre-actuacion-del-grupo-en-mariana-minas-gerais\/#primaryimage\",\"url\":\"https:\/\/www.missoeshumanitarias.org\/wp-content\/uploads\/2021\/08\/missionarios_Mariana1.jpg\",\"contentUrl\":\"https:\/\/www.missoeshumanitarias.org\/wp-content\/uploads\/2021\/08\/missionarios_Mariana1.jpg\",\"width\":700,\"height\":394},{\"@type\":\"BreadcrumbList\",\"@id\":\"https:\/\/www.missoeshumanitarias.org\/es\/la-fraternidade-exhibe-video-sobre-actuacion-del-grupo-en-mariana-minas-gerais\/#breadcrumb\",\"itemListElement\":[{\"@type\":\"ListItem\",\"position\":1,\"name\":\"Home\",\"item\":\"https:\/\/www.missoeshumanitarias.org\/en\/\"},{\"@type\":\"ListItem\",\"position\":2,\"name\":\"La Fraternidade exhibe video sobre actuaci\u00f3n del grupo en Mariana-Minas Gerais\"}]},{\"@type\":\"WebSite\",\"@id\":\"https:\/\/www.missoeshumanitarias.org\/es\/#website\",\"url\":\"https:\/\/www.missoeshumanitarias.org\/es\/\",\"name\":\"Fraternidade Miss\u00f5es Humanit\u00e1rias Internacionais\",\"description\":\"Respostas Humanit\u00e1rias e Emerg\u00eancias\",\"publisher\":{\"@id\":\"https:\/\/www.missoeshumanitarias.org\/es\/#organization\"},\"potentialAction\":[{\"@type\":\"SearchAction\",\"target\":{\"@type\":\"EntryPoint\",\"urlTemplate\":\"https:\/\/www.missoeshumanitarias.org\/es\/?s={search_term_string}\"},\"query-input\":\"required name=search_term_string\"}],\"inLanguage\":\"es\"},{\"@type\":\"Organization\",\"@id\":\"https:\/\/www.missoeshumanitarias.org\/es\/#organization\",\"name\":\"Fraternidade - Miss\u00f5es Humanit\u00e1rias Internacionais\",\"url\":\"https:\/\/www.missoeshumanitarias.org\/es\/\",\"logo\":{\"@type\":\"ImageObject\",\"inLanguage\":\"es\",\"@id\":\"https:\/\/www.missoeshumanitarias.org\/es\/#\/schema\/logo\/image\/\",\"url\":\"https:\/\/www.missoeshumanitarias.org\/wp-content\/uploads\/2020\/05\/logo-FMHI-mg.png\",\"contentUrl\":\"https:\/\/www.missoeshumanitarias.org\/wp-content\/uploads\/2020\/05\/logo-FMHI-mg.png\",\"width\":520,\"height\":134,\"caption\":\"Fraternidade - Miss\u00f5es Humanit\u00e1rias Internacionais\"},\"image\":{\"@id\":\"https:\/\/www.missoeshumanitarias.org\/es\/#\/schema\/logo\/image\/\"}},{\"@type\":\"Person\",\"@id\":\"https:\/\/www.missoeshumanitarias.org\/es\/#\/schema\/person\/e0f8527323154d1eba9f9d9eb6b401f7\",\"name\":\"maducato_admin\",\"image\":{\"@type\":\"ImageObject\",\"inLanguage\":\"es\",\"@id\":\"https:\/\/www.missoeshumanitarias.org\/es\/#\/schema\/person\/image\/\",\"url\":\"https:\/\/secure.gravatar.com\/avatar\/6c3b45186a8f5a459d8e14c7fca370bceae92402bc06171d75e4e559b6c24393?s=96&d=mm&r=g\",\"contentUrl\":\"https:\/\/secure.gravatar.com\/avatar\/6c3b45186a8f5a459d8e14c7fca370bceae92402bc06171d75e4e559b6c24393?s=96&d=mm&r=g\",\"caption\":\"maducato_admin\"}}]}<\/script>\n<!-- \/ Yoast SEO Premium plugin. -->","yoast_head_json":{"title":"La Fraternidade exhibe video sobre actuaci\u00f3n del grupo en Mariana-Minas Gerais - Fraternidade Miss\u00f5es Humanit\u00e1rias Internacionais","robots":{"index":"index","follow":"follow","max-snippet":"max-snippet:-1","max-image-preview":"max-image-preview:large","max-video-preview":"max-video-preview:-1"},"canonical":"https:\/\/www.missoeshumanitarias.org\/es\/la-fraternidade-exhibe-video-sobre-actuacion-del-grupo-en-mariana-minas-gerais\/","og_locale":"es_ES","og_type":"article","og_title":"La Fraternidade exhibe video sobre actuaci\u00f3n del grupo en Mariana-Minas Gerais","og_description":"La Fraternidade \u2013 Federaci\u00f3n Humanitaria Internacional compartir\u00e1 la actuaci\u00f3n del grupo que fue en misi\u00f3n a la ciudad de Mariana, Minas Gerais, a finales de noviembre pasado, para socorrer a los animales afectados por la tragedia minera desatada en la regi\u00f3n. Durante la misi\u00f3n, que dur\u00f3 tres d\u00edas, el equipo formado por Misioneros, el Grupo [&hellip;]","og_url":"https:\/\/www.missoeshumanitarias.org\/es\/la-fraternidade-exhibe-video-sobre-actuacion-del-grupo-en-mariana-minas-gerais\/","og_site_name":"Fraternidade Miss\u00f5es Humanit\u00e1rias Internacionais","article_published_time":"2015-12-01T22:06:44+00:00","og_image":[{"width":700,"height":394,"url":"https:\/\/www.missoeshumanitarias.org\/wp-content\/uploads\/2021\/08\/missionarios_Mariana1.jpg","type":"image\/jpeg"}],"author":"maducato_admin","twitter_card":"summary_large_image","twitter_misc":{"Escrito por":"maducato_admin","Tiempo de lectura":"1 minuto"},"schema":{"@context":"https:\/\/schema.org","@graph":[{"@type":"Article","@id":"https:\/\/www.missoeshumanitarias.org\/es\/la-fraternidade-exhibe-video-sobre-actuacion-del-grupo-en-mariana-minas-gerais\/#article","isPartOf":{"@id":"https:\/\/www.missoeshumanitarias.org\/es\/la-fraternidade-exhibe-video-sobre-actuacion-del-grupo-en-mariana-minas-gerais\/"},"author":{"name":"maducato_admin","@id":"https:\/\/www.missoeshumanitarias.org\/es\/#\/schema\/person\/e0f8527323154d1eba9f9d9eb6b401f7"},"headline":"La Fraternidade exhibe video sobre actuaci\u00f3n del grupo en Mariana-Minas Gerais","datePublished":"2015-12-01T22:06:44+00:00","dateModified":"2015-12-01T22:06:44+00:00","mainEntityOfPage":{"@id":"https:\/\/www.missoeshumanitarias.org\/es\/la-fraternidade-exhibe-video-sobre-actuacion-del-grupo-en-mariana-minas-gerais\/"},"wordCount":190,"commentCount":0,"publisher":{"@id":"https:\/\/www.missoeshumanitarias.org\/es\/#organization"},"image":{"@id":"https:\/\/www.missoeshumanitarias.org\/es\/la-fraternidade-exhibe-video-sobre-actuacion-del-grupo-en-mariana-minas-gerais\/#primaryimage"},"thumbnailUrl":"https:\/\/www.missoeshumanitarias.org\/wp-content\/uploads\/2021\/08\/missionarios_Mariana1.jpg","articleSection":["Noticias","Noticias de las Misiones"],"inLanguage":"es","potentialAction":[{"@type":"CommentAction","name":"Comment","target":["https:\/\/www.missoeshumanitarias.org\/es\/la-fraternidade-exhibe-video-sobre-actuacion-del-grupo-en-mariana-minas-gerais\/#respond"]}]},{"@type":"WebPage","@id":"https:\/\/www.missoeshumanitarias.org\/es\/la-fraternidade-exhibe-video-sobre-actuacion-del-grupo-en-mariana-minas-gerais\/","url":"https:\/\/www.missoeshumanitarias.org\/es\/la-fraternidade-exhibe-video-sobre-actuacion-del-grupo-en-mariana-minas-gerais\/","name":"La Fraternidade exhibe video sobre actuaci\u00f3n del grupo en Mariana-Minas Gerais - Fraternidade Miss\u00f5es Humanit\u00e1rias Internacionais","isPartOf":{"@id":"https:\/\/www.missoeshumanitarias.org\/es\/#website"},"primaryImageOfPage":{"@id":"https:\/\/www.missoeshumanitarias.org\/es\/la-fraternidade-exhibe-video-sobre-actuacion-del-grupo-en-mariana-minas-gerais\/#primaryimage"},"image":{"@id":"https:\/\/www.missoeshumanitarias.org\/es\/la-fraternidade-exhibe-video-sobre-actuacion-del-grupo-en-mariana-minas-gerais\/#primaryimage"},"thumbnailUrl":"https:\/\/www.missoeshumanitarias.org\/wp-content\/uploads\/2021\/08\/missionarios_Mariana1.jpg","datePublished":"2015-12-01T22:06:44+00:00","dateModified":"2015-12-01T22:06:44+00:00","breadcrumb":{"@id":"https:\/\/www.missoeshumanitarias.org\/es\/la-fraternidade-exhibe-video-sobre-actuacion-del-grupo-en-mariana-minas-gerais\/#breadcrumb"},"inLanguage":"es","potentialAction":[{"@type":"ReadAction","target":["https:\/\/www.missoeshumanitarias.org\/es\/la-fraternidade-exhibe-video-sobre-actuacion-del-grupo-en-mariana-minas-gerais\/"]}]},{"@type":"ImageObject","inLanguage":"es","@id":"https:\/\/www.missoeshumanitarias.org\/es\/la-fraternidade-exhibe-video-sobre-actuacion-del-grupo-en-mariana-minas-gerais\/#primaryimage","url":"https:\/\/www.missoeshumanitarias.org\/wp-content\/uploads\/2021\/08\/missionarios_Mariana1.jpg","contentUrl":"https:\/\/www.missoeshumanitarias.org\/wp-content\/uploads\/2021\/08\/missionarios_Mariana1.jpg","width":700,"height":394},{"@type":"BreadcrumbList","@id":"https:\/\/www.missoeshumanitarias.org\/es\/la-fraternidade-exhibe-video-sobre-actuacion-del-grupo-en-mariana-minas-gerais\/#breadcrumb","itemListElement":[{"@type":"ListItem","position":1,"name":"Home","item":"https:\/\/www.missoeshumanitarias.org\/en\/"},{"@type":"ListItem","position":2,"name":"La Fraternidade exhibe video sobre actuaci\u00f3n del grupo en Mariana-Minas Gerais"}]},{"@type":"WebSite","@id":"https:\/\/www.missoeshumanitarias.org\/es\/#website","url":"https:\/\/www.missoeshumanitarias.org\/es\/","name":"Fraternidade Miss\u00f5es Humanit\u00e1rias Internacionais","description":"Respostas Humanit\u00e1rias e Emerg\u00eancias","publisher":{"@id":"https:\/\/www.missoeshumanitarias.org\/es\/#organization"},"potentialAction":[{"@type":"SearchAction","target":{"@type":"EntryPoint","urlTemplate":"https:\/\/www.missoeshumanitarias.org\/es\/?s={search_term_string}"},"query-input":"required name=search_term_string"}],"inLanguage":"es"},{"@type":"Organization","@id":"https:\/\/www.missoeshumanitarias.org\/es\/#organization","name":"Fraternidade - Miss\u00f5es Humanit\u00e1rias Internacionais","url":"https:\/\/www.missoeshumanitarias.org\/es\/","logo":{"@type":"ImageObject","inLanguage":"es","@id":"https:\/\/www.missoeshumanitarias.org\/es\/#\/schema\/logo\/image\/","url":"https:\/\/www.missoeshumanitarias.org\/wp-content\/uploads\/2020\/05\/logo-FMHI-mg.png","contentUrl":"https:\/\/www.missoeshumanitarias.org\/wp-content\/uploads\/2020\/05\/logo-FMHI-mg.png","width":520,"height":134,"caption":"Fraternidade - Miss\u00f5es Humanit\u00e1rias Internacionais"},"image":{"@id":"https:\/\/www.missoeshumanitarias.org\/es\/#\/schema\/logo\/image\/"}},{"@type":"Person","@id":"https:\/\/www.missoeshumanitarias.org\/es\/#\/schema\/person\/e0f8527323154d1eba9f9d9eb6b401f7","name":"maducato_admin","image":{"@type":"ImageObject","inLanguage":"es","@id":"https:\/\/www.missoeshumanitarias.org\/es\/#\/schema\/person\/image\/","url":"https:\/\/secure.gravatar.com\/avatar\/6c3b45186a8f5a459d8e14c7fca370bceae92402bc06171d75e4e559b6c24393?s=96&d=mm&r=g","contentUrl":"https:\/\/secure.gravatar.com\/avatar\/6c3b45186a8f5a459d8e14c7fca370bceae92402bc06171d75e4e559b6c24393?s=96&d=mm&r=g","caption":"maducato_admin"}}]}},"_links":{"self":[{"href":"https:\/\/www.missoeshumanitarias.org\/es\/wp-json\/wp\/v2\/posts\/131438","targetHints":{"allow":["GET"]}}],"collection":[{"href":"https:\/\/www.missoeshumanitarias.org\/es\/wp-json\/wp\/v2\/posts"}],"about":[{"href":"https:\/\/www.missoeshumanitarias.org\/es\/wp-json\/wp\/v2\/types\/post"}],"author":[{"embeddable":true,"href":"https:\/\/www.missoeshumanitarias.org\/es\/wp-json\/wp\/v2\/users\/1"}],"replies":[{"embeddable":true,"href":"https:\/\/www.missoeshumanitarias.org\/es\/wp-json\/wp\/v2\/comments?post=131438"}],"version-history":[{"count":0,"href":"https:\/\/www.missoeshumanitarias.org\/es\/wp-json\/wp\/v2\/posts\/131438\/revisions"}],"wp:featuredmedia":[{"embeddable":true,"href":"https:\/\/www.missoeshumanitarias.org\/es\/wp-json\/wp\/v2\/media\/119550"}],"wp:attachment":[{"href":"https:\/\/www.missoeshumanitarias.org\/es\/wp-json\/wp\/v2\/media?parent=131438"}],"wp:term":[{"taxonomy":"category","embeddable":true,"href":"https:\/\/www.missoeshumanitarias.org\/es\/wp-json\/wp\/v2\/categories?post=131438"},{"taxonomy":"post_tag","embeddable":true,"href":"https:\/\/www.missoeshumanitarias.org\/es\/wp-json\/wp\/v2\/tags?post=131438"}],"curies":[{"name":"wp","href":"https:\/\/api.w.org\/{rel}","templated":true}]}}