{"id":131447,"date":"2016-01-23T17:06:58","date_gmt":"2016-01-23T19:06:58","guid":{"rendered":"https:\/\/www.missoeshumanitarias.org\/grupo-en-mision-en-el-medio-oriente-atendera-a-refugiados-en-toda-turquia\/"},"modified":"2021-11-14T13:38:09","modified_gmt":"2021-11-14T16:38:09","slug":"grupo-en-mision-en-el-medio-oriente-atendera-a-refugiados-en-toda-turquia","status":"publish","type":"post","link":"https:\/\/www.missoeshumanitarias.org\/es\/grupo-en-mision-en-el-medio-oriente-atendera-a-refugiados-en-toda-turquia\/","title":{"rendered":"Grupo en Misi\u00f3n en el Medio Oriente atender\u00e1 a refugiados en toda Turqu\u00eda"},"content":{"rendered":"\n<p>El grupo de Misioneros de la <strong>Fraternidade &#8211; Federaci\u00f3n Humanitaria Internacional<\/strong> trabajar\u00e1 con los refugiados sirios que est\u00e1n fuera de los campos de refugiados y distribuidos por todo el territorio de Turqu\u00eda. El nuevo direccionamiento de la Misi\u00f3n se produce despu\u00e9s de que el gobierno turco haya negado la autorizaci\u00f3n para el ingreso del grupo a los campos de refugiados de aquel pa\u00eds.<\/p>\n\n\n\n<div class=\"wp-block-image\"><figure class=\"alignleft\"><a href=\"http:\/\/www.fraterinternacional.org\/wp-content\/uploads\/2016\/01\/Retorno-do-Embaixada.jpeg\" rel=\"attachment wp-att-10969\"><img decoding=\"async\" src=\"https:\/\/www.missoeshumanitarias.org\/wp-content\/uploads\/2021\/08\/Retorno-do-Embaixada-300x169-1.jpeg\" alt=\"Retorno do Embaixada\" class=\"wp-image-10969\"\/><\/a><\/figure><\/div>\n\n\n\n<p>Tras la negativa del gobierno de Turqu\u00eda, fue decidido que la Misi\u00f3n humanitaria ser\u00e1 realizada con los refugiados que est\u00e1n fuera de los campos y esparcidos por todo el pa\u00eds.<br>La idea provino de la embajada brasile\u00f1a en Turqu\u00eda, que despu\u00e9s de comunicarse con las Naciones Unidas, orient\u00f3 al grupo a entrar en contacto con la ASAM -The Association for Solidarity with Asylum Seekers and Migrants (Asociaci\u00f3n para la Solidaridad con los Solicitantes de Asilo y Migrantes)-, una ONG reconocida internacionalmente. La ASAM posee oficinas e instalaciones que atienden a los refugiados sirios en 45 localidades de Turqu\u00eda.<\/p>\n\n\n\n<p>Fue definido que el grupo de Misioneros recorrer\u00e1 Turqu\u00eda en un microbus, visitando las instalaciones de la ONG que alberga a los refugiados.<\/p>\n","protected":false},"excerpt":{"rendered":"<p>El grupo de Misioneros de la Fraternidade &#8211; Federaci\u00f3n Humanitaria Internacional trabajar\u00e1 con los refugiados sirios que est\u00e1n fuera de los campos de refugiados y distribuidos por todo el territorio de Turqu\u00eda. El nuevo direccionamiento de la Misi\u00f3n se produce despu\u00e9s de que el gobierno turco haya negado la autorizaci\u00f3n para el ingreso del grupo [&hellip;]<\/p>\n","protected":false},"author":1,"featured_media":130780,"comment_status":"open","ping_status":"open","sticky":false,"template":"","format":"standard","meta":{"footnotes":""},"categories":[43,131],"tags":[],"class_list":["post-131447","post","type-post","status-publish","format-standard","has-post-thumbnail","hentry","category-noticias-es","category-noticias-de-las-misiones"],"featured_image_src":"https:\/\/www.missoeshumanitarias.org\/wp-content\/uploads\/2021\/08\/Retorno-do-Embaixada.jpeg","author_info":{"display_name":"maducato_admin","author_link":"https:\/\/www.missoeshumanitarias.org\/es\/author\/maducato_admin\/"},"yoast_head":"<!-- This site is optimized with the Yoast SEO Premium plugin v22.5 (Yoast SEO v22.5) - https:\/\/yoast.com\/wordpress\/plugins\/seo\/ -->\n<title>Grupo en Misi\u00f3n en el Medio Oriente atender\u00e1 a refugiados en toda Turqu\u00eda - Fraternidade Miss\u00f5es Humanit\u00e1rias Internacionais<\/title>\n<meta name=\"robots\" content=\"index, follow, max-snippet:-1, max-image-preview:large, max-video-preview:-1\" \/>\n<link rel=\"canonical\" href=\"https:\/\/www.missoeshumanitarias.org\/es\/grupo-en-mision-en-el-medio-oriente-atendera-a-refugiados-en-toda-turquia\/\" \/>\n<meta property=\"og:locale\" content=\"es_ES\" \/>\n<meta property=\"og:type\" content=\"article\" \/>\n<meta property=\"og:title\" content=\"Grupo en Misi\u00f3n en el Medio Oriente atender\u00e1 a refugiados en toda Turqu\u00eda\" \/>\n<meta property=\"og:description\" content=\"El grupo de Misioneros de la Fraternidade &#8211; Federaci\u00f3n Humanitaria Internacional trabajar\u00e1 con los refugiados sirios que est\u00e1n fuera de los campos de refugiados y distribuidos por todo el territorio de Turqu\u00eda. El nuevo direccionamiento de la Misi\u00f3n se produce despu\u00e9s de que el gobierno turco haya negado la autorizaci\u00f3n para el ingreso del grupo [&hellip;]\" \/>\n<meta property=\"og:url\" content=\"https:\/\/www.missoeshumanitarias.org\/es\/grupo-en-mision-en-el-medio-oriente-atendera-a-refugiados-en-toda-turquia\/\" \/>\n<meta property=\"og:site_name\" content=\"Fraternidade Miss\u00f5es Humanit\u00e1rias Internacionais\" \/>\n<meta property=\"article:published_time\" content=\"2016-01-23T19:06:58+00:00\" \/>\n<meta property=\"article:modified_time\" content=\"2021-11-14T16:38:09+00:00\" \/>\n<meta property=\"og:image\" content=\"https:\/\/www.missoeshumanitarias.org\/wp-content\/uploads\/2021\/08\/Retorno-do-Embaixada.jpeg\" \/>\n\t<meta property=\"og:image:width\" content=\"700\" \/>\n\t<meta property=\"og:image:height\" content=\"394\" \/>\n\t<meta property=\"og:image:type\" content=\"image\/jpeg\" \/>\n<meta name=\"author\" content=\"maducato_admin\" \/>\n<meta name=\"twitter:card\" content=\"summary_large_image\" \/>\n<meta name=\"twitter:label1\" content=\"Escrito por\" \/>\n\t<meta name=\"twitter:data1\" content=\"maducato_admin\" \/>\n\t<meta name=\"twitter:label2\" content=\"Tiempo de lectura\" \/>\n\t<meta name=\"twitter:data2\" content=\"2 minutos\" \/>\n<script type=\"application\/ld+json\" class=\"yoast-schema-graph\">{\"@context\":\"https:\/\/schema.org\",\"@graph\":[{\"@type\":\"Article\",\"@id\":\"https:\/\/www.missoeshumanitarias.org\/es\/grupo-en-mision-en-el-medio-oriente-atendera-a-refugiados-en-toda-turquia\/#article\",\"isPartOf\":{\"@id\":\"https:\/\/www.missoeshumanitarias.org\/es\/grupo-en-mision-en-el-medio-oriente-atendera-a-refugiados-en-toda-turquia\/\"},\"author\":{\"name\":\"maducato_admin\",\"@id\":\"https:\/\/www.missoeshumanitarias.org\/es\/#\/schema\/person\/e0f8527323154d1eba9f9d9eb6b401f7\"},\"headline\":\"Grupo en Misi\u00f3n en el Medio Oriente atender\u00e1 a refugiados en toda Turqu\u00eda\",\"datePublished\":\"2016-01-23T19:06:58+00:00\",\"dateModified\":\"2021-11-14T16:38:09+00:00\",\"mainEntityOfPage\":{\"@id\":\"https:\/\/www.missoeshumanitarias.org\/es\/grupo-en-mision-en-el-medio-oriente-atendera-a-refugiados-en-toda-turquia\/\"},\"wordCount\":216,\"commentCount\":0,\"publisher\":{\"@id\":\"https:\/\/www.missoeshumanitarias.org\/es\/#organization\"},\"image\":{\"@id\":\"https:\/\/www.missoeshumanitarias.org\/es\/grupo-en-mision-en-el-medio-oriente-atendera-a-refugiados-en-toda-turquia\/#primaryimage\"},\"thumbnailUrl\":\"https:\/\/www.missoeshumanitarias.org\/wp-content\/uploads\/2021\/08\/Retorno-do-Embaixada.jpeg\",\"articleSection\":[\"Noticias\",\"Noticias de las Misiones\"],\"inLanguage\":\"es\",\"potentialAction\":[{\"@type\":\"CommentAction\",\"name\":\"Comment\",\"target\":[\"https:\/\/www.missoeshumanitarias.org\/es\/grupo-en-mision-en-el-medio-oriente-atendera-a-refugiados-en-toda-turquia\/#respond\"]}]},{\"@type\":\"WebPage\",\"@id\":\"https:\/\/www.missoeshumanitarias.org\/es\/grupo-en-mision-en-el-medio-oriente-atendera-a-refugiados-en-toda-turquia\/\",\"url\":\"https:\/\/www.missoeshumanitarias.org\/es\/grupo-en-mision-en-el-medio-oriente-atendera-a-refugiados-en-toda-turquia\/\",\"name\":\"Grupo en Misi\u00f3n en el Medio Oriente atender\u00e1 a refugiados en toda Turqu\u00eda - Fraternidade Miss\u00f5es Humanit\u00e1rias Internacionais\",\"isPartOf\":{\"@id\":\"https:\/\/www.missoeshumanitarias.org\/es\/#website\"},\"primaryImageOfPage\":{\"@id\":\"https:\/\/www.missoeshumanitarias.org\/es\/grupo-en-mision-en-el-medio-oriente-atendera-a-refugiados-en-toda-turquia\/#primaryimage\"},\"image\":{\"@id\":\"https:\/\/www.missoeshumanitarias.org\/es\/grupo-en-mision-en-el-medio-oriente-atendera-a-refugiados-en-toda-turquia\/#primaryimage\"},\"thumbnailUrl\":\"https:\/\/www.missoeshumanitarias.org\/wp-content\/uploads\/2021\/08\/Retorno-do-Embaixada.jpeg\",\"datePublished\":\"2016-01-23T19:06:58+00:00\",\"dateModified\":\"2021-11-14T16:38:09+00:00\",\"breadcrumb\":{\"@id\":\"https:\/\/www.missoeshumanitarias.org\/es\/grupo-en-mision-en-el-medio-oriente-atendera-a-refugiados-en-toda-turquia\/#breadcrumb\"},\"inLanguage\":\"es\",\"potentialAction\":[{\"@type\":\"ReadAction\",\"target\":[\"https:\/\/www.missoeshumanitarias.org\/es\/grupo-en-mision-en-el-medio-oriente-atendera-a-refugiados-en-toda-turquia\/\"]}]},{\"@type\":\"ImageObject\",\"inLanguage\":\"es\",\"@id\":\"https:\/\/www.missoeshumanitarias.org\/es\/grupo-en-mision-en-el-medio-oriente-atendera-a-refugiados-en-toda-turquia\/#primaryimage\",\"url\":\"https:\/\/www.missoeshumanitarias.org\/wp-content\/uploads\/2021\/08\/Retorno-do-Embaixada.jpeg\",\"contentUrl\":\"https:\/\/www.missoeshumanitarias.org\/wp-content\/uploads\/2021\/08\/Retorno-do-Embaixada.jpeg\",\"width\":700,\"height\":394},{\"@type\":\"BreadcrumbList\",\"@id\":\"https:\/\/www.missoeshumanitarias.org\/es\/grupo-en-mision-en-el-medio-oriente-atendera-a-refugiados-en-toda-turquia\/#breadcrumb\",\"itemListElement\":[{\"@type\":\"ListItem\",\"position\":1,\"name\":\"Home\",\"item\":\"https:\/\/www.missoeshumanitarias.org\/en\/\"},{\"@type\":\"ListItem\",\"position\":2,\"name\":\"Grupo en Misi\u00f3n en el Medio Oriente atender\u00e1 a refugiados en toda Turqu\u00eda\"}]},{\"@type\":\"WebSite\",\"@id\":\"https:\/\/www.missoeshumanitarias.org\/es\/#website\",\"url\":\"https:\/\/www.missoeshumanitarias.org\/es\/\",\"name\":\"Fraternidade Miss\u00f5es Humanit\u00e1rias Internacionais\",\"description\":\"Respostas Humanit\u00e1rias e Emerg\u00eancias\",\"publisher\":{\"@id\":\"https:\/\/www.missoeshumanitarias.org\/es\/#organization\"},\"potentialAction\":[{\"@type\":\"SearchAction\",\"target\":{\"@type\":\"EntryPoint\",\"urlTemplate\":\"https:\/\/www.missoeshumanitarias.org\/es\/?s={search_term_string}\"},\"query-input\":\"required name=search_term_string\"}],\"inLanguage\":\"es\"},{\"@type\":\"Organization\",\"@id\":\"https:\/\/www.missoeshumanitarias.org\/es\/#organization\",\"name\":\"Fraternidade - Miss\u00f5es Humanit\u00e1rias Internacionais\",\"url\":\"https:\/\/www.missoeshumanitarias.org\/es\/\",\"logo\":{\"@type\":\"ImageObject\",\"inLanguage\":\"es\",\"@id\":\"https:\/\/www.missoeshumanitarias.org\/es\/#\/schema\/logo\/image\/\",\"url\":\"https:\/\/www.missoeshumanitarias.org\/wp-content\/uploads\/2020\/05\/logo-FMHI-mg.png\",\"contentUrl\":\"https:\/\/www.missoeshumanitarias.org\/wp-content\/uploads\/2020\/05\/logo-FMHI-mg.png\",\"width\":520,\"height\":134,\"caption\":\"Fraternidade - Miss\u00f5es Humanit\u00e1rias Internacionais\"},\"image\":{\"@id\":\"https:\/\/www.missoeshumanitarias.org\/es\/#\/schema\/logo\/image\/\"}},{\"@type\":\"Person\",\"@id\":\"https:\/\/www.missoeshumanitarias.org\/es\/#\/schema\/person\/e0f8527323154d1eba9f9d9eb6b401f7\",\"name\":\"maducato_admin\",\"image\":{\"@type\":\"ImageObject\",\"inLanguage\":\"es\",\"@id\":\"https:\/\/www.missoeshumanitarias.org\/es\/#\/schema\/person\/image\/\",\"url\":\"https:\/\/secure.gravatar.com\/avatar\/6c3b45186a8f5a459d8e14c7fca370bceae92402bc06171d75e4e559b6c24393?s=96&d=mm&r=g\",\"contentUrl\":\"https:\/\/secure.gravatar.com\/avatar\/6c3b45186a8f5a459d8e14c7fca370bceae92402bc06171d75e4e559b6c24393?s=96&d=mm&r=g\",\"caption\":\"maducato_admin\"}}]}<\/script>\n<!-- \/ Yoast SEO Premium plugin. -->","yoast_head_json":{"title":"Grupo en Misi\u00f3n en el Medio Oriente atender\u00e1 a refugiados en toda Turqu\u00eda - Fraternidade Miss\u00f5es Humanit\u00e1rias Internacionais","robots":{"index":"index","follow":"follow","max-snippet":"max-snippet:-1","max-image-preview":"max-image-preview:large","max-video-preview":"max-video-preview:-1"},"canonical":"https:\/\/www.missoeshumanitarias.org\/es\/grupo-en-mision-en-el-medio-oriente-atendera-a-refugiados-en-toda-turquia\/","og_locale":"es_ES","og_type":"article","og_title":"Grupo en Misi\u00f3n en el Medio Oriente atender\u00e1 a refugiados en toda Turqu\u00eda","og_description":"El grupo de Misioneros de la Fraternidade &#8211; Federaci\u00f3n Humanitaria Internacional trabajar\u00e1 con los refugiados sirios que est\u00e1n fuera de los campos de refugiados y distribuidos por todo el territorio de Turqu\u00eda. El nuevo direccionamiento de la Misi\u00f3n se produce despu\u00e9s de que el gobierno turco haya negado la autorizaci\u00f3n para el ingreso del grupo [&hellip;]","og_url":"https:\/\/www.missoeshumanitarias.org\/es\/grupo-en-mision-en-el-medio-oriente-atendera-a-refugiados-en-toda-turquia\/","og_site_name":"Fraternidade Miss\u00f5es Humanit\u00e1rias Internacionais","article_published_time":"2016-01-23T19:06:58+00:00","article_modified_time":"2021-11-14T16:38:09+00:00","og_image":[{"width":700,"height":394,"url":"https:\/\/www.missoeshumanitarias.org\/wp-content\/uploads\/2021\/08\/Retorno-do-Embaixada.jpeg","type":"image\/jpeg"}],"author":"maducato_admin","twitter_card":"summary_large_image","twitter_misc":{"Escrito por":"maducato_admin","Tiempo de lectura":"2 minutos"},"schema":{"@context":"https:\/\/schema.org","@graph":[{"@type":"Article","@id":"https:\/\/www.missoeshumanitarias.org\/es\/grupo-en-mision-en-el-medio-oriente-atendera-a-refugiados-en-toda-turquia\/#article","isPartOf":{"@id":"https:\/\/www.missoeshumanitarias.org\/es\/grupo-en-mision-en-el-medio-oriente-atendera-a-refugiados-en-toda-turquia\/"},"author":{"name":"maducato_admin","@id":"https:\/\/www.missoeshumanitarias.org\/es\/#\/schema\/person\/e0f8527323154d1eba9f9d9eb6b401f7"},"headline":"Grupo en Misi\u00f3n en el Medio Oriente atender\u00e1 a refugiados en toda Turqu\u00eda","datePublished":"2016-01-23T19:06:58+00:00","dateModified":"2021-11-14T16:38:09+00:00","mainEntityOfPage":{"@id":"https:\/\/www.missoeshumanitarias.org\/es\/grupo-en-mision-en-el-medio-oriente-atendera-a-refugiados-en-toda-turquia\/"},"wordCount":216,"commentCount":0,"publisher":{"@id":"https:\/\/www.missoeshumanitarias.org\/es\/#organization"},"image":{"@id":"https:\/\/www.missoeshumanitarias.org\/es\/grupo-en-mision-en-el-medio-oriente-atendera-a-refugiados-en-toda-turquia\/#primaryimage"},"thumbnailUrl":"https:\/\/www.missoeshumanitarias.org\/wp-content\/uploads\/2021\/08\/Retorno-do-Embaixada.jpeg","articleSection":["Noticias","Noticias de las Misiones"],"inLanguage":"es","potentialAction":[{"@type":"CommentAction","name":"Comment","target":["https:\/\/www.missoeshumanitarias.org\/es\/grupo-en-mision-en-el-medio-oriente-atendera-a-refugiados-en-toda-turquia\/#respond"]}]},{"@type":"WebPage","@id":"https:\/\/www.missoeshumanitarias.org\/es\/grupo-en-mision-en-el-medio-oriente-atendera-a-refugiados-en-toda-turquia\/","url":"https:\/\/www.missoeshumanitarias.org\/es\/grupo-en-mision-en-el-medio-oriente-atendera-a-refugiados-en-toda-turquia\/","name":"Grupo en Misi\u00f3n en el Medio Oriente atender\u00e1 a refugiados en toda Turqu\u00eda - Fraternidade Miss\u00f5es Humanit\u00e1rias Internacionais","isPartOf":{"@id":"https:\/\/www.missoeshumanitarias.org\/es\/#website"},"primaryImageOfPage":{"@id":"https:\/\/www.missoeshumanitarias.org\/es\/grupo-en-mision-en-el-medio-oriente-atendera-a-refugiados-en-toda-turquia\/#primaryimage"},"image":{"@id":"https:\/\/www.missoeshumanitarias.org\/es\/grupo-en-mision-en-el-medio-oriente-atendera-a-refugiados-en-toda-turquia\/#primaryimage"},"thumbnailUrl":"https:\/\/www.missoeshumanitarias.org\/wp-content\/uploads\/2021\/08\/Retorno-do-Embaixada.jpeg","datePublished":"2016-01-23T19:06:58+00:00","dateModified":"2021-11-14T16:38:09+00:00","breadcrumb":{"@id":"https:\/\/www.missoeshumanitarias.org\/es\/grupo-en-mision-en-el-medio-oriente-atendera-a-refugiados-en-toda-turquia\/#breadcrumb"},"inLanguage":"es","potentialAction":[{"@type":"ReadAction","target":["https:\/\/www.missoeshumanitarias.org\/es\/grupo-en-mision-en-el-medio-oriente-atendera-a-refugiados-en-toda-turquia\/"]}]},{"@type":"ImageObject","inLanguage":"es","@id":"https:\/\/www.missoeshumanitarias.org\/es\/grupo-en-mision-en-el-medio-oriente-atendera-a-refugiados-en-toda-turquia\/#primaryimage","url":"https:\/\/www.missoeshumanitarias.org\/wp-content\/uploads\/2021\/08\/Retorno-do-Embaixada.jpeg","contentUrl":"https:\/\/www.missoeshumanitarias.org\/wp-content\/uploads\/2021\/08\/Retorno-do-Embaixada.jpeg","width":700,"height":394},{"@type":"BreadcrumbList","@id":"https:\/\/www.missoeshumanitarias.org\/es\/grupo-en-mision-en-el-medio-oriente-atendera-a-refugiados-en-toda-turquia\/#breadcrumb","itemListElement":[{"@type":"ListItem","position":1,"name":"Home","item":"https:\/\/www.missoeshumanitarias.org\/en\/"},{"@type":"ListItem","position":2,"name":"Grupo en Misi\u00f3n en el Medio Oriente atender\u00e1 a refugiados en toda Turqu\u00eda"}]},{"@type":"WebSite","@id":"https:\/\/www.missoeshumanitarias.org\/es\/#website","url":"https:\/\/www.missoeshumanitarias.org\/es\/","name":"Fraternidade Miss\u00f5es Humanit\u00e1rias Internacionais","description":"Respostas Humanit\u00e1rias e Emerg\u00eancias","publisher":{"@id":"https:\/\/www.missoeshumanitarias.org\/es\/#organization"},"potentialAction":[{"@type":"SearchAction","target":{"@type":"EntryPoint","urlTemplate":"https:\/\/www.missoeshumanitarias.org\/es\/?s={search_term_string}"},"query-input":"required name=search_term_string"}],"inLanguage":"es"},{"@type":"Organization","@id":"https:\/\/www.missoeshumanitarias.org\/es\/#organization","name":"Fraternidade - Miss\u00f5es Humanit\u00e1rias Internacionais","url":"https:\/\/www.missoeshumanitarias.org\/es\/","logo":{"@type":"ImageObject","inLanguage":"es","@id":"https:\/\/www.missoeshumanitarias.org\/es\/#\/schema\/logo\/image\/","url":"https:\/\/www.missoeshumanitarias.org\/wp-content\/uploads\/2020\/05\/logo-FMHI-mg.png","contentUrl":"https:\/\/www.missoeshumanitarias.org\/wp-content\/uploads\/2020\/05\/logo-FMHI-mg.png","width":520,"height":134,"caption":"Fraternidade - Miss\u00f5es Humanit\u00e1rias Internacionais"},"image":{"@id":"https:\/\/www.missoeshumanitarias.org\/es\/#\/schema\/logo\/image\/"}},{"@type":"Person","@id":"https:\/\/www.missoeshumanitarias.org\/es\/#\/schema\/person\/e0f8527323154d1eba9f9d9eb6b401f7","name":"maducato_admin","image":{"@type":"ImageObject","inLanguage":"es","@id":"https:\/\/www.missoeshumanitarias.org\/es\/#\/schema\/person\/image\/","url":"https:\/\/secure.gravatar.com\/avatar\/6c3b45186a8f5a459d8e14c7fca370bceae92402bc06171d75e4e559b6c24393?s=96&d=mm&r=g","contentUrl":"https:\/\/secure.gravatar.com\/avatar\/6c3b45186a8f5a459d8e14c7fca370bceae92402bc06171d75e4e559b6c24393?s=96&d=mm&r=g","caption":"maducato_admin"}}]}},"_links":{"self":[{"href":"https:\/\/www.missoeshumanitarias.org\/es\/wp-json\/wp\/v2\/posts\/131447","targetHints":{"allow":["GET"]}}],"collection":[{"href":"https:\/\/www.missoeshumanitarias.org\/es\/wp-json\/wp\/v2\/posts"}],"about":[{"href":"https:\/\/www.missoeshumanitarias.org\/es\/wp-json\/wp\/v2\/types\/post"}],"author":[{"embeddable":true,"href":"https:\/\/www.missoeshumanitarias.org\/es\/wp-json\/wp\/v2\/users\/1"}],"replies":[{"embeddable":true,"href":"https:\/\/www.missoeshumanitarias.org\/es\/wp-json\/wp\/v2\/comments?post=131447"}],"version-history":[{"count":0,"href":"https:\/\/www.missoeshumanitarias.org\/es\/wp-json\/wp\/v2\/posts\/131447\/revisions"}],"wp:featuredmedia":[{"embeddable":true,"href":"https:\/\/www.missoeshumanitarias.org\/es\/wp-json\/wp\/v2\/media\/130780"}],"wp:attachment":[{"href":"https:\/\/www.missoeshumanitarias.org\/es\/wp-json\/wp\/v2\/media?parent=131447"}],"wp:term":[{"taxonomy":"category","embeddable":true,"href":"https:\/\/www.missoeshumanitarias.org\/es\/wp-json\/wp\/v2\/categories?post=131447"},{"taxonomy":"post_tag","embeddable":true,"href":"https:\/\/www.missoeshumanitarias.org\/es\/wp-json\/wp\/v2\/tags?post=131447"}],"curies":[{"name":"wp","href":"https:\/\/api.w.org\/{rel}","templated":true}]}}