{"id":131462,"date":"2016-01-31T00:53:03","date_gmt":"2016-01-31T02:53:03","guid":{"rendered":"https:\/\/www.missoeshumanitarias.org\/diario-de-la-mision-chaco-30-01\/"},"modified":"2016-01-31T00:53:03","modified_gmt":"2016-01-31T02:53:03","slug":"diario-de-la-mision-chaco-30-01","status":"publish","type":"post","link":"https:\/\/www.missoeshumanitarias.org\/es\/diario-de-la-mision-chaco-30-01\/","title":{"rendered":"Diario de la Misi\u00f3n Chaco \u2013 30\/01"},"content":{"rendered":"<p>30\/01<\/p>\n<p><span id=\"result_box\" class=\"\" lang=\"es\"><span class=\"hps\">Debido a<\/span> <span class=\"hps\">las fuertes lluvias en<\/span> <span class=\"hps\">la regi\u00f3n<\/span>, el grupo <span class=\"hps\">permanece en<\/span> <span class=\"hps\">oraci\u00f3n en<\/span> <span class=\"hps\">la casa de retiro<\/span> <span class=\"hps\">en la ciudad de<\/span> <span class=\"hps\">Resistencia.<\/span><\/span><\/p>\n<p><span id=\"result_box\" class=\"\" lang=\"es\"><span class=\"hps\">Los ni\u00f1os de<\/span> <span class=\"hps\">las comunidades ind\u00edgenas<\/span> <span class=\"hps\">del Chaco<\/span>, <span class=\"hps\">cada vez m\u00e1s<\/span> <span class=\"hps\">presentes en<\/span> <span class=\"hps\">las<\/span> <span class=\"hps\">actividades de la Misi\u00f3n<\/span>.<\/span><\/p>\n<p><a href=\"http:\/\/www.fraterinternacional.org\/wp-content\/uploads\/2016\/01\/missao_chaco_criancas1.jpg\"><img fetchpriority=\"high\" decoding=\"async\" class=\"alignnone size-medium wp-image-26933\" src=\"https:\/\/www.missoeshumanitarias.org\/wp-content\/uploads\/2021\/08\/missao_chaco_criancas1-300x169-1.jpg\" alt=\"missao_chaco_criancas1\" width=\"300\" height=\"169\" \/><\/a>\u00a0 \u00a0\u00a0<a href=\"http:\/\/www.fraterinternacional.org\/wp-content\/uploads\/2016\/01\/missao_chaco_criancas2.jpg\"><img decoding=\"async\" class=\"alignnone size-medium wp-image-26936\" src=\"https:\/\/www.missoeshumanitarias.org\/wp-content\/uploads\/2021\/08\/missao_chaco_criancas2-300x169-1.jpg\" alt=\"missao_chaco_criancas2\" width=\"300\" height=\"169\" \/><\/a><\/p>\n<p><a href=\"http:\/\/www.fraterinternacional.org\/wp-content\/uploads\/2016\/01\/missao_chaco_criancas4.jpg\"><img decoding=\"async\" class=\"alignnone size-medium wp-image-26939\" src=\"https:\/\/www.missoeshumanitarias.org\/wp-content\/uploads\/2021\/08\/missao_chaco_criancas4-300x169-1.jpg\" alt=\"missao_chaco_criancas4\" width=\"300\" height=\"169\" \/><\/a>\u00a0 \u00a0\u00a0<a href=\"http:\/\/www.fraterinternacional.org\/wp-content\/uploads\/2016\/01\/missao_chaco_criancas5.jpg\"><img loading=\"lazy\" decoding=\"async\" class=\"alignnone size-medium wp-image-26942\" src=\"https:\/\/www.missoeshumanitarias.org\/wp-content\/uploads\/2021\/08\/missao_chaco_criancas5-300x169-1.jpg\" alt=\"missao_chaco_criancas5\" width=\"300\" height=\"169\" \/><\/a><\/p>\n","protected":false},"excerpt":{"rendered":"<p>30\/01 Debido a las fuertes lluvias en la regi\u00f3n, el grupo permanece en oraci\u00f3n en la casa de retiro en la ciudad de Resistencia. Los ni\u00f1os de las comunidades ind\u00edgenas del Chaco, cada vez m\u00e1s presentes en las actividades de la Misi\u00f3n. \u00a0 \u00a0\u00a0 \u00a0 \u00a0\u00a0<\/p>\n","protected":false},"author":1,"featured_media":119726,"comment_status":"open","ping_status":"open","sticky":false,"template":"","format":"standard","meta":{"footnotes":""},"categories":[43,131],"tags":[],"class_list":["post-131462","post","type-post","status-publish","format-standard","has-post-thumbnail","hentry","category-noticias-es","category-noticias-de-las-misiones"],"featured_image_src":"https:\/\/www.missoeshumanitarias.org\/wp-content\/uploads\/2021\/08\/missao_chaco_criancas1-300x169-1.jpg","author_info":{"display_name":"maducato_admin","author_link":"https:\/\/www.missoeshumanitarias.org\/es\/author\/maducato_admin\/"},"yoast_head":"<!-- This site is optimized with the Yoast SEO Premium plugin v22.5 (Yoast SEO v22.5) - https:\/\/yoast.com\/wordpress\/plugins\/seo\/ -->\n<title>Diario de la Misi\u00f3n Chaco \u2013 30\/01 - Fraternidade Miss\u00f5es Humanit\u00e1rias Internacionais<\/title>\n<meta name=\"robots\" content=\"index, follow, max-snippet:-1, max-image-preview:large, max-video-preview:-1\" \/>\n<link rel=\"canonical\" href=\"https:\/\/www.missoeshumanitarias.org\/es\/diario-de-la-mision-chaco-30-01\/\" \/>\n<meta property=\"og:locale\" content=\"es_ES\" \/>\n<meta property=\"og:type\" content=\"article\" \/>\n<meta property=\"og:title\" content=\"Diario de la Misi\u00f3n Chaco \u2013 30\/01\" \/>\n<meta property=\"og:description\" content=\"30\/01 Debido a las fuertes lluvias en la regi\u00f3n, el grupo permanece en oraci\u00f3n en la casa de retiro en la ciudad de Resistencia. Los ni\u00f1os de las comunidades ind\u00edgenas del Chaco, cada vez m\u00e1s presentes en las actividades de la Misi\u00f3n. \u00a0 \u00a0\u00a0 \u00a0 \u00a0\u00a0\" \/>\n<meta property=\"og:url\" content=\"https:\/\/www.missoeshumanitarias.org\/es\/diario-de-la-mision-chaco-30-01\/\" \/>\n<meta property=\"og:site_name\" content=\"Fraternidade Miss\u00f5es Humanit\u00e1rias Internacionais\" \/>\n<meta property=\"article:published_time\" content=\"2016-01-31T02:53:03+00:00\" \/>\n<meta property=\"og:image\" content=\"https:\/\/www.missoeshumanitarias.org\/wp-content\/uploads\/2021\/08\/missao_chaco_criancas1-300x169-1.jpg\" \/>\n\t<meta property=\"og:image:width\" content=\"300\" \/>\n\t<meta property=\"og:image:height\" content=\"169\" \/>\n\t<meta property=\"og:image:type\" content=\"image\/jpeg\" \/>\n<meta name=\"author\" content=\"maducato_admin\" \/>\n<meta name=\"twitter:card\" content=\"summary_large_image\" \/>\n<meta name=\"twitter:label1\" content=\"Escrito por\" \/>\n\t<meta name=\"twitter:data1\" content=\"maducato_admin\" \/>\n<script type=\"application\/ld+json\" class=\"yoast-schema-graph\">{\"@context\":\"https:\/\/schema.org\",\"@graph\":[{\"@type\":\"Article\",\"@id\":\"https:\/\/www.missoeshumanitarias.org\/es\/diario-de-la-mision-chaco-30-01\/#article\",\"isPartOf\":{\"@id\":\"https:\/\/www.missoeshumanitarias.org\/es\/diario-de-la-mision-chaco-30-01\/\"},\"author\":{\"name\":\"maducato_admin\",\"@id\":\"https:\/\/www.missoeshumanitarias.org\/es\/#\/schema\/person\/e0f8527323154d1eba9f9d9eb6b401f7\"},\"headline\":\"Diario de la Misi\u00f3n Chaco \u2013 30\/01\",\"datePublished\":\"2016-01-31T02:53:03+00:00\",\"dateModified\":\"2016-01-31T02:53:03+00:00\",\"mainEntityOfPage\":{\"@id\":\"https:\/\/www.missoeshumanitarias.org\/es\/diario-de-la-mision-chaco-30-01\/\"},\"wordCount\":53,\"commentCount\":0,\"publisher\":{\"@id\":\"https:\/\/www.missoeshumanitarias.org\/es\/#organization\"},\"image\":{\"@id\":\"https:\/\/www.missoeshumanitarias.org\/es\/diario-de-la-mision-chaco-30-01\/#primaryimage\"},\"thumbnailUrl\":\"https:\/\/www.missoeshumanitarias.org\/wp-content\/uploads\/2021\/08\/missao_chaco_criancas1-300x169-1.jpg\",\"articleSection\":[\"Noticias\",\"Noticias de las Misiones\"],\"inLanguage\":\"es\",\"potentialAction\":[{\"@type\":\"CommentAction\",\"name\":\"Comment\",\"target\":[\"https:\/\/www.missoeshumanitarias.org\/es\/diario-de-la-mision-chaco-30-01\/#respond\"]}]},{\"@type\":\"WebPage\",\"@id\":\"https:\/\/www.missoeshumanitarias.org\/es\/diario-de-la-mision-chaco-30-01\/\",\"url\":\"https:\/\/www.missoeshumanitarias.org\/es\/diario-de-la-mision-chaco-30-01\/\",\"name\":\"Diario de la Misi\u00f3n Chaco \u2013 30\/01 - Fraternidade Miss\u00f5es Humanit\u00e1rias Internacionais\",\"isPartOf\":{\"@id\":\"https:\/\/www.missoeshumanitarias.org\/es\/#website\"},\"primaryImageOfPage\":{\"@id\":\"https:\/\/www.missoeshumanitarias.org\/es\/diario-de-la-mision-chaco-30-01\/#primaryimage\"},\"image\":{\"@id\":\"https:\/\/www.missoeshumanitarias.org\/es\/diario-de-la-mision-chaco-30-01\/#primaryimage\"},\"thumbnailUrl\":\"https:\/\/www.missoeshumanitarias.org\/wp-content\/uploads\/2021\/08\/missao_chaco_criancas1-300x169-1.jpg\",\"datePublished\":\"2016-01-31T02:53:03+00:00\",\"dateModified\":\"2016-01-31T02:53:03+00:00\",\"breadcrumb\":{\"@id\":\"https:\/\/www.missoeshumanitarias.org\/es\/diario-de-la-mision-chaco-30-01\/#breadcrumb\"},\"inLanguage\":\"es\",\"potentialAction\":[{\"@type\":\"ReadAction\",\"target\":[\"https:\/\/www.missoeshumanitarias.org\/es\/diario-de-la-mision-chaco-30-01\/\"]}]},{\"@type\":\"ImageObject\",\"inLanguage\":\"es\",\"@id\":\"https:\/\/www.missoeshumanitarias.org\/es\/diario-de-la-mision-chaco-30-01\/#primaryimage\",\"url\":\"https:\/\/www.missoeshumanitarias.org\/wp-content\/uploads\/2021\/08\/missao_chaco_criancas1-300x169-1.jpg\",\"contentUrl\":\"https:\/\/www.missoeshumanitarias.org\/wp-content\/uploads\/2021\/08\/missao_chaco_criancas1-300x169-1.jpg\",\"width\":300,\"height\":169},{\"@type\":\"BreadcrumbList\",\"@id\":\"https:\/\/www.missoeshumanitarias.org\/es\/diario-de-la-mision-chaco-30-01\/#breadcrumb\",\"itemListElement\":[{\"@type\":\"ListItem\",\"position\":1,\"name\":\"Home\",\"item\":\"https:\/\/www.missoeshumanitarias.org\/en\/\"},{\"@type\":\"ListItem\",\"position\":2,\"name\":\"Diario de la Misi\u00f3n Chaco \u2013 30\/01\"}]},{\"@type\":\"WebSite\",\"@id\":\"https:\/\/www.missoeshumanitarias.org\/es\/#website\",\"url\":\"https:\/\/www.missoeshumanitarias.org\/es\/\",\"name\":\"Fraternidade Miss\u00f5es Humanit\u00e1rias Internacionais\",\"description\":\"Respostas Humanit\u00e1rias e Emerg\u00eancias\",\"publisher\":{\"@id\":\"https:\/\/www.missoeshumanitarias.org\/es\/#organization\"},\"potentialAction\":[{\"@type\":\"SearchAction\",\"target\":{\"@type\":\"EntryPoint\",\"urlTemplate\":\"https:\/\/www.missoeshumanitarias.org\/es\/?s={search_term_string}\"},\"query-input\":\"required name=search_term_string\"}],\"inLanguage\":\"es\"},{\"@type\":\"Organization\",\"@id\":\"https:\/\/www.missoeshumanitarias.org\/es\/#organization\",\"name\":\"Fraternidade - Miss\u00f5es Humanit\u00e1rias Internacionais\",\"url\":\"https:\/\/www.missoeshumanitarias.org\/es\/\",\"logo\":{\"@type\":\"ImageObject\",\"inLanguage\":\"es\",\"@id\":\"https:\/\/www.missoeshumanitarias.org\/es\/#\/schema\/logo\/image\/\",\"url\":\"https:\/\/www.missoeshumanitarias.org\/wp-content\/uploads\/2020\/05\/logo-FMHI-mg.png\",\"contentUrl\":\"https:\/\/www.missoeshumanitarias.org\/wp-content\/uploads\/2020\/05\/logo-FMHI-mg.png\",\"width\":520,\"height\":134,\"caption\":\"Fraternidade - Miss\u00f5es Humanit\u00e1rias Internacionais\"},\"image\":{\"@id\":\"https:\/\/www.missoeshumanitarias.org\/es\/#\/schema\/logo\/image\/\"}},{\"@type\":\"Person\",\"@id\":\"https:\/\/www.missoeshumanitarias.org\/es\/#\/schema\/person\/e0f8527323154d1eba9f9d9eb6b401f7\",\"name\":\"maducato_admin\",\"image\":{\"@type\":\"ImageObject\",\"inLanguage\":\"es\",\"@id\":\"https:\/\/www.missoeshumanitarias.org\/es\/#\/schema\/person\/image\/\",\"url\":\"https:\/\/secure.gravatar.com\/avatar\/6c3b45186a8f5a459d8e14c7fca370bceae92402bc06171d75e4e559b6c24393?s=96&d=mm&r=g\",\"contentUrl\":\"https:\/\/secure.gravatar.com\/avatar\/6c3b45186a8f5a459d8e14c7fca370bceae92402bc06171d75e4e559b6c24393?s=96&d=mm&r=g\",\"caption\":\"maducato_admin\"}}]}<\/script>\n<!-- \/ Yoast SEO Premium plugin. -->","yoast_head_json":{"title":"Diario de la Misi\u00f3n Chaco \u2013 30\/01 - Fraternidade Miss\u00f5es Humanit\u00e1rias Internacionais","robots":{"index":"index","follow":"follow","max-snippet":"max-snippet:-1","max-image-preview":"max-image-preview:large","max-video-preview":"max-video-preview:-1"},"canonical":"https:\/\/www.missoeshumanitarias.org\/es\/diario-de-la-mision-chaco-30-01\/","og_locale":"es_ES","og_type":"article","og_title":"Diario de la Misi\u00f3n Chaco \u2013 30\/01","og_description":"30\/01 Debido a las fuertes lluvias en la regi\u00f3n, el grupo permanece en oraci\u00f3n en la casa de retiro en la ciudad de Resistencia. Los ni\u00f1os de las comunidades ind\u00edgenas del Chaco, cada vez m\u00e1s presentes en las actividades de la Misi\u00f3n. \u00a0 \u00a0\u00a0 \u00a0 \u00a0\u00a0","og_url":"https:\/\/www.missoeshumanitarias.org\/es\/diario-de-la-mision-chaco-30-01\/","og_site_name":"Fraternidade Miss\u00f5es Humanit\u00e1rias Internacionais","article_published_time":"2016-01-31T02:53:03+00:00","og_image":[{"width":300,"height":169,"url":"https:\/\/www.missoeshumanitarias.org\/wp-content\/uploads\/2021\/08\/missao_chaco_criancas1-300x169-1.jpg","type":"image\/jpeg"}],"author":"maducato_admin","twitter_card":"summary_large_image","twitter_misc":{"Escrito por":"maducato_admin"},"schema":{"@context":"https:\/\/schema.org","@graph":[{"@type":"Article","@id":"https:\/\/www.missoeshumanitarias.org\/es\/diario-de-la-mision-chaco-30-01\/#article","isPartOf":{"@id":"https:\/\/www.missoeshumanitarias.org\/es\/diario-de-la-mision-chaco-30-01\/"},"author":{"name":"maducato_admin","@id":"https:\/\/www.missoeshumanitarias.org\/es\/#\/schema\/person\/e0f8527323154d1eba9f9d9eb6b401f7"},"headline":"Diario de la Misi\u00f3n Chaco \u2013 30\/01","datePublished":"2016-01-31T02:53:03+00:00","dateModified":"2016-01-31T02:53:03+00:00","mainEntityOfPage":{"@id":"https:\/\/www.missoeshumanitarias.org\/es\/diario-de-la-mision-chaco-30-01\/"},"wordCount":53,"commentCount":0,"publisher":{"@id":"https:\/\/www.missoeshumanitarias.org\/es\/#organization"},"image":{"@id":"https:\/\/www.missoeshumanitarias.org\/es\/diario-de-la-mision-chaco-30-01\/#primaryimage"},"thumbnailUrl":"https:\/\/www.missoeshumanitarias.org\/wp-content\/uploads\/2021\/08\/missao_chaco_criancas1-300x169-1.jpg","articleSection":["Noticias","Noticias de las Misiones"],"inLanguage":"es","potentialAction":[{"@type":"CommentAction","name":"Comment","target":["https:\/\/www.missoeshumanitarias.org\/es\/diario-de-la-mision-chaco-30-01\/#respond"]}]},{"@type":"WebPage","@id":"https:\/\/www.missoeshumanitarias.org\/es\/diario-de-la-mision-chaco-30-01\/","url":"https:\/\/www.missoeshumanitarias.org\/es\/diario-de-la-mision-chaco-30-01\/","name":"Diario de la Misi\u00f3n Chaco \u2013 30\/01 - Fraternidade Miss\u00f5es Humanit\u00e1rias Internacionais","isPartOf":{"@id":"https:\/\/www.missoeshumanitarias.org\/es\/#website"},"primaryImageOfPage":{"@id":"https:\/\/www.missoeshumanitarias.org\/es\/diario-de-la-mision-chaco-30-01\/#primaryimage"},"image":{"@id":"https:\/\/www.missoeshumanitarias.org\/es\/diario-de-la-mision-chaco-30-01\/#primaryimage"},"thumbnailUrl":"https:\/\/www.missoeshumanitarias.org\/wp-content\/uploads\/2021\/08\/missao_chaco_criancas1-300x169-1.jpg","datePublished":"2016-01-31T02:53:03+00:00","dateModified":"2016-01-31T02:53:03+00:00","breadcrumb":{"@id":"https:\/\/www.missoeshumanitarias.org\/es\/diario-de-la-mision-chaco-30-01\/#breadcrumb"},"inLanguage":"es","potentialAction":[{"@type":"ReadAction","target":["https:\/\/www.missoeshumanitarias.org\/es\/diario-de-la-mision-chaco-30-01\/"]}]},{"@type":"ImageObject","inLanguage":"es","@id":"https:\/\/www.missoeshumanitarias.org\/es\/diario-de-la-mision-chaco-30-01\/#primaryimage","url":"https:\/\/www.missoeshumanitarias.org\/wp-content\/uploads\/2021\/08\/missao_chaco_criancas1-300x169-1.jpg","contentUrl":"https:\/\/www.missoeshumanitarias.org\/wp-content\/uploads\/2021\/08\/missao_chaco_criancas1-300x169-1.jpg","width":300,"height":169},{"@type":"BreadcrumbList","@id":"https:\/\/www.missoeshumanitarias.org\/es\/diario-de-la-mision-chaco-30-01\/#breadcrumb","itemListElement":[{"@type":"ListItem","position":1,"name":"Home","item":"https:\/\/www.missoeshumanitarias.org\/en\/"},{"@type":"ListItem","position":2,"name":"Diario de la Misi\u00f3n Chaco \u2013 30\/01"}]},{"@type":"WebSite","@id":"https:\/\/www.missoeshumanitarias.org\/es\/#website","url":"https:\/\/www.missoeshumanitarias.org\/es\/","name":"Fraternidade Miss\u00f5es Humanit\u00e1rias Internacionais","description":"Respostas Humanit\u00e1rias e Emerg\u00eancias","publisher":{"@id":"https:\/\/www.missoeshumanitarias.org\/es\/#organization"},"potentialAction":[{"@type":"SearchAction","target":{"@type":"EntryPoint","urlTemplate":"https:\/\/www.missoeshumanitarias.org\/es\/?s={search_term_string}"},"query-input":"required name=search_term_string"}],"inLanguage":"es"},{"@type":"Organization","@id":"https:\/\/www.missoeshumanitarias.org\/es\/#organization","name":"Fraternidade - Miss\u00f5es Humanit\u00e1rias Internacionais","url":"https:\/\/www.missoeshumanitarias.org\/es\/","logo":{"@type":"ImageObject","inLanguage":"es","@id":"https:\/\/www.missoeshumanitarias.org\/es\/#\/schema\/logo\/image\/","url":"https:\/\/www.missoeshumanitarias.org\/wp-content\/uploads\/2020\/05\/logo-FMHI-mg.png","contentUrl":"https:\/\/www.missoeshumanitarias.org\/wp-content\/uploads\/2020\/05\/logo-FMHI-mg.png","width":520,"height":134,"caption":"Fraternidade - Miss\u00f5es Humanit\u00e1rias Internacionais"},"image":{"@id":"https:\/\/www.missoeshumanitarias.org\/es\/#\/schema\/logo\/image\/"}},{"@type":"Person","@id":"https:\/\/www.missoeshumanitarias.org\/es\/#\/schema\/person\/e0f8527323154d1eba9f9d9eb6b401f7","name":"maducato_admin","image":{"@type":"ImageObject","inLanguage":"es","@id":"https:\/\/www.missoeshumanitarias.org\/es\/#\/schema\/person\/image\/","url":"https:\/\/secure.gravatar.com\/avatar\/6c3b45186a8f5a459d8e14c7fca370bceae92402bc06171d75e4e559b6c24393?s=96&d=mm&r=g","contentUrl":"https:\/\/secure.gravatar.com\/avatar\/6c3b45186a8f5a459d8e14c7fca370bceae92402bc06171d75e4e559b6c24393?s=96&d=mm&r=g","caption":"maducato_admin"}}]}},"_links":{"self":[{"href":"https:\/\/www.missoeshumanitarias.org\/es\/wp-json\/wp\/v2\/posts\/131462","targetHints":{"allow":["GET"]}}],"collection":[{"href":"https:\/\/www.missoeshumanitarias.org\/es\/wp-json\/wp\/v2\/posts"}],"about":[{"href":"https:\/\/www.missoeshumanitarias.org\/es\/wp-json\/wp\/v2\/types\/post"}],"author":[{"embeddable":true,"href":"https:\/\/www.missoeshumanitarias.org\/es\/wp-json\/wp\/v2\/users\/1"}],"replies":[{"embeddable":true,"href":"https:\/\/www.missoeshumanitarias.org\/es\/wp-json\/wp\/v2\/comments?post=131462"}],"version-history":[{"count":0,"href":"https:\/\/www.missoeshumanitarias.org\/es\/wp-json\/wp\/v2\/posts\/131462\/revisions"}],"wp:featuredmedia":[{"embeddable":true,"href":"https:\/\/www.missoeshumanitarias.org\/es\/wp-json\/wp\/v2\/media\/119726"}],"wp:attachment":[{"href":"https:\/\/www.missoeshumanitarias.org\/es\/wp-json\/wp\/v2\/media?parent=131462"}],"wp:term":[{"taxonomy":"category","embeddable":true,"href":"https:\/\/www.missoeshumanitarias.org\/es\/wp-json\/wp\/v2\/categories?post=131462"},{"taxonomy":"post_tag","embeddable":true,"href":"https:\/\/www.missoeshumanitarias.org\/es\/wp-json\/wp\/v2\/tags?post=131462"}],"curies":[{"name":"wp","href":"https:\/\/api.w.org\/{rel}","templated":true}]}}