{"id":131489,"date":"2016-02-18T23:53:44","date_gmt":"2016-02-19T01:53:44","guid":{"rendered":"https:\/\/www.missoeshumanitarias.org\/misioneros-diario-de-la-mision-medio-oriente-15-02\/"},"modified":"2016-02-18T23:53:44","modified_gmt":"2016-02-19T01:53:44","slug":"misioneros-diario-de-la-mision-medio-oriente-15-02","status":"publish","type":"post","link":"https:\/\/www.missoeshumanitarias.org\/es\/misioneros-diario-de-la-mision-medio-oriente-15-02\/","title":{"rendered":"Misioneros &#8211; Diario de la Misi\u00f3n Medio Oriente &#8211; 15\/02"},"content":{"rendered":"<p style=\"text-align: justify;\"><a href=\"http:\/\/www.fraterinternacional.org\/wp-content\/uploads\/2016\/02\/Missao_Oriente_atendimento2.jpeg\" rel=\"attachment wp-att-13140\"><img fetchpriority=\"high\" decoding=\"async\" class=\"size-medium wp-image-13140 alignleft\" src=\"https:\/\/www.missoeshumanitarias.org\/wp-content\/uploads\/2021\/08\/Missao_Oriente_atendimento2-224x300-1.jpeg\" alt=\"Missao_Oriente_atendimento2\" width=\"224\" height=\"300\" \/><\/a>15\/02<\/p>\n<p style=\"text-align: justify;\">Los Misioneros prestan asistencia terap\u00e9utica a refugiados de Ir\u00e1n, Irak y Sud\u00e1n, en la oficina de la ASAM, en la ciudad de Ankara.<\/p>\n<p style=\"text-align: justify;\">Mientras los padres son atendidos, parte del grupo trabaja con los ni\u00f1os.<\/p>\n<p style=\"text-align: justify;\">Los Misioneros escuchan historias de muchas familias que tuvieron que abandonar sus pa\u00edses de forma tr\u00e1gica.<\/p>\n<p style=\"text-align: justify;\"><a href=\"http:\/\/www.fraterinternacional.org\/wp-content\/uploads\/2016\/02\/Missao_Oriente_atendimento3.jpeg\" rel=\"attachment wp-att-13137\"><img decoding=\"async\" class=\"alignnone size-medium wp-image-13137\" src=\"https:\/\/www.missoeshumanitarias.org\/wp-content\/uploads\/2021\/08\/Missao_Oriente_atendimento3-300x169-1.jpeg\" alt=\"Missao_Oriente_atendimento3\" width=\"300\" height=\"169\" \/><\/a><\/p>\n","protected":false},"excerpt":{"rendered":"<p>15\/02 Los Misioneros prestan asistencia terap\u00e9utica a refugiados de Ir\u00e1n, Irak y Sud\u00e1n, en la oficina de la ASAM, en la ciudad de Ankara. Mientras los padres son atendidos, parte del grupo trabaja con los ni\u00f1os. Los Misioneros escuchan historias de muchas familias que tuvieron que abandonar sus pa\u00edses de forma tr\u00e1gica.<\/p>\n","protected":false},"author":1,"featured_media":120085,"comment_status":"open","ping_status":"open","sticky":false,"template":"","format":"standard","meta":{"footnotes":""},"categories":[43,131],"tags":[],"class_list":["post-131489","post","type-post","status-publish","format-standard","has-post-thumbnail","hentry","category-noticias-es","category-noticias-de-las-misiones"],"featured_image_src":"https:\/\/www.missoeshumanitarias.org\/wp-content\/uploads\/2021\/08\/missao_oriente_acupuntura.jpeg","author_info":{"display_name":"maducato_admin","author_link":"https:\/\/www.missoeshumanitarias.org\/es\/author\/maducato_admin\/"},"yoast_head":"<!-- This site is optimized with the Yoast SEO Premium plugin v22.5 (Yoast SEO v22.5) - https:\/\/yoast.com\/wordpress\/plugins\/seo\/ -->\n<title>Misioneros - Diario de la Misi\u00f3n Medio Oriente - 15\/02 - Fraternidade Miss\u00f5es Humanit\u00e1rias Internacionais<\/title>\n<meta name=\"robots\" content=\"index, follow, max-snippet:-1, max-image-preview:large, max-video-preview:-1\" \/>\n<link rel=\"canonical\" href=\"https:\/\/www.missoeshumanitarias.org\/es\/misioneros-diario-de-la-mision-medio-oriente-15-02\/\" \/>\n<meta property=\"og:locale\" content=\"es_ES\" \/>\n<meta property=\"og:type\" content=\"article\" \/>\n<meta property=\"og:title\" content=\"Misioneros - Diario de la Misi\u00f3n Medio Oriente - 15\/02\" \/>\n<meta property=\"og:description\" content=\"15\/02 Los Misioneros prestan asistencia terap\u00e9utica a refugiados de Ir\u00e1n, Irak y Sud\u00e1n, en la oficina de la ASAM, en la ciudad de Ankara. Mientras los padres son atendidos, parte del grupo trabaja con los ni\u00f1os. Los Misioneros escuchan historias de muchas familias que tuvieron que abandonar sus pa\u00edses de forma tr\u00e1gica.\" \/>\n<meta property=\"og:url\" content=\"https:\/\/www.missoeshumanitarias.org\/es\/misioneros-diario-de-la-mision-medio-oriente-15-02\/\" \/>\n<meta property=\"og:site_name\" content=\"Fraternidade Miss\u00f5es Humanit\u00e1rias Internacionais\" \/>\n<meta property=\"article:published_time\" content=\"2016-02-19T01:53:44+00:00\" \/>\n<meta property=\"og:image\" content=\"https:\/\/www.missoeshumanitarias.org\/wp-content\/uploads\/2021\/08\/missao_oriente_acupuntura.jpeg\" \/>\n\t<meta property=\"og:image:width\" content=\"700\" \/>\n\t<meta property=\"og:image:height\" content=\"394\" \/>\n\t<meta property=\"og:image:type\" content=\"image\/jpeg\" \/>\n<meta name=\"author\" content=\"maducato_admin\" \/>\n<meta name=\"twitter:card\" content=\"summary_large_image\" \/>\n<meta name=\"twitter:label1\" content=\"Escrito por\" \/>\n\t<meta name=\"twitter:data1\" content=\"maducato_admin\" \/>\n<script type=\"application\/ld+json\" class=\"yoast-schema-graph\">{\"@context\":\"https:\/\/schema.org\",\"@graph\":[{\"@type\":\"Article\",\"@id\":\"https:\/\/www.missoeshumanitarias.org\/es\/misioneros-diario-de-la-mision-medio-oriente-15-02\/#article\",\"isPartOf\":{\"@id\":\"https:\/\/www.missoeshumanitarias.org\/es\/misioneros-diario-de-la-mision-medio-oriente-15-02\/\"},\"author\":{\"name\":\"maducato_admin\",\"@id\":\"https:\/\/www.missoeshumanitarias.org\/es\/#\/schema\/person\/e0f8527323154d1eba9f9d9eb6b401f7\"},\"headline\":\"Misioneros &#8211; Diario de la Misi\u00f3n Medio Oriente &#8211; 15\/02\",\"datePublished\":\"2016-02-19T01:53:44+00:00\",\"dateModified\":\"2016-02-19T01:53:44+00:00\",\"mainEntityOfPage\":{\"@id\":\"https:\/\/www.missoeshumanitarias.org\/es\/misioneros-diario-de-la-mision-medio-oriente-15-02\/\"},\"wordCount\":67,\"commentCount\":0,\"publisher\":{\"@id\":\"https:\/\/www.missoeshumanitarias.org\/es\/#organization\"},\"image\":{\"@id\":\"https:\/\/www.missoeshumanitarias.org\/es\/misioneros-diario-de-la-mision-medio-oriente-15-02\/#primaryimage\"},\"thumbnailUrl\":\"https:\/\/www.missoeshumanitarias.org\/wp-content\/uploads\/2021\/08\/missao_oriente_acupuntura.jpeg\",\"articleSection\":[\"Noticias\",\"Noticias de las Misiones\"],\"inLanguage\":\"es\",\"potentialAction\":[{\"@type\":\"CommentAction\",\"name\":\"Comment\",\"target\":[\"https:\/\/www.missoeshumanitarias.org\/es\/misioneros-diario-de-la-mision-medio-oriente-15-02\/#respond\"]}]},{\"@type\":\"WebPage\",\"@id\":\"https:\/\/www.missoeshumanitarias.org\/es\/misioneros-diario-de-la-mision-medio-oriente-15-02\/\",\"url\":\"https:\/\/www.missoeshumanitarias.org\/es\/misioneros-diario-de-la-mision-medio-oriente-15-02\/\",\"name\":\"Misioneros - Diario de la Misi\u00f3n Medio Oriente - 15\/02 - Fraternidade Miss\u00f5es Humanit\u00e1rias Internacionais\",\"isPartOf\":{\"@id\":\"https:\/\/www.missoeshumanitarias.org\/es\/#website\"},\"primaryImageOfPage\":{\"@id\":\"https:\/\/www.missoeshumanitarias.org\/es\/misioneros-diario-de-la-mision-medio-oriente-15-02\/#primaryimage\"},\"image\":{\"@id\":\"https:\/\/www.missoeshumanitarias.org\/es\/misioneros-diario-de-la-mision-medio-oriente-15-02\/#primaryimage\"},\"thumbnailUrl\":\"https:\/\/www.missoeshumanitarias.org\/wp-content\/uploads\/2021\/08\/missao_oriente_acupuntura.jpeg\",\"datePublished\":\"2016-02-19T01:53:44+00:00\",\"dateModified\":\"2016-02-19T01:53:44+00:00\",\"breadcrumb\":{\"@id\":\"https:\/\/www.missoeshumanitarias.org\/es\/misioneros-diario-de-la-mision-medio-oriente-15-02\/#breadcrumb\"},\"inLanguage\":\"es\",\"potentialAction\":[{\"@type\":\"ReadAction\",\"target\":[\"https:\/\/www.missoeshumanitarias.org\/es\/misioneros-diario-de-la-mision-medio-oriente-15-02\/\"]}]},{\"@type\":\"ImageObject\",\"inLanguage\":\"es\",\"@id\":\"https:\/\/www.missoeshumanitarias.org\/es\/misioneros-diario-de-la-mision-medio-oriente-15-02\/#primaryimage\",\"url\":\"https:\/\/www.missoeshumanitarias.org\/wp-content\/uploads\/2021\/08\/missao_oriente_acupuntura.jpeg\",\"contentUrl\":\"https:\/\/www.missoeshumanitarias.org\/wp-content\/uploads\/2021\/08\/missao_oriente_acupuntura.jpeg\",\"width\":700,\"height\":394},{\"@type\":\"BreadcrumbList\",\"@id\":\"https:\/\/www.missoeshumanitarias.org\/es\/misioneros-diario-de-la-mision-medio-oriente-15-02\/#breadcrumb\",\"itemListElement\":[{\"@type\":\"ListItem\",\"position\":1,\"name\":\"Home\",\"item\":\"https:\/\/www.missoeshumanitarias.org\/en\/\"},{\"@type\":\"ListItem\",\"position\":2,\"name\":\"Misioneros &#8211; Diario de la Misi\u00f3n Medio Oriente &#8211; 15\/02\"}]},{\"@type\":\"WebSite\",\"@id\":\"https:\/\/www.missoeshumanitarias.org\/es\/#website\",\"url\":\"https:\/\/www.missoeshumanitarias.org\/es\/\",\"name\":\"Fraternidade Miss\u00f5es Humanit\u00e1rias Internacionais\",\"description\":\"Respostas Humanit\u00e1rias e Emerg\u00eancias\",\"publisher\":{\"@id\":\"https:\/\/www.missoeshumanitarias.org\/es\/#organization\"},\"potentialAction\":[{\"@type\":\"SearchAction\",\"target\":{\"@type\":\"EntryPoint\",\"urlTemplate\":\"https:\/\/www.missoeshumanitarias.org\/es\/?s={search_term_string}\"},\"query-input\":\"required name=search_term_string\"}],\"inLanguage\":\"es\"},{\"@type\":\"Organization\",\"@id\":\"https:\/\/www.missoeshumanitarias.org\/es\/#organization\",\"name\":\"Fraternidade - Miss\u00f5es Humanit\u00e1rias Internacionais\",\"url\":\"https:\/\/www.missoeshumanitarias.org\/es\/\",\"logo\":{\"@type\":\"ImageObject\",\"inLanguage\":\"es\",\"@id\":\"https:\/\/www.missoeshumanitarias.org\/es\/#\/schema\/logo\/image\/\",\"url\":\"https:\/\/www.missoeshumanitarias.org\/wp-content\/uploads\/2020\/05\/logo-FMHI-mg.png\",\"contentUrl\":\"https:\/\/www.missoeshumanitarias.org\/wp-content\/uploads\/2020\/05\/logo-FMHI-mg.png\",\"width\":520,\"height\":134,\"caption\":\"Fraternidade - Miss\u00f5es Humanit\u00e1rias Internacionais\"},\"image\":{\"@id\":\"https:\/\/www.missoeshumanitarias.org\/es\/#\/schema\/logo\/image\/\"}},{\"@type\":\"Person\",\"@id\":\"https:\/\/www.missoeshumanitarias.org\/es\/#\/schema\/person\/e0f8527323154d1eba9f9d9eb6b401f7\",\"name\":\"maducato_admin\",\"image\":{\"@type\":\"ImageObject\",\"inLanguage\":\"es\",\"@id\":\"https:\/\/www.missoeshumanitarias.org\/es\/#\/schema\/person\/image\/\",\"url\":\"https:\/\/secure.gravatar.com\/avatar\/6c3b45186a8f5a459d8e14c7fca370bceae92402bc06171d75e4e559b6c24393?s=96&d=mm&r=g\",\"contentUrl\":\"https:\/\/secure.gravatar.com\/avatar\/6c3b45186a8f5a459d8e14c7fca370bceae92402bc06171d75e4e559b6c24393?s=96&d=mm&r=g\",\"caption\":\"maducato_admin\"}}]}<\/script>\n<!-- \/ Yoast SEO Premium plugin. -->","yoast_head_json":{"title":"Misioneros - Diario de la Misi\u00f3n Medio Oriente - 15\/02 - Fraternidade Miss\u00f5es Humanit\u00e1rias Internacionais","robots":{"index":"index","follow":"follow","max-snippet":"max-snippet:-1","max-image-preview":"max-image-preview:large","max-video-preview":"max-video-preview:-1"},"canonical":"https:\/\/www.missoeshumanitarias.org\/es\/misioneros-diario-de-la-mision-medio-oriente-15-02\/","og_locale":"es_ES","og_type":"article","og_title":"Misioneros - Diario de la Misi\u00f3n Medio Oriente - 15\/02","og_description":"15\/02 Los Misioneros prestan asistencia terap\u00e9utica a refugiados de Ir\u00e1n, Irak y Sud\u00e1n, en la oficina de la ASAM, en la ciudad de Ankara. Mientras los padres son atendidos, parte del grupo trabaja con los ni\u00f1os. Los Misioneros escuchan historias de muchas familias que tuvieron que abandonar sus pa\u00edses de forma tr\u00e1gica.","og_url":"https:\/\/www.missoeshumanitarias.org\/es\/misioneros-diario-de-la-mision-medio-oriente-15-02\/","og_site_name":"Fraternidade Miss\u00f5es Humanit\u00e1rias Internacionais","article_published_time":"2016-02-19T01:53:44+00:00","og_image":[{"width":700,"height":394,"url":"https:\/\/www.missoeshumanitarias.org\/wp-content\/uploads\/2021\/08\/missao_oriente_acupuntura.jpeg","type":"image\/jpeg"}],"author":"maducato_admin","twitter_card":"summary_large_image","twitter_misc":{"Escrito por":"maducato_admin"},"schema":{"@context":"https:\/\/schema.org","@graph":[{"@type":"Article","@id":"https:\/\/www.missoeshumanitarias.org\/es\/misioneros-diario-de-la-mision-medio-oriente-15-02\/#article","isPartOf":{"@id":"https:\/\/www.missoeshumanitarias.org\/es\/misioneros-diario-de-la-mision-medio-oriente-15-02\/"},"author":{"name":"maducato_admin","@id":"https:\/\/www.missoeshumanitarias.org\/es\/#\/schema\/person\/e0f8527323154d1eba9f9d9eb6b401f7"},"headline":"Misioneros &#8211; Diario de la Misi\u00f3n Medio Oriente &#8211; 15\/02","datePublished":"2016-02-19T01:53:44+00:00","dateModified":"2016-02-19T01:53:44+00:00","mainEntityOfPage":{"@id":"https:\/\/www.missoeshumanitarias.org\/es\/misioneros-diario-de-la-mision-medio-oriente-15-02\/"},"wordCount":67,"commentCount":0,"publisher":{"@id":"https:\/\/www.missoeshumanitarias.org\/es\/#organization"},"image":{"@id":"https:\/\/www.missoeshumanitarias.org\/es\/misioneros-diario-de-la-mision-medio-oriente-15-02\/#primaryimage"},"thumbnailUrl":"https:\/\/www.missoeshumanitarias.org\/wp-content\/uploads\/2021\/08\/missao_oriente_acupuntura.jpeg","articleSection":["Noticias","Noticias de las Misiones"],"inLanguage":"es","potentialAction":[{"@type":"CommentAction","name":"Comment","target":["https:\/\/www.missoeshumanitarias.org\/es\/misioneros-diario-de-la-mision-medio-oriente-15-02\/#respond"]}]},{"@type":"WebPage","@id":"https:\/\/www.missoeshumanitarias.org\/es\/misioneros-diario-de-la-mision-medio-oriente-15-02\/","url":"https:\/\/www.missoeshumanitarias.org\/es\/misioneros-diario-de-la-mision-medio-oriente-15-02\/","name":"Misioneros - Diario de la Misi\u00f3n Medio Oriente - 15\/02 - Fraternidade Miss\u00f5es Humanit\u00e1rias Internacionais","isPartOf":{"@id":"https:\/\/www.missoeshumanitarias.org\/es\/#website"},"primaryImageOfPage":{"@id":"https:\/\/www.missoeshumanitarias.org\/es\/misioneros-diario-de-la-mision-medio-oriente-15-02\/#primaryimage"},"image":{"@id":"https:\/\/www.missoeshumanitarias.org\/es\/misioneros-diario-de-la-mision-medio-oriente-15-02\/#primaryimage"},"thumbnailUrl":"https:\/\/www.missoeshumanitarias.org\/wp-content\/uploads\/2021\/08\/missao_oriente_acupuntura.jpeg","datePublished":"2016-02-19T01:53:44+00:00","dateModified":"2016-02-19T01:53:44+00:00","breadcrumb":{"@id":"https:\/\/www.missoeshumanitarias.org\/es\/misioneros-diario-de-la-mision-medio-oriente-15-02\/#breadcrumb"},"inLanguage":"es","potentialAction":[{"@type":"ReadAction","target":["https:\/\/www.missoeshumanitarias.org\/es\/misioneros-diario-de-la-mision-medio-oriente-15-02\/"]}]},{"@type":"ImageObject","inLanguage":"es","@id":"https:\/\/www.missoeshumanitarias.org\/es\/misioneros-diario-de-la-mision-medio-oriente-15-02\/#primaryimage","url":"https:\/\/www.missoeshumanitarias.org\/wp-content\/uploads\/2021\/08\/missao_oriente_acupuntura.jpeg","contentUrl":"https:\/\/www.missoeshumanitarias.org\/wp-content\/uploads\/2021\/08\/missao_oriente_acupuntura.jpeg","width":700,"height":394},{"@type":"BreadcrumbList","@id":"https:\/\/www.missoeshumanitarias.org\/es\/misioneros-diario-de-la-mision-medio-oriente-15-02\/#breadcrumb","itemListElement":[{"@type":"ListItem","position":1,"name":"Home","item":"https:\/\/www.missoeshumanitarias.org\/en\/"},{"@type":"ListItem","position":2,"name":"Misioneros &#8211; Diario de la Misi\u00f3n Medio Oriente &#8211; 15\/02"}]},{"@type":"WebSite","@id":"https:\/\/www.missoeshumanitarias.org\/es\/#website","url":"https:\/\/www.missoeshumanitarias.org\/es\/","name":"Fraternidade Miss\u00f5es Humanit\u00e1rias Internacionais","description":"Respostas Humanit\u00e1rias e Emerg\u00eancias","publisher":{"@id":"https:\/\/www.missoeshumanitarias.org\/es\/#organization"},"potentialAction":[{"@type":"SearchAction","target":{"@type":"EntryPoint","urlTemplate":"https:\/\/www.missoeshumanitarias.org\/es\/?s={search_term_string}"},"query-input":"required name=search_term_string"}],"inLanguage":"es"},{"@type":"Organization","@id":"https:\/\/www.missoeshumanitarias.org\/es\/#organization","name":"Fraternidade - Miss\u00f5es Humanit\u00e1rias Internacionais","url":"https:\/\/www.missoeshumanitarias.org\/es\/","logo":{"@type":"ImageObject","inLanguage":"es","@id":"https:\/\/www.missoeshumanitarias.org\/es\/#\/schema\/logo\/image\/","url":"https:\/\/www.missoeshumanitarias.org\/wp-content\/uploads\/2020\/05\/logo-FMHI-mg.png","contentUrl":"https:\/\/www.missoeshumanitarias.org\/wp-content\/uploads\/2020\/05\/logo-FMHI-mg.png","width":520,"height":134,"caption":"Fraternidade - Miss\u00f5es Humanit\u00e1rias Internacionais"},"image":{"@id":"https:\/\/www.missoeshumanitarias.org\/es\/#\/schema\/logo\/image\/"}},{"@type":"Person","@id":"https:\/\/www.missoeshumanitarias.org\/es\/#\/schema\/person\/e0f8527323154d1eba9f9d9eb6b401f7","name":"maducato_admin","image":{"@type":"ImageObject","inLanguage":"es","@id":"https:\/\/www.missoeshumanitarias.org\/es\/#\/schema\/person\/image\/","url":"https:\/\/secure.gravatar.com\/avatar\/6c3b45186a8f5a459d8e14c7fca370bceae92402bc06171d75e4e559b6c24393?s=96&d=mm&r=g","contentUrl":"https:\/\/secure.gravatar.com\/avatar\/6c3b45186a8f5a459d8e14c7fca370bceae92402bc06171d75e4e559b6c24393?s=96&d=mm&r=g","caption":"maducato_admin"}}]}},"_links":{"self":[{"href":"https:\/\/www.missoeshumanitarias.org\/es\/wp-json\/wp\/v2\/posts\/131489","targetHints":{"allow":["GET"]}}],"collection":[{"href":"https:\/\/www.missoeshumanitarias.org\/es\/wp-json\/wp\/v2\/posts"}],"about":[{"href":"https:\/\/www.missoeshumanitarias.org\/es\/wp-json\/wp\/v2\/types\/post"}],"author":[{"embeddable":true,"href":"https:\/\/www.missoeshumanitarias.org\/es\/wp-json\/wp\/v2\/users\/1"}],"replies":[{"embeddable":true,"href":"https:\/\/www.missoeshumanitarias.org\/es\/wp-json\/wp\/v2\/comments?post=131489"}],"version-history":[{"count":0,"href":"https:\/\/www.missoeshumanitarias.org\/es\/wp-json\/wp\/v2\/posts\/131489\/revisions"}],"wp:featuredmedia":[{"embeddable":true,"href":"https:\/\/www.missoeshumanitarias.org\/es\/wp-json\/wp\/v2\/media\/120085"}],"wp:attachment":[{"href":"https:\/\/www.missoeshumanitarias.org\/es\/wp-json\/wp\/v2\/media?parent=131489"}],"wp:term":[{"taxonomy":"category","embeddable":true,"href":"https:\/\/www.missoeshumanitarias.org\/es\/wp-json\/wp\/v2\/categories?post=131489"},{"taxonomy":"post_tag","embeddable":true,"href":"https:\/\/www.missoeshumanitarias.org\/es\/wp-json\/wp\/v2\/tags?post=131489"}],"curies":[{"name":"wp","href":"https:\/\/api.w.org\/{rel}","templated":true}]}}